{"id":4247,"date":"2021-05-01T19:28:42","date_gmt":"2021-05-01T19:28:42","guid":{"rendered":"http:\/\/news.access4you.io\/?p=4247"},"modified":"2021-05-01T19:28:44","modified_gmt":"2021-05-01T19:28:44","slug":"feltetlen-szeretet-5-dolog-amiert-a-specialis-igenyu-gyermeket-nevelo-anyaknak-kulon-koszonet-jar","status":"publish","type":"post","link":"http:\/\/news.access4you.io\/en\/2021\/05\/01\/feltetlen-szeretet-5-dolog-amiert-a-specialis-igenyu-gyermeket-nevelo-anyaknak-kulon-koszonet-jar\/","title":{"rendered":"Felt\u00e9tlen szeretet: 5 dolog, ami\u00e9rt a speci\u00e1lis ig\u00e9ny\u0171 gyermeket nevel\u0151 any\u00e1knak k\u00fcl\u00f6n k\u00f6sz\u00f6net j\u00e1r"},"content":{"rendered":"<p><strong>Sz\u00fcl\u0151nek lenni fel\u00e9r egy \u00e9letfogytig tart\u00f3 hull\u00e1mvasutaz\u00e1ssal. \u00c9p \u00e9s s\u00e9r\u00fclt gyermek nevel\u00e9s\u00e9n\u00e9l egyar\u00e1nt tele van az \u00e9let kih\u00edv\u00e1sokkal, v\u00e9get nem \u00e9r\u0151 kisebb \u00e9s nagyobb aggodalmakkal. Any\u00e1k napja alkalm\u00e1b\u00f3l ebben a cikkben k\u00fcl\u00f6n figyelmet szeretn\u00e9nk szentelni a speci\u00e1lis ig\u00e9ny\u0171 gyermeket nevel\u0151 any\u00e1knak.<\/strong><\/p>\n\n\n\n<p>Egy fogyat\u00e9koss\u00e1ggal \u00e9l\u0151 ember &#8211; legyen gyermek vagy feln\u0151tt &#8211; \u00e9desanyja sz\u00e1m\u00e1ra mindig a szeretet lesz az els\u0151: rendetlens\u00e9gben, k\u00e1oszban, j\u00f3ban-rosszban, k\u00f3rh\u00e1zban, int\u00e9zetben, otthon, reggel, d\u00e9lben, este, az \u00e9jszaka k\u00f6zep\u00e9n, naps\u00fct\u00e9sben, es\u0151ben, mindig. A felt\u00e9tel n\u00e9lk\u00fcli szeretetr\u0151l tal\u00e1n azok az any\u00e1k tudnak a legt\u00f6bbet, akiknek speci\u00e1lis ig\u00e9ny\u0171 gyermek\u00fck van.<\/p>\n\n\n\n<p>Az ilyen szeretet azonban \u00f3ri\u00e1si kock\u00e1zattal, \u00e9s t\u00f6bb ir\u00e1nyb\u00f3l rengeteg stresszel is j\u00e1r. A stressz forr\u00e1sa lehet a mindennapi magatart\u00e1s v\u00e1ltoz\u00e1sok kezel\u00e9se, a napi logisztika, a folyamatos k\u00e9szenl\u00e9ti \u00e1llapot \u00e9s gondoz\u00e1s, kev\u00e9s pihen\u00e9s, \u00e9s m\u00e9g kevesebb \u00e9n-id\u0151. Hossz\u00fa t\u00e1von az \u00e9letmin\u0151s\u00e9ggel kapcsolatos k\u00e9rd\u00e9sek, az iskolai tervez\u00e9s \u00e9s az \u00e1tmeneti tervez\u00e9s miatti aggodalmak j\u00e1rnak folyamatosan egy anya fej\u00e9ben. Mindezek megterhel\u0151ek, mind testileg, mind lelkileg \u2013 \u00e9s ne felejts\u00fck el, sz\u00fcl\u0151nek lenni olyan hivat\u00e1s, amelyben nincs sz\u00fcnnap. &nbsp;<\/p>\n\n\n\n<p>Ezen az <strong>Any\u00e1k napj\u00e1n<\/strong> ez\u00e9rt \u00f6sszegy\u0171jt\u00f6tt\u00fcnk 5 olyan dolgot, amit miatt egy speci\u00e1lis ig\u00e9ny\u0171 gyermeket nevel\u0151 anya k\u00fcl\u00f6n k\u00f6sz\u00f6netet \u00e9s figyelmet \u00e9rdemel.<\/p>\n\n\n\n<p>1.<strong>Tanulm\u00e1nyok<\/strong><\/p>\n\n\n\n<p>A fogyat\u00e9koss\u00e1ggal \u00e9l\u0151 gyermeket nevel\u0151 any\u00e1k nagy es\u00e9llyel f\u00e9lbehagyj\u00e1k tanulm\u00e1nyaikat, vagy szakmai fejl\u0151d\u00e9s\u00fcket, hogy teljes m\u00e9rt\u00e9kben gyermek\u00fck mellett lehessenek.<\/p>\n\n\n\n<p>2. <strong>Munka<\/strong><\/p>\n\n\n\n<p>A gondoz\u00e1s ig\u00e9nyei miatt egy fogyat\u00e9koss\u00e1ggal \u00e9l\u0151 gyermeket nevel\u0151 \u00e9desanya nehezen \u00e9s ritk\u00e1n tal\u00e1l olyan munkahelyet, ahol figyelembe veszik gyermeke \u00e1llapot\u00e1t \u00e9s kell\u0151 rugalmass\u00e1ggal kezelik a munkaid\u0151 hat\u00e1rait.<\/p>\n\n\n\n<p>3. <strong>Anyagi gondok<\/strong><\/p>\n\n\n\n<p>Alacsonyabb j\u00f6vedelm\u00fck miatt a fogyat\u00e9koss\u00e1ggal \u00e9l\u0151 gyermekeket nevel\u0151 any\u00e1k nagyobb es\u00e9llyel sz\u00e1molnak be p\u00e9nz\u00fcgyi gondokr\u00f3l. A fogyat\u00e9koss\u00e1ggal \u00e9l\u0151 gyermeket nevel\u0151 csal\u00e1dok jelent\u0151s r\u00e9sze szeg\u00e9nys\u00e9gben \u00e9l.<\/p>\n\n\n\n<p>4. <strong>Eg\u00e9szs\u00e9g<\/strong> <strong>kock\u00e1ztat\u00e1sa<\/strong><\/p>\n\n\n\n<p>A mindennapi logisztikai kih\u00edv\u00e1sok, a r\u00f6vid \u00e9s hossz\u00fa t\u00e1v\u00fa stressz, a kev\u00e9s \u00e9n-id\u0151, \u00e9s a gyakran a szeg\u00e9nys\u00e9g mind n\u00f6velik az eg\u00e9szs\u00e9gk\u00e1rosod\u00e1s kock\u00e1zat\u00e1t. Gyakori az alult\u00e1pl\u00e1lts\u00e1g, mely cs\u00f6kkenti az immunrendszer v\u00e9dekez\u0151 k\u00e9pess\u00e9g\u00e9t, tov\u00e1bb\u00e1 cukorbetegs\u00e9g, sz\u00edv- \u00e9s \u00e9rrendszeri probl\u00e9m\u00e1k is vesz\u00e9lyt jelentenek.<\/p>\n\n\n\n<p>5. <strong>Depresszi\u00f3<\/strong> <strong>vesz\u00e9lye<\/strong><\/p>\n\n\n\n<p>A fogyat\u00e9koss\u00e1ggal \u00e9l\u0151 gyermeket nevel\u0151 any\u00e1k nagyobb val\u00f3sz\u00edn\u0171s\u00e9ggel \u00e9lnek meg k\u00f6zepes vagy s\u00falyos depresszi\u00f3t, mint az \u00e9p gyermeket nevel\u0151k. Val\u00f3sz\u00edn\u0171s\u00edthet\u0151, hogy a depresszi\u00f3 megjelen\u00e9s\u00e9t a k\u00f6rnyezeti stresszorok v\u00e1ltj\u00e1k ki.<\/p>\n\n\n\n<h3 class=\"wp-block-heading\">Mit tudunk tenni, hogy egy s\u00e9r\u00fclt gyermeket nevel\u0151 anya mindennapjai k\u00f6nnyebbek legyenek?<\/h3>\n\n\n\n<p>A fogyat\u00e9koss\u00e1ggal \u00e9l\u0151 gyermeket nevel\u0151 any\u00e1k gyakran szembes\u00fclnek m\u00e1sok \u00edt\u00e9lkez\u0151 tekinteteivel \u00e9s meg\u00e9rt\u00e9s hi\u00e1ny\u00e1val, pedig m\u00e1r az \u00f3ri\u00e1si seg\u00edts\u00e9g lenne sz\u00e1mukra, ha <strong>inkl\u00faz\u00edvabb \u00e9s befogad\u00f3bb k\u00f6rnyezetben \u00e9lhetn\u00e9nek<\/strong>. Fontos \u00e1t\u00e9rezni, hogy az anya, akivel tal\u00e1lkozunk, m\u00e1r ak\u00e1r tucatszor is hallotta az orvost\u00f3l, hogy nincs rem\u00e9ny, vagy m\u00e1r \u00e9ppen aznap k\u00e9tszer is szond\u00e1n kereszt\u00fcl t\u00e1pl\u00e1lta gyermek\u00e9t. <strong>M\u00e9gis, a legfontosabb azt l\u00e1tni, hogy ahogy minden any\u00e1nak, egy s\u00e9r\u00fclt gyermeket nevel\u0151 any\u00e1nak is a gyermeke a legszebb \u00e9s a legnagyobb kincs a vil\u00e1gon.<\/strong> \u00c9s ez az \u00e9rz\u00e9s tesz minden any\u00e1t egyenl\u0151v\u00e9.<\/p>\n\n\n\n<p><em>K\u00e9p forr\u00e1sa: Canva<\/em><\/p>","protected":false},"excerpt":{"rendered":"<p>Sz\u00fcl\u0151nek lenni fel\u00e9r egy \u00e9letfogytig tart\u00f3 hull\u00e1mvasutaz\u00e1ssal. \u00c9p \u00e9s s\u00e9r\u00fclt gyermek nevel\u00e9s\u00e9n\u00e9l egyar\u00e1nt tele van az \u00e9let kih\u00edv\u00e1sokkal, v\u00e9get nem \u00e9r\u0151 kisebb \u00e9s nagyobb aggodalmakkal. Any\u00e1k napja alkalm\u00e1b\u00f3l ebben a cikkben k\u00fcl\u00f6n figyelmet szeretn\u00e9nk szentelni a speci\u00e1lis ig\u00e9ny\u0171 gyermeket nevel\u0151 any\u00e1knak. Egy fogyat\u00e9koss\u00e1ggal \u00e9l\u0151 ember &#8211; legyen gyermek vagy feln\u0151tt &#8211; \u00e9desanyja sz\u00e1m\u00e1ra mindig a [&hellip;]<\/p>","protected":false},"author":1,"featured_media":4248,"comment_status":"closed","ping_status":"closed","sticky":false,"template":"","format":"standard","meta":{"footnotes":""},"categories":[74,10],"tags":[],"class_list":["post-4247","post","type-post","status-publish","format-standard","has-post-thumbnail","hentry","category-szivugyunk","category-blog"],"yoast_head":"<!-- This site is optimized with the Yoast SEO plugin v23.8 - https:\/\/yoast.com\/wordpress\/plugins\/seo\/ -->\n<title>Felt\u00e9tlen szeretet: 5 dolog, ami\u00e9rt a speci\u00e1lis ig\u00e9ny\u0171 gyermeket nevel\u0151 any\u00e1knak k\u00fcl\u00f6n k\u00f6sz\u00f6net j\u00e1r - Access4you H\u00edrek<\/title>\n<meta name=\"description\" content=\"Mi\u00e9rt \u00e9rdemelnek k\u00fcl\u00f6n k\u00f6sz\u00f6netet a speci\u00e1lis ig\u00e9ny\u0171 gyermeket nevel\u0151 any\u00e1k? Hogyan seg\u00edthet\u00fcnk nekik a mindennapokban?\" \/>\n<meta name=\"robots\" content=\"index, follow, max-snippet:-1, max-image-preview:large, max-video-preview:-1\" \/>\n<link rel=\"canonical\" href=\"https:\/\/news.access4you.io\/en\/2021\/05\/01\/feltetlen-szeretet-5-dolog-amiert-a-specialis-igenyu-gyermeket-nevelo-anyaknak-kulon-koszonet-jar\/\" \/>\n<meta property=\"og:locale\" content=\"en_US\" \/>\n<meta property=\"og:type\" content=\"article\" \/>\n<meta property=\"og:title\" content=\"Felt\u00e9tlen szeretet: 5 dolog, ami\u00e9rt a speci\u00e1lis ig\u00e9ny\u0171 gyermeket nevel\u0151 any\u00e1knak k\u00fcl\u00f6n k\u00f6sz\u00f6net j\u00e1r - Access4you H\u00edrek\" \/>\n<meta property=\"og:description\" content=\"Mi\u00e9rt \u00e9rdemelnek k\u00fcl\u00f6n k\u00f6sz\u00f6netet a speci\u00e1lis ig\u00e9ny\u0171 gyermeket nevel\u0151 any\u00e1k? Hogyan seg\u00edthet\u00fcnk nekik a mindennapokban?\" \/>\n<meta property=\"og:url\" content=\"https:\/\/news.access4you.io\/en\/2021\/05\/01\/feltetlen-szeretet-5-dolog-amiert-a-specialis-igenyu-gyermeket-nevelo-anyaknak-kulon-koszonet-jar\/\" \/>\n<meta property=\"og:site_name\" content=\"Access4you H\u00edrek\" \/>\n<meta property=\"article:published_time\" content=\"2021-05-01T19:28:42+00:00\" \/>\n<meta property=\"article:modified_time\" content=\"2021-05-01T19:28:44+00:00\" \/>\n<meta property=\"og:image\" content=\"https:\/\/news.access4you.io\/wp-content\/uploads\/2021\/05\/anyak-napja.png\" \/>\n\t<meta property=\"og:image:width\" content=\"1000\" \/>\n\t<meta property=\"og:image:height\" content=\"500\" \/>\n\t<meta property=\"og:image:type\" content=\"image\/png\" \/>\n<meta name=\"author\" content=\"access4you\" \/>\n<meta name=\"twitter:card\" content=\"summary_large_image\" \/>\n<meta name=\"twitter:label1\" content=\"Written by\" \/>\n\t<meta name=\"twitter:data1\" content=\"access4you\" \/>\n\t<meta name=\"twitter:label2\" content=\"Est. reading time\" \/>\n\t<meta name=\"twitter:data2\" content=\"3 minutes\" \/>\n<script type=\"application\/ld+json\" class=\"yoast-schema-graph\">{\"@context\":\"https:\/\/schema.org\",\"@graph\":[{\"@type\":\"Article\",\"@id\":\"https:\/\/news.access4you.io\/2021\/05\/01\/feltetlen-szeretet-5-dolog-amiert-a-specialis-igenyu-gyermeket-nevelo-anyaknak-kulon-koszonet-jar\/#article\",\"isPartOf\":{\"@id\":\"https:\/\/news.access4you.io\/2021\/05\/01\/feltetlen-szeretet-5-dolog-amiert-a-specialis-igenyu-gyermeket-nevelo-anyaknak-kulon-koszonet-jar\/\"},\"author\":{\"name\":\"access4you\",\"@id\":\"https:\/\/news.access4you.io\/#\/schema\/person\/cb4fff088aa5f5f43a6f4ce3a1e2e084\"},\"headline\":\"Felt\u00e9tlen szeretet: 5 dolog, ami\u00e9rt a speci\u00e1lis ig\u00e9ny\u0171 gyermeket nevel\u0151 any\u00e1knak k\u00fcl\u00f6n k\u00f6sz\u00f6net j\u00e1r\",\"datePublished\":\"2021-05-01T19:28:42+00:00\",\"dateModified\":\"2021-05-01T19:28:44+00:00\",\"mainEntityOfPage\":{\"@id\":\"https:\/\/news.access4you.io\/2021\/05\/01\/feltetlen-szeretet-5-dolog-amiert-a-specialis-igenyu-gyermeket-nevelo-anyaknak-kulon-koszonet-jar\/\"},\"wordCount\":696,\"publisher\":{\"@id\":\"https:\/\/news.access4you.io\/#organization\"},\"image\":{\"@id\":\"https:\/\/news.access4you.io\/2021\/05\/01\/feltetlen-szeretet-5-dolog-amiert-a-specialis-igenyu-gyermeket-nevelo-anyaknak-kulon-koszonet-jar\/#primaryimage\"},\"thumbnailUrl\":\"https:\/\/news.access4you.io\/wp-content\/uploads\/2021\/05\/anyak-napja.png\",\"articleSection\":[\"Sz\u00edv\u00fcgy\u00fcnk\",\"Blog\"],\"inLanguage\":\"en-US\"},{\"@type\":\"WebPage\",\"@id\":\"https:\/\/news.access4you.io\/2021\/05\/01\/feltetlen-szeretet-5-dolog-amiert-a-specialis-igenyu-gyermeket-nevelo-anyaknak-kulon-koszonet-jar\/\",\"url\":\"https:\/\/news.access4you.io\/2021\/05\/01\/feltetlen-szeretet-5-dolog-amiert-a-specialis-igenyu-gyermeket-nevelo-anyaknak-kulon-koszonet-jar\/\",\"name\":\"Felt\u00e9tlen szeretet: 5 dolog, ami\u00e9rt a speci\u00e1lis ig\u00e9ny\u0171 gyermeket nevel\u0151 any\u00e1knak k\u00fcl\u00f6n k\u00f6sz\u00f6net j\u00e1r - Access4you H\u00edrek\",\"isPartOf\":{\"@id\":\"https:\/\/news.access4you.io\/#website\"},\"primaryImageOfPage\":{\"@id\":\"https:\/\/news.access4you.io\/2021\/05\/01\/feltetlen-szeretet-5-dolog-amiert-a-specialis-igenyu-gyermeket-nevelo-anyaknak-kulon-koszonet-jar\/#primaryimage\"},\"image\":{\"@id\":\"https:\/\/news.access4you.io\/2021\/05\/01\/feltetlen-szeretet-5-dolog-amiert-a-specialis-igenyu-gyermeket-nevelo-anyaknak-kulon-koszonet-jar\/#primaryimage\"},\"thumbnailUrl\":\"https:\/\/news.access4you.io\/wp-content\/uploads\/2021\/05\/anyak-napja.png\",\"datePublished\":\"2021-05-01T19:28:42+00:00\",\"dateModified\":\"2021-05-01T19:28:44+00:00\",\"description\":\"Mi\u00e9rt \u00e9rdemelnek k\u00fcl\u00f6n k\u00f6sz\u00f6netet a speci\u00e1lis ig\u00e9ny\u0171 gyermeket nevel\u0151 any\u00e1k? Hogyan seg\u00edthet\u00fcnk nekik a mindennapokban?\",\"breadcrumb\":{\"@id\":\"https:\/\/news.access4you.io\/2021\/05\/01\/feltetlen-szeretet-5-dolog-amiert-a-specialis-igenyu-gyermeket-nevelo-anyaknak-kulon-koszonet-jar\/#breadcrumb\"},\"inLanguage\":\"en-US\",\"potentialAction\":[{\"@type\":\"ReadAction\",\"target\":[\"https:\/\/news.access4you.io\/2021\/05\/01\/feltetlen-szeretet-5-dolog-amiert-a-specialis-igenyu-gyermeket-nevelo-anyaknak-kulon-koszonet-jar\/\"]}]},{\"@type\":\"ImageObject\",\"inLanguage\":\"en-US\",\"@id\":\"https:\/\/news.access4you.io\/2021\/05\/01\/feltetlen-szeretet-5-dolog-amiert-a-specialis-igenyu-gyermeket-nevelo-anyaknak-kulon-koszonet-jar\/#primaryimage\",\"url\":\"https:\/\/news.access4you.io\/wp-content\/uploads\/2021\/05\/anyak-napja.png\",\"contentUrl\":\"https:\/\/news.access4you.io\/wp-content\/uploads\/2021\/05\/anyak-napja.png\",\"width\":1000,\"height\":500},{\"@type\":\"BreadcrumbList\",\"@id\":\"https:\/\/news.access4you.io\/2021\/05\/01\/feltetlen-szeretet-5-dolog-amiert-a-specialis-igenyu-gyermeket-nevelo-anyaknak-kulon-koszonet-jar\/#breadcrumb\",\"itemListElement\":[{\"@type\":\"ListItem\",\"position\":1,\"name\":\"Kezd\u0151lap\",\"item\":\"https:\/\/news.access4you.io\/\"},{\"@type\":\"ListItem\",\"position\":2,\"name\":\"Felt\u00e9tlen szeretet: 5 dolog, ami\u00e9rt a speci\u00e1lis ig\u00e9ny\u0171 gyermeket nevel\u0151 any\u00e1knak k\u00fcl\u00f6n k\u00f6sz\u00f6net j\u00e1r\"}]},{\"@type\":\"WebSite\",\"@id\":\"https:\/\/news.access4you.io\/#website\",\"url\":\"https:\/\/news.access4you.io\/\",\"name\":\"Access4you H\u00edrek\",\"description\":\"\",\"publisher\":{\"@id\":\"https:\/\/news.access4you.io\/#organization\"},\"potentialAction\":[{\"@type\":\"SearchAction\",\"target\":{\"@type\":\"EntryPoint\",\"urlTemplate\":\"https:\/\/news.access4you.io\/?s={search_term_string}\"},\"query-input\":{\"@type\":\"PropertyValueSpecification\",\"valueRequired\":true,\"valueName\":\"search_term_string\"}}],\"inLanguage\":\"en-US\"},{\"@type\":\"Organization\",\"@id\":\"https:\/\/news.access4you.io\/#organization\",\"name\":\"Access4you H\u00edrek\",\"url\":\"https:\/\/news.access4you.io\/\",\"logo\":{\"@type\":\"ImageObject\",\"inLanguage\":\"en-US\",\"@id\":\"https:\/\/news.access4you.io\/#\/schema\/logo\/image\/\",\"url\":\"https:\/\/news.access4you.io\/wp-content\/uploads\/2021\/01\/a4u-logo-black.png\",\"contentUrl\":\"https:\/\/news.access4you.io\/wp-content\/uploads\/2021\/01\/a4u-logo-black.png\",\"width\":726,\"height\":454,\"caption\":\"Access4you H\u00edrek\"},\"image\":{\"@id\":\"https:\/\/news.access4you.io\/#\/schema\/logo\/image\/\"}},{\"@type\":\"Person\",\"@id\":\"https:\/\/news.access4you.io\/#\/schema\/person\/cb4fff088aa5f5f43a6f4ce3a1e2e084\",\"name\":\"access4you\",\"image\":{\"@type\":\"ImageObject\",\"inLanguage\":\"en-US\",\"@id\":\"https:\/\/news.access4you.io\/#\/schema\/person\/image\/\",\"url\":\"https:\/\/secure.gravatar.com\/avatar\/9795a8b3afc7ed258d167a92dbb1075b37bab5bc83b1ac9182ff4f58c22040b8?s=96&d=mm&r=g\",\"contentUrl\":\"https:\/\/secure.gravatar.com\/avatar\/9795a8b3afc7ed258d167a92dbb1075b37bab5bc83b1ac9182ff4f58c22040b8?s=96&d=mm&r=g\",\"caption\":\"access4you\"},\"sameAs\":[\"http:\/\/localhost\/access4you\"],\"url\":\"http:\/\/news.access4you.io\/en\/author\/access4you\/\"}]}<\/script>\n<!-- \/ Yoast SEO plugin. -->","yoast_head_json":{"title":"Felt\u00e9tlen szeretet: 5 dolog, ami\u00e9rt a speci\u00e1lis ig\u00e9ny\u0171 gyermeket nevel\u0151 any\u00e1knak k\u00fcl\u00f6n k\u00f6sz\u00f6net j\u00e1r - Access4you H\u00edrek","description":"Mi\u00e9rt \u00e9rdemelnek k\u00fcl\u00f6n k\u00f6sz\u00f6netet a speci\u00e1lis ig\u00e9ny\u0171 gyermeket nevel\u0151 any\u00e1k? Hogyan seg\u00edthet\u00fcnk nekik a mindennapokban?","robots":{"index":"index","follow":"follow","max-snippet":"max-snippet:-1","max-image-preview":"max-image-preview:large","max-video-preview":"max-video-preview:-1"},"canonical":"https:\/\/news.access4you.io\/en\/2021\/05\/01\/feltetlen-szeretet-5-dolog-amiert-a-specialis-igenyu-gyermeket-nevelo-anyaknak-kulon-koszonet-jar\/","og_locale":"en_US","og_type":"article","og_title":"Felt\u00e9tlen szeretet: 5 dolog, ami\u00e9rt a speci\u00e1lis ig\u00e9ny\u0171 gyermeket nevel\u0151 any\u00e1knak k\u00fcl\u00f6n k\u00f6sz\u00f6net j\u00e1r - Access4you H\u00edrek","og_description":"Mi\u00e9rt \u00e9rdemelnek k\u00fcl\u00f6n k\u00f6sz\u00f6netet a speci\u00e1lis ig\u00e9ny\u0171 gyermeket nevel\u0151 any\u00e1k? Hogyan seg\u00edthet\u00fcnk nekik a mindennapokban?","og_url":"https:\/\/news.access4you.io\/en\/2021\/05\/01\/feltetlen-szeretet-5-dolog-amiert-a-specialis-igenyu-gyermeket-nevelo-anyaknak-kulon-koszonet-jar\/","og_site_name":"Access4you H\u00edrek","article_published_time":"2021-05-01T19:28:42+00:00","article_modified_time":"2021-05-01T19:28:44+00:00","og_image":[{"width":1000,"height":500,"url":"https:\/\/news.access4you.io\/wp-content\/uploads\/2021\/05\/anyak-napja.png","type":"image\/png"}],"author":"access4you","twitter_card":"summary_large_image","twitter_misc":{"Written by":"access4you","Est. reading time":"3 minutes"},"schema":{"@context":"https:\/\/schema.org","@graph":[{"@type":"Article","@id":"https:\/\/news.access4you.io\/2021\/05\/01\/feltetlen-szeretet-5-dolog-amiert-a-specialis-igenyu-gyermeket-nevelo-anyaknak-kulon-koszonet-jar\/#article","isPartOf":{"@id":"https:\/\/news.access4you.io\/2021\/05\/01\/feltetlen-szeretet-5-dolog-amiert-a-specialis-igenyu-gyermeket-nevelo-anyaknak-kulon-koszonet-jar\/"},"author":{"name":"access4you","@id":"https:\/\/news.access4you.io\/#\/schema\/person\/cb4fff088aa5f5f43a6f4ce3a1e2e084"},"headline":"Felt\u00e9tlen szeretet: 5 dolog, ami\u00e9rt a speci\u00e1lis ig\u00e9ny\u0171 gyermeket nevel\u0151 any\u00e1knak k\u00fcl\u00f6n k\u00f6sz\u00f6net j\u00e1r","datePublished":"2021-05-01T19:28:42+00:00","dateModified":"2021-05-01T19:28:44+00:00","mainEntityOfPage":{"@id":"https:\/\/news.access4you.io\/2021\/05\/01\/feltetlen-szeretet-5-dolog-amiert-a-specialis-igenyu-gyermeket-nevelo-anyaknak-kulon-koszonet-jar\/"},"wordCount":696,"publisher":{"@id":"https:\/\/news.access4you.io\/#organization"},"image":{"@id":"https:\/\/news.access4you.io\/2021\/05\/01\/feltetlen-szeretet-5-dolog-amiert-a-specialis-igenyu-gyermeket-nevelo-anyaknak-kulon-koszonet-jar\/#primaryimage"},"thumbnailUrl":"https:\/\/news.access4you.io\/wp-content\/uploads\/2021\/05\/anyak-napja.png","articleSection":["Sz\u00edv\u00fcgy\u00fcnk","Blog"],"inLanguage":"en-US"},{"@type":"WebPage","@id":"https:\/\/news.access4you.io\/2021\/05\/01\/feltetlen-szeretet-5-dolog-amiert-a-specialis-igenyu-gyermeket-nevelo-anyaknak-kulon-koszonet-jar\/","url":"https:\/\/news.access4you.io\/2021\/05\/01\/feltetlen-szeretet-5-dolog-amiert-a-specialis-igenyu-gyermeket-nevelo-anyaknak-kulon-koszonet-jar\/","name":"Felt\u00e9tlen szeretet: 5 dolog, ami\u00e9rt a speci\u00e1lis ig\u00e9ny\u0171 gyermeket nevel\u0151 any\u00e1knak k\u00fcl\u00f6n k\u00f6sz\u00f6net j\u00e1r - Access4you H\u00edrek","isPartOf":{"@id":"https:\/\/news.access4you.io\/#website"},"primaryImageOfPage":{"@id":"https:\/\/news.access4you.io\/2021\/05\/01\/feltetlen-szeretet-5-dolog-amiert-a-specialis-igenyu-gyermeket-nevelo-anyaknak-kulon-koszonet-jar\/#primaryimage"},"image":{"@id":"https:\/\/news.access4you.io\/2021\/05\/01\/feltetlen-szeretet-5-dolog-amiert-a-specialis-igenyu-gyermeket-nevelo-anyaknak-kulon-koszonet-jar\/#primaryimage"},"thumbnailUrl":"https:\/\/news.access4you.io\/wp-content\/uploads\/2021\/05\/anyak-napja.png","datePublished":"2021-05-01T19:28:42+00:00","dateModified":"2021-05-01T19:28:44+00:00","description":"Mi\u00e9rt \u00e9rdemelnek k\u00fcl\u00f6n k\u00f6sz\u00f6netet a speci\u00e1lis ig\u00e9ny\u0171 gyermeket nevel\u0151 any\u00e1k? Hogyan seg\u00edthet\u00fcnk nekik a mindennapokban?","breadcrumb":{"@id":"https:\/\/news.access4you.io\/2021\/05\/01\/feltetlen-szeretet-5-dolog-amiert-a-specialis-igenyu-gyermeket-nevelo-anyaknak-kulon-koszonet-jar\/#breadcrumb"},"inLanguage":"en-US","potentialAction":[{"@type":"ReadAction","target":["https:\/\/news.access4you.io\/2021\/05\/01\/feltetlen-szeretet-5-dolog-amiert-a-specialis-igenyu-gyermeket-nevelo-anyaknak-kulon-koszonet-jar\/"]}]},{"@type":"ImageObject","inLanguage":"en-US","@id":"https:\/\/news.access4you.io\/2021\/05\/01\/feltetlen-szeretet-5-dolog-amiert-a-specialis-igenyu-gyermeket-nevelo-anyaknak-kulon-koszonet-jar\/#primaryimage","url":"https:\/\/news.access4you.io\/wp-content\/uploads\/2021\/05\/anyak-napja.png","contentUrl":"https:\/\/news.access4you.io\/wp-content\/uploads\/2021\/05\/anyak-napja.png","width":1000,"height":500},{"@type":"BreadcrumbList","@id":"https:\/\/news.access4you.io\/2021\/05\/01\/feltetlen-szeretet-5-dolog-amiert-a-specialis-igenyu-gyermeket-nevelo-anyaknak-kulon-koszonet-jar\/#breadcrumb","itemListElement":[{"@type":"ListItem","position":1,"name":"Kezd\u0151lap","item":"https:\/\/news.access4you.io\/"},{"@type":"ListItem","position":2,"name":"Felt\u00e9tlen szeretet: 5 dolog, ami\u00e9rt a speci\u00e1lis ig\u00e9ny\u0171 gyermeket nevel\u0151 any\u00e1knak k\u00fcl\u00f6n k\u00f6sz\u00f6net j\u00e1r"}]},{"@type":"WebSite","@id":"https:\/\/news.access4you.io\/#website","url":"https:\/\/news.access4you.io\/","name":"Access4you H\u00edrek","description":"","publisher":{"@id":"https:\/\/news.access4you.io\/#organization"},"potentialAction":[{"@type":"SearchAction","target":{"@type":"EntryPoint","urlTemplate":"https:\/\/news.access4you.io\/?s={search_term_string}"},"query-input":{"@type":"PropertyValueSpecification","valueRequired":true,"valueName":"search_term_string"}}],"inLanguage":"en-US"},{"@type":"Organization","@id":"https:\/\/news.access4you.io\/#organization","name":"Access4you H\u00edrek","url":"https:\/\/news.access4you.io\/","logo":{"@type":"ImageObject","inLanguage":"en-US","@id":"https:\/\/news.access4you.io\/#\/schema\/logo\/image\/","url":"https:\/\/news.access4you.io\/wp-content\/uploads\/2021\/01\/a4u-logo-black.png","contentUrl":"https:\/\/news.access4you.io\/wp-content\/uploads\/2021\/01\/a4u-logo-black.png","width":726,"height":454,"caption":"Access4you H\u00edrek"},"image":{"@id":"https:\/\/news.access4you.io\/#\/schema\/logo\/image\/"}},{"@type":"Person","@id":"https:\/\/news.access4you.io\/#\/schema\/person\/cb4fff088aa5f5f43a6f4ce3a1e2e084","name":"access4you","image":{"@type":"ImageObject","inLanguage":"en-US","@id":"https:\/\/news.access4you.io\/#\/schema\/person\/image\/","url":"https:\/\/secure.gravatar.com\/avatar\/9795a8b3afc7ed258d167a92dbb1075b37bab5bc83b1ac9182ff4f58c22040b8?s=96&d=mm&r=g","contentUrl":"https:\/\/secure.gravatar.com\/avatar\/9795a8b3afc7ed258d167a92dbb1075b37bab5bc83b1ac9182ff4f58c22040b8?s=96&d=mm&r=g","caption":"access4you"},"sameAs":["http:\/\/localhost\/access4you"],"url":"http:\/\/news.access4you.io\/en\/author\/access4you\/"}]}},"_links":{"self":[{"href":"http:\/\/news.access4you.io\/en\/wp-json\/wp\/v2\/posts\/4247","targetHints":{"allow":["GET"]}}],"collection":[{"href":"http:\/\/news.access4you.io\/en\/wp-json\/wp\/v2\/posts"}],"about":[{"href":"http:\/\/news.access4you.io\/en\/wp-json\/wp\/v2\/types\/post"}],"author":[{"embeddable":true,"href":"http:\/\/news.access4you.io\/en\/wp-json\/wp\/v2\/users\/1"}],"replies":[{"embeddable":true,"href":"http:\/\/news.access4you.io\/en\/wp-json\/wp\/v2\/comments?post=4247"}],"version-history":[{"count":0,"href":"http:\/\/news.access4you.io\/en\/wp-json\/wp\/v2\/posts\/4247\/revisions"}],"wp:featuredmedia":[{"embeddable":true,"href":"http:\/\/news.access4you.io\/en\/wp-json\/wp\/v2\/media\/4248"}],"wp:attachment":[{"href":"http:\/\/news.access4you.io\/en\/wp-json\/wp\/v2\/media?parent=4247"}],"wp:term":[{"taxonomy":"category","embeddable":true,"href":"http:\/\/news.access4you.io\/en\/wp-json\/wp\/v2\/categories?post=4247"},{"taxonomy":"post_tag","embeddable":true,"href":"http:\/\/news.access4you.io\/en\/wp-json\/wp\/v2\/tags?post=4247"}],"curies":[{"name":"wp","href":"https:\/\/api.w.org\/{rel}","templated":true}]}}