{"id":4253,"date":"2021-05-05T08:44:38","date_gmt":"2021-05-05T08:44:38","guid":{"rendered":"http:\/\/news.access4you.io\/?p=4253"},"modified":"2021-05-12T09:42:23","modified_gmt":"2021-05-12T09:42:23","slug":"a-diverzitas-a-te-ugyed-is-workshop-az-inkluziv-munkahelyekert","status":"publish","type":"post","link":"http:\/\/news.access4you.io\/en\/2021\/05\/05\/a-diverzitas-a-te-ugyed-is-workshop-az-inkluziv-munkahelyekert\/","title":{"rendered":"A diverzit\u00e1s a Te \u00fcgyed is! &#8211; Workshop az inkluz\u00edv munkahelyek\u00e9rt"},"content":{"rendered":"<h3 class=\"wp-block-heading\">Id\u0151pont: 2021. m\u00e1jus 27. cs\u00fct\u00f6rt\u00f6k 9.00-13.00<\/h3>\n\n\n\n<p><\/p>\n\n\n\n<p>Tudtad, hogy a megv\u00e1ltozott munkak\u00e9pess\u00e9g\u0171 szem\u00e9lyek foglalkoztat\u00e1s\u00e1val<\/p>\n\n\n\n<ul class=\"wp-block-list\"><li>er\u0151s\u00f6dik a szervezeten bel\u00fcli probl\u00e9mamegold\u00f3 potenci\u00e1l?<\/li><li>javul \u00e9s elfogad\u00f3bb\u00e1 v\u00e1lik a munkahelyi l\u00e9gk\u00f6r?<\/li><li>sz\u00e1mos olyan innovat\u00edv megold\u00e1s ker\u00fclhet bevezet\u00e9sre, amelyek nem csak a termel\u00e9kenys\u00e9g n\u00f6veked\u00e9s\u00e9hez j\u00e1rulnak hozz\u00e1, de v\u00e1llalatunkat versenyel\u0151nyh\u00f6z is juttathatj\u00e1k?<\/li><\/ul>\n\n\n\n<p>K\u00f6z\u00f6s \u00e9rdek\u00fcnk teh\u00e1t a t\u00e1rsadalmi \u00e9s munkahelyi befogad\u00e1s megteremt\u00e9se. A sztereot\u00edpi\u00e1k \u00e9s rossz beidegz\u0151d\u00e9sek folyamatos keresztt\u0171z\u00e9sben ugyan nincsen k\u00f6nny\u0171 dolgunk, de a v\u00e1ltoztat\u00e1s nem lehetetlen, \u00e9s mik\u00e9nt sz\u00e1mos nagyszer\u0171 p\u00e9lda mutatja is, a szeml\u00e9letv\u00e1lt\u00e1s, valamint az inkluz\u00edv v\u00e1llalati kult\u00fara megalapoz\u00e1sa \u00e9s fenntart\u00e1sa egy mindegyik f\u00e9l sz\u00e1m\u00e1ra megt\u00e9r\u00fcl\u0151 befektet\u00e9st jelenthet.<\/p>\n\n\n\n<p>Jelentkezni az al\u00e1bbi linken el\u00e9rhet\u0151 regisztr\u00e1ci\u00f3s \u0171rlap kit\u00f6lt\u00e9s\u00e9vel tudsz, a k\u00e9rt adatok megad\u00e1s\u00e1val: <a rel=\"noreferrer noopener\" href=\"https:\/\/docs.google.com\/forms\/d\/1Jn6_jgdlaLffQ6y5YA091fVe7jVgS_6kNVtgPYj0HI8\/viewform?edit_requested=true\" target=\"_blank\">A diverzit\u00e1s a Te \u00fcgyed is! &#8211; Jelentkez\u00e9s<\/a><\/p>\n\n\n\n<p><strong>Programterv:<\/strong><\/p>\n\n\n\n<p>09.00-09.10: Gy\u00fclekez\u00e9s az online t\u00e9rben<\/p>\n\n\n\n<p>09.10-09.15: Nyit\u00f3 gondolatok (Harangi Rita, V\u00e9g Katalin, Berecz Bal\u00e1zs)<\/p>\n\n\n\n<p>09.15-09.40: Dolgozni megv\u00e1ltozott munkak\u00e9pess\u00e9ggel? Er\u0151s \u00f6szt\u00f6nz\u0151k, vegyes tapasztalatok (Krek\u00f3 Judit &#8211; <em>Budapest Int\u00e9zet<\/em>)<\/p>\n\n\n\n<p>09.40-10.00: Hogyan tudj\u00e1k a c\u00e9gek seg\u00edteni egym\u00e1st a D&amp;I t\u00e9m\u00e1kban? A MEF m\u0171k\u00f6d\u00e9s\u00e9nek bemutat\u00e1sa (Harangi Rita &#8211; <em>Munk\u00e1ltat\u00f3k Es\u00e9lyegyenl\u0151s\u00e9gi F\u00f3ruma<\/em>)<\/p>\n\n\n\n<p>&#8212;&#8211;<\/p>\n\n\n\n<p>10.00-10.10: Sz\u00fcnet<\/p>\n\n\n\n<p>&#8212;&#8211;<\/p>\n\n\n\n<p>10.10-10.40: Megv\u00e1ltozott munkak\u00e9pess\u00e9g\u0171 munkav\u00e1llal\u00f3k foglalkoztat\u00e1sa az EATON-n\u00e1l (Bal\u00e1zs Krisztina, Szab\u00f3 Anita &#8211; <em>Eaton Industries Kft.<\/em>)<\/p>\n\n\n\n<p>10.40-10.55: A Salva Vita Alap\u00edtv\u00e1ny bemutatkoz\u00e1sa (V\u00e9g Katalin \u2013 <em>Salva Vita Alap\u00edtv\u00e1ny<\/em>)<\/p>\n\n\n\n<p>10.55-11.35: Rend a lelke mindennek! Autizmussal \u00e9l\u0151 munkat\u00e1rs foglalkoztat\u00e1sa a HAVI Logistics Kft.-n\u00e9l (Andr\u00e1si Bernadett, M\u00fcller B\u00e1lint \u2013 <em>HAVI Logistics Kft<\/em>.)<\/p>\n\n\n\n<p>&#8212;&#8211;<\/p>\n\n\n\n<p>11.35-11.45: Sz\u00fcnet<\/p>\n\n\n\n<p>&#8212;&#8211;<\/p>\n\n\n\n<p>11.45-12.15: Access4you \u00e9s Egy sima egy ford\u00edtott &#8211; inform\u00e1ci\u00f3val az inkl\u00fazi\u00f3\u00e9rt (T\u00f6r\u00f6k Fl\u00f3ra \u2013 <em>Egy sima egy ford\u00edtott \u2013 Egyes\u00fclet az Inkl\u00fazi\u00f3\u00e9rt<\/em>, Berecz Bal\u00e1zs \u2013 <em>Access4you International Kft. <\/em>)<\/p>\n\n\n\n<p>12.15-12.35: Fogyat\u00e9koss\u00e1g-bar\u00e1t munkahely kialak\u00edt\u00e1sa a bp-n\u00e9l (Paksi Gabriella &#8211; <em>BP BSC Kft.<\/em>)<\/p>\n\n\n\n<p>12.35-12.55: \u00c9n &#8211; HR: 1:0 &#8211; Hogyan nyerd meg a HR-t kerekessz\u00e9kkel? (Bovier Gy\u00f6rgy) <\/p>\n\n\n\n<p>12.55: Z\u00e1r\u00f3 gondolatok<\/p>\n\n\n\n<p>&#8212;&#8211;<\/p>\n\n\n\n<p>A workshopon val\u00f3 r\u00e9szv\u00e9tel ingyenes, azonban regisztr\u00e1ci\u00f3hoz k\u00f6t\u00f6tt.<\/p>\n\n\n\n<p>Jelentkezni az al\u00e1bbi linken el\u00e9rhet\u0151 regisztr\u00e1ci\u00f3s \u0171rlap kit\u00f6lt\u00e9s\u00e9vel tudsz, a k\u00e9rt adatok megad\u00e1s\u00e1val: <a href=\"https:\/\/docs.google.com\/forms\/d\/1Jn6_jgdlaLffQ6y5YA091fVe7jVgS_6kNVtgPYj0HI8\/viewform?edit_requested=true\" target=\"_blank\" rel=\"noreferrer noopener\">A diverzit\u00e1s a Te \u00fcgyed is! &#8211; Jelentkez\u00e9s<\/a><\/p>\n\n\n\n<p><strong>Jelentkez\u00e9si hat\u00e1rid\u0151: 2021. m\u00e1jus 26. 12.00<\/strong><\/p>\n\n\n\n<p><a href=\"https:\/\/www.facebook.com\/events\/455027452460013\" target=\"_blank\" rel=\"noreferrer noopener\">Link a Facebook esem\u00e9nyhez<\/a><\/p>\n\n\n\n<p>A workshopot online tartjuk meg, a technikai r\u00e9szletekr\u0151l regisztr\u00e1lt jelentkez\u0151inket e-mailben t\u00e1j\u00e9koztatjuk.<\/p>\n\n\n\n<p><em>(A programv\u00e1ltoztat\u00e1s jog\u00e1t fenntartjuk, err\u0151l jelentkez\u0151inket el\u0151zetesen \u00edr\u00e1sban \u00e9rtes\u00edtj\u00fck.)<\/em><\/p>","protected":false},"excerpt":{"rendered":"<p>Id\u0151pont: 2021. m\u00e1jus 27. cs\u00fct\u00f6rt\u00f6k 9.00-13.00 Tudtad, hogy a megv\u00e1ltozott munkak\u00e9pess\u00e9g\u0171 szem\u00e9lyek foglalkoztat\u00e1s\u00e1val er\u0151s\u00f6dik a szervezeten bel\u00fcli probl\u00e9mamegold\u00f3 potenci\u00e1l? javul \u00e9s elfogad\u00f3bb\u00e1 v\u00e1lik a munkahelyi l\u00e9gk\u00f6r? sz\u00e1mos olyan innovat\u00edv megold\u00e1s ker\u00fclhet bevezet\u00e9sre, amelyek nem csak a termel\u00e9kenys\u00e9g n\u00f6veked\u00e9s\u00e9hez j\u00e1rulnak hozz\u00e1, de v\u00e1llalatunkat versenyel\u0151nyh\u00f6z is juttathatj\u00e1k? K\u00f6z\u00f6s \u00e9rdek\u00fcnk teh\u00e1t a t\u00e1rsadalmi \u00e9s munkahelyi befogad\u00e1s megteremt\u00e9se. A [&hellip;]<\/p>","protected":false},"author":1,"featured_media":4267,"comment_status":"closed","ping_status":"closed","sticky":false,"template":"","format":"standard","meta":{"footnotes":""},"categories":[74,10,76],"tags":[],"class_list":["post-4253","post","type-post","status-publish","format-standard","has-post-thumbnail","hentry","category-szivugyunk","category-blog","category-kozlemeny"],"yoast_head":"<!-- This site is optimized with the Yoast SEO plugin v23.8 - https:\/\/yoast.com\/wordpress\/plugins\/seo\/ -->\n<title>A diverzit\u00e1s a Te \u00fcgyed is! - Workshop az inkluz\u00edv munkahelyek\u00e9rt - Access4you H\u00edrek<\/title>\n<meta name=\"description\" content=\"Szeretn\u00e9d megtudni, hogy milyen is egy inkl\u00faz\u00edv munkahely \u00e9s milyen l\u00e9p\u00e9seken kereszt\u00fcl vezet el ide az \u00fat? Gyere el online workshopunkra!\" \/>\n<meta name=\"robots\" content=\"index, follow, max-snippet:-1, max-image-preview:large, max-video-preview:-1\" \/>\n<link rel=\"canonical\" href=\"https:\/\/news.access4you.io\/en\/2021\/05\/05\/a-diverzitas-a-te-ugyed-is-workshop-az-inkluziv-munkahelyekert\/\" \/>\n<meta property=\"og:locale\" content=\"en_US\" \/>\n<meta property=\"og:type\" content=\"article\" \/>\n<meta property=\"og:title\" content=\"A diverzit\u00e1s a Te \u00fcgyed is! - Workshop az inkluz\u00edv munkahelyek\u00e9rt - Access4you H\u00edrek\" \/>\n<meta property=\"og:description\" content=\"Szeretn\u00e9d megtudni, hogy milyen is egy inkl\u00faz\u00edv munkahely \u00e9s milyen l\u00e9p\u00e9seken kereszt\u00fcl vezet el ide az \u00fat? Gyere el online workshopunkra!\" \/>\n<meta property=\"og:url\" content=\"https:\/\/news.access4you.io\/en\/2021\/05\/05\/a-diverzitas-a-te-ugyed-is-workshop-az-inkluziv-munkahelyekert\/\" \/>\n<meta property=\"og:site_name\" content=\"Access4you H\u00edrek\" \/>\n<meta property=\"article:published_time\" content=\"2021-05-05T08:44:38+00:00\" \/>\n<meta property=\"article:modified_time\" content=\"2021-05-12T09:42:23+00:00\" \/>\n<meta property=\"og:image\" content=\"https:\/\/news.access4you.io\/wp-content\/uploads\/2021\/05\/MEF-Facebook-Event-cover-2.png\" \/>\n\t<meta property=\"og:image:width\" content=\"1920\" \/>\n\t<meta property=\"og:image:height\" content=\"1080\" \/>\n\t<meta property=\"og:image:type\" content=\"image\/png\" \/>\n<meta name=\"author\" content=\"access4you\" \/>\n<meta name=\"twitter:card\" content=\"summary_large_image\" \/>\n<meta name=\"twitter:label1\" content=\"Written by\" \/>\n\t<meta name=\"twitter:data1\" content=\"access4you\" \/>\n\t<meta name=\"twitter:label2\" content=\"Est. reading time\" \/>\n\t<meta name=\"twitter:data2\" content=\"3 minutes\" \/>\n<script type=\"application\/ld+json\" class=\"yoast-schema-graph\">{\"@context\":\"https:\/\/schema.org\",\"@graph\":[{\"@type\":\"Article\",\"@id\":\"https:\/\/news.access4you.io\/2021\/05\/05\/a-diverzitas-a-te-ugyed-is-workshop-az-inkluziv-munkahelyekert\/#article\",\"isPartOf\":{\"@id\":\"https:\/\/news.access4you.io\/2021\/05\/05\/a-diverzitas-a-te-ugyed-is-workshop-az-inkluziv-munkahelyekert\/\"},\"author\":{\"name\":\"access4you\",\"@id\":\"https:\/\/news.access4you.io\/#\/schema\/person\/cb4fff088aa5f5f43a6f4ce3a1e2e084\"},\"headline\":\"A diverzit\u00e1s a Te \u00fcgyed is! &#8211; Workshop az inkluz\u00edv munkahelyek\u00e9rt\",\"datePublished\":\"2021-05-05T08:44:38+00:00\",\"dateModified\":\"2021-05-12T09:42:23+00:00\",\"mainEntityOfPage\":{\"@id\":\"https:\/\/news.access4you.io\/2021\/05\/05\/a-diverzitas-a-te-ugyed-is-workshop-az-inkluziv-munkahelyekert\/\"},\"wordCount\":534,\"publisher\":{\"@id\":\"https:\/\/news.access4you.io\/#organization\"},\"image\":{\"@id\":\"https:\/\/news.access4you.io\/2021\/05\/05\/a-diverzitas-a-te-ugyed-is-workshop-az-inkluziv-munkahelyekert\/#primaryimage\"},\"thumbnailUrl\":\"https:\/\/news.access4you.io\/wp-content\/uploads\/2021\/05\/MEF-Facebook-Event-cover-2.png\",\"articleSection\":[\"Sz\u00edv\u00fcgy\u00fcnk\",\"Blog\",\"K\u00f6zlem\u00e9ny\"],\"inLanguage\":\"en-US\"},{\"@type\":\"WebPage\",\"@id\":\"https:\/\/news.access4you.io\/2021\/05\/05\/a-diverzitas-a-te-ugyed-is-workshop-az-inkluziv-munkahelyekert\/\",\"url\":\"https:\/\/news.access4you.io\/2021\/05\/05\/a-diverzitas-a-te-ugyed-is-workshop-az-inkluziv-munkahelyekert\/\",\"name\":\"A diverzit\u00e1s a Te \u00fcgyed is! - Workshop az inkluz\u00edv munkahelyek\u00e9rt - Access4you H\u00edrek\",\"isPartOf\":{\"@id\":\"https:\/\/news.access4you.io\/#website\"},\"primaryImageOfPage\":{\"@id\":\"https:\/\/news.access4you.io\/2021\/05\/05\/a-diverzitas-a-te-ugyed-is-workshop-az-inkluziv-munkahelyekert\/#primaryimage\"},\"image\":{\"@id\":\"https:\/\/news.access4you.io\/2021\/05\/05\/a-diverzitas-a-te-ugyed-is-workshop-az-inkluziv-munkahelyekert\/#primaryimage\"},\"thumbnailUrl\":\"https:\/\/news.access4you.io\/wp-content\/uploads\/2021\/05\/MEF-Facebook-Event-cover-2.png\",\"datePublished\":\"2021-05-05T08:44:38+00:00\",\"dateModified\":\"2021-05-12T09:42:23+00:00\",\"description\":\"Szeretn\u00e9d megtudni, hogy milyen is egy inkl\u00faz\u00edv munkahely \u00e9s milyen l\u00e9p\u00e9seken kereszt\u00fcl vezet el ide az \u00fat? Gyere el online workshopunkra!\",\"breadcrumb\":{\"@id\":\"https:\/\/news.access4you.io\/2021\/05\/05\/a-diverzitas-a-te-ugyed-is-workshop-az-inkluziv-munkahelyekert\/#breadcrumb\"},\"inLanguage\":\"en-US\",\"potentialAction\":[{\"@type\":\"ReadAction\",\"target\":[\"https:\/\/news.access4you.io\/2021\/05\/05\/a-diverzitas-a-te-ugyed-is-workshop-az-inkluziv-munkahelyekert\/\"]}]},{\"@type\":\"ImageObject\",\"inLanguage\":\"en-US\",\"@id\":\"https:\/\/news.access4you.io\/2021\/05\/05\/a-diverzitas-a-te-ugyed-is-workshop-az-inkluziv-munkahelyekert\/#primaryimage\",\"url\":\"https:\/\/news.access4you.io\/wp-content\/uploads\/2021\/05\/MEF-Facebook-Event-cover-2.png\",\"contentUrl\":\"https:\/\/news.access4you.io\/wp-content\/uploads\/2021\/05\/MEF-Facebook-Event-cover-2.png\",\"width\":1920,\"height\":1080},{\"@type\":\"BreadcrumbList\",\"@id\":\"https:\/\/news.access4you.io\/2021\/05\/05\/a-diverzitas-a-te-ugyed-is-workshop-az-inkluziv-munkahelyekert\/#breadcrumb\",\"itemListElement\":[{\"@type\":\"ListItem\",\"position\":1,\"name\":\"Kezd\u0151lap\",\"item\":\"https:\/\/news.access4you.io\/\"},{\"@type\":\"ListItem\",\"position\":2,\"name\":\"A diverzit\u00e1s a Te \u00fcgyed is! &#8211; Workshop az inkluz\u00edv munkahelyek\u00e9rt\"}]},{\"@type\":\"WebSite\",\"@id\":\"https:\/\/news.access4you.io\/#website\",\"url\":\"https:\/\/news.access4you.io\/\",\"name\":\"Access4you H\u00edrek\",\"description\":\"\",\"publisher\":{\"@id\":\"https:\/\/news.access4you.io\/#organization\"},\"potentialAction\":[{\"@type\":\"SearchAction\",\"target\":{\"@type\":\"EntryPoint\",\"urlTemplate\":\"https:\/\/news.access4you.io\/?s={search_term_string}\"},\"query-input\":{\"@type\":\"PropertyValueSpecification\",\"valueRequired\":true,\"valueName\":\"search_term_string\"}}],\"inLanguage\":\"en-US\"},{\"@type\":\"Organization\",\"@id\":\"https:\/\/news.access4you.io\/#organization\",\"name\":\"Access4you H\u00edrek\",\"url\":\"https:\/\/news.access4you.io\/\",\"logo\":{\"@type\":\"ImageObject\",\"inLanguage\":\"en-US\",\"@id\":\"https:\/\/news.access4you.io\/#\/schema\/logo\/image\/\",\"url\":\"https:\/\/news.access4you.io\/wp-content\/uploads\/2021\/01\/a4u-logo-black.png\",\"contentUrl\":\"https:\/\/news.access4you.io\/wp-content\/uploads\/2021\/01\/a4u-logo-black.png\",\"width\":726,\"height\":454,\"caption\":\"Access4you H\u00edrek\"},\"image\":{\"@id\":\"https:\/\/news.access4you.io\/#\/schema\/logo\/image\/\"}},{\"@type\":\"Person\",\"@id\":\"https:\/\/news.access4you.io\/#\/schema\/person\/cb4fff088aa5f5f43a6f4ce3a1e2e084\",\"name\":\"access4you\",\"image\":{\"@type\":\"ImageObject\",\"inLanguage\":\"en-US\",\"@id\":\"https:\/\/news.access4you.io\/#\/schema\/person\/image\/\",\"url\":\"https:\/\/secure.gravatar.com\/avatar\/9795a8b3afc7ed258d167a92dbb1075b37bab5bc83b1ac9182ff4f58c22040b8?s=96&d=mm&r=g\",\"contentUrl\":\"https:\/\/secure.gravatar.com\/avatar\/9795a8b3afc7ed258d167a92dbb1075b37bab5bc83b1ac9182ff4f58c22040b8?s=96&d=mm&r=g\",\"caption\":\"access4you\"},\"sameAs\":[\"http:\/\/localhost\/access4you\"],\"url\":\"http:\/\/news.access4you.io\/en\/author\/access4you\/\"}]}<\/script>\n<!-- \/ Yoast SEO plugin. -->","yoast_head_json":{"title":"A diverzit\u00e1s a Te \u00fcgyed is! - Workshop az inkluz\u00edv munkahelyek\u00e9rt - Access4you H\u00edrek","description":"Szeretn\u00e9d megtudni, hogy milyen is egy inkl\u00faz\u00edv munkahely \u00e9s milyen l\u00e9p\u00e9seken kereszt\u00fcl vezet el ide az \u00fat? Gyere el online workshopunkra!","robots":{"index":"index","follow":"follow","max-snippet":"max-snippet:-1","max-image-preview":"max-image-preview:large","max-video-preview":"max-video-preview:-1"},"canonical":"https:\/\/news.access4you.io\/en\/2021\/05\/05\/a-diverzitas-a-te-ugyed-is-workshop-az-inkluziv-munkahelyekert\/","og_locale":"en_US","og_type":"article","og_title":"A diverzit\u00e1s a Te \u00fcgyed is! - Workshop az inkluz\u00edv munkahelyek\u00e9rt - Access4you H\u00edrek","og_description":"Szeretn\u00e9d megtudni, hogy milyen is egy inkl\u00faz\u00edv munkahely \u00e9s milyen l\u00e9p\u00e9seken kereszt\u00fcl vezet el ide az \u00fat? Gyere el online workshopunkra!","og_url":"https:\/\/news.access4you.io\/en\/2021\/05\/05\/a-diverzitas-a-te-ugyed-is-workshop-az-inkluziv-munkahelyekert\/","og_site_name":"Access4you H\u00edrek","article_published_time":"2021-05-05T08:44:38+00:00","article_modified_time":"2021-05-12T09:42:23+00:00","og_image":[{"width":1920,"height":1080,"url":"https:\/\/news.access4you.io\/wp-content\/uploads\/2021\/05\/MEF-Facebook-Event-cover-2.png","type":"image\/png"}],"author":"access4you","twitter_card":"summary_large_image","twitter_misc":{"Written by":"access4you","Est. reading time":"3 minutes"},"schema":{"@context":"https:\/\/schema.org","@graph":[{"@type":"Article","@id":"https:\/\/news.access4you.io\/2021\/05\/05\/a-diverzitas-a-te-ugyed-is-workshop-az-inkluziv-munkahelyekert\/#article","isPartOf":{"@id":"https:\/\/news.access4you.io\/2021\/05\/05\/a-diverzitas-a-te-ugyed-is-workshop-az-inkluziv-munkahelyekert\/"},"author":{"name":"access4you","@id":"https:\/\/news.access4you.io\/#\/schema\/person\/cb4fff088aa5f5f43a6f4ce3a1e2e084"},"headline":"A diverzit\u00e1s a Te \u00fcgyed is! &#8211; Workshop az inkluz\u00edv munkahelyek\u00e9rt","datePublished":"2021-05-05T08:44:38+00:00","dateModified":"2021-05-12T09:42:23+00:00","mainEntityOfPage":{"@id":"https:\/\/news.access4you.io\/2021\/05\/05\/a-diverzitas-a-te-ugyed-is-workshop-az-inkluziv-munkahelyekert\/"},"wordCount":534,"publisher":{"@id":"https:\/\/news.access4you.io\/#organization"},"image":{"@id":"https:\/\/news.access4you.io\/2021\/05\/05\/a-diverzitas-a-te-ugyed-is-workshop-az-inkluziv-munkahelyekert\/#primaryimage"},"thumbnailUrl":"https:\/\/news.access4you.io\/wp-content\/uploads\/2021\/05\/MEF-Facebook-Event-cover-2.png","articleSection":["Sz\u00edv\u00fcgy\u00fcnk","Blog","K\u00f6zlem\u00e9ny"],"inLanguage":"en-US"},{"@type":"WebPage","@id":"https:\/\/news.access4you.io\/2021\/05\/05\/a-diverzitas-a-te-ugyed-is-workshop-az-inkluziv-munkahelyekert\/","url":"https:\/\/news.access4you.io\/2021\/05\/05\/a-diverzitas-a-te-ugyed-is-workshop-az-inkluziv-munkahelyekert\/","name":"A diverzit\u00e1s a Te \u00fcgyed is! - Workshop az inkluz\u00edv munkahelyek\u00e9rt - Access4you H\u00edrek","isPartOf":{"@id":"https:\/\/news.access4you.io\/#website"},"primaryImageOfPage":{"@id":"https:\/\/news.access4you.io\/2021\/05\/05\/a-diverzitas-a-te-ugyed-is-workshop-az-inkluziv-munkahelyekert\/#primaryimage"},"image":{"@id":"https:\/\/news.access4you.io\/2021\/05\/05\/a-diverzitas-a-te-ugyed-is-workshop-az-inkluziv-munkahelyekert\/#primaryimage"},"thumbnailUrl":"https:\/\/news.access4you.io\/wp-content\/uploads\/2021\/05\/MEF-Facebook-Event-cover-2.png","datePublished":"2021-05-05T08:44:38+00:00","dateModified":"2021-05-12T09:42:23+00:00","description":"Szeretn\u00e9d megtudni, hogy milyen is egy inkl\u00faz\u00edv munkahely \u00e9s milyen l\u00e9p\u00e9seken kereszt\u00fcl vezet el ide az \u00fat? Gyere el online workshopunkra!","breadcrumb":{"@id":"https:\/\/news.access4you.io\/2021\/05\/05\/a-diverzitas-a-te-ugyed-is-workshop-az-inkluziv-munkahelyekert\/#breadcrumb"},"inLanguage":"en-US","potentialAction":[{"@type":"ReadAction","target":["https:\/\/news.access4you.io\/2021\/05\/05\/a-diverzitas-a-te-ugyed-is-workshop-az-inkluziv-munkahelyekert\/"]}]},{"@type":"ImageObject","inLanguage":"en-US","@id":"https:\/\/news.access4you.io\/2021\/05\/05\/a-diverzitas-a-te-ugyed-is-workshop-az-inkluziv-munkahelyekert\/#primaryimage","url":"https:\/\/news.access4you.io\/wp-content\/uploads\/2021\/05\/MEF-Facebook-Event-cover-2.png","contentUrl":"https:\/\/news.access4you.io\/wp-content\/uploads\/2021\/05\/MEF-Facebook-Event-cover-2.png","width":1920,"height":1080},{"@type":"BreadcrumbList","@id":"https:\/\/news.access4you.io\/2021\/05\/05\/a-diverzitas-a-te-ugyed-is-workshop-az-inkluziv-munkahelyekert\/#breadcrumb","itemListElement":[{"@type":"ListItem","position":1,"name":"Kezd\u0151lap","item":"https:\/\/news.access4you.io\/"},{"@type":"ListItem","position":2,"name":"A diverzit\u00e1s a Te \u00fcgyed is! &#8211; Workshop az inkluz\u00edv munkahelyek\u00e9rt"}]},{"@type":"WebSite","@id":"https:\/\/news.access4you.io\/#website","url":"https:\/\/news.access4you.io\/","name":"Access4you H\u00edrek","description":"","publisher":{"@id":"https:\/\/news.access4you.io\/#organization"},"potentialAction":[{"@type":"SearchAction","target":{"@type":"EntryPoint","urlTemplate":"https:\/\/news.access4you.io\/?s={search_term_string}"},"query-input":{"@type":"PropertyValueSpecification","valueRequired":true,"valueName":"search_term_string"}}],"inLanguage":"en-US"},{"@type":"Organization","@id":"https:\/\/news.access4you.io\/#organization","name":"Access4you H\u00edrek","url":"https:\/\/news.access4you.io\/","logo":{"@type":"ImageObject","inLanguage":"en-US","@id":"https:\/\/news.access4you.io\/#\/schema\/logo\/image\/","url":"https:\/\/news.access4you.io\/wp-content\/uploads\/2021\/01\/a4u-logo-black.png","contentUrl":"https:\/\/news.access4you.io\/wp-content\/uploads\/2021\/01\/a4u-logo-black.png","width":726,"height":454,"caption":"Access4you H\u00edrek"},"image":{"@id":"https:\/\/news.access4you.io\/#\/schema\/logo\/image\/"}},{"@type":"Person","@id":"https:\/\/news.access4you.io\/#\/schema\/person\/cb4fff088aa5f5f43a6f4ce3a1e2e084","name":"access4you","image":{"@type":"ImageObject","inLanguage":"en-US","@id":"https:\/\/news.access4you.io\/#\/schema\/person\/image\/","url":"https:\/\/secure.gravatar.com\/avatar\/9795a8b3afc7ed258d167a92dbb1075b37bab5bc83b1ac9182ff4f58c22040b8?s=96&d=mm&r=g","contentUrl":"https:\/\/secure.gravatar.com\/avatar\/9795a8b3afc7ed258d167a92dbb1075b37bab5bc83b1ac9182ff4f58c22040b8?s=96&d=mm&r=g","caption":"access4you"},"sameAs":["http:\/\/localhost\/access4you"],"url":"http:\/\/news.access4you.io\/en\/author\/access4you\/"}]}},"_links":{"self":[{"href":"http:\/\/news.access4you.io\/en\/wp-json\/wp\/v2\/posts\/4253","targetHints":{"allow":["GET"]}}],"collection":[{"href":"http:\/\/news.access4you.io\/en\/wp-json\/wp\/v2\/posts"}],"about":[{"href":"http:\/\/news.access4you.io\/en\/wp-json\/wp\/v2\/types\/post"}],"author":[{"embeddable":true,"href":"http:\/\/news.access4you.io\/en\/wp-json\/wp\/v2\/users\/1"}],"replies":[{"embeddable":true,"href":"http:\/\/news.access4you.io\/en\/wp-json\/wp\/v2\/comments?post=4253"}],"version-history":[{"count":0,"href":"http:\/\/news.access4you.io\/en\/wp-json\/wp\/v2\/posts\/4253\/revisions"}],"wp:featuredmedia":[{"embeddable":true,"href":"http:\/\/news.access4you.io\/en\/wp-json\/wp\/v2\/media\/4267"}],"wp:attachment":[{"href":"http:\/\/news.access4you.io\/en\/wp-json\/wp\/v2\/media?parent=4253"}],"wp:term":[{"taxonomy":"category","embeddable":true,"href":"http:\/\/news.access4you.io\/en\/wp-json\/wp\/v2\/categories?post=4253"},{"taxonomy":"post_tag","embeddable":true,"href":"http:\/\/news.access4you.io\/en\/wp-json\/wp\/v2\/tags?post=4253"}],"curies":[{"name":"wp","href":"https:\/\/api.w.org\/{rel}","templated":true}]}}