{"id":1478,"date":"2019-07-04T09:15:43","date_gmt":"2019-07-04T09:15:43","guid":{"rendered":"http:\/\/access4you.io\/?p=1478"},"modified":"2020-08-07T12:30:34","modified_gmt":"2020-08-07T12:30:34","slug":"portfolio-hu-ma-mar-nemcsak-figyelmesseg-hanem-kotelesseg-is-az-epuleteink-akadalymentesitese","status":"publish","type":"post","link":"https:\/\/news.access4you.io\/en\/2019\/07\/04\/portfolio-hu-ma-mar-nemcsak-figyelmesseg-hanem-kotelesseg-is-az-epuleteink-akadalymentesitese\/","title":{"rendered":"Ma m\u00e1r nemcsak figyelmess\u00e9g, hanem k\u00f6teless\u00e9g is az \u00e9p\u00fcleteink akad\u00e1lymentes\u00edt\u00e9se"},"content":{"rendered":"<p><b>A CPI Hungary hat\u00e1rozott c\u00e9lja, hogy a minden ember sz\u00e1m\u00e1ra alanyi jogon j\u00e1r\u00f3 egyenl\u0151 hozz\u00e1f\u00e9r\u00e9st biztos\u00edtsa saj\u00e1t tulajdon\u00fa ingatlanjaiban. Ez\u00e9rt is t\u00e1mogatja els\u0151k\u00e9nt az Acces4You kezdem\u00e9nyez\u00e9s\u00e9t, miszerint a c\u00e9g audit\u00e1lja a helysz\u00edneket a speci\u00e1lis ig\u00e9ny\u0171 emberek (SPI) ig\u00e9nyeinek szemsz\u00f6g\u00e9b\u0151l, sz\u00fcks\u00e9g szerint javaslatot tesz a fejleszt\u00e9sre, min\u0151s\u00edti az audit eredm\u00e9ny\u00e9t \u00e9s eur\u00f3pai tan\u00fas\u00edt\u00f3 v\u00e9djegyet ad az arra jogosult \u00e9p\u00fcleteknek.<\/b><\/p>\n<p>&#8222;A fogyat\u00e9kkal \u00e9l\u0151 emberek sz\u00e1m\u00e1ra lehet\u0151v\u00e9 tenni a szabad mozg\u00e1st \u00e9p\u00fcleteink haszn\u00e1latakor ma m\u00e1r nem csak figyelmess\u00e9get jelent, hanem k\u00f6teless\u00e9get is, hiszen Magyarorsz\u00e1gon az embereknek k\u00f6zel tizen\u00f6t sz\u00e1zal\u00e9ka \u00e9l speci\u00e1lis ig\u00e9nnyel. Ez\u00e9rt kiemelt figyelemmel kell lenn\u00fcnk az akad\u00e1lymentes\u00edt\u00e9s szempontjaira \u00e9s olyan \u00e9p\u00fcleteket kell fejleszten\u00fcnk \u00e9s \u00fczemeltetn\u00fcnk, melyek megfelelnek az akad\u00e1lymentes\u00edt\u00e9s krit\u00e9riumainak. Ennek t\u00fckr\u00e9ben a m\u00e1r megl\u00e9v\u0151 \u00e9p\u00fcleteket a szak\u00e9rt\u0151i aj\u00e1nl\u00e1soknak megfelel\u0151en fogjuk akad\u00e1lymentes\u00edteni&#8221; &#8211; mondta&nbsp;<b>Gereben M\u00e1ty\u00e1s, a CPI Hungary country managere.<\/b><\/p>\n<p>Forr\u00e1s: <a href=\"https:\/\/www.portfolio.hu\/ingatlan\/iroda\/ma-mar-nemcsak-figyelmesseg-hanem-kotelesseg-is-az-epuleteink-akadalymentesitese.329787.html\">https:\/\/www.portfolio.hu\/ingatlan\/iroda\/ma-mar-nemcsak-figyelmesseg-hanem-kotelesseg-is-az-epuleteink-akadalymentesitese.329787.html<\/a><\/p>","protected":false},"excerpt":{"rendered":"<p>A CPI Hungary hat\u00e1rozott c\u00e9lja, hogy a minden ember sz\u00e1m\u00e1ra alanyi jogon j\u00e1r\u00f3 egyenl\u0151 hozz\u00e1f\u00e9r\u00e9st biztos\u00edtsa saj\u00e1t tulajdon\u00fa ingatlanjaiban. Ez\u00e9rt is t\u00e1mogatja els\u0151k\u00e9nt az Acces4You kezdem\u00e9nyez\u00e9s\u00e9t, miszerint a c\u00e9g audit\u00e1lja a helysz\u00edneket a speci\u00e1lis ig\u00e9ny\u0171 emberek (SPI) ig\u00e9nyeinek szemsz\u00f6g\u00e9b\u0151l, sz\u00fcks\u00e9g szerint javaslatot tesz a fejleszt\u00e9sre, min\u0151s\u00edti az audit eredm\u00e9ny\u00e9t \u00e9s eur\u00f3pai tan\u00fas\u00edt\u00f3 v\u00e9djegyet ad az [&hellip;]<\/p>","protected":false},"author":1,"featured_media":1479,"comment_status":"closed","ping_status":"closed","sticky":false,"template":"","format":"standard","meta":{"footnotes":""},"categories":[10,17],"tags":[7,8,14,19,20,21],"class_list":["post-1478","post","type-post","status-publish","format-standard","has-post-thumbnail","hentry","category-blog","category-sajtoszemle","tag-access4you","tag-akadalymentes","tag-specialis-igenyuek","tag-cpi","tag-irodahaz","tag-poftfolio-hu"],"yoast_head":"<!-- This site is optimized with the Yoast SEO plugin v23.8 - https:\/\/yoast.com\/wordpress\/plugins\/seo\/ -->\n<title>Access4you H\u00edrek akad\u00e1lymentes\u00edt\u00e9s CPI<\/title>\n<meta name=\"description\" content=\"Access4you H\u00edrek Ma m\u00e1r nemcsak figyelmess\u00e9g, hanem k\u00f6teless\u00e9g is az \u00e9p\u00fcleteink akad\u00e1lymentes\u00edt\u00e9se - Berecz Bal\u00e1zs, CPI Gereben M\u00e1ty\u00e1s, akad\u00e1ly mentes\u00edt\u00e9s\" \/>\n<meta name=\"robots\" content=\"index, follow, max-snippet:-1, max-image-preview:large, max-video-preview:-1\" \/>\n<link rel=\"canonical\" href=\"https:\/\/news.access4you.io\/en\/2019\/07\/04\/portfolio-hu-ma-mar-nemcsak-figyelmesseg-hanem-kotelesseg-is-az-epuleteink-akadalymentesitese\/\" \/>\n<meta property=\"og:locale\" content=\"en_US\" \/>\n<meta property=\"og:type\" content=\"article\" \/>\n<meta property=\"og:title\" content=\"Access4you H\u00edrek akad\u00e1lymentes\u00edt\u00e9s CPI\" \/>\n<meta property=\"og:description\" content=\"Access4you H\u00edrek Ma m\u00e1r nemcsak figyelmess\u00e9g, hanem k\u00f6teless\u00e9g is az \u00e9p\u00fcleteink akad\u00e1lymentes\u00edt\u00e9se - Berecz Bal\u00e1zs, CPI Gereben M\u00e1ty\u00e1s, akad\u00e1ly mentes\u00edt\u00e9s\" \/>\n<meta property=\"og:url\" content=\"https:\/\/news.access4you.io\/en\/2019\/07\/04\/portfolio-hu-ma-mar-nemcsak-figyelmesseg-hanem-kotelesseg-is-az-epuleteink-akadalymentesitese\/\" \/>\n<meta property=\"og:site_name\" content=\"Access4you H\u00edrek\" \/>\n<meta property=\"article:published_time\" content=\"2019-07-04T09:15:43+00:00\" \/>\n<meta property=\"article:modified_time\" content=\"2020-08-07T12:30:34+00:00\" \/>\n<meta property=\"og:image\" content=\"https:\/\/news.access4you.io\/wp-content\/uploads\/2019\/07\/portfolio_logo.jpg\" \/>\n\t<meta property=\"og:image:width\" content=\"1200\" \/>\n\t<meta property=\"og:image:height\" content=\"630\" \/>\n\t<meta property=\"og:image:type\" content=\"image\/jpeg\" \/>\n<meta name=\"author\" content=\"access4you\" \/>\n<meta name=\"twitter:card\" content=\"summary_large_image\" \/>\n<meta name=\"twitter:label1\" content=\"Written by\" \/>\n\t<meta name=\"twitter:data1\" content=\"access4you\" \/>\n\t<meta name=\"twitter:label2\" content=\"Est. reading time\" \/>\n\t<meta name=\"twitter:data2\" content=\"1 minute\" \/>\n<script type=\"application\/ld+json\" class=\"yoast-schema-graph\">{\"@context\":\"https:\/\/schema.org\",\"@graph\":[{\"@type\":\"Article\",\"@id\":\"https:\/\/news.access4you.io\/2019\/07\/04\/portfolio-hu-ma-mar-nemcsak-figyelmesseg-hanem-kotelesseg-is-az-epuleteink-akadalymentesitese\/#article\",\"isPartOf\":{\"@id\":\"https:\/\/news.access4you.io\/2019\/07\/04\/portfolio-hu-ma-mar-nemcsak-figyelmesseg-hanem-kotelesseg-is-az-epuleteink-akadalymentesitese\/\"},\"author\":{\"name\":\"access4you\",\"@id\":\"https:\/\/news.access4you.io\/#\/schema\/person\/cb4fff088aa5f5f43a6f4ce3a1e2e084\"},\"headline\":\"Ma m\u00e1r nemcsak figyelmess\u00e9g, hanem k\u00f6teless\u00e9g is az \u00e9p\u00fcleteink akad\u00e1lymentes\u00edt\u00e9se\",\"datePublished\":\"2019-07-04T09:15:43+00:00\",\"dateModified\":\"2020-08-07T12:30:34+00:00\",\"mainEntityOfPage\":{\"@id\":\"https:\/\/news.access4you.io\/2019\/07\/04\/portfolio-hu-ma-mar-nemcsak-figyelmesseg-hanem-kotelesseg-is-az-epuleteink-akadalymentesitese\/\"},\"wordCount\":242,\"publisher\":{\"@id\":\"https:\/\/news.access4you.io\/#organization\"},\"image\":{\"@id\":\"https:\/\/news.access4you.io\/2019\/07\/04\/portfolio-hu-ma-mar-nemcsak-figyelmesseg-hanem-kotelesseg-is-az-epuleteink-akadalymentesitese\/#primaryimage\"},\"thumbnailUrl\":\"https:\/\/news.access4you.io\/wp-content\/uploads\/2019\/07\/portfolio_logo.jpg\",\"keywords\":[\"Access4You\",\"akad\u00e1lymentes\",\"speci\u00e1lis ig\u00e9ny\u0171ek\",\"CPI\",\"irodah\u00e1z\",\"poftfolio.hu\"],\"articleSection\":[\"Blog\",\"Sajt\u00f3szemle\"],\"inLanguage\":\"en-US\"},{\"@type\":\"WebPage\",\"@id\":\"https:\/\/news.access4you.io\/2019\/07\/04\/portfolio-hu-ma-mar-nemcsak-figyelmesseg-hanem-kotelesseg-is-az-epuleteink-akadalymentesitese\/\",\"url\":\"https:\/\/news.access4you.io\/2019\/07\/04\/portfolio-hu-ma-mar-nemcsak-figyelmesseg-hanem-kotelesseg-is-az-epuleteink-akadalymentesitese\/\",\"name\":\"Access4you H\u00edrek akad\u00e1lymentes\u00edt\u00e9s CPI\",\"isPartOf\":{\"@id\":\"https:\/\/news.access4you.io\/#website\"},\"primaryImageOfPage\":{\"@id\":\"https:\/\/news.access4you.io\/2019\/07\/04\/portfolio-hu-ma-mar-nemcsak-figyelmesseg-hanem-kotelesseg-is-az-epuleteink-akadalymentesitese\/#primaryimage\"},\"image\":{\"@id\":\"https:\/\/news.access4you.io\/2019\/07\/04\/portfolio-hu-ma-mar-nemcsak-figyelmesseg-hanem-kotelesseg-is-az-epuleteink-akadalymentesitese\/#primaryimage\"},\"thumbnailUrl\":\"https:\/\/news.access4you.io\/wp-content\/uploads\/2019\/07\/portfolio_logo.jpg\",\"datePublished\":\"2019-07-04T09:15:43+00:00\",\"dateModified\":\"2020-08-07T12:30:34+00:00\",\"description\":\"Access4you H\u00edrek Ma m\u00e1r nemcsak figyelmess\u00e9g, hanem k\u00f6teless\u00e9g is az \u00e9p\u00fcleteink akad\u00e1lymentes\u00edt\u00e9se - Berecz Bal\u00e1zs, CPI Gereben M\u00e1ty\u00e1s, akad\u00e1ly mentes\u00edt\u00e9s\",\"breadcrumb\":{\"@id\":\"https:\/\/news.access4you.io\/2019\/07\/04\/portfolio-hu-ma-mar-nemcsak-figyelmesseg-hanem-kotelesseg-is-az-epuleteink-akadalymentesitese\/#breadcrumb\"},\"inLanguage\":\"en-US\",\"potentialAction\":[{\"@type\":\"ReadAction\",\"target\":[\"https:\/\/news.access4you.io\/2019\/07\/04\/portfolio-hu-ma-mar-nemcsak-figyelmesseg-hanem-kotelesseg-is-az-epuleteink-akadalymentesitese\/\"]}]},{\"@type\":\"ImageObject\",\"inLanguage\":\"en-US\",\"@id\":\"https:\/\/news.access4you.io\/2019\/07\/04\/portfolio-hu-ma-mar-nemcsak-figyelmesseg-hanem-kotelesseg-is-az-epuleteink-akadalymentesitese\/#primaryimage\",\"url\":\"https:\/\/news.access4you.io\/wp-content\/uploads\/2019\/07\/portfolio_logo.jpg\",\"contentUrl\":\"https:\/\/news.access4you.io\/wp-content\/uploads\/2019\/07\/portfolio_logo.jpg\",\"width\":1200,\"height\":630,\"caption\":\"\"},{\"@type\":\"BreadcrumbList\",\"@id\":\"https:\/\/news.access4you.io\/2019\/07\/04\/portfolio-hu-ma-mar-nemcsak-figyelmesseg-hanem-kotelesseg-is-az-epuleteink-akadalymentesitese\/#breadcrumb\",\"itemListElement\":[{\"@type\":\"ListItem\",\"position\":1,\"name\":\"Kezd\u0151lap\",\"item\":\"https:\/\/news.access4you.io\/\"},{\"@type\":\"ListItem\",\"position\":2,\"name\":\"Ma m\u00e1r nemcsak figyelmess\u00e9g, hanem k\u00f6teless\u00e9g is az \u00e9p\u00fcleteink akad\u00e1lymentes\u00edt\u00e9se\"}]},{\"@type\":\"WebSite\",\"@id\":\"https:\/\/news.access4you.io\/#website\",\"url\":\"https:\/\/news.access4you.io\/\",\"name\":\"Access4you H\u00edrek\",\"description\":\"\",\"publisher\":{\"@id\":\"https:\/\/news.access4you.io\/#organization\"},\"potentialAction\":[{\"@type\":\"SearchAction\",\"target\":{\"@type\":\"EntryPoint\",\"urlTemplate\":\"https:\/\/news.access4you.io\/?s={search_term_string}\"},\"query-input\":{\"@type\":\"PropertyValueSpecification\",\"valueRequired\":true,\"valueName\":\"search_term_string\"}}],\"inLanguage\":\"en-US\"},{\"@type\":\"Organization\",\"@id\":\"https:\/\/news.access4you.io\/#organization\",\"name\":\"Access4you H\u00edrek\",\"url\":\"https:\/\/news.access4you.io\/\",\"logo\":{\"@type\":\"ImageObject\",\"inLanguage\":\"en-US\",\"@id\":\"https:\/\/news.access4you.io\/#\/schema\/logo\/image\/\",\"url\":\"https:\/\/news.access4you.io\/wp-content\/uploads\/2021\/01\/a4u-logo-black.png\",\"contentUrl\":\"https:\/\/news.access4you.io\/wp-content\/uploads\/2021\/01\/a4u-logo-black.png\",\"width\":726,\"height\":454,\"caption\":\"Access4you H\u00edrek\"},\"image\":{\"@id\":\"https:\/\/news.access4you.io\/#\/schema\/logo\/image\/\"}},{\"@type\":\"Person\",\"@id\":\"https:\/\/news.access4you.io\/#\/schema\/person\/cb4fff088aa5f5f43a6f4ce3a1e2e084\",\"name\":\"access4you\",\"image\":{\"@type\":\"ImageObject\",\"inLanguage\":\"en-US\",\"@id\":\"https:\/\/news.access4you.io\/#\/schema\/person\/image\/\",\"url\":\"https:\/\/secure.gravatar.com\/avatar\/9795a8b3afc7ed258d167a92dbb1075b37bab5bc83b1ac9182ff4f58c22040b8?s=96&d=mm&r=g\",\"contentUrl\":\"https:\/\/secure.gravatar.com\/avatar\/9795a8b3afc7ed258d167a92dbb1075b37bab5bc83b1ac9182ff4f58c22040b8?s=96&d=mm&r=g\",\"caption\":\"access4you\"},\"sameAs\":[\"http:\/\/localhost\/access4you\"],\"url\":\"https:\/\/news.access4you.io\/en\/author\/access4you\/\"}]}<\/script>\n<!-- \/ Yoast SEO plugin. -->","yoast_head_json":{"title":"Access4you H\u00edrek akad\u00e1lymentes\u00edt\u00e9s CPI","description":"Access4you H\u00edrek Ma m\u00e1r nemcsak figyelmess\u00e9g, hanem k\u00f6teless\u00e9g is az \u00e9p\u00fcleteink akad\u00e1lymentes\u00edt\u00e9se - Berecz Bal\u00e1zs, CPI Gereben M\u00e1ty\u00e1s, akad\u00e1ly mentes\u00edt\u00e9s","robots":{"index":"index","follow":"follow","max-snippet":"max-snippet:-1","max-image-preview":"max-image-preview:large","max-video-preview":"max-video-preview:-1"},"canonical":"https:\/\/news.access4you.io\/en\/2019\/07\/04\/portfolio-hu-ma-mar-nemcsak-figyelmesseg-hanem-kotelesseg-is-az-epuleteink-akadalymentesitese\/","og_locale":"en_US","og_type":"article","og_title":"Access4you H\u00edrek akad\u00e1lymentes\u00edt\u00e9s CPI","og_description":"Access4you H\u00edrek Ma m\u00e1r nemcsak figyelmess\u00e9g, hanem k\u00f6teless\u00e9g is az \u00e9p\u00fcleteink akad\u00e1lymentes\u00edt\u00e9se - Berecz Bal\u00e1zs, CPI Gereben M\u00e1ty\u00e1s, akad\u00e1ly mentes\u00edt\u00e9s","og_url":"https:\/\/news.access4you.io\/en\/2019\/07\/04\/portfolio-hu-ma-mar-nemcsak-figyelmesseg-hanem-kotelesseg-is-az-epuleteink-akadalymentesitese\/","og_site_name":"Access4you H\u00edrek","article_published_time":"2019-07-04T09:15:43+00:00","article_modified_time":"2020-08-07T12:30:34+00:00","og_image":[{"width":1200,"height":630,"url":"https:\/\/news.access4you.io\/wp-content\/uploads\/2019\/07\/portfolio_logo.jpg","type":"image\/jpeg"}],"author":"access4you","twitter_card":"summary_large_image","twitter_misc":{"Written by":"access4you","Est. reading time":"1 minute"},"schema":{"@context":"https:\/\/schema.org","@graph":[{"@type":"Article","@id":"https:\/\/news.access4you.io\/2019\/07\/04\/portfolio-hu-ma-mar-nemcsak-figyelmesseg-hanem-kotelesseg-is-az-epuleteink-akadalymentesitese\/#article","isPartOf":{"@id":"https:\/\/news.access4you.io\/2019\/07\/04\/portfolio-hu-ma-mar-nemcsak-figyelmesseg-hanem-kotelesseg-is-az-epuleteink-akadalymentesitese\/"},"author":{"name":"access4you","@id":"https:\/\/news.access4you.io\/#\/schema\/person\/cb4fff088aa5f5f43a6f4ce3a1e2e084"},"headline":"Ma m\u00e1r nemcsak figyelmess\u00e9g, hanem k\u00f6teless\u00e9g is az \u00e9p\u00fcleteink akad\u00e1lymentes\u00edt\u00e9se","datePublished":"2019-07-04T09:15:43+00:00","dateModified":"2020-08-07T12:30:34+00:00","mainEntityOfPage":{"@id":"https:\/\/news.access4you.io\/2019\/07\/04\/portfolio-hu-ma-mar-nemcsak-figyelmesseg-hanem-kotelesseg-is-az-epuleteink-akadalymentesitese\/"},"wordCount":242,"publisher":{"@id":"https:\/\/news.access4you.io\/#organization"},"image":{"@id":"https:\/\/news.access4you.io\/2019\/07\/04\/portfolio-hu-ma-mar-nemcsak-figyelmesseg-hanem-kotelesseg-is-az-epuleteink-akadalymentesitese\/#primaryimage"},"thumbnailUrl":"https:\/\/news.access4you.io\/wp-content\/uploads\/2019\/07\/portfolio_logo.jpg","keywords":["Access4You","akad\u00e1lymentes","speci\u00e1lis ig\u00e9ny\u0171ek","CPI","irodah\u00e1z","poftfolio.hu"],"articleSection":["Blog","Sajt\u00f3szemle"],"inLanguage":"en-US"},{"@type":"WebPage","@id":"https:\/\/news.access4you.io\/2019\/07\/04\/portfolio-hu-ma-mar-nemcsak-figyelmesseg-hanem-kotelesseg-is-az-epuleteink-akadalymentesitese\/","url":"https:\/\/news.access4you.io\/2019\/07\/04\/portfolio-hu-ma-mar-nemcsak-figyelmesseg-hanem-kotelesseg-is-az-epuleteink-akadalymentesitese\/","name":"Access4you H\u00edrek akad\u00e1lymentes\u00edt\u00e9s CPI","isPartOf":{"@id":"https:\/\/news.access4you.io\/#website"},"primaryImageOfPage":{"@id":"https:\/\/news.access4you.io\/2019\/07\/04\/portfolio-hu-ma-mar-nemcsak-figyelmesseg-hanem-kotelesseg-is-az-epuleteink-akadalymentesitese\/#primaryimage"},"image":{"@id":"https:\/\/news.access4you.io\/2019\/07\/04\/portfolio-hu-ma-mar-nemcsak-figyelmesseg-hanem-kotelesseg-is-az-epuleteink-akadalymentesitese\/#primaryimage"},"thumbnailUrl":"https:\/\/news.access4you.io\/wp-content\/uploads\/2019\/07\/portfolio_logo.jpg","datePublished":"2019-07-04T09:15:43+00:00","dateModified":"2020-08-07T12:30:34+00:00","description":"Access4you H\u00edrek Ma m\u00e1r nemcsak figyelmess\u00e9g, hanem k\u00f6teless\u00e9g is az \u00e9p\u00fcleteink akad\u00e1lymentes\u00edt\u00e9se - Berecz Bal\u00e1zs, CPI Gereben M\u00e1ty\u00e1s, akad\u00e1ly mentes\u00edt\u00e9s","breadcrumb":{"@id":"https:\/\/news.access4you.io\/2019\/07\/04\/portfolio-hu-ma-mar-nemcsak-figyelmesseg-hanem-kotelesseg-is-az-epuleteink-akadalymentesitese\/#breadcrumb"},"inLanguage":"en-US","potentialAction":[{"@type":"ReadAction","target":["https:\/\/news.access4you.io\/2019\/07\/04\/portfolio-hu-ma-mar-nemcsak-figyelmesseg-hanem-kotelesseg-is-az-epuleteink-akadalymentesitese\/"]}]},{"@type":"ImageObject","inLanguage":"en-US","@id":"https:\/\/news.access4you.io\/2019\/07\/04\/portfolio-hu-ma-mar-nemcsak-figyelmesseg-hanem-kotelesseg-is-az-epuleteink-akadalymentesitese\/#primaryimage","url":"https:\/\/news.access4you.io\/wp-content\/uploads\/2019\/07\/portfolio_logo.jpg","contentUrl":"https:\/\/news.access4you.io\/wp-content\/uploads\/2019\/07\/portfolio_logo.jpg","width":1200,"height":630,"caption":""},{"@type":"BreadcrumbList","@id":"https:\/\/news.access4you.io\/2019\/07\/04\/portfolio-hu-ma-mar-nemcsak-figyelmesseg-hanem-kotelesseg-is-az-epuleteink-akadalymentesitese\/#breadcrumb","itemListElement":[{"@type":"ListItem","position":1,"name":"Kezd\u0151lap","item":"https:\/\/news.access4you.io\/"},{"@type":"ListItem","position":2,"name":"Ma m\u00e1r nemcsak figyelmess\u00e9g, hanem k\u00f6teless\u00e9g is az \u00e9p\u00fcleteink akad\u00e1lymentes\u00edt\u00e9se"}]},{"@type":"WebSite","@id":"https:\/\/news.access4you.io\/#website","url":"https:\/\/news.access4you.io\/","name":"Access4you H\u00edrek","description":"","publisher":{"@id":"https:\/\/news.access4you.io\/#organization"},"potentialAction":[{"@type":"SearchAction","target":{"@type":"EntryPoint","urlTemplate":"https:\/\/news.access4you.io\/?s={search_term_string}"},"query-input":{"@type":"PropertyValueSpecification","valueRequired":true,"valueName":"search_term_string"}}],"inLanguage":"en-US"},{"@type":"Organization","@id":"https:\/\/news.access4you.io\/#organization","name":"Access4you H\u00edrek","url":"https:\/\/news.access4you.io\/","logo":{"@type":"ImageObject","inLanguage":"en-US","@id":"https:\/\/news.access4you.io\/#\/schema\/logo\/image\/","url":"https:\/\/news.access4you.io\/wp-content\/uploads\/2021\/01\/a4u-logo-black.png","contentUrl":"https:\/\/news.access4you.io\/wp-content\/uploads\/2021\/01\/a4u-logo-black.png","width":726,"height":454,"caption":"Access4you H\u00edrek"},"image":{"@id":"https:\/\/news.access4you.io\/#\/schema\/logo\/image\/"}},{"@type":"Person","@id":"https:\/\/news.access4you.io\/#\/schema\/person\/cb4fff088aa5f5f43a6f4ce3a1e2e084","name":"access4you","image":{"@type":"ImageObject","inLanguage":"en-US","@id":"https:\/\/news.access4you.io\/#\/schema\/person\/image\/","url":"https:\/\/secure.gravatar.com\/avatar\/9795a8b3afc7ed258d167a92dbb1075b37bab5bc83b1ac9182ff4f58c22040b8?s=96&d=mm&r=g","contentUrl":"https:\/\/secure.gravatar.com\/avatar\/9795a8b3afc7ed258d167a92dbb1075b37bab5bc83b1ac9182ff4f58c22040b8?s=96&d=mm&r=g","caption":"access4you"},"sameAs":["http:\/\/localhost\/access4you"],"url":"https:\/\/news.access4you.io\/en\/author\/access4you\/"}]}},"_links":{"self":[{"href":"https:\/\/news.access4you.io\/en\/wp-json\/wp\/v2\/posts\/1478","targetHints":{"allow":["GET"]}}],"collection":[{"href":"https:\/\/news.access4you.io\/en\/wp-json\/wp\/v2\/posts"}],"about":[{"href":"https:\/\/news.access4you.io\/en\/wp-json\/wp\/v2\/types\/post"}],"author":[{"embeddable":true,"href":"https:\/\/news.access4you.io\/en\/wp-json\/wp\/v2\/users\/1"}],"replies":[{"embeddable":true,"href":"https:\/\/news.access4you.io\/en\/wp-json\/wp\/v2\/comments?post=1478"}],"version-history":[{"count":0,"href":"https:\/\/news.access4you.io\/en\/wp-json\/wp\/v2\/posts\/1478\/revisions"}],"wp:featuredmedia":[{"embeddable":true,"href":"https:\/\/news.access4you.io\/en\/wp-json\/wp\/v2\/media\/1479"}],"wp:attachment":[{"href":"https:\/\/news.access4you.io\/en\/wp-json\/wp\/v2\/media?parent=1478"}],"wp:term":[{"taxonomy":"category","embeddable":true,"href":"https:\/\/news.access4you.io\/en\/wp-json\/wp\/v2\/categories?post=1478"},{"taxonomy":"post_tag","embeddable":true,"href":"https:\/\/news.access4you.io\/en\/wp-json\/wp\/v2\/tags?post=1478"}],"curies":[{"name":"wp","href":"https:\/\/api.w.org\/{rel}","templated":true}]}}