{"id":1601,"date":"2019-08-01T12:39:19","date_gmt":"2019-08-01T12:39:19","guid":{"rendered":"http:\/\/access4you.io\/?p=1601"},"modified":"2020-08-07T12:29:15","modified_gmt":"2020-08-07T12:29:15","slug":"a-specialis-igenyu-munkavallalokra-is-gondolnak-az-irodafejlesztok","status":"publish","type":"post","link":"https:\/\/news.access4you.io\/en\/2019\/08\/01\/a-specialis-igenyu-munkavallalokra-is-gondolnak-az-irodafejlesztok\/","title":{"rendered":"A speci\u00e1lis ig\u00e9ny\u0171 munkav\u00e1llal\u00f3kra is gondolnak az irodafejleszt\u0151k"},"content":{"rendered":"<p>Az Atenor az els\u0151 olyan ingatlanfejleszt\u0151, mely m\u00e1r a tervez\u00e9s f\u00e1zis\u00e1ban be\u00e9p\u00edti az Access4you szempontrendszer\u00e9t.<\/p>\n<p>A projekteket rehabilit\u00e1ci\u00f3s m\u00e9rn\u00f6k\u00f6kkel egy\u00fctt tervezi a fejleszt\u0151 Atenor, hogy az \u00e9p\u00fcletek \u00e9s azok k\u00f6rnyezete minden tekintetben akad\u00e1lymentes legyen, valamint olyan hozz\u00e1f\u00e9r\u00e9si lehet\u0151s\u00e9geket, megold\u00e1sokat biztos\u00edtson, amelyek az SPI-szem\u00e9lyek mindennapjait megk\u00f6nny\u00edti, illetve hozz\u00e1seg\u00edti \u0151ket a teljes \u00e9rt\u00e9k\u0171 \u00e9letvitel \u00e9s napi munkarutin kibontakoz\u00e1s\u00e1ban.<\/p>\n<p>&#8222;A kezdetekt\u0151l a feladatunknak tekintj\u00fck, hogy felel\u0151ss\u00e9get v\u00e1llaljunk a k\u00f6rnyezet\u00e9rt, ez\u00e9rt kiz\u00e1r\u00f3lag fenntarthat\u00f3 \u00e9p\u00fcleteket hozunk l\u00e9tre, melyek a BREEAM-en bel\u00fcl el\u00e9rhet\u0151 legjobb, Excellent min\u0151s\u00edt\u00e9sben r\u00e9szes\u00fclnek. Magyarorsz\u00e1gon els\u0151k\u00e9nt jelent\u00fcnk meg, mint z\u00f6ld iroda\u00e9p\u00fclet fejleszt\u0151 \u00e9s az\u00f3ta is folyamatosan azon dolgozunk, hogy projektjeink \u00f6sszhangban legyenek az \u00f6kol\u00f3giai k\u00f6vetelm\u00e9nyekkel. A k\u00f6rnyezetv\u00e9delem mellett azonban m\u00e1r egy m\u00e1sik, nagyon jelent\u0151s t\u00e9nyez\u0151t, a t\u00e1rsadalmi felel\u0151ss\u00e9gv\u00e1llal\u00e1st is fejleszt\u00e9seink f\u00f3kusz\u00e1ba helyezt\u00fck. Ez\u00e9rt d\u00f6nt\u00f6tt\u00fcnk \u00fagy, az Access4you \u00e1ltal 8 SPI c\u00e9lcsoport ig\u00e9nyeinek figyelembev\u00e9tel\u00e9vel megalkotott, 500 szempontot tartalmaz\u00f3 min\u0151s\u00edt\u00e9si rendszer k\u00f6vetelm\u00e9nyei szerint tervezz\u00fck meg az \u00f6sszes \u00e9p\u00fcletet.&#8221; &#8211; mondta&nbsp;Borb\u00e9ly Zolt\u00e1n, az Atenor Hungary igazgat\u00f3ja.<\/p>\n<p>&nbsp;<\/p>\n<p><span style=\"font-size: 10pt;\">Forr\u00e1s: <a href=\"https:\/\/www.portfolio.hu\/ingatlan\/iroda\/a-specialis-igenyu-munkavallalokra-is-gondolnak-az-irodafejlesztok.5.333019.html\">https:\/\/www.portfolio.hu\/ingatlan\/iroda\/a-specialis-igenyu-munkavallalokra-is-gondolnak-az-irodafejlesztok.5.333019.html<\/a><br \/>\n<\/span><\/p>","protected":false},"excerpt":{"rendered":"<p>Az Atenor az els\u0151 olyan ingatlanfejleszt\u0151, mely m\u00e1r a tervez\u00e9s f\u00e1zis\u00e1ban be\u00e9p\u00edti az Access4you szempontrendszer\u00e9t. A projekteket rehabilit\u00e1ci\u00f3s m\u00e9rn\u00f6k\u00f6kkel egy\u00fctt tervezi a fejleszt\u0151 Atenor, hogy az \u00e9p\u00fcletek \u00e9s azok k\u00f6rnyezete minden tekintetben akad\u00e1lymentes legyen, valamint olyan hozz\u00e1f\u00e9r\u00e9si lehet\u0151s\u00e9geket, megold\u00e1sokat biztos\u00edtson, amelyek az SPI-szem\u00e9lyek mindennapjait megk\u00f6nny\u00edti, illetve hozz\u00e1seg\u00edti \u0151ket a teljes \u00e9rt\u00e9k\u0171 \u00e9letvitel \u00e9s napi munkarutin [&hellip;]<\/p>","protected":false},"author":1,"featured_media":1479,"comment_status":"closed","ping_status":"closed","sticky":false,"template":"","format":"standard","meta":{"footnotes":""},"categories":[10,17],"tags":[7,8,14,23,24,25],"class_list":["post-1601","post","type-post","status-publish","format-standard","has-post-thumbnail","hentry","category-blog","category-sajtoszemle","tag-access4you","tag-akadalymentes","tag-specialis-igenyuek","tag-atenor","tag-rehabilitacios-szakmernok","tag-szakagi-tervezes"],"yoast_head":"<!-- This site is optimized with the Yoast SEO plugin v23.8 - https:\/\/yoast.com\/wordpress\/plugins\/seo\/ -->\n<title>akad\u00e1lymentes\u00edt\u00e9s szak\u00e1gi tervez\u00e9s Atenor Access4you<\/title>\n<meta name=\"description\" content=\"Access4you H\u00edrek A speci\u00e1lis ig\u00e9ny\u0171 munkav\u00e1llal\u00f3kra is gondolnak az irodafejleszt\u0151k akad\u00e1lymentes szak\u00e1gi tervez\u00e9s Atenor irodafejleszt\u0151\" \/>\n<meta name=\"robots\" content=\"index, follow, max-snippet:-1, max-image-preview:large, max-video-preview:-1\" \/>\n<link rel=\"canonical\" href=\"https:\/\/news.access4you.io\/en\/2019\/08\/01\/a-specialis-igenyu-munkavallalokra-is-gondolnak-az-irodafejlesztok\/\" \/>\n<meta property=\"og:locale\" content=\"en_US\" \/>\n<meta property=\"og:type\" content=\"article\" \/>\n<meta property=\"og:title\" content=\"akad\u00e1lymentes\u00edt\u00e9s szak\u00e1gi tervez\u00e9s Atenor Access4you\" \/>\n<meta property=\"og:description\" content=\"Access4you H\u00edrek A speci\u00e1lis ig\u00e9ny\u0171 munkav\u00e1llal\u00f3kra is gondolnak az irodafejleszt\u0151k akad\u00e1lymentes szak\u00e1gi tervez\u00e9s Atenor irodafejleszt\u0151\" \/>\n<meta property=\"og:url\" content=\"https:\/\/news.access4you.io\/en\/2019\/08\/01\/a-specialis-igenyu-munkavallalokra-is-gondolnak-az-irodafejlesztok\/\" \/>\n<meta property=\"og:site_name\" content=\"Access4you H\u00edrek\" \/>\n<meta property=\"article:published_time\" content=\"2019-08-01T12:39:19+00:00\" \/>\n<meta property=\"article:modified_time\" content=\"2020-08-07T12:29:15+00:00\" \/>\n<meta property=\"og:image\" content=\"https:\/\/news.access4you.io\/wp-content\/uploads\/2019\/07\/portfolio_logo.jpg\" \/>\n\t<meta property=\"og:image:width\" content=\"1200\" \/>\n\t<meta property=\"og:image:height\" content=\"630\" \/>\n\t<meta property=\"og:image:type\" content=\"image\/jpeg\" \/>\n<meta name=\"author\" content=\"access4you\" \/>\n<meta name=\"twitter:card\" content=\"summary_large_image\" \/>\n<meta name=\"twitter:label1\" content=\"Written by\" \/>\n\t<meta name=\"twitter:data1\" content=\"access4you\" \/>\n\t<meta name=\"twitter:label2\" content=\"Est. reading time\" \/>\n\t<meta name=\"twitter:data2\" content=\"1 minute\" \/>\n<script type=\"application\/ld+json\" class=\"yoast-schema-graph\">{\"@context\":\"https:\/\/schema.org\",\"@graph\":[{\"@type\":\"Article\",\"@id\":\"https:\/\/news.access4you.io\/2019\/08\/01\/a-specialis-igenyu-munkavallalokra-is-gondolnak-az-irodafejlesztok\/#article\",\"isPartOf\":{\"@id\":\"https:\/\/news.access4you.io\/2019\/08\/01\/a-specialis-igenyu-munkavallalokra-is-gondolnak-az-irodafejlesztok\/\"},\"author\":{\"name\":\"access4you\",\"@id\":\"https:\/\/news.access4you.io\/#\/schema\/person\/cb4fff088aa5f5f43a6f4ce3a1e2e084\"},\"headline\":\"A speci\u00e1lis ig\u00e9ny\u0171 munkav\u00e1llal\u00f3kra is gondolnak az irodafejleszt\u0151k\",\"datePublished\":\"2019-08-01T12:39:19+00:00\",\"dateModified\":\"2020-08-07T12:29:15+00:00\",\"mainEntityOfPage\":{\"@id\":\"https:\/\/news.access4you.io\/2019\/08\/01\/a-specialis-igenyu-munkavallalokra-is-gondolnak-az-irodafejlesztok\/\"},\"wordCount\":271,\"publisher\":{\"@id\":\"https:\/\/news.access4you.io\/#organization\"},\"image\":{\"@id\":\"https:\/\/news.access4you.io\/2019\/08\/01\/a-specialis-igenyu-munkavallalokra-is-gondolnak-az-irodafejlesztok\/#primaryimage\"},\"thumbnailUrl\":\"https:\/\/news.access4you.io\/wp-content\/uploads\/2019\/07\/portfolio_logo.jpg\",\"keywords\":[\"Access4You\",\"akad\u00e1lymentes\",\"speci\u00e1lis ig\u00e9ny\u0171ek\",\"ATENOR\",\"rehabilit\u00e1ci\u00f3s szakm\u00e9rn\u00f6k\",\"szak\u00e1gi tervez\u00e9s\"],\"articleSection\":[\"Blog\",\"Sajt\u00f3szemle\"],\"inLanguage\":\"en-US\"},{\"@type\":\"WebPage\",\"@id\":\"https:\/\/news.access4you.io\/2019\/08\/01\/a-specialis-igenyu-munkavallalokra-is-gondolnak-az-irodafejlesztok\/\",\"url\":\"https:\/\/news.access4you.io\/2019\/08\/01\/a-specialis-igenyu-munkavallalokra-is-gondolnak-az-irodafejlesztok\/\",\"name\":\"akad\u00e1lymentes\u00edt\u00e9s szak\u00e1gi tervez\u00e9s Atenor Access4you\",\"isPartOf\":{\"@id\":\"https:\/\/news.access4you.io\/#website\"},\"primaryImageOfPage\":{\"@id\":\"https:\/\/news.access4you.io\/2019\/08\/01\/a-specialis-igenyu-munkavallalokra-is-gondolnak-az-irodafejlesztok\/#primaryimage\"},\"image\":{\"@id\":\"https:\/\/news.access4you.io\/2019\/08\/01\/a-specialis-igenyu-munkavallalokra-is-gondolnak-az-irodafejlesztok\/#primaryimage\"},\"thumbnailUrl\":\"https:\/\/news.access4you.io\/wp-content\/uploads\/2019\/07\/portfolio_logo.jpg\",\"datePublished\":\"2019-08-01T12:39:19+00:00\",\"dateModified\":\"2020-08-07T12:29:15+00:00\",\"description\":\"Access4you H\u00edrek A speci\u00e1lis ig\u00e9ny\u0171 munkav\u00e1llal\u00f3kra is gondolnak az irodafejleszt\u0151k akad\u00e1lymentes szak\u00e1gi tervez\u00e9s Atenor irodafejleszt\u0151\",\"breadcrumb\":{\"@id\":\"https:\/\/news.access4you.io\/2019\/08\/01\/a-specialis-igenyu-munkavallalokra-is-gondolnak-az-irodafejlesztok\/#breadcrumb\"},\"inLanguage\":\"en-US\",\"potentialAction\":[{\"@type\":\"ReadAction\",\"target\":[\"https:\/\/news.access4you.io\/2019\/08\/01\/a-specialis-igenyu-munkavallalokra-is-gondolnak-az-irodafejlesztok\/\"]}]},{\"@type\":\"ImageObject\",\"inLanguage\":\"en-US\",\"@id\":\"https:\/\/news.access4you.io\/2019\/08\/01\/a-specialis-igenyu-munkavallalokra-is-gondolnak-az-irodafejlesztok\/#primaryimage\",\"url\":\"https:\/\/news.access4you.io\/wp-content\/uploads\/2019\/07\/portfolio_logo.jpg\",\"contentUrl\":\"https:\/\/news.access4you.io\/wp-content\/uploads\/2019\/07\/portfolio_logo.jpg\",\"width\":1200,\"height\":630,\"caption\":\"\"},{\"@type\":\"BreadcrumbList\",\"@id\":\"https:\/\/news.access4you.io\/2019\/08\/01\/a-specialis-igenyu-munkavallalokra-is-gondolnak-az-irodafejlesztok\/#breadcrumb\",\"itemListElement\":[{\"@type\":\"ListItem\",\"position\":1,\"name\":\"Kezd\u0151lap\",\"item\":\"https:\/\/news.access4you.io\/\"},{\"@type\":\"ListItem\",\"position\":2,\"name\":\"A speci\u00e1lis ig\u00e9ny\u0171 munkav\u00e1llal\u00f3kra is gondolnak az irodafejleszt\u0151k\"}]},{\"@type\":\"WebSite\",\"@id\":\"https:\/\/news.access4you.io\/#website\",\"url\":\"https:\/\/news.access4you.io\/\",\"name\":\"Access4you H\u00edrek\",\"description\":\"\",\"publisher\":{\"@id\":\"https:\/\/news.access4you.io\/#organization\"},\"potentialAction\":[{\"@type\":\"SearchAction\",\"target\":{\"@type\":\"EntryPoint\",\"urlTemplate\":\"https:\/\/news.access4you.io\/?s={search_term_string}\"},\"query-input\":{\"@type\":\"PropertyValueSpecification\",\"valueRequired\":true,\"valueName\":\"search_term_string\"}}],\"inLanguage\":\"en-US\"},{\"@type\":\"Organization\",\"@id\":\"https:\/\/news.access4you.io\/#organization\",\"name\":\"Access4you H\u00edrek\",\"url\":\"https:\/\/news.access4you.io\/\",\"logo\":{\"@type\":\"ImageObject\",\"inLanguage\":\"en-US\",\"@id\":\"https:\/\/news.access4you.io\/#\/schema\/logo\/image\/\",\"url\":\"https:\/\/news.access4you.io\/wp-content\/uploads\/2021\/01\/a4u-logo-black.png\",\"contentUrl\":\"https:\/\/news.access4you.io\/wp-content\/uploads\/2021\/01\/a4u-logo-black.png\",\"width\":726,\"height\":454,\"caption\":\"Access4you H\u00edrek\"},\"image\":{\"@id\":\"https:\/\/news.access4you.io\/#\/schema\/logo\/image\/\"}},{\"@type\":\"Person\",\"@id\":\"https:\/\/news.access4you.io\/#\/schema\/person\/cb4fff088aa5f5f43a6f4ce3a1e2e084\",\"name\":\"access4you\",\"image\":{\"@type\":\"ImageObject\",\"inLanguage\":\"en-US\",\"@id\":\"https:\/\/news.access4you.io\/#\/schema\/person\/image\/\",\"url\":\"https:\/\/secure.gravatar.com\/avatar\/9795a8b3afc7ed258d167a92dbb1075b37bab5bc83b1ac9182ff4f58c22040b8?s=96&d=mm&r=g\",\"contentUrl\":\"https:\/\/secure.gravatar.com\/avatar\/9795a8b3afc7ed258d167a92dbb1075b37bab5bc83b1ac9182ff4f58c22040b8?s=96&d=mm&r=g\",\"caption\":\"access4you\"},\"sameAs\":[\"http:\/\/localhost\/access4you\"],\"url\":\"https:\/\/news.access4you.io\/en\/author\/access4you\/\"}]}<\/script>\n<!-- \/ Yoast SEO plugin. -->","yoast_head_json":{"title":"akad\u00e1lymentes\u00edt\u00e9s szak\u00e1gi tervez\u00e9s Atenor Access4you","description":"Access4you H\u00edrek A speci\u00e1lis ig\u00e9ny\u0171 munkav\u00e1llal\u00f3kra is gondolnak az irodafejleszt\u0151k akad\u00e1lymentes szak\u00e1gi tervez\u00e9s Atenor irodafejleszt\u0151","robots":{"index":"index","follow":"follow","max-snippet":"max-snippet:-1","max-image-preview":"max-image-preview:large","max-video-preview":"max-video-preview:-1"},"canonical":"https:\/\/news.access4you.io\/en\/2019\/08\/01\/a-specialis-igenyu-munkavallalokra-is-gondolnak-az-irodafejlesztok\/","og_locale":"en_US","og_type":"article","og_title":"akad\u00e1lymentes\u00edt\u00e9s szak\u00e1gi tervez\u00e9s Atenor Access4you","og_description":"Access4you H\u00edrek A speci\u00e1lis ig\u00e9ny\u0171 munkav\u00e1llal\u00f3kra is gondolnak az irodafejleszt\u0151k akad\u00e1lymentes szak\u00e1gi tervez\u00e9s Atenor irodafejleszt\u0151","og_url":"https:\/\/news.access4you.io\/en\/2019\/08\/01\/a-specialis-igenyu-munkavallalokra-is-gondolnak-az-irodafejlesztok\/","og_site_name":"Access4you H\u00edrek","article_published_time":"2019-08-01T12:39:19+00:00","article_modified_time":"2020-08-07T12:29:15+00:00","og_image":[{"width":1200,"height":630,"url":"https:\/\/news.access4you.io\/wp-content\/uploads\/2019\/07\/portfolio_logo.jpg","type":"image\/jpeg"}],"author":"access4you","twitter_card":"summary_large_image","twitter_misc":{"Written by":"access4you","Est. reading time":"1 minute"},"schema":{"@context":"https:\/\/schema.org","@graph":[{"@type":"Article","@id":"https:\/\/news.access4you.io\/2019\/08\/01\/a-specialis-igenyu-munkavallalokra-is-gondolnak-az-irodafejlesztok\/#article","isPartOf":{"@id":"https:\/\/news.access4you.io\/2019\/08\/01\/a-specialis-igenyu-munkavallalokra-is-gondolnak-az-irodafejlesztok\/"},"author":{"name":"access4you","@id":"https:\/\/news.access4you.io\/#\/schema\/person\/cb4fff088aa5f5f43a6f4ce3a1e2e084"},"headline":"A speci\u00e1lis ig\u00e9ny\u0171 munkav\u00e1llal\u00f3kra is gondolnak az irodafejleszt\u0151k","datePublished":"2019-08-01T12:39:19+00:00","dateModified":"2020-08-07T12:29:15+00:00","mainEntityOfPage":{"@id":"https:\/\/news.access4you.io\/2019\/08\/01\/a-specialis-igenyu-munkavallalokra-is-gondolnak-az-irodafejlesztok\/"},"wordCount":271,"publisher":{"@id":"https:\/\/news.access4you.io\/#organization"},"image":{"@id":"https:\/\/news.access4you.io\/2019\/08\/01\/a-specialis-igenyu-munkavallalokra-is-gondolnak-az-irodafejlesztok\/#primaryimage"},"thumbnailUrl":"https:\/\/news.access4you.io\/wp-content\/uploads\/2019\/07\/portfolio_logo.jpg","keywords":["Access4You","akad\u00e1lymentes","speci\u00e1lis ig\u00e9ny\u0171ek","ATENOR","rehabilit\u00e1ci\u00f3s szakm\u00e9rn\u00f6k","szak\u00e1gi tervez\u00e9s"],"articleSection":["Blog","Sajt\u00f3szemle"],"inLanguage":"en-US"},{"@type":"WebPage","@id":"https:\/\/news.access4you.io\/2019\/08\/01\/a-specialis-igenyu-munkavallalokra-is-gondolnak-az-irodafejlesztok\/","url":"https:\/\/news.access4you.io\/2019\/08\/01\/a-specialis-igenyu-munkavallalokra-is-gondolnak-az-irodafejlesztok\/","name":"akad\u00e1lymentes\u00edt\u00e9s szak\u00e1gi tervez\u00e9s Atenor Access4you","isPartOf":{"@id":"https:\/\/news.access4you.io\/#website"},"primaryImageOfPage":{"@id":"https:\/\/news.access4you.io\/2019\/08\/01\/a-specialis-igenyu-munkavallalokra-is-gondolnak-az-irodafejlesztok\/#primaryimage"},"image":{"@id":"https:\/\/news.access4you.io\/2019\/08\/01\/a-specialis-igenyu-munkavallalokra-is-gondolnak-az-irodafejlesztok\/#primaryimage"},"thumbnailUrl":"https:\/\/news.access4you.io\/wp-content\/uploads\/2019\/07\/portfolio_logo.jpg","datePublished":"2019-08-01T12:39:19+00:00","dateModified":"2020-08-07T12:29:15+00:00","description":"Access4you H\u00edrek A speci\u00e1lis ig\u00e9ny\u0171 munkav\u00e1llal\u00f3kra is gondolnak az irodafejleszt\u0151k akad\u00e1lymentes szak\u00e1gi tervez\u00e9s Atenor irodafejleszt\u0151","breadcrumb":{"@id":"https:\/\/news.access4you.io\/2019\/08\/01\/a-specialis-igenyu-munkavallalokra-is-gondolnak-az-irodafejlesztok\/#breadcrumb"},"inLanguage":"en-US","potentialAction":[{"@type":"ReadAction","target":["https:\/\/news.access4you.io\/2019\/08\/01\/a-specialis-igenyu-munkavallalokra-is-gondolnak-az-irodafejlesztok\/"]}]},{"@type":"ImageObject","inLanguage":"en-US","@id":"https:\/\/news.access4you.io\/2019\/08\/01\/a-specialis-igenyu-munkavallalokra-is-gondolnak-az-irodafejlesztok\/#primaryimage","url":"https:\/\/news.access4you.io\/wp-content\/uploads\/2019\/07\/portfolio_logo.jpg","contentUrl":"https:\/\/news.access4you.io\/wp-content\/uploads\/2019\/07\/portfolio_logo.jpg","width":1200,"height":630,"caption":""},{"@type":"BreadcrumbList","@id":"https:\/\/news.access4you.io\/2019\/08\/01\/a-specialis-igenyu-munkavallalokra-is-gondolnak-az-irodafejlesztok\/#breadcrumb","itemListElement":[{"@type":"ListItem","position":1,"name":"Kezd\u0151lap","item":"https:\/\/news.access4you.io\/"},{"@type":"ListItem","position":2,"name":"A speci\u00e1lis ig\u00e9ny\u0171 munkav\u00e1llal\u00f3kra is gondolnak az irodafejleszt\u0151k"}]},{"@type":"WebSite","@id":"https:\/\/news.access4you.io\/#website","url":"https:\/\/news.access4you.io\/","name":"Access4you H\u00edrek","description":"","publisher":{"@id":"https:\/\/news.access4you.io\/#organization"},"potentialAction":[{"@type":"SearchAction","target":{"@type":"EntryPoint","urlTemplate":"https:\/\/news.access4you.io\/?s={search_term_string}"},"query-input":{"@type":"PropertyValueSpecification","valueRequired":true,"valueName":"search_term_string"}}],"inLanguage":"en-US"},{"@type":"Organization","@id":"https:\/\/news.access4you.io\/#organization","name":"Access4you H\u00edrek","url":"https:\/\/news.access4you.io\/","logo":{"@type":"ImageObject","inLanguage":"en-US","@id":"https:\/\/news.access4you.io\/#\/schema\/logo\/image\/","url":"https:\/\/news.access4you.io\/wp-content\/uploads\/2021\/01\/a4u-logo-black.png","contentUrl":"https:\/\/news.access4you.io\/wp-content\/uploads\/2021\/01\/a4u-logo-black.png","width":726,"height":454,"caption":"Access4you H\u00edrek"},"image":{"@id":"https:\/\/news.access4you.io\/#\/schema\/logo\/image\/"}},{"@type":"Person","@id":"https:\/\/news.access4you.io\/#\/schema\/person\/cb4fff088aa5f5f43a6f4ce3a1e2e084","name":"access4you","image":{"@type":"ImageObject","inLanguage":"en-US","@id":"https:\/\/news.access4you.io\/#\/schema\/person\/image\/","url":"https:\/\/secure.gravatar.com\/avatar\/9795a8b3afc7ed258d167a92dbb1075b37bab5bc83b1ac9182ff4f58c22040b8?s=96&d=mm&r=g","contentUrl":"https:\/\/secure.gravatar.com\/avatar\/9795a8b3afc7ed258d167a92dbb1075b37bab5bc83b1ac9182ff4f58c22040b8?s=96&d=mm&r=g","caption":"access4you"},"sameAs":["http:\/\/localhost\/access4you"],"url":"https:\/\/news.access4you.io\/en\/author\/access4you\/"}]}},"_links":{"self":[{"href":"https:\/\/news.access4you.io\/en\/wp-json\/wp\/v2\/posts\/1601","targetHints":{"allow":["GET"]}}],"collection":[{"href":"https:\/\/news.access4you.io\/en\/wp-json\/wp\/v2\/posts"}],"about":[{"href":"https:\/\/news.access4you.io\/en\/wp-json\/wp\/v2\/types\/post"}],"author":[{"embeddable":true,"href":"https:\/\/news.access4you.io\/en\/wp-json\/wp\/v2\/users\/1"}],"replies":[{"embeddable":true,"href":"https:\/\/news.access4you.io\/en\/wp-json\/wp\/v2\/comments?post=1601"}],"version-history":[{"count":0,"href":"https:\/\/news.access4you.io\/en\/wp-json\/wp\/v2\/posts\/1601\/revisions"}],"wp:featuredmedia":[{"embeddable":true,"href":"https:\/\/news.access4you.io\/en\/wp-json\/wp\/v2\/media\/1479"}],"wp:attachment":[{"href":"https:\/\/news.access4you.io\/en\/wp-json\/wp\/v2\/media?parent=1601"}],"wp:term":[{"taxonomy":"category","embeddable":true,"href":"https:\/\/news.access4you.io\/en\/wp-json\/wp\/v2\/categories?post=1601"},{"taxonomy":"post_tag","embeddable":true,"href":"https:\/\/news.access4you.io\/en\/wp-json\/wp\/v2\/tags?post=1601"}],"curies":[{"name":"wp","href":"https:\/\/api.w.org\/{rel}","templated":true}]}}