{"id":1852,"date":"2019-08-26T18:10:39","date_gmt":"2019-08-26T18:10:39","guid":{"rendered":"http:\/\/access4you.io\/?p=1852"},"modified":"2020-08-07T12:26:17","modified_gmt":"2020-08-07T12:26:17","slug":"de-mi-van-ha-megsem-akadalymentes-az-annak-feltuntetett-hely","status":"publish","type":"post","link":"https:\/\/news.access4you.io\/en\/2019\/08\/26\/de-mi-van-ha-megsem-akadalymentes-az-annak-feltuntetett-hely\/","title":{"rendered":"De mi van, ha m\u00e9gsem akad\u00e1lymentes az annak felt\u00fcntetett hely?"},"content":{"rendered":"<p>\u201eAzt mondja egy k\u00e1v\u00e9z\u00f3 mag\u00e1r\u00f3l, hogy a hely akad\u00e1lymentes. De ha odamegy egy mozg\u00e1ss\u00e9r\u00fclt, egy l\u00e1t\u00e1s- vagy hall\u00e1ss\u00e9r\u00fclt, vagy valamilyen kognit\u00edv betegs\u00e9ggel k\u00fczd\u0151 ember, kor\u00e1nt sem biztos, hogy \u0151 is egyet\u00e9rt ezzel a min\u0151s\u00edt\u00e9ssel. Az \u00fczemeltet\u0151nek ugyanis nem mindig azt jelenti az akad\u00e1lymentess\u00e9g, mint a felhaszn\u00e1l\u00f3nak,&nbsp;\u00edgy nem megt\u00e9veszt\u00e9sb\u0151l \u00e1ll\u00edtj\u00e1k, hogy \u0151k megfelelnek az akad\u00e1lymentess\u00e9gnek, hanem egyszer\u0171en az \u00fczemeltet\u0151nek nincs arr\u00f3l fogalma, hogy a felhaszn\u00e1l\u00f3nak melyek a val\u00f3s ig\u00e9nyei.&nbsp;\u00d6sszess\u00e9g\u00e9ben teh\u00e1t vagy hi\u00e1nyzik az inform\u00e1ci\u00f3 az akad\u00e1lymentess\u00e9gr\u0151l, vagy ha van az nem hiteles \u00e9s r\u00e9szletes!&#8221;&nbsp;\u2013 mondja Berecz, aki szerint m\u00e9g az a jobb eset, ha egy hely egy\u00e1ltal\u00e1n gondol az akad\u00e1lymentess\u00e9gre \u00e9s megpr\u00f3b\u00e1lja ezt az inform\u00e1ci\u00f3t k\u00f6zvet\u00edteni is.<\/p>\n<p>Forr\u00e1s: <a href=\"https:\/\/hvg.hu\/elet\/20190826_access4you_akadalymentesites_kerekesszek\">https:\/\/hvg.hu\/elet\/20190826_access4you_akadalymentesites_kerekesszek<\/a><\/p>","protected":false},"excerpt":{"rendered":"<p>\u201eAzt mondja egy k\u00e1v\u00e9z\u00f3 mag\u00e1r\u00f3l, hogy a hely akad\u00e1lymentes. De ha odamegy egy mozg\u00e1ss\u00e9r\u00fclt, egy l\u00e1t\u00e1s- vagy hall\u00e1ss\u00e9r\u00fclt, vagy valamilyen kognit\u00edv betegs\u00e9ggel k\u00fczd\u0151 ember, kor\u00e1nt sem biztos, hogy \u0151 is egyet\u00e9rt ezzel a min\u0151s\u00edt\u00e9ssel. Az \u00fczemeltet\u0151nek ugyanis nem mindig azt jelenti az akad\u00e1lymentess\u00e9g, mint a felhaszn\u00e1l\u00f3nak,&nbsp;\u00edgy nem megt\u00e9veszt\u00e9sb\u0151l \u00e1ll\u00edtj\u00e1k, hogy \u0151k megfelelnek az akad\u00e1lymentess\u00e9gnek, hanem [&hellip;]<\/p>","protected":false},"author":1,"featured_media":1856,"comment_status":"closed","ping_status":"closed","sticky":false,"template":"","format":"standard","meta":{"footnotes":""},"categories":[10,17],"tags":[7,8,9,12,15,26,27,28,29,30],"class_list":["post-1852","post","type-post","status-publish","format-standard","has-post-thumbnail","hentry","category-blog","category-sajtoszemle","tag-access4you","tag-akadalymentes","tag-berecz-balazs","tag-minosites","tag-tanusitas","tag-akadalymentesites","tag-europai-tanusito-vedjegy","tag-hiteles-informacio","tag-hvg","tag-specialis-igenyu"],"yoast_head":"<!-- This site is optimized with the Yoast SEO plugin v23.8 - https:\/\/yoast.com\/wordpress\/plugins\/seo\/ -->\n<title>De mi van, ha m\u00e9gsem akad\u00e1lymentes az annak felt\u00fcntetett hely? -<\/title>\n<meta name=\"description\" content=\"Akad\u00e1lymentes\u00edt\u00e9s tan\u00fas\u00edt\u00f3 v\u00e1llalkoz\u00e1s Access4you Berecz Bal\u00e1zs Access4you H\u00edrek De mi van, ha m\u00e9gsem akad\u00e1lymentes az annak felt\u00fcntetett hely?\" \/>\n<meta name=\"robots\" content=\"index, follow, max-snippet:-1, max-image-preview:large, max-video-preview:-1\" \/>\n<link rel=\"canonical\" href=\"https:\/\/news.access4you.io\/en\/2019\/08\/26\/de-mi-van-ha-megsem-akadalymentes-az-annak-feltuntetett-hely\/\" \/>\n<meta property=\"og:locale\" content=\"en_US\" \/>\n<meta property=\"og:type\" content=\"article\" \/>\n<meta property=\"og:title\" content=\"De mi van, ha m\u00e9gsem akad\u00e1lymentes az annak felt\u00fcntetett hely? -\" \/>\n<meta property=\"og:description\" content=\"Akad\u00e1lymentes\u00edt\u00e9s tan\u00fas\u00edt\u00f3 v\u00e1llalkoz\u00e1s Access4you Berecz Bal\u00e1zs Access4you H\u00edrek De mi van, ha m\u00e9gsem akad\u00e1lymentes az annak felt\u00fcntetett hely?\" \/>\n<meta property=\"og:url\" content=\"https:\/\/news.access4you.io\/en\/2019\/08\/26\/de-mi-van-ha-megsem-akadalymentes-az-annak-feltuntetett-hely\/\" \/>\n<meta property=\"og:site_name\" content=\"Access4you H\u00edrek\" \/>\n<meta property=\"article:published_time\" content=\"2019-08-26T18:10:39+00:00\" \/>\n<meta property=\"article:modified_time\" content=\"2020-08-07T12:26:17+00:00\" \/>\n<meta property=\"og:image\" content=\"https:\/\/news.access4you.io\/wp-content\/uploads\/2019\/08\/hvg-hu-social-logo.png\" \/>\n\t<meta property=\"og:image:width\" content=\"600\" \/>\n\t<meta property=\"og:image:height\" content=\"315\" \/>\n\t<meta property=\"og:image:type\" content=\"image\/png\" \/>\n<meta name=\"author\" content=\"access4you\" \/>\n<meta name=\"twitter:card\" content=\"summary_large_image\" \/>\n<meta name=\"twitter:label1\" content=\"Written by\" \/>\n\t<meta name=\"twitter:data1\" content=\"access4you\" \/>\n\t<meta name=\"twitter:label2\" content=\"Est. reading time\" \/>\n\t<meta name=\"twitter:data2\" content=\"1 minute\" \/>\n<script type=\"application\/ld+json\" class=\"yoast-schema-graph\">{\"@context\":\"https:\/\/schema.org\",\"@graph\":[{\"@type\":\"Article\",\"@id\":\"https:\/\/news.access4you.io\/2019\/08\/26\/de-mi-van-ha-megsem-akadalymentes-az-annak-feltuntetett-hely\/#article\",\"isPartOf\":{\"@id\":\"https:\/\/news.access4you.io\/2019\/08\/26\/de-mi-van-ha-megsem-akadalymentes-az-annak-feltuntetett-hely\/\"},\"author\":{\"name\":\"access4you\",\"@id\":\"https:\/\/news.access4you.io\/#\/schema\/person\/cb4fff088aa5f5f43a6f4ce3a1e2e084\"},\"headline\":\"De mi van, ha m\u00e9gsem akad\u00e1lymentes az annak felt\u00fcntetett hely?\",\"datePublished\":\"2019-08-26T18:10:39+00:00\",\"dateModified\":\"2020-08-07T12:26:17+00:00\",\"mainEntityOfPage\":{\"@id\":\"https:\/\/news.access4you.io\/2019\/08\/26\/de-mi-van-ha-megsem-akadalymentes-az-annak-feltuntetett-hely\/\"},\"wordCount\":193,\"publisher\":{\"@id\":\"https:\/\/news.access4you.io\/#organization\"},\"image\":{\"@id\":\"https:\/\/news.access4you.io\/2019\/08\/26\/de-mi-van-ha-megsem-akadalymentes-az-annak-feltuntetett-hely\/#primaryimage\"},\"thumbnailUrl\":\"https:\/\/news.access4you.io\/wp-content\/uploads\/2019\/08\/hvg-hu-social-logo.png\",\"keywords\":[\"Access4You\",\"akad\u00e1lymentes\",\"Berecz Bal\u00e1zs\",\"min\u0151s\u00edt\u00e9s\",\"tan\u00fas\u00edt\u00e1s\",\"akad\u00e1lymentes\u00edt\u00e9s\",\"eur\u00f3pai tan\u00fas\u00edt\u00f3 v\u00e9djegy\",\"hiteles inform\u00e1ci\u00f3\",\"HVG\",\"speci\u00e1lis ig\u00e9ny\u0171\"],\"articleSection\":[\"Blog\",\"Sajt\u00f3szemle\"],\"inLanguage\":\"en-US\"},{\"@type\":\"WebPage\",\"@id\":\"https:\/\/news.access4you.io\/2019\/08\/26\/de-mi-van-ha-megsem-akadalymentes-az-annak-feltuntetett-hely\/\",\"url\":\"https:\/\/news.access4you.io\/2019\/08\/26\/de-mi-van-ha-megsem-akadalymentes-az-annak-feltuntetett-hely\/\",\"name\":\"De mi van, ha m\u00e9gsem akad\u00e1lymentes az annak felt\u00fcntetett hely? -\",\"isPartOf\":{\"@id\":\"https:\/\/news.access4you.io\/#website\"},\"primaryImageOfPage\":{\"@id\":\"https:\/\/news.access4you.io\/2019\/08\/26\/de-mi-van-ha-megsem-akadalymentes-az-annak-feltuntetett-hely\/#primaryimage\"},\"image\":{\"@id\":\"https:\/\/news.access4you.io\/2019\/08\/26\/de-mi-van-ha-megsem-akadalymentes-az-annak-feltuntetett-hely\/#primaryimage\"},\"thumbnailUrl\":\"https:\/\/news.access4you.io\/wp-content\/uploads\/2019\/08\/hvg-hu-social-logo.png\",\"datePublished\":\"2019-08-26T18:10:39+00:00\",\"dateModified\":\"2020-08-07T12:26:17+00:00\",\"description\":\"Akad\u00e1lymentes\u00edt\u00e9s tan\u00fas\u00edt\u00f3 v\u00e1llalkoz\u00e1s Access4you Berecz Bal\u00e1zs Access4you H\u00edrek De mi van, ha m\u00e9gsem akad\u00e1lymentes az annak felt\u00fcntetett hely?\",\"breadcrumb\":{\"@id\":\"https:\/\/news.access4you.io\/2019\/08\/26\/de-mi-van-ha-megsem-akadalymentes-az-annak-feltuntetett-hely\/#breadcrumb\"},\"inLanguage\":\"en-US\",\"potentialAction\":[{\"@type\":\"ReadAction\",\"target\":[\"https:\/\/news.access4you.io\/2019\/08\/26\/de-mi-van-ha-megsem-akadalymentes-az-annak-feltuntetett-hely\/\"]}]},{\"@type\":\"ImageObject\",\"inLanguage\":\"en-US\",\"@id\":\"https:\/\/news.access4you.io\/2019\/08\/26\/de-mi-van-ha-megsem-akadalymentes-az-annak-feltuntetett-hely\/#primaryimage\",\"url\":\"https:\/\/news.access4you.io\/wp-content\/uploads\/2019\/08\/hvg-hu-social-logo.png\",\"contentUrl\":\"https:\/\/news.access4you.io\/wp-content\/uploads\/2019\/08\/hvg-hu-social-logo.png\",\"width\":600,\"height\":315,\"caption\":\"\"},{\"@type\":\"BreadcrumbList\",\"@id\":\"https:\/\/news.access4you.io\/2019\/08\/26\/de-mi-van-ha-megsem-akadalymentes-az-annak-feltuntetett-hely\/#breadcrumb\",\"itemListElement\":[{\"@type\":\"ListItem\",\"position\":1,\"name\":\"Kezd\u0151lap\",\"item\":\"https:\/\/news.access4you.io\/\"},{\"@type\":\"ListItem\",\"position\":2,\"name\":\"De mi van, ha m\u00e9gsem akad\u00e1lymentes az annak felt\u00fcntetett hely?\"}]},{\"@type\":\"WebSite\",\"@id\":\"https:\/\/news.access4you.io\/#website\",\"url\":\"https:\/\/news.access4you.io\/\",\"name\":\"Access4you H\u00edrek\",\"description\":\"\",\"publisher\":{\"@id\":\"https:\/\/news.access4you.io\/#organization\"},\"potentialAction\":[{\"@type\":\"SearchAction\",\"target\":{\"@type\":\"EntryPoint\",\"urlTemplate\":\"https:\/\/news.access4you.io\/?s={search_term_string}\"},\"query-input\":{\"@type\":\"PropertyValueSpecification\",\"valueRequired\":true,\"valueName\":\"search_term_string\"}}],\"inLanguage\":\"en-US\"},{\"@type\":\"Organization\",\"@id\":\"https:\/\/news.access4you.io\/#organization\",\"name\":\"Access4you H\u00edrek\",\"url\":\"https:\/\/news.access4you.io\/\",\"logo\":{\"@type\":\"ImageObject\",\"inLanguage\":\"en-US\",\"@id\":\"https:\/\/news.access4you.io\/#\/schema\/logo\/image\/\",\"url\":\"https:\/\/news.access4you.io\/wp-content\/uploads\/2021\/01\/a4u-logo-black.png\",\"contentUrl\":\"https:\/\/news.access4you.io\/wp-content\/uploads\/2021\/01\/a4u-logo-black.png\",\"width\":726,\"height\":454,\"caption\":\"Access4you H\u00edrek\"},\"image\":{\"@id\":\"https:\/\/news.access4you.io\/#\/schema\/logo\/image\/\"}},{\"@type\":\"Person\",\"@id\":\"https:\/\/news.access4you.io\/#\/schema\/person\/cb4fff088aa5f5f43a6f4ce3a1e2e084\",\"name\":\"access4you\",\"image\":{\"@type\":\"ImageObject\",\"inLanguage\":\"en-US\",\"@id\":\"https:\/\/news.access4you.io\/#\/schema\/person\/image\/\",\"url\":\"https:\/\/secure.gravatar.com\/avatar\/9795a8b3afc7ed258d167a92dbb1075b37bab5bc83b1ac9182ff4f58c22040b8?s=96&d=mm&r=g\",\"contentUrl\":\"https:\/\/secure.gravatar.com\/avatar\/9795a8b3afc7ed258d167a92dbb1075b37bab5bc83b1ac9182ff4f58c22040b8?s=96&d=mm&r=g\",\"caption\":\"access4you\"},\"sameAs\":[\"http:\/\/localhost\/access4you\"],\"url\":\"https:\/\/news.access4you.io\/en\/author\/access4you\/\"}]}<\/script>\n<!-- \/ Yoast SEO plugin. -->","yoast_head_json":{"title":"De mi van, ha m\u00e9gsem akad\u00e1lymentes az annak felt\u00fcntetett hely? -","description":"Akad\u00e1lymentes\u00edt\u00e9s tan\u00fas\u00edt\u00f3 v\u00e1llalkoz\u00e1s Access4you Berecz Bal\u00e1zs Access4you H\u00edrek De mi van, ha m\u00e9gsem akad\u00e1lymentes az annak felt\u00fcntetett hely?","robots":{"index":"index","follow":"follow","max-snippet":"max-snippet:-1","max-image-preview":"max-image-preview:large","max-video-preview":"max-video-preview:-1"},"canonical":"https:\/\/news.access4you.io\/en\/2019\/08\/26\/de-mi-van-ha-megsem-akadalymentes-az-annak-feltuntetett-hely\/","og_locale":"en_US","og_type":"article","og_title":"De mi van, ha m\u00e9gsem akad\u00e1lymentes az annak felt\u00fcntetett hely? -","og_description":"Akad\u00e1lymentes\u00edt\u00e9s tan\u00fas\u00edt\u00f3 v\u00e1llalkoz\u00e1s Access4you Berecz Bal\u00e1zs Access4you H\u00edrek De mi van, ha m\u00e9gsem akad\u00e1lymentes az annak felt\u00fcntetett hely?","og_url":"https:\/\/news.access4you.io\/en\/2019\/08\/26\/de-mi-van-ha-megsem-akadalymentes-az-annak-feltuntetett-hely\/","og_site_name":"Access4you H\u00edrek","article_published_time":"2019-08-26T18:10:39+00:00","article_modified_time":"2020-08-07T12:26:17+00:00","og_image":[{"width":600,"height":315,"url":"https:\/\/news.access4you.io\/wp-content\/uploads\/2019\/08\/hvg-hu-social-logo.png","type":"image\/png"}],"author":"access4you","twitter_card":"summary_large_image","twitter_misc":{"Written by":"access4you","Est. reading time":"1 minute"},"schema":{"@context":"https:\/\/schema.org","@graph":[{"@type":"Article","@id":"https:\/\/news.access4you.io\/2019\/08\/26\/de-mi-van-ha-megsem-akadalymentes-az-annak-feltuntetett-hely\/#article","isPartOf":{"@id":"https:\/\/news.access4you.io\/2019\/08\/26\/de-mi-van-ha-megsem-akadalymentes-az-annak-feltuntetett-hely\/"},"author":{"name":"access4you","@id":"https:\/\/news.access4you.io\/#\/schema\/person\/cb4fff088aa5f5f43a6f4ce3a1e2e084"},"headline":"De mi van, ha m\u00e9gsem akad\u00e1lymentes az annak felt\u00fcntetett hely?","datePublished":"2019-08-26T18:10:39+00:00","dateModified":"2020-08-07T12:26:17+00:00","mainEntityOfPage":{"@id":"https:\/\/news.access4you.io\/2019\/08\/26\/de-mi-van-ha-megsem-akadalymentes-az-annak-feltuntetett-hely\/"},"wordCount":193,"publisher":{"@id":"https:\/\/news.access4you.io\/#organization"},"image":{"@id":"https:\/\/news.access4you.io\/2019\/08\/26\/de-mi-van-ha-megsem-akadalymentes-az-annak-feltuntetett-hely\/#primaryimage"},"thumbnailUrl":"https:\/\/news.access4you.io\/wp-content\/uploads\/2019\/08\/hvg-hu-social-logo.png","keywords":["Access4You","akad\u00e1lymentes","Berecz Bal\u00e1zs","min\u0151s\u00edt\u00e9s","tan\u00fas\u00edt\u00e1s","akad\u00e1lymentes\u00edt\u00e9s","eur\u00f3pai tan\u00fas\u00edt\u00f3 v\u00e9djegy","hiteles inform\u00e1ci\u00f3","HVG","speci\u00e1lis ig\u00e9ny\u0171"],"articleSection":["Blog","Sajt\u00f3szemle"],"inLanguage":"en-US"},{"@type":"WebPage","@id":"https:\/\/news.access4you.io\/2019\/08\/26\/de-mi-van-ha-megsem-akadalymentes-az-annak-feltuntetett-hely\/","url":"https:\/\/news.access4you.io\/2019\/08\/26\/de-mi-van-ha-megsem-akadalymentes-az-annak-feltuntetett-hely\/","name":"De mi van, ha m\u00e9gsem akad\u00e1lymentes az annak felt\u00fcntetett hely? -","isPartOf":{"@id":"https:\/\/news.access4you.io\/#website"},"primaryImageOfPage":{"@id":"https:\/\/news.access4you.io\/2019\/08\/26\/de-mi-van-ha-megsem-akadalymentes-az-annak-feltuntetett-hely\/#primaryimage"},"image":{"@id":"https:\/\/news.access4you.io\/2019\/08\/26\/de-mi-van-ha-megsem-akadalymentes-az-annak-feltuntetett-hely\/#primaryimage"},"thumbnailUrl":"https:\/\/news.access4you.io\/wp-content\/uploads\/2019\/08\/hvg-hu-social-logo.png","datePublished":"2019-08-26T18:10:39+00:00","dateModified":"2020-08-07T12:26:17+00:00","description":"Akad\u00e1lymentes\u00edt\u00e9s tan\u00fas\u00edt\u00f3 v\u00e1llalkoz\u00e1s Access4you Berecz Bal\u00e1zs Access4you H\u00edrek De mi van, ha m\u00e9gsem akad\u00e1lymentes az annak felt\u00fcntetett hely?","breadcrumb":{"@id":"https:\/\/news.access4you.io\/2019\/08\/26\/de-mi-van-ha-megsem-akadalymentes-az-annak-feltuntetett-hely\/#breadcrumb"},"inLanguage":"en-US","potentialAction":[{"@type":"ReadAction","target":["https:\/\/news.access4you.io\/2019\/08\/26\/de-mi-van-ha-megsem-akadalymentes-az-annak-feltuntetett-hely\/"]}]},{"@type":"ImageObject","inLanguage":"en-US","@id":"https:\/\/news.access4you.io\/2019\/08\/26\/de-mi-van-ha-megsem-akadalymentes-az-annak-feltuntetett-hely\/#primaryimage","url":"https:\/\/news.access4you.io\/wp-content\/uploads\/2019\/08\/hvg-hu-social-logo.png","contentUrl":"https:\/\/news.access4you.io\/wp-content\/uploads\/2019\/08\/hvg-hu-social-logo.png","width":600,"height":315,"caption":""},{"@type":"BreadcrumbList","@id":"https:\/\/news.access4you.io\/2019\/08\/26\/de-mi-van-ha-megsem-akadalymentes-az-annak-feltuntetett-hely\/#breadcrumb","itemListElement":[{"@type":"ListItem","position":1,"name":"Kezd\u0151lap","item":"https:\/\/news.access4you.io\/"},{"@type":"ListItem","position":2,"name":"De mi van, ha m\u00e9gsem akad\u00e1lymentes az annak felt\u00fcntetett hely?"}]},{"@type":"WebSite","@id":"https:\/\/news.access4you.io\/#website","url":"https:\/\/news.access4you.io\/","name":"Access4you H\u00edrek","description":"","publisher":{"@id":"https:\/\/news.access4you.io\/#organization"},"potentialAction":[{"@type":"SearchAction","target":{"@type":"EntryPoint","urlTemplate":"https:\/\/news.access4you.io\/?s={search_term_string}"},"query-input":{"@type":"PropertyValueSpecification","valueRequired":true,"valueName":"search_term_string"}}],"inLanguage":"en-US"},{"@type":"Organization","@id":"https:\/\/news.access4you.io\/#organization","name":"Access4you H\u00edrek","url":"https:\/\/news.access4you.io\/","logo":{"@type":"ImageObject","inLanguage":"en-US","@id":"https:\/\/news.access4you.io\/#\/schema\/logo\/image\/","url":"https:\/\/news.access4you.io\/wp-content\/uploads\/2021\/01\/a4u-logo-black.png","contentUrl":"https:\/\/news.access4you.io\/wp-content\/uploads\/2021\/01\/a4u-logo-black.png","width":726,"height":454,"caption":"Access4you H\u00edrek"},"image":{"@id":"https:\/\/news.access4you.io\/#\/schema\/logo\/image\/"}},{"@type":"Person","@id":"https:\/\/news.access4you.io\/#\/schema\/person\/cb4fff088aa5f5f43a6f4ce3a1e2e084","name":"access4you","image":{"@type":"ImageObject","inLanguage":"en-US","@id":"https:\/\/news.access4you.io\/#\/schema\/person\/image\/","url":"https:\/\/secure.gravatar.com\/avatar\/9795a8b3afc7ed258d167a92dbb1075b37bab5bc83b1ac9182ff4f58c22040b8?s=96&d=mm&r=g","contentUrl":"https:\/\/secure.gravatar.com\/avatar\/9795a8b3afc7ed258d167a92dbb1075b37bab5bc83b1ac9182ff4f58c22040b8?s=96&d=mm&r=g","caption":"access4you"},"sameAs":["http:\/\/localhost\/access4you"],"url":"https:\/\/news.access4you.io\/en\/author\/access4you\/"}]}},"_links":{"self":[{"href":"https:\/\/news.access4you.io\/en\/wp-json\/wp\/v2\/posts\/1852","targetHints":{"allow":["GET"]}}],"collection":[{"href":"https:\/\/news.access4you.io\/en\/wp-json\/wp\/v2\/posts"}],"about":[{"href":"https:\/\/news.access4you.io\/en\/wp-json\/wp\/v2\/types\/post"}],"author":[{"embeddable":true,"href":"https:\/\/news.access4you.io\/en\/wp-json\/wp\/v2\/users\/1"}],"replies":[{"embeddable":true,"href":"https:\/\/news.access4you.io\/en\/wp-json\/wp\/v2\/comments?post=1852"}],"version-history":[{"count":0,"href":"https:\/\/news.access4you.io\/en\/wp-json\/wp\/v2\/posts\/1852\/revisions"}],"wp:featuredmedia":[{"embeddable":true,"href":"https:\/\/news.access4you.io\/en\/wp-json\/wp\/v2\/media\/1856"}],"wp:attachment":[{"href":"https:\/\/news.access4you.io\/en\/wp-json\/wp\/v2\/media?parent=1852"}],"wp:term":[{"taxonomy":"category","embeddable":true,"href":"https:\/\/news.access4you.io\/en\/wp-json\/wp\/v2\/categories?post=1852"},{"taxonomy":"post_tag","embeddable":true,"href":"https:\/\/news.access4you.io\/en\/wp-json\/wp\/v2\/tags?post=1852"}],"curies":[{"name":"wp","href":"https:\/\/api.w.org\/{rel}","templated":true}]}}