{"id":2433,"date":"2019-09-09T07:40:19","date_gmt":"2019-09-09T07:40:19","guid":{"rendered":"https:\/\/access4you.io\/?p=2433"},"modified":"2021-01-12T08:49:37","modified_gmt":"2021-01-12T08:49:37","slug":"ott-alltam-ejfelkor-a-szallasnal-es-tudtam-sose-fogok-bejutni-akadalymentes-berecz-balazs","status":"publish","type":"post","link":"https:\/\/news.access4you.io\/en\/2019\/09\/09\/ott-alltam-ejfelkor-a-szallasnal-es-tudtam-sose-fogok-bejutni-akadalymentes-berecz-balazs\/","title":{"rendered":"Ott \u00e1lltam \u00e9jf\u00e9lkor a sz\u00e1ll\u00e1sn\u00e1l, \u00e9s tudtam, sose fogok bejutni"},"content":{"rendered":"<div>\n<h5>Berecz Bal\u00e1zs kerekessz\u00e9kes v\u00e1llalkoz\u00f3 Access4you nev\u0171 c\u00e9ge nem kisebb feladatot t\u0171z\u00f6tt ki, mint azt, hogy el\u0151sz\u00f6r magyar, majd eur\u00f3pai helysz\u00edneket, sz\u00e1llod\u00e1kat, irodah\u00e1zakat, bev\u00e1s\u00e1rl\u00f3k\u00f6zpontokat, vagy ak\u00e1r \u00e9ttermeket, fodr\u00e1szatokat audit\u00e1ljon akad\u00e1lymentess\u00e9g szerint. Ez ugyanis kor\u00e1ntsem olyan evidens, mint ahogyan hangzik.<\/h5>\n<div><\/div>\n<\/div>\n<div class=\"cikk-torzs\"><img loading=\"lazy\" decoding=\"async\" class=\"aligncenter wp-image-4111 size-large\" src=\"http:\/\/news.access4you.io\/wp-content\/uploads\/2019\/09\/29404981_421029186839abf9758eca0fa4260ae3_wm-1024x598.jpg\" alt=\"Berecz Bal\u00e1zs\" width=\"800\" height=\"467\" srcset=\"https:\/\/news.access4you.io\/wp-content\/uploads\/2019\/09\/29404981_421029186839abf9758eca0fa4260ae3_wm-1024x598.jpg 1024w, https:\/\/news.access4you.io\/wp-content\/uploads\/2019\/09\/29404981_421029186839abf9758eca0fa4260ae3_wm-300x175.jpg 300w, https:\/\/news.access4you.io\/wp-content\/uploads\/2019\/09\/29404981_421029186839abf9758eca0fa4260ae3_wm-768x448.jpg 768w, https:\/\/news.access4you.io\/wp-content\/uploads\/2019\/09\/29404981_421029186839abf9758eca0fa4260ae3_wm.jpg 1108w\" sizes=\"auto, (max-width: 800px) 100vw, 800px\" \/><\/div>\n<div><\/div>\n<div class=\"cikk-torzs\">Berecz Bal\u00e1zs kerekessz\u00e9kes, de nem egy otthon\u00fcl\u0151s t\u00edpus. Sokat utazik belf\u00f6ld\u00f6n, k\u00fclf\u00f6ld\u00f6n is. Nem szeret \u00fcgyet csin\u00e1lni abb\u00f3l, ha akad\u00e1lyokba \u00fctk\u00f6zik, nem \u00e9r sokat a puffog\u00e1s, ink\u00e1bb a megold\u00e1st keresi. Viszont mindig, mindent igyekszik gondosan el\u0151re megtervezni.<\/div>\n<div><\/div>\n<div>Az remek, ha egy sz\u00e1ll\u00e1s t\u00e9nyleg akad\u00e1lymentes, de azt is nagyon korrektnek tartja, ha elmondj\u00e1k neki, hogy az adott helysz\u00edn nem az. Gondot ink\u00e1bb csak az okoz, ha a helysz\u00ednen der\u00fcl ki, hogy az akad\u00e1lymentesnek \u00edg\u00e9rt sz\u00e1ll\u00e1s, val\u00f3j\u00e1ban nem megk\u00f6zel\u00edthet\u0151 sz\u00e1m\u00e1ra.<\/div>\n<div><\/div>\n<div class=\"cikk-torzs\">R\u00e9szletek: <a href=\"https:\/\/index.hu\/gazdasag\/2019\/09\/07\/bosszankodhatna_is_a_kerekesszekes_tapasztalatai_miatt_de_inkabb_vallalkozast_alapitott_ra\/\"><span style=\"font-size: 10pt;\">https:\/\/index.hu\/gazdasag\/2019\/09\/07\/bosszankodhatna_is_a_kerekesszekes_tapasztalatai_miatt_de_inkabb_vallalkozast_alapitott_ra\/<\/span><\/a><\/p>\n<\/div>","protected":false},"excerpt":{"rendered":"<p>Berecz Bal\u00e1zs kerekessz\u00e9kes v\u00e1llalkoz\u00f3 Access4you nev\u0171 c\u00e9ge nem kisebb feladatot t\u0171z\u00f6tt ki, mint azt, hogy el\u0151sz\u00f6r magyar, majd eur\u00f3pai helysz\u00edneket, sz\u00e1llod\u00e1kat, irodah\u00e1zakat, bev\u00e1s\u00e1rl\u00f3k\u00f6zpontokat, vagy ak\u00e1r \u00e9ttermeket, fodr\u00e1szatokat audit\u00e1ljon akad\u00e1lymentess\u00e9g szerint. Ez ugyanis kor\u00e1ntsem olyan evidens, mint ahogyan hangzik. Berecz Bal\u00e1zs kerekessz\u00e9kes, de nem egy otthon\u00fcl\u0151s t\u00edpus. Sokat utazik belf\u00f6ld\u00f6n, k\u00fclf\u00f6ld\u00f6n is. Nem szeret \u00fcgyet csin\u00e1lni [&hellip;]<\/p>","protected":false},"author":1,"featured_media":3875,"comment_status":"closed","ping_status":"closed","sticky":false,"template":"","format":"standard","meta":{"footnotes":""},"categories":[10,17],"tags":[7,8,9,12,15,26,27,28,30,31],"class_list":["post-2433","post","type-post","status-publish","format-standard","has-post-thumbnail","hentry","category-blog","category-sajtoszemle","tag-access4you","tag-akadalymentes","tag-berecz-balazs","tag-minosites","tag-tanusitas","tag-akadalymentesites","tag-europai-tanusito-vedjegy","tag-hiteles-informacio","tag-specialis-igenyu","tag-index"],"yoast_head":"<!-- This site is optimized with the Yoast SEO plugin v23.8 - https:\/\/yoast.com\/wordpress\/plugins\/seo\/ -->\n<title>Ott \u00e1lltam \u00e9jf\u00e9lkor a sz\u00e1ll\u00e1sn\u00e1l, \u00e9s tudtam, sose fogok bejutni - Access4you H\u00edrek<\/title>\n<meta name=\"description\" content=\"Akad\u00e1lymentes access4you Berecz Bal\u00e1zs M\u00e9ri Tam\u00e1s\" \/>\n<meta name=\"robots\" content=\"index, follow, max-snippet:-1, max-image-preview:large, max-video-preview:-1\" \/>\n<link rel=\"canonical\" href=\"https:\/\/news.access4you.io\/en\/2019\/09\/09\/ott-alltam-ejfelkor-a-szallasnal-es-tudtam-sose-fogok-bejutni-akadalymentes-berecz-balazs\/\" \/>\n<meta property=\"og:locale\" content=\"en_US\" \/>\n<meta property=\"og:type\" content=\"article\" \/>\n<meta property=\"og:title\" content=\"Ott \u00e1lltam \u00e9jf\u00e9lkor a sz\u00e1ll\u00e1sn\u00e1l, \u00e9s tudtam, sose fogok bejutni - Access4you H\u00edrek\" \/>\n<meta property=\"og:description\" content=\"Akad\u00e1lymentes access4you Berecz Bal\u00e1zs M\u00e9ri Tam\u00e1s\" \/>\n<meta property=\"og:url\" content=\"https:\/\/news.access4you.io\/en\/2019\/09\/09\/ott-alltam-ejfelkor-a-szallasnal-es-tudtam-sose-fogok-bejutni-akadalymentes-berecz-balazs\/\" \/>\n<meta property=\"og:site_name\" content=\"Access4you H\u00edrek\" \/>\n<meta property=\"article:published_time\" content=\"2019-09-09T07:40:19+00:00\" \/>\n<meta property=\"article:modified_time\" content=\"2021-01-12T08:49:37+00:00\" \/>\n<meta property=\"og:image\" content=\"https:\/\/news.access4you.io\/wp-content\/uploads\/2019\/09\/index.png\" \/>\n\t<meta property=\"og:image:width\" content=\"512\" \/>\n\t<meta property=\"og:image:height\" content=\"287\" \/>\n\t<meta property=\"og:image:type\" content=\"image\/png\" \/>\n<meta name=\"author\" content=\"access4you\" \/>\n<meta name=\"twitter:card\" content=\"summary_large_image\" \/>\n<meta name=\"twitter:label1\" content=\"Written by\" \/>\n\t<meta name=\"twitter:data1\" content=\"access4you\" \/>\n\t<meta name=\"twitter:label2\" content=\"Est. reading time\" \/>\n\t<meta name=\"twitter:data2\" content=\"1 minute\" \/>\n<script type=\"application\/ld+json\" class=\"yoast-schema-graph\">{\"@context\":\"https:\/\/schema.org\",\"@graph\":[{\"@type\":\"Article\",\"@id\":\"https:\/\/news.access4you.io\/2019\/09\/09\/ott-alltam-ejfelkor-a-szallasnal-es-tudtam-sose-fogok-bejutni-akadalymentes-berecz-balazs\/#article\",\"isPartOf\":{\"@id\":\"https:\/\/news.access4you.io\/2019\/09\/09\/ott-alltam-ejfelkor-a-szallasnal-es-tudtam-sose-fogok-bejutni-akadalymentes-berecz-balazs\/\"},\"author\":{\"name\":\"access4you\",\"@id\":\"https:\/\/news.access4you.io\/#\/schema\/person\/cb4fff088aa5f5f43a6f4ce3a1e2e084\"},\"headline\":\"Ott \u00e1lltam \u00e9jf\u00e9lkor a sz\u00e1ll\u00e1sn\u00e1l, \u00e9s tudtam, sose fogok bejutni\",\"datePublished\":\"2019-09-09T07:40:19+00:00\",\"dateModified\":\"2021-01-12T08:49:37+00:00\",\"mainEntityOfPage\":{\"@id\":\"https:\/\/news.access4you.io\/2019\/09\/09\/ott-alltam-ejfelkor-a-szallasnal-es-tudtam-sose-fogok-bejutni-akadalymentes-berecz-balazs\/\"},\"wordCount\":208,\"publisher\":{\"@id\":\"https:\/\/news.access4you.io\/#organization\"},\"image\":{\"@id\":\"https:\/\/news.access4you.io\/2019\/09\/09\/ott-alltam-ejfelkor-a-szallasnal-es-tudtam-sose-fogok-bejutni-akadalymentes-berecz-balazs\/#primaryimage\"},\"thumbnailUrl\":\"https:\/\/news.access4you.io\/wp-content\/uploads\/2019\/09\/index.png\",\"keywords\":[\"Access4You\",\"akad\u00e1lymentes\",\"Berecz Bal\u00e1zs\",\"min\u0151s\u00edt\u00e9s\",\"tan\u00fas\u00edt\u00e1s\",\"akad\u00e1lymentes\u00edt\u00e9s\",\"eur\u00f3pai tan\u00fas\u00edt\u00f3 v\u00e9djegy\",\"hiteles inform\u00e1ci\u00f3\",\"speci\u00e1lis ig\u00e9ny\u0171\",\"index\"],\"articleSection\":[\"Blog\",\"Sajt\u00f3szemle\"],\"inLanguage\":\"en-US\"},{\"@type\":\"WebPage\",\"@id\":\"https:\/\/news.access4you.io\/2019\/09\/09\/ott-alltam-ejfelkor-a-szallasnal-es-tudtam-sose-fogok-bejutni-akadalymentes-berecz-balazs\/\",\"url\":\"https:\/\/news.access4you.io\/2019\/09\/09\/ott-alltam-ejfelkor-a-szallasnal-es-tudtam-sose-fogok-bejutni-akadalymentes-berecz-balazs\/\",\"name\":\"Ott \u00e1lltam \u00e9jf\u00e9lkor a sz\u00e1ll\u00e1sn\u00e1l, \u00e9s tudtam, sose fogok bejutni - Access4you H\u00edrek\",\"isPartOf\":{\"@id\":\"https:\/\/news.access4you.io\/#website\"},\"primaryImageOfPage\":{\"@id\":\"https:\/\/news.access4you.io\/2019\/09\/09\/ott-alltam-ejfelkor-a-szallasnal-es-tudtam-sose-fogok-bejutni-akadalymentes-berecz-balazs\/#primaryimage\"},\"image\":{\"@id\":\"https:\/\/news.access4you.io\/2019\/09\/09\/ott-alltam-ejfelkor-a-szallasnal-es-tudtam-sose-fogok-bejutni-akadalymentes-berecz-balazs\/#primaryimage\"},\"thumbnailUrl\":\"https:\/\/news.access4you.io\/wp-content\/uploads\/2019\/09\/index.png\",\"datePublished\":\"2019-09-09T07:40:19+00:00\",\"dateModified\":\"2021-01-12T08:49:37+00:00\",\"description\":\"Akad\u00e1lymentes access4you Berecz Bal\u00e1zs M\u00e9ri Tam\u00e1s\",\"breadcrumb\":{\"@id\":\"https:\/\/news.access4you.io\/2019\/09\/09\/ott-alltam-ejfelkor-a-szallasnal-es-tudtam-sose-fogok-bejutni-akadalymentes-berecz-balazs\/#breadcrumb\"},\"inLanguage\":\"en-US\",\"potentialAction\":[{\"@type\":\"ReadAction\",\"target\":[\"https:\/\/news.access4you.io\/2019\/09\/09\/ott-alltam-ejfelkor-a-szallasnal-es-tudtam-sose-fogok-bejutni-akadalymentes-berecz-balazs\/\"]}]},{\"@type\":\"ImageObject\",\"inLanguage\":\"en-US\",\"@id\":\"https:\/\/news.access4you.io\/2019\/09\/09\/ott-alltam-ejfelkor-a-szallasnal-es-tudtam-sose-fogok-bejutni-akadalymentes-berecz-balazs\/#primaryimage\",\"url\":\"https:\/\/news.access4you.io\/wp-content\/uploads\/2019\/09\/index.png\",\"contentUrl\":\"https:\/\/news.access4you.io\/wp-content\/uploads\/2019\/09\/index.png\",\"width\":512,\"height\":287},{\"@type\":\"BreadcrumbList\",\"@id\":\"https:\/\/news.access4you.io\/2019\/09\/09\/ott-alltam-ejfelkor-a-szallasnal-es-tudtam-sose-fogok-bejutni-akadalymentes-berecz-balazs\/#breadcrumb\",\"itemListElement\":[{\"@type\":\"ListItem\",\"position\":1,\"name\":\"Kezd\u0151lap\",\"item\":\"https:\/\/news.access4you.io\/\"},{\"@type\":\"ListItem\",\"position\":2,\"name\":\"Ott \u00e1lltam \u00e9jf\u00e9lkor a sz\u00e1ll\u00e1sn\u00e1l, \u00e9s tudtam, sose fogok bejutni\"}]},{\"@type\":\"WebSite\",\"@id\":\"https:\/\/news.access4you.io\/#website\",\"url\":\"https:\/\/news.access4you.io\/\",\"name\":\"Access4you H\u00edrek\",\"description\":\"\",\"publisher\":{\"@id\":\"https:\/\/news.access4you.io\/#organization\"},\"potentialAction\":[{\"@type\":\"SearchAction\",\"target\":{\"@type\":\"EntryPoint\",\"urlTemplate\":\"https:\/\/news.access4you.io\/?s={search_term_string}\"},\"query-input\":{\"@type\":\"PropertyValueSpecification\",\"valueRequired\":true,\"valueName\":\"search_term_string\"}}],\"inLanguage\":\"en-US\"},{\"@type\":\"Organization\",\"@id\":\"https:\/\/news.access4you.io\/#organization\",\"name\":\"Access4you H\u00edrek\",\"url\":\"https:\/\/news.access4you.io\/\",\"logo\":{\"@type\":\"ImageObject\",\"inLanguage\":\"en-US\",\"@id\":\"https:\/\/news.access4you.io\/#\/schema\/logo\/image\/\",\"url\":\"https:\/\/news.access4you.io\/wp-content\/uploads\/2021\/01\/a4u-logo-black.png\",\"contentUrl\":\"https:\/\/news.access4you.io\/wp-content\/uploads\/2021\/01\/a4u-logo-black.png\",\"width\":726,\"height\":454,\"caption\":\"Access4you H\u00edrek\"},\"image\":{\"@id\":\"https:\/\/news.access4you.io\/#\/schema\/logo\/image\/\"}},{\"@type\":\"Person\",\"@id\":\"https:\/\/news.access4you.io\/#\/schema\/person\/cb4fff088aa5f5f43a6f4ce3a1e2e084\",\"name\":\"access4you\",\"image\":{\"@type\":\"ImageObject\",\"inLanguage\":\"en-US\",\"@id\":\"https:\/\/news.access4you.io\/#\/schema\/person\/image\/\",\"url\":\"https:\/\/secure.gravatar.com\/avatar\/9795a8b3afc7ed258d167a92dbb1075b37bab5bc83b1ac9182ff4f58c22040b8?s=96&d=mm&r=g\",\"contentUrl\":\"https:\/\/secure.gravatar.com\/avatar\/9795a8b3afc7ed258d167a92dbb1075b37bab5bc83b1ac9182ff4f58c22040b8?s=96&d=mm&r=g\",\"caption\":\"access4you\"},\"sameAs\":[\"http:\/\/localhost\/access4you\"],\"url\":\"https:\/\/news.access4you.io\/en\/author\/access4you\/\"}]}<\/script>\n<!-- \/ Yoast SEO plugin. -->","yoast_head_json":{"title":"Ott \u00e1lltam \u00e9jf\u00e9lkor a sz\u00e1ll\u00e1sn\u00e1l, \u00e9s tudtam, sose fogok bejutni - Access4you H\u00edrek","description":"Akad\u00e1lymentes access4you Berecz Bal\u00e1zs M\u00e9ri Tam\u00e1s","robots":{"index":"index","follow":"follow","max-snippet":"max-snippet:-1","max-image-preview":"max-image-preview:large","max-video-preview":"max-video-preview:-1"},"canonical":"https:\/\/news.access4you.io\/en\/2019\/09\/09\/ott-alltam-ejfelkor-a-szallasnal-es-tudtam-sose-fogok-bejutni-akadalymentes-berecz-balazs\/","og_locale":"en_US","og_type":"article","og_title":"Ott \u00e1lltam \u00e9jf\u00e9lkor a sz\u00e1ll\u00e1sn\u00e1l, \u00e9s tudtam, sose fogok bejutni - Access4you H\u00edrek","og_description":"Akad\u00e1lymentes access4you Berecz Bal\u00e1zs M\u00e9ri Tam\u00e1s","og_url":"https:\/\/news.access4you.io\/en\/2019\/09\/09\/ott-alltam-ejfelkor-a-szallasnal-es-tudtam-sose-fogok-bejutni-akadalymentes-berecz-balazs\/","og_site_name":"Access4you H\u00edrek","article_published_time":"2019-09-09T07:40:19+00:00","article_modified_time":"2021-01-12T08:49:37+00:00","og_image":[{"width":512,"height":287,"url":"https:\/\/news.access4you.io\/wp-content\/uploads\/2019\/09\/index.png","type":"image\/png"}],"author":"access4you","twitter_card":"summary_large_image","twitter_misc":{"Written by":"access4you","Est. reading time":"1 minute"},"schema":{"@context":"https:\/\/schema.org","@graph":[{"@type":"Article","@id":"https:\/\/news.access4you.io\/2019\/09\/09\/ott-alltam-ejfelkor-a-szallasnal-es-tudtam-sose-fogok-bejutni-akadalymentes-berecz-balazs\/#article","isPartOf":{"@id":"https:\/\/news.access4you.io\/2019\/09\/09\/ott-alltam-ejfelkor-a-szallasnal-es-tudtam-sose-fogok-bejutni-akadalymentes-berecz-balazs\/"},"author":{"name":"access4you","@id":"https:\/\/news.access4you.io\/#\/schema\/person\/cb4fff088aa5f5f43a6f4ce3a1e2e084"},"headline":"Ott \u00e1lltam \u00e9jf\u00e9lkor a sz\u00e1ll\u00e1sn\u00e1l, \u00e9s tudtam, sose fogok bejutni","datePublished":"2019-09-09T07:40:19+00:00","dateModified":"2021-01-12T08:49:37+00:00","mainEntityOfPage":{"@id":"https:\/\/news.access4you.io\/2019\/09\/09\/ott-alltam-ejfelkor-a-szallasnal-es-tudtam-sose-fogok-bejutni-akadalymentes-berecz-balazs\/"},"wordCount":208,"publisher":{"@id":"https:\/\/news.access4you.io\/#organization"},"image":{"@id":"https:\/\/news.access4you.io\/2019\/09\/09\/ott-alltam-ejfelkor-a-szallasnal-es-tudtam-sose-fogok-bejutni-akadalymentes-berecz-balazs\/#primaryimage"},"thumbnailUrl":"https:\/\/news.access4you.io\/wp-content\/uploads\/2019\/09\/index.png","keywords":["Access4You","akad\u00e1lymentes","Berecz Bal\u00e1zs","min\u0151s\u00edt\u00e9s","tan\u00fas\u00edt\u00e1s","akad\u00e1lymentes\u00edt\u00e9s","eur\u00f3pai tan\u00fas\u00edt\u00f3 v\u00e9djegy","hiteles inform\u00e1ci\u00f3","speci\u00e1lis ig\u00e9ny\u0171","index"],"articleSection":["Blog","Sajt\u00f3szemle"],"inLanguage":"en-US"},{"@type":"WebPage","@id":"https:\/\/news.access4you.io\/2019\/09\/09\/ott-alltam-ejfelkor-a-szallasnal-es-tudtam-sose-fogok-bejutni-akadalymentes-berecz-balazs\/","url":"https:\/\/news.access4you.io\/2019\/09\/09\/ott-alltam-ejfelkor-a-szallasnal-es-tudtam-sose-fogok-bejutni-akadalymentes-berecz-balazs\/","name":"Ott \u00e1lltam \u00e9jf\u00e9lkor a sz\u00e1ll\u00e1sn\u00e1l, \u00e9s tudtam, sose fogok bejutni - Access4you H\u00edrek","isPartOf":{"@id":"https:\/\/news.access4you.io\/#website"},"primaryImageOfPage":{"@id":"https:\/\/news.access4you.io\/2019\/09\/09\/ott-alltam-ejfelkor-a-szallasnal-es-tudtam-sose-fogok-bejutni-akadalymentes-berecz-balazs\/#primaryimage"},"image":{"@id":"https:\/\/news.access4you.io\/2019\/09\/09\/ott-alltam-ejfelkor-a-szallasnal-es-tudtam-sose-fogok-bejutni-akadalymentes-berecz-balazs\/#primaryimage"},"thumbnailUrl":"https:\/\/news.access4you.io\/wp-content\/uploads\/2019\/09\/index.png","datePublished":"2019-09-09T07:40:19+00:00","dateModified":"2021-01-12T08:49:37+00:00","description":"Akad\u00e1lymentes access4you Berecz Bal\u00e1zs M\u00e9ri Tam\u00e1s","breadcrumb":{"@id":"https:\/\/news.access4you.io\/2019\/09\/09\/ott-alltam-ejfelkor-a-szallasnal-es-tudtam-sose-fogok-bejutni-akadalymentes-berecz-balazs\/#breadcrumb"},"inLanguage":"en-US","potentialAction":[{"@type":"ReadAction","target":["https:\/\/news.access4you.io\/2019\/09\/09\/ott-alltam-ejfelkor-a-szallasnal-es-tudtam-sose-fogok-bejutni-akadalymentes-berecz-balazs\/"]}]},{"@type":"ImageObject","inLanguage":"en-US","@id":"https:\/\/news.access4you.io\/2019\/09\/09\/ott-alltam-ejfelkor-a-szallasnal-es-tudtam-sose-fogok-bejutni-akadalymentes-berecz-balazs\/#primaryimage","url":"https:\/\/news.access4you.io\/wp-content\/uploads\/2019\/09\/index.png","contentUrl":"https:\/\/news.access4you.io\/wp-content\/uploads\/2019\/09\/index.png","width":512,"height":287},{"@type":"BreadcrumbList","@id":"https:\/\/news.access4you.io\/2019\/09\/09\/ott-alltam-ejfelkor-a-szallasnal-es-tudtam-sose-fogok-bejutni-akadalymentes-berecz-balazs\/#breadcrumb","itemListElement":[{"@type":"ListItem","position":1,"name":"Kezd\u0151lap","item":"https:\/\/news.access4you.io\/"},{"@type":"ListItem","position":2,"name":"Ott \u00e1lltam \u00e9jf\u00e9lkor a sz\u00e1ll\u00e1sn\u00e1l, \u00e9s tudtam, sose fogok bejutni"}]},{"@type":"WebSite","@id":"https:\/\/news.access4you.io\/#website","url":"https:\/\/news.access4you.io\/","name":"Access4you H\u00edrek","description":"","publisher":{"@id":"https:\/\/news.access4you.io\/#organization"},"potentialAction":[{"@type":"SearchAction","target":{"@type":"EntryPoint","urlTemplate":"https:\/\/news.access4you.io\/?s={search_term_string}"},"query-input":{"@type":"PropertyValueSpecification","valueRequired":true,"valueName":"search_term_string"}}],"inLanguage":"en-US"},{"@type":"Organization","@id":"https:\/\/news.access4you.io\/#organization","name":"Access4you H\u00edrek","url":"https:\/\/news.access4you.io\/","logo":{"@type":"ImageObject","inLanguage":"en-US","@id":"https:\/\/news.access4you.io\/#\/schema\/logo\/image\/","url":"https:\/\/news.access4you.io\/wp-content\/uploads\/2021\/01\/a4u-logo-black.png","contentUrl":"https:\/\/news.access4you.io\/wp-content\/uploads\/2021\/01\/a4u-logo-black.png","width":726,"height":454,"caption":"Access4you H\u00edrek"},"image":{"@id":"https:\/\/news.access4you.io\/#\/schema\/logo\/image\/"}},{"@type":"Person","@id":"https:\/\/news.access4you.io\/#\/schema\/person\/cb4fff088aa5f5f43a6f4ce3a1e2e084","name":"access4you","image":{"@type":"ImageObject","inLanguage":"en-US","@id":"https:\/\/news.access4you.io\/#\/schema\/person\/image\/","url":"https:\/\/secure.gravatar.com\/avatar\/9795a8b3afc7ed258d167a92dbb1075b37bab5bc83b1ac9182ff4f58c22040b8?s=96&d=mm&r=g","contentUrl":"https:\/\/secure.gravatar.com\/avatar\/9795a8b3afc7ed258d167a92dbb1075b37bab5bc83b1ac9182ff4f58c22040b8?s=96&d=mm&r=g","caption":"access4you"},"sameAs":["http:\/\/localhost\/access4you"],"url":"https:\/\/news.access4you.io\/en\/author\/access4you\/"}]}},"_links":{"self":[{"href":"https:\/\/news.access4you.io\/en\/wp-json\/wp\/v2\/posts\/2433","targetHints":{"allow":["GET"]}}],"collection":[{"href":"https:\/\/news.access4you.io\/en\/wp-json\/wp\/v2\/posts"}],"about":[{"href":"https:\/\/news.access4you.io\/en\/wp-json\/wp\/v2\/types\/post"}],"author":[{"embeddable":true,"href":"https:\/\/news.access4you.io\/en\/wp-json\/wp\/v2\/users\/1"}],"replies":[{"embeddable":true,"href":"https:\/\/news.access4you.io\/en\/wp-json\/wp\/v2\/comments?post=2433"}],"version-history":[{"count":0,"href":"https:\/\/news.access4you.io\/en\/wp-json\/wp\/v2\/posts\/2433\/revisions"}],"wp:featuredmedia":[{"embeddable":true,"href":"https:\/\/news.access4you.io\/en\/wp-json\/wp\/v2\/media\/3875"}],"wp:attachment":[{"href":"https:\/\/news.access4you.io\/en\/wp-json\/wp\/v2\/media?parent=2433"}],"wp:term":[{"taxonomy":"category","embeddable":true,"href":"https:\/\/news.access4you.io\/en\/wp-json\/wp\/v2\/categories?post=2433"},{"taxonomy":"post_tag","embeddable":true,"href":"https:\/\/news.access4you.io\/en\/wp-json\/wp\/v2\/tags?post=2433"}],"curies":[{"name":"wp","href":"https:\/\/api.w.org\/{rel}","templated":true}]}}