{"id":2576,"date":"2019-09-25T08:12:32","date_gmt":"2019-09-25T08:12:32","guid":{"rendered":"https:\/\/access4you.io\/?p=2576"},"modified":"2020-08-07T12:12:44","modified_gmt":"2020-08-07T12:12:44","slug":"ha-csak-a-fogyatekossagat-latjuk-valoban-fogyatekossa-tesszuk-serult-es-ep-emberek-egymas-szemeben","status":"publish","type":"post","link":"https:\/\/news.access4you.io\/en\/2019\/09\/25\/ha-csak-a-fogyatekossagat-latjuk-valoban-fogyatekossa-tesszuk-serult-es-ep-emberek-egymas-szemeben\/","title":{"rendered":"\u201eHa csak a fogyat\u00e9koss\u00e1g\u00e1t l\u00e1tjuk, val\u00f3ban fogyat\u00e9koss\u00e1 tessz\u00fck\u201d \u2013 S\u00e9r\u00fclt \u00e9s \u00e9p emberek egym\u00e1s szem\u00e9ben"},"content":{"rendered":"<p>A t\u00e1rsadalom r\u00e9sz\u00e9r\u0151l gyakran bizonytalans\u00e1g, sz\u00e1nakoz\u00e1s vagy elutas\u00edt\u00e1s \u00e9ri azokat, akiket egy maradand\u00f3 s\u00e9r\u00fcl\u00e9s\u00fck megakad\u00e1lyoz a norm\u00e1lis(nak mondott) \u00e9letvitel kialak\u00edt\u00e1s\u00e1ban. A szem\u00e9lyt mind\u00f6ssze a korl\u00e1tai alapj\u00e1n meghat\u00e1roz\u00f3 hozz\u00e1\u00e1ll\u00e1s \u2013 \u00e9s sajnos a fogyat\u00e9kos megnevez\u00e9s is \u2013 a hi\u00e1nyoss\u00e1got identit\u00e1ss\u00e1 duzzasztja, pedig egy embert, legyen ak\u00e1r \u00e9p, ak\u00e1r s\u00e9r\u00fclt, soha nem az defini\u00e1l, hogy mi mindenre nem k\u00e9pes. \u00cdme n\u00e9gy kulcsgondolat, ami seg\u00edthet egym\u00e1sb\u00f3l \u00e9s magunkb\u00f3l is \u2013 sz\u00f3 szerint \u2013 kin\u00e9zni azt, amiben nem s\u00e9r\u00fcltek, hanem kiv\u00e1l\u00f3ak vagyunk.<\/p>\n<p>Teljes cikk a<a href=\"https:\/\/pszichoforyou.hu\/epek-es-serultek-egymas-szemeben\/\"> Pszichoforyou online magazinban 2019. szeptember 24.<\/a> Szerz\u0151: Kir\u00e1ly Eszter<\/p>","protected":false},"excerpt":{"rendered":"<p>A t\u00e1rsadalom r\u00e9sz\u00e9r\u0151l gyakran bizonytalans\u00e1g, sz\u00e1nakoz\u00e1s vagy elutas\u00edt\u00e1s \u00e9ri azokat, akiket egy maradand\u00f3 s\u00e9r\u00fcl\u00e9s\u00fck megakad\u00e1lyoz a norm\u00e1lis(nak mondott) \u00e9letvitel kialak\u00edt\u00e1s\u00e1ban. A szem\u00e9lyt mind\u00f6ssze a korl\u00e1tai alapj\u00e1n meghat\u00e1roz\u00f3 hozz\u00e1\u00e1ll\u00e1s \u2013 \u00e9s sajnos a fogyat\u00e9kos megnevez\u00e9s is \u2013 a hi\u00e1nyoss\u00e1got identit\u00e1ss\u00e1 duzzasztja, pedig egy embert, legyen ak\u00e1r \u00e9p, ak\u00e1r s\u00e9r\u00fclt, soha nem az defini\u00e1l, hogy mi mindenre [&hellip;]<\/p>","protected":false},"author":1,"featured_media":2581,"comment_status":"closed","ping_status":"closed","sticky":false,"template":"","format":"standard","meta":{"footnotes":""},"categories":[10,17],"tags":[7,14,26,37,38,39],"class_list":["post-2576","post","type-post","status-publish","format-standard","has-post-thumbnail","hentry","category-blog","category-sajtoszemle","tag-access4you","tag-specialis-igenyuek","tag-akadalymentesites","tag-akadalymentesseg","tag-fogyatekossag","tag-pszichoforyou"],"yoast_head":"<!-- This site is optimized with the Yoast SEO plugin v23.8 - https:\/\/yoast.com\/wordpress\/plugins\/seo\/ -->\n<title>fogyat\u00e9koss\u00e1g, \u00e9pek, s\u00e9r\u00fcltek, Pszichoforyou, Access4you<\/title>\n<meta name=\"description\" content=\"fogyat\u00e9koss\u00e1g, \u00e9pek, s\u00e9r\u00fcltek, Pszichoforyou, Access4you, Berecz Bal\u00e1zs\" \/>\n<meta name=\"robots\" content=\"index, follow, max-snippet:-1, max-image-preview:large, max-video-preview:-1\" \/>\n<link rel=\"canonical\" href=\"https:\/\/news.access4you.io\/en\/2019\/09\/25\/ha-csak-a-fogyatekossagat-latjuk-valoban-fogyatekossa-tesszuk-serult-es-ep-emberek-egymas-szemeben\/\" \/>\n<meta property=\"og:locale\" content=\"en_US\" \/>\n<meta property=\"og:type\" content=\"article\" \/>\n<meta property=\"og:title\" content=\"fogyat\u00e9koss\u00e1g, \u00e9pek, s\u00e9r\u00fcltek, Pszichoforyou, Access4you\" \/>\n<meta property=\"og:description\" content=\"fogyat\u00e9koss\u00e1g, \u00e9pek, s\u00e9r\u00fcltek, Pszichoforyou, Access4you, Berecz Bal\u00e1zs\" \/>\n<meta property=\"og:url\" content=\"https:\/\/news.access4you.io\/en\/2019\/09\/25\/ha-csak-a-fogyatekossagat-latjuk-valoban-fogyatekossa-tesszuk-serult-es-ep-emberek-egymas-szemeben\/\" \/>\n<meta property=\"og:site_name\" content=\"Access4you H\u00edrek\" \/>\n<meta property=\"article:published_time\" content=\"2019-09-25T08:12:32+00:00\" \/>\n<meta property=\"article:modified_time\" content=\"2020-08-07T12:12:44+00:00\" \/>\n<meta property=\"og:image\" content=\"https:\/\/news.access4you.io\/wp-content\/uploads\/2019\/09\/PFY_resized.png\" \/>\n\t<meta property=\"og:image:width\" content=\"800\" \/>\n\t<meta property=\"og:image:height\" content=\"225\" \/>\n\t<meta property=\"og:image:type\" content=\"image\/png\" \/>\n<meta name=\"author\" content=\"access4you\" \/>\n<meta name=\"twitter:card\" content=\"summary_large_image\" \/>\n<meta name=\"twitter:label1\" content=\"Written by\" \/>\n\t<meta name=\"twitter:data1\" content=\"access4you\" \/>\n\t<meta name=\"twitter:label2\" content=\"Est. reading time\" \/>\n\t<meta name=\"twitter:data2\" content=\"1 minute\" \/>\n<script type=\"application\/ld+json\" class=\"yoast-schema-graph\">{\"@context\":\"https:\/\/schema.org\",\"@graph\":[{\"@type\":\"Article\",\"@id\":\"https:\/\/news.access4you.io\/2019\/09\/25\/ha-csak-a-fogyatekossagat-latjuk-valoban-fogyatekossa-tesszuk-serult-es-ep-emberek-egymas-szemeben\/#article\",\"isPartOf\":{\"@id\":\"https:\/\/news.access4you.io\/2019\/09\/25\/ha-csak-a-fogyatekossagat-latjuk-valoban-fogyatekossa-tesszuk-serult-es-ep-emberek-egymas-szemeben\/\"},\"author\":{\"name\":\"access4you\",\"@id\":\"https:\/\/news.access4you.io\/#\/schema\/person\/cb4fff088aa5f5f43a6f4ce3a1e2e084\"},\"headline\":\"\u201eHa csak a fogyat\u00e9koss\u00e1g\u00e1t l\u00e1tjuk, val\u00f3ban fogyat\u00e9koss\u00e1 tessz\u00fck\u201d \u2013 S\u00e9r\u00fclt \u00e9s \u00e9p emberek egym\u00e1s szem\u00e9ben\",\"datePublished\":\"2019-09-25T08:12:32+00:00\",\"dateModified\":\"2020-08-07T12:12:44+00:00\",\"mainEntityOfPage\":{\"@id\":\"https:\/\/news.access4you.io\/2019\/09\/25\/ha-csak-a-fogyatekossagat-latjuk-valoban-fogyatekossa-tesszuk-serult-es-ep-emberek-egymas-szemeben\/\"},\"wordCount\":157,\"publisher\":{\"@id\":\"https:\/\/news.access4you.io\/#organization\"},\"image\":{\"@id\":\"https:\/\/news.access4you.io\/2019\/09\/25\/ha-csak-a-fogyatekossagat-latjuk-valoban-fogyatekossa-tesszuk-serult-es-ep-emberek-egymas-szemeben\/#primaryimage\"},\"thumbnailUrl\":\"https:\/\/news.access4you.io\/wp-content\/uploads\/2019\/09\/PFY_resized.png\",\"keywords\":[\"Access4You\",\"speci\u00e1lis ig\u00e9ny\u0171ek\",\"akad\u00e1lymentes\u00edt\u00e9s\",\"akad\u00e1lymentess\u00e9g\",\"fogyat\u00e9koss\u00e1g\",\"pszichoforyou\"],\"articleSection\":[\"Blog\",\"Sajt\u00f3szemle\"],\"inLanguage\":\"en-US\"},{\"@type\":\"WebPage\",\"@id\":\"https:\/\/news.access4you.io\/2019\/09\/25\/ha-csak-a-fogyatekossagat-latjuk-valoban-fogyatekossa-tesszuk-serult-es-ep-emberek-egymas-szemeben\/\",\"url\":\"https:\/\/news.access4you.io\/2019\/09\/25\/ha-csak-a-fogyatekossagat-latjuk-valoban-fogyatekossa-tesszuk-serult-es-ep-emberek-egymas-szemeben\/\",\"name\":\"fogyat\u00e9koss\u00e1g, \u00e9pek, s\u00e9r\u00fcltek, Pszichoforyou, Access4you\",\"isPartOf\":{\"@id\":\"https:\/\/news.access4you.io\/#website\"},\"primaryImageOfPage\":{\"@id\":\"https:\/\/news.access4you.io\/2019\/09\/25\/ha-csak-a-fogyatekossagat-latjuk-valoban-fogyatekossa-tesszuk-serult-es-ep-emberek-egymas-szemeben\/#primaryimage\"},\"image\":{\"@id\":\"https:\/\/news.access4you.io\/2019\/09\/25\/ha-csak-a-fogyatekossagat-latjuk-valoban-fogyatekossa-tesszuk-serult-es-ep-emberek-egymas-szemeben\/#primaryimage\"},\"thumbnailUrl\":\"https:\/\/news.access4you.io\/wp-content\/uploads\/2019\/09\/PFY_resized.png\",\"datePublished\":\"2019-09-25T08:12:32+00:00\",\"dateModified\":\"2020-08-07T12:12:44+00:00\",\"description\":\"fogyat\u00e9koss\u00e1g, \u00e9pek, s\u00e9r\u00fcltek, Pszichoforyou, Access4you, Berecz Bal\u00e1zs\",\"breadcrumb\":{\"@id\":\"https:\/\/news.access4you.io\/2019\/09\/25\/ha-csak-a-fogyatekossagat-latjuk-valoban-fogyatekossa-tesszuk-serult-es-ep-emberek-egymas-szemeben\/#breadcrumb\"},\"inLanguage\":\"en-US\",\"potentialAction\":[{\"@type\":\"ReadAction\",\"target\":[\"https:\/\/news.access4you.io\/2019\/09\/25\/ha-csak-a-fogyatekossagat-latjuk-valoban-fogyatekossa-tesszuk-serult-es-ep-emberek-egymas-szemeben\/\"]}]},{\"@type\":\"ImageObject\",\"inLanguage\":\"en-US\",\"@id\":\"https:\/\/news.access4you.io\/2019\/09\/25\/ha-csak-a-fogyatekossagat-latjuk-valoban-fogyatekossa-tesszuk-serult-es-ep-emberek-egymas-szemeben\/#primaryimage\",\"url\":\"https:\/\/news.access4you.io\/wp-content\/uploads\/2019\/09\/PFY_resized.png\",\"contentUrl\":\"https:\/\/news.access4you.io\/wp-content\/uploads\/2019\/09\/PFY_resized.png\",\"width\":800,\"height\":225,\"caption\":\"\"},{\"@type\":\"BreadcrumbList\",\"@id\":\"https:\/\/news.access4you.io\/2019\/09\/25\/ha-csak-a-fogyatekossagat-latjuk-valoban-fogyatekossa-tesszuk-serult-es-ep-emberek-egymas-szemeben\/#breadcrumb\",\"itemListElement\":[{\"@type\":\"ListItem\",\"position\":1,\"name\":\"Kezd\u0151lap\",\"item\":\"https:\/\/news.access4you.io\/\"},{\"@type\":\"ListItem\",\"position\":2,\"name\":\"\u201eHa csak a fogyat\u00e9koss\u00e1g\u00e1t l\u00e1tjuk, val\u00f3ban fogyat\u00e9koss\u00e1 tessz\u00fck\u201d \u2013 S\u00e9r\u00fclt \u00e9s \u00e9p emberek egym\u00e1s szem\u00e9ben\"}]},{\"@type\":\"WebSite\",\"@id\":\"https:\/\/news.access4you.io\/#website\",\"url\":\"https:\/\/news.access4you.io\/\",\"name\":\"Access4you H\u00edrek\",\"description\":\"\",\"publisher\":{\"@id\":\"https:\/\/news.access4you.io\/#organization\"},\"potentialAction\":[{\"@type\":\"SearchAction\",\"target\":{\"@type\":\"EntryPoint\",\"urlTemplate\":\"https:\/\/news.access4you.io\/?s={search_term_string}\"},\"query-input\":{\"@type\":\"PropertyValueSpecification\",\"valueRequired\":true,\"valueName\":\"search_term_string\"}}],\"inLanguage\":\"en-US\"},{\"@type\":\"Organization\",\"@id\":\"https:\/\/news.access4you.io\/#organization\",\"name\":\"Access4you H\u00edrek\",\"url\":\"https:\/\/news.access4you.io\/\",\"logo\":{\"@type\":\"ImageObject\",\"inLanguage\":\"en-US\",\"@id\":\"https:\/\/news.access4you.io\/#\/schema\/logo\/image\/\",\"url\":\"https:\/\/news.access4you.io\/wp-content\/uploads\/2021\/01\/a4u-logo-black.png\",\"contentUrl\":\"https:\/\/news.access4you.io\/wp-content\/uploads\/2021\/01\/a4u-logo-black.png\",\"width\":726,\"height\":454,\"caption\":\"Access4you H\u00edrek\"},\"image\":{\"@id\":\"https:\/\/news.access4you.io\/#\/schema\/logo\/image\/\"}},{\"@type\":\"Person\",\"@id\":\"https:\/\/news.access4you.io\/#\/schema\/person\/cb4fff088aa5f5f43a6f4ce3a1e2e084\",\"name\":\"access4you\",\"image\":{\"@type\":\"ImageObject\",\"inLanguage\":\"en-US\",\"@id\":\"https:\/\/news.access4you.io\/#\/schema\/person\/image\/\",\"url\":\"https:\/\/secure.gravatar.com\/avatar\/9795a8b3afc7ed258d167a92dbb1075b37bab5bc83b1ac9182ff4f58c22040b8?s=96&d=mm&r=g\",\"contentUrl\":\"https:\/\/secure.gravatar.com\/avatar\/9795a8b3afc7ed258d167a92dbb1075b37bab5bc83b1ac9182ff4f58c22040b8?s=96&d=mm&r=g\",\"caption\":\"access4you\"},\"sameAs\":[\"http:\/\/localhost\/access4you\"],\"url\":\"https:\/\/news.access4you.io\/en\/author\/access4you\/\"}]}<\/script>\n<!-- \/ Yoast SEO plugin. -->","yoast_head_json":{"title":"fogyat\u00e9koss\u00e1g, \u00e9pek, s\u00e9r\u00fcltek, Pszichoforyou, Access4you","description":"fogyat\u00e9koss\u00e1g, \u00e9pek, s\u00e9r\u00fcltek, Pszichoforyou, Access4you, Berecz Bal\u00e1zs","robots":{"index":"index","follow":"follow","max-snippet":"max-snippet:-1","max-image-preview":"max-image-preview:large","max-video-preview":"max-video-preview:-1"},"canonical":"https:\/\/news.access4you.io\/en\/2019\/09\/25\/ha-csak-a-fogyatekossagat-latjuk-valoban-fogyatekossa-tesszuk-serult-es-ep-emberek-egymas-szemeben\/","og_locale":"en_US","og_type":"article","og_title":"fogyat\u00e9koss\u00e1g, \u00e9pek, s\u00e9r\u00fcltek, Pszichoforyou, Access4you","og_description":"fogyat\u00e9koss\u00e1g, \u00e9pek, s\u00e9r\u00fcltek, Pszichoforyou, Access4you, Berecz Bal\u00e1zs","og_url":"https:\/\/news.access4you.io\/en\/2019\/09\/25\/ha-csak-a-fogyatekossagat-latjuk-valoban-fogyatekossa-tesszuk-serult-es-ep-emberek-egymas-szemeben\/","og_site_name":"Access4you H\u00edrek","article_published_time":"2019-09-25T08:12:32+00:00","article_modified_time":"2020-08-07T12:12:44+00:00","og_image":[{"width":800,"height":225,"url":"https:\/\/news.access4you.io\/wp-content\/uploads\/2019\/09\/PFY_resized.png","type":"image\/png"}],"author":"access4you","twitter_card":"summary_large_image","twitter_misc":{"Written by":"access4you","Est. reading time":"1 minute"},"schema":{"@context":"https:\/\/schema.org","@graph":[{"@type":"Article","@id":"https:\/\/news.access4you.io\/2019\/09\/25\/ha-csak-a-fogyatekossagat-latjuk-valoban-fogyatekossa-tesszuk-serult-es-ep-emberek-egymas-szemeben\/#article","isPartOf":{"@id":"https:\/\/news.access4you.io\/2019\/09\/25\/ha-csak-a-fogyatekossagat-latjuk-valoban-fogyatekossa-tesszuk-serult-es-ep-emberek-egymas-szemeben\/"},"author":{"name":"access4you","@id":"https:\/\/news.access4you.io\/#\/schema\/person\/cb4fff088aa5f5f43a6f4ce3a1e2e084"},"headline":"\u201eHa csak a fogyat\u00e9koss\u00e1g\u00e1t l\u00e1tjuk, val\u00f3ban fogyat\u00e9koss\u00e1 tessz\u00fck\u201d \u2013 S\u00e9r\u00fclt \u00e9s \u00e9p emberek egym\u00e1s szem\u00e9ben","datePublished":"2019-09-25T08:12:32+00:00","dateModified":"2020-08-07T12:12:44+00:00","mainEntityOfPage":{"@id":"https:\/\/news.access4you.io\/2019\/09\/25\/ha-csak-a-fogyatekossagat-latjuk-valoban-fogyatekossa-tesszuk-serult-es-ep-emberek-egymas-szemeben\/"},"wordCount":157,"publisher":{"@id":"https:\/\/news.access4you.io\/#organization"},"image":{"@id":"https:\/\/news.access4you.io\/2019\/09\/25\/ha-csak-a-fogyatekossagat-latjuk-valoban-fogyatekossa-tesszuk-serult-es-ep-emberek-egymas-szemeben\/#primaryimage"},"thumbnailUrl":"https:\/\/news.access4you.io\/wp-content\/uploads\/2019\/09\/PFY_resized.png","keywords":["Access4You","speci\u00e1lis ig\u00e9ny\u0171ek","akad\u00e1lymentes\u00edt\u00e9s","akad\u00e1lymentess\u00e9g","fogyat\u00e9koss\u00e1g","pszichoforyou"],"articleSection":["Blog","Sajt\u00f3szemle"],"inLanguage":"en-US"},{"@type":"WebPage","@id":"https:\/\/news.access4you.io\/2019\/09\/25\/ha-csak-a-fogyatekossagat-latjuk-valoban-fogyatekossa-tesszuk-serult-es-ep-emberek-egymas-szemeben\/","url":"https:\/\/news.access4you.io\/2019\/09\/25\/ha-csak-a-fogyatekossagat-latjuk-valoban-fogyatekossa-tesszuk-serult-es-ep-emberek-egymas-szemeben\/","name":"fogyat\u00e9koss\u00e1g, \u00e9pek, s\u00e9r\u00fcltek, Pszichoforyou, Access4you","isPartOf":{"@id":"https:\/\/news.access4you.io\/#website"},"primaryImageOfPage":{"@id":"https:\/\/news.access4you.io\/2019\/09\/25\/ha-csak-a-fogyatekossagat-latjuk-valoban-fogyatekossa-tesszuk-serult-es-ep-emberek-egymas-szemeben\/#primaryimage"},"image":{"@id":"https:\/\/news.access4you.io\/2019\/09\/25\/ha-csak-a-fogyatekossagat-latjuk-valoban-fogyatekossa-tesszuk-serult-es-ep-emberek-egymas-szemeben\/#primaryimage"},"thumbnailUrl":"https:\/\/news.access4you.io\/wp-content\/uploads\/2019\/09\/PFY_resized.png","datePublished":"2019-09-25T08:12:32+00:00","dateModified":"2020-08-07T12:12:44+00:00","description":"fogyat\u00e9koss\u00e1g, \u00e9pek, s\u00e9r\u00fcltek, Pszichoforyou, Access4you, Berecz Bal\u00e1zs","breadcrumb":{"@id":"https:\/\/news.access4you.io\/2019\/09\/25\/ha-csak-a-fogyatekossagat-latjuk-valoban-fogyatekossa-tesszuk-serult-es-ep-emberek-egymas-szemeben\/#breadcrumb"},"inLanguage":"en-US","potentialAction":[{"@type":"ReadAction","target":["https:\/\/news.access4you.io\/2019\/09\/25\/ha-csak-a-fogyatekossagat-latjuk-valoban-fogyatekossa-tesszuk-serult-es-ep-emberek-egymas-szemeben\/"]}]},{"@type":"ImageObject","inLanguage":"en-US","@id":"https:\/\/news.access4you.io\/2019\/09\/25\/ha-csak-a-fogyatekossagat-latjuk-valoban-fogyatekossa-tesszuk-serult-es-ep-emberek-egymas-szemeben\/#primaryimage","url":"https:\/\/news.access4you.io\/wp-content\/uploads\/2019\/09\/PFY_resized.png","contentUrl":"https:\/\/news.access4you.io\/wp-content\/uploads\/2019\/09\/PFY_resized.png","width":800,"height":225,"caption":""},{"@type":"BreadcrumbList","@id":"https:\/\/news.access4you.io\/2019\/09\/25\/ha-csak-a-fogyatekossagat-latjuk-valoban-fogyatekossa-tesszuk-serult-es-ep-emberek-egymas-szemeben\/#breadcrumb","itemListElement":[{"@type":"ListItem","position":1,"name":"Kezd\u0151lap","item":"https:\/\/news.access4you.io\/"},{"@type":"ListItem","position":2,"name":"\u201eHa csak a fogyat\u00e9koss\u00e1g\u00e1t l\u00e1tjuk, val\u00f3ban fogyat\u00e9koss\u00e1 tessz\u00fck\u201d \u2013 S\u00e9r\u00fclt \u00e9s \u00e9p emberek egym\u00e1s szem\u00e9ben"}]},{"@type":"WebSite","@id":"https:\/\/news.access4you.io\/#website","url":"https:\/\/news.access4you.io\/","name":"Access4you H\u00edrek","description":"","publisher":{"@id":"https:\/\/news.access4you.io\/#organization"},"potentialAction":[{"@type":"SearchAction","target":{"@type":"EntryPoint","urlTemplate":"https:\/\/news.access4you.io\/?s={search_term_string}"},"query-input":{"@type":"PropertyValueSpecification","valueRequired":true,"valueName":"search_term_string"}}],"inLanguage":"en-US"},{"@type":"Organization","@id":"https:\/\/news.access4you.io\/#organization","name":"Access4you H\u00edrek","url":"https:\/\/news.access4you.io\/","logo":{"@type":"ImageObject","inLanguage":"en-US","@id":"https:\/\/news.access4you.io\/#\/schema\/logo\/image\/","url":"https:\/\/news.access4you.io\/wp-content\/uploads\/2021\/01\/a4u-logo-black.png","contentUrl":"https:\/\/news.access4you.io\/wp-content\/uploads\/2021\/01\/a4u-logo-black.png","width":726,"height":454,"caption":"Access4you H\u00edrek"},"image":{"@id":"https:\/\/news.access4you.io\/#\/schema\/logo\/image\/"}},{"@type":"Person","@id":"https:\/\/news.access4you.io\/#\/schema\/person\/cb4fff088aa5f5f43a6f4ce3a1e2e084","name":"access4you","image":{"@type":"ImageObject","inLanguage":"en-US","@id":"https:\/\/news.access4you.io\/#\/schema\/person\/image\/","url":"https:\/\/secure.gravatar.com\/avatar\/9795a8b3afc7ed258d167a92dbb1075b37bab5bc83b1ac9182ff4f58c22040b8?s=96&d=mm&r=g","contentUrl":"https:\/\/secure.gravatar.com\/avatar\/9795a8b3afc7ed258d167a92dbb1075b37bab5bc83b1ac9182ff4f58c22040b8?s=96&d=mm&r=g","caption":"access4you"},"sameAs":["http:\/\/localhost\/access4you"],"url":"https:\/\/news.access4you.io\/en\/author\/access4you\/"}]}},"_links":{"self":[{"href":"https:\/\/news.access4you.io\/en\/wp-json\/wp\/v2\/posts\/2576","targetHints":{"allow":["GET"]}}],"collection":[{"href":"https:\/\/news.access4you.io\/en\/wp-json\/wp\/v2\/posts"}],"about":[{"href":"https:\/\/news.access4you.io\/en\/wp-json\/wp\/v2\/types\/post"}],"author":[{"embeddable":true,"href":"https:\/\/news.access4you.io\/en\/wp-json\/wp\/v2\/users\/1"}],"replies":[{"embeddable":true,"href":"https:\/\/news.access4you.io\/en\/wp-json\/wp\/v2\/comments?post=2576"}],"version-history":[{"count":0,"href":"https:\/\/news.access4you.io\/en\/wp-json\/wp\/v2\/posts\/2576\/revisions"}],"wp:featuredmedia":[{"embeddable":true,"href":"https:\/\/news.access4you.io\/en\/wp-json\/wp\/v2\/media\/2581"}],"wp:attachment":[{"href":"https:\/\/news.access4you.io\/en\/wp-json\/wp\/v2\/media?parent=2576"}],"wp:term":[{"taxonomy":"category","embeddable":true,"href":"https:\/\/news.access4you.io\/en\/wp-json\/wp\/v2\/categories?post=2576"},{"taxonomy":"post_tag","embeddable":true,"href":"https:\/\/news.access4you.io\/en\/wp-json\/wp\/v2\/tags?post=2576"}],"curies":[{"name":"wp","href":"https:\/\/api.w.org\/{rel}","templated":true}]}}