{"id":2783,"date":"2019-11-06T09:15:30","date_gmt":"2019-11-06T09:15:30","guid":{"rendered":"https:\/\/access4you.io\/?p=2783"},"modified":"2020-08-07T11:56:59","modified_gmt":"2020-08-07T11:56:59","slug":"akadalymentes-e-amit-annak-mondanak","status":"publish","type":"post","link":"https:\/\/news.access4you.io\/en\/2019\/11\/06\/akadalymentes-e-amit-annak-mondanak\/","title":{"rendered":"Akad\u00e1lymentes-e, amit annak mondanak?"},"content":{"rendered":"<p>Hossz\u00fa \u00e9vek rossz tapasztalatai k\u00e9sztett\u00e9k <strong>Berecz Bal\u00e1zst<\/strong> egy olyan min\u0151s\u00edt\u0151 szempontrendszer \u00e9s v\u00e9djegy kidolgoz\u00e1s\u00e1ra, ami seg\u00edti a szolg\u00e1ltat\u00f3k \u00e9s a fogyat\u00e9koss\u00e1ggal \u00e9l\u0151 felhaszn\u00e1l\u00f3k egy\u00fcttm\u0171k\u00f6d\u00e9s\u00e9t, vagyis a v\u00e9djeggyel rendelkez\u0151 helyek val\u00f3ban akad\u00e1lymentesek.<\/p>\n\n\n\n<p><a href=\"https:\/\/nava.hu\/id\/3576167\/\">R\u00e9szletes riport &#8211; Es\u00e9ly magazin, 2019. november 1., 17. perct\u0151l.<\/a><\/p>","protected":false},"excerpt":{"rendered":"<p>Hossz\u00fa \u00e9vek rossz tapasztalatai k\u00e9sztett\u00e9k Berecz Bal\u00e1zst egy olyan min\u0151s\u00edt\u0151 szempontrendszer \u00e9s v\u00e9djegy kidolgoz\u00e1s\u00e1ra, ami seg\u00edti a szolg\u00e1ltat\u00f3k \u00e9s a fogyat\u00e9koss\u00e1ggal \u00e9l\u0151 felhaszn\u00e1l\u00f3k egy\u00fcttm\u0171k\u00f6d\u00e9s\u00e9t, vagyis a v\u00e9djeggyel rendelkez\u0151 helyek val\u00f3ban akad\u00e1lymentesek. R\u00e9szletes riport &#8211; Es\u00e9ly magazin, 2019. november 1., 17. perct\u0151l.<\/p>","protected":false},"author":1,"featured_media":2782,"comment_status":"closed","ping_status":"closed","sticky":false,"template":"","format":"standard","meta":{"footnotes":""},"categories":[10,17],"tags":[8,9,35,38,46,47,48,49,50],"class_list":["post-2783","post","type-post","status-publish","format-standard","has-post-thumbnail","hentry","category-blog","category-sajtoszemle","tag-akadalymentes","tag-berecz-balazs","tag-meri-tamas","tag-fogyatekossag","tag-esely-magazin","tag-minosito-rendszer","tag-mtva","tag-specialis-szuksegletuek","tag-vedjegy"],"yoast_head":"<!-- This site is optimized with the Yoast SEO plugin v23.8 - https:\/\/yoast.com\/wordpress\/plugins\/seo\/ -->\n<title>Akad\u00e1lymentes-e, amit annak mondanak? - Access4you H\u00edrek<\/title>\n<meta name=\"robots\" content=\"index, follow, max-snippet:-1, max-image-preview:large, max-video-preview:-1\" \/>\n<link rel=\"canonical\" href=\"https:\/\/news.access4you.io\/en\/2019\/11\/06\/akadalymentes-e-amit-annak-mondanak\/\" \/>\n<meta property=\"og:locale\" content=\"en_US\" \/>\n<meta property=\"og:type\" content=\"article\" \/>\n<meta property=\"og:title\" content=\"Akad\u00e1lymentes-e, amit annak mondanak? - Access4you H\u00edrek\" \/>\n<meta property=\"og:description\" content=\"Hossz\u00fa \u00e9vek rossz tapasztalatai k\u00e9sztett\u00e9k Berecz Bal\u00e1zst egy olyan min\u0151s\u00edt\u0151 szempontrendszer \u00e9s v\u00e9djegy kidolgoz\u00e1s\u00e1ra, ami seg\u00edti a szolg\u00e1ltat\u00f3k \u00e9s a fogyat\u00e9koss\u00e1ggal \u00e9l\u0151 felhaszn\u00e1l\u00f3k egy\u00fcttm\u0171k\u00f6d\u00e9s\u00e9t, vagyis a v\u00e9djeggyel rendelkez\u0151 helyek val\u00f3ban akad\u00e1lymentesek. R\u00e9szletes riport &#8211; Es\u00e9ly magazin, 2019. november 1., 17. perct\u0151l.\" \/>\n<meta property=\"og:url\" content=\"https:\/\/news.access4you.io\/en\/2019\/11\/06\/akadalymentes-e-amit-annak-mondanak\/\" \/>\n<meta property=\"og:site_name\" content=\"Access4you H\u00edrek\" \/>\n<meta property=\"article:published_time\" content=\"2019-11-06T09:15:30+00:00\" \/>\n<meta property=\"article:modified_time\" content=\"2020-08-07T11:56:59+00:00\" \/>\n<meta property=\"og:image\" content=\"https:\/\/news.access4you.io\/wp-content\/uploads\/2019\/11\/esely.jpg\" \/>\n\t<meta property=\"og:image:width\" content=\"800\" \/>\n\t<meta property=\"og:image:height\" content=\"540\" \/>\n\t<meta property=\"og:image:type\" content=\"image\/jpeg\" \/>\n<meta name=\"author\" content=\"access4you\" \/>\n<meta name=\"twitter:card\" content=\"summary_large_image\" \/>\n<meta name=\"twitter:label1\" content=\"Written by\" \/>\n\t<meta name=\"twitter:data1\" content=\"access4you\" \/>\n<script type=\"application\/ld+json\" class=\"yoast-schema-graph\">{\"@context\":\"https:\/\/schema.org\",\"@graph\":[{\"@type\":\"Article\",\"@id\":\"https:\/\/news.access4you.io\/2019\/11\/06\/akadalymentes-e-amit-annak-mondanak\/#article\",\"isPartOf\":{\"@id\":\"https:\/\/news.access4you.io\/2019\/11\/06\/akadalymentes-e-amit-annak-mondanak\/\"},\"author\":{\"name\":\"access4you\",\"@id\":\"https:\/\/news.access4you.io\/#\/schema\/person\/cb4fff088aa5f5f43a6f4ce3a1e2e084\"},\"headline\":\"Akad\u00e1lymentes-e, amit annak mondanak?\",\"datePublished\":\"2019-11-06T09:15:30+00:00\",\"dateModified\":\"2020-08-07T11:56:59+00:00\",\"mainEntityOfPage\":{\"@id\":\"https:\/\/news.access4you.io\/2019\/11\/06\/akadalymentes-e-amit-annak-mondanak\/\"},\"wordCount\":69,\"publisher\":{\"@id\":\"https:\/\/news.access4you.io\/#organization\"},\"image\":{\"@id\":\"https:\/\/news.access4you.io\/2019\/11\/06\/akadalymentes-e-amit-annak-mondanak\/#primaryimage\"},\"thumbnailUrl\":\"https:\/\/news.access4you.io\/wp-content\/uploads\/2019\/11\/esely.jpg\",\"keywords\":[\"akad\u00e1lymentes\",\"Berecz Bal\u00e1zs\",\"M\u00e9ri Tam\u00e1s\",\"fogyat\u00e9koss\u00e1g\",\"Es\u00e9ly magazin\",\"min\u0151s\u00edt\u0151 rendszer\",\"MTVA\",\"speci\u00e1lis sz\u00fcks\u00e9glet\u0171ek\",\"v\u00e9djegy\"],\"articleSection\":[\"Blog\",\"Sajt\u00f3szemle\"],\"inLanguage\":\"en-US\"},{\"@type\":\"WebPage\",\"@id\":\"https:\/\/news.access4you.io\/2019\/11\/06\/akadalymentes-e-amit-annak-mondanak\/\",\"url\":\"https:\/\/news.access4you.io\/2019\/11\/06\/akadalymentes-e-amit-annak-mondanak\/\",\"name\":\"Akad\u00e1lymentes-e, amit annak mondanak? - Access4you H\u00edrek\",\"isPartOf\":{\"@id\":\"https:\/\/news.access4you.io\/#website\"},\"primaryImageOfPage\":{\"@id\":\"https:\/\/news.access4you.io\/2019\/11\/06\/akadalymentes-e-amit-annak-mondanak\/#primaryimage\"},\"image\":{\"@id\":\"https:\/\/news.access4you.io\/2019\/11\/06\/akadalymentes-e-amit-annak-mondanak\/#primaryimage\"},\"thumbnailUrl\":\"https:\/\/news.access4you.io\/wp-content\/uploads\/2019\/11\/esely.jpg\",\"datePublished\":\"2019-11-06T09:15:30+00:00\",\"dateModified\":\"2020-08-07T11:56:59+00:00\",\"breadcrumb\":{\"@id\":\"https:\/\/news.access4you.io\/2019\/11\/06\/akadalymentes-e-amit-annak-mondanak\/#breadcrumb\"},\"inLanguage\":\"en-US\",\"potentialAction\":[{\"@type\":\"ReadAction\",\"target\":[\"https:\/\/news.access4you.io\/2019\/11\/06\/akadalymentes-e-amit-annak-mondanak\/\"]}]},{\"@type\":\"ImageObject\",\"inLanguage\":\"en-US\",\"@id\":\"https:\/\/news.access4you.io\/2019\/11\/06\/akadalymentes-e-amit-annak-mondanak\/#primaryimage\",\"url\":\"https:\/\/news.access4you.io\/wp-content\/uploads\/2019\/11\/esely.jpg\",\"contentUrl\":\"https:\/\/news.access4you.io\/wp-content\/uploads\/2019\/11\/esely.jpg\",\"width\":800,\"height\":540,\"caption\":\"\"},{\"@type\":\"BreadcrumbList\",\"@id\":\"https:\/\/news.access4you.io\/2019\/11\/06\/akadalymentes-e-amit-annak-mondanak\/#breadcrumb\",\"itemListElement\":[{\"@type\":\"ListItem\",\"position\":1,\"name\":\"Kezd\u0151lap\",\"item\":\"https:\/\/news.access4you.io\/\"},{\"@type\":\"ListItem\",\"position\":2,\"name\":\"Akad\u00e1lymentes-e, amit annak mondanak?\"}]},{\"@type\":\"WebSite\",\"@id\":\"https:\/\/news.access4you.io\/#website\",\"url\":\"https:\/\/news.access4you.io\/\",\"name\":\"Access4you H\u00edrek\",\"description\":\"\",\"publisher\":{\"@id\":\"https:\/\/news.access4you.io\/#organization\"},\"potentialAction\":[{\"@type\":\"SearchAction\",\"target\":{\"@type\":\"EntryPoint\",\"urlTemplate\":\"https:\/\/news.access4you.io\/?s={search_term_string}\"},\"query-input\":{\"@type\":\"PropertyValueSpecification\",\"valueRequired\":true,\"valueName\":\"search_term_string\"}}],\"inLanguage\":\"en-US\"},{\"@type\":\"Organization\",\"@id\":\"https:\/\/news.access4you.io\/#organization\",\"name\":\"Access4you H\u00edrek\",\"url\":\"https:\/\/news.access4you.io\/\",\"logo\":{\"@type\":\"ImageObject\",\"inLanguage\":\"en-US\",\"@id\":\"https:\/\/news.access4you.io\/#\/schema\/logo\/image\/\",\"url\":\"https:\/\/news.access4you.io\/wp-content\/uploads\/2021\/01\/a4u-logo-black.png\",\"contentUrl\":\"https:\/\/news.access4you.io\/wp-content\/uploads\/2021\/01\/a4u-logo-black.png\",\"width\":726,\"height\":454,\"caption\":\"Access4you H\u00edrek\"},\"image\":{\"@id\":\"https:\/\/news.access4you.io\/#\/schema\/logo\/image\/\"}},{\"@type\":\"Person\",\"@id\":\"https:\/\/news.access4you.io\/#\/schema\/person\/cb4fff088aa5f5f43a6f4ce3a1e2e084\",\"name\":\"access4you\",\"image\":{\"@type\":\"ImageObject\",\"inLanguage\":\"en-US\",\"@id\":\"https:\/\/news.access4you.io\/#\/schema\/person\/image\/\",\"url\":\"https:\/\/secure.gravatar.com\/avatar\/9795a8b3afc7ed258d167a92dbb1075b37bab5bc83b1ac9182ff4f58c22040b8?s=96&d=mm&r=g\",\"contentUrl\":\"https:\/\/secure.gravatar.com\/avatar\/9795a8b3afc7ed258d167a92dbb1075b37bab5bc83b1ac9182ff4f58c22040b8?s=96&d=mm&r=g\",\"caption\":\"access4you\"},\"sameAs\":[\"http:\/\/localhost\/access4you\"],\"url\":\"https:\/\/news.access4you.io\/en\/author\/access4you\/\"}]}<\/script>\n<!-- \/ Yoast SEO plugin. -->","yoast_head_json":{"title":"Akad\u00e1lymentes-e, amit annak mondanak? - Access4you H\u00edrek","robots":{"index":"index","follow":"follow","max-snippet":"max-snippet:-1","max-image-preview":"max-image-preview:large","max-video-preview":"max-video-preview:-1"},"canonical":"https:\/\/news.access4you.io\/en\/2019\/11\/06\/akadalymentes-e-amit-annak-mondanak\/","og_locale":"en_US","og_type":"article","og_title":"Akad\u00e1lymentes-e, amit annak mondanak? - Access4you H\u00edrek","og_description":"Hossz\u00fa \u00e9vek rossz tapasztalatai k\u00e9sztett\u00e9k Berecz Bal\u00e1zst egy olyan min\u0151s\u00edt\u0151 szempontrendszer \u00e9s v\u00e9djegy kidolgoz\u00e1s\u00e1ra, ami seg\u00edti a szolg\u00e1ltat\u00f3k \u00e9s a fogyat\u00e9koss\u00e1ggal \u00e9l\u0151 felhaszn\u00e1l\u00f3k egy\u00fcttm\u0171k\u00f6d\u00e9s\u00e9t, vagyis a v\u00e9djeggyel rendelkez\u0151 helyek val\u00f3ban akad\u00e1lymentesek. R\u00e9szletes riport &#8211; Es\u00e9ly magazin, 2019. november 1., 17. perct\u0151l.","og_url":"https:\/\/news.access4you.io\/en\/2019\/11\/06\/akadalymentes-e-amit-annak-mondanak\/","og_site_name":"Access4you H\u00edrek","article_published_time":"2019-11-06T09:15:30+00:00","article_modified_time":"2020-08-07T11:56:59+00:00","og_image":[{"width":800,"height":540,"url":"https:\/\/news.access4you.io\/wp-content\/uploads\/2019\/11\/esely.jpg","type":"image\/jpeg"}],"author":"access4you","twitter_card":"summary_large_image","twitter_misc":{"Written by":"access4you"},"schema":{"@context":"https:\/\/schema.org","@graph":[{"@type":"Article","@id":"https:\/\/news.access4you.io\/2019\/11\/06\/akadalymentes-e-amit-annak-mondanak\/#article","isPartOf":{"@id":"https:\/\/news.access4you.io\/2019\/11\/06\/akadalymentes-e-amit-annak-mondanak\/"},"author":{"name":"access4you","@id":"https:\/\/news.access4you.io\/#\/schema\/person\/cb4fff088aa5f5f43a6f4ce3a1e2e084"},"headline":"Akad\u00e1lymentes-e, amit annak mondanak?","datePublished":"2019-11-06T09:15:30+00:00","dateModified":"2020-08-07T11:56:59+00:00","mainEntityOfPage":{"@id":"https:\/\/news.access4you.io\/2019\/11\/06\/akadalymentes-e-amit-annak-mondanak\/"},"wordCount":69,"publisher":{"@id":"https:\/\/news.access4you.io\/#organization"},"image":{"@id":"https:\/\/news.access4you.io\/2019\/11\/06\/akadalymentes-e-amit-annak-mondanak\/#primaryimage"},"thumbnailUrl":"https:\/\/news.access4you.io\/wp-content\/uploads\/2019\/11\/esely.jpg","keywords":["akad\u00e1lymentes","Berecz Bal\u00e1zs","M\u00e9ri Tam\u00e1s","fogyat\u00e9koss\u00e1g","Es\u00e9ly magazin","min\u0151s\u00edt\u0151 rendszer","MTVA","speci\u00e1lis sz\u00fcks\u00e9glet\u0171ek","v\u00e9djegy"],"articleSection":["Blog","Sajt\u00f3szemle"],"inLanguage":"en-US"},{"@type":"WebPage","@id":"https:\/\/news.access4you.io\/2019\/11\/06\/akadalymentes-e-amit-annak-mondanak\/","url":"https:\/\/news.access4you.io\/2019\/11\/06\/akadalymentes-e-amit-annak-mondanak\/","name":"Akad\u00e1lymentes-e, amit annak mondanak? - Access4you H\u00edrek","isPartOf":{"@id":"https:\/\/news.access4you.io\/#website"},"primaryImageOfPage":{"@id":"https:\/\/news.access4you.io\/2019\/11\/06\/akadalymentes-e-amit-annak-mondanak\/#primaryimage"},"image":{"@id":"https:\/\/news.access4you.io\/2019\/11\/06\/akadalymentes-e-amit-annak-mondanak\/#primaryimage"},"thumbnailUrl":"https:\/\/news.access4you.io\/wp-content\/uploads\/2019\/11\/esely.jpg","datePublished":"2019-11-06T09:15:30+00:00","dateModified":"2020-08-07T11:56:59+00:00","breadcrumb":{"@id":"https:\/\/news.access4you.io\/2019\/11\/06\/akadalymentes-e-amit-annak-mondanak\/#breadcrumb"},"inLanguage":"en-US","potentialAction":[{"@type":"ReadAction","target":["https:\/\/news.access4you.io\/2019\/11\/06\/akadalymentes-e-amit-annak-mondanak\/"]}]},{"@type":"ImageObject","inLanguage":"en-US","@id":"https:\/\/news.access4you.io\/2019\/11\/06\/akadalymentes-e-amit-annak-mondanak\/#primaryimage","url":"https:\/\/news.access4you.io\/wp-content\/uploads\/2019\/11\/esely.jpg","contentUrl":"https:\/\/news.access4you.io\/wp-content\/uploads\/2019\/11\/esely.jpg","width":800,"height":540,"caption":""},{"@type":"BreadcrumbList","@id":"https:\/\/news.access4you.io\/2019\/11\/06\/akadalymentes-e-amit-annak-mondanak\/#breadcrumb","itemListElement":[{"@type":"ListItem","position":1,"name":"Kezd\u0151lap","item":"https:\/\/news.access4you.io\/"},{"@type":"ListItem","position":2,"name":"Akad\u00e1lymentes-e, amit annak mondanak?"}]},{"@type":"WebSite","@id":"https:\/\/news.access4you.io\/#website","url":"https:\/\/news.access4you.io\/","name":"Access4you H\u00edrek","description":"","publisher":{"@id":"https:\/\/news.access4you.io\/#organization"},"potentialAction":[{"@type":"SearchAction","target":{"@type":"EntryPoint","urlTemplate":"https:\/\/news.access4you.io\/?s={search_term_string}"},"query-input":{"@type":"PropertyValueSpecification","valueRequired":true,"valueName":"search_term_string"}}],"inLanguage":"en-US"},{"@type":"Organization","@id":"https:\/\/news.access4you.io\/#organization","name":"Access4you H\u00edrek","url":"https:\/\/news.access4you.io\/","logo":{"@type":"ImageObject","inLanguage":"en-US","@id":"https:\/\/news.access4you.io\/#\/schema\/logo\/image\/","url":"https:\/\/news.access4you.io\/wp-content\/uploads\/2021\/01\/a4u-logo-black.png","contentUrl":"https:\/\/news.access4you.io\/wp-content\/uploads\/2021\/01\/a4u-logo-black.png","width":726,"height":454,"caption":"Access4you H\u00edrek"},"image":{"@id":"https:\/\/news.access4you.io\/#\/schema\/logo\/image\/"}},{"@type":"Person","@id":"https:\/\/news.access4you.io\/#\/schema\/person\/cb4fff088aa5f5f43a6f4ce3a1e2e084","name":"access4you","image":{"@type":"ImageObject","inLanguage":"en-US","@id":"https:\/\/news.access4you.io\/#\/schema\/person\/image\/","url":"https:\/\/secure.gravatar.com\/avatar\/9795a8b3afc7ed258d167a92dbb1075b37bab5bc83b1ac9182ff4f58c22040b8?s=96&d=mm&r=g","contentUrl":"https:\/\/secure.gravatar.com\/avatar\/9795a8b3afc7ed258d167a92dbb1075b37bab5bc83b1ac9182ff4f58c22040b8?s=96&d=mm&r=g","caption":"access4you"},"sameAs":["http:\/\/localhost\/access4you"],"url":"https:\/\/news.access4you.io\/en\/author\/access4you\/"}]}},"_links":{"self":[{"href":"https:\/\/news.access4you.io\/en\/wp-json\/wp\/v2\/posts\/2783","targetHints":{"allow":["GET"]}}],"collection":[{"href":"https:\/\/news.access4you.io\/en\/wp-json\/wp\/v2\/posts"}],"about":[{"href":"https:\/\/news.access4you.io\/en\/wp-json\/wp\/v2\/types\/post"}],"author":[{"embeddable":true,"href":"https:\/\/news.access4you.io\/en\/wp-json\/wp\/v2\/users\/1"}],"replies":[{"embeddable":true,"href":"https:\/\/news.access4you.io\/en\/wp-json\/wp\/v2\/comments?post=2783"}],"version-history":[{"count":0,"href":"https:\/\/news.access4you.io\/en\/wp-json\/wp\/v2\/posts\/2783\/revisions"}],"wp:featuredmedia":[{"embeddable":true,"href":"https:\/\/news.access4you.io\/en\/wp-json\/wp\/v2\/media\/2782"}],"wp:attachment":[{"href":"https:\/\/news.access4you.io\/en\/wp-json\/wp\/v2\/media?parent=2783"}],"wp:term":[{"taxonomy":"category","embeddable":true,"href":"https:\/\/news.access4you.io\/en\/wp-json\/wp\/v2\/categories?post=2783"},{"taxonomy":"post_tag","embeddable":true,"href":"https:\/\/news.access4you.io\/en\/wp-json\/wp\/v2\/tags?post=2783"}],"curies":[{"name":"wp","href":"https:\/\/api.w.org\/{rel}","templated":true}]}}