{"id":3709,"date":"2020-03-23T12:43:02","date_gmt":"2020-03-23T12:43:02","guid":{"rendered":"https:\/\/access4you.io\/?p=3709"},"modified":"2020-07-17T17:06:53","modified_gmt":"2020-07-17T17:06:53","slug":"covid-statement","status":"publish","type":"post","link":"https:\/\/news.access4you.io\/en\/2020\/03\/23\/covid-statement\/","title":{"rendered":"Access4you v\u00e1lasza a koronav\u00edrusra"},"content":{"rendered":"<h5 class=\"wp-block-heading\">A koronav\u00edrus \u00e1ltal okozott zavar \u00e9s bizonytalans\u00e1g kritikus id\u0151szakk\u00e1 tette az elk\u00f6vetkezend\u0151 h\u00f3napokat, tal\u00e1n az eg\u00e9sz \u00e9vet. Mi sem vagyunk kiv\u00e9telek, terveinket, n\u00f6veked\u00e9si strat\u00e9gi\u00e1nkat \u00fajra kell gondolnunk, \u00e9s meg kell tal\u00e1lnunk az utat kialakult helyzethez val\u00f3 gyors alkalmazkod\u00e1shoz.<\/h5>\n\n\n\n<blockquote class=\"wp-block-quote is-layout-flow wp-block-quote-is-layout-flow\"><p><strong>Mert mi \u00fagy d\u00f6nt\u00f6tt\u00fcnk, folytatjuk, mindannyian &#8211; egy\u00fctt. Senkit\u0151l nem v\u00e1lunk meg.<\/strong><\/p><\/blockquote>\n\n\n\n<p>A bizalom, amit kapunk \u00dcgyfeleinkt\u0151l \u00e9s Partnereinkt\u0151l, eddigi sikereink, \u00e9s az elk\u00f6telez\u0151d\u00e9s\u00fcnk az \u00e1ltalunk kit\u0171z\u00f6tt feladat &#8211; a speci\u00e1lis ig\u00e9ny\u0171 emberek hiteles akad\u00e1lymentess\u00e9gr\u0151l sz\u00f3l\u00f3 t\u00e1j\u00e9koztat\u00e1sa &#8211; ir\u00e1nt mind csak el\u0151re visznek minket. Er\u0151t mer\u00edt\u00fcnk eddigi eredm\u00e9nyeinkb\u0151l, amit kreat\u00edv gondolkod\u00e1sra, innov\u00e1ci\u00f3ra ford\u00edtunk. Most, hogy lelassult k\u00f6r\u00fcl\u00f6tt\u00fcnk az \u00e9let, id\u0151nk lett arra, hogy \u00e1tgondoljuk azokat az \u00f6tleteket, amelyek az elm\u00falt egy \u00e9vben felmer\u00fcltek benn\u00fcnk, \u00e9s megval\u00f3s\u00edtsuk azokat a terveinket, amelyekr\u0151l eddig csak \u00e1lmodtunk.<\/p>\n\n\n\n<p>A v\u00edrus terjed\u00e9s\u00e9nek lelass\u00edt\u00e1sa \u00e9rdek\u00e9ben az Access4you csapata m\u00e1r egy hete otthonr\u00f3l dolgozik, \u00e9s arra k\u00e9r\u00fcnk Benneteket, tegy\u00e9tek ti is ezt, ha van r\u00e1 m\u00f3dotok. Fokozottan figyeljetek a higi\u00e9ni\u00e1ra \u00e9s csak a legsz\u00fcks\u00e9gesebb esetekben hagyj\u00e1tok el az otthonotokat. H\u00edvj\u00e1tok fel gyakran sz\u00fcleiteket, id\u0151s rokonaitokat, \u00e9s kiemelten figyeljetek speci\u00e1lis ig\u00e9ny\u0171 bar\u00e1taitokra, csal\u00e1dtagjaitokra!<\/p>\n\n\n\n<p>Kitart\u00e1st k\u00edv\u00e1nunk Nektek!<\/p>\n\n\n\n<p>Az Access4you csapata.<\/p>\n\n\n\n<p><em>A<span style=\"font-size: 12pt;\">z Access4you-r\u00f3l:<\/span><\/em><\/p>\n\n\n\n<p><em><span style=\"font-size: 12pt;\">Az Access4you 2019-ben j\u00f6tt l\u00e9tre, egy olyan t\u00e1rsadalmi c\u00e9l\u00fa startup v\u00e1llalkoz\u00e1sk\u00e9nt, amely speci\u00e1lis ig\u00e9ny\u0171 emberek sz\u00e1m\u00e1ra ny\u00fajt hiteles \u00e9s r\u00e9szletes inform\u00e1ci\u00f3t a k\u00fcl\u00f6nb\u00f6z\u0151 \u00e9p\u00fcletekhez, k\u00f6z\u00f6ss\u00e9gi terekhez \u00e9s \u00e1ltal\u00e1ban az ember \u00e1ltal \u00e9p\u00edtett k\u00f6rnyezethez val\u00f3 akad\u00e1lymentes hozz\u00e1f\u00e9r\u00e9sr\u0151l.&nbsp;<\/span><\/em><\/p>\n\n\n\n<p><em><span style=\"font-size: 12pt;\">Az Access4you \u00e1ltal tan\u00fas\u00edtott \u00e9s min\u0151s\u00edtett helysz\u00ednek az &#8222;access4you&#8221; eur\u00f3pai tan\u00fas\u00edt\u00f3 v\u00e9djegy birtok\u00e1ban hozz\u00e1j\u00e1rulnak ahhoz, hogy a t\u00e1rsadalom 15%-\u00e1t kitev\u0151 speci\u00e1lis ig\u00e9ny\u0171 emberek \u00e9let\u00fcket a legteljesebben, \u00f6n\u00e1ll\u00f3an, \u00e9s k\u00f6z\u00f6ss\u00e9gi \u00e9lm\u00e9nyekben gazdagon \u00e9lhess\u00e9k.<\/span><\/em><\/p>\n\n\n\n<p><em><span style=\"font-size: 12pt;\">Az Access4you a helysz\u00edneket felm\u00e9ri, sz\u00fcks\u00e9g szerint javaslatot tesz a fejleszt\u00e9sre, \u00e9s min\u0151s\u00edti az akad\u00e1lymentess\u00e9g m\u00e9rt\u00e9k\u00e9t: alap, bronz, ez\u00fcst \u00e9s arany fokozat szerint.&nbsp;<\/span><\/em><\/p>\n\n\n\n<p><em><span style=\"font-size: 12pt;\">A speci\u00e1lis ig\u00e9ny\u0171 felhaszn\u00e1l\u00f3 az akad\u00e1lymentess\u00e9gr\u0151l sz\u00f3l\u00f3 hiteles inform\u00e1ci\u00f3t az access4you.io platformon kereszt\u00fcl \u00e9ri el, ahol a tan\u00fas\u00edtott \u00e9s min\u0151s\u00edtett helysz\u00ednek konkr\u00e9t k\u00f6r\u00fclm\u00e9nyeir\u0151l kap t\u00e1j\u00e9koztat\u00e1st.<\/span><\/em><\/p>","protected":false},"excerpt":{"rendered":"<p>A koronav\u00edrus \u00e1ltal okozott zavar \u00e9s bizonytalans\u00e1g kritikus id\u0151szakk\u00e1 tette az elk\u00f6vetkezend\u0151 h\u00f3napokat, tal\u00e1n az eg\u00e9sz \u00e9vet. Mi sem vagyunk kiv\u00e9telek, terveinket, n\u00f6veked\u00e9si strat\u00e9gi\u00e1nkat \u00fajra kell gondolnunk, \u00e9s meg kell tal\u00e1lnunk az utat kialakult helyzethez val\u00f3 gyors alkalmazkod\u00e1shoz. Mert mi \u00fagy d\u00f6nt\u00f6tt\u00fcnk, folytatjuk, mindannyian &#8211; egy\u00fctt. Senkit\u0151l nem v\u00e1lunk meg. A bizalom, amit kapunk \u00dcgyfeleinkt\u0151l [&hellip;]<\/p>","protected":false},"author":1,"featured_media":3729,"comment_status":"closed","ping_status":"closed","sticky":false,"template":"","format":"standard","meta":{"footnotes":""},"categories":[10],"tags":[8,9,14,35,49,62],"class_list":["post-3709","post","type-post","status-publish","format-standard","has-post-thumbnail","hentry","category-blog","tag-akadalymentes","tag-berecz-balazs","tag-specialis-igenyuek","tag-meri-tamas","tag-specialis-szuksegletuek","tag-covid"],"yoast_head":"<!-- This site is optimized with the Yoast SEO plugin v23.8 - https:\/\/yoast.com\/wordpress\/plugins\/seo\/ -->\n<title>Access4you v\u00e1lasza a koronav\u00edrusra - Access4you H\u00edrek<\/title>\n<meta name=\"robots\" content=\"index, follow, max-snippet:-1, max-image-preview:large, max-video-preview:-1\" \/>\n<link rel=\"canonical\" href=\"https:\/\/news.access4you.io\/en\/2020\/03\/23\/covid-statement\/\" \/>\n<meta property=\"og:locale\" content=\"en_US\" \/>\n<meta property=\"og:type\" content=\"article\" \/>\n<meta property=\"og:title\" content=\"Access4you v\u00e1lasza a koronav\u00edrusra - Access4you H\u00edrek\" \/>\n<meta property=\"og:description\" content=\"A koronav\u00edrus \u00e1ltal okozott zavar \u00e9s bizonytalans\u00e1g kritikus id\u0151szakk\u00e1 tette az elk\u00f6vetkezend\u0151 h\u00f3napokat, tal\u00e1n az eg\u00e9sz \u00e9vet. Mi sem vagyunk kiv\u00e9telek, terveinket, n\u00f6veked\u00e9si strat\u00e9gi\u00e1nkat \u00fajra kell gondolnunk, \u00e9s meg kell tal\u00e1lnunk az utat kialakult helyzethez val\u00f3 gyors alkalmazkod\u00e1shoz. Mert mi \u00fagy d\u00f6nt\u00f6tt\u00fcnk, folytatjuk, mindannyian &#8211; egy\u00fctt. Senkit\u0151l nem v\u00e1lunk meg. A bizalom, amit kapunk \u00dcgyfeleinkt\u0151l [&hellip;]\" \/>\n<meta property=\"og:url\" content=\"https:\/\/news.access4you.io\/en\/2020\/03\/23\/covid-statement\/\" \/>\n<meta property=\"og:site_name\" content=\"Access4you H\u00edrek\" \/>\n<meta property=\"article:published_time\" content=\"2020-03-23T12:43:02+00:00\" \/>\n<meta property=\"article:modified_time\" content=\"2020-07-17T17:06:53+00:00\" \/>\n<meta property=\"og:image\" content=\"https:\/\/news.access4you.io\/wp-content\/uploads\/2020\/03\/the-team-1200x480-1.jpg\" \/>\n\t<meta property=\"og:image:width\" content=\"1200\" \/>\n\t<meta property=\"og:image:height\" content=\"480\" \/>\n\t<meta property=\"og:image:type\" content=\"image\/jpeg\" \/>\n<meta name=\"author\" content=\"access4you\" \/>\n<meta name=\"twitter:card\" content=\"summary_large_image\" \/>\n<meta name=\"twitter:label1\" content=\"Written by\" \/>\n\t<meta name=\"twitter:data1\" content=\"access4you\" \/>\n\t<meta name=\"twitter:label2\" content=\"Est. reading time\" \/>\n\t<meta name=\"twitter:data2\" content=\"2 minutes\" \/>\n<script type=\"application\/ld+json\" class=\"yoast-schema-graph\">{\"@context\":\"https:\/\/schema.org\",\"@graph\":[{\"@type\":\"Article\",\"@id\":\"https:\/\/news.access4you.io\/2020\/03\/23\/covid-statement\/#article\",\"isPartOf\":{\"@id\":\"https:\/\/news.access4you.io\/2020\/03\/23\/covid-statement\/\"},\"author\":{\"name\":\"access4you\",\"@id\":\"https:\/\/news.access4you.io\/#\/schema\/person\/cb4fff088aa5f5f43a6f4ce3a1e2e084\"},\"headline\":\"Access4you v\u00e1lasza a koronav\u00edrusra\",\"datePublished\":\"2020-03-23T12:43:02+00:00\",\"dateModified\":\"2020-07-17T17:06:53+00:00\",\"mainEntityOfPage\":{\"@id\":\"https:\/\/news.access4you.io\/2020\/03\/23\/covid-statement\/\"},\"wordCount\":493,\"publisher\":{\"@id\":\"https:\/\/news.access4you.io\/#organization\"},\"image\":{\"@id\":\"https:\/\/news.access4you.io\/2020\/03\/23\/covid-statement\/#primaryimage\"},\"thumbnailUrl\":\"https:\/\/news.access4you.io\/wp-content\/uploads\/2020\/03\/the-team-1200x480-1.jpg\",\"keywords\":[\"akad\u00e1lymentes\",\"Berecz Bal\u00e1zs\",\"speci\u00e1lis ig\u00e9ny\u0171ek\",\"M\u00e9ri Tam\u00e1s\",\"speci\u00e1lis sz\u00fcks\u00e9glet\u0171ek\",\"covid\"],\"articleSection\":[\"Blog\"],\"inLanguage\":\"en-US\"},{\"@type\":\"WebPage\",\"@id\":\"https:\/\/news.access4you.io\/2020\/03\/23\/covid-statement\/\",\"url\":\"https:\/\/news.access4you.io\/2020\/03\/23\/covid-statement\/\",\"name\":\"Access4you v\u00e1lasza a koronav\u00edrusra - Access4you H\u00edrek\",\"isPartOf\":{\"@id\":\"https:\/\/news.access4you.io\/#website\"},\"primaryImageOfPage\":{\"@id\":\"https:\/\/news.access4you.io\/2020\/03\/23\/covid-statement\/#primaryimage\"},\"image\":{\"@id\":\"https:\/\/news.access4you.io\/2020\/03\/23\/covid-statement\/#primaryimage\"},\"thumbnailUrl\":\"https:\/\/news.access4you.io\/wp-content\/uploads\/2020\/03\/the-team-1200x480-1.jpg\",\"datePublished\":\"2020-03-23T12:43:02+00:00\",\"dateModified\":\"2020-07-17T17:06:53+00:00\",\"breadcrumb\":{\"@id\":\"https:\/\/news.access4you.io\/2020\/03\/23\/covid-statement\/#breadcrumb\"},\"inLanguage\":\"en-US\",\"potentialAction\":[{\"@type\":\"ReadAction\",\"target\":[\"https:\/\/news.access4you.io\/2020\/03\/23\/covid-statement\/\"]}]},{\"@type\":\"ImageObject\",\"inLanguage\":\"en-US\",\"@id\":\"https:\/\/news.access4you.io\/2020\/03\/23\/covid-statement\/#primaryimage\",\"url\":\"https:\/\/news.access4you.io\/wp-content\/uploads\/2020\/03\/the-team-1200x480-1.jpg\",\"contentUrl\":\"https:\/\/news.access4you.io\/wp-content\/uploads\/2020\/03\/the-team-1200x480-1.jpg\",\"width\":1200,\"height\":480},{\"@type\":\"BreadcrumbList\",\"@id\":\"https:\/\/news.access4you.io\/2020\/03\/23\/covid-statement\/#breadcrumb\",\"itemListElement\":[{\"@type\":\"ListItem\",\"position\":1,\"name\":\"Kezd\u0151lap\",\"item\":\"https:\/\/news.access4you.io\/\"},{\"@type\":\"ListItem\",\"position\":2,\"name\":\"Access4you v\u00e1lasza a koronav\u00edrusra\"}]},{\"@type\":\"WebSite\",\"@id\":\"https:\/\/news.access4you.io\/#website\",\"url\":\"https:\/\/news.access4you.io\/\",\"name\":\"Access4you H\u00edrek\",\"description\":\"\",\"publisher\":{\"@id\":\"https:\/\/news.access4you.io\/#organization\"},\"potentialAction\":[{\"@type\":\"SearchAction\",\"target\":{\"@type\":\"EntryPoint\",\"urlTemplate\":\"https:\/\/news.access4you.io\/?s={search_term_string}\"},\"query-input\":{\"@type\":\"PropertyValueSpecification\",\"valueRequired\":true,\"valueName\":\"search_term_string\"}}],\"inLanguage\":\"en-US\"},{\"@type\":\"Organization\",\"@id\":\"https:\/\/news.access4you.io\/#organization\",\"name\":\"Access4you H\u00edrek\",\"url\":\"https:\/\/news.access4you.io\/\",\"logo\":{\"@type\":\"ImageObject\",\"inLanguage\":\"en-US\",\"@id\":\"https:\/\/news.access4you.io\/#\/schema\/logo\/image\/\",\"url\":\"https:\/\/news.access4you.io\/wp-content\/uploads\/2021\/01\/a4u-logo-black.png\",\"contentUrl\":\"https:\/\/news.access4you.io\/wp-content\/uploads\/2021\/01\/a4u-logo-black.png\",\"width\":726,\"height\":454,\"caption\":\"Access4you H\u00edrek\"},\"image\":{\"@id\":\"https:\/\/news.access4you.io\/#\/schema\/logo\/image\/\"}},{\"@type\":\"Person\",\"@id\":\"https:\/\/news.access4you.io\/#\/schema\/person\/cb4fff088aa5f5f43a6f4ce3a1e2e084\",\"name\":\"access4you\",\"image\":{\"@type\":\"ImageObject\",\"inLanguage\":\"en-US\",\"@id\":\"https:\/\/news.access4you.io\/#\/schema\/person\/image\/\",\"url\":\"https:\/\/secure.gravatar.com\/avatar\/9795a8b3afc7ed258d167a92dbb1075b37bab5bc83b1ac9182ff4f58c22040b8?s=96&d=mm&r=g\",\"contentUrl\":\"https:\/\/secure.gravatar.com\/avatar\/9795a8b3afc7ed258d167a92dbb1075b37bab5bc83b1ac9182ff4f58c22040b8?s=96&d=mm&r=g\",\"caption\":\"access4you\"},\"sameAs\":[\"http:\/\/localhost\/access4you\"],\"url\":\"https:\/\/news.access4you.io\/en\/author\/access4you\/\"}]}<\/script>\n<!-- \/ Yoast SEO plugin. -->","yoast_head_json":{"title":"Access4you v\u00e1lasza a koronav\u00edrusra - Access4you H\u00edrek","robots":{"index":"index","follow":"follow","max-snippet":"max-snippet:-1","max-image-preview":"max-image-preview:large","max-video-preview":"max-video-preview:-1"},"canonical":"https:\/\/news.access4you.io\/en\/2020\/03\/23\/covid-statement\/","og_locale":"en_US","og_type":"article","og_title":"Access4you v\u00e1lasza a koronav\u00edrusra - Access4you H\u00edrek","og_description":"A koronav\u00edrus \u00e1ltal okozott zavar \u00e9s bizonytalans\u00e1g kritikus id\u0151szakk\u00e1 tette az elk\u00f6vetkezend\u0151 h\u00f3napokat, tal\u00e1n az eg\u00e9sz \u00e9vet. Mi sem vagyunk kiv\u00e9telek, terveinket, n\u00f6veked\u00e9si strat\u00e9gi\u00e1nkat \u00fajra kell gondolnunk, \u00e9s meg kell tal\u00e1lnunk az utat kialakult helyzethez val\u00f3 gyors alkalmazkod\u00e1shoz. Mert mi \u00fagy d\u00f6nt\u00f6tt\u00fcnk, folytatjuk, mindannyian &#8211; egy\u00fctt. Senkit\u0151l nem v\u00e1lunk meg. A bizalom, amit kapunk \u00dcgyfeleinkt\u0151l [&hellip;]","og_url":"https:\/\/news.access4you.io\/en\/2020\/03\/23\/covid-statement\/","og_site_name":"Access4you H\u00edrek","article_published_time":"2020-03-23T12:43:02+00:00","article_modified_time":"2020-07-17T17:06:53+00:00","og_image":[{"width":1200,"height":480,"url":"https:\/\/news.access4you.io\/wp-content\/uploads\/2020\/03\/the-team-1200x480-1.jpg","type":"image\/jpeg"}],"author":"access4you","twitter_card":"summary_large_image","twitter_misc":{"Written by":"access4you","Est. reading time":"2 minutes"},"schema":{"@context":"https:\/\/schema.org","@graph":[{"@type":"Article","@id":"https:\/\/news.access4you.io\/2020\/03\/23\/covid-statement\/#article","isPartOf":{"@id":"https:\/\/news.access4you.io\/2020\/03\/23\/covid-statement\/"},"author":{"name":"access4you","@id":"https:\/\/news.access4you.io\/#\/schema\/person\/cb4fff088aa5f5f43a6f4ce3a1e2e084"},"headline":"Access4you v\u00e1lasza a koronav\u00edrusra","datePublished":"2020-03-23T12:43:02+00:00","dateModified":"2020-07-17T17:06:53+00:00","mainEntityOfPage":{"@id":"https:\/\/news.access4you.io\/2020\/03\/23\/covid-statement\/"},"wordCount":493,"publisher":{"@id":"https:\/\/news.access4you.io\/#organization"},"image":{"@id":"https:\/\/news.access4you.io\/2020\/03\/23\/covid-statement\/#primaryimage"},"thumbnailUrl":"https:\/\/news.access4you.io\/wp-content\/uploads\/2020\/03\/the-team-1200x480-1.jpg","keywords":["akad\u00e1lymentes","Berecz Bal\u00e1zs","speci\u00e1lis ig\u00e9ny\u0171ek","M\u00e9ri Tam\u00e1s","speci\u00e1lis sz\u00fcks\u00e9glet\u0171ek","covid"],"articleSection":["Blog"],"inLanguage":"en-US"},{"@type":"WebPage","@id":"https:\/\/news.access4you.io\/2020\/03\/23\/covid-statement\/","url":"https:\/\/news.access4you.io\/2020\/03\/23\/covid-statement\/","name":"Access4you v\u00e1lasza a koronav\u00edrusra - Access4you H\u00edrek","isPartOf":{"@id":"https:\/\/news.access4you.io\/#website"},"primaryImageOfPage":{"@id":"https:\/\/news.access4you.io\/2020\/03\/23\/covid-statement\/#primaryimage"},"image":{"@id":"https:\/\/news.access4you.io\/2020\/03\/23\/covid-statement\/#primaryimage"},"thumbnailUrl":"https:\/\/news.access4you.io\/wp-content\/uploads\/2020\/03\/the-team-1200x480-1.jpg","datePublished":"2020-03-23T12:43:02+00:00","dateModified":"2020-07-17T17:06:53+00:00","breadcrumb":{"@id":"https:\/\/news.access4you.io\/2020\/03\/23\/covid-statement\/#breadcrumb"},"inLanguage":"en-US","potentialAction":[{"@type":"ReadAction","target":["https:\/\/news.access4you.io\/2020\/03\/23\/covid-statement\/"]}]},{"@type":"ImageObject","inLanguage":"en-US","@id":"https:\/\/news.access4you.io\/2020\/03\/23\/covid-statement\/#primaryimage","url":"https:\/\/news.access4you.io\/wp-content\/uploads\/2020\/03\/the-team-1200x480-1.jpg","contentUrl":"https:\/\/news.access4you.io\/wp-content\/uploads\/2020\/03\/the-team-1200x480-1.jpg","width":1200,"height":480},{"@type":"BreadcrumbList","@id":"https:\/\/news.access4you.io\/2020\/03\/23\/covid-statement\/#breadcrumb","itemListElement":[{"@type":"ListItem","position":1,"name":"Kezd\u0151lap","item":"https:\/\/news.access4you.io\/"},{"@type":"ListItem","position":2,"name":"Access4you v\u00e1lasza a koronav\u00edrusra"}]},{"@type":"WebSite","@id":"https:\/\/news.access4you.io\/#website","url":"https:\/\/news.access4you.io\/","name":"Access4you H\u00edrek","description":"","publisher":{"@id":"https:\/\/news.access4you.io\/#organization"},"potentialAction":[{"@type":"SearchAction","target":{"@type":"EntryPoint","urlTemplate":"https:\/\/news.access4you.io\/?s={search_term_string}"},"query-input":{"@type":"PropertyValueSpecification","valueRequired":true,"valueName":"search_term_string"}}],"inLanguage":"en-US"},{"@type":"Organization","@id":"https:\/\/news.access4you.io\/#organization","name":"Access4you H\u00edrek","url":"https:\/\/news.access4you.io\/","logo":{"@type":"ImageObject","inLanguage":"en-US","@id":"https:\/\/news.access4you.io\/#\/schema\/logo\/image\/","url":"https:\/\/news.access4you.io\/wp-content\/uploads\/2021\/01\/a4u-logo-black.png","contentUrl":"https:\/\/news.access4you.io\/wp-content\/uploads\/2021\/01\/a4u-logo-black.png","width":726,"height":454,"caption":"Access4you H\u00edrek"},"image":{"@id":"https:\/\/news.access4you.io\/#\/schema\/logo\/image\/"}},{"@type":"Person","@id":"https:\/\/news.access4you.io\/#\/schema\/person\/cb4fff088aa5f5f43a6f4ce3a1e2e084","name":"access4you","image":{"@type":"ImageObject","inLanguage":"en-US","@id":"https:\/\/news.access4you.io\/#\/schema\/person\/image\/","url":"https:\/\/secure.gravatar.com\/avatar\/9795a8b3afc7ed258d167a92dbb1075b37bab5bc83b1ac9182ff4f58c22040b8?s=96&d=mm&r=g","contentUrl":"https:\/\/secure.gravatar.com\/avatar\/9795a8b3afc7ed258d167a92dbb1075b37bab5bc83b1ac9182ff4f58c22040b8?s=96&d=mm&r=g","caption":"access4you"},"sameAs":["http:\/\/localhost\/access4you"],"url":"https:\/\/news.access4you.io\/en\/author\/access4you\/"}]}},"_links":{"self":[{"href":"https:\/\/news.access4you.io\/en\/wp-json\/wp\/v2\/posts\/3709","targetHints":{"allow":["GET"]}}],"collection":[{"href":"https:\/\/news.access4you.io\/en\/wp-json\/wp\/v2\/posts"}],"about":[{"href":"https:\/\/news.access4you.io\/en\/wp-json\/wp\/v2\/types\/post"}],"author":[{"embeddable":true,"href":"https:\/\/news.access4you.io\/en\/wp-json\/wp\/v2\/users\/1"}],"replies":[{"embeddable":true,"href":"https:\/\/news.access4you.io\/en\/wp-json\/wp\/v2\/comments?post=3709"}],"version-history":[{"count":0,"href":"https:\/\/news.access4you.io\/en\/wp-json\/wp\/v2\/posts\/3709\/revisions"}],"wp:featuredmedia":[{"embeddable":true,"href":"https:\/\/news.access4you.io\/en\/wp-json\/wp\/v2\/media\/3729"}],"wp:attachment":[{"href":"https:\/\/news.access4you.io\/en\/wp-json\/wp\/v2\/media?parent=3709"}],"wp:term":[{"taxonomy":"category","embeddable":true,"href":"https:\/\/news.access4you.io\/en\/wp-json\/wp\/v2\/categories?post=3709"},{"taxonomy":"post_tag","embeddable":true,"href":"https:\/\/news.access4you.io\/en\/wp-json\/wp\/v2\/tags?post=3709"}],"curies":[{"name":"wp","href":"https:\/\/api.w.org\/{rel}","templated":true}]}}