{"id":3834,"date":"2020-08-03T09:11:12","date_gmt":"2020-08-03T09:11:12","guid":{"rendered":"http:\/\/news.access4you.io\/?p=3834"},"modified":"2020-08-03T09:11:12","modified_gmt":"2020-08-03T09:11:12","slug":"neked-90-nap-neki-egy-egesz-elet-rendhagyo-parbeszed-a-covid-rol-es-a-bezartsagrol","status":"publish","type":"post","link":"https:\/\/news.access4you.io\/en\/2020\/08\/03\/neked-90-nap-neki-egy-egesz-elet-rendhagyo-parbeszed-a-covid-rol-es-a-bezartsagrol\/","title":{"rendered":"Neked 90 nap, neki egy eg\u00e9sz \u00e9let! \u2013 Rendhagy\u00f3 p\u00e1rbesz\u00e9d a COVID-r\u00f3l \u00e9s a bez\u00e1rts\u00e1gr\u00f3l"},"content":{"rendered":"<p><strong>M\u00edg az \u00e9p emberek csak h\u00e1rom h\u00f3napon \u00e1t k\u00e9nyszer\u00fcltek elviselni korl\u00e1toz\u00e1sokat a koronav\u00edrus miatt, addig egy speci\u00e1lis ig\u00e9ny\u0171 ember sz\u00e1m\u00e1ra \u2013 aki mozg\u00e1sszervi, \u00e9rz\u00e9kszervi, \u00e9rtelmi vagy besz\u00e9dfogyat\u00e9koss\u00e1ggal \u00e9l\u0151 vagy halmozottan fogyat\u00e9kos \u2013 \u00e1lland\u00f3 \u00e9lm\u00e9ny a korl\u00e1tozotts\u00e1g \u00e9s a bizonytalans\u00e1g.\u00a0<em>Lackfi J\u00e1nos<\/em>\u00a0k\u00f6lt\u0151, \u00edr\u00f3, m\u0171ford\u00edt\u00f3 \u00e9s\u00a0<em>Nagy Bal\u00e1zs<\/em>, a Hunguest Hotels projektigazgat\u00f3ja J\u00f3n\u00e1s \u00c1ginak vallottak \u00f6nn\u00f6n \u201ebez\u00e1rts\u00e1gukr\u00f3l\u201d \u00e9s ment\u00e1lis t\u00fal\u00e9l\u0151terveikr\u0151l.<\/strong> <\/p>\n\n\n\n<p><strong>\u2013 J\u00e1nos, te hogyan viselted az elm\u00falt h\u00e1rom h\u00f3napot, \u00e9s hogyan alakult \u00e1t az \u00e9leted?<\/strong><\/p>\n\n\n\n<p><strong>J\u00e1nos:<\/strong>&nbsp;Nekem \u00e9s sz\u0171k csal\u00e1domnak meglep\u0151en kev\u00e9s aggodalmat hozott, nagyon izgalmas peri\u00f3dus kerekedett bel\u0151le. Term\u00e9szetesen embertelens\u00e9g lett volna, ha nem rend\u00edt meg a sok-sok hal\u00e1leset,&nbsp;<em>Ferenc p\u00e1pa<\/em>&nbsp;sz\u00edvszaggat\u00f3 im\u00e1ja az \u00e1ldozatok\u00e9rt az \u00fcres Szent P\u00e9ter-t\u00e9ren. Ugyan\u00edgy f\u00e9ltettem a v\u00e1rosban rekedt feln\u0151tt gyermekeimet, akik v\u00e9gig dolgoztak, \u00e9s nagyon hi\u00e1nyzott az \u00f6lel\u00e9s\u00fck. Meg \u00fagy egy\u00e1ltal\u00e1n, az emberi kontaktus. Szeretem meglapogatni a bar\u00e1taimat. Nekem, k\u00e9pzelettel dolgoz\u00f3 embernek megrend\u00edt\u0151 volt, milyen gyorsan sci-fiv\u00e9 v\u00e1ltozhat az \u00e9let\u00fcnk, gondolok itt t\u00f6bbek k\u00f6z\u00f6tt a maszkra, a k\u00f6h\u00f6g\u00e9s d\u00e9moniz\u00e1l\u00e1s\u00e1ra, UF\u00d3-ruh\u00e1s eg\u00e9szs\u00e9g\u00fcgyisekre, hat\u00e1rlez\u00e1r\u00e1sokra. Egyik pillanatr\u00f3l a m\u00e1sikra diszt\u00f3pi\u00e1ban tal\u00e1ltuk magunkat. A j\u00e1rv\u00e1ny gyakorlatilag elvette a j\u00f6v\u0151t \u00e9s a tot\u00e1lis mobilit\u00e1s ill\u00fazi\u00f3j\u00e1t. A felold\u00e1sok \u00f3ta is roppant \u00f3vatosan \u00e9s felt\u00e9telesen tervez\u00fcnk.<\/p>\n\n\n\n<p><strong>\u2013 Bal\u00e1zs, te mozg\u00e1sodban korl\u00e1tozott vagy, hiszen egy l\u00e1bbal \u00e9lsz, m\u00e9gis annyira f\u00fcrge \u00e9s akt\u00edv vagy, hogy gyakorlatilag fut\u00f3l\u00e9p\u00e9sben kell haladnom, ha tartani akarom veled a temp\u00f3t. \u00dagy \u00e9rzem, hogy te a saj\u00e1t \u201ebez\u00e1rts\u00e1godat\u201d \u00e9s korl\u00e1taidat maxim\u00e1lisan elfogadtad. A COVID miatti korl\u00e1toz\u00e1s hogyan \u00e9rintett?<\/strong><\/p>\n\n\n\n<p><strong>Bal\u00e1zs:<\/strong>&nbsp;\u00c9n sosem voltam egy \u00f6nmarcangol\u00f3, \u00f6npuszt\u00edt\u00f3 t\u00edpus. 1992-ben diagnosztiz\u00e1ltak csontr\u00e1kot a s\u00edpcsontomban, 16 \u00e9vesen amput\u00e1lt\u00e1k a jobb l\u00e1bam, de \u00e9n erre annyit mondtam: t\u00fal\u00e9ltem, meggy\u00f3gyultam, hajr\u00e1 tov\u00e1bb!<\/p>\n\n\n\n<blockquote class=\"wp-block-quote is-layout-flow wp-block-quote-is-layout-flow\"><p>Neked fel\u00e1llni egyetlen mozdulat, nekem kett\u0151-h\u00e1rom, de \u00e9n az \u00e1llapotommal j\u00e1r\u00f3 t\u00f6bbletfeladatokat elfogadtam.<\/p><\/blockquote>\n\n\n\n<p>A COVID miatti korl\u00e1toz\u00e1sokkor azt \u00e9rz\u00e9keltem, hogy az emberek nagy r\u00e9sze a t\u00f6bbletfeladatokat nehezen akarta elfogadni. \u00d3dzkodtak a keszty\u0171t\u0151l, a maszkt\u00f3l, morogtak, hogy le kell fert\u0151tlen\u00edteni a v\u00e1s\u00e1rolt \u00e1rut, illetve hogy nem lehet kimozdulni. Ezek apr\u00f3 kellemetlens\u00e9gek, amik miatt felesleges bosszankodni. N\u00e1lunk, a Hunguest Hotelsn\u00e9l meg\u00e1llt az \u00e9let, m\u00e1rcius 23-t\u00f3l home office-ban dolgoztam. Feles\u00e9gemmel \u00e9s k\u00e9t gyermekemmel egy A3-as lapra \u201e\u00f3rarendet\u201d k\u00e9sz\u00edtett\u00fcnk, sz\u00e9pen fel\u00edrtuk, melyik nap mit fogunk csin\u00e1lni. Gyakran kiment\u00fcnk a kertbe, amit lehetett, h\u00e1zhoz rendelt\u00fcnk, heti egyszer pedig a feles\u00e9gem ment v\u00e1s\u00e1rolni. Nem \u00e9lt\u00fck meg katasztr\u00f3fak\u00e9nt az elm\u00falt h\u00f3napokat, szerett\u00fcnk sokat egy\u00fctt lenni.<\/p>\n\n\n\n<p><strong>\u2013 J\u00e1nos, te \u00e9s a csal\u00e1dod milyen ment\u00e1lis akci\u00f3tervet dolgoztatok ki?<\/strong><\/p>\n\n\n\n<p><strong>J\u00e1nos:<\/strong>&nbsp;Term\u00e9szetesen semmilyet, mint ahogy senki m\u00e1s se k\u00e9sz\u00fclt j\u00f3zanul ilyesmire. Viszont ez a peri\u00f3dus az \u00e9letm\u00f3dunkb\u00f3l rengeteg pozit\u00edv dolgot feler\u0151s\u00edtett, \u00e9s j\u00f3 n\u00e9h\u00e1ny negat\u00edvumot vagy legal\u00e1bbis stresszfaktort kisz\u0171rt. P\u00e9ld\u00e1ul r\u00e1j\u00f6tt\u00fcnk, hogy a Messengert lehet elm\u00e9ly\u00fclt lelki besz\u00e9lget\u00e9sre vagy bens\u0151s\u00e9ges im\u00e1ra is haszn\u00e1lni. \u00c9n egy internetes lelkigyakorlaton is r\u00e9szt vettem, \u00e9s b\u00e1r nem utazhattam Izraelbe, ahov\u00e1 lelkigyakorlatra ment\u00fcnk volna, helyette viszont nagyon intenz\u00edven, minden \u00e9rz\u00e9kemmel j\u00e1rtam Bet\u00e1ni\u00e1ban, J\u00e9zus \u00e9s L\u00e1z\u00e1r lakom\u00e1j\u00e1n.<\/p>\n\n\n\n<blockquote class=\"wp-block-quote is-layout-flow wp-block-quote-is-layout-flow\"><p>Sokkal t\u00f6bb volt n\u00e1lunk a k\u00f6z\u00f6s csal\u00e1di ima, a k\u00f6z\u00f6s \u00e9tkez\u00e9s, kir\u00e1ndul\u00e1s, besz\u00e9lget\u00e9s, kert\u00e9szked\u00e9s, s t\u00f6bb id\u0151m jutott bark\u00e1csolni.<\/p><\/blockquote>\n\n\n\n<p>Kevesebb lett a bev\u00e9tel, \u00e1m az \u00fczemk\u00f6lts\u00e9g is sokkal kisebbre zsugorodott: heti egyszer ment\u00fcnk bev\u00e1s\u00e1rolni, feles\u00e9gem \u00e9s \u00f6t\u00e9ves kisl\u00e1nyom fantasztikus karant\u00e9n-kenyereket s\u00fct\u00f6tt, z\u00f6lds\u00e9get-gy\u00fcm\u00f6lcs\u00f6t rendelt\u00fcnk h\u00e1zhoz helyi termel\u0151kt\u0151l. Elmaradt j\u00f3 n\u00e9h\u00e1ny fell\u00e9p\u00e9sem, de karant\u00e9n-sz\u00ednh\u00e1zat ind\u00edtottam a&nbsp;<a href=\"https:\/\/www.facebook.com\/lackfi\" target=\"_blank\" rel=\"noreferrer noopener\">Facebook oldalamon<\/a>, 165 ad\u00e1s ment le, \u00e9s Delhit\u0151l Ljubljan\u00e1ig, New Jerseyt\u0151l Fium\u00e9ig, L\u00fcbeckt\u0151l Sydneyig rengetegen k\u00f6vett\u00e9k az ad\u00e1sokat. J\u00f6ttek plusz feladatok is: a V\u00e1rkert Baz\u00e1r oldal\u00e1ra h\u00fasv\u00e9ti dalciklust \u00edrtunk felk\u00e9r\u00e9sre&nbsp;<em>Gryllus Dani<\/em>val. Mindenk\u00e9pp fontosnak \u00e9reztem, hogy tartsam a lelket az emberekben \u2013&nbsp;<em>Harcsa Veronik\u00e1<\/em>val,&nbsp;<em>Bolyki Laci<\/em>val, a Louisiana Double-lel,&nbsp;<em>Tompos K\u00e1ty\u00e1<\/em>val \u00f6r\u00f6mfokoz\u00f3 karant\u00e9ndalokat \u00edrtunk \u00e9s osztottunk meg.<\/p>\n\n\n\n<p><strong>\u2013 Volt olyan pont, amikor, ha csak egy r\u00f6vid id\u0151re is \u2013 ak\u00e1r a fogyat\u00e9koss\u00e1g, ak\u00e1r a COVID-peri\u00f3dus miatt \u2013 elvesztett\u00e9tek a t\u00fcrelmeteket, elcs\u00fcggedtetek?<\/strong><\/p>\n\n\n\n<p><strong>Bal\u00e1zs:<\/strong>&nbsp;Szerencs\u00e9re az amput\u00e1ci\u00f3mkor \u00e9s most, a koronav\u00edrus idej\u00e9n is biztos h\u00e1tt\u00e9r volt m\u00f6g\u00f6ttem. Annak idej\u00e9n \u00e9desany\u00e1m otthagyta a munk\u00e1j\u00e1t, hogy minden idej\u00e9t \u00e9s energi\u00e1j\u00e1t r\u00e1m \u00e1ldozhassa. Most a csal\u00e1dom volt a biztos b\u00e1zis, \u00edgy nem volt okom elcs\u00fcggedni, de mint mondtam, \u00e9n nem is vagyok ilyen t\u00edpus.<\/p>\n\n\n\n<blockquote class=\"wp-block-quote is-layout-flow wp-block-quote-is-layout-flow\"><p>Elcs\u00e9peltnek hangozhat, de nem szabad m\u00e1sokat hib\u00e1ztatni, mert sehova se vezet. A megold\u00e1st nem k\u00edv\u00fclr\u0151l kell v\u00e1rni \u2013 magunknak kell megkeresni.<\/p><\/blockquote>\n\n\n\n<p><strong>J\u00e1nos:<\/strong>&nbsp;\u00c9n sem cs\u00fcggedtem el. H\u00e1l\u00e1s voltam \u00e9s vagyok az\u00e9rt, hogy felettem az \u00e9g, alattam a f\u00f6ld mennyi mindent ad, \u00e9lm\u00e9nyt, \u00e9lelmet, \u00e9letet. H\u00e1l\u00e1s vagyok a szakm\u00e1m\u00e9rt, az irodalom\u00e9rt, mert l\u00e1thattam, milyen ereje van, hogy kit\u00e1g\u00edtja a vil\u00e1got, mennyi emberben k\u00e9pes tartani a lelket h\u00f3napokon \u00e1t. De az\u00e9rt ijeszt\u0151 volt kil\u00e9pni a k\u00fclvil\u00e1gba, \u00e9s \u00e9rz\u00e9kelni a n\u00f6vekv\u0151 f\u00e9lelmet, az agresszi\u00f3t, \u00e9s azt, ahogy az emberek egyetlen k\u00f6hint\u00e9st\u0151l hal\u00e1lra v\u00e1lnak, \u00e9s p\u00e1ni f\u00e9lelemmel ugranak el egym\u00e1s \u00fatj\u00e1b\u00f3l. L\u00e1tni a hossz\u00fa sorokat a posta vagy a bolt el\u0151tt, elk\u00e9pzelni, mi lenne itt \u0151sszel vagy t\u00e9len\u2026 Nem voltam r\u00e1f\u00fcggve napi szinten a h\u00edrekre, de \u00edgy is volt mit\u0151l r\u00e9m\u00fcld\u00f6zni, mi\u00e9rt im\u00e1dkozni. Sz\u00edvszor\u00edt\u00f3ak voltak a kihalt templomokb\u00f3l k\u00f6zvet\u00edtett COVID-mis\u00e9k.<\/p>\n\n\n\n<p>A mozg\u00e1s nekem rengeteget jelent, a helyi kocakosarasokkal azonban \u00e9pp csak ki tudtunk pr\u00f3b\u00e1lni egy vadi\u00faj tornatermet, s m\u00e1ris lecsap\u00f3dott a \u201esoromp\u00f3\u201d. A foci is nagyon hi\u00e1nyzott, egyed\u00fcl rugdostam a kert\u00fcnkben kiskapura, pontosabban a J\u00f3istennel fociztam csak. Ha valami okb\u00f3l kerekessz\u00e9kbe k\u00e9nyszer\u00fcln\u00e9k, biztosan keresn\u00e9k parasport-lehet\u0151s\u00e9get, \u00e9s nem nyugodn\u00e9k, am\u00edg egy j\u00f3 kis kerekessz\u00e9kes kos\u00e1rcsapatra nem bukkanok. Persze, ha fizikailag erre nem lenn\u00e9k k\u00e9pes, az biztos borzaszt\u00f3an megviselne, mint ahogy az apr\u00f3bb s\u00e9r\u00fcl\u00e9sek is feld\u00fch\u00edtenek.<\/p>\n\n\n\n<blockquote class=\"wp-block-quote is-layout-flow wp-block-quote-is-layout-flow\"><p>Hatalmas iskol\u00e1ja lenne az az \u00e1llapot a t\u00fcrelemnek, mert ezt r\u00e9g\u00f3ta, intenz\u00edven tanulgatom, s haladtam is m\u00e1r benne, de m\u00e9g mindig nem az er\u0151ss\u00e9gem.<\/p><\/blockquote>\n\n\n\n<p><strong>\u2013 Az elm\u00falt p\u00e1r h\u00f3napban sajnos tapasztalhattunk agresszi\u00f3t \u00e9s d\u00fch\u00f6t is. Voltak, akik gyanakodva, f\u00e9lve vagy d\u00fch\u00f6sen n\u00e9ztek embert\u00e1rsaikra, fiatal az id\u0151sre \u00e9s ford\u00edtva. Vagyis pillanatok alatt gy\u00e1rtottunk sztereot\u00edpi\u00e1kat. Bal\u00e1zs, ez neked speci\u00e1lis ig\u00e9ny\u0171k\u00e9nt nyilv\u00e1n ismer\u0151s helyzet.<\/strong><\/p>\n\n\n\n<p><strong>Bal\u00e1zs:<\/strong>&nbsp;Ezel\u0151tt j\u00f3 n\u00e9h\u00e1ny \u00e9vtizeddel a speci\u00e1lis ig\u00e9ny\u0171ek el voltak b\u00fajva, nem kellett vel\u00fck sz\u00e1molni, tal\u00e1lkozni. Ha valakinek p\u00e9ld\u00e1ul lev\u00e1gta a l\u00e1b\u00e1t a vonat vagy megs\u00e9r\u00fclt munkabalesetben, az otthon maradt \u201ebez\u00e1rva\u201d, mert nem voltak olyan eszk\u00f6z\u00f6k, amelyek seg\u00edtettek volna a j\u00e1r\u00e1sban, k\u00f6zleked\u00e9sben. Legfeljebb a sz\u0171kebb k\u00f6rnyezet\u00e9ben tudtak az \u00e1llapot\u00e1r\u00f3l. Azonban a 21. sz\u00e1zadban elkezd\u0151d\u00f6tt az integr\u00e1l\u00f3d\u00e1s, \u00e9s az inform\u00e1ci\u00f3s t\u00e1rsadalom fejl\u0151d\u00e9se lehet\u0151v\u00e9 teszi, hogy a fogyat\u00e9koss\u00e1g m\u00e1r ne az alkalmatlans\u00e1got, a k\u00e9pess\u00e9gek hi\u00e1ny\u00e1t jelentse, hanem egy olyan helyzetet, amelyben a k\u00f6rnyezet alak\u00edt\u00e1s\u00e1val az emberek \u00e9letmin\u0151s\u00e9ge \u2013 a fogyat\u00e9kos emberek \u00e9letmin\u0151s\u00e9ge is \u2013 javulhat. Egyre nagyobb a lehet\u0151s\u00e9g a tal\u00e1lkoz\u00e1sra, a t\u00e1rsadalmi beilleszked\u00e9sre, de sajnos a fejekben m\u00e9g mindig nincs meg az akad\u00e1lymentes\u00edt\u00e9s. Ami kicsit m\u00e1s \u00e9s el\u00fct a norm\u00e1list\u00f3l, azt nem szeretj\u00fck l\u00e1tni, vagy csak nagyon nehezen fogadjuk el, a fesz\u00fclts\u00e9get pedig hajlamosak vagyunk egym\u00e1son levezetni. \u00cdgy volt ez a kij\u00e1r\u00e1si korl\u00e1toz\u00e1s, az id\u0151s\u00e1vos v\u00e1s\u00e1rl\u00e1s idej\u00e9n is.<\/p>\n\n\n\n<p><strong>\u2013 Szerintetek hogyan lehetne sikeresen akad\u00e1lymentes\u00edteni a fejekben?<\/strong><\/p>\n\n\n\n<p><strong>Bal\u00e1zs:<\/strong>&nbsp;A leghat\u00e9konyabb eszk\u00f6z az emp\u00e1tia fejleszt\u00e9se. Teljesen mindegy, hogy \u00e9pekr\u0151l vagy fogyat\u00e9kkal \u00e9l\u0151kr\u0151l van-e sz\u00f3. Az \u00e9rz\u00e9keny\u00edt\u00e9s hozz\u00e1j\u00e1rul a fogyat\u00e9koss\u00e1g \u00e9s az egym\u00e1ssal kapcsolatban gy\u00e1rtott el\u0151\u00edt\u00e9letek, a f\u00e9lelem, a tart\u00f3zkod\u00e1s, a sajn\u00e1lkoz\u00e1ssal tel\u00edtett elfordul\u00e1s felsz\u00e1mol\u00e1s\u00e1hoz. Mindezt m\u00e1r gyerekkorban el kell kezdeni. Sokszor l\u00e1tom, hogy \u00e9p sz\u00fcl\u0151 ink\u00e1bb elford\u00edtja a gyermeke fej\u00e9t, ha s\u00e9r\u00fclt embert l\u00e1t, pedig lehet, hogy a gyerek k\u00edv\u00e1ncsi lenne \u2013 v\u00e1laszolni kell neki, amikor k\u00e9rdez.<\/p>\n\n\n\n<blockquote class=\"wp-block-quote is-layout-flow wp-block-quote-is-layout-flow\"><p>A m\u00e1sik oldalon, a speci\u00e1lis ig\u00e9ny\u0171 emberek oldal\u00e1n pedig b\u00e1tor\u00edt\u00e1st \u00e9s lehet\u0151s\u00e9get kell adni, hogy az \u00e9rintettek elhagyj\u00e1k a sz\u0171k, ismert k\u00f6rnyezet\u00fcket, \u00e9s felfedezz\u00e9k a vil\u00e1got, \u201el\u00e1that\u00f3v\u00e1 v\u00e1ljanak\u201d.<\/p><\/blockquote>\n\n\n\n<p>Pont emiatt l\u00e9pt\u00fcnk kapcsolatba \u00e9s kezd\u00fcnk egy\u00fcttm\u0171k\u00f6d\u00e9sbe az&nbsp;<a href=\"https:\/\/access4you.io\/\" target=\"_blank\" rel=\"noreferrer noopener\">Access4you<\/a>-val \u2013 ez a c\u00e9g a vil\u00e1gon egyed\u00fcl\u00e1ll\u00f3 magyar fejleszt\u00e9s\u0171 tan\u00fas\u00edt\u00f3\u2013min\u0151s\u00edt\u0151 rendszert dolgozott ki, \u00e9s r\u00e9szletes inform\u00e1ci\u00f3t ad a speci\u00e1lis ig\u00e9ny\u0171 emberek sz\u00e1m\u00e1ra, hogy az adott hotel, \u00e9tterem, irodah\u00e1z vagy bev\u00e1s\u00e1rl\u00f3k\u00f6zpont val\u00f3ban haszn\u00e1lhat\u00f3-e a sz\u00e1mukra.<\/p>\n\n\n\n<p><strong>J\u00e1nos:<\/strong>\u00a0Mindig is azt gondoltam, hogy puzzle a vil\u00e1g, \u00e9s ha csak a sz\u00e9p \u00e9s \u00e9p kicsi kock\u00e1kat rakosgatjuk egym\u00e1s mell\u00e9, az \u00f6sszk\u00e9p lyukas, lepr\u00e1s, szederjes lesz. Fontos az es\u00e9lyegyenl\u0151s\u00e9get nem csak szlogenszinten gyakorolni! Minden t\u00e1mogat\u00e1st meg kell adni azoknak, akik h\u00e1tr\u00e1nnyal indulnak, \u00e9s nevel\u0151iket, sz\u00fcleiket is intenz\u00edven kell seg\u00edteni. L\u00e1tom, milyen h\u0151siesen k\u00fczdenek, milyen elk\u00e9peszt\u0151 szinten gyakorolj\u00e1k az \u00f6n\u00e1tad\u00e1st azok az ismer\u0151s\u00f6k, akik speci\u00e1lis ig\u00e9ny\u0171 gyermeket nevelnek. Nem lehet\u00fcnk el\u00e9g h\u00e1l\u00e1sak nekik! Hozz\u00e1juk k\u00e9pest \u00e9n, \u00e1tlagos apuka, csak macskajancsi vagyok. A szomsz\u00e9d faluban, M\u00e1nyon \u00e9l egy \u00e9desapa, bokszedz\u0151k\u00e9nt, rakt\u00e1rosk\u00e9nt dolgozik, \u00e9s halmozottan s\u00e9r\u00fclt kisfi\u00e1t hurcolja t\u00e9len-ny\u00e1ron tizen\u00e9ve a karj\u00e1ban, nyak\u00e1ban. Beszerzett egy tandem biciklit, bej\u00e1rt\u00e1k az orsz\u00e1got. Elk\u00e9peszt\u0151 \u00e9let\u00f6r\u00f6m lakik a kissr\u00e1cban, \u00e9s hatalmas dolog, hogy egy feln\u0151tt f\u00e9rfiember ilyen al\u00e1zattal \u00e9s szeretettel tudja szolg\u00e1lni \u0151t.<\/p>\n\n\n\n<p>Forr\u00e1s: K\u00e9pm\u00e1s Magazin<\/p>\n\n\n\n<p><em>A cikk az Access4You megb\u00edz\u00e1s\u00e1b\u00f3l, a K\u00e9pm\u00e1s Nat\u00edv St\u00fadi\u00f3 k\u00f6zrem\u0171k\u00f6d\u00e9s\u00e9vel k\u00e9sz\u00fclt<\/em> <em>\u00e9s a K\u00e9pm\u00e1s Magazinban jelent meg.<\/em><\/p>","protected":false},"excerpt":{"rendered":"<p>M\u00edg az \u00e9p emberek csak h\u00e1rom h\u00f3napon \u00e1t k\u00e9nyszer\u00fcltek elviselni korl\u00e1toz\u00e1sokat a koronav\u00edrus miatt, addig egy speci\u00e1lis ig\u00e9ny\u0171 ember sz\u00e1m\u00e1ra \u2013 aki mozg\u00e1sszervi, \u00e9rz\u00e9kszervi, \u00e9rtelmi vagy besz\u00e9dfogyat\u00e9koss\u00e1ggal \u00e9l\u0151 vagy halmozottan fogyat\u00e9kos \u2013 \u00e1lland\u00f3 \u00e9lm\u00e9ny a korl\u00e1tozotts\u00e1g \u00e9s a bizonytalans\u00e1g.\u00a0Lackfi J\u00e1nos\u00a0k\u00f6lt\u0151, \u00edr\u00f3, m\u0171ford\u00edt\u00f3 \u00e9s\u00a0Nagy Bal\u00e1zs, a Hunguest Hotels projektigazgat\u00f3ja J\u00f3n\u00e1s \u00c1ginak vallottak \u00f6nn\u00f6n \u201ebez\u00e1rts\u00e1gukr\u00f3l\u201d \u00e9s ment\u00e1lis [&hellip;]<\/p>","protected":false},"author":1,"featured_media":3835,"comment_status":"closed","ping_status":"closed","sticky":false,"template":"","format":"standard","meta":{"footnotes":""},"categories":[74],"tags":[],"class_list":["post-3834","post","type-post","status-publish","format-standard","has-post-thumbnail","hentry","category-szivugyunk"],"yoast_head":"<!-- This site is optimized with the Yoast SEO plugin v23.8 - https:\/\/yoast.com\/wordpress\/plugins\/seo\/ -->\n<title>Neked 90 nap, neki egy eg\u00e9sz \u00e9let! \u2013 Rendhagy\u00f3 p\u00e1rbesz\u00e9d a COVID-r\u00f3l \u00e9s a bez\u00e1rts\u00e1gr\u00f3l - Access4you H\u00edrek<\/title>\n<meta name=\"robots\" content=\"index, follow, max-snippet:-1, max-image-preview:large, max-video-preview:-1\" \/>\n<link rel=\"canonical\" href=\"https:\/\/news.access4you.io\/en\/2020\/08\/03\/neked-90-nap-neki-egy-egesz-elet-rendhagyo-parbeszed-a-covid-rol-es-a-bezartsagrol\/\" \/>\n<meta property=\"og:locale\" content=\"en_US\" \/>\n<meta property=\"og:type\" content=\"article\" \/>\n<meta property=\"og:title\" content=\"Neked 90 nap, neki egy eg\u00e9sz \u00e9let! \u2013 Rendhagy\u00f3 p\u00e1rbesz\u00e9d a COVID-r\u00f3l \u00e9s a bez\u00e1rts\u00e1gr\u00f3l - Access4you H\u00edrek\" \/>\n<meta property=\"og:description\" content=\"M\u00edg az \u00e9p emberek csak h\u00e1rom h\u00f3napon \u00e1t k\u00e9nyszer\u00fcltek elviselni korl\u00e1toz\u00e1sokat a koronav\u00edrus miatt, addig egy speci\u00e1lis ig\u00e9ny\u0171 ember sz\u00e1m\u00e1ra \u2013 aki mozg\u00e1sszervi, \u00e9rz\u00e9kszervi, \u00e9rtelmi vagy besz\u00e9dfogyat\u00e9koss\u00e1ggal \u00e9l\u0151 vagy halmozottan fogyat\u00e9kos \u2013 \u00e1lland\u00f3 \u00e9lm\u00e9ny a korl\u00e1tozotts\u00e1g \u00e9s a bizonytalans\u00e1g.\u00a0Lackfi J\u00e1nos\u00a0k\u00f6lt\u0151, \u00edr\u00f3, m\u0171ford\u00edt\u00f3 \u00e9s\u00a0Nagy Bal\u00e1zs, a Hunguest Hotels projektigazgat\u00f3ja J\u00f3n\u00e1s \u00c1ginak vallottak \u00f6nn\u00f6n \u201ebez\u00e1rts\u00e1gukr\u00f3l\u201d \u00e9s ment\u00e1lis [&hellip;]\" \/>\n<meta property=\"og:url\" content=\"https:\/\/news.access4you.io\/en\/2020\/08\/03\/neked-90-nap-neki-egy-egesz-elet-rendhagyo-parbeszed-a-covid-rol-es-a-bezartsagrol\/\" \/>\n<meta property=\"og:site_name\" content=\"Access4you H\u00edrek\" \/>\n<meta property=\"article:published_time\" content=\"2020-08-03T09:11:12+00:00\" \/>\n<meta property=\"og:image\" content=\"https:\/\/news.access4you.io\/wp-content\/uploads\/2020\/08\/lackfijanosesnagybalazs.jpg\" \/>\n\t<meta property=\"og:image:width\" content=\"700\" \/>\n\t<meta property=\"og:image:height\" content=\"466\" \/>\n\t<meta property=\"og:image:type\" content=\"image\/jpeg\" \/>\n<meta name=\"author\" content=\"access4you\" \/>\n<meta name=\"twitter:card\" content=\"summary_large_image\" \/>\n<meta name=\"twitter:label1\" content=\"Written by\" \/>\n\t<meta name=\"twitter:data1\" content=\"access4you\" \/>\n\t<meta name=\"twitter:label2\" content=\"Est. reading time\" \/>\n\t<meta name=\"twitter:data2\" content=\"10 minutes\" \/>\n<script type=\"application\/ld+json\" class=\"yoast-schema-graph\">{\"@context\":\"https:\/\/schema.org\",\"@graph\":[{\"@type\":\"Article\",\"@id\":\"https:\/\/news.access4you.io\/2020\/08\/03\/neked-90-nap-neki-egy-egesz-elet-rendhagyo-parbeszed-a-covid-rol-es-a-bezartsagrol\/#article\",\"isPartOf\":{\"@id\":\"https:\/\/news.access4you.io\/2020\/08\/03\/neked-90-nap-neki-egy-egesz-elet-rendhagyo-parbeszed-a-covid-rol-es-a-bezartsagrol\/\"},\"author\":{\"name\":\"access4you\",\"@id\":\"https:\/\/news.access4you.io\/#\/schema\/person\/cb4fff088aa5f5f43a6f4ce3a1e2e084\"},\"headline\":\"Neked 90 nap, neki egy eg\u00e9sz \u00e9let! \u2013 Rendhagy\u00f3 p\u00e1rbesz\u00e9d a COVID-r\u00f3l \u00e9s a bez\u00e1rts\u00e1gr\u00f3l\",\"datePublished\":\"2020-08-03T09:11:12+00:00\",\"dateModified\":\"2020-08-03T09:11:12+00:00\",\"mainEntityOfPage\":{\"@id\":\"https:\/\/news.access4you.io\/2020\/08\/03\/neked-90-nap-neki-egy-egesz-elet-rendhagyo-parbeszed-a-covid-rol-es-a-bezartsagrol\/\"},\"wordCount\":2088,\"publisher\":{\"@id\":\"https:\/\/news.access4you.io\/#organization\"},\"image\":{\"@id\":\"https:\/\/news.access4you.io\/2020\/08\/03\/neked-90-nap-neki-egy-egesz-elet-rendhagyo-parbeszed-a-covid-rol-es-a-bezartsagrol\/#primaryimage\"},\"thumbnailUrl\":\"https:\/\/news.access4you.io\/wp-content\/uploads\/2020\/08\/lackfijanosesnagybalazs.jpg\",\"articleSection\":[\"Sz\u00edv\u00fcgy\u00fcnk\"],\"inLanguage\":\"en-US\"},{\"@type\":\"WebPage\",\"@id\":\"https:\/\/news.access4you.io\/2020\/08\/03\/neked-90-nap-neki-egy-egesz-elet-rendhagyo-parbeszed-a-covid-rol-es-a-bezartsagrol\/\",\"url\":\"https:\/\/news.access4you.io\/2020\/08\/03\/neked-90-nap-neki-egy-egesz-elet-rendhagyo-parbeszed-a-covid-rol-es-a-bezartsagrol\/\",\"name\":\"Neked 90 nap, neki egy eg\u00e9sz \u00e9let! \u2013 Rendhagy\u00f3 p\u00e1rbesz\u00e9d a COVID-r\u00f3l \u00e9s a bez\u00e1rts\u00e1gr\u00f3l - Access4you H\u00edrek\",\"isPartOf\":{\"@id\":\"https:\/\/news.access4you.io\/#website\"},\"primaryImageOfPage\":{\"@id\":\"https:\/\/news.access4you.io\/2020\/08\/03\/neked-90-nap-neki-egy-egesz-elet-rendhagyo-parbeszed-a-covid-rol-es-a-bezartsagrol\/#primaryimage\"},\"image\":{\"@id\":\"https:\/\/news.access4you.io\/2020\/08\/03\/neked-90-nap-neki-egy-egesz-elet-rendhagyo-parbeszed-a-covid-rol-es-a-bezartsagrol\/#primaryimage\"},\"thumbnailUrl\":\"https:\/\/news.access4you.io\/wp-content\/uploads\/2020\/08\/lackfijanosesnagybalazs.jpg\",\"datePublished\":\"2020-08-03T09:11:12+00:00\",\"dateModified\":\"2020-08-03T09:11:12+00:00\",\"breadcrumb\":{\"@id\":\"https:\/\/news.access4you.io\/2020\/08\/03\/neked-90-nap-neki-egy-egesz-elet-rendhagyo-parbeszed-a-covid-rol-es-a-bezartsagrol\/#breadcrumb\"},\"inLanguage\":\"en-US\",\"potentialAction\":[{\"@type\":\"ReadAction\",\"target\":[\"https:\/\/news.access4you.io\/2020\/08\/03\/neked-90-nap-neki-egy-egesz-elet-rendhagyo-parbeszed-a-covid-rol-es-a-bezartsagrol\/\"]}]},{\"@type\":\"ImageObject\",\"inLanguage\":\"en-US\",\"@id\":\"https:\/\/news.access4you.io\/2020\/08\/03\/neked-90-nap-neki-egy-egesz-elet-rendhagyo-parbeszed-a-covid-rol-es-a-bezartsagrol\/#primaryimage\",\"url\":\"https:\/\/news.access4you.io\/wp-content\/uploads\/2020\/08\/lackfijanosesnagybalazs.jpg\",\"contentUrl\":\"https:\/\/news.access4you.io\/wp-content\/uploads\/2020\/08\/lackfijanosesnagybalazs.jpg\",\"width\":700,\"height\":466},{\"@type\":\"BreadcrumbList\",\"@id\":\"https:\/\/news.access4you.io\/2020\/08\/03\/neked-90-nap-neki-egy-egesz-elet-rendhagyo-parbeszed-a-covid-rol-es-a-bezartsagrol\/#breadcrumb\",\"itemListElement\":[{\"@type\":\"ListItem\",\"position\":1,\"name\":\"Kezd\u0151lap\",\"item\":\"https:\/\/news.access4you.io\/\"},{\"@type\":\"ListItem\",\"position\":2,\"name\":\"Neked 90 nap, neki egy eg\u00e9sz \u00e9let! \u2013 Rendhagy\u00f3 p\u00e1rbesz\u00e9d a COVID-r\u00f3l \u00e9s a bez\u00e1rts\u00e1gr\u00f3l\"}]},{\"@type\":\"WebSite\",\"@id\":\"https:\/\/news.access4you.io\/#website\",\"url\":\"https:\/\/news.access4you.io\/\",\"name\":\"Access4you H\u00edrek\",\"description\":\"\",\"publisher\":{\"@id\":\"https:\/\/news.access4you.io\/#organization\"},\"potentialAction\":[{\"@type\":\"SearchAction\",\"target\":{\"@type\":\"EntryPoint\",\"urlTemplate\":\"https:\/\/news.access4you.io\/?s={search_term_string}\"},\"query-input\":{\"@type\":\"PropertyValueSpecification\",\"valueRequired\":true,\"valueName\":\"search_term_string\"}}],\"inLanguage\":\"en-US\"},{\"@type\":\"Organization\",\"@id\":\"https:\/\/news.access4you.io\/#organization\",\"name\":\"Access4you H\u00edrek\",\"url\":\"https:\/\/news.access4you.io\/\",\"logo\":{\"@type\":\"ImageObject\",\"inLanguage\":\"en-US\",\"@id\":\"https:\/\/news.access4you.io\/#\/schema\/logo\/image\/\",\"url\":\"https:\/\/news.access4you.io\/wp-content\/uploads\/2021\/01\/a4u-logo-black.png\",\"contentUrl\":\"https:\/\/news.access4you.io\/wp-content\/uploads\/2021\/01\/a4u-logo-black.png\",\"width\":726,\"height\":454,\"caption\":\"Access4you H\u00edrek\"},\"image\":{\"@id\":\"https:\/\/news.access4you.io\/#\/schema\/logo\/image\/\"}},{\"@type\":\"Person\",\"@id\":\"https:\/\/news.access4you.io\/#\/schema\/person\/cb4fff088aa5f5f43a6f4ce3a1e2e084\",\"name\":\"access4you\",\"image\":{\"@type\":\"ImageObject\",\"inLanguage\":\"en-US\",\"@id\":\"https:\/\/news.access4you.io\/#\/schema\/person\/image\/\",\"url\":\"https:\/\/secure.gravatar.com\/avatar\/9795a8b3afc7ed258d167a92dbb1075b37bab5bc83b1ac9182ff4f58c22040b8?s=96&d=mm&r=g\",\"contentUrl\":\"https:\/\/secure.gravatar.com\/avatar\/9795a8b3afc7ed258d167a92dbb1075b37bab5bc83b1ac9182ff4f58c22040b8?s=96&d=mm&r=g\",\"caption\":\"access4you\"},\"sameAs\":[\"http:\/\/localhost\/access4you\"],\"url\":\"https:\/\/news.access4you.io\/en\/author\/access4you\/\"}]}<\/script>\n<!-- \/ Yoast SEO plugin. -->","yoast_head_json":{"title":"Neked 90 nap, neki egy eg\u00e9sz \u00e9let! \u2013 Rendhagy\u00f3 p\u00e1rbesz\u00e9d a COVID-r\u00f3l \u00e9s a bez\u00e1rts\u00e1gr\u00f3l - Access4you H\u00edrek","robots":{"index":"index","follow":"follow","max-snippet":"max-snippet:-1","max-image-preview":"max-image-preview:large","max-video-preview":"max-video-preview:-1"},"canonical":"https:\/\/news.access4you.io\/en\/2020\/08\/03\/neked-90-nap-neki-egy-egesz-elet-rendhagyo-parbeszed-a-covid-rol-es-a-bezartsagrol\/","og_locale":"en_US","og_type":"article","og_title":"Neked 90 nap, neki egy eg\u00e9sz \u00e9let! \u2013 Rendhagy\u00f3 p\u00e1rbesz\u00e9d a COVID-r\u00f3l \u00e9s a bez\u00e1rts\u00e1gr\u00f3l - Access4you H\u00edrek","og_description":"M\u00edg az \u00e9p emberek csak h\u00e1rom h\u00f3napon \u00e1t k\u00e9nyszer\u00fcltek elviselni korl\u00e1toz\u00e1sokat a koronav\u00edrus miatt, addig egy speci\u00e1lis ig\u00e9ny\u0171 ember sz\u00e1m\u00e1ra \u2013 aki mozg\u00e1sszervi, \u00e9rz\u00e9kszervi, \u00e9rtelmi vagy besz\u00e9dfogyat\u00e9koss\u00e1ggal \u00e9l\u0151 vagy halmozottan fogyat\u00e9kos \u2013 \u00e1lland\u00f3 \u00e9lm\u00e9ny a korl\u00e1tozotts\u00e1g \u00e9s a bizonytalans\u00e1g.\u00a0Lackfi J\u00e1nos\u00a0k\u00f6lt\u0151, \u00edr\u00f3, m\u0171ford\u00edt\u00f3 \u00e9s\u00a0Nagy Bal\u00e1zs, a Hunguest Hotels projektigazgat\u00f3ja J\u00f3n\u00e1s \u00c1ginak vallottak \u00f6nn\u00f6n \u201ebez\u00e1rts\u00e1gukr\u00f3l\u201d \u00e9s ment\u00e1lis [&hellip;]","og_url":"https:\/\/news.access4you.io\/en\/2020\/08\/03\/neked-90-nap-neki-egy-egesz-elet-rendhagyo-parbeszed-a-covid-rol-es-a-bezartsagrol\/","og_site_name":"Access4you H\u00edrek","article_published_time":"2020-08-03T09:11:12+00:00","og_image":[{"width":700,"height":466,"url":"https:\/\/news.access4you.io\/wp-content\/uploads\/2020\/08\/lackfijanosesnagybalazs.jpg","type":"image\/jpeg"}],"author":"access4you","twitter_card":"summary_large_image","twitter_misc":{"Written by":"access4you","Est. reading time":"10 minutes"},"schema":{"@context":"https:\/\/schema.org","@graph":[{"@type":"Article","@id":"https:\/\/news.access4you.io\/2020\/08\/03\/neked-90-nap-neki-egy-egesz-elet-rendhagyo-parbeszed-a-covid-rol-es-a-bezartsagrol\/#article","isPartOf":{"@id":"https:\/\/news.access4you.io\/2020\/08\/03\/neked-90-nap-neki-egy-egesz-elet-rendhagyo-parbeszed-a-covid-rol-es-a-bezartsagrol\/"},"author":{"name":"access4you","@id":"https:\/\/news.access4you.io\/#\/schema\/person\/cb4fff088aa5f5f43a6f4ce3a1e2e084"},"headline":"Neked 90 nap, neki egy eg\u00e9sz \u00e9let! \u2013 Rendhagy\u00f3 p\u00e1rbesz\u00e9d a COVID-r\u00f3l \u00e9s a bez\u00e1rts\u00e1gr\u00f3l","datePublished":"2020-08-03T09:11:12+00:00","dateModified":"2020-08-03T09:11:12+00:00","mainEntityOfPage":{"@id":"https:\/\/news.access4you.io\/2020\/08\/03\/neked-90-nap-neki-egy-egesz-elet-rendhagyo-parbeszed-a-covid-rol-es-a-bezartsagrol\/"},"wordCount":2088,"publisher":{"@id":"https:\/\/news.access4you.io\/#organization"},"image":{"@id":"https:\/\/news.access4you.io\/2020\/08\/03\/neked-90-nap-neki-egy-egesz-elet-rendhagyo-parbeszed-a-covid-rol-es-a-bezartsagrol\/#primaryimage"},"thumbnailUrl":"https:\/\/news.access4you.io\/wp-content\/uploads\/2020\/08\/lackfijanosesnagybalazs.jpg","articleSection":["Sz\u00edv\u00fcgy\u00fcnk"],"inLanguage":"en-US"},{"@type":"WebPage","@id":"https:\/\/news.access4you.io\/2020\/08\/03\/neked-90-nap-neki-egy-egesz-elet-rendhagyo-parbeszed-a-covid-rol-es-a-bezartsagrol\/","url":"https:\/\/news.access4you.io\/2020\/08\/03\/neked-90-nap-neki-egy-egesz-elet-rendhagyo-parbeszed-a-covid-rol-es-a-bezartsagrol\/","name":"Neked 90 nap, neki egy eg\u00e9sz \u00e9let! \u2013 Rendhagy\u00f3 p\u00e1rbesz\u00e9d a COVID-r\u00f3l \u00e9s a bez\u00e1rts\u00e1gr\u00f3l - Access4you H\u00edrek","isPartOf":{"@id":"https:\/\/news.access4you.io\/#website"},"primaryImageOfPage":{"@id":"https:\/\/news.access4you.io\/2020\/08\/03\/neked-90-nap-neki-egy-egesz-elet-rendhagyo-parbeszed-a-covid-rol-es-a-bezartsagrol\/#primaryimage"},"image":{"@id":"https:\/\/news.access4you.io\/2020\/08\/03\/neked-90-nap-neki-egy-egesz-elet-rendhagyo-parbeszed-a-covid-rol-es-a-bezartsagrol\/#primaryimage"},"thumbnailUrl":"https:\/\/news.access4you.io\/wp-content\/uploads\/2020\/08\/lackfijanosesnagybalazs.jpg","datePublished":"2020-08-03T09:11:12+00:00","dateModified":"2020-08-03T09:11:12+00:00","breadcrumb":{"@id":"https:\/\/news.access4you.io\/2020\/08\/03\/neked-90-nap-neki-egy-egesz-elet-rendhagyo-parbeszed-a-covid-rol-es-a-bezartsagrol\/#breadcrumb"},"inLanguage":"en-US","potentialAction":[{"@type":"ReadAction","target":["https:\/\/news.access4you.io\/2020\/08\/03\/neked-90-nap-neki-egy-egesz-elet-rendhagyo-parbeszed-a-covid-rol-es-a-bezartsagrol\/"]}]},{"@type":"ImageObject","inLanguage":"en-US","@id":"https:\/\/news.access4you.io\/2020\/08\/03\/neked-90-nap-neki-egy-egesz-elet-rendhagyo-parbeszed-a-covid-rol-es-a-bezartsagrol\/#primaryimage","url":"https:\/\/news.access4you.io\/wp-content\/uploads\/2020\/08\/lackfijanosesnagybalazs.jpg","contentUrl":"https:\/\/news.access4you.io\/wp-content\/uploads\/2020\/08\/lackfijanosesnagybalazs.jpg","width":700,"height":466},{"@type":"BreadcrumbList","@id":"https:\/\/news.access4you.io\/2020\/08\/03\/neked-90-nap-neki-egy-egesz-elet-rendhagyo-parbeszed-a-covid-rol-es-a-bezartsagrol\/#breadcrumb","itemListElement":[{"@type":"ListItem","position":1,"name":"Kezd\u0151lap","item":"https:\/\/news.access4you.io\/"},{"@type":"ListItem","position":2,"name":"Neked 90 nap, neki egy eg\u00e9sz \u00e9let! \u2013 Rendhagy\u00f3 p\u00e1rbesz\u00e9d a COVID-r\u00f3l \u00e9s a bez\u00e1rts\u00e1gr\u00f3l"}]},{"@type":"WebSite","@id":"https:\/\/news.access4you.io\/#website","url":"https:\/\/news.access4you.io\/","name":"Access4you H\u00edrek","description":"","publisher":{"@id":"https:\/\/news.access4you.io\/#organization"},"potentialAction":[{"@type":"SearchAction","target":{"@type":"EntryPoint","urlTemplate":"https:\/\/news.access4you.io\/?s={search_term_string}"},"query-input":{"@type":"PropertyValueSpecification","valueRequired":true,"valueName":"search_term_string"}}],"inLanguage":"en-US"},{"@type":"Organization","@id":"https:\/\/news.access4you.io\/#organization","name":"Access4you H\u00edrek","url":"https:\/\/news.access4you.io\/","logo":{"@type":"ImageObject","inLanguage":"en-US","@id":"https:\/\/news.access4you.io\/#\/schema\/logo\/image\/","url":"https:\/\/news.access4you.io\/wp-content\/uploads\/2021\/01\/a4u-logo-black.png","contentUrl":"https:\/\/news.access4you.io\/wp-content\/uploads\/2021\/01\/a4u-logo-black.png","width":726,"height":454,"caption":"Access4you H\u00edrek"},"image":{"@id":"https:\/\/news.access4you.io\/#\/schema\/logo\/image\/"}},{"@type":"Person","@id":"https:\/\/news.access4you.io\/#\/schema\/person\/cb4fff088aa5f5f43a6f4ce3a1e2e084","name":"access4you","image":{"@type":"ImageObject","inLanguage":"en-US","@id":"https:\/\/news.access4you.io\/#\/schema\/person\/image\/","url":"https:\/\/secure.gravatar.com\/avatar\/9795a8b3afc7ed258d167a92dbb1075b37bab5bc83b1ac9182ff4f58c22040b8?s=96&d=mm&r=g","contentUrl":"https:\/\/secure.gravatar.com\/avatar\/9795a8b3afc7ed258d167a92dbb1075b37bab5bc83b1ac9182ff4f58c22040b8?s=96&d=mm&r=g","caption":"access4you"},"sameAs":["http:\/\/localhost\/access4you"],"url":"https:\/\/news.access4you.io\/en\/author\/access4you\/"}]}},"_links":{"self":[{"href":"https:\/\/news.access4you.io\/en\/wp-json\/wp\/v2\/posts\/3834","targetHints":{"allow":["GET"]}}],"collection":[{"href":"https:\/\/news.access4you.io\/en\/wp-json\/wp\/v2\/posts"}],"about":[{"href":"https:\/\/news.access4you.io\/en\/wp-json\/wp\/v2\/types\/post"}],"author":[{"embeddable":true,"href":"https:\/\/news.access4you.io\/en\/wp-json\/wp\/v2\/users\/1"}],"replies":[{"embeddable":true,"href":"https:\/\/news.access4you.io\/en\/wp-json\/wp\/v2\/comments?post=3834"}],"version-history":[{"count":0,"href":"https:\/\/news.access4you.io\/en\/wp-json\/wp\/v2\/posts\/3834\/revisions"}],"wp:featuredmedia":[{"embeddable":true,"href":"https:\/\/news.access4you.io\/en\/wp-json\/wp\/v2\/media\/3835"}],"wp:attachment":[{"href":"https:\/\/news.access4you.io\/en\/wp-json\/wp\/v2\/media?parent=3834"}],"wp:term":[{"taxonomy":"category","embeddable":true,"href":"https:\/\/news.access4you.io\/en\/wp-json\/wp\/v2\/categories?post=3834"},{"taxonomy":"post_tag","embeddable":true,"href":"https:\/\/news.access4you.io\/en\/wp-json\/wp\/v2\/tags?post=3834"}],"curies":[{"name":"wp","href":"https:\/\/api.w.org\/{rel}","templated":true}]}}