{"id":3937,"date":"2020-09-08T12:18:20","date_gmt":"2020-09-08T12:18:20","guid":{"rendered":"http:\/\/news.access4you.io\/?p=3937"},"modified":"2020-09-18T08:46:22","modified_gmt":"2020-09-18T08:46:22","slug":"szeptember-9-ig-kaphatoak-az-akadalymentes-helyekre-szolo-jegyek-a-2020-as-uefa-szuperkupara","status":"publish","type":"post","link":"https:\/\/news.access4you.io\/en\/2020\/09\/08\/szeptember-9-ig-kaphatoak-az-akadalymentes-helyekre-szolo-jegyek-a-2020-as-uefa-szuperkupara\/","title":{"rendered":"Szeptember 9-ig kaphat\u00f3ak az akad\u00e1lymentes helyekre sz\u00f3l\u00f3 jegyek a 2020-as UEFA Szuperkup\u00e1ra"},"content":{"rendered":"<p>Azok a speci\u00e1lis ig\u00e9ny\u0171 szurkol\u00f3k, akik r\u00e9szt akarnak venni az idei szezon budapesti UEFA Szuperkup\u00e1j\u00e1n, az UEFA online jegyrendel\u0151 port\u00e1lj\u00e1n kereszt\u00fcl ig\u00e9nyelhetnek akad\u00e1lymentes helyekre sz\u00f3l\u00f3 jegyeket.<\/p>\n\n\n\n<p>Az idei szezon UEFA Szuperkup\u00e1j\u00e1ra a budapesti Pusk\u00e1s Ar\u00e9n\u00e1ban ker\u00fcl sor szeptember 24-\u00e9n, cs\u00fct\u00f6rt\u00f6k\u00f6n: az UEFA Bajnokok Lig\u00e1ja-gy\u0151ztes <strong>Bayern M\u00fcnchen<\/strong> az UEFA Eur\u00f3pa Liga-gy\u0151ztes <strong>Sevill\u00e1val<\/strong> tal\u00e1lkozik.<\/p>\n\n\n\n<p>Korl\u00e1tozott sz\u00e1m\u00fa szurkol\u00f3 vehet r\u00e9szt a meccsen, a stadion eg\u00e9szs\u00e9gv\u00e9delmi \u00e9s biztons\u00e1gi int\u00e9zked\u00e9seit szigor\u00faan betartva. Ezen int\u00e9zked\u00e9sek k\u00f6z\u00e9 tartozik, hogy a szurkol\u00f3k, ahol lehets\u00e9ges, <strong>legal\u00e1bb 1,5 m\u00e9teres t\u00e1vols\u00e1got tartanak egym\u00e1st\u00f3l, maszkot viselnek a stadion ker\u00fclet\u00e9n bel\u00fcl, \u00e9s a h\u0151m\u00e9rs\u00e9klet-ellen\u0151rz\u00e9s ut\u00e1n l\u00e9phetnek a stadion ter\u00fclet\u00e9re<\/strong>.<\/p>\n\n\n\n<p>Egyes speci\u00e1lis ig\u00e9ny\u0171&nbsp; szurkol\u00f3k, \u00e9s a s\u00falyosabb eg\u00e9szs\u00e9gi \u00e1llapot\u00fa fogyat\u00e9kkal \u00e9l\u0151k sz\u00e1m\u00e1ra nem k\u00f6telez\u0151 az arcmaszk visel\u00e9se, \u00e9s nem is lehet \u0151ket arra k\u00e9rni, hogy felvegy\u00e9k. <a href=\"https:\/\/www.cafefootball.eu\/Handlers\/Download.ashx?IDMF=08b7778d-3d75-4436-bb2d-d6ebe747ee79\">Az eg\u00e9szs\u00e9g\u00fcgyi \u00e9s biztons\u00e1gi int\u00e9zked\u00e9sekr\u0151l az al\u00e1bbi angol nyelv\u0171 oldalon tudhat meg t\u00f6bbet.&nbsp;<\/a><\/p>\n\n\n\n<p>Az UEFA Szuperkup\u00e1j\u00e1n val\u00f3 r\u00e9szv\u00e9tel c\u00e9lj\u00e1b\u00f3l Magyarorsz\u00e1gra utaz\u00f3 rajong\u00f3kra a k\u00f6vetkez\u0151 szab\u00e1lyok vonatkoznak:<\/p>\n\n\n\n<ul class=\"wp-block-list\"><li><strong>k\u00f6telez\u0151 orvosi vizsg\u00e1laton eshetnek \u00e1t,<\/strong><\/li><li><strong>fel kell mutatniuk hivatalos meccsjegy\u00fcket,<\/strong><\/li><li><strong>negat\u00edv SARS-CoV19 PCR tesztet kell bemutatniuk (magyar vagy angol nyelv\u0171 dokumentum, amely a molekul\u00e1ris biol\u00f3giai teszt eredm\u00e9nyeit tartalmazza),<\/strong><\/li><li><strong>a tesztet a bel\u00e9p\u00e9s\u00fcket megel\u0151z\u0151 3 napon bel\u00fcl el kell v\u00e9gezni,<\/strong><\/li><li><strong>k\u00f6telesek a bel\u00e9p\u00e9s ut\u00e1n 72 \u00f3r\u00e1n bel\u00fcl elhagyni Magyarorsz\u00e1g ter\u00fclet\u00e9t.<\/strong><\/li><\/ul>\n\n\n\n<p>A szurkol\u00f3k \u00e9s a rendez\u0151k k\u00f6z\u00f6tti fizikai \u00e9rintkez\u00e9s cs\u00f6kkent\u00e9se \u00e9rdek\u00e9ben az \u00f6sszes jegyet (bele\u00e9rtve az akad\u00e1lymentes helyekre sz\u00f3l\u00f3 jegyeket is) az UEFA biztons\u00e1gos, hivatalos mobilalkalmaz\u00e1s\u00e1n kereszt\u00fcl bocs\u00e1tj\u00e1k ki.<\/p>\n\n\n\n<p>A szurkol\u00f3k <strong>legfeljebb k\u00e9t jegyet v\u00e1s\u00e1rolhatnak,<\/strong> \u00e9s k\u00f6telesek megadni szem\u00e9lyes adataikat a jegyport\u00e1lon a nyomon k\u00f6vet\u00e9si int\u00e9zked\u00e9sek el\u0151seg\u00edt\u00e9se \u00e9rdek\u00e9ben.<\/p>\n\n\n\n<p>Azok a speci\u00e1lis ig\u00e9ny\u0171 szurkol\u00f3k, akik jegyet szeretn\u00e9nek v\u00e1s\u00e1rolni az UEFA Szuperkup\u00e1ra, megtehetik az <a href=\"https:\/\/supercup.tickets.uefa.com\/lottery\/welcome_hu.html?fbclid=IwAR32OIkXUlknSOInBXkSd9Ki0Qc_GosboXFc5XJOBRmFI8uGAR5a0tUTP-I\" target=\"_blank\" rel=\"noreferrer noopener\">UEFA jegy\u00e9rt\u00e9kes\u00edt\u0151 port\u00e1lj\u00e1n kereszt\u00fcl<\/a>.<\/p>\n\n\n\n<p>Az akad\u00e1lymentes helyekre sz\u00f3l\u00f3 jegyek k\u00e9t kateg\u00f3ri\u00e1ban kaphat\u00f3k: kerekessz\u00e9ket haszn\u00e1l\u00f3k sz\u00e1m\u00e1ra sz\u00f3l\u00f3 jegyek, \u00e9s k\u00f6nnyen hozz\u00e1f\u00e9rhet\u0151 helyekre sz\u00f3l\u00f3 jegyek. Mindk\u00e9t kateg\u00f3ria a 3. \u00e1rkateg\u00f3ri\u00e1ba tartozik,&nbsp; \u00e1ra <strong>30 eur\u00f3<\/strong>. A v\u00e1s\u00e1rl\u00f3k ig\u00e9ny eset\u00e9n ingyenes k\u00eds\u00e9r\u0151jegyet k\u00e9rv\u00e9nyezhetnek.<\/p>\n\n\n\n<p><strong>A jegy\u00e9rt\u00e9kes\u00edt\u0151 port\u00e1l szeptember 9-\u00e9n, szerd\u00e1n 18 \u00f3r\u00e1ig tart nyitva, \u00e9s a p\u00e1ly\u00e1z\u00f3k szeptember 11-ig e-mailt kapnak arr\u00f3l, hogy sikeres-e a jegyv\u00e1s\u00e1rl\u00e1suk.<\/strong><\/p>\n\n\n\n<p>Az \u00f6sszes akad\u00e1lymentes jegy ig\u00e9nyl\u0151je k\u00f6teles a fogyat\u00e9koss\u00e1g\u00e1r\u00f3l sz\u00f3l\u00f3 \u00e9rv\u00e9nyes igazol\u00e1s\u00e1t beny\u00fajtani k\u00e9relm\u00e9nek al\u00e1t\u00e1maszt\u00e1s\u00e1ra.&nbsp;<\/p>\n\n\n\n<p><strong><a href=\"http:\/\/news.access4you.io\/wp-content\/uploads\/2020\/09\/Proof_of_Disability_-_UEFA_Competition_Final_20-21_Guidance-1.docx\" target=\"_blank\" rel=\"noreferrer noopener\">T\u00f6ltsd le a CAFE angol nyelv\u0171 \u00fatmutat\u00f3j\u00e1t az elfogadott igazol\u00e1sokr\u00f3l.<\/a><\/strong><\/p>\n\n\n\n<p>Fontos tudni, hogy a mozg\u00e1sukban korl\u00e1tozott szem\u00e9lyek sz\u00e1m\u00e1ra ki\u00e1ll\u00edtott parkol\u00e1si enged\u00e9lyek nem min\u0151s\u00fclnek elegend\u0151 bizony\u00edt\u00e9knak a jegyv\u00e1s\u00e1rl\u00e1shoz.<\/p>\n\n\n\n<p>Az audio-komment\u00e1r csak az UEFA Szuperkup\u00e1j\u00e1n lesz el\u00e9rhet\u0151 magyar nyelven. A hallgat\u00f3kat arra k\u00e9rj\u00fck, hogy hozz\u00e1k magukkal saj\u00e1t r\u00e1di\u00f3jukat vagy FM-r\u00e1di\u00f3val kompatibilis okostelefonjaikat \u00e9s k\u00e9sz\u00fcl\u00e9keiket a szolg\u00e1ltat\u00e1s hangol\u00e1s\u00e1hoz.<\/p>\n\n\n\n<p>Az akad\u00e1lymentes helyekre sz\u00f3l\u00f3 jegyek ig\u00e9nyl\u00e9sekor korl\u00e1tozott sz\u00e1m\u00fa enged\u00e9ly is rendelkez\u00e9sre \u00e1ll a stadionban el\u00e9rhet\u0151 akad\u00e1lymentes parkol\u00e1shoz.<\/p>\n\n\n\n<p>A p\u00e1ly\u00e1z\u00f3k a meccsjegyek ig\u00e9nyl\u00e9sekor regisztr\u00e1lhatj\u00e1k ig\u00e9ny\u00fcket az akad\u00e1lymentes parkol\u00f3helyek ir\u00e1nt.&nbsp;<\/p>\n\n\n\n<p>A <a href=\"https:\/\/www.cafefootball.eu\/\">CAFE saj\u00e1t weboldal\u00e1n<\/a> \u00e9s k\u00f6z\u00f6ss\u00e9gi m\u00e9dia fel\u00fcletein hamarosan k\u00f6zz\u00e9teszi az UEFA Szuperkupa Fogyat\u00e9kkal \u00e9l\u0151 szurkol\u00f3k sz\u00e1m\u00e1ra k\u00e9sz\u00edtett \u00fatmutat\u00f3j\u00e1t.<\/p>\n\n\n\n<p>Tov\u00e1bbi inform\u00e1ci\u00f3k \u00e9s seg\u00edts\u00e9g el\u00e9rhet\u0151 az <a href=\"https:\/\/support.tickets-scup.uefa.com\/hc\/en-us\/sections\/115000625812-ACCESSIBILITY-TICKETS\">UEFA weboldal\u00e1n<\/a>.<\/p>\n\n\n\n<p>Forr\u00e1s: CAFE &#8211; Centre for Access to Football in Europe<\/p>","protected":false},"excerpt":{"rendered":"<p>Azok a speci\u00e1lis ig\u00e9ny\u0171 szurkol\u00f3k, akik r\u00e9szt akarnak venni az idei szezon budapesti UEFA Szuperkup\u00e1j\u00e1n, az UEFA online jegyrendel\u0151 port\u00e1lj\u00e1n kereszt\u00fcl ig\u00e9nyelhetnek akad\u00e1lymentes helyekre sz\u00f3l\u00f3 jegyeket. Az idei szezon UEFA Szuperkup\u00e1j\u00e1ra a budapesti Pusk\u00e1s Ar\u00e9n\u00e1ban ker\u00fcl sor szeptember 24-\u00e9n, cs\u00fct\u00f6rt\u00f6k\u00f6n: az UEFA Bajnokok Lig\u00e1ja-gy\u0151ztes Bayern M\u00fcnchen az UEFA Eur\u00f3pa Liga-gy\u0151ztes Sevill\u00e1val tal\u00e1lkozik. Korl\u00e1tozott sz\u00e1m\u00fa szurkol\u00f3 [&hellip;]<\/p>","protected":false},"author":1,"featured_media":3942,"comment_status":"closed","ping_status":"closed","sticky":false,"template":"","format":"standard","meta":{"footnotes":""},"categories":[10],"tags":[],"class_list":["post-3937","post","type-post","status-publish","format-standard","has-post-thumbnail","hentry","category-blog"],"yoast_head":"<!-- This site is optimized with the Yoast SEO plugin v23.8 - https:\/\/yoast.com\/wordpress\/plugins\/seo\/ -->\n<title>Szeptember 9-ig kaphat\u00f3ak az akad\u00e1lymentes helyekre sz\u00f3l\u00f3 jegyek a 2020-as UEFA Szuperkup\u00e1ra - Access4you H\u00edrek<\/title>\n<meta name=\"robots\" content=\"index, follow, max-snippet:-1, max-image-preview:large, max-video-preview:-1\" \/>\n<link rel=\"canonical\" href=\"https:\/\/news.access4you.io\/en\/2020\/09\/08\/szeptember-9-ig-kaphatoak-az-akadalymentes-helyekre-szolo-jegyek-a-2020-as-uefa-szuperkupara\/\" \/>\n<meta property=\"og:locale\" content=\"en_US\" \/>\n<meta property=\"og:type\" content=\"article\" \/>\n<meta property=\"og:title\" content=\"Szeptember 9-ig kaphat\u00f3ak az akad\u00e1lymentes helyekre sz\u00f3l\u00f3 jegyek a 2020-as UEFA Szuperkup\u00e1ra - Access4you H\u00edrek\" \/>\n<meta property=\"og:description\" content=\"Azok a speci\u00e1lis ig\u00e9ny\u0171 szurkol\u00f3k, akik r\u00e9szt akarnak venni az idei szezon budapesti UEFA Szuperkup\u00e1j\u00e1n, az UEFA online jegyrendel\u0151 port\u00e1lj\u00e1n kereszt\u00fcl ig\u00e9nyelhetnek akad\u00e1lymentes helyekre sz\u00f3l\u00f3 jegyeket. Az idei szezon UEFA Szuperkup\u00e1j\u00e1ra a budapesti Pusk\u00e1s Ar\u00e9n\u00e1ban ker\u00fcl sor szeptember 24-\u00e9n, cs\u00fct\u00f6rt\u00f6k\u00f6n: az UEFA Bajnokok Lig\u00e1ja-gy\u0151ztes Bayern M\u00fcnchen az UEFA Eur\u00f3pa Liga-gy\u0151ztes Sevill\u00e1val tal\u00e1lkozik. Korl\u00e1tozott sz\u00e1m\u00fa szurkol\u00f3 [&hellip;]\" \/>\n<meta property=\"og:url\" content=\"https:\/\/news.access4you.io\/en\/2020\/09\/08\/szeptember-9-ig-kaphatoak-az-akadalymentes-helyekre-szolo-jegyek-a-2020-as-uefa-szuperkupara\/\" \/>\n<meta property=\"og:site_name\" content=\"Access4you H\u00edrek\" \/>\n<meta property=\"article:published_time\" content=\"2020-09-08T12:18:20+00:00\" \/>\n<meta property=\"article:modified_time\" content=\"2020-09-18T08:46:22+00:00\" \/>\n<meta property=\"og:image\" content=\"https:\/\/news.access4you.io\/wp-content\/uploads\/2020\/09\/uefa-supercup-1.jpg\" \/>\n\t<meta property=\"og:image:width\" content=\"913\" \/>\n\t<meta property=\"og:image:height\" content=\"514\" \/>\n\t<meta property=\"og:image:type\" content=\"image\/jpeg\" \/>\n<meta name=\"author\" content=\"access4you\" \/>\n<meta name=\"twitter:card\" content=\"summary_large_image\" \/>\n<meta name=\"twitter:label1\" content=\"Written by\" \/>\n\t<meta name=\"twitter:data1\" content=\"access4you\" \/>\n\t<meta name=\"twitter:label2\" content=\"Est. reading time\" \/>\n\t<meta name=\"twitter:data2\" content=\"4 minutes\" \/>\n<script type=\"application\/ld+json\" class=\"yoast-schema-graph\">{\"@context\":\"https:\/\/schema.org\",\"@graph\":[{\"@type\":\"Article\",\"@id\":\"https:\/\/news.access4you.io\/2020\/09\/08\/szeptember-9-ig-kaphatoak-az-akadalymentes-helyekre-szolo-jegyek-a-2020-as-uefa-szuperkupara\/#article\",\"isPartOf\":{\"@id\":\"https:\/\/news.access4you.io\/2020\/09\/08\/szeptember-9-ig-kaphatoak-az-akadalymentes-helyekre-szolo-jegyek-a-2020-as-uefa-szuperkupara\/\"},\"author\":{\"name\":\"access4you\",\"@id\":\"https:\/\/news.access4you.io\/#\/schema\/person\/cb4fff088aa5f5f43a6f4ce3a1e2e084\"},\"headline\":\"Szeptember 9-ig kaphat\u00f3ak az akad\u00e1lymentes helyekre sz\u00f3l\u00f3 jegyek a 2020-as UEFA Szuperkup\u00e1ra\",\"datePublished\":\"2020-09-08T12:18:20+00:00\",\"dateModified\":\"2020-09-18T08:46:22+00:00\",\"mainEntityOfPage\":{\"@id\":\"https:\/\/news.access4you.io\/2020\/09\/08\/szeptember-9-ig-kaphatoak-az-akadalymentes-helyekre-szolo-jegyek-a-2020-as-uefa-szuperkupara\/\"},\"wordCount\":784,\"publisher\":{\"@id\":\"https:\/\/news.access4you.io\/#organization\"},\"image\":{\"@id\":\"https:\/\/news.access4you.io\/2020\/09\/08\/szeptember-9-ig-kaphatoak-az-akadalymentes-helyekre-szolo-jegyek-a-2020-as-uefa-szuperkupara\/#primaryimage\"},\"thumbnailUrl\":\"https:\/\/news.access4you.io\/wp-content\/uploads\/2020\/09\/uefa-supercup-1.jpg\",\"articleSection\":[\"Blog\"],\"inLanguage\":\"en-US\"},{\"@type\":\"WebPage\",\"@id\":\"https:\/\/news.access4you.io\/2020\/09\/08\/szeptember-9-ig-kaphatoak-az-akadalymentes-helyekre-szolo-jegyek-a-2020-as-uefa-szuperkupara\/\",\"url\":\"https:\/\/news.access4you.io\/2020\/09\/08\/szeptember-9-ig-kaphatoak-az-akadalymentes-helyekre-szolo-jegyek-a-2020-as-uefa-szuperkupara\/\",\"name\":\"Szeptember 9-ig kaphat\u00f3ak az akad\u00e1lymentes helyekre sz\u00f3l\u00f3 jegyek a 2020-as UEFA Szuperkup\u00e1ra - Access4you H\u00edrek\",\"isPartOf\":{\"@id\":\"https:\/\/news.access4you.io\/#website\"},\"primaryImageOfPage\":{\"@id\":\"https:\/\/news.access4you.io\/2020\/09\/08\/szeptember-9-ig-kaphatoak-az-akadalymentes-helyekre-szolo-jegyek-a-2020-as-uefa-szuperkupara\/#primaryimage\"},\"image\":{\"@id\":\"https:\/\/news.access4you.io\/2020\/09\/08\/szeptember-9-ig-kaphatoak-az-akadalymentes-helyekre-szolo-jegyek-a-2020-as-uefa-szuperkupara\/#primaryimage\"},\"thumbnailUrl\":\"https:\/\/news.access4you.io\/wp-content\/uploads\/2020\/09\/uefa-supercup-1.jpg\",\"datePublished\":\"2020-09-08T12:18:20+00:00\",\"dateModified\":\"2020-09-18T08:46:22+00:00\",\"breadcrumb\":{\"@id\":\"https:\/\/news.access4you.io\/2020\/09\/08\/szeptember-9-ig-kaphatoak-az-akadalymentes-helyekre-szolo-jegyek-a-2020-as-uefa-szuperkupara\/#breadcrumb\"},\"inLanguage\":\"en-US\",\"potentialAction\":[{\"@type\":\"ReadAction\",\"target\":[\"https:\/\/news.access4you.io\/2020\/09\/08\/szeptember-9-ig-kaphatoak-az-akadalymentes-helyekre-szolo-jegyek-a-2020-as-uefa-szuperkupara\/\"]}]},{\"@type\":\"ImageObject\",\"inLanguage\":\"en-US\",\"@id\":\"https:\/\/news.access4you.io\/2020\/09\/08\/szeptember-9-ig-kaphatoak-az-akadalymentes-helyekre-szolo-jegyek-a-2020-as-uefa-szuperkupara\/#primaryimage\",\"url\":\"https:\/\/news.access4you.io\/wp-content\/uploads\/2020\/09\/uefa-supercup-1.jpg\",\"contentUrl\":\"https:\/\/news.access4you.io\/wp-content\/uploads\/2020\/09\/uefa-supercup-1.jpg\",\"width\":913,\"height\":514},{\"@type\":\"BreadcrumbList\",\"@id\":\"https:\/\/news.access4you.io\/2020\/09\/08\/szeptember-9-ig-kaphatoak-az-akadalymentes-helyekre-szolo-jegyek-a-2020-as-uefa-szuperkupara\/#breadcrumb\",\"itemListElement\":[{\"@type\":\"ListItem\",\"position\":1,\"name\":\"Kezd\u0151lap\",\"item\":\"https:\/\/news.access4you.io\/\"},{\"@type\":\"ListItem\",\"position\":2,\"name\":\"Szeptember 9-ig kaphat\u00f3ak az akad\u00e1lymentes helyekre sz\u00f3l\u00f3 jegyek a 2020-as UEFA Szuperkup\u00e1ra\"}]},{\"@type\":\"WebSite\",\"@id\":\"https:\/\/news.access4you.io\/#website\",\"url\":\"https:\/\/news.access4you.io\/\",\"name\":\"Access4you H\u00edrek\",\"description\":\"\",\"publisher\":{\"@id\":\"https:\/\/news.access4you.io\/#organization\"},\"potentialAction\":[{\"@type\":\"SearchAction\",\"target\":{\"@type\":\"EntryPoint\",\"urlTemplate\":\"https:\/\/news.access4you.io\/?s={search_term_string}\"},\"query-input\":{\"@type\":\"PropertyValueSpecification\",\"valueRequired\":true,\"valueName\":\"search_term_string\"}}],\"inLanguage\":\"en-US\"},{\"@type\":\"Organization\",\"@id\":\"https:\/\/news.access4you.io\/#organization\",\"name\":\"Access4you H\u00edrek\",\"url\":\"https:\/\/news.access4you.io\/\",\"logo\":{\"@type\":\"ImageObject\",\"inLanguage\":\"en-US\",\"@id\":\"https:\/\/news.access4you.io\/#\/schema\/logo\/image\/\",\"url\":\"https:\/\/news.access4you.io\/wp-content\/uploads\/2021\/01\/a4u-logo-black.png\",\"contentUrl\":\"https:\/\/news.access4you.io\/wp-content\/uploads\/2021\/01\/a4u-logo-black.png\",\"width\":726,\"height\":454,\"caption\":\"Access4you H\u00edrek\"},\"image\":{\"@id\":\"https:\/\/news.access4you.io\/#\/schema\/logo\/image\/\"}},{\"@type\":\"Person\",\"@id\":\"https:\/\/news.access4you.io\/#\/schema\/person\/cb4fff088aa5f5f43a6f4ce3a1e2e084\",\"name\":\"access4you\",\"image\":{\"@type\":\"ImageObject\",\"inLanguage\":\"en-US\",\"@id\":\"https:\/\/news.access4you.io\/#\/schema\/person\/image\/\",\"url\":\"https:\/\/secure.gravatar.com\/avatar\/9795a8b3afc7ed258d167a92dbb1075b37bab5bc83b1ac9182ff4f58c22040b8?s=96&d=mm&r=g\",\"contentUrl\":\"https:\/\/secure.gravatar.com\/avatar\/9795a8b3afc7ed258d167a92dbb1075b37bab5bc83b1ac9182ff4f58c22040b8?s=96&d=mm&r=g\",\"caption\":\"access4you\"},\"sameAs\":[\"http:\/\/localhost\/access4you\"],\"url\":\"https:\/\/news.access4you.io\/en\/author\/access4you\/\"}]}<\/script>\n<!-- \/ Yoast SEO plugin. -->","yoast_head_json":{"title":"Szeptember 9-ig kaphat\u00f3ak az akad\u00e1lymentes helyekre sz\u00f3l\u00f3 jegyek a 2020-as UEFA Szuperkup\u00e1ra - Access4you H\u00edrek","robots":{"index":"index","follow":"follow","max-snippet":"max-snippet:-1","max-image-preview":"max-image-preview:large","max-video-preview":"max-video-preview:-1"},"canonical":"https:\/\/news.access4you.io\/en\/2020\/09\/08\/szeptember-9-ig-kaphatoak-az-akadalymentes-helyekre-szolo-jegyek-a-2020-as-uefa-szuperkupara\/","og_locale":"en_US","og_type":"article","og_title":"Szeptember 9-ig kaphat\u00f3ak az akad\u00e1lymentes helyekre sz\u00f3l\u00f3 jegyek a 2020-as UEFA Szuperkup\u00e1ra - Access4you H\u00edrek","og_description":"Azok a speci\u00e1lis ig\u00e9ny\u0171 szurkol\u00f3k, akik r\u00e9szt akarnak venni az idei szezon budapesti UEFA Szuperkup\u00e1j\u00e1n, az UEFA online jegyrendel\u0151 port\u00e1lj\u00e1n kereszt\u00fcl ig\u00e9nyelhetnek akad\u00e1lymentes helyekre sz\u00f3l\u00f3 jegyeket. Az idei szezon UEFA Szuperkup\u00e1j\u00e1ra a budapesti Pusk\u00e1s Ar\u00e9n\u00e1ban ker\u00fcl sor szeptember 24-\u00e9n, cs\u00fct\u00f6rt\u00f6k\u00f6n: az UEFA Bajnokok Lig\u00e1ja-gy\u0151ztes Bayern M\u00fcnchen az UEFA Eur\u00f3pa Liga-gy\u0151ztes Sevill\u00e1val tal\u00e1lkozik. Korl\u00e1tozott sz\u00e1m\u00fa szurkol\u00f3 [&hellip;]","og_url":"https:\/\/news.access4you.io\/en\/2020\/09\/08\/szeptember-9-ig-kaphatoak-az-akadalymentes-helyekre-szolo-jegyek-a-2020-as-uefa-szuperkupara\/","og_site_name":"Access4you H\u00edrek","article_published_time":"2020-09-08T12:18:20+00:00","article_modified_time":"2020-09-18T08:46:22+00:00","og_image":[{"width":913,"height":514,"url":"https:\/\/news.access4you.io\/wp-content\/uploads\/2020\/09\/uefa-supercup-1.jpg","type":"image\/jpeg"}],"author":"access4you","twitter_card":"summary_large_image","twitter_misc":{"Written by":"access4you","Est. reading time":"4 minutes"},"schema":{"@context":"https:\/\/schema.org","@graph":[{"@type":"Article","@id":"https:\/\/news.access4you.io\/2020\/09\/08\/szeptember-9-ig-kaphatoak-az-akadalymentes-helyekre-szolo-jegyek-a-2020-as-uefa-szuperkupara\/#article","isPartOf":{"@id":"https:\/\/news.access4you.io\/2020\/09\/08\/szeptember-9-ig-kaphatoak-az-akadalymentes-helyekre-szolo-jegyek-a-2020-as-uefa-szuperkupara\/"},"author":{"name":"access4you","@id":"https:\/\/news.access4you.io\/#\/schema\/person\/cb4fff088aa5f5f43a6f4ce3a1e2e084"},"headline":"Szeptember 9-ig kaphat\u00f3ak az akad\u00e1lymentes helyekre sz\u00f3l\u00f3 jegyek a 2020-as UEFA Szuperkup\u00e1ra","datePublished":"2020-09-08T12:18:20+00:00","dateModified":"2020-09-18T08:46:22+00:00","mainEntityOfPage":{"@id":"https:\/\/news.access4you.io\/2020\/09\/08\/szeptember-9-ig-kaphatoak-az-akadalymentes-helyekre-szolo-jegyek-a-2020-as-uefa-szuperkupara\/"},"wordCount":784,"publisher":{"@id":"https:\/\/news.access4you.io\/#organization"},"image":{"@id":"https:\/\/news.access4you.io\/2020\/09\/08\/szeptember-9-ig-kaphatoak-az-akadalymentes-helyekre-szolo-jegyek-a-2020-as-uefa-szuperkupara\/#primaryimage"},"thumbnailUrl":"https:\/\/news.access4you.io\/wp-content\/uploads\/2020\/09\/uefa-supercup-1.jpg","articleSection":["Blog"],"inLanguage":"en-US"},{"@type":"WebPage","@id":"https:\/\/news.access4you.io\/2020\/09\/08\/szeptember-9-ig-kaphatoak-az-akadalymentes-helyekre-szolo-jegyek-a-2020-as-uefa-szuperkupara\/","url":"https:\/\/news.access4you.io\/2020\/09\/08\/szeptember-9-ig-kaphatoak-az-akadalymentes-helyekre-szolo-jegyek-a-2020-as-uefa-szuperkupara\/","name":"Szeptember 9-ig kaphat\u00f3ak az akad\u00e1lymentes helyekre sz\u00f3l\u00f3 jegyek a 2020-as UEFA Szuperkup\u00e1ra - Access4you H\u00edrek","isPartOf":{"@id":"https:\/\/news.access4you.io\/#website"},"primaryImageOfPage":{"@id":"https:\/\/news.access4you.io\/2020\/09\/08\/szeptember-9-ig-kaphatoak-az-akadalymentes-helyekre-szolo-jegyek-a-2020-as-uefa-szuperkupara\/#primaryimage"},"image":{"@id":"https:\/\/news.access4you.io\/2020\/09\/08\/szeptember-9-ig-kaphatoak-az-akadalymentes-helyekre-szolo-jegyek-a-2020-as-uefa-szuperkupara\/#primaryimage"},"thumbnailUrl":"https:\/\/news.access4you.io\/wp-content\/uploads\/2020\/09\/uefa-supercup-1.jpg","datePublished":"2020-09-08T12:18:20+00:00","dateModified":"2020-09-18T08:46:22+00:00","breadcrumb":{"@id":"https:\/\/news.access4you.io\/2020\/09\/08\/szeptember-9-ig-kaphatoak-az-akadalymentes-helyekre-szolo-jegyek-a-2020-as-uefa-szuperkupara\/#breadcrumb"},"inLanguage":"en-US","potentialAction":[{"@type":"ReadAction","target":["https:\/\/news.access4you.io\/2020\/09\/08\/szeptember-9-ig-kaphatoak-az-akadalymentes-helyekre-szolo-jegyek-a-2020-as-uefa-szuperkupara\/"]}]},{"@type":"ImageObject","inLanguage":"en-US","@id":"https:\/\/news.access4you.io\/2020\/09\/08\/szeptember-9-ig-kaphatoak-az-akadalymentes-helyekre-szolo-jegyek-a-2020-as-uefa-szuperkupara\/#primaryimage","url":"https:\/\/news.access4you.io\/wp-content\/uploads\/2020\/09\/uefa-supercup-1.jpg","contentUrl":"https:\/\/news.access4you.io\/wp-content\/uploads\/2020\/09\/uefa-supercup-1.jpg","width":913,"height":514},{"@type":"BreadcrumbList","@id":"https:\/\/news.access4you.io\/2020\/09\/08\/szeptember-9-ig-kaphatoak-az-akadalymentes-helyekre-szolo-jegyek-a-2020-as-uefa-szuperkupara\/#breadcrumb","itemListElement":[{"@type":"ListItem","position":1,"name":"Kezd\u0151lap","item":"https:\/\/news.access4you.io\/"},{"@type":"ListItem","position":2,"name":"Szeptember 9-ig kaphat\u00f3ak az akad\u00e1lymentes helyekre sz\u00f3l\u00f3 jegyek a 2020-as UEFA Szuperkup\u00e1ra"}]},{"@type":"WebSite","@id":"https:\/\/news.access4you.io\/#website","url":"https:\/\/news.access4you.io\/","name":"Access4you H\u00edrek","description":"","publisher":{"@id":"https:\/\/news.access4you.io\/#organization"},"potentialAction":[{"@type":"SearchAction","target":{"@type":"EntryPoint","urlTemplate":"https:\/\/news.access4you.io\/?s={search_term_string}"},"query-input":{"@type":"PropertyValueSpecification","valueRequired":true,"valueName":"search_term_string"}}],"inLanguage":"en-US"},{"@type":"Organization","@id":"https:\/\/news.access4you.io\/#organization","name":"Access4you H\u00edrek","url":"https:\/\/news.access4you.io\/","logo":{"@type":"ImageObject","inLanguage":"en-US","@id":"https:\/\/news.access4you.io\/#\/schema\/logo\/image\/","url":"https:\/\/news.access4you.io\/wp-content\/uploads\/2021\/01\/a4u-logo-black.png","contentUrl":"https:\/\/news.access4you.io\/wp-content\/uploads\/2021\/01\/a4u-logo-black.png","width":726,"height":454,"caption":"Access4you H\u00edrek"},"image":{"@id":"https:\/\/news.access4you.io\/#\/schema\/logo\/image\/"}},{"@type":"Person","@id":"https:\/\/news.access4you.io\/#\/schema\/person\/cb4fff088aa5f5f43a6f4ce3a1e2e084","name":"access4you","image":{"@type":"ImageObject","inLanguage":"en-US","@id":"https:\/\/news.access4you.io\/#\/schema\/person\/image\/","url":"https:\/\/secure.gravatar.com\/avatar\/9795a8b3afc7ed258d167a92dbb1075b37bab5bc83b1ac9182ff4f58c22040b8?s=96&d=mm&r=g","contentUrl":"https:\/\/secure.gravatar.com\/avatar\/9795a8b3afc7ed258d167a92dbb1075b37bab5bc83b1ac9182ff4f58c22040b8?s=96&d=mm&r=g","caption":"access4you"},"sameAs":["http:\/\/localhost\/access4you"],"url":"https:\/\/news.access4you.io\/en\/author\/access4you\/"}]}},"_links":{"self":[{"href":"https:\/\/news.access4you.io\/en\/wp-json\/wp\/v2\/posts\/3937","targetHints":{"allow":["GET"]}}],"collection":[{"href":"https:\/\/news.access4you.io\/en\/wp-json\/wp\/v2\/posts"}],"about":[{"href":"https:\/\/news.access4you.io\/en\/wp-json\/wp\/v2\/types\/post"}],"author":[{"embeddable":true,"href":"https:\/\/news.access4you.io\/en\/wp-json\/wp\/v2\/users\/1"}],"replies":[{"embeddable":true,"href":"https:\/\/news.access4you.io\/en\/wp-json\/wp\/v2\/comments?post=3937"}],"version-history":[{"count":0,"href":"https:\/\/news.access4you.io\/en\/wp-json\/wp\/v2\/posts\/3937\/revisions"}],"wp:featuredmedia":[{"embeddable":true,"href":"https:\/\/news.access4you.io\/en\/wp-json\/wp\/v2\/media\/3942"}],"wp:attachment":[{"href":"https:\/\/news.access4you.io\/en\/wp-json\/wp\/v2\/media?parent=3937"}],"wp:term":[{"taxonomy":"category","embeddable":true,"href":"https:\/\/news.access4you.io\/en\/wp-json\/wp\/v2\/categories?post=3937"},{"taxonomy":"post_tag","embeddable":true,"href":"https:\/\/news.access4you.io\/en\/wp-json\/wp\/v2\/tags?post=3937"}],"curies":[{"name":"wp","href":"https:\/\/api.w.org\/{rel}","templated":true}]}}