{"id":3995,"date":"2020-09-29T12:45:33","date_gmt":"2020-09-29T12:45:33","guid":{"rendered":"http:\/\/news.access4you.io\/?p=3995"},"modified":"2020-09-29T13:07:49","modified_gmt":"2020-09-29T13:07:49","slug":"nem-talalsz-garantaltan-akadalymentes-fogaszati-rendelot-mi-segitunk","status":"publish","type":"post","link":"https:\/\/news.access4you.io\/en\/2020\/09\/29\/nem-talalsz-garantaltan-akadalymentes-fogaszati-rendelot-mi-segitunk\/","title":{"rendered":"Nem tal\u00e1lsz garant\u00e1ltan akad\u00e1lymentes fog\u00e1szati rendel\u0151t? Mi seg\u00edt\u00fcnk!"},"content":{"rendered":"<p>Fog\u00e1szati rendel\u0151be mindannyian j\u00e1runk. Ha j\u00f3k a fogaink, az\u00e9rt, hogy meg\u00f3vjuk \u0151ket, ha pedig rosszak, akkor az\u00e9rt, hogy jobbak legyenek. \u00c1m a legt\u00f6bb fog\u00e1szati rendel\u0151 olyan \u00e9p\u00fcletekben tal\u00e1lhat\u00f3, amelyek bej\u00e1rat\u00e1n\u00e1l neh\u00e9z \u00e9s sz\u0171k ajt\u00f3k, l\u00e9pcs\u0151k, fell\u00e9p\u0151k, k\u00fcsz\u00f6b\u00f6k vannak &#8211; \u00e9s a felvon\u00f3ig m\u00e9g el sem jutottunk. Ha b\u00e1rmelyik\u00fcnk babakocsival megy, kerekessz\u00e9ket haszn\u00e1l, vagy nehezebben megy fel egy l\u00e9pcs\u0151n, akkor m\u00e1r j\u00f3csk\u00e1n meg van nehez\u00edtve az egy\u00e9bk\u00e9nt sem k\u00f6nny\u0171 l\u00e1togat\u00e1sunk, s\u0151t, lehet, hogy be sem jutunk.<\/p>\n\n\n\n<p><strong>A budapesti WestDent Fog\u00e1szat \u00e9s Implantol\u00f3gia ezzel szemben az els\u0151 tan\u00fas\u00edtott, Access4you bronz fokozat\u00fa akad\u00e1lymentes fog\u00e1szat, ahova kerekessz\u00e9kkel vagy babakocsival k\u00f6nnyen be lehet jutni, mozg\u00e1sukban korl\u00e1tozott p\u00e1ciensek is l\u00e1togathatj\u00e1k, illetve a gyeng\u00e9nl\u00e1t\u00f3k sz\u00e1m\u00e1ra is j\u00f3l l\u00e1that\u00f3 jelz\u00e9sek biztos\u00edtj\u00e1k az eligazod\u00e1st.&nbsp;<\/strong><\/p>\n\n\n\n<p>A f\u00f6ldszinti rendel\u0151 aut\u00f3val \u00e9s t\u00f6megk\u00f6zleked\u00e9ssel is j\u00f3l megk\u00f6zel\u00edthet\u0151, minden szempontb\u00f3l t\u00f6k\u00e9letesen ide\u00e1lis a speci\u00e1lis ig\u00e9ny\u0171 p\u00e1ciensek sz\u00e1m\u00e1ra. A recepci\u00f3, a kezel\u0151-, a r\u00f6ntgenhelyis\u00e9g, valamint a mosd\u00f3 is k\u00e9nyelmesen el\u00e9rhet\u0151; a fog\u00e1szati sz\u00e9k elford\u00edthat\u00f3, amely lehet\u0151v\u00e9 teszi a kerekessz\u00e9kben t\u00f6rt\u00e9n\u0151 kezel\u00e9seket is.&nbsp;<\/p>\n\n\n\n<p>Dr. Kolozsv\u00e1ry L\u00e1szl\u00f3, a rendel\u0151 vezet\u0151 orvosa kiemelt figyelmet ford\u00edt a szolg\u00e1ltat\u00e1s \u00e9s k\u00f6rnyezet magas sz\u00ednvonal\u00e1ra.&nbsp; \u201cRendel\u0151nket igyekezt\u00fcnk \u00fagy meg\u00e9p\u00edteni, hogy mindenki sz\u00e1m\u00e1ra k\u00f6nny\u0171 legyen megk\u00f6zel\u00edteni \u00e9s a helyis\u00e9geinket haszn\u00e1lni, am\u00edg n\u00e1lunk tart\u00f3zkodnak. Ezen fel\u00fcl minden esetben megk\u00fcl\u00f6nb\u00f6ztetett figyelemmel fordulunk speci\u00e1lis ig\u00e9ny\u0171 gyermek \u00e9s feln\u0151tt p\u00e1cienseinkhez egyar\u00e1nt.\u201d<\/p>\n\n\n\n<p>A WestDent Fog\u00e1szat \u00e9s Implantol\u00f3gia akad\u00e1lymentess\u00e9g\u00e9r\u0151l <a href=\"https:\/\/access4you.io\/places\/96583\/details\" target=\"_blank\" rel=\"noreferrer noopener\">itt tal\u00e1lsz <\/a>t\u00f6bb inform\u00e1ci\u00f3t.<\/p>\n\n\n\n<p><em>Magyarorsz\u00e1gon a n\u00e9pess\u00e9g 15%-a mondja mag\u00e1r\u00f3l azt, hogy mindennapi \u00e9let\u00e9ben eg\u00e9szs\u00e9gi \u00e1llapota miatt korl\u00e1tozva \u00e9rzi mag\u00e1t. Ezt a hozz\u00e1vet\u0151legesen m\u00e1sf\u00e9l milli\u00f3 f\u0151t nevezz\u00fck speci\u00e1lis ig\u00e9ny\u0171 embereknek, akik sz\u00e1m\u00e1ra az akad\u00e1lymentes k\u00f6rnyezet \u00e9s az err\u0151l sz\u00f3l\u00f3 megb\u00edzhat\u00f3 inform\u00e1ci\u00f3 biztos\u00edt\u00e1sa teszi lehet\u0151v\u00e9 azt, hogy eljussanak valahova \u00e9s ig\u00e9nybe vehessenek mindennapi, vagy nem mindennapi szolg\u00e1ltat\u00e1sokat. Ha te is szeretn\u00e9d, hogy helysz\u00edned \u00e9s szolg\u00e1ltat\u00e1sod tan\u00fas\u00edtottan akad\u00e1lymentes legyen, <\/em><a rel=\"noreferrer noopener\" href=\"https:\/\/access4you.io\/audit-request\" target=\"_blank\"><em>jelentkezz felm\u00e9r\u00e9s\u00e9re<\/em><\/a><em>!<\/em><\/p>\n\n\n\n<figure class=\"wp-block-gallery columns-2 is-cropped wp-block-gallery-1 is-layout-flex wp-block-gallery-is-layout-flex\"><ul class=\"blocks-gallery-grid\"><li class=\"blocks-gallery-item\"><figure><img loading=\"lazy\" decoding=\"async\" width=\"720\" height=\"348\" src=\"http:\/\/news.access4you.io\/wp-content\/uploads\/2020\/09\/WestDent-csapat.jpg\" alt=\"\" data-id=\"3999\" data-link=\"http:\/\/news.access4you.io\/?attachment_id=3999\" class=\"wp-image-3999\" srcset=\"https:\/\/news.access4you.io\/wp-content\/uploads\/2020\/09\/WestDent-csapat.jpg 720w, https:\/\/news.access4you.io\/wp-content\/uploads\/2020\/09\/WestDent-csapat-300x145.jpg 300w\" sizes=\"auto, (max-width: 720px) 100vw, 720px\" \/><\/figure><\/li><li class=\"blocks-gallery-item\"><figure><img loading=\"lazy\" decoding=\"async\" width=\"283\" height=\"160\" src=\"http:\/\/news.access4you.io\/wp-content\/uploads\/2020\/09\/WestDent-log\u00f3.png\" alt=\"\" data-id=\"4003\" data-full-url=\"http:\/\/news.access4you.io\/wp-content\/uploads\/2020\/09\/WestDent-log\u00f3.png\" data-link=\"http:\/\/news.access4you.io\/2020\/09\/29\/nem-talalsz-garantaltan-akadalymentes-fogaszati-rendelot-mi-segitunk\/westdent-logo\/\" class=\"wp-image-4003\"\/><\/figure><\/li><\/ul><\/figure>\n\n\n\n<figure class=\"wp-block-gallery columns-0 is-cropped wp-block-gallery-2 is-layout-flex wp-block-gallery-is-layout-flex\"><ul class=\"blocks-gallery-grid\"><\/ul><\/figure>","protected":false},"excerpt":{"rendered":"<p>Fog\u00e1szati rendel\u0151be mindannyian j\u00e1runk. Ha j\u00f3k a fogaink, az\u00e9rt, hogy meg\u00f3vjuk \u0151ket, ha pedig rosszak, akkor az\u00e9rt, hogy jobbak legyenek. \u00c1m a legt\u00f6bb fog\u00e1szati rendel\u0151 olyan \u00e9p\u00fcletekben tal\u00e1lhat\u00f3, amelyek bej\u00e1rat\u00e1n\u00e1l neh\u00e9z \u00e9s sz\u0171k ajt\u00f3k, l\u00e9pcs\u0151k, fell\u00e9p\u0151k, k\u00fcsz\u00f6b\u00f6k vannak &#8211; \u00e9s a felvon\u00f3ig m\u00e9g el sem jutottunk. Ha b\u00e1rmelyik\u00fcnk babakocsival megy, kerekessz\u00e9ket haszn\u00e1l, vagy nehezebben megy [&hellip;]<\/p>","protected":false},"author":1,"featured_media":3996,"comment_status":"closed","ping_status":"closed","sticky":false,"template":"","format":"standard","meta":{"footnotes":""},"categories":[75,10],"tags":[],"class_list":["post-3995","post","type-post","status-publish","format-standard","has-post-thumbnail","hentry","category-uj-hely","category-blog"],"yoast_head":"<!-- This site is optimized with the Yoast SEO plugin v23.8 - https:\/\/yoast.com\/wordpress\/plugins\/seo\/ -->\n<title>Nem tal\u00e1lsz garant\u00e1ltan akad\u00e1lymentes fog\u00e1szati rendel\u0151t? Mi seg\u00edt\u00fcnk! - Access4you H\u00edrek<\/title>\n<meta name=\"robots\" content=\"index, follow, max-snippet:-1, max-image-preview:large, max-video-preview:-1\" \/>\n<link rel=\"canonical\" href=\"https:\/\/news.access4you.io\/en\/2020\/09\/29\/nem-talalsz-garantaltan-akadalymentes-fogaszati-rendelot-mi-segitunk\/\" \/>\n<meta property=\"og:locale\" content=\"en_US\" \/>\n<meta property=\"og:type\" content=\"article\" \/>\n<meta property=\"og:title\" content=\"Nem tal\u00e1lsz garant\u00e1ltan akad\u00e1lymentes fog\u00e1szati rendel\u0151t? Mi seg\u00edt\u00fcnk! - Access4you H\u00edrek\" \/>\n<meta property=\"og:description\" content=\"Fog\u00e1szati rendel\u0151be mindannyian j\u00e1runk. Ha j\u00f3k a fogaink, az\u00e9rt, hogy meg\u00f3vjuk \u0151ket, ha pedig rosszak, akkor az\u00e9rt, hogy jobbak legyenek. \u00c1m a legt\u00f6bb fog\u00e1szati rendel\u0151 olyan \u00e9p\u00fcletekben tal\u00e1lhat\u00f3, amelyek bej\u00e1rat\u00e1n\u00e1l neh\u00e9z \u00e9s sz\u0171k ajt\u00f3k, l\u00e9pcs\u0151k, fell\u00e9p\u0151k, k\u00fcsz\u00f6b\u00f6k vannak &#8211; \u00e9s a felvon\u00f3ig m\u00e9g el sem jutottunk. Ha b\u00e1rmelyik\u00fcnk babakocsival megy, kerekessz\u00e9ket haszn\u00e1l, vagy nehezebben megy [&hellip;]\" \/>\n<meta property=\"og:url\" content=\"https:\/\/news.access4you.io\/en\/2020\/09\/29\/nem-talalsz-garantaltan-akadalymentes-fogaszati-rendelot-mi-segitunk\/\" \/>\n<meta property=\"og:site_name\" content=\"Access4you H\u00edrek\" \/>\n<meta property=\"article:published_time\" content=\"2020-09-29T12:45:33+00:00\" \/>\n<meta property=\"article:modified_time\" content=\"2020-09-29T13:07:49+00:00\" \/>\n<meta property=\"og:image\" content=\"https:\/\/news.access4you.io\/wp-content\/uploads\/2020\/09\/westdent-fogaszat_sticker.png\" \/>\n\t<meta property=\"og:image:width\" content=\"1035\" \/>\n\t<meta property=\"og:image:height\" content=\"697\" \/>\n\t<meta property=\"og:image:type\" content=\"image\/png\" \/>\n<meta name=\"author\" content=\"access4you\" \/>\n<meta name=\"twitter:card\" content=\"summary_large_image\" \/>\n<meta name=\"twitter:label1\" content=\"Written by\" \/>\n\t<meta name=\"twitter:data1\" content=\"access4you\" \/>\n\t<meta name=\"twitter:label2\" content=\"Est. reading time\" \/>\n\t<meta name=\"twitter:data2\" content=\"2 minutes\" \/>\n<script type=\"application\/ld+json\" class=\"yoast-schema-graph\">{\"@context\":\"https:\/\/schema.org\",\"@graph\":[{\"@type\":\"Article\",\"@id\":\"https:\/\/news.access4you.io\/2020\/09\/29\/nem-talalsz-garantaltan-akadalymentes-fogaszati-rendelot-mi-segitunk\/#article\",\"isPartOf\":{\"@id\":\"https:\/\/news.access4you.io\/2020\/09\/29\/nem-talalsz-garantaltan-akadalymentes-fogaszati-rendelot-mi-segitunk\/\"},\"author\":{\"name\":\"access4you\",\"@id\":\"https:\/\/news.access4you.io\/#\/schema\/person\/cb4fff088aa5f5f43a6f4ce3a1e2e084\"},\"headline\":\"Nem tal\u00e1lsz garant\u00e1ltan akad\u00e1lymentes fog\u00e1szati rendel\u0151t? Mi seg\u00edt\u00fcnk!\",\"datePublished\":\"2020-09-29T12:45:33+00:00\",\"dateModified\":\"2020-09-29T13:07:49+00:00\",\"mainEntityOfPage\":{\"@id\":\"https:\/\/news.access4you.io\/2020\/09\/29\/nem-talalsz-garantaltan-akadalymentes-fogaszati-rendelot-mi-segitunk\/\"},\"wordCount\":477,\"publisher\":{\"@id\":\"https:\/\/news.access4you.io\/#organization\"},\"image\":{\"@id\":\"https:\/\/news.access4you.io\/2020\/09\/29\/nem-talalsz-garantaltan-akadalymentes-fogaszati-rendelot-mi-segitunk\/#primaryimage\"},\"thumbnailUrl\":\"https:\/\/news.access4you.io\/wp-content\/uploads\/2020\/09\/westdent-fogaszat_sticker.png\",\"articleSection\":[\"\u00daj hely\",\"Blog\"],\"inLanguage\":\"en-US\"},{\"@type\":\"WebPage\",\"@id\":\"https:\/\/news.access4you.io\/2020\/09\/29\/nem-talalsz-garantaltan-akadalymentes-fogaszati-rendelot-mi-segitunk\/\",\"url\":\"https:\/\/news.access4you.io\/2020\/09\/29\/nem-talalsz-garantaltan-akadalymentes-fogaszati-rendelot-mi-segitunk\/\",\"name\":\"Nem tal\u00e1lsz garant\u00e1ltan akad\u00e1lymentes fog\u00e1szati rendel\u0151t? Mi seg\u00edt\u00fcnk! - Access4you H\u00edrek\",\"isPartOf\":{\"@id\":\"https:\/\/news.access4you.io\/#website\"},\"primaryImageOfPage\":{\"@id\":\"https:\/\/news.access4you.io\/2020\/09\/29\/nem-talalsz-garantaltan-akadalymentes-fogaszati-rendelot-mi-segitunk\/#primaryimage\"},\"image\":{\"@id\":\"https:\/\/news.access4you.io\/2020\/09\/29\/nem-talalsz-garantaltan-akadalymentes-fogaszati-rendelot-mi-segitunk\/#primaryimage\"},\"thumbnailUrl\":\"https:\/\/news.access4you.io\/wp-content\/uploads\/2020\/09\/westdent-fogaszat_sticker.png\",\"datePublished\":\"2020-09-29T12:45:33+00:00\",\"dateModified\":\"2020-09-29T13:07:49+00:00\",\"breadcrumb\":{\"@id\":\"https:\/\/news.access4you.io\/2020\/09\/29\/nem-talalsz-garantaltan-akadalymentes-fogaszati-rendelot-mi-segitunk\/#breadcrumb\"},\"inLanguage\":\"en-US\",\"potentialAction\":[{\"@type\":\"ReadAction\",\"target\":[\"https:\/\/news.access4you.io\/2020\/09\/29\/nem-talalsz-garantaltan-akadalymentes-fogaszati-rendelot-mi-segitunk\/\"]}]},{\"@type\":\"ImageObject\",\"inLanguage\":\"en-US\",\"@id\":\"https:\/\/news.access4you.io\/2020\/09\/29\/nem-talalsz-garantaltan-akadalymentes-fogaszati-rendelot-mi-segitunk\/#primaryimage\",\"url\":\"https:\/\/news.access4you.io\/wp-content\/uploads\/2020\/09\/westdent-fogaszat_sticker.png\",\"contentUrl\":\"https:\/\/news.access4you.io\/wp-content\/uploads\/2020\/09\/westdent-fogaszat_sticker.png\",\"width\":1035,\"height\":697},{\"@type\":\"BreadcrumbList\",\"@id\":\"https:\/\/news.access4you.io\/2020\/09\/29\/nem-talalsz-garantaltan-akadalymentes-fogaszati-rendelot-mi-segitunk\/#breadcrumb\",\"itemListElement\":[{\"@type\":\"ListItem\",\"position\":1,\"name\":\"Kezd\u0151lap\",\"item\":\"https:\/\/news.access4you.io\/\"},{\"@type\":\"ListItem\",\"position\":2,\"name\":\"Nem tal\u00e1lsz garant\u00e1ltan akad\u00e1lymentes fog\u00e1szati rendel\u0151t? Mi seg\u00edt\u00fcnk!\"}]},{\"@type\":\"WebSite\",\"@id\":\"https:\/\/news.access4you.io\/#website\",\"url\":\"https:\/\/news.access4you.io\/\",\"name\":\"Access4you H\u00edrek\",\"description\":\"\",\"publisher\":{\"@id\":\"https:\/\/news.access4you.io\/#organization\"},\"potentialAction\":[{\"@type\":\"SearchAction\",\"target\":{\"@type\":\"EntryPoint\",\"urlTemplate\":\"https:\/\/news.access4you.io\/?s={search_term_string}\"},\"query-input\":{\"@type\":\"PropertyValueSpecification\",\"valueRequired\":true,\"valueName\":\"search_term_string\"}}],\"inLanguage\":\"en-US\"},{\"@type\":\"Organization\",\"@id\":\"https:\/\/news.access4you.io\/#organization\",\"name\":\"Access4you H\u00edrek\",\"url\":\"https:\/\/news.access4you.io\/\",\"logo\":{\"@type\":\"ImageObject\",\"inLanguage\":\"en-US\",\"@id\":\"https:\/\/news.access4you.io\/#\/schema\/logo\/image\/\",\"url\":\"https:\/\/news.access4you.io\/wp-content\/uploads\/2021\/01\/a4u-logo-black.png\",\"contentUrl\":\"https:\/\/news.access4you.io\/wp-content\/uploads\/2021\/01\/a4u-logo-black.png\",\"width\":726,\"height\":454,\"caption\":\"Access4you H\u00edrek\"},\"image\":{\"@id\":\"https:\/\/news.access4you.io\/#\/schema\/logo\/image\/\"}},{\"@type\":\"Person\",\"@id\":\"https:\/\/news.access4you.io\/#\/schema\/person\/cb4fff088aa5f5f43a6f4ce3a1e2e084\",\"name\":\"access4you\",\"image\":{\"@type\":\"ImageObject\",\"inLanguage\":\"en-US\",\"@id\":\"https:\/\/news.access4you.io\/#\/schema\/person\/image\/\",\"url\":\"https:\/\/secure.gravatar.com\/avatar\/9795a8b3afc7ed258d167a92dbb1075b37bab5bc83b1ac9182ff4f58c22040b8?s=96&d=mm&r=g\",\"contentUrl\":\"https:\/\/secure.gravatar.com\/avatar\/9795a8b3afc7ed258d167a92dbb1075b37bab5bc83b1ac9182ff4f58c22040b8?s=96&d=mm&r=g\",\"caption\":\"access4you\"},\"sameAs\":[\"http:\/\/localhost\/access4you\"],\"url\":\"https:\/\/news.access4you.io\/en\/author\/access4you\/\"}]}<\/script>\n<!-- \/ Yoast SEO plugin. -->","yoast_head_json":{"title":"Nem tal\u00e1lsz garant\u00e1ltan akad\u00e1lymentes fog\u00e1szati rendel\u0151t? Mi seg\u00edt\u00fcnk! - Access4you H\u00edrek","robots":{"index":"index","follow":"follow","max-snippet":"max-snippet:-1","max-image-preview":"max-image-preview:large","max-video-preview":"max-video-preview:-1"},"canonical":"https:\/\/news.access4you.io\/en\/2020\/09\/29\/nem-talalsz-garantaltan-akadalymentes-fogaszati-rendelot-mi-segitunk\/","og_locale":"en_US","og_type":"article","og_title":"Nem tal\u00e1lsz garant\u00e1ltan akad\u00e1lymentes fog\u00e1szati rendel\u0151t? Mi seg\u00edt\u00fcnk! - Access4you H\u00edrek","og_description":"Fog\u00e1szati rendel\u0151be mindannyian j\u00e1runk. Ha j\u00f3k a fogaink, az\u00e9rt, hogy meg\u00f3vjuk \u0151ket, ha pedig rosszak, akkor az\u00e9rt, hogy jobbak legyenek. \u00c1m a legt\u00f6bb fog\u00e1szati rendel\u0151 olyan \u00e9p\u00fcletekben tal\u00e1lhat\u00f3, amelyek bej\u00e1rat\u00e1n\u00e1l neh\u00e9z \u00e9s sz\u0171k ajt\u00f3k, l\u00e9pcs\u0151k, fell\u00e9p\u0151k, k\u00fcsz\u00f6b\u00f6k vannak &#8211; \u00e9s a felvon\u00f3ig m\u00e9g el sem jutottunk. Ha b\u00e1rmelyik\u00fcnk babakocsival megy, kerekessz\u00e9ket haszn\u00e1l, vagy nehezebben megy [&hellip;]","og_url":"https:\/\/news.access4you.io\/en\/2020\/09\/29\/nem-talalsz-garantaltan-akadalymentes-fogaszati-rendelot-mi-segitunk\/","og_site_name":"Access4you H\u00edrek","article_published_time":"2020-09-29T12:45:33+00:00","article_modified_time":"2020-09-29T13:07:49+00:00","og_image":[{"width":1035,"height":697,"url":"https:\/\/news.access4you.io\/wp-content\/uploads\/2020\/09\/westdent-fogaszat_sticker.png","type":"image\/png"}],"author":"access4you","twitter_card":"summary_large_image","twitter_misc":{"Written by":"access4you","Est. reading time":"2 minutes"},"schema":{"@context":"https:\/\/schema.org","@graph":[{"@type":"Article","@id":"https:\/\/news.access4you.io\/2020\/09\/29\/nem-talalsz-garantaltan-akadalymentes-fogaszati-rendelot-mi-segitunk\/#article","isPartOf":{"@id":"https:\/\/news.access4you.io\/2020\/09\/29\/nem-talalsz-garantaltan-akadalymentes-fogaszati-rendelot-mi-segitunk\/"},"author":{"name":"access4you","@id":"https:\/\/news.access4you.io\/#\/schema\/person\/cb4fff088aa5f5f43a6f4ce3a1e2e084"},"headline":"Nem tal\u00e1lsz garant\u00e1ltan akad\u00e1lymentes fog\u00e1szati rendel\u0151t? Mi seg\u00edt\u00fcnk!","datePublished":"2020-09-29T12:45:33+00:00","dateModified":"2020-09-29T13:07:49+00:00","mainEntityOfPage":{"@id":"https:\/\/news.access4you.io\/2020\/09\/29\/nem-talalsz-garantaltan-akadalymentes-fogaszati-rendelot-mi-segitunk\/"},"wordCount":477,"publisher":{"@id":"https:\/\/news.access4you.io\/#organization"},"image":{"@id":"https:\/\/news.access4you.io\/2020\/09\/29\/nem-talalsz-garantaltan-akadalymentes-fogaszati-rendelot-mi-segitunk\/#primaryimage"},"thumbnailUrl":"https:\/\/news.access4you.io\/wp-content\/uploads\/2020\/09\/westdent-fogaszat_sticker.png","articleSection":["\u00daj hely","Blog"],"inLanguage":"en-US"},{"@type":"WebPage","@id":"https:\/\/news.access4you.io\/2020\/09\/29\/nem-talalsz-garantaltan-akadalymentes-fogaszati-rendelot-mi-segitunk\/","url":"https:\/\/news.access4you.io\/2020\/09\/29\/nem-talalsz-garantaltan-akadalymentes-fogaszati-rendelot-mi-segitunk\/","name":"Nem tal\u00e1lsz garant\u00e1ltan akad\u00e1lymentes fog\u00e1szati rendel\u0151t? Mi seg\u00edt\u00fcnk! - Access4you H\u00edrek","isPartOf":{"@id":"https:\/\/news.access4you.io\/#website"},"primaryImageOfPage":{"@id":"https:\/\/news.access4you.io\/2020\/09\/29\/nem-talalsz-garantaltan-akadalymentes-fogaszati-rendelot-mi-segitunk\/#primaryimage"},"image":{"@id":"https:\/\/news.access4you.io\/2020\/09\/29\/nem-talalsz-garantaltan-akadalymentes-fogaszati-rendelot-mi-segitunk\/#primaryimage"},"thumbnailUrl":"https:\/\/news.access4you.io\/wp-content\/uploads\/2020\/09\/westdent-fogaszat_sticker.png","datePublished":"2020-09-29T12:45:33+00:00","dateModified":"2020-09-29T13:07:49+00:00","breadcrumb":{"@id":"https:\/\/news.access4you.io\/2020\/09\/29\/nem-talalsz-garantaltan-akadalymentes-fogaszati-rendelot-mi-segitunk\/#breadcrumb"},"inLanguage":"en-US","potentialAction":[{"@type":"ReadAction","target":["https:\/\/news.access4you.io\/2020\/09\/29\/nem-talalsz-garantaltan-akadalymentes-fogaszati-rendelot-mi-segitunk\/"]}]},{"@type":"ImageObject","inLanguage":"en-US","@id":"https:\/\/news.access4you.io\/2020\/09\/29\/nem-talalsz-garantaltan-akadalymentes-fogaszati-rendelot-mi-segitunk\/#primaryimage","url":"https:\/\/news.access4you.io\/wp-content\/uploads\/2020\/09\/westdent-fogaszat_sticker.png","contentUrl":"https:\/\/news.access4you.io\/wp-content\/uploads\/2020\/09\/westdent-fogaszat_sticker.png","width":1035,"height":697},{"@type":"BreadcrumbList","@id":"https:\/\/news.access4you.io\/2020\/09\/29\/nem-talalsz-garantaltan-akadalymentes-fogaszati-rendelot-mi-segitunk\/#breadcrumb","itemListElement":[{"@type":"ListItem","position":1,"name":"Kezd\u0151lap","item":"https:\/\/news.access4you.io\/"},{"@type":"ListItem","position":2,"name":"Nem tal\u00e1lsz garant\u00e1ltan akad\u00e1lymentes fog\u00e1szati rendel\u0151t? Mi seg\u00edt\u00fcnk!"}]},{"@type":"WebSite","@id":"https:\/\/news.access4you.io\/#website","url":"https:\/\/news.access4you.io\/","name":"Access4you H\u00edrek","description":"","publisher":{"@id":"https:\/\/news.access4you.io\/#organization"},"potentialAction":[{"@type":"SearchAction","target":{"@type":"EntryPoint","urlTemplate":"https:\/\/news.access4you.io\/?s={search_term_string}"},"query-input":{"@type":"PropertyValueSpecification","valueRequired":true,"valueName":"search_term_string"}}],"inLanguage":"en-US"},{"@type":"Organization","@id":"https:\/\/news.access4you.io\/#organization","name":"Access4you H\u00edrek","url":"https:\/\/news.access4you.io\/","logo":{"@type":"ImageObject","inLanguage":"en-US","@id":"https:\/\/news.access4you.io\/#\/schema\/logo\/image\/","url":"https:\/\/news.access4you.io\/wp-content\/uploads\/2021\/01\/a4u-logo-black.png","contentUrl":"https:\/\/news.access4you.io\/wp-content\/uploads\/2021\/01\/a4u-logo-black.png","width":726,"height":454,"caption":"Access4you H\u00edrek"},"image":{"@id":"https:\/\/news.access4you.io\/#\/schema\/logo\/image\/"}},{"@type":"Person","@id":"https:\/\/news.access4you.io\/#\/schema\/person\/cb4fff088aa5f5f43a6f4ce3a1e2e084","name":"access4you","image":{"@type":"ImageObject","inLanguage":"en-US","@id":"https:\/\/news.access4you.io\/#\/schema\/person\/image\/","url":"https:\/\/secure.gravatar.com\/avatar\/9795a8b3afc7ed258d167a92dbb1075b37bab5bc83b1ac9182ff4f58c22040b8?s=96&d=mm&r=g","contentUrl":"https:\/\/secure.gravatar.com\/avatar\/9795a8b3afc7ed258d167a92dbb1075b37bab5bc83b1ac9182ff4f58c22040b8?s=96&d=mm&r=g","caption":"access4you"},"sameAs":["http:\/\/localhost\/access4you"],"url":"https:\/\/news.access4you.io\/en\/author\/access4you\/"}]}},"_links":{"self":[{"href":"https:\/\/news.access4you.io\/en\/wp-json\/wp\/v2\/posts\/3995","targetHints":{"allow":["GET"]}}],"collection":[{"href":"https:\/\/news.access4you.io\/en\/wp-json\/wp\/v2\/posts"}],"about":[{"href":"https:\/\/news.access4you.io\/en\/wp-json\/wp\/v2\/types\/post"}],"author":[{"embeddable":true,"href":"https:\/\/news.access4you.io\/en\/wp-json\/wp\/v2\/users\/1"}],"replies":[{"embeddable":true,"href":"https:\/\/news.access4you.io\/en\/wp-json\/wp\/v2\/comments?post=3995"}],"version-history":[{"count":0,"href":"https:\/\/news.access4you.io\/en\/wp-json\/wp\/v2\/posts\/3995\/revisions"}],"wp:featuredmedia":[{"embeddable":true,"href":"https:\/\/news.access4you.io\/en\/wp-json\/wp\/v2\/media\/3996"}],"wp:attachment":[{"href":"https:\/\/news.access4you.io\/en\/wp-json\/wp\/v2\/media?parent=3995"}],"wp:term":[{"taxonomy":"category","embeddable":true,"href":"https:\/\/news.access4you.io\/en\/wp-json\/wp\/v2\/categories?post=3995"},{"taxonomy":"post_tag","embeddable":true,"href":"https:\/\/news.access4you.io\/en\/wp-json\/wp\/v2\/tags?post=3995"}],"curies":[{"name":"wp","href":"https:\/\/api.w.org\/{rel}","templated":true}]}}