{"id":4006,"date":"2020-09-30T09:34:52","date_gmt":"2020-09-30T09:34:52","guid":{"rendered":"http:\/\/news.access4you.io\/?p=4006"},"modified":"2020-09-30T13:07:53","modified_gmt":"2020-09-30T13:07:53","slug":"a-mediamarkt-az-osszes-aruhazat-akadalymentesiti","status":"publish","type":"post","link":"https:\/\/news.access4you.io\/en\/2020\/09\/30\/a-mediamarkt-az-osszes-aruhazat-akadalymentesiti\/","title":{"rendered":"A MediaMarkt az \u00f6sszes \u00e1ruh\u00e1z\u00e1t akad\u00e1lymentes\u00edti"},"content":{"rendered":"<p>Egy hossz\u00fa t\u00e1v\u00fa terv keret\u00e9ben meg\u00fajul az \u00f6sszes MediaMarkt \u00fczlet. A fel\u00faj\u00edt\u00e1si projekt sor\u00e1n az Access4you-val egy\u00fcttm\u0171k\u00f6d\u00e9sben az \u00f6sszes \u00e1ruh\u00e1z tan\u00fas\u00edtott akad\u00e1lymentes helysz\u00ednn\u00e9 fog v\u00e1lni.&nbsp;<\/p>\n\n\n\n<p>\u201cA MediaMarkt Magyarorsz\u00e1g nyitott a t\u00e1rsadalmi \u00fcgyek fel\u00e9. Az Accesss4you-val tervezett k\u00f6z\u00f6s munk\u00e1nk pedig egy nagyon j\u00f3 lehet\u0151s\u00e9g, hogy hozz\u00e1j\u00e1ruljunk egy emberk\u00f6zpont\u00fabb, odafigyel\u0151bb t\u00e1rsadalom megszil\u00e1rdul\u00e1s\u00e1hoz, mik\u00f6zben \u201ccsak\u201d annyit tesz\u00fcnk, hogy fizikailag mindenki sz\u00e1m\u00e1ra el\u00e9rhet\u0151v\u00e9 tessz\u00fck \u00fczleteinket \u00e9s figyel\u00fcnk arra, hogy ez az inform\u00e1ci\u00f3 az \u00e9rintettekhez is eljusson.\u201d &#8211; mondta a MediaMarkt marketing vezet\u0151je, P\u00f6hacker G\u00e1bor.<\/p>\n\n\n\n<p>Az els\u0151 \u00e1ruh\u00e1z, amely r\u00e9szt vesz a projektben, a StopShopban tal\u00e1lhat\u00f3 MediaMarkt, mely id\u00e9n \u0151sszel k\u00e9sz\u00fcl el. Ezt az \u00e1ruh\u00e1zat az Access4you el\u0151sz\u00f6r a tervek alapj\u00e1n, majd az elk\u00e9sz\u00fclt helysz\u00ednt megvizsg\u00e1lva fogja \u00e9rt\u00e9kelni, \u00e9s \u00edgy \u00e1llap\u00edtja meg az akad\u00e1lymentess\u00e9g szintj\u00e9t.<\/p>\n\n\n\n<p>\u201cJelenleg \u00f6sszesen 32 \u00e1ruh\u00e1zunk van, a k\u00f6vetkez\u0151 \u00e9vek arr\u00f3l fognak sz\u00f3lni, hogy \u00fagy \u00faj\u00edtsuk fel ezeket, hogy min\u00e9l t\u00f6bb \u00e9rintetti csoport sz\u00e1m\u00e1ra hozz\u00e1f\u00e9rhet\u0151ek legyenek.\u201d &#8211; tette hozz\u00e1 P\u00f6hacker G\u00e1bor.<\/p>\n\n\n\n<figure class=\"wp-block-image size-large\"><img loading=\"lazy\" decoding=\"async\" width=\"572\" height=\"461\" src=\"http:\/\/news.access4you.io\/wp-content\/uploads\/2020\/09\/20191022_000838-4.jpg\" alt=\"\" class=\"wp-image-4018\" srcset=\"https:\/\/news.access4you.io\/wp-content\/uploads\/2020\/09\/20191022_000838-4.jpg 572w, https:\/\/news.access4you.io\/wp-content\/uploads\/2020\/09\/20191022_000838-4-300x242.jpg 300w\" sizes=\"auto, (max-width: 572px) 100vw, 572px\" \/><figcaption>P\u00f6hacker G\u00e1bor, marketing vezet\u0151, MediaMarkt Magyarorsz\u00e1g<\/figcaption><\/figure>\n\n\n\n<p>Az akad\u00e1lymentess\u00e9g a t\u00e1rsadalom t\u00f6bb, mint 15%-\u00e1nak megk\u00f6nny\u00edti a mindennapjait, lehet sz\u00f3 tart\u00f3s vagy \u00e1tmeneti \u00e1llapotr\u00f3l, \u00e9letkori saj\u00e1toss\u00e1gokb\u00f3l ad\u00f3d\u00f3an, baleset vagy betegs\u00e9g k\u00f6vetkezt\u00e9ben, s\u0151t, babakocsi haszn\u00e1lata miatt is.&nbsp;<\/p>\n\n\n\n<p>\u201cA hozz\u00e1f\u00e9rhet\u0151s\u00e9g \u00f6szt\u00f6nz\u00e9se r\u00e1ad\u00e1sul nem csup\u00e1n emberi jogi vagy es\u00e9lyegyenl\u0151s\u00e9gi k\u00e9rd\u00e9s.\u201d &#8211; teszi hozz\u00e1 Berecz Bal\u00e1zs, az Access4you International alap\u00edt\u00f3ja. &#8211; \u201cA t\u00e1rsadalom 15%-a Magyarorsz\u00e1gon m\u00e1sf\u00e9l milli\u00f3 embert, Eur\u00f3p\u00e1ban 120 milli\u00f3 embert, az eg\u00e9sz vil\u00e1gon pedig m\u00e1sf\u00e9l milli\u00e1rd embert takar: az \u0151 gazdas\u00e1gi szerep\u00fcket, v\u00e1s\u00e1rl\u00f3erej\u00fcket mind a napi fogyaszt\u00e1si cikkek, mind szolg\u00e1ltat\u00e1sok, utaz\u00e1sok kapcs\u00e1n nem szabad figyelmen k\u00edv\u00fcl hagyni. Az akad\u00e1lymentess\u00e9g fejleszt\u00e9se \u00edgy mind gazdas\u00e1gilag, mind t\u00e1rsadalmilag meg\u00e9ri.\u201d<\/p>","protected":false},"excerpt":{"rendered":"<p>Egy hossz\u00fa t\u00e1v\u00fa terv keret\u00e9ben meg\u00fajul az \u00f6sszes MediaMarkt \u00fczlet. A fel\u00faj\u00edt\u00e1si projekt sor\u00e1n az Access4you-val egy\u00fcttm\u0171k\u00f6d\u00e9sben az \u00f6sszes \u00e1ruh\u00e1z tan\u00fas\u00edtott akad\u00e1lymentes helysz\u00ednn\u00e9 fog v\u00e1lni.&nbsp; \u201cA MediaMarkt Magyarorsz\u00e1g nyitott a t\u00e1rsadalmi \u00fcgyek fel\u00e9. Az Accesss4you-val tervezett k\u00f6z\u00f6s munk\u00e1nk pedig egy nagyon j\u00f3 lehet\u0151s\u00e9g, hogy hozz\u00e1j\u00e1ruljunk egy emberk\u00f6zpont\u00fabb, odafigyel\u0151bb t\u00e1rsadalom megszil\u00e1rdul\u00e1s\u00e1hoz, mik\u00f6zben \u201ccsak\u201d annyit tesz\u00fcnk, hogy [&hellip;]<\/p>","protected":false},"author":1,"featured_media":4016,"comment_status":"closed","ping_status":"closed","sticky":false,"template":"","format":"standard","meta":{"footnotes":""},"categories":[10,76],"tags":[],"class_list":["post-4006","post","type-post","status-publish","format-standard","has-post-thumbnail","hentry","category-blog","category-kozlemeny"],"yoast_head":"<!-- This site is optimized with the Yoast SEO plugin v23.8 - https:\/\/yoast.com\/wordpress\/plugins\/seo\/ -->\n<title>A MediaMarkt az \u00f6sszes \u00e1ruh\u00e1z\u00e1t akad\u00e1lymentes\u00edti - Access4you H\u00edrek<\/title>\n<meta name=\"robots\" content=\"index, follow, max-snippet:-1, max-image-preview:large, max-video-preview:-1\" \/>\n<link rel=\"canonical\" href=\"https:\/\/news.access4you.io\/en\/2020\/09\/30\/a-mediamarkt-az-osszes-aruhazat-akadalymentesiti\/\" \/>\n<meta property=\"og:locale\" content=\"en_US\" \/>\n<meta property=\"og:type\" content=\"article\" \/>\n<meta property=\"og:title\" content=\"A MediaMarkt az \u00f6sszes \u00e1ruh\u00e1z\u00e1t akad\u00e1lymentes\u00edti - Access4you H\u00edrek\" \/>\n<meta property=\"og:description\" content=\"Egy hossz\u00fa t\u00e1v\u00fa terv keret\u00e9ben meg\u00fajul az \u00f6sszes MediaMarkt \u00fczlet. A fel\u00faj\u00edt\u00e1si projekt sor\u00e1n az Access4you-val egy\u00fcttm\u0171k\u00f6d\u00e9sben az \u00f6sszes \u00e1ruh\u00e1z tan\u00fas\u00edtott akad\u00e1lymentes helysz\u00ednn\u00e9 fog v\u00e1lni.&nbsp; \u201cA MediaMarkt Magyarorsz\u00e1g nyitott a t\u00e1rsadalmi \u00fcgyek fel\u00e9. Az Accesss4you-val tervezett k\u00f6z\u00f6s munk\u00e1nk pedig egy nagyon j\u00f3 lehet\u0151s\u00e9g, hogy hozz\u00e1j\u00e1ruljunk egy emberk\u00f6zpont\u00fabb, odafigyel\u0151bb t\u00e1rsadalom megszil\u00e1rdul\u00e1s\u00e1hoz, mik\u00f6zben \u201ccsak\u201d annyit tesz\u00fcnk, hogy [&hellip;]\" \/>\n<meta property=\"og:url\" content=\"https:\/\/news.access4you.io\/en\/2020\/09\/30\/a-mediamarkt-az-osszes-aruhazat-akadalymentesiti\/\" \/>\n<meta property=\"og:site_name\" content=\"Access4you H\u00edrek\" \/>\n<meta property=\"article:published_time\" content=\"2020-09-30T09:34:52+00:00\" \/>\n<meta property=\"article:modified_time\" content=\"2020-09-30T13:07:53+00:00\" \/>\n<meta property=\"og:image\" content=\"https:\/\/news.access4you.io\/wp-content\/uploads\/2020\/09\/mm.png\" \/>\n\t<meta property=\"og:image:width\" content=\"1280\" \/>\n\t<meta property=\"og:image:height\" content=\"720\" \/>\n\t<meta property=\"og:image:type\" content=\"image\/png\" \/>\n<meta name=\"author\" content=\"access4you\" \/>\n<meta name=\"twitter:card\" content=\"summary_large_image\" \/>\n<meta name=\"twitter:label1\" content=\"Written by\" \/>\n\t<meta name=\"twitter:data1\" content=\"access4you\" \/>\n\t<meta name=\"twitter:label2\" content=\"Est. reading time\" \/>\n\t<meta name=\"twitter:data2\" content=\"2 minutes\" \/>\n<script type=\"application\/ld+json\" class=\"yoast-schema-graph\">{\"@context\":\"https:\/\/schema.org\",\"@graph\":[{\"@type\":\"Article\",\"@id\":\"https:\/\/news.access4you.io\/2020\/09\/30\/a-mediamarkt-az-osszes-aruhazat-akadalymentesiti\/#article\",\"isPartOf\":{\"@id\":\"https:\/\/news.access4you.io\/2020\/09\/30\/a-mediamarkt-az-osszes-aruhazat-akadalymentesiti\/\"},\"author\":{\"name\":\"access4you\",\"@id\":\"https:\/\/news.access4you.io\/#\/schema\/person\/cb4fff088aa5f5f43a6f4ce3a1e2e084\"},\"headline\":\"A MediaMarkt az \u00f6sszes \u00e1ruh\u00e1z\u00e1t akad\u00e1lymentes\u00edti\",\"datePublished\":\"2020-09-30T09:34:52+00:00\",\"dateModified\":\"2020-09-30T13:07:53+00:00\",\"mainEntityOfPage\":{\"@id\":\"https:\/\/news.access4you.io\/2020\/09\/30\/a-mediamarkt-az-osszes-aruhazat-akadalymentesiti\/\"},\"wordCount\":411,\"publisher\":{\"@id\":\"https:\/\/news.access4you.io\/#organization\"},\"image\":{\"@id\":\"https:\/\/news.access4you.io\/2020\/09\/30\/a-mediamarkt-az-osszes-aruhazat-akadalymentesiti\/#primaryimage\"},\"thumbnailUrl\":\"https:\/\/news.access4you.io\/wp-content\/uploads\/2020\/09\/mm.png\",\"articleSection\":[\"Blog\",\"K\u00f6zlem\u00e9ny\"],\"inLanguage\":\"en-US\"},{\"@type\":\"WebPage\",\"@id\":\"https:\/\/news.access4you.io\/2020\/09\/30\/a-mediamarkt-az-osszes-aruhazat-akadalymentesiti\/\",\"url\":\"https:\/\/news.access4you.io\/2020\/09\/30\/a-mediamarkt-az-osszes-aruhazat-akadalymentesiti\/\",\"name\":\"A MediaMarkt az \u00f6sszes \u00e1ruh\u00e1z\u00e1t akad\u00e1lymentes\u00edti - Access4you H\u00edrek\",\"isPartOf\":{\"@id\":\"https:\/\/news.access4you.io\/#website\"},\"primaryImageOfPage\":{\"@id\":\"https:\/\/news.access4you.io\/2020\/09\/30\/a-mediamarkt-az-osszes-aruhazat-akadalymentesiti\/#primaryimage\"},\"image\":{\"@id\":\"https:\/\/news.access4you.io\/2020\/09\/30\/a-mediamarkt-az-osszes-aruhazat-akadalymentesiti\/#primaryimage\"},\"thumbnailUrl\":\"https:\/\/news.access4you.io\/wp-content\/uploads\/2020\/09\/mm.png\",\"datePublished\":\"2020-09-30T09:34:52+00:00\",\"dateModified\":\"2020-09-30T13:07:53+00:00\",\"breadcrumb\":{\"@id\":\"https:\/\/news.access4you.io\/2020\/09\/30\/a-mediamarkt-az-osszes-aruhazat-akadalymentesiti\/#breadcrumb\"},\"inLanguage\":\"en-US\",\"potentialAction\":[{\"@type\":\"ReadAction\",\"target\":[\"https:\/\/news.access4you.io\/2020\/09\/30\/a-mediamarkt-az-osszes-aruhazat-akadalymentesiti\/\"]}]},{\"@type\":\"ImageObject\",\"inLanguage\":\"en-US\",\"@id\":\"https:\/\/news.access4you.io\/2020\/09\/30\/a-mediamarkt-az-osszes-aruhazat-akadalymentesiti\/#primaryimage\",\"url\":\"https:\/\/news.access4you.io\/wp-content\/uploads\/2020\/09\/mm.png\",\"contentUrl\":\"https:\/\/news.access4you.io\/wp-content\/uploads\/2020\/09\/mm.png\",\"width\":1280,\"height\":720},{\"@type\":\"BreadcrumbList\",\"@id\":\"https:\/\/news.access4you.io\/2020\/09\/30\/a-mediamarkt-az-osszes-aruhazat-akadalymentesiti\/#breadcrumb\",\"itemListElement\":[{\"@type\":\"ListItem\",\"position\":1,\"name\":\"Kezd\u0151lap\",\"item\":\"https:\/\/news.access4you.io\/\"},{\"@type\":\"ListItem\",\"position\":2,\"name\":\"A MediaMarkt az \u00f6sszes \u00e1ruh\u00e1z\u00e1t akad\u00e1lymentes\u00edti\"}]},{\"@type\":\"WebSite\",\"@id\":\"https:\/\/news.access4you.io\/#website\",\"url\":\"https:\/\/news.access4you.io\/\",\"name\":\"Access4you H\u00edrek\",\"description\":\"\",\"publisher\":{\"@id\":\"https:\/\/news.access4you.io\/#organization\"},\"potentialAction\":[{\"@type\":\"SearchAction\",\"target\":{\"@type\":\"EntryPoint\",\"urlTemplate\":\"https:\/\/news.access4you.io\/?s={search_term_string}\"},\"query-input\":{\"@type\":\"PropertyValueSpecification\",\"valueRequired\":true,\"valueName\":\"search_term_string\"}}],\"inLanguage\":\"en-US\"},{\"@type\":\"Organization\",\"@id\":\"https:\/\/news.access4you.io\/#organization\",\"name\":\"Access4you H\u00edrek\",\"url\":\"https:\/\/news.access4you.io\/\",\"logo\":{\"@type\":\"ImageObject\",\"inLanguage\":\"en-US\",\"@id\":\"https:\/\/news.access4you.io\/#\/schema\/logo\/image\/\",\"url\":\"https:\/\/news.access4you.io\/wp-content\/uploads\/2021\/01\/a4u-logo-black.png\",\"contentUrl\":\"https:\/\/news.access4you.io\/wp-content\/uploads\/2021\/01\/a4u-logo-black.png\",\"width\":726,\"height\":454,\"caption\":\"Access4you H\u00edrek\"},\"image\":{\"@id\":\"https:\/\/news.access4you.io\/#\/schema\/logo\/image\/\"}},{\"@type\":\"Person\",\"@id\":\"https:\/\/news.access4you.io\/#\/schema\/person\/cb4fff088aa5f5f43a6f4ce3a1e2e084\",\"name\":\"access4you\",\"image\":{\"@type\":\"ImageObject\",\"inLanguage\":\"en-US\",\"@id\":\"https:\/\/news.access4you.io\/#\/schema\/person\/image\/\",\"url\":\"https:\/\/secure.gravatar.com\/avatar\/9795a8b3afc7ed258d167a92dbb1075b37bab5bc83b1ac9182ff4f58c22040b8?s=96&d=mm&r=g\",\"contentUrl\":\"https:\/\/secure.gravatar.com\/avatar\/9795a8b3afc7ed258d167a92dbb1075b37bab5bc83b1ac9182ff4f58c22040b8?s=96&d=mm&r=g\",\"caption\":\"access4you\"},\"sameAs\":[\"http:\/\/localhost\/access4you\"],\"url\":\"https:\/\/news.access4you.io\/en\/author\/access4you\/\"}]}<\/script>\n<!-- \/ Yoast SEO plugin. -->","yoast_head_json":{"title":"A MediaMarkt az \u00f6sszes \u00e1ruh\u00e1z\u00e1t akad\u00e1lymentes\u00edti - Access4you H\u00edrek","robots":{"index":"index","follow":"follow","max-snippet":"max-snippet:-1","max-image-preview":"max-image-preview:large","max-video-preview":"max-video-preview:-1"},"canonical":"https:\/\/news.access4you.io\/en\/2020\/09\/30\/a-mediamarkt-az-osszes-aruhazat-akadalymentesiti\/","og_locale":"en_US","og_type":"article","og_title":"A MediaMarkt az \u00f6sszes \u00e1ruh\u00e1z\u00e1t akad\u00e1lymentes\u00edti - Access4you H\u00edrek","og_description":"Egy hossz\u00fa t\u00e1v\u00fa terv keret\u00e9ben meg\u00fajul az \u00f6sszes MediaMarkt \u00fczlet. A fel\u00faj\u00edt\u00e1si projekt sor\u00e1n az Access4you-val egy\u00fcttm\u0171k\u00f6d\u00e9sben az \u00f6sszes \u00e1ruh\u00e1z tan\u00fas\u00edtott akad\u00e1lymentes helysz\u00ednn\u00e9 fog v\u00e1lni.&nbsp; \u201cA MediaMarkt Magyarorsz\u00e1g nyitott a t\u00e1rsadalmi \u00fcgyek fel\u00e9. Az Accesss4you-val tervezett k\u00f6z\u00f6s munk\u00e1nk pedig egy nagyon j\u00f3 lehet\u0151s\u00e9g, hogy hozz\u00e1j\u00e1ruljunk egy emberk\u00f6zpont\u00fabb, odafigyel\u0151bb t\u00e1rsadalom megszil\u00e1rdul\u00e1s\u00e1hoz, mik\u00f6zben \u201ccsak\u201d annyit tesz\u00fcnk, hogy [&hellip;]","og_url":"https:\/\/news.access4you.io\/en\/2020\/09\/30\/a-mediamarkt-az-osszes-aruhazat-akadalymentesiti\/","og_site_name":"Access4you H\u00edrek","article_published_time":"2020-09-30T09:34:52+00:00","article_modified_time":"2020-09-30T13:07:53+00:00","og_image":[{"width":1280,"height":720,"url":"https:\/\/news.access4you.io\/wp-content\/uploads\/2020\/09\/mm.png","type":"image\/png"}],"author":"access4you","twitter_card":"summary_large_image","twitter_misc":{"Written by":"access4you","Est. reading time":"2 minutes"},"schema":{"@context":"https:\/\/schema.org","@graph":[{"@type":"Article","@id":"https:\/\/news.access4you.io\/2020\/09\/30\/a-mediamarkt-az-osszes-aruhazat-akadalymentesiti\/#article","isPartOf":{"@id":"https:\/\/news.access4you.io\/2020\/09\/30\/a-mediamarkt-az-osszes-aruhazat-akadalymentesiti\/"},"author":{"name":"access4you","@id":"https:\/\/news.access4you.io\/#\/schema\/person\/cb4fff088aa5f5f43a6f4ce3a1e2e084"},"headline":"A MediaMarkt az \u00f6sszes \u00e1ruh\u00e1z\u00e1t akad\u00e1lymentes\u00edti","datePublished":"2020-09-30T09:34:52+00:00","dateModified":"2020-09-30T13:07:53+00:00","mainEntityOfPage":{"@id":"https:\/\/news.access4you.io\/2020\/09\/30\/a-mediamarkt-az-osszes-aruhazat-akadalymentesiti\/"},"wordCount":411,"publisher":{"@id":"https:\/\/news.access4you.io\/#organization"},"image":{"@id":"https:\/\/news.access4you.io\/2020\/09\/30\/a-mediamarkt-az-osszes-aruhazat-akadalymentesiti\/#primaryimage"},"thumbnailUrl":"https:\/\/news.access4you.io\/wp-content\/uploads\/2020\/09\/mm.png","articleSection":["Blog","K\u00f6zlem\u00e9ny"],"inLanguage":"en-US"},{"@type":"WebPage","@id":"https:\/\/news.access4you.io\/2020\/09\/30\/a-mediamarkt-az-osszes-aruhazat-akadalymentesiti\/","url":"https:\/\/news.access4you.io\/2020\/09\/30\/a-mediamarkt-az-osszes-aruhazat-akadalymentesiti\/","name":"A MediaMarkt az \u00f6sszes \u00e1ruh\u00e1z\u00e1t akad\u00e1lymentes\u00edti - Access4you H\u00edrek","isPartOf":{"@id":"https:\/\/news.access4you.io\/#website"},"primaryImageOfPage":{"@id":"https:\/\/news.access4you.io\/2020\/09\/30\/a-mediamarkt-az-osszes-aruhazat-akadalymentesiti\/#primaryimage"},"image":{"@id":"https:\/\/news.access4you.io\/2020\/09\/30\/a-mediamarkt-az-osszes-aruhazat-akadalymentesiti\/#primaryimage"},"thumbnailUrl":"https:\/\/news.access4you.io\/wp-content\/uploads\/2020\/09\/mm.png","datePublished":"2020-09-30T09:34:52+00:00","dateModified":"2020-09-30T13:07:53+00:00","breadcrumb":{"@id":"https:\/\/news.access4you.io\/2020\/09\/30\/a-mediamarkt-az-osszes-aruhazat-akadalymentesiti\/#breadcrumb"},"inLanguage":"en-US","potentialAction":[{"@type":"ReadAction","target":["https:\/\/news.access4you.io\/2020\/09\/30\/a-mediamarkt-az-osszes-aruhazat-akadalymentesiti\/"]}]},{"@type":"ImageObject","inLanguage":"en-US","@id":"https:\/\/news.access4you.io\/2020\/09\/30\/a-mediamarkt-az-osszes-aruhazat-akadalymentesiti\/#primaryimage","url":"https:\/\/news.access4you.io\/wp-content\/uploads\/2020\/09\/mm.png","contentUrl":"https:\/\/news.access4you.io\/wp-content\/uploads\/2020\/09\/mm.png","width":1280,"height":720},{"@type":"BreadcrumbList","@id":"https:\/\/news.access4you.io\/2020\/09\/30\/a-mediamarkt-az-osszes-aruhazat-akadalymentesiti\/#breadcrumb","itemListElement":[{"@type":"ListItem","position":1,"name":"Kezd\u0151lap","item":"https:\/\/news.access4you.io\/"},{"@type":"ListItem","position":2,"name":"A MediaMarkt az \u00f6sszes \u00e1ruh\u00e1z\u00e1t akad\u00e1lymentes\u00edti"}]},{"@type":"WebSite","@id":"https:\/\/news.access4you.io\/#website","url":"https:\/\/news.access4you.io\/","name":"Access4you H\u00edrek","description":"","publisher":{"@id":"https:\/\/news.access4you.io\/#organization"},"potentialAction":[{"@type":"SearchAction","target":{"@type":"EntryPoint","urlTemplate":"https:\/\/news.access4you.io\/?s={search_term_string}"},"query-input":{"@type":"PropertyValueSpecification","valueRequired":true,"valueName":"search_term_string"}}],"inLanguage":"en-US"},{"@type":"Organization","@id":"https:\/\/news.access4you.io\/#organization","name":"Access4you H\u00edrek","url":"https:\/\/news.access4you.io\/","logo":{"@type":"ImageObject","inLanguage":"en-US","@id":"https:\/\/news.access4you.io\/#\/schema\/logo\/image\/","url":"https:\/\/news.access4you.io\/wp-content\/uploads\/2021\/01\/a4u-logo-black.png","contentUrl":"https:\/\/news.access4you.io\/wp-content\/uploads\/2021\/01\/a4u-logo-black.png","width":726,"height":454,"caption":"Access4you H\u00edrek"},"image":{"@id":"https:\/\/news.access4you.io\/#\/schema\/logo\/image\/"}},{"@type":"Person","@id":"https:\/\/news.access4you.io\/#\/schema\/person\/cb4fff088aa5f5f43a6f4ce3a1e2e084","name":"access4you","image":{"@type":"ImageObject","inLanguage":"en-US","@id":"https:\/\/news.access4you.io\/#\/schema\/person\/image\/","url":"https:\/\/secure.gravatar.com\/avatar\/9795a8b3afc7ed258d167a92dbb1075b37bab5bc83b1ac9182ff4f58c22040b8?s=96&d=mm&r=g","contentUrl":"https:\/\/secure.gravatar.com\/avatar\/9795a8b3afc7ed258d167a92dbb1075b37bab5bc83b1ac9182ff4f58c22040b8?s=96&d=mm&r=g","caption":"access4you"},"sameAs":["http:\/\/localhost\/access4you"],"url":"https:\/\/news.access4you.io\/en\/author\/access4you\/"}]}},"_links":{"self":[{"href":"https:\/\/news.access4you.io\/en\/wp-json\/wp\/v2\/posts\/4006","targetHints":{"allow":["GET"]}}],"collection":[{"href":"https:\/\/news.access4you.io\/en\/wp-json\/wp\/v2\/posts"}],"about":[{"href":"https:\/\/news.access4you.io\/en\/wp-json\/wp\/v2\/types\/post"}],"author":[{"embeddable":true,"href":"https:\/\/news.access4you.io\/en\/wp-json\/wp\/v2\/users\/1"}],"replies":[{"embeddable":true,"href":"https:\/\/news.access4you.io\/en\/wp-json\/wp\/v2\/comments?post=4006"}],"version-history":[{"count":0,"href":"https:\/\/news.access4you.io\/en\/wp-json\/wp\/v2\/posts\/4006\/revisions"}],"wp:featuredmedia":[{"embeddable":true,"href":"https:\/\/news.access4you.io\/en\/wp-json\/wp\/v2\/media\/4016"}],"wp:attachment":[{"href":"https:\/\/news.access4you.io\/en\/wp-json\/wp\/v2\/media?parent=4006"}],"wp:term":[{"taxonomy":"category","embeddable":true,"href":"https:\/\/news.access4you.io\/en\/wp-json\/wp\/v2\/categories?post=4006"},{"taxonomy":"post_tag","embeddable":true,"href":"https:\/\/news.access4you.io\/en\/wp-json\/wp\/v2\/tags?post=4006"}],"curies":[{"name":"wp","href":"https:\/\/api.w.org\/{rel}","templated":true}]}}