{"id":4020,"date":"2020-09-29T11:46:00","date_gmt":"2020-09-29T11:46:00","guid":{"rendered":"http:\/\/news.access4you.io\/?p=4020"},"modified":"2020-10-05T10:37:06","modified_gmt":"2020-10-05T10:37:06","slug":"az-access4you-uj-munkatarsat-keres-operativ-vezeto-poziciora","status":"publish","type":"post","link":"https:\/\/news.access4you.io\/en\/2020\/09\/29\/az-access4you-uj-munkatarsat-keres-operativ-vezeto-poziciora\/","title":{"rendered":"Az Access4you \u00faj munkat\u00e1rsat keres Operat\u00edv vezet\u0151 poz\u00edci\u00f3ra"},"content":{"rendered":"<p><\/p>\n\n\n\n<p>Az Access4you egy akad\u00e1lymentess\u00e9get tan\u00fas\u00edt\u00f3 \u00e9s min\u0151s\u00edt\u0151 t\u00e1rsadalmi c\u00e9l\u00fa startup v\u00e1llalkoz\u00e1s, mely jelent\u0151s innov\u00e1ci\u00f3s \u00e9s n\u00f6veked\u00e9si potenci\u00e1llal <strong>Operat\u00edv vezet\u0151t<\/strong> keres.<\/p>\n\n\n\n<p><strong>F\u0151bb feladatok:<\/strong><\/p>\n\n\n\n<ul class=\"wp-block-list\"><li>az Access4you f\u0151 ter\u00fcleteinek \u00f6sszefog\u00e1sa:<ul><li><strong>m\u0171szaki ter\u00fclet vezet\u00e9se<\/strong>: m\u0171szaki projektmenedzser munk\u00e1j\u00e1nak seg\u00edt\u00e9se \u00e9s koordin\u00e1l\u00e1sa<ul><li>audit\u00e1l\u00e1sok (felm\u00e9r\u00e9s-min\u0151s\u00edt\u00e9s-jelent\u00e9s) \u00e9s ehhez kapcsol\u00f3d\u00f3 ter\u00fcletek<\/li><\/ul><\/li><li><strong>informatikai ter\u00fclet vezet\u00e9se<\/strong>: UX \u00e9s backand fejleszt\u0151k munk\u00e1j\u00e1nak seg\u00edt\u00e9se \u00e9s koordin\u00e1l\u00e1sa<ul><li>weboldal \u00e9s applik\u00e1ci\u00f3 fejleszt\u00e9s \u00f6sszefog\u00e1sa + \u00fcgyviteli rendszer bevezet\u00e9se \u00e9s fejleszt\u00e9se<\/li><\/ul><\/li><li><strong>adminisztr\u00e1ci\u00f3s ter\u00fclet vezet\u00e9se<\/strong>: irodavezet\u0151 munk\u00e1j\u00e1nak seg\u00edt\u00e9se \u00e9s koordin\u00e1l\u00e1sa<ul><li>\u00fcgyviteli, p\u00e9nz\u00fcgyi, jogi \u00e9s HR folyamatok koordin\u00e1l\u00e1sa<\/li><\/ul><\/li><\/ul><\/li><li>strat\u00e9gia operat\u00edv megval\u00f3s\u00edt\u00e1sa az \u00fcgyvezet\u0151 igazgat\u00f3val egy\u00fcttm\u0171k\u00f6dve<\/li><li>nemzetk\u00f6zi piacra l\u00e9p\u00e9sben val\u00f3 proakt\u00edv r\u00e9szv\u00e9tel<\/li><\/ul>\n\n\n\n<p><strong>Elv\u00e1r\u00e1sok:<\/strong><\/p>\n\n\n\n<ul class=\"wp-block-list\"><li>fels\u0151fok\u00fa v\u00e9gzetts\u00e9g<\/li><li>legal\u00e1bb 3 \u00e9ves relev\u00e1ns vezet\u0151i \u00e9s szakmai tapasztalat<\/li><li>k\u00e9szs\u00e9g szint\u0171, er\u0151s gyakorlati informatikai ismeret (office, google, v\u00e1llalatir\u00e1ny\u00edt\u00e1si rendszerek)<\/li><li>akt\u00edv, t\u00e1rgyal\u00f3k\u00e9pes angol nyelvtud\u00e1s sz\u00f3ban \u00e9s \u00edr\u00e1sban<\/li><li>B kateg\u00f3ri\u00e1s jogos\u00edtv\u00e1ny<\/li><\/ul>\n\n\n\n<p><strong>Jellemz\u0151 R\u00e1d:<\/strong><\/p>\n\n\n\n<ul class=\"wp-block-list\"><li>\u00f6n\u00e1ll\u00f3an \u00e9s csapatban t\u00f6rt\u00e9n\u0151 munkav\u00e9gz\u00e9sben is j\u00f3l \u00e9rzed magad<\/li><li>magas fok\u00fa vezet\u00e9si attit\u0171d \u00e9s precizit\u00e1s<\/li><li>rugalmas gondolkod\u00e1s a saj\u00e1tod<\/li><li>ig\u00e9nyed van a feladatok \u00e1ltali tanul\u00e1sra \u00e9s folyamatos fejl\u0151d\u00e9sre<\/li><li>kedveled a p\u00f6rg\u0151s \u00e9s mozgalmas munkast\u00edlust<\/li><li>elhivatott vagy \u00e9s motiv\u00e1lnak a kih\u00edv\u00e1st jelent\u0151 feladatok<\/li><li>hossz\u00fa t\u00e1vra tervezel \u00e9s szeretn\u00e9l egy csal\u00e1dias, \u00f6sszetart\u00f3 csapat r\u00e9sz\u00e9v\u00e9 v\u00e1lni<\/li><li>k\u00e9pes vagy az \u00f6sszetett, logikus gondolkod\u00e1sm\u00f3dra, \u00e1t tudsz l\u00e1tni \u00f6sszef\u00fcgg\u00e9seket<\/li><\/ul>\n\n\n\n<p><strong>El\u0151nyt jelent:<\/strong><\/p>\n\n\n\n<ul class=\"wp-block-list\"><li>innovat\u00edv vagy startup\/spinoff v\u00e1llalkoz\u00e1sokn\u00e1l szerzett tapasztalat<\/li><li>\u00e9p\u00edt\u00e9sz\/informatikai vagy \u00e9p\u00fclet specifikus m\u0171szaki el\u0151\u00e9let<\/li><li>legal\u00e1bb t\u00e1rsalg\u00e1si szinten kommunik\u00e1lsz n\u00e9met\u00fcl vagy spanyolul sz\u00f3ban \u00e9s \u00edr\u00e1sban<\/li><\/ul>\n\n\n\n<p><strong>Amit k\u00edn\u00e1lunk:<\/strong><\/p>\n\n\n\n<ul class=\"wp-block-list\"><li>innovat\u00edv, versenyk\u00e9pes juttat\u00e1si csomag<\/li><li>irodai \u00e9s t\u00e1vmunka lehet\u0151s\u00e9g vegyesen<\/li><li>nemzetk\u00f6zi projektekben val\u00f3 r\u00e9szv\u00e9tel<\/li><li>izgalmas, folyamatosan szakmai kih\u00edv\u00e1st jelent\u0151 feladatok<\/li><li>bekapcsol\u00f3d\u00e1s egy innovat\u00edv, nagy n\u00f6veked\u00e9si potenci\u00e1llal rendelkez\u0151 c\u00e9g \u00e9let\u00e9be vezet\u0151k\u00e9nt<\/li><\/ul>\n\n\n\n<p><strong>Jelentkez\u00e9s:<\/strong><\/p>\n\n\n\n<ul class=\"wp-block-list\"><li>az <a href=\"mailto:info@access4you.io\">info@access4you.io<\/a> e-mail c\u00edmen<\/li><li>magyar \u00e9s angol nyelv\u0171 CV + motiv\u00e1ci\u00f3s lev\u00e9llel<\/li><li>referenci\u00e1k megjel\u00f6l\u00e9s\u00e9vel<\/li><li>nett\u00f3 fizet\u00e9si ig\u00e9ny megad\u00e1s\u00e1val<\/li><\/ul>","protected":false},"excerpt":{"rendered":"<p>Az Access4you egy akad\u00e1lymentess\u00e9get tan\u00fas\u00edt\u00f3 \u00e9s min\u0151s\u00edt\u0151 t\u00e1rsadalmi c\u00e9l\u00fa startup v\u00e1llalkoz\u00e1s, mely jelent\u0151s innov\u00e1ci\u00f3s \u00e9s n\u00f6veked\u00e9si potenci\u00e1llal Operat\u00edv vezet\u0151t keres. F\u0151bb feladatok: az Access4you f\u0151 ter\u00fcleteinek \u00f6sszefog\u00e1sa: m\u0171szaki ter\u00fclet vezet\u00e9se: m\u0171szaki projektmenedzser munk\u00e1j\u00e1nak seg\u00edt\u00e9se \u00e9s koordin\u00e1l\u00e1sa audit\u00e1l\u00e1sok (felm\u00e9r\u00e9s-min\u0151s\u00edt\u00e9s-jelent\u00e9s) \u00e9s ehhez kapcsol\u00f3d\u00f3 ter\u00fcletek informatikai ter\u00fclet vezet\u00e9se: UX \u00e9s backand fejleszt\u0151k munk\u00e1j\u00e1nak seg\u00edt\u00e9se \u00e9s koordin\u00e1l\u00e1sa weboldal \u00e9s [&hellip;]<\/p>","protected":false},"author":1,"featured_media":4025,"comment_status":"closed","ping_status":"closed","sticky":false,"template":"","format":"standard","meta":{"footnotes":""},"categories":[76],"tags":[],"class_list":["post-4020","post","type-post","status-publish","format-standard","has-post-thumbnail","hentry","category-kozlemeny"],"yoast_head":"<!-- This site is optimized with the Yoast SEO plugin v23.8 - https:\/\/yoast.com\/wordpress\/plugins\/seo\/ -->\n<title>Az Access4you \u00faj munkat\u00e1rsat keres Operat\u00edv vezet\u0151 poz\u00edci\u00f3ra - Access4you H\u00edrek<\/title>\n<meta name=\"robots\" content=\"index, follow, max-snippet:-1, max-image-preview:large, max-video-preview:-1\" \/>\n<link rel=\"canonical\" href=\"https:\/\/news.access4you.io\/en\/2020\/09\/29\/az-access4you-uj-munkatarsat-keres-operativ-vezeto-poziciora\/\" \/>\n<meta property=\"og:locale\" content=\"en_US\" \/>\n<meta property=\"og:type\" content=\"article\" \/>\n<meta property=\"og:title\" content=\"Az Access4you \u00faj munkat\u00e1rsat keres Operat\u00edv vezet\u0151 poz\u00edci\u00f3ra - Access4you H\u00edrek\" \/>\n<meta property=\"og:description\" content=\"Az Access4you egy akad\u00e1lymentess\u00e9get tan\u00fas\u00edt\u00f3 \u00e9s min\u0151s\u00edt\u0151 t\u00e1rsadalmi c\u00e9l\u00fa startup v\u00e1llalkoz\u00e1s, mely jelent\u0151s innov\u00e1ci\u00f3s \u00e9s n\u00f6veked\u00e9si potenci\u00e1llal Operat\u00edv vezet\u0151t keres. F\u0151bb feladatok: az Access4you f\u0151 ter\u00fcleteinek \u00f6sszefog\u00e1sa: m\u0171szaki ter\u00fclet vezet\u00e9se: m\u0171szaki projektmenedzser munk\u00e1j\u00e1nak seg\u00edt\u00e9se \u00e9s koordin\u00e1l\u00e1sa audit\u00e1l\u00e1sok (felm\u00e9r\u00e9s-min\u0151s\u00edt\u00e9s-jelent\u00e9s) \u00e9s ehhez kapcsol\u00f3d\u00f3 ter\u00fcletek informatikai ter\u00fclet vezet\u00e9se: UX \u00e9s backand fejleszt\u0151k munk\u00e1j\u00e1nak seg\u00edt\u00e9se \u00e9s koordin\u00e1l\u00e1sa weboldal \u00e9s [&hellip;]\" \/>\n<meta property=\"og:url\" content=\"https:\/\/news.access4you.io\/en\/2020\/09\/29\/az-access4you-uj-munkatarsat-keres-operativ-vezeto-poziciora\/\" \/>\n<meta property=\"og:site_name\" content=\"Access4you H\u00edrek\" \/>\n<meta property=\"article:published_time\" content=\"2020-09-29T11:46:00+00:00\" \/>\n<meta property=\"article:modified_time\" content=\"2020-10-05T10:37:06+00:00\" \/>\n<meta property=\"og:image\" content=\"https:\/\/news.access4you.io\/wp-content\/uploads\/2020\/09\/access4you-logo-small--e1601894436582.png\" \/>\n\t<meta property=\"og:image:width\" content=\"719\" \/>\n\t<meta property=\"og:image:height\" content=\"296\" \/>\n\t<meta property=\"og:image:type\" content=\"image\/png\" \/>\n<meta name=\"author\" content=\"access4you\" \/>\n<meta name=\"twitter:card\" content=\"summary_large_image\" \/>\n<meta name=\"twitter:label1\" content=\"Written by\" \/>\n\t<meta name=\"twitter:data1\" content=\"access4you\" \/>\n\t<meta name=\"twitter:label2\" content=\"Est. reading time\" \/>\n\t<meta name=\"twitter:data2\" content=\"2 minutes\" \/>\n<script type=\"application\/ld+json\" class=\"yoast-schema-graph\">{\"@context\":\"https:\/\/schema.org\",\"@graph\":[{\"@type\":\"Article\",\"@id\":\"https:\/\/news.access4you.io\/2020\/09\/29\/az-access4you-uj-munkatarsat-keres-operativ-vezeto-poziciora\/#article\",\"isPartOf\":{\"@id\":\"https:\/\/news.access4you.io\/2020\/09\/29\/az-access4you-uj-munkatarsat-keres-operativ-vezeto-poziciora\/\"},\"author\":{\"name\":\"access4you\",\"@id\":\"https:\/\/news.access4you.io\/#\/schema\/person\/cb4fff088aa5f5f43a6f4ce3a1e2e084\"},\"headline\":\"Az Access4you \u00faj munkat\u00e1rsat keres Operat\u00edv vezet\u0151 poz\u00edci\u00f3ra\",\"datePublished\":\"2020-09-29T11:46:00+00:00\",\"dateModified\":\"2020-10-05T10:37:06+00:00\",\"mainEntityOfPage\":{\"@id\":\"https:\/\/news.access4you.io\/2020\/09\/29\/az-access4you-uj-munkatarsat-keres-operativ-vezeto-poziciora\/\"},\"wordCount\":478,\"publisher\":{\"@id\":\"https:\/\/news.access4you.io\/#organization\"},\"image\":{\"@id\":\"https:\/\/news.access4you.io\/2020\/09\/29\/az-access4you-uj-munkatarsat-keres-operativ-vezeto-poziciora\/#primaryimage\"},\"thumbnailUrl\":\"https:\/\/news.access4you.io\/wp-content\/uploads\/2020\/09\/access4you-logo-small--e1601894436582.png\",\"articleSection\":[\"K\u00f6zlem\u00e9ny\"],\"inLanguage\":\"en-US\"},{\"@type\":\"WebPage\",\"@id\":\"https:\/\/news.access4you.io\/2020\/09\/29\/az-access4you-uj-munkatarsat-keres-operativ-vezeto-poziciora\/\",\"url\":\"https:\/\/news.access4you.io\/2020\/09\/29\/az-access4you-uj-munkatarsat-keres-operativ-vezeto-poziciora\/\",\"name\":\"Az Access4you \u00faj munkat\u00e1rsat keres Operat\u00edv vezet\u0151 poz\u00edci\u00f3ra - Access4you H\u00edrek\",\"isPartOf\":{\"@id\":\"https:\/\/news.access4you.io\/#website\"},\"primaryImageOfPage\":{\"@id\":\"https:\/\/news.access4you.io\/2020\/09\/29\/az-access4you-uj-munkatarsat-keres-operativ-vezeto-poziciora\/#primaryimage\"},\"image\":{\"@id\":\"https:\/\/news.access4you.io\/2020\/09\/29\/az-access4you-uj-munkatarsat-keres-operativ-vezeto-poziciora\/#primaryimage\"},\"thumbnailUrl\":\"https:\/\/news.access4you.io\/wp-content\/uploads\/2020\/09\/access4you-logo-small--e1601894436582.png\",\"datePublished\":\"2020-09-29T11:46:00+00:00\",\"dateModified\":\"2020-10-05T10:37:06+00:00\",\"breadcrumb\":{\"@id\":\"https:\/\/news.access4you.io\/2020\/09\/29\/az-access4you-uj-munkatarsat-keres-operativ-vezeto-poziciora\/#breadcrumb\"},\"inLanguage\":\"en-US\",\"potentialAction\":[{\"@type\":\"ReadAction\",\"target\":[\"https:\/\/news.access4you.io\/2020\/09\/29\/az-access4you-uj-munkatarsat-keres-operativ-vezeto-poziciora\/\"]}]},{\"@type\":\"ImageObject\",\"inLanguage\":\"en-US\",\"@id\":\"https:\/\/news.access4you.io\/2020\/09\/29\/az-access4you-uj-munkatarsat-keres-operativ-vezeto-poziciora\/#primaryimage\",\"url\":\"https:\/\/news.access4you.io\/wp-content\/uploads\/2020\/09\/access4you-logo-small--e1601894436582.png\",\"contentUrl\":\"https:\/\/news.access4you.io\/wp-content\/uploads\/2020\/09\/access4you-logo-small--e1601894436582.png\",\"width\":719,\"height\":296},{\"@type\":\"BreadcrumbList\",\"@id\":\"https:\/\/news.access4you.io\/2020\/09\/29\/az-access4you-uj-munkatarsat-keres-operativ-vezeto-poziciora\/#breadcrumb\",\"itemListElement\":[{\"@type\":\"ListItem\",\"position\":1,\"name\":\"Kezd\u0151lap\",\"item\":\"https:\/\/news.access4you.io\/\"},{\"@type\":\"ListItem\",\"position\":2,\"name\":\"Az Access4you \u00faj munkat\u00e1rsat keres Operat\u00edv vezet\u0151 poz\u00edci\u00f3ra\"}]},{\"@type\":\"WebSite\",\"@id\":\"https:\/\/news.access4you.io\/#website\",\"url\":\"https:\/\/news.access4you.io\/\",\"name\":\"Access4you H\u00edrek\",\"description\":\"\",\"publisher\":{\"@id\":\"https:\/\/news.access4you.io\/#organization\"},\"potentialAction\":[{\"@type\":\"SearchAction\",\"target\":{\"@type\":\"EntryPoint\",\"urlTemplate\":\"https:\/\/news.access4you.io\/?s={search_term_string}\"},\"query-input\":{\"@type\":\"PropertyValueSpecification\",\"valueRequired\":true,\"valueName\":\"search_term_string\"}}],\"inLanguage\":\"en-US\"},{\"@type\":\"Organization\",\"@id\":\"https:\/\/news.access4you.io\/#organization\",\"name\":\"Access4you H\u00edrek\",\"url\":\"https:\/\/news.access4you.io\/\",\"logo\":{\"@type\":\"ImageObject\",\"inLanguage\":\"en-US\",\"@id\":\"https:\/\/news.access4you.io\/#\/schema\/logo\/image\/\",\"url\":\"https:\/\/news.access4you.io\/wp-content\/uploads\/2021\/01\/a4u-logo-black.png\",\"contentUrl\":\"https:\/\/news.access4you.io\/wp-content\/uploads\/2021\/01\/a4u-logo-black.png\",\"width\":726,\"height\":454,\"caption\":\"Access4you H\u00edrek\"},\"image\":{\"@id\":\"https:\/\/news.access4you.io\/#\/schema\/logo\/image\/\"}},{\"@type\":\"Person\",\"@id\":\"https:\/\/news.access4you.io\/#\/schema\/person\/cb4fff088aa5f5f43a6f4ce3a1e2e084\",\"name\":\"access4you\",\"image\":{\"@type\":\"ImageObject\",\"inLanguage\":\"en-US\",\"@id\":\"https:\/\/news.access4you.io\/#\/schema\/person\/image\/\",\"url\":\"https:\/\/secure.gravatar.com\/avatar\/9795a8b3afc7ed258d167a92dbb1075b37bab5bc83b1ac9182ff4f58c22040b8?s=96&d=mm&r=g\",\"contentUrl\":\"https:\/\/secure.gravatar.com\/avatar\/9795a8b3afc7ed258d167a92dbb1075b37bab5bc83b1ac9182ff4f58c22040b8?s=96&d=mm&r=g\",\"caption\":\"access4you\"},\"sameAs\":[\"http:\/\/localhost\/access4you\"],\"url\":\"https:\/\/news.access4you.io\/en\/author\/access4you\/\"}]}<\/script>\n<!-- \/ Yoast SEO plugin. -->","yoast_head_json":{"title":"Az Access4you \u00faj munkat\u00e1rsat keres Operat\u00edv vezet\u0151 poz\u00edci\u00f3ra - Access4you H\u00edrek","robots":{"index":"index","follow":"follow","max-snippet":"max-snippet:-1","max-image-preview":"max-image-preview:large","max-video-preview":"max-video-preview:-1"},"canonical":"https:\/\/news.access4you.io\/en\/2020\/09\/29\/az-access4you-uj-munkatarsat-keres-operativ-vezeto-poziciora\/","og_locale":"en_US","og_type":"article","og_title":"Az Access4you \u00faj munkat\u00e1rsat keres Operat\u00edv vezet\u0151 poz\u00edci\u00f3ra - Access4you H\u00edrek","og_description":"Az Access4you egy akad\u00e1lymentess\u00e9get tan\u00fas\u00edt\u00f3 \u00e9s min\u0151s\u00edt\u0151 t\u00e1rsadalmi c\u00e9l\u00fa startup v\u00e1llalkoz\u00e1s, mely jelent\u0151s innov\u00e1ci\u00f3s \u00e9s n\u00f6veked\u00e9si potenci\u00e1llal Operat\u00edv vezet\u0151t keres. F\u0151bb feladatok: az Access4you f\u0151 ter\u00fcleteinek \u00f6sszefog\u00e1sa: m\u0171szaki ter\u00fclet vezet\u00e9se: m\u0171szaki projektmenedzser munk\u00e1j\u00e1nak seg\u00edt\u00e9se \u00e9s koordin\u00e1l\u00e1sa audit\u00e1l\u00e1sok (felm\u00e9r\u00e9s-min\u0151s\u00edt\u00e9s-jelent\u00e9s) \u00e9s ehhez kapcsol\u00f3d\u00f3 ter\u00fcletek informatikai ter\u00fclet vezet\u00e9se: UX \u00e9s backand fejleszt\u0151k munk\u00e1j\u00e1nak seg\u00edt\u00e9se \u00e9s koordin\u00e1l\u00e1sa weboldal \u00e9s [&hellip;]","og_url":"https:\/\/news.access4you.io\/en\/2020\/09\/29\/az-access4you-uj-munkatarsat-keres-operativ-vezeto-poziciora\/","og_site_name":"Access4you H\u00edrek","article_published_time":"2020-09-29T11:46:00+00:00","article_modified_time":"2020-10-05T10:37:06+00:00","og_image":[{"width":719,"height":296,"url":"https:\/\/news.access4you.io\/wp-content\/uploads\/2020\/09\/access4you-logo-small--e1601894436582.png","type":"image\/png"}],"author":"access4you","twitter_card":"summary_large_image","twitter_misc":{"Written by":"access4you","Est. reading time":"2 minutes"},"schema":{"@context":"https:\/\/schema.org","@graph":[{"@type":"Article","@id":"https:\/\/news.access4you.io\/2020\/09\/29\/az-access4you-uj-munkatarsat-keres-operativ-vezeto-poziciora\/#article","isPartOf":{"@id":"https:\/\/news.access4you.io\/2020\/09\/29\/az-access4you-uj-munkatarsat-keres-operativ-vezeto-poziciora\/"},"author":{"name":"access4you","@id":"https:\/\/news.access4you.io\/#\/schema\/person\/cb4fff088aa5f5f43a6f4ce3a1e2e084"},"headline":"Az Access4you \u00faj munkat\u00e1rsat keres Operat\u00edv vezet\u0151 poz\u00edci\u00f3ra","datePublished":"2020-09-29T11:46:00+00:00","dateModified":"2020-10-05T10:37:06+00:00","mainEntityOfPage":{"@id":"https:\/\/news.access4you.io\/2020\/09\/29\/az-access4you-uj-munkatarsat-keres-operativ-vezeto-poziciora\/"},"wordCount":478,"publisher":{"@id":"https:\/\/news.access4you.io\/#organization"},"image":{"@id":"https:\/\/news.access4you.io\/2020\/09\/29\/az-access4you-uj-munkatarsat-keres-operativ-vezeto-poziciora\/#primaryimage"},"thumbnailUrl":"https:\/\/news.access4you.io\/wp-content\/uploads\/2020\/09\/access4you-logo-small--e1601894436582.png","articleSection":["K\u00f6zlem\u00e9ny"],"inLanguage":"en-US"},{"@type":"WebPage","@id":"https:\/\/news.access4you.io\/2020\/09\/29\/az-access4you-uj-munkatarsat-keres-operativ-vezeto-poziciora\/","url":"https:\/\/news.access4you.io\/2020\/09\/29\/az-access4you-uj-munkatarsat-keres-operativ-vezeto-poziciora\/","name":"Az Access4you \u00faj munkat\u00e1rsat keres Operat\u00edv vezet\u0151 poz\u00edci\u00f3ra - Access4you H\u00edrek","isPartOf":{"@id":"https:\/\/news.access4you.io\/#website"},"primaryImageOfPage":{"@id":"https:\/\/news.access4you.io\/2020\/09\/29\/az-access4you-uj-munkatarsat-keres-operativ-vezeto-poziciora\/#primaryimage"},"image":{"@id":"https:\/\/news.access4you.io\/2020\/09\/29\/az-access4you-uj-munkatarsat-keres-operativ-vezeto-poziciora\/#primaryimage"},"thumbnailUrl":"https:\/\/news.access4you.io\/wp-content\/uploads\/2020\/09\/access4you-logo-small--e1601894436582.png","datePublished":"2020-09-29T11:46:00+00:00","dateModified":"2020-10-05T10:37:06+00:00","breadcrumb":{"@id":"https:\/\/news.access4you.io\/2020\/09\/29\/az-access4you-uj-munkatarsat-keres-operativ-vezeto-poziciora\/#breadcrumb"},"inLanguage":"en-US","potentialAction":[{"@type":"ReadAction","target":["https:\/\/news.access4you.io\/2020\/09\/29\/az-access4you-uj-munkatarsat-keres-operativ-vezeto-poziciora\/"]}]},{"@type":"ImageObject","inLanguage":"en-US","@id":"https:\/\/news.access4you.io\/2020\/09\/29\/az-access4you-uj-munkatarsat-keres-operativ-vezeto-poziciora\/#primaryimage","url":"https:\/\/news.access4you.io\/wp-content\/uploads\/2020\/09\/access4you-logo-small--e1601894436582.png","contentUrl":"https:\/\/news.access4you.io\/wp-content\/uploads\/2020\/09\/access4you-logo-small--e1601894436582.png","width":719,"height":296},{"@type":"BreadcrumbList","@id":"https:\/\/news.access4you.io\/2020\/09\/29\/az-access4you-uj-munkatarsat-keres-operativ-vezeto-poziciora\/#breadcrumb","itemListElement":[{"@type":"ListItem","position":1,"name":"Kezd\u0151lap","item":"https:\/\/news.access4you.io\/"},{"@type":"ListItem","position":2,"name":"Az Access4you \u00faj munkat\u00e1rsat keres Operat\u00edv vezet\u0151 poz\u00edci\u00f3ra"}]},{"@type":"WebSite","@id":"https:\/\/news.access4you.io\/#website","url":"https:\/\/news.access4you.io\/","name":"Access4you H\u00edrek","description":"","publisher":{"@id":"https:\/\/news.access4you.io\/#organization"},"potentialAction":[{"@type":"SearchAction","target":{"@type":"EntryPoint","urlTemplate":"https:\/\/news.access4you.io\/?s={search_term_string}"},"query-input":{"@type":"PropertyValueSpecification","valueRequired":true,"valueName":"search_term_string"}}],"inLanguage":"en-US"},{"@type":"Organization","@id":"https:\/\/news.access4you.io\/#organization","name":"Access4you H\u00edrek","url":"https:\/\/news.access4you.io\/","logo":{"@type":"ImageObject","inLanguage":"en-US","@id":"https:\/\/news.access4you.io\/#\/schema\/logo\/image\/","url":"https:\/\/news.access4you.io\/wp-content\/uploads\/2021\/01\/a4u-logo-black.png","contentUrl":"https:\/\/news.access4you.io\/wp-content\/uploads\/2021\/01\/a4u-logo-black.png","width":726,"height":454,"caption":"Access4you H\u00edrek"},"image":{"@id":"https:\/\/news.access4you.io\/#\/schema\/logo\/image\/"}},{"@type":"Person","@id":"https:\/\/news.access4you.io\/#\/schema\/person\/cb4fff088aa5f5f43a6f4ce3a1e2e084","name":"access4you","image":{"@type":"ImageObject","inLanguage":"en-US","@id":"https:\/\/news.access4you.io\/#\/schema\/person\/image\/","url":"https:\/\/secure.gravatar.com\/avatar\/9795a8b3afc7ed258d167a92dbb1075b37bab5bc83b1ac9182ff4f58c22040b8?s=96&d=mm&r=g","contentUrl":"https:\/\/secure.gravatar.com\/avatar\/9795a8b3afc7ed258d167a92dbb1075b37bab5bc83b1ac9182ff4f58c22040b8?s=96&d=mm&r=g","caption":"access4you"},"sameAs":["http:\/\/localhost\/access4you"],"url":"https:\/\/news.access4you.io\/en\/author\/access4you\/"}]}},"_links":{"self":[{"href":"https:\/\/news.access4you.io\/en\/wp-json\/wp\/v2\/posts\/4020","targetHints":{"allow":["GET"]}}],"collection":[{"href":"https:\/\/news.access4you.io\/en\/wp-json\/wp\/v2\/posts"}],"about":[{"href":"https:\/\/news.access4you.io\/en\/wp-json\/wp\/v2\/types\/post"}],"author":[{"embeddable":true,"href":"https:\/\/news.access4you.io\/en\/wp-json\/wp\/v2\/users\/1"}],"replies":[{"embeddable":true,"href":"https:\/\/news.access4you.io\/en\/wp-json\/wp\/v2\/comments?post=4020"}],"version-history":[{"count":0,"href":"https:\/\/news.access4you.io\/en\/wp-json\/wp\/v2\/posts\/4020\/revisions"}],"wp:featuredmedia":[{"embeddable":true,"href":"https:\/\/news.access4you.io\/en\/wp-json\/wp\/v2\/media\/4025"}],"wp:attachment":[{"href":"https:\/\/news.access4you.io\/en\/wp-json\/wp\/v2\/media?parent=4020"}],"wp:term":[{"taxonomy":"category","embeddable":true,"href":"https:\/\/news.access4you.io\/en\/wp-json\/wp\/v2\/categories?post=4020"},{"taxonomy":"post_tag","embeddable":true,"href":"https:\/\/news.access4you.io\/en\/wp-json\/wp\/v2\/tags?post=4020"}],"curies":[{"name":"wp","href":"https:\/\/api.w.org\/{rel}","templated":true}]}}