{"id":4040,"date":"2020-10-16T10:03:54","date_gmt":"2020-10-16T10:03:54","guid":{"rendered":"http:\/\/news.access4you.io\/?p=4040"},"modified":"2020-10-16T10:03:54","modified_gmt":"2020-10-16T10:03:54","slug":"pizza-es-kikapcsolodas-mindenkinek-jar","status":"publish","type":"post","link":"https:\/\/news.access4you.io\/en\/2020\/10\/16\/pizza-es-kikapcsolodas-mindenkinek-jar\/","title":{"rendered":"\u201cPizza \u00e9s kikapcsol\u00f3d\u00e1s mindenkinek j\u00e1r\u201d"},"content":{"rendered":"<p><strong>Tan\u00fas\u00edtott akad\u00e1lymentes \u00e9tteremmel v\u00e1rja Szabi, a P\u00e9k a speci\u00e1lis ig\u00e9ny\u0171 pizza \u00e9s p\u00e9k\u00e1ru im\u00e1d\u00f3kat a szentendrei Panificio il Basilicoban<\/strong><\/p>\n\n\n\n<p>A v\u00e1ros egyik legmen\u0151bb p\u00e9kje, Szabi szerint a kulin\u00e1ris \u00f6r\u00f6m\u00f6kre \u00e9s a kikapcsol\u00f3d\u00e1sra mindenkinek sz\u00fcks\u00e9ge van, ez\u00e9rt a szentendrei <strong>Panificio il Basilico \u00e9tterm\u00e9vel csatlakozott az Access4you tan\u00fas\u00edtott akad\u00e1lymentes helysz\u00edneihez.<\/strong><\/p>\n\n\n\n<p><em>\u201cPizza \u00e9s kikapcsol\u00f3d\u00e1s mindenkinek j\u00e1r. \u00d6r\u00f6m\u00fcnkre szolg\u00e1l, hogy mostant\u00f3l az Access4you min\u0151s\u00edtett \u00e9ttermek\u00e9nt, a speci\u00e1lis ig\u00e9ny\u0171 emberek k\u00f6nnyed\u00e9n megtal\u00e1lnak \u00e9s nyugodt sz\u00edvvel l\u00e1togathatnak el hozz\u00e1nk egy isteni Szabi, a p\u00e9k-f\u00e9le pizz\u00e1ra.&#8221;<\/em>\u00a0<\/p>\n\n\n\n<p>A szentendrei Panificio Il Basilico el\u0151sz\u00f6r p\u00e9ks\u00e9gk\u00e9nt, 2016 tavasz\u00e1n nyitott, majd \u00e9v v\u00e9g\u00e9re a B\u00fckk\u00f6s patak partj\u00e1n az \u00e9tterem is elk\u00e9sz\u00fclt. A k\u00e9zm\u0171ves, adal\u00e9kanyag-mentes friss p\u00e9k\u00e1rukat, autentikus olasz \u00e9teleket \u00e9s n\u00e1polyi t\u00edpus\u00fa pizz\u00e1kat \u00edgy m\u00e1r z\u00f6ld k\u00f6rnyezetbe is elhozt\u00e1k. Az \u00e9tterem eddig is ember-\u00e9s csal\u00e1dcentrikus volt, j\u00e1tsz\u00f3t\u00e9rrel, gyermeksarokkal, de most egy kis \u00e1talak\u00edt\u00e1ssal akad\u00e1lymentess\u00e9 v\u00e1lt a kerekessz\u00e9kesek, babakocsisok, \u00e9s mozg\u00e1sukban korl\u00e1tozott speci\u00e1lis ig\u00e9ny\u0171 vend\u00e9gek sz\u00e1m\u00e1ra.&nbsp;<\/p>\n\n\n\n<p><em><strong>\u201cEgy kisebb fejleszt\u00e9ssel, \u00e9s azzal, hogy inform\u00e1ci\u00f3t adunk magunkr\u00f3l, nagyon sok olyan ember tud m\u00e1r bet\u00e9rni hozz\u00e1nk a szentendrei Panificio-ba, akinek eddig a fizikai k\u00f6rnyezet nem tette lehet\u0151v\u00e9. Nem volt k\u00e9rd\u00e9s, hogy ezt meg kell csin\u00e1lni.\u201d<\/strong>&#8211;<\/em> tette hozz\u00e1 Szabi.<\/p>\n\n\n\n<p>A szentendrei Panificio il Basilico akad\u00e1lymentess\u00e9g\u00e9r\u0151l r\u00e9szletes inform\u00e1ci\u00f3t itt tal\u00e1tok: <a href=\"https:\/\/bit.ly\/3lKLkDh\" target=\"_blank\" rel=\"noreferrer noopener\">https:\/\/bit.ly\/3lKLkDh<\/a><\/p>\n\n\n\n<p><\/p>","protected":false},"excerpt":{"rendered":"<p>Tan\u00fas\u00edtott akad\u00e1lymentes \u00e9tteremmel v\u00e1rja Szabi, a P\u00e9k a speci\u00e1lis ig\u00e9ny\u0171 pizza \u00e9s p\u00e9k\u00e1ru im\u00e1d\u00f3kat a szentendrei Panificio il Basilicoban A v\u00e1ros egyik legmen\u0151bb p\u00e9kje, Szabi szerint a kulin\u00e1ris \u00f6r\u00f6m\u00f6kre \u00e9s a kikapcsol\u00f3d\u00e1sra mindenkinek sz\u00fcks\u00e9ge van, ez\u00e9rt a szentendrei Panificio il Basilico \u00e9tterm\u00e9vel csatlakozott az Access4you tan\u00fas\u00edtott akad\u00e1lymentes helysz\u00edneihez. \u201cPizza \u00e9s kikapcsol\u00f3d\u00e1s mindenkinek j\u00e1r. \u00d6r\u00f6m\u00fcnkre szolg\u00e1l, [&hellip;]<\/p>","protected":false},"author":1,"featured_media":4043,"comment_status":"closed","ping_status":"closed","sticky":false,"template":"","format":"standard","meta":{"footnotes":""},"categories":[75,10],"tags":[],"class_list":["post-4040","post","type-post","status-publish","format-standard","has-post-thumbnail","hentry","category-uj-hely","category-blog"],"yoast_head":"<!-- This site is optimized with the Yoast SEO plugin v23.8 - https:\/\/yoast.com\/wordpress\/plugins\/seo\/ -->\n<title>\u201cPizza \u00e9s kikapcsol\u00f3d\u00e1s mindenkinek j\u00e1r\u201d - Access4you H\u00edrek<\/title>\n<meta name=\"robots\" content=\"index, follow, max-snippet:-1, max-image-preview:large, max-video-preview:-1\" \/>\n<link rel=\"canonical\" href=\"https:\/\/news.access4you.io\/en\/2020\/10\/16\/pizza-es-kikapcsolodas-mindenkinek-jar\/\" \/>\n<meta property=\"og:locale\" content=\"en_US\" \/>\n<meta property=\"og:type\" content=\"article\" \/>\n<meta property=\"og:title\" content=\"\u201cPizza \u00e9s kikapcsol\u00f3d\u00e1s mindenkinek j\u00e1r\u201d - Access4you H\u00edrek\" \/>\n<meta property=\"og:description\" content=\"Tan\u00fas\u00edtott akad\u00e1lymentes \u00e9tteremmel v\u00e1rja Szabi, a P\u00e9k a speci\u00e1lis ig\u00e9ny\u0171 pizza \u00e9s p\u00e9k\u00e1ru im\u00e1d\u00f3kat a szentendrei Panificio il Basilicoban A v\u00e1ros egyik legmen\u0151bb p\u00e9kje, Szabi szerint a kulin\u00e1ris \u00f6r\u00f6m\u00f6kre \u00e9s a kikapcsol\u00f3d\u00e1sra mindenkinek sz\u00fcks\u00e9ge van, ez\u00e9rt a szentendrei Panificio il Basilico \u00e9tterm\u00e9vel csatlakozott az Access4you tan\u00fas\u00edtott akad\u00e1lymentes helysz\u00edneihez. \u201cPizza \u00e9s kikapcsol\u00f3d\u00e1s mindenkinek j\u00e1r. \u00d6r\u00f6m\u00fcnkre szolg\u00e1l, [&hellip;]\" \/>\n<meta property=\"og:url\" content=\"https:\/\/news.access4you.io\/en\/2020\/10\/16\/pizza-es-kikapcsolodas-mindenkinek-jar\/\" \/>\n<meta property=\"og:site_name\" content=\"Access4you H\u00edrek\" \/>\n<meta property=\"article:published_time\" content=\"2020-10-16T10:03:54+00:00\" \/>\n<meta property=\"og:image\" content=\"https:\/\/news.access4you.io\/wp-content\/uploads\/2020\/10\/szabi_web.png\" \/>\n\t<meta property=\"og:image:width\" content=\"1680\" \/>\n\t<meta property=\"og:image:height\" content=\"1050\" \/>\n\t<meta property=\"og:image:type\" content=\"image\/png\" \/>\n<meta name=\"author\" content=\"access4you\" \/>\n<meta name=\"twitter:card\" content=\"summary_large_image\" \/>\n<meta name=\"twitter:label1\" content=\"Written by\" \/>\n\t<meta name=\"twitter:data1\" content=\"access4you\" \/>\n\t<meta name=\"twitter:label2\" content=\"Est. reading time\" \/>\n\t<meta name=\"twitter:data2\" content=\"2 minutes\" \/>\n<script type=\"application\/ld+json\" class=\"yoast-schema-graph\">{\"@context\":\"https:\/\/schema.org\",\"@graph\":[{\"@type\":\"Article\",\"@id\":\"https:\/\/news.access4you.io\/2020\/10\/16\/pizza-es-kikapcsolodas-mindenkinek-jar\/#article\",\"isPartOf\":{\"@id\":\"https:\/\/news.access4you.io\/2020\/10\/16\/pizza-es-kikapcsolodas-mindenkinek-jar\/\"},\"author\":{\"name\":\"access4you\",\"@id\":\"https:\/\/news.access4you.io\/#\/schema\/person\/cb4fff088aa5f5f43a6f4ce3a1e2e084\"},\"headline\":\"\u201cPizza \u00e9s kikapcsol\u00f3d\u00e1s mindenkinek j\u00e1r\u201d\",\"datePublished\":\"2020-10-16T10:03:54+00:00\",\"dateModified\":\"2020-10-16T10:03:54+00:00\",\"mainEntityOfPage\":{\"@id\":\"https:\/\/news.access4you.io\/2020\/10\/16\/pizza-es-kikapcsolodas-mindenkinek-jar\/\"},\"wordCount\":318,\"publisher\":{\"@id\":\"https:\/\/news.access4you.io\/#organization\"},\"image\":{\"@id\":\"https:\/\/news.access4you.io\/2020\/10\/16\/pizza-es-kikapcsolodas-mindenkinek-jar\/#primaryimage\"},\"thumbnailUrl\":\"https:\/\/news.access4you.io\/wp-content\/uploads\/2020\/10\/szabi_web.png\",\"articleSection\":[\"\u00daj hely\",\"Blog\"],\"inLanguage\":\"en-US\"},{\"@type\":\"WebPage\",\"@id\":\"https:\/\/news.access4you.io\/2020\/10\/16\/pizza-es-kikapcsolodas-mindenkinek-jar\/\",\"url\":\"https:\/\/news.access4you.io\/2020\/10\/16\/pizza-es-kikapcsolodas-mindenkinek-jar\/\",\"name\":\"\u201cPizza \u00e9s kikapcsol\u00f3d\u00e1s mindenkinek j\u00e1r\u201d - Access4you H\u00edrek\",\"isPartOf\":{\"@id\":\"https:\/\/news.access4you.io\/#website\"},\"primaryImageOfPage\":{\"@id\":\"https:\/\/news.access4you.io\/2020\/10\/16\/pizza-es-kikapcsolodas-mindenkinek-jar\/#primaryimage\"},\"image\":{\"@id\":\"https:\/\/news.access4you.io\/2020\/10\/16\/pizza-es-kikapcsolodas-mindenkinek-jar\/#primaryimage\"},\"thumbnailUrl\":\"https:\/\/news.access4you.io\/wp-content\/uploads\/2020\/10\/szabi_web.png\",\"datePublished\":\"2020-10-16T10:03:54+00:00\",\"dateModified\":\"2020-10-16T10:03:54+00:00\",\"breadcrumb\":{\"@id\":\"https:\/\/news.access4you.io\/2020\/10\/16\/pizza-es-kikapcsolodas-mindenkinek-jar\/#breadcrumb\"},\"inLanguage\":\"en-US\",\"potentialAction\":[{\"@type\":\"ReadAction\",\"target\":[\"https:\/\/news.access4you.io\/2020\/10\/16\/pizza-es-kikapcsolodas-mindenkinek-jar\/\"]}]},{\"@type\":\"ImageObject\",\"inLanguage\":\"en-US\",\"@id\":\"https:\/\/news.access4you.io\/2020\/10\/16\/pizza-es-kikapcsolodas-mindenkinek-jar\/#primaryimage\",\"url\":\"https:\/\/news.access4you.io\/wp-content\/uploads\/2020\/10\/szabi_web.png\",\"contentUrl\":\"https:\/\/news.access4you.io\/wp-content\/uploads\/2020\/10\/szabi_web.png\",\"width\":1680,\"height\":1050},{\"@type\":\"BreadcrumbList\",\"@id\":\"https:\/\/news.access4you.io\/2020\/10\/16\/pizza-es-kikapcsolodas-mindenkinek-jar\/#breadcrumb\",\"itemListElement\":[{\"@type\":\"ListItem\",\"position\":1,\"name\":\"Kezd\u0151lap\",\"item\":\"https:\/\/news.access4you.io\/\"},{\"@type\":\"ListItem\",\"position\":2,\"name\":\"\u201cPizza \u00e9s kikapcsol\u00f3d\u00e1s mindenkinek j\u00e1r\u201d\"}]},{\"@type\":\"WebSite\",\"@id\":\"https:\/\/news.access4you.io\/#website\",\"url\":\"https:\/\/news.access4you.io\/\",\"name\":\"Access4you H\u00edrek\",\"description\":\"\",\"publisher\":{\"@id\":\"https:\/\/news.access4you.io\/#organization\"},\"potentialAction\":[{\"@type\":\"SearchAction\",\"target\":{\"@type\":\"EntryPoint\",\"urlTemplate\":\"https:\/\/news.access4you.io\/?s={search_term_string}\"},\"query-input\":{\"@type\":\"PropertyValueSpecification\",\"valueRequired\":true,\"valueName\":\"search_term_string\"}}],\"inLanguage\":\"en-US\"},{\"@type\":\"Organization\",\"@id\":\"https:\/\/news.access4you.io\/#organization\",\"name\":\"Access4you H\u00edrek\",\"url\":\"https:\/\/news.access4you.io\/\",\"logo\":{\"@type\":\"ImageObject\",\"inLanguage\":\"en-US\",\"@id\":\"https:\/\/news.access4you.io\/#\/schema\/logo\/image\/\",\"url\":\"https:\/\/news.access4you.io\/wp-content\/uploads\/2021\/01\/a4u-logo-black.png\",\"contentUrl\":\"https:\/\/news.access4you.io\/wp-content\/uploads\/2021\/01\/a4u-logo-black.png\",\"width\":726,\"height\":454,\"caption\":\"Access4you H\u00edrek\"},\"image\":{\"@id\":\"https:\/\/news.access4you.io\/#\/schema\/logo\/image\/\"}},{\"@type\":\"Person\",\"@id\":\"https:\/\/news.access4you.io\/#\/schema\/person\/cb4fff088aa5f5f43a6f4ce3a1e2e084\",\"name\":\"access4you\",\"image\":{\"@type\":\"ImageObject\",\"inLanguage\":\"en-US\",\"@id\":\"https:\/\/news.access4you.io\/#\/schema\/person\/image\/\",\"url\":\"https:\/\/secure.gravatar.com\/avatar\/9795a8b3afc7ed258d167a92dbb1075b37bab5bc83b1ac9182ff4f58c22040b8?s=96&d=mm&r=g\",\"contentUrl\":\"https:\/\/secure.gravatar.com\/avatar\/9795a8b3afc7ed258d167a92dbb1075b37bab5bc83b1ac9182ff4f58c22040b8?s=96&d=mm&r=g\",\"caption\":\"access4you\"},\"sameAs\":[\"http:\/\/localhost\/access4you\"],\"url\":\"https:\/\/news.access4you.io\/en\/author\/access4you\/\"}]}<\/script>\n<!-- \/ Yoast SEO plugin. -->","yoast_head_json":{"title":"\u201cPizza \u00e9s kikapcsol\u00f3d\u00e1s mindenkinek j\u00e1r\u201d - Access4you H\u00edrek","robots":{"index":"index","follow":"follow","max-snippet":"max-snippet:-1","max-image-preview":"max-image-preview:large","max-video-preview":"max-video-preview:-1"},"canonical":"https:\/\/news.access4you.io\/en\/2020\/10\/16\/pizza-es-kikapcsolodas-mindenkinek-jar\/","og_locale":"en_US","og_type":"article","og_title":"\u201cPizza \u00e9s kikapcsol\u00f3d\u00e1s mindenkinek j\u00e1r\u201d - Access4you H\u00edrek","og_description":"Tan\u00fas\u00edtott akad\u00e1lymentes \u00e9tteremmel v\u00e1rja Szabi, a P\u00e9k a speci\u00e1lis ig\u00e9ny\u0171 pizza \u00e9s p\u00e9k\u00e1ru im\u00e1d\u00f3kat a szentendrei Panificio il Basilicoban A v\u00e1ros egyik legmen\u0151bb p\u00e9kje, Szabi szerint a kulin\u00e1ris \u00f6r\u00f6m\u00f6kre \u00e9s a kikapcsol\u00f3d\u00e1sra mindenkinek sz\u00fcks\u00e9ge van, ez\u00e9rt a szentendrei Panificio il Basilico \u00e9tterm\u00e9vel csatlakozott az Access4you tan\u00fas\u00edtott akad\u00e1lymentes helysz\u00edneihez. \u201cPizza \u00e9s kikapcsol\u00f3d\u00e1s mindenkinek j\u00e1r. \u00d6r\u00f6m\u00fcnkre szolg\u00e1l, [&hellip;]","og_url":"https:\/\/news.access4you.io\/en\/2020\/10\/16\/pizza-es-kikapcsolodas-mindenkinek-jar\/","og_site_name":"Access4you H\u00edrek","article_published_time":"2020-10-16T10:03:54+00:00","og_image":[{"width":1680,"height":1050,"url":"https:\/\/news.access4you.io\/wp-content\/uploads\/2020\/10\/szabi_web.png","type":"image\/png"}],"author":"access4you","twitter_card":"summary_large_image","twitter_misc":{"Written by":"access4you","Est. reading time":"2 minutes"},"schema":{"@context":"https:\/\/schema.org","@graph":[{"@type":"Article","@id":"https:\/\/news.access4you.io\/2020\/10\/16\/pizza-es-kikapcsolodas-mindenkinek-jar\/#article","isPartOf":{"@id":"https:\/\/news.access4you.io\/2020\/10\/16\/pizza-es-kikapcsolodas-mindenkinek-jar\/"},"author":{"name":"access4you","@id":"https:\/\/news.access4you.io\/#\/schema\/person\/cb4fff088aa5f5f43a6f4ce3a1e2e084"},"headline":"\u201cPizza \u00e9s kikapcsol\u00f3d\u00e1s mindenkinek j\u00e1r\u201d","datePublished":"2020-10-16T10:03:54+00:00","dateModified":"2020-10-16T10:03:54+00:00","mainEntityOfPage":{"@id":"https:\/\/news.access4you.io\/2020\/10\/16\/pizza-es-kikapcsolodas-mindenkinek-jar\/"},"wordCount":318,"publisher":{"@id":"https:\/\/news.access4you.io\/#organization"},"image":{"@id":"https:\/\/news.access4you.io\/2020\/10\/16\/pizza-es-kikapcsolodas-mindenkinek-jar\/#primaryimage"},"thumbnailUrl":"https:\/\/news.access4you.io\/wp-content\/uploads\/2020\/10\/szabi_web.png","articleSection":["\u00daj hely","Blog"],"inLanguage":"en-US"},{"@type":"WebPage","@id":"https:\/\/news.access4you.io\/2020\/10\/16\/pizza-es-kikapcsolodas-mindenkinek-jar\/","url":"https:\/\/news.access4you.io\/2020\/10\/16\/pizza-es-kikapcsolodas-mindenkinek-jar\/","name":"\u201cPizza \u00e9s kikapcsol\u00f3d\u00e1s mindenkinek j\u00e1r\u201d - Access4you H\u00edrek","isPartOf":{"@id":"https:\/\/news.access4you.io\/#website"},"primaryImageOfPage":{"@id":"https:\/\/news.access4you.io\/2020\/10\/16\/pizza-es-kikapcsolodas-mindenkinek-jar\/#primaryimage"},"image":{"@id":"https:\/\/news.access4you.io\/2020\/10\/16\/pizza-es-kikapcsolodas-mindenkinek-jar\/#primaryimage"},"thumbnailUrl":"https:\/\/news.access4you.io\/wp-content\/uploads\/2020\/10\/szabi_web.png","datePublished":"2020-10-16T10:03:54+00:00","dateModified":"2020-10-16T10:03:54+00:00","breadcrumb":{"@id":"https:\/\/news.access4you.io\/2020\/10\/16\/pizza-es-kikapcsolodas-mindenkinek-jar\/#breadcrumb"},"inLanguage":"en-US","potentialAction":[{"@type":"ReadAction","target":["https:\/\/news.access4you.io\/2020\/10\/16\/pizza-es-kikapcsolodas-mindenkinek-jar\/"]}]},{"@type":"ImageObject","inLanguage":"en-US","@id":"https:\/\/news.access4you.io\/2020\/10\/16\/pizza-es-kikapcsolodas-mindenkinek-jar\/#primaryimage","url":"https:\/\/news.access4you.io\/wp-content\/uploads\/2020\/10\/szabi_web.png","contentUrl":"https:\/\/news.access4you.io\/wp-content\/uploads\/2020\/10\/szabi_web.png","width":1680,"height":1050},{"@type":"BreadcrumbList","@id":"https:\/\/news.access4you.io\/2020\/10\/16\/pizza-es-kikapcsolodas-mindenkinek-jar\/#breadcrumb","itemListElement":[{"@type":"ListItem","position":1,"name":"Kezd\u0151lap","item":"https:\/\/news.access4you.io\/"},{"@type":"ListItem","position":2,"name":"\u201cPizza \u00e9s kikapcsol\u00f3d\u00e1s mindenkinek j\u00e1r\u201d"}]},{"@type":"WebSite","@id":"https:\/\/news.access4you.io\/#website","url":"https:\/\/news.access4you.io\/","name":"Access4you H\u00edrek","description":"","publisher":{"@id":"https:\/\/news.access4you.io\/#organization"},"potentialAction":[{"@type":"SearchAction","target":{"@type":"EntryPoint","urlTemplate":"https:\/\/news.access4you.io\/?s={search_term_string}"},"query-input":{"@type":"PropertyValueSpecification","valueRequired":true,"valueName":"search_term_string"}}],"inLanguage":"en-US"},{"@type":"Organization","@id":"https:\/\/news.access4you.io\/#organization","name":"Access4you H\u00edrek","url":"https:\/\/news.access4you.io\/","logo":{"@type":"ImageObject","inLanguage":"en-US","@id":"https:\/\/news.access4you.io\/#\/schema\/logo\/image\/","url":"https:\/\/news.access4you.io\/wp-content\/uploads\/2021\/01\/a4u-logo-black.png","contentUrl":"https:\/\/news.access4you.io\/wp-content\/uploads\/2021\/01\/a4u-logo-black.png","width":726,"height":454,"caption":"Access4you H\u00edrek"},"image":{"@id":"https:\/\/news.access4you.io\/#\/schema\/logo\/image\/"}},{"@type":"Person","@id":"https:\/\/news.access4you.io\/#\/schema\/person\/cb4fff088aa5f5f43a6f4ce3a1e2e084","name":"access4you","image":{"@type":"ImageObject","inLanguage":"en-US","@id":"https:\/\/news.access4you.io\/#\/schema\/person\/image\/","url":"https:\/\/secure.gravatar.com\/avatar\/9795a8b3afc7ed258d167a92dbb1075b37bab5bc83b1ac9182ff4f58c22040b8?s=96&d=mm&r=g","contentUrl":"https:\/\/secure.gravatar.com\/avatar\/9795a8b3afc7ed258d167a92dbb1075b37bab5bc83b1ac9182ff4f58c22040b8?s=96&d=mm&r=g","caption":"access4you"},"sameAs":["http:\/\/localhost\/access4you"],"url":"https:\/\/news.access4you.io\/en\/author\/access4you\/"}]}},"_links":{"self":[{"href":"https:\/\/news.access4you.io\/en\/wp-json\/wp\/v2\/posts\/4040","targetHints":{"allow":["GET"]}}],"collection":[{"href":"https:\/\/news.access4you.io\/en\/wp-json\/wp\/v2\/posts"}],"about":[{"href":"https:\/\/news.access4you.io\/en\/wp-json\/wp\/v2\/types\/post"}],"author":[{"embeddable":true,"href":"https:\/\/news.access4you.io\/en\/wp-json\/wp\/v2\/users\/1"}],"replies":[{"embeddable":true,"href":"https:\/\/news.access4you.io\/en\/wp-json\/wp\/v2\/comments?post=4040"}],"version-history":[{"count":0,"href":"https:\/\/news.access4you.io\/en\/wp-json\/wp\/v2\/posts\/4040\/revisions"}],"wp:featuredmedia":[{"embeddable":true,"href":"https:\/\/news.access4you.io\/en\/wp-json\/wp\/v2\/media\/4043"}],"wp:attachment":[{"href":"https:\/\/news.access4you.io\/en\/wp-json\/wp\/v2\/media?parent=4040"}],"wp:term":[{"taxonomy":"category","embeddable":true,"href":"https:\/\/news.access4you.io\/en\/wp-json\/wp\/v2\/categories?post=4040"},{"taxonomy":"post_tag","embeddable":true,"href":"https:\/\/news.access4you.io\/en\/wp-json\/wp\/v2\/tags?post=4040"}],"curies":[{"name":"wp","href":"https:\/\/api.w.org\/{rel}","templated":true}]}}