{"id":4055,"date":"2020-11-24T13:48:06","date_gmt":"2020-11-24T13:48:06","guid":{"rendered":"http:\/\/news.access4you.io\/?p=4055"},"modified":"2020-11-24T13:48:08","modified_gmt":"2020-11-24T13:48:08","slug":"gyori-eniko-rehabilitacios-kornyezettervezo-szakerto-az-access4you-egyuttmukodo-partnere","status":"publish","type":"post","link":"https:\/\/news.access4you.io\/en\/2020\/11\/24\/gyori-eniko-rehabilitacios-kornyezettervezo-szakerto-az-access4you-egyuttmukodo-partnere\/","title":{"rendered":"Gy\u0151ri Enik\u0151 rehabilit\u00e1ci\u00f3s k\u00f6rnyezettervez\u0151 szak\u00e9rt\u0151 az Access4you egy\u00fcttm\u0171k\u00f6d\u0151 partnere"},"content":{"rendered":"<p><strong>Fontosnak tartjuk, hogy munk\u00e1nkba olyan rehabilit\u00e1ci\u00f3s szakembereket vonjunk be, akik szerte\u00e1gaz\u00f3 tapasztalattal rendelkeznek az akad\u00e1lymentes k\u00f6rnyezet megval\u00f3s\u00edt\u00e1sa \u00e9s rehabilit\u00e1ci\u00f3 ter\u00e9n. Ez\u00e9rt min\u0151s\u00edt\u00e9si rendszer\u00fcnk alapjait is rehabilit\u00e1ci\u00f3s szakm\u00e9rn\u00f6k\u00f6k bevon\u00e1s\u00e1val hoztuk l\u00e9tre, \u00e9s rendszer\u00fcnk fejleszt\u00e9se sor\u00e1n is v\u00e9gig az \u0151 szak\u00e9rtelm\u00fck t\u00e1mogatja tan\u00fas\u00edt\u00e1sunk validit\u00e1s\u00e1t. Most bemutatjuk nektek <em>Gy\u0151ri Enik\u0151t<\/em>, aki rehabilit\u00e1ci\u00f3s k\u00f6rnyezettervez\u0151 szak\u00e9rt\u0151k\u00e9nt fog egy\u00fcttm\u0171k\u00f6dni vel\u00fcnk a j\u00f6v\u0151ben.<\/strong><\/p>\n\n\n\n<p>Enik\u0151 t\u00f6bb mint 15 \u00e9ves szakmai tapasztalattal rendelkezik, rehabilit\u00e1ci\u00f3s k\u00f6rnyezettervez\u0151 szak\u00e9rt\u0151 diplom\u00e1j\u00e1t 2004-ben szerezte meg a BME-n. Nagy tapasztalata van igazgat\u00e1s szervez\u00e9s ter\u00e9n, jelenleg pedig mag\u00e1nszem\u00e9lyek \u00e9s c\u00e9gek sz\u00e1m\u00e1ra ny\u00fajt akad\u00e1lymentes\u00edt\u00e9ssel, rehabilit\u00e1ci\u00f3val \u00e9s webes akad\u00e1lymentess\u00e9ggel kapcsolatban szaktan\u00e1csad\u00e1st.&nbsp;<\/p>\n\n\n\n<p>Enik\u0151 rehabilit\u00e1ci\u00f3s szaktan\u00e1csad\u00e1s keret\u00e9ben mind <strong>mag\u00e1nszem\u00e9lyeknek, mind pedig v\u00e1llalkoz\u00e1soknak,<\/strong> civil szervezeteknek \u00e9s k\u00f6zszf\u00e9rabeli szervezeteknek ny\u00fajt inform\u00e1ci\u00f3t az akad\u00e1lyozotts\u00e1ggal \u00e9l\u0151 szem\u00e9lyek \u00e1llapot\u00e1nak megfelel\u0151 \u00e9s <strong>sz\u00fcks\u00e9ges gy\u00f3gy\u00e1szati seg\u00e9deszk\u00f6z\u00f6kr\u0151l, az \u00e1ltaluk haszn\u00e1lt \u00e9p\u00edtett-, infokommunik\u00e1ci\u00f3s-, \u00e9s digit\u00e1lis k\u00f6rnyezet akad\u00e1lymentes\u00edt\u00e9s\u00e9r\u0151l.<\/strong> Felt\u00e9rk\u00e9pezi az akad\u00e1lymentess\u00e9ghez sz\u00fcks\u00e9ges \u00e9p\u00edt\u00e9szeti \u00e1talak\u00edt\u00e1sokat, tov\u00e1bb\u00e1\u00a0 tan\u00e1csot ad ezzel \u00f6sszef\u00fcgg\u0151 jogszab\u00e1lyokr\u00f3l, t\u00e1mogat\u00e1sok, szolg\u00e1ltat\u00e1sok ig\u00e9nybev\u00e9tel\u00e9nek lehet\u0151s\u00e9geir\u0151l. Szak\u00e9rt\u0151i t\u00e1mogat\u00e1st ny\u00fajt akad\u00e1lymentes\u00edt\u00e9st \u00e9rint\u0151 p\u00e1ly\u00e1zatokn\u00e1l, rehabilit\u00e1ci\u00f3s k\u00f6rnyezettervez\u0151 szak\u00e9rt\u0151i v\u00e9lem\u00e9nyek \u00e9s nyilatkozatok k\u00e9sz\u00edt\u00e9s\u00e9vel.\u00a0<\/p>\n\n\n\n<p><strong>Az Access4you-val val\u00f3 egy\u00fcttm\u0171k\u00f6d\u00e9s kezdet\u00e9vel az egyenl\u0151 es\u00e9ly\u0171 hozz\u00e1f\u00e9r\u00e9s mellett \u00e1ll ki \u00e9s vallja, hogy az \u00f6n\u00e1ll\u00f3 \u00e9letvitel kialak\u00edt\u00e1s\u00e1nak egyik alapfelt\u00e9tele az akad\u00e1lymentess\u00e9gr\u0151l sz\u00f3l\u00f3 felel\u0151s inform\u00e1ci\u00f3ad\u00e1s az \u00e9let minden ter\u00fclet\u00e9n. <\/strong><\/p>\n\n\n\n<p>Enik\u0151 tapasztalatai azt mutatj\u00e1k, hogy a jogi norm\u00e1k \u00e1ltal kik\u00e9nyszer\u00edteni k\u00edv\u00e1nt akad\u00e1lymentes\u00edt\u00e9s kev\u00e9s eredm\u00e9nyt hozott, \u00e9s csak r\u00e9szben \u00e9rte el c\u00e9lj\u00e1t. <strong>Az\u00e9rt v\u00e1llalt az Acces4you-val partneri egy\u00fcttm\u0171k\u00f6d\u00e9st, mert az eredm\u00e9nyekb\u0151l, a tan\u00fas\u00edtv\u00e1nyt megszerz\u0151k sz\u00e1m\u00e1b\u00f3l kit\u0171nik, hogy ez az Eur\u00f3pai Uni\u00f3ban is lev\u00e9dett tan\u00fas\u00edtv\u00e1ny \u00e9s v\u00e9djegy olyan pozit\u00edv \u00f6szt\u00f6nz\u0151rendszert k\u00e9pvisel, mely \u00f6nk\u00e9ntess\u00e9gen alapul, \u00e9s el\u0151seg\u00edti a t\u00e1rsadalmi szolidarit\u00e1st.<\/strong><\/p>\n\n\n\n<p>Tev\u00e9kenys\u00e9g\u00e9r\u0151l \u00e9s az akad\u00e1lymentes\u00edt\u00e9sr\u0151l b\u0151vebben Gy\u0151ri Enik\u0151 <a href=\"https:\/\/akadalymentes-info.hu\/\" target=\"_blank\" rel=\"noreferrer noopener\">honlapj\u00e1n <\/a>\u00e9s <a href=\"https:\/\/www.facebook.com\/akadalymentesites\" target=\"_blank\" rel=\"noreferrer noopener\">Facebook oldal\u00e1n<\/a> szerezhet t\u00f6bb inform\u00e1ci\u00f3t.<\/p>\n\n\n\n<p><em>(K\u00e9p\u00fcnk illusztr\u00e1ci\u00f3.)<\/em><\/p>","protected":false},"excerpt":{"rendered":"<p>Fontosnak tartjuk, hogy munk\u00e1nkba olyan rehabilit\u00e1ci\u00f3s szakembereket vonjunk be, akik szerte\u00e1gaz\u00f3 tapasztalattal rendelkeznek az akad\u00e1lymentes k\u00f6rnyezet megval\u00f3s\u00edt\u00e1sa \u00e9s rehabilit\u00e1ci\u00f3 ter\u00e9n. Ez\u00e9rt min\u0151s\u00edt\u00e9si rendszer\u00fcnk alapjait is rehabilit\u00e1ci\u00f3s szakm\u00e9rn\u00f6k\u00f6k bevon\u00e1s\u00e1val hoztuk l\u00e9tre, \u00e9s rendszer\u00fcnk fejleszt\u00e9se sor\u00e1n is v\u00e9gig az \u0151 szak\u00e9rtelm\u00fck t\u00e1mogatja tan\u00fas\u00edt\u00e1sunk validit\u00e1s\u00e1t. Most bemutatjuk nektek Gy\u0151ri Enik\u0151t, aki rehabilit\u00e1ci\u00f3s k\u00f6rnyezettervez\u0151 szak\u00e9rt\u0151k\u00e9nt fog egy\u00fcttm\u0171k\u00f6dni vel\u00fcnk a [&hellip;]<\/p>","protected":false},"author":1,"featured_media":4059,"comment_status":"closed","ping_status":"closed","sticky":false,"template":"","format":"standard","meta":{"footnotes":""},"categories":[10,76],"tags":[],"class_list":["post-4055","post","type-post","status-publish","format-standard","has-post-thumbnail","hentry","category-blog","category-kozlemeny"],"yoast_head":"<!-- This site is optimized with the Yoast SEO plugin v23.8 - https:\/\/yoast.com\/wordpress\/plugins\/seo\/ -->\n<title>Gy\u0151ri Enik\u0151 rehabilit\u00e1ci\u00f3s k\u00f6rnyezettervez\u0151 szak\u00e9rt\u0151 az Access4you egy\u00fcttm\u0171k\u00f6d\u0151 partnere - Access4you H\u00edrek<\/title>\n<meta name=\"robots\" content=\"index, follow, max-snippet:-1, max-image-preview:large, max-video-preview:-1\" \/>\n<link rel=\"canonical\" href=\"https:\/\/news.access4you.io\/en\/2020\/11\/24\/gyori-eniko-rehabilitacios-kornyezettervezo-szakerto-az-access4you-egyuttmukodo-partnere\/\" \/>\n<meta property=\"og:locale\" content=\"en_US\" \/>\n<meta property=\"og:type\" content=\"article\" \/>\n<meta property=\"og:title\" content=\"Gy\u0151ri Enik\u0151 rehabilit\u00e1ci\u00f3s k\u00f6rnyezettervez\u0151 szak\u00e9rt\u0151 az Access4you egy\u00fcttm\u0171k\u00f6d\u0151 partnere - Access4you H\u00edrek\" \/>\n<meta property=\"og:description\" content=\"Fontosnak tartjuk, hogy munk\u00e1nkba olyan rehabilit\u00e1ci\u00f3s szakembereket vonjunk be, akik szerte\u00e1gaz\u00f3 tapasztalattal rendelkeznek az akad\u00e1lymentes k\u00f6rnyezet megval\u00f3s\u00edt\u00e1sa \u00e9s rehabilit\u00e1ci\u00f3 ter\u00e9n. Ez\u00e9rt min\u0151s\u00edt\u00e9si rendszer\u00fcnk alapjait is rehabilit\u00e1ci\u00f3s szakm\u00e9rn\u00f6k\u00f6k bevon\u00e1s\u00e1val hoztuk l\u00e9tre, \u00e9s rendszer\u00fcnk fejleszt\u00e9se sor\u00e1n is v\u00e9gig az \u0151 szak\u00e9rtelm\u00fck t\u00e1mogatja tan\u00fas\u00edt\u00e1sunk validit\u00e1s\u00e1t. Most bemutatjuk nektek Gy\u0151ri Enik\u0151t, aki rehabilit\u00e1ci\u00f3s k\u00f6rnyezettervez\u0151 szak\u00e9rt\u0151k\u00e9nt fog egy\u00fcttm\u0171k\u00f6dni vel\u00fcnk a [&hellip;]\" \/>\n<meta property=\"og:url\" content=\"https:\/\/news.access4you.io\/en\/2020\/11\/24\/gyori-eniko-rehabilitacios-kornyezettervezo-szakerto-az-access4you-egyuttmukodo-partnere\/\" \/>\n<meta property=\"og:site_name\" content=\"Access4you H\u00edrek\" \/>\n<meta property=\"article:published_time\" content=\"2020-11-24T13:48:06+00:00\" \/>\n<meta property=\"article:modified_time\" content=\"2020-11-24T13:48:08+00:00\" \/>\n<meta property=\"og:image\" content=\"https:\/\/news.access4you.io\/wp-content\/uploads\/2020\/11\/Canva-Person-Using-Wheelchair-1-1.jpg\" \/>\n\t<meta property=\"og:image:width\" content=\"2500\" \/>\n\t<meta property=\"og:image:height\" content=\"1667\" \/>\n\t<meta property=\"og:image:type\" content=\"image\/jpeg\" \/>\n<meta name=\"author\" content=\"access4you\" \/>\n<meta name=\"twitter:card\" content=\"summary_large_image\" \/>\n<meta name=\"twitter:label1\" content=\"Written by\" \/>\n\t<meta name=\"twitter:data1\" content=\"access4you\" \/>\n\t<meta name=\"twitter:label2\" content=\"Est. reading time\" \/>\n\t<meta name=\"twitter:data2\" content=\"3 minutes\" \/>\n<script type=\"application\/ld+json\" class=\"yoast-schema-graph\">{\"@context\":\"https:\/\/schema.org\",\"@graph\":[{\"@type\":\"Article\",\"@id\":\"https:\/\/news.access4you.io\/2020\/11\/24\/gyori-eniko-rehabilitacios-kornyezettervezo-szakerto-az-access4you-egyuttmukodo-partnere\/#article\",\"isPartOf\":{\"@id\":\"https:\/\/news.access4you.io\/2020\/11\/24\/gyori-eniko-rehabilitacios-kornyezettervezo-szakerto-az-access4you-egyuttmukodo-partnere\/\"},\"author\":{\"name\":\"access4you\",\"@id\":\"https:\/\/news.access4you.io\/#\/schema\/person\/cb4fff088aa5f5f43a6f4ce3a1e2e084\"},\"headline\":\"Gy\u0151ri Enik\u0151 rehabilit\u00e1ci\u00f3s k\u00f6rnyezettervez\u0151 szak\u00e9rt\u0151 az Access4you egy\u00fcttm\u0171k\u00f6d\u0151 partnere\",\"datePublished\":\"2020-11-24T13:48:06+00:00\",\"dateModified\":\"2020-11-24T13:48:08+00:00\",\"mainEntityOfPage\":{\"@id\":\"https:\/\/news.access4you.io\/2020\/11\/24\/gyori-eniko-rehabilitacios-kornyezettervezo-szakerto-az-access4you-egyuttmukodo-partnere\/\"},\"wordCount\":527,\"publisher\":{\"@id\":\"https:\/\/news.access4you.io\/#organization\"},\"image\":{\"@id\":\"https:\/\/news.access4you.io\/2020\/11\/24\/gyori-eniko-rehabilitacios-kornyezettervezo-szakerto-az-access4you-egyuttmukodo-partnere\/#primaryimage\"},\"thumbnailUrl\":\"https:\/\/news.access4you.io\/wp-content\/uploads\/2020\/11\/Canva-Person-Using-Wheelchair-1-1.jpg\",\"articleSection\":[\"Blog\",\"K\u00f6zlem\u00e9ny\"],\"inLanguage\":\"en-US\"},{\"@type\":\"WebPage\",\"@id\":\"https:\/\/news.access4you.io\/2020\/11\/24\/gyori-eniko-rehabilitacios-kornyezettervezo-szakerto-az-access4you-egyuttmukodo-partnere\/\",\"url\":\"https:\/\/news.access4you.io\/2020\/11\/24\/gyori-eniko-rehabilitacios-kornyezettervezo-szakerto-az-access4you-egyuttmukodo-partnere\/\",\"name\":\"Gy\u0151ri Enik\u0151 rehabilit\u00e1ci\u00f3s k\u00f6rnyezettervez\u0151 szak\u00e9rt\u0151 az Access4you egy\u00fcttm\u0171k\u00f6d\u0151 partnere - Access4you H\u00edrek\",\"isPartOf\":{\"@id\":\"https:\/\/news.access4you.io\/#website\"},\"primaryImageOfPage\":{\"@id\":\"https:\/\/news.access4you.io\/2020\/11\/24\/gyori-eniko-rehabilitacios-kornyezettervezo-szakerto-az-access4you-egyuttmukodo-partnere\/#primaryimage\"},\"image\":{\"@id\":\"https:\/\/news.access4you.io\/2020\/11\/24\/gyori-eniko-rehabilitacios-kornyezettervezo-szakerto-az-access4you-egyuttmukodo-partnere\/#primaryimage\"},\"thumbnailUrl\":\"https:\/\/news.access4you.io\/wp-content\/uploads\/2020\/11\/Canva-Person-Using-Wheelchair-1-1.jpg\",\"datePublished\":\"2020-11-24T13:48:06+00:00\",\"dateModified\":\"2020-11-24T13:48:08+00:00\",\"breadcrumb\":{\"@id\":\"https:\/\/news.access4you.io\/2020\/11\/24\/gyori-eniko-rehabilitacios-kornyezettervezo-szakerto-az-access4you-egyuttmukodo-partnere\/#breadcrumb\"},\"inLanguage\":\"en-US\",\"potentialAction\":[{\"@type\":\"ReadAction\",\"target\":[\"https:\/\/news.access4you.io\/2020\/11\/24\/gyori-eniko-rehabilitacios-kornyezettervezo-szakerto-az-access4you-egyuttmukodo-partnere\/\"]}]},{\"@type\":\"ImageObject\",\"inLanguage\":\"en-US\",\"@id\":\"https:\/\/news.access4you.io\/2020\/11\/24\/gyori-eniko-rehabilitacios-kornyezettervezo-szakerto-az-access4you-egyuttmukodo-partnere\/#primaryimage\",\"url\":\"https:\/\/news.access4you.io\/wp-content\/uploads\/2020\/11\/Canva-Person-Using-Wheelchair-1-1.jpg\",\"contentUrl\":\"https:\/\/news.access4you.io\/wp-content\/uploads\/2020\/11\/Canva-Person-Using-Wheelchair-1-1.jpg\",\"width\":2500,\"height\":1667,\"caption\":\"K\u00e9p\u00fcnk illusztr\u00e1ci\u00f3.\"},{\"@type\":\"BreadcrumbList\",\"@id\":\"https:\/\/news.access4you.io\/2020\/11\/24\/gyori-eniko-rehabilitacios-kornyezettervezo-szakerto-az-access4you-egyuttmukodo-partnere\/#breadcrumb\",\"itemListElement\":[{\"@type\":\"ListItem\",\"position\":1,\"name\":\"Kezd\u0151lap\",\"item\":\"https:\/\/news.access4you.io\/\"},{\"@type\":\"ListItem\",\"position\":2,\"name\":\"Gy\u0151ri Enik\u0151 rehabilit\u00e1ci\u00f3s k\u00f6rnyezettervez\u0151 szak\u00e9rt\u0151 az Access4you egy\u00fcttm\u0171k\u00f6d\u0151 partnere\"}]},{\"@type\":\"WebSite\",\"@id\":\"https:\/\/news.access4you.io\/#website\",\"url\":\"https:\/\/news.access4you.io\/\",\"name\":\"Access4you H\u00edrek\",\"description\":\"\",\"publisher\":{\"@id\":\"https:\/\/news.access4you.io\/#organization\"},\"potentialAction\":[{\"@type\":\"SearchAction\",\"target\":{\"@type\":\"EntryPoint\",\"urlTemplate\":\"https:\/\/news.access4you.io\/?s={search_term_string}\"},\"query-input\":{\"@type\":\"PropertyValueSpecification\",\"valueRequired\":true,\"valueName\":\"search_term_string\"}}],\"inLanguage\":\"en-US\"},{\"@type\":\"Organization\",\"@id\":\"https:\/\/news.access4you.io\/#organization\",\"name\":\"Access4you H\u00edrek\",\"url\":\"https:\/\/news.access4you.io\/\",\"logo\":{\"@type\":\"ImageObject\",\"inLanguage\":\"en-US\",\"@id\":\"https:\/\/news.access4you.io\/#\/schema\/logo\/image\/\",\"url\":\"https:\/\/news.access4you.io\/wp-content\/uploads\/2021\/01\/a4u-logo-black.png\",\"contentUrl\":\"https:\/\/news.access4you.io\/wp-content\/uploads\/2021\/01\/a4u-logo-black.png\",\"width\":726,\"height\":454,\"caption\":\"Access4you H\u00edrek\"},\"image\":{\"@id\":\"https:\/\/news.access4you.io\/#\/schema\/logo\/image\/\"}},{\"@type\":\"Person\",\"@id\":\"https:\/\/news.access4you.io\/#\/schema\/person\/cb4fff088aa5f5f43a6f4ce3a1e2e084\",\"name\":\"access4you\",\"image\":{\"@type\":\"ImageObject\",\"inLanguage\":\"en-US\",\"@id\":\"https:\/\/news.access4you.io\/#\/schema\/person\/image\/\",\"url\":\"https:\/\/secure.gravatar.com\/avatar\/9795a8b3afc7ed258d167a92dbb1075b37bab5bc83b1ac9182ff4f58c22040b8?s=96&d=mm&r=g\",\"contentUrl\":\"https:\/\/secure.gravatar.com\/avatar\/9795a8b3afc7ed258d167a92dbb1075b37bab5bc83b1ac9182ff4f58c22040b8?s=96&d=mm&r=g\",\"caption\":\"access4you\"},\"sameAs\":[\"http:\/\/localhost\/access4you\"],\"url\":\"https:\/\/news.access4you.io\/en\/author\/access4you\/\"}]}<\/script>\n<!-- \/ Yoast SEO plugin. -->","yoast_head_json":{"title":"Gy\u0151ri Enik\u0151 rehabilit\u00e1ci\u00f3s k\u00f6rnyezettervez\u0151 szak\u00e9rt\u0151 az Access4you egy\u00fcttm\u0171k\u00f6d\u0151 partnere - Access4you H\u00edrek","robots":{"index":"index","follow":"follow","max-snippet":"max-snippet:-1","max-image-preview":"max-image-preview:large","max-video-preview":"max-video-preview:-1"},"canonical":"https:\/\/news.access4you.io\/en\/2020\/11\/24\/gyori-eniko-rehabilitacios-kornyezettervezo-szakerto-az-access4you-egyuttmukodo-partnere\/","og_locale":"en_US","og_type":"article","og_title":"Gy\u0151ri Enik\u0151 rehabilit\u00e1ci\u00f3s k\u00f6rnyezettervez\u0151 szak\u00e9rt\u0151 az Access4you egy\u00fcttm\u0171k\u00f6d\u0151 partnere - Access4you H\u00edrek","og_description":"Fontosnak tartjuk, hogy munk\u00e1nkba olyan rehabilit\u00e1ci\u00f3s szakembereket vonjunk be, akik szerte\u00e1gaz\u00f3 tapasztalattal rendelkeznek az akad\u00e1lymentes k\u00f6rnyezet megval\u00f3s\u00edt\u00e1sa \u00e9s rehabilit\u00e1ci\u00f3 ter\u00e9n. Ez\u00e9rt min\u0151s\u00edt\u00e9si rendszer\u00fcnk alapjait is rehabilit\u00e1ci\u00f3s szakm\u00e9rn\u00f6k\u00f6k bevon\u00e1s\u00e1val hoztuk l\u00e9tre, \u00e9s rendszer\u00fcnk fejleszt\u00e9se sor\u00e1n is v\u00e9gig az \u0151 szak\u00e9rtelm\u00fck t\u00e1mogatja tan\u00fas\u00edt\u00e1sunk validit\u00e1s\u00e1t. Most bemutatjuk nektek Gy\u0151ri Enik\u0151t, aki rehabilit\u00e1ci\u00f3s k\u00f6rnyezettervez\u0151 szak\u00e9rt\u0151k\u00e9nt fog egy\u00fcttm\u0171k\u00f6dni vel\u00fcnk a [&hellip;]","og_url":"https:\/\/news.access4you.io\/en\/2020\/11\/24\/gyori-eniko-rehabilitacios-kornyezettervezo-szakerto-az-access4you-egyuttmukodo-partnere\/","og_site_name":"Access4you H\u00edrek","article_published_time":"2020-11-24T13:48:06+00:00","article_modified_time":"2020-11-24T13:48:08+00:00","og_image":[{"width":2500,"height":1667,"url":"https:\/\/news.access4you.io\/wp-content\/uploads\/2020\/11\/Canva-Person-Using-Wheelchair-1-1.jpg","type":"image\/jpeg"}],"author":"access4you","twitter_card":"summary_large_image","twitter_misc":{"Written by":"access4you","Est. reading time":"3 minutes"},"schema":{"@context":"https:\/\/schema.org","@graph":[{"@type":"Article","@id":"https:\/\/news.access4you.io\/2020\/11\/24\/gyori-eniko-rehabilitacios-kornyezettervezo-szakerto-az-access4you-egyuttmukodo-partnere\/#article","isPartOf":{"@id":"https:\/\/news.access4you.io\/2020\/11\/24\/gyori-eniko-rehabilitacios-kornyezettervezo-szakerto-az-access4you-egyuttmukodo-partnere\/"},"author":{"name":"access4you","@id":"https:\/\/news.access4you.io\/#\/schema\/person\/cb4fff088aa5f5f43a6f4ce3a1e2e084"},"headline":"Gy\u0151ri Enik\u0151 rehabilit\u00e1ci\u00f3s k\u00f6rnyezettervez\u0151 szak\u00e9rt\u0151 az Access4you egy\u00fcttm\u0171k\u00f6d\u0151 partnere","datePublished":"2020-11-24T13:48:06+00:00","dateModified":"2020-11-24T13:48:08+00:00","mainEntityOfPage":{"@id":"https:\/\/news.access4you.io\/2020\/11\/24\/gyori-eniko-rehabilitacios-kornyezettervezo-szakerto-az-access4you-egyuttmukodo-partnere\/"},"wordCount":527,"publisher":{"@id":"https:\/\/news.access4you.io\/#organization"},"image":{"@id":"https:\/\/news.access4you.io\/2020\/11\/24\/gyori-eniko-rehabilitacios-kornyezettervezo-szakerto-az-access4you-egyuttmukodo-partnere\/#primaryimage"},"thumbnailUrl":"https:\/\/news.access4you.io\/wp-content\/uploads\/2020\/11\/Canva-Person-Using-Wheelchair-1-1.jpg","articleSection":["Blog","K\u00f6zlem\u00e9ny"],"inLanguage":"en-US"},{"@type":"WebPage","@id":"https:\/\/news.access4you.io\/2020\/11\/24\/gyori-eniko-rehabilitacios-kornyezettervezo-szakerto-az-access4you-egyuttmukodo-partnere\/","url":"https:\/\/news.access4you.io\/2020\/11\/24\/gyori-eniko-rehabilitacios-kornyezettervezo-szakerto-az-access4you-egyuttmukodo-partnere\/","name":"Gy\u0151ri Enik\u0151 rehabilit\u00e1ci\u00f3s k\u00f6rnyezettervez\u0151 szak\u00e9rt\u0151 az Access4you egy\u00fcttm\u0171k\u00f6d\u0151 partnere - Access4you H\u00edrek","isPartOf":{"@id":"https:\/\/news.access4you.io\/#website"},"primaryImageOfPage":{"@id":"https:\/\/news.access4you.io\/2020\/11\/24\/gyori-eniko-rehabilitacios-kornyezettervezo-szakerto-az-access4you-egyuttmukodo-partnere\/#primaryimage"},"image":{"@id":"https:\/\/news.access4you.io\/2020\/11\/24\/gyori-eniko-rehabilitacios-kornyezettervezo-szakerto-az-access4you-egyuttmukodo-partnere\/#primaryimage"},"thumbnailUrl":"https:\/\/news.access4you.io\/wp-content\/uploads\/2020\/11\/Canva-Person-Using-Wheelchair-1-1.jpg","datePublished":"2020-11-24T13:48:06+00:00","dateModified":"2020-11-24T13:48:08+00:00","breadcrumb":{"@id":"https:\/\/news.access4you.io\/2020\/11\/24\/gyori-eniko-rehabilitacios-kornyezettervezo-szakerto-az-access4you-egyuttmukodo-partnere\/#breadcrumb"},"inLanguage":"en-US","potentialAction":[{"@type":"ReadAction","target":["https:\/\/news.access4you.io\/2020\/11\/24\/gyori-eniko-rehabilitacios-kornyezettervezo-szakerto-az-access4you-egyuttmukodo-partnere\/"]}]},{"@type":"ImageObject","inLanguage":"en-US","@id":"https:\/\/news.access4you.io\/2020\/11\/24\/gyori-eniko-rehabilitacios-kornyezettervezo-szakerto-az-access4you-egyuttmukodo-partnere\/#primaryimage","url":"https:\/\/news.access4you.io\/wp-content\/uploads\/2020\/11\/Canva-Person-Using-Wheelchair-1-1.jpg","contentUrl":"https:\/\/news.access4you.io\/wp-content\/uploads\/2020\/11\/Canva-Person-Using-Wheelchair-1-1.jpg","width":2500,"height":1667,"caption":"K\u00e9p\u00fcnk illusztr\u00e1ci\u00f3."},{"@type":"BreadcrumbList","@id":"https:\/\/news.access4you.io\/2020\/11\/24\/gyori-eniko-rehabilitacios-kornyezettervezo-szakerto-az-access4you-egyuttmukodo-partnere\/#breadcrumb","itemListElement":[{"@type":"ListItem","position":1,"name":"Kezd\u0151lap","item":"https:\/\/news.access4you.io\/"},{"@type":"ListItem","position":2,"name":"Gy\u0151ri Enik\u0151 rehabilit\u00e1ci\u00f3s k\u00f6rnyezettervez\u0151 szak\u00e9rt\u0151 az Access4you egy\u00fcttm\u0171k\u00f6d\u0151 partnere"}]},{"@type":"WebSite","@id":"https:\/\/news.access4you.io\/#website","url":"https:\/\/news.access4you.io\/","name":"Access4you H\u00edrek","description":"","publisher":{"@id":"https:\/\/news.access4you.io\/#organization"},"potentialAction":[{"@type":"SearchAction","target":{"@type":"EntryPoint","urlTemplate":"https:\/\/news.access4you.io\/?s={search_term_string}"},"query-input":{"@type":"PropertyValueSpecification","valueRequired":true,"valueName":"search_term_string"}}],"inLanguage":"en-US"},{"@type":"Organization","@id":"https:\/\/news.access4you.io\/#organization","name":"Access4you H\u00edrek","url":"https:\/\/news.access4you.io\/","logo":{"@type":"ImageObject","inLanguage":"en-US","@id":"https:\/\/news.access4you.io\/#\/schema\/logo\/image\/","url":"https:\/\/news.access4you.io\/wp-content\/uploads\/2021\/01\/a4u-logo-black.png","contentUrl":"https:\/\/news.access4you.io\/wp-content\/uploads\/2021\/01\/a4u-logo-black.png","width":726,"height":454,"caption":"Access4you H\u00edrek"},"image":{"@id":"https:\/\/news.access4you.io\/#\/schema\/logo\/image\/"}},{"@type":"Person","@id":"https:\/\/news.access4you.io\/#\/schema\/person\/cb4fff088aa5f5f43a6f4ce3a1e2e084","name":"access4you","image":{"@type":"ImageObject","inLanguage":"en-US","@id":"https:\/\/news.access4you.io\/#\/schema\/person\/image\/","url":"https:\/\/secure.gravatar.com\/avatar\/9795a8b3afc7ed258d167a92dbb1075b37bab5bc83b1ac9182ff4f58c22040b8?s=96&d=mm&r=g","contentUrl":"https:\/\/secure.gravatar.com\/avatar\/9795a8b3afc7ed258d167a92dbb1075b37bab5bc83b1ac9182ff4f58c22040b8?s=96&d=mm&r=g","caption":"access4you"},"sameAs":["http:\/\/localhost\/access4you"],"url":"https:\/\/news.access4you.io\/en\/author\/access4you\/"}]}},"_links":{"self":[{"href":"https:\/\/news.access4you.io\/en\/wp-json\/wp\/v2\/posts\/4055","targetHints":{"allow":["GET"]}}],"collection":[{"href":"https:\/\/news.access4you.io\/en\/wp-json\/wp\/v2\/posts"}],"about":[{"href":"https:\/\/news.access4you.io\/en\/wp-json\/wp\/v2\/types\/post"}],"author":[{"embeddable":true,"href":"https:\/\/news.access4you.io\/en\/wp-json\/wp\/v2\/users\/1"}],"replies":[{"embeddable":true,"href":"https:\/\/news.access4you.io\/en\/wp-json\/wp\/v2\/comments?post=4055"}],"version-history":[{"count":0,"href":"https:\/\/news.access4you.io\/en\/wp-json\/wp\/v2\/posts\/4055\/revisions"}],"wp:featuredmedia":[{"embeddable":true,"href":"https:\/\/news.access4you.io\/en\/wp-json\/wp\/v2\/media\/4059"}],"wp:attachment":[{"href":"https:\/\/news.access4you.io\/en\/wp-json\/wp\/v2\/media?parent=4055"}],"wp:term":[{"taxonomy":"category","embeddable":true,"href":"https:\/\/news.access4you.io\/en\/wp-json\/wp\/v2\/categories?post=4055"},{"taxonomy":"post_tag","embeddable":true,"href":"https:\/\/news.access4you.io\/en\/wp-json\/wp\/v2\/tags?post=4055"}],"curies":[{"name":"wp","href":"https:\/\/api.w.org\/{rel}","templated":true}]}}