{"id":4062,"date":"2020-11-30T11:08:27","date_gmt":"2020-11-30T11:08:27","guid":{"rendered":"http:\/\/news.access4you.io\/?p=4062"},"modified":"2020-11-30T11:08:29","modified_gmt":"2020-11-30T11:08:29","slug":"atenor-kozel-230-000-nm-inkluziv-irodaterulet-13-ev-alatt","status":"publish","type":"post","link":"https:\/\/news.access4you.io\/en\/2020\/11\/30\/atenor-kozel-230-000-nm-inkluziv-irodaterulet-13-ev-alatt\/","title":{"rendered":"Atenor: k\u00f6zel 230 000 nm inkluz\u00edv irodater\u00fclet 13 \u00e9v alatt"},"content":{"rendered":"<p><strong>A belga tulajdon\u00fa Atenor ingatlanfejleszt\u0151 13 \u00e9ve van Magyarorsz\u00e1gon, \u00e9s olyan megaprojektek f\u0171z\u0151dnek a nev\u00e9hez, mint az id\u00e9n teljesen befejezett V\u00e1ci Greens, vagy az els\u0151 \u00e9p\u00fclettel m\u00e1r elk\u00e9sz\u00fclt Ar\u00e9na Business Campus. Az eddig megval\u00f3sult irodater\u00fclet \u00e9s a k\u00f6vetkez\u0151 \u00e9vekre tervezett fejleszt\u00e9sek majdnem 230 000 nm tan\u00fas\u00edtott akad\u00e1lymentes ter\u00fcletet fognak l\u00e9trehozni, melyhez partnerk\u00e9nt az Access4you-t vont\u00e1k be.<\/strong><\/p>\n\n\n\n<p>\u201c<em>Itt nincs mit m\u00e9rlegelni, ez mindenkinek j\u00e1r.<\/em>\u201d &#8211; mondta <strong>Borb\u00e9ly Zolt\u00e1n<\/strong>, az <strong>Atenor Country Directora<\/strong> az akad\u00e1lymentes \u00e9p\u00fcletekr\u0151l 2020 elej\u00e9n egy RICS rendezv\u00e9nyen, ahol az inkluz\u00edv ingatlanfejleszt\u00e9sr\u0151l tartottak kerekasztal besz\u00e9lget\u00e9st. Az Atenor er\u0151s nemzetk\u00f6zi v\u00e1llalati kult\u00far\u00e1j\u00e1nak egyik pill\u00e9re az emberk\u00f6zpont\u00fa tervez\u00e9s: olyan ingatlan beruh\u00e1z\u00e1sok megval\u00f3s\u00edt\u00e1sa a c\u00e9l, amelyek harmoniz\u00e1lnak a v\u00e1rossal, k\u00f6rnyezettudatosak, \u00e9s nem utols\u00f3 sorban az ingatlant haszn\u00e1l\u00f3 emberek k\u00e9nyelm\u00e9t \u00e9s j\u00f3l\u00e9t\u00e9t szolg\u00e1lj\u00e1k. Az Atenor gondolkod\u00e1sa pedig itt egy\u00e9rtelm\u0171 &#8211; <strong>ha emberekr\u0151l besz\u00e9lnek, mindenkir\u0151l besz\u00e9lnek<\/strong>, a speci\u00e1lis ig\u00e9ny\u0171 emberekr\u0151l is. A speci\u00e1lis ig\u00e9ny\u0171 emberek ugyanis a t\u00e1rsadalom 15%-\u00e1t k\u00e9pviselik, ide tartoznak a kerekessz\u00e9ket haszn\u00e1l\u00f3k, mozg\u00e1sukban korl\u00e1tozottak, audiovizu\u00e1lis akad\u00e1lyokkal, vagy kognit\u00edv zavarral \u00e9l\u0151 emberek.<\/p>\n\n\n\n<p><em><strong>Mi\u00e9rt fontos, hogy a speci\u00e1lis ig\u00e9ny\u0171 emberek sz\u00e1m\u00e1ra akad\u00e1lymentes l\u00e9tes\u00edtm\u00e9nyek j\u00f6jjenek l\u00e9tre?<\/strong><\/em><\/p>\n\n\n\n<p>A vil\u00e1gon 1,2 milli\u00e1rd, Eur\u00f3p\u00e1ban 120 milli\u00f3, Magyarorsz\u00e1gon 1,5 milli\u00f3 speci\u00e1lis ig\u00e9ny\u0171 ember \u00e9l. Az \u0151 integr\u00e1ci\u00f3juk egyr\u00e9szt <strong>emberi jogi \u00e9s es\u00e9lyegyenl\u0151s\u00e9gi szempontb\u00f3l<\/strong> megk\u00e9rd\u0151jelezhetetlen\u00fcl fontos, de az egyetemes, inkluz\u00edv k\u00f6rnyezet fejleszt\u00e9s\u00e9vel \u00e9s \u00f6szt\u00f6nz\u00e9s\u00e9vel a v\u00e1llalkoz\u00e1sok \u00e9s c\u00e9gek sz\u00e1m\u00e1ra <strong>gazdas\u00e1gi \u00e9s \u00fczleti el\u0151nyt<\/strong> is jelent. A speci\u00e1lis ig\u00e9ny\u0171 emberek v\u00e1s\u00e1rl\u00f3ereje ugyanis \u00e9vi 8 milli\u00e1rd doll\u00e1r, munkaer\u0151piaci jelent\u0151s\u00e9g\u00fck pedig m\u00e9g nagyobb. Az a szellemi t\u0151ke \u00e9s tehets\u00e9g, tud\u00e1s, amely a speci\u00e1lis ig\u00e9ny\u0171 emberek birtok\u00e1ban van, a v\u00e1llalatok sz\u00e1m\u00e1ra a fenntarthat\u00f3 fejl\u0151d\u00e9s egyik pill\u00e9re lehet. Ennek egyik bizony\u00edt\u00e9ka az az egyre <strong>er\u0151sebb, glob\u00e1lis v\u00e1llalatokat gy\u0171jt\u0151 nemzetk\u00f6zi trend, amely az inkluz\u00edv v\u00e1llalati kult\u00fara er\u0151s\u00edt\u00e9s\u00e9t t\u0171zte ki c\u00e9lul.<\/strong> A speci\u00e1lis ig\u00e9ny\u0171 emberek jelenl\u00e9t\u00e9t az \u00e9let minden ter\u00fclet\u00e9n a hozz\u00e1f\u00e9rhet\u0151s\u00e9g biztos\u00edt\u00e1sa teszi lehet\u0151v\u00e9.<\/p>\n\n\n\n<p><strong><em>Akad\u00e1lymentess\u00e9g hitelesen, a legmagasabb szinten<\/em><\/strong><\/p>\n\n\n\n<p>Az Atenor minden projektj\u00e9ben a legmagasabb szint\u0171, hiteles akad\u00e1lymentess\u00e9g kialak\u00edt\u00e1sa mellett d\u00f6nt\u00f6tt. Az 50 000 nm-es V\u00e1ci Greens E \u00e9s F \u00e9p\u00fclet\u00e9n\u00e9l, illetve a 72 000 nm-es Ar\u00e9na Business Campus teljes projektj\u00e9n\u00e9l az <strong>akad\u00e1lymentess\u00e9g m\u00e1r a tervez\u0151asztalon el\u0151t\u00e9rbe ker\u00fclt. <\/strong>Az Atenor a m\u0171szaki tervek kidolgoz\u00e1s\u00e1ba rehabilit\u00e1ci\u00f3s szakm\u00e9rn\u00f6k\u00f6ket vont be, \u00e9s az <strong>Access4you 8 speci\u00e1lis ig\u00e9ny\u0171 \u00e9rintetti csoport sz\u00e1m\u00e1ra kialak\u00edtott akad\u00e1lymentess\u00e9gi k\u00f6vetelm\u00e9nyrendszer\u00e9t vette alapul. <\/strong>A k\u00f6vetelm\u00e9nyrendszer mind az \u00e9p\u00edtett k\u00f6rnyezet, a bejut\u00e1s, t\u00e1j\u00e9koz\u00f3d\u00e1s \u00e9s el\u00e9rhet\u0151 szolg\u00e1ltat\u00e1sok haszn\u00e1lhat\u00f3s\u00e1g\u00e1t \u00e9s hozz\u00e1f\u00e9rhet\u0151s\u00e9g\u00e9t vizsg\u00e1lja. Az alapszint\u0171, mozg\u00e1s t\u00edpus\u00fa akad\u00e1lymentess\u00e9gen t\u00fal az Atenor minden \u00e9rintetti csoportra kiterjesztette a hozz\u00e1f\u00e9rhet\u0151s\u00e9g ig\u00e9ny\u00e9t, ez\u00e9rt az elk\u00e9sz\u00fclt projektek a felm\u00e9r\u00e9st k\u00f6vet\u0151en v\u00e1rhat\u00f3an mind arany fokozat\u00fa, tan\u00fas\u00edtott Access4you akad\u00e1lymentes irodah\u00e1zak lesznek.<\/p>\n\n\n\n<p><strong><em>Nem v\u00e1ltoztatnak a m\u00f3dszeren<\/em><\/strong><\/p>\n\n\n\n<p>B\u00e1r a jelenlegi korona v\u00edrus \u00e1ltal \u00e1tsz\u0151tt id\u0151szakban sok v\u00e1llalat \u00fajragondolja office strat\u00e9gi\u00e1j\u00e1t, Borb\u00e9ly Zolt\u00e1n optimista, a fejleszt\u00e9sek teljes\u00edt\u00e9s\u00e9re k\u00e9sz\u00fclnek, nem v\u00e1ls\u00e1gra. <strong>A hossz\u00fa t\u00e1v\u00fa tervek k\u00f6z\u00f6tt a felel\u0151sen, fenntarthat\u00f3 m\u00f3don gondolkod\u00f3 b\u00e9rl\u0151k megtal\u00e1l\u00e1sa a c\u00e9l.<\/strong> \u00cdgy tov\u00e1bb folytatj\u00e1k az 15 000 nm-es b\u00e9csi \u00fati RoseVille projektet \u00e9s az 17 000 nm-es BakerStreet projektet, melyeket szint\u00e9n a legmagasabb szint\u0171 akad\u00e1lymentess\u00e9gre, arany fokozat\u00fa Access4you tan\u00fas\u00edt\u00e1sra terveztek.<\/p>","protected":false},"excerpt":{"rendered":"<p>A belga tulajdon\u00fa Atenor ingatlanfejleszt\u0151 13 \u00e9ve van Magyarorsz\u00e1gon, \u00e9s olyan megaprojektek f\u0171z\u0151dnek a nev\u00e9hez, mint az id\u00e9n teljesen befejezett V\u00e1ci Greens, vagy az els\u0151 \u00e9p\u00fclettel m\u00e1r elk\u00e9sz\u00fclt Ar\u00e9na Business Campus. Az eddig megval\u00f3sult irodater\u00fclet \u00e9s a k\u00f6vetkez\u0151 \u00e9vekre tervezett fejleszt\u00e9sek majdnem 230 000 nm tan\u00fas\u00edtott akad\u00e1lymentes ter\u00fcletet fognak l\u00e9trehozni, melyhez partnerk\u00e9nt az Access4you-t vont\u00e1k [&hellip;]<\/p>","protected":false},"author":1,"featured_media":4063,"comment_status":"closed","ping_status":"closed","sticky":false,"template":"","format":"standard","meta":{"footnotes":""},"categories":[74,10,76],"tags":[],"class_list":["post-4062","post","type-post","status-publish","format-standard","has-post-thumbnail","hentry","category-szivugyunk","category-blog","category-kozlemeny"],"yoast_head":"<!-- This site is optimized with the Yoast SEO plugin v23.8 - https:\/\/yoast.com\/wordpress\/plugins\/seo\/ -->\n<title>Atenor: k\u00f6zel 230 000 nm inkluz\u00edv irodater\u00fclet 13 \u00e9v alatt - Access4you H\u00edrek<\/title>\n<meta name=\"robots\" content=\"index, follow, max-snippet:-1, max-image-preview:large, max-video-preview:-1\" \/>\n<link rel=\"canonical\" href=\"https:\/\/news.access4you.io\/en\/2020\/11\/30\/atenor-kozel-230-000-nm-inkluziv-irodaterulet-13-ev-alatt\/\" \/>\n<meta property=\"og:locale\" content=\"en_US\" \/>\n<meta property=\"og:type\" content=\"article\" \/>\n<meta property=\"og:title\" content=\"Atenor: k\u00f6zel 230 000 nm inkluz\u00edv irodater\u00fclet 13 \u00e9v alatt - Access4you H\u00edrek\" \/>\n<meta property=\"og:description\" content=\"A belga tulajdon\u00fa Atenor ingatlanfejleszt\u0151 13 \u00e9ve van Magyarorsz\u00e1gon, \u00e9s olyan megaprojektek f\u0171z\u0151dnek a nev\u00e9hez, mint az id\u00e9n teljesen befejezett V\u00e1ci Greens, vagy az els\u0151 \u00e9p\u00fclettel m\u00e1r elk\u00e9sz\u00fclt Ar\u00e9na Business Campus. Az eddig megval\u00f3sult irodater\u00fclet \u00e9s a k\u00f6vetkez\u0151 \u00e9vekre tervezett fejleszt\u00e9sek majdnem 230 000 nm tan\u00fas\u00edtott akad\u00e1lymentes ter\u00fcletet fognak l\u00e9trehozni, melyhez partnerk\u00e9nt az Access4you-t vont\u00e1k [&hellip;]\" \/>\n<meta property=\"og:url\" content=\"https:\/\/news.access4you.io\/en\/2020\/11\/30\/atenor-kozel-230-000-nm-inkluziv-irodaterulet-13-ev-alatt\/\" \/>\n<meta property=\"og:site_name\" content=\"Access4you H\u00edrek\" \/>\n<meta property=\"article:published_time\" content=\"2020-11-30T11:08:27+00:00\" \/>\n<meta property=\"article:modified_time\" content=\"2020-11-30T11:08:29+00:00\" \/>\n<meta property=\"og:image\" content=\"https:\/\/news.access4you.io\/wp-content\/uploads\/2020\/11\/vaci-greeens-EF.jpg\" \/>\n\t<meta property=\"og:image:width\" content=\"1629\" \/>\n\t<meta property=\"og:image:height\" content=\"1086\" \/>\n\t<meta property=\"og:image:type\" content=\"image\/jpeg\" \/>\n<meta name=\"author\" content=\"access4you\" \/>\n<meta name=\"twitter:card\" content=\"summary_large_image\" \/>\n<meta name=\"twitter:label1\" content=\"Written by\" \/>\n\t<meta name=\"twitter:data1\" content=\"access4you\" \/>\n\t<meta name=\"twitter:label2\" content=\"Est. reading time\" \/>\n\t<meta name=\"twitter:data2\" content=\"4 minutes\" \/>\n<script type=\"application\/ld+json\" class=\"yoast-schema-graph\">{\"@context\":\"https:\/\/schema.org\",\"@graph\":[{\"@type\":\"Article\",\"@id\":\"https:\/\/news.access4you.io\/2020\/11\/30\/atenor-kozel-230-000-nm-inkluziv-irodaterulet-13-ev-alatt\/#article\",\"isPartOf\":{\"@id\":\"https:\/\/news.access4you.io\/2020\/11\/30\/atenor-kozel-230-000-nm-inkluziv-irodaterulet-13-ev-alatt\/\"},\"author\":{\"name\":\"access4you\",\"@id\":\"https:\/\/news.access4you.io\/#\/schema\/person\/cb4fff088aa5f5f43a6f4ce3a1e2e084\"},\"headline\":\"Atenor: k\u00f6zel 230 000 nm inkluz\u00edv irodater\u00fclet 13 \u00e9v alatt\",\"datePublished\":\"2020-11-30T11:08:27+00:00\",\"dateModified\":\"2020-11-30T11:08:29+00:00\",\"mainEntityOfPage\":{\"@id\":\"https:\/\/news.access4you.io\/2020\/11\/30\/atenor-kozel-230-000-nm-inkluziv-irodaterulet-13-ev-alatt\/\"},\"wordCount\":774,\"publisher\":{\"@id\":\"https:\/\/news.access4you.io\/#organization\"},\"image\":{\"@id\":\"https:\/\/news.access4you.io\/2020\/11\/30\/atenor-kozel-230-000-nm-inkluziv-irodaterulet-13-ev-alatt\/#primaryimage\"},\"thumbnailUrl\":\"https:\/\/news.access4you.io\/wp-content\/uploads\/2020\/11\/vaci-greeens-EF.jpg\",\"articleSection\":[\"Sz\u00edv\u00fcgy\u00fcnk\",\"Blog\",\"K\u00f6zlem\u00e9ny\"],\"inLanguage\":\"en-US\"},{\"@type\":\"WebPage\",\"@id\":\"https:\/\/news.access4you.io\/2020\/11\/30\/atenor-kozel-230-000-nm-inkluziv-irodaterulet-13-ev-alatt\/\",\"url\":\"https:\/\/news.access4you.io\/2020\/11\/30\/atenor-kozel-230-000-nm-inkluziv-irodaterulet-13-ev-alatt\/\",\"name\":\"Atenor: k\u00f6zel 230 000 nm inkluz\u00edv irodater\u00fclet 13 \u00e9v alatt - Access4you H\u00edrek\",\"isPartOf\":{\"@id\":\"https:\/\/news.access4you.io\/#website\"},\"primaryImageOfPage\":{\"@id\":\"https:\/\/news.access4you.io\/2020\/11\/30\/atenor-kozel-230-000-nm-inkluziv-irodaterulet-13-ev-alatt\/#primaryimage\"},\"image\":{\"@id\":\"https:\/\/news.access4you.io\/2020\/11\/30\/atenor-kozel-230-000-nm-inkluziv-irodaterulet-13-ev-alatt\/#primaryimage\"},\"thumbnailUrl\":\"https:\/\/news.access4you.io\/wp-content\/uploads\/2020\/11\/vaci-greeens-EF.jpg\",\"datePublished\":\"2020-11-30T11:08:27+00:00\",\"dateModified\":\"2020-11-30T11:08:29+00:00\",\"breadcrumb\":{\"@id\":\"https:\/\/news.access4you.io\/2020\/11\/30\/atenor-kozel-230-000-nm-inkluziv-irodaterulet-13-ev-alatt\/#breadcrumb\"},\"inLanguage\":\"en-US\",\"potentialAction\":[{\"@type\":\"ReadAction\",\"target\":[\"https:\/\/news.access4you.io\/2020\/11\/30\/atenor-kozel-230-000-nm-inkluziv-irodaterulet-13-ev-alatt\/\"]}]},{\"@type\":\"ImageObject\",\"inLanguage\":\"en-US\",\"@id\":\"https:\/\/news.access4you.io\/2020\/11\/30\/atenor-kozel-230-000-nm-inkluziv-irodaterulet-13-ev-alatt\/#primaryimage\",\"url\":\"https:\/\/news.access4you.io\/wp-content\/uploads\/2020\/11\/vaci-greeens-EF.jpg\",\"contentUrl\":\"https:\/\/news.access4you.io\/wp-content\/uploads\/2020\/11\/vaci-greeens-EF.jpg\",\"width\":1629,\"height\":1086},{\"@type\":\"BreadcrumbList\",\"@id\":\"https:\/\/news.access4you.io\/2020\/11\/30\/atenor-kozel-230-000-nm-inkluziv-irodaterulet-13-ev-alatt\/#breadcrumb\",\"itemListElement\":[{\"@type\":\"ListItem\",\"position\":1,\"name\":\"Kezd\u0151lap\",\"item\":\"https:\/\/news.access4you.io\/\"},{\"@type\":\"ListItem\",\"position\":2,\"name\":\"Atenor: k\u00f6zel 230 000 nm inkluz\u00edv irodater\u00fclet 13 \u00e9v alatt\"}]},{\"@type\":\"WebSite\",\"@id\":\"https:\/\/news.access4you.io\/#website\",\"url\":\"https:\/\/news.access4you.io\/\",\"name\":\"Access4you H\u00edrek\",\"description\":\"\",\"publisher\":{\"@id\":\"https:\/\/news.access4you.io\/#organization\"},\"potentialAction\":[{\"@type\":\"SearchAction\",\"target\":{\"@type\":\"EntryPoint\",\"urlTemplate\":\"https:\/\/news.access4you.io\/?s={search_term_string}\"},\"query-input\":{\"@type\":\"PropertyValueSpecification\",\"valueRequired\":true,\"valueName\":\"search_term_string\"}}],\"inLanguage\":\"en-US\"},{\"@type\":\"Organization\",\"@id\":\"https:\/\/news.access4you.io\/#organization\",\"name\":\"Access4you H\u00edrek\",\"url\":\"https:\/\/news.access4you.io\/\",\"logo\":{\"@type\":\"ImageObject\",\"inLanguage\":\"en-US\",\"@id\":\"https:\/\/news.access4you.io\/#\/schema\/logo\/image\/\",\"url\":\"https:\/\/news.access4you.io\/wp-content\/uploads\/2021\/01\/a4u-logo-black.png\",\"contentUrl\":\"https:\/\/news.access4you.io\/wp-content\/uploads\/2021\/01\/a4u-logo-black.png\",\"width\":726,\"height\":454,\"caption\":\"Access4you H\u00edrek\"},\"image\":{\"@id\":\"https:\/\/news.access4you.io\/#\/schema\/logo\/image\/\"}},{\"@type\":\"Person\",\"@id\":\"https:\/\/news.access4you.io\/#\/schema\/person\/cb4fff088aa5f5f43a6f4ce3a1e2e084\",\"name\":\"access4you\",\"image\":{\"@type\":\"ImageObject\",\"inLanguage\":\"en-US\",\"@id\":\"https:\/\/news.access4you.io\/#\/schema\/person\/image\/\",\"url\":\"https:\/\/secure.gravatar.com\/avatar\/9795a8b3afc7ed258d167a92dbb1075b37bab5bc83b1ac9182ff4f58c22040b8?s=96&d=mm&r=g\",\"contentUrl\":\"https:\/\/secure.gravatar.com\/avatar\/9795a8b3afc7ed258d167a92dbb1075b37bab5bc83b1ac9182ff4f58c22040b8?s=96&d=mm&r=g\",\"caption\":\"access4you\"},\"sameAs\":[\"http:\/\/localhost\/access4you\"],\"url\":\"https:\/\/news.access4you.io\/en\/author\/access4you\/\"}]}<\/script>\n<!-- \/ Yoast SEO plugin. -->","yoast_head_json":{"title":"Atenor: k\u00f6zel 230 000 nm inkluz\u00edv irodater\u00fclet 13 \u00e9v alatt - Access4you H\u00edrek","robots":{"index":"index","follow":"follow","max-snippet":"max-snippet:-1","max-image-preview":"max-image-preview:large","max-video-preview":"max-video-preview:-1"},"canonical":"https:\/\/news.access4you.io\/en\/2020\/11\/30\/atenor-kozel-230-000-nm-inkluziv-irodaterulet-13-ev-alatt\/","og_locale":"en_US","og_type":"article","og_title":"Atenor: k\u00f6zel 230 000 nm inkluz\u00edv irodater\u00fclet 13 \u00e9v alatt - Access4you H\u00edrek","og_description":"A belga tulajdon\u00fa Atenor ingatlanfejleszt\u0151 13 \u00e9ve van Magyarorsz\u00e1gon, \u00e9s olyan megaprojektek f\u0171z\u0151dnek a nev\u00e9hez, mint az id\u00e9n teljesen befejezett V\u00e1ci Greens, vagy az els\u0151 \u00e9p\u00fclettel m\u00e1r elk\u00e9sz\u00fclt Ar\u00e9na Business Campus. Az eddig megval\u00f3sult irodater\u00fclet \u00e9s a k\u00f6vetkez\u0151 \u00e9vekre tervezett fejleszt\u00e9sek majdnem 230 000 nm tan\u00fas\u00edtott akad\u00e1lymentes ter\u00fcletet fognak l\u00e9trehozni, melyhez partnerk\u00e9nt az Access4you-t vont\u00e1k [&hellip;]","og_url":"https:\/\/news.access4you.io\/en\/2020\/11\/30\/atenor-kozel-230-000-nm-inkluziv-irodaterulet-13-ev-alatt\/","og_site_name":"Access4you H\u00edrek","article_published_time":"2020-11-30T11:08:27+00:00","article_modified_time":"2020-11-30T11:08:29+00:00","og_image":[{"width":1629,"height":1086,"url":"https:\/\/news.access4you.io\/wp-content\/uploads\/2020\/11\/vaci-greeens-EF.jpg","type":"image\/jpeg"}],"author":"access4you","twitter_card":"summary_large_image","twitter_misc":{"Written by":"access4you","Est. reading time":"4 minutes"},"schema":{"@context":"https:\/\/schema.org","@graph":[{"@type":"Article","@id":"https:\/\/news.access4you.io\/2020\/11\/30\/atenor-kozel-230-000-nm-inkluziv-irodaterulet-13-ev-alatt\/#article","isPartOf":{"@id":"https:\/\/news.access4you.io\/2020\/11\/30\/atenor-kozel-230-000-nm-inkluziv-irodaterulet-13-ev-alatt\/"},"author":{"name":"access4you","@id":"https:\/\/news.access4you.io\/#\/schema\/person\/cb4fff088aa5f5f43a6f4ce3a1e2e084"},"headline":"Atenor: k\u00f6zel 230 000 nm inkluz\u00edv irodater\u00fclet 13 \u00e9v alatt","datePublished":"2020-11-30T11:08:27+00:00","dateModified":"2020-11-30T11:08:29+00:00","mainEntityOfPage":{"@id":"https:\/\/news.access4you.io\/2020\/11\/30\/atenor-kozel-230-000-nm-inkluziv-irodaterulet-13-ev-alatt\/"},"wordCount":774,"publisher":{"@id":"https:\/\/news.access4you.io\/#organization"},"image":{"@id":"https:\/\/news.access4you.io\/2020\/11\/30\/atenor-kozel-230-000-nm-inkluziv-irodaterulet-13-ev-alatt\/#primaryimage"},"thumbnailUrl":"https:\/\/news.access4you.io\/wp-content\/uploads\/2020\/11\/vaci-greeens-EF.jpg","articleSection":["Sz\u00edv\u00fcgy\u00fcnk","Blog","K\u00f6zlem\u00e9ny"],"inLanguage":"en-US"},{"@type":"WebPage","@id":"https:\/\/news.access4you.io\/2020\/11\/30\/atenor-kozel-230-000-nm-inkluziv-irodaterulet-13-ev-alatt\/","url":"https:\/\/news.access4you.io\/2020\/11\/30\/atenor-kozel-230-000-nm-inkluziv-irodaterulet-13-ev-alatt\/","name":"Atenor: k\u00f6zel 230 000 nm inkluz\u00edv irodater\u00fclet 13 \u00e9v alatt - Access4you H\u00edrek","isPartOf":{"@id":"https:\/\/news.access4you.io\/#website"},"primaryImageOfPage":{"@id":"https:\/\/news.access4you.io\/2020\/11\/30\/atenor-kozel-230-000-nm-inkluziv-irodaterulet-13-ev-alatt\/#primaryimage"},"image":{"@id":"https:\/\/news.access4you.io\/2020\/11\/30\/atenor-kozel-230-000-nm-inkluziv-irodaterulet-13-ev-alatt\/#primaryimage"},"thumbnailUrl":"https:\/\/news.access4you.io\/wp-content\/uploads\/2020\/11\/vaci-greeens-EF.jpg","datePublished":"2020-11-30T11:08:27+00:00","dateModified":"2020-11-30T11:08:29+00:00","breadcrumb":{"@id":"https:\/\/news.access4you.io\/2020\/11\/30\/atenor-kozel-230-000-nm-inkluziv-irodaterulet-13-ev-alatt\/#breadcrumb"},"inLanguage":"en-US","potentialAction":[{"@type":"ReadAction","target":["https:\/\/news.access4you.io\/2020\/11\/30\/atenor-kozel-230-000-nm-inkluziv-irodaterulet-13-ev-alatt\/"]}]},{"@type":"ImageObject","inLanguage":"en-US","@id":"https:\/\/news.access4you.io\/2020\/11\/30\/atenor-kozel-230-000-nm-inkluziv-irodaterulet-13-ev-alatt\/#primaryimage","url":"https:\/\/news.access4you.io\/wp-content\/uploads\/2020\/11\/vaci-greeens-EF.jpg","contentUrl":"https:\/\/news.access4you.io\/wp-content\/uploads\/2020\/11\/vaci-greeens-EF.jpg","width":1629,"height":1086},{"@type":"BreadcrumbList","@id":"https:\/\/news.access4you.io\/2020\/11\/30\/atenor-kozel-230-000-nm-inkluziv-irodaterulet-13-ev-alatt\/#breadcrumb","itemListElement":[{"@type":"ListItem","position":1,"name":"Kezd\u0151lap","item":"https:\/\/news.access4you.io\/"},{"@type":"ListItem","position":2,"name":"Atenor: k\u00f6zel 230 000 nm inkluz\u00edv irodater\u00fclet 13 \u00e9v alatt"}]},{"@type":"WebSite","@id":"https:\/\/news.access4you.io\/#website","url":"https:\/\/news.access4you.io\/","name":"Access4you H\u00edrek","description":"","publisher":{"@id":"https:\/\/news.access4you.io\/#organization"},"potentialAction":[{"@type":"SearchAction","target":{"@type":"EntryPoint","urlTemplate":"https:\/\/news.access4you.io\/?s={search_term_string}"},"query-input":{"@type":"PropertyValueSpecification","valueRequired":true,"valueName":"search_term_string"}}],"inLanguage":"en-US"},{"@type":"Organization","@id":"https:\/\/news.access4you.io\/#organization","name":"Access4you H\u00edrek","url":"https:\/\/news.access4you.io\/","logo":{"@type":"ImageObject","inLanguage":"en-US","@id":"https:\/\/news.access4you.io\/#\/schema\/logo\/image\/","url":"https:\/\/news.access4you.io\/wp-content\/uploads\/2021\/01\/a4u-logo-black.png","contentUrl":"https:\/\/news.access4you.io\/wp-content\/uploads\/2021\/01\/a4u-logo-black.png","width":726,"height":454,"caption":"Access4you H\u00edrek"},"image":{"@id":"https:\/\/news.access4you.io\/#\/schema\/logo\/image\/"}},{"@type":"Person","@id":"https:\/\/news.access4you.io\/#\/schema\/person\/cb4fff088aa5f5f43a6f4ce3a1e2e084","name":"access4you","image":{"@type":"ImageObject","inLanguage":"en-US","@id":"https:\/\/news.access4you.io\/#\/schema\/person\/image\/","url":"https:\/\/secure.gravatar.com\/avatar\/9795a8b3afc7ed258d167a92dbb1075b37bab5bc83b1ac9182ff4f58c22040b8?s=96&d=mm&r=g","contentUrl":"https:\/\/secure.gravatar.com\/avatar\/9795a8b3afc7ed258d167a92dbb1075b37bab5bc83b1ac9182ff4f58c22040b8?s=96&d=mm&r=g","caption":"access4you"},"sameAs":["http:\/\/localhost\/access4you"],"url":"https:\/\/news.access4you.io\/en\/author\/access4you\/"}]}},"_links":{"self":[{"href":"https:\/\/news.access4you.io\/en\/wp-json\/wp\/v2\/posts\/4062","targetHints":{"allow":["GET"]}}],"collection":[{"href":"https:\/\/news.access4you.io\/en\/wp-json\/wp\/v2\/posts"}],"about":[{"href":"https:\/\/news.access4you.io\/en\/wp-json\/wp\/v2\/types\/post"}],"author":[{"embeddable":true,"href":"https:\/\/news.access4you.io\/en\/wp-json\/wp\/v2\/users\/1"}],"replies":[{"embeddable":true,"href":"https:\/\/news.access4you.io\/en\/wp-json\/wp\/v2\/comments?post=4062"}],"version-history":[{"count":0,"href":"https:\/\/news.access4you.io\/en\/wp-json\/wp\/v2\/posts\/4062\/revisions"}],"wp:featuredmedia":[{"embeddable":true,"href":"https:\/\/news.access4you.io\/en\/wp-json\/wp\/v2\/media\/4063"}],"wp:attachment":[{"href":"https:\/\/news.access4you.io\/en\/wp-json\/wp\/v2\/media?parent=4062"}],"wp:term":[{"taxonomy":"category","embeddable":true,"href":"https:\/\/news.access4you.io\/en\/wp-json\/wp\/v2\/categories?post=4062"},{"taxonomy":"post_tag","embeddable":true,"href":"https:\/\/news.access4you.io\/en\/wp-json\/wp\/v2\/tags?post=4062"}],"curies":[{"name":"wp","href":"https:\/\/api.w.org\/{rel}","templated":true}]}}