{"id":4068,"date":"2021-01-08T08:42:32","date_gmt":"2021-01-08T08:42:32","guid":{"rendered":"http:\/\/news.access4you.io\/?p=4068"},"modified":"2021-01-08T08:56:09","modified_gmt":"2021-01-08T08:56:09","slug":"itt-talalod-az-elso-tanusitott-befogado-jatszotereket","status":"publish","type":"post","link":"https:\/\/news.access4you.io\/en\/2021\/01\/08\/itt-talalod-az-elso-tanusitott-befogado-jatszotereket\/","title":{"rendered":"K\u00f6z\u00f6s j\u00e1t\u00e9k minden gyermeknek: bemutatjuk az els\u0151 tan\u00fas\u00edtott befogad\u00f3 j\u00e1tsz\u00f3tereket!"},"content":{"rendered":"<p><strong>Nemr\u00e9g adtunk h\u00edrt arr\u00f3l, hogy az <a href=\"https:\/\/access4you.io\/\" target=\"_blank\" rel=\"noreferrer noopener\">Access4you <\/a>kar\u00e1csonykor az <em>Egy\u00fctt a k\u00f6z\u00f6s j\u00e1t\u00e9k\u00e9rt<\/em> program keret\u00e9n bel\u00fcl 5 j\u00e1tsz\u00f3teret m\u00e9r fel \u00e9s tan\u00fas\u00edt min\u0151s\u00edt\u00e9si rendszere szerint. Felm\u00e9r\u0151 koll\u00e9g\u00e1ink m\u00e1r megl\u00e1togattak \u00e9s audit\u00e1ltak 4 j\u00e1tsz\u00f3teret, ennek eredm\u00e9ny\u00e9t pedig itt tal\u00e1lj\u00e1tok!<\/strong><\/p>\n\n\n\n<p><\/p>\n\n\n\n<p><strong>Normafa Park &#8211; Anna-r\u00e9ti j\u00e1tsz\u00f3t\u00e9r<\/strong><\/p>\n\n\n\n<figure class=\"wp-block-image size-large\"><img loading=\"lazy\" decoding=\"async\" width=\"1024\" height=\"683\" src=\"http:\/\/news.access4you.io\/wp-content\/uploads\/2021\/01\/Anna-ret-1024x683.jpg\" alt=\"\" class=\"wp-image-4070\" srcset=\"https:\/\/news.access4you.io\/wp-content\/uploads\/2021\/01\/Anna-ret-1024x683.jpg 1024w, https:\/\/news.access4you.io\/wp-content\/uploads\/2021\/01\/Anna-ret-300x200.jpg 300w, https:\/\/news.access4you.io\/wp-content\/uploads\/2021\/01\/Anna-ret-768x512.jpg 768w, https:\/\/news.access4you.io\/wp-content\/uploads\/2021\/01\/Anna-ret.jpg 1200w\" sizes=\"auto, (max-width: 1024px) 100vw, 1024px\" \/><figcaption>K\u00e9p: Nagy \u00c1kos, normafapark.hu<\/figcaption><\/figure>\n\n\n\n<p>A gy\u00f6ny\u00f6r\u0171 k\u00f6rnyezetben fekv\u0151, <strong>ez\u00fcst fokozat\u00fa akad\u00e1lymentes j\u00e1tsz\u00f3teret <\/strong>n\u00e9h\u00e1ny \u00e9vvel ezel\u0151tt \u00faj\u00edtott\u00e1k fel, a Hegyvid\u00e9ki \u00d6nkorm\u00e1nyzat 18 fa j\u00e1t\u00e9kot helyezett ki, k\u00f6z\u00f6tt\u00fck 3 nagy v\u00e1rat, 2 m\u00e9rleghint\u00e1t, 2 rug\u00f3s j\u00e1t\u00e9kot, 2 hint\u00e1t, 1 vonatot, 1 kis cs\u00faszd\u00e1t, 1 f\u00e9szekhint\u00e1t, egy k\u00f6teles m\u00e1sz\u00f3k\u00e1t, \u00e9s egy speci\u00e1lis ig\u00e9ny\u0171 gyermekek \u00e1ltal is kiv\u00e1l\u00f3an haszn\u00e1lhat\u00f3 rug\u00f3s j\u00e1t\u00e9kot. A biztons\u00e1gos \u00fct\u00e9scsillap\u00edt\u00e1st term\u00e9szetes feny\u0151k\u00e9reg mulcs adja. A j\u00e1tsz\u00f3t\u00e9r egy gy\u00f6ny\u00f6r\u0171 panor\u00e1m\u00e1j\u00fa nagy r\u00e9t sz\u00e9l\u00e9n helyezkedik el, \u00edgy a gyerekek sz\u00e1m\u00e1ra teret ad a j\u00e1tsz\u00f3t\u00e9ren k\u00edv\u00fcli j\u00e1t\u00e9kra is. A r\u00e9t kiv\u00e1l\u00f3an alkalmas piknikez\u00e9sre \u00e9s szabadt\u00e9ri j\u00e1t\u00e9kokra, labdaj\u00e1t\u00e9kokra is.<\/p>\n\n\n\n<p><a href=\"https:\/\/access4you.io\/places\/580965\/details\" target=\"_blank\" rel=\"noreferrer noopener\">R\u00e9szletek \u00e9s t\u00f6bb inform\u00e1ci\u00f3 az akad\u00e1lymentess\u00e9gr\u0151l<\/a><\/p>\n\n\n\n<p><strong>Csepel &#8211; Simon Boliv\u00e1r s\u00e9t\u00e1ny<\/strong><\/p>\n\n\n\n<figure class=\"wp-block-image size-large\"><img loading=\"lazy\" decoding=\"async\" width=\"1024\" height=\"681\" src=\"http:\/\/news.access4you.io\/wp-content\/uploads\/2021\/01\/Csepeli_akm_jatszoter_foto2.jpg\" alt=\"\" class=\"wp-image-4069\" srcset=\"https:\/\/news.access4you.io\/wp-content\/uploads\/2021\/01\/Csepeli_akm_jatszoter_foto2.jpg 1024w, https:\/\/news.access4you.io\/wp-content\/uploads\/2021\/01\/Csepeli_akm_jatszoter_foto2-300x200.jpg 300w, https:\/\/news.access4you.io\/wp-content\/uploads\/2021\/01\/Csepeli_akm_jatszoter_foto2-768x511.jpg 768w\" sizes=\"auto, (max-width: 1024px) 100vw, 1024px\" \/><\/figure>\n\n\n\n<p>Az<strong> integr\u00e1lt tornapark \u00e9s j\u00e1tsz\u00f3t\u00e9r<\/strong> a speci\u00e1lis ig\u00e9ny\u0171 gyermekek \u00e9s feln\u0151ttek kikapcsol\u00f3d\u00e1si \u00e9s sportol\u00e1si lehet\u0151s\u00e9geit szolg\u00e1lja. Az \u00faj j\u00e1t\u00e9kok szinte minden \u00e9letkorban j\u00f3l haszn\u00e1lhat\u00f3ak, lehet\u0151s\u00e9get k\u00edn\u00e1lnak mind a kis- \u00e9s nagymozg\u00e1sok, a helyzetv\u00e1ltoztat\u00e1s, a szoci\u00e1lis interakci\u00f3k, gondolkod\u00e1s, \u00e9szlel\u00e9s fejleszt\u00e9s\u00e9hez. A j\u00e1tsz\u00f3t\u00e9ren k\u00edv\u00fcl egy t\u00f6bb r\u00e9szb\u0151l \u00e1ll\u00f3 fitnesz eszk\u00f6zt is fel\u00e1ll\u00edtottak, melyet az eg\u00e9szs\u00e9ges \u00e9s a mozg\u00e1ss\u00e9r\u00fclt feln\u0151ttek sz\u00e1m\u00e1ra alak\u00edtottak ki. <\/p>\n\n\n\n<p><a href=\"https:\/\/access4you.io\/places\/580967\/details\" target=\"_blank\" rel=\"noreferrer noopener\">R\u00e9szletek \u00e9s t\u00f6bb inform\u00e1ci\u00f3 az akad\u00e1lymentess\u00e9gr\u0151l<\/a><\/p>\n\n\n\n<p><strong>\u00dajpalota &#8211; L\u0151csev\u00e1r utca befogad\u00f3 j\u00e1tsz\u00f3t\u00e9r<\/strong><\/p>\n\n\n\n<figure class=\"wp-block-image size-large\"><img loading=\"lazy\" decoding=\"async\" width=\"1024\" height=\"767\" src=\"http:\/\/news.access4you.io\/wp-content\/uploads\/2021\/01\/15.ker_akmjatszoter-1024x767.jpg\" alt=\"\" class=\"wp-image-4071\" srcset=\"https:\/\/news.access4you.io\/wp-content\/uploads\/2021\/01\/15.ker_akmjatszoter-1024x767.jpg 1024w, https:\/\/news.access4you.io\/wp-content\/uploads\/2021\/01\/15.ker_akmjatszoter-300x225.jpg 300w, https:\/\/news.access4you.io\/wp-content\/uploads\/2021\/01\/15.ker_akmjatszoter-768x576.jpg 768w, https:\/\/news.access4you.io\/wp-content\/uploads\/2021\/01\/15.ker_akmjatszoter.jpg 1441w\" sizes=\"auto, (max-width: 1024px) 100vw, 1024px\" \/><\/figure>\n\n\n\n<p>A 15. ker\u00fcletben, a Moln\u00e1r Viktor \u00e9s L\u0151csev\u00e1r utca sark\u00e1n, a Fejleszt\u0151 Gondoz\u00f3 K\u00f6zponttal szemben \u00e9p\u00fclt meg a ker\u00fclet els\u0151 akad\u00e1lymentes\u00edtett j\u00e1tsz\u00f3tere. Hat speci\u00e1lis j\u00e1tsz\u00f3szert telep\u00edtettek, amiket fogyat\u00e9kkal \u00e9l\u0151 \u00e9s eg\u00e9szs\u00e9ges gyermekek is haszn\u00e1lhatnak.<\/p>\n\n\n\n<p><a href=\"https:\/\/access4you.io\/places\/588311\/details\" target=\"_blank\" rel=\"noreferrer noopener\">R\u00e9szletek \u00e9s t\u00f6bb inform\u00e1ci\u00f3 az akad\u00e1lymentess\u00e9gr\u0151l<\/a><\/p>\n\n\n\n<p><\/p>\n\n\n\n<p><strong>Zugl\u00f3 &#8211; Nagybecskerek t\u00e9ri j\u00e1tsz\u00f3t\u00e9r<\/strong><\/p>\n\n\n\n<figure class=\"wp-block-image size-large\"><img loading=\"lazy\" decoding=\"async\" width=\"1024\" height=\"768\" src=\"http:\/\/news.access4you.io\/wp-content\/uploads\/2021\/01\/nagybecskerek-1024x768.jpg\" alt=\"\" class=\"wp-image-4072\" srcset=\"https:\/\/news.access4you.io\/wp-content\/uploads\/2021\/01\/nagybecskerek-1024x768.jpg 1024w, https:\/\/news.access4you.io\/wp-content\/uploads\/2021\/01\/nagybecskerek-300x225.jpg 300w, https:\/\/news.access4you.io\/wp-content\/uploads\/2021\/01\/nagybecskerek-768x576.jpg 768w, https:\/\/news.access4you.io\/wp-content\/uploads\/2021\/01\/nagybecskerek.jpg 1067w\" sizes=\"auto, (max-width: 1024px) 100vw, 1024px\" \/><\/figure>\n\n\n\n<p>Zugl\u00f3ban \u00e9s egyben az <strong>orsz\u00e1gban is els\u0151 integr\u00e1lt j\u00e1tsz\u00f3teret<\/strong> m\u00e9g 2015-ben adt\u00e1k \u00e1t a Nagybecskerek t\u00e9ren. Itt ker\u00fclt elhelyez\u00e9sre az els\u0151 pillang\u00f3 alak\u00fa libik\u00f3ka, amit k\u00f6z\u00f6sen vehetnek ig\u00e9nybe s\u00e9r\u00fclt \u00e9s \u00e9p gyermekek egyar\u00e1nt.<\/p>\n\n\n\n<p><a href=\"https:\/\/access4you.io\/places\/580966\/details\" target=\"_blank\" rel=\"noreferrer noopener\">R\u00e9szletek \u00e9s t\u00f6bb inform\u00e1ci\u00f3 az akad\u00e1lymentess\u00e9gr\u0151l<\/a><\/p>\n\n\n\n<p><em>&#8222;Az\u00e9rt v\u00e1lasztottuk ezt a programot, mert hisz\u00fcnk abban, hogy a speci\u00e1lis ig\u00e9ny\u0171 gyermekek sz\u00e1m\u00e1ra egy befogad\u00f3 j\u00f6v\u0151t m\u00e1r a j\u00e1tsz\u00f3t\u00e9ren el lehet \u00e9s el kell kezdeni fel\u00e9p\u00edteni.&#8221; <\/em>&#8211; mondta Berecz Bal\u00e1zs, az Access4you alap\u00edt\u00f3ja \u00e9s \u00fcgyvezet\u0151je az<strong> &#8222;Egy\u00fctt a k\u00f6z\u00f6s j\u00e1t\u00e9k\u00e9rt&#8221; <\/strong>programr\u00f3l.<em> <\/em>A j\u00e1t\u00e9k felszabad\u00edt, \u00e9lm\u00e9nyt ny\u00fajt, \u00f6sszehoz m\u00e1sokkal, \u00e9s kiragad a h\u00e9tk\u00f6znapi monotonit\u00e1sb\u00f3l. <strong>A k\u00f6z\u00f6s j\u00e1t\u00e9kb\u00f3l pedig nem csup\u00e1n a speci\u00e1lis ig\u00e9ny\u0171 gyermekek profit\u00e1lnak, hanem azok az \u00e9p gyermekek \u00e9s sz\u00fcl\u0151k is, akik a ezen kereszt\u00fcl megismerhetnek egy sz\u00ednesebb vil\u00e1got \u00e9s r\u00e9szesei lehetnek egy befogad\u00f3 t\u00e1rsadalomnak.<\/strong><\/p>","protected":false},"excerpt":{"rendered":"<p>Nemr\u00e9g adtunk h\u00edrt arr\u00f3l, hogy az Access4you kar\u00e1csonykor az Egy\u00fctt a k\u00f6z\u00f6s j\u00e1t\u00e9k\u00e9rt program keret\u00e9n bel\u00fcl 5 j\u00e1tsz\u00f3teret m\u00e9r fel \u00e9s tan\u00fas\u00edt min\u0151s\u00edt\u00e9si rendszere szerint. Felm\u00e9r\u0151 koll\u00e9g\u00e1ink m\u00e1r megl\u00e1togattak \u00e9s audit\u00e1ltak 4 j\u00e1tsz\u00f3teret, ennek eredm\u00e9ny\u00e9t pedig itt tal\u00e1lj\u00e1tok! Normafa Park &#8211; Anna-r\u00e9ti j\u00e1tsz\u00f3t\u00e9r A gy\u00f6ny\u00f6r\u0171 k\u00f6rnyezetben fekv\u0151, ez\u00fcst fokozat\u00fa akad\u00e1lymentes j\u00e1tsz\u00f3teret n\u00e9h\u00e1ny \u00e9vvel ezel\u0151tt \u00faj\u00edtott\u00e1k [&hellip;]<\/p>","protected":false},"author":1,"featured_media":4069,"comment_status":"closed","ping_status":"closed","sticky":false,"template":"","format":"standard","meta":{"footnotes":""},"categories":[75,74,10],"tags":[],"class_list":["post-4068","post","type-post","status-publish","format-standard","has-post-thumbnail","hentry","category-uj-hely","category-szivugyunk","category-blog"],"yoast_head":"<!-- This site is optimized with the Yoast SEO plugin v23.8 - https:\/\/yoast.com\/wordpress\/plugins\/seo\/ -->\n<title>K\u00f6z\u00f6s j\u00e1t\u00e9k minden gyermeknek: bemutatjuk az els\u0151 tan\u00fas\u00edtott befogad\u00f3 j\u00e1tsz\u00f3tereket! - Access4you H\u00edrek<\/title>\n<meta name=\"robots\" content=\"index, follow, max-snippet:-1, max-image-preview:large, max-video-preview:-1\" \/>\n<link rel=\"canonical\" href=\"https:\/\/news.access4you.io\/en\/2021\/01\/08\/itt-talalod-az-elso-tanusitott-befogado-jatszotereket\/\" \/>\n<meta property=\"og:locale\" content=\"en_US\" \/>\n<meta property=\"og:type\" content=\"article\" \/>\n<meta property=\"og:title\" content=\"K\u00f6z\u00f6s j\u00e1t\u00e9k minden gyermeknek: bemutatjuk az els\u0151 tan\u00fas\u00edtott befogad\u00f3 j\u00e1tsz\u00f3tereket! - Access4you H\u00edrek\" \/>\n<meta property=\"og:description\" content=\"Nemr\u00e9g adtunk h\u00edrt arr\u00f3l, hogy az Access4you kar\u00e1csonykor az Egy\u00fctt a k\u00f6z\u00f6s j\u00e1t\u00e9k\u00e9rt program keret\u00e9n bel\u00fcl 5 j\u00e1tsz\u00f3teret m\u00e9r fel \u00e9s tan\u00fas\u00edt min\u0151s\u00edt\u00e9si rendszere szerint. Felm\u00e9r\u0151 koll\u00e9g\u00e1ink m\u00e1r megl\u00e1togattak \u00e9s audit\u00e1ltak 4 j\u00e1tsz\u00f3teret, ennek eredm\u00e9ny\u00e9t pedig itt tal\u00e1lj\u00e1tok! Normafa Park &#8211; Anna-r\u00e9ti j\u00e1tsz\u00f3t\u00e9r A gy\u00f6ny\u00f6r\u0171 k\u00f6rnyezetben fekv\u0151, ez\u00fcst fokozat\u00fa akad\u00e1lymentes j\u00e1tsz\u00f3teret n\u00e9h\u00e1ny \u00e9vvel ezel\u0151tt \u00faj\u00edtott\u00e1k [&hellip;]\" \/>\n<meta property=\"og:url\" content=\"https:\/\/news.access4you.io\/en\/2021\/01\/08\/itt-talalod-az-elso-tanusitott-befogado-jatszotereket\/\" \/>\n<meta property=\"og:site_name\" content=\"Access4you H\u00edrek\" \/>\n<meta property=\"article:published_time\" content=\"2021-01-08T08:42:32+00:00\" \/>\n<meta property=\"article:modified_time\" content=\"2021-01-08T08:56:09+00:00\" \/>\n<meta property=\"og:image\" content=\"https:\/\/news.access4you.io\/wp-content\/uploads\/2021\/01\/Csepeli_akm_jatszoter_foto2.jpg\" \/>\n\t<meta property=\"og:image:width\" content=\"1024\" \/>\n\t<meta property=\"og:image:height\" content=\"681\" \/>\n\t<meta property=\"og:image:type\" content=\"image\/jpeg\" \/>\n<meta name=\"author\" content=\"access4you\" \/>\n<meta name=\"twitter:card\" content=\"summary_large_image\" \/>\n<meta name=\"twitter:label1\" content=\"Written by\" \/>\n\t<meta name=\"twitter:data1\" content=\"access4you\" \/>\n\t<meta name=\"twitter:label2\" content=\"Est. reading time\" \/>\n\t<meta name=\"twitter:data2\" content=\"3 minutes\" \/>\n<script type=\"application\/ld+json\" class=\"yoast-schema-graph\">{\"@context\":\"https:\/\/schema.org\",\"@graph\":[{\"@type\":\"Article\",\"@id\":\"https:\/\/news.access4you.io\/2021\/01\/08\/itt-talalod-az-elso-tanusitott-befogado-jatszotereket\/#article\",\"isPartOf\":{\"@id\":\"https:\/\/news.access4you.io\/2021\/01\/08\/itt-talalod-az-elso-tanusitott-befogado-jatszotereket\/\"},\"author\":{\"name\":\"access4you\",\"@id\":\"https:\/\/news.access4you.io\/#\/schema\/person\/cb4fff088aa5f5f43a6f4ce3a1e2e084\"},\"headline\":\"K\u00f6z\u00f6s j\u00e1t\u00e9k minden gyermeknek: bemutatjuk az els\u0151 tan\u00fas\u00edtott befogad\u00f3 j\u00e1tsz\u00f3tereket!\",\"datePublished\":\"2021-01-08T08:42:32+00:00\",\"dateModified\":\"2021-01-08T08:56:09+00:00\",\"mainEntityOfPage\":{\"@id\":\"https:\/\/news.access4you.io\/2021\/01\/08\/itt-talalod-az-elso-tanusitott-befogado-jatszotereket\/\"},\"wordCount\":692,\"publisher\":{\"@id\":\"https:\/\/news.access4you.io\/#organization\"},\"image\":{\"@id\":\"https:\/\/news.access4you.io\/2021\/01\/08\/itt-talalod-az-elso-tanusitott-befogado-jatszotereket\/#primaryimage\"},\"thumbnailUrl\":\"https:\/\/news.access4you.io\/wp-content\/uploads\/2021\/01\/Csepeli_akm_jatszoter_foto2.jpg\",\"articleSection\":[\"\u00daj hely\",\"Sz\u00edv\u00fcgy\u00fcnk\",\"Blog\"],\"inLanguage\":\"en-US\"},{\"@type\":\"WebPage\",\"@id\":\"https:\/\/news.access4you.io\/2021\/01\/08\/itt-talalod-az-elso-tanusitott-befogado-jatszotereket\/\",\"url\":\"https:\/\/news.access4you.io\/2021\/01\/08\/itt-talalod-az-elso-tanusitott-befogado-jatszotereket\/\",\"name\":\"K\u00f6z\u00f6s j\u00e1t\u00e9k minden gyermeknek: bemutatjuk az els\u0151 tan\u00fas\u00edtott befogad\u00f3 j\u00e1tsz\u00f3tereket! - Access4you H\u00edrek\",\"isPartOf\":{\"@id\":\"https:\/\/news.access4you.io\/#website\"},\"primaryImageOfPage\":{\"@id\":\"https:\/\/news.access4you.io\/2021\/01\/08\/itt-talalod-az-elso-tanusitott-befogado-jatszotereket\/#primaryimage\"},\"image\":{\"@id\":\"https:\/\/news.access4you.io\/2021\/01\/08\/itt-talalod-az-elso-tanusitott-befogado-jatszotereket\/#primaryimage\"},\"thumbnailUrl\":\"https:\/\/news.access4you.io\/wp-content\/uploads\/2021\/01\/Csepeli_akm_jatszoter_foto2.jpg\",\"datePublished\":\"2021-01-08T08:42:32+00:00\",\"dateModified\":\"2021-01-08T08:56:09+00:00\",\"breadcrumb\":{\"@id\":\"https:\/\/news.access4you.io\/2021\/01\/08\/itt-talalod-az-elso-tanusitott-befogado-jatszotereket\/#breadcrumb\"},\"inLanguage\":\"en-US\",\"potentialAction\":[{\"@type\":\"ReadAction\",\"target\":[\"https:\/\/news.access4you.io\/2021\/01\/08\/itt-talalod-az-elso-tanusitott-befogado-jatszotereket\/\"]}]},{\"@type\":\"ImageObject\",\"inLanguage\":\"en-US\",\"@id\":\"https:\/\/news.access4you.io\/2021\/01\/08\/itt-talalod-az-elso-tanusitott-befogado-jatszotereket\/#primaryimage\",\"url\":\"https:\/\/news.access4you.io\/wp-content\/uploads\/2021\/01\/Csepeli_akm_jatszoter_foto2.jpg\",\"contentUrl\":\"https:\/\/news.access4you.io\/wp-content\/uploads\/2021\/01\/Csepeli_akm_jatszoter_foto2.jpg\",\"width\":1024,\"height\":681},{\"@type\":\"BreadcrumbList\",\"@id\":\"https:\/\/news.access4you.io\/2021\/01\/08\/itt-talalod-az-elso-tanusitott-befogado-jatszotereket\/#breadcrumb\",\"itemListElement\":[{\"@type\":\"ListItem\",\"position\":1,\"name\":\"Kezd\u0151lap\",\"item\":\"https:\/\/news.access4you.io\/\"},{\"@type\":\"ListItem\",\"position\":2,\"name\":\"K\u00f6z\u00f6s j\u00e1t\u00e9k minden gyermeknek: bemutatjuk az els\u0151 tan\u00fas\u00edtott befogad\u00f3 j\u00e1tsz\u00f3tereket!\"}]},{\"@type\":\"WebSite\",\"@id\":\"https:\/\/news.access4you.io\/#website\",\"url\":\"https:\/\/news.access4you.io\/\",\"name\":\"Access4you H\u00edrek\",\"description\":\"\",\"publisher\":{\"@id\":\"https:\/\/news.access4you.io\/#organization\"},\"potentialAction\":[{\"@type\":\"SearchAction\",\"target\":{\"@type\":\"EntryPoint\",\"urlTemplate\":\"https:\/\/news.access4you.io\/?s={search_term_string}\"},\"query-input\":{\"@type\":\"PropertyValueSpecification\",\"valueRequired\":true,\"valueName\":\"search_term_string\"}}],\"inLanguage\":\"en-US\"},{\"@type\":\"Organization\",\"@id\":\"https:\/\/news.access4you.io\/#organization\",\"name\":\"Access4you H\u00edrek\",\"url\":\"https:\/\/news.access4you.io\/\",\"logo\":{\"@type\":\"ImageObject\",\"inLanguage\":\"en-US\",\"@id\":\"https:\/\/news.access4you.io\/#\/schema\/logo\/image\/\",\"url\":\"https:\/\/news.access4you.io\/wp-content\/uploads\/2021\/01\/a4u-logo-black.png\",\"contentUrl\":\"https:\/\/news.access4you.io\/wp-content\/uploads\/2021\/01\/a4u-logo-black.png\",\"width\":726,\"height\":454,\"caption\":\"Access4you H\u00edrek\"},\"image\":{\"@id\":\"https:\/\/news.access4you.io\/#\/schema\/logo\/image\/\"}},{\"@type\":\"Person\",\"@id\":\"https:\/\/news.access4you.io\/#\/schema\/person\/cb4fff088aa5f5f43a6f4ce3a1e2e084\",\"name\":\"access4you\",\"image\":{\"@type\":\"ImageObject\",\"inLanguage\":\"en-US\",\"@id\":\"https:\/\/news.access4you.io\/#\/schema\/person\/image\/\",\"url\":\"https:\/\/secure.gravatar.com\/avatar\/9795a8b3afc7ed258d167a92dbb1075b37bab5bc83b1ac9182ff4f58c22040b8?s=96&d=mm&r=g\",\"contentUrl\":\"https:\/\/secure.gravatar.com\/avatar\/9795a8b3afc7ed258d167a92dbb1075b37bab5bc83b1ac9182ff4f58c22040b8?s=96&d=mm&r=g\",\"caption\":\"access4you\"},\"sameAs\":[\"http:\/\/localhost\/access4you\"],\"url\":\"https:\/\/news.access4you.io\/en\/author\/access4you\/\"}]}<\/script>\n<!-- \/ Yoast SEO plugin. -->","yoast_head_json":{"title":"K\u00f6z\u00f6s j\u00e1t\u00e9k minden gyermeknek: bemutatjuk az els\u0151 tan\u00fas\u00edtott befogad\u00f3 j\u00e1tsz\u00f3tereket! - Access4you H\u00edrek","robots":{"index":"index","follow":"follow","max-snippet":"max-snippet:-1","max-image-preview":"max-image-preview:large","max-video-preview":"max-video-preview:-1"},"canonical":"https:\/\/news.access4you.io\/en\/2021\/01\/08\/itt-talalod-az-elso-tanusitott-befogado-jatszotereket\/","og_locale":"en_US","og_type":"article","og_title":"K\u00f6z\u00f6s j\u00e1t\u00e9k minden gyermeknek: bemutatjuk az els\u0151 tan\u00fas\u00edtott befogad\u00f3 j\u00e1tsz\u00f3tereket! - Access4you H\u00edrek","og_description":"Nemr\u00e9g adtunk h\u00edrt arr\u00f3l, hogy az Access4you kar\u00e1csonykor az Egy\u00fctt a k\u00f6z\u00f6s j\u00e1t\u00e9k\u00e9rt program keret\u00e9n bel\u00fcl 5 j\u00e1tsz\u00f3teret m\u00e9r fel \u00e9s tan\u00fas\u00edt min\u0151s\u00edt\u00e9si rendszere szerint. Felm\u00e9r\u0151 koll\u00e9g\u00e1ink m\u00e1r megl\u00e1togattak \u00e9s audit\u00e1ltak 4 j\u00e1tsz\u00f3teret, ennek eredm\u00e9ny\u00e9t pedig itt tal\u00e1lj\u00e1tok! Normafa Park &#8211; Anna-r\u00e9ti j\u00e1tsz\u00f3t\u00e9r A gy\u00f6ny\u00f6r\u0171 k\u00f6rnyezetben fekv\u0151, ez\u00fcst fokozat\u00fa akad\u00e1lymentes j\u00e1tsz\u00f3teret n\u00e9h\u00e1ny \u00e9vvel ezel\u0151tt \u00faj\u00edtott\u00e1k [&hellip;]","og_url":"https:\/\/news.access4you.io\/en\/2021\/01\/08\/itt-talalod-az-elso-tanusitott-befogado-jatszotereket\/","og_site_name":"Access4you H\u00edrek","article_published_time":"2021-01-08T08:42:32+00:00","article_modified_time":"2021-01-08T08:56:09+00:00","og_image":[{"width":1024,"height":681,"url":"https:\/\/news.access4you.io\/wp-content\/uploads\/2021\/01\/Csepeli_akm_jatszoter_foto2.jpg","type":"image\/jpeg"}],"author":"access4you","twitter_card":"summary_large_image","twitter_misc":{"Written by":"access4you","Est. reading time":"3 minutes"},"schema":{"@context":"https:\/\/schema.org","@graph":[{"@type":"Article","@id":"https:\/\/news.access4you.io\/2021\/01\/08\/itt-talalod-az-elso-tanusitott-befogado-jatszotereket\/#article","isPartOf":{"@id":"https:\/\/news.access4you.io\/2021\/01\/08\/itt-talalod-az-elso-tanusitott-befogado-jatszotereket\/"},"author":{"name":"access4you","@id":"https:\/\/news.access4you.io\/#\/schema\/person\/cb4fff088aa5f5f43a6f4ce3a1e2e084"},"headline":"K\u00f6z\u00f6s j\u00e1t\u00e9k minden gyermeknek: bemutatjuk az els\u0151 tan\u00fas\u00edtott befogad\u00f3 j\u00e1tsz\u00f3tereket!","datePublished":"2021-01-08T08:42:32+00:00","dateModified":"2021-01-08T08:56:09+00:00","mainEntityOfPage":{"@id":"https:\/\/news.access4you.io\/2021\/01\/08\/itt-talalod-az-elso-tanusitott-befogado-jatszotereket\/"},"wordCount":692,"publisher":{"@id":"https:\/\/news.access4you.io\/#organization"},"image":{"@id":"https:\/\/news.access4you.io\/2021\/01\/08\/itt-talalod-az-elso-tanusitott-befogado-jatszotereket\/#primaryimage"},"thumbnailUrl":"https:\/\/news.access4you.io\/wp-content\/uploads\/2021\/01\/Csepeli_akm_jatszoter_foto2.jpg","articleSection":["\u00daj hely","Sz\u00edv\u00fcgy\u00fcnk","Blog"],"inLanguage":"en-US"},{"@type":"WebPage","@id":"https:\/\/news.access4you.io\/2021\/01\/08\/itt-talalod-az-elso-tanusitott-befogado-jatszotereket\/","url":"https:\/\/news.access4you.io\/2021\/01\/08\/itt-talalod-az-elso-tanusitott-befogado-jatszotereket\/","name":"K\u00f6z\u00f6s j\u00e1t\u00e9k minden gyermeknek: bemutatjuk az els\u0151 tan\u00fas\u00edtott befogad\u00f3 j\u00e1tsz\u00f3tereket! - Access4you H\u00edrek","isPartOf":{"@id":"https:\/\/news.access4you.io\/#website"},"primaryImageOfPage":{"@id":"https:\/\/news.access4you.io\/2021\/01\/08\/itt-talalod-az-elso-tanusitott-befogado-jatszotereket\/#primaryimage"},"image":{"@id":"https:\/\/news.access4you.io\/2021\/01\/08\/itt-talalod-az-elso-tanusitott-befogado-jatszotereket\/#primaryimage"},"thumbnailUrl":"https:\/\/news.access4you.io\/wp-content\/uploads\/2021\/01\/Csepeli_akm_jatszoter_foto2.jpg","datePublished":"2021-01-08T08:42:32+00:00","dateModified":"2021-01-08T08:56:09+00:00","breadcrumb":{"@id":"https:\/\/news.access4you.io\/2021\/01\/08\/itt-talalod-az-elso-tanusitott-befogado-jatszotereket\/#breadcrumb"},"inLanguage":"en-US","potentialAction":[{"@type":"ReadAction","target":["https:\/\/news.access4you.io\/2021\/01\/08\/itt-talalod-az-elso-tanusitott-befogado-jatszotereket\/"]}]},{"@type":"ImageObject","inLanguage":"en-US","@id":"https:\/\/news.access4you.io\/2021\/01\/08\/itt-talalod-az-elso-tanusitott-befogado-jatszotereket\/#primaryimage","url":"https:\/\/news.access4you.io\/wp-content\/uploads\/2021\/01\/Csepeli_akm_jatszoter_foto2.jpg","contentUrl":"https:\/\/news.access4you.io\/wp-content\/uploads\/2021\/01\/Csepeli_akm_jatszoter_foto2.jpg","width":1024,"height":681},{"@type":"BreadcrumbList","@id":"https:\/\/news.access4you.io\/2021\/01\/08\/itt-talalod-az-elso-tanusitott-befogado-jatszotereket\/#breadcrumb","itemListElement":[{"@type":"ListItem","position":1,"name":"Kezd\u0151lap","item":"https:\/\/news.access4you.io\/"},{"@type":"ListItem","position":2,"name":"K\u00f6z\u00f6s j\u00e1t\u00e9k minden gyermeknek: bemutatjuk az els\u0151 tan\u00fas\u00edtott befogad\u00f3 j\u00e1tsz\u00f3tereket!"}]},{"@type":"WebSite","@id":"https:\/\/news.access4you.io\/#website","url":"https:\/\/news.access4you.io\/","name":"Access4you H\u00edrek","description":"","publisher":{"@id":"https:\/\/news.access4you.io\/#organization"},"potentialAction":[{"@type":"SearchAction","target":{"@type":"EntryPoint","urlTemplate":"https:\/\/news.access4you.io\/?s={search_term_string}"},"query-input":{"@type":"PropertyValueSpecification","valueRequired":true,"valueName":"search_term_string"}}],"inLanguage":"en-US"},{"@type":"Organization","@id":"https:\/\/news.access4you.io\/#organization","name":"Access4you H\u00edrek","url":"https:\/\/news.access4you.io\/","logo":{"@type":"ImageObject","inLanguage":"en-US","@id":"https:\/\/news.access4you.io\/#\/schema\/logo\/image\/","url":"https:\/\/news.access4you.io\/wp-content\/uploads\/2021\/01\/a4u-logo-black.png","contentUrl":"https:\/\/news.access4you.io\/wp-content\/uploads\/2021\/01\/a4u-logo-black.png","width":726,"height":454,"caption":"Access4you H\u00edrek"},"image":{"@id":"https:\/\/news.access4you.io\/#\/schema\/logo\/image\/"}},{"@type":"Person","@id":"https:\/\/news.access4you.io\/#\/schema\/person\/cb4fff088aa5f5f43a6f4ce3a1e2e084","name":"access4you","image":{"@type":"ImageObject","inLanguage":"en-US","@id":"https:\/\/news.access4you.io\/#\/schema\/person\/image\/","url":"https:\/\/secure.gravatar.com\/avatar\/9795a8b3afc7ed258d167a92dbb1075b37bab5bc83b1ac9182ff4f58c22040b8?s=96&d=mm&r=g","contentUrl":"https:\/\/secure.gravatar.com\/avatar\/9795a8b3afc7ed258d167a92dbb1075b37bab5bc83b1ac9182ff4f58c22040b8?s=96&d=mm&r=g","caption":"access4you"},"sameAs":["http:\/\/localhost\/access4you"],"url":"https:\/\/news.access4you.io\/en\/author\/access4you\/"}]}},"_links":{"self":[{"href":"https:\/\/news.access4you.io\/en\/wp-json\/wp\/v2\/posts\/4068","targetHints":{"allow":["GET"]}}],"collection":[{"href":"https:\/\/news.access4you.io\/en\/wp-json\/wp\/v2\/posts"}],"about":[{"href":"https:\/\/news.access4you.io\/en\/wp-json\/wp\/v2\/types\/post"}],"author":[{"embeddable":true,"href":"https:\/\/news.access4you.io\/en\/wp-json\/wp\/v2\/users\/1"}],"replies":[{"embeddable":true,"href":"https:\/\/news.access4you.io\/en\/wp-json\/wp\/v2\/comments?post=4068"}],"version-history":[{"count":0,"href":"https:\/\/news.access4you.io\/en\/wp-json\/wp\/v2\/posts\/4068\/revisions"}],"wp:featuredmedia":[{"embeddable":true,"href":"https:\/\/news.access4you.io\/en\/wp-json\/wp\/v2\/media\/4069"}],"wp:attachment":[{"href":"https:\/\/news.access4you.io\/en\/wp-json\/wp\/v2\/media?parent=4068"}],"wp:term":[{"taxonomy":"category","embeddable":true,"href":"https:\/\/news.access4you.io\/en\/wp-json\/wp\/v2\/categories?post=4068"},{"taxonomy":"post_tag","embeddable":true,"href":"https:\/\/news.access4you.io\/en\/wp-json\/wp\/v2\/tags?post=4068"}],"curies":[{"name":"wp","href":"https:\/\/api.w.org\/{rel}","templated":true}]}}