{"id":4156,"date":"2021-01-19T08:26:31","date_gmt":"2021-01-19T08:26:31","guid":{"rendered":"http:\/\/news.access4you.io\/?p=4156"},"modified":"2021-01-19T08:26:33","modified_gmt":"2021-01-19T08:26:33","slug":"a-nordic-light-trio-leed-es-access4you-arany-fokozatu-minositeseket-ert-el","status":"publish","type":"post","link":"https:\/\/news.access4you.io\/en\/2021\/01\/19\/a-nordic-light-trio-leed-es-access4you-arany-fokozatu-minositeseket-ert-el\/","title":{"rendered":"A Nordic Light Trio LEED \u00e9s Access4you arany fokozat\u00fa min\u0151s\u00edt\u00e9seket \u00e9rt el"},"content":{"rendered":"<p><strong>A Nordic Light Trio megkapta a LEED arany fokozat\u00fa z\u00f6ld \u00e9p\u00fclet min\u0151s\u00edt\u00e9st. Ez a Skanska \u00f6t\u00f6dik magyarorsz\u00e1gi projektje, melyet ilyen k\u00f6rnyezeti tan\u00fas\u00edtv\u00e1nnyal ismernek el, ami igazolja, hogy a v\u00e1llalat elk\u00f6telezett a fenntarthat\u00f3 fejl\u0151d\u00e9s mellett, ezenk\u00edv\u00fcl nagy hangs\u00falyt helyez az \u00e9p\u00fcleteket haszn\u00e1l\u00f3 emberek k\u00e9nyelm\u00e9re, j\u00f3ll\u00e9t\u00e9re. A projekt az akad\u00e1lymentess\u00e9get vizsg\u00e1l\u00f3 Access4you arany fokozat\u00fa min\u0151s\u00edt\u00e9st is el\u00e9rte. Az elismer\u00e9sek azt mutatj\u00e1k, hogy a Nordic Light irodakomplexum harmadik \u00e9s egyben befejez\u0151 f\u00e1zisa z\u00f6ld megold\u00e1sokat, befogad\u00f3 \u00e9s akad\u00e1lymentes k\u00f6rnyezetet teremt Budapest egyik legn\u00e9pszer\u0171bb irodai lok\u00e1ci\u00f3j\u00e1n, a V\u00e1ci \u00fati irodafolyos\u00f3n.<\/strong><\/p>\n\n\n\n<p>A Skanska leg\u00fajabb magyarorsz\u00e1gi fejleszt\u00e9se, a Nordic Light Trio elnyerte a LEED Gold Core &amp; Shell 4-es verzi\u00f3j\u00fa min\u0151s\u00edt\u00e9st a fenntarthat\u00f3 helysz\u00edn fejleszt\u00e9s, a v\u00edztakar\u00e9koss\u00e1g, az energiahat\u00e9konys\u00e1g, az anyagv\u00e1laszt\u00e1s \u00e9s a belt\u00e9ri k\u00f6rnyezet min\u0151s\u00e9ge alapj\u00e1n. A hat\u00e9kony szell\u0151z\u00e9snek k\u00f6sz\u00f6nhet\u0151en az \u00e9p\u00fclet a helyi el\u0151\u00edr\u00e1sokhoz k\u00e9pest 30%-kal t\u00f6bb friss leveg\u0151t biztos\u00edt haszn\u00e1l\u00f3inak. Az alkalmazott megold\u00e1sok \u00e9s a k\u00f6z\u00f6s helyis\u00e9gekben elhelyezett LED vil\u00e1g\u00edt\u00e1s pedig hat\u00e9konyabb\u00e1 teszik az irodah\u00e1z energiafelhaszn\u00e1l\u00e1s\u00e1t. A Nordic Light Trio a v\u00edzfogyaszt\u00e1s cs\u00f6kkent\u00e9se jegy\u00e9ben tervezett v\u00edzgazd\u00e1lkod\u00e1s j\u00f3volt\u00e1b\u00f3l az iv\u00f3v\u00edz 40%-\u00e1t takar\u00edtja meg, t\u00f6bbek k\u00f6z\u00f6tt azzal, hogy az es\u0151- \u00e9s a talajvizet \u00f6nt\u00f6z\u00e9sre haszn\u00e1lj\u00e1k. A projektet mindemellett az alacsonyabb sz\u00e9n-dioxid-kibocs\u00e1t\u00e1s is egyed\u00fcl\u00e1ll\u00f3v\u00e1 teszi. A LEED m\u00f6g\u00f6tt \u00e1ll\u00f3 filoz\u00f3fia r\u00e9sze, hogy az \u00e9p\u00fcleteket \u00e9l\u0151 szervezeteknek tekintj\u00fck. A modern iroda\u00e9p\u00fcleteket, \u00edgy a Nordic Light Tri\u00f3t is fel\u00e9p\u00edt\u0151 rendszerek az \u00e9p\u00fclet teljes\u00edtm\u00e9ny\u00e9nek fokoz\u00e1sa \u00e9rdek\u00e9ben m\u0171k\u00f6dnek egy\u00fctt.<\/p>\n\n\n\n<p>\u201e<em>Az \u00e9p\u00fclet sz\u00edv\u00e9ben egy bar\u00e1ts\u00e1gos, z\u00f6ld, nyilv\u00e1nos kertet hoztunk l\u00e9tre mind az irodah\u00e1z haszn\u00e1l\u00f3inak, mind pedig a k\u00f6rny\u00e9k lak\u00f3inak \u00f6r\u00f6m\u00e9re. A b\u00e9rl\u0151k egyszerre \u00e9lvezhetik a Nordic Light Trio k\u00f6lts\u00e9ghat\u00e9konys\u00e1g-n\u00f6vel\u0151 \u00e9s fenntarthat\u00f3 megold\u00e1sainak el\u0151nyeit. A Skansk\u00e1n\u00e1l c\u00e9lunk, hogy 2045-re m\u00e1r olyan irod\u00e1kat fogunk \u00e9p\u00edteni, amelyek karbon l\u00e1bnyoma z\u00e9r\u00f3 mind az \u00e9p\u00edtkez\u00e9s, mind a m\u0171k\u00f6d\u00e9s sor\u00e1n. Tal\u00e1n t\u00fals\u00e1gosan nagyra t\u00f6r\u0151 tervnek t\u0171nhet, de az eredm\u00e9nyeink \u00edg\u00e9retesek, \u00e9s minden nap azon dolgozunk, hogy ez a hatalmas el\u0151rel\u00e9p\u00e9s megval\u00f3suljon<\/em>\u201d &#8211; mondta Schmidt Andr\u00e1s, a Skanska magyarorsz\u00e1gi kereskedelmi fejleszt\u00e9si \u00fczleti egys\u00e9g\u00e9nek fenntarthat\u00f3s\u00e1gi \u00e9s innov\u00e1ci\u00f3s vezet\u0151je.<\/p>\n\n\n\n<p>A k\u00f6rnyezeti megold\u00e1sok mellett az akad\u00e1lymentess\u00e9g is alapvet\u0151 \u00e9s l\u00e9tfontoss\u00e1g\u00fa eleme a projektnek. A speci\u00e1lis ig\u00e9ny\u0171 emberek a t\u00e1rsadalom 15%-\u00e1t k\u00e9pviselik, \u00e9s a vil\u00e1g legnagyobb kisebbs\u00e9gi csoportj\u00e1nak tekinthet\u0151k. A Skanska val\u00f3ban befogad\u00f3 k\u00f6rnyezetet teremtett a Nordic Light Tri\u00f3ban, \u00e9s arany min\u0151s\u00edt\u00e9st kapott az <a href=\"https:\/\/access4you.io\/\">Acces4you<\/a>-t\u00f3l, az \u00e9p\u00edtett k\u00f6rnyezet akad\u00e1lymentess\u00e9g\u00e9t vizsg\u00e1l\u00f3 v\u00e1llalkoz\u00e1st\u00f3l. Az alapvet\u0151 akad\u00e1lymentes jellemz\u0151k, p\u00e9ld\u00e1ul a szil\u00e1rd \u00e9s egyenletes j\u00e1rd\u00e1k, a kell\u0151en sz\u00e9les ajt\u00f3k \u00e9s a sz\u00fcks\u00e9ges jelz\u00e9sek mellett az \u00e9p\u00fclet egyedi szolg\u00e1ltat\u00e1sokat is ny\u00fajt a speci\u00e1lis ig\u00e9ny\u0171 emberek sz\u00e1m\u00e1ra, hogy megk\u00f6nny\u00edtse az irod\u00e1k haszn\u00e1lat\u00e1t. A hall\u00e1ss\u00e9r\u00fclt l\u00e1togat\u00f3k sz\u00e1m\u00e1ra egy t\u00e1blag\u00e9p \u00e1ll rendelkez\u00e9sre a recepci\u00f3n a jelnyelvi seg\u00edts\u00e9gny\u00fajt\u00e1shoz, az el\u0151csarnokban pedig indukci\u00f3s hurokrendszert telep\u00edtettek. Ez az eszk\u00f6z m\u00e1gneses mez\u0151n kereszt\u00fcl tov\u00e1bb\u00edtja a hangot a hall\u00f3k\u00e9sz\u00fcl\u00e9khez a h\u00e1tt\u00e9rzaj, interferencia vagy akusztikai torz\u00edt\u00e1s kik\u00fcsz\u00f6b\u00f6l\u00e9se \u00e9rdek\u00e9ben. Az univerz\u00e1lis tervez\u00e9snek k\u00f6sz\u00f6nhet\u0151en a Nordic Light Tri\u00f3ban minden ember meg\u00e9lheti a mozg\u00e1s szabads\u00e1g\u00e1t. Az arany szint\u0171 tan\u00fas\u00edt\u00e1s is mutatja, hogy az \u00e9p\u00fclet t\u00e1mogatja a munkav\u00e1llal\u00f3k sz\u00e9les spektrum\u00e1t abban, hogy maxim\u00e1lisan kiakn\u00e1zz\u00e1k a benn\u00fck rejl\u0151 potenci\u00e1lt.<\/p>\n\n\n\n<p>A Skanska fokozott figyelmet ford\u00edt a k\u00f6rnyezeti hat\u00e1sok cs\u00f6kkent\u00e9s\u00e9re \u00e9s az irodah\u00e1zak akad\u00e1lymentes\u00edt\u00e9s\u00e9re. A leg\u00fajabb projektje, a H<sub>2<\/sub>Offices fejleszt\u00e9s\u00e9vel a v\u00e1llalat c\u00e9lja, hogy tov\u00e1bb emelje a z\u00f6ld irod\u00e1k fejleszt\u00e9s\u00e9nek sz\u00ednvonal\u00e1t \u00e9s t\u00e1mogassa a b\u00e9rl\u0151ket az azonos munkafelt\u00e9telek biztos\u00edt\u00e1s\u00e1ban.<\/p>\n\n\n\n<p>Forr\u00e1s: Skanska Hungary, Mitte Communications<\/p>","protected":false},"excerpt":{"rendered":"<p>A Nordic Light Trio megkapta a LEED arany fokozat\u00fa z\u00f6ld \u00e9p\u00fclet min\u0151s\u00edt\u00e9st. Ez a Skanska \u00f6t\u00f6dik magyarorsz\u00e1gi projektje, melyet ilyen k\u00f6rnyezeti tan\u00fas\u00edtv\u00e1nnyal ismernek el, ami igazolja, hogy a v\u00e1llalat elk\u00f6telezett a fenntarthat\u00f3 fejl\u0151d\u00e9s mellett, ezenk\u00edv\u00fcl nagy hangs\u00falyt helyez az \u00e9p\u00fcleteket haszn\u00e1l\u00f3 emberek k\u00e9nyelm\u00e9re, j\u00f3ll\u00e9t\u00e9re. A projekt az akad\u00e1lymentess\u00e9get vizsg\u00e1l\u00f3 Access4you arany fokozat\u00fa min\u0151s\u00edt\u00e9st is el\u00e9rte. [&hellip;]<\/p>","protected":false},"author":1,"featured_media":4157,"comment_status":"closed","ping_status":"closed","sticky":false,"template":"","format":"standard","meta":{"footnotes":""},"categories":[75,76,17],"tags":[],"class_list":["post-4156","post","type-post","status-publish","format-standard","has-post-thumbnail","hentry","category-uj-hely","category-kozlemeny","category-sajtoszemle"],"yoast_head":"<!-- This site is optimized with the Yoast SEO plugin v23.8 - https:\/\/yoast.com\/wordpress\/plugins\/seo\/ -->\n<title>A Nordic Light Trio LEED \u00e9s Access4you arany fokozat\u00fa min\u0151s\u00edt\u00e9seket \u00e9rt el - Access4you H\u00edrek<\/title>\n<meta name=\"robots\" content=\"index, follow, max-snippet:-1, max-image-preview:large, max-video-preview:-1\" \/>\n<link rel=\"canonical\" href=\"https:\/\/news.access4you.io\/en\/2021\/01\/19\/a-nordic-light-trio-leed-es-access4you-arany-fokozatu-minositeseket-ert-el\/\" \/>\n<meta property=\"og:locale\" content=\"en_US\" \/>\n<meta property=\"og:type\" content=\"article\" \/>\n<meta property=\"og:title\" content=\"A Nordic Light Trio LEED \u00e9s Access4you arany fokozat\u00fa min\u0151s\u00edt\u00e9seket \u00e9rt el - Access4you H\u00edrek\" \/>\n<meta property=\"og:description\" content=\"A Nordic Light Trio megkapta a LEED arany fokozat\u00fa z\u00f6ld \u00e9p\u00fclet min\u0151s\u00edt\u00e9st. Ez a Skanska \u00f6t\u00f6dik magyarorsz\u00e1gi projektje, melyet ilyen k\u00f6rnyezeti tan\u00fas\u00edtv\u00e1nnyal ismernek el, ami igazolja, hogy a v\u00e1llalat elk\u00f6telezett a fenntarthat\u00f3 fejl\u0151d\u00e9s mellett, ezenk\u00edv\u00fcl nagy hangs\u00falyt helyez az \u00e9p\u00fcleteket haszn\u00e1l\u00f3 emberek k\u00e9nyelm\u00e9re, j\u00f3ll\u00e9t\u00e9re. A projekt az akad\u00e1lymentess\u00e9get vizsg\u00e1l\u00f3 Access4you arany fokozat\u00fa min\u0151s\u00edt\u00e9st is el\u00e9rte. [&hellip;]\" \/>\n<meta property=\"og:url\" content=\"https:\/\/news.access4you.io\/en\/2021\/01\/19\/a-nordic-light-trio-leed-es-access4you-arany-fokozatu-minositeseket-ert-el\/\" \/>\n<meta property=\"og:site_name\" content=\"Access4you H\u00edrek\" \/>\n<meta property=\"article:published_time\" content=\"2021-01-19T08:26:31+00:00\" \/>\n<meta property=\"article:modified_time\" content=\"2021-01-19T08:26:33+00:00\" \/>\n<meta property=\"og:image\" content=\"https:\/\/news.access4you.io\/wp-content\/uploads\/2021\/01\/Nordic-Light-Trio-by-Skanska-1.jpg\" \/>\n\t<meta property=\"og:image:width\" content=\"2000\" \/>\n\t<meta property=\"og:image:height\" content=\"1381\" \/>\n\t<meta property=\"og:image:type\" content=\"image\/jpeg\" \/>\n<meta name=\"author\" content=\"access4you\" \/>\n<meta name=\"twitter:card\" content=\"summary_large_image\" \/>\n<meta name=\"twitter:label1\" content=\"Written by\" \/>\n\t<meta name=\"twitter:data1\" content=\"access4you\" \/>\n\t<meta name=\"twitter:label2\" content=\"Est. reading time\" \/>\n\t<meta name=\"twitter:data2\" content=\"4 minutes\" \/>\n<script type=\"application\/ld+json\" class=\"yoast-schema-graph\">{\"@context\":\"https:\/\/schema.org\",\"@graph\":[{\"@type\":\"Article\",\"@id\":\"https:\/\/news.access4you.io\/2021\/01\/19\/a-nordic-light-trio-leed-es-access4you-arany-fokozatu-minositeseket-ert-el\/#article\",\"isPartOf\":{\"@id\":\"https:\/\/news.access4you.io\/2021\/01\/19\/a-nordic-light-trio-leed-es-access4you-arany-fokozatu-minositeseket-ert-el\/\"},\"author\":{\"name\":\"access4you\",\"@id\":\"https:\/\/news.access4you.io\/#\/schema\/person\/cb4fff088aa5f5f43a6f4ce3a1e2e084\"},\"headline\":\"A Nordic Light Trio LEED \u00e9s Access4you arany fokozat\u00fa min\u0151s\u00edt\u00e9seket \u00e9rt el\",\"datePublished\":\"2021-01-19T08:26:31+00:00\",\"dateModified\":\"2021-01-19T08:26:33+00:00\",\"mainEntityOfPage\":{\"@id\":\"https:\/\/news.access4you.io\/2021\/01\/19\/a-nordic-light-trio-leed-es-access4you-arany-fokozatu-minositeseket-ert-el\/\"},\"wordCount\":881,\"publisher\":{\"@id\":\"https:\/\/news.access4you.io\/#organization\"},\"image\":{\"@id\":\"https:\/\/news.access4you.io\/2021\/01\/19\/a-nordic-light-trio-leed-es-access4you-arany-fokozatu-minositeseket-ert-el\/#primaryimage\"},\"thumbnailUrl\":\"https:\/\/news.access4you.io\/wp-content\/uploads\/2021\/01\/Nordic-Light-Trio-by-Skanska-1.jpg\",\"articleSection\":[\"\u00daj hely\",\"K\u00f6zlem\u00e9ny\",\"Sajt\u00f3szemle\"],\"inLanguage\":\"en-US\"},{\"@type\":\"WebPage\",\"@id\":\"https:\/\/news.access4you.io\/2021\/01\/19\/a-nordic-light-trio-leed-es-access4you-arany-fokozatu-minositeseket-ert-el\/\",\"url\":\"https:\/\/news.access4you.io\/2021\/01\/19\/a-nordic-light-trio-leed-es-access4you-arany-fokozatu-minositeseket-ert-el\/\",\"name\":\"A Nordic Light Trio LEED \u00e9s Access4you arany fokozat\u00fa min\u0151s\u00edt\u00e9seket \u00e9rt el - Access4you H\u00edrek\",\"isPartOf\":{\"@id\":\"https:\/\/news.access4you.io\/#website\"},\"primaryImageOfPage\":{\"@id\":\"https:\/\/news.access4you.io\/2021\/01\/19\/a-nordic-light-trio-leed-es-access4you-arany-fokozatu-minositeseket-ert-el\/#primaryimage\"},\"image\":{\"@id\":\"https:\/\/news.access4you.io\/2021\/01\/19\/a-nordic-light-trio-leed-es-access4you-arany-fokozatu-minositeseket-ert-el\/#primaryimage\"},\"thumbnailUrl\":\"https:\/\/news.access4you.io\/wp-content\/uploads\/2021\/01\/Nordic-Light-Trio-by-Skanska-1.jpg\",\"datePublished\":\"2021-01-19T08:26:31+00:00\",\"dateModified\":\"2021-01-19T08:26:33+00:00\",\"breadcrumb\":{\"@id\":\"https:\/\/news.access4you.io\/2021\/01\/19\/a-nordic-light-trio-leed-es-access4you-arany-fokozatu-minositeseket-ert-el\/#breadcrumb\"},\"inLanguage\":\"en-US\",\"potentialAction\":[{\"@type\":\"ReadAction\",\"target\":[\"https:\/\/news.access4you.io\/2021\/01\/19\/a-nordic-light-trio-leed-es-access4you-arany-fokozatu-minositeseket-ert-el\/\"]}]},{\"@type\":\"ImageObject\",\"inLanguage\":\"en-US\",\"@id\":\"https:\/\/news.access4you.io\/2021\/01\/19\/a-nordic-light-trio-leed-es-access4you-arany-fokozatu-minositeseket-ert-el\/#primaryimage\",\"url\":\"https:\/\/news.access4you.io\/wp-content\/uploads\/2021\/01\/Nordic-Light-Trio-by-Skanska-1.jpg\",\"contentUrl\":\"https:\/\/news.access4you.io\/wp-content\/uploads\/2021\/01\/Nordic-Light-Trio-by-Skanska-1.jpg\",\"width\":2000,\"height\":1381},{\"@type\":\"BreadcrumbList\",\"@id\":\"https:\/\/news.access4you.io\/2021\/01\/19\/a-nordic-light-trio-leed-es-access4you-arany-fokozatu-minositeseket-ert-el\/#breadcrumb\",\"itemListElement\":[{\"@type\":\"ListItem\",\"position\":1,\"name\":\"Kezd\u0151lap\",\"item\":\"https:\/\/news.access4you.io\/\"},{\"@type\":\"ListItem\",\"position\":2,\"name\":\"A Nordic Light Trio LEED \u00e9s Access4you arany fokozat\u00fa min\u0151s\u00edt\u00e9seket \u00e9rt el\"}]},{\"@type\":\"WebSite\",\"@id\":\"https:\/\/news.access4you.io\/#website\",\"url\":\"https:\/\/news.access4you.io\/\",\"name\":\"Access4you H\u00edrek\",\"description\":\"\",\"publisher\":{\"@id\":\"https:\/\/news.access4you.io\/#organization\"},\"potentialAction\":[{\"@type\":\"SearchAction\",\"target\":{\"@type\":\"EntryPoint\",\"urlTemplate\":\"https:\/\/news.access4you.io\/?s={search_term_string}\"},\"query-input\":{\"@type\":\"PropertyValueSpecification\",\"valueRequired\":true,\"valueName\":\"search_term_string\"}}],\"inLanguage\":\"en-US\"},{\"@type\":\"Organization\",\"@id\":\"https:\/\/news.access4you.io\/#organization\",\"name\":\"Access4you H\u00edrek\",\"url\":\"https:\/\/news.access4you.io\/\",\"logo\":{\"@type\":\"ImageObject\",\"inLanguage\":\"en-US\",\"@id\":\"https:\/\/news.access4you.io\/#\/schema\/logo\/image\/\",\"url\":\"https:\/\/news.access4you.io\/wp-content\/uploads\/2021\/01\/a4u-logo-black.png\",\"contentUrl\":\"https:\/\/news.access4you.io\/wp-content\/uploads\/2021\/01\/a4u-logo-black.png\",\"width\":726,\"height\":454,\"caption\":\"Access4you H\u00edrek\"},\"image\":{\"@id\":\"https:\/\/news.access4you.io\/#\/schema\/logo\/image\/\"}},{\"@type\":\"Person\",\"@id\":\"https:\/\/news.access4you.io\/#\/schema\/person\/cb4fff088aa5f5f43a6f4ce3a1e2e084\",\"name\":\"access4you\",\"image\":{\"@type\":\"ImageObject\",\"inLanguage\":\"en-US\",\"@id\":\"https:\/\/news.access4you.io\/#\/schema\/person\/image\/\",\"url\":\"https:\/\/secure.gravatar.com\/avatar\/9795a8b3afc7ed258d167a92dbb1075b37bab5bc83b1ac9182ff4f58c22040b8?s=96&d=mm&r=g\",\"contentUrl\":\"https:\/\/secure.gravatar.com\/avatar\/9795a8b3afc7ed258d167a92dbb1075b37bab5bc83b1ac9182ff4f58c22040b8?s=96&d=mm&r=g\",\"caption\":\"access4you\"},\"sameAs\":[\"http:\/\/localhost\/access4you\"],\"url\":\"https:\/\/news.access4you.io\/en\/author\/access4you\/\"}]}<\/script>\n<!-- \/ Yoast SEO plugin. -->","yoast_head_json":{"title":"A Nordic Light Trio LEED \u00e9s Access4you arany fokozat\u00fa min\u0151s\u00edt\u00e9seket \u00e9rt el - Access4you H\u00edrek","robots":{"index":"index","follow":"follow","max-snippet":"max-snippet:-1","max-image-preview":"max-image-preview:large","max-video-preview":"max-video-preview:-1"},"canonical":"https:\/\/news.access4you.io\/en\/2021\/01\/19\/a-nordic-light-trio-leed-es-access4you-arany-fokozatu-minositeseket-ert-el\/","og_locale":"en_US","og_type":"article","og_title":"A Nordic Light Trio LEED \u00e9s Access4you arany fokozat\u00fa min\u0151s\u00edt\u00e9seket \u00e9rt el - Access4you H\u00edrek","og_description":"A Nordic Light Trio megkapta a LEED arany fokozat\u00fa z\u00f6ld \u00e9p\u00fclet min\u0151s\u00edt\u00e9st. Ez a Skanska \u00f6t\u00f6dik magyarorsz\u00e1gi projektje, melyet ilyen k\u00f6rnyezeti tan\u00fas\u00edtv\u00e1nnyal ismernek el, ami igazolja, hogy a v\u00e1llalat elk\u00f6telezett a fenntarthat\u00f3 fejl\u0151d\u00e9s mellett, ezenk\u00edv\u00fcl nagy hangs\u00falyt helyez az \u00e9p\u00fcleteket haszn\u00e1l\u00f3 emberek k\u00e9nyelm\u00e9re, j\u00f3ll\u00e9t\u00e9re. A projekt az akad\u00e1lymentess\u00e9get vizsg\u00e1l\u00f3 Access4you arany fokozat\u00fa min\u0151s\u00edt\u00e9st is el\u00e9rte. [&hellip;]","og_url":"https:\/\/news.access4you.io\/en\/2021\/01\/19\/a-nordic-light-trio-leed-es-access4you-arany-fokozatu-minositeseket-ert-el\/","og_site_name":"Access4you H\u00edrek","article_published_time":"2021-01-19T08:26:31+00:00","article_modified_time":"2021-01-19T08:26:33+00:00","og_image":[{"width":2000,"height":1381,"url":"https:\/\/news.access4you.io\/wp-content\/uploads\/2021\/01\/Nordic-Light-Trio-by-Skanska-1.jpg","type":"image\/jpeg"}],"author":"access4you","twitter_card":"summary_large_image","twitter_misc":{"Written by":"access4you","Est. reading time":"4 minutes"},"schema":{"@context":"https:\/\/schema.org","@graph":[{"@type":"Article","@id":"https:\/\/news.access4you.io\/2021\/01\/19\/a-nordic-light-trio-leed-es-access4you-arany-fokozatu-minositeseket-ert-el\/#article","isPartOf":{"@id":"https:\/\/news.access4you.io\/2021\/01\/19\/a-nordic-light-trio-leed-es-access4you-arany-fokozatu-minositeseket-ert-el\/"},"author":{"name":"access4you","@id":"https:\/\/news.access4you.io\/#\/schema\/person\/cb4fff088aa5f5f43a6f4ce3a1e2e084"},"headline":"A Nordic Light Trio LEED \u00e9s Access4you arany fokozat\u00fa min\u0151s\u00edt\u00e9seket \u00e9rt el","datePublished":"2021-01-19T08:26:31+00:00","dateModified":"2021-01-19T08:26:33+00:00","mainEntityOfPage":{"@id":"https:\/\/news.access4you.io\/2021\/01\/19\/a-nordic-light-trio-leed-es-access4you-arany-fokozatu-minositeseket-ert-el\/"},"wordCount":881,"publisher":{"@id":"https:\/\/news.access4you.io\/#organization"},"image":{"@id":"https:\/\/news.access4you.io\/2021\/01\/19\/a-nordic-light-trio-leed-es-access4you-arany-fokozatu-minositeseket-ert-el\/#primaryimage"},"thumbnailUrl":"https:\/\/news.access4you.io\/wp-content\/uploads\/2021\/01\/Nordic-Light-Trio-by-Skanska-1.jpg","articleSection":["\u00daj hely","K\u00f6zlem\u00e9ny","Sajt\u00f3szemle"],"inLanguage":"en-US"},{"@type":"WebPage","@id":"https:\/\/news.access4you.io\/2021\/01\/19\/a-nordic-light-trio-leed-es-access4you-arany-fokozatu-minositeseket-ert-el\/","url":"https:\/\/news.access4you.io\/2021\/01\/19\/a-nordic-light-trio-leed-es-access4you-arany-fokozatu-minositeseket-ert-el\/","name":"A Nordic Light Trio LEED \u00e9s Access4you arany fokozat\u00fa min\u0151s\u00edt\u00e9seket \u00e9rt el - Access4you H\u00edrek","isPartOf":{"@id":"https:\/\/news.access4you.io\/#website"},"primaryImageOfPage":{"@id":"https:\/\/news.access4you.io\/2021\/01\/19\/a-nordic-light-trio-leed-es-access4you-arany-fokozatu-minositeseket-ert-el\/#primaryimage"},"image":{"@id":"https:\/\/news.access4you.io\/2021\/01\/19\/a-nordic-light-trio-leed-es-access4you-arany-fokozatu-minositeseket-ert-el\/#primaryimage"},"thumbnailUrl":"https:\/\/news.access4you.io\/wp-content\/uploads\/2021\/01\/Nordic-Light-Trio-by-Skanska-1.jpg","datePublished":"2021-01-19T08:26:31+00:00","dateModified":"2021-01-19T08:26:33+00:00","breadcrumb":{"@id":"https:\/\/news.access4you.io\/2021\/01\/19\/a-nordic-light-trio-leed-es-access4you-arany-fokozatu-minositeseket-ert-el\/#breadcrumb"},"inLanguage":"en-US","potentialAction":[{"@type":"ReadAction","target":["https:\/\/news.access4you.io\/2021\/01\/19\/a-nordic-light-trio-leed-es-access4you-arany-fokozatu-minositeseket-ert-el\/"]}]},{"@type":"ImageObject","inLanguage":"en-US","@id":"https:\/\/news.access4you.io\/2021\/01\/19\/a-nordic-light-trio-leed-es-access4you-arany-fokozatu-minositeseket-ert-el\/#primaryimage","url":"https:\/\/news.access4you.io\/wp-content\/uploads\/2021\/01\/Nordic-Light-Trio-by-Skanska-1.jpg","contentUrl":"https:\/\/news.access4you.io\/wp-content\/uploads\/2021\/01\/Nordic-Light-Trio-by-Skanska-1.jpg","width":2000,"height":1381},{"@type":"BreadcrumbList","@id":"https:\/\/news.access4you.io\/2021\/01\/19\/a-nordic-light-trio-leed-es-access4you-arany-fokozatu-minositeseket-ert-el\/#breadcrumb","itemListElement":[{"@type":"ListItem","position":1,"name":"Kezd\u0151lap","item":"https:\/\/news.access4you.io\/"},{"@type":"ListItem","position":2,"name":"A Nordic Light Trio LEED \u00e9s Access4you arany fokozat\u00fa min\u0151s\u00edt\u00e9seket \u00e9rt el"}]},{"@type":"WebSite","@id":"https:\/\/news.access4you.io\/#website","url":"https:\/\/news.access4you.io\/","name":"Access4you H\u00edrek","description":"","publisher":{"@id":"https:\/\/news.access4you.io\/#organization"},"potentialAction":[{"@type":"SearchAction","target":{"@type":"EntryPoint","urlTemplate":"https:\/\/news.access4you.io\/?s={search_term_string}"},"query-input":{"@type":"PropertyValueSpecification","valueRequired":true,"valueName":"search_term_string"}}],"inLanguage":"en-US"},{"@type":"Organization","@id":"https:\/\/news.access4you.io\/#organization","name":"Access4you H\u00edrek","url":"https:\/\/news.access4you.io\/","logo":{"@type":"ImageObject","inLanguage":"en-US","@id":"https:\/\/news.access4you.io\/#\/schema\/logo\/image\/","url":"https:\/\/news.access4you.io\/wp-content\/uploads\/2021\/01\/a4u-logo-black.png","contentUrl":"https:\/\/news.access4you.io\/wp-content\/uploads\/2021\/01\/a4u-logo-black.png","width":726,"height":454,"caption":"Access4you H\u00edrek"},"image":{"@id":"https:\/\/news.access4you.io\/#\/schema\/logo\/image\/"}},{"@type":"Person","@id":"https:\/\/news.access4you.io\/#\/schema\/person\/cb4fff088aa5f5f43a6f4ce3a1e2e084","name":"access4you","image":{"@type":"ImageObject","inLanguage":"en-US","@id":"https:\/\/news.access4you.io\/#\/schema\/person\/image\/","url":"https:\/\/secure.gravatar.com\/avatar\/9795a8b3afc7ed258d167a92dbb1075b37bab5bc83b1ac9182ff4f58c22040b8?s=96&d=mm&r=g","contentUrl":"https:\/\/secure.gravatar.com\/avatar\/9795a8b3afc7ed258d167a92dbb1075b37bab5bc83b1ac9182ff4f58c22040b8?s=96&d=mm&r=g","caption":"access4you"},"sameAs":["http:\/\/localhost\/access4you"],"url":"https:\/\/news.access4you.io\/en\/author\/access4you\/"}]}},"_links":{"self":[{"href":"https:\/\/news.access4you.io\/en\/wp-json\/wp\/v2\/posts\/4156","targetHints":{"allow":["GET"]}}],"collection":[{"href":"https:\/\/news.access4you.io\/en\/wp-json\/wp\/v2\/posts"}],"about":[{"href":"https:\/\/news.access4you.io\/en\/wp-json\/wp\/v2\/types\/post"}],"author":[{"embeddable":true,"href":"https:\/\/news.access4you.io\/en\/wp-json\/wp\/v2\/users\/1"}],"replies":[{"embeddable":true,"href":"https:\/\/news.access4you.io\/en\/wp-json\/wp\/v2\/comments?post=4156"}],"version-history":[{"count":0,"href":"https:\/\/news.access4you.io\/en\/wp-json\/wp\/v2\/posts\/4156\/revisions"}],"wp:featuredmedia":[{"embeddable":true,"href":"https:\/\/news.access4you.io\/en\/wp-json\/wp\/v2\/media\/4157"}],"wp:attachment":[{"href":"https:\/\/news.access4you.io\/en\/wp-json\/wp\/v2\/media?parent=4156"}],"wp:term":[{"taxonomy":"category","embeddable":true,"href":"https:\/\/news.access4you.io\/en\/wp-json\/wp\/v2\/categories?post=4156"},{"taxonomy":"post_tag","embeddable":true,"href":"https:\/\/news.access4you.io\/en\/wp-json\/wp\/v2\/tags?post=4156"}],"curies":[{"name":"wp","href":"https:\/\/api.w.org\/{rel}","templated":true}]}}