{"id":4217,"date":"2021-04-06T07:46:20","date_gmt":"2021-04-06T07:46:20","guid":{"rendered":"http:\/\/news.access4you.io\/?p=4217"},"modified":"2021-06-08T12:22:01","modified_gmt":"2021-06-08T12:22:01","slug":"a-liberty-irodahaz-a-befogado-vallalatok-anyahajoja-lehet","status":"publish","type":"post","link":"https:\/\/news.access4you.io\/en\/2021\/04\/06\/a-liberty-irodahaz-a-befogado-vallalatok-anyahajoja-lehet\/","title":{"rendered":"A Liberty irodah\u00e1z a befogad\u00f3 v\u00e1llalatok anyahaj\u00f3ja lehet"},"content":{"rendered":"<p><strong>A WING a hazai \u00e9s egyben region\u00e1lis ingatlanfejleszt\u0151 v\u00e1llalatok egyik legnagyobbika, leg\u00fajabb projektj\u00fck, a Liberty Irodah\u00e1z pedig m\u00e1r most a budapesti irodapiac meghat\u00e1roz\u00f3 beruh\u00e1z\u00e1s\u00e1v\u00e1 v\u00e1lt. Inkluz\u00edv irodapiaci cikksorozatunk k\u00f6vetkez\u0151 szerepl\u0151je a WING, amely \u00faj projektj\u00fck indul\u00e1sakor elk\u00f6telez\u0151d\u00f6tt az inkluz\u00edv ingatlanfejleszt\u00e9s \u00e9s a komplexen akad\u00e1lymentes k\u00f6rnyezet l\u00e9trehoz\u00e1sa mellett. A v\u00e1llalat partnere a Liberty terveinek akad\u00e1lymentess\u00e9gi vizsg\u00e1lat\u00e1ra \u00e9s tan\u00fas\u00edt\u00e1s\u00e1ra az Access4you volt.<\/strong><\/p>\n\n\n\n<p>A szint\u00e9n a WING \u00e1ltal \u00e9p\u00edtett Telekom-sz\u00e9kh\u00e1z t\u0151szomsz\u00e9ds\u00e1g\u00e1ban, a IX. ker\u00fcleti K\u00f6nyves K\u00e1lm\u00e1n k\u00f6r\u00faton \u00e9p\u00fcl\u0151 <strong>Liberty<\/strong> t\u00f6bb mint 40 000 n\u00e9gyzetm\u00e9ter b\u00e9relhet\u0151 irodater\u00fcleten v\u00e1rhat\u00f3an 2022 v\u00e9g\u00e9t\u0151l v\u00e1rja els\u0151 b\u00e9rl\u0151it. A pr\u00e9mium kateg\u00f3ri\u00e1s, emberk\u00f6zpont\u00fa irodah\u00e1z a leg\u00fajabb k\u00f6rnyezetv\u00e9delmi, fenntarthat\u00f3s\u00e1gi \u00e9s eg\u00e9szs\u00e9gbiztons\u00e1gi elv\u00e1r\u00e1sok ment\u00e9n sz\u00fcletett meg, mi sem bizony\u00edtja ezt jobban, hogy <strong>BREEAM Excellent<\/strong> \u00e9s <strong>Access4you <\/strong>min\u0151s\u00edt\u00e9sek el\u00e9r\u00e9s\u00e9re tervezt\u00e9k.<\/p>\n\n\n\n<p>A v\u00e1llalat legf\u0151bb \u00e9rt\u00e9kei a tisztess\u00e9g, a megb\u00edzhat\u00f3s\u00e1g \u00e9s a szak\u00e9rtelem, vil\u00e1gsz\u00ednvonal\u00fa \u00e9p\u00fcletei pedig ikonikus c\u00e9geknek ny\u00fajtanak inspir\u00e1l\u00f3, modern otthont. <strong>A hossz\u00fa t\u00e1v\u00fa \u00e9rt\u00e9kteremt\u00e9st \u00e9s a magas \u00e9p\u00edt\u00e9szeti min\u0151s\u00e9get k\u00e9pvisel\u0151 Liberty eset\u00e9ben a WING sz\u00e1m\u00e1ra kiemelked\u0151 fontoss\u00e1g\u00fav\u00e1 v\u00e1lt az ut\u00f3bbi \u00e9vek egyik leghangs\u00falyosabb ingatlanfejleszt\u00e9si ir\u00e1nya, az inkluz\u00edv, egyetemes tervez\u00e9s. <\/strong><\/p>\n\n\n\n<p>A WING c\u00e9gfiloz\u00f3fi\u00e1j\u00e1ban a t\u00e1rsadalmi felel\u0151ss\u00e9gv\u00e1llal\u00e1s jelent\u0151s szerepet kap, \u00e1m az inkluz\u00edv fejleszt\u00e9sek m\u00e9g enn\u00e9l \u00e9s messzemen\u0151bb \u00e9rt\u00e9keket \u00e9s \u00e9rdekeket szolg\u00e1lnak. Az inkluz\u00edv, akad\u00e1lymentes tervez\u00e9s a speci\u00e1lis ig\u00e9ny\u0171, k\u00f6z\u00f6tt\u00fck a fogyat\u00e9koss\u00e1ggal \u00e9l\u0151 emberek biztons\u00e1gos \u00e9s \u00f6n\u00e1ll\u00f3 ingatlanhaszn\u00e1lat\u00e1t szolg\u00e1lj\u00e1k, \u00e9s hozz\u00e1j\u00e1rulnak az irodah\u00e1zban otthont lel\u0151 v\u00e1llalatok hossz\u00fa t\u00e1v\u00fa fenntarthat\u00f3 fejl\u0151d\u00e9s\u00e9hez \u00e9s piaci szerep\u00e9nek er\u0151s\u00f6d\u00e9s\u00e9hez.<\/p>\n\n\n\n<p>\u201e<em>WING sz\u00e1m\u00e1ra rendk\u00edv\u00fcl fontos az emberk\u00f6zpont\u00fa tervez\u00e9s \u00e9s a hum\u00e1n f\u00f3kusz, amelyek jelent\u0151s m\u00e9rt\u00e9kben visszak\u00f6sz\u00f6nnek a Liberty irodah\u00e1z eset\u00e9n. A modern \u00e9s innovat\u00edv szolg\u00e1ltat\u00e1sokat ny\u00fajt\u00f3 komplexum akad\u00e1lymentes\u00edtett bels\u0151 terei megk\u00f6nny\u00edtik \u00e9s biztons\u00e1goss\u00e1 teszik a k\u00f6zleked\u00e9st a mozg\u00e1skorl\u00e1tozott \u00e9s fogyat\u00e9kkal \u00e9l\u0151 munkav\u00e1llal\u00f3k sz\u00e1m\u00e1ra is. Azok a c\u00e9gek, akik a Liberty irodah\u00e1zban tal\u00e1lj\u00e1k majd meg az otthonukat, hozz\u00e1j\u00e1rulnak egy \u00e9lhet\u0151bb, inkluz\u00edv j\u00f6v\u0151 megteremt\u00e9s\u00e9hez<\/em>\u201d \u2013 mondta <strong>Sch\u0151mer Norbert, <\/strong>a WING irodafejleszt\u00e9sek\u00e9rt felel\u0151s vez\u00e9rigazgat\u00f3-helyettese. &nbsp;<\/p>\n\n\n\n<p><strong>Az inkluz\u00edv k\u00f6rnyezet a v\u00e1llalati diverzit\u00e1s megval\u00f3s\u00edt\u00e1s\u00e1nak alapja<\/strong><\/p>\n\n\n\n<p>A speci\u00e1lis ig\u00e9ny\u0171 emberek a vil\u00e1g t\u00e1rsadalm\u00e1nak 15% sz\u00e1zal\u00e9k\u00e1t k\u00e9pviselik, ide tartoznak a kerekessz\u00e9ket haszn\u00e1l\u00f3k, mozg\u00e1sukban korl\u00e1tozottak, audiovizu\u00e1lis akad\u00e1lyokkal, vagy kognit\u00edv zavarral \u00e9l\u0151 emberek. A vil\u00e1gon 1,2 milli\u00e1rd, Eur\u00f3p\u00e1ban 120 milli\u00f3, Magyarorsz\u00e1gon 1,5 milli\u00f3 speci\u00e1lis ig\u00e9ny\u0171 ember \u00e9l. Az \u0151 integr\u00e1ci\u00f3juk egyr\u00e9szt emberi jogi \u00e9s es\u00e9lyegyenl\u0151s\u00e9gi szempontb\u00f3l megk\u00e9rd\u0151jelezhetetlen\u00fcl fontos, de az egyetemes, inkluz\u00edv k\u00f6rnyezet fejleszt\u00e9s\u00e9vel \u00e9s \u00f6szt\u00f6nz\u00e9s\u00e9vel a v\u00e1llalkoz\u00e1sok \u00e9s c\u00e9gek sz\u00e1m\u00e1ra gazdas\u00e1gi \u00e9s \u00fczleti el\u0151nyt is jelent. A speci\u00e1lis ig\u00e9ny\u0171 emberek v\u00e1s\u00e1rl\u00f3ereje ugyanis \u00e9vi 8 milli\u00e1rd doll\u00e1r, munkaer\u0151piaci jelent\u0151s\u00e9g\u00fck pedig m\u00e9g nagyobb. Az a szellemi t\u0151ke \u00e9s tehets\u00e9g, amely a speci\u00e1lis ig\u00e9ny\u0171 emberek birtok\u00e1ban van, a v\u00e1llalatok sz\u00e1m\u00e1ra a fenntarthat\u00f3 fejl\u0151d\u00e9s egyik pill\u00e9re lehet. A diverzit\u00e1s ugyanis hozz\u00e1j\u00e1rul a v\u00e1llalati produktivit\u00e1s javul\u00e1s\u00e1hoz, az innov\u00e1ci\u00f3s k\u00e9pess\u00e9gekhez \u00e9s a megold\u00e1s orient\u00e1lt gondolkod\u00e1sm\u00f3dhoz, \u00edgy a versenyel\u0151ny n\u00f6veked\u00e9s\u00e9hez is.<\/p>\n\n\n\n<p><strong>Hozz\u00e1f\u00e9rhet\u0151s\u00e9g \u00e9s akad\u00e1lymentess\u00e9g fels\u0151fokon<\/strong><\/p>\n\n\n\n<p>Minden szempontb\u00f3l k\u00f6nnyebb \u00e9s hat\u00e9konyabb olyan \u00e9p\u00fcletet tervezni, amely megfelel az akad\u00e1lymentes haszn\u00e1lat elv\u00e1r\u00e1sainak, mint k\u00e9s\u0151bb m\u00f3dos\u00edtani, esetleg \u00e1t\u00e9p\u00edteni. Ez\u00e9rt a WING m\u00e1r az els\u0151 vonalak megrajzol\u00e1sakor elk\u00f6telez\u0151d\u00f6tt az egyetemes tervez\u00e9s mellett \u00e9s a tervez\u00e9s folyam\u00e1n figyelembe vette azokat a szabv\u00e1nyokat, szab\u00e1lyokat \u00e9s aj\u00e1nl\u00e1sokat, amelyek a hozz\u00e1f\u00e9rhet\u0151 k\u00f6rnyezet megteremt\u0151d\u00e9s\u00e9t szolg\u00e1lj\u00e1k. A tervez\u00e9s utols\u00f3 szakasz\u00e1ban a WING az Access4you-t k\u00e9rte fel az akad\u00e1lymentess\u00e9g terv szint\u0171 \u00e1tvil\u00e1g\u00edt\u00e1s\u00e1ra, \u00e9s az <strong>Access4you Arany fokozat\u00fa tan\u00fas\u00edt\u00e1snak<\/strong> val\u00f3 megfeleltet\u00e9s\u00e9re. \u201e<em>A Liberty irodah\u00e1z terveit enged\u00e9lyez\u00e9si terv f\u00e1zisban vizsg\u00e1ltuk.<\/em>\u201d \u2013 mondta <strong>Kutrovics Andr\u00e1s<\/strong>, az Access4you m\u0171szaki projektmenedzsere. \u201e<em>Az akad\u00e1lymentes\u00edt\u00e9si koncepci\u00f3 alapj\u00e1n a WING az irodah\u00e1zon bel\u00fcli biztons\u00e1gos akad\u00e1lymentes k\u00f6zleked\u00e9sre \u00e9s haszn\u00e1latra nagy hangs\u00falyt fektetett, \u00edgy a kerekessz\u00e9kes, id\u0151s \u00e9s mozg\u00e1sukban korl\u00e1tozott emberek \u00e9s babakocsival k\u00f6zleked\u0151k r\u00e9sz\u00e9re \u00f6n\u00e1ll\u00f3an \u00e9s k\u00e9nyelmesen haszn\u00e1lhat\u00f3 az \u00e9p\u00fclet. Kialak\u00edt\u00e1sra ker\u00fcl egy k\u00fclt\u00e9ri taktilis vezet\u0151s\u00e1v a l\u00e1t\u00e1ss\u00e9r\u00fcltek r\u00e9sz\u00e9re az \u00e9p\u00fclet d\u00e9li oldal\u00e1n fekv\u0151 bej\u00e1rataihoz a K\u00f6nyves K\u00e1lm\u00e1n k\u00f6r\u00fat \u00e9s az Albert Fl\u00f3ri\u00e1n \u00fat keresztez\u0151d\u00e9s\u00e9ben tal\u00e1lhat\u00f3 gyalog\u00e1tkel\u0151helyekt\u0151l, tov\u00e1bb\u00e1 a bel\u00e9ptet\u0151 rendszer kialak\u00edt\u00e1s\u00e1n\u00e1l figyelmet ford\u00edtottak arra, hogy mindk\u00e9t lobby eset\u00e9ben legyen egy sz\u00e9lesebb bel\u00e9ptet\u0151 kapu is, amely akad\u00e1lymentesen \u00e1tj\u00e1rhat\u00f3. Az \u00e9p\u00fclet minden r\u00e9szlet\u00e9ben k\u00f6r\u00fcltekint\u0151 tervez\u00e9st tapasztaltunk, a liftekt\u0151l az akad\u00e1lymentes mosd\u00f3kon \u00e1t a parkol\u00f3kig, illetve a hozz\u00e1f\u00e9rhet\u0151s\u00e9g tov\u00e1bbi n\u00f6vel\u00e9s\u00e9hez sz\u00fcks\u00e9ges javasolt v\u00e1ltoztat\u00e1saink is mind nyitott f\u00fclekre tal\u00e1ltak.\u201d<\/em><\/p>\n\n\n\n<p><strong>Egyedi megold\u00e1sok a Liberty irodah\u00e1zban<\/strong><\/p>\n\n\n\n<p>A WING fejleszt\u00e9s\u00e9ben megval\u00f3sul\u00f3 Liberty irodah\u00e1z egyed\u00fcl\u00e1ll\u00f3s\u00e1g\u00e1t nem csup\u00e1n k\u00fcl\u00f6nleges \u00e9s sz\u00ednes megjelen\u00e9s\u00e9nek k\u00f6sz\u00f6nheti, hanem az irodapiacon eddig nem l\u00e1tott egyedi, az eg\u00e9szs\u00e9get, valamint az inspir\u00e1l\u00f3 munkak\u00f6rnyezetet f\u00f3kuszba helyez\u0151 megold\u00e1sainak is. Az \u00e9p\u00fclet a k\u00f6rnyezettudatoss\u00e1g jegy\u00e9ben a BREEAM Excellent min\u0151s\u00edt\u00e9st c\u00e9lozza meg, ezzel az orsz\u00e1g egyik legmagasabb BREEAM min\u0151s\u00edt\u00e9s\u0171 \u00e9p\u00fclete lesz. Az 1000 n\u00e9gyzetm\u00e9teres z\u00f6ld bels\u0151kert csobog\u00f3kkal \u00e9s a f\u00f6ldszinten el\u00e9rhet\u0151 szolg\u00e1ltat\u00e1sok (\u00e9tterem, k\u00e1v\u00e9z\u00f3, \u00fczletek) csak n\u00e9h\u00e1ny a k\u00fcl\u00f6nleges, a dolgoz\u00f3k j\u00f3 k\u00f6z\u00e9rzet\u00e9t szolg\u00e1l\u00f3 funkci\u00f3k k\u00f6z\u00fcl.<\/p>\n\n\n\n<p>Tov\u00e1bb\u00e1 a legfels\u0151 szinten s\u00e9t\u00e1nnyal kialak\u00edtott n\u00f6v\u00e9nyh\u00e1z, valamint panor\u00e1m\u00e1s skybar gondoskodik a felt\u00f6lt\u0151d\u00e9sr\u0151l, a sportolni v\u00e1gy\u00f3knak pedig tet\u0151terasz, fut\u00f3- \u00e9s streetballp\u00e1lya \u00e1ll rendelkez\u00e9s\u00fckre. Az eg\u00e9szs\u00e9g v\u00e9delm\u00e9t pedig t\u00f6bbek k\u00f6z\u00f6tt az antibakteri\u00e1lis sz\u0171r\u0151k, az UV f\u00e9nnyel fert\u0151tlen\u00edtett friss leveg\u0151-ell\u00e1t\u00e1s, az optimaliz\u00e1lt l\u00e9gbef\u00fav\u00f3 rendszerek, valamint az \u00e9p\u00fclet fert\u0151tlen\u00edt\u00e9s\u00e9t szolg\u00e1l\u00f3 megold\u00e1sok \u00e9s a sz\u00e1mos \u00e9rint\u00e9smentes funkci\u00f3 biztos\u00edtja majd.<\/p>\n\n\n\n<p><\/p>","protected":false},"excerpt":{"rendered":"<p>A WING a hazai \u00e9s egyben region\u00e1lis ingatlanfejleszt\u0151 v\u00e1llalatok egyik legnagyobbika, leg\u00fajabb projektj\u00fck, a Liberty Irodah\u00e1z pedig m\u00e1r most a budapesti irodapiac meghat\u00e1roz\u00f3 beruh\u00e1z\u00e1s\u00e1v\u00e1 v\u00e1lt. Inkluz\u00edv irodapiaci cikksorozatunk k\u00f6vetkez\u0151 szerepl\u0151je a WING, amely \u00faj projektj\u00fck indul\u00e1sakor elk\u00f6telez\u0151d\u00f6tt az inkluz\u00edv ingatlanfejleszt\u00e9s \u00e9s a komplexen akad\u00e1lymentes k\u00f6rnyezet l\u00e9trehoz\u00e1sa mellett. A v\u00e1llalat partnere a Liberty terveinek akad\u00e1lymentess\u00e9gi vizsg\u00e1lat\u00e1ra [&hellip;]<\/p>","protected":false},"author":1,"featured_media":4218,"comment_status":"closed","ping_status":"closed","sticky":false,"template":"","format":"standard","meta":{"footnotes":""},"categories":[74,10,76],"tags":[],"class_list":["post-4217","post","type-post","status-publish","format-standard","has-post-thumbnail","hentry","category-szivugyunk","category-blog","category-kozlemeny"],"yoast_head":"<!-- This site is optimized with the Yoast SEO plugin v23.8 - https:\/\/yoast.com\/wordpress\/plugins\/seo\/ -->\n<title>A Liberty irodah\u00e1z a befogad\u00f3 v\u00e1llalatok anyahaj\u00f3ja lehet - Access4you H\u00edrek<\/title>\n<meta name=\"robots\" content=\"index, follow, max-snippet:-1, max-image-preview:large, max-video-preview:-1\" \/>\n<link rel=\"canonical\" href=\"https:\/\/news.access4you.io\/en\/2021\/04\/06\/a-liberty-irodahaz-a-befogado-vallalatok-anyahajoja-lehet\/\" \/>\n<meta property=\"og:locale\" content=\"en_US\" \/>\n<meta property=\"og:type\" content=\"article\" \/>\n<meta property=\"og:title\" content=\"A Liberty irodah\u00e1z a befogad\u00f3 v\u00e1llalatok anyahaj\u00f3ja lehet - Access4you H\u00edrek\" \/>\n<meta property=\"og:description\" content=\"A WING a hazai \u00e9s egyben region\u00e1lis ingatlanfejleszt\u0151 v\u00e1llalatok egyik legnagyobbika, leg\u00fajabb projektj\u00fck, a Liberty Irodah\u00e1z pedig m\u00e1r most a budapesti irodapiac meghat\u00e1roz\u00f3 beruh\u00e1z\u00e1s\u00e1v\u00e1 v\u00e1lt. Inkluz\u00edv irodapiaci cikksorozatunk k\u00f6vetkez\u0151 szerepl\u0151je a WING, amely \u00faj projektj\u00fck indul\u00e1sakor elk\u00f6telez\u0151d\u00f6tt az inkluz\u00edv ingatlanfejleszt\u00e9s \u00e9s a komplexen akad\u00e1lymentes k\u00f6rnyezet l\u00e9trehoz\u00e1sa mellett. A v\u00e1llalat partnere a Liberty terveinek akad\u00e1lymentess\u00e9gi vizsg\u00e1lat\u00e1ra [&hellip;]\" \/>\n<meta property=\"og:url\" content=\"https:\/\/news.access4you.io\/en\/2021\/04\/06\/a-liberty-irodahaz-a-befogado-vallalatok-anyahajoja-lehet\/\" \/>\n<meta property=\"og:site_name\" content=\"Access4you H\u00edrek\" \/>\n<meta property=\"article:published_time\" content=\"2021-04-06T07:46:20+00:00\" \/>\n<meta property=\"article:modified_time\" content=\"2021-06-08T12:22:01+00:00\" \/>\n<meta property=\"og:image\" content=\"https:\/\/news.access4you.io\/wp-content\/uploads\/2021\/04\/Liberty_Dron-6-DJI_0510-Fin2-2-scaled.jpg\" \/>\n\t<meta property=\"og:image:width\" content=\"2560\" \/>\n\t<meta property=\"og:image:height\" content=\"1707\" \/>\n\t<meta property=\"og:image:type\" content=\"image\/jpeg\" \/>\n<meta name=\"author\" content=\"access4you\" \/>\n<meta name=\"twitter:card\" content=\"summary_large_image\" \/>\n<meta name=\"twitter:label1\" content=\"Written by\" \/>\n\t<meta name=\"twitter:data1\" content=\"access4you\" \/>\n\t<meta name=\"twitter:label2\" content=\"Est. reading time\" \/>\n\t<meta name=\"twitter:data2\" content=\"7 minutes\" \/>\n<script type=\"application\/ld+json\" class=\"yoast-schema-graph\">{\"@context\":\"https:\/\/schema.org\",\"@graph\":[{\"@type\":\"Article\",\"@id\":\"https:\/\/news.access4you.io\/2021\/04\/06\/a-liberty-irodahaz-a-befogado-vallalatok-anyahajoja-lehet\/#article\",\"isPartOf\":{\"@id\":\"https:\/\/news.access4you.io\/2021\/04\/06\/a-liberty-irodahaz-a-befogado-vallalatok-anyahajoja-lehet\/\"},\"author\":{\"name\":\"access4you\",\"@id\":\"https:\/\/news.access4you.io\/#\/schema\/person\/cb4fff088aa5f5f43a6f4ce3a1e2e084\"},\"headline\":\"A Liberty irodah\u00e1z a befogad\u00f3 v\u00e1llalatok anyahaj\u00f3ja lehet\",\"datePublished\":\"2021-04-06T07:46:20+00:00\",\"dateModified\":\"2021-06-08T12:22:01+00:00\",\"mainEntityOfPage\":{\"@id\":\"https:\/\/news.access4you.io\/2021\/04\/06\/a-liberty-irodahaz-a-befogado-vallalatok-anyahajoja-lehet\/\"},\"wordCount\":1350,\"publisher\":{\"@id\":\"https:\/\/news.access4you.io\/#organization\"},\"image\":{\"@id\":\"https:\/\/news.access4you.io\/2021\/04\/06\/a-liberty-irodahaz-a-befogado-vallalatok-anyahajoja-lehet\/#primaryimage\"},\"thumbnailUrl\":\"https:\/\/news.access4you.io\/wp-content\/uploads\/2021\/04\/Liberty_Dron-6-DJI_0510-Fin2-2-scaled.jpg\",\"articleSection\":[\"Sz\u00edv\u00fcgy\u00fcnk\",\"Blog\",\"K\u00f6zlem\u00e9ny\"],\"inLanguage\":\"en-US\"},{\"@type\":\"WebPage\",\"@id\":\"https:\/\/news.access4you.io\/2021\/04\/06\/a-liberty-irodahaz-a-befogado-vallalatok-anyahajoja-lehet\/\",\"url\":\"https:\/\/news.access4you.io\/2021\/04\/06\/a-liberty-irodahaz-a-befogado-vallalatok-anyahajoja-lehet\/\",\"name\":\"A Liberty irodah\u00e1z a befogad\u00f3 v\u00e1llalatok anyahaj\u00f3ja lehet - Access4you H\u00edrek\",\"isPartOf\":{\"@id\":\"https:\/\/news.access4you.io\/#website\"},\"primaryImageOfPage\":{\"@id\":\"https:\/\/news.access4you.io\/2021\/04\/06\/a-liberty-irodahaz-a-befogado-vallalatok-anyahajoja-lehet\/#primaryimage\"},\"image\":{\"@id\":\"https:\/\/news.access4you.io\/2021\/04\/06\/a-liberty-irodahaz-a-befogado-vallalatok-anyahajoja-lehet\/#primaryimage\"},\"thumbnailUrl\":\"https:\/\/news.access4you.io\/wp-content\/uploads\/2021\/04\/Liberty_Dron-6-DJI_0510-Fin2-2-scaled.jpg\",\"datePublished\":\"2021-04-06T07:46:20+00:00\",\"dateModified\":\"2021-06-08T12:22:01+00:00\",\"breadcrumb\":{\"@id\":\"https:\/\/news.access4you.io\/2021\/04\/06\/a-liberty-irodahaz-a-befogado-vallalatok-anyahajoja-lehet\/#breadcrumb\"},\"inLanguage\":\"en-US\",\"potentialAction\":[{\"@type\":\"ReadAction\",\"target\":[\"https:\/\/news.access4you.io\/2021\/04\/06\/a-liberty-irodahaz-a-befogado-vallalatok-anyahajoja-lehet\/\"]}]},{\"@type\":\"ImageObject\",\"inLanguage\":\"en-US\",\"@id\":\"https:\/\/news.access4you.io\/2021\/04\/06\/a-liberty-irodahaz-a-befogado-vallalatok-anyahajoja-lehet\/#primaryimage\",\"url\":\"https:\/\/news.access4you.io\/wp-content\/uploads\/2021\/04\/Liberty_Dron-6-DJI_0510-Fin2-2-scaled.jpg\",\"contentUrl\":\"https:\/\/news.access4you.io\/wp-content\/uploads\/2021\/04\/Liberty_Dron-6-DJI_0510-Fin2-2-scaled.jpg\",\"width\":2560,\"height\":1707,\"caption\":\"Forr\u00e1s: WING\"},{\"@type\":\"BreadcrumbList\",\"@id\":\"https:\/\/news.access4you.io\/2021\/04\/06\/a-liberty-irodahaz-a-befogado-vallalatok-anyahajoja-lehet\/#breadcrumb\",\"itemListElement\":[{\"@type\":\"ListItem\",\"position\":1,\"name\":\"Kezd\u0151lap\",\"item\":\"https:\/\/news.access4you.io\/\"},{\"@type\":\"ListItem\",\"position\":2,\"name\":\"A Liberty irodah\u00e1z a befogad\u00f3 v\u00e1llalatok anyahaj\u00f3ja lehet\"}]},{\"@type\":\"WebSite\",\"@id\":\"https:\/\/news.access4you.io\/#website\",\"url\":\"https:\/\/news.access4you.io\/\",\"name\":\"Access4you H\u00edrek\",\"description\":\"\",\"publisher\":{\"@id\":\"https:\/\/news.access4you.io\/#organization\"},\"potentialAction\":[{\"@type\":\"SearchAction\",\"target\":{\"@type\":\"EntryPoint\",\"urlTemplate\":\"https:\/\/news.access4you.io\/?s={search_term_string}\"},\"query-input\":{\"@type\":\"PropertyValueSpecification\",\"valueRequired\":true,\"valueName\":\"search_term_string\"}}],\"inLanguage\":\"en-US\"},{\"@type\":\"Organization\",\"@id\":\"https:\/\/news.access4you.io\/#organization\",\"name\":\"Access4you H\u00edrek\",\"url\":\"https:\/\/news.access4you.io\/\",\"logo\":{\"@type\":\"ImageObject\",\"inLanguage\":\"en-US\",\"@id\":\"https:\/\/news.access4you.io\/#\/schema\/logo\/image\/\",\"url\":\"https:\/\/news.access4you.io\/wp-content\/uploads\/2021\/01\/a4u-logo-black.png\",\"contentUrl\":\"https:\/\/news.access4you.io\/wp-content\/uploads\/2021\/01\/a4u-logo-black.png\",\"width\":726,\"height\":454,\"caption\":\"Access4you H\u00edrek\"},\"image\":{\"@id\":\"https:\/\/news.access4you.io\/#\/schema\/logo\/image\/\"}},{\"@type\":\"Person\",\"@id\":\"https:\/\/news.access4you.io\/#\/schema\/person\/cb4fff088aa5f5f43a6f4ce3a1e2e084\",\"name\":\"access4you\",\"image\":{\"@type\":\"ImageObject\",\"inLanguage\":\"en-US\",\"@id\":\"https:\/\/news.access4you.io\/#\/schema\/person\/image\/\",\"url\":\"https:\/\/secure.gravatar.com\/avatar\/9795a8b3afc7ed258d167a92dbb1075b37bab5bc83b1ac9182ff4f58c22040b8?s=96&d=mm&r=g\",\"contentUrl\":\"https:\/\/secure.gravatar.com\/avatar\/9795a8b3afc7ed258d167a92dbb1075b37bab5bc83b1ac9182ff4f58c22040b8?s=96&d=mm&r=g\",\"caption\":\"access4you\"},\"sameAs\":[\"http:\/\/localhost\/access4you\"],\"url\":\"https:\/\/news.access4you.io\/en\/author\/access4you\/\"}]}<\/script>\n<!-- \/ Yoast SEO plugin. -->","yoast_head_json":{"title":"A Liberty irodah\u00e1z a befogad\u00f3 v\u00e1llalatok anyahaj\u00f3ja lehet - Access4you H\u00edrek","robots":{"index":"index","follow":"follow","max-snippet":"max-snippet:-1","max-image-preview":"max-image-preview:large","max-video-preview":"max-video-preview:-1"},"canonical":"https:\/\/news.access4you.io\/en\/2021\/04\/06\/a-liberty-irodahaz-a-befogado-vallalatok-anyahajoja-lehet\/","og_locale":"en_US","og_type":"article","og_title":"A Liberty irodah\u00e1z a befogad\u00f3 v\u00e1llalatok anyahaj\u00f3ja lehet - Access4you H\u00edrek","og_description":"A WING a hazai \u00e9s egyben region\u00e1lis ingatlanfejleszt\u0151 v\u00e1llalatok egyik legnagyobbika, leg\u00fajabb projektj\u00fck, a Liberty Irodah\u00e1z pedig m\u00e1r most a budapesti irodapiac meghat\u00e1roz\u00f3 beruh\u00e1z\u00e1s\u00e1v\u00e1 v\u00e1lt. Inkluz\u00edv irodapiaci cikksorozatunk k\u00f6vetkez\u0151 szerepl\u0151je a WING, amely \u00faj projektj\u00fck indul\u00e1sakor elk\u00f6telez\u0151d\u00f6tt az inkluz\u00edv ingatlanfejleszt\u00e9s \u00e9s a komplexen akad\u00e1lymentes k\u00f6rnyezet l\u00e9trehoz\u00e1sa mellett. A v\u00e1llalat partnere a Liberty terveinek akad\u00e1lymentess\u00e9gi vizsg\u00e1lat\u00e1ra [&hellip;]","og_url":"https:\/\/news.access4you.io\/en\/2021\/04\/06\/a-liberty-irodahaz-a-befogado-vallalatok-anyahajoja-lehet\/","og_site_name":"Access4you H\u00edrek","article_published_time":"2021-04-06T07:46:20+00:00","article_modified_time":"2021-06-08T12:22:01+00:00","og_image":[{"width":2560,"height":1707,"url":"https:\/\/news.access4you.io\/wp-content\/uploads\/2021\/04\/Liberty_Dron-6-DJI_0510-Fin2-2-scaled.jpg","type":"image\/jpeg"}],"author":"access4you","twitter_card":"summary_large_image","twitter_misc":{"Written by":"access4you","Est. reading time":"7 minutes"},"schema":{"@context":"https:\/\/schema.org","@graph":[{"@type":"Article","@id":"https:\/\/news.access4you.io\/2021\/04\/06\/a-liberty-irodahaz-a-befogado-vallalatok-anyahajoja-lehet\/#article","isPartOf":{"@id":"https:\/\/news.access4you.io\/2021\/04\/06\/a-liberty-irodahaz-a-befogado-vallalatok-anyahajoja-lehet\/"},"author":{"name":"access4you","@id":"https:\/\/news.access4you.io\/#\/schema\/person\/cb4fff088aa5f5f43a6f4ce3a1e2e084"},"headline":"A Liberty irodah\u00e1z a befogad\u00f3 v\u00e1llalatok anyahaj\u00f3ja lehet","datePublished":"2021-04-06T07:46:20+00:00","dateModified":"2021-06-08T12:22:01+00:00","mainEntityOfPage":{"@id":"https:\/\/news.access4you.io\/2021\/04\/06\/a-liberty-irodahaz-a-befogado-vallalatok-anyahajoja-lehet\/"},"wordCount":1350,"publisher":{"@id":"https:\/\/news.access4you.io\/#organization"},"image":{"@id":"https:\/\/news.access4you.io\/2021\/04\/06\/a-liberty-irodahaz-a-befogado-vallalatok-anyahajoja-lehet\/#primaryimage"},"thumbnailUrl":"https:\/\/news.access4you.io\/wp-content\/uploads\/2021\/04\/Liberty_Dron-6-DJI_0510-Fin2-2-scaled.jpg","articleSection":["Sz\u00edv\u00fcgy\u00fcnk","Blog","K\u00f6zlem\u00e9ny"],"inLanguage":"en-US"},{"@type":"WebPage","@id":"https:\/\/news.access4you.io\/2021\/04\/06\/a-liberty-irodahaz-a-befogado-vallalatok-anyahajoja-lehet\/","url":"https:\/\/news.access4you.io\/2021\/04\/06\/a-liberty-irodahaz-a-befogado-vallalatok-anyahajoja-lehet\/","name":"A Liberty irodah\u00e1z a befogad\u00f3 v\u00e1llalatok anyahaj\u00f3ja lehet - Access4you H\u00edrek","isPartOf":{"@id":"https:\/\/news.access4you.io\/#website"},"primaryImageOfPage":{"@id":"https:\/\/news.access4you.io\/2021\/04\/06\/a-liberty-irodahaz-a-befogado-vallalatok-anyahajoja-lehet\/#primaryimage"},"image":{"@id":"https:\/\/news.access4you.io\/2021\/04\/06\/a-liberty-irodahaz-a-befogado-vallalatok-anyahajoja-lehet\/#primaryimage"},"thumbnailUrl":"https:\/\/news.access4you.io\/wp-content\/uploads\/2021\/04\/Liberty_Dron-6-DJI_0510-Fin2-2-scaled.jpg","datePublished":"2021-04-06T07:46:20+00:00","dateModified":"2021-06-08T12:22:01+00:00","breadcrumb":{"@id":"https:\/\/news.access4you.io\/2021\/04\/06\/a-liberty-irodahaz-a-befogado-vallalatok-anyahajoja-lehet\/#breadcrumb"},"inLanguage":"en-US","potentialAction":[{"@type":"ReadAction","target":["https:\/\/news.access4you.io\/2021\/04\/06\/a-liberty-irodahaz-a-befogado-vallalatok-anyahajoja-lehet\/"]}]},{"@type":"ImageObject","inLanguage":"en-US","@id":"https:\/\/news.access4you.io\/2021\/04\/06\/a-liberty-irodahaz-a-befogado-vallalatok-anyahajoja-lehet\/#primaryimage","url":"https:\/\/news.access4you.io\/wp-content\/uploads\/2021\/04\/Liberty_Dron-6-DJI_0510-Fin2-2-scaled.jpg","contentUrl":"https:\/\/news.access4you.io\/wp-content\/uploads\/2021\/04\/Liberty_Dron-6-DJI_0510-Fin2-2-scaled.jpg","width":2560,"height":1707,"caption":"Forr\u00e1s: WING"},{"@type":"BreadcrumbList","@id":"https:\/\/news.access4you.io\/2021\/04\/06\/a-liberty-irodahaz-a-befogado-vallalatok-anyahajoja-lehet\/#breadcrumb","itemListElement":[{"@type":"ListItem","position":1,"name":"Kezd\u0151lap","item":"https:\/\/news.access4you.io\/"},{"@type":"ListItem","position":2,"name":"A Liberty irodah\u00e1z a befogad\u00f3 v\u00e1llalatok anyahaj\u00f3ja lehet"}]},{"@type":"WebSite","@id":"https:\/\/news.access4you.io\/#website","url":"https:\/\/news.access4you.io\/","name":"Access4you H\u00edrek","description":"","publisher":{"@id":"https:\/\/news.access4you.io\/#organization"},"potentialAction":[{"@type":"SearchAction","target":{"@type":"EntryPoint","urlTemplate":"https:\/\/news.access4you.io\/?s={search_term_string}"},"query-input":{"@type":"PropertyValueSpecification","valueRequired":true,"valueName":"search_term_string"}}],"inLanguage":"en-US"},{"@type":"Organization","@id":"https:\/\/news.access4you.io\/#organization","name":"Access4you H\u00edrek","url":"https:\/\/news.access4you.io\/","logo":{"@type":"ImageObject","inLanguage":"en-US","@id":"https:\/\/news.access4you.io\/#\/schema\/logo\/image\/","url":"https:\/\/news.access4you.io\/wp-content\/uploads\/2021\/01\/a4u-logo-black.png","contentUrl":"https:\/\/news.access4you.io\/wp-content\/uploads\/2021\/01\/a4u-logo-black.png","width":726,"height":454,"caption":"Access4you H\u00edrek"},"image":{"@id":"https:\/\/news.access4you.io\/#\/schema\/logo\/image\/"}},{"@type":"Person","@id":"https:\/\/news.access4you.io\/#\/schema\/person\/cb4fff088aa5f5f43a6f4ce3a1e2e084","name":"access4you","image":{"@type":"ImageObject","inLanguage":"en-US","@id":"https:\/\/news.access4you.io\/#\/schema\/person\/image\/","url":"https:\/\/secure.gravatar.com\/avatar\/9795a8b3afc7ed258d167a92dbb1075b37bab5bc83b1ac9182ff4f58c22040b8?s=96&d=mm&r=g","contentUrl":"https:\/\/secure.gravatar.com\/avatar\/9795a8b3afc7ed258d167a92dbb1075b37bab5bc83b1ac9182ff4f58c22040b8?s=96&d=mm&r=g","caption":"access4you"},"sameAs":["http:\/\/localhost\/access4you"],"url":"https:\/\/news.access4you.io\/en\/author\/access4you\/"}]}},"_links":{"self":[{"href":"https:\/\/news.access4you.io\/en\/wp-json\/wp\/v2\/posts\/4217","targetHints":{"allow":["GET"]}}],"collection":[{"href":"https:\/\/news.access4you.io\/en\/wp-json\/wp\/v2\/posts"}],"about":[{"href":"https:\/\/news.access4you.io\/en\/wp-json\/wp\/v2\/types\/post"}],"author":[{"embeddable":true,"href":"https:\/\/news.access4you.io\/en\/wp-json\/wp\/v2\/users\/1"}],"replies":[{"embeddable":true,"href":"https:\/\/news.access4you.io\/en\/wp-json\/wp\/v2\/comments?post=4217"}],"version-history":[{"count":0,"href":"https:\/\/news.access4you.io\/en\/wp-json\/wp\/v2\/posts\/4217\/revisions"}],"wp:featuredmedia":[{"embeddable":true,"href":"https:\/\/news.access4you.io\/en\/wp-json\/wp\/v2\/media\/4218"}],"wp:attachment":[{"href":"https:\/\/news.access4you.io\/en\/wp-json\/wp\/v2\/media?parent=4217"}],"wp:term":[{"taxonomy":"category","embeddable":true,"href":"https:\/\/news.access4you.io\/en\/wp-json\/wp\/v2\/categories?post=4217"},{"taxonomy":"post_tag","embeddable":true,"href":"https:\/\/news.access4you.io\/en\/wp-json\/wp\/v2\/tags?post=4217"}],"curies":[{"name":"wp","href":"https:\/\/api.w.org\/{rel}","templated":true}]}}