{"id":4238,"date":"2021-04-20T11:42:03","date_gmt":"2021-04-20T11:42:03","guid":{"rendered":"http:\/\/news.access4you.io\/?p=4238"},"modified":"2021-04-20T11:42:05","modified_gmt":"2021-04-20T11:42:05","slug":"hogyan-talalhatnak-vallalatunkra-a-specialis-igenyu-munkakeresok","status":"publish","type":"post","link":"https:\/\/news.access4you.io\/en\/2021\/04\/20\/hogyan-talalhatnak-vallalatunkra-a-specialis-igenyu-munkakeresok\/","title":{"rendered":"Hogyan tal\u00e1lhatnak v\u00e1llalatunkra a speci\u00e1lis ig\u00e9ny\u0171 munkakeres\u0151k?"},"content":{"rendered":"<p><strong>Egyre csak n\u00f6vekszik azoknak a c\u00e9geknek, v\u00e1llalatoknak a sz\u00e1ma, akikn\u00e9l nagyobb teret kap a t\u00e1rsadalmi felel\u0151ss\u00e9gv\u00e1llal\u00e1s \u00e9s \u00fagy d\u00f6ntenek, hogy szeretn\u00e9nek megv\u00e1ltozott munkak\u00e9pess\u00e9g\u0171 koll\u00e9g\u00e1t alkalmazni. A d\u00f6nt\u00e9s meghozatala ut\u00e1n pedig felmer\u00fcl j\u00f3 p\u00e1r k\u00e9rd\u00e9s: hol lehet \u0151ket megsz\u00f3l\u00edtani? Hogyan tudathatjuk a megv\u00e1ltozott munkak\u00e9pess\u00e9g\u0171 emberekkel, hogy sz\u00e1m\u00edtunk r\u00e1juk? Ebben \u00e9s a k\u00f6vetkez\u0151 cikkeinkben igyeksz\u00fcnk egy kis seg\u00edts\u00e9get ny\u00fajtani a fenti k\u00e9rd\u00e9sek megv\u00e1laszol\u00e1s\u00e1hoz.<\/strong><\/p>\n\n\n\n<p>Magyarorsz\u00e1gon n\u00f6vekv\u0151 sz\u00e1m\u00fa, de m\u00e9g mindig kev\u00e9s v\u00e1llalat foglalkoztat speci\u00e1lis ig\u00e9ny\u0171 munkaer\u0151t, annak ellen\u00e9re, hogy a munkaad\u00f3k az esetek t\u00f6bbs\u00e9g\u00e9ben komoly ad\u00f3kedvezm\u00e9nyeket kapnak fogyat\u00e9kos vagy tart\u00f3san beteg alkalmazottjaik ut\u00e1n. A speci\u00e1lis munkaig\u00e9ny\u0171 emberekhez k\u00f6thet\u0151 f\u00e9lelmek egy r\u00e9sze az akad\u00e1lymentes\u00edt\u00e9ssel j\u00e1r\u00f3 k\u00f6lts\u00e9gekhez k\u00f6thet\u0151. <a href=\"http:\/\/news.access4you.io\/en\/2021\/04\/07\/tevhitek-es-a-valosag-10-dolog-amit-a-specialis-igenyu-munkavallalokrol-tudni-erdemes\/?fbclid=IwAR2vCqQ8Gcy2nAyx9FazfBe3Br9QslCI2z41JiuAfkvhSsWjWKe06UrLgK0\" target=\"_blank\" rel=\"noreferrer noopener\">A f\u00e9lelmek egy m\u00e1sik r\u00e9sze viszont el\u0151\u00edt\u00e9leteken alapulhat,<\/a> \u00e9s a munk\u00e1ltat\u00f3k gyakran azt felt\u00e9telezik, hogy a megv\u00e1ltozott munkak\u00e9pess\u00e9g\u0171 \u00e1ll\u00e1skeres\u0151k lassabban dolgoznak, t\u00f6bbet hib\u00e1znak vagy gyakrabban betegek.<\/p>\n\n\n\n<p>B\u00e1r gondolhatn\u00e1nk, hogy a vil\u00e1gj\u00e1rv\u00e1ny okozta t\u00e1voli munkav\u00e9gz\u00e9s nagym\u00e9rt\u00e9kben b\u0151v\u00edtette a megv\u00e1ltozott munkak\u00e9pess\u00e9g\u0171 emberek lehet\u0151s\u00e9geit, a helyzet\u00fck m\u00e9gsem javult jelent\u0151sen.<\/p>\n\n\n\n<p><\/p>\n\n\n\n<h3 class=\"wp-block-heading\"><strong>Milyen inform\u00e1ci\u00f3kkal tehetj\u00fck k\u00f6nnyebb\u00e9, hogy a megv\u00e1ltozott munkak\u00e9pess\u00e9g\u0171 \u00e1ll\u00e1skeres\u0151k megtal\u00e1lj\u00e1k c\u00e9g\u00fcnket?<\/strong><\/h3>\n\n\n\n<p><\/p>\n\n\n\n<p>Amikor \u00faj munkaer\u0151t keres\u00fcnk fontos felt\u00fcntetn\u00fcnk, hogy v\u00e1rjuk megv\u00e1ltozott munkak\u00e9pess\u00e9g\u0171 emberek jelentkez\u00e9s\u00e9t is. A speci\u00e1lis ig\u00e9ny\u0171 munkav\u00e1llal\u00f3k sz\u00edvesen jelentkeznek olyan munkahelyre, ahol m\u00e1r az \u00e1ll\u00e1shirdet\u00e9sben jelezz\u00fck, hogy sz\u00e1m\u00edtunk a jelentkez\u00e9s\u00fckre. Ez\u00e9rt is fontos, hogy <strong>a jelentkez\u00e9s lehet\u0151s\u00e9ge mindenki sz\u00e1m\u00e1ra el\u00e9rhet\u0151 legyen. <\/strong>Ha nem mindenki sz\u00e1m\u00e1ra el\u00e9rhet\u0151 a jelentkez\u00e9s, akkor egy nagy lehet\u0151s\u00e9get hagyunk ki speci\u00e1lis ig\u00e9ny\u0171 munkav\u00e1llal\u00f3k alkalmaz\u00e1s\u00e1ra, mert <a href=\"http:\/\/news.access4you.io\/en\/2021\/03\/24\/inkluzio-kulcs-a-fenntarthato-vallalati-fejlodeshez\/?fbclid=IwAR2vCqQ8Gcy2nAyx9FazfBe3Br9QslCI2z41JiuAfkvhSsWjWKe06UrLgK0\" target=\"_blank\" rel=\"noreferrer noopener\">egy c\u00e9g inkluz\u00edv \u00e9s gyors fejl\u0151d\u00e9s\u00e9nek<\/a> \u0151k is elengedhetetlen r\u00e9szei.<\/p>\n\n\n\n<p><\/p>\n\n\n\n<h3 class=\"wp-block-heading\"><strong>Ha mindenki sz\u00e1m\u00e1ra el\u00e9rhet\u0151 jelentkez\u00e9st akarunk biztos\u00edtani, a k\u00f6vetkez\u0151kre figyelj\u00fcnk<\/strong><\/h3>\n\n\n\n<p><\/p>\n\n\n\n<p>\u00c9rdemes a hirdet\u00e9s mell\u00e9 egy t\u00e1j\u00e9koztat\u00f3t is k\u00e9sz\u00edteni arr\u00f3l, hogy milyen m\u00e9rt\u00e9kben akad\u00e1lymentes\u00edtett a munkahely, mert \u00edgy fogyat\u00e9koss\u00e1ggal \u00e9l\u0151 emberek is v\u00e9gig tudj\u00e1k gondolni a jelentkez\u00e9st. Ha biztosak szeretn\u00e9nk lenni a munkahely \u00e9s munkak\u00f6rnyezet akad\u00e1lymentess\u00e9g\u00e9r\u0151l, <a href=\"https:\/\/access4you.io\/b2b\" target=\"_blank\" rel=\"noreferrer noopener\">k\u00e9rj\u00fck f\u00fcggetlen tan\u00fas\u00edt\u00f3 v\u00e1llalat seg\u00edts\u00e9g\u00e9t<\/a>. Lehet\u0151s\u00e9g szerint \u00e9rdemes n\u00e9h\u00e1ny k\u00e9pet, vide\u00f3t is mell\u00e9kelni, ami \u00fatmutat\u00f3 lehet. Egy c\u00e9gn\u00e9l nagy el\u0151ny, hogyha a telefonos vagy vide\u00f3 interj\u00fa megtart\u00e1s\u00e1ra is van lehet\u0151s\u00e9g. <strong>V\u00e1llalatunkat vonz\u00f3bb\u00e1 tehetj\u00fck a speci\u00e1lis ig\u00e9ny\u0171 munkav\u00e1llal\u00f3k sz\u00e1m\u00e1ra olyan vide\u00f3kkal, k\u00e9pekkel, bemutat\u00f3 anyagokkal amik bizony\u00edtj\u00e1k, hogy a c\u00e9g \u00e9len j\u00e1r a megv\u00e1ltozott munkak\u00e9pess\u00e9g\u0171 emberek foglalkoztat\u00e1s\u00e1ban.<\/strong><\/p>\n\n\n\n<p>Bizonyosodjunk meg arr\u00f3l, hogy a v\u00e1llalatunk el\u00e9rhet\u0151s\u00e9gei mindig friss\u00edt\u00e9sre ker\u00fcljenek. Egy l\u00e1t\u00e1ss\u00e9r\u00fclt munkakeres\u0151 sz\u00e1m\u00e1ra p\u00e9ld\u00e1ul nagy k\u00f6nnyebbs\u00e9g lehet, ha a c\u00e9g weboldala alkalmas sz\u00f6vegolvas\u00f3 program haszn\u00e1lat\u00e1ra. Ha speci\u00e1lis ig\u00e9ny\u0171 munkav\u00e1llal\u00f3kat szeretn\u00e9nk foglalkoztatni, akkor \u00e9rdemes <strong>olyan szervezetekkel is egy\u00fcttm\u0171k\u00f6dni, akik a speci\u00e1lis ig\u00e9ny\u0171 munkav\u00e1llal\u00f3k helyzet\u00e9vel kiemelten foglalkoznak (<\/strong><a href=\"http:\/\/www.mef.forum.hu\/\" target=\"_blank\" rel=\"noreferrer noopener\"><strong>MEF<\/strong><\/a><strong>, <\/strong><a href=\"https:\/\/salvavita.hu\/\" target=\"_blank\" rel=\"noreferrer noopener\"><strong>Salva Vita Alap\u00edtv\u00e1ny<\/strong><\/a><strong>),<\/strong> \u00e9s seg\u00edts\u00e9get ny\u00fajthatnak a speci\u00e1lis ig\u00e9ny\u0171 munkav\u00e1llal\u00f3k toborz\u00e1s\u00e1ban \u00e9s v\u00e1llalati integr\u00e1ci\u00f3j\u00e1ban.<\/p>\n\n\n\n<p>Ha megv\u00e1ltozott munkak\u00e9pes\u00e9g\u0171 koll\u00e9ga \u00e9rkezik a v\u00e1llalatunkhoz, \u00e9rdemes energi\u00e1t fektetni a munkav\u00e1llal\u00f3ink tov\u00e1bbk\u00e9pz\u00e9s\u00e9be, valamint \u00e9rz\u00e9keny\u00edt\u0151 tr\u00e9ningekkel fokozhatjuk a szervezeti egy\u00fcttm\u0171k\u00f6d\u00e9st.&nbsp; Ez a befektet\u00e9s hamar megt\u00e9r\u00fcl, hiszen a megv\u00e1ltozott munkak\u00e9pess\u00e9g\u0171 emberek alkalmaz\u00e1sa sor\u00e1n komoly v\u00e1ltoz\u00e1sokon megy kereszt\u00fcl a c\u00e9g is. Sokkal befogad\u00f3bb\u00e1 \u00e9s nyitottabb\u00e1 v\u00e1lnak koll\u00e9g\u00e1ink \u00e9s a c\u00e9g is egyre t\u00f6bb tapasztalattal gazdagodik a speci\u00e1lis ig\u00e9ny\u0171 munkav\u00e1llal\u00f3k alkalmaz\u00e1sa ter\u00e9n. <\/p>\n\n\n\n<blockquote class=\"wp-block-quote is-layout-flow wp-block-quote-is-layout-flow\"><p><strong>\u201eA s\u00e9r\u00fclt munkav\u00e1llal\u00f3 jelenl\u00e9te n\u00f6veli a t\u00f6bbi dolgoz\u00f3 toleranci\u00e1j\u00e1t, befogad\u00e1sa k\u00f6z\u00f6ss\u00e9g\u00e9p\u00edt\u0151 \u00e9s csapatszellem n\u00f6vel\u0151 hat\u00e1s\u00fa, n\u00f6veli a munkat\u00e1rsak c\u00e9g ir\u00e1nti elk\u00f6telez\u0151d\u00e9s\u00e9t\u201d<\/strong><\/p><\/blockquote>\n\n\n\n<p><strong>&#8211; <\/strong>mondta Feiszt Viktor, a <a href=\"http:\/\/bekaperspektiva.eu\/\" target=\"_blank\" rel=\"noreferrer noopener\">B\u00e9kaperspekt\u00edva<\/a> \u00e9rz\u00e9keny\u00edt\u0151 projekt egyik alap\u00edt\u00f3 tagja.<\/p>\n\n\n\n<p>Vannak olyan v\u00e1llalatok, ahol k\u00fcl\u00f6n csoportokat hoznak l\u00e9tre a munkat\u00e1rsak kapcsolat\u00e1nak fejl\u0151d\u00e9se \u00e9rdek\u00e9ben. <strong>A nyitott c\u00e9gek megtapasztalj\u00e1k, hogy a megv\u00e1ltozott munkak\u00e9pess\u00e9g\u0171 emberek mennyire h\u00e1l\u00e1s, megb\u00edzhat\u00f3, loj\u00e1lis munkaer\u0151t jelentenek.<\/strong><\/p>\n\n\n\n<p>&#8212;&#8211;<\/p>\n\n\n\n<p><em>A munkahelyi k\u00f6rnyezet \u00e9s folyamatok akad\u00e1lymentess\u00e9g\u00e9nek vizsg\u00e1lat\u00e1ban az <a href=\"https:\/\/access4you.io\/\" target=\"_blank\" rel=\"noreferrer noopener\">Access4you International<\/a> akad\u00e1lymentess\u00e9get min\u0151s\u00edt\u0151 \u00e9s tan\u00fas\u00edt\u00f3 v\u00e1llalat szak\u00e9rt\u0151i seg\u00edts\u00e9get ny\u00fajtanak \u00d6nnek \u00e9s v\u00e1llalat\u00e1nak.\u00a0 C\u00e9lunk egy inkluz\u00edv, fenntarthat\u00f3 \u00e9s egy\u00fcttm\u0171k\u00f6d\u0151 t\u00e1rsadalmi k\u00f6rnyezet kialak\u00edt\u00e1sa. Feladatunknak az akad\u00e1lymentess\u00e9g el\u0151mozd\u00edt\u00e1s\u00e1t tekintj\u00fck, az\u00e1ltal, hogy a szervezeteket hiteles \u00e9s r\u00e9szletes, akad\u00e1lymentess\u00e9gr\u0151l sz\u00f3l\u00f3 inform\u00e1ci\u00f3 szolg\u00e1ltat\u00e1s\u00e1ra, \u00e9s az akad\u00e1lymentess\u00e9g fejleszt\u00e9s\u00e9re \u00f6szt\u00f6n\u00f6zz\u00fck.<\/em><\/p>","protected":false},"excerpt":{"rendered":"<p>Egyre csak n\u00f6vekszik azoknak a c\u00e9geknek, v\u00e1llalatoknak a sz\u00e1ma, akikn\u00e9l nagyobb teret kap a t\u00e1rsadalmi felel\u0151ss\u00e9gv\u00e1llal\u00e1s \u00e9s \u00fagy d\u00f6ntenek, hogy szeretn\u00e9nek megv\u00e1ltozott munkak\u00e9pess\u00e9g\u0171 koll\u00e9g\u00e1t alkalmazni. A d\u00f6nt\u00e9s meghozatala ut\u00e1n pedig felmer\u00fcl j\u00f3 p\u00e1r k\u00e9rd\u00e9s: hol lehet \u0151ket megsz\u00f3l\u00edtani? Hogyan tudathatjuk a megv\u00e1ltozott munkak\u00e9pess\u00e9g\u0171 emberekkel, hogy sz\u00e1m\u00edtunk r\u00e1juk? Ebben \u00e9s a k\u00f6vetkez\u0151 cikkeinkben igyeksz\u00fcnk egy kis [&hellip;]<\/p>","protected":false},"author":1,"featured_media":4239,"comment_status":"closed","ping_status":"closed","sticky":false,"template":"","format":"standard","meta":{"footnotes":""},"categories":[74,10],"tags":[],"class_list":["post-4238","post","type-post","status-publish","format-standard","has-post-thumbnail","hentry","category-szivugyunk","category-blog"],"yoast_head":"<!-- This site is optimized with the Yoast SEO plugin v23.8 - https:\/\/yoast.com\/wordpress\/plugins\/seo\/ -->\n<title>Hogyan tal\u00e1lhatnak v\u00e1llalatunkra a speci\u00e1lis ig\u00e9ny\u0171 munkakeres\u0151k? - Access4you H\u00edrek<\/title>\n<meta name=\"description\" content=\"Hogyan tal\u00e1lnak v\u00e1llalatunkra a megv\u00e1ltozott munkak\u00e9pess\u00e9g\u0171 emberek? Kik seg\u00edtenek a toborz\u00e1sban? Mi\u00e9rt kell a v\u00e1llalati inkl\u00fazi\u00f3ba fektetni?\" \/>\n<meta name=\"robots\" content=\"index, follow, max-snippet:-1, max-image-preview:large, max-video-preview:-1\" \/>\n<link rel=\"canonical\" href=\"https:\/\/news.access4you.io\/en\/2021\/04\/20\/hogyan-talalhatnak-vallalatunkra-a-specialis-igenyu-munkakeresok\/\" \/>\n<meta property=\"og:locale\" content=\"en_US\" \/>\n<meta property=\"og:type\" content=\"article\" \/>\n<meta property=\"og:title\" content=\"Hogyan tal\u00e1lhatnak v\u00e1llalatunkra a speci\u00e1lis ig\u00e9ny\u0171 munkakeres\u0151k? - Access4you H\u00edrek\" \/>\n<meta property=\"og:description\" content=\"Hogyan tal\u00e1lnak v\u00e1llalatunkra a megv\u00e1ltozott munkak\u00e9pess\u00e9g\u0171 emberek? Kik seg\u00edtenek a toborz\u00e1sban? Mi\u00e9rt kell a v\u00e1llalati inkl\u00fazi\u00f3ba fektetni?\" \/>\n<meta property=\"og:url\" content=\"https:\/\/news.access4you.io\/en\/2021\/04\/20\/hogyan-talalhatnak-vallalatunkra-a-specialis-igenyu-munkakeresok\/\" \/>\n<meta property=\"og:site_name\" content=\"Access4you H\u00edrek\" \/>\n<meta property=\"article:published_time\" content=\"2021-04-20T11:42:03+00:00\" \/>\n<meta property=\"article:modified_time\" content=\"2021-04-20T11:42:05+00:00\" \/>\n<meta property=\"og:image\" content=\"https:\/\/news.access4you.io\/wp-content\/uploads\/2021\/04\/content-iii.png\" \/>\n\t<meta property=\"og:image:width\" content=\"1920\" \/>\n\t<meta property=\"og:image:height\" content=\"1280\" \/>\n\t<meta property=\"og:image:type\" content=\"image\/png\" \/>\n<meta name=\"author\" content=\"access4you\" \/>\n<meta name=\"twitter:card\" content=\"summary_large_image\" \/>\n<meta name=\"twitter:label1\" content=\"Written by\" \/>\n\t<meta name=\"twitter:data1\" content=\"access4you\" \/>\n\t<meta name=\"twitter:label2\" content=\"Est. reading time\" \/>\n\t<meta name=\"twitter:data2\" content=\"5 minutes\" \/>\n<script type=\"application\/ld+json\" class=\"yoast-schema-graph\">{\"@context\":\"https:\/\/schema.org\",\"@graph\":[{\"@type\":\"Article\",\"@id\":\"https:\/\/news.access4you.io\/2021\/04\/20\/hogyan-talalhatnak-vallalatunkra-a-specialis-igenyu-munkakeresok\/#article\",\"isPartOf\":{\"@id\":\"https:\/\/news.access4you.io\/2021\/04\/20\/hogyan-talalhatnak-vallalatunkra-a-specialis-igenyu-munkakeresok\/\"},\"author\":{\"name\":\"access4you\",\"@id\":\"https:\/\/news.access4you.io\/#\/schema\/person\/cb4fff088aa5f5f43a6f4ce3a1e2e084\"},\"headline\":\"Hogyan tal\u00e1lhatnak v\u00e1llalatunkra a speci\u00e1lis ig\u00e9ny\u0171 munkakeres\u0151k?\",\"datePublished\":\"2021-04-20T11:42:03+00:00\",\"dateModified\":\"2021-04-20T11:42:05+00:00\",\"mainEntityOfPage\":{\"@id\":\"https:\/\/news.access4you.io\/2021\/04\/20\/hogyan-talalhatnak-vallalatunkra-a-specialis-igenyu-munkakeresok\/\"},\"wordCount\":1011,\"publisher\":{\"@id\":\"https:\/\/news.access4you.io\/#organization\"},\"image\":{\"@id\":\"https:\/\/news.access4you.io\/2021\/04\/20\/hogyan-talalhatnak-vallalatunkra-a-specialis-igenyu-munkakeresok\/#primaryimage\"},\"thumbnailUrl\":\"https:\/\/news.access4you.io\/wp-content\/uploads\/2021\/04\/content-iii.png\",\"articleSection\":[\"Sz\u00edv\u00fcgy\u00fcnk\",\"Blog\"],\"inLanguage\":\"en-US\"},{\"@type\":\"WebPage\",\"@id\":\"https:\/\/news.access4you.io\/2021\/04\/20\/hogyan-talalhatnak-vallalatunkra-a-specialis-igenyu-munkakeresok\/\",\"url\":\"https:\/\/news.access4you.io\/2021\/04\/20\/hogyan-talalhatnak-vallalatunkra-a-specialis-igenyu-munkakeresok\/\",\"name\":\"Hogyan tal\u00e1lhatnak v\u00e1llalatunkra a speci\u00e1lis ig\u00e9ny\u0171 munkakeres\u0151k? - Access4you H\u00edrek\",\"isPartOf\":{\"@id\":\"https:\/\/news.access4you.io\/#website\"},\"primaryImageOfPage\":{\"@id\":\"https:\/\/news.access4you.io\/2021\/04\/20\/hogyan-talalhatnak-vallalatunkra-a-specialis-igenyu-munkakeresok\/#primaryimage\"},\"image\":{\"@id\":\"https:\/\/news.access4you.io\/2021\/04\/20\/hogyan-talalhatnak-vallalatunkra-a-specialis-igenyu-munkakeresok\/#primaryimage\"},\"thumbnailUrl\":\"https:\/\/news.access4you.io\/wp-content\/uploads\/2021\/04\/content-iii.png\",\"datePublished\":\"2021-04-20T11:42:03+00:00\",\"dateModified\":\"2021-04-20T11:42:05+00:00\",\"description\":\"Hogyan tal\u00e1lnak v\u00e1llalatunkra a megv\u00e1ltozott munkak\u00e9pess\u00e9g\u0171 emberek? Kik seg\u00edtenek a toborz\u00e1sban? Mi\u00e9rt kell a v\u00e1llalati inkl\u00fazi\u00f3ba fektetni?\",\"breadcrumb\":{\"@id\":\"https:\/\/news.access4you.io\/2021\/04\/20\/hogyan-talalhatnak-vallalatunkra-a-specialis-igenyu-munkakeresok\/#breadcrumb\"},\"inLanguage\":\"en-US\",\"potentialAction\":[{\"@type\":\"ReadAction\",\"target\":[\"https:\/\/news.access4you.io\/2021\/04\/20\/hogyan-talalhatnak-vallalatunkra-a-specialis-igenyu-munkakeresok\/\"]}]},{\"@type\":\"ImageObject\",\"inLanguage\":\"en-US\",\"@id\":\"https:\/\/news.access4you.io\/2021\/04\/20\/hogyan-talalhatnak-vallalatunkra-a-specialis-igenyu-munkakeresok\/#primaryimage\",\"url\":\"https:\/\/news.access4you.io\/wp-content\/uploads\/2021\/04\/content-iii.png\",\"contentUrl\":\"https:\/\/news.access4you.io\/wp-content\/uploads\/2021\/04\/content-iii.png\",\"width\":1920,\"height\":1280},{\"@type\":\"BreadcrumbList\",\"@id\":\"https:\/\/news.access4you.io\/2021\/04\/20\/hogyan-talalhatnak-vallalatunkra-a-specialis-igenyu-munkakeresok\/#breadcrumb\",\"itemListElement\":[{\"@type\":\"ListItem\",\"position\":1,\"name\":\"Kezd\u0151lap\",\"item\":\"https:\/\/news.access4you.io\/\"},{\"@type\":\"ListItem\",\"position\":2,\"name\":\"Hogyan tal\u00e1lhatnak v\u00e1llalatunkra a speci\u00e1lis ig\u00e9ny\u0171 munkakeres\u0151k?\"}]},{\"@type\":\"WebSite\",\"@id\":\"https:\/\/news.access4you.io\/#website\",\"url\":\"https:\/\/news.access4you.io\/\",\"name\":\"Access4you H\u00edrek\",\"description\":\"\",\"publisher\":{\"@id\":\"https:\/\/news.access4you.io\/#organization\"},\"potentialAction\":[{\"@type\":\"SearchAction\",\"target\":{\"@type\":\"EntryPoint\",\"urlTemplate\":\"https:\/\/news.access4you.io\/?s={search_term_string}\"},\"query-input\":{\"@type\":\"PropertyValueSpecification\",\"valueRequired\":true,\"valueName\":\"search_term_string\"}}],\"inLanguage\":\"en-US\"},{\"@type\":\"Organization\",\"@id\":\"https:\/\/news.access4you.io\/#organization\",\"name\":\"Access4you H\u00edrek\",\"url\":\"https:\/\/news.access4you.io\/\",\"logo\":{\"@type\":\"ImageObject\",\"inLanguage\":\"en-US\",\"@id\":\"https:\/\/news.access4you.io\/#\/schema\/logo\/image\/\",\"url\":\"https:\/\/news.access4you.io\/wp-content\/uploads\/2021\/01\/a4u-logo-black.png\",\"contentUrl\":\"https:\/\/news.access4you.io\/wp-content\/uploads\/2021\/01\/a4u-logo-black.png\",\"width\":726,\"height\":454,\"caption\":\"Access4you H\u00edrek\"},\"image\":{\"@id\":\"https:\/\/news.access4you.io\/#\/schema\/logo\/image\/\"}},{\"@type\":\"Person\",\"@id\":\"https:\/\/news.access4you.io\/#\/schema\/person\/cb4fff088aa5f5f43a6f4ce3a1e2e084\",\"name\":\"access4you\",\"image\":{\"@type\":\"ImageObject\",\"inLanguage\":\"en-US\",\"@id\":\"https:\/\/news.access4you.io\/#\/schema\/person\/image\/\",\"url\":\"https:\/\/secure.gravatar.com\/avatar\/9795a8b3afc7ed258d167a92dbb1075b37bab5bc83b1ac9182ff4f58c22040b8?s=96&d=mm&r=g\",\"contentUrl\":\"https:\/\/secure.gravatar.com\/avatar\/9795a8b3afc7ed258d167a92dbb1075b37bab5bc83b1ac9182ff4f58c22040b8?s=96&d=mm&r=g\",\"caption\":\"access4you\"},\"sameAs\":[\"http:\/\/localhost\/access4you\"],\"url\":\"https:\/\/news.access4you.io\/en\/author\/access4you\/\"}]}<\/script>\n<!-- \/ Yoast SEO plugin. -->","yoast_head_json":{"title":"Hogyan tal\u00e1lhatnak v\u00e1llalatunkra a speci\u00e1lis ig\u00e9ny\u0171 munkakeres\u0151k? - Access4you H\u00edrek","description":"Hogyan tal\u00e1lnak v\u00e1llalatunkra a megv\u00e1ltozott munkak\u00e9pess\u00e9g\u0171 emberek? Kik seg\u00edtenek a toborz\u00e1sban? Mi\u00e9rt kell a v\u00e1llalati inkl\u00fazi\u00f3ba fektetni?","robots":{"index":"index","follow":"follow","max-snippet":"max-snippet:-1","max-image-preview":"max-image-preview:large","max-video-preview":"max-video-preview:-1"},"canonical":"https:\/\/news.access4you.io\/en\/2021\/04\/20\/hogyan-talalhatnak-vallalatunkra-a-specialis-igenyu-munkakeresok\/","og_locale":"en_US","og_type":"article","og_title":"Hogyan tal\u00e1lhatnak v\u00e1llalatunkra a speci\u00e1lis ig\u00e9ny\u0171 munkakeres\u0151k? - Access4you H\u00edrek","og_description":"Hogyan tal\u00e1lnak v\u00e1llalatunkra a megv\u00e1ltozott munkak\u00e9pess\u00e9g\u0171 emberek? Kik seg\u00edtenek a toborz\u00e1sban? Mi\u00e9rt kell a v\u00e1llalati inkl\u00fazi\u00f3ba fektetni?","og_url":"https:\/\/news.access4you.io\/en\/2021\/04\/20\/hogyan-talalhatnak-vallalatunkra-a-specialis-igenyu-munkakeresok\/","og_site_name":"Access4you H\u00edrek","article_published_time":"2021-04-20T11:42:03+00:00","article_modified_time":"2021-04-20T11:42:05+00:00","og_image":[{"width":1920,"height":1280,"url":"https:\/\/news.access4you.io\/wp-content\/uploads\/2021\/04\/content-iii.png","type":"image\/png"}],"author":"access4you","twitter_card":"summary_large_image","twitter_misc":{"Written by":"access4you","Est. reading time":"5 minutes"},"schema":{"@context":"https:\/\/schema.org","@graph":[{"@type":"Article","@id":"https:\/\/news.access4you.io\/2021\/04\/20\/hogyan-talalhatnak-vallalatunkra-a-specialis-igenyu-munkakeresok\/#article","isPartOf":{"@id":"https:\/\/news.access4you.io\/2021\/04\/20\/hogyan-talalhatnak-vallalatunkra-a-specialis-igenyu-munkakeresok\/"},"author":{"name":"access4you","@id":"https:\/\/news.access4you.io\/#\/schema\/person\/cb4fff088aa5f5f43a6f4ce3a1e2e084"},"headline":"Hogyan tal\u00e1lhatnak v\u00e1llalatunkra a speci\u00e1lis ig\u00e9ny\u0171 munkakeres\u0151k?","datePublished":"2021-04-20T11:42:03+00:00","dateModified":"2021-04-20T11:42:05+00:00","mainEntityOfPage":{"@id":"https:\/\/news.access4you.io\/2021\/04\/20\/hogyan-talalhatnak-vallalatunkra-a-specialis-igenyu-munkakeresok\/"},"wordCount":1011,"publisher":{"@id":"https:\/\/news.access4you.io\/#organization"},"image":{"@id":"https:\/\/news.access4you.io\/2021\/04\/20\/hogyan-talalhatnak-vallalatunkra-a-specialis-igenyu-munkakeresok\/#primaryimage"},"thumbnailUrl":"https:\/\/news.access4you.io\/wp-content\/uploads\/2021\/04\/content-iii.png","articleSection":["Sz\u00edv\u00fcgy\u00fcnk","Blog"],"inLanguage":"en-US"},{"@type":"WebPage","@id":"https:\/\/news.access4you.io\/2021\/04\/20\/hogyan-talalhatnak-vallalatunkra-a-specialis-igenyu-munkakeresok\/","url":"https:\/\/news.access4you.io\/2021\/04\/20\/hogyan-talalhatnak-vallalatunkra-a-specialis-igenyu-munkakeresok\/","name":"Hogyan tal\u00e1lhatnak v\u00e1llalatunkra a speci\u00e1lis ig\u00e9ny\u0171 munkakeres\u0151k? - Access4you H\u00edrek","isPartOf":{"@id":"https:\/\/news.access4you.io\/#website"},"primaryImageOfPage":{"@id":"https:\/\/news.access4you.io\/2021\/04\/20\/hogyan-talalhatnak-vallalatunkra-a-specialis-igenyu-munkakeresok\/#primaryimage"},"image":{"@id":"https:\/\/news.access4you.io\/2021\/04\/20\/hogyan-talalhatnak-vallalatunkra-a-specialis-igenyu-munkakeresok\/#primaryimage"},"thumbnailUrl":"https:\/\/news.access4you.io\/wp-content\/uploads\/2021\/04\/content-iii.png","datePublished":"2021-04-20T11:42:03+00:00","dateModified":"2021-04-20T11:42:05+00:00","description":"Hogyan tal\u00e1lnak v\u00e1llalatunkra a megv\u00e1ltozott munkak\u00e9pess\u00e9g\u0171 emberek? Kik seg\u00edtenek a toborz\u00e1sban? Mi\u00e9rt kell a v\u00e1llalati inkl\u00fazi\u00f3ba fektetni?","breadcrumb":{"@id":"https:\/\/news.access4you.io\/2021\/04\/20\/hogyan-talalhatnak-vallalatunkra-a-specialis-igenyu-munkakeresok\/#breadcrumb"},"inLanguage":"en-US","potentialAction":[{"@type":"ReadAction","target":["https:\/\/news.access4you.io\/2021\/04\/20\/hogyan-talalhatnak-vallalatunkra-a-specialis-igenyu-munkakeresok\/"]}]},{"@type":"ImageObject","inLanguage":"en-US","@id":"https:\/\/news.access4you.io\/2021\/04\/20\/hogyan-talalhatnak-vallalatunkra-a-specialis-igenyu-munkakeresok\/#primaryimage","url":"https:\/\/news.access4you.io\/wp-content\/uploads\/2021\/04\/content-iii.png","contentUrl":"https:\/\/news.access4you.io\/wp-content\/uploads\/2021\/04\/content-iii.png","width":1920,"height":1280},{"@type":"BreadcrumbList","@id":"https:\/\/news.access4you.io\/2021\/04\/20\/hogyan-talalhatnak-vallalatunkra-a-specialis-igenyu-munkakeresok\/#breadcrumb","itemListElement":[{"@type":"ListItem","position":1,"name":"Kezd\u0151lap","item":"https:\/\/news.access4you.io\/"},{"@type":"ListItem","position":2,"name":"Hogyan tal\u00e1lhatnak v\u00e1llalatunkra a speci\u00e1lis ig\u00e9ny\u0171 munkakeres\u0151k?"}]},{"@type":"WebSite","@id":"https:\/\/news.access4you.io\/#website","url":"https:\/\/news.access4you.io\/","name":"Access4you H\u00edrek","description":"","publisher":{"@id":"https:\/\/news.access4you.io\/#organization"},"potentialAction":[{"@type":"SearchAction","target":{"@type":"EntryPoint","urlTemplate":"https:\/\/news.access4you.io\/?s={search_term_string}"},"query-input":{"@type":"PropertyValueSpecification","valueRequired":true,"valueName":"search_term_string"}}],"inLanguage":"en-US"},{"@type":"Organization","@id":"https:\/\/news.access4you.io\/#organization","name":"Access4you H\u00edrek","url":"https:\/\/news.access4you.io\/","logo":{"@type":"ImageObject","inLanguage":"en-US","@id":"https:\/\/news.access4you.io\/#\/schema\/logo\/image\/","url":"https:\/\/news.access4you.io\/wp-content\/uploads\/2021\/01\/a4u-logo-black.png","contentUrl":"https:\/\/news.access4you.io\/wp-content\/uploads\/2021\/01\/a4u-logo-black.png","width":726,"height":454,"caption":"Access4you H\u00edrek"},"image":{"@id":"https:\/\/news.access4you.io\/#\/schema\/logo\/image\/"}},{"@type":"Person","@id":"https:\/\/news.access4you.io\/#\/schema\/person\/cb4fff088aa5f5f43a6f4ce3a1e2e084","name":"access4you","image":{"@type":"ImageObject","inLanguage":"en-US","@id":"https:\/\/news.access4you.io\/#\/schema\/person\/image\/","url":"https:\/\/secure.gravatar.com\/avatar\/9795a8b3afc7ed258d167a92dbb1075b37bab5bc83b1ac9182ff4f58c22040b8?s=96&d=mm&r=g","contentUrl":"https:\/\/secure.gravatar.com\/avatar\/9795a8b3afc7ed258d167a92dbb1075b37bab5bc83b1ac9182ff4f58c22040b8?s=96&d=mm&r=g","caption":"access4you"},"sameAs":["http:\/\/localhost\/access4you"],"url":"https:\/\/news.access4you.io\/en\/author\/access4you\/"}]}},"_links":{"self":[{"href":"https:\/\/news.access4you.io\/en\/wp-json\/wp\/v2\/posts\/4238","targetHints":{"allow":["GET"]}}],"collection":[{"href":"https:\/\/news.access4you.io\/en\/wp-json\/wp\/v2\/posts"}],"about":[{"href":"https:\/\/news.access4you.io\/en\/wp-json\/wp\/v2\/types\/post"}],"author":[{"embeddable":true,"href":"https:\/\/news.access4you.io\/en\/wp-json\/wp\/v2\/users\/1"}],"replies":[{"embeddable":true,"href":"https:\/\/news.access4you.io\/en\/wp-json\/wp\/v2\/comments?post=4238"}],"version-history":[{"count":0,"href":"https:\/\/news.access4you.io\/en\/wp-json\/wp\/v2\/posts\/4238\/revisions"}],"wp:featuredmedia":[{"embeddable":true,"href":"https:\/\/news.access4you.io\/en\/wp-json\/wp\/v2\/media\/4239"}],"wp:attachment":[{"href":"https:\/\/news.access4you.io\/en\/wp-json\/wp\/v2\/media?parent=4238"}],"wp:term":[{"taxonomy":"category","embeddable":true,"href":"https:\/\/news.access4you.io\/en\/wp-json\/wp\/v2\/categories?post=4238"},{"taxonomy":"post_tag","embeddable":true,"href":"https:\/\/news.access4you.io\/en\/wp-json\/wp\/v2\/tags?post=4238"}],"curies":[{"name":"wp","href":"https:\/\/api.w.org\/{rel}","templated":true}]}}