{"id":4268,"date":"2021-05-10T07:47:57","date_gmt":"2021-05-10T07:47:57","guid":{"rendered":"http:\/\/news.access4you.io\/?p=4268"},"modified":"2021-05-10T07:47:59","modified_gmt":"2021-05-10T07:47:59","slug":"orszagszerte-mar-11-access4you-altal-tanusitott-akadalymentes-mkb-bankfiok-varja-az-ugyfeleket","status":"publish","type":"post","link":"https:\/\/news.access4you.io\/en\/2021\/05\/10\/orszagszerte-mar-11-access4you-altal-tanusitott-akadalymentes-mkb-bankfiok-varja-az-ugyfeleket\/","title":{"rendered":"Orsz\u00e1gszerte m\u00e1r 11 Access4you \u00e1ltal tan\u00fas\u00edtott akad\u00e1lymentes MKB bankfi\u00f3k v\u00e1rja az \u00fcgyfeleket"},"content":{"rendered":"<p><strong>Budapesten 6 helyen, tov\u00e1bb\u00e1 Gy\u0151r\u00f6tt, Kaposv\u00e1ron, Miskolcon, Szolnokon \u00e9s P\u00e9csett is az Access4you \u00e1ltal tan\u00fas\u00edtott akad\u00e1lymentes MKB bankfi\u00f3kok v\u00e1rj\u00e1k az \u00fcgyfeleket. A t\u00f6bbnyire bronz fokozat\u00fa min\u0151s\u00edt\u00e9st szerz\u0151 bankfi\u00f3kokban kerekessz\u00e9kes, mozg\u00e1ss\u00e9r\u00fclt, id\u0151s, mozg\u00e1skorl\u00e1tozott, babakocsival k\u00f6zleked\u0151, valamint gyeng\u00e9n l\u00e1t\u00f3 \u00fcgyfelek tudj\u00e1k zavartalanul int\u00e9zni p\u00e9nz\u00fcgyeiket.<\/strong><\/p>\n\n\n\n<p>Az MKB Bank elhivatott a t\u00e1rsadalmi k\u00e9rd\u00e9sek megold\u00e1s\u00e1ban, mindezt mi sem bizony\u00edtja jobban, mint az a t\u00e9ny, hogy fi\u00f3kjai m\u0171k\u00f6d\u00e9s\u00e9t \u00e9s \u00fcgyf\u00e9lkiszolg\u00e1l\u00e1sukat is rendszeresen fel\u00fclvizsg\u00e1lj\u00e1k.&nbsp;<\/p>\n\n\n\n<p>Az akad\u00e1lymentess\u00e9g vizsg\u00e1lat\u00e1ra az Access4you-t k\u00e9rt\u00e9k fel, hogy f\u00fcggetlen min\u0151s\u00edt\u0151 \u00e9s tan\u00fas\u00edt\u00f3 v\u00e1llalatk\u00e9nt m\u00e9rje fel a bankfi\u00f3kok hozz\u00e1f\u00e9rhet\u0151s\u00e9g\u00e9t \u00e9s tan\u00fas\u00edtott inform\u00e1ci\u00f3t adjon az \u00e9rintetteknek az akad\u00e1lymentess\u00e9gr\u0151l.<\/p>\n\n\n\n<p>Az MKB Bankn\u00e1l az \u00fcgyf\u00e9lkiszolg\u00e1l\u00e1s sz\u00ednvonal\u00e1nak alapvet\u0151 r\u00e9sze az, hogy a fi\u00f3kok minden \u00fcgyf\u00e9l sz\u00e1m\u00e1ra akad\u00e1lymentesen el\u00e9rhet\u0151ek legyenek.\u00a0A tan\u00fas\u00edtott MKB fi\u00f3kok list\u00e1ja \u00e9s a r\u00e9szletes inform\u00e1ci\u00f3k <a href=\"https:\/\/access4you.io\/places?search=mkb\" target=\"_blank\" rel=\"noreferrer noopener\">ITT<\/a> tal\u00e1lhat\u00f3k.<\/p>","protected":false},"excerpt":{"rendered":"<p>Budapesten 6 helyen, tov\u00e1bb\u00e1 Gy\u0151r\u00f6tt, Kaposv\u00e1ron, Miskolcon, Szolnokon \u00e9s P\u00e9csett is az Access4you \u00e1ltal tan\u00fas\u00edtott akad\u00e1lymentes MKB bankfi\u00f3kok v\u00e1rj\u00e1k az \u00fcgyfeleket. A t\u00f6bbnyire bronz fokozat\u00fa min\u0151s\u00edt\u00e9st szerz\u0151 bankfi\u00f3kokban kerekessz\u00e9kes, mozg\u00e1ss\u00e9r\u00fclt, id\u0151s, mozg\u00e1skorl\u00e1tozott, babakocsival k\u00f6zleked\u0151, valamint gyeng\u00e9n l\u00e1t\u00f3 \u00fcgyfelek tudj\u00e1k zavartalanul int\u00e9zni p\u00e9nz\u00fcgyeiket. Az MKB Bank elhivatott a t\u00e1rsadalmi k\u00e9rd\u00e9sek megold\u00e1s\u00e1ban, mindezt mi sem bizony\u00edtja jobban, [&hellip;]<\/p>","protected":false},"author":1,"featured_media":4270,"comment_status":"closed","ping_status":"closed","sticky":false,"template":"","format":"standard","meta":{"footnotes":""},"categories":[75,76],"tags":[],"class_list":["post-4268","post","type-post","status-publish","format-standard","has-post-thumbnail","hentry","category-uj-hely","category-kozlemeny"],"yoast_head":"<!-- This site is optimized with the Yoast SEO plugin v23.8 - https:\/\/yoast.com\/wordpress\/plugins\/seo\/ -->\n<title>Orsz\u00e1gszerte m\u00e1r 11 Access4you \u00e1ltal tan\u00fas\u00edtott akad\u00e1lymentes MKB bankfi\u00f3k v\u00e1rja az \u00fcgyfeleket - Access4you H\u00edrek<\/title>\n<meta name=\"description\" content=\"Budapesten, Gy\u0151r\u00f6tt, Kaposv\u00e1ron, Miskolcon, Szolnokon \u00e9s P\u00e9csett is az Access4you \u00e1ltal tan\u00fas\u00edtott akad\u00e1lymentes MKB bankfi\u00f3kok v\u00e1rnak T\u00e9ged!\" \/>\n<meta name=\"robots\" content=\"index, follow, max-snippet:-1, max-image-preview:large, max-video-preview:-1\" \/>\n<link rel=\"canonical\" href=\"https:\/\/news.access4you.io\/en\/2021\/05\/10\/orszagszerte-mar-11-access4you-altal-tanusitott-akadalymentes-mkb-bankfiok-varja-az-ugyfeleket\/\" \/>\n<meta property=\"og:locale\" content=\"en_US\" \/>\n<meta property=\"og:type\" content=\"article\" \/>\n<meta property=\"og:title\" content=\"Orsz\u00e1gszerte m\u00e1r 11 Access4you \u00e1ltal tan\u00fas\u00edtott akad\u00e1lymentes MKB bankfi\u00f3k v\u00e1rja az \u00fcgyfeleket - Access4you H\u00edrek\" \/>\n<meta property=\"og:description\" content=\"Budapesten, Gy\u0151r\u00f6tt, Kaposv\u00e1ron, Miskolcon, Szolnokon \u00e9s P\u00e9csett is az Access4you \u00e1ltal tan\u00fas\u00edtott akad\u00e1lymentes MKB bankfi\u00f3kok v\u00e1rnak T\u00e9ged!\" \/>\n<meta property=\"og:url\" content=\"https:\/\/news.access4you.io\/en\/2021\/05\/10\/orszagszerte-mar-11-access4you-altal-tanusitott-akadalymentes-mkb-bankfiok-varja-az-ugyfeleket\/\" \/>\n<meta property=\"og:site_name\" content=\"Access4you H\u00edrek\" \/>\n<meta property=\"article:published_time\" content=\"2021-05-10T07:47:57+00:00\" \/>\n<meta property=\"article:modified_time\" content=\"2021-05-10T07:47:59+00:00\" \/>\n<meta property=\"og:image\" content=\"https:\/\/news.access4you.io\/wp-content\/uploads\/2021\/05\/mkb-1024x683.png\" \/>\n\t<meta property=\"og:image:width\" content=\"1024\" \/>\n\t<meta property=\"og:image:height\" content=\"683\" \/>\n\t<meta property=\"og:image:type\" content=\"image\/png\" \/>\n<meta name=\"author\" content=\"access4you\" \/>\n<meta name=\"twitter:card\" content=\"summary_large_image\" \/>\n<meta name=\"twitter:label1\" content=\"Written by\" \/>\n\t<meta name=\"twitter:data1\" content=\"access4you\" \/>\n\t<meta name=\"twitter:label2\" content=\"Est. reading time\" \/>\n\t<meta name=\"twitter:data2\" content=\"1 minute\" \/>\n<script type=\"application\/ld+json\" class=\"yoast-schema-graph\">{\"@context\":\"https:\/\/schema.org\",\"@graph\":[{\"@type\":\"Article\",\"@id\":\"https:\/\/news.access4you.io\/2021\/05\/10\/orszagszerte-mar-11-access4you-altal-tanusitott-akadalymentes-mkb-bankfiok-varja-az-ugyfeleket\/#article\",\"isPartOf\":{\"@id\":\"https:\/\/news.access4you.io\/2021\/05\/10\/orszagszerte-mar-11-access4you-altal-tanusitott-akadalymentes-mkb-bankfiok-varja-az-ugyfeleket\/\"},\"author\":{\"name\":\"access4you\",\"@id\":\"https:\/\/news.access4you.io\/#\/schema\/person\/cb4fff088aa5f5f43a6f4ce3a1e2e084\"},\"headline\":\"Orsz\u00e1gszerte m\u00e1r 11 Access4you \u00e1ltal tan\u00fas\u00edtott akad\u00e1lymentes MKB bankfi\u00f3k v\u00e1rja az \u00fcgyfeleket\",\"datePublished\":\"2021-05-10T07:47:57+00:00\",\"dateModified\":\"2021-05-10T07:47:59+00:00\",\"mainEntityOfPage\":{\"@id\":\"https:\/\/news.access4you.io\/2021\/05\/10\/orszagszerte-mar-11-access4you-altal-tanusitott-akadalymentes-mkb-bankfiok-varja-az-ugyfeleket\/\"},\"wordCount\":241,\"publisher\":{\"@id\":\"https:\/\/news.access4you.io\/#organization\"},\"image\":{\"@id\":\"https:\/\/news.access4you.io\/2021\/05\/10\/orszagszerte-mar-11-access4you-altal-tanusitott-akadalymentes-mkb-bankfiok-varja-az-ugyfeleket\/#primaryimage\"},\"thumbnailUrl\":\"https:\/\/news.access4you.io\/wp-content\/uploads\/2021\/05\/mkb.png\",\"articleSection\":[\"\u00daj hely\",\"K\u00f6zlem\u00e9ny\"],\"inLanguage\":\"en-US\"},{\"@type\":\"WebPage\",\"@id\":\"https:\/\/news.access4you.io\/2021\/05\/10\/orszagszerte-mar-11-access4you-altal-tanusitott-akadalymentes-mkb-bankfiok-varja-az-ugyfeleket\/\",\"url\":\"https:\/\/news.access4you.io\/2021\/05\/10\/orszagszerte-mar-11-access4you-altal-tanusitott-akadalymentes-mkb-bankfiok-varja-az-ugyfeleket\/\",\"name\":\"Orsz\u00e1gszerte m\u00e1r 11 Access4you \u00e1ltal tan\u00fas\u00edtott akad\u00e1lymentes MKB bankfi\u00f3k v\u00e1rja az \u00fcgyfeleket - Access4you H\u00edrek\",\"isPartOf\":{\"@id\":\"https:\/\/news.access4you.io\/#website\"},\"primaryImageOfPage\":{\"@id\":\"https:\/\/news.access4you.io\/2021\/05\/10\/orszagszerte-mar-11-access4you-altal-tanusitott-akadalymentes-mkb-bankfiok-varja-az-ugyfeleket\/#primaryimage\"},\"image\":{\"@id\":\"https:\/\/news.access4you.io\/2021\/05\/10\/orszagszerte-mar-11-access4you-altal-tanusitott-akadalymentes-mkb-bankfiok-varja-az-ugyfeleket\/#primaryimage\"},\"thumbnailUrl\":\"https:\/\/news.access4you.io\/wp-content\/uploads\/2021\/05\/mkb.png\",\"datePublished\":\"2021-05-10T07:47:57+00:00\",\"dateModified\":\"2021-05-10T07:47:59+00:00\",\"description\":\"Budapesten, Gy\u0151r\u00f6tt, Kaposv\u00e1ron, Miskolcon, Szolnokon \u00e9s P\u00e9csett is az Access4you \u00e1ltal tan\u00fas\u00edtott akad\u00e1lymentes MKB bankfi\u00f3kok v\u00e1rnak T\u00e9ged!\",\"breadcrumb\":{\"@id\":\"https:\/\/news.access4you.io\/2021\/05\/10\/orszagszerte-mar-11-access4you-altal-tanusitott-akadalymentes-mkb-bankfiok-varja-az-ugyfeleket\/#breadcrumb\"},\"inLanguage\":\"en-US\",\"potentialAction\":[{\"@type\":\"ReadAction\",\"target\":[\"https:\/\/news.access4you.io\/2021\/05\/10\/orszagszerte-mar-11-access4you-altal-tanusitott-akadalymentes-mkb-bankfiok-varja-az-ugyfeleket\/\"]}]},{\"@type\":\"ImageObject\",\"inLanguage\":\"en-US\",\"@id\":\"https:\/\/news.access4you.io\/2021\/05\/10\/orszagszerte-mar-11-access4you-altal-tanusitott-akadalymentes-mkb-bankfiok-varja-az-ugyfeleket\/#primaryimage\",\"url\":\"https:\/\/news.access4you.io\/wp-content\/uploads\/2021\/05\/mkb.png\",\"contentUrl\":\"https:\/\/news.access4you.io\/wp-content\/uploads\/2021\/05\/mkb.png\",\"width\":2048,\"height\":1366},{\"@type\":\"BreadcrumbList\",\"@id\":\"https:\/\/news.access4you.io\/2021\/05\/10\/orszagszerte-mar-11-access4you-altal-tanusitott-akadalymentes-mkb-bankfiok-varja-az-ugyfeleket\/#breadcrumb\",\"itemListElement\":[{\"@type\":\"ListItem\",\"position\":1,\"name\":\"Kezd\u0151lap\",\"item\":\"https:\/\/news.access4you.io\/\"},{\"@type\":\"ListItem\",\"position\":2,\"name\":\"Orsz\u00e1gszerte m\u00e1r 11 Access4you \u00e1ltal tan\u00fas\u00edtott akad\u00e1lymentes MKB bankfi\u00f3k v\u00e1rja az \u00fcgyfeleket\"}]},{\"@type\":\"WebSite\",\"@id\":\"https:\/\/news.access4you.io\/#website\",\"url\":\"https:\/\/news.access4you.io\/\",\"name\":\"Access4you H\u00edrek\",\"description\":\"\",\"publisher\":{\"@id\":\"https:\/\/news.access4you.io\/#organization\"},\"potentialAction\":[{\"@type\":\"SearchAction\",\"target\":{\"@type\":\"EntryPoint\",\"urlTemplate\":\"https:\/\/news.access4you.io\/?s={search_term_string}\"},\"query-input\":{\"@type\":\"PropertyValueSpecification\",\"valueRequired\":true,\"valueName\":\"search_term_string\"}}],\"inLanguage\":\"en-US\"},{\"@type\":\"Organization\",\"@id\":\"https:\/\/news.access4you.io\/#organization\",\"name\":\"Access4you H\u00edrek\",\"url\":\"https:\/\/news.access4you.io\/\",\"logo\":{\"@type\":\"ImageObject\",\"inLanguage\":\"en-US\",\"@id\":\"https:\/\/news.access4you.io\/#\/schema\/logo\/image\/\",\"url\":\"https:\/\/news.access4you.io\/wp-content\/uploads\/2021\/01\/a4u-logo-black.png\",\"contentUrl\":\"https:\/\/news.access4you.io\/wp-content\/uploads\/2021\/01\/a4u-logo-black.png\",\"width\":726,\"height\":454,\"caption\":\"Access4you H\u00edrek\"},\"image\":{\"@id\":\"https:\/\/news.access4you.io\/#\/schema\/logo\/image\/\"}},{\"@type\":\"Person\",\"@id\":\"https:\/\/news.access4you.io\/#\/schema\/person\/cb4fff088aa5f5f43a6f4ce3a1e2e084\",\"name\":\"access4you\",\"image\":{\"@type\":\"ImageObject\",\"inLanguage\":\"en-US\",\"@id\":\"https:\/\/news.access4you.io\/#\/schema\/person\/image\/\",\"url\":\"https:\/\/secure.gravatar.com\/avatar\/9795a8b3afc7ed258d167a92dbb1075b37bab5bc83b1ac9182ff4f58c22040b8?s=96&d=mm&r=g\",\"contentUrl\":\"https:\/\/secure.gravatar.com\/avatar\/9795a8b3afc7ed258d167a92dbb1075b37bab5bc83b1ac9182ff4f58c22040b8?s=96&d=mm&r=g\",\"caption\":\"access4you\"},\"sameAs\":[\"http:\/\/localhost\/access4you\"],\"url\":\"https:\/\/news.access4you.io\/en\/author\/access4you\/\"}]}<\/script>\n<!-- \/ Yoast SEO plugin. -->","yoast_head_json":{"title":"Orsz\u00e1gszerte m\u00e1r 11 Access4you \u00e1ltal tan\u00fas\u00edtott akad\u00e1lymentes MKB bankfi\u00f3k v\u00e1rja az \u00fcgyfeleket - Access4you H\u00edrek","description":"Budapesten, Gy\u0151r\u00f6tt, Kaposv\u00e1ron, Miskolcon, Szolnokon \u00e9s P\u00e9csett is az Access4you \u00e1ltal tan\u00fas\u00edtott akad\u00e1lymentes MKB bankfi\u00f3kok v\u00e1rnak T\u00e9ged!","robots":{"index":"index","follow":"follow","max-snippet":"max-snippet:-1","max-image-preview":"max-image-preview:large","max-video-preview":"max-video-preview:-1"},"canonical":"https:\/\/news.access4you.io\/en\/2021\/05\/10\/orszagszerte-mar-11-access4you-altal-tanusitott-akadalymentes-mkb-bankfiok-varja-az-ugyfeleket\/","og_locale":"en_US","og_type":"article","og_title":"Orsz\u00e1gszerte m\u00e1r 11 Access4you \u00e1ltal tan\u00fas\u00edtott akad\u00e1lymentes MKB bankfi\u00f3k v\u00e1rja az \u00fcgyfeleket - Access4you H\u00edrek","og_description":"Budapesten, Gy\u0151r\u00f6tt, Kaposv\u00e1ron, Miskolcon, Szolnokon \u00e9s P\u00e9csett is az Access4you \u00e1ltal tan\u00fas\u00edtott akad\u00e1lymentes MKB bankfi\u00f3kok v\u00e1rnak T\u00e9ged!","og_url":"https:\/\/news.access4you.io\/en\/2021\/05\/10\/orszagszerte-mar-11-access4you-altal-tanusitott-akadalymentes-mkb-bankfiok-varja-az-ugyfeleket\/","og_site_name":"Access4you H\u00edrek","article_published_time":"2021-05-10T07:47:57+00:00","article_modified_time":"2021-05-10T07:47:59+00:00","og_image":[{"width":1024,"height":683,"url":"https:\/\/news.access4you.io\/wp-content\/uploads\/2021\/05\/mkb-1024x683.png","type":"image\/png"}],"author":"access4you","twitter_card":"summary_large_image","twitter_misc":{"Written by":"access4you","Est. reading time":"1 minute"},"schema":{"@context":"https:\/\/schema.org","@graph":[{"@type":"Article","@id":"https:\/\/news.access4you.io\/2021\/05\/10\/orszagszerte-mar-11-access4you-altal-tanusitott-akadalymentes-mkb-bankfiok-varja-az-ugyfeleket\/#article","isPartOf":{"@id":"https:\/\/news.access4you.io\/2021\/05\/10\/orszagszerte-mar-11-access4you-altal-tanusitott-akadalymentes-mkb-bankfiok-varja-az-ugyfeleket\/"},"author":{"name":"access4you","@id":"https:\/\/news.access4you.io\/#\/schema\/person\/cb4fff088aa5f5f43a6f4ce3a1e2e084"},"headline":"Orsz\u00e1gszerte m\u00e1r 11 Access4you \u00e1ltal tan\u00fas\u00edtott akad\u00e1lymentes MKB bankfi\u00f3k v\u00e1rja az \u00fcgyfeleket","datePublished":"2021-05-10T07:47:57+00:00","dateModified":"2021-05-10T07:47:59+00:00","mainEntityOfPage":{"@id":"https:\/\/news.access4you.io\/2021\/05\/10\/orszagszerte-mar-11-access4you-altal-tanusitott-akadalymentes-mkb-bankfiok-varja-az-ugyfeleket\/"},"wordCount":241,"publisher":{"@id":"https:\/\/news.access4you.io\/#organization"},"image":{"@id":"https:\/\/news.access4you.io\/2021\/05\/10\/orszagszerte-mar-11-access4you-altal-tanusitott-akadalymentes-mkb-bankfiok-varja-az-ugyfeleket\/#primaryimage"},"thumbnailUrl":"https:\/\/news.access4you.io\/wp-content\/uploads\/2021\/05\/mkb.png","articleSection":["\u00daj hely","K\u00f6zlem\u00e9ny"],"inLanguage":"en-US"},{"@type":"WebPage","@id":"https:\/\/news.access4you.io\/2021\/05\/10\/orszagszerte-mar-11-access4you-altal-tanusitott-akadalymentes-mkb-bankfiok-varja-az-ugyfeleket\/","url":"https:\/\/news.access4you.io\/2021\/05\/10\/orszagszerte-mar-11-access4you-altal-tanusitott-akadalymentes-mkb-bankfiok-varja-az-ugyfeleket\/","name":"Orsz\u00e1gszerte m\u00e1r 11 Access4you \u00e1ltal tan\u00fas\u00edtott akad\u00e1lymentes MKB bankfi\u00f3k v\u00e1rja az \u00fcgyfeleket - Access4you H\u00edrek","isPartOf":{"@id":"https:\/\/news.access4you.io\/#website"},"primaryImageOfPage":{"@id":"https:\/\/news.access4you.io\/2021\/05\/10\/orszagszerte-mar-11-access4you-altal-tanusitott-akadalymentes-mkb-bankfiok-varja-az-ugyfeleket\/#primaryimage"},"image":{"@id":"https:\/\/news.access4you.io\/2021\/05\/10\/orszagszerte-mar-11-access4you-altal-tanusitott-akadalymentes-mkb-bankfiok-varja-az-ugyfeleket\/#primaryimage"},"thumbnailUrl":"https:\/\/news.access4you.io\/wp-content\/uploads\/2021\/05\/mkb.png","datePublished":"2021-05-10T07:47:57+00:00","dateModified":"2021-05-10T07:47:59+00:00","description":"Budapesten, Gy\u0151r\u00f6tt, Kaposv\u00e1ron, Miskolcon, Szolnokon \u00e9s P\u00e9csett is az Access4you \u00e1ltal tan\u00fas\u00edtott akad\u00e1lymentes MKB bankfi\u00f3kok v\u00e1rnak T\u00e9ged!","breadcrumb":{"@id":"https:\/\/news.access4you.io\/2021\/05\/10\/orszagszerte-mar-11-access4you-altal-tanusitott-akadalymentes-mkb-bankfiok-varja-az-ugyfeleket\/#breadcrumb"},"inLanguage":"en-US","potentialAction":[{"@type":"ReadAction","target":["https:\/\/news.access4you.io\/2021\/05\/10\/orszagszerte-mar-11-access4you-altal-tanusitott-akadalymentes-mkb-bankfiok-varja-az-ugyfeleket\/"]}]},{"@type":"ImageObject","inLanguage":"en-US","@id":"https:\/\/news.access4you.io\/2021\/05\/10\/orszagszerte-mar-11-access4you-altal-tanusitott-akadalymentes-mkb-bankfiok-varja-az-ugyfeleket\/#primaryimage","url":"https:\/\/news.access4you.io\/wp-content\/uploads\/2021\/05\/mkb.png","contentUrl":"https:\/\/news.access4you.io\/wp-content\/uploads\/2021\/05\/mkb.png","width":2048,"height":1366},{"@type":"BreadcrumbList","@id":"https:\/\/news.access4you.io\/2021\/05\/10\/orszagszerte-mar-11-access4you-altal-tanusitott-akadalymentes-mkb-bankfiok-varja-az-ugyfeleket\/#breadcrumb","itemListElement":[{"@type":"ListItem","position":1,"name":"Kezd\u0151lap","item":"https:\/\/news.access4you.io\/"},{"@type":"ListItem","position":2,"name":"Orsz\u00e1gszerte m\u00e1r 11 Access4you \u00e1ltal tan\u00fas\u00edtott akad\u00e1lymentes MKB bankfi\u00f3k v\u00e1rja az \u00fcgyfeleket"}]},{"@type":"WebSite","@id":"https:\/\/news.access4you.io\/#website","url":"https:\/\/news.access4you.io\/","name":"Access4you H\u00edrek","description":"","publisher":{"@id":"https:\/\/news.access4you.io\/#organization"},"potentialAction":[{"@type":"SearchAction","target":{"@type":"EntryPoint","urlTemplate":"https:\/\/news.access4you.io\/?s={search_term_string}"},"query-input":{"@type":"PropertyValueSpecification","valueRequired":true,"valueName":"search_term_string"}}],"inLanguage":"en-US"},{"@type":"Organization","@id":"https:\/\/news.access4you.io\/#organization","name":"Access4you H\u00edrek","url":"https:\/\/news.access4you.io\/","logo":{"@type":"ImageObject","inLanguage":"en-US","@id":"https:\/\/news.access4you.io\/#\/schema\/logo\/image\/","url":"https:\/\/news.access4you.io\/wp-content\/uploads\/2021\/01\/a4u-logo-black.png","contentUrl":"https:\/\/news.access4you.io\/wp-content\/uploads\/2021\/01\/a4u-logo-black.png","width":726,"height":454,"caption":"Access4you H\u00edrek"},"image":{"@id":"https:\/\/news.access4you.io\/#\/schema\/logo\/image\/"}},{"@type":"Person","@id":"https:\/\/news.access4you.io\/#\/schema\/person\/cb4fff088aa5f5f43a6f4ce3a1e2e084","name":"access4you","image":{"@type":"ImageObject","inLanguage":"en-US","@id":"https:\/\/news.access4you.io\/#\/schema\/person\/image\/","url":"https:\/\/secure.gravatar.com\/avatar\/9795a8b3afc7ed258d167a92dbb1075b37bab5bc83b1ac9182ff4f58c22040b8?s=96&d=mm&r=g","contentUrl":"https:\/\/secure.gravatar.com\/avatar\/9795a8b3afc7ed258d167a92dbb1075b37bab5bc83b1ac9182ff4f58c22040b8?s=96&d=mm&r=g","caption":"access4you"},"sameAs":["http:\/\/localhost\/access4you"],"url":"https:\/\/news.access4you.io\/en\/author\/access4you\/"}]}},"_links":{"self":[{"href":"https:\/\/news.access4you.io\/en\/wp-json\/wp\/v2\/posts\/4268","targetHints":{"allow":["GET"]}}],"collection":[{"href":"https:\/\/news.access4you.io\/en\/wp-json\/wp\/v2\/posts"}],"about":[{"href":"https:\/\/news.access4you.io\/en\/wp-json\/wp\/v2\/types\/post"}],"author":[{"embeddable":true,"href":"https:\/\/news.access4you.io\/en\/wp-json\/wp\/v2\/users\/1"}],"replies":[{"embeddable":true,"href":"https:\/\/news.access4you.io\/en\/wp-json\/wp\/v2\/comments?post=4268"}],"version-history":[{"count":0,"href":"https:\/\/news.access4you.io\/en\/wp-json\/wp\/v2\/posts\/4268\/revisions"}],"wp:featuredmedia":[{"embeddable":true,"href":"https:\/\/news.access4you.io\/en\/wp-json\/wp\/v2\/media\/4270"}],"wp:attachment":[{"href":"https:\/\/news.access4you.io\/en\/wp-json\/wp\/v2\/media?parent=4268"}],"wp:term":[{"taxonomy":"category","embeddable":true,"href":"https:\/\/news.access4you.io\/en\/wp-json\/wp\/v2\/categories?post=4268"},{"taxonomy":"post_tag","embeddable":true,"href":"https:\/\/news.access4you.io\/en\/wp-json\/wp\/v2\/tags?post=4268"}],"curies":[{"name":"wp","href":"https:\/\/api.w.org\/{rel}","templated":true}]}}