{"id":4281,"date":"2021-05-17T12:52:05","date_gmt":"2021-05-17T12:52:05","guid":{"rendered":"http:\/\/news.access4you.io\/?p=4281"},"modified":"2021-05-17T12:52:07","modified_gmt":"2021-05-17T12:52:07","slug":"megujul-a-csaladok-elmenykozpontja-a-campona","status":"publish","type":"post","link":"https:\/\/news.access4you.io\/en\/2021\/05\/17\/megujul-a-csaladok-elmenykozpontja-a-campona\/","title":{"rendered":"Meg\u00fajul a csal\u00e1dok \u00e9lm\u00e9nyk\u00f6zpontja, a Campona"},"content":{"rendered":"<p><strong>2021 v\u00e9g\u00e9ig a teljes bels\u0151 ter\u00e9t meg\u00faj\u00edtja a d\u00e9l-budai bev\u00e1s\u00e1rl\u00f3k\u00f6zpont, amely tov\u00e1bbra is az egyik legvonz\u00f3bb c\u00e9lpontja a csal\u00e1dos bev\u00e1s\u00e1rl\u00e1sra \u00e9s kikapcsol\u00f3d\u00e1sra v\u00e1gy\u00f3 v\u00e1s\u00e1rl\u00f3knak. A bev\u00e1s\u00e1rl\u00f3k\u00f6zpont meg\u00faj\u00edt\u00e1s\u00e1nak tervez\u00e9s\u00e9ben az Access4you is r\u00e9szt vett, hogy <a href=\"https:\/\/access4you.io\/places\/96580\/details\" target=\"_blank\" rel=\"noreferrer noopener\">tan\u00fas\u00edtott bev\u00e1s\u00e1rl\u00f3k\u00f6zpontk\u00e9nt<\/a> a helysz\u00edn tov\u00e1bbra is akad\u00e1lymentesen l\u00e1togathat\u00f3 legyen.<\/strong><\/p>\n\n\n\n<p>A kor\u00e1bbi terveit finomhangolva, \u00e9s a megv\u00e1ltozott piaci- \u00e9s v\u00e1s\u00e1rl\u00f3i k\u00f6rnyezetre reag\u00e1lva \u00faj\u00edtja meg tulajdonosa, a CPI Property Group a Campona teljes v\u00e1s\u00e1rl\u00f3ter\u00e9t \u00e9s az ahhoz kapcsol\u00f3d\u00f3 kiszolg\u00e1l\u00f3 egys\u00e9geket. A fel\u00faj\u00edt\u00e1s d\u00f6nt\u0151 r\u00e9sze a kor\u00e1bbi tervekkel \u00f6sszhangban m\u00e1r\u00a0 2021-ben megval\u00f3sul, a kivitelez\u00e9s m\u00e1jusban kezd\u0151dik, a teljes beruh\u00e1z\u00e1s pedig v\u00e1rhat\u00f3an 2022 elej\u00e9n z\u00e1rul. A tervek szerint meg\u00fajulnak a bej\u00e1ratok, a bev\u00e1s\u00e1rl\u00f3t\u00e9r \u00e9s az \u00e9teludvar, valamint a mosd\u00f3k is.<\/p>\n\n\n\n<figure class=\"wp-block-image size-large\"><img loading=\"lazy\" decoding=\"async\" width=\"1024\" height=\"570\" src=\"http:\/\/news.access4you.io\/wp-content\/uploads\/2021\/05\/NCB2_Viz-5_Foodcourt-Zone-A-1024x570.jpg\" alt=\"\" class=\"wp-image-4284\" srcset=\"https:\/\/news.access4you.io\/wp-content\/uploads\/2021\/05\/NCB2_Viz-5_Foodcourt-Zone-A-1024x570.jpg 1024w, https:\/\/news.access4you.io\/wp-content\/uploads\/2021\/05\/NCB2_Viz-5_Foodcourt-Zone-A-300x167.jpg 300w, https:\/\/news.access4you.io\/wp-content\/uploads\/2021\/05\/NCB2_Viz-5_Foodcourt-Zone-A-768x427.jpg 768w, https:\/\/news.access4you.io\/wp-content\/uploads\/2021\/05\/NCB2_Viz-5_Foodcourt-Zone-A-1536x855.jpg 1536w, https:\/\/news.access4you.io\/wp-content\/uploads\/2021\/05\/NCB2_Viz-5_Foodcourt-Zone-A.jpg 2000w\" sizes=\"auto, (max-width: 1024px) 100vw, 1024px\" \/><\/figure>\n\n\n\n<p><\/p>\n\n\n\n<p>A fel\u00faj\u00edt\u00e1s sor\u00e1n k\u00f6zel 10,000 m2 burkolat \u00e9s 4,450 m2 \u00e1lmennyezet \u00fajul meg, az \u00e9teludvaron a kor\u00e1bbi 275 helyett 415 szem\u00e9ly tud majd k\u00e9nyelmesen \u00e9tkezni, az \u00e9p\u00fcletben pedig 200 n\u00f6v\u00e9ny mellett 20 relax z\u00f3na is v\u00e1rja majd a v\u00e1s\u00e1rl\u00f3kat. A vil\u00e1g\u00edt\u00e1s meg\u00faj\u00edt\u00e1sakor k\u00f6zel 2 kilom\u00e9ternyi LED szalag fog be\u00e9p\u00edt\u00e9sre ker\u00fclni.<em><\/em><\/p>\n\n\n\n<p>Az \u00fajj\u00e1sz\u00fclet\u0151 Campona sz\u00e1mos meglepet\u00e9ssel fog szolg\u00e1lni a l\u00e1togat\u00f3i sz\u00e1m\u00e1ra. A csal\u00e1dosok sz\u00e1m\u00e1ra olyan bels\u0151 j\u00e1tsz\u00f3terek ker\u00fclnek kialak\u00edt\u00e1sra, amelyek a gyermekek fejl\u0151d\u00e9s\u00e9re f\u00f3kusz\u00e1l\u00f3 eszk\u00f6z\u00f6ket biztos\u00edtanak majd. A v\u00e1s\u00e1rl\u00e1s sor\u00e1n pihenni v\u00e1gy\u00f3knak relax z\u00f3n\u00e1k, a k\u00f6z\u00f6ss\u00e9gi m\u00e9di\u00e1ban akt\u00edv fiataloknak pedig egy folyamatosan \u00faj tematik\u00e1t biztos\u00edt\u00f3 Insta fot\u00f3sarok is a tervek k\u00f6z\u00f6tt szerepel.<\/p>\n\n\n\n<p>A z\u00f6ld k\u00f6zleked\u00e9si m\u00f3dokat prefer\u00e1l\u00f3 vend\u00e9gek sz\u00e1m\u00e1ra bicikli t\u00e1rol\u00f3 \u00e9s szerv\u00edzoszlop is kialak\u00edt\u00e1sra ker\u00fcl, a jelenlegi elektromos t\u00f6lt\u00e9st biztos\u00edt\u00f3 g\u00e9pj\u00e1rm\u0171 parkol\u00f3kon t\u00fal. A 21. sz\u00e1zad k\u00f6rforg\u00e1sos gazdas\u00e1g\u00e1nak szellemis\u00e9g\u00e9t k\u00f6vetve nem csak a Campona-ban&nbsp; tal\u00e1lhat\u00f3 b\u00e9rl\u0151k-, hanem a v\u00e1s\u00e1rl\u00f3k sz\u00e1m\u00e1ra is szelekt\u00edv hullad\u00e9kgy\u0171jt\u0151k lesznek kihelyezve a h\u00e1zban.<\/p>\n\n\n\n<p>A fenntarthat\u00f3s\u00e1g jegy\u00e9ben a burkolatok f\u0151k\u00e9nt \u00fajrafelhaszn\u00e1lt anyagok gy\u00e1rt\u00e1s\u00e1b\u00f3l sz\u00e1rmaznak majd, illetve meg\u00fajul 11 darab h\u0171t\u0151 \u00e9s f\u0171t\u0151 g\u00e9p is, amely ugyancsak a k\u00f6rnyezetbar\u00e1t technol\u00f3giai megold\u00e1sokkal \u00fczemel tov\u00e1bb.&nbsp;&nbsp;&nbsp;&nbsp;&nbsp;&nbsp;&nbsp;&nbsp;&nbsp;&nbsp;<\/p>\n\n\n\n<p>A\u00a0 bev\u00e1s\u00e1rl\u00f3k\u00f6zpont meg\u00faj\u00edt\u00e1s\u00e1nak tervez\u00e9s\u00e9ben az Access4you is r\u00e9szt vett, ennek k\u00f6sz\u00f6nhet\u0151en a mozg\u00e1skorl\u00e1tozottak \u00e9s fogyat\u00e9kkal \u00e9l\u0151k tov\u00e1bbra is akad\u00e1lymentesen k\u00f6zlekedhetnek a h\u00e1zban.<\/p>\n\n\n\n<figure class=\"wp-block-image size-large\"><img loading=\"lazy\" decoding=\"async\" width=\"1024\" height=\"576\" src=\"http:\/\/news.access4you.io\/wp-content\/uploads\/2021\/05\/NCB2_Viz-2_Mall-Central-Atrium-1024x576.jpg\" alt=\"\" class=\"wp-image-4285\" srcset=\"https:\/\/news.access4you.io\/wp-content\/uploads\/2021\/05\/NCB2_Viz-2_Mall-Central-Atrium-1024x576.jpg 1024w, https:\/\/news.access4you.io\/wp-content\/uploads\/2021\/05\/NCB2_Viz-2_Mall-Central-Atrium-300x169.jpg 300w, https:\/\/news.access4you.io\/wp-content\/uploads\/2021\/05\/NCB2_Viz-2_Mall-Central-Atrium-768x432.jpg 768w, https:\/\/news.access4you.io\/wp-content\/uploads\/2021\/05\/NCB2_Viz-2_Mall-Central-Atrium-1536x864.jpg 1536w, https:\/\/news.access4you.io\/wp-content\/uploads\/2021\/05\/NCB2_Viz-2_Mall-Central-Atrium.jpg 2000w\" sizes=\"auto, (max-width: 1024px) 100vw, 1024px\" \/><\/figure>\n\n\n\n<p><\/p>\n\n\n\n<p>A Campona t\u00f6bb, mint k\u00e9t \u00e9vtizede az egyik legvonz\u00f3bb bev\u00e1s\u00e1rl\u00f3k\u00f6zpont a d\u00e9l-budai t\u00e9rs\u00e9gben \u00e9s agglomer\u00e1ci\u00f3ban f\u0151leg a csal\u00e1dos bev\u00e1s\u00e1rl\u00f3k sz\u00e1m\u00e1ra. Ez nem is v\u00e9letlen, hiszen a bev\u00e1s\u00e1rl\u00f3k\u00f6zpontokra \u00e1ltal\u00e1nosan jellemz\u0151 kereskedelmi egys\u00e9gek mellett olyan csal\u00e1di \u00e9lm\u00e9nyeket biztos\u00edt\u00f3 sz\u00f3rakoz\u00e1si lehet\u0151s\u00e9gek is v\u00e1rj\u00e1k a l\u00e1togat\u00f3kat, mint a Tropicarium, a Kockapark vagy a J\u00e1tsz\u00f3h\u00e1z.<\/p>\n\n\n\n<p>A m\u00e1jusban indul\u00f3 beruh\u00e1z\u00e1snak k\u00f6sz\u00f6nhet\u0151en a meg\u00fajul\u00f3 Campona ebben az \u00e9vtizedben is sok ezer csal\u00e1d sz\u00e1m\u00e1ra biztos\u00edt majd min\u0151s\u00e9gi kikapcsol\u00f3d\u00e1st.<\/p>\n\n\n\n<p><em>(Forr\u00e1s: CPI Property Group)<\/em><\/p>","protected":false},"excerpt":{"rendered":"<p>2021 v\u00e9g\u00e9ig a teljes bels\u0151 ter\u00e9t meg\u00faj\u00edtja a d\u00e9l-budai bev\u00e1s\u00e1rl\u00f3k\u00f6zpont, amely tov\u00e1bbra is az egyik legvonz\u00f3bb c\u00e9lpontja a csal\u00e1dos bev\u00e1s\u00e1rl\u00e1sra \u00e9s kikapcsol\u00f3d\u00e1sra v\u00e1gy\u00f3 v\u00e1s\u00e1rl\u00f3knak. A bev\u00e1s\u00e1rl\u00f3k\u00f6zpont meg\u00faj\u00edt\u00e1s\u00e1nak tervez\u00e9s\u00e9ben az Access4you is r\u00e9szt vett, hogy tan\u00fas\u00edtott bev\u00e1s\u00e1rl\u00f3k\u00f6zpontk\u00e9nt a helysz\u00edn tov\u00e1bbra is akad\u00e1lymentesen l\u00e1togathat\u00f3 legyen. A kor\u00e1bbi terveit finomhangolva, \u00e9s a megv\u00e1ltozott piaci- \u00e9s v\u00e1s\u00e1rl\u00f3i k\u00f6rnyezetre reag\u00e1lva [&hellip;]<\/p>","protected":false},"author":1,"featured_media":4283,"comment_status":"closed","ping_status":"closed","sticky":false,"template":"","format":"standard","meta":{"footnotes":""},"categories":[76,17],"tags":[],"class_list":["post-4281","post","type-post","status-publish","format-standard","has-post-thumbnail","hentry","category-kozlemeny","category-sajtoszemle"],"yoast_head":"<!-- This site is optimized with the Yoast SEO plugin v23.8 - https:\/\/yoast.com\/wordpress\/plugins\/seo\/ -->\n<title>Meg\u00fajul a csal\u00e1dok \u00e9lm\u00e9nyk\u00f6zpontja, a Campona - Access4you H\u00edrek<\/title>\n<meta name=\"robots\" content=\"index, follow, max-snippet:-1, max-image-preview:large, max-video-preview:-1\" \/>\n<link rel=\"canonical\" href=\"https:\/\/news.access4you.io\/en\/2021\/05\/17\/megujul-a-csaladok-elmenykozpontja-a-campona\/\" \/>\n<meta property=\"og:locale\" content=\"en_US\" \/>\n<meta property=\"og:type\" content=\"article\" \/>\n<meta property=\"og:title\" content=\"Meg\u00fajul a csal\u00e1dok \u00e9lm\u00e9nyk\u00f6zpontja, a Campona - Access4you H\u00edrek\" \/>\n<meta property=\"og:description\" content=\"2021 v\u00e9g\u00e9ig a teljes bels\u0151 ter\u00e9t meg\u00faj\u00edtja a d\u00e9l-budai bev\u00e1s\u00e1rl\u00f3k\u00f6zpont, amely tov\u00e1bbra is az egyik legvonz\u00f3bb c\u00e9lpontja a csal\u00e1dos bev\u00e1s\u00e1rl\u00e1sra \u00e9s kikapcsol\u00f3d\u00e1sra v\u00e1gy\u00f3 v\u00e1s\u00e1rl\u00f3knak. A bev\u00e1s\u00e1rl\u00f3k\u00f6zpont meg\u00faj\u00edt\u00e1s\u00e1nak tervez\u00e9s\u00e9ben az Access4you is r\u00e9szt vett, hogy tan\u00fas\u00edtott bev\u00e1s\u00e1rl\u00f3k\u00f6zpontk\u00e9nt a helysz\u00edn tov\u00e1bbra is akad\u00e1lymentesen l\u00e1togathat\u00f3 legyen. A kor\u00e1bbi terveit finomhangolva, \u00e9s a megv\u00e1ltozott piaci- \u00e9s v\u00e1s\u00e1rl\u00f3i k\u00f6rnyezetre reag\u00e1lva [&hellip;]\" \/>\n<meta property=\"og:url\" content=\"https:\/\/news.access4you.io\/en\/2021\/05\/17\/megujul-a-csaladok-elmenykozpontja-a-campona\/\" \/>\n<meta property=\"og:site_name\" content=\"Access4you H\u00edrek\" \/>\n<meta property=\"article:published_time\" content=\"2021-05-17T12:52:05+00:00\" \/>\n<meta property=\"article:modified_time\" content=\"2021-05-17T12:52:07+00:00\" \/>\n<meta property=\"og:image\" content=\"https:\/\/news.access4you.io\/wp-content\/uploads\/2021\/05\/NCB2_Viz-1_Mall-Infokiosk-1.jpg\" \/>\n\t<meta property=\"og:image:width\" content=\"2000\" \/>\n\t<meta property=\"og:image:height\" content=\"1125\" \/>\n\t<meta property=\"og:image:type\" content=\"image\/jpeg\" \/>\n<meta name=\"author\" content=\"access4you\" \/>\n<meta name=\"twitter:card\" content=\"summary_large_image\" \/>\n<meta name=\"twitter:label1\" content=\"Written by\" \/>\n\t<meta name=\"twitter:data1\" content=\"access4you\" \/>\n\t<meta name=\"twitter:label2\" content=\"Est. reading time\" \/>\n\t<meta name=\"twitter:data2\" content=\"3 minutes\" \/>\n<script type=\"application\/ld+json\" class=\"yoast-schema-graph\">{\"@context\":\"https:\/\/schema.org\",\"@graph\":[{\"@type\":\"Article\",\"@id\":\"https:\/\/news.access4you.io\/2021\/05\/17\/megujul-a-csaladok-elmenykozpontja-a-campona\/#article\",\"isPartOf\":{\"@id\":\"https:\/\/news.access4you.io\/2021\/05\/17\/megujul-a-csaladok-elmenykozpontja-a-campona\/\"},\"author\":{\"name\":\"access4you\",\"@id\":\"https:\/\/news.access4you.io\/#\/schema\/person\/cb4fff088aa5f5f43a6f4ce3a1e2e084\"},\"headline\":\"Meg\u00fajul a csal\u00e1dok \u00e9lm\u00e9nyk\u00f6zpontja, a Campona\",\"datePublished\":\"2021-05-17T12:52:05+00:00\",\"dateModified\":\"2021-05-17T12:52:07+00:00\",\"mainEntityOfPage\":{\"@id\":\"https:\/\/news.access4you.io\/2021\/05\/17\/megujul-a-csaladok-elmenykozpontja-a-campona\/\"},\"wordCount\":688,\"publisher\":{\"@id\":\"https:\/\/news.access4you.io\/#organization\"},\"image\":{\"@id\":\"https:\/\/news.access4you.io\/2021\/05\/17\/megujul-a-csaladok-elmenykozpontja-a-campona\/#primaryimage\"},\"thumbnailUrl\":\"https:\/\/news.access4you.io\/wp-content\/uploads\/2021\/05\/NCB2_Viz-1_Mall-Infokiosk-1.jpg\",\"articleSection\":[\"K\u00f6zlem\u00e9ny\",\"Sajt\u00f3szemle\"],\"inLanguage\":\"en-US\"},{\"@type\":\"WebPage\",\"@id\":\"https:\/\/news.access4you.io\/2021\/05\/17\/megujul-a-csaladok-elmenykozpontja-a-campona\/\",\"url\":\"https:\/\/news.access4you.io\/2021\/05\/17\/megujul-a-csaladok-elmenykozpontja-a-campona\/\",\"name\":\"Meg\u00fajul a csal\u00e1dok \u00e9lm\u00e9nyk\u00f6zpontja, a Campona - Access4you H\u00edrek\",\"isPartOf\":{\"@id\":\"https:\/\/news.access4you.io\/#website\"},\"primaryImageOfPage\":{\"@id\":\"https:\/\/news.access4you.io\/2021\/05\/17\/megujul-a-csaladok-elmenykozpontja-a-campona\/#primaryimage\"},\"image\":{\"@id\":\"https:\/\/news.access4you.io\/2021\/05\/17\/megujul-a-csaladok-elmenykozpontja-a-campona\/#primaryimage\"},\"thumbnailUrl\":\"https:\/\/news.access4you.io\/wp-content\/uploads\/2021\/05\/NCB2_Viz-1_Mall-Infokiosk-1.jpg\",\"datePublished\":\"2021-05-17T12:52:05+00:00\",\"dateModified\":\"2021-05-17T12:52:07+00:00\",\"breadcrumb\":{\"@id\":\"https:\/\/news.access4you.io\/2021\/05\/17\/megujul-a-csaladok-elmenykozpontja-a-campona\/#breadcrumb\"},\"inLanguage\":\"en-US\",\"potentialAction\":[{\"@type\":\"ReadAction\",\"target\":[\"https:\/\/news.access4you.io\/2021\/05\/17\/megujul-a-csaladok-elmenykozpontja-a-campona\/\"]}]},{\"@type\":\"ImageObject\",\"inLanguage\":\"en-US\",\"@id\":\"https:\/\/news.access4you.io\/2021\/05\/17\/megujul-a-csaladok-elmenykozpontja-a-campona\/#primaryimage\",\"url\":\"https:\/\/news.access4you.io\/wp-content\/uploads\/2021\/05\/NCB2_Viz-1_Mall-Infokiosk-1.jpg\",\"contentUrl\":\"https:\/\/news.access4you.io\/wp-content\/uploads\/2021\/05\/NCB2_Viz-1_Mall-Infokiosk-1.jpg\",\"width\":2000,\"height\":1125},{\"@type\":\"BreadcrumbList\",\"@id\":\"https:\/\/news.access4you.io\/2021\/05\/17\/megujul-a-csaladok-elmenykozpontja-a-campona\/#breadcrumb\",\"itemListElement\":[{\"@type\":\"ListItem\",\"position\":1,\"name\":\"Kezd\u0151lap\",\"item\":\"https:\/\/news.access4you.io\/\"},{\"@type\":\"ListItem\",\"position\":2,\"name\":\"Meg\u00fajul a csal\u00e1dok \u00e9lm\u00e9nyk\u00f6zpontja, a Campona\"}]},{\"@type\":\"WebSite\",\"@id\":\"https:\/\/news.access4you.io\/#website\",\"url\":\"https:\/\/news.access4you.io\/\",\"name\":\"Access4you H\u00edrek\",\"description\":\"\",\"publisher\":{\"@id\":\"https:\/\/news.access4you.io\/#organization\"},\"potentialAction\":[{\"@type\":\"SearchAction\",\"target\":{\"@type\":\"EntryPoint\",\"urlTemplate\":\"https:\/\/news.access4you.io\/?s={search_term_string}\"},\"query-input\":{\"@type\":\"PropertyValueSpecification\",\"valueRequired\":true,\"valueName\":\"search_term_string\"}}],\"inLanguage\":\"en-US\"},{\"@type\":\"Organization\",\"@id\":\"https:\/\/news.access4you.io\/#organization\",\"name\":\"Access4you H\u00edrek\",\"url\":\"https:\/\/news.access4you.io\/\",\"logo\":{\"@type\":\"ImageObject\",\"inLanguage\":\"en-US\",\"@id\":\"https:\/\/news.access4you.io\/#\/schema\/logo\/image\/\",\"url\":\"https:\/\/news.access4you.io\/wp-content\/uploads\/2021\/01\/a4u-logo-black.png\",\"contentUrl\":\"https:\/\/news.access4you.io\/wp-content\/uploads\/2021\/01\/a4u-logo-black.png\",\"width\":726,\"height\":454,\"caption\":\"Access4you H\u00edrek\"},\"image\":{\"@id\":\"https:\/\/news.access4you.io\/#\/schema\/logo\/image\/\"}},{\"@type\":\"Person\",\"@id\":\"https:\/\/news.access4you.io\/#\/schema\/person\/cb4fff088aa5f5f43a6f4ce3a1e2e084\",\"name\":\"access4you\",\"image\":{\"@type\":\"ImageObject\",\"inLanguage\":\"en-US\",\"@id\":\"https:\/\/news.access4you.io\/#\/schema\/person\/image\/\",\"url\":\"https:\/\/secure.gravatar.com\/avatar\/9795a8b3afc7ed258d167a92dbb1075b37bab5bc83b1ac9182ff4f58c22040b8?s=96&d=mm&r=g\",\"contentUrl\":\"https:\/\/secure.gravatar.com\/avatar\/9795a8b3afc7ed258d167a92dbb1075b37bab5bc83b1ac9182ff4f58c22040b8?s=96&d=mm&r=g\",\"caption\":\"access4you\"},\"sameAs\":[\"http:\/\/localhost\/access4you\"],\"url\":\"https:\/\/news.access4you.io\/en\/author\/access4you\/\"}]}<\/script>\n<!-- \/ Yoast SEO plugin. -->","yoast_head_json":{"title":"Meg\u00fajul a csal\u00e1dok \u00e9lm\u00e9nyk\u00f6zpontja, a Campona - Access4you H\u00edrek","robots":{"index":"index","follow":"follow","max-snippet":"max-snippet:-1","max-image-preview":"max-image-preview:large","max-video-preview":"max-video-preview:-1"},"canonical":"https:\/\/news.access4you.io\/en\/2021\/05\/17\/megujul-a-csaladok-elmenykozpontja-a-campona\/","og_locale":"en_US","og_type":"article","og_title":"Meg\u00fajul a csal\u00e1dok \u00e9lm\u00e9nyk\u00f6zpontja, a Campona - Access4you H\u00edrek","og_description":"2021 v\u00e9g\u00e9ig a teljes bels\u0151 ter\u00e9t meg\u00faj\u00edtja a d\u00e9l-budai bev\u00e1s\u00e1rl\u00f3k\u00f6zpont, amely tov\u00e1bbra is az egyik legvonz\u00f3bb c\u00e9lpontja a csal\u00e1dos bev\u00e1s\u00e1rl\u00e1sra \u00e9s kikapcsol\u00f3d\u00e1sra v\u00e1gy\u00f3 v\u00e1s\u00e1rl\u00f3knak. A bev\u00e1s\u00e1rl\u00f3k\u00f6zpont meg\u00faj\u00edt\u00e1s\u00e1nak tervez\u00e9s\u00e9ben az Access4you is r\u00e9szt vett, hogy tan\u00fas\u00edtott bev\u00e1s\u00e1rl\u00f3k\u00f6zpontk\u00e9nt a helysz\u00edn tov\u00e1bbra is akad\u00e1lymentesen l\u00e1togathat\u00f3 legyen. A kor\u00e1bbi terveit finomhangolva, \u00e9s a megv\u00e1ltozott piaci- \u00e9s v\u00e1s\u00e1rl\u00f3i k\u00f6rnyezetre reag\u00e1lva [&hellip;]","og_url":"https:\/\/news.access4you.io\/en\/2021\/05\/17\/megujul-a-csaladok-elmenykozpontja-a-campona\/","og_site_name":"Access4you H\u00edrek","article_published_time":"2021-05-17T12:52:05+00:00","article_modified_time":"2021-05-17T12:52:07+00:00","og_image":[{"width":2000,"height":1125,"url":"https:\/\/news.access4you.io\/wp-content\/uploads\/2021\/05\/NCB2_Viz-1_Mall-Infokiosk-1.jpg","type":"image\/jpeg"}],"author":"access4you","twitter_card":"summary_large_image","twitter_misc":{"Written by":"access4you","Est. reading time":"3 minutes"},"schema":{"@context":"https:\/\/schema.org","@graph":[{"@type":"Article","@id":"https:\/\/news.access4you.io\/2021\/05\/17\/megujul-a-csaladok-elmenykozpontja-a-campona\/#article","isPartOf":{"@id":"https:\/\/news.access4you.io\/2021\/05\/17\/megujul-a-csaladok-elmenykozpontja-a-campona\/"},"author":{"name":"access4you","@id":"https:\/\/news.access4you.io\/#\/schema\/person\/cb4fff088aa5f5f43a6f4ce3a1e2e084"},"headline":"Meg\u00fajul a csal\u00e1dok \u00e9lm\u00e9nyk\u00f6zpontja, a Campona","datePublished":"2021-05-17T12:52:05+00:00","dateModified":"2021-05-17T12:52:07+00:00","mainEntityOfPage":{"@id":"https:\/\/news.access4you.io\/2021\/05\/17\/megujul-a-csaladok-elmenykozpontja-a-campona\/"},"wordCount":688,"publisher":{"@id":"https:\/\/news.access4you.io\/#organization"},"image":{"@id":"https:\/\/news.access4you.io\/2021\/05\/17\/megujul-a-csaladok-elmenykozpontja-a-campona\/#primaryimage"},"thumbnailUrl":"https:\/\/news.access4you.io\/wp-content\/uploads\/2021\/05\/NCB2_Viz-1_Mall-Infokiosk-1.jpg","articleSection":["K\u00f6zlem\u00e9ny","Sajt\u00f3szemle"],"inLanguage":"en-US"},{"@type":"WebPage","@id":"https:\/\/news.access4you.io\/2021\/05\/17\/megujul-a-csaladok-elmenykozpontja-a-campona\/","url":"https:\/\/news.access4you.io\/2021\/05\/17\/megujul-a-csaladok-elmenykozpontja-a-campona\/","name":"Meg\u00fajul a csal\u00e1dok \u00e9lm\u00e9nyk\u00f6zpontja, a Campona - Access4you H\u00edrek","isPartOf":{"@id":"https:\/\/news.access4you.io\/#website"},"primaryImageOfPage":{"@id":"https:\/\/news.access4you.io\/2021\/05\/17\/megujul-a-csaladok-elmenykozpontja-a-campona\/#primaryimage"},"image":{"@id":"https:\/\/news.access4you.io\/2021\/05\/17\/megujul-a-csaladok-elmenykozpontja-a-campona\/#primaryimage"},"thumbnailUrl":"https:\/\/news.access4you.io\/wp-content\/uploads\/2021\/05\/NCB2_Viz-1_Mall-Infokiosk-1.jpg","datePublished":"2021-05-17T12:52:05+00:00","dateModified":"2021-05-17T12:52:07+00:00","breadcrumb":{"@id":"https:\/\/news.access4you.io\/2021\/05\/17\/megujul-a-csaladok-elmenykozpontja-a-campona\/#breadcrumb"},"inLanguage":"en-US","potentialAction":[{"@type":"ReadAction","target":["https:\/\/news.access4you.io\/2021\/05\/17\/megujul-a-csaladok-elmenykozpontja-a-campona\/"]}]},{"@type":"ImageObject","inLanguage":"en-US","@id":"https:\/\/news.access4you.io\/2021\/05\/17\/megujul-a-csaladok-elmenykozpontja-a-campona\/#primaryimage","url":"https:\/\/news.access4you.io\/wp-content\/uploads\/2021\/05\/NCB2_Viz-1_Mall-Infokiosk-1.jpg","contentUrl":"https:\/\/news.access4you.io\/wp-content\/uploads\/2021\/05\/NCB2_Viz-1_Mall-Infokiosk-1.jpg","width":2000,"height":1125},{"@type":"BreadcrumbList","@id":"https:\/\/news.access4you.io\/2021\/05\/17\/megujul-a-csaladok-elmenykozpontja-a-campona\/#breadcrumb","itemListElement":[{"@type":"ListItem","position":1,"name":"Kezd\u0151lap","item":"https:\/\/news.access4you.io\/"},{"@type":"ListItem","position":2,"name":"Meg\u00fajul a csal\u00e1dok \u00e9lm\u00e9nyk\u00f6zpontja, a Campona"}]},{"@type":"WebSite","@id":"https:\/\/news.access4you.io\/#website","url":"https:\/\/news.access4you.io\/","name":"Access4you H\u00edrek","description":"","publisher":{"@id":"https:\/\/news.access4you.io\/#organization"},"potentialAction":[{"@type":"SearchAction","target":{"@type":"EntryPoint","urlTemplate":"https:\/\/news.access4you.io\/?s={search_term_string}"},"query-input":{"@type":"PropertyValueSpecification","valueRequired":true,"valueName":"search_term_string"}}],"inLanguage":"en-US"},{"@type":"Organization","@id":"https:\/\/news.access4you.io\/#organization","name":"Access4you H\u00edrek","url":"https:\/\/news.access4you.io\/","logo":{"@type":"ImageObject","inLanguage":"en-US","@id":"https:\/\/news.access4you.io\/#\/schema\/logo\/image\/","url":"https:\/\/news.access4you.io\/wp-content\/uploads\/2021\/01\/a4u-logo-black.png","contentUrl":"https:\/\/news.access4you.io\/wp-content\/uploads\/2021\/01\/a4u-logo-black.png","width":726,"height":454,"caption":"Access4you H\u00edrek"},"image":{"@id":"https:\/\/news.access4you.io\/#\/schema\/logo\/image\/"}},{"@type":"Person","@id":"https:\/\/news.access4you.io\/#\/schema\/person\/cb4fff088aa5f5f43a6f4ce3a1e2e084","name":"access4you","image":{"@type":"ImageObject","inLanguage":"en-US","@id":"https:\/\/news.access4you.io\/#\/schema\/person\/image\/","url":"https:\/\/secure.gravatar.com\/avatar\/9795a8b3afc7ed258d167a92dbb1075b37bab5bc83b1ac9182ff4f58c22040b8?s=96&d=mm&r=g","contentUrl":"https:\/\/secure.gravatar.com\/avatar\/9795a8b3afc7ed258d167a92dbb1075b37bab5bc83b1ac9182ff4f58c22040b8?s=96&d=mm&r=g","caption":"access4you"},"sameAs":["http:\/\/localhost\/access4you"],"url":"https:\/\/news.access4you.io\/en\/author\/access4you\/"}]}},"_links":{"self":[{"href":"https:\/\/news.access4you.io\/en\/wp-json\/wp\/v2\/posts\/4281","targetHints":{"allow":["GET"]}}],"collection":[{"href":"https:\/\/news.access4you.io\/en\/wp-json\/wp\/v2\/posts"}],"about":[{"href":"https:\/\/news.access4you.io\/en\/wp-json\/wp\/v2\/types\/post"}],"author":[{"embeddable":true,"href":"https:\/\/news.access4you.io\/en\/wp-json\/wp\/v2\/users\/1"}],"replies":[{"embeddable":true,"href":"https:\/\/news.access4you.io\/en\/wp-json\/wp\/v2\/comments?post=4281"}],"version-history":[{"count":0,"href":"https:\/\/news.access4you.io\/en\/wp-json\/wp\/v2\/posts\/4281\/revisions"}],"wp:featuredmedia":[{"embeddable":true,"href":"https:\/\/news.access4you.io\/en\/wp-json\/wp\/v2\/media\/4283"}],"wp:attachment":[{"href":"https:\/\/news.access4you.io\/en\/wp-json\/wp\/v2\/media?parent=4281"}],"wp:term":[{"taxonomy":"category","embeddable":true,"href":"https:\/\/news.access4you.io\/en\/wp-json\/wp\/v2\/categories?post=4281"},{"taxonomy":"post_tag","embeddable":true,"href":"https:\/\/news.access4you.io\/en\/wp-json\/wp\/v2\/tags?post=4281"}],"curies":[{"name":"wp","href":"https:\/\/api.w.org\/{rel}","templated":true}]}}