{"id":4288,"date":"2021-05-26T12:52:16","date_gmt":"2021-05-26T12:52:16","guid":{"rendered":"http:\/\/news.access4you.io\/?p=4288"},"modified":"2021-05-26T16:46:55","modified_gmt":"2021-05-26T16:46:55","slug":"a-diverzitas-a-te-ugyed-is-bemutatjuk-meghivott-vendegeinket","status":"publish","type":"post","link":"https:\/\/news.access4you.io\/en\/2021\/05\/26\/a-diverzitas-a-te-ugyed-is-bemutatjuk-meghivott-vendegeinket\/","title":{"rendered":"A diverzit\u00e1s a Te \u00fcgyed is! &#8211; Bemutatjuk megh\u00edvott vend\u00e9geinket"},"content":{"rendered":"<p><strong>M\u00e1r csak egy nap van h\u00e1tra <\/strong><a href=\"http:\/\/news.access4you.io\/en\/2021\/05\/05\/a-diverzitas-a-te-ugyed-is-workshop-az-inkluziv-munkahelyekert\/\"><strong>A diverzit\u00e1s a Te \u00fcgyed is! &#8211; Workshop az inkluz\u00edv munkahelyek\u00e9rt<\/strong><\/a><strong> c\u00edm\u0171 online esem\u00e9nyig, amit a Munk\u00e1ltat\u00f3k Es\u00e9lyegyenl\u0151s\u00e9gi F\u00f3rum\u00e1val \u00e9s a Salva Vita Alap\u00edtv\u00e1nnyal k\u00f6z\u00f6sen szervez\u00fcnk. Addig is ismerj\u00e9tek meg megh\u00edvott vend\u00e9geinket kicsit k\u00f6zelebbr\u0151l!<\/strong><\/p>\n\n\n\n<h3 class=\"wp-block-heading\"><strong>Budapest Int\u00e9zet<\/strong><\/h3>\n\n\n\n<p>A <a href=\"http:\/\/www.budapestinstitute.eu\/index.php\/hu\" target=\"_blank\" rel=\"noreferrer noopener\">Budapest Int\u00e9zet<\/a> 2008 november\u00e9ben alakult fiatal, elm\u00e9leti \u00e9s gyakorlati tud\u00e1ssal, korm\u00e1nyzati \u00e9s kutat\u00e1si, valamint hazai \u00e9s nemzetk\u00f6zi tapasztalatokkal rendelkez\u0151 k\u00f6zgazd\u00e1szok-politol\u00f3gusok partners\u00e9g\u00e9ben. Az Int\u00e9zet f\u00fcggetlen elemz\u00e9seket \u00e9s hat\u00e1svizsg\u00e1latokat k\u00e9sz\u00edt szakpolitikai d\u00f6nt\u00e9sek el\u0151k\u00e9sz\u00edt\u00e9s\u00e9hez, nyomon k\u00f6vet\u00e9s\u00e9hez \u00e9s \u00e9rt\u00e9kel\u00e9s\u00e9hez. Ebben kett\u0151s c\u00e9l vez\u00e9rli: egyfel\u0151l, hogy a megalapozottabb d\u00f6nt\u00e9sek \u00e1ltal a magyar \u00e9s az eur\u00f3pai k\u00f6zj\u00f3t szolg\u00e1lja, m\u00e1sfel\u0151l, hogy hozz\u00e1j\u00e1ruljon a t\u00e9nyeken \u00e9s tudom\u00e1nyos alapokon nyugv\u00f3 szakpolitikai vit\u00e1k \u00e9s d\u00f6nt\u00e9sek elterjed\u00e9s\u00e9hez. Az Int\u00e9zet els\u0151sorban a foglalkoztat\u00e1spolitika, szoci\u00e1lpolitika, roma integr\u00e1ci\u00f3, oktat\u00e1spolitika, \u00fczleti k\u00f6rnyezet \u00e9s a korm\u00e1nyzati hat\u00e9konys\u00e1g szakpolitikai k\u00e9rd\u00e9seivel foglalkozik.<\/p>\n\n\n\n<h3 class=\"wp-block-heading\"><strong>bp<\/strong><\/h3>\n\n\n\n<p>A <a rel=\"noreferrer noopener\" href=\"https:\/\/www.bp.com\/en_hu\/hungary\/home.html\" target=\"_blank\"><strong>bp <\/strong><\/a> tiszt\u00e1ban van vele, hogy a fogyat\u00e9kkal \u00e9l\u0151 emberek integr\u00e1ci\u00f3ja vil\u00e1gszinten kih\u00edv\u00e1st jelent. Munkaad\u00f3k\u00e9nt, emberk\u00f6zpont\u00fa szervezetk\u00e9nt \u00e9s v\u00e1llalatk\u00e9nt egyar\u00e1nt szerepet k\u00edv\u00e1n v\u00e1llalni, hogy a vil\u00e1g lakoss\u00e1g\u00e1nak 15%-a, a fogyat\u00e9koss\u00e1ggal \u00e9l\u0151 emberek \u00e9lete, lehet\u0151s\u00e9gei jelent\u0151sen javuljanak. A soksz\u00edn\u0171s\u00e9g, az egyenl\u0151s\u00e9g \u00e9s a befogad\u00e1s alapvet\u0151 fontoss\u00e1g\u00fa a <strong>bp <\/strong>fenntarthat\u00f3s\u00e1gi c\u00e9ljainak szempontj\u00e1b\u00f3l. A v\u00e1llalat c\u00e9lk\u00e9nt t\u0171zte ki egy hozz\u00e1f\u00e9rhet\u0151, glob\u00e1lis munkahely l\u00e9trehoz\u00e1s\u00e1t, \u00e9s a munkat\u00e1rsak \u00e1ltal vezetett \u00fczleti er\u0151forr\u00e1s-csoportokkal (BRG) egy\u00fcttm\u0171k\u00f6dve t\u00e1mogatja ezeket az er\u0151fesz\u00edt\u00e9seket. A <strong>bp <\/strong>olyan v\u00e1llalatt\u00e1 szeretne v\u00e1lni, amely szolg\u00e1l \u00e9s k\u00e9pvisel minden embert, bele\u00e9rtve a fogyat\u00e9kkal \u00e9l\u0151ket is.<\/p>\n\n\n\n<h3 class=\"wp-block-heading\"><strong>Eaton Industries<\/strong><\/h3>\n\n\n\n<p>Az <a href=\"https:\/\/www.eaton.com\/hu\/hu-hu.html\" target=\"_blank\" rel=\"noreferrer noopener\"><strong>Eaton <\/strong><\/a>glob\u00e1lis energetikai v\u00e1llalatk\u00e9nt hat\u00e9kony energiafelhaszn\u00e1l\u00e1si megold\u00e1sokat k\u00edn\u00e1l a vil\u00e1g t\u00f6bb mint 100 orsz\u00e1g\u00e1ban. Region\u00e1lis k\u00f6zponti irod\u00e1ja 2015 \u00f3ta Budapesten m\u0171k\u00f6dik, mely sz\u00e1mos (pl. \u00fcgyf\u00e9lszolg\u00e1lati, m\u00e9rn\u00f6ki, informatikai, logisztikai, HR) ter\u00fcleten ny\u00fajt szolg\u00e1ltat\u00e1sokat \u00fcgyfelei r\u00e9sz\u00e9re. Szervezeti kult\u00far\u00e1j\u00e1b\u00f3l ad\u00f3d\u00f3an a soksz\u00edn\u0171s\u00e9g \u00e9s elfogad\u00e1s mind elvi, mind gyakorlati szinten a kezdetekt\u0151l fogva jelen van a c\u00e9g mindennapi \u00e9let\u00e9ben. 2018-ban els\u0151 alkalommal p\u00e1ly\u00e1zt\u00e1k \u00e9s nyert\u00e9k el a Fogyat\u00e9koss\u00e1g-bar\u00e1t Munkahely elismer\u00e9st.<\/p>\n\n\n\n<h3 class=\"wp-block-heading\"><strong>HAVI Logistics Kft.<\/strong><\/h3>\n\n\n\n<p>A komplex logisztikai szolg\u00e1ltat\u00e1sokat ny\u00fajt\u00f3 HAVI Logistics Kft. f\u0151k\u00e9nt \u00e9lelmiszer logisztik\u00e1val foglalkozik. A megv\u00e1ltozott munkak\u00e9pess\u00e9g\u0171 szem\u00e9lyek foglalkoztat\u00e1sa ter\u00fclet\u00e9n megval\u00f3s\u00edtott eredm\u00e9nyei elismer\u00e9sek\u00e9nt 2018-ban harmadik alkalommal nyerte el a Fogyat\u00e9koss\u00e1g-bar\u00e1t Munkahely elismer\u00e9st. Foglalkoztat\u00e1si gyakorlataik a l\u00e9tsz\u00e1m b\u0151v\u00edt\u00e9se mellett f\u0151k\u00e9nt a hall\u00e1ss\u00e9r\u00fcltek sz\u00e1m\u00e1ra t\u00f6rt\u00e9n\u0151 akad\u00e1lymentess\u00e9g megteremt\u00e9s\u00e9t \u00e9s foglalkoztat\u00e1si modellj\u00fck n\u00e9pszer\u0171s\u00edt\u00e9s\u00e9t \u00e9rintik. A c\u00e9g k\u00fcls\u0151 kommunik\u00e1ci\u00f3j\u00e1ban is nagy hangs\u00falyt helyez j\u00f3 gyakorlatainak terjeszt\u00e9s\u00e9re. Az elm\u00falt ciklusban egyetemeken, hazai \u00e9s nemzetk\u00f6zi konferenci\u00e1kon is n\u00e9pszer\u0171s\u00edtett\u00e9k a Fogyat\u00e9koss\u00e1g-bar\u00e1t Munkahely d\u00edj keret\u00e9ben megval\u00f3sul\u00f3 programjaikat. Emellett n\u00e9pszer\u0171s\u00edt\u0151 kamp\u00e1nyt tartottak \u00faj partnereik r\u00e9sz\u00e9re, melynek sor\u00e1n bemutatt\u00e1k foglalkoztat\u00e1si modellj\u00fcket, valamint azokat a konkr\u00e9t munkater\u00fcleteket, ahol megv\u00e1ltozott munkak\u00e9pess\u00e9g\u0171 munkav\u00e1llal\u00f3k dolgoznak.&nbsp;&nbsp;<\/p>\n\n\n\n<h3 class=\"wp-block-heading\"><strong>Egy sima egy ford\u00edtott &#8211; Egyes\u00fclet az inkl\u00fazi\u00f3\u00e9rt<\/strong><\/h3>\n\n\n\n<p>Az <a href=\"https:\/\/www.egysimaegyforditott.com\/\" target=\"_blank\" rel=\"noreferrer noopener\">Egy sima egy ford\u00edtott Egyes\u00fclet<\/a> az egyik legnehezebb ter\u00fcleten, a fejekben t\u00f6rt\u00e9n\u0151 akad\u00e1lymentes\u00edt\u00e9st t\u0171zte ki c\u00e9lul. Az Egyes\u00fclet egy elfogad\u00f3bb \u00e9s nyitottabb vil\u00e1g\u00e9rt dolgozik, ha fogyat\u00e9kos gyerekekr\u0151l, emberekr\u0151l van sz\u00f3. Feladatuk a k\u00f6z\u00f6ss\u00e9g\u00e9p\u00edt\u00e9s, az oktat\u00e1s, a j\u00e1t\u00e9k \u00e9s a besz\u00e9lget\u00e9sek lehet\u0151s\u00e9g\u00e9nek megteremt\u00e9se. Ezt mind annak \u00e9rdek\u00e9ben teszik, hogy a sok \u00e1tadott \u00e9s megtapasztalt inform\u00e1ci\u00f3 \u00e9s \u00e9lm\u00e9ny seg\u00edts\u00e9g\u00e9vel megmutass\u00e1k, hogy mindenkivel lehet kapcsol\u00f3dni, kommunik\u00e1lni \u00e9s ak\u00e1r j\u00e1tszani, dolgozni vagy bar\u00e1tkozni is.<\/p>\n\n\n\n<h3 class=\"wp-block-heading\"><strong>Bovier Gy\u00f6rgy &#8211; influenszer, sportol\u00f3, tr\u00e9ner<\/strong><\/h3>\n\n\n\n<p>Bovier Gy\u00f6rgy 2002-ben egy aut\u00f3balesetben s\u00e9r\u00fclt meg, melynek k\u00f6vetkezt\u00e9ben az\u00f3ta kerekessz\u00e9ket haszn\u00e1l. A balesete el\u0151tt versenyszer\u0171en k\u00e9zilabd\u00e1zott. 2013-ban ismerkedett meg a kerekessz\u00e9kes tenisszel, 2016-ban lett a magyar kerekessz\u00e9kes tenisz-v\u00e1logatott kerettagja. A Budapest \u2013 Bamako rally els\u0151 kerekessz\u00e9kes r\u00e9sztvev\u0151jek\u00e9nt indult. A sport \u00e9s munk\u00e1ja mellett saj\u00e1t motiv\u00e1ci\u00f3s el\u0151ad\u00e1sokat, integr\u00e1ci\u00f3s tr\u00e9ningeket tart k\u00fcl\u00f6nb\u00f6z\u0151 v\u00e1llalatokn\u00e1l, valamint iskol\u00e1kban. T\u00f6bb integr\u00e1ci\u00f3s kamp\u00e1ny arca \u00e9s szervez\u0151je, kend\u0151zetlen\u00fcl \u00e9s humorral t\u00e1rs\u00edtva tud mes\u00e9lni arr\u00f3l, mik\u00e9nt v\u00e1ltozott meg az \u00e9lete.&nbsp;<\/p>\n\n\n\n<p><em>Forr\u00e1s: Budapest Int\u00e9zet, bp, MEF, Egy sima egy ford\u00edtott, Magyar Paralimpiai Bizotts\u00e1g<\/em><\/p>","protected":false},"excerpt":{"rendered":"<p>M\u00e1r csak egy nap van h\u00e1tra A diverzit\u00e1s a Te \u00fcgyed is! &#8211; Workshop az inkluz\u00edv munkahelyek\u00e9rt c\u00edm\u0171 online esem\u00e9nyig, amit a Munk\u00e1ltat\u00f3k Es\u00e9lyegyenl\u0151s\u00e9gi F\u00f3rum\u00e1val \u00e9s a Salva Vita Alap\u00edtv\u00e1nnyal k\u00f6z\u00f6sen szervez\u00fcnk. Addig is ismerj\u00e9tek meg megh\u00edvott vend\u00e9geinket kicsit k\u00f6zelebbr\u0151l! Budapest Int\u00e9zet A Budapest Int\u00e9zet 2008 november\u00e9ben alakult fiatal, elm\u00e9leti \u00e9s gyakorlati tud\u00e1ssal, korm\u00e1nyzati \u00e9s [&hellip;]<\/p>","protected":false},"author":1,"featured_media":4267,"comment_status":"closed","ping_status":"closed","sticky":false,"template":"","format":"standard","meta":{"footnotes":""},"categories":[74,10,76],"tags":[],"class_list":["post-4288","post","type-post","status-publish","format-standard","has-post-thumbnail","hentry","category-szivugyunk","category-blog","category-kozlemeny"],"yoast_head":"<!-- This site is optimized with the Yoast SEO plugin v23.8 - https:\/\/yoast.com\/wordpress\/plugins\/seo\/ -->\n<title>A diverzit\u00e1s a Te \u00fcgyed is! - Bemutatjuk megh\u00edvott vend\u00e9geinket - Access4you H\u00edrek<\/title>\n<meta name=\"robots\" content=\"index, follow, max-snippet:-1, max-image-preview:large, max-video-preview:-1\" \/>\n<link rel=\"canonical\" href=\"https:\/\/news.access4you.io\/en\/2021\/05\/26\/a-diverzitas-a-te-ugyed-is-bemutatjuk-meghivott-vendegeinket\/\" \/>\n<meta property=\"og:locale\" content=\"en_US\" \/>\n<meta property=\"og:type\" content=\"article\" \/>\n<meta property=\"og:title\" content=\"A diverzit\u00e1s a Te \u00fcgyed is! - Bemutatjuk megh\u00edvott vend\u00e9geinket - Access4you H\u00edrek\" \/>\n<meta property=\"og:description\" content=\"M\u00e1r csak egy nap van h\u00e1tra A diverzit\u00e1s a Te \u00fcgyed is! &#8211; Workshop az inkluz\u00edv munkahelyek\u00e9rt c\u00edm\u0171 online esem\u00e9nyig, amit a Munk\u00e1ltat\u00f3k Es\u00e9lyegyenl\u0151s\u00e9gi F\u00f3rum\u00e1val \u00e9s a Salva Vita Alap\u00edtv\u00e1nnyal k\u00f6z\u00f6sen szervez\u00fcnk. Addig is ismerj\u00e9tek meg megh\u00edvott vend\u00e9geinket kicsit k\u00f6zelebbr\u0151l! Budapest Int\u00e9zet A Budapest Int\u00e9zet 2008 november\u00e9ben alakult fiatal, elm\u00e9leti \u00e9s gyakorlati tud\u00e1ssal, korm\u00e1nyzati \u00e9s [&hellip;]\" \/>\n<meta property=\"og:url\" content=\"https:\/\/news.access4you.io\/en\/2021\/05\/26\/a-diverzitas-a-te-ugyed-is-bemutatjuk-meghivott-vendegeinket\/\" \/>\n<meta property=\"og:site_name\" content=\"Access4you H\u00edrek\" \/>\n<meta property=\"article:published_time\" content=\"2021-05-26T12:52:16+00:00\" \/>\n<meta property=\"article:modified_time\" content=\"2021-05-26T16:46:55+00:00\" \/>\n<meta property=\"og:image\" content=\"https:\/\/news.access4you.io\/wp-content\/uploads\/2021\/05\/MEF-Facebook-Event-cover-2.png\" \/>\n\t<meta property=\"og:image:width\" content=\"1920\" \/>\n\t<meta property=\"og:image:height\" content=\"1080\" \/>\n\t<meta property=\"og:image:type\" content=\"image\/png\" \/>\n<meta name=\"author\" content=\"access4you\" \/>\n<meta name=\"twitter:card\" content=\"summary_large_image\" \/>\n<meta name=\"twitter:label1\" content=\"Written by\" \/>\n\t<meta name=\"twitter:data1\" content=\"access4you\" \/>\n\t<meta name=\"twitter:label2\" content=\"Est. reading time\" \/>\n\t<meta name=\"twitter:data2\" content=\"5 minutes\" \/>\n<script type=\"application\/ld+json\" class=\"yoast-schema-graph\">{\"@context\":\"https:\/\/schema.org\",\"@graph\":[{\"@type\":\"Article\",\"@id\":\"https:\/\/news.access4you.io\/2021\/05\/26\/a-diverzitas-a-te-ugyed-is-bemutatjuk-meghivott-vendegeinket\/#article\",\"isPartOf\":{\"@id\":\"https:\/\/news.access4you.io\/2021\/05\/26\/a-diverzitas-a-te-ugyed-is-bemutatjuk-meghivott-vendegeinket\/\"},\"author\":{\"name\":\"access4you\",\"@id\":\"https:\/\/news.access4you.io\/#\/schema\/person\/cb4fff088aa5f5f43a6f4ce3a1e2e084\"},\"headline\":\"A diverzit\u00e1s a Te \u00fcgyed is! &#8211; Bemutatjuk megh\u00edvott vend\u00e9geinket\",\"datePublished\":\"2021-05-26T12:52:16+00:00\",\"dateModified\":\"2021-05-26T16:46:55+00:00\",\"mainEntityOfPage\":{\"@id\":\"https:\/\/news.access4you.io\/2021\/05\/26\/a-diverzitas-a-te-ugyed-is-bemutatjuk-meghivott-vendegeinket\/\"},\"wordCount\":961,\"publisher\":{\"@id\":\"https:\/\/news.access4you.io\/#organization\"},\"image\":{\"@id\":\"https:\/\/news.access4you.io\/2021\/05\/26\/a-diverzitas-a-te-ugyed-is-bemutatjuk-meghivott-vendegeinket\/#primaryimage\"},\"thumbnailUrl\":\"https:\/\/news.access4you.io\/wp-content\/uploads\/2021\/05\/MEF-Facebook-Event-cover-2.png\",\"articleSection\":[\"Sz\u00edv\u00fcgy\u00fcnk\",\"Blog\",\"K\u00f6zlem\u00e9ny\"],\"inLanguage\":\"en-US\"},{\"@type\":\"WebPage\",\"@id\":\"https:\/\/news.access4you.io\/2021\/05\/26\/a-diverzitas-a-te-ugyed-is-bemutatjuk-meghivott-vendegeinket\/\",\"url\":\"https:\/\/news.access4you.io\/2021\/05\/26\/a-diverzitas-a-te-ugyed-is-bemutatjuk-meghivott-vendegeinket\/\",\"name\":\"A diverzit\u00e1s a Te \u00fcgyed is! - Bemutatjuk megh\u00edvott vend\u00e9geinket - Access4you H\u00edrek\",\"isPartOf\":{\"@id\":\"https:\/\/news.access4you.io\/#website\"},\"primaryImageOfPage\":{\"@id\":\"https:\/\/news.access4you.io\/2021\/05\/26\/a-diverzitas-a-te-ugyed-is-bemutatjuk-meghivott-vendegeinket\/#primaryimage\"},\"image\":{\"@id\":\"https:\/\/news.access4you.io\/2021\/05\/26\/a-diverzitas-a-te-ugyed-is-bemutatjuk-meghivott-vendegeinket\/#primaryimage\"},\"thumbnailUrl\":\"https:\/\/news.access4you.io\/wp-content\/uploads\/2021\/05\/MEF-Facebook-Event-cover-2.png\",\"datePublished\":\"2021-05-26T12:52:16+00:00\",\"dateModified\":\"2021-05-26T16:46:55+00:00\",\"breadcrumb\":{\"@id\":\"https:\/\/news.access4you.io\/2021\/05\/26\/a-diverzitas-a-te-ugyed-is-bemutatjuk-meghivott-vendegeinket\/#breadcrumb\"},\"inLanguage\":\"en-US\",\"potentialAction\":[{\"@type\":\"ReadAction\",\"target\":[\"https:\/\/news.access4you.io\/2021\/05\/26\/a-diverzitas-a-te-ugyed-is-bemutatjuk-meghivott-vendegeinket\/\"]}]},{\"@type\":\"ImageObject\",\"inLanguage\":\"en-US\",\"@id\":\"https:\/\/news.access4you.io\/2021\/05\/26\/a-diverzitas-a-te-ugyed-is-bemutatjuk-meghivott-vendegeinket\/#primaryimage\",\"url\":\"https:\/\/news.access4you.io\/wp-content\/uploads\/2021\/05\/MEF-Facebook-Event-cover-2.png\",\"contentUrl\":\"https:\/\/news.access4you.io\/wp-content\/uploads\/2021\/05\/MEF-Facebook-Event-cover-2.png\",\"width\":1920,\"height\":1080},{\"@type\":\"BreadcrumbList\",\"@id\":\"https:\/\/news.access4you.io\/2021\/05\/26\/a-diverzitas-a-te-ugyed-is-bemutatjuk-meghivott-vendegeinket\/#breadcrumb\",\"itemListElement\":[{\"@type\":\"ListItem\",\"position\":1,\"name\":\"Kezd\u0151lap\",\"item\":\"https:\/\/news.access4you.io\/\"},{\"@type\":\"ListItem\",\"position\":2,\"name\":\"A diverzit\u00e1s a Te \u00fcgyed is! &#8211; Bemutatjuk megh\u00edvott vend\u00e9geinket\"}]},{\"@type\":\"WebSite\",\"@id\":\"https:\/\/news.access4you.io\/#website\",\"url\":\"https:\/\/news.access4you.io\/\",\"name\":\"Access4you H\u00edrek\",\"description\":\"\",\"publisher\":{\"@id\":\"https:\/\/news.access4you.io\/#organization\"},\"potentialAction\":[{\"@type\":\"SearchAction\",\"target\":{\"@type\":\"EntryPoint\",\"urlTemplate\":\"https:\/\/news.access4you.io\/?s={search_term_string}\"},\"query-input\":{\"@type\":\"PropertyValueSpecification\",\"valueRequired\":true,\"valueName\":\"search_term_string\"}}],\"inLanguage\":\"en-US\"},{\"@type\":\"Organization\",\"@id\":\"https:\/\/news.access4you.io\/#organization\",\"name\":\"Access4you H\u00edrek\",\"url\":\"https:\/\/news.access4you.io\/\",\"logo\":{\"@type\":\"ImageObject\",\"inLanguage\":\"en-US\",\"@id\":\"https:\/\/news.access4you.io\/#\/schema\/logo\/image\/\",\"url\":\"https:\/\/news.access4you.io\/wp-content\/uploads\/2021\/01\/a4u-logo-black.png\",\"contentUrl\":\"https:\/\/news.access4you.io\/wp-content\/uploads\/2021\/01\/a4u-logo-black.png\",\"width\":726,\"height\":454,\"caption\":\"Access4you H\u00edrek\"},\"image\":{\"@id\":\"https:\/\/news.access4you.io\/#\/schema\/logo\/image\/\"}},{\"@type\":\"Person\",\"@id\":\"https:\/\/news.access4you.io\/#\/schema\/person\/cb4fff088aa5f5f43a6f4ce3a1e2e084\",\"name\":\"access4you\",\"image\":{\"@type\":\"ImageObject\",\"inLanguage\":\"en-US\",\"@id\":\"https:\/\/news.access4you.io\/#\/schema\/person\/image\/\",\"url\":\"https:\/\/secure.gravatar.com\/avatar\/9795a8b3afc7ed258d167a92dbb1075b37bab5bc83b1ac9182ff4f58c22040b8?s=96&d=mm&r=g\",\"contentUrl\":\"https:\/\/secure.gravatar.com\/avatar\/9795a8b3afc7ed258d167a92dbb1075b37bab5bc83b1ac9182ff4f58c22040b8?s=96&d=mm&r=g\",\"caption\":\"access4you\"},\"sameAs\":[\"http:\/\/localhost\/access4you\"],\"url\":\"https:\/\/news.access4you.io\/en\/author\/access4you\/\"}]}<\/script>\n<!-- \/ Yoast SEO plugin. -->","yoast_head_json":{"title":"A diverzit\u00e1s a Te \u00fcgyed is! - Bemutatjuk megh\u00edvott vend\u00e9geinket - Access4you H\u00edrek","robots":{"index":"index","follow":"follow","max-snippet":"max-snippet:-1","max-image-preview":"max-image-preview:large","max-video-preview":"max-video-preview:-1"},"canonical":"https:\/\/news.access4you.io\/en\/2021\/05\/26\/a-diverzitas-a-te-ugyed-is-bemutatjuk-meghivott-vendegeinket\/","og_locale":"en_US","og_type":"article","og_title":"A diverzit\u00e1s a Te \u00fcgyed is! - Bemutatjuk megh\u00edvott vend\u00e9geinket - Access4you H\u00edrek","og_description":"M\u00e1r csak egy nap van h\u00e1tra A diverzit\u00e1s a Te \u00fcgyed is! &#8211; Workshop az inkluz\u00edv munkahelyek\u00e9rt c\u00edm\u0171 online esem\u00e9nyig, amit a Munk\u00e1ltat\u00f3k Es\u00e9lyegyenl\u0151s\u00e9gi F\u00f3rum\u00e1val \u00e9s a Salva Vita Alap\u00edtv\u00e1nnyal k\u00f6z\u00f6sen szervez\u00fcnk. Addig is ismerj\u00e9tek meg megh\u00edvott vend\u00e9geinket kicsit k\u00f6zelebbr\u0151l! Budapest Int\u00e9zet A Budapest Int\u00e9zet 2008 november\u00e9ben alakult fiatal, elm\u00e9leti \u00e9s gyakorlati tud\u00e1ssal, korm\u00e1nyzati \u00e9s [&hellip;]","og_url":"https:\/\/news.access4you.io\/en\/2021\/05\/26\/a-diverzitas-a-te-ugyed-is-bemutatjuk-meghivott-vendegeinket\/","og_site_name":"Access4you H\u00edrek","article_published_time":"2021-05-26T12:52:16+00:00","article_modified_time":"2021-05-26T16:46:55+00:00","og_image":[{"width":1920,"height":1080,"url":"https:\/\/news.access4you.io\/wp-content\/uploads\/2021\/05\/MEF-Facebook-Event-cover-2.png","type":"image\/png"}],"author":"access4you","twitter_card":"summary_large_image","twitter_misc":{"Written by":"access4you","Est. reading time":"5 minutes"},"schema":{"@context":"https:\/\/schema.org","@graph":[{"@type":"Article","@id":"https:\/\/news.access4you.io\/2021\/05\/26\/a-diverzitas-a-te-ugyed-is-bemutatjuk-meghivott-vendegeinket\/#article","isPartOf":{"@id":"https:\/\/news.access4you.io\/2021\/05\/26\/a-diverzitas-a-te-ugyed-is-bemutatjuk-meghivott-vendegeinket\/"},"author":{"name":"access4you","@id":"https:\/\/news.access4you.io\/#\/schema\/person\/cb4fff088aa5f5f43a6f4ce3a1e2e084"},"headline":"A diverzit\u00e1s a Te \u00fcgyed is! &#8211; Bemutatjuk megh\u00edvott vend\u00e9geinket","datePublished":"2021-05-26T12:52:16+00:00","dateModified":"2021-05-26T16:46:55+00:00","mainEntityOfPage":{"@id":"https:\/\/news.access4you.io\/2021\/05\/26\/a-diverzitas-a-te-ugyed-is-bemutatjuk-meghivott-vendegeinket\/"},"wordCount":961,"publisher":{"@id":"https:\/\/news.access4you.io\/#organization"},"image":{"@id":"https:\/\/news.access4you.io\/2021\/05\/26\/a-diverzitas-a-te-ugyed-is-bemutatjuk-meghivott-vendegeinket\/#primaryimage"},"thumbnailUrl":"https:\/\/news.access4you.io\/wp-content\/uploads\/2021\/05\/MEF-Facebook-Event-cover-2.png","articleSection":["Sz\u00edv\u00fcgy\u00fcnk","Blog","K\u00f6zlem\u00e9ny"],"inLanguage":"en-US"},{"@type":"WebPage","@id":"https:\/\/news.access4you.io\/2021\/05\/26\/a-diverzitas-a-te-ugyed-is-bemutatjuk-meghivott-vendegeinket\/","url":"https:\/\/news.access4you.io\/2021\/05\/26\/a-diverzitas-a-te-ugyed-is-bemutatjuk-meghivott-vendegeinket\/","name":"A diverzit\u00e1s a Te \u00fcgyed is! - Bemutatjuk megh\u00edvott vend\u00e9geinket - Access4you H\u00edrek","isPartOf":{"@id":"https:\/\/news.access4you.io\/#website"},"primaryImageOfPage":{"@id":"https:\/\/news.access4you.io\/2021\/05\/26\/a-diverzitas-a-te-ugyed-is-bemutatjuk-meghivott-vendegeinket\/#primaryimage"},"image":{"@id":"https:\/\/news.access4you.io\/2021\/05\/26\/a-diverzitas-a-te-ugyed-is-bemutatjuk-meghivott-vendegeinket\/#primaryimage"},"thumbnailUrl":"https:\/\/news.access4you.io\/wp-content\/uploads\/2021\/05\/MEF-Facebook-Event-cover-2.png","datePublished":"2021-05-26T12:52:16+00:00","dateModified":"2021-05-26T16:46:55+00:00","breadcrumb":{"@id":"https:\/\/news.access4you.io\/2021\/05\/26\/a-diverzitas-a-te-ugyed-is-bemutatjuk-meghivott-vendegeinket\/#breadcrumb"},"inLanguage":"en-US","potentialAction":[{"@type":"ReadAction","target":["https:\/\/news.access4you.io\/2021\/05\/26\/a-diverzitas-a-te-ugyed-is-bemutatjuk-meghivott-vendegeinket\/"]}]},{"@type":"ImageObject","inLanguage":"en-US","@id":"https:\/\/news.access4you.io\/2021\/05\/26\/a-diverzitas-a-te-ugyed-is-bemutatjuk-meghivott-vendegeinket\/#primaryimage","url":"https:\/\/news.access4you.io\/wp-content\/uploads\/2021\/05\/MEF-Facebook-Event-cover-2.png","contentUrl":"https:\/\/news.access4you.io\/wp-content\/uploads\/2021\/05\/MEF-Facebook-Event-cover-2.png","width":1920,"height":1080},{"@type":"BreadcrumbList","@id":"https:\/\/news.access4you.io\/2021\/05\/26\/a-diverzitas-a-te-ugyed-is-bemutatjuk-meghivott-vendegeinket\/#breadcrumb","itemListElement":[{"@type":"ListItem","position":1,"name":"Kezd\u0151lap","item":"https:\/\/news.access4you.io\/"},{"@type":"ListItem","position":2,"name":"A diverzit\u00e1s a Te \u00fcgyed is! &#8211; Bemutatjuk megh\u00edvott vend\u00e9geinket"}]},{"@type":"WebSite","@id":"https:\/\/news.access4you.io\/#website","url":"https:\/\/news.access4you.io\/","name":"Access4you H\u00edrek","description":"","publisher":{"@id":"https:\/\/news.access4you.io\/#organization"},"potentialAction":[{"@type":"SearchAction","target":{"@type":"EntryPoint","urlTemplate":"https:\/\/news.access4you.io\/?s={search_term_string}"},"query-input":{"@type":"PropertyValueSpecification","valueRequired":true,"valueName":"search_term_string"}}],"inLanguage":"en-US"},{"@type":"Organization","@id":"https:\/\/news.access4you.io\/#organization","name":"Access4you H\u00edrek","url":"https:\/\/news.access4you.io\/","logo":{"@type":"ImageObject","inLanguage":"en-US","@id":"https:\/\/news.access4you.io\/#\/schema\/logo\/image\/","url":"https:\/\/news.access4you.io\/wp-content\/uploads\/2021\/01\/a4u-logo-black.png","contentUrl":"https:\/\/news.access4you.io\/wp-content\/uploads\/2021\/01\/a4u-logo-black.png","width":726,"height":454,"caption":"Access4you H\u00edrek"},"image":{"@id":"https:\/\/news.access4you.io\/#\/schema\/logo\/image\/"}},{"@type":"Person","@id":"https:\/\/news.access4you.io\/#\/schema\/person\/cb4fff088aa5f5f43a6f4ce3a1e2e084","name":"access4you","image":{"@type":"ImageObject","inLanguage":"en-US","@id":"https:\/\/news.access4you.io\/#\/schema\/person\/image\/","url":"https:\/\/secure.gravatar.com\/avatar\/9795a8b3afc7ed258d167a92dbb1075b37bab5bc83b1ac9182ff4f58c22040b8?s=96&d=mm&r=g","contentUrl":"https:\/\/secure.gravatar.com\/avatar\/9795a8b3afc7ed258d167a92dbb1075b37bab5bc83b1ac9182ff4f58c22040b8?s=96&d=mm&r=g","caption":"access4you"},"sameAs":["http:\/\/localhost\/access4you"],"url":"https:\/\/news.access4you.io\/en\/author\/access4you\/"}]}},"_links":{"self":[{"href":"https:\/\/news.access4you.io\/en\/wp-json\/wp\/v2\/posts\/4288","targetHints":{"allow":["GET"]}}],"collection":[{"href":"https:\/\/news.access4you.io\/en\/wp-json\/wp\/v2\/posts"}],"about":[{"href":"https:\/\/news.access4you.io\/en\/wp-json\/wp\/v2\/types\/post"}],"author":[{"embeddable":true,"href":"https:\/\/news.access4you.io\/en\/wp-json\/wp\/v2\/users\/1"}],"replies":[{"embeddable":true,"href":"https:\/\/news.access4you.io\/en\/wp-json\/wp\/v2\/comments?post=4288"}],"version-history":[{"count":0,"href":"https:\/\/news.access4you.io\/en\/wp-json\/wp\/v2\/posts\/4288\/revisions"}],"wp:featuredmedia":[{"embeddable":true,"href":"https:\/\/news.access4you.io\/en\/wp-json\/wp\/v2\/media\/4267"}],"wp:attachment":[{"href":"https:\/\/news.access4you.io\/en\/wp-json\/wp\/v2\/media?parent=4288"}],"wp:term":[{"taxonomy":"category","embeddable":true,"href":"https:\/\/news.access4you.io\/en\/wp-json\/wp\/v2\/categories?post=4288"},{"taxonomy":"post_tag","embeddable":true,"href":"https:\/\/news.access4you.io\/en\/wp-json\/wp\/v2\/tags?post=4288"}],"curies":[{"name":"wp","href":"https:\/\/api.w.org\/{rel}","templated":true}]}}