{"id":4292,"date":"2021-05-27T11:35:09","date_gmt":"2021-05-27T11:35:09","guid":{"rendered":"http:\/\/news.access4you.io\/?p=4292"},"modified":"2021-05-27T11:35:11","modified_gmt":"2021-05-27T11:35:11","slug":"a-sport-es-a-szurkolas-orome-legyen-mindenkie-a-magyar-paralimpiai-bizottsag-es-az-access4you-kozos-programja","status":"publish","type":"post","link":"https:\/\/news.access4you.io\/en\/2021\/05\/27\/a-sport-es-a-szurkolas-orome-legyen-mindenkie-a-magyar-paralimpiai-bizottsag-es-az-access4you-kozos-programja\/","title":{"rendered":"A sport \u00e9s a szurkol\u00e1s \u00f6r\u00f6me legyen mindenki\u00e9: a Magyar Paralimpiai Bizotts\u00e1g \u00e9s az Access4you k\u00f6z\u00f6s programja"},"content":{"rendered":"<p><strong>A Magyar Paralimpiai Bizotts\u00e1g \u00e9s az Access4you nemr\u00e9g indult egy\u00fcttm\u0171k\u00f6d\u00e9s\u00e9vel k\u00e9t hazai sportl\u00e9tes\u00edtm\u00e9ny kapott akad\u00e1lymentes tan\u00fas\u00edt\u00e1st. A tan\u00fas\u00edt\u00e1s c\u00e9lja, hogy a speci\u00e1lis ig\u00e9ny\u0171 (k\u00f6z\u00f6tt\u00fck a fogyat\u00e9koss\u00e1ggal \u00e9l\u0151) profi \u00e9s amat\u0151r sportol\u00f3k r\u00e9szletes inform\u00e1ci\u00f3t kapjanak egy sporthelysz\u00edn akad\u00e1lymentess\u00e9g\u00e9r\u0151l \u00e9s bizalommal keressenek fel \u00faj helysz\u00edneket \u00e9s \u00faj lehet\u0151s\u00e9geket.<\/strong><\/p>\n\n\n\n<p>A program eredm\u00e9nyek\u00e9nt eddig a k\u0151b\u00e1nyai\u00a0<a href=\"https:\/\/access4you.io\/places\/830114\/details\" target=\"_blank\" rel=\"noreferrer noopener\">Kocsis S\u00e1ndor Sportk\u00f6zpont Bihari \u00fati Sporttelep\u00e9r\u0151l<\/a>, valamint a h\u00f3dmez\u0151v\u00e1s\u00e1rhelyi\u00a0<a href=\"https:\/\/access4you.io\/places\/830110\/details\" target=\"_blank\" rel=\"noreferrer noopener\">Gyarmati Dezs\u0151 Sportuszod\u00e1r\u00f3l<\/a>\u00a0v\u00e1lt el\u00e9rhet\u0151v\u00e9 egy r\u00e9szletes inform\u00e1ci\u00f3s adatb\u00e1zis, de a szervez\u0151k tov\u00e1bbi sporthelysz\u00ednek tan\u00fas\u00edt\u00e1s\u00e1t k\u00e9sz\u00edtik el\u0151.<\/p>\n\n\n\n<p>A Magyar Paralimpiai Bizotts\u00e1g \u00e9s az Access4you egy\u00fcttm\u0171k\u00f6d\u00e9s\u00e9nek c\u00e9lja minden \u00e9rintett sz\u00e1m\u00e1ra biztos\u00edtani a lehet\u0151s\u00e9get, hogy akt\u00edv, eg\u00e9szs\u00e9ges \u00e9letet \u00e9ljenek, valamint sportrendezv\u00e9ny eset\u00e9n a szurkol\u00f3i k\u00f6z\u00f6ss\u00e9g r\u00e9szesei lehessenek. A fogyat\u00e9koss\u00e1ggal \u00e9l\u0151 emberek gyakran esnek \u00e1ldozat\u00e1ul annak az el\u0151\u00edt\u00e9letnek, miszerint megv\u00e1ltozott mozg\u00e1s-, l\u00e1t\u00e1s-, vagy hall\u00e1s k\u00e9pess\u00e9g\u00fck, esetleg valamilyen kognit\u00edv zavar miatt nincs sz\u00fcks\u00e9g\u00fck sporttev\u00e9kenys\u00e9gre, vagy nem k\u00e9pesek az akt\u00edv \u00e9letm\u00f3d fenntart\u00e1s\u00e1ra. A val\u00f3s\u00e1g ezzel szemben az, hogy a t\u00f6bbs\u00e9g\u00fck sz\u00e1m\u00e1ra az eg\u00e9szs\u00e9gmeg\u0151rz\u00e9s \u00e9s az akt\u00edv \u00e9let szeretete, tov\u00e1bb\u00e1 a k\u00f6z\u00f6ss\u00e9gi \u00e9lm\u00e9ny a teljes \u00e9let r\u00e9sz\u00e9t k\u00e9pezi, \u00edgy keresik a lehet\u0151s\u00e9get egy\u00e9ni vagy csapat sportol\u00e1si tev\u00e9kenys\u00e9gre. S\u0151t, nem ritk\u00e1n profi parasportol\u00f3v\u00e1 v\u00e1lnak.<\/p>\n\n\n\n<p>Szab\u00f3 L\u00e1szl\u00f3, az MPB eln\u00f6ke \u00edgy v\u00e9lekedik a digitaliz\u00e1ci\u00f3 szerep\u00e9r\u0151l a speci\u00e1lis ig\u00e9ny\u0171 emberek \u00e9let\u00e9ben: \u201e<em>Abban a korszakban \u00e9l\u00fcnk, amikor a technol\u00f3gia seg\u00edts\u00e9g\u00e9vel k\u00e9pesek vagyunk \u00e9leteket megv\u00e1ltoztatni. A Magyar Paralimpiai Bizotts\u00e1g mindig kereste ezeket a lehet\u0151s\u00e9geket \u00e9s rendk\u00edv\u00fcl b\u00fcszk\u00e9k vagyunk arra, hogy egyre t\u00f6bb speci\u00e1lis ig\u00e9ny\u0171 emberhez jut el a sportol\u00e1s \u00e9s a szurkol\u00e1s, valamint megannyi m\u00e1s esem\u00e9ny \u00e9lm\u00e9nye. Ennek a folyamatnak \u00fajabb m\u00e9rf\u00f6ldk\u00f6v\u00e9hez jutottunk annak az egy\u00fcttm\u0171k\u00f6d\u00e9snek k\u00f6sz\u00f6nhet\u0151en, amelyet az Access4you csapat\u00e1val ind\u00edtottunk<\/em>.&#8221;<\/p>\n\n\n\n<p><em>&#8222;A sport \u00e9s a testmozg\u00e1s a testnek \u00e9s l\u00e9leknek \u00f6nbizalmat ad, egyr\u00e9szt a k\u00f6z\u00f6ss\u00e9ghez tartoz\u00e1s, m\u00e1sr\u00e9szt a sportban el\u00e9rhet\u0151 sikerek miatt. Erre minden embernek, legyen \u00e9p vagy speci\u00e1lis ig\u00e9ny\u0171, sz\u00fcks\u00e9ge van. Mi azt szeretn\u00e9nk el\u00e9rni, hogy a sport \u00e9s a szurkol\u00e1s is egy inkluz\u00edv \u00e9lm\u00e9nny\u00e9 v\u00e1ljon, \u00e9s mindenki sportnemzet\u00fcnk k\u00f6z\u00f6ss\u00e9g\u00e9hez tartozhasson<\/em>.&#8221; &#8211; mondja Berecz Bal\u00e1zs, az Access4you alap\u00edt\u00f3ja az MPB-vel val\u00f3 egy\u00fcttm\u0171k\u00f6d\u00e9sr\u0151l.<\/p>","protected":false},"excerpt":{"rendered":"<p>A Magyar Paralimpiai Bizotts\u00e1g \u00e9s az Access4you nemr\u00e9g indult egy\u00fcttm\u0171k\u00f6d\u00e9s\u00e9vel k\u00e9t hazai sportl\u00e9tes\u00edtm\u00e9ny kapott akad\u00e1lymentes tan\u00fas\u00edt\u00e1st. A tan\u00fas\u00edt\u00e1s c\u00e9lja, hogy a speci\u00e1lis ig\u00e9ny\u0171 (k\u00f6z\u00f6tt\u00fck a fogyat\u00e9koss\u00e1ggal \u00e9l\u0151) profi \u00e9s amat\u0151r sportol\u00f3k r\u00e9szletes inform\u00e1ci\u00f3t kapjanak egy sporthelysz\u00edn akad\u00e1lymentess\u00e9g\u00e9r\u0151l \u00e9s bizalommal keressenek fel \u00faj helysz\u00edneket \u00e9s \u00faj lehet\u0151s\u00e9geket. A program eredm\u00e9nyek\u00e9nt eddig a k\u0151b\u00e1nyai\u00a0Kocsis S\u00e1ndor Sportk\u00f6zpont Bihari [&hellip;]<\/p>","protected":false},"author":1,"featured_media":4293,"comment_status":"closed","ping_status":"closed","sticky":false,"template":"","format":"standard","meta":{"footnotes":""},"categories":[75,74,76],"tags":[],"class_list":["post-4292","post","type-post","status-publish","format-standard","has-post-thumbnail","hentry","category-uj-hely","category-szivugyunk","category-kozlemeny"],"yoast_head":"<!-- This site is optimized with the Yoast SEO plugin v23.8 - https:\/\/yoast.com\/wordpress\/plugins\/seo\/ -->\n<title>A sport \u00e9s a szurkol\u00e1s \u00f6r\u00f6me legyen mindenki\u00e9: a Magyar Paralimpiai Bizotts\u00e1g \u00e9s az Access4you k\u00f6z\u00f6s programja - Access4you H\u00edrek<\/title>\n<meta name=\"robots\" content=\"index, follow, max-snippet:-1, max-image-preview:large, max-video-preview:-1\" \/>\n<link rel=\"canonical\" href=\"https:\/\/news.access4you.io\/en\/2021\/05\/27\/a-sport-es-a-szurkolas-orome-legyen-mindenkie-a-magyar-paralimpiai-bizottsag-es-az-access4you-kozos-programja\/\" \/>\n<meta property=\"og:locale\" content=\"en_US\" \/>\n<meta property=\"og:type\" content=\"article\" \/>\n<meta property=\"og:title\" content=\"A sport \u00e9s a szurkol\u00e1s \u00f6r\u00f6me legyen mindenki\u00e9: a Magyar Paralimpiai Bizotts\u00e1g \u00e9s az Access4you k\u00f6z\u00f6s programja - Access4you H\u00edrek\" \/>\n<meta property=\"og:description\" content=\"A Magyar Paralimpiai Bizotts\u00e1g \u00e9s az Access4you nemr\u00e9g indult egy\u00fcttm\u0171k\u00f6d\u00e9s\u00e9vel k\u00e9t hazai sportl\u00e9tes\u00edtm\u00e9ny kapott akad\u00e1lymentes tan\u00fas\u00edt\u00e1st. A tan\u00fas\u00edt\u00e1s c\u00e9lja, hogy a speci\u00e1lis ig\u00e9ny\u0171 (k\u00f6z\u00f6tt\u00fck a fogyat\u00e9koss\u00e1ggal \u00e9l\u0151) profi \u00e9s amat\u0151r sportol\u00f3k r\u00e9szletes inform\u00e1ci\u00f3t kapjanak egy sporthelysz\u00edn akad\u00e1lymentess\u00e9g\u00e9r\u0151l \u00e9s bizalommal keressenek fel \u00faj helysz\u00edneket \u00e9s \u00faj lehet\u0151s\u00e9geket. A program eredm\u00e9nyek\u00e9nt eddig a k\u0151b\u00e1nyai\u00a0Kocsis S\u00e1ndor Sportk\u00f6zpont Bihari [&hellip;]\" \/>\n<meta property=\"og:url\" content=\"https:\/\/news.access4you.io\/en\/2021\/05\/27\/a-sport-es-a-szurkolas-orome-legyen-mindenkie-a-magyar-paralimpiai-bizottsag-es-az-access4you-kozos-programja\/\" \/>\n<meta property=\"og:site_name\" content=\"Access4you H\u00edrek\" \/>\n<meta property=\"article:published_time\" content=\"2021-05-27T11:35:09+00:00\" \/>\n<meta property=\"article:modified_time\" content=\"2021-05-27T11:35:11+00:00\" \/>\n<meta property=\"og:image\" content=\"https:\/\/news.access4you.io\/wp-content\/uploads\/2021\/05\/image-9-1024x683.png\" \/>\n\t<meta property=\"og:image:width\" content=\"1024\" \/>\n\t<meta property=\"og:image:height\" content=\"683\" \/>\n\t<meta property=\"og:image:type\" content=\"image\/png\" \/>\n<meta name=\"author\" content=\"access4you\" \/>\n<meta name=\"twitter:card\" content=\"summary_large_image\" \/>\n<meta name=\"twitter:label1\" content=\"Written by\" \/>\n\t<meta name=\"twitter:data1\" content=\"access4you\" \/>\n\t<meta name=\"twitter:label2\" content=\"Est. reading time\" \/>\n\t<meta name=\"twitter:data2\" content=\"3 minutes\" \/>\n<script type=\"application\/ld+json\" class=\"yoast-schema-graph\">{\"@context\":\"https:\/\/schema.org\",\"@graph\":[{\"@type\":\"Article\",\"@id\":\"https:\/\/news.access4you.io\/2021\/05\/27\/a-sport-es-a-szurkolas-orome-legyen-mindenkie-a-magyar-paralimpiai-bizottsag-es-az-access4you-kozos-programja\/#article\",\"isPartOf\":{\"@id\":\"https:\/\/news.access4you.io\/2021\/05\/27\/a-sport-es-a-szurkolas-orome-legyen-mindenkie-a-magyar-paralimpiai-bizottsag-es-az-access4you-kozos-programja\/\"},\"author\":{\"name\":\"access4you\",\"@id\":\"https:\/\/news.access4you.io\/#\/schema\/person\/cb4fff088aa5f5f43a6f4ce3a1e2e084\"},\"headline\":\"A sport \u00e9s a szurkol\u00e1s \u00f6r\u00f6me legyen mindenki\u00e9: a Magyar Paralimpiai Bizotts\u00e1g \u00e9s az Access4you k\u00f6z\u00f6s programja\",\"datePublished\":\"2021-05-27T11:35:09+00:00\",\"dateModified\":\"2021-05-27T11:35:11+00:00\",\"mainEntityOfPage\":{\"@id\":\"https:\/\/news.access4you.io\/2021\/05\/27\/a-sport-es-a-szurkolas-orome-legyen-mindenkie-a-magyar-paralimpiai-bizottsag-es-az-access4you-kozos-programja\/\"},\"wordCount\":563,\"publisher\":{\"@id\":\"https:\/\/news.access4you.io\/#organization\"},\"image\":{\"@id\":\"https:\/\/news.access4you.io\/2021\/05\/27\/a-sport-es-a-szurkolas-orome-legyen-mindenkie-a-magyar-paralimpiai-bizottsag-es-az-access4you-kozos-programja\/#primaryimage\"},\"thumbnailUrl\":\"https:\/\/news.access4you.io\/wp-content\/uploads\/2021\/05\/image-9.png\",\"articleSection\":[\"\u00daj hely\",\"Sz\u00edv\u00fcgy\u00fcnk\",\"K\u00f6zlem\u00e9ny\"],\"inLanguage\":\"en-US\"},{\"@type\":\"WebPage\",\"@id\":\"https:\/\/news.access4you.io\/2021\/05\/27\/a-sport-es-a-szurkolas-orome-legyen-mindenkie-a-magyar-paralimpiai-bizottsag-es-az-access4you-kozos-programja\/\",\"url\":\"https:\/\/news.access4you.io\/2021\/05\/27\/a-sport-es-a-szurkolas-orome-legyen-mindenkie-a-magyar-paralimpiai-bizottsag-es-az-access4you-kozos-programja\/\",\"name\":\"A sport \u00e9s a szurkol\u00e1s \u00f6r\u00f6me legyen mindenki\u00e9: a Magyar Paralimpiai Bizotts\u00e1g \u00e9s az Access4you k\u00f6z\u00f6s programja - Access4you H\u00edrek\",\"isPartOf\":{\"@id\":\"https:\/\/news.access4you.io\/#website\"},\"primaryImageOfPage\":{\"@id\":\"https:\/\/news.access4you.io\/2021\/05\/27\/a-sport-es-a-szurkolas-orome-legyen-mindenkie-a-magyar-paralimpiai-bizottsag-es-az-access4you-kozos-programja\/#primaryimage\"},\"image\":{\"@id\":\"https:\/\/news.access4you.io\/2021\/05\/27\/a-sport-es-a-szurkolas-orome-legyen-mindenkie-a-magyar-paralimpiai-bizottsag-es-az-access4you-kozos-programja\/#primaryimage\"},\"thumbnailUrl\":\"https:\/\/news.access4you.io\/wp-content\/uploads\/2021\/05\/image-9.png\",\"datePublished\":\"2021-05-27T11:35:09+00:00\",\"dateModified\":\"2021-05-27T11:35:11+00:00\",\"breadcrumb\":{\"@id\":\"https:\/\/news.access4you.io\/2021\/05\/27\/a-sport-es-a-szurkolas-orome-legyen-mindenkie-a-magyar-paralimpiai-bizottsag-es-az-access4you-kozos-programja\/#breadcrumb\"},\"inLanguage\":\"en-US\",\"potentialAction\":[{\"@type\":\"ReadAction\",\"target\":[\"https:\/\/news.access4you.io\/2021\/05\/27\/a-sport-es-a-szurkolas-orome-legyen-mindenkie-a-magyar-paralimpiai-bizottsag-es-az-access4you-kozos-programja\/\"]}]},{\"@type\":\"ImageObject\",\"inLanguage\":\"en-US\",\"@id\":\"https:\/\/news.access4you.io\/2021\/05\/27\/a-sport-es-a-szurkolas-orome-legyen-mindenkie-a-magyar-paralimpiai-bizottsag-es-az-access4you-kozos-programja\/#primaryimage\",\"url\":\"https:\/\/news.access4you.io\/wp-content\/uploads\/2021\/05\/image-9.png\",\"contentUrl\":\"https:\/\/news.access4you.io\/wp-content\/uploads\/2021\/05\/image-9.png\",\"width\":1188,\"height\":792,\"caption\":\"Gyarmati Dezs\u0151 Sportuszoda\"},{\"@type\":\"BreadcrumbList\",\"@id\":\"https:\/\/news.access4you.io\/2021\/05\/27\/a-sport-es-a-szurkolas-orome-legyen-mindenkie-a-magyar-paralimpiai-bizottsag-es-az-access4you-kozos-programja\/#breadcrumb\",\"itemListElement\":[{\"@type\":\"ListItem\",\"position\":1,\"name\":\"Kezd\u0151lap\",\"item\":\"https:\/\/news.access4you.io\/\"},{\"@type\":\"ListItem\",\"position\":2,\"name\":\"A sport \u00e9s a szurkol\u00e1s \u00f6r\u00f6me legyen mindenki\u00e9: a Magyar Paralimpiai Bizotts\u00e1g \u00e9s az Access4you k\u00f6z\u00f6s programja\"}]},{\"@type\":\"WebSite\",\"@id\":\"https:\/\/news.access4you.io\/#website\",\"url\":\"https:\/\/news.access4you.io\/\",\"name\":\"Access4you H\u00edrek\",\"description\":\"\",\"publisher\":{\"@id\":\"https:\/\/news.access4you.io\/#organization\"},\"potentialAction\":[{\"@type\":\"SearchAction\",\"target\":{\"@type\":\"EntryPoint\",\"urlTemplate\":\"https:\/\/news.access4you.io\/?s={search_term_string}\"},\"query-input\":{\"@type\":\"PropertyValueSpecification\",\"valueRequired\":true,\"valueName\":\"search_term_string\"}}],\"inLanguage\":\"en-US\"},{\"@type\":\"Organization\",\"@id\":\"https:\/\/news.access4you.io\/#organization\",\"name\":\"Access4you H\u00edrek\",\"url\":\"https:\/\/news.access4you.io\/\",\"logo\":{\"@type\":\"ImageObject\",\"inLanguage\":\"en-US\",\"@id\":\"https:\/\/news.access4you.io\/#\/schema\/logo\/image\/\",\"url\":\"https:\/\/news.access4you.io\/wp-content\/uploads\/2021\/01\/a4u-logo-black.png\",\"contentUrl\":\"https:\/\/news.access4you.io\/wp-content\/uploads\/2021\/01\/a4u-logo-black.png\",\"width\":726,\"height\":454,\"caption\":\"Access4you H\u00edrek\"},\"image\":{\"@id\":\"https:\/\/news.access4you.io\/#\/schema\/logo\/image\/\"}},{\"@type\":\"Person\",\"@id\":\"https:\/\/news.access4you.io\/#\/schema\/person\/cb4fff088aa5f5f43a6f4ce3a1e2e084\",\"name\":\"access4you\",\"image\":{\"@type\":\"ImageObject\",\"inLanguage\":\"en-US\",\"@id\":\"https:\/\/news.access4you.io\/#\/schema\/person\/image\/\",\"url\":\"https:\/\/secure.gravatar.com\/avatar\/9795a8b3afc7ed258d167a92dbb1075b37bab5bc83b1ac9182ff4f58c22040b8?s=96&d=mm&r=g\",\"contentUrl\":\"https:\/\/secure.gravatar.com\/avatar\/9795a8b3afc7ed258d167a92dbb1075b37bab5bc83b1ac9182ff4f58c22040b8?s=96&d=mm&r=g\",\"caption\":\"access4you\"},\"sameAs\":[\"http:\/\/localhost\/access4you\"],\"url\":\"https:\/\/news.access4you.io\/en\/author\/access4you\/\"}]}<\/script>\n<!-- \/ Yoast SEO plugin. -->","yoast_head_json":{"title":"A sport \u00e9s a szurkol\u00e1s \u00f6r\u00f6me legyen mindenki\u00e9: a Magyar Paralimpiai Bizotts\u00e1g \u00e9s az Access4you k\u00f6z\u00f6s programja - Access4you H\u00edrek","robots":{"index":"index","follow":"follow","max-snippet":"max-snippet:-1","max-image-preview":"max-image-preview:large","max-video-preview":"max-video-preview:-1"},"canonical":"https:\/\/news.access4you.io\/en\/2021\/05\/27\/a-sport-es-a-szurkolas-orome-legyen-mindenkie-a-magyar-paralimpiai-bizottsag-es-az-access4you-kozos-programja\/","og_locale":"en_US","og_type":"article","og_title":"A sport \u00e9s a szurkol\u00e1s \u00f6r\u00f6me legyen mindenki\u00e9: a Magyar Paralimpiai Bizotts\u00e1g \u00e9s az Access4you k\u00f6z\u00f6s programja - Access4you H\u00edrek","og_description":"A Magyar Paralimpiai Bizotts\u00e1g \u00e9s az Access4you nemr\u00e9g indult egy\u00fcttm\u0171k\u00f6d\u00e9s\u00e9vel k\u00e9t hazai sportl\u00e9tes\u00edtm\u00e9ny kapott akad\u00e1lymentes tan\u00fas\u00edt\u00e1st. A tan\u00fas\u00edt\u00e1s c\u00e9lja, hogy a speci\u00e1lis ig\u00e9ny\u0171 (k\u00f6z\u00f6tt\u00fck a fogyat\u00e9koss\u00e1ggal \u00e9l\u0151) profi \u00e9s amat\u0151r sportol\u00f3k r\u00e9szletes inform\u00e1ci\u00f3t kapjanak egy sporthelysz\u00edn akad\u00e1lymentess\u00e9g\u00e9r\u0151l \u00e9s bizalommal keressenek fel \u00faj helysz\u00edneket \u00e9s \u00faj lehet\u0151s\u00e9geket. A program eredm\u00e9nyek\u00e9nt eddig a k\u0151b\u00e1nyai\u00a0Kocsis S\u00e1ndor Sportk\u00f6zpont Bihari [&hellip;]","og_url":"https:\/\/news.access4you.io\/en\/2021\/05\/27\/a-sport-es-a-szurkolas-orome-legyen-mindenkie-a-magyar-paralimpiai-bizottsag-es-az-access4you-kozos-programja\/","og_site_name":"Access4you H\u00edrek","article_published_time":"2021-05-27T11:35:09+00:00","article_modified_time":"2021-05-27T11:35:11+00:00","og_image":[{"width":1024,"height":683,"url":"https:\/\/news.access4you.io\/wp-content\/uploads\/2021\/05\/image-9-1024x683.png","type":"image\/png"}],"author":"access4you","twitter_card":"summary_large_image","twitter_misc":{"Written by":"access4you","Est. reading time":"3 minutes"},"schema":{"@context":"https:\/\/schema.org","@graph":[{"@type":"Article","@id":"https:\/\/news.access4you.io\/2021\/05\/27\/a-sport-es-a-szurkolas-orome-legyen-mindenkie-a-magyar-paralimpiai-bizottsag-es-az-access4you-kozos-programja\/#article","isPartOf":{"@id":"https:\/\/news.access4you.io\/2021\/05\/27\/a-sport-es-a-szurkolas-orome-legyen-mindenkie-a-magyar-paralimpiai-bizottsag-es-az-access4you-kozos-programja\/"},"author":{"name":"access4you","@id":"https:\/\/news.access4you.io\/#\/schema\/person\/cb4fff088aa5f5f43a6f4ce3a1e2e084"},"headline":"A sport \u00e9s a szurkol\u00e1s \u00f6r\u00f6me legyen mindenki\u00e9: a Magyar Paralimpiai Bizotts\u00e1g \u00e9s az Access4you k\u00f6z\u00f6s programja","datePublished":"2021-05-27T11:35:09+00:00","dateModified":"2021-05-27T11:35:11+00:00","mainEntityOfPage":{"@id":"https:\/\/news.access4you.io\/2021\/05\/27\/a-sport-es-a-szurkolas-orome-legyen-mindenkie-a-magyar-paralimpiai-bizottsag-es-az-access4you-kozos-programja\/"},"wordCount":563,"publisher":{"@id":"https:\/\/news.access4you.io\/#organization"},"image":{"@id":"https:\/\/news.access4you.io\/2021\/05\/27\/a-sport-es-a-szurkolas-orome-legyen-mindenkie-a-magyar-paralimpiai-bizottsag-es-az-access4you-kozos-programja\/#primaryimage"},"thumbnailUrl":"https:\/\/news.access4you.io\/wp-content\/uploads\/2021\/05\/image-9.png","articleSection":["\u00daj hely","Sz\u00edv\u00fcgy\u00fcnk","K\u00f6zlem\u00e9ny"],"inLanguage":"en-US"},{"@type":"WebPage","@id":"https:\/\/news.access4you.io\/2021\/05\/27\/a-sport-es-a-szurkolas-orome-legyen-mindenkie-a-magyar-paralimpiai-bizottsag-es-az-access4you-kozos-programja\/","url":"https:\/\/news.access4you.io\/2021\/05\/27\/a-sport-es-a-szurkolas-orome-legyen-mindenkie-a-magyar-paralimpiai-bizottsag-es-az-access4you-kozos-programja\/","name":"A sport \u00e9s a szurkol\u00e1s \u00f6r\u00f6me legyen mindenki\u00e9: a Magyar Paralimpiai Bizotts\u00e1g \u00e9s az Access4you k\u00f6z\u00f6s programja - Access4you H\u00edrek","isPartOf":{"@id":"https:\/\/news.access4you.io\/#website"},"primaryImageOfPage":{"@id":"https:\/\/news.access4you.io\/2021\/05\/27\/a-sport-es-a-szurkolas-orome-legyen-mindenkie-a-magyar-paralimpiai-bizottsag-es-az-access4you-kozos-programja\/#primaryimage"},"image":{"@id":"https:\/\/news.access4you.io\/2021\/05\/27\/a-sport-es-a-szurkolas-orome-legyen-mindenkie-a-magyar-paralimpiai-bizottsag-es-az-access4you-kozos-programja\/#primaryimage"},"thumbnailUrl":"https:\/\/news.access4you.io\/wp-content\/uploads\/2021\/05\/image-9.png","datePublished":"2021-05-27T11:35:09+00:00","dateModified":"2021-05-27T11:35:11+00:00","breadcrumb":{"@id":"https:\/\/news.access4you.io\/2021\/05\/27\/a-sport-es-a-szurkolas-orome-legyen-mindenkie-a-magyar-paralimpiai-bizottsag-es-az-access4you-kozos-programja\/#breadcrumb"},"inLanguage":"en-US","potentialAction":[{"@type":"ReadAction","target":["https:\/\/news.access4you.io\/2021\/05\/27\/a-sport-es-a-szurkolas-orome-legyen-mindenkie-a-magyar-paralimpiai-bizottsag-es-az-access4you-kozos-programja\/"]}]},{"@type":"ImageObject","inLanguage":"en-US","@id":"https:\/\/news.access4you.io\/2021\/05\/27\/a-sport-es-a-szurkolas-orome-legyen-mindenkie-a-magyar-paralimpiai-bizottsag-es-az-access4you-kozos-programja\/#primaryimage","url":"https:\/\/news.access4you.io\/wp-content\/uploads\/2021\/05\/image-9.png","contentUrl":"https:\/\/news.access4you.io\/wp-content\/uploads\/2021\/05\/image-9.png","width":1188,"height":792,"caption":"Gyarmati Dezs\u0151 Sportuszoda"},{"@type":"BreadcrumbList","@id":"https:\/\/news.access4you.io\/2021\/05\/27\/a-sport-es-a-szurkolas-orome-legyen-mindenkie-a-magyar-paralimpiai-bizottsag-es-az-access4you-kozos-programja\/#breadcrumb","itemListElement":[{"@type":"ListItem","position":1,"name":"Kezd\u0151lap","item":"https:\/\/news.access4you.io\/"},{"@type":"ListItem","position":2,"name":"A sport \u00e9s a szurkol\u00e1s \u00f6r\u00f6me legyen mindenki\u00e9: a Magyar Paralimpiai Bizotts\u00e1g \u00e9s az Access4you k\u00f6z\u00f6s programja"}]},{"@type":"WebSite","@id":"https:\/\/news.access4you.io\/#website","url":"https:\/\/news.access4you.io\/","name":"Access4you H\u00edrek","description":"","publisher":{"@id":"https:\/\/news.access4you.io\/#organization"},"potentialAction":[{"@type":"SearchAction","target":{"@type":"EntryPoint","urlTemplate":"https:\/\/news.access4you.io\/?s={search_term_string}"},"query-input":{"@type":"PropertyValueSpecification","valueRequired":true,"valueName":"search_term_string"}}],"inLanguage":"en-US"},{"@type":"Organization","@id":"https:\/\/news.access4you.io\/#organization","name":"Access4you H\u00edrek","url":"https:\/\/news.access4you.io\/","logo":{"@type":"ImageObject","inLanguage":"en-US","@id":"https:\/\/news.access4you.io\/#\/schema\/logo\/image\/","url":"https:\/\/news.access4you.io\/wp-content\/uploads\/2021\/01\/a4u-logo-black.png","contentUrl":"https:\/\/news.access4you.io\/wp-content\/uploads\/2021\/01\/a4u-logo-black.png","width":726,"height":454,"caption":"Access4you H\u00edrek"},"image":{"@id":"https:\/\/news.access4you.io\/#\/schema\/logo\/image\/"}},{"@type":"Person","@id":"https:\/\/news.access4you.io\/#\/schema\/person\/cb4fff088aa5f5f43a6f4ce3a1e2e084","name":"access4you","image":{"@type":"ImageObject","inLanguage":"en-US","@id":"https:\/\/news.access4you.io\/#\/schema\/person\/image\/","url":"https:\/\/secure.gravatar.com\/avatar\/9795a8b3afc7ed258d167a92dbb1075b37bab5bc83b1ac9182ff4f58c22040b8?s=96&d=mm&r=g","contentUrl":"https:\/\/secure.gravatar.com\/avatar\/9795a8b3afc7ed258d167a92dbb1075b37bab5bc83b1ac9182ff4f58c22040b8?s=96&d=mm&r=g","caption":"access4you"},"sameAs":["http:\/\/localhost\/access4you"],"url":"https:\/\/news.access4you.io\/en\/author\/access4you\/"}]}},"_links":{"self":[{"href":"https:\/\/news.access4you.io\/en\/wp-json\/wp\/v2\/posts\/4292","targetHints":{"allow":["GET"]}}],"collection":[{"href":"https:\/\/news.access4you.io\/en\/wp-json\/wp\/v2\/posts"}],"about":[{"href":"https:\/\/news.access4you.io\/en\/wp-json\/wp\/v2\/types\/post"}],"author":[{"embeddable":true,"href":"https:\/\/news.access4you.io\/en\/wp-json\/wp\/v2\/users\/1"}],"replies":[{"embeddable":true,"href":"https:\/\/news.access4you.io\/en\/wp-json\/wp\/v2\/comments?post=4292"}],"version-history":[{"count":0,"href":"https:\/\/news.access4you.io\/en\/wp-json\/wp\/v2\/posts\/4292\/revisions"}],"wp:featuredmedia":[{"embeddable":true,"href":"https:\/\/news.access4you.io\/en\/wp-json\/wp\/v2\/media\/4293"}],"wp:attachment":[{"href":"https:\/\/news.access4you.io\/en\/wp-json\/wp\/v2\/media?parent=4292"}],"wp:term":[{"taxonomy":"category","embeddable":true,"href":"https:\/\/news.access4you.io\/en\/wp-json\/wp\/v2\/categories?post=4292"},{"taxonomy":"post_tag","embeddable":true,"href":"https:\/\/news.access4you.io\/en\/wp-json\/wp\/v2\/tags?post=4292"}],"curies":[{"name":"wp","href":"https:\/\/api.w.org\/{rel}","templated":true}]}}