{"id":4312,"date":"2021-07-20T09:31:35","date_gmt":"2021-07-20T09:31:35","guid":{"rendered":"http:\/\/news.access4you.io\/?p=4312"},"modified":"2021-09-07T13:01:25","modified_gmt":"2021-09-07T13:01:25","slug":"a-codic-hungary-portfolio-szinten-nagy-hangsulyt-fektet-a-sokszinuseg-tamogatasara","status":"publish","type":"post","link":"https:\/\/news.access4you.io\/en\/2021\/07\/20\/a-codic-hungary-portfolio-szinten-nagy-hangsulyt-fektet-a-sokszinuseg-tamogatasara\/","title":{"rendered":"A Codic Hungary portf\u00f3li\u00f3 szinten nagy hangs\u00falyt fektet a soksz\u00edn\u0171s\u00e9g t\u00e1mogat\u00e1s\u00e1ra"},"content":{"rendered":"<p><strong>Inkluz\u00edv irodapiaci cikksorozatunk k\u00f6vetkez\u0151 szerepl\u0151je a br\u00fcsszeli sz\u00e9khely\u0171 Codic Csoport, mely magyar le\u00e1nyv\u00e1llalat\u00e1nak h\u00e1rom folyamatban l\u00e9v\u0151 projektje van Budapesten. A v\u00e1llalat mindh\u00e1rom projektn\u00e9l az Access4you\u00ae Design &amp; Building arany min\u0151s\u00edt\u00e9s\u00e9nek megszerz\u00e9s\u00e9t t\u0171zte ki c\u00e9lul.<\/strong><\/p>\n\n\n\n<p>A Codic Csoport t\u00f6bb mint 50 \u00e9ves fejleszt\u0151i tapasztalattal \u00e9s kiterjedt nemzetk\u00f6zi jelenl\u00e9ttel rendelkezik, Magyarorsz\u00e1gon a 2010-ben \u00e1tadott, 17 000 m2 b\u00e9rbeadhat\u00f3 ter\u00fclet\u0171, az\u00f3ta is sikeres Krisztina Palace fejleszt\u0151jek\u00e9nt v\u00e1lt ismertt\u00e9. <strong>Jelenleg h\u00e1rom folyamatban l\u00e9v\u0151 projektje van: a hamarosan \u00e1tad\u00e1sra ker\u00fcl\u0151 Green Court Office, a kivitelez\u00e9s alatt \u00e1ll\u00f3 HomeWork, valamint a tervez\u00e9si f\u00e1zisban l\u00e9v\u0151 Modiano.&nbsp;<\/strong><\/p>\n\n\n\n<p>A hangs\u00faly minden projekt eset\u00e9ben az emberk\u00f6zpont\u00fa tervez\u00e9sen \u00e9s a min\u0151s\u00e9gen van, olyan \u00e9p\u00fcletek l\u00e9trehoz\u00e1s\u00e1val, amelyek hossz\u00fa t\u00e1von ki tudj\u00e1k szolg\u00e1lni a b\u00e9rl\u0151i ig\u00e9nyeket, hat\u00e9konyak \u00e9s adapt\u00e1lhat\u00f3, flexibilis terekkel k\u00e9sz\u00fclnek fel a j\u00f6v\u0151 ig\u00e9nyeire.<strong> A v\u00e1llalat ennek garanci\u00e1jak\u00e9nt az arany fokozat\u00fa Access4you\u00ae Design min\u0151s\u00edt\u00e9st szerezte meg, melyet a fejleszt\u00e9s befejez\u00e9sekor Design &amp; Building min\u0151s\u00edt\u00e9s fog felv\u00e1ltani<\/strong>. A min\u0151s\u00edt\u00e9s \u00e9s az Access4you eur\u00f3pai tan\u00fas\u00edt\u00f3 v\u00e9djegy \u00e9rtelm\u00e9ben mindh\u00e1rom ingatlan akad\u00e1lymentes, hozz\u00e1f\u00e9rhet\u0151 k\u00f6rnyezetet biztos\u00edt a speci\u00e1lis ig\u00e9ny\u0171 emberek, k\u00f6z\u00f6tt\u00fck fogyat\u00e9koss\u00e1ggal \u00e9l\u0151k r\u00e9sz\u00e9re.<\/p>\n\n\n\n<div class=\"wp-block-image\"><figure class=\"alignleft size-large is-resized\"><img loading=\"lazy\" decoding=\"async\" src=\"http:\/\/news.access4you.io\/wp-content\/uploads\/2021\/07\/A4Y_PhotoStickerek_magyar-1024x1024.png\" alt=\"\" class=\"wp-image-4319\" width=\"301\" height=\"301\" srcset=\"https:\/\/news.access4you.io\/wp-content\/uploads\/2021\/07\/A4Y_PhotoStickerek_magyar-1024x1024.png 1024w, https:\/\/news.access4you.io\/wp-content\/uploads\/2021\/07\/A4Y_PhotoStickerek_magyar-300x300.png 300w, https:\/\/news.access4you.io\/wp-content\/uploads\/2021\/07\/A4Y_PhotoStickerek_magyar-150x150.png 150w, https:\/\/news.access4you.io\/wp-content\/uploads\/2021\/07\/A4Y_PhotoStickerek_magyar-768x768.png 768w, https:\/\/news.access4you.io\/wp-content\/uploads\/2021\/07\/A4Y_PhotoStickerek_magyar-1536x1536.png 1536w, https:\/\/news.access4you.io\/wp-content\/uploads\/2021\/07\/A4Y_PhotoStickerek_magyar-2048x2048.png 2048w\" sizes=\"auto, (max-width: 301px) 100vw, 301px\" \/><figcaption>Az Access4you Building arany <br>min\u0151s\u00edt\u00e9s\u00e9nek embl\u00e9m\u00e1ja<\/figcaption><\/figure><\/div>\n\n\n\n<p><strong>L\u00e1szl\u00f3 Gergely a Codic Hungary projektmanagere hozz\u00e1tette:<\/strong><em> \u201eAz es\u00e9lyegyenl\u0151s\u00e9g vagy \u00e9pp az akad\u00e1lymentess\u00e9g napjainkban m\u00e1r olyan alapvet\u00e9sek, amelyeknek a mai kor \u00e9p\u00fcleteinek \u00e9s az \u00e1ltalunk l\u00e9trehozott \u00e9p\u00edtett k\u00f6rnyezetnek felt\u00e9tel n\u00e9lk\u00fcl meg kell felelni. Nem is volt k\u00e9rd\u00e9s, hogy beruh\u00e1z\u00e1saink tervez\u00e9se \u00e9s k\u00e9s\u0151bbi megval\u00f3s\u00edt\u00e1sa sor\u00e1n figyelemmel legy\u00fcnk a speci\u00e1lis ig\u00e9nnyel \u00e9l\u0151 embert\u00e1rsainkra, legyen sz\u00f3 ak\u00e1r mozg\u00e1sszervi, \u00e9rz\u00e9kszervi, audiovizu\u00e1lis akad\u00e1lyokkal el\u0151kr\u0151l, vagy \u00e9pp az id\u0151sekr\u0151l akiket szint\u00e9n ide sorolhatunk. Nem titkolt sz\u00e1nd\u00e9kunk, hogy megannyi versenyt\u00e1rsunkkal k\u00f6z\u00f6sen p\u00e9ld\u00e1t mutassunk t\u00e1rsadalmi szolidarit\u00e1sb\u00f3l \u00e9s egyenl\u0151 es\u00e9lyt adjunk mindenkinek, aki fejleszt\u00e9seinkben ak\u00e1r b\u00e9rl\u0151k\u00e9nt, partnerk\u00e9nt vagy l\u00e1togat\u00f3k\u00e9nt megfordul.\u201e<\/em><\/p>\n\n\n\n<div class=\"wp-block-group\"><div class=\"wp-block-group__inner-container is-layout-flow wp-block-group-is-layout-flow\">\n<div class=\"wp-block-group\"><div class=\"wp-block-group__inner-container is-layout-flow wp-block-group-is-layout-flow\">\n<figure class=\"wp-block-gallery aligncenter columns-3 is-cropped wp-block-gallery-1 is-layout-flex wp-block-gallery-is-layout-flex\"><ul class=\"blocks-gallery-grid\"><li class=\"blocks-gallery-item\"><figure><img loading=\"lazy\" decoding=\"async\" width=\"1024\" height=\"593\" src=\"http:\/\/news.access4you.io\/wp-content\/uploads\/2021\/07\/Green-Court-Office-1-1024x593.jpg\" alt=\"\" data-id=\"4314\" data-full-url=\"http:\/\/news.access4you.io\/wp-content\/uploads\/2021\/07\/Green-Court-Office-1-scaled.jpg\" data-link=\"http:\/\/news.access4you.io\/?attachment_id=4314\" class=\"wp-image-4314\" srcset=\"https:\/\/news.access4you.io\/wp-content\/uploads\/2021\/07\/Green-Court-Office-1-1024x593.jpg 1024w, https:\/\/news.access4you.io\/wp-content\/uploads\/2021\/07\/Green-Court-Office-1-300x174.jpg 300w, https:\/\/news.access4you.io\/wp-content\/uploads\/2021\/07\/Green-Court-Office-1-768x445.jpg 768w, https:\/\/news.access4you.io\/wp-content\/uploads\/2021\/07\/Green-Court-Office-1-1536x890.jpg 1536w, https:\/\/news.access4you.io\/wp-content\/uploads\/2021\/07\/Green-Court-Office-1-2048x1187.jpg 2048w\" sizes=\"auto, (max-width: 1024px) 100vw, 1024px\" \/><\/figure><\/li><li class=\"blocks-gallery-item\"><figure><img loading=\"lazy\" decoding=\"async\" width=\"1024\" height=\"759\" src=\"http:\/\/news.access4you.io\/wp-content\/uploads\/2021\/07\/Green-COurt-Office_garden-1-1024x759.jpg\" alt=\"\" data-id=\"4315\" data-full-url=\"http:\/\/news.access4you.io\/wp-content\/uploads\/2021\/07\/Green-COurt-Office_garden-1.jpg\" data-link=\"http:\/\/news.access4you.io\/?attachment_id=4315\" class=\"wp-image-4315\" srcset=\"https:\/\/news.access4you.io\/wp-content\/uploads\/2021\/07\/Green-COurt-Office_garden-1-1024x759.jpg 1024w, https:\/\/news.access4you.io\/wp-content\/uploads\/2021\/07\/Green-COurt-Office_garden-1-300x222.jpg 300w, https:\/\/news.access4you.io\/wp-content\/uploads\/2021\/07\/Green-COurt-Office_garden-1-768x569.jpg 768w, https:\/\/news.access4you.io\/wp-content\/uploads\/2021\/07\/Green-COurt-Office_garden-1-1536x1138.jpg 1536w, https:\/\/news.access4you.io\/wp-content\/uploads\/2021\/07\/Green-COurt-Office_garden-1.jpg 1651w\" sizes=\"auto, (max-width: 1024px) 100vw, 1024px\" \/><\/figure><\/li><li class=\"blocks-gallery-item\"><figure><img loading=\"lazy\" decoding=\"async\" width=\"1024\" height=\"554\" src=\"http:\/\/news.access4you.io\/wp-content\/uploads\/2021\/07\/HomeWork-1024x554.jpg\" alt=\"\" data-id=\"4316\" data-full-url=\"http:\/\/news.access4you.io\/wp-content\/uploads\/2021\/07\/HomeWork-scaled.jpg\" data-link=\"http:\/\/news.access4you.io\/?attachment_id=4316\" class=\"wp-image-4316\" srcset=\"https:\/\/news.access4you.io\/wp-content\/uploads\/2021\/07\/HomeWork-1024x554.jpg 1024w, https:\/\/news.access4you.io\/wp-content\/uploads\/2021\/07\/HomeWork-300x162.jpg 300w, https:\/\/news.access4you.io\/wp-content\/uploads\/2021\/07\/HomeWork-768x416.jpg 768w, https:\/\/news.access4you.io\/wp-content\/uploads\/2021\/07\/HomeWork-1536x832.jpg 1536w, https:\/\/news.access4you.io\/wp-content\/uploads\/2021\/07\/HomeWork-2048x1109.jpg 2048w\" sizes=\"auto, (max-width: 1024px) 100vw, 1024px\" \/><\/figure><\/li><li class=\"blocks-gallery-item\"><figure><img loading=\"lazy\" decoding=\"async\" width=\"917\" height=\"1024\" src=\"http:\/\/news.access4you.io\/wp-content\/uploads\/2021\/07\/Modiano-917x1024.jpg\" alt=\"\" data-id=\"4318\" data-full-url=\"http:\/\/news.access4you.io\/wp-content\/uploads\/2021\/07\/Modiano-scaled.jpg\" data-link=\"http:\/\/news.access4you.io\/?attachment_id=4318\" class=\"wp-image-4318\" srcset=\"https:\/\/news.access4you.io\/wp-content\/uploads\/2021\/07\/Modiano-917x1024.jpg 917w, https:\/\/news.access4you.io\/wp-content\/uploads\/2021\/07\/Modiano-269x300.jpg 269w, https:\/\/news.access4you.io\/wp-content\/uploads\/2021\/07\/Modiano-768x858.jpg 768w, https:\/\/news.access4you.io\/wp-content\/uploads\/2021\/07\/Modiano-1375x1536.jpg 1375w, https:\/\/news.access4you.io\/wp-content\/uploads\/2021\/07\/Modiano-1834x2048.jpg 1834w\" sizes=\"auto, (max-width: 917px) 100vw, 917px\" \/><\/figure><\/li><\/ul><figcaption class=\"blocks-gallery-caption\">A Green Court Office, HomeWork \u00e9s Modiano l\u00e1tv\u00e1nytervei. <br>Forr\u00e1s: Codic Hungary<\/figcaption><\/figure>\n<\/div><\/div>\n\n\n\n<p><\/p>\n<\/div><\/div>\n\n\n\n<p><\/p>\n\n\n\n<h4 class=\"wp-block-heading\"><strong>Hat\u00e9kony egy\u00fcttm\u0171k\u00f6d\u00e9s, kevesebb m\u00f3dos\u00edt\u00e1s<\/strong><\/h4>\n\n\n\n<p>Minden szempontb\u00f3l k\u00f6nnyebb \u00e9s hat\u00e9konyabb olyan \u00e9p\u00fcletet tervezni, amely megfelel az akad\u00e1lymentes haszn\u00e1lat elv\u00e1r\u00e1sainak, mint k\u00e9s\u0151bb m\u00f3dos\u00edtani, esetleg \u00e1t\u00e9p\u00edteni. Ez\u00e9rt a Codic jelenleg fut\u00f3 projektjein\u00e9l m\u00e1r a tervez\u00e9si f\u00e1zisban kiemelked\u0151 szempont volt az akad\u00e1lymentes\u00edt\u00e9s, hogy ezek a megold\u00e1sok az \u00e9p\u00fclet \u00e9s a terek szerves r\u00e9sz\u00e9t k\u00e9pezz\u00e9k. A k\u00f6z\u00f6s ter\u00fcleteken megval\u00f3s\u00edtott akad\u00e1lymentes\u00edt\u00e9s \u00f6szt\u00f6nz\u0151leg hat a b\u00e9rl\u0151kre is, hogy az irodaterek kialak\u00edt\u00e1s\u00e1ban hasonl\u00f3 m\u00f3don j\u00e1rjanak el.<\/p>\n\n\n\n<p><em>\u201e Az Access4you alapelveivel a Codic m\u00e1r a koncepci\u00f3 bemutat\u00e1s\u00e1t\u00f3l fogva teljes m\u00e9rt\u00e9kben azonosulni tudott. Fontos sz\u00e1munkra, hogy a hat\u00e1lyos szabv\u00e1nyokon t\u00fal a val\u00f3di haszn\u00e1l\u00f3k \u00e1ltal megfogalmazott ig\u00e9nyeket is ki tudjuk el\u00e9g\u00edteni ez\u00e1ltal megteremtve az egyenl\u0151 es\u00e9lyeket korl\u00e1toz\u00e1s n\u00e9lk\u00fcl mindenki sz\u00e1m\u00e1ra. Ennek jegy\u00e9ben a most indul\u00f3 projektjeink mind a legmagasabb Access4you min\u0151s\u00edt\u00e9s el\u00e9r\u00e9s\u00e9t t\u0171zt\u00e9k ki c\u00e9lul. Speci\u00e1lis volt a Green Court Office projekt\u00fcnk abb\u00f3l a szempontb\u00f3l, hogy a kivitelez\u00e9s befejez\u00e9si f\u00e1zis\u00e1ban lett min\u0151s\u00edtve. Ennek ellen\u00e9re ebben az esetben is viszonylag kis befektet\u00e9ssel el tudtuk \u00e9rni azt, hogy a babakocsis anyuk\u00e1kt\u00f3l a speci\u00e1lis ig\u00e9nnyel \u00e9l\u0151kig mindenki sz\u00e1m\u00e1ra k\u00f6nnyen el\u00e9rhet\u0151 legyen az \u00e9p\u00fclet. \u201e &#8211; <\/em><strong>jegyezte meg Szilv\u00e1si P\u00e1l, a Codic Hungary project managere.<\/strong><\/p>\n\n\n\n<h4 class=\"wp-block-heading\"><strong>K\u00f6rnyezeti fenntarthat\u00f3s\u00e1g, t\u00e1rsadalmi fenntarthat\u00f3s\u00e1g, \u00fczleti el\u0151ny<\/strong><\/h4>\n\n\n\n<p>Az irodah\u00e1zaknak egyre sz\u00e9lesebb k\u00f6r\u0171 ig\u00e9nyeknek kell megfelelni\u00fck: a hat\u00e9konys\u00e1g, k\u00f6rnyezeti fenntarthat\u00f3s\u00e1g m\u00e1r minden \u00faj beruh\u00e1z\u00e1sn\u00e1l elv\u00e1r\u00e1s, emellett azonban egyre nagyobb hangs\u00faly ker\u00fcl a t\u00e1rsadalmi fenntarthat\u00f3s\u00e1gra is: ergonomikus, akad\u00e1lymentes terek, kommunik\u00e1ci\u00f3t seg\u00edt\u0151 (okos)eszk\u00f6z\u00f6k mind a munkahelyi diverzit\u00e1s k\u00f6rnyezeti felt\u00e9teleit hozz\u00e1k l\u00e9tre. Az inkluz\u00edv, akad\u00e1lymentes k\u00f6rnyezet hozz\u00e1j\u00e1rul az irodah\u00e1zban otthont lel\u0151 v\u00e1llalatok hossz\u00fa t\u00e1v\u00fa <a href=\"https:\/\/news.access4you.io\/en\/2021\/03\/24\/inkluzio-kulcs-a-fenntarthato-vallalati-fejlodeshez\/\" target=\"_blank\" rel=\"noreferrer noopener\">fenntarthat\u00f3 fejl\u0151d\u00e9s\u00e9hez \u00e9s piaci szerep\u00e9nek er\u0151s\u00f6d\u00e9s\u00e9hez.<\/a><\/p>\n\n\n\n<p><em>Az&nbsp;<a href=\"https:\/\/access4you.io\/\" target=\"_blank\" rel=\"noreferrer noopener\">Access4you&nbsp;<\/a>egy olyan t\u00e1rsadalmi c\u00e9l\u00fa startup v\u00e1llalkoz\u00e1s, amely speci\u00e1lis ig\u00e9ny\u0171 emberek sz\u00e1m\u00e1ra ny\u00fajt hiteles \u00e9s r\u00e9szletes inform\u00e1ci\u00f3t a k\u00fcl\u00f6nb\u00f6z\u0151 \u00e9p\u00fcletekhez, k\u00f6z\u00f6ss\u00e9gi terekhez \u00e9s \u00e1ltal\u00e1ban az ember \u00e1ltal \u00e9p\u00edtett k\u00f6rnyezethez val\u00f3 akad\u00e1lymentes hozz\u00e1f\u00e9r\u00e9sr\u0151l. Az Access4you \u00e1ltal tan\u00fas\u00edtott \u00e9s min\u0151s\u00edtett helysz\u00ednek az<a href=\"https:\/\/access4you.io\/b2b\" target=\"_blank\" rel=\"noreferrer noopener\">&nbsp;<strong>\u201caccess4you\u201d Eur\u00f3pai Tan\u00fas\u00edt\u00f3 V\u00e9djegy<\/strong><\/a>&nbsp;birtok\u00e1ban hozz\u00e1j\u00e1rulnak ahhoz, hogy a t\u00e1rsadalom 15%-\u00e1t kitev\u0151 speci\u00e1lis ig\u00e9ny\u0171 emberek \u00e9let\u00fcket a legteljesebben, \u00f6n\u00e1ll\u00f3an, \u00e9s k\u00f6z\u00f6ss\u00e9gi \u00e9lm\u00e9nyekben gazdagon \u00e9lhess\u00e9k, megszokott k\u00f6rnyezet\u00fcket pedig az inform\u00e1ci\u00f3 birtok\u00e1ban bizalommal hagyj\u00e1k el. A speci\u00e1lis ig\u00e9ny\u0171 felhaszn\u00e1l\u00f3 az akad\u00e1lymentess\u00e9gr\u0151l sz\u00f3l\u00f3 hiteles inform\u00e1ci\u00f3t az&nbsp;<a href=\"https:\/\/access4you.io\/\" target=\"_blank\" rel=\"noreferrer noopener\">access4you.io<\/a>&nbsp;weboldalon \u00e9s az Access4you applik\u00e1ci\u00f3n kereszt\u00fcl \u00e9ri el, ahol a tan\u00fas\u00edtott helysz\u00ednek r\u00e9szleteir\u0151l is t\u00e1j\u00e9koztat\u00e1st kap.<\/em><\/p>","protected":false},"excerpt":{"rendered":"<p>Inkluz\u00edv irodapiaci cikksorozatunk k\u00f6vetkez\u0151 szerepl\u0151je a br\u00fcsszeli sz\u00e9khely\u0171 Codic Csoport, mely magyar le\u00e1nyv\u00e1llalat\u00e1nak h\u00e1rom folyamatban l\u00e9v\u0151 projektje van Budapesten. A v\u00e1llalat mindh\u00e1rom projektn\u00e9l az Access4you\u00ae Design &amp; Building arany min\u0151s\u00edt\u00e9s\u00e9nek megszerz\u00e9s\u00e9t t\u0171zte ki c\u00e9lul. A Codic Csoport t\u00f6bb mint 50 \u00e9ves fejleszt\u0151i tapasztalattal \u00e9s kiterjedt nemzetk\u00f6zi jelenl\u00e9ttel rendelkezik, Magyarorsz\u00e1gon a 2010-ben \u00e1tadott, 17 000 m2 [&hellip;]<\/p>","protected":false},"author":1,"featured_media":4313,"comment_status":"closed","ping_status":"closed","sticky":false,"template":"","format":"standard","meta":{"footnotes":""},"categories":[75,10,76],"tags":[],"class_list":["post-4312","post","type-post","status-publish","format-standard","has-post-thumbnail","hentry","category-uj-hely","category-blog","category-kozlemeny"],"yoast_head":"<!-- This site is optimized with the Yoast SEO plugin v23.8 - https:\/\/yoast.com\/wordpress\/plugins\/seo\/ -->\n<title>A Codic Hungary portf\u00f3li\u00f3 szinten nagy hangs\u00falyt fektet a soksz\u00edn\u0171s\u00e9g t\u00e1mogat\u00e1s\u00e1ra - Access4you H\u00edrek<\/title>\n<meta name=\"description\" content=\"Az Access4you min\u0151s\u00edt\u00e9s \u00e9s eur\u00f3pai tan\u00fas\u00edt\u00f3 v\u00e9djegy \u00e9rtelm\u00e9ben a Codic fejleszt\u00e9sei akad\u00e1lymentes, inkluz\u00edv k\u00f6rnyezetet biztos\u00edtanak a speci\u00e1lis ig\u00e9ny\u0171 emberek r\u00e9sz\u00e9re.\" \/>\n<meta name=\"robots\" content=\"index, follow, max-snippet:-1, max-image-preview:large, max-video-preview:-1\" \/>\n<link rel=\"canonical\" href=\"https:\/\/news.access4you.io\/en\/2021\/07\/20\/a-codic-hungary-portfolio-szinten-nagy-hangsulyt-fektet-a-sokszinuseg-tamogatasara\/\" \/>\n<meta property=\"og:locale\" content=\"en_US\" \/>\n<meta property=\"og:type\" content=\"article\" \/>\n<meta property=\"og:title\" content=\"A Codic Hungary portf\u00f3li\u00f3 szinten nagy hangs\u00falyt fektet a soksz\u00edn\u0171s\u00e9g t\u00e1mogat\u00e1s\u00e1ra - Access4you H\u00edrek\" \/>\n<meta property=\"og:description\" content=\"Az Access4you min\u0151s\u00edt\u00e9s \u00e9s eur\u00f3pai tan\u00fas\u00edt\u00f3 v\u00e9djegy \u00e9rtelm\u00e9ben a Codic fejleszt\u00e9sei akad\u00e1lymentes, inkluz\u00edv k\u00f6rnyezetet biztos\u00edtanak a speci\u00e1lis ig\u00e9ny\u0171 emberek r\u00e9sz\u00e9re.\" \/>\n<meta property=\"og:url\" content=\"https:\/\/news.access4you.io\/en\/2021\/07\/20\/a-codic-hungary-portfolio-szinten-nagy-hangsulyt-fektet-a-sokszinuseg-tamogatasara\/\" \/>\n<meta property=\"og:site_name\" content=\"Access4you H\u00edrek\" \/>\n<meta property=\"article:published_time\" content=\"2021-07-20T09:31:35+00:00\" \/>\n<meta property=\"article:modified_time\" content=\"2021-09-07T13:01:25+00:00\" \/>\n<meta property=\"og:image\" content=\"https:\/\/news.access4you.io\/wp-content\/uploads\/2021\/07\/Green-Court-Office-scaled.jpg\" \/>\n\t<meta property=\"og:image:width\" content=\"2560\" \/>\n\t<meta property=\"og:image:height\" content=\"1483\" \/>\n\t<meta property=\"og:image:type\" content=\"image\/jpeg\" \/>\n<meta name=\"author\" content=\"access4you\" \/>\n<meta name=\"twitter:card\" content=\"summary_large_image\" \/>\n<meta name=\"twitter:label1\" content=\"Written by\" \/>\n\t<meta name=\"twitter:data1\" content=\"access4you\" \/>\n\t<meta name=\"twitter:label2\" content=\"Est. reading time\" \/>\n\t<meta name=\"twitter:data2\" content=\"5 minutes\" \/>\n<script type=\"application\/ld+json\" class=\"yoast-schema-graph\">{\"@context\":\"https:\/\/schema.org\",\"@graph\":[{\"@type\":\"Article\",\"@id\":\"https:\/\/news.access4you.io\/2021\/07\/20\/a-codic-hungary-portfolio-szinten-nagy-hangsulyt-fektet-a-sokszinuseg-tamogatasara\/#article\",\"isPartOf\":{\"@id\":\"https:\/\/news.access4you.io\/2021\/07\/20\/a-codic-hungary-portfolio-szinten-nagy-hangsulyt-fektet-a-sokszinuseg-tamogatasara\/\"},\"author\":{\"name\":\"access4you\",\"@id\":\"https:\/\/news.access4you.io\/#\/schema\/person\/cb4fff088aa5f5f43a6f4ce3a1e2e084\"},\"headline\":\"A Codic Hungary portf\u00f3li\u00f3 szinten nagy hangs\u00falyt fektet a soksz\u00edn\u0171s\u00e9g t\u00e1mogat\u00e1s\u00e1ra\",\"datePublished\":\"2021-07-20T09:31:35+00:00\",\"dateModified\":\"2021-09-07T13:01:25+00:00\",\"mainEntityOfPage\":{\"@id\":\"https:\/\/news.access4you.io\/2021\/07\/20\/a-codic-hungary-portfolio-szinten-nagy-hangsulyt-fektet-a-sokszinuseg-tamogatasara\/\"},\"wordCount\":1066,\"publisher\":{\"@id\":\"https:\/\/news.access4you.io\/#organization\"},\"image\":{\"@id\":\"https:\/\/news.access4you.io\/2021\/07\/20\/a-codic-hungary-portfolio-szinten-nagy-hangsulyt-fektet-a-sokszinuseg-tamogatasara\/#primaryimage\"},\"thumbnailUrl\":\"https:\/\/news.access4you.io\/wp-content\/uploads\/2021\/07\/Green-Court-Office-scaled.jpg\",\"articleSection\":[\"\u00daj hely\",\"Blog\",\"K\u00f6zlem\u00e9ny\"],\"inLanguage\":\"en-US\"},{\"@type\":\"WebPage\",\"@id\":\"https:\/\/news.access4you.io\/2021\/07\/20\/a-codic-hungary-portfolio-szinten-nagy-hangsulyt-fektet-a-sokszinuseg-tamogatasara\/\",\"url\":\"https:\/\/news.access4you.io\/2021\/07\/20\/a-codic-hungary-portfolio-szinten-nagy-hangsulyt-fektet-a-sokszinuseg-tamogatasara\/\",\"name\":\"A Codic Hungary portf\u00f3li\u00f3 szinten nagy hangs\u00falyt fektet a soksz\u00edn\u0171s\u00e9g t\u00e1mogat\u00e1s\u00e1ra - Access4you H\u00edrek\",\"isPartOf\":{\"@id\":\"https:\/\/news.access4you.io\/#website\"},\"primaryImageOfPage\":{\"@id\":\"https:\/\/news.access4you.io\/2021\/07\/20\/a-codic-hungary-portfolio-szinten-nagy-hangsulyt-fektet-a-sokszinuseg-tamogatasara\/#primaryimage\"},\"image\":{\"@id\":\"https:\/\/news.access4you.io\/2021\/07\/20\/a-codic-hungary-portfolio-szinten-nagy-hangsulyt-fektet-a-sokszinuseg-tamogatasara\/#primaryimage\"},\"thumbnailUrl\":\"https:\/\/news.access4you.io\/wp-content\/uploads\/2021\/07\/Green-Court-Office-scaled.jpg\",\"datePublished\":\"2021-07-20T09:31:35+00:00\",\"dateModified\":\"2021-09-07T13:01:25+00:00\",\"description\":\"Az Access4you min\u0151s\u00edt\u00e9s \u00e9s eur\u00f3pai tan\u00fas\u00edt\u00f3 v\u00e9djegy \u00e9rtelm\u00e9ben a Codic fejleszt\u00e9sei akad\u00e1lymentes, inkluz\u00edv k\u00f6rnyezetet biztos\u00edtanak a speci\u00e1lis ig\u00e9ny\u0171 emberek r\u00e9sz\u00e9re.\",\"breadcrumb\":{\"@id\":\"https:\/\/news.access4you.io\/2021\/07\/20\/a-codic-hungary-portfolio-szinten-nagy-hangsulyt-fektet-a-sokszinuseg-tamogatasara\/#breadcrumb\"},\"inLanguage\":\"en-US\",\"potentialAction\":[{\"@type\":\"ReadAction\",\"target\":[\"https:\/\/news.access4you.io\/2021\/07\/20\/a-codic-hungary-portfolio-szinten-nagy-hangsulyt-fektet-a-sokszinuseg-tamogatasara\/\"]}]},{\"@type\":\"ImageObject\",\"inLanguage\":\"en-US\",\"@id\":\"https:\/\/news.access4you.io\/2021\/07\/20\/a-codic-hungary-portfolio-szinten-nagy-hangsulyt-fektet-a-sokszinuseg-tamogatasara\/#primaryimage\",\"url\":\"https:\/\/news.access4you.io\/wp-content\/uploads\/2021\/07\/Green-Court-Office-scaled.jpg\",\"contentUrl\":\"https:\/\/news.access4you.io\/wp-content\/uploads\/2021\/07\/Green-Court-Office-scaled.jpg\",\"width\":2560,\"height\":1483},{\"@type\":\"BreadcrumbList\",\"@id\":\"https:\/\/news.access4you.io\/2021\/07\/20\/a-codic-hungary-portfolio-szinten-nagy-hangsulyt-fektet-a-sokszinuseg-tamogatasara\/#breadcrumb\",\"itemListElement\":[{\"@type\":\"ListItem\",\"position\":1,\"name\":\"Kezd\u0151lap\",\"item\":\"https:\/\/news.access4you.io\/\"},{\"@type\":\"ListItem\",\"position\":2,\"name\":\"A Codic Hungary portf\u00f3li\u00f3 szinten nagy hangs\u00falyt fektet a soksz\u00edn\u0171s\u00e9g t\u00e1mogat\u00e1s\u00e1ra\"}]},{\"@type\":\"WebSite\",\"@id\":\"https:\/\/news.access4you.io\/#website\",\"url\":\"https:\/\/news.access4you.io\/\",\"name\":\"Access4you H\u00edrek\",\"description\":\"\",\"publisher\":{\"@id\":\"https:\/\/news.access4you.io\/#organization\"},\"potentialAction\":[{\"@type\":\"SearchAction\",\"target\":{\"@type\":\"EntryPoint\",\"urlTemplate\":\"https:\/\/news.access4you.io\/?s={search_term_string}\"},\"query-input\":{\"@type\":\"PropertyValueSpecification\",\"valueRequired\":true,\"valueName\":\"search_term_string\"}}],\"inLanguage\":\"en-US\"},{\"@type\":\"Organization\",\"@id\":\"https:\/\/news.access4you.io\/#organization\",\"name\":\"Access4you H\u00edrek\",\"url\":\"https:\/\/news.access4you.io\/\",\"logo\":{\"@type\":\"ImageObject\",\"inLanguage\":\"en-US\",\"@id\":\"https:\/\/news.access4you.io\/#\/schema\/logo\/image\/\",\"url\":\"https:\/\/news.access4you.io\/wp-content\/uploads\/2021\/01\/a4u-logo-black.png\",\"contentUrl\":\"https:\/\/news.access4you.io\/wp-content\/uploads\/2021\/01\/a4u-logo-black.png\",\"width\":726,\"height\":454,\"caption\":\"Access4you H\u00edrek\"},\"image\":{\"@id\":\"https:\/\/news.access4you.io\/#\/schema\/logo\/image\/\"}},{\"@type\":\"Person\",\"@id\":\"https:\/\/news.access4you.io\/#\/schema\/person\/cb4fff088aa5f5f43a6f4ce3a1e2e084\",\"name\":\"access4you\",\"image\":{\"@type\":\"ImageObject\",\"inLanguage\":\"en-US\",\"@id\":\"https:\/\/news.access4you.io\/#\/schema\/person\/image\/\",\"url\":\"https:\/\/secure.gravatar.com\/avatar\/9795a8b3afc7ed258d167a92dbb1075b37bab5bc83b1ac9182ff4f58c22040b8?s=96&d=mm&r=g\",\"contentUrl\":\"https:\/\/secure.gravatar.com\/avatar\/9795a8b3afc7ed258d167a92dbb1075b37bab5bc83b1ac9182ff4f58c22040b8?s=96&d=mm&r=g\",\"caption\":\"access4you\"},\"sameAs\":[\"http:\/\/localhost\/access4you\"],\"url\":\"https:\/\/news.access4you.io\/en\/author\/access4you\/\"}]}<\/script>\n<!-- \/ Yoast SEO plugin. -->","yoast_head_json":{"title":"A Codic Hungary portf\u00f3li\u00f3 szinten nagy hangs\u00falyt fektet a soksz\u00edn\u0171s\u00e9g t\u00e1mogat\u00e1s\u00e1ra - Access4you H\u00edrek","description":"Az Access4you min\u0151s\u00edt\u00e9s \u00e9s eur\u00f3pai tan\u00fas\u00edt\u00f3 v\u00e9djegy \u00e9rtelm\u00e9ben a Codic fejleszt\u00e9sei akad\u00e1lymentes, inkluz\u00edv k\u00f6rnyezetet biztos\u00edtanak a speci\u00e1lis ig\u00e9ny\u0171 emberek r\u00e9sz\u00e9re.","robots":{"index":"index","follow":"follow","max-snippet":"max-snippet:-1","max-image-preview":"max-image-preview:large","max-video-preview":"max-video-preview:-1"},"canonical":"https:\/\/news.access4you.io\/en\/2021\/07\/20\/a-codic-hungary-portfolio-szinten-nagy-hangsulyt-fektet-a-sokszinuseg-tamogatasara\/","og_locale":"en_US","og_type":"article","og_title":"A Codic Hungary portf\u00f3li\u00f3 szinten nagy hangs\u00falyt fektet a soksz\u00edn\u0171s\u00e9g t\u00e1mogat\u00e1s\u00e1ra - Access4you H\u00edrek","og_description":"Az Access4you min\u0151s\u00edt\u00e9s \u00e9s eur\u00f3pai tan\u00fas\u00edt\u00f3 v\u00e9djegy \u00e9rtelm\u00e9ben a Codic fejleszt\u00e9sei akad\u00e1lymentes, inkluz\u00edv k\u00f6rnyezetet biztos\u00edtanak a speci\u00e1lis ig\u00e9ny\u0171 emberek r\u00e9sz\u00e9re.","og_url":"https:\/\/news.access4you.io\/en\/2021\/07\/20\/a-codic-hungary-portfolio-szinten-nagy-hangsulyt-fektet-a-sokszinuseg-tamogatasara\/","og_site_name":"Access4you H\u00edrek","article_published_time":"2021-07-20T09:31:35+00:00","article_modified_time":"2021-09-07T13:01:25+00:00","og_image":[{"width":2560,"height":1483,"url":"https:\/\/news.access4you.io\/wp-content\/uploads\/2021\/07\/Green-Court-Office-scaled.jpg","type":"image\/jpeg"}],"author":"access4you","twitter_card":"summary_large_image","twitter_misc":{"Written by":"access4you","Est. reading time":"5 minutes"},"schema":{"@context":"https:\/\/schema.org","@graph":[{"@type":"Article","@id":"https:\/\/news.access4you.io\/2021\/07\/20\/a-codic-hungary-portfolio-szinten-nagy-hangsulyt-fektet-a-sokszinuseg-tamogatasara\/#article","isPartOf":{"@id":"https:\/\/news.access4you.io\/2021\/07\/20\/a-codic-hungary-portfolio-szinten-nagy-hangsulyt-fektet-a-sokszinuseg-tamogatasara\/"},"author":{"name":"access4you","@id":"https:\/\/news.access4you.io\/#\/schema\/person\/cb4fff088aa5f5f43a6f4ce3a1e2e084"},"headline":"A Codic Hungary portf\u00f3li\u00f3 szinten nagy hangs\u00falyt fektet a soksz\u00edn\u0171s\u00e9g t\u00e1mogat\u00e1s\u00e1ra","datePublished":"2021-07-20T09:31:35+00:00","dateModified":"2021-09-07T13:01:25+00:00","mainEntityOfPage":{"@id":"https:\/\/news.access4you.io\/2021\/07\/20\/a-codic-hungary-portfolio-szinten-nagy-hangsulyt-fektet-a-sokszinuseg-tamogatasara\/"},"wordCount":1066,"publisher":{"@id":"https:\/\/news.access4you.io\/#organization"},"image":{"@id":"https:\/\/news.access4you.io\/2021\/07\/20\/a-codic-hungary-portfolio-szinten-nagy-hangsulyt-fektet-a-sokszinuseg-tamogatasara\/#primaryimage"},"thumbnailUrl":"https:\/\/news.access4you.io\/wp-content\/uploads\/2021\/07\/Green-Court-Office-scaled.jpg","articleSection":["\u00daj hely","Blog","K\u00f6zlem\u00e9ny"],"inLanguage":"en-US"},{"@type":"WebPage","@id":"https:\/\/news.access4you.io\/2021\/07\/20\/a-codic-hungary-portfolio-szinten-nagy-hangsulyt-fektet-a-sokszinuseg-tamogatasara\/","url":"https:\/\/news.access4you.io\/2021\/07\/20\/a-codic-hungary-portfolio-szinten-nagy-hangsulyt-fektet-a-sokszinuseg-tamogatasara\/","name":"A Codic Hungary portf\u00f3li\u00f3 szinten nagy hangs\u00falyt fektet a soksz\u00edn\u0171s\u00e9g t\u00e1mogat\u00e1s\u00e1ra - Access4you H\u00edrek","isPartOf":{"@id":"https:\/\/news.access4you.io\/#website"},"primaryImageOfPage":{"@id":"https:\/\/news.access4you.io\/2021\/07\/20\/a-codic-hungary-portfolio-szinten-nagy-hangsulyt-fektet-a-sokszinuseg-tamogatasara\/#primaryimage"},"image":{"@id":"https:\/\/news.access4you.io\/2021\/07\/20\/a-codic-hungary-portfolio-szinten-nagy-hangsulyt-fektet-a-sokszinuseg-tamogatasara\/#primaryimage"},"thumbnailUrl":"https:\/\/news.access4you.io\/wp-content\/uploads\/2021\/07\/Green-Court-Office-scaled.jpg","datePublished":"2021-07-20T09:31:35+00:00","dateModified":"2021-09-07T13:01:25+00:00","description":"Az Access4you min\u0151s\u00edt\u00e9s \u00e9s eur\u00f3pai tan\u00fas\u00edt\u00f3 v\u00e9djegy \u00e9rtelm\u00e9ben a Codic fejleszt\u00e9sei akad\u00e1lymentes, inkluz\u00edv k\u00f6rnyezetet biztos\u00edtanak a speci\u00e1lis ig\u00e9ny\u0171 emberek r\u00e9sz\u00e9re.","breadcrumb":{"@id":"https:\/\/news.access4you.io\/2021\/07\/20\/a-codic-hungary-portfolio-szinten-nagy-hangsulyt-fektet-a-sokszinuseg-tamogatasara\/#breadcrumb"},"inLanguage":"en-US","potentialAction":[{"@type":"ReadAction","target":["https:\/\/news.access4you.io\/2021\/07\/20\/a-codic-hungary-portfolio-szinten-nagy-hangsulyt-fektet-a-sokszinuseg-tamogatasara\/"]}]},{"@type":"ImageObject","inLanguage":"en-US","@id":"https:\/\/news.access4you.io\/2021\/07\/20\/a-codic-hungary-portfolio-szinten-nagy-hangsulyt-fektet-a-sokszinuseg-tamogatasara\/#primaryimage","url":"https:\/\/news.access4you.io\/wp-content\/uploads\/2021\/07\/Green-Court-Office-scaled.jpg","contentUrl":"https:\/\/news.access4you.io\/wp-content\/uploads\/2021\/07\/Green-Court-Office-scaled.jpg","width":2560,"height":1483},{"@type":"BreadcrumbList","@id":"https:\/\/news.access4you.io\/2021\/07\/20\/a-codic-hungary-portfolio-szinten-nagy-hangsulyt-fektet-a-sokszinuseg-tamogatasara\/#breadcrumb","itemListElement":[{"@type":"ListItem","position":1,"name":"Kezd\u0151lap","item":"https:\/\/news.access4you.io\/"},{"@type":"ListItem","position":2,"name":"A Codic Hungary portf\u00f3li\u00f3 szinten nagy hangs\u00falyt fektet a soksz\u00edn\u0171s\u00e9g t\u00e1mogat\u00e1s\u00e1ra"}]},{"@type":"WebSite","@id":"https:\/\/news.access4you.io\/#website","url":"https:\/\/news.access4you.io\/","name":"Access4you H\u00edrek","description":"","publisher":{"@id":"https:\/\/news.access4you.io\/#organization"},"potentialAction":[{"@type":"SearchAction","target":{"@type":"EntryPoint","urlTemplate":"https:\/\/news.access4you.io\/?s={search_term_string}"},"query-input":{"@type":"PropertyValueSpecification","valueRequired":true,"valueName":"search_term_string"}}],"inLanguage":"en-US"},{"@type":"Organization","@id":"https:\/\/news.access4you.io\/#organization","name":"Access4you H\u00edrek","url":"https:\/\/news.access4you.io\/","logo":{"@type":"ImageObject","inLanguage":"en-US","@id":"https:\/\/news.access4you.io\/#\/schema\/logo\/image\/","url":"https:\/\/news.access4you.io\/wp-content\/uploads\/2021\/01\/a4u-logo-black.png","contentUrl":"https:\/\/news.access4you.io\/wp-content\/uploads\/2021\/01\/a4u-logo-black.png","width":726,"height":454,"caption":"Access4you H\u00edrek"},"image":{"@id":"https:\/\/news.access4you.io\/#\/schema\/logo\/image\/"}},{"@type":"Person","@id":"https:\/\/news.access4you.io\/#\/schema\/person\/cb4fff088aa5f5f43a6f4ce3a1e2e084","name":"access4you","image":{"@type":"ImageObject","inLanguage":"en-US","@id":"https:\/\/news.access4you.io\/#\/schema\/person\/image\/","url":"https:\/\/secure.gravatar.com\/avatar\/9795a8b3afc7ed258d167a92dbb1075b37bab5bc83b1ac9182ff4f58c22040b8?s=96&d=mm&r=g","contentUrl":"https:\/\/secure.gravatar.com\/avatar\/9795a8b3afc7ed258d167a92dbb1075b37bab5bc83b1ac9182ff4f58c22040b8?s=96&d=mm&r=g","caption":"access4you"},"sameAs":["http:\/\/localhost\/access4you"],"url":"https:\/\/news.access4you.io\/en\/author\/access4you\/"}]}},"_links":{"self":[{"href":"https:\/\/news.access4you.io\/en\/wp-json\/wp\/v2\/posts\/4312","targetHints":{"allow":["GET"]}}],"collection":[{"href":"https:\/\/news.access4you.io\/en\/wp-json\/wp\/v2\/posts"}],"about":[{"href":"https:\/\/news.access4you.io\/en\/wp-json\/wp\/v2\/types\/post"}],"author":[{"embeddable":true,"href":"https:\/\/news.access4you.io\/en\/wp-json\/wp\/v2\/users\/1"}],"replies":[{"embeddable":true,"href":"https:\/\/news.access4you.io\/en\/wp-json\/wp\/v2\/comments?post=4312"}],"version-history":[{"count":0,"href":"https:\/\/news.access4you.io\/en\/wp-json\/wp\/v2\/posts\/4312\/revisions"}],"wp:featuredmedia":[{"embeddable":true,"href":"https:\/\/news.access4you.io\/en\/wp-json\/wp\/v2\/media\/4313"}],"wp:attachment":[{"href":"https:\/\/news.access4you.io\/en\/wp-json\/wp\/v2\/media?parent=4312"}],"wp:term":[{"taxonomy":"category","embeddable":true,"href":"https:\/\/news.access4you.io\/en\/wp-json\/wp\/v2\/categories?post=4312"},{"taxonomy":"post_tag","embeddable":true,"href":"https:\/\/news.access4you.io\/en\/wp-json\/wp\/v2\/tags?post=4312"}],"curies":[{"name":"wp","href":"https:\/\/api.w.org\/{rel}","templated":true}]}}