{"id":4327,"date":"2021-07-21T11:42:27","date_gmt":"2021-07-21T11:42:27","guid":{"rendered":"http:\/\/news.access4you.io\/?p=4327"},"modified":"2021-07-28T07:38:08","modified_gmt":"2021-07-28T07:38:08","slug":"a-szepsegipar-vakfoltja-a-vogue-business-tobb-reszes-cikksorozatban-foglalkozik-a-fogyatekossaggal-elo-emberek-iparagi-erejevel","status":"publish","type":"post","link":"https:\/\/news.access4you.io\/en\/2021\/07\/21\/a-szepsegipar-vakfoltja-a-vogue-business-tobb-reszes-cikksorozatban-foglalkozik-a-fogyatekossaggal-elo-emberek-iparagi-erejevel\/","title":{"rendered":"A sz\u00e9ps\u00e9gipar vakfoltja: a Vogue Business t\u00f6bb r\u00e9szes cikksorozatban foglalkozik a fogyat\u00e9koss\u00e1ggal \u00e9l\u0151 emberek ipar\u00e1gi erej\u00e9vel"},"content":{"rendered":"<p><strong>Mit tehetnek \u00e9s mit tesznek a vezet\u0151 sz\u00e9ps\u00e9gipari v\u00e1llalatok annak \u00e9rdek\u00e9ben, hogy a fogyat\u00e9kkal \u00e9l\u0151k is \u00e9lvezhess\u00e9k term\u00e9keiket? Mi\u00e9rt \u00e9rn\u00e9 meg ez mindenkinek, m\u00e9gis mi\u00e9rt lass\u00fa a folyamat? A Vogue Business ut\u00e1naj\u00e1rt a fenti k\u00e9rd\u00e9seknek, \u00f6sszefoglaltuk Nektek.<\/strong><\/p>\n\n\n\n<p>B\u00e1r a divatvil\u00e1g egyre befogad\u00f3bb, kritikusok szerint m\u00e9g mindig els\u0151sorban az \u00e9p emberekere tervezett \u00fczlet\u00e1g. Az Eg\u00e9szs\u00e9g\u00fcgyi Vil\u00e1gszervezet (WHO) szerint a vil\u00e1g n\u00e9pess\u00e9g\u00e9nek mintegy 15 %-a \u00e9l fogyat\u00e9koss\u00e1ggal, ennek ellen\u00e9re a sz\u00e9ps\u00e9gipar \u00e9s a divat szolg\u00e1ltat\u00e1sai sz\u00e1mukra nehezen el\u00e9rhet\u0151k \u00e9s haszn\u00e1lhat\u00f3k.<\/p>\n\n\n\n<p>Az inkluz\u00edv diz\u00e1jn n\u00e9pszer\u0171s\u00e9ge fokozatosan n\u0151 az ut\u00f3bbi \u00e9vekben. Olyan divattervez\u0151k, mint p\u00e9ld\u00e1ul Tommy Hilfiger \u00e9s Christian Siriano piacra dobtak m\u00e1r akad\u00e1lymentes (adapt\u00edv) ruh\u00e1zatot, \u00e1m csup\u00e1n nagyon kevesen k\u00f6vett\u00e9k a p\u00e9ld\u00e1jukat a divatipar ter\u00fclet\u00e9n. A sz\u00e9ps\u00e9gipar is megtette az els\u0151 l\u00e9p\u00e9seket, egyre t\u00f6bb fogyat\u00e9koss\u00e1ggal \u00e9l\u0151 modellt szerepeltetnek marketingkommunik\u00e1ci\u00f3jukban.<strong> \u00c1m enn\u00e9l is t\u00f6bbet \u00e9rhetn\u00e9nek el a mindenki sz\u00e1m\u00e1ra hozz\u00e1f\u00e9rhet\u0151, akad\u00e1lymentes internetes fel\u00fcletekkel, a t\u00e9m\u00e1ban k\u00e9pzett kiskereskedelmi szem\u00e9lyzettel, akad\u00e1lymentes \u00fczlethelyis\u00e9gekkel \u00e9s speci\u00e1lis ig\u00e9ny\u0171 emberek sz\u00e1m\u00e1ra is k\u00f6nnyen fogyaszthat\u00f3 term\u00e9kek, csomagol\u00e1sok fejleszt\u00e9s\u00e9vel.<\/strong><\/p>\n\n\n\n<p>A <a href=\"https:\/\/us.pg.com\/blogs\/international-day-of-persons-with-disabilities\/\" target=\"_blank\" rel=\"noreferrer noopener\">Procter &amp; Gamble 2019-es kutat\u00e1sa<\/a> arra jutott, hogy a sz\u00e9ps\u00e9g- \u00e9s test\u00e1pol\u00e1si m\u00e1rk\u00e1k csup\u00e1n 4%-a k\u00e9sz\u00edt term\u00e9keket kifejezetten testi fogyat\u00e9koss\u00e1ggal \u00e9l\u0151k sz\u00e1m\u00e1ra. Samantha Renke, \u00e9rintett aktivista az alacsony ar\u00e1ny ok\u00e1t a t\u00e9vhitekben l\u00e1tja:<em> <\/em><\/p>\n\n\n\n<blockquote class=\"wp-block-quote is-layout-flow wp-block-quote-is-layout-flow\"><p><em>\u201eElegem van azokb\u00f3l a sztereot\u00edpi\u00e1kb\u00f3l, hogy a fogyat\u00e9kkal \u00e9l\u0151k otthon \u00fclnek a seg\u00e9lyeken, vagy hogy \u0151k nem szeretn\u00e9nek vonz\u00f3nak vagy szexinek t\u0171nni. Ennek a t\u00e1rsadalmi kult\u00far\u00e1nak s\u00fcrg\u0151sen meg kell v\u00e1ltoznia<\/em>\u201d \u2013 mondja. <\/p><\/blockquote>\n\n\n\n<p>A c\u00e9gek r\u00e1ad\u00e1sul emiatt nem kis bev\u00e9telt\u0151l esnek el. <a href=\"https:\/\/www.accenture.com\/_acnmedia\/pdf-91\/accenture-accessibility-advantage-pov-final.pdf\">Az Accenture 20<\/a><a href=\"https:\/\/www.accenture.com\/_acnmedia\/pdf-91\/accenture-accessibility-advantage-pov-final.pdf\" target=\"_blank\" rel=\"noreferrer noopener\">1<\/a><a href=\"https:\/\/www.accenture.com\/_acnmedia\/pdf-91\/accenture-accessibility-advantage-pov-final.pdf\">8-as tanulm\u00e1nya<\/a> szerint a fogyat\u00e9koss\u00e1ggal \u00e9l\u0151 fogyaszt\u00f3k teljes rendelkez\u00e9sre \u00e1ll\u00f3 j\u00f6vedelme csak az Egyes\u00fclt \u00c1llamokban meghaladja az \u00e9vi 8 billi\u00f3 doll\u00e1rt. R\u00e1ad\u00e1sul a fogyat\u00e9kkal \u00e9l\u0151 fogyaszt\u00f3kra sokkal jellemz\u0151bb a m\u00e1rkah\u0171s\u00e9g.<\/p>\n\n\n\n<h4 class=\"wp-block-heading\"><strong>Mit l\u00e9pnek a nagy m\u00e1rk\u00e1k?<\/strong><\/h4>\n\n\n\n<p>Id\u00e9n \u00e1prilisban az <a href=\"https:\/\/www.unilever.com\/news\/news-and-features\/Feature-article\/2021\/the-worlds-first-deodorant-designed-for-people-with-disabilities.html\" target=\"_blank\" rel=\"noreferrer noopener\">Unilever bemutatta a csoport els\u0151 inkluz\u00edv term\u00e9k\u00e9t<\/a>, a Rexona dezodorj\u00e1t, amelyet l\u00e1t\u00e1ss\u00e9r\u00fclt \u00e9s fels\u0151 v\u00e9gtagi fogyat\u00e9koss\u00e1ggal \u00e9l\u0151 emberek sz\u00e1m\u00e1ra terveztek: markol\u00e1st seg\u00edt\u0151 funkci\u00f3kkal, k\u00f6nnyen kinyithat\u00f3 csomagol\u00e1ssal, illetve nagyobb fel\u00fclet\u0171 tekerhet\u0151 applik\u00e1torral l\u00e1tt\u00e1k el.<\/p>\n\n\n\n<figure class=\"wp-block-embed-youtube wp-block-embed is-type-video is-provider-youtube wp-embed-aspect-16-9 wp-has-aspect-ratio\"><div class=\"wp-block-embed__wrapper\">\n<iframe loading=\"lazy\" title=\"Degree Inclusive: The world\u2019s first deodorant designed for people with disabilities\" width=\"800\" height=\"450\" src=\"https:\/\/www.youtube.com\/embed\/-Q2AHsANdSQ?feature=oembed\" frameborder=\"0\" allow=\"accelerometer; autoplay; clipboard-write; encrypted-media; gyroscope; picture-in-picture\" allowfullscreen><\/iframe>\n<\/div><\/figure>\n\n\n\n<p>Aline Santos Farhat, az Unilever brand\u00e9rt, illetve egyenl\u0151s\u00e9g\u00e9rt, befogad\u00e1s\u00e9rt \u00e9s soksz\u00edn\u0171s\u00e9g\u00e9rt felel\u0151s vezet\u0151je kijelentette: az inkluz\u00edv term\u00e9kek fejleszt\u00e9se mellett bels\u0151 k\u00f6vetelm\u00e9ny a v\u00e1llalatn\u00e1l, hogy glob\u00e1lis viszonylatban a munkaerej\u00fck legal\u00e1bb 5%-\u00e1t fogyat\u00e9kkal \u00e9l\u0151 szem\u00e9lyek adj\u00e1k.<\/p>\n\n\n\n<p>A L&#8217;Or\u00e9al vil\u00e1gszerte 1381 fogyat\u00e9kkal \u00e9l\u0151 munkat\u00e1rsat alkalmaz k\u00f6zvetlen foglalkoztat\u00e1sban, ez a sz\u00e1m k\u00fcls\u0151 besz\u00e1ll\u00edt\u00f3ik k\u00f6r\u00e9ben ennek a k\u00e9tszerese. A c\u00e9gn\u00e9l 2014 \u00f3ta bels\u0151 k\u00f6vetelm\u00e9ny, hogy az \u00e1llom\u00e1ny legal\u00e1bb 2%-a fogyat\u00e9kkal \u00e9l\u0151 szem\u00e9ly legyen. Margaret Johnston-Clarke, a L&#8217;Or\u00e9al glob\u00e1lis soksz\u00edn\u0171s\u00e9g\u00e9rt \u00e9s befogad\u00e1s\u00e9rt felel\u0151s tisztvisel\u0151je szerint dolgoznak azon, hogy ezt az ar\u00e1nyt mindenhol el\u00e9rj\u00e9k a t\u00f6bb mint 30 orsz\u00e1gban, ahol jelen vannak.<\/p>\n\n\n\n<p>Az Est\u00e9e Lauder az Accenture tan\u00e1csad\u00f3 c\u00e9g seg\u00edts\u00e9g\u00e9vel \u00e9p\u00edt strat\u00e9gi\u00e1t, hogyan t\u00e1mogass\u00e1k fogyat\u00e9kkal \u00e9l\u0151 v\u00e1s\u00e1rl\u00f3ikat sminkterm\u00e9kek v\u00e1s\u00e1rl\u00e1s\u00e1ban \u00e9s haszn\u00e1lat\u00e1ban. \u0150k kiemelten kezelik az online v\u00e1s\u00e1rl\u00f3i \u00e9lm\u00e9nyt. \u201e<em>Ezzel kezdt\u00fcnk, mert ez az egyik ter\u00fclet, ahol gyorsan cselekedhett\u00fcnk. R\u00e1ad\u00e1sul az ut\u00f3bbi id\u0151ben megn\u00f6vekedett az online v\u00e1s\u00e1rl\u00e1sra utalts\u00e1g\u201d<\/em> &#8211; mondja Monica Rastogi, az Est\u00e9e Lauder Company (ELC) befogad\u00e1s\u00e9rt, soksz\u00edn\u0171s\u00e9g\u00e9rt \u00e9s m\u00e9lt\u00e1nyoss\u00e1g\u00e9rt felel\u0151s Egyes\u00fclt Kir\u00e1lys\u00e1g-beli \u00e9s \u00edrorsz\u00e1gi vezet\u0151je, utalva arra is, hogy a Covid-19 miatti lez\u00e1r\u00e1sok idej\u00e9n a sz\u00e9ps\u00e9giparban is az online t\u00e9r volt a legfontosabb \u00fczleti mozgat\u00f3er\u0151.<\/p>\n\n\n\n<p>A L&#8217;Or\u00e9al \u00e9s az Unilever kiemelt figyelmet ford\u00edt weblapja akad\u00e1lymentes\u00edt\u00e9s\u00e9re, digit\u00e1lis seg\u00e9deszk\u00f6z\u00f6ket is bevezetve a l\u00e1t\u00e1ss\u00e9r\u00fclt felhaszn\u00e1l\u00f3k \u00e9rdek\u00e9ben. Fontos szempont, hogy az akad\u00e1lymentes online fel\u00fcletek nemcsak a fogyat\u00e9koss\u00e1ggal \u00e9l\u0151 \u00fcgyfeleket seg\u00edtik, hanem m\u00e1s demogr\u00e1fiai csoportokat is, p\u00e9ld\u00e1ul az id\u0151s, roml\u00f3 l\u00e1t\u00e1s\u00fa vagy m\u00e1s k\u00e9pess\u00e9geikben h\u00e1tr\u00e1nyt szenved\u0151 embereket.<\/p>\n\n\n\n<h4 class=\"wp-block-heading\"><strong>Ami m\u00e9g h\u00e1tra van<\/strong><\/h4>\n\n\n\n<p><strong>Sarah Willersdorf<\/strong>, a Boston Consulting Group (BCG) \u00fcgyvezet\u0151 igazgat\u00f3ja \u00e9s partnere r\u00e1mutat, hogy az ipar\u00e1g \u00f3ri\u00e1sit l\u00e9pett el\u0151re nyitotts\u00e1g \u00e9s befogad\u00e1s ter\u00e9n, ezt a folyamatot sikeresen \u00f6szt\u00f6nzik p\u00e9ld\u00e1ul a fogyat\u00e9koss\u00e1ggal \u00e9l\u0151 influencerek, akik a k\u00f6z\u00f6ss\u00e9gim\u00e9dia-jelenl\u00e9t\u00fckkel v\u00e9geznek fontos \u00e9rz\u00e9keny\u00edt\u0151 \u00e9s eduk\u00e1ci\u00f3s tev\u00e9kenys\u00e9get. De hozz\u00e1teszi: nem sz\u00f3lhat minden a marketingr\u0151l. <\/p>\n\n\n\n<blockquote class=\"wp-block-quote is-layout-flow wp-block-quote-is-layout-flow\"><p><em>\u201eV\u00e9gs\u0151 soron az a c\u00e9l, hogy a v\u00e1llalatok befektessenek konkr\u00e9t term\u00e9kek l\u00e9trehoz\u00e1s\u00e1ba<\/em>.&#8221;<\/p><\/blockquote>\n\n\n\n<p>El\u0151remutat\u00f3 p\u00e9lda az is, hogy az Est\u00e9e Lauder tulajdon\u00e1ban l\u00e9v\u0151 Too Faced minden k\u00f6z\u00f6ss\u00e9gim\u00e9dia-posztj\u00e1t alt texttel l\u00e1tja el, vagy, hogy a francia L\u2019Occitane Braille-\u00edr\u00e1sos c\u00edmk\u00e9ket tesz a term\u00e9keire.<\/p>\n\n\n\n<p>Lucy Edwards sminkes-youtuber szerint az univerz\u00e1lis megk\u00f6zel\u00edt\u00e9snek kellene norm\u00e1v\u00e1 v\u00e1lnia: \u201e<em>Ne a fogyat\u00e9kkal \u00e9l\u0151knek tal\u00e1ljuk ki a term\u00e9ket, hanem mindenkinek.<\/em>\u201d Ez azt jelenti, hogy olyan dolgokat tervezzenek, amik fogyat\u00e9koss\u00e1ggal \u00e9l\u0151k \u00e9s \u00e9pek sz\u00e1m\u00e1ra egyar\u00e1nt haszn\u00e1lhat\u00f3k. Az univerz\u00e1lis diz\u00e1jn legnagyobb \u00e9rt\u00e9ke, hogy nem csak a fogyat\u00e9kkal \u00e9l\u0151 v\u00e1s\u00e1rl\u00f3k, hanem a fogyaszt\u00f3k legsz\u00e9lesebb k\u00f6re sz\u00e1m\u00e1ra is \u00e9lvezhet\u0151, p\u00e9ld\u00e1ul azoknak, akiknek az anyanyelve nem angol, akik id\u0151sek, vagy ak\u00e1r vizu\u00e1lis, ment\u00e1lis neh\u00e9zs\u00e9gekkel k\u00fczdenek.<\/p>\n\n\n\n<p>Forr\u00e1s: <a href=\"https:\/\/www.voguebusiness.com\/beauty\/beauty-fails-people-with-disabilities-loreal-estee-lauder-unilever-wants-to-change-that?utm_source=linkedIn&amp;utm_medium=social&amp;utm_campaign=onsite-share&amp;utm_brand=vogue-bz&amp;utm_social-type=earned\" target=\"_blank\" rel=\"noreferrer noopener\">Vogue Business<\/a><\/p>\n\n\n\n<p>Kiemelt k\u00e9p: Canva<\/p>","protected":false},"excerpt":{"rendered":"<p>Mit tehetnek \u00e9s mit tesznek a vezet\u0151 sz\u00e9ps\u00e9gipari v\u00e1llalatok annak \u00e9rdek\u00e9ben, hogy a fogyat\u00e9kkal \u00e9l\u0151k is \u00e9lvezhess\u00e9k term\u00e9keiket? Mi\u00e9rt \u00e9rn\u00e9 meg ez mindenkinek, m\u00e9gis mi\u00e9rt lass\u00fa a folyamat? A Vogue Business ut\u00e1naj\u00e1rt a fenti k\u00e9rd\u00e9seknek, \u00f6sszefoglaltuk Nektek. B\u00e1r a divatvil\u00e1g egyre befogad\u00f3bb, kritikusok szerint m\u00e9g mindig els\u0151sorban az \u00e9p emberekere tervezett \u00fczlet\u00e1g. Az Eg\u00e9szs\u00e9g\u00fcgyi Vil\u00e1gszervezet [&hellip;]<\/p>","protected":false},"author":1,"featured_media":4331,"comment_status":"closed","ping_status":"closed","sticky":false,"template":"","format":"standard","meta":{"footnotes":""},"categories":[74,10,17],"tags":[],"class_list":["post-4327","post","type-post","status-publish","format-standard","has-post-thumbnail","hentry","category-szivugyunk","category-blog","category-sajtoszemle"],"yoast_head":"<!-- This site is optimized with the Yoast SEO plugin v23.8 - https:\/\/yoast.com\/wordpress\/plugins\/seo\/ -->\n<title>A sz\u00e9ps\u00e9gipar vakfoltja: a Vogue Business t\u00f6bb r\u00e9szes cikksorozatban foglalkozik a fogyat\u00e9koss\u00e1ggal \u00e9l\u0151 emberek ipar\u00e1gi erej\u00e9vel - Access4you H\u00edrek<\/title>\n<meta name=\"description\" content=\"Mit tehetnek \u00e9s mit tesznek a sz\u00e9ps\u00e9gipari v\u00e1llalatok az\u00e9rt, hogy a fogyat\u00e9kkal \u00e9l\u0151k is haszn\u00e1lhass\u00e1k a term\u00e9keiket? Olvasd el \u00f6sszefoglal\u00f3nkat!\" \/>\n<meta name=\"robots\" content=\"index, follow, max-snippet:-1, max-image-preview:large, max-video-preview:-1\" \/>\n<link rel=\"canonical\" href=\"https:\/\/news.access4you.io\/en\/2021\/07\/21\/a-szepsegipar-vakfoltja-a-vogue-business-tobb-reszes-cikksorozatban-foglalkozik-a-fogyatekossaggal-elo-emberek-iparagi-erejevel\/\" \/>\n<meta property=\"og:locale\" content=\"en_US\" \/>\n<meta property=\"og:type\" content=\"article\" \/>\n<meta property=\"og:title\" content=\"A sz\u00e9ps\u00e9gipar vakfoltja: a Vogue Business t\u00f6bb r\u00e9szes cikksorozatban foglalkozik a fogyat\u00e9koss\u00e1ggal \u00e9l\u0151 emberek ipar\u00e1gi erej\u00e9vel - Access4you H\u00edrek\" \/>\n<meta property=\"og:description\" content=\"Mit tehetnek \u00e9s mit tesznek a sz\u00e9ps\u00e9gipari v\u00e1llalatok az\u00e9rt, hogy a fogyat\u00e9kkal \u00e9l\u0151k is haszn\u00e1lhass\u00e1k a term\u00e9keiket? Olvasd el \u00f6sszefoglal\u00f3nkat!\" \/>\n<meta property=\"og:url\" content=\"https:\/\/news.access4you.io\/en\/2021\/07\/21\/a-szepsegipar-vakfoltja-a-vogue-business-tobb-reszes-cikksorozatban-foglalkozik-a-fogyatekossaggal-elo-emberek-iparagi-erejevel\/\" \/>\n<meta property=\"og:site_name\" content=\"Access4you H\u00edrek\" \/>\n<meta property=\"article:published_time\" content=\"2021-07-21T11:42:27+00:00\" \/>\n<meta property=\"article:modified_time\" content=\"2021-07-28T07:38:08+00:00\" \/>\n<meta property=\"og:image\" content=\"https:\/\/news.access4you.io\/wp-content\/uploads\/2021\/07\/VogueBs_photo-3.png\" \/>\n\t<meta property=\"og:image:width\" content=\"1120\" \/>\n\t<meta property=\"og:image:height\" content=\"747\" \/>\n\t<meta property=\"og:image:type\" content=\"image\/png\" \/>\n<meta name=\"author\" content=\"access4you\" \/>\n<meta name=\"twitter:card\" content=\"summary_large_image\" \/>\n<meta name=\"twitter:label1\" content=\"Written by\" \/>\n\t<meta name=\"twitter:data1\" content=\"access4you\" \/>\n\t<meta name=\"twitter:label2\" content=\"Est. reading time\" \/>\n\t<meta name=\"twitter:data2\" content=\"6 minutes\" \/>\n<script type=\"application\/ld+json\" class=\"yoast-schema-graph\">{\"@context\":\"https:\/\/schema.org\",\"@graph\":[{\"@type\":\"Article\",\"@id\":\"https:\/\/news.access4you.io\/2021\/07\/21\/a-szepsegipar-vakfoltja-a-vogue-business-tobb-reszes-cikksorozatban-foglalkozik-a-fogyatekossaggal-elo-emberek-iparagi-erejevel\/#article\",\"isPartOf\":{\"@id\":\"https:\/\/news.access4you.io\/2021\/07\/21\/a-szepsegipar-vakfoltja-a-vogue-business-tobb-reszes-cikksorozatban-foglalkozik-a-fogyatekossaggal-elo-emberek-iparagi-erejevel\/\"},\"author\":{\"name\":\"access4you\",\"@id\":\"https:\/\/news.access4you.io\/#\/schema\/person\/cb4fff088aa5f5f43a6f4ce3a1e2e084\"},\"headline\":\"A sz\u00e9ps\u00e9gipar vakfoltja: a Vogue Business t\u00f6bb r\u00e9szes cikksorozatban foglalkozik a fogyat\u00e9koss\u00e1ggal \u00e9l\u0151 emberek ipar\u00e1gi erej\u00e9vel\",\"datePublished\":\"2021-07-21T11:42:27+00:00\",\"dateModified\":\"2021-07-28T07:38:08+00:00\",\"mainEntityOfPage\":{\"@id\":\"https:\/\/news.access4you.io\/2021\/07\/21\/a-szepsegipar-vakfoltja-a-vogue-business-tobb-reszes-cikksorozatban-foglalkozik-a-fogyatekossaggal-elo-emberek-iparagi-erejevel\/\"},\"wordCount\":1162,\"publisher\":{\"@id\":\"https:\/\/news.access4you.io\/#organization\"},\"image\":{\"@id\":\"https:\/\/news.access4you.io\/2021\/07\/21\/a-szepsegipar-vakfoltja-a-vogue-business-tobb-reszes-cikksorozatban-foglalkozik-a-fogyatekossaggal-elo-emberek-iparagi-erejevel\/#primaryimage\"},\"thumbnailUrl\":\"https:\/\/news.access4you.io\/wp-content\/uploads\/2021\/07\/VogueBs_photo-3.png\",\"articleSection\":[\"Sz\u00edv\u00fcgy\u00fcnk\",\"Blog\",\"Sajt\u00f3szemle\"],\"inLanguage\":\"en-US\"},{\"@type\":\"WebPage\",\"@id\":\"https:\/\/news.access4you.io\/2021\/07\/21\/a-szepsegipar-vakfoltja-a-vogue-business-tobb-reszes-cikksorozatban-foglalkozik-a-fogyatekossaggal-elo-emberek-iparagi-erejevel\/\",\"url\":\"https:\/\/news.access4you.io\/2021\/07\/21\/a-szepsegipar-vakfoltja-a-vogue-business-tobb-reszes-cikksorozatban-foglalkozik-a-fogyatekossaggal-elo-emberek-iparagi-erejevel\/\",\"name\":\"A sz\u00e9ps\u00e9gipar vakfoltja: a Vogue Business t\u00f6bb r\u00e9szes cikksorozatban foglalkozik a fogyat\u00e9koss\u00e1ggal \u00e9l\u0151 emberek ipar\u00e1gi erej\u00e9vel - Access4you H\u00edrek\",\"isPartOf\":{\"@id\":\"https:\/\/news.access4you.io\/#website\"},\"primaryImageOfPage\":{\"@id\":\"https:\/\/news.access4you.io\/2021\/07\/21\/a-szepsegipar-vakfoltja-a-vogue-business-tobb-reszes-cikksorozatban-foglalkozik-a-fogyatekossaggal-elo-emberek-iparagi-erejevel\/#primaryimage\"},\"image\":{\"@id\":\"https:\/\/news.access4you.io\/2021\/07\/21\/a-szepsegipar-vakfoltja-a-vogue-business-tobb-reszes-cikksorozatban-foglalkozik-a-fogyatekossaggal-elo-emberek-iparagi-erejevel\/#primaryimage\"},\"thumbnailUrl\":\"https:\/\/news.access4you.io\/wp-content\/uploads\/2021\/07\/VogueBs_photo-3.png\",\"datePublished\":\"2021-07-21T11:42:27+00:00\",\"dateModified\":\"2021-07-28T07:38:08+00:00\",\"description\":\"Mit tehetnek \u00e9s mit tesznek a sz\u00e9ps\u00e9gipari v\u00e1llalatok az\u00e9rt, hogy a fogyat\u00e9kkal \u00e9l\u0151k is haszn\u00e1lhass\u00e1k a term\u00e9keiket? Olvasd el \u00f6sszefoglal\u00f3nkat!\",\"breadcrumb\":{\"@id\":\"https:\/\/news.access4you.io\/2021\/07\/21\/a-szepsegipar-vakfoltja-a-vogue-business-tobb-reszes-cikksorozatban-foglalkozik-a-fogyatekossaggal-elo-emberek-iparagi-erejevel\/#breadcrumb\"},\"inLanguage\":\"en-US\",\"potentialAction\":[{\"@type\":\"ReadAction\",\"target\":[\"https:\/\/news.access4you.io\/2021\/07\/21\/a-szepsegipar-vakfoltja-a-vogue-business-tobb-reszes-cikksorozatban-foglalkozik-a-fogyatekossaggal-elo-emberek-iparagi-erejevel\/\"]}]},{\"@type\":\"ImageObject\",\"inLanguage\":\"en-US\",\"@id\":\"https:\/\/news.access4you.io\/2021\/07\/21\/a-szepsegipar-vakfoltja-a-vogue-business-tobb-reszes-cikksorozatban-foglalkozik-a-fogyatekossaggal-elo-emberek-iparagi-erejevel\/#primaryimage\",\"url\":\"https:\/\/news.access4you.io\/wp-content\/uploads\/2021\/07\/VogueBs_photo-3.png\",\"contentUrl\":\"https:\/\/news.access4you.io\/wp-content\/uploads\/2021\/07\/VogueBs_photo-3.png\",\"width\":1120,\"height\":747},{\"@type\":\"BreadcrumbList\",\"@id\":\"https:\/\/news.access4you.io\/2021\/07\/21\/a-szepsegipar-vakfoltja-a-vogue-business-tobb-reszes-cikksorozatban-foglalkozik-a-fogyatekossaggal-elo-emberek-iparagi-erejevel\/#breadcrumb\",\"itemListElement\":[{\"@type\":\"ListItem\",\"position\":1,\"name\":\"Kezd\u0151lap\",\"item\":\"https:\/\/news.access4you.io\/\"},{\"@type\":\"ListItem\",\"position\":2,\"name\":\"A sz\u00e9ps\u00e9gipar vakfoltja: a Vogue Business t\u00f6bb r\u00e9szes cikksorozatban foglalkozik a fogyat\u00e9koss\u00e1ggal \u00e9l\u0151 emberek ipar\u00e1gi erej\u00e9vel\"}]},{\"@type\":\"WebSite\",\"@id\":\"https:\/\/news.access4you.io\/#website\",\"url\":\"https:\/\/news.access4you.io\/\",\"name\":\"Access4you H\u00edrek\",\"description\":\"\",\"publisher\":{\"@id\":\"https:\/\/news.access4you.io\/#organization\"},\"potentialAction\":[{\"@type\":\"SearchAction\",\"target\":{\"@type\":\"EntryPoint\",\"urlTemplate\":\"https:\/\/news.access4you.io\/?s={search_term_string}\"},\"query-input\":{\"@type\":\"PropertyValueSpecification\",\"valueRequired\":true,\"valueName\":\"search_term_string\"}}],\"inLanguage\":\"en-US\"},{\"@type\":\"Organization\",\"@id\":\"https:\/\/news.access4you.io\/#organization\",\"name\":\"Access4you H\u00edrek\",\"url\":\"https:\/\/news.access4you.io\/\",\"logo\":{\"@type\":\"ImageObject\",\"inLanguage\":\"en-US\",\"@id\":\"https:\/\/news.access4you.io\/#\/schema\/logo\/image\/\",\"url\":\"https:\/\/news.access4you.io\/wp-content\/uploads\/2021\/01\/a4u-logo-black.png\",\"contentUrl\":\"https:\/\/news.access4you.io\/wp-content\/uploads\/2021\/01\/a4u-logo-black.png\",\"width\":726,\"height\":454,\"caption\":\"Access4you H\u00edrek\"},\"image\":{\"@id\":\"https:\/\/news.access4you.io\/#\/schema\/logo\/image\/\"}},{\"@type\":\"Person\",\"@id\":\"https:\/\/news.access4you.io\/#\/schema\/person\/cb4fff088aa5f5f43a6f4ce3a1e2e084\",\"name\":\"access4you\",\"image\":{\"@type\":\"ImageObject\",\"inLanguage\":\"en-US\",\"@id\":\"https:\/\/news.access4you.io\/#\/schema\/person\/image\/\",\"url\":\"https:\/\/secure.gravatar.com\/avatar\/9795a8b3afc7ed258d167a92dbb1075b37bab5bc83b1ac9182ff4f58c22040b8?s=96&d=mm&r=g\",\"contentUrl\":\"https:\/\/secure.gravatar.com\/avatar\/9795a8b3afc7ed258d167a92dbb1075b37bab5bc83b1ac9182ff4f58c22040b8?s=96&d=mm&r=g\",\"caption\":\"access4you\"},\"sameAs\":[\"http:\/\/localhost\/access4you\"],\"url\":\"https:\/\/news.access4you.io\/en\/author\/access4you\/\"}]}<\/script>\n<!-- \/ Yoast SEO plugin. -->","yoast_head_json":{"title":"A sz\u00e9ps\u00e9gipar vakfoltja: a Vogue Business t\u00f6bb r\u00e9szes cikksorozatban foglalkozik a fogyat\u00e9koss\u00e1ggal \u00e9l\u0151 emberek ipar\u00e1gi erej\u00e9vel - Access4you H\u00edrek","description":"Mit tehetnek \u00e9s mit tesznek a sz\u00e9ps\u00e9gipari v\u00e1llalatok az\u00e9rt, hogy a fogyat\u00e9kkal \u00e9l\u0151k is haszn\u00e1lhass\u00e1k a term\u00e9keiket? Olvasd el \u00f6sszefoglal\u00f3nkat!","robots":{"index":"index","follow":"follow","max-snippet":"max-snippet:-1","max-image-preview":"max-image-preview:large","max-video-preview":"max-video-preview:-1"},"canonical":"https:\/\/news.access4you.io\/en\/2021\/07\/21\/a-szepsegipar-vakfoltja-a-vogue-business-tobb-reszes-cikksorozatban-foglalkozik-a-fogyatekossaggal-elo-emberek-iparagi-erejevel\/","og_locale":"en_US","og_type":"article","og_title":"A sz\u00e9ps\u00e9gipar vakfoltja: a Vogue Business t\u00f6bb r\u00e9szes cikksorozatban foglalkozik a fogyat\u00e9koss\u00e1ggal \u00e9l\u0151 emberek ipar\u00e1gi erej\u00e9vel - Access4you H\u00edrek","og_description":"Mit tehetnek \u00e9s mit tesznek a sz\u00e9ps\u00e9gipari v\u00e1llalatok az\u00e9rt, hogy a fogyat\u00e9kkal \u00e9l\u0151k is haszn\u00e1lhass\u00e1k a term\u00e9keiket? Olvasd el \u00f6sszefoglal\u00f3nkat!","og_url":"https:\/\/news.access4you.io\/en\/2021\/07\/21\/a-szepsegipar-vakfoltja-a-vogue-business-tobb-reszes-cikksorozatban-foglalkozik-a-fogyatekossaggal-elo-emberek-iparagi-erejevel\/","og_site_name":"Access4you H\u00edrek","article_published_time":"2021-07-21T11:42:27+00:00","article_modified_time":"2021-07-28T07:38:08+00:00","og_image":[{"width":1120,"height":747,"url":"https:\/\/news.access4you.io\/wp-content\/uploads\/2021\/07\/VogueBs_photo-3.png","type":"image\/png"}],"author":"access4you","twitter_card":"summary_large_image","twitter_misc":{"Written by":"access4you","Est. reading time":"6 minutes"},"schema":{"@context":"https:\/\/schema.org","@graph":[{"@type":"Article","@id":"https:\/\/news.access4you.io\/2021\/07\/21\/a-szepsegipar-vakfoltja-a-vogue-business-tobb-reszes-cikksorozatban-foglalkozik-a-fogyatekossaggal-elo-emberek-iparagi-erejevel\/#article","isPartOf":{"@id":"https:\/\/news.access4you.io\/2021\/07\/21\/a-szepsegipar-vakfoltja-a-vogue-business-tobb-reszes-cikksorozatban-foglalkozik-a-fogyatekossaggal-elo-emberek-iparagi-erejevel\/"},"author":{"name":"access4you","@id":"https:\/\/news.access4you.io\/#\/schema\/person\/cb4fff088aa5f5f43a6f4ce3a1e2e084"},"headline":"A sz\u00e9ps\u00e9gipar vakfoltja: a Vogue Business t\u00f6bb r\u00e9szes cikksorozatban foglalkozik a fogyat\u00e9koss\u00e1ggal \u00e9l\u0151 emberek ipar\u00e1gi erej\u00e9vel","datePublished":"2021-07-21T11:42:27+00:00","dateModified":"2021-07-28T07:38:08+00:00","mainEntityOfPage":{"@id":"https:\/\/news.access4you.io\/2021\/07\/21\/a-szepsegipar-vakfoltja-a-vogue-business-tobb-reszes-cikksorozatban-foglalkozik-a-fogyatekossaggal-elo-emberek-iparagi-erejevel\/"},"wordCount":1162,"publisher":{"@id":"https:\/\/news.access4you.io\/#organization"},"image":{"@id":"https:\/\/news.access4you.io\/2021\/07\/21\/a-szepsegipar-vakfoltja-a-vogue-business-tobb-reszes-cikksorozatban-foglalkozik-a-fogyatekossaggal-elo-emberek-iparagi-erejevel\/#primaryimage"},"thumbnailUrl":"https:\/\/news.access4you.io\/wp-content\/uploads\/2021\/07\/VogueBs_photo-3.png","articleSection":["Sz\u00edv\u00fcgy\u00fcnk","Blog","Sajt\u00f3szemle"],"inLanguage":"en-US"},{"@type":"WebPage","@id":"https:\/\/news.access4you.io\/2021\/07\/21\/a-szepsegipar-vakfoltja-a-vogue-business-tobb-reszes-cikksorozatban-foglalkozik-a-fogyatekossaggal-elo-emberek-iparagi-erejevel\/","url":"https:\/\/news.access4you.io\/2021\/07\/21\/a-szepsegipar-vakfoltja-a-vogue-business-tobb-reszes-cikksorozatban-foglalkozik-a-fogyatekossaggal-elo-emberek-iparagi-erejevel\/","name":"A sz\u00e9ps\u00e9gipar vakfoltja: a Vogue Business t\u00f6bb r\u00e9szes cikksorozatban foglalkozik a fogyat\u00e9koss\u00e1ggal \u00e9l\u0151 emberek ipar\u00e1gi erej\u00e9vel - Access4you H\u00edrek","isPartOf":{"@id":"https:\/\/news.access4you.io\/#website"},"primaryImageOfPage":{"@id":"https:\/\/news.access4you.io\/2021\/07\/21\/a-szepsegipar-vakfoltja-a-vogue-business-tobb-reszes-cikksorozatban-foglalkozik-a-fogyatekossaggal-elo-emberek-iparagi-erejevel\/#primaryimage"},"image":{"@id":"https:\/\/news.access4you.io\/2021\/07\/21\/a-szepsegipar-vakfoltja-a-vogue-business-tobb-reszes-cikksorozatban-foglalkozik-a-fogyatekossaggal-elo-emberek-iparagi-erejevel\/#primaryimage"},"thumbnailUrl":"https:\/\/news.access4you.io\/wp-content\/uploads\/2021\/07\/VogueBs_photo-3.png","datePublished":"2021-07-21T11:42:27+00:00","dateModified":"2021-07-28T07:38:08+00:00","description":"Mit tehetnek \u00e9s mit tesznek a sz\u00e9ps\u00e9gipari v\u00e1llalatok az\u00e9rt, hogy a fogyat\u00e9kkal \u00e9l\u0151k is haszn\u00e1lhass\u00e1k a term\u00e9keiket? Olvasd el \u00f6sszefoglal\u00f3nkat!","breadcrumb":{"@id":"https:\/\/news.access4you.io\/2021\/07\/21\/a-szepsegipar-vakfoltja-a-vogue-business-tobb-reszes-cikksorozatban-foglalkozik-a-fogyatekossaggal-elo-emberek-iparagi-erejevel\/#breadcrumb"},"inLanguage":"en-US","potentialAction":[{"@type":"ReadAction","target":["https:\/\/news.access4you.io\/2021\/07\/21\/a-szepsegipar-vakfoltja-a-vogue-business-tobb-reszes-cikksorozatban-foglalkozik-a-fogyatekossaggal-elo-emberek-iparagi-erejevel\/"]}]},{"@type":"ImageObject","inLanguage":"en-US","@id":"https:\/\/news.access4you.io\/2021\/07\/21\/a-szepsegipar-vakfoltja-a-vogue-business-tobb-reszes-cikksorozatban-foglalkozik-a-fogyatekossaggal-elo-emberek-iparagi-erejevel\/#primaryimage","url":"https:\/\/news.access4you.io\/wp-content\/uploads\/2021\/07\/VogueBs_photo-3.png","contentUrl":"https:\/\/news.access4you.io\/wp-content\/uploads\/2021\/07\/VogueBs_photo-3.png","width":1120,"height":747},{"@type":"BreadcrumbList","@id":"https:\/\/news.access4you.io\/2021\/07\/21\/a-szepsegipar-vakfoltja-a-vogue-business-tobb-reszes-cikksorozatban-foglalkozik-a-fogyatekossaggal-elo-emberek-iparagi-erejevel\/#breadcrumb","itemListElement":[{"@type":"ListItem","position":1,"name":"Kezd\u0151lap","item":"https:\/\/news.access4you.io\/"},{"@type":"ListItem","position":2,"name":"A sz\u00e9ps\u00e9gipar vakfoltja: a Vogue Business t\u00f6bb r\u00e9szes cikksorozatban foglalkozik a fogyat\u00e9koss\u00e1ggal \u00e9l\u0151 emberek ipar\u00e1gi erej\u00e9vel"}]},{"@type":"WebSite","@id":"https:\/\/news.access4you.io\/#website","url":"https:\/\/news.access4you.io\/","name":"Access4you H\u00edrek","description":"","publisher":{"@id":"https:\/\/news.access4you.io\/#organization"},"potentialAction":[{"@type":"SearchAction","target":{"@type":"EntryPoint","urlTemplate":"https:\/\/news.access4you.io\/?s={search_term_string}"},"query-input":{"@type":"PropertyValueSpecification","valueRequired":true,"valueName":"search_term_string"}}],"inLanguage":"en-US"},{"@type":"Organization","@id":"https:\/\/news.access4you.io\/#organization","name":"Access4you H\u00edrek","url":"https:\/\/news.access4you.io\/","logo":{"@type":"ImageObject","inLanguage":"en-US","@id":"https:\/\/news.access4you.io\/#\/schema\/logo\/image\/","url":"https:\/\/news.access4you.io\/wp-content\/uploads\/2021\/01\/a4u-logo-black.png","contentUrl":"https:\/\/news.access4you.io\/wp-content\/uploads\/2021\/01\/a4u-logo-black.png","width":726,"height":454,"caption":"Access4you H\u00edrek"},"image":{"@id":"https:\/\/news.access4you.io\/#\/schema\/logo\/image\/"}},{"@type":"Person","@id":"https:\/\/news.access4you.io\/#\/schema\/person\/cb4fff088aa5f5f43a6f4ce3a1e2e084","name":"access4you","image":{"@type":"ImageObject","inLanguage":"en-US","@id":"https:\/\/news.access4you.io\/#\/schema\/person\/image\/","url":"https:\/\/secure.gravatar.com\/avatar\/9795a8b3afc7ed258d167a92dbb1075b37bab5bc83b1ac9182ff4f58c22040b8?s=96&d=mm&r=g","contentUrl":"https:\/\/secure.gravatar.com\/avatar\/9795a8b3afc7ed258d167a92dbb1075b37bab5bc83b1ac9182ff4f58c22040b8?s=96&d=mm&r=g","caption":"access4you"},"sameAs":["http:\/\/localhost\/access4you"],"url":"https:\/\/news.access4you.io\/en\/author\/access4you\/"}]}},"_links":{"self":[{"href":"https:\/\/news.access4you.io\/en\/wp-json\/wp\/v2\/posts\/4327","targetHints":{"allow":["GET"]}}],"collection":[{"href":"https:\/\/news.access4you.io\/en\/wp-json\/wp\/v2\/posts"}],"about":[{"href":"https:\/\/news.access4you.io\/en\/wp-json\/wp\/v2\/types\/post"}],"author":[{"embeddable":true,"href":"https:\/\/news.access4you.io\/en\/wp-json\/wp\/v2\/users\/1"}],"replies":[{"embeddable":true,"href":"https:\/\/news.access4you.io\/en\/wp-json\/wp\/v2\/comments?post=4327"}],"version-history":[{"count":0,"href":"https:\/\/news.access4you.io\/en\/wp-json\/wp\/v2\/posts\/4327\/revisions"}],"wp:featuredmedia":[{"embeddable":true,"href":"https:\/\/news.access4you.io\/en\/wp-json\/wp\/v2\/media\/4331"}],"wp:attachment":[{"href":"https:\/\/news.access4you.io\/en\/wp-json\/wp\/v2\/media?parent=4327"}],"wp:term":[{"taxonomy":"category","embeddable":true,"href":"https:\/\/news.access4you.io\/en\/wp-json\/wp\/v2\/categories?post=4327"},{"taxonomy":"post_tag","embeddable":true,"href":"https:\/\/news.access4you.io\/en\/wp-json\/wp\/v2\/tags?post=4327"}],"curies":[{"name":"wp","href":"https:\/\/api.w.org\/{rel}","templated":true}]}}