{"id":4373,"date":"2021-09-05T13:04:00","date_gmt":"2021-09-05T13:04:00","guid":{"rendered":"http:\/\/news.access4you.io\/?p=4373"},"modified":"2021-09-05T13:05:47","modified_gmt":"2021-09-05T13:05:47","slug":"a-parasport-szep-elethez-vezet","status":"publish","type":"post","link":"https:\/\/news.access4you.io\/en\/2021\/09\/05\/a-parasport-szep-elethez-vezet\/","title":{"rendered":"A parasport (sz)\u00e9p \u00e9lethez vezet"},"content":{"rendered":"<p><strong>Csuri Ferenc volt paralimpikon, Eur\u00f3pa-cs\u00facstart\u00f3 \u00e9s k\u00e9tszeres Eb-bronz\u00e9rmes \u00fasz\u00f3 a maga b\u0151r\u00e9n tapasztalta, hogy f\u00e9l karral \u00e9lni nem f\u00e9lig vagy f\u00e9lve \u00e9lt \u00e9letet jelent, hogy az uszod\u00e1n\u00e1l nincs jobb terep az \u00f6nelfogad\u00e1sra, \u00e9s hogy az embert m\u00e1r az \u00e1tlend\u00edti a m\u00e9lyponton, ha egy\u00e1ltal\u00e1n gy\u0171jteni kezdi hozz\u00e1 az er\u0151t. <em>Kir\u00e1ly Eszter interj\u00faja<\/em>.<\/strong><\/p>\n\n\n\n<p><strong>Annyit besz\u00e9l\u00fcnk a k\u00fcl\u00f6nbs\u00e9gekr\u0151l, hogy alig l\u00e1tjuk a hasonl\u00f3t: mi a k\u00f6z\u00f6s a parasportban \u00e9s az \u00e9pek sportj\u00e1ban?<\/strong><\/p>\n\n\n\n<p>A k\u00fczdeni v\u00e1gy\u00e1s, a mindennapos testmozg\u00e1s \u00f6r\u00f6me \u00e9s a kitart\u00e1s mindenk\u00e9ppen k\u00f6z\u00f6sek, ezek nem v\u00e1lasztj\u00e1k el a fogyat\u00e9koss\u00e1ggal \u00e9l\u0151 \u00e9s az \u00e9p sportol\u00f3kat. A bizony\u00edt\u00e1si v\u00e1gy is egyetemes, az a t\u00f6rekv\u00e9s, hogy megmutassuk, hogy k\u00e9pesek vagyunk er\u0151fesz\u00edt\u00e9st tenni, eredm\u00e9nyeket el\u00e9rni.<\/p>\n\n\n\n<p><strong>Mi\u00e9rt, vagy \u00e9pp mi\u00e9rt nem sportol egy s\u00e9r\u00fclt ember?<\/strong><\/p>\n\n\n\n<p>A kifog\u00e1skeres\u00e9s embert\u00edpust\u00f3l f\u00fcgg, nem fogyat\u00e9koss\u00e1gt\u00f3l. A s\u00e9r\u00fcltek k\u00f6z\u00f6tt is van macer\u00e1sabb, probl\u00e9macentrikus szem\u00e9lyis\u00e9g \u00e9pp \u00fagy, mint az \u00e9pek k\u00f6z\u00f6tt. A fogyat\u00e9koss\u00e1ggal \u00e9l\u0151kn\u00e9l jogos lehet az a felvet\u00e9s, hogy neh\u00e9z eljutni az edz\u00e9sre, hiszen az akad\u00e1lymentes\u00edt\u00e9s m\u00e9g nem \u00e1ltal\u00e1nos. De k\u00f6zel h\u00fasz \u00e9vet t\u00f6lt\u00f6ttem el a parasport k\u00f6zeg\u00e9ben, \u00e9s azt tapasztaltam, hogy szinte minden megoldhat\u00f3. L\u00e1ttam rendk\u00edv\u00fcl s\u00falyosan s\u00e9r\u00fclt, kerekessz\u00e9kes embert, aki nem akadt fenn azon, hogy sz\u00e1m\u00e1ra j\u00e1rhatatlan \u00fat vezetett a konditerembe, megszervezte, hogy legyen seg\u00edts\u00e9ge. \u00c9s l\u00e1ttam olyat is, aki a minim\u00e1lis neh\u00e9zs\u00e9gb\u0151l is probl\u00e9m\u00e1t csin\u00e1lt.<\/p>\n\n\n\n<p><strong>H\u00e9t\u00e9ves korodban a jobb v\u00e1lladban tal\u00e1lt ciszta \u00e9s egy orvosi m\u0171hiba t\u00f6bbh\u00f3napos m\u0171t\u00e9tsorozathoz, v\u00e9g\u00fcl a jobb karod elveszt\u00e9s\u00e9hez vezetett. Akkor \u2013 saj\u00e1t bevall\u00e1sod szerint \u2013 d\u00f6ntened kellett, hogy elfogadod a helyzetedet, vagy belemer\u00fclsz az \u00f6nsajn\u00e1latba. Tud ilyesmit m\u00e9rlegelni egy h\u00e9t\u00e9ves gyerek?<\/strong><\/p>\n\n\n\n<p>Ez egy \u00e9rdekes, extr\u00e9m helyzet volt, mert nem nagyon volt id\u0151m gondolkodni. Egyszer\u0171en folytam az esem\u00e9nyekkel, \u00e9s valahonnan kaptam egy bels\u0151 er\u0151t, ami afel\u00e9 terelt, hogy ezt most musz\u00e1j v\u00e9gigcsin\u00e1lni. Mikor az utols\u00f3 m\u0171t\u00e9t ut\u00e1n kivittek a k\u00f3rh\u00e1zb\u00f3l, t\u00f6bb mint negyed \u00e9v ut\u00e1n ker\u00fcltem haza. Tal\u00e1n ez\u00e9rt volt, hogy nem a karom miatt s\u00edrtam, hanem ink\u00e1bb annak \u00f6r\u00fcltem, hogy az eg\u00e9sz tort\u00fara v\u00e9gre lez\u00e1rult. El\u0151j\u00f6tt bennem ez a bels\u0151 er\u0151, min\u00e9l hamarabb pr\u00f3b\u00e1ltam azt csin\u00e1lni, amit a testv\u00e9reim, igyekeztem visszailleszkedni a t\u00f6bbi gyerek k\u00f6z\u00e9. \u00c9n magam k\u00e9rtem, hogy mehessek iskol\u00e1ba, \u00e9s a sz\u00fcleim, akik el\u0151tte egy \u00e9v kihagy\u00e1sban gondolkodtak, nagyon meg\u00f6r\u00fcltek ennek. K\u00e9t h\u00e9ttel az amput\u00e1ci\u00f3 ut\u00e1n ott \u00fcltem az oszt\u00e1lyteremben \u2013 \u00e9s tal\u00e1n \u00e9pp ez mentett meg az \u00f6nsajn\u00e1latba s\u00fcpped\u00e9st\u0151l. Az a l\u00e9nyeg, hogy trauma ut\u00e1n min\u00e9l el\u0151bb ind\u00edtsuk be az \u00e9letet, vegy\u00fck f\u00f6l a fonalat. M\u00e1r az \u00e1tlend\u00edt a m\u00e9lyponton, ha elkezdj\u00fck gy\u0171jteni az er\u0151t.<\/p>\n\n\n\n<figure class=\"wp-block-image\"><img loading=\"lazy\" decoding=\"async\" width=\"240\" height=\"300\" src=\"https:\/\/news.access4you.io\/wp-content\/uploads\/2021\/09\/Csuri1.jpg\" alt=\"\" class=\"wp-image-4375\"\/><\/figure>\n\n\n\n<p><strong>T\u00edz \u00e9vig minden vil\u00e1gversenyen d\u00f6nt\u0151t \u00faszt\u00e1l, k\u00e9t paralimpi\u00e1n szerepelt\u00e9l, k\u00e9tszeres Eb-bronz\u00e9rmes vagy. Mennyire j\u00e1r egy\u00fctt a parasportol\u00f3i l\u00e9ttel a \u201ek\u00f6telez\u0151\u201d p\u00e9ldak\u00e9p-szerep?<\/strong><\/p>\n\n\n\n<p>Sem magamon, sem a n\u00e1lam nagyobb bajnokokon nem \u00e9reztem soha, hogy ez probl\u00e9m\u00e1t okozott volna. Mi pontosan tudjuk, mit jelent s\u00e9r\u00fclt gyermekk\u00e9nt l\u00e1tni egy m\u00e1r befutott parasportol\u00f3t. Nek\u00fcnk majdhogynem k\u00f6teless\u00e9g\u00fcnk is b\u00e1tor\u00edtani \u2013 ez a legkevesebb, amit visszaadhatunk a sportnak. Teljesen term\u00e9szetes, hogy ha egy fiatalabb odaj\u00f6n hozz\u00e1nk, \u00e9s m\u00e9g el is van ken\u0151dve kicsit, akkor van k\u00e9t-h\u00e1rom j\u00f3 szavunk, hogy tudja: ezt meg\u00e9ri csin\u00e1lni m\u00e9g akkor is, ha most \u00e9pp t\u00e1volinak \u00e9rzi a c\u00e9ljait. Mert bel\u0151l\u00fck lesznek a Sors Tam\u00e1sok, az Ill\u00e9s Fannik, mert \u0151k is ugyan\u00edgy kezdt\u00e9k, vagy ak\u00e1r m\u00e9g nehezebb helyzetb\u0151l, \u00f6nbizalomhi\u00e1nnyal, rosszabb csal\u00e1di h\u00e1tt\u00e9rrel. \u00c9n m\u00e9g nem l\u00e1ttam olyan paralimpikont, aki ne \u0151szint\u00e9n, sz\u00edvb\u0151l buzd\u00edtotta volna azt, aki hozz\u00e1 fordult.<\/p>\n\n\n\n<p><strong>A toki\u00f3i paralimpi\u00e1n el\u00e9rt eredm\u00e9nyek is tan\u00fas\u00edtj\u00e1k, milyen kiv\u00e1l\u00f3 a magyar profi parasport. Mi a helyzet a szabadid\u0151sporttal?<\/strong><\/p>\n\n\n\n<p>Egyre t\u00f6bb mozg\u00e1ss\u00e9r\u00fclt emberrel tal\u00e1lkozom, akik sportolnak, rekre\u00e1ci\u00f3s edz\u00e9st v\u00e9geznek, futnak a Margitszigeten, uszod\u00e1ba j\u00e1rnak. Vannak szabadid\u0151parkok, street workout p\u00e1ly\u00e1k \u00e9s eszk\u00f6z\u00f6k, amelyeket kifejezetten mozg\u00e1skorl\u00e1tozottaknak alak\u00edtanak ki. Elengedhetetlenek az akad\u00e1lymentes sporthelysz\u00ednek, \u00e9s az odajut\u00e1s felt\u00e9teleinek is adottaknak kell lenni\u00fck, p\u00e9ld\u00e1ul a t\u00f6megk\u00f6zleked\u00e9snek. A fogyat\u00e9koss\u00e1ggal \u00e9l\u0151knek a bizonytalans\u00e1g az igazi ellenf\u00e9l: visszatart\u00f3 er\u0151, ha az illet\u0151 nem tudja, hogy el tud-e menni egy\u00e1ltal\u00e1n sportolni, vagy hogy mi v\u00e1r r\u00e1 a helysz\u00ednen.<\/p>\n\n\n\n<p><strong>Tudatosabb\u00e1 teszi az embert a test\u00e9vel kapcsolatban, ha s\u00e9r\u00fcl\u00e9se, fogyat\u00e9koss\u00e1ga van?<\/strong><\/p>\n\n\n\n<p>Szerintem igen. Aki valamif\u00e9le h\u00e1tr\u00e1nnyal \u00e9l, az semmik\u00e9pp sem szeretne m\u00e9g t\u00f6bb h\u00e1tr\u00e1nyt. Egy kerekessz\u00e9kes vagy v\u00e9gtaghi\u00e1nyos ember ha nem foglalkozik tudatosan a test\u00e9vel, ak\u00e1r rekre\u00e1ci\u00f3s edz\u00e9sekkel, ak\u00e1r a t\u00fals\u00faly megel\u0151z\u00e9s\u00e9vel, akkor egyre nehezebben tud majd mozogni. \u00c9n a s\u00e9r\u00fcltek t\u00f6bbs\u00e9g\u00e9n\u00e9l nagy tudatoss\u00e1got l\u00e1tok ilyen t\u00e9ren, jellemz\u0151en odafigyelnek magukra \u00e9s egym\u00e1sra is \u2013 tal\u00e1n kicsit jobban, mint az \u00e9pek<\/p>\n\n\n\n<p><strong>Te profik\u00e9nt a Ferencv\u00e1rosban az \u00e9p \u00fasz\u00f3kkal egy\u00fctt edzett\u00e9l. Egy kisebb, vid\u00e9ki klubban is lehet integr\u00e1ltan edzeni?<\/strong><\/p>\n\n\n\n<p>Az akad\u00e1lymentes sportklubok, stadionok, csarnokok legink\u00e1bb a nagyv\u00e1rosokban \u00e9rhet\u0151k el. Szerencs\u00e9re egyre t\u00f6bb vid\u00e9ki v\u00e1ros t\u00e1mogatja a parasportot, P\u00e9csett ma m\u00e1r p\u00e9ld\u00e1ul komplett para\u00fasz\u00f3 b\u00e1zis m\u0171k\u00f6dik. Els\u0151dleges a csal\u00e1d, a t\u00e1mogat\u00f3 k\u00f6zeg: ha ez nincs meg, akkor kisebb telep\u00fcl\u00e9seken egyel\u0151re nehezebb \u2013 de nem lehetetlen \u2013 olyan egyes\u00fcletet vagy edz\u0151t tal\u00e1lni, aki seg\u00edtene a sportolni v\u00e1gy\u00f3nak.<\/p>\n\n\n\n<p><strong>Febru\u00e1r 22-e a Magyar Parasport Napja, ehhez kapcsol\u00f3d\u00f3an ind\u00edtotta a Magyar Paralimpiai Bizotts\u00e1g a L\u00e9lekmozgat\u00f3 c\u00edm\u0171 parasport-n\u00e9pszer\u0171s\u00edt\u0151 iskolai programot. Vannak m\u00e9g hasonl\u00f3 c\u00e9l\u00fa rendezv\u00e9nyek, projekt?<\/strong><\/p>\n\n\n\n<p>Nagyon j\u00f3 l\u00e1tni, mennyivel nagyobb a parasport \u00e9s \u00e1ltal\u00e1ban a fogyat\u00e9koss\u00e1g elfogadotts\u00e1ga, mint ak\u00e1r az \u00e9n gyerekkoromban volt. Engem is egyre t\u00f6bb sportesem\u00e9nyre, v\u00e1rosi sportnapra h\u00edvnak el\u0151adni. Sokkal t\u00f6bb integr\u00e1ltan szervezett rendezv\u00e9ny van, bemutat\u00f3kkal, paralimpikon vend\u00e9gekkel, interakt\u00edv ismeretterjeszt\u00e9ssel. A L\u00e9lekmozgat\u00f3 is sikert\u00f6rt\u00e9net, hiszen mozgalom lett bel\u0151le, t\u00f6bb sz\u00e1z iskola csatlakozik hozz\u00e1 minden \u00e9vben.<\/p>\n\n\n\n<figure class=\"wp-block-image size-large\"><img loading=\"lazy\" decoding=\"async\" width=\"1024\" height=\"768\" src=\"https:\/\/news.access4you.io\/wp-content\/uploads\/2021\/09\/Csuri2-1024x768.jpg\" alt=\"\" class=\"wp-image-4377\" srcset=\"https:\/\/news.access4you.io\/wp-content\/uploads\/2021\/09\/Csuri2-1024x768.jpg 1024w, https:\/\/news.access4you.io\/wp-content\/uploads\/2021\/09\/Csuri2-300x225.jpg 300w, https:\/\/news.access4you.io\/wp-content\/uploads\/2021\/09\/Csuri2-768x576.jpg 768w, https:\/\/news.access4you.io\/wp-content\/uploads\/2021\/09\/Csuri2-1536x1152.jpg 1536w, https:\/\/news.access4you.io\/wp-content\/uploads\/2021\/09\/Csuri2-2048x1536.jpg 2048w\" sizes=\"auto, (max-width: 1024px) 100vw, 1024px\" \/><\/figure>\n\n\n\n<p><strong>Milyen sport\u00e1gak k\u00f6z\u00fcl v\u00e1laszthatnak itthon a fogyat\u00e9koss\u00e1ggal \u00e9l\u0151 emberek?<\/strong><\/p>\n\n\n\n<p>Ebben nagyon nagy fejl\u0151d\u00e9s t\u00f6rt\u00e9nt az elm\u00falt \u00e9vekben, ami nagyr\u00e9szt a Magyar Paralimpiai Bizotts\u00e1g munk\u00e1j\u00e1nak k\u00f6sz\u00f6nhet\u0151. A Bizotts\u00e1g honlapj\u00e1n megtal\u00e1lhat\u00f3 az \u00f6sszes magyar parasport\u00e1g \u2013 szervezetekkel, el\u00e9rhet\u0151s\u00e9gekkel egy\u00fctt \u2013 a bocci\u00e1t\u00f3l a kerekessz\u00e9kes v\u00edv\u00e1sig, a cs\u00f6rg\u0151labd\u00e1t\u00f3l az \u00fcl\u0151r\u00f6plapd\u00e1n \u00e1t a para\u00fasz\u00e1sig.<\/p>\n\n\n\n<p><strong>Mi\u00e9rt a para\u00fasz\u00e1s a legsikeresebb parasport\u00e1g itthon?<\/strong><\/p>\n\n\n\n<p>Egyr\u00e9szt az\u00e9rt, mert viszonylag hamar lehet \u00e9rmet szerezni: ha a sikert \u00e9rmekben m\u00e9rj\u00fck, akkor siker\u00e9lm\u00e9nyre j\u00f3csk\u00e1n van lehet\u0151s\u00e9g a sok versenysz\u00e1m, sok kateg\u00f3ria miatt. Emellett Magyarorsz\u00e1gon nagyon komoly szakemberek foglalkoznak ezzel a sporttal \u00e9vtizedek \u00f3ta. Kiv\u00e1l\u00f3 edz\u0151k dolgoznak a para\u00fasz\u00f3kkal napi k\u00e9t edz\u00e9ssel, j\u00f3l kialakult rendszerben. Mivel ter\u00e1pi\u00e1s c\u00e9llal nagyon sok s\u00e9r\u00fclt gyerek kezd \u00faszni, itt nagy a mer\u00edt\u00e9s is, a t\u00f6bb fiatalb\u00f3l hamarabb kiker\u00fclnek a kiemelked\u0151 tehets\u00e9gek, akik azt\u00e1n hozz\u00e1k az \u00e9rmeket, ahogy most is l\u00e1thattuk Toki\u00f3ban.<\/p>\n\n\n\n<p><strong>Egy interj\u00faban M\u00e1lnai Istv\u00e1nt, egykori edz\u0151det id\u00e9zted, aki azt mondta, hogy az \u00fasz\u00e1sban mindenk\u00e9pp \u201egaty\u00e1ra kell vetk\u0151zni\u201d, nem takargathatod, hogy mi bajod van. Az uszoda mindenkinek seg\u00edt szemben\u00e9zni azzal, amivel nem biztos, hogy szeretne?<\/strong><\/p>\n\n\n\n<p>Az uszoda, de maga a sport is olyan k\u00f6zeg, ahol a g\u00e1tl\u00e1sokat sokkal hamarabb levetk\u0151zz\u00fck, mint m\u00e1s helyzetekben. Aki a maraton utols\u00f3 sz\u00e1z m\u00e9ter\u00e9t futja, az nem azzal van elfoglalva, hogy hogy n\u00e9z ki. Mindenkinek van valamif\u00e9le testk\u00e9pe, amit el kell fogadnia, \u00e9s min\u00e9l id\u0151sebb kor\u00e1ban v\u00e1lik valaki fogyat\u00e9koss\u00e1ggal \u00e9l\u0151v\u00e9, ann\u00e1l nehezebb megtanulnia az \u00faj testk\u00e9ppel egy\u00fctt \u00e9lni. Az \u00f6nelfogad\u00e1sban nagyon sokat seg\u00edt, ha megtapasztalja azt, hogy m\u00e1sok elfogadj\u00e1k \u2013 erre pedig az uszoda t\u00f6k\u00e9letes terep. Az uszod\u00e1ban mindenkin l\u00e1tszik minden, a levetk\u0151z\u00e9s kik\u00e9nyszer\u00edt a komfortz\u00f3n\u00e1nkb\u00f3l, \u00e9s r\u00e1b\u00edr, hogy felv\u00e1llaljuk, hogy milyenek vagyunk. Kialakul egy fesztelens\u00e9g, ami a h\u00e9tk\u00f6znapi helyzetekben kincset \u00e9r \u2013 mi\u00e9rt szorongjak valami miatt, amit az uszod\u00e1ban sim\u00e1n l\u00e1t rajtam mindenki? A sportol\u00e1s nagyon hat\u00e9konyan seg\u00edt a magunk \u00e9s m\u00e1sok elfogad\u00e1s\u00e1ban.<\/p>\n\n\n\n<p><em>K\u00e9pek forr\u00e1sa: Csuri Ferenc saj\u00e1t gy\u0171jtem\u00e9nye<\/em><\/p>","protected":false},"excerpt":{"rendered":"<p>Csuri Ferenc volt paralimpikon, Eur\u00f3pa-cs\u00facstart\u00f3 \u00e9s k\u00e9tszeres Eb-bronz\u00e9rmes \u00fasz\u00f3 a maga b\u0151r\u00e9n tapasztalta, hogy f\u00e9l karral \u00e9lni nem f\u00e9lig vagy f\u00e9lve \u00e9lt \u00e9letet jelent, hogy az uszod\u00e1n\u00e1l nincs jobb terep az \u00f6nelfogad\u00e1sra, \u00e9s hogy az embert m\u00e1r az \u00e1tlend\u00edti a m\u00e9lyponton, ha egy\u00e1ltal\u00e1n gy\u0171jteni kezdi hozz\u00e1 az er\u0151t. Kir\u00e1ly Eszter interj\u00faja. Annyit besz\u00e9l\u00fcnk a k\u00fcl\u00f6nbs\u00e9gekr\u0151l, [&hellip;]<\/p>","protected":false},"author":1,"featured_media":4374,"comment_status":"closed","ping_status":"closed","sticky":false,"template":"","format":"standard","meta":{"footnotes":""},"categories":[74,10],"tags":[],"class_list":["post-4373","post","type-post","status-publish","format-standard","has-post-thumbnail","hentry","category-szivugyunk","category-blog"],"yoast_head":"<!-- This site is optimized with the Yoast SEO plugin v23.8 - https:\/\/yoast.com\/wordpress\/plugins\/seo\/ -->\n<title>A parasport (sz)\u00e9p \u00e9lethez vezet - Access4you H\u00edrek<\/title>\n<meta name=\"description\" content=\"Csuri Ferenc paralimpikonnal a (para)sportr\u00f3l, a hazai parasportol\u00f3k sikereir\u0151l \u00e9s \u00f6nmagunk elfogad\u00e1s\u00e1r\u00f3l besz\u00e9lgett\u00fcnk.\" \/>\n<meta name=\"robots\" content=\"index, follow, max-snippet:-1, max-image-preview:large, max-video-preview:-1\" \/>\n<link rel=\"canonical\" href=\"https:\/\/news.access4you.io\/en\/2021\/09\/05\/a-parasport-szep-elethez-vezet\/\" \/>\n<meta property=\"og:locale\" content=\"en_US\" \/>\n<meta property=\"og:type\" content=\"article\" \/>\n<meta property=\"og:title\" content=\"A parasport (sz)\u00e9p \u00e9lethez vezet - Access4you H\u00edrek\" \/>\n<meta property=\"og:description\" content=\"Csuri Ferenc paralimpikonnal a (para)sportr\u00f3l, a hazai parasportol\u00f3k sikereir\u0151l \u00e9s \u00f6nmagunk elfogad\u00e1s\u00e1r\u00f3l besz\u00e9lgett\u00fcnk.\" \/>\n<meta property=\"og:url\" content=\"https:\/\/news.access4you.io\/en\/2021\/09\/05\/a-parasport-szep-elethez-vezet\/\" \/>\n<meta property=\"og:site_name\" content=\"Access4you H\u00edrek\" \/>\n<meta property=\"article:published_time\" content=\"2021-09-05T13:04:00+00:00\" \/>\n<meta property=\"article:modified_time\" content=\"2021-09-05T13:05:47+00:00\" \/>\n<meta property=\"og:image\" content=\"https:\/\/news.access4you.io\/wp-content\/uploads\/2021\/09\/Csuri3.jpg\" \/>\n\t<meta property=\"og:image:width\" content=\"1200\" \/>\n\t<meta property=\"og:image:height\" content=\"800\" \/>\n\t<meta property=\"og:image:type\" content=\"image\/jpeg\" \/>\n<meta name=\"author\" content=\"access4you\" \/>\n<meta name=\"twitter:card\" content=\"summary_large_image\" \/>\n<meta name=\"twitter:label1\" content=\"Written by\" \/>\n\t<meta name=\"twitter:data1\" content=\"access4you\" \/>\n\t<meta name=\"twitter:label2\" content=\"Est. reading time\" \/>\n\t<meta name=\"twitter:data2\" content=\"9 minutes\" \/>\n<script type=\"application\/ld+json\" class=\"yoast-schema-graph\">{\"@context\":\"https:\/\/schema.org\",\"@graph\":[{\"@type\":\"Article\",\"@id\":\"https:\/\/news.access4you.io\/2021\/09\/05\/a-parasport-szep-elethez-vezet\/#article\",\"isPartOf\":{\"@id\":\"https:\/\/news.access4you.io\/2021\/09\/05\/a-parasport-szep-elethez-vezet\/\"},\"author\":{\"name\":\"access4you\",\"@id\":\"https:\/\/news.access4you.io\/#\/schema\/person\/cb4fff088aa5f5f43a6f4ce3a1e2e084\"},\"headline\":\"A parasport (sz)\u00e9p \u00e9lethez vezet\",\"datePublished\":\"2021-09-05T13:04:00+00:00\",\"dateModified\":\"2021-09-05T13:05:47+00:00\",\"mainEntityOfPage\":{\"@id\":\"https:\/\/news.access4you.io\/2021\/09\/05\/a-parasport-szep-elethez-vezet\/\"},\"wordCount\":1706,\"publisher\":{\"@id\":\"https:\/\/news.access4you.io\/#organization\"},\"image\":{\"@id\":\"https:\/\/news.access4you.io\/2021\/09\/05\/a-parasport-szep-elethez-vezet\/#primaryimage\"},\"thumbnailUrl\":\"https:\/\/news.access4you.io\/wp-content\/uploads\/2021\/09\/Csuri3.jpg\",\"articleSection\":[\"Sz\u00edv\u00fcgy\u00fcnk\",\"Blog\"],\"inLanguage\":\"en-US\"},{\"@type\":\"WebPage\",\"@id\":\"https:\/\/news.access4you.io\/2021\/09\/05\/a-parasport-szep-elethez-vezet\/\",\"url\":\"https:\/\/news.access4you.io\/2021\/09\/05\/a-parasport-szep-elethez-vezet\/\",\"name\":\"A parasport (sz)\u00e9p \u00e9lethez vezet - Access4you H\u00edrek\",\"isPartOf\":{\"@id\":\"https:\/\/news.access4you.io\/#website\"},\"primaryImageOfPage\":{\"@id\":\"https:\/\/news.access4you.io\/2021\/09\/05\/a-parasport-szep-elethez-vezet\/#primaryimage\"},\"image\":{\"@id\":\"https:\/\/news.access4you.io\/2021\/09\/05\/a-parasport-szep-elethez-vezet\/#primaryimage\"},\"thumbnailUrl\":\"https:\/\/news.access4you.io\/wp-content\/uploads\/2021\/09\/Csuri3.jpg\",\"datePublished\":\"2021-09-05T13:04:00+00:00\",\"dateModified\":\"2021-09-05T13:05:47+00:00\",\"description\":\"Csuri Ferenc paralimpikonnal a (para)sportr\u00f3l, a hazai parasportol\u00f3k sikereir\u0151l \u00e9s \u00f6nmagunk elfogad\u00e1s\u00e1r\u00f3l besz\u00e9lgett\u00fcnk.\",\"breadcrumb\":{\"@id\":\"https:\/\/news.access4you.io\/2021\/09\/05\/a-parasport-szep-elethez-vezet\/#breadcrumb\"},\"inLanguage\":\"en-US\",\"potentialAction\":[{\"@type\":\"ReadAction\",\"target\":[\"https:\/\/news.access4you.io\/2021\/09\/05\/a-parasport-szep-elethez-vezet\/\"]}]},{\"@type\":\"ImageObject\",\"inLanguage\":\"en-US\",\"@id\":\"https:\/\/news.access4you.io\/2021\/09\/05\/a-parasport-szep-elethez-vezet\/#primaryimage\",\"url\":\"https:\/\/news.access4you.io\/wp-content\/uploads\/2021\/09\/Csuri3.jpg\",\"contentUrl\":\"https:\/\/news.access4you.io\/wp-content\/uploads\/2021\/09\/Csuri3.jpg\",\"width\":1200,\"height\":800,\"caption\":\"Csuri Ferenc paralimpikon usz\u00f3\"},{\"@type\":\"BreadcrumbList\",\"@id\":\"https:\/\/news.access4you.io\/2021\/09\/05\/a-parasport-szep-elethez-vezet\/#breadcrumb\",\"itemListElement\":[{\"@type\":\"ListItem\",\"position\":1,\"name\":\"Kezd\u0151lap\",\"item\":\"https:\/\/news.access4you.io\/\"},{\"@type\":\"ListItem\",\"position\":2,\"name\":\"A parasport (sz)\u00e9p \u00e9lethez vezet\"}]},{\"@type\":\"WebSite\",\"@id\":\"https:\/\/news.access4you.io\/#website\",\"url\":\"https:\/\/news.access4you.io\/\",\"name\":\"Access4you H\u00edrek\",\"description\":\"\",\"publisher\":{\"@id\":\"https:\/\/news.access4you.io\/#organization\"},\"potentialAction\":[{\"@type\":\"SearchAction\",\"target\":{\"@type\":\"EntryPoint\",\"urlTemplate\":\"https:\/\/news.access4you.io\/?s={search_term_string}\"},\"query-input\":{\"@type\":\"PropertyValueSpecification\",\"valueRequired\":true,\"valueName\":\"search_term_string\"}}],\"inLanguage\":\"en-US\"},{\"@type\":\"Organization\",\"@id\":\"https:\/\/news.access4you.io\/#organization\",\"name\":\"Access4you H\u00edrek\",\"url\":\"https:\/\/news.access4you.io\/\",\"logo\":{\"@type\":\"ImageObject\",\"inLanguage\":\"en-US\",\"@id\":\"https:\/\/news.access4you.io\/#\/schema\/logo\/image\/\",\"url\":\"https:\/\/news.access4you.io\/wp-content\/uploads\/2021\/01\/a4u-logo-black.png\",\"contentUrl\":\"https:\/\/news.access4you.io\/wp-content\/uploads\/2021\/01\/a4u-logo-black.png\",\"width\":726,\"height\":454,\"caption\":\"Access4you H\u00edrek\"},\"image\":{\"@id\":\"https:\/\/news.access4you.io\/#\/schema\/logo\/image\/\"}},{\"@type\":\"Person\",\"@id\":\"https:\/\/news.access4you.io\/#\/schema\/person\/cb4fff088aa5f5f43a6f4ce3a1e2e084\",\"name\":\"access4you\",\"image\":{\"@type\":\"ImageObject\",\"inLanguage\":\"en-US\",\"@id\":\"https:\/\/news.access4you.io\/#\/schema\/person\/image\/\",\"url\":\"https:\/\/secure.gravatar.com\/avatar\/9795a8b3afc7ed258d167a92dbb1075b37bab5bc83b1ac9182ff4f58c22040b8?s=96&d=mm&r=g\",\"contentUrl\":\"https:\/\/secure.gravatar.com\/avatar\/9795a8b3afc7ed258d167a92dbb1075b37bab5bc83b1ac9182ff4f58c22040b8?s=96&d=mm&r=g\",\"caption\":\"access4you\"},\"sameAs\":[\"http:\/\/localhost\/access4you\"],\"url\":\"https:\/\/news.access4you.io\/en\/author\/access4you\/\"}]}<\/script>\n<!-- \/ Yoast SEO plugin. -->","yoast_head_json":{"title":"A parasport (sz)\u00e9p \u00e9lethez vezet - Access4you H\u00edrek","description":"Csuri Ferenc paralimpikonnal a (para)sportr\u00f3l, a hazai parasportol\u00f3k sikereir\u0151l \u00e9s \u00f6nmagunk elfogad\u00e1s\u00e1r\u00f3l besz\u00e9lgett\u00fcnk.","robots":{"index":"index","follow":"follow","max-snippet":"max-snippet:-1","max-image-preview":"max-image-preview:large","max-video-preview":"max-video-preview:-1"},"canonical":"https:\/\/news.access4you.io\/en\/2021\/09\/05\/a-parasport-szep-elethez-vezet\/","og_locale":"en_US","og_type":"article","og_title":"A parasport (sz)\u00e9p \u00e9lethez vezet - Access4you H\u00edrek","og_description":"Csuri Ferenc paralimpikonnal a (para)sportr\u00f3l, a hazai parasportol\u00f3k sikereir\u0151l \u00e9s \u00f6nmagunk elfogad\u00e1s\u00e1r\u00f3l besz\u00e9lgett\u00fcnk.","og_url":"https:\/\/news.access4you.io\/en\/2021\/09\/05\/a-parasport-szep-elethez-vezet\/","og_site_name":"Access4you H\u00edrek","article_published_time":"2021-09-05T13:04:00+00:00","article_modified_time":"2021-09-05T13:05:47+00:00","og_image":[{"width":1200,"height":800,"url":"https:\/\/news.access4you.io\/wp-content\/uploads\/2021\/09\/Csuri3.jpg","type":"image\/jpeg"}],"author":"access4you","twitter_card":"summary_large_image","twitter_misc":{"Written by":"access4you","Est. reading time":"9 minutes"},"schema":{"@context":"https:\/\/schema.org","@graph":[{"@type":"Article","@id":"https:\/\/news.access4you.io\/2021\/09\/05\/a-parasport-szep-elethez-vezet\/#article","isPartOf":{"@id":"https:\/\/news.access4you.io\/2021\/09\/05\/a-parasport-szep-elethez-vezet\/"},"author":{"name":"access4you","@id":"https:\/\/news.access4you.io\/#\/schema\/person\/cb4fff088aa5f5f43a6f4ce3a1e2e084"},"headline":"A parasport (sz)\u00e9p \u00e9lethez vezet","datePublished":"2021-09-05T13:04:00+00:00","dateModified":"2021-09-05T13:05:47+00:00","mainEntityOfPage":{"@id":"https:\/\/news.access4you.io\/2021\/09\/05\/a-parasport-szep-elethez-vezet\/"},"wordCount":1706,"publisher":{"@id":"https:\/\/news.access4you.io\/#organization"},"image":{"@id":"https:\/\/news.access4you.io\/2021\/09\/05\/a-parasport-szep-elethez-vezet\/#primaryimage"},"thumbnailUrl":"https:\/\/news.access4you.io\/wp-content\/uploads\/2021\/09\/Csuri3.jpg","articleSection":["Sz\u00edv\u00fcgy\u00fcnk","Blog"],"inLanguage":"en-US"},{"@type":"WebPage","@id":"https:\/\/news.access4you.io\/2021\/09\/05\/a-parasport-szep-elethez-vezet\/","url":"https:\/\/news.access4you.io\/2021\/09\/05\/a-parasport-szep-elethez-vezet\/","name":"A parasport (sz)\u00e9p \u00e9lethez vezet - Access4you H\u00edrek","isPartOf":{"@id":"https:\/\/news.access4you.io\/#website"},"primaryImageOfPage":{"@id":"https:\/\/news.access4you.io\/2021\/09\/05\/a-parasport-szep-elethez-vezet\/#primaryimage"},"image":{"@id":"https:\/\/news.access4you.io\/2021\/09\/05\/a-parasport-szep-elethez-vezet\/#primaryimage"},"thumbnailUrl":"https:\/\/news.access4you.io\/wp-content\/uploads\/2021\/09\/Csuri3.jpg","datePublished":"2021-09-05T13:04:00+00:00","dateModified":"2021-09-05T13:05:47+00:00","description":"Csuri Ferenc paralimpikonnal a (para)sportr\u00f3l, a hazai parasportol\u00f3k sikereir\u0151l \u00e9s \u00f6nmagunk elfogad\u00e1s\u00e1r\u00f3l besz\u00e9lgett\u00fcnk.","breadcrumb":{"@id":"https:\/\/news.access4you.io\/2021\/09\/05\/a-parasport-szep-elethez-vezet\/#breadcrumb"},"inLanguage":"en-US","potentialAction":[{"@type":"ReadAction","target":["https:\/\/news.access4you.io\/2021\/09\/05\/a-parasport-szep-elethez-vezet\/"]}]},{"@type":"ImageObject","inLanguage":"en-US","@id":"https:\/\/news.access4you.io\/2021\/09\/05\/a-parasport-szep-elethez-vezet\/#primaryimage","url":"https:\/\/news.access4you.io\/wp-content\/uploads\/2021\/09\/Csuri3.jpg","contentUrl":"https:\/\/news.access4you.io\/wp-content\/uploads\/2021\/09\/Csuri3.jpg","width":1200,"height":800,"caption":"Csuri Ferenc paralimpikon usz\u00f3"},{"@type":"BreadcrumbList","@id":"https:\/\/news.access4you.io\/2021\/09\/05\/a-parasport-szep-elethez-vezet\/#breadcrumb","itemListElement":[{"@type":"ListItem","position":1,"name":"Kezd\u0151lap","item":"https:\/\/news.access4you.io\/"},{"@type":"ListItem","position":2,"name":"A parasport (sz)\u00e9p \u00e9lethez vezet"}]},{"@type":"WebSite","@id":"https:\/\/news.access4you.io\/#website","url":"https:\/\/news.access4you.io\/","name":"Access4you H\u00edrek","description":"","publisher":{"@id":"https:\/\/news.access4you.io\/#organization"},"potentialAction":[{"@type":"SearchAction","target":{"@type":"EntryPoint","urlTemplate":"https:\/\/news.access4you.io\/?s={search_term_string}"},"query-input":{"@type":"PropertyValueSpecification","valueRequired":true,"valueName":"search_term_string"}}],"inLanguage":"en-US"},{"@type":"Organization","@id":"https:\/\/news.access4you.io\/#organization","name":"Access4you H\u00edrek","url":"https:\/\/news.access4you.io\/","logo":{"@type":"ImageObject","inLanguage":"en-US","@id":"https:\/\/news.access4you.io\/#\/schema\/logo\/image\/","url":"https:\/\/news.access4you.io\/wp-content\/uploads\/2021\/01\/a4u-logo-black.png","contentUrl":"https:\/\/news.access4you.io\/wp-content\/uploads\/2021\/01\/a4u-logo-black.png","width":726,"height":454,"caption":"Access4you H\u00edrek"},"image":{"@id":"https:\/\/news.access4you.io\/#\/schema\/logo\/image\/"}},{"@type":"Person","@id":"https:\/\/news.access4you.io\/#\/schema\/person\/cb4fff088aa5f5f43a6f4ce3a1e2e084","name":"access4you","image":{"@type":"ImageObject","inLanguage":"en-US","@id":"https:\/\/news.access4you.io\/#\/schema\/person\/image\/","url":"https:\/\/secure.gravatar.com\/avatar\/9795a8b3afc7ed258d167a92dbb1075b37bab5bc83b1ac9182ff4f58c22040b8?s=96&d=mm&r=g","contentUrl":"https:\/\/secure.gravatar.com\/avatar\/9795a8b3afc7ed258d167a92dbb1075b37bab5bc83b1ac9182ff4f58c22040b8?s=96&d=mm&r=g","caption":"access4you"},"sameAs":["http:\/\/localhost\/access4you"],"url":"https:\/\/news.access4you.io\/en\/author\/access4you\/"}]}},"_links":{"self":[{"href":"https:\/\/news.access4you.io\/en\/wp-json\/wp\/v2\/posts\/4373","targetHints":{"allow":["GET"]}}],"collection":[{"href":"https:\/\/news.access4you.io\/en\/wp-json\/wp\/v2\/posts"}],"about":[{"href":"https:\/\/news.access4you.io\/en\/wp-json\/wp\/v2\/types\/post"}],"author":[{"embeddable":true,"href":"https:\/\/news.access4you.io\/en\/wp-json\/wp\/v2\/users\/1"}],"replies":[{"embeddable":true,"href":"https:\/\/news.access4you.io\/en\/wp-json\/wp\/v2\/comments?post=4373"}],"version-history":[{"count":0,"href":"https:\/\/news.access4you.io\/en\/wp-json\/wp\/v2\/posts\/4373\/revisions"}],"wp:featuredmedia":[{"embeddable":true,"href":"https:\/\/news.access4you.io\/en\/wp-json\/wp\/v2\/media\/4374"}],"wp:attachment":[{"href":"https:\/\/news.access4you.io\/en\/wp-json\/wp\/v2\/media?parent=4373"}],"wp:term":[{"taxonomy":"category","embeddable":true,"href":"https:\/\/news.access4you.io\/en\/wp-json\/wp\/v2\/categories?post=4373"},{"taxonomy":"post_tag","embeddable":true,"href":"https:\/\/news.access4you.io\/en\/wp-json\/wp\/v2\/tags?post=4373"}],"curies":[{"name":"wp","href":"https:\/\/api.w.org\/{rel}","templated":true}]}}