{"id":4416,"date":"2021-09-30T12:54:35","date_gmt":"2021-09-30T12:54:35","guid":{"rendered":"http:\/\/news.access4you.io\/?p=4416"},"modified":"2021-09-30T13:15:29","modified_gmt":"2021-09-30T13:15:29","slug":"apro-oromok-parosa","status":"publish","type":"post","link":"https:\/\/news.access4you.io\/en\/2021\/09\/30\/apro-oromok-parosa\/","title":{"rendered":"Apr\u00f3 \u00f6r\u00f6m\u00f6k p\u00e1rosa"},"content":{"rendered":"<p><strong>Fogyat\u00e9koss\u00e1ggal \u00e9l\u0151 \u00e9s \u00e9p emberek h\u00e1zass\u00e1ga m\u00e9g ma is gyakran kelt meg\u00fctk\u00f6z\u00e9st a k\u00edv\u00fcl\u00e1ll\u00f3kban, az ilyen p\u00e1rok pedig gyakran a \u201eketten a vil\u00e1g ellen\u201d-szerepben rejt\u0151znek el\u2026 \u2013 \u00edgy kezd\u0151dhetne ez a cikk, ha nem B\u00e1nlaki Szabolcsr\u00f3l \u00e9s Czinderi Veronik\u00e1r\u00f3l volna sz\u00f3. \u00c1m az \u0151 t\u00f6rt\u00e9net\u00fckben a g\u00f6rd\u00fcl\u00e9keny der\u0171 a f\u0151h\u0151s, a kerekessz\u00e9k legfeljebb mell\u00e9kszerepl\u0151: n\u00e9ha humorforr\u00e1s, olykor s\u00e1rk\u00e1nyr\u00f6ptet\u0151 eszk\u00f6z, id\u0151nk\u00e9nt trollfaktor, \u00e9s az is el\u0151fordul, hogy feladat \u2013 de nem akad\u00e1ly. A kerek \u00e9letnek \u2013 \u00e9s a szerelemnek \u2013 biztosan nem.<\/strong> <em>Kir\u00e1ly Eszter riportja. <\/em><\/p>\n\n\n\n<p>H\u00e1rom \u00e9vvel ezel\u0151tt, v\u00e9gz\u0151s orvostanhallgat\u00f3k\u00e9nt Vercsinek, vagyis Czinderi Veronik\u00e1nak szil\u00e1rd meggy\u0151z\u0151d\u00e9se volt, hogy \u0151 nem szeretne f\u00e9rjet, csal\u00e1dot, hiszen \u201ea neurol\u00f3gusok \u00fagysem \u00e9rnek r\u00e1 ilyesmire\u201d. T\u00e1rsadalmi \u00e9s szakmai szempontb\u00f3l is hasznos \u00f6nk\u00e9ntesked\u00e9si lehet\u0151s\u00e9g ut\u00e1n n\u00e9zett, \u00edgy k\u00f6t\u00f6tt ki a Gy\u00f3gy\u00edt\u00f3 J\u00f3sz\u00e1nd\u00e9k Alap\u00edtv\u00e1nyn\u00e1l, amely izomsorvad\u00e1sos betegs\u00e9gben szenved\u0151 gyerekeket t\u00e1mogat. Egy alap\u00edtv\u00e1nyi rendezv\u00e9nyen tal\u00e1lkozott el\u0151sz\u00f6r Szabolccsal, aki fot\u00f3s-grafikusk\u00e9nt m\u00e1r \u00e9vek \u00f3ta \u00f6nk\u00e9nteskedett a szervezetn\u00e9l. Morcos, komoly, kerekessz\u00e9kes ember, biztosan elege van az \u00e9letb\u0151l \u2013 ez volt az els\u0151 benyom\u00e1sa r\u00f3la, de az ismer\u0151snek jel\u00f6l\u00e9s az\u00e9rt megt\u00f6rt\u00e9nt. Mint kider\u00fclt: B\u00e1nlaki Szabolcs t\u00f6bbnyire komoly ember, morcosnak is joggal nevezhet\u0151 n\u00e9hanap, \u00e9s val\u00f3ban kerekessz\u00e9kes \u2013 az \u00e9lettel, az \u00e9let sz\u00e9ps\u00e9geivel viszont nem val\u00f3sz\u00edn\u0171, hogy b\u00e1rmikor is be tudna telni. Vercsi \u00e1llamvizsg\u00e1ja \u00e9s ny\u00e1ri munk\u00e1ja miatt n\u00e9h\u00e1ny h\u00e9tig az online t\u00e9rben ismerkedtek egym\u00e1ssal. Az \u00fczenetv\u00e1lt\u00e1sokkal, egym\u00e1snak sz\u00e1nt posztokkal, s\u0171r\u0171s\u00f6d\u0151 sz\u00edvecske-emojikkal kik\u00f6vezett \u00fat eg\u00e9szen a h\u00e1zass\u00e1gk\u00f6t\u00e9sig vezetett \u2013 \u00e9s vezet az\u00f3ta is tov\u00e1bb.<\/p>\n\n\n\n<h4 class=\"wp-block-heading\"><strong>A kerekessz\u00e9k \u201eaz m\u00e9g ok\u00e9\u201d<\/strong><\/h4>\n\n\n\n<p>Szabolcs a Magyar M\u00e1ltai Szeretetszolg\u00e1latn\u00e1l dolgozik, szabadidej\u00e9ben \u2013 ami azt illeti, munkaidej\u00e9ben is \u2013 fot\u00f3z, git\u00e1rozik, madarakat figyel. A h\u00faszas \u00e9vei elej\u00e9n jelentkeztek n\u00e1la el\u0151sz\u00f6r a facioscapulohumeralis izomdisztr\u00f3fia (FSHD) t\u00fcnetei, \u00e9s mivel ez egy progredi\u00e1l\u00f3, vagyis el\u0151rehalad\u00f3 betegs\u00e9g, harminch\u00e1rom \u00e9ves kor\u00e1ra kerekessz\u00e9kbe ker\u00fclt. Mikor a \u201efogyat\u00e9koss\u00e1ggal \u00e9l\u0151\u201d kifejez\u00e9sr\u0151l k\u00e9rdezem, legyint. Nem szereti a s\u00e9r\u00fcltekkel kapcsolatos \u00fcres nyelvi \u00e9rz\u00e9kenyked\u00e9st, ami szerinte val\u00f3di \u00e9rz\u00e9kenys\u00e9g h\u00edj\u00e1n csup\u00e1n p\u00f3tcselekv\u00e9s: a t\u00f6r\u0151d\u00e9s \u201ekipip\u00e1l\u00e1sa\u201d.<\/p>\n\n\n\n<p>Szabolcsnak kor\u00e1bban voltak elkeser\u00edt\u0151 tapasztalatai arr\u00f3l, hogy hogyan fogadja a p\u00e1rja csal\u00e1dja az \u0151 \u00e1llapot\u00e1t, de Vercsivel m\u00e1sk\u00e9pp alakult. <\/p>\n\n\n\n<blockquote class=\"wp-block-quote is-layout-flow wp-block-quote-is-layout-flow\"><p><em>\u201eAmikor el\u0151sz\u00f6r mes\u00e9ltem r\u00f3la anyuk\u00e1mnak, gondoltam, a kisebbik rosszal kezdem. \u2013 Tizenn\u00e9gy \u00e9vvel id\u0151sebb, \u00e9s\u2026 \u2013 Tess\u00e9k? k\u00e9rdezte anyuk\u00e1m. \u2013 \u00c9s kerekessz\u00e9kes, tettem hozz\u00e1. \u2013 Az m\u00e9g ok\u00e9, de mit mondt\u00e1l, h\u00e1ny \u00e9ves?!\u201d<\/em><\/p><\/blockquote>\n\n\n\n<p> \u2013 id\u00e9zi fel a jelenetet mosolyogva Vercsi. Mikor az \u0151 hozz\u00e1\u00e1ll\u00e1s\u00e1t firtatom, nem kertel: b\u00e1r gy\u00f3gypedag\u00f3gus \u00e9desanyja r\u00e9v\u00e9n mindig is term\u00e9szetes volt neki az, hogy valaki fogyat\u00e9koss\u00e1ggal \u00e9l, az ismerked\u00e9s sor\u00e1n n\u00e9ha v\u00e1rta azt, hogy mikor bukkan fel valami, amire azt mondhatja, hogy ezt az\u00e9rt m\u00e1r nem v\u00e1llalja. De semmi ilyesmi nem der\u00fclt ki, s\u0151t: a Szabolcsr\u00f3l megismert \u00fajabb \u00e9s \u00fajabb von\u00e1sok lelkes\u00edtett\u00e9k, \u00e9s elm\u00e9ly\u00edtett\u00e9k az \u00e9rz\u00e9seit.<\/p>\n\n\n\n<p>Hogy a kerekessz\u00e9k \u201eaz m\u00e9g ok\u00e9\u201d, egy gy\u00f3gypedag\u00f3gust\u00f3l \u00e9s egy \u0151szinte szerelmest\u0151l nem meglep\u0151 \u00e1ll\u00e1spont, t\u00e1volabbi szeml\u00e9l\u0151k viszont hajlamosak sztereot\u00edpi\u00e1kkal, ak\u00e1r durva megjegyz\u00e9sekkel el\u0151rukkolni. Vercsi \u00e9s Szabolcs #wheelchairlove hashtaggel sz\u00edvesen osztanak meg pillanatokat, t\u00f6rt\u00e9neteket a kapcsolatukr\u00f3l, m\u00e9gsem tal\u00e1lkoztak s\u00e9rt\u0151 kommentekkel a k\u00f6z\u00f6ss\u00e9gi m\u00e9di\u00e1ban. Elk\u00e9pedt tekinteteket, h\u00e1tuk m\u00f6g\u00f6tt \u00f6sszes\u00fag\u00e1st gyakran tapasztalnak, ilyenkor ker\u00fcl el\u0151 a \u201etrollfaktor\u201d, vagyis az, hogy kicsit \u201er\u00e1 is j\u00e1tszanak\u201d a helyzetre. Nem provok\u00e1lnak senkit, de szeretik humorral \u00e9s finom ir\u00f3ni\u00e1val kiz\u00f6kkenteni a b\u00e1m\u00e9szkod\u00f3kat, szeretik, ha az \u00f6r\u00f6m\u00fck vagy az aktivit\u00e1suk felr\u00e1z m\u00e1sokat is.<\/p>\n\n\n\n<figure class=\"wp-block-image size-large\"><img loading=\"lazy\" decoding=\"async\" width=\"1000\" height=\"650\" src=\"http:\/\/news.access4you.io\/wp-content\/uploads\/2021\/09\/2.png\" alt=\"\" class=\"wp-image-4419\" srcset=\"https:\/\/news.access4you.io\/wp-content\/uploads\/2021\/09\/2.png 1000w, https:\/\/news.access4you.io\/wp-content\/uploads\/2021\/09\/2-300x195.png 300w, https:\/\/news.access4you.io\/wp-content\/uploads\/2021\/09\/2-768x499.png 768w\" sizes=\"auto, (max-width: 1000px) 100vw, 1000px\" \/><figcaption>B\u00e1nlaki Szabolcs \u00e9s Czinderi Veronika<\/figcaption><\/figure>\n\n\n\n<h4 class=\"wp-block-heading\"><strong>\u00d6r\u00f6mmenedzsment<\/strong><\/h4>\n\n\n\n<p>Vercsi \u00e9s Szabolcs nagy konoks\u00e1ggal ragadnak meg minden alkalmat az \u00f6r\u00f6mre. Alkalomadt\u00e1n \u00e9s el\u0151re eltervezetten is \u2013 b\u00e1r ha a k\u00e9pzeletbeli bakancslist\u00e1jukat b\u00f6ng\u00e9szn\u00e9nk, csup\u00e1n h\u00e1rom sz\u00f3t l\u00e1tn\u00e1nk rajta: \u201esok pici dolog\u201d. I bike Budapest-felvonul\u00e1sok, k\u00f6z\u00f6s bicikliz\u00e9sek, gaty\u00e1ig \u00e1z\u00e1s a Velencei-t\u00f3n\u00e1l, \u00e9letment\u0151 f\u0151tt virsli k\u00f3rh\u00e1zi \u00fcgyelet ut\u00e1n, kock\u00e1s abroszos bisztr\u00f3k, vonatoz\u00e1s, alkonyi \u00fccs\u00f6rg\u00e9s a lampionos alb\u00e9rleti erk\u00e9lyen, egy (de ink\u00e1bb t\u00f6bb) finom vacsora, egy okkers\u00e1rga sz\u0151r\u00f6s orrszarv\u00fara eml\u00e9keztet\u0151, bizonytalan funkci\u00f3j\u00fa b\u00fatordarab, s\u00e9ta a Margitszigeten, s\u00e1rk\u00e1nyereget\u00e9s tot\u00e1lis sz\u00e9lcsendben, a kerekessz\u00e9kre er\u0151s\u00edtett s\u00e1rk\u00e1nnyal. T\u00f6bbek k\u00f6z\u00f6tt. Ha Vercsi maga nem mondan\u00e1, akkor is r\u00e1j\u00f6hetn\u00e9nk: <\/p>\n\n\n\n<blockquote class=\"wp-block-quote is-layout-flow wp-block-quote-is-layout-flow\"><p><em>\u201eMi a tipikus apr\u00f3 \u00f6r\u00f6m\u00f6k-p\u00e1r vagyunk.\u201d<\/em><\/p><\/blockquote>\n\n\n\n<p>De ha apr\u00f3 \u00f6r\u00f6mb\u0151l sok van, akkor Szabolcs\u00e9kn\u00e1l az azt is jelenti, hogy logisztik\u00e1b\u00f3l sincs kev\u00e9s. \u201eHa megy\u00fcnk valahov\u00e1, azt ki kell tal\u00e1lni\u201d \u2013 mondja Szabolcs, \u00e9s sorolja a k\u00edv\u00fcl\u00e1ll\u00f3knak sokszor nem mag\u00e1t\u00f3l \u00e9rtet\u0151d\u0151 szempontokat. Milyen j\u00e1rm\u0171vel utaznak, hol \u00e1llnak, hol sz\u00e1llnak meg, hol tudnak elmenni mosd\u00f3ba, hol van \u00e9s hol nincs l\u00e9pcs\u0151 \u2013 ezek az alapok. Az internet, legink\u00e1bb a honlap-Facebook-Google Streetview tri\u00f3 \u00f3ri\u00e1si seg\u00edts\u00e9g, de nem mindenhat\u00f3: a legt\u00f6bb \u00e9tterem vagy sz\u00e1ll\u00e1shely weboldal\u00e1n nincsenek k\u00fcl\u00f6n felt\u00fcntetve az akad\u00e1lymentess\u00e9ggel kapcsolatos tudnival\u00f3k. Szabolcs sokszor a k\u00e9pekr\u0151l t\u00e1j\u00e9koz\u00f3dik, amikr\u0151l j\u00f3 esetben kider\u00fcl, hogy az adott helyis\u00e9g mondjuk egy pinc\u00e9ben van, vagy murv\u00e1s, macskak\u00f6ves ter\u00fcleten. Ha ez nem el\u00e9g informat\u00edv, akkor \u00edr\u00e1sban \u00e9rdekl\u0151dik vagy odatelefon\u00e1l. \u00cdgy is fel lehet s\u00fclni, hiszen az akad\u00e1lymentess\u00e9g fogalma nem egys\u00e9ges. Volt olyan \u00e9tterem, amelyik azt jelezte vissza, hogy \u0151k akad\u00e1lymentesek, hiszen csup\u00e1n k\u00e9t l\u00e9pcs\u0151 van a bej\u00e1ratn\u00e1l, de olyan sz\u00e1ll\u00e1shely is akadt, ahol csak a r\u00e1mp\u00e1s bej\u00e1ratra hivatkozva nevezt\u00e9k akad\u00e1lymentesnek az \u00e9p\u00fcletet, a mosd\u00f3 \u00e9s a zuhanyz\u00f3 m\u00e1r nem felelt meg ennek az \u00e1ll\u00edt\u00e1snak. B\u00e1r Vercsinek \u00e9s Szabinak vannak bej\u00e1ratott m\u00f3dszerei, helyei, m\u00e9g \u00edgy is megesik, hogy hoppon maradnak, az egyik kedvenc \u00e9tterm\u00fck fel\u00faj\u00edt\u00e1s\u00e1r\u00f3l p\u00e9ld\u00e1ul nem tudtak, \u00e9s mikor odamentek, m\u00e1r nem tal\u00e1lt\u00e1k ott a Szabolcsnak is megfelel\u0151, alacsonyabb asztalokat.<\/p>\n\n\n\n<figure class=\"wp-block-image size-large\"><img loading=\"lazy\" decoding=\"async\" width=\"1000\" height=\"650\" src=\"http:\/\/news.access4you.io\/wp-content\/uploads\/2021\/09\/3.png\" alt=\"\" class=\"wp-image-4420\" srcset=\"https:\/\/news.access4you.io\/wp-content\/uploads\/2021\/09\/3.png 1000w, https:\/\/news.access4you.io\/wp-content\/uploads\/2021\/09\/3-300x195.png 300w, https:\/\/news.access4you.io\/wp-content\/uploads\/2021\/09\/3-768x499.png 768w\" sizes=\"auto, (max-width: 1000px) 100vw, 1000px\" \/><\/figure>\n\n\n\n<h4 class=\"wp-block-heading\"><strong>A m\u00e1sik mellett d\u00f6nteni<\/strong><\/h4>\n\n\n\n<p>Vercsi \u00e9s Szabolcs nem a vakszerencs\u00e9t l\u00e1tj\u00e1k abban, hogy egym\u00e1sra tal\u00e1ltak. \u00dagy gondolj\u00e1k, hogy potenci\u00e1lis t\u00e1rsb\u00f3l senkinek sem csak egyet teremt a J\u00f3isten, a szem\u00e9lyes d\u00f6nt\u00e9s az, ami meghat\u00e1rozza, hogy ki lesz a p\u00e1runk. \u201eNem hiszem, hogy mindenki sz\u00e1m\u00e1ra &lt;&lt;meg lenne \u00edrva&gt;&gt; a m\u00e1sik ember. \u00c9n mondhattam volna azt, hogy nem Szabolcsot v\u00e1lasztom. Az ember, ha igaz\u00e1n \u0151szinte, nem l\u00e1tja \u00e1t pontosan, mi\u00e9rt is d\u00f6nt a m\u00e1sik mellett. \u00c9n sem tudom pontosan. De j\u00f3l v\u00e1lasztottam\u201d \u2013 vallja Vercsi. Szabolcs pedig a d\u00f6nt\u00e9shez vezet\u0151 folyamatot emeli ki:<\/p>\n\n\n\n<blockquote class=\"wp-block-quote is-layout-flow wp-block-quote-is-layout-flow\"><p><em> \u201eB\u00e1r azt meg\u00e9rezz\u00fck, hogy ki \u00e1ll hozz\u00e1nk k\u00f6zel, ezzel is van feladat. P\u00e9ld\u00e1ul kett\u0151nkn\u00e9l is sok olyan pont volt, ahol, ha nem vagyunk el\u00e9g nyitottak \u00e9s b\u00e1trak, eg\u00e9szen m\u00e1shogy alakultak volna a dolgok.\u201d<\/em><\/p><\/blockquote>\n\n\n\n<p>Hogyan lehetne b\u00e1trabbnak \u00e9s nyitottabbnak lenni azokban a fogyat\u00e9kos-\u00e9p kapcsolatokban, ahol a szerelemhez hasonl\u00f3 intenz\u00edv \u00e9rzelmek nem adnak plusz lend\u00fcletet?<\/p>\n\n\n\n<blockquote class=\"wp-block-quote is-layout-flow wp-block-quote-is-layout-flow\"><p> <em>\u201eA megold\u00e1st abban l\u00e1tom, hogy a k\u00f6vetkez\u0151 gener\u00e1ci\u00f3k \u00fagy n\u0151jenek fel, hogy a mindennapokban tal\u00e1lkoznak fogyat\u00e9kos emberekkel. Ha ennek megteremtik a k\u00f6rnyezeti felt\u00e9teleit a k\u00f6z\u00f6ss\u00e9gi \u00e9let terein, az iskol\u00e1kban, utc\u00e1kon, munkahelyeken, a k\u00f6zleked\u00e9sben, akkor az, hogy fogyat\u00e9kosok \u00e9s \u00e9pek egy\u00fctt t\u00f6ltik az idej\u00fcket, m\u00e1r nem lesz kuri\u00f3zum\u201d <\/em><\/p><\/blockquote>\n\n\n\n<p>\u2013 mondja Szabolcs, \u00e9s az \u00e9rem m\u00e1sik oldal\u00e1r\u00f3l is van \u00e9szrev\u00e9tele. \u201eAmikor van egy j\u00f3l k\u00f6r\u00fclhat\u00e1rolt feladat vagy k\u00e9r\u00e9s, p\u00e9ld\u00e1ul ha b\u00e1rkit megk\u00e9rek, hogy egy sajtot vegyen le nekem a bolti h\u0171t\u0151 fels\u0151 polc\u00e1r\u00f3l, akkor mindenki k\u00e9szs\u00e9ges. Azonnal seg\u00edt, \u00e9s a kapcsol\u00f3d\u00e1s sem okoz gondot sz\u00e1m\u00e1ra, mert van ismerete a helyzetr\u0151l, tudja, hogy meg fogja oldani, teljes\u00edteni tudja a k\u00e9r\u00e9st. \u00c1m ha nincs ilyen konkr\u00e9t teend\u0151, jellemz\u0151en zavarodotts\u00e1got, f\u00e9lelmet, visszah\u00faz\u00f3d\u00e1st tapasztalok, a semleges szitu\u00e1ci\u00f3kban t\u00e9tov\u00e1bbak az emberek. Itt van a mi r\u00e9sz\u00fcnkr\u0151l feladat: el kell tudni kezdeni a besz\u00e9lget\u00e9seket.\u201d<\/p>\n\n\n\n<div class=\"wp-block-group\"><div class=\"wp-block-group__inner-container is-layout-flow wp-block-group-is-layout-flow\">\n<figure class=\"wp-block-gallery columns-2 is-cropped wp-block-gallery-1 is-layout-flex wp-block-gallery-is-layout-flex\"><ul class=\"blocks-gallery-grid\"><li class=\"blocks-gallery-item\"><figure><a href=\"http:\/\/news.access4you.io\/wp-content\/uploads\/2021\/09\/4-1.png\"><img loading=\"lazy\" decoding=\"async\" width=\"1000\" height=\"650\" src=\"http:\/\/news.access4you.io\/wp-content\/uploads\/2021\/09\/4-1.png\" alt=\"\" data-id=\"4422\" data-full-url=\"http:\/\/news.access4you.io\/wp-content\/uploads\/2021\/09\/4-1.png\" data-link=\"http:\/\/news.access4you.io\/?attachment_id=4422\" class=\"wp-image-4422\" srcset=\"https:\/\/news.access4you.io\/wp-content\/uploads\/2021\/09\/4-1.png 1000w, https:\/\/news.access4you.io\/wp-content\/uploads\/2021\/09\/4-1-300x195.png 300w, https:\/\/news.access4you.io\/wp-content\/uploads\/2021\/09\/4-1-768x499.png 768w\" sizes=\"auto, (max-width: 1000px) 100vw, 1000px\" \/><\/a><\/figure><\/li><li class=\"blocks-gallery-item\"><figure><a href=\"http:\/\/news.access4you.io\/wp-content\/uploads\/2021\/09\/5.png\"><img loading=\"lazy\" decoding=\"async\" width=\"1000\" height=\"650\" src=\"http:\/\/news.access4you.io\/wp-content\/uploads\/2021\/09\/5.png\" alt=\"\" data-id=\"4423\" data-full-url=\"http:\/\/news.access4you.io\/wp-content\/uploads\/2021\/09\/5.png\" data-link=\"http:\/\/news.access4you.io\/?attachment_id=4423\" class=\"wp-image-4423\" srcset=\"https:\/\/news.access4you.io\/wp-content\/uploads\/2021\/09\/5.png 1000w, https:\/\/news.access4you.io\/wp-content\/uploads\/2021\/09\/5-300x195.png 300w, https:\/\/news.access4you.io\/wp-content\/uploads\/2021\/09\/5-768x499.png 768w\" sizes=\"auto, (max-width: 1000px) 100vw, 1000px\" \/><\/a><\/figure><\/li><\/ul><\/figure>\n<\/div><\/div>\n\n\n\n<p><em>A k\u00e9pek B\u00e1nlaki Szabolcs \u00e9s Czinderi Veronika tulajdon\u00e1ban vannak, oldalunkon az \u0151 enged\u00e9ly\u00fckkel osztjuk meg \u0151ket.<\/em><\/p>\n\n\n\n<hr class=\"wp-block-separator\"\/>\n\n\n\n<p><em>Olvass m\u00e9g t\u00f6bb tartalmat sp\u00e9ci emberekr\u0151l, az akad\u00e1lymentess\u00e9gr\u0151l \u00e9s a t\u00e1rsadalmi inkl\u00fazi\u00f3r\u00f3l az <a href=\"http:\/\/news.access4you.io\/en\/\" target=\"_blank\" rel=\"noreferrer noopener\">Access4you h\u00edrei<\/a> k\u00f6z\u00f6tt. N\u00e9zz k\u00f6rbe a <a href=\"https:\/\/access4you.io\/places\" target=\"_blank\" rel=\"noreferrer noopener\">Tan\u00fas\u00edtott helysz\u00ednek<\/a> men\u00fcben, ahol r\u00e9szletes inform\u00e1ci\u00f3t adunk a felm\u00e9r\u00e9sben r\u00e9szt vev\u0151 helysz\u00ednek akad\u00e1lymentess\u00e9g\u00e9r\u0151l, mindezt 8 + 1 sp\u00e9ci csoport ig\u00e9nyei alapj\u00e1n: kerekessz\u00e9ket haszn\u00e1l\u00f3k, babakocsival k\u00f6zleked\u0151k, id\u0151sek \u00e9s mozg\u00e1sukban korl\u00e1tozottak, siketek, nagyothall\u00f3k, vakok, gyeng\u00e9nl\u00e1t\u00f3k, kognit\u00edv zavarral \u00e9l\u0151k, valamint (+1) seg\u00edt\u0151kuty\u00e1val k\u00f6zleked\u0151k sz\u00e1m\u00e1ra.<\/em><\/p>\n\n\n\n<p><\/p>","protected":false},"excerpt":{"rendered":"<p>Fogyat\u00e9koss\u00e1ggal \u00e9l\u0151 \u00e9s \u00e9p emberek h\u00e1zass\u00e1ga m\u00e9g ma is gyakran kelt meg\u00fctk\u00f6z\u00e9st a k\u00edv\u00fcl\u00e1ll\u00f3kban, az ilyen p\u00e1rok pedig gyakran a \u201eketten a vil\u00e1g ellen\u201d-szerepben rejt\u0151znek el\u2026 \u2013 \u00edgy kezd\u0151dhetne ez a cikk, ha nem B\u00e1nlaki Szabolcsr\u00f3l \u00e9s Czinderi Veronik\u00e1r\u00f3l volna sz\u00f3. \u00c1m az \u0151 t\u00f6rt\u00e9net\u00fckben a g\u00f6rd\u00fcl\u00e9keny der\u0171 a f\u0151h\u0151s, a kerekessz\u00e9k legfeljebb mell\u00e9kszerepl\u0151: n\u00e9ha [&hellip;]<\/p>","protected":false},"author":1,"featured_media":4418,"comment_status":"closed","ping_status":"closed","sticky":false,"template":"","format":"standard","meta":{"footnotes":""},"categories":[74,10],"tags":[],"class_list":["post-4416","post","type-post","status-publish","format-standard","has-post-thumbnail","hentry","category-szivugyunk","category-blog"],"yoast_head":"<!-- This site is optimized with the Yoast SEO plugin v23.8 - https:\/\/yoast.com\/wordpress\/plugins\/seo\/ -->\n<title>Apr\u00f3 \u00f6r\u00f6m\u00f6k p\u00e1rosa - Access4you H\u00edrek<\/title>\n<meta name=\"description\" content=\"Fogyat\u00e9koss\u00e1ggal \u00e9l\u0151 \u00e9s \u00e9p emberek h\u00e1zass\u00e1ga m\u00e9g ma is gyakran kelt meg\u00fctk\u00f6z\u00e9st a k\u00edv\u00fcl\u00e1ll\u00f3kban, az ilyen p\u00e1rok pedig gyakran a \u201eketten a vil\u00e1g ellen\u201d-szerepben rejt\u0151znek el\u2026 \u2013 \u00edgy kezd\u0151dhetne ez a cikk, ha nem B\u00e1nlaki Szabolcsr\u00f3l \u00e9s Czinderi Veronik\u00e1r\u00f3l volna sz\u00f3.\" \/>\n<meta name=\"robots\" content=\"index, follow, max-snippet:-1, max-image-preview:large, max-video-preview:-1\" \/>\n<link rel=\"canonical\" href=\"https:\/\/news.access4you.io\/en\/2021\/09\/30\/apro-oromok-parosa\/\" \/>\n<meta property=\"og:locale\" content=\"en_US\" \/>\n<meta property=\"og:type\" content=\"article\" \/>\n<meta property=\"og:title\" content=\"Apr\u00f3 \u00f6r\u00f6m\u00f6k p\u00e1rosa - Access4you H\u00edrek\" \/>\n<meta property=\"og:description\" content=\"Fogyat\u00e9koss\u00e1ggal \u00e9l\u0151 \u00e9s \u00e9p emberek h\u00e1zass\u00e1ga m\u00e9g ma is gyakran kelt meg\u00fctk\u00f6z\u00e9st a k\u00edv\u00fcl\u00e1ll\u00f3kban, az ilyen p\u00e1rok pedig gyakran a \u201eketten a vil\u00e1g ellen\u201d-szerepben rejt\u0151znek el\u2026 \u2013 \u00edgy kezd\u0151dhetne ez a cikk, ha nem B\u00e1nlaki Szabolcsr\u00f3l \u00e9s Czinderi Veronik\u00e1r\u00f3l volna sz\u00f3.\" \/>\n<meta property=\"og:url\" content=\"https:\/\/news.access4you.io\/en\/2021\/09\/30\/apro-oromok-parosa\/\" \/>\n<meta property=\"og:site_name\" content=\"Access4you H\u00edrek\" \/>\n<meta property=\"article:published_time\" content=\"2021-09-30T12:54:35+00:00\" \/>\n<meta property=\"article:modified_time\" content=\"2021-09-30T13:15:29+00:00\" \/>\n<meta property=\"og:image\" content=\"https:\/\/news.access4you.io\/wp-content\/uploads\/2021\/09\/1.png\" \/>\n\t<meta property=\"og:image:width\" content=\"1000\" \/>\n\t<meta property=\"og:image:height\" content=\"650\" \/>\n\t<meta property=\"og:image:type\" content=\"image\/png\" \/>\n<meta name=\"author\" content=\"access4you\" \/>\n<meta name=\"twitter:card\" content=\"summary_large_image\" \/>\n<meta name=\"twitter:label1\" content=\"Written by\" \/>\n\t<meta name=\"twitter:data1\" content=\"access4you\" \/>\n\t<meta name=\"twitter:label2\" content=\"Est. reading time\" \/>\n\t<meta name=\"twitter:data2\" content=\"9 minutes\" \/>\n<script type=\"application\/ld+json\" class=\"yoast-schema-graph\">{\"@context\":\"https:\/\/schema.org\",\"@graph\":[{\"@type\":\"Article\",\"@id\":\"https:\/\/news.access4you.io\/2021\/09\/30\/apro-oromok-parosa\/#article\",\"isPartOf\":{\"@id\":\"https:\/\/news.access4you.io\/2021\/09\/30\/apro-oromok-parosa\/\"},\"author\":{\"name\":\"access4you\",\"@id\":\"https:\/\/news.access4you.io\/#\/schema\/person\/cb4fff088aa5f5f43a6f4ce3a1e2e084\"},\"headline\":\"Apr\u00f3 \u00f6r\u00f6m\u00f6k p\u00e1rosa\",\"datePublished\":\"2021-09-30T12:54:35+00:00\",\"dateModified\":\"2021-09-30T13:15:29+00:00\",\"mainEntityOfPage\":{\"@id\":\"https:\/\/news.access4you.io\/2021\/09\/30\/apro-oromok-parosa\/\"},\"wordCount\":1756,\"publisher\":{\"@id\":\"https:\/\/news.access4you.io\/#organization\"},\"image\":{\"@id\":\"https:\/\/news.access4you.io\/2021\/09\/30\/apro-oromok-parosa\/#primaryimage\"},\"thumbnailUrl\":\"https:\/\/news.access4you.io\/wp-content\/uploads\/2021\/09\/1.png\",\"articleSection\":[\"Sz\u00edv\u00fcgy\u00fcnk\",\"Blog\"],\"inLanguage\":\"en-US\"},{\"@type\":\"WebPage\",\"@id\":\"https:\/\/news.access4you.io\/2021\/09\/30\/apro-oromok-parosa\/\",\"url\":\"https:\/\/news.access4you.io\/2021\/09\/30\/apro-oromok-parosa\/\",\"name\":\"Apr\u00f3 \u00f6r\u00f6m\u00f6k p\u00e1rosa - Access4you H\u00edrek\",\"isPartOf\":{\"@id\":\"https:\/\/news.access4you.io\/#website\"},\"primaryImageOfPage\":{\"@id\":\"https:\/\/news.access4you.io\/2021\/09\/30\/apro-oromok-parosa\/#primaryimage\"},\"image\":{\"@id\":\"https:\/\/news.access4you.io\/2021\/09\/30\/apro-oromok-parosa\/#primaryimage\"},\"thumbnailUrl\":\"https:\/\/news.access4you.io\/wp-content\/uploads\/2021\/09\/1.png\",\"datePublished\":\"2021-09-30T12:54:35+00:00\",\"dateModified\":\"2021-09-30T13:15:29+00:00\",\"description\":\"Fogyat\u00e9koss\u00e1ggal \u00e9l\u0151 \u00e9s \u00e9p emberek h\u00e1zass\u00e1ga m\u00e9g ma is gyakran kelt meg\u00fctk\u00f6z\u00e9st a k\u00edv\u00fcl\u00e1ll\u00f3kban, az ilyen p\u00e1rok pedig gyakran a \u201eketten a vil\u00e1g ellen\u201d-szerepben rejt\u0151znek el\u2026 \u2013 \u00edgy kezd\u0151dhetne ez a cikk, ha nem B\u00e1nlaki Szabolcsr\u00f3l \u00e9s Czinderi Veronik\u00e1r\u00f3l volna sz\u00f3.\",\"breadcrumb\":{\"@id\":\"https:\/\/news.access4you.io\/2021\/09\/30\/apro-oromok-parosa\/#breadcrumb\"},\"inLanguage\":\"en-US\",\"potentialAction\":[{\"@type\":\"ReadAction\",\"target\":[\"https:\/\/news.access4you.io\/2021\/09\/30\/apro-oromok-parosa\/\"]}]},{\"@type\":\"ImageObject\",\"inLanguage\":\"en-US\",\"@id\":\"https:\/\/news.access4you.io\/2021\/09\/30\/apro-oromok-parosa\/#primaryimage\",\"url\":\"https:\/\/news.access4you.io\/wp-content\/uploads\/2021\/09\/1.png\",\"contentUrl\":\"https:\/\/news.access4you.io\/wp-content\/uploads\/2021\/09\/1.png\",\"width\":1000,\"height\":650},{\"@type\":\"BreadcrumbList\",\"@id\":\"https:\/\/news.access4you.io\/2021\/09\/30\/apro-oromok-parosa\/#breadcrumb\",\"itemListElement\":[{\"@type\":\"ListItem\",\"position\":1,\"name\":\"Kezd\u0151lap\",\"item\":\"https:\/\/news.access4you.io\/\"},{\"@type\":\"ListItem\",\"position\":2,\"name\":\"Apr\u00f3 \u00f6r\u00f6m\u00f6k p\u00e1rosa\"}]},{\"@type\":\"WebSite\",\"@id\":\"https:\/\/news.access4you.io\/#website\",\"url\":\"https:\/\/news.access4you.io\/\",\"name\":\"Access4you H\u00edrek\",\"description\":\"\",\"publisher\":{\"@id\":\"https:\/\/news.access4you.io\/#organization\"},\"potentialAction\":[{\"@type\":\"SearchAction\",\"target\":{\"@type\":\"EntryPoint\",\"urlTemplate\":\"https:\/\/news.access4you.io\/?s={search_term_string}\"},\"query-input\":{\"@type\":\"PropertyValueSpecification\",\"valueRequired\":true,\"valueName\":\"search_term_string\"}}],\"inLanguage\":\"en-US\"},{\"@type\":\"Organization\",\"@id\":\"https:\/\/news.access4you.io\/#organization\",\"name\":\"Access4you H\u00edrek\",\"url\":\"https:\/\/news.access4you.io\/\",\"logo\":{\"@type\":\"ImageObject\",\"inLanguage\":\"en-US\",\"@id\":\"https:\/\/news.access4you.io\/#\/schema\/logo\/image\/\",\"url\":\"https:\/\/news.access4you.io\/wp-content\/uploads\/2021\/01\/a4u-logo-black.png\",\"contentUrl\":\"https:\/\/news.access4you.io\/wp-content\/uploads\/2021\/01\/a4u-logo-black.png\",\"width\":726,\"height\":454,\"caption\":\"Access4you H\u00edrek\"},\"image\":{\"@id\":\"https:\/\/news.access4you.io\/#\/schema\/logo\/image\/\"}},{\"@type\":\"Person\",\"@id\":\"https:\/\/news.access4you.io\/#\/schema\/person\/cb4fff088aa5f5f43a6f4ce3a1e2e084\",\"name\":\"access4you\",\"image\":{\"@type\":\"ImageObject\",\"inLanguage\":\"en-US\",\"@id\":\"https:\/\/news.access4you.io\/#\/schema\/person\/image\/\",\"url\":\"https:\/\/secure.gravatar.com\/avatar\/9795a8b3afc7ed258d167a92dbb1075b37bab5bc83b1ac9182ff4f58c22040b8?s=96&d=mm&r=g\",\"contentUrl\":\"https:\/\/secure.gravatar.com\/avatar\/9795a8b3afc7ed258d167a92dbb1075b37bab5bc83b1ac9182ff4f58c22040b8?s=96&d=mm&r=g\",\"caption\":\"access4you\"},\"sameAs\":[\"http:\/\/localhost\/access4you\"],\"url\":\"https:\/\/news.access4you.io\/en\/author\/access4you\/\"}]}<\/script>\n<!-- \/ Yoast SEO plugin. -->","yoast_head_json":{"title":"Apr\u00f3 \u00f6r\u00f6m\u00f6k p\u00e1rosa - Access4you H\u00edrek","description":"Fogyat\u00e9koss\u00e1ggal \u00e9l\u0151 \u00e9s \u00e9p emberek h\u00e1zass\u00e1ga m\u00e9g ma is gyakran kelt meg\u00fctk\u00f6z\u00e9st a k\u00edv\u00fcl\u00e1ll\u00f3kban, az ilyen p\u00e1rok pedig gyakran a \u201eketten a vil\u00e1g ellen\u201d-szerepben rejt\u0151znek el\u2026 \u2013 \u00edgy kezd\u0151dhetne ez a cikk, ha nem B\u00e1nlaki Szabolcsr\u00f3l \u00e9s Czinderi Veronik\u00e1r\u00f3l volna sz\u00f3.","robots":{"index":"index","follow":"follow","max-snippet":"max-snippet:-1","max-image-preview":"max-image-preview:large","max-video-preview":"max-video-preview:-1"},"canonical":"https:\/\/news.access4you.io\/en\/2021\/09\/30\/apro-oromok-parosa\/","og_locale":"en_US","og_type":"article","og_title":"Apr\u00f3 \u00f6r\u00f6m\u00f6k p\u00e1rosa - Access4you H\u00edrek","og_description":"Fogyat\u00e9koss\u00e1ggal \u00e9l\u0151 \u00e9s \u00e9p emberek h\u00e1zass\u00e1ga m\u00e9g ma is gyakran kelt meg\u00fctk\u00f6z\u00e9st a k\u00edv\u00fcl\u00e1ll\u00f3kban, az ilyen p\u00e1rok pedig gyakran a \u201eketten a vil\u00e1g ellen\u201d-szerepben rejt\u0151znek el\u2026 \u2013 \u00edgy kezd\u0151dhetne ez a cikk, ha nem B\u00e1nlaki Szabolcsr\u00f3l \u00e9s Czinderi Veronik\u00e1r\u00f3l volna sz\u00f3.","og_url":"https:\/\/news.access4you.io\/en\/2021\/09\/30\/apro-oromok-parosa\/","og_site_name":"Access4you H\u00edrek","article_published_time":"2021-09-30T12:54:35+00:00","article_modified_time":"2021-09-30T13:15:29+00:00","og_image":[{"width":1000,"height":650,"url":"https:\/\/news.access4you.io\/wp-content\/uploads\/2021\/09\/1.png","type":"image\/png"}],"author":"access4you","twitter_card":"summary_large_image","twitter_misc":{"Written by":"access4you","Est. reading time":"9 minutes"},"schema":{"@context":"https:\/\/schema.org","@graph":[{"@type":"Article","@id":"https:\/\/news.access4you.io\/2021\/09\/30\/apro-oromok-parosa\/#article","isPartOf":{"@id":"https:\/\/news.access4you.io\/2021\/09\/30\/apro-oromok-parosa\/"},"author":{"name":"access4you","@id":"https:\/\/news.access4you.io\/#\/schema\/person\/cb4fff088aa5f5f43a6f4ce3a1e2e084"},"headline":"Apr\u00f3 \u00f6r\u00f6m\u00f6k p\u00e1rosa","datePublished":"2021-09-30T12:54:35+00:00","dateModified":"2021-09-30T13:15:29+00:00","mainEntityOfPage":{"@id":"https:\/\/news.access4you.io\/2021\/09\/30\/apro-oromok-parosa\/"},"wordCount":1756,"publisher":{"@id":"https:\/\/news.access4you.io\/#organization"},"image":{"@id":"https:\/\/news.access4you.io\/2021\/09\/30\/apro-oromok-parosa\/#primaryimage"},"thumbnailUrl":"https:\/\/news.access4you.io\/wp-content\/uploads\/2021\/09\/1.png","articleSection":["Sz\u00edv\u00fcgy\u00fcnk","Blog"],"inLanguage":"en-US"},{"@type":"WebPage","@id":"https:\/\/news.access4you.io\/2021\/09\/30\/apro-oromok-parosa\/","url":"https:\/\/news.access4you.io\/2021\/09\/30\/apro-oromok-parosa\/","name":"Apr\u00f3 \u00f6r\u00f6m\u00f6k p\u00e1rosa - Access4you H\u00edrek","isPartOf":{"@id":"https:\/\/news.access4you.io\/#website"},"primaryImageOfPage":{"@id":"https:\/\/news.access4you.io\/2021\/09\/30\/apro-oromok-parosa\/#primaryimage"},"image":{"@id":"https:\/\/news.access4you.io\/2021\/09\/30\/apro-oromok-parosa\/#primaryimage"},"thumbnailUrl":"https:\/\/news.access4you.io\/wp-content\/uploads\/2021\/09\/1.png","datePublished":"2021-09-30T12:54:35+00:00","dateModified":"2021-09-30T13:15:29+00:00","description":"Fogyat\u00e9koss\u00e1ggal \u00e9l\u0151 \u00e9s \u00e9p emberek h\u00e1zass\u00e1ga m\u00e9g ma is gyakran kelt meg\u00fctk\u00f6z\u00e9st a k\u00edv\u00fcl\u00e1ll\u00f3kban, az ilyen p\u00e1rok pedig gyakran a \u201eketten a vil\u00e1g ellen\u201d-szerepben rejt\u0151znek el\u2026 \u2013 \u00edgy kezd\u0151dhetne ez a cikk, ha nem B\u00e1nlaki Szabolcsr\u00f3l \u00e9s Czinderi Veronik\u00e1r\u00f3l volna sz\u00f3.","breadcrumb":{"@id":"https:\/\/news.access4you.io\/2021\/09\/30\/apro-oromok-parosa\/#breadcrumb"},"inLanguage":"en-US","potentialAction":[{"@type":"ReadAction","target":["https:\/\/news.access4you.io\/2021\/09\/30\/apro-oromok-parosa\/"]}]},{"@type":"ImageObject","inLanguage":"en-US","@id":"https:\/\/news.access4you.io\/2021\/09\/30\/apro-oromok-parosa\/#primaryimage","url":"https:\/\/news.access4you.io\/wp-content\/uploads\/2021\/09\/1.png","contentUrl":"https:\/\/news.access4you.io\/wp-content\/uploads\/2021\/09\/1.png","width":1000,"height":650},{"@type":"BreadcrumbList","@id":"https:\/\/news.access4you.io\/2021\/09\/30\/apro-oromok-parosa\/#breadcrumb","itemListElement":[{"@type":"ListItem","position":1,"name":"Kezd\u0151lap","item":"https:\/\/news.access4you.io\/"},{"@type":"ListItem","position":2,"name":"Apr\u00f3 \u00f6r\u00f6m\u00f6k p\u00e1rosa"}]},{"@type":"WebSite","@id":"https:\/\/news.access4you.io\/#website","url":"https:\/\/news.access4you.io\/","name":"Access4you H\u00edrek","description":"","publisher":{"@id":"https:\/\/news.access4you.io\/#organization"},"potentialAction":[{"@type":"SearchAction","target":{"@type":"EntryPoint","urlTemplate":"https:\/\/news.access4you.io\/?s={search_term_string}"},"query-input":{"@type":"PropertyValueSpecification","valueRequired":true,"valueName":"search_term_string"}}],"inLanguage":"en-US"},{"@type":"Organization","@id":"https:\/\/news.access4you.io\/#organization","name":"Access4you H\u00edrek","url":"https:\/\/news.access4you.io\/","logo":{"@type":"ImageObject","inLanguage":"en-US","@id":"https:\/\/news.access4you.io\/#\/schema\/logo\/image\/","url":"https:\/\/news.access4you.io\/wp-content\/uploads\/2021\/01\/a4u-logo-black.png","contentUrl":"https:\/\/news.access4you.io\/wp-content\/uploads\/2021\/01\/a4u-logo-black.png","width":726,"height":454,"caption":"Access4you H\u00edrek"},"image":{"@id":"https:\/\/news.access4you.io\/#\/schema\/logo\/image\/"}},{"@type":"Person","@id":"https:\/\/news.access4you.io\/#\/schema\/person\/cb4fff088aa5f5f43a6f4ce3a1e2e084","name":"access4you","image":{"@type":"ImageObject","inLanguage":"en-US","@id":"https:\/\/news.access4you.io\/#\/schema\/person\/image\/","url":"https:\/\/secure.gravatar.com\/avatar\/9795a8b3afc7ed258d167a92dbb1075b37bab5bc83b1ac9182ff4f58c22040b8?s=96&d=mm&r=g","contentUrl":"https:\/\/secure.gravatar.com\/avatar\/9795a8b3afc7ed258d167a92dbb1075b37bab5bc83b1ac9182ff4f58c22040b8?s=96&d=mm&r=g","caption":"access4you"},"sameAs":["http:\/\/localhost\/access4you"],"url":"https:\/\/news.access4you.io\/en\/author\/access4you\/"}]}},"_links":{"self":[{"href":"https:\/\/news.access4you.io\/en\/wp-json\/wp\/v2\/posts\/4416","targetHints":{"allow":["GET"]}}],"collection":[{"href":"https:\/\/news.access4you.io\/en\/wp-json\/wp\/v2\/posts"}],"about":[{"href":"https:\/\/news.access4you.io\/en\/wp-json\/wp\/v2\/types\/post"}],"author":[{"embeddable":true,"href":"https:\/\/news.access4you.io\/en\/wp-json\/wp\/v2\/users\/1"}],"replies":[{"embeddable":true,"href":"https:\/\/news.access4you.io\/en\/wp-json\/wp\/v2\/comments?post=4416"}],"version-history":[{"count":0,"href":"https:\/\/news.access4you.io\/en\/wp-json\/wp\/v2\/posts\/4416\/revisions"}],"wp:featuredmedia":[{"embeddable":true,"href":"https:\/\/news.access4you.io\/en\/wp-json\/wp\/v2\/media\/4418"}],"wp:attachment":[{"href":"https:\/\/news.access4you.io\/en\/wp-json\/wp\/v2\/media?parent=4416"}],"wp:term":[{"taxonomy":"category","embeddable":true,"href":"https:\/\/news.access4you.io\/en\/wp-json\/wp\/v2\/categories?post=4416"},{"taxonomy":"post_tag","embeddable":true,"href":"https:\/\/news.access4you.io\/en\/wp-json\/wp\/v2\/tags?post=4416"}],"curies":[{"name":"wp","href":"https:\/\/api.w.org\/{rel}","templated":true}]}}