{"id":4430,"date":"2021-10-06T09:32:47","date_gmt":"2021-10-06T09:32:47","guid":{"rendered":"http:\/\/news.access4you.io\/?p=4430"},"modified":"2021-10-06T09:32:49","modified_gmt":"2021-10-06T09:32:49","slug":"elindult-a-vadaszati-vilagkiallitas-joszolgalati-programja","status":"publish","type":"post","link":"https:\/\/news.access4you.io\/en\/2021\/10\/06\/elindult-a-vadaszati-vilagkiallitas-joszolgalati-programja\/","title":{"rendered":"Elindult a Vad\u00e1szati Vil\u00e1gki\u00e1ll\u00edt\u00e1s j\u00f3szolg\u00e1lati programja"},"content":{"rendered":"<p><strong>Az \u201eEgy a Term\u00e9szettel\u201d Vad\u00e1szati \u00e9s Term\u00e9szeti Vil\u00e1gki\u00e1ll\u00edt\u00e1s szervez\u0151i elk\u00f6telezettek azir\u00e1nt, hogy a speci\u00e1lis ig\u00e9ny\u0171, vagy fogyat\u00e9koss\u00e1ggal \u00e9l\u0151 emberek sz\u00e1m\u00e1ra el\u00e9rhet\u0151v\u00e9 tegy\u00e9k, illetve megk\u00f6nny\u00edts\u00e9k a Budapesten zajl\u00f3 ki\u00e1ll\u00edt\u00e1s l\u00e1togat\u00e1s\u00e1t.<\/strong><\/p>\n\n\n\n<p>E sz\u00e1nd\u00e9kuk megval\u00f3sul\u00e1s\u00e1t teszi lehet\u0151v\u00e9 az \u201eEgy a Term\u00e9szettel\u201d J\u00f3szolg\u00e1lati Program.<\/p>\n\n\n\n<h4 class=\"wp-block-heading\">D\u00edjmentess\u00e9g<\/h4>\n\n\n\n<p>Az \u201eEgy a Term\u00e9szettel\u201d Vad\u00e1szati \u00e9s Term\u00e9szeti Vil\u00e1gki\u00e1ll\u00edt\u00e1s hivatalos partnere a j\u00f3szolg\u00e1lati partners\u00e9gben a Szerencsej\u00e1t\u00e9k Zrt. \u00e9s a Civil\u00fat Alap\u00edtv\u00e1ny. A Program keret\u00e9ben a fogyat\u00e9koss\u00e1ggal \u00e9l\u0151ket seg\u00edt\u0151 szervezeteknek, valamint a Civil\u00fat Alap\u00edtv\u00e1ny nehez\u00edtetts\u00e9ggel \u00e9l\u0151ket t\u00e1mogat\u00f3 egy\u00fcttm\u0171k\u00f6d\u0151 partnereinek csoportjai el\u0151zetes regisztr\u00e1ci\u00f3 ut\u00e1n, d\u00edjmentesen tekinthetik meg a vil\u00e1gki\u00e1ll\u00edt\u00e1s k\u00f6zponti rendezv\u00e9ny\u00e9t a meg\u00fajult Hungexp\u00f3n.<\/p>\n\n\n\n<p><strong>A fogyat\u00e9koss\u00e1ggal \u00e9l\u0151ket seg\u00edt\u0151 szervezetek\u00a0<a href=\"https:\/\/forms.office.com\/r\/vtYCrRE5nF\" target=\"_blank\" rel=\"noreferrer noopener\">ezen a linken<\/a>\u00a0regisztr\u00e1lhatnak.<\/strong><\/p>\n\n\n\n<p>A regisztr\u00e1lt csoportok szeptember 28-t\u00f3l h\u00e9tk\u00f6znaponk\u00e9nt 10 \u00f3ra \u00e9s 19 \u00f3ra k\u00f6z\u00f6tt ingyenesen l\u00e1togathatj\u00e1k a vil\u00e1gki\u00e1ll\u00edt\u00e1st. A csoport l\u00e9tsz\u00e1ma minimum 5, maximum 100 f\u0151 lehet egyszerre, egyidej\u0171leg.<\/p>\n\n\n\n<h4 class=\"wp-block-heading\">Akad\u00e1lymentess\u00e9g<\/h4>\n\n\n\n<p>A vil\u00e1gki\u00e1ll\u00edt\u00e1s k\u00f6zponti helysz\u00edn\u00e9t az akad\u00e1lymentess\u00e9g szempontj\u00e1b\u00f3l az Acces4you m\u00e9rte fel \u00e9s min\u0151s\u00edtette. A helysz\u00edn az Access4you tan\u00fas\u00edtv\u00e1nya szerint akad\u00e1lymentes kerekessz\u00e9kesek, babakocsis sz\u00fcl\u0151k, id\u0151sek, mozg\u00e1sukban korl\u00e1tozottak \u00e9s kognit\u00edv zavarral \u00e9l\u0151k sz\u00e1m\u00e1ra.\u00a0A tan\u00fas\u00edtv\u00e1ny aktu\u00e1lis r\u00e9szletei <a href=\"https:\/\/bit.ly\/3AAqNJj\" target=\"_blank\" rel=\"noreferrer noopener\">ITT <\/a>megtal\u00e1lhat\u00f3ak.<\/p>\n\n\n\n<p>Az akad\u00e1lymentes\u00edt\u00e9si program megval\u00f3s\u00edt\u00e1s\u00e1t a Szerencsej\u00e1t\u00e9k Zrt. t\u00e1mogatja a t\u00e1rsadalmi felel\u0151ss\u00e9gv\u00e1llal\u00e1s keret\u00e9ben.<\/p>\n\n\n\n<h4 class=\"wp-block-heading\">Ingyenes buszj\u00e1ratok<\/h4>\n\n\n\n<p>A helysz\u00edn megk\u00f6zel\u00edt\u00e9s\u00e9t a szervez\u0151k alacsonypadl\u00f3s, ingyenes buszj\u00e1ratokkal is biztos\u00edtj\u00e1k a f\u0151v\u00e1roson bel\u00fcl.<\/p>\n\n\n\n<p>A buszj\u00e1ratok t\u00f6bbek k\u00f6z\u00f6tt a Stadion aut\u00f3busz-\u00e1llom\u00e1st\u00f3l, a De\u00e1k Ferenc t\u00e9rr\u0151l, a Pusk\u00e1s Ferenc Stadiont\u00f3l indulnak, illetve a belv\u00e1ros forgalmasabb csom\u00f3pontjainak \u00e9rint\u00e9s\u00e9vel (Blaha Lujza t\u00e9r, Bajcsy-Zsilinszky \u00fat, Vigad\u00f3 t\u00e9r, Pet\u0151fi t\u00e9r, Ferenciek tere) sz\u00e1ll\u00edtj\u00e1k az utasokat a HUNGEXPO ter\u00fclet\u00e9re.<\/p>\n\n\n\n<p>A vil\u00e1gki\u00e1ll\u00edt\u00e1s\u00a0<strong>l\u00e1togat\u00f3i kisokos\u00e1t\u00a0<a href=\"https:\/\/onewithnature2021.org\/assets\/pdfs\/latogatoi_kisokos_magyar.pdf\" target=\"_blank\" rel=\"noreferrer noopener\">IDE KATTINTVA<\/a><\/strong>\u00a0tekinthetik meg.<\/p>\n\n\n\n<p><em>Forr\u00e1s: Egy a Term\u00e9szettel Vil\u00e1gki\u00e1ll\u00edt\u00e1s, 2021.<\/em><\/p>","protected":false},"excerpt":{"rendered":"<p>Az \u201eEgy a Term\u00e9szettel\u201d Vad\u00e1szati \u00e9s Term\u00e9szeti Vil\u00e1gki\u00e1ll\u00edt\u00e1s szervez\u0151i elk\u00f6telezettek azir\u00e1nt, hogy a speci\u00e1lis ig\u00e9ny\u0171, vagy fogyat\u00e9koss\u00e1ggal \u00e9l\u0151 emberek sz\u00e1m\u00e1ra el\u00e9rhet\u0151v\u00e9 tegy\u00e9k, illetve megk\u00f6nny\u00edts\u00e9k a Budapesten zajl\u00f3 ki\u00e1ll\u00edt\u00e1s l\u00e1togat\u00e1s\u00e1t. E sz\u00e1nd\u00e9kuk megval\u00f3sul\u00e1s\u00e1t teszi lehet\u0151v\u00e9 az \u201eEgy a Term\u00e9szettel\u201d J\u00f3szolg\u00e1lati Program. D\u00edjmentess\u00e9g Az \u201eEgy a Term\u00e9szettel\u201d Vad\u00e1szati \u00e9s Term\u00e9szeti Vil\u00e1gki\u00e1ll\u00edt\u00e1s hivatalos partnere a j\u00f3szolg\u00e1lati partners\u00e9gben a [&hellip;]<\/p>","protected":false},"author":1,"featured_media":4433,"comment_status":"closed","ping_status":"closed","sticky":false,"template":"","format":"standard","meta":{"footnotes":""},"categories":[10,76],"tags":[],"class_list":["post-4430","post","type-post","status-publish","format-standard","has-post-thumbnail","hentry","category-blog","category-kozlemeny"],"yoast_head":"<!-- This site is optimized with the Yoast SEO plugin v23.8 - https:\/\/yoast.com\/wordpress\/plugins\/seo\/ -->\n<title>Elindult a Vad\u00e1szati Vil\u00e1gki\u00e1ll\u00edt\u00e1s j\u00f3szolg\u00e1lati programja - Access4you H\u00edrek<\/title>\n<meta name=\"description\" content=\"Az Egy a Term\u00e9szettel J\u00f3szolg\u00e1lati Programban r\u00e9szt vev\u0151 szervezetek d\u00edjmentesen l\u00e1togathatj\u00e1k meg a Vad\u00e1szati Vil\u00e1gki\u00e1ll\u00edt\u00e1st. Regisztr\u00e1ci\u00f3s r\u00e9szletek a cikkben.\" \/>\n<meta name=\"robots\" content=\"index, follow, max-snippet:-1, max-image-preview:large, max-video-preview:-1\" \/>\n<link rel=\"canonical\" href=\"https:\/\/news.access4you.io\/en\/2021\/10\/06\/elindult-a-vadaszati-vilagkiallitas-joszolgalati-programja\/\" \/>\n<meta property=\"og:locale\" content=\"en_US\" \/>\n<meta property=\"og:type\" content=\"article\" \/>\n<meta property=\"og:title\" content=\"Elindult a Vad\u00e1szati Vil\u00e1gki\u00e1ll\u00edt\u00e1s j\u00f3szolg\u00e1lati programja - Access4you H\u00edrek\" \/>\n<meta property=\"og:description\" content=\"Az Egy a Term\u00e9szettel J\u00f3szolg\u00e1lati Programban r\u00e9szt vev\u0151 szervezetek d\u00edjmentesen l\u00e1togathatj\u00e1k meg a Vad\u00e1szati Vil\u00e1gki\u00e1ll\u00edt\u00e1st. Regisztr\u00e1ci\u00f3s r\u00e9szletek a cikkben.\" \/>\n<meta property=\"og:url\" content=\"https:\/\/news.access4you.io\/en\/2021\/10\/06\/elindult-a-vadaszati-vilagkiallitas-joszolgalati-programja\/\" \/>\n<meta property=\"og:site_name\" content=\"Access4you H\u00edrek\" \/>\n<meta property=\"article:published_time\" content=\"2021-10-06T09:32:47+00:00\" \/>\n<meta property=\"article:modified_time\" content=\"2021-10-06T09:32:49+00:00\" \/>\n<meta property=\"og:image\" content=\"https:\/\/news.access4you.io\/wp-content\/uploads\/2021\/10\/Egy-a-termeszettel-cikk-1.png\" \/>\n\t<meta property=\"og:image:width\" content=\"1000\" \/>\n\t<meta property=\"og:image:height\" content=\"650\" \/>\n\t<meta property=\"og:image:type\" content=\"image\/png\" \/>\n<meta name=\"author\" content=\"access4you\" \/>\n<meta name=\"twitter:card\" content=\"summary_large_image\" \/>\n<meta name=\"twitter:label1\" content=\"Written by\" \/>\n\t<meta name=\"twitter:data1\" content=\"access4you\" \/>\n\t<meta name=\"twitter:label2\" content=\"Est. reading time\" \/>\n\t<meta name=\"twitter:data2\" content=\"2 minutes\" \/>\n<script type=\"application\/ld+json\" class=\"yoast-schema-graph\">{\"@context\":\"https:\/\/schema.org\",\"@graph\":[{\"@type\":\"Article\",\"@id\":\"https:\/\/news.access4you.io\/2021\/10\/06\/elindult-a-vadaszati-vilagkiallitas-joszolgalati-programja\/#article\",\"isPartOf\":{\"@id\":\"https:\/\/news.access4you.io\/2021\/10\/06\/elindult-a-vadaszati-vilagkiallitas-joszolgalati-programja\/\"},\"author\":{\"name\":\"access4you\",\"@id\":\"https:\/\/news.access4you.io\/#\/schema\/person\/cb4fff088aa5f5f43a6f4ce3a1e2e084\"},\"headline\":\"Elindult a Vad\u00e1szati Vil\u00e1gki\u00e1ll\u00edt\u00e1s j\u00f3szolg\u00e1lati programja\",\"datePublished\":\"2021-10-06T09:32:47+00:00\",\"dateModified\":\"2021-10-06T09:32:49+00:00\",\"mainEntityOfPage\":{\"@id\":\"https:\/\/news.access4you.io\/2021\/10\/06\/elindult-a-vadaszati-vilagkiallitas-joszolgalati-programja\/\"},\"wordCount\":466,\"publisher\":{\"@id\":\"https:\/\/news.access4you.io\/#organization\"},\"image\":{\"@id\":\"https:\/\/news.access4you.io\/2021\/10\/06\/elindult-a-vadaszati-vilagkiallitas-joszolgalati-programja\/#primaryimage\"},\"thumbnailUrl\":\"https:\/\/news.access4you.io\/wp-content\/uploads\/2021\/10\/Egy-a-termeszettel-cikk-1.png\",\"articleSection\":[\"Blog\",\"K\u00f6zlem\u00e9ny\"],\"inLanguage\":\"en-US\"},{\"@type\":\"WebPage\",\"@id\":\"https:\/\/news.access4you.io\/2021\/10\/06\/elindult-a-vadaszati-vilagkiallitas-joszolgalati-programja\/\",\"url\":\"https:\/\/news.access4you.io\/2021\/10\/06\/elindult-a-vadaszati-vilagkiallitas-joszolgalati-programja\/\",\"name\":\"Elindult a Vad\u00e1szati Vil\u00e1gki\u00e1ll\u00edt\u00e1s j\u00f3szolg\u00e1lati programja - Access4you H\u00edrek\",\"isPartOf\":{\"@id\":\"https:\/\/news.access4you.io\/#website\"},\"primaryImageOfPage\":{\"@id\":\"https:\/\/news.access4you.io\/2021\/10\/06\/elindult-a-vadaszati-vilagkiallitas-joszolgalati-programja\/#primaryimage\"},\"image\":{\"@id\":\"https:\/\/news.access4you.io\/2021\/10\/06\/elindult-a-vadaszati-vilagkiallitas-joszolgalati-programja\/#primaryimage\"},\"thumbnailUrl\":\"https:\/\/news.access4you.io\/wp-content\/uploads\/2021\/10\/Egy-a-termeszettel-cikk-1.png\",\"datePublished\":\"2021-10-06T09:32:47+00:00\",\"dateModified\":\"2021-10-06T09:32:49+00:00\",\"description\":\"Az Egy a Term\u00e9szettel J\u00f3szolg\u00e1lati Programban r\u00e9szt vev\u0151 szervezetek d\u00edjmentesen l\u00e1togathatj\u00e1k meg a Vad\u00e1szati Vil\u00e1gki\u00e1ll\u00edt\u00e1st. Regisztr\u00e1ci\u00f3s r\u00e9szletek a cikkben.\",\"breadcrumb\":{\"@id\":\"https:\/\/news.access4you.io\/2021\/10\/06\/elindult-a-vadaszati-vilagkiallitas-joszolgalati-programja\/#breadcrumb\"},\"inLanguage\":\"en-US\",\"potentialAction\":[{\"@type\":\"ReadAction\",\"target\":[\"https:\/\/news.access4you.io\/2021\/10\/06\/elindult-a-vadaszati-vilagkiallitas-joszolgalati-programja\/\"]}]},{\"@type\":\"ImageObject\",\"inLanguage\":\"en-US\",\"@id\":\"https:\/\/news.access4you.io\/2021\/10\/06\/elindult-a-vadaszati-vilagkiallitas-joszolgalati-programja\/#primaryimage\",\"url\":\"https:\/\/news.access4you.io\/wp-content\/uploads\/2021\/10\/Egy-a-termeszettel-cikk-1.png\",\"contentUrl\":\"https:\/\/news.access4you.io\/wp-content\/uploads\/2021\/10\/Egy-a-termeszettel-cikk-1.png\",\"width\":1000,\"height\":650,\"caption\":\"Fot\u00f3: Egy a Term\u00e9szettel Vil\u00e1gki\u00e1ll\u00edt\u00e1s\"},{\"@type\":\"BreadcrumbList\",\"@id\":\"https:\/\/news.access4you.io\/2021\/10\/06\/elindult-a-vadaszati-vilagkiallitas-joszolgalati-programja\/#breadcrumb\",\"itemListElement\":[{\"@type\":\"ListItem\",\"position\":1,\"name\":\"Kezd\u0151lap\",\"item\":\"https:\/\/news.access4you.io\/\"},{\"@type\":\"ListItem\",\"position\":2,\"name\":\"Elindult a Vad\u00e1szati Vil\u00e1gki\u00e1ll\u00edt\u00e1s j\u00f3szolg\u00e1lati programja\"}]},{\"@type\":\"WebSite\",\"@id\":\"https:\/\/news.access4you.io\/#website\",\"url\":\"https:\/\/news.access4you.io\/\",\"name\":\"Access4you H\u00edrek\",\"description\":\"\",\"publisher\":{\"@id\":\"https:\/\/news.access4you.io\/#organization\"},\"potentialAction\":[{\"@type\":\"SearchAction\",\"target\":{\"@type\":\"EntryPoint\",\"urlTemplate\":\"https:\/\/news.access4you.io\/?s={search_term_string}\"},\"query-input\":{\"@type\":\"PropertyValueSpecification\",\"valueRequired\":true,\"valueName\":\"search_term_string\"}}],\"inLanguage\":\"en-US\"},{\"@type\":\"Organization\",\"@id\":\"https:\/\/news.access4you.io\/#organization\",\"name\":\"Access4you H\u00edrek\",\"url\":\"https:\/\/news.access4you.io\/\",\"logo\":{\"@type\":\"ImageObject\",\"inLanguage\":\"en-US\",\"@id\":\"https:\/\/news.access4you.io\/#\/schema\/logo\/image\/\",\"url\":\"https:\/\/news.access4you.io\/wp-content\/uploads\/2021\/01\/a4u-logo-black.png\",\"contentUrl\":\"https:\/\/news.access4you.io\/wp-content\/uploads\/2021\/01\/a4u-logo-black.png\",\"width\":726,\"height\":454,\"caption\":\"Access4you H\u00edrek\"},\"image\":{\"@id\":\"https:\/\/news.access4you.io\/#\/schema\/logo\/image\/\"}},{\"@type\":\"Person\",\"@id\":\"https:\/\/news.access4you.io\/#\/schema\/person\/cb4fff088aa5f5f43a6f4ce3a1e2e084\",\"name\":\"access4you\",\"image\":{\"@type\":\"ImageObject\",\"inLanguage\":\"en-US\",\"@id\":\"https:\/\/news.access4you.io\/#\/schema\/person\/image\/\",\"url\":\"https:\/\/secure.gravatar.com\/avatar\/9795a8b3afc7ed258d167a92dbb1075b37bab5bc83b1ac9182ff4f58c22040b8?s=96&d=mm&r=g\",\"contentUrl\":\"https:\/\/secure.gravatar.com\/avatar\/9795a8b3afc7ed258d167a92dbb1075b37bab5bc83b1ac9182ff4f58c22040b8?s=96&d=mm&r=g\",\"caption\":\"access4you\"},\"sameAs\":[\"http:\/\/localhost\/access4you\"],\"url\":\"https:\/\/news.access4you.io\/en\/author\/access4you\/\"}]}<\/script>\n<!-- \/ Yoast SEO plugin. -->","yoast_head_json":{"title":"Elindult a Vad\u00e1szati Vil\u00e1gki\u00e1ll\u00edt\u00e1s j\u00f3szolg\u00e1lati programja - Access4you H\u00edrek","description":"Az Egy a Term\u00e9szettel J\u00f3szolg\u00e1lati Programban r\u00e9szt vev\u0151 szervezetek d\u00edjmentesen l\u00e1togathatj\u00e1k meg a Vad\u00e1szati Vil\u00e1gki\u00e1ll\u00edt\u00e1st. Regisztr\u00e1ci\u00f3s r\u00e9szletek a cikkben.","robots":{"index":"index","follow":"follow","max-snippet":"max-snippet:-1","max-image-preview":"max-image-preview:large","max-video-preview":"max-video-preview:-1"},"canonical":"https:\/\/news.access4you.io\/en\/2021\/10\/06\/elindult-a-vadaszati-vilagkiallitas-joszolgalati-programja\/","og_locale":"en_US","og_type":"article","og_title":"Elindult a Vad\u00e1szati Vil\u00e1gki\u00e1ll\u00edt\u00e1s j\u00f3szolg\u00e1lati programja - Access4you H\u00edrek","og_description":"Az Egy a Term\u00e9szettel J\u00f3szolg\u00e1lati Programban r\u00e9szt vev\u0151 szervezetek d\u00edjmentesen l\u00e1togathatj\u00e1k meg a Vad\u00e1szati Vil\u00e1gki\u00e1ll\u00edt\u00e1st. Regisztr\u00e1ci\u00f3s r\u00e9szletek a cikkben.","og_url":"https:\/\/news.access4you.io\/en\/2021\/10\/06\/elindult-a-vadaszati-vilagkiallitas-joszolgalati-programja\/","og_site_name":"Access4you H\u00edrek","article_published_time":"2021-10-06T09:32:47+00:00","article_modified_time":"2021-10-06T09:32:49+00:00","og_image":[{"width":1000,"height":650,"url":"https:\/\/news.access4you.io\/wp-content\/uploads\/2021\/10\/Egy-a-termeszettel-cikk-1.png","type":"image\/png"}],"author":"access4you","twitter_card":"summary_large_image","twitter_misc":{"Written by":"access4you","Est. reading time":"2 minutes"},"schema":{"@context":"https:\/\/schema.org","@graph":[{"@type":"Article","@id":"https:\/\/news.access4you.io\/2021\/10\/06\/elindult-a-vadaszati-vilagkiallitas-joszolgalati-programja\/#article","isPartOf":{"@id":"https:\/\/news.access4you.io\/2021\/10\/06\/elindult-a-vadaszati-vilagkiallitas-joszolgalati-programja\/"},"author":{"name":"access4you","@id":"https:\/\/news.access4you.io\/#\/schema\/person\/cb4fff088aa5f5f43a6f4ce3a1e2e084"},"headline":"Elindult a Vad\u00e1szati Vil\u00e1gki\u00e1ll\u00edt\u00e1s j\u00f3szolg\u00e1lati programja","datePublished":"2021-10-06T09:32:47+00:00","dateModified":"2021-10-06T09:32:49+00:00","mainEntityOfPage":{"@id":"https:\/\/news.access4you.io\/2021\/10\/06\/elindult-a-vadaszati-vilagkiallitas-joszolgalati-programja\/"},"wordCount":466,"publisher":{"@id":"https:\/\/news.access4you.io\/#organization"},"image":{"@id":"https:\/\/news.access4you.io\/2021\/10\/06\/elindult-a-vadaszati-vilagkiallitas-joszolgalati-programja\/#primaryimage"},"thumbnailUrl":"https:\/\/news.access4you.io\/wp-content\/uploads\/2021\/10\/Egy-a-termeszettel-cikk-1.png","articleSection":["Blog","K\u00f6zlem\u00e9ny"],"inLanguage":"en-US"},{"@type":"WebPage","@id":"https:\/\/news.access4you.io\/2021\/10\/06\/elindult-a-vadaszati-vilagkiallitas-joszolgalati-programja\/","url":"https:\/\/news.access4you.io\/2021\/10\/06\/elindult-a-vadaszati-vilagkiallitas-joszolgalati-programja\/","name":"Elindult a Vad\u00e1szati Vil\u00e1gki\u00e1ll\u00edt\u00e1s j\u00f3szolg\u00e1lati programja - Access4you H\u00edrek","isPartOf":{"@id":"https:\/\/news.access4you.io\/#website"},"primaryImageOfPage":{"@id":"https:\/\/news.access4you.io\/2021\/10\/06\/elindult-a-vadaszati-vilagkiallitas-joszolgalati-programja\/#primaryimage"},"image":{"@id":"https:\/\/news.access4you.io\/2021\/10\/06\/elindult-a-vadaszati-vilagkiallitas-joszolgalati-programja\/#primaryimage"},"thumbnailUrl":"https:\/\/news.access4you.io\/wp-content\/uploads\/2021\/10\/Egy-a-termeszettel-cikk-1.png","datePublished":"2021-10-06T09:32:47+00:00","dateModified":"2021-10-06T09:32:49+00:00","description":"Az Egy a Term\u00e9szettel J\u00f3szolg\u00e1lati Programban r\u00e9szt vev\u0151 szervezetek d\u00edjmentesen l\u00e1togathatj\u00e1k meg a Vad\u00e1szati Vil\u00e1gki\u00e1ll\u00edt\u00e1st. Regisztr\u00e1ci\u00f3s r\u00e9szletek a cikkben.","breadcrumb":{"@id":"https:\/\/news.access4you.io\/2021\/10\/06\/elindult-a-vadaszati-vilagkiallitas-joszolgalati-programja\/#breadcrumb"},"inLanguage":"en-US","potentialAction":[{"@type":"ReadAction","target":["https:\/\/news.access4you.io\/2021\/10\/06\/elindult-a-vadaszati-vilagkiallitas-joszolgalati-programja\/"]}]},{"@type":"ImageObject","inLanguage":"en-US","@id":"https:\/\/news.access4you.io\/2021\/10\/06\/elindult-a-vadaszati-vilagkiallitas-joszolgalati-programja\/#primaryimage","url":"https:\/\/news.access4you.io\/wp-content\/uploads\/2021\/10\/Egy-a-termeszettel-cikk-1.png","contentUrl":"https:\/\/news.access4you.io\/wp-content\/uploads\/2021\/10\/Egy-a-termeszettel-cikk-1.png","width":1000,"height":650,"caption":"Fot\u00f3: Egy a Term\u00e9szettel Vil\u00e1gki\u00e1ll\u00edt\u00e1s"},{"@type":"BreadcrumbList","@id":"https:\/\/news.access4you.io\/2021\/10\/06\/elindult-a-vadaszati-vilagkiallitas-joszolgalati-programja\/#breadcrumb","itemListElement":[{"@type":"ListItem","position":1,"name":"Kezd\u0151lap","item":"https:\/\/news.access4you.io\/"},{"@type":"ListItem","position":2,"name":"Elindult a Vad\u00e1szati Vil\u00e1gki\u00e1ll\u00edt\u00e1s j\u00f3szolg\u00e1lati programja"}]},{"@type":"WebSite","@id":"https:\/\/news.access4you.io\/#website","url":"https:\/\/news.access4you.io\/","name":"Access4you H\u00edrek","description":"","publisher":{"@id":"https:\/\/news.access4you.io\/#organization"},"potentialAction":[{"@type":"SearchAction","target":{"@type":"EntryPoint","urlTemplate":"https:\/\/news.access4you.io\/?s={search_term_string}"},"query-input":{"@type":"PropertyValueSpecification","valueRequired":true,"valueName":"search_term_string"}}],"inLanguage":"en-US"},{"@type":"Organization","@id":"https:\/\/news.access4you.io\/#organization","name":"Access4you H\u00edrek","url":"https:\/\/news.access4you.io\/","logo":{"@type":"ImageObject","inLanguage":"en-US","@id":"https:\/\/news.access4you.io\/#\/schema\/logo\/image\/","url":"https:\/\/news.access4you.io\/wp-content\/uploads\/2021\/01\/a4u-logo-black.png","contentUrl":"https:\/\/news.access4you.io\/wp-content\/uploads\/2021\/01\/a4u-logo-black.png","width":726,"height":454,"caption":"Access4you H\u00edrek"},"image":{"@id":"https:\/\/news.access4you.io\/#\/schema\/logo\/image\/"}},{"@type":"Person","@id":"https:\/\/news.access4you.io\/#\/schema\/person\/cb4fff088aa5f5f43a6f4ce3a1e2e084","name":"access4you","image":{"@type":"ImageObject","inLanguage":"en-US","@id":"https:\/\/news.access4you.io\/#\/schema\/person\/image\/","url":"https:\/\/secure.gravatar.com\/avatar\/9795a8b3afc7ed258d167a92dbb1075b37bab5bc83b1ac9182ff4f58c22040b8?s=96&d=mm&r=g","contentUrl":"https:\/\/secure.gravatar.com\/avatar\/9795a8b3afc7ed258d167a92dbb1075b37bab5bc83b1ac9182ff4f58c22040b8?s=96&d=mm&r=g","caption":"access4you"},"sameAs":["http:\/\/localhost\/access4you"],"url":"https:\/\/news.access4you.io\/en\/author\/access4you\/"}]}},"_links":{"self":[{"href":"https:\/\/news.access4you.io\/en\/wp-json\/wp\/v2\/posts\/4430","targetHints":{"allow":["GET"]}}],"collection":[{"href":"https:\/\/news.access4you.io\/en\/wp-json\/wp\/v2\/posts"}],"about":[{"href":"https:\/\/news.access4you.io\/en\/wp-json\/wp\/v2\/types\/post"}],"author":[{"embeddable":true,"href":"https:\/\/news.access4you.io\/en\/wp-json\/wp\/v2\/users\/1"}],"replies":[{"embeddable":true,"href":"https:\/\/news.access4you.io\/en\/wp-json\/wp\/v2\/comments?post=4430"}],"version-history":[{"count":0,"href":"https:\/\/news.access4you.io\/en\/wp-json\/wp\/v2\/posts\/4430\/revisions"}],"wp:featuredmedia":[{"embeddable":true,"href":"https:\/\/news.access4you.io\/en\/wp-json\/wp\/v2\/media\/4433"}],"wp:attachment":[{"href":"https:\/\/news.access4you.io\/en\/wp-json\/wp\/v2\/media?parent=4430"}],"wp:term":[{"taxonomy":"category","embeddable":true,"href":"https:\/\/news.access4you.io\/en\/wp-json\/wp\/v2\/categories?post=4430"},{"taxonomy":"post_tag","embeddable":true,"href":"https:\/\/news.access4you.io\/en\/wp-json\/wp\/v2\/tags?post=4430"}],"curies":[{"name":"wp","href":"https:\/\/api.w.org\/{rel}","templated":true}]}}