{"id":4435,"date":"2021-10-06T13:27:58","date_gmt":"2021-10-06T13:27:58","guid":{"rendered":"http:\/\/news.access4you.io\/?p=4435"},"modified":"2021-10-06T13:31:43","modified_gmt":"2021-10-06T13:31:43","slug":"akadalymentessegi-minositest-kapott-a-millennium-gardens-irodahaz","status":"publish","type":"post","link":"https:\/\/news.access4you.io\/en\/2021\/10\/06\/akadalymentessegi-minositest-kapott-a-millennium-gardens-irodahaz\/","title":{"rendered":"Akad\u00e1lymentess\u00e9gi min\u0151s\u00edt\u00e9st kapott a Millennium Gardens irodah\u00e1z"},"content":{"rendered":"<p><strong>A TriGranit fejleszt\u00e9s\u00e9ben \u00e9p\u00fcl\u0151 Millennium Gardens az akad\u00e1lymentess\u00e9get vizsg\u00e1l\u00f3 Access4you arany fokozat\u00fa min\u0151s\u00edt\u00e9s\u00e9t \u00e9rte el a projekt kiviteli tervei alapj\u00e1n. A fejleszt\u0151 sz\u00e1m\u00e1ra a b\u00e9rl\u0151i ig\u00e9nyeknek val\u00f3 megfelel\u00e9s alapvet\u0151 fontoss\u00e1g\u00fa, melynek egyre fontosabb eleme a speci\u00e1lis ig\u00e9ny\u0171, vagy megv\u00e1ltozott munkak\u00e9pess\u00e9g\u0171 munkav\u00e1llal\u00f3k kiszolg\u00e1l\u00e1sa, \u00e9s sz\u00e1mukra a befogad\u00f3 k\u00f6rnyezet megteremt\u00e9se. Ennek megfelel\u0151en a fejleszt\u00e9s sor\u00e1n kiemelt figyelmet kapnak az akad\u00e1lymentess\u00e9get t\u00e1mogat\u00f3 megold\u00e1sok.<\/strong><\/p>\n\n\n\n<p>For English, please visit <a href=\"https:\/\/bbj.hu\/business\/real-estate\/office-market\/millennium-gardens-receives-accessibility-certification\" target=\"_blank\" rel=\"noreferrer noopener\">Budapest Business Journal&#8217;s article<\/a>.<\/p>\n\n\n\n<p>A min\u0151s\u00edt\u00e9s \u2013 rengeteg egy\u00e9b szempont mellett \u2013 figyelembe veszi a j\u00e1rd\u00e1k tervezett sz\u00e9less\u00e9g\u00e9t \u00e9s egyenletess\u00e9g\u00e9t, r\u00e1mp\u00e1k jelenl\u00e9t\u00e9t, az ajt\u00f3k \u00e9s liftek sz\u00e9less\u00e9g\u00e9t \u00e9s k\u00f6nny\u0171 haszn\u00e1lhat\u00f3s\u00e1g\u00e1t, a sz\u00fcks\u00e9ges jelz\u00e9sek megl\u00e9t\u00e9t, a mell\u00e9khelyis\u00e9gek akad\u00e1lymentess\u00e9g\u00e9t is. Az \u00e9p\u00fcletben a hall\u00e1ss\u00e9r\u00fclt l\u00e1togat\u00f3k sz\u00e1m\u00e1ra egy t\u00e1blag\u00e9p \u00e1ll majd rendelkez\u00e9sre a recepci\u00f3n a jelnyelvi seg\u00edts\u00e9gny\u00fajt\u00e1shoz, az el\u0151csarnokban pedig indukci\u00f3s hurokrendszer ker\u00fcl kiep\u00edt\u00e9sre.. Ez az eszk\u00f6z m\u00e1gneses mez\u0151n kereszt\u00fcl fogja tov\u00e1bb\u00edtani a hangot a hall\u00f3k\u00e9sz\u00fcl\u00e9khez a h\u00e1tt\u00e9rzaj, interferencia vagy akusztikai torz\u00edt\u00e1s kik\u00fcsz\u00f6b\u00f6l\u00e9se \u00e9rdek\u00e9ben.<\/p>\n\n\n\n<blockquote class=\"wp-block-quote is-layout-flow wp-block-quote-is-layout-flow\"><p>\u00c9szrevehet\u0151en egyre nagyobb azon ingatlanpiaci szerepl\u0151knek a sz\u00e1ma, akik irodater\u00fcleteik akad\u00e1lymentess\u00e9g\u00e9t \u00e9s az err\u0151l sz\u00f3l\u00f3 hiteles \u00e9s r\u00e9szletes inform\u00e1ci\u00f3t az es\u00e9lyegyenl\u0151s\u00e9gbe vetett bizalmuk \u00e9s a j\u00f6v\u0151beni \u00fczleti sikereik kulcsfontoss\u00e1g\u00fa elemeinek tekintik. Kiv\u00e1l\u00f3 p\u00e9lda erre a Milennium Gardens, ahol a fejleszt\u00e9s sor\u00e1n kiemelt figyelmet szentel\u00fcnk az \u00e9p\u00fclet akad\u00e1lymentes\u00edt\u00e9s\u00e9re, hiszen a befogad\u00f3 k\u00f6rnyezet kialak\u00edt\u00e1sa fontos felt\u00e9tele a k\u00f6z\u00f6ss\u00e9gi integr\u00e1ci\u00f3 megval\u00f3sul\u00e1s\u00e1nak. Hissz\u00fck, hogy mozg\u00e1sukban korl\u00e1tozott, kognit\u00edv zavarral vagy audiovizu\u00e1lis akad\u00e1lyokkal \u00e9l\u0151 emberek integr\u00e1ci\u00f3ja es\u00e9lyegyenl\u0151s\u00e9gi \u00e9s emberi jogi szempontokb\u00f3l is elengedhetetlen, de az egyetemes, inkluz\u00edv k\u00f6rnyezet fejleszt\u00e9s\u00e9vel \u00e9s \u00f6szt\u00f6nz\u00e9s\u00e9vel a v\u00e1llalkoz\u00e1sok \u00e9s c\u00e9gek sz\u00e1m\u00e1ra gazdas\u00e1gi \u00e9s \u00fczleti el\u0151nyt is jelent.\u201d<\/p><\/blockquote>\n\n\n\n<p>\u2013 mondta<strong>&nbsp;Makk K\u00e1roly D\u00f6m\u00f6t\u00f6r<\/strong>&nbsp;a TriGranit Vezet\u0151 B\u00e9rbead\u00e1si Menedzsere.<\/p>\n\n\n\n<h3 class=\"wp-block-heading\">A Millennium Gardens a k\u00f6rnyezettudatoss\u00e1g mellett<\/h3>\n\n\n\n<p>Az&nbsp;<strong>Access4you<\/strong>&nbsp;min\u0151s\u00edt\u00e9s mellett az \u00e9p\u00fclet kor\u00e1bban elnyerte a&nbsp;<strong>BREEAM Excellent<\/strong>&nbsp;tan\u00fas\u00edtv\u00e1nyt is, mint k\u00f6nyezettudatosan \u00e9p\u00fcl\u0151 \u00e9s j\u00f6v\u0151ben m\u0171k\u00f6d\u0151 \u00e9p\u00edtm\u00e9ny. T\u00f6bbek k\u00f6z\u00f6tt az elektromos aut\u00f3val \u00e9rkez\u0151k sz\u00e1m\u00e1ra t\u00f6lt\u0151pontok \u00e9p\u00fclnek, a biciklivel \u00e9rkez\u0151knek biztos\u00edtj\u00e1k az \u00f6lt\u00f6z\u00e9si \u00e9s tiszt\u00e1lkod\u00e1si lehet\u0151s\u00e9get, a motorozni v\u00e1gy\u00f3k pedig dedik\u00e1lt parkol\u00f3helyeken parkolhatnak. A hullad\u00e9k szelekt\u00edven ker\u00fcl majd gy\u0171jt\u00e9sre, az \u00e9p\u00fclet liftjei, h\u0171t\u00e9s\/f\u0171t\u00e9s\/ rendszerei \u00e9s mozg\u00e1s\u00e9rz\u00e9kel\u0151s vil\u00e1git\u00e1srendszere energiatakar\u00e9kosan m\u0171k\u00f6dnek majd. Az \u00e9p\u00fclethez tartoz\u00f3 kert \u00f6nt\u00f6z\u00e9se a tervek szerint az es\u0151v\u00edzgy\u0171jt\u0151 \u00f6nt\u00f6z\u0151rendszerrel t\u00f6rt\u00e9nik majd, a friss \u00e9s tiszta iv\u00f3vizet az iv\u00f3v\u00edzsz\u0171r\u0151 rendszer fogja biztos\u00edtani a dolgoz\u00f3knak.<\/p>\n\n\n\n<p>A k\u00f6z\u00e9p \u2013 \u00e9s nagyv\u00e1llalatok sz\u00e1m\u00e1ra ide\u00e1lis Millennium Gardens a Millennium City Center modern, szell\u0151s, egyszerre v\u00edzparti panor\u00e1m\u00e1val \u00e9s kiv\u00e1l\u00f3 k\u00f6zleked\u00e9si lehet\u0151s\u00e9gekkel ell\u00e1tott ter\u00fclet\u00e9nek leg\u00fajabb, legnagyobb preszt\u00edzzsel b\u00edr\u00f3 \u00e9s egyben azt lez\u00e1r\u00f3 fejleszt\u00e9s\u00e9nek \u00e9kk\u00f6ve lesz. 3 670 n\u00e9gyzetm\u00e9teres, k\u00f6nnyen oszthat\u00f3 szintek ker\u00fcltek kialak\u00edt\u00e1sra a 10 emeleten \u00f6sszesen 37 000 n\u00e9gyzetm\u00e9teres irodah\u00e1zban, melyben dunai panor\u00e1m\u00e1t teljes eg\u00e9sz\u00e9ben biztos\u00edt\u00f3 tet\u0151terasz is kialak\u00edt\u00e1sra ker\u00fcl.<\/p>\n\n\n\n<p><\/p>","protected":false},"excerpt":{"rendered":"<p>A TriGranit fejleszt\u00e9s\u00e9ben \u00e9p\u00fcl\u0151 Millennium Gardens az akad\u00e1lymentess\u00e9get vizsg\u00e1l\u00f3 Access4you arany fokozat\u00fa min\u0151s\u00edt\u00e9s\u00e9t \u00e9rte el a projekt kiviteli tervei alapj\u00e1n. A fejleszt\u0151 sz\u00e1m\u00e1ra a b\u00e9rl\u0151i ig\u00e9nyeknek val\u00f3 megfelel\u00e9s alapvet\u0151 fontoss\u00e1g\u00fa, melynek egyre fontosabb eleme a speci\u00e1lis ig\u00e9ny\u0171, vagy megv\u00e1ltozott munkak\u00e9pess\u00e9g\u0171 munkav\u00e1llal\u00f3k kiszolg\u00e1l\u00e1sa, \u00e9s sz\u00e1mukra a befogad\u00f3 k\u00f6rnyezet megteremt\u00e9se. Ennek megfelel\u0151en a fejleszt\u00e9s sor\u00e1n kiemelt figyelmet [&hellip;]<\/p>","protected":false},"author":1,"featured_media":4436,"comment_status":"closed","ping_status":"closed","sticky":false,"template":"","format":"standard","meta":{"footnotes":""},"categories":[10,76],"tags":[],"class_list":["post-4435","post","type-post","status-publish","format-standard","has-post-thumbnail","hentry","category-blog","category-kozlemeny"],"yoast_head":"<!-- This site is optimized with the Yoast SEO plugin v23.8 - https:\/\/yoast.com\/wordpress\/plugins\/seo\/ -->\n<title>Akad\u00e1lymentess\u00e9gi min\u0151s\u00edt\u00e9st kapott a Millennium Gardens irodah\u00e1z - Access4you H\u00edrek<\/title>\n<meta name=\"description\" content=\"A Millennium Gardens az akad\u00e1lymentess\u00e9get vizsg\u00e1l\u00f3 Access4you arany fokozat\u00fa min\u0151s\u00edt\u00e9s\u00e9t \u00e9rte el a projekt kiviteli tervei alapj\u00e1n.\" \/>\n<meta name=\"robots\" content=\"index, follow, max-snippet:-1, max-image-preview:large, max-video-preview:-1\" \/>\n<link rel=\"canonical\" href=\"https:\/\/news.access4you.io\/en\/2021\/10\/06\/akadalymentessegi-minositest-kapott-a-millennium-gardens-irodahaz\/\" \/>\n<meta property=\"og:locale\" content=\"en_US\" \/>\n<meta property=\"og:type\" content=\"article\" \/>\n<meta property=\"og:title\" content=\"Akad\u00e1lymentess\u00e9gi min\u0151s\u00edt\u00e9st kapott a Millennium Gardens irodah\u00e1z - Access4you H\u00edrek\" \/>\n<meta property=\"og:description\" content=\"A Millennium Gardens az akad\u00e1lymentess\u00e9get vizsg\u00e1l\u00f3 Access4you arany fokozat\u00fa min\u0151s\u00edt\u00e9s\u00e9t \u00e9rte el a projekt kiviteli tervei alapj\u00e1n.\" \/>\n<meta property=\"og:url\" content=\"https:\/\/news.access4you.io\/en\/2021\/10\/06\/akadalymentessegi-minositest-kapott-a-millennium-gardens-irodahaz\/\" \/>\n<meta property=\"og:site_name\" content=\"Access4you H\u00edrek\" \/>\n<meta property=\"article:published_time\" content=\"2021-10-06T13:27:58+00:00\" \/>\n<meta property=\"article:modified_time\" content=\"2021-10-06T13:31:43+00:00\" \/>\n<meta property=\"og:image\" content=\"https:\/\/news.access4you.io\/wp-content\/uploads\/2021\/10\/millenium-gardens.jpg\" \/>\n\t<meta property=\"og:image:width\" content=\"1280\" \/>\n\t<meta property=\"og:image:height\" content=\"720\" \/>\n\t<meta property=\"og:image:type\" content=\"image\/jpeg\" \/>\n<meta name=\"author\" content=\"access4you\" \/>\n<meta name=\"twitter:card\" content=\"summary_large_image\" \/>\n<meta name=\"twitter:label1\" content=\"Written by\" \/>\n\t<meta name=\"twitter:data1\" content=\"access4you\" \/>\n\t<meta name=\"twitter:label2\" content=\"Est. reading time\" \/>\n\t<meta name=\"twitter:data2\" content=\"4 minutes\" \/>\n<script type=\"application\/ld+json\" class=\"yoast-schema-graph\">{\"@context\":\"https:\/\/schema.org\",\"@graph\":[{\"@type\":\"Article\",\"@id\":\"https:\/\/news.access4you.io\/2021\/10\/06\/akadalymentessegi-minositest-kapott-a-millennium-gardens-irodahaz\/#article\",\"isPartOf\":{\"@id\":\"https:\/\/news.access4you.io\/2021\/10\/06\/akadalymentessegi-minositest-kapott-a-millennium-gardens-irodahaz\/\"},\"author\":{\"name\":\"access4you\",\"@id\":\"https:\/\/news.access4you.io\/#\/schema\/person\/cb4fff088aa5f5f43a6f4ce3a1e2e084\"},\"headline\":\"Akad\u00e1lymentess\u00e9gi min\u0151s\u00edt\u00e9st kapott a Millennium Gardens irodah\u00e1z\",\"datePublished\":\"2021-10-06T13:27:58+00:00\",\"dateModified\":\"2021-10-06T13:31:43+00:00\",\"mainEntityOfPage\":{\"@id\":\"https:\/\/news.access4you.io\/2021\/10\/06\/akadalymentessegi-minositest-kapott-a-millennium-gardens-irodahaz\/\"},\"wordCount\":720,\"publisher\":{\"@id\":\"https:\/\/news.access4you.io\/#organization\"},\"image\":{\"@id\":\"https:\/\/news.access4you.io\/2021\/10\/06\/akadalymentessegi-minositest-kapott-a-millennium-gardens-irodahaz\/#primaryimage\"},\"thumbnailUrl\":\"https:\/\/news.access4you.io\/wp-content\/uploads\/2021\/10\/millenium-gardens.jpg\",\"articleSection\":[\"Blog\",\"K\u00f6zlem\u00e9ny\"],\"inLanguage\":\"en-US\"},{\"@type\":\"WebPage\",\"@id\":\"https:\/\/news.access4you.io\/2021\/10\/06\/akadalymentessegi-minositest-kapott-a-millennium-gardens-irodahaz\/\",\"url\":\"https:\/\/news.access4you.io\/2021\/10\/06\/akadalymentessegi-minositest-kapott-a-millennium-gardens-irodahaz\/\",\"name\":\"Akad\u00e1lymentess\u00e9gi min\u0151s\u00edt\u00e9st kapott a Millennium Gardens irodah\u00e1z - Access4you H\u00edrek\",\"isPartOf\":{\"@id\":\"https:\/\/news.access4you.io\/#website\"},\"primaryImageOfPage\":{\"@id\":\"https:\/\/news.access4you.io\/2021\/10\/06\/akadalymentessegi-minositest-kapott-a-millennium-gardens-irodahaz\/#primaryimage\"},\"image\":{\"@id\":\"https:\/\/news.access4you.io\/2021\/10\/06\/akadalymentessegi-minositest-kapott-a-millennium-gardens-irodahaz\/#primaryimage\"},\"thumbnailUrl\":\"https:\/\/news.access4you.io\/wp-content\/uploads\/2021\/10\/millenium-gardens.jpg\",\"datePublished\":\"2021-10-06T13:27:58+00:00\",\"dateModified\":\"2021-10-06T13:31:43+00:00\",\"description\":\"A Millennium Gardens az akad\u00e1lymentess\u00e9get vizsg\u00e1l\u00f3 Access4you arany fokozat\u00fa min\u0151s\u00edt\u00e9s\u00e9t \u00e9rte el a projekt kiviteli tervei alapj\u00e1n.\",\"breadcrumb\":{\"@id\":\"https:\/\/news.access4you.io\/2021\/10\/06\/akadalymentessegi-minositest-kapott-a-millennium-gardens-irodahaz\/#breadcrumb\"},\"inLanguage\":\"en-US\",\"potentialAction\":[{\"@type\":\"ReadAction\",\"target\":[\"https:\/\/news.access4you.io\/2021\/10\/06\/akadalymentessegi-minositest-kapott-a-millennium-gardens-irodahaz\/\"]}]},{\"@type\":\"ImageObject\",\"inLanguage\":\"en-US\",\"@id\":\"https:\/\/news.access4you.io\/2021\/10\/06\/akadalymentessegi-minositest-kapott-a-millennium-gardens-irodahaz\/#primaryimage\",\"url\":\"https:\/\/news.access4you.io\/wp-content\/uploads\/2021\/10\/millenium-gardens.jpg\",\"contentUrl\":\"https:\/\/news.access4you.io\/wp-content\/uploads\/2021\/10\/millenium-gardens.jpg\",\"width\":1280,\"height\":720},{\"@type\":\"BreadcrumbList\",\"@id\":\"https:\/\/news.access4you.io\/2021\/10\/06\/akadalymentessegi-minositest-kapott-a-millennium-gardens-irodahaz\/#breadcrumb\",\"itemListElement\":[{\"@type\":\"ListItem\",\"position\":1,\"name\":\"Kezd\u0151lap\",\"item\":\"https:\/\/news.access4you.io\/\"},{\"@type\":\"ListItem\",\"position\":2,\"name\":\"Akad\u00e1lymentess\u00e9gi min\u0151s\u00edt\u00e9st kapott a Millennium Gardens irodah\u00e1z\"}]},{\"@type\":\"WebSite\",\"@id\":\"https:\/\/news.access4you.io\/#website\",\"url\":\"https:\/\/news.access4you.io\/\",\"name\":\"Access4you H\u00edrek\",\"description\":\"\",\"publisher\":{\"@id\":\"https:\/\/news.access4you.io\/#organization\"},\"potentialAction\":[{\"@type\":\"SearchAction\",\"target\":{\"@type\":\"EntryPoint\",\"urlTemplate\":\"https:\/\/news.access4you.io\/?s={search_term_string}\"},\"query-input\":{\"@type\":\"PropertyValueSpecification\",\"valueRequired\":true,\"valueName\":\"search_term_string\"}}],\"inLanguage\":\"en-US\"},{\"@type\":\"Organization\",\"@id\":\"https:\/\/news.access4you.io\/#organization\",\"name\":\"Access4you H\u00edrek\",\"url\":\"https:\/\/news.access4you.io\/\",\"logo\":{\"@type\":\"ImageObject\",\"inLanguage\":\"en-US\",\"@id\":\"https:\/\/news.access4you.io\/#\/schema\/logo\/image\/\",\"url\":\"https:\/\/news.access4you.io\/wp-content\/uploads\/2021\/01\/a4u-logo-black.png\",\"contentUrl\":\"https:\/\/news.access4you.io\/wp-content\/uploads\/2021\/01\/a4u-logo-black.png\",\"width\":726,\"height\":454,\"caption\":\"Access4you H\u00edrek\"},\"image\":{\"@id\":\"https:\/\/news.access4you.io\/#\/schema\/logo\/image\/\"}},{\"@type\":\"Person\",\"@id\":\"https:\/\/news.access4you.io\/#\/schema\/person\/cb4fff088aa5f5f43a6f4ce3a1e2e084\",\"name\":\"access4you\",\"image\":{\"@type\":\"ImageObject\",\"inLanguage\":\"en-US\",\"@id\":\"https:\/\/news.access4you.io\/#\/schema\/person\/image\/\",\"url\":\"https:\/\/secure.gravatar.com\/avatar\/9795a8b3afc7ed258d167a92dbb1075b37bab5bc83b1ac9182ff4f58c22040b8?s=96&d=mm&r=g\",\"contentUrl\":\"https:\/\/secure.gravatar.com\/avatar\/9795a8b3afc7ed258d167a92dbb1075b37bab5bc83b1ac9182ff4f58c22040b8?s=96&d=mm&r=g\",\"caption\":\"access4you\"},\"sameAs\":[\"http:\/\/localhost\/access4you\"],\"url\":\"https:\/\/news.access4you.io\/en\/author\/access4you\/\"}]}<\/script>\n<!-- \/ Yoast SEO plugin. -->","yoast_head_json":{"title":"Akad\u00e1lymentess\u00e9gi min\u0151s\u00edt\u00e9st kapott a Millennium Gardens irodah\u00e1z - Access4you H\u00edrek","description":"A Millennium Gardens az akad\u00e1lymentess\u00e9get vizsg\u00e1l\u00f3 Access4you arany fokozat\u00fa min\u0151s\u00edt\u00e9s\u00e9t \u00e9rte el a projekt kiviteli tervei alapj\u00e1n.","robots":{"index":"index","follow":"follow","max-snippet":"max-snippet:-1","max-image-preview":"max-image-preview:large","max-video-preview":"max-video-preview:-1"},"canonical":"https:\/\/news.access4you.io\/en\/2021\/10\/06\/akadalymentessegi-minositest-kapott-a-millennium-gardens-irodahaz\/","og_locale":"en_US","og_type":"article","og_title":"Akad\u00e1lymentess\u00e9gi min\u0151s\u00edt\u00e9st kapott a Millennium Gardens irodah\u00e1z - Access4you H\u00edrek","og_description":"A Millennium Gardens az akad\u00e1lymentess\u00e9get vizsg\u00e1l\u00f3 Access4you arany fokozat\u00fa min\u0151s\u00edt\u00e9s\u00e9t \u00e9rte el a projekt kiviteli tervei alapj\u00e1n.","og_url":"https:\/\/news.access4you.io\/en\/2021\/10\/06\/akadalymentessegi-minositest-kapott-a-millennium-gardens-irodahaz\/","og_site_name":"Access4you H\u00edrek","article_published_time":"2021-10-06T13:27:58+00:00","article_modified_time":"2021-10-06T13:31:43+00:00","og_image":[{"width":1280,"height":720,"url":"https:\/\/news.access4you.io\/wp-content\/uploads\/2021\/10\/millenium-gardens.jpg","type":"image\/jpeg"}],"author":"access4you","twitter_card":"summary_large_image","twitter_misc":{"Written by":"access4you","Est. reading time":"4 minutes"},"schema":{"@context":"https:\/\/schema.org","@graph":[{"@type":"Article","@id":"https:\/\/news.access4you.io\/2021\/10\/06\/akadalymentessegi-minositest-kapott-a-millennium-gardens-irodahaz\/#article","isPartOf":{"@id":"https:\/\/news.access4you.io\/2021\/10\/06\/akadalymentessegi-minositest-kapott-a-millennium-gardens-irodahaz\/"},"author":{"name":"access4you","@id":"https:\/\/news.access4you.io\/#\/schema\/person\/cb4fff088aa5f5f43a6f4ce3a1e2e084"},"headline":"Akad\u00e1lymentess\u00e9gi min\u0151s\u00edt\u00e9st kapott a Millennium Gardens irodah\u00e1z","datePublished":"2021-10-06T13:27:58+00:00","dateModified":"2021-10-06T13:31:43+00:00","mainEntityOfPage":{"@id":"https:\/\/news.access4you.io\/2021\/10\/06\/akadalymentessegi-minositest-kapott-a-millennium-gardens-irodahaz\/"},"wordCount":720,"publisher":{"@id":"https:\/\/news.access4you.io\/#organization"},"image":{"@id":"https:\/\/news.access4you.io\/2021\/10\/06\/akadalymentessegi-minositest-kapott-a-millennium-gardens-irodahaz\/#primaryimage"},"thumbnailUrl":"https:\/\/news.access4you.io\/wp-content\/uploads\/2021\/10\/millenium-gardens.jpg","articleSection":["Blog","K\u00f6zlem\u00e9ny"],"inLanguage":"en-US"},{"@type":"WebPage","@id":"https:\/\/news.access4you.io\/2021\/10\/06\/akadalymentessegi-minositest-kapott-a-millennium-gardens-irodahaz\/","url":"https:\/\/news.access4you.io\/2021\/10\/06\/akadalymentessegi-minositest-kapott-a-millennium-gardens-irodahaz\/","name":"Akad\u00e1lymentess\u00e9gi min\u0151s\u00edt\u00e9st kapott a Millennium Gardens irodah\u00e1z - Access4you H\u00edrek","isPartOf":{"@id":"https:\/\/news.access4you.io\/#website"},"primaryImageOfPage":{"@id":"https:\/\/news.access4you.io\/2021\/10\/06\/akadalymentessegi-minositest-kapott-a-millennium-gardens-irodahaz\/#primaryimage"},"image":{"@id":"https:\/\/news.access4you.io\/2021\/10\/06\/akadalymentessegi-minositest-kapott-a-millennium-gardens-irodahaz\/#primaryimage"},"thumbnailUrl":"https:\/\/news.access4you.io\/wp-content\/uploads\/2021\/10\/millenium-gardens.jpg","datePublished":"2021-10-06T13:27:58+00:00","dateModified":"2021-10-06T13:31:43+00:00","description":"A Millennium Gardens az akad\u00e1lymentess\u00e9get vizsg\u00e1l\u00f3 Access4you arany fokozat\u00fa min\u0151s\u00edt\u00e9s\u00e9t \u00e9rte el a projekt kiviteli tervei alapj\u00e1n.","breadcrumb":{"@id":"https:\/\/news.access4you.io\/2021\/10\/06\/akadalymentessegi-minositest-kapott-a-millennium-gardens-irodahaz\/#breadcrumb"},"inLanguage":"en-US","potentialAction":[{"@type":"ReadAction","target":["https:\/\/news.access4you.io\/2021\/10\/06\/akadalymentessegi-minositest-kapott-a-millennium-gardens-irodahaz\/"]}]},{"@type":"ImageObject","inLanguage":"en-US","@id":"https:\/\/news.access4you.io\/2021\/10\/06\/akadalymentessegi-minositest-kapott-a-millennium-gardens-irodahaz\/#primaryimage","url":"https:\/\/news.access4you.io\/wp-content\/uploads\/2021\/10\/millenium-gardens.jpg","contentUrl":"https:\/\/news.access4you.io\/wp-content\/uploads\/2021\/10\/millenium-gardens.jpg","width":1280,"height":720},{"@type":"BreadcrumbList","@id":"https:\/\/news.access4you.io\/2021\/10\/06\/akadalymentessegi-minositest-kapott-a-millennium-gardens-irodahaz\/#breadcrumb","itemListElement":[{"@type":"ListItem","position":1,"name":"Kezd\u0151lap","item":"https:\/\/news.access4you.io\/"},{"@type":"ListItem","position":2,"name":"Akad\u00e1lymentess\u00e9gi min\u0151s\u00edt\u00e9st kapott a Millennium Gardens irodah\u00e1z"}]},{"@type":"WebSite","@id":"https:\/\/news.access4you.io\/#website","url":"https:\/\/news.access4you.io\/","name":"Access4you H\u00edrek","description":"","publisher":{"@id":"https:\/\/news.access4you.io\/#organization"},"potentialAction":[{"@type":"SearchAction","target":{"@type":"EntryPoint","urlTemplate":"https:\/\/news.access4you.io\/?s={search_term_string}"},"query-input":{"@type":"PropertyValueSpecification","valueRequired":true,"valueName":"search_term_string"}}],"inLanguage":"en-US"},{"@type":"Organization","@id":"https:\/\/news.access4you.io\/#organization","name":"Access4you H\u00edrek","url":"https:\/\/news.access4you.io\/","logo":{"@type":"ImageObject","inLanguage":"en-US","@id":"https:\/\/news.access4you.io\/#\/schema\/logo\/image\/","url":"https:\/\/news.access4you.io\/wp-content\/uploads\/2021\/01\/a4u-logo-black.png","contentUrl":"https:\/\/news.access4you.io\/wp-content\/uploads\/2021\/01\/a4u-logo-black.png","width":726,"height":454,"caption":"Access4you H\u00edrek"},"image":{"@id":"https:\/\/news.access4you.io\/#\/schema\/logo\/image\/"}},{"@type":"Person","@id":"https:\/\/news.access4you.io\/#\/schema\/person\/cb4fff088aa5f5f43a6f4ce3a1e2e084","name":"access4you","image":{"@type":"ImageObject","inLanguage":"en-US","@id":"https:\/\/news.access4you.io\/#\/schema\/person\/image\/","url":"https:\/\/secure.gravatar.com\/avatar\/9795a8b3afc7ed258d167a92dbb1075b37bab5bc83b1ac9182ff4f58c22040b8?s=96&d=mm&r=g","contentUrl":"https:\/\/secure.gravatar.com\/avatar\/9795a8b3afc7ed258d167a92dbb1075b37bab5bc83b1ac9182ff4f58c22040b8?s=96&d=mm&r=g","caption":"access4you"},"sameAs":["http:\/\/localhost\/access4you"],"url":"https:\/\/news.access4you.io\/en\/author\/access4you\/"}]}},"_links":{"self":[{"href":"https:\/\/news.access4you.io\/en\/wp-json\/wp\/v2\/posts\/4435","targetHints":{"allow":["GET"]}}],"collection":[{"href":"https:\/\/news.access4you.io\/en\/wp-json\/wp\/v2\/posts"}],"about":[{"href":"https:\/\/news.access4you.io\/en\/wp-json\/wp\/v2\/types\/post"}],"author":[{"embeddable":true,"href":"https:\/\/news.access4you.io\/en\/wp-json\/wp\/v2\/users\/1"}],"replies":[{"embeddable":true,"href":"https:\/\/news.access4you.io\/en\/wp-json\/wp\/v2\/comments?post=4435"}],"version-history":[{"count":0,"href":"https:\/\/news.access4you.io\/en\/wp-json\/wp\/v2\/posts\/4435\/revisions"}],"wp:featuredmedia":[{"embeddable":true,"href":"https:\/\/news.access4you.io\/en\/wp-json\/wp\/v2\/media\/4436"}],"wp:attachment":[{"href":"https:\/\/news.access4you.io\/en\/wp-json\/wp\/v2\/media?parent=4435"}],"wp:term":[{"taxonomy":"category","embeddable":true,"href":"https:\/\/news.access4you.io\/en\/wp-json\/wp\/v2\/categories?post=4435"},{"taxonomy":"post_tag","embeddable":true,"href":"https:\/\/news.access4you.io\/en\/wp-json\/wp\/v2\/tags?post=4435"}],"curies":[{"name":"wp","href":"https:\/\/api.w.org\/{rel}","templated":true}]}}