{"id":4440,"date":"2021-10-19T11:45:37","date_gmt":"2021-10-19T11:45:37","guid":{"rendered":"http:\/\/news.access4you.io\/?p=4440"},"modified":"2021-10-19T11:51:37","modified_gmt":"2021-10-19T11:51:37","slug":"az-akadalymentes-repules-mindenkinek-erdeke-harom-kulcskerdes-a-latasserult-emberek-legikozlekedeserol","status":"publish","type":"post","link":"https:\/\/news.access4you.io\/en\/2021\/10\/19\/az-akadalymentes-repules-mindenkinek-erdeke-harom-kulcskerdes-a-latasserult-emberek-legikozlekedeserol\/","title":{"rendered":"\u201eAz akad\u00e1lymentes rep\u00fcl\u00e9s mindenkinek \u00e9rdeke\u201d \u2013 H\u00e1rom kulcsk\u00e9rd\u00e9s a l\u00e1t\u00e1ss\u00e9r\u00fclt emberek l\u00e9gik\u00f6zleked\u00e9s\u00e9r\u0151l"},"content":{"rendered":"<div style=\"height:31px\" aria-hidden=\"true\" class=\"wp-block-spacer\"><\/div>\n\n\n\n<p><strong>Hogy t\u00e1j\u00e9koz\u00f3dik egy l\u00e1t\u00e1ss\u00e9r\u00fclt ember olyan t\u00e1gas \u00e9s bonyolult helyen, mint a rep\u00fcl\u0151t\u00e9r? Milyen seg\u00edts\u00e9gre van sz\u00fcks\u00e9ge \u2013 p\u00e9ld\u00e1ul, hogy megtal\u00e1lja a besz\u00e1ll\u00f3kaput, a csomagj\u00e1t, a duty free-t \u2013, \u00e9s milyenre nincs? Milyen technol\u00f3giai megold\u00e1sok \u00e9s jogszab\u00e1lyok biztos\u00edtj\u00e1k a hozz\u00e1f\u00e9rhet\u0151 l\u00e9gik\u00f6zleked\u00e9st a vakok \u00e9s gyeng\u00e9nl\u00e1t\u00f3k sz\u00e1m\u00e1ra, mekkora a t\u00e1vols\u00e1g elm\u00e9let \u00e9s gyakorlat k\u00f6z\u00f6tt, \u00e9s GPS-e a vakvezet\u0151 kutya? Okt\u00f3ber 7-\u00e9n a Budapest Airport rendezett konferenci\u00e1t a t\u00e9m\u00e1ban, a DANOVA nemzetk\u00f6zi projekt keret\u00e9ben.<\/strong> <em>Kir\u00e1ly Eszter besz\u00e1mol\u00f3ja<\/em><\/p>\n\n\n\n<p>Csak a sz\u00e1mokat tekintve is j\u00f3l l\u00e1tszik az egyik, vak \u00e9s gyeng\u00e9nl\u00e1t\u00f3 embereket \u00e9rint\u0151 probl\u00e9ma: harminc milli\u00f3 l\u00e1t\u00e1ss\u00e9r\u00fclt ember \u00e9l az Eur\u00f3pai Uni\u00f3 ter\u00fclet\u00e9n, ehhez k\u00e9pest a k\u00f6zleked\u00e9si l\u00e9tes\u00edtm\u00e9nyek 96%-a nem megfelel\u0151en akad\u00e1lymentes\u00edtett. A <strong>DANOVA nemzetk\u00f6zi projekt<\/strong> ez\u00e9rt c\u00e9lul t\u0171zte ki t\u00f6bbek k\u00f6z\u00f6tt a rep\u00fcl\u0151terek megk\u00f6zel\u00edthet\u0151s\u00e9g\u00e9nek jav\u00edt\u00e1s\u00e1t a l\u00e1t\u00e1ss\u00e9r\u00fclt emberek sz\u00e1m\u00e1ra. A kilenc orsz\u00e1g szakmai, \u00e9rdekk\u00e9pviseleti \u00e9s kutat\u00f3i szervezeteit \u00f6sszefog\u00f3 egy\u00fcttm\u0171k\u00f6d\u00e9sben Magyarorsz\u00e1gr\u00f3l a <strong>Budapest Airport<\/strong> \u00e9s a <strong>BKK <\/strong>vesz r\u00e9szt. El\u0151bbi a DANOVA projekt r\u00e9szek\u00e9nt rendezett konferenci\u00e1t okt\u00f3ber 7-\u00e9n a Liszt Ferenc Nemzetk\u00f6zi Rep\u00fcl\u0151t\u00e9r SkyCourt rendezv\u00e9nyterm\u00e9ben. Az eszmecser\u00e9n a h\u00e1zigazda mellett a <strong>Magyar Vakok \u00e9s Gyeng\u00e9nl\u00e1t\u00f3k Orsz\u00e1gos Sz\u00f6vets\u00e9ge (MVGYOSZ), az ARIADN\u00c9 vakvezet\u0151 rendszer fejleszt\u0151i csapata, a Rehabilit\u00e1ci\u00f3s K\u00f6rnyezettervez\u0151 Szakm\u00e9rn\u00f6k\u00f6k \u00e9s Rehabilit\u00e1ci\u00f3s K\u00f6rnyezettervez\u0151 Szakemberek Orsz\u00e1gos Egyes\u00fclete (REKORE) \u00e9s az Access4you k\u00e9pvisel\u0151i vettek r\u00e9szt.<\/strong><\/p>\n\n\n\n<div style=\"height:29px\" aria-hidden=\"true\" class=\"wp-block-spacer\"><\/div>\n\n\n\n<h4 class=\"wp-block-heading\"><strong>Ki mit (nem) tud?<\/strong><\/h4>\n\n\n\n<blockquote class=\"wp-block-quote is-layout-flow wp-block-quote-is-layout-flow\"><p>\u201e<em>Nem ismerj\u00fck azt a probl\u00e9m\u00e1t, ami nek\u00fcnk nem probl\u00e9ma\u201d <\/em><\/p><\/blockquote>\n\n\n\n<p>\u2013<strong> Berecz Bal\u00e1zs, az Access4you \u00fcgyvezet\u0151j\u00e9nek <\/strong>mondata j\u00f3l t\u00fckr\u00f6zi, hogy az inform\u00e1ci\u00f3hi\u00e1ny az akad\u00e1lymentess\u00e9g egyik nagy ker\u00e9kk\u00f6t\u0151je. A hi\u00e1nyz\u00f3 ismeretek \u00e9s a t\u00e9vhitek a l\u00e1t\u00e1ss\u00e9r\u00fclt emberek l\u00e9gik\u00f6zleked\u00e9s\u00e9ben is t\u00f6bbf\u00e9le probl\u00e9m\u00e1t okoznak. P\u00e9ld\u00e1ul vakok \u00e9s gyeng\u00e9nl\u00e1t\u00f3k l\u00e1t\u00e1si k\u00e9pess\u00e9gei k\u00fcl\u00f6nb\u00f6znek, \u00edgy nem c\u00e9lszer\u0171 homog\u00e9n csoportk\u00e9nt gondolni r\u00e1juk: el\u0151bbieknek ink\u00e1bb helyettes\u00edt\u0151 jelz\u00e9sek, ut\u00f3bbiak sz\u00e1m\u00e1ra a feler\u0151s\u00edtett jelz\u00e9sek jelentenek seg\u00edts\u00e9get a t\u00e1j\u00e9koz\u00f3d\u00e1sban \u2013 h\u00edvta fel a figyelmet <strong>N\u00e9meth Orsolya, az MVGYOSZ szakmai vezet\u0151je<\/strong>. Sokszor fordul el\u0151, hogy l\u00e1t\u00e1ss\u00e9r\u00fcltek olyan helyzetekben kapnak \u201eseg\u00edts\u00e9get\u201d, amikor nem volna r\u00e1 sz\u00fcks\u00e9g (p\u00e9ld\u00e1ul egy vak ember egyed\u00fcl is k\u00e9pes haszn\u00e1lni a mozg\u00f3j\u00e1rd\u00e1t, mozg\u00f3l\u00e9pcs\u0151t), m\u00e1skor viszont asszisztencia n\u00e9lk\u00fcl maradnak, p\u00e9ld\u00e1ul a biztons\u00e1gi ellen\u0151rz\u00e9sn\u00e9l vagy a csomagjuk kiv\u00e1laszt\u00e1s\u00e1n\u00e1l. El\u0151fordul, hogy a fed\u00e9lzeten elv\u00e1lasztj\u00e1k egym\u00e1st\u00f3l a l\u00e1t\u00e1ss\u00e9r\u00fclt embert \u00e9s a k\u00eds\u00e9r\u0151j\u00e9t, pedig ez csak ront az utas helyzet\u00e9n. <strong>Heged\u0171s P\u00e1l, a Budapest Airport termin\u00e1lmenedzsere<\/strong> arra a t\u00edpus\u00fa inform\u00e1ci\u00f3hi\u00e1nyra hozott p\u00e9ld\u00e1t, amikor egy l\u00e9git\u00e1rsas\u00e1g nem tov\u00e1bb\u00edtja azt az adatot, hogy a g\u00e9pen fogyat\u00e9koss\u00e1ggal \u00e9l\u0151 \u00e9s asszisztenci\u00e1t ig\u00e9nyl\u0151 szem\u00e9ly utazik, \u00edgy a j\u00e1ratot fogad\u00f3 rept\u00e9r nem tud felk\u00e9sz\u00fclni arra, hogy megfelel\u0151 seg\u00edts\u00e9get ny\u00fajtson.<\/p>\n\n\n\n<p>A l\u00e1t\u00e1ss\u00e9r\u00fclt embereket szolg\u00e1l\u00f3 komplex akad\u00e1lymentes\u00edt\u00e9snek az infrastrukt\u00far\u00e1ra, a szolg\u00e1ltat\u00e1sokra \u00e9s az el\u00e9rhet\u0151 infokommunik\u00e1ci\u00f3s k\u00f6rnyezetre is ki kell terjednie. A digit\u00e1lis fel\u00fcletek, a weboldalak \u00e9s applik\u00e1ci\u00f3k akad\u00e1lymentess\u00e9ge volna az egyik legfontosabb seg\u00edts\u00e9g a l\u00e1t\u00e1ss\u00e9r\u00fclt embereknek. Hiszen m\u00edg p\u00e9ld\u00e1ul a k\u00f6zhiedelemmel ellent\u00e9tben a vakvezet\u0151 kutya nem GPS, a mobilok alapvet\u0151 seg\u00edts\u00e9get jelentenek a navig\u00e1ci\u00f3ban \u00e9s sok m\u00e1s dologban is. Ahogy N\u00e9meth Orsolya megjegyezte: az okostelefon az \u00e9p embereknek k\u00e9nyelmi cikk, a fogyat\u00e9koss\u00e1ggal \u00e9l\u0151knek azonban \u00e1tlagos \u00e9letvitelt lehet\u0151v\u00e9 tev\u0151 seg\u00e9deszk\u00f6z.<\/p>\n\n\n\n<figure class=\"wp-block-image size-large\"><img loading=\"lazy\" decoding=\"async\" width=\"1024\" height=\"683\" src=\"http:\/\/news.access4you.io\/wp-content\/uploads\/2021\/10\/Danova_photo1-1024x683.jpg\" alt=\"\" class=\"wp-image-4442\" srcset=\"https:\/\/news.access4you.io\/wp-content\/uploads\/2021\/10\/Danova_photo1-1024x683.jpg 1024w, https:\/\/news.access4you.io\/wp-content\/uploads\/2021\/10\/Danova_photo1-300x200.jpg 300w, https:\/\/news.access4you.io\/wp-content\/uploads\/2021\/10\/Danova_photo1-768x512.jpg 768w, https:\/\/news.access4you.io\/wp-content\/uploads\/2021\/10\/Danova_photo1-1536x1024.jpg 1536w, https:\/\/news.access4you.io\/wp-content\/uploads\/2021\/10\/Danova_photo1.jpg 1920w\" sizes=\"auto, (max-width: 1024px) 100vw, 1024px\" \/><figcaption>K\u00e9p forr\u00e1sa: Budapest Airport<\/figcaption><\/figure>\n\n\n\n<div style=\"height:31px\" aria-hidden=\"true\" class=\"wp-block-spacer\"><\/div>\n\n\n\n<h4 class=\"wp-block-heading\"><strong>A szab\u00e1ly az csak szab\u00e1ly?<\/strong><\/h4>\n\n\n\n<p>A konferenci\u00e1n a l\u00e1t\u00e1ss\u00e9r\u00fclt embereket \u00e9rint\u0151 jogi szab\u00e1lyoz\u00e1sr\u00f3l <strong>Guly\u00e1sn\u00e9<\/strong> <strong>dr. B\u00f6lk\u00e9ny \u00c1gota, az MVGYOSZ jogtan\u00e1csosa<\/strong> besz\u00e9lt. Kiemelte: t\u00f6rv\u00e9ny r\u00f6gz\u00edti azt, hogy a fogyat\u00e9koss\u00e1ggal \u00e9l\u0151 embernek joga van a sz\u00e1m\u00e1ra akad\u00e1lymentesen \u00e9rz\u00e9kelhet\u0151, biztons\u00e1gos k\u00f6rnyezethez \u00e9s t\u00e1j\u00e9koz\u00f3d\u00e1si lehet\u0151s\u00e9gekhez, \u00e9s azt is, hogy a k\u00f6zleked\u00e9si rendszereknek \u00e9s eszk\u00f6z\u00f6knek alkalmasnak kell lenni\u00fck arra, hogy fogyat\u00e9kos emberek azokat biztons\u00e1ggal vehess\u00e9k ig\u00e9nybe. <strong>Szab\u00f3 Henriett rehabilit\u00e1ci\u00f3s szakm\u00e9rn\u00f6k<\/strong>, a <strong>REKORE <\/strong>tagja ezt azzal eg\u00e9sz\u00edtette ki, hogy a hat\u00e1lyos jogszab\u00e1lyok \u00e9rtelm\u00e9ben Magyarorsz\u00e1gon elvileg nem lehets\u00e9ges k\u00f6zbeszerz\u00e9st folytatni \u00fagy, hogy a l\u00e9tes\u00edtm\u00e9ny terveibe nincs be\u00e9p\u00edtve teljesk\u00f6r\u0171 akad\u00e1lymentess\u00e9g. Jogi \u00e9rtelemben minden adott teh\u00e1t ahhoz, hogy mindenki sz\u00e1m\u00e1ra hozz\u00e1f\u00e9rhet\u0151 \u00e9s biztons\u00e1gosan haszn\u00e1lhat\u00f3 legyen a l\u00e9gik\u00f6zleked\u00e9s, a szab\u00e1lyok alkalmaz\u00e1sa \u00e9s betartat\u00e1sa azonban hagynak k\u00edv\u00e1nnival\u00f3t maguk ut\u00e1n.<\/p>\n\n\n\n<p>Az utaz\u00e1si szolg\u00e1ltat\u00f3knak k\u00f6telezetts\u00e9geik vannak a fogyat\u00e9koss\u00e1ggal \u00e9l\u0151 emberek fel\u00e9, nem tagadhatj\u00e1k meg p\u00e9ld\u00e1ul a sz\u00e1ll\u00edt\u00e1st, biztos\u00edtaniuk kell a t\u00e1j\u00e9koz\u00f3d\u00e1shoz val\u00f3 jogot, illetve seg\u00edts\u00e9get kell ny\u00fajtaniuk a g\u00e9p fed\u00e9lzet\u00e9n \u00e9s azon k\u00edv\u00fcl is. Ehhez dr. B\u00f6lk\u00e9ny \u00c1gota hozz\u00e1f\u0171zte azt is, hogy a protokollok bet\u0171 szerinti k\u00f6vet\u00e9se n\u00e9ha \u00faj probl\u00e9m\u00e1kat sz\u00fcl, ez\u00e9rt szem\u00e9lyre szabott \u00e9s rugalmas seg\u00edts\u00e9gny\u00fajt\u00e1sra kell t\u00f6rekedni. P\u00e9ld\u00e1ul ha szab\u00e1ly szerint kerekessz\u00e9kben kellene eltolni valakit a termin\u00e1lhoz, de az \u00e9rintett l\u00e1t\u00e1ss\u00e9r\u00fclt, \u00e1m gyalogl\u00e1sra t\u00f6k\u00e9letesen k\u00e9pes egy\u00e9n oda tud menni mag\u00e1t\u00f3l is, a szem\u00e9lyzet ne ragaszkodjon a sz\u00e9khez. Vagy ha egy panaszt\u00e9teli \u0171rlap a weboldalon nem akad\u00e1lymentes, akkor a l\u00e1t\u00e1ss\u00e9r\u00fclt utas ny\u00fajthassa be egy\u00e9b m\u00f3don is a panasz\u00e1t.<\/p>\n\n\n\n<div style=\"height:51px\" aria-hidden=\"true\" class=\"wp-block-spacer\"><\/div>\n\n\n\n<h4 class=\"wp-block-heading\"><strong>Kinek j\u00f3 az akad\u00e1lymentes rep\u00fcl\u00e9s?<\/strong><\/h4>\n\n\n\n<p><strong>R\u00f6viden: sokaknak. Kicsit hosszabban: mindenkinek.<\/strong> Heged\u0171s P\u00e1l szerint a seg\u00edts\u00e9get ig\u00e9nyl\u0151 utasok, k\u00f6z\u00fcl\u00fck is a l\u00e1t\u00e1ss\u00e9r\u00fcltek sz\u00e1ma folyamatosan n\u00f6vekszik. Berecz Bal\u00e1zs felh\u00edvta a figyelmet, hogy a speci\u00e1lis ig\u00e9ny\u0171 emberek a vil\u00e1g lakoss\u00e1g\u00e1nak 15%-\u00e1t teszik ki, az akad\u00e1lymentess\u00e9g teh\u00e1t biztosan nem r\u00e9tegprobl\u00e9ma. Eml\u00e9keztetett arra is, hogy az \u00e9letkori, \u00e9let\u00e1llapotbeli v\u00e1ltoz\u00e1sok miatt el\u0151bb-ut\u00f3bb mindenkinek ig\u00e9nye lesz az akad\u00e1lymentes megold\u00e1sokra. Egy r\u00e1mpa, egy j\u00f3l megvil\u00e1g\u00edtott inf\u00f3t\u00e1bla vagy egy sz\u00e9les lift nemcsak a fogyat\u00e9koss\u00e1ggal \u00e9l\u0151 embereket, de a babakocsisokat, az id\u0151seket, a balesetben megs\u00e9r\u00fclteket is szolg\u00e1lja.<\/p>\n\n\n\n<p>Ehhez kapcsol\u00f3dik az egyetemes tervez\u00e9s elve is, amely \u2013 ahogy Szab\u00f3 Henriett hangs\u00falyozta \u2013 alapelvk\u00e9nt \u00e9s el\u0151\u00edr\u00e1sk\u00e9nt is szerepel a jogszab\u00e1lyokban. L\u00e9nyege, hogy egy szolg\u00e1ltat\u00e1st vagy l\u00e9tes\u00edtm\u00e9nyt eleve \u00fagy terveznek meg, hogy ugyanazzal a szolg\u00e1ltat\u00e1ssal, l\u00e9tes\u00edtm\u00e9nnyel szolg\u00e1ljanak ki minden felhaszn\u00e1l\u00f3t \u2013 teh\u00e1t ne ut\u00f3lag kelljen akad\u00e1lymentes\u00edteni az adott dolgot. Amellett, hogy az egyetemes tervez\u00e9s k\u00f6lts\u00e9ghat\u00e9konyabb, az el\u0151re \u201ebetervezett\u201d akad\u00e1lymentess\u00e9g eszt\u00e9tikailag is el\u0151ny\u00f6s, belesimul a k\u00f6rnyezet\u00e9be. Szab\u00f3 Henriett az egyetemes tervez\u00e9s r\u00e9szek\u00e9nt a t\u00f6bbcsatorn\u00e1s inform\u00e1ci\u00f3k\u00f6zl\u00e9s elv\u00e9t is kiemelte: p\u00e9ld\u00e1ul egy l\u00e1that\u00f3, hallhat\u00f3 \u00e9s tapinthat\u00f3 \u00faton is inform\u00e1ci\u00f3t ad\u00f3 bankautomata, egy vizu\u00e1lisan is hasznos taktilis vezet\u0151s\u00e1v vagy egy hang- \u00e9s f\u00e9nyjelz\u00e9st is ad\u00f3 biztons\u00e1gi kapu j\u00f3l haszn\u00e1lhat\u00f3 a l\u00e1t\u00e1s- \u00e9s hall\u00e1ss\u00e9r\u00fclt, valamint az \u00e9p emberek \u00e1ltal is.<\/p>\n\n\n\n<p>Az akad\u00e1lymentess\u00e9gre t\u00f6rekv\u00e9s az innov\u00e1ci\u00f3nak is meg\u00e1gyaz. \u00cdgy vet\u0151dik fel p\u00e9ld\u00e1ul egy l\u00e1t\u00e1ss\u00e9r\u00fclteket szolg\u00e1l\u00f3 indoor navig\u00e1ci\u00f3s rendszer, vagy egy (nemcsak) vakvezet\u0151 kuty\u00e1k sz\u00fcks\u00e9gleteire reag\u00e1l\u00f3 rep\u00fcl\u0151t\u00e9ri kutyafuttat\u00f3 \u00f6tlete \u2013 \u00e9s az olyan \u00faj tal\u00e1lm\u00e1nyok alapgondolata is, mint az ARIADN\u00c9 vakvezet\u0151 rendszer. A konferenci\u00e1n <strong>Major L\u00e1szl\u00f3 mutatta be az \u00d3budai Egyetemen<\/strong> a csapata \u00e1ltal fejlesztett eszk\u00f6zt. Az okos feh\u00e9rbotb\u00f3l \u00e9s az elektronikusan \u00e9rz\u00e9kelhet\u0151 vezet\u0151s\u00e1vb\u00f3l \u00e1ll\u00f3 rendszert a l\u00e9tes\u00edtm\u00e9nyekbe \u00e9rkezve a l\u00e1t\u00e1ss\u00e9r\u00fcltek saj\u00e1t botjuk helyett, az okosbotot k\u00f6lcs\u00f6n\u00f6zve haszn\u00e1lhatj\u00e1k, annak seg\u00edts\u00e9g\u00e9vel t\u00e1j\u00e9koz\u00f3dhatnak a sz\u00e1mukra ismeretlen terepen.<\/p>\n\n\n\n<p>Az ARIADN\u00c9 \u00e9s maga a konferencia is inspir\u00e1l\u00f3 bizonys\u00e1gai annak, hogy a gondoskod\u00e1s sz\u00e1nd\u00e9ka \u00e1ltal\u00e1ban probl\u00e9mamegold\u00f3 gondolkod\u00e1shoz vezet, \u00e9s hogy az akad\u00e1lymentes l\u00e9gik\u00f6zleked\u00e9s val\u00f3ban k\u00f6z\u00f6s \u00e9rdek.<\/p>\n\n\n\n<p>Tudj meg t\u00f6bbet a DANOVA projektr\u0151l <a href=\"https:\/\/www.bud.hu\/budapest_airport\/felelossegvallalas\/kornyezetvedelmi_felelossegvallalas\/danova\" target=\"_blank\" rel=\"noreferrer noopener\">itt<\/a>! <\/p>\n\n\n\n<p><\/p>\n\n\n\n<p><em>Olvass m\u00e9g t\u00f6bb tartalmat sp\u00e9ci emberekr\u0151l, az akad\u00e1lymentess\u00e9gr\u0151l \u00e9s a t\u00e1rsadalmi inkl\u00fazi\u00f3r\u00f3l az\u00a0<a href=\"http:\/\/news.access4you.io\/en\/\" target=\"_blank\" rel=\"noreferrer noopener\">Access4you h\u00edrei<\/a>\u00a0k\u00f6z\u00f6tt. N\u00e9zz k\u00f6rbe a\u00a0<a href=\"https:\/\/access4you.io\/places\" target=\"_blank\" rel=\"noreferrer noopener\">Tan\u00fas\u00edtott helysz\u00ednek<\/a>\u00a0men\u00fcben, ahol r\u00e9szletes inform\u00e1ci\u00f3t adunk a felm\u00e9r\u00e9sben r\u00e9szt vev\u0151 helysz\u00ednek akad\u00e1lymentess\u00e9g\u00e9r\u0151l, mindezt 8 + 1 sp\u00e9ci csoport ig\u00e9nyei alapj\u00e1n: kerekessz\u00e9ket haszn\u00e1l\u00f3k, babakocsival k\u00f6zleked\u0151k, id\u0151sek \u00e9s mozg\u00e1sukban korl\u00e1tozottak, siketek, nagyothall\u00f3k, vakok, gyeng\u00e9nl\u00e1t\u00f3k, kognit\u00edv zavarral \u00e9l\u0151k, valamint (+1) seg\u00edt\u0151kuty\u00e1val k\u00f6zleked\u0151k sz\u00e1m\u00e1ra.<\/em><\/p>","protected":false},"excerpt":{"rendered":"<p>Hogy t\u00e1j\u00e9koz\u00f3dik egy l\u00e1t\u00e1ss\u00e9r\u00fclt ember olyan t\u00e1gas \u00e9s bonyolult helyen, mint a rep\u00fcl\u0151t\u00e9r? Milyen seg\u00edts\u00e9gre van sz\u00fcks\u00e9ge \u2013 p\u00e9ld\u00e1ul, hogy megtal\u00e1lja a besz\u00e1ll\u00f3kaput, a csomagj\u00e1t, a duty free-t \u2013, \u00e9s milyenre nincs? Milyen technol\u00f3giai megold\u00e1sok \u00e9s jogszab\u00e1lyok biztos\u00edtj\u00e1k a hozz\u00e1f\u00e9rhet\u0151 l\u00e9gik\u00f6zleked\u00e9st a vakok \u00e9s gyeng\u00e9nl\u00e1t\u00f3k sz\u00e1m\u00e1ra, mekkora a t\u00e1vols\u00e1g elm\u00e9let \u00e9s gyakorlat k\u00f6z\u00f6tt, \u00e9s GPS-e [&hellip;]<\/p>","protected":false},"author":1,"featured_media":4441,"comment_status":"closed","ping_status":"closed","sticky":false,"template":"","format":"standard","meta":{"footnotes":""},"categories":[74,10],"tags":[],"class_list":["post-4440","post","type-post","status-publish","format-standard","has-post-thumbnail","hentry","category-szivugyunk","category-blog"],"yoast_head":"<!-- This site is optimized with the Yoast SEO plugin v23.8 - https:\/\/yoast.com\/wordpress\/plugins\/seo\/ -->\n<title>\u201eAz akad\u00e1lymentes rep\u00fcl\u00e9s mindenkinek \u00e9rdeke\u201d \u2013 H\u00e1rom kulcsk\u00e9rd\u00e9s a l\u00e1t\u00e1ss\u00e9r\u00fclt emberek l\u00e9gik\u00f6zleked\u00e9s\u00e9r\u0151l - Access4you H\u00edrek<\/title>\n<meta name=\"description\" content=\"Hogy t\u00e1j\u00e9koz\u00f3dik egy l\u00e1t\u00e1ss\u00e9r\u00fclt ember olyan t\u00e1gas \u00e9s bonyolult helyen, mint a rep\u00fcl\u0151t\u00e9r? Milyen seg\u00edts\u00e9gre van sz\u00fcks\u00e9ge \u00e9s milyenre nincs? Milyen technol\u00f3giai megold\u00e1sok \u00e9s jogszab\u00e1lyok biztos\u00edtj\u00e1k a hozz\u00e1f\u00e9rhet\u0151 l\u00e9gik\u00f6zleked\u00e9st a vakok \u00e9s gyeng\u00e9nl\u00e1t\u00f3k sz\u00e1m\u00e1ra? Okt\u00f3ber 7-\u00e9n a Budapest Airport rendezett konferenci\u00e1t a t\u00e9m\u00e1ban, a DANOVA nemzetk\u00f6zi projekt keret\u00e9ben.\" \/>\n<meta name=\"robots\" content=\"index, follow, max-snippet:-1, max-image-preview:large, max-video-preview:-1\" \/>\n<link rel=\"canonical\" href=\"https:\/\/news.access4you.io\/en\/2021\/10\/19\/az-akadalymentes-repules-mindenkinek-erdeke-harom-kulcskerdes-a-latasserult-emberek-legikozlekedeserol\/\" \/>\n<meta property=\"og:locale\" content=\"en_US\" \/>\n<meta property=\"og:type\" content=\"article\" \/>\n<meta property=\"og:title\" content=\"\u201eAz akad\u00e1lymentes rep\u00fcl\u00e9s mindenkinek \u00e9rdeke\u201d \u2013 H\u00e1rom kulcsk\u00e9rd\u00e9s a l\u00e1t\u00e1ss\u00e9r\u00fclt emberek l\u00e9gik\u00f6zleked\u00e9s\u00e9r\u0151l - Access4you H\u00edrek\" \/>\n<meta property=\"og:description\" content=\"Hogy t\u00e1j\u00e9koz\u00f3dik egy l\u00e1t\u00e1ss\u00e9r\u00fclt ember olyan t\u00e1gas \u00e9s bonyolult helyen, mint a rep\u00fcl\u0151t\u00e9r? Milyen seg\u00edts\u00e9gre van sz\u00fcks\u00e9ge \u00e9s milyenre nincs? Milyen technol\u00f3giai megold\u00e1sok \u00e9s jogszab\u00e1lyok biztos\u00edtj\u00e1k a hozz\u00e1f\u00e9rhet\u0151 l\u00e9gik\u00f6zleked\u00e9st a vakok \u00e9s gyeng\u00e9nl\u00e1t\u00f3k sz\u00e1m\u00e1ra? Okt\u00f3ber 7-\u00e9n a Budapest Airport rendezett konferenci\u00e1t a t\u00e9m\u00e1ban, a DANOVA nemzetk\u00f6zi projekt keret\u00e9ben.\" \/>\n<meta property=\"og:url\" content=\"https:\/\/news.access4you.io\/en\/2021\/10\/19\/az-akadalymentes-repules-mindenkinek-erdeke-harom-kulcskerdes-a-latasserult-emberek-legikozlekedeserol\/\" \/>\n<meta property=\"og:site_name\" content=\"Access4you H\u00edrek\" \/>\n<meta property=\"article:published_time\" content=\"2021-10-19T11:45:37+00:00\" \/>\n<meta property=\"article:modified_time\" content=\"2021-10-19T11:51:37+00:00\" \/>\n<meta property=\"og:image\" content=\"https:\/\/news.access4you.io\/wp-content\/uploads\/2021\/10\/Danova_photo2.jpg\" \/>\n\t<meta property=\"og:image:width\" content=\"1920\" \/>\n\t<meta property=\"og:image:height\" content=\"1280\" \/>\n\t<meta property=\"og:image:type\" content=\"image\/jpeg\" \/>\n<meta name=\"author\" content=\"access4you\" \/>\n<meta name=\"twitter:card\" content=\"summary_large_image\" \/>\n<meta name=\"twitter:label1\" content=\"Written by\" \/>\n\t<meta name=\"twitter:data1\" content=\"access4you\" \/>\n\t<meta name=\"twitter:label2\" content=\"Est. reading time\" \/>\n\t<meta name=\"twitter:data2\" content=\"9 minutes\" \/>\n<script type=\"application\/ld+json\" class=\"yoast-schema-graph\">{\"@context\":\"https:\/\/schema.org\",\"@graph\":[{\"@type\":\"Article\",\"@id\":\"https:\/\/news.access4you.io\/2021\/10\/19\/az-akadalymentes-repules-mindenkinek-erdeke-harom-kulcskerdes-a-latasserult-emberek-legikozlekedeserol\/#article\",\"isPartOf\":{\"@id\":\"https:\/\/news.access4you.io\/2021\/10\/19\/az-akadalymentes-repules-mindenkinek-erdeke-harom-kulcskerdes-a-latasserult-emberek-legikozlekedeserol\/\"},\"author\":{\"name\":\"access4you\",\"@id\":\"https:\/\/news.access4you.io\/#\/schema\/person\/cb4fff088aa5f5f43a6f4ce3a1e2e084\"},\"headline\":\"\u201eAz akad\u00e1lymentes rep\u00fcl\u00e9s mindenkinek \u00e9rdeke\u201d \u2013 H\u00e1rom kulcsk\u00e9rd\u00e9s a l\u00e1t\u00e1ss\u00e9r\u00fclt emberek l\u00e9gik\u00f6zleked\u00e9s\u00e9r\u0151l\",\"datePublished\":\"2021-10-19T11:45:37+00:00\",\"dateModified\":\"2021-10-19T11:51:37+00:00\",\"mainEntityOfPage\":{\"@id\":\"https:\/\/news.access4you.io\/2021\/10\/19\/az-akadalymentes-repules-mindenkinek-erdeke-harom-kulcskerdes-a-latasserult-emberek-legikozlekedeserol\/\"},\"wordCount\":1810,\"publisher\":{\"@id\":\"https:\/\/news.access4you.io\/#organization\"},\"image\":{\"@id\":\"https:\/\/news.access4you.io\/2021\/10\/19\/az-akadalymentes-repules-mindenkinek-erdeke-harom-kulcskerdes-a-latasserult-emberek-legikozlekedeserol\/#primaryimage\"},\"thumbnailUrl\":\"https:\/\/news.access4you.io\/wp-content\/uploads\/2021\/10\/Danova_photo2.jpg\",\"articleSection\":[\"Sz\u00edv\u00fcgy\u00fcnk\",\"Blog\"],\"inLanguage\":\"en-US\"},{\"@type\":\"WebPage\",\"@id\":\"https:\/\/news.access4you.io\/2021\/10\/19\/az-akadalymentes-repules-mindenkinek-erdeke-harom-kulcskerdes-a-latasserult-emberek-legikozlekedeserol\/\",\"url\":\"https:\/\/news.access4you.io\/2021\/10\/19\/az-akadalymentes-repules-mindenkinek-erdeke-harom-kulcskerdes-a-latasserult-emberek-legikozlekedeserol\/\",\"name\":\"\u201eAz akad\u00e1lymentes rep\u00fcl\u00e9s mindenkinek \u00e9rdeke\u201d \u2013 H\u00e1rom kulcsk\u00e9rd\u00e9s a l\u00e1t\u00e1ss\u00e9r\u00fclt emberek l\u00e9gik\u00f6zleked\u00e9s\u00e9r\u0151l - Access4you H\u00edrek\",\"isPartOf\":{\"@id\":\"https:\/\/news.access4you.io\/#website\"},\"primaryImageOfPage\":{\"@id\":\"https:\/\/news.access4you.io\/2021\/10\/19\/az-akadalymentes-repules-mindenkinek-erdeke-harom-kulcskerdes-a-latasserult-emberek-legikozlekedeserol\/#primaryimage\"},\"image\":{\"@id\":\"https:\/\/news.access4you.io\/2021\/10\/19\/az-akadalymentes-repules-mindenkinek-erdeke-harom-kulcskerdes-a-latasserult-emberek-legikozlekedeserol\/#primaryimage\"},\"thumbnailUrl\":\"https:\/\/news.access4you.io\/wp-content\/uploads\/2021\/10\/Danova_photo2.jpg\",\"datePublished\":\"2021-10-19T11:45:37+00:00\",\"dateModified\":\"2021-10-19T11:51:37+00:00\",\"description\":\"Hogy t\u00e1j\u00e9koz\u00f3dik egy l\u00e1t\u00e1ss\u00e9r\u00fclt ember olyan t\u00e1gas \u00e9s bonyolult helyen, mint a rep\u00fcl\u0151t\u00e9r? Milyen seg\u00edts\u00e9gre van sz\u00fcks\u00e9ge \u00e9s milyenre nincs? Milyen technol\u00f3giai megold\u00e1sok \u00e9s jogszab\u00e1lyok biztos\u00edtj\u00e1k a hozz\u00e1f\u00e9rhet\u0151 l\u00e9gik\u00f6zleked\u00e9st a vakok \u00e9s gyeng\u00e9nl\u00e1t\u00f3k sz\u00e1m\u00e1ra? Okt\u00f3ber 7-\u00e9n a Budapest Airport rendezett konferenci\u00e1t a t\u00e9m\u00e1ban, a DANOVA nemzetk\u00f6zi projekt keret\u00e9ben.\",\"breadcrumb\":{\"@id\":\"https:\/\/news.access4you.io\/2021\/10\/19\/az-akadalymentes-repules-mindenkinek-erdeke-harom-kulcskerdes-a-latasserult-emberek-legikozlekedeserol\/#breadcrumb\"},\"inLanguage\":\"en-US\",\"potentialAction\":[{\"@type\":\"ReadAction\",\"target\":[\"https:\/\/news.access4you.io\/2021\/10\/19\/az-akadalymentes-repules-mindenkinek-erdeke-harom-kulcskerdes-a-latasserult-emberek-legikozlekedeserol\/\"]}]},{\"@type\":\"ImageObject\",\"inLanguage\":\"en-US\",\"@id\":\"https:\/\/news.access4you.io\/2021\/10\/19\/az-akadalymentes-repules-mindenkinek-erdeke-harom-kulcskerdes-a-latasserult-emberek-legikozlekedeserol\/#primaryimage\",\"url\":\"https:\/\/news.access4you.io\/wp-content\/uploads\/2021\/10\/Danova_photo2.jpg\",\"contentUrl\":\"https:\/\/news.access4you.io\/wp-content\/uploads\/2021\/10\/Danova_photo2.jpg\",\"width\":1920,\"height\":1280,\"caption\":\"A DANOVA konferencia helysz\u00edn\u00e9r\u0151l k\u00e9sz\u00fclt hangulat k\u00e9p, melynek els\u0151 r\u00e9sz\u00e9n a k\u00f6z\u00f6ns\u00e9g szerepel, h\u00e1ttal, s\u00f6t\u00e9t\u00edtve, t\u00e1volabbi r\u00e9sz\u00e9n pedig kivet\u00edt\u0151 van.\"},{\"@type\":\"BreadcrumbList\",\"@id\":\"https:\/\/news.access4you.io\/2021\/10\/19\/az-akadalymentes-repules-mindenkinek-erdeke-harom-kulcskerdes-a-latasserult-emberek-legikozlekedeserol\/#breadcrumb\",\"itemListElement\":[{\"@type\":\"ListItem\",\"position\":1,\"name\":\"Kezd\u0151lap\",\"item\":\"https:\/\/news.access4you.io\/\"},{\"@type\":\"ListItem\",\"position\":2,\"name\":\"\u201eAz akad\u00e1lymentes rep\u00fcl\u00e9s mindenkinek \u00e9rdeke\u201d \u2013 H\u00e1rom kulcsk\u00e9rd\u00e9s a l\u00e1t\u00e1ss\u00e9r\u00fclt emberek l\u00e9gik\u00f6zleked\u00e9s\u00e9r\u0151l\"}]},{\"@type\":\"WebSite\",\"@id\":\"https:\/\/news.access4you.io\/#website\",\"url\":\"https:\/\/news.access4you.io\/\",\"name\":\"Access4you H\u00edrek\",\"description\":\"\",\"publisher\":{\"@id\":\"https:\/\/news.access4you.io\/#organization\"},\"potentialAction\":[{\"@type\":\"SearchAction\",\"target\":{\"@type\":\"EntryPoint\",\"urlTemplate\":\"https:\/\/news.access4you.io\/?s={search_term_string}\"},\"query-input\":{\"@type\":\"PropertyValueSpecification\",\"valueRequired\":true,\"valueName\":\"search_term_string\"}}],\"inLanguage\":\"en-US\"},{\"@type\":\"Organization\",\"@id\":\"https:\/\/news.access4you.io\/#organization\",\"name\":\"Access4you H\u00edrek\",\"url\":\"https:\/\/news.access4you.io\/\",\"logo\":{\"@type\":\"ImageObject\",\"inLanguage\":\"en-US\",\"@id\":\"https:\/\/news.access4you.io\/#\/schema\/logo\/image\/\",\"url\":\"https:\/\/news.access4you.io\/wp-content\/uploads\/2021\/01\/a4u-logo-black.png\",\"contentUrl\":\"https:\/\/news.access4you.io\/wp-content\/uploads\/2021\/01\/a4u-logo-black.png\",\"width\":726,\"height\":454,\"caption\":\"Access4you H\u00edrek\"},\"image\":{\"@id\":\"https:\/\/news.access4you.io\/#\/schema\/logo\/image\/\"}},{\"@type\":\"Person\",\"@id\":\"https:\/\/news.access4you.io\/#\/schema\/person\/cb4fff088aa5f5f43a6f4ce3a1e2e084\",\"name\":\"access4you\",\"image\":{\"@type\":\"ImageObject\",\"inLanguage\":\"en-US\",\"@id\":\"https:\/\/news.access4you.io\/#\/schema\/person\/image\/\",\"url\":\"https:\/\/secure.gravatar.com\/avatar\/9795a8b3afc7ed258d167a92dbb1075b37bab5bc83b1ac9182ff4f58c22040b8?s=96&d=mm&r=g\",\"contentUrl\":\"https:\/\/secure.gravatar.com\/avatar\/9795a8b3afc7ed258d167a92dbb1075b37bab5bc83b1ac9182ff4f58c22040b8?s=96&d=mm&r=g\",\"caption\":\"access4you\"},\"sameAs\":[\"http:\/\/localhost\/access4you\"],\"url\":\"https:\/\/news.access4you.io\/en\/author\/access4you\/\"}]}<\/script>\n<!-- \/ Yoast SEO plugin. -->","yoast_head_json":{"title":"\u201eAz akad\u00e1lymentes rep\u00fcl\u00e9s mindenkinek \u00e9rdeke\u201d \u2013 H\u00e1rom kulcsk\u00e9rd\u00e9s a l\u00e1t\u00e1ss\u00e9r\u00fclt emberek l\u00e9gik\u00f6zleked\u00e9s\u00e9r\u0151l - Access4you H\u00edrek","description":"Hogy t\u00e1j\u00e9koz\u00f3dik egy l\u00e1t\u00e1ss\u00e9r\u00fclt ember olyan t\u00e1gas \u00e9s bonyolult helyen, mint a rep\u00fcl\u0151t\u00e9r? Milyen seg\u00edts\u00e9gre van sz\u00fcks\u00e9ge \u00e9s milyenre nincs? Milyen technol\u00f3giai megold\u00e1sok \u00e9s jogszab\u00e1lyok biztos\u00edtj\u00e1k a hozz\u00e1f\u00e9rhet\u0151 l\u00e9gik\u00f6zleked\u00e9st a vakok \u00e9s gyeng\u00e9nl\u00e1t\u00f3k sz\u00e1m\u00e1ra? Okt\u00f3ber 7-\u00e9n a Budapest Airport rendezett konferenci\u00e1t a t\u00e9m\u00e1ban, a DANOVA nemzetk\u00f6zi projekt keret\u00e9ben.","robots":{"index":"index","follow":"follow","max-snippet":"max-snippet:-1","max-image-preview":"max-image-preview:large","max-video-preview":"max-video-preview:-1"},"canonical":"https:\/\/news.access4you.io\/en\/2021\/10\/19\/az-akadalymentes-repules-mindenkinek-erdeke-harom-kulcskerdes-a-latasserult-emberek-legikozlekedeserol\/","og_locale":"en_US","og_type":"article","og_title":"\u201eAz akad\u00e1lymentes rep\u00fcl\u00e9s mindenkinek \u00e9rdeke\u201d \u2013 H\u00e1rom kulcsk\u00e9rd\u00e9s a l\u00e1t\u00e1ss\u00e9r\u00fclt emberek l\u00e9gik\u00f6zleked\u00e9s\u00e9r\u0151l - Access4you H\u00edrek","og_description":"Hogy t\u00e1j\u00e9koz\u00f3dik egy l\u00e1t\u00e1ss\u00e9r\u00fclt ember olyan t\u00e1gas \u00e9s bonyolult helyen, mint a rep\u00fcl\u0151t\u00e9r? Milyen seg\u00edts\u00e9gre van sz\u00fcks\u00e9ge \u00e9s milyenre nincs? Milyen technol\u00f3giai megold\u00e1sok \u00e9s jogszab\u00e1lyok biztos\u00edtj\u00e1k a hozz\u00e1f\u00e9rhet\u0151 l\u00e9gik\u00f6zleked\u00e9st a vakok \u00e9s gyeng\u00e9nl\u00e1t\u00f3k sz\u00e1m\u00e1ra? Okt\u00f3ber 7-\u00e9n a Budapest Airport rendezett konferenci\u00e1t a t\u00e9m\u00e1ban, a DANOVA nemzetk\u00f6zi projekt keret\u00e9ben.","og_url":"https:\/\/news.access4you.io\/en\/2021\/10\/19\/az-akadalymentes-repules-mindenkinek-erdeke-harom-kulcskerdes-a-latasserult-emberek-legikozlekedeserol\/","og_site_name":"Access4you H\u00edrek","article_published_time":"2021-10-19T11:45:37+00:00","article_modified_time":"2021-10-19T11:51:37+00:00","og_image":[{"width":1920,"height":1280,"url":"https:\/\/news.access4you.io\/wp-content\/uploads\/2021\/10\/Danova_photo2.jpg","type":"image\/jpeg"}],"author":"access4you","twitter_card":"summary_large_image","twitter_misc":{"Written by":"access4you","Est. reading time":"9 minutes"},"schema":{"@context":"https:\/\/schema.org","@graph":[{"@type":"Article","@id":"https:\/\/news.access4you.io\/2021\/10\/19\/az-akadalymentes-repules-mindenkinek-erdeke-harom-kulcskerdes-a-latasserult-emberek-legikozlekedeserol\/#article","isPartOf":{"@id":"https:\/\/news.access4you.io\/2021\/10\/19\/az-akadalymentes-repules-mindenkinek-erdeke-harom-kulcskerdes-a-latasserult-emberek-legikozlekedeserol\/"},"author":{"name":"access4you","@id":"https:\/\/news.access4you.io\/#\/schema\/person\/cb4fff088aa5f5f43a6f4ce3a1e2e084"},"headline":"\u201eAz akad\u00e1lymentes rep\u00fcl\u00e9s mindenkinek \u00e9rdeke\u201d \u2013 H\u00e1rom kulcsk\u00e9rd\u00e9s a l\u00e1t\u00e1ss\u00e9r\u00fclt emberek l\u00e9gik\u00f6zleked\u00e9s\u00e9r\u0151l","datePublished":"2021-10-19T11:45:37+00:00","dateModified":"2021-10-19T11:51:37+00:00","mainEntityOfPage":{"@id":"https:\/\/news.access4you.io\/2021\/10\/19\/az-akadalymentes-repules-mindenkinek-erdeke-harom-kulcskerdes-a-latasserult-emberek-legikozlekedeserol\/"},"wordCount":1810,"publisher":{"@id":"https:\/\/news.access4you.io\/#organization"},"image":{"@id":"https:\/\/news.access4you.io\/2021\/10\/19\/az-akadalymentes-repules-mindenkinek-erdeke-harom-kulcskerdes-a-latasserult-emberek-legikozlekedeserol\/#primaryimage"},"thumbnailUrl":"https:\/\/news.access4you.io\/wp-content\/uploads\/2021\/10\/Danova_photo2.jpg","articleSection":["Sz\u00edv\u00fcgy\u00fcnk","Blog"],"inLanguage":"en-US"},{"@type":"WebPage","@id":"https:\/\/news.access4you.io\/2021\/10\/19\/az-akadalymentes-repules-mindenkinek-erdeke-harom-kulcskerdes-a-latasserult-emberek-legikozlekedeserol\/","url":"https:\/\/news.access4you.io\/2021\/10\/19\/az-akadalymentes-repules-mindenkinek-erdeke-harom-kulcskerdes-a-latasserult-emberek-legikozlekedeserol\/","name":"\u201eAz akad\u00e1lymentes rep\u00fcl\u00e9s mindenkinek \u00e9rdeke\u201d \u2013 H\u00e1rom kulcsk\u00e9rd\u00e9s a l\u00e1t\u00e1ss\u00e9r\u00fclt emberek l\u00e9gik\u00f6zleked\u00e9s\u00e9r\u0151l - Access4you H\u00edrek","isPartOf":{"@id":"https:\/\/news.access4you.io\/#website"},"primaryImageOfPage":{"@id":"https:\/\/news.access4you.io\/2021\/10\/19\/az-akadalymentes-repules-mindenkinek-erdeke-harom-kulcskerdes-a-latasserult-emberek-legikozlekedeserol\/#primaryimage"},"image":{"@id":"https:\/\/news.access4you.io\/2021\/10\/19\/az-akadalymentes-repules-mindenkinek-erdeke-harom-kulcskerdes-a-latasserult-emberek-legikozlekedeserol\/#primaryimage"},"thumbnailUrl":"https:\/\/news.access4you.io\/wp-content\/uploads\/2021\/10\/Danova_photo2.jpg","datePublished":"2021-10-19T11:45:37+00:00","dateModified":"2021-10-19T11:51:37+00:00","description":"Hogy t\u00e1j\u00e9koz\u00f3dik egy l\u00e1t\u00e1ss\u00e9r\u00fclt ember olyan t\u00e1gas \u00e9s bonyolult helyen, mint a rep\u00fcl\u0151t\u00e9r? Milyen seg\u00edts\u00e9gre van sz\u00fcks\u00e9ge \u00e9s milyenre nincs? Milyen technol\u00f3giai megold\u00e1sok \u00e9s jogszab\u00e1lyok biztos\u00edtj\u00e1k a hozz\u00e1f\u00e9rhet\u0151 l\u00e9gik\u00f6zleked\u00e9st a vakok \u00e9s gyeng\u00e9nl\u00e1t\u00f3k sz\u00e1m\u00e1ra? Okt\u00f3ber 7-\u00e9n a Budapest Airport rendezett konferenci\u00e1t a t\u00e9m\u00e1ban, a DANOVA nemzetk\u00f6zi projekt keret\u00e9ben.","breadcrumb":{"@id":"https:\/\/news.access4you.io\/2021\/10\/19\/az-akadalymentes-repules-mindenkinek-erdeke-harom-kulcskerdes-a-latasserult-emberek-legikozlekedeserol\/#breadcrumb"},"inLanguage":"en-US","potentialAction":[{"@type":"ReadAction","target":["https:\/\/news.access4you.io\/2021\/10\/19\/az-akadalymentes-repules-mindenkinek-erdeke-harom-kulcskerdes-a-latasserult-emberek-legikozlekedeserol\/"]}]},{"@type":"ImageObject","inLanguage":"en-US","@id":"https:\/\/news.access4you.io\/2021\/10\/19\/az-akadalymentes-repules-mindenkinek-erdeke-harom-kulcskerdes-a-latasserult-emberek-legikozlekedeserol\/#primaryimage","url":"https:\/\/news.access4you.io\/wp-content\/uploads\/2021\/10\/Danova_photo2.jpg","contentUrl":"https:\/\/news.access4you.io\/wp-content\/uploads\/2021\/10\/Danova_photo2.jpg","width":1920,"height":1280,"caption":"A DANOVA konferencia helysz\u00edn\u00e9r\u0151l k\u00e9sz\u00fclt hangulat k\u00e9p, melynek els\u0151 r\u00e9sz\u00e9n a k\u00f6z\u00f6ns\u00e9g szerepel, h\u00e1ttal, s\u00f6t\u00e9t\u00edtve, t\u00e1volabbi r\u00e9sz\u00e9n pedig kivet\u00edt\u0151 van."},{"@type":"BreadcrumbList","@id":"https:\/\/news.access4you.io\/2021\/10\/19\/az-akadalymentes-repules-mindenkinek-erdeke-harom-kulcskerdes-a-latasserult-emberek-legikozlekedeserol\/#breadcrumb","itemListElement":[{"@type":"ListItem","position":1,"name":"Kezd\u0151lap","item":"https:\/\/news.access4you.io\/"},{"@type":"ListItem","position":2,"name":"\u201eAz akad\u00e1lymentes rep\u00fcl\u00e9s mindenkinek \u00e9rdeke\u201d \u2013 H\u00e1rom kulcsk\u00e9rd\u00e9s a l\u00e1t\u00e1ss\u00e9r\u00fclt emberek l\u00e9gik\u00f6zleked\u00e9s\u00e9r\u0151l"}]},{"@type":"WebSite","@id":"https:\/\/news.access4you.io\/#website","url":"https:\/\/news.access4you.io\/","name":"Access4you H\u00edrek","description":"","publisher":{"@id":"https:\/\/news.access4you.io\/#organization"},"potentialAction":[{"@type":"SearchAction","target":{"@type":"EntryPoint","urlTemplate":"https:\/\/news.access4you.io\/?s={search_term_string}"},"query-input":{"@type":"PropertyValueSpecification","valueRequired":true,"valueName":"search_term_string"}}],"inLanguage":"en-US"},{"@type":"Organization","@id":"https:\/\/news.access4you.io\/#organization","name":"Access4you H\u00edrek","url":"https:\/\/news.access4you.io\/","logo":{"@type":"ImageObject","inLanguage":"en-US","@id":"https:\/\/news.access4you.io\/#\/schema\/logo\/image\/","url":"https:\/\/news.access4you.io\/wp-content\/uploads\/2021\/01\/a4u-logo-black.png","contentUrl":"https:\/\/news.access4you.io\/wp-content\/uploads\/2021\/01\/a4u-logo-black.png","width":726,"height":454,"caption":"Access4you H\u00edrek"},"image":{"@id":"https:\/\/news.access4you.io\/#\/schema\/logo\/image\/"}},{"@type":"Person","@id":"https:\/\/news.access4you.io\/#\/schema\/person\/cb4fff088aa5f5f43a6f4ce3a1e2e084","name":"access4you","image":{"@type":"ImageObject","inLanguage":"en-US","@id":"https:\/\/news.access4you.io\/#\/schema\/person\/image\/","url":"https:\/\/secure.gravatar.com\/avatar\/9795a8b3afc7ed258d167a92dbb1075b37bab5bc83b1ac9182ff4f58c22040b8?s=96&d=mm&r=g","contentUrl":"https:\/\/secure.gravatar.com\/avatar\/9795a8b3afc7ed258d167a92dbb1075b37bab5bc83b1ac9182ff4f58c22040b8?s=96&d=mm&r=g","caption":"access4you"},"sameAs":["http:\/\/localhost\/access4you"],"url":"https:\/\/news.access4you.io\/en\/author\/access4you\/"}]}},"_links":{"self":[{"href":"https:\/\/news.access4you.io\/en\/wp-json\/wp\/v2\/posts\/4440","targetHints":{"allow":["GET"]}}],"collection":[{"href":"https:\/\/news.access4you.io\/en\/wp-json\/wp\/v2\/posts"}],"about":[{"href":"https:\/\/news.access4you.io\/en\/wp-json\/wp\/v2\/types\/post"}],"author":[{"embeddable":true,"href":"https:\/\/news.access4you.io\/en\/wp-json\/wp\/v2\/users\/1"}],"replies":[{"embeddable":true,"href":"https:\/\/news.access4you.io\/en\/wp-json\/wp\/v2\/comments?post=4440"}],"version-history":[{"count":0,"href":"https:\/\/news.access4you.io\/en\/wp-json\/wp\/v2\/posts\/4440\/revisions"}],"wp:featuredmedia":[{"embeddable":true,"href":"https:\/\/news.access4you.io\/en\/wp-json\/wp\/v2\/media\/4441"}],"wp:attachment":[{"href":"https:\/\/news.access4you.io\/en\/wp-json\/wp\/v2\/media?parent=4440"}],"wp:term":[{"taxonomy":"category","embeddable":true,"href":"https:\/\/news.access4you.io\/en\/wp-json\/wp\/v2\/categories?post=4440"},{"taxonomy":"post_tag","embeddable":true,"href":"https:\/\/news.access4you.io\/en\/wp-json\/wp\/v2\/tags?post=4440"}],"curies":[{"name":"wp","href":"https:\/\/api.w.org\/{rel}","templated":true}]}}