{"id":4453,"date":"2021-10-28T17:42:51","date_gmt":"2021-10-28T17:42:51","guid":{"rendered":"http:\/\/news.access4you.io\/?p=4453"},"modified":"2021-11-02T13:15:14","modified_gmt":"2021-11-02T13:15:14","slug":"az-embert-kell-a-kozeppontba-tenni-interju-deri-beaval-a-cpi-hungary-marketing-pr-es-design-vezetojevel","status":"publish","type":"post","link":"https:\/\/news.access4you.io\/en\/2021\/10\/28\/az-embert-kell-a-kozeppontba-tenni-interju-deri-beaval-a-cpi-hungary-marketing-pr-es-design-vezetojevel\/","title":{"rendered":"\u201eAz embert kell a k\u00f6z\u00e9ppontba tenni\u201d \u2013 Interj\u00fa D\u00e9ri Be\u00e1val, a CPI Hungary marketing-, PR- \u00e9s design vezet\u0151j\u00e9vel"},"content":{"rendered":"<p><strong>Az \u00fczlet az \u00fczlet, a piac az piac: nem lep\u0151d\u00fcnk meg, ha minden szerepl\u0151 el\u0151zni t\u00f6rekszik. A CPI Hungary azonban csavart egyet a versenyszellemen, \u00e9s ink\u00e1bb a kor\u00e1t el\u0151zi meg azzal, hogy el\u0151z\u00e9keny: b\u00e9rl\u0151i hossz\u00fa t\u00e1v\u00fa j\u00f3ll\u00e9t\u00e9be is befektet. Besz\u00e9lget\u00e9s emberk\u00f6zpont\u00fa ingatlanfejleszt\u00e9sr\u0151l, a k\u00f6rnyezeti, t\u00e1rsadalmi \u00e9s ment\u00e1lhigi\u00e9n\u00e9s fenntarthat\u00f3s\u00e1got is szolg\u00e1l\u00f3 terekr\u0151l, az akad\u00e1lymentess\u00e9gr\u0151l mint alapvet\u00e9sr\u0151l \u2013 \u00e9s arr\u00f3l, hogy a v\u00e1ltoz\u00e1s kollekt\u00edv felel\u0151ss\u00e9g.<\/strong> <em>Kir\u00e1ly Eszter  interj\u00faja<\/em><\/p>\n\n\n\n<div style=\"height:34px\" aria-hidden=\"true\" class=\"wp-block-spacer\"><\/div>\n\n\n\n<h5 class=\"wp-block-heading\"><strong>L\u00e9tezik t\u00f6k\u00e9letes ingatlan?<\/strong><\/h5>\n\n\n\n<p>D\u00e9ri Bea: Ha l\u00e9tezne, akkor nek\u00fcnk semmi dolgunk nem lenne a j\u00f6v\u0151ben. Minden felel\u0151ss\u00e9gteljes tulajdonos tudja, hogy egy ingatlanon mindig vannak sz\u00fcks\u00e9ges fejleszt\u00e9sek, \u00e9s a vil\u00e1got is k\u00eds\u00e9rni kell: alkalmazkodni kell a v\u00e1ltoz\u00f3 szab\u00e1lyoz\u00e1sokhoz. A \u201et\u00f6k\u00e9letes\u201d f\u00fcgg att\u00f3l is, hogy tulajdonosi-\u00fczemeltet\u0151i vagy b\u00e9rl\u0151i oldalr\u00f3l n\u00e9zz\u00fck. Az ingatlanfejleszt\u00e9si folyamat sor\u00e1n, f\u0151leg \u00faj \u00e9p\u00fcletek eset\u00e9n k\u00f6nnyebb megc\u00e9lozni \u00e9s el is \u00e9rni a majdnem hib\u00e1tlant, hiszen egy megl\u00e9v\u0151 koncepci\u00f3t k\u00f6vetve t\u00f6rt\u00e9nik a megval\u00f3s\u00edt\u00e1s. Ez \u00fczemeltet\u00e9si szempontb\u00f3l is el\u0151ny\u00f6s, mert m\u00e1r a koncepci\u00f3 kialak\u00edt\u00e1sakor tudjuk, hogy hogyan lesz az ingatlan a legk\u00f6lts\u00e9ghat\u00e9konyabb. A r\u00e9gi ingatlanjaink \u00fajrapozicion\u00e1l\u00e1s\u00e1n\u00e1l a t\u00f6k\u00e9letes\u00edt\u00e9s egy hosszabb folyamat volt, hiszen r\u00e9gi rendszereket kellett \u00e1talak\u00edtani.<\/p>\n\n\n\n<div style=\"height:35px\" aria-hidden=\"true\" class=\"wp-block-spacer\"><\/div>\n\n\n\n<h5 class=\"wp-block-heading\"><strong>Mit\u0151l CPI-ingatlan egy CPI-ingatlan?<\/strong><\/h5>\n\n\n\n<p>DB: Abban vagyunk er\u0151sek, hogy n\u00e1lunk minden h\u00e1zon bel\u00fcl van, ez\u00e9rt gyorsan \u00e9s hat\u00e9konyan tudunk reag\u00e1lni a k\u00fcls\u0151 \u00e9s bels\u0151 v\u00e1ltoz\u00e1sokra. Mi v\u00e9gezz\u00fck a fejleszt\u00e9st, az \u00fczemeltet\u00e9st, minden v\u00e1ltoztat\u00e1s kivitelez\u00e9s\u00e9t, n\u00e1lunk van a b\u00e9rl\u0151kezel\u00e9s, vagyis a <em>property management<\/em> \u00e9s a <em>facility management<\/em> is.<\/p>\n\n\n\n<figure class=\"wp-block-image size-large\"><img loading=\"lazy\" decoding=\"async\" width=\"1024\" height=\"576\" src=\"https:\/\/news.access4you.io\/wp-content\/uploads\/2021\/10\/balance-building-1024x576.jpg\" alt=\"\" class=\"wp-image-4461\" srcset=\"https:\/\/news.access4you.io\/wp-content\/uploads\/2021\/10\/balance-building-1024x576.jpg 1024w, https:\/\/news.access4you.io\/wp-content\/uploads\/2021\/10\/balance-building-300x169.jpg 300w, https:\/\/news.access4you.io\/wp-content\/uploads\/2021\/10\/balance-building-768x432.jpg 768w, https:\/\/news.access4you.io\/wp-content\/uploads\/2021\/10\/balance-building.jpg 1200w\" sizes=\"auto, (max-width: 1024px) 100vw, 1024px\" \/><figcaption>Balance Building (CPI Hungary)<\/figcaption><\/figure>\n\n\n\n<div style=\"height:35px\" aria-hidden=\"true\" class=\"wp-block-spacer\"><\/div>\n\n\n\n<h5 class=\"wp-block-heading\"><strong>Hogyan lehet a legide\u00e1lisabban \u00f6sszehangolni az ingatlanfejleszt\u00e9sben r\u00e9szt vev\u0151 szerepl\u0151k k\u00fcl\u00f6nb\u00f6z\u0151 ig\u00e9nyeit, \u00e9rdekeit?<\/strong><\/h5>\n\n\n\n<p>DB: Ha a b\u00e9rl\u0151 j\u00f3l j\u00e1r, akkor mindenki j\u00f3l j\u00e1r \u2013 teh\u00e1t mi a b\u00e9rl\u0151f\u00f3kusz\u00fa hozz\u00e1\u00e1ll\u00e1sra alapozzuk a tev\u00e9kenys\u00e9g\u00fcnket. Els\u0151dleges szempont az, hogy kik a b\u00e9rl\u0151ink, \u00e9s milyen napi sz\u00fcks\u00e9gleteik vannak. Ez nem csak az \u00e9p\u00fclet \u00e9s a k\u00f6z\u00f6ss\u00e9gi terek kialak\u00edt\u00e1sakor ker\u00fcl el\u0151t\u00e9rbe, hanem a ment\u00e1lis \u00e9s testi eg\u00e9szs\u00e9g, j\u00f3ll\u00e9t meg\u0151rz\u00e9s\u00e9re ir\u00e1nyul\u00f3 szolg\u00e1ltat\u00e1sainkban is. K\u00f6z\u00f6ss\u00e9gfejleszt\u0151 munkat\u00e1rsaink, vagyis a <em>community managerek<\/em> viszik a Hum\u00e1n Innov\u00e1ci\u00f3s Programot, vagyis a HIP-szolg\u00e1ltat\u00e1sokat.<\/p>\n\n\n\n<div style=\"height:35px\" aria-hidden=\"true\" class=\"wp-block-spacer\"><\/div>\n\n\n\n<h5 class=\"wp-block-heading\"><strong>Melyek ezek a HIP-szolg\u00e1ltat\u00e1sok?<\/strong><\/h5>\n\n\n\n<p>DB: Az ingatlanjainkban vannak k\u00fcl\u00f6n HIP-z\u00f3n\u00e1k, amik gyakorlatilag wellbeing-z\u00f3n\u00e1k, el\u00e9rhet\u0151ek a wellness, kozmetikai, sz\u00e9p\u00e9szeti szolg\u00e1ltat\u00e1sok, sportol\u00e1si \u00e9s rekre\u00e1ci\u00f3s (j\u00f3ga, gy\u00f3gytorna) lehet\u0151s\u00e9gek. A komfortszolg\u00e1ltat\u00e1sok, mint p\u00e9ld\u00e1ul a h\u00e1zhoz j\u00f6v\u0151 cip\u00e9sz vagy ruhatiszt\u00edt\u00f3, a k\u00fcl\u00f6nb\u00f6z\u0151 ment\u00e1lhigi\u00e9n\u00e9s workshopok vagy \u00e9pp a termel\u0151i piacok mind azt szolg\u00e1lj\u00e1k, hogy a b\u00e9rl\u0151k t\u00f6bb szabadid\u0151h\u00f6z jussanak. A HIP ind\u00edt\u00e1s\u00e1t az a gondolat motiv\u00e1lta, hogy a napi nyolc \u00f3ra munka ut\u00e1n a legt\u00f6bb ember m\u00e9g ilyen-olyan \u00fcgyei ut\u00e1n szaladg\u00e1l: bev\u00e1s\u00e1rol, tiszt\u00edt\u00f3ba megy, illetve sokat utazik a hobbija, kedvelt sporttev\u00e9kenys\u00e9ge helysz\u00edn\u00e9re. Ha a HIP-szolg\u00e1ltat\u00e1sok r\u00e9v\u00e9n mindezt helyben is el tudja int\u00e9zni, akkor id\u0151t nyer, nem kell f\u00e9l napokat kivennie szabads\u00e1gnak. Adunk a \u201ement\u00e1lhigi\u00e9n\u00e9s fenntarthat\u00f3s\u00e1gra\u201d is, ez\u00e9rt ahol csak tudjuk, z\u00f6ldter\u00fcletre \u201ecs\u00e1b\u00edtjuk\u201d a b\u00e9rl\u0151inket: k\u00fclt\u00e9ri sporteszk\u00f6z\u00f6kkel \u00e9s programokkal, munka\u00e1llom\u00e1sokkal, t\u00e1rgyal\u00f3pavilonokkal.<\/p>\n\n\n\n<div style=\"height:36px\" aria-hidden=\"true\" class=\"wp-block-spacer\"><\/div>\n\n\n\n<h5 class=\"wp-block-heading\"><strong>A k\u00f6rnyezeti fenntarthat\u00f3s\u00e1g szempontj\u00e1b\u00f3l egy l\u00e9tes\u00edtm\u00e9nynek t\u00f6bbf\u00e9le el\u0151\u00edr\u00e1snak is meg kell felelnie. Vannak-e a t\u00e1rsadalmi fenntarthat\u00f3s\u00e1got szolg\u00e1l\u00f3, egys\u00e9ges szab\u00e1lyok, amelyeket az ingatlanfejleszt\u00e9s sor\u00e1n szem el\u0151tt kell tartani, vagy minden a v\u00e1llalat hozz\u00e1\u00e1ll\u00e1s\u00e1n m\u00falik?<\/strong><\/h5>\n\n\n\n<p>DB: Erre a jog\u00e1szok tudn\u00e1k a legpontosabb v\u00e1laszt adni. Konkr\u00e9t jogszab\u00e1lyb\u00f3l biztosan kevesebb van a k\u00f6rnyezetv\u00e9delmi el\u0151\u00edr\u00e1sokn\u00e1l. Az ESG, vagyis az Environmental, Social, Governance programunk nek\u00fcnk is megvan, ez alapvet\u0151en a fenntarthat\u00f3s\u00e1g jegy\u00e9ben tett v\u00e1llal\u00e1sokat, k\u00f6telezetts\u00e9geket hat\u00e1rozza meg. Az ingatlanfejleszt\u00e9ssel foglalkoz\u00f3 v\u00e1llalatoknak, \u00edgy nek\u00fcnk is felel\u0151ss\u00e9g\u00fcnk, hogy \u00e9lhet\u0151 dolgokat hozzunk l\u00e9tre, hogy minden ember k\u00f6nnyen tudja haszn\u00e1lni az ingatlanjainkat. Ide tartozik, az akad\u00e1lyozotts\u00e1ggal \u00e9l\u0151 emberek sz\u00e1m\u00e1ra is teljesen el\u00e9rhet\u0151v\u00e9 tegy\u00fck az \u00e9p\u00fcletet, lehet\u0151v\u00e9 tegy\u00fck, hogy munkav\u00e1llal\u00f3k\u00e9nt is tudjanak abban m\u0171k\u00f6dni.<\/p>\n\n\n\n<figure class=\"wp-block-image size-large\"><img loading=\"lazy\" decoding=\"async\" width=\"1024\" height=\"683\" src=\"https:\/\/news.access4you.io\/wp-content\/uploads\/2021\/10\/IMG_2468-1024x683.jpg\" alt=\"\" class=\"wp-image-4462\" srcset=\"https:\/\/news.access4you.io\/wp-content\/uploads\/2021\/10\/IMG_2468-1024x683.jpg 1024w, https:\/\/news.access4you.io\/wp-content\/uploads\/2021\/10\/IMG_2468-300x200.jpg 300w, https:\/\/news.access4you.io\/wp-content\/uploads\/2021\/10\/IMG_2468-768x512.jpg 768w, https:\/\/news.access4you.io\/wp-content\/uploads\/2021\/10\/IMG_2468-1536x1024.jpg 1536w, https:\/\/news.access4you.io\/wp-content\/uploads\/2021\/10\/IMG_2468-2048x1365.jpg 2048w\" sizes=\"auto, (max-width: 1024px) 100vw, 1024px\" \/><figcaption>CPI Go Green Day, 2021 (CPI Hungary)<\/figcaption><\/figure>\n\n\n\n<div style=\"height:34px\" aria-hidden=\"true\" class=\"wp-block-spacer\"><\/div>\n\n\n\n<h5 class=\"wp-block-heading\"><strong>Mi\u00e9rt lehet az, hogy a k\u00f6rnyezeti fenntarthat\u00f3s\u00e1g \u00e1lland\u00f3 t\u00e9m\u00e1ja a konferenci\u00e1knak, meetupoknak, m\u00edg a fenntarthat\u00f3s\u00e1g t\u00e1rsadalmi oldala kev\u00e9sb\u00e9 \u201ehangos\u201d?<\/strong><\/h5>\n\n\n\n<p>DB: Val\u00f3ban kevesebb sz\u00f3 esik a t\u00e1rsadalmi oldalr\u00f3l. Az ingatlanpiacon k\u00fcl\u00f6n\u00f6sen fontos szempont ez, hiszen sok-sok ezer ember dolgozik az \u00e9p\u00fcletekben, az ingatlanfejleszt\u0151k rengeteg ember mindennapjait alapozz\u00e1k meg. Az, hogy a t\u00e1rsadalmi fenntarthat\u00f3s\u00e1g m\u00e9gsem olyan gyakori besz\u00e9dt\u00e9ma, szerintem az\u00e9rt van, mert nincs m\u00e9g r\u00e1 olyan kiterjedt \u00e9s r\u00e9szletes szab\u00e1lyoz\u00e1s, mint a k\u00f6rnyezeti fenntarthat\u00f3s\u00e1g eset\u00e9ben. A t\u00e1rsadalmi nyitotts\u00e1g kapcs\u00e1n kev\u00e9sb\u00e9 konkr\u00e9tak a t\u00f6rv\u00e9nyi keretek \u2013 de a felel\u0151sen gondolkod\u00f3 piaci szerepl\u0151knek ez ugyanolyan priorit\u00e1s kell hogy legyen, mint az \u00f6kol\u00e1bnyom cs\u00f6kkent\u00e9se. Az embert kell a k\u00f6z\u00e9ppontba tenni.<\/p>\n\n\n\n<figure class=\"wp-block-image size-large\"><img loading=\"lazy\" decoding=\"async\" width=\"683\" height=\"1024\" src=\"https:\/\/news.access4you.io\/wp-content\/uploads\/2021\/10\/DSC_0495r-683x1024.jpg\" alt=\"\" class=\"wp-image-4455\" srcset=\"https:\/\/news.access4you.io\/wp-content\/uploads\/2021\/10\/DSC_0495r-683x1024.jpg 683w, https:\/\/news.access4you.io\/wp-content\/uploads\/2021\/10\/DSC_0495r-200x300.jpg 200w, https:\/\/news.access4you.io\/wp-content\/uploads\/2021\/10\/DSC_0495r-768x1151.jpg 768w, https:\/\/news.access4you.io\/wp-content\/uploads\/2021\/10\/DSC_0495r-1025x1536.jpg 1025w, https:\/\/news.access4you.io\/wp-content\/uploads\/2021\/10\/DSC_0495r.jpg 1200w\" sizes=\"auto, (max-width: 683px) 100vw, 683px\" \/><figcaption>Fot\u00f3: H\u00e1mori Zs\u00f3fia<\/figcaption><\/figure>\n\n\n\n<div style=\"height:35px\" aria-hidden=\"true\" class=\"wp-block-spacer\"><\/div>\n\n\n\n<h5 class=\"wp-block-heading\"><strong>Mi az a h\u00e1rom dolog, amit egy mag\u00e1t fenntarthat\u00f3nak vall\u00f3 v\u00e1llalatnak meg kell tennie a t\u00e1rsadalmi inkl\u00fazi\u00f3\u00e9rt?<\/strong><\/h5>\n\n\n\n<p>DB: Az els\u0151 az \u00e9p\u00fcletek el\u00e9rhet\u0151v\u00e9 t\u00e9tele mindenki sz\u00e1m\u00e1ra. A m\u00e1sodik az a szeml\u00e9let, amely nem hangs\u00falyozza a k\u00fcl\u00f6nbs\u00e9geket, mert alapvet\u00e9snek tekinti, hogy minden ember egyenrang\u00fa. M\u00e1r a t\u00e1rsadalmi inkl\u00fazi\u00f3 kifejez\u00e9s haszn\u00e1lata is azt sejteti, hogy az\u00e9rt besz\u00e9l\u00fcnk r\u00f3la, mert nagyon is l\u00e9teznek k\u00fcl\u00f6nbs\u00e9gt\u00e9telek. Pedig norm\u00e1lis esetben nem kellene k\u00fcl\u00f6n szakkifejez\u00e9s az elfogad\u00e1sra, mert annak kellene az alapnak lenni. A harmadik pedig a szem\u00e9lyf\u00f3kusz\u00fa attit\u0171d, amely azt t\u0171zi ki c\u00e9lul, hogy a b\u00e9rl\u0151 ne csak bent \u00fclj\u00f6n nyolc \u00f3r\u00e1n \u00e1t egy \u00e9p\u00fcletben, hanem ott j\u00f3l is \u00e9rezze mag\u00e1t. Minket is ez a szeml\u00e9let ind\u00edt arra, hogy seg\u00edts\u00fck a b\u00e9rl\u0151t a testi, lelki, ment\u00e1lis eg\u00e9szs\u00e9g\u00e9ben; ne csak egy \u00e9p\u00fcletet, hanem k\u00f6rnyezetet, infrastrukt\u00far\u00e1t is adjunk neki, hogy j\u00f3l tudjon m\u0171k\u00f6dni a h\u00e9tk\u00f6znapjaiban. Olyan tereket alak\u00edtunk ki, hogy a kreativit\u00e1s is jobban \u00e9rv\u00e9nyes\u00fclj\u00f6n \u00e9s k\u00f6z\u00f6ss\u00e9gek is form\u00e1l\u00f3dhassanak: egym\u00e1shoz is k\u00f6zelebb ker\u00fcljenek \u00e9s t\u00f6lt\u0151djenek is az emberek.<\/p>\n\n\n\n<div style=\"height:34px\" aria-hidden=\"true\" class=\"wp-block-spacer\"><\/div>\n\n\n\n<h5 class=\"wp-block-heading\"><strong>Szinte megoldhatatlannak t\u0171n\u0151 k\u00f6rnyezeti \u00e9s t\u00e1rsadalmi probl\u00e9m\u00e1k tan\u00fai vagyunk. K\u00e9pes-e egy v\u00e1llalat a maga szektor\u00e1n bel\u00fcl val\u00f3di v\u00e1ltoz\u00e1st el\u00e9rni?<\/strong><\/h5>\n\n\n\n<p>DB: Ebben a szektorban \u00fagy lehet v\u00e1ltoz\u00e1st el\u00e9rni, ha mi magunk v\u00e1ltoztatunk, \u00e9s els\u0151sorban a szolg\u00e1ltat\u00e1sainkban. \u00dagy kell szolg\u00e1ltatni, hogy a b\u00e9rl\u0151k boldogok \u00e9s kiegyens\u00falyozottak legyenek. A nagy \u00e9s \u00e1tfog\u00f3 probl\u00e9m\u00e1k megold\u00e1s\u00e1ra mi picik vagyunk \u2013 de \u00f6nmag\u00e1ban mindenki pici. A v\u00e1ltoz\u00e1s viszont kollekt\u00edv felel\u0151ss\u00e9g. Nek\u00fcnk nincs akkora hatalmunk vagy m\u00e9diafel\u00fclet\u00fcnk, hogy sz\u00e9les t\u00f6megekre hassunk \u00e9rz\u00e9keny\u00edt\u0151 kamp\u00e1nyokkal. \u00c1m ha a b\u00e9rl\u0151inkre n\u00e9z\u00fcnk, \u00e9s hozz\u00e1juk igaz\u00edtjuk a szolg\u00e1ltat\u00e1sunkat, akkor az \u0151 \u00e9let\u00fckben el\u00e9rhet\u00fcnk v\u00e1ltoz\u00e1st. A k\u00f6rnyezet ir\u00e1nti felel\u0151ss\u00e9gv\u00e1llal\u00e1snak pedig j\u00f3l bev\u00e1lt gyakorlata n\u00e1lunk az \u00e9p\u00fcleteink \u00e1lland\u00f3 monitoringja, az optim\u00e1lis m\u0171k\u00f6dtet\u00e9st szolg\u00e1l\u00f3 folyamatos fel\u00fclvizsg\u00e1lat. Ennek k\u00f6sz\u00f6nhet\u0151, hogy a felmer\u00fcl\u0151 probl\u00e9m\u00e1kra azonnal k\u00e9pesek vagyunk reag\u00e1lni, \u00edgy cs\u00f6kkentve a k\u00f6rnyezetre m\u00e9rt k\u00e1ros hat\u00e1sokat is.<\/p>\n\n\n\n<div style=\"height:34px\" aria-hidden=\"true\" class=\"wp-block-spacer\"><\/div>\n\n\n\n<h5 class=\"wp-block-heading\"><strong>Az Access4you 2019-es indul\u00e1sakor a CPI Hungary az els\u0151 \u00fcgyfelek k\u00f6z\u00f6tt volt. Mi\u00e9rt d\u00f6nt\u00f6ttetek \u00fagy, hogy elk\u00f6telez\u0151dt\u00f6k egy akkor m\u00e9g kev\u00e9sb\u00e9 ismert tan\u00fas\u00edtv\u00e1ny \u00e9s v\u00e9djegy mellett?<\/strong><\/h5>\n\n\n\n<p>DB: Nagyon \u00f6r\u00fclt\u00fcnk annak, hogy van egy olyan megmozdul\u00e1s, ami v\u00e9gre t\u00e9nyleg az emberekkel foglalkozik. Mikor Berecz Bal\u00e1zzsal le\u00fclt\u00fcnk besz\u00e9lgetni, azonnal tudtuk, hogy minden t\u00e1mogat\u00e1sunkat meg szeretn\u00e9nk adni az Access4you c\u00e9lj\u00e1hoz, r\u00e9szt akarunk venni benne, mert ez a j\u00f6v\u0151. A speci\u00e1lis ig\u00e9ny\u0171 embereknek nagyon sok k\u00fczdelm\u00fck van, \u00e9s ha mi ekkora v\u00e1llalatk\u00e9nt, ennyi ingatlannal hozz\u00e1 tudunk tenni ahhoz, hogy megk\u00f6nny\u00edts\u00fck a dolgukat, akkor egy\u00e9rtelm\u0171, hogy hozz\u00e1tesz\u00fcnk. A tan\u00fas\u00edtv\u00e1ny sem egy sokadik n\u00e9vleges, semmitmond\u00f3 plecsni, hanem val\u00f3di \u00e9rt\u00e9k, eredm\u00e9ny \u00e9s t\u00f6rekv\u00e9s van m\u00f6g\u00f6tte, \u00e9s val\u00f3ban hat\u00e1ssal van a mindennapokra.<\/p>\n\n\n\n<div style=\"height:35px\" aria-hidden=\"true\" class=\"wp-block-spacer\"><\/div>\n\n\n\n<h5 class=\"wp-block-heading\"><strong>Van tapasztalatod, t\u00f6rt\u00e9neted arr\u00f3l, hogy a speci\u00e1lis ig\u00e9ny\u0171 emberek inspir\u00e1l\u00f3 szempontokat, \u00faj lend\u00fcletet hozhatnak egy egy\u00fcttm\u0171k\u00f6d\u00e9sbe?<\/strong> <\/h5>\n\n\n\n<p>DB: Amikor a koll\u00e9g\u00e1immal speci\u00e1lis ig\u00e9ny\u0171 emberrel tal\u00e1lkozunk, felemel\u0151 l\u00e1tni, hogy t\u00e9nyleg nem a k\u00fcl\u00f6nbs\u00e9gek sz\u00e1m\u00edtanak. A m\u00e1sik ember mindennapi k\u00fczdelmeinek tiszteletben tart\u00e1sa a r\u00e9sz\u00fcnkr\u0151l azzal egy\u00fctt alapvet\u0151, hogy nem tesz\u00fcnk k\u00fcl\u00f6nbs\u00e9get a t\u00e1rgyal\u00e1sban, a kommunik\u00e1ci\u00f3ban, a viselked\u00e9sben \u2013 mert nincs \u201emi\u201d meg \u201e\u0151k\u201d, nem k\u00fcl\u00f6n\u00e1ll\u00f3 csoportok vagyunk. Szem\u00e9lyes tapasztalatom, hogy az akad\u00e1lyokkal \u00e9l\u0151 emberek legt\u00f6bbsz\u00f6r abban seg\u00edtenek, hogy a probl\u00e9m\u00e1ink val\u00f3s m\u00e9rt\u00e9k\u00e9t helyesen tudjuk felm\u00e9rni \u2013 a mag\u00e1n- \u00e9s az \u00fczleti \u00e9letben is. Az \u00e9letigenl\u0151 hozz\u00e1\u00e1ll\u00e1s \u00e1ltal\u00e1nos b\u00f6lcsess\u00e9g\u00e9t \u00e1t lehet, \u00e9s \u00e9rdemes is \u00e1tvenni t\u0151l\u00fck.<\/p>\n\n\n\n<p><em>Fot\u00f3k: H\u00e1mori Zs\u00f3fia<\/em><\/p>\n\n\n\n<p><em>Olvass m\u00e9g t\u00f6bb tartalmat sp\u00e9ci emberekr\u0151l, az akad\u00e1lymentess\u00e9gr\u0151l \u00e9s a t\u00e1rsadalmi inkl\u00fazi\u00f3r\u00f3l az&nbsp;<a href=\"http:\/\/news.access4you.io\/en\/\" target=\"_blank\" rel=\"noreferrer noopener\">Access4you h\u00edrei<\/a>&nbsp;k\u00f6z\u00f6tt. N\u00e9zz k\u00f6rbe a&nbsp;<a href=\"https:\/\/access4you.io\/places\" target=\"_blank\" rel=\"noreferrer noopener\">Tan\u00fas\u00edtott helysz\u00ednek<\/a>&nbsp;men\u00fcben, ahol r\u00e9szletes inform\u00e1ci\u00f3t adunk a felm\u00e9r\u00e9sben r\u00e9szt vev\u0151 helysz\u00ednek akad\u00e1lymentess\u00e9g\u00e9r\u0151l, mindezt 8 + 1 sp\u00e9ci csoport ig\u00e9nyei alapj\u00e1n: kerekessz\u00e9ket haszn\u00e1l\u00f3k, babakocsival k\u00f6zleked\u0151k, id\u0151sek \u00e9s mozg\u00e1sukban korl\u00e1tozottak, siketek, nagyothall\u00f3k, vakok, gyeng\u00e9nl\u00e1t\u00f3k, kognit\u00edv zavarral \u00e9l\u0151k, valamint (+1) seg\u00edt\u0151kuty\u00e1val k\u00f6zleked\u0151k sz\u00e1m\u00e1ra.<\/em><\/p>","protected":false},"excerpt":{"rendered":"<p>Az \u00fczlet az \u00fczlet, a piac az piac: nem lep\u0151d\u00fcnk meg, ha minden szerepl\u0151 el\u0151zni t\u00f6rekszik. A CPI Hungary azonban csavart egyet a versenyszellemen, \u00e9s ink\u00e1bb a kor\u00e1t el\u0151zi meg azzal, hogy el\u0151z\u00e9keny: b\u00e9rl\u0151i hossz\u00fa t\u00e1v\u00fa j\u00f3ll\u00e9t\u00e9be is befektet. Besz\u00e9lget\u00e9s emberk\u00f6zpont\u00fa ingatlanfejleszt\u00e9sr\u0151l, a k\u00f6rnyezeti, t\u00e1rsadalmi \u00e9s ment\u00e1lhigi\u00e9n\u00e9s fenntarthat\u00f3s\u00e1got is szolg\u00e1l\u00f3 terekr\u0151l, az akad\u00e1lymentess\u00e9gr\u0151l mint alapvet\u00e9sr\u0151l [&hellip;]<\/p>","protected":false},"author":1,"featured_media":4454,"comment_status":"closed","ping_status":"closed","sticky":false,"template":"","format":"standard","meta":{"footnotes":""},"categories":[74,10],"tags":[],"class_list":["post-4453","post","type-post","status-publish","format-standard","has-post-thumbnail","hentry","category-szivugyunk","category-blog"],"yoast_head":"<!-- This site is optimized with the Yoast SEO plugin v23.8 - https:\/\/yoast.com\/wordpress\/plugins\/seo\/ -->\n<title>\u201eAz embert kell a k\u00f6z\u00e9ppontba tenni\u201d \u2013 Interj\u00fa D\u00e9ri Be\u00e1val, a CPI Hungary marketing-, PR- \u00e9s design vezet\u0151j\u00e9vel - Access4you H\u00edrek<\/title>\n<meta name=\"description\" content=\"Mit jelent az emberk\u00f6zpont\u00fa ingatlanfejleszt\u00e9s \u00e9s mi\u00e9rt legyen egy ingatlan akad\u00e1lymentes? Hol van ennek helye a fenntarthat\u00f3s\u00e1gban? D\u00e9ri Be\u00e1val, a CPI Hungary PR, marketing \u00e9s design vezet\u0151j\u00e9vel besz\u00e9lgett\u00fcnk.\" \/>\n<meta name=\"robots\" content=\"index, follow, max-snippet:-1, max-image-preview:large, max-video-preview:-1\" \/>\n<link rel=\"canonical\" href=\"https:\/\/news.access4you.io\/en\/2021\/10\/28\/az-embert-kell-a-kozeppontba-tenni-interju-deri-beaval-a-cpi-hungary-marketing-pr-es-design-vezetojevel\/\" \/>\n<meta property=\"og:locale\" content=\"en_US\" \/>\n<meta property=\"og:type\" content=\"article\" \/>\n<meta property=\"og:title\" content=\"\u201eAz embert kell a k\u00f6z\u00e9ppontba tenni\u201d \u2013 Interj\u00fa D\u00e9ri Be\u00e1val, a CPI Hungary marketing-, PR- \u00e9s design vezet\u0151j\u00e9vel - Access4you H\u00edrek\" \/>\n<meta property=\"og:description\" content=\"Mit jelent az emberk\u00f6zpont\u00fa ingatlanfejleszt\u00e9s \u00e9s mi\u00e9rt legyen egy ingatlan akad\u00e1lymentes? Hol van ennek helye a fenntarthat\u00f3s\u00e1gban? D\u00e9ri Be\u00e1val, a CPI Hungary PR, marketing \u00e9s design vezet\u0151j\u00e9vel besz\u00e9lgett\u00fcnk.\" \/>\n<meta property=\"og:url\" content=\"https:\/\/news.access4you.io\/en\/2021\/10\/28\/az-embert-kell-a-kozeppontba-tenni-interju-deri-beaval-a-cpi-hungary-marketing-pr-es-design-vezetojevel\/\" \/>\n<meta property=\"og:site_name\" content=\"Access4you H\u00edrek\" \/>\n<meta property=\"article:published_time\" content=\"2021-10-28T17:42:51+00:00\" \/>\n<meta property=\"article:modified_time\" content=\"2021-11-02T13:15:14+00:00\" \/>\n<meta property=\"og:image\" content=\"https:\/\/news.access4you.io\/wp-content\/uploads\/2021\/10\/DSC_0516r.jpg\" \/>\n\t<meta property=\"og:image:width\" content=\"1500\" \/>\n\t<meta property=\"og:image:height\" content=\"1001\" \/>\n\t<meta property=\"og:image:type\" content=\"image\/jpeg\" \/>\n<meta name=\"author\" content=\"access4you\" \/>\n<meta name=\"twitter:card\" content=\"summary_large_image\" \/>\n<meta name=\"twitter:label1\" content=\"Written by\" \/>\n\t<meta name=\"twitter:data1\" content=\"access4you\" \/>\n\t<meta name=\"twitter:label2\" content=\"Est. reading time\" \/>\n\t<meta name=\"twitter:data2\" content=\"10 minutes\" \/>\n<script type=\"application\/ld+json\" class=\"yoast-schema-graph\">{\"@context\":\"https:\/\/schema.org\",\"@graph\":[{\"@type\":\"Article\",\"@id\":\"https:\/\/news.access4you.io\/2021\/10\/28\/az-embert-kell-a-kozeppontba-tenni-interju-deri-beaval-a-cpi-hungary-marketing-pr-es-design-vezetojevel\/#article\",\"isPartOf\":{\"@id\":\"https:\/\/news.access4you.io\/2021\/10\/28\/az-embert-kell-a-kozeppontba-tenni-interju-deri-beaval-a-cpi-hungary-marketing-pr-es-design-vezetojevel\/\"},\"author\":{\"name\":\"access4you\",\"@id\":\"https:\/\/news.access4you.io\/#\/schema\/person\/cb4fff088aa5f5f43a6f4ce3a1e2e084\"},\"headline\":\"\u201eAz embert kell a k\u00f6z\u00e9ppontba tenni\u201d \u2013 Interj\u00fa D\u00e9ri Be\u00e1val, a CPI Hungary marketing-, PR- \u00e9s design vezet\u0151j\u00e9vel\",\"datePublished\":\"2021-10-28T17:42:51+00:00\",\"dateModified\":\"2021-11-02T13:15:14+00:00\",\"mainEntityOfPage\":{\"@id\":\"https:\/\/news.access4you.io\/2021\/10\/28\/az-embert-kell-a-kozeppontba-tenni-interju-deri-beaval-a-cpi-hungary-marketing-pr-es-design-vezetojevel\/\"},\"wordCount\":1989,\"publisher\":{\"@id\":\"https:\/\/news.access4you.io\/#organization\"},\"image\":{\"@id\":\"https:\/\/news.access4you.io\/2021\/10\/28\/az-embert-kell-a-kozeppontba-tenni-interju-deri-beaval-a-cpi-hungary-marketing-pr-es-design-vezetojevel\/#primaryimage\"},\"thumbnailUrl\":\"https:\/\/news.access4you.io\/wp-content\/uploads\/2021\/10\/DSC_0516r.jpg\",\"articleSection\":[\"Sz\u00edv\u00fcgy\u00fcnk\",\"Blog\"],\"inLanguage\":\"en-US\"},{\"@type\":\"WebPage\",\"@id\":\"https:\/\/news.access4you.io\/2021\/10\/28\/az-embert-kell-a-kozeppontba-tenni-interju-deri-beaval-a-cpi-hungary-marketing-pr-es-design-vezetojevel\/\",\"url\":\"https:\/\/news.access4you.io\/2021\/10\/28\/az-embert-kell-a-kozeppontba-tenni-interju-deri-beaval-a-cpi-hungary-marketing-pr-es-design-vezetojevel\/\",\"name\":\"\u201eAz embert kell a k\u00f6z\u00e9ppontba tenni\u201d \u2013 Interj\u00fa D\u00e9ri Be\u00e1val, a CPI Hungary marketing-, PR- \u00e9s design vezet\u0151j\u00e9vel - Access4you H\u00edrek\",\"isPartOf\":{\"@id\":\"https:\/\/news.access4you.io\/#website\"},\"primaryImageOfPage\":{\"@id\":\"https:\/\/news.access4you.io\/2021\/10\/28\/az-embert-kell-a-kozeppontba-tenni-interju-deri-beaval-a-cpi-hungary-marketing-pr-es-design-vezetojevel\/#primaryimage\"},\"image\":{\"@id\":\"https:\/\/news.access4you.io\/2021\/10\/28\/az-embert-kell-a-kozeppontba-tenni-interju-deri-beaval-a-cpi-hungary-marketing-pr-es-design-vezetojevel\/#primaryimage\"},\"thumbnailUrl\":\"https:\/\/news.access4you.io\/wp-content\/uploads\/2021\/10\/DSC_0516r.jpg\",\"datePublished\":\"2021-10-28T17:42:51+00:00\",\"dateModified\":\"2021-11-02T13:15:14+00:00\",\"description\":\"Mit jelent az emberk\u00f6zpont\u00fa ingatlanfejleszt\u00e9s \u00e9s mi\u00e9rt legyen egy ingatlan akad\u00e1lymentes? Hol van ennek helye a fenntarthat\u00f3s\u00e1gban? D\u00e9ri Be\u00e1val, a CPI Hungary PR, marketing \u00e9s design vezet\u0151j\u00e9vel besz\u00e9lgett\u00fcnk.\",\"breadcrumb\":{\"@id\":\"https:\/\/news.access4you.io\/2021\/10\/28\/az-embert-kell-a-kozeppontba-tenni-interju-deri-beaval-a-cpi-hungary-marketing-pr-es-design-vezetojevel\/#breadcrumb\"},\"inLanguage\":\"en-US\",\"potentialAction\":[{\"@type\":\"ReadAction\",\"target\":[\"https:\/\/news.access4you.io\/2021\/10\/28\/az-embert-kell-a-kozeppontba-tenni-interju-deri-beaval-a-cpi-hungary-marketing-pr-es-design-vezetojevel\/\"]}]},{\"@type\":\"ImageObject\",\"inLanguage\":\"en-US\",\"@id\":\"https:\/\/news.access4you.io\/2021\/10\/28\/az-embert-kell-a-kozeppontba-tenni-interju-deri-beaval-a-cpi-hungary-marketing-pr-es-design-vezetojevel\/#primaryimage\",\"url\":\"https:\/\/news.access4you.io\/wp-content\/uploads\/2021\/10\/DSC_0516r.jpg\",\"contentUrl\":\"https:\/\/news.access4you.io\/wp-content\/uploads\/2021\/10\/DSC_0516r.jpg\",\"width\":1500,\"height\":1001},{\"@type\":\"BreadcrumbList\",\"@id\":\"https:\/\/news.access4you.io\/2021\/10\/28\/az-embert-kell-a-kozeppontba-tenni-interju-deri-beaval-a-cpi-hungary-marketing-pr-es-design-vezetojevel\/#breadcrumb\",\"itemListElement\":[{\"@type\":\"ListItem\",\"position\":1,\"name\":\"Kezd\u0151lap\",\"item\":\"https:\/\/news.access4you.io\/\"},{\"@type\":\"ListItem\",\"position\":2,\"name\":\"\u201eAz embert kell a k\u00f6z\u00e9ppontba tenni\u201d \u2013 Interj\u00fa D\u00e9ri Be\u00e1val, a CPI Hungary marketing-, PR- \u00e9s design vezet\u0151j\u00e9vel\"}]},{\"@type\":\"WebSite\",\"@id\":\"https:\/\/news.access4you.io\/#website\",\"url\":\"https:\/\/news.access4you.io\/\",\"name\":\"Access4you H\u00edrek\",\"description\":\"\",\"publisher\":{\"@id\":\"https:\/\/news.access4you.io\/#organization\"},\"potentialAction\":[{\"@type\":\"SearchAction\",\"target\":{\"@type\":\"EntryPoint\",\"urlTemplate\":\"https:\/\/news.access4you.io\/?s={search_term_string}\"},\"query-input\":{\"@type\":\"PropertyValueSpecification\",\"valueRequired\":true,\"valueName\":\"search_term_string\"}}],\"inLanguage\":\"en-US\"},{\"@type\":\"Organization\",\"@id\":\"https:\/\/news.access4you.io\/#organization\",\"name\":\"Access4you H\u00edrek\",\"url\":\"https:\/\/news.access4you.io\/\",\"logo\":{\"@type\":\"ImageObject\",\"inLanguage\":\"en-US\",\"@id\":\"https:\/\/news.access4you.io\/#\/schema\/logo\/image\/\",\"url\":\"https:\/\/news.access4you.io\/wp-content\/uploads\/2021\/01\/a4u-logo-black.png\",\"contentUrl\":\"https:\/\/news.access4you.io\/wp-content\/uploads\/2021\/01\/a4u-logo-black.png\",\"width\":726,\"height\":454,\"caption\":\"Access4you H\u00edrek\"},\"image\":{\"@id\":\"https:\/\/news.access4you.io\/#\/schema\/logo\/image\/\"}},{\"@type\":\"Person\",\"@id\":\"https:\/\/news.access4you.io\/#\/schema\/person\/cb4fff088aa5f5f43a6f4ce3a1e2e084\",\"name\":\"access4you\",\"image\":{\"@type\":\"ImageObject\",\"inLanguage\":\"en-US\",\"@id\":\"https:\/\/news.access4you.io\/#\/schema\/person\/image\/\",\"url\":\"https:\/\/secure.gravatar.com\/avatar\/9795a8b3afc7ed258d167a92dbb1075b37bab5bc83b1ac9182ff4f58c22040b8?s=96&d=mm&r=g\",\"contentUrl\":\"https:\/\/secure.gravatar.com\/avatar\/9795a8b3afc7ed258d167a92dbb1075b37bab5bc83b1ac9182ff4f58c22040b8?s=96&d=mm&r=g\",\"caption\":\"access4you\"},\"sameAs\":[\"http:\/\/localhost\/access4you\"],\"url\":\"https:\/\/news.access4you.io\/en\/author\/access4you\/\"}]}<\/script>\n<!-- \/ Yoast SEO plugin. -->","yoast_head_json":{"title":"\u201eAz embert kell a k\u00f6z\u00e9ppontba tenni\u201d \u2013 Interj\u00fa D\u00e9ri Be\u00e1val, a CPI Hungary marketing-, PR- \u00e9s design vezet\u0151j\u00e9vel - Access4you H\u00edrek","description":"Mit jelent az emberk\u00f6zpont\u00fa ingatlanfejleszt\u00e9s \u00e9s mi\u00e9rt legyen egy ingatlan akad\u00e1lymentes? Hol van ennek helye a fenntarthat\u00f3s\u00e1gban? D\u00e9ri Be\u00e1val, a CPI Hungary PR, marketing \u00e9s design vezet\u0151j\u00e9vel besz\u00e9lgett\u00fcnk.","robots":{"index":"index","follow":"follow","max-snippet":"max-snippet:-1","max-image-preview":"max-image-preview:large","max-video-preview":"max-video-preview:-1"},"canonical":"https:\/\/news.access4you.io\/en\/2021\/10\/28\/az-embert-kell-a-kozeppontba-tenni-interju-deri-beaval-a-cpi-hungary-marketing-pr-es-design-vezetojevel\/","og_locale":"en_US","og_type":"article","og_title":"\u201eAz embert kell a k\u00f6z\u00e9ppontba tenni\u201d \u2013 Interj\u00fa D\u00e9ri Be\u00e1val, a CPI Hungary marketing-, PR- \u00e9s design vezet\u0151j\u00e9vel - Access4you H\u00edrek","og_description":"Mit jelent az emberk\u00f6zpont\u00fa ingatlanfejleszt\u00e9s \u00e9s mi\u00e9rt legyen egy ingatlan akad\u00e1lymentes? Hol van ennek helye a fenntarthat\u00f3s\u00e1gban? D\u00e9ri Be\u00e1val, a CPI Hungary PR, marketing \u00e9s design vezet\u0151j\u00e9vel besz\u00e9lgett\u00fcnk.","og_url":"https:\/\/news.access4you.io\/en\/2021\/10\/28\/az-embert-kell-a-kozeppontba-tenni-interju-deri-beaval-a-cpi-hungary-marketing-pr-es-design-vezetojevel\/","og_site_name":"Access4you H\u00edrek","article_published_time":"2021-10-28T17:42:51+00:00","article_modified_time":"2021-11-02T13:15:14+00:00","og_image":[{"width":1500,"height":1001,"url":"https:\/\/news.access4you.io\/wp-content\/uploads\/2021\/10\/DSC_0516r.jpg","type":"image\/jpeg"}],"author":"access4you","twitter_card":"summary_large_image","twitter_misc":{"Written by":"access4you","Est. reading time":"10 minutes"},"schema":{"@context":"https:\/\/schema.org","@graph":[{"@type":"Article","@id":"https:\/\/news.access4you.io\/2021\/10\/28\/az-embert-kell-a-kozeppontba-tenni-interju-deri-beaval-a-cpi-hungary-marketing-pr-es-design-vezetojevel\/#article","isPartOf":{"@id":"https:\/\/news.access4you.io\/2021\/10\/28\/az-embert-kell-a-kozeppontba-tenni-interju-deri-beaval-a-cpi-hungary-marketing-pr-es-design-vezetojevel\/"},"author":{"name":"access4you","@id":"https:\/\/news.access4you.io\/#\/schema\/person\/cb4fff088aa5f5f43a6f4ce3a1e2e084"},"headline":"\u201eAz embert kell a k\u00f6z\u00e9ppontba tenni\u201d \u2013 Interj\u00fa D\u00e9ri Be\u00e1val, a CPI Hungary marketing-, PR- \u00e9s design vezet\u0151j\u00e9vel","datePublished":"2021-10-28T17:42:51+00:00","dateModified":"2021-11-02T13:15:14+00:00","mainEntityOfPage":{"@id":"https:\/\/news.access4you.io\/2021\/10\/28\/az-embert-kell-a-kozeppontba-tenni-interju-deri-beaval-a-cpi-hungary-marketing-pr-es-design-vezetojevel\/"},"wordCount":1989,"publisher":{"@id":"https:\/\/news.access4you.io\/#organization"},"image":{"@id":"https:\/\/news.access4you.io\/2021\/10\/28\/az-embert-kell-a-kozeppontba-tenni-interju-deri-beaval-a-cpi-hungary-marketing-pr-es-design-vezetojevel\/#primaryimage"},"thumbnailUrl":"https:\/\/news.access4you.io\/wp-content\/uploads\/2021\/10\/DSC_0516r.jpg","articleSection":["Sz\u00edv\u00fcgy\u00fcnk","Blog"],"inLanguage":"en-US"},{"@type":"WebPage","@id":"https:\/\/news.access4you.io\/2021\/10\/28\/az-embert-kell-a-kozeppontba-tenni-interju-deri-beaval-a-cpi-hungary-marketing-pr-es-design-vezetojevel\/","url":"https:\/\/news.access4you.io\/2021\/10\/28\/az-embert-kell-a-kozeppontba-tenni-interju-deri-beaval-a-cpi-hungary-marketing-pr-es-design-vezetojevel\/","name":"\u201eAz embert kell a k\u00f6z\u00e9ppontba tenni\u201d \u2013 Interj\u00fa D\u00e9ri Be\u00e1val, a CPI Hungary marketing-, PR- \u00e9s design vezet\u0151j\u00e9vel - Access4you H\u00edrek","isPartOf":{"@id":"https:\/\/news.access4you.io\/#website"},"primaryImageOfPage":{"@id":"https:\/\/news.access4you.io\/2021\/10\/28\/az-embert-kell-a-kozeppontba-tenni-interju-deri-beaval-a-cpi-hungary-marketing-pr-es-design-vezetojevel\/#primaryimage"},"image":{"@id":"https:\/\/news.access4you.io\/2021\/10\/28\/az-embert-kell-a-kozeppontba-tenni-interju-deri-beaval-a-cpi-hungary-marketing-pr-es-design-vezetojevel\/#primaryimage"},"thumbnailUrl":"https:\/\/news.access4you.io\/wp-content\/uploads\/2021\/10\/DSC_0516r.jpg","datePublished":"2021-10-28T17:42:51+00:00","dateModified":"2021-11-02T13:15:14+00:00","description":"Mit jelent az emberk\u00f6zpont\u00fa ingatlanfejleszt\u00e9s \u00e9s mi\u00e9rt legyen egy ingatlan akad\u00e1lymentes? Hol van ennek helye a fenntarthat\u00f3s\u00e1gban? D\u00e9ri Be\u00e1val, a CPI Hungary PR, marketing \u00e9s design vezet\u0151j\u00e9vel besz\u00e9lgett\u00fcnk.","breadcrumb":{"@id":"https:\/\/news.access4you.io\/2021\/10\/28\/az-embert-kell-a-kozeppontba-tenni-interju-deri-beaval-a-cpi-hungary-marketing-pr-es-design-vezetojevel\/#breadcrumb"},"inLanguage":"en-US","potentialAction":[{"@type":"ReadAction","target":["https:\/\/news.access4you.io\/2021\/10\/28\/az-embert-kell-a-kozeppontba-tenni-interju-deri-beaval-a-cpi-hungary-marketing-pr-es-design-vezetojevel\/"]}]},{"@type":"ImageObject","inLanguage":"en-US","@id":"https:\/\/news.access4you.io\/2021\/10\/28\/az-embert-kell-a-kozeppontba-tenni-interju-deri-beaval-a-cpi-hungary-marketing-pr-es-design-vezetojevel\/#primaryimage","url":"https:\/\/news.access4you.io\/wp-content\/uploads\/2021\/10\/DSC_0516r.jpg","contentUrl":"https:\/\/news.access4you.io\/wp-content\/uploads\/2021\/10\/DSC_0516r.jpg","width":1500,"height":1001},{"@type":"BreadcrumbList","@id":"https:\/\/news.access4you.io\/2021\/10\/28\/az-embert-kell-a-kozeppontba-tenni-interju-deri-beaval-a-cpi-hungary-marketing-pr-es-design-vezetojevel\/#breadcrumb","itemListElement":[{"@type":"ListItem","position":1,"name":"Kezd\u0151lap","item":"https:\/\/news.access4you.io\/"},{"@type":"ListItem","position":2,"name":"\u201eAz embert kell a k\u00f6z\u00e9ppontba tenni\u201d \u2013 Interj\u00fa D\u00e9ri Be\u00e1val, a CPI Hungary marketing-, PR- \u00e9s design vezet\u0151j\u00e9vel"}]},{"@type":"WebSite","@id":"https:\/\/news.access4you.io\/#website","url":"https:\/\/news.access4you.io\/","name":"Access4you H\u00edrek","description":"","publisher":{"@id":"https:\/\/news.access4you.io\/#organization"},"potentialAction":[{"@type":"SearchAction","target":{"@type":"EntryPoint","urlTemplate":"https:\/\/news.access4you.io\/?s={search_term_string}"},"query-input":{"@type":"PropertyValueSpecification","valueRequired":true,"valueName":"search_term_string"}}],"inLanguage":"en-US"},{"@type":"Organization","@id":"https:\/\/news.access4you.io\/#organization","name":"Access4you H\u00edrek","url":"https:\/\/news.access4you.io\/","logo":{"@type":"ImageObject","inLanguage":"en-US","@id":"https:\/\/news.access4you.io\/#\/schema\/logo\/image\/","url":"https:\/\/news.access4you.io\/wp-content\/uploads\/2021\/01\/a4u-logo-black.png","contentUrl":"https:\/\/news.access4you.io\/wp-content\/uploads\/2021\/01\/a4u-logo-black.png","width":726,"height":454,"caption":"Access4you H\u00edrek"},"image":{"@id":"https:\/\/news.access4you.io\/#\/schema\/logo\/image\/"}},{"@type":"Person","@id":"https:\/\/news.access4you.io\/#\/schema\/person\/cb4fff088aa5f5f43a6f4ce3a1e2e084","name":"access4you","image":{"@type":"ImageObject","inLanguage":"en-US","@id":"https:\/\/news.access4you.io\/#\/schema\/person\/image\/","url":"https:\/\/secure.gravatar.com\/avatar\/9795a8b3afc7ed258d167a92dbb1075b37bab5bc83b1ac9182ff4f58c22040b8?s=96&d=mm&r=g","contentUrl":"https:\/\/secure.gravatar.com\/avatar\/9795a8b3afc7ed258d167a92dbb1075b37bab5bc83b1ac9182ff4f58c22040b8?s=96&d=mm&r=g","caption":"access4you"},"sameAs":["http:\/\/localhost\/access4you"],"url":"https:\/\/news.access4you.io\/en\/author\/access4you\/"}]}},"_links":{"self":[{"href":"https:\/\/news.access4you.io\/en\/wp-json\/wp\/v2\/posts\/4453","targetHints":{"allow":["GET"]}}],"collection":[{"href":"https:\/\/news.access4you.io\/en\/wp-json\/wp\/v2\/posts"}],"about":[{"href":"https:\/\/news.access4you.io\/en\/wp-json\/wp\/v2\/types\/post"}],"author":[{"embeddable":true,"href":"https:\/\/news.access4you.io\/en\/wp-json\/wp\/v2\/users\/1"}],"replies":[{"embeddable":true,"href":"https:\/\/news.access4you.io\/en\/wp-json\/wp\/v2\/comments?post=4453"}],"version-history":[{"count":0,"href":"https:\/\/news.access4you.io\/en\/wp-json\/wp\/v2\/posts\/4453\/revisions"}],"wp:featuredmedia":[{"embeddable":true,"href":"https:\/\/news.access4you.io\/en\/wp-json\/wp\/v2\/media\/4454"}],"wp:attachment":[{"href":"https:\/\/news.access4you.io\/en\/wp-json\/wp\/v2\/media?parent=4453"}],"wp:term":[{"taxonomy":"category","embeddable":true,"href":"https:\/\/news.access4you.io\/en\/wp-json\/wp\/v2\/categories?post=4453"},{"taxonomy":"post_tag","embeddable":true,"href":"https:\/\/news.access4you.io\/en\/wp-json\/wp\/v2\/tags?post=4453"}],"curies":[{"name":"wp","href":"https:\/\/api.w.org\/{rel}","templated":true}]}}