{"id":4470,"date":"2021-11-10T09:08:54","date_gmt":"2021-11-10T09:08:54","guid":{"rendered":"http:\/\/news.access4you.io\/?p=4470"},"modified":"2021-11-10T10:05:56","modified_gmt":"2021-11-10T10:05:56","slug":"felerni-onmagunkig-kisnovesukent-az-elet","status":"publish","type":"post","link":"https:\/\/news.access4you.io\/en\/2021\/11\/10\/felerni-onmagunkig-kisnovesukent-az-elet\/","title":{"rendered":"(F)el\u00e9rni \u00f6nmagunkig &#8211; Kisn\u00f6v\u00e9s\u0171k\u00e9nt az \u00e9let"},"content":{"rendered":"<p><strong>Nem is gondoln\u00e1nk, mennyi mindent eltakarhat sz\u00e1zh\u00fasz centi. Hadh\u00e1zy Ann\u00e1nak b\u00e1r az egyik legszembet\u0171n\u0151bb, nem a legfontosabb tulajdons\u00e1ga, hogy kisn\u00f6v\u00e9s\u0171. Hossz\u00fa \u00fat van m\u00f6g\u00f6tte, de ma m\u00e1r el\u00e9g csup\u00e1n a k\u00f6zel\u00e9ben lenni ahhoz, hogy a <em>kicsit<\/em> t\u00f6bb\u00e9 ne gondoljuk \u00f6ntudatlanul is <em>kev\u00e9s<\/em>nek.<\/strong> <em>Kir\u00e1ly Eszter portr\u00e9ja Hadh\u00e1zy Ann\u00e1r\u00f3l.<\/em><\/p>\n\n\n\n<div style=\"height:35px\" aria-hidden=\"true\" class=\"wp-block-spacer\"><\/div>\n\n\n\n<p><\/p>\n\n\n\n<h4 class=\"wp-block-heading\"><strong>A kimondatlan nyilv\u00e1nval\u00f3<\/strong><\/h4>\n\n\n\n<div style=\"height:35px\" aria-hidden=\"true\" class=\"wp-block-spacer\"><\/div>\n\n\n\n<p>Saj\u00e1t mag\u00e1val megb\u00e9k\u00e9lni mindenkinek \u201ek\u00f6telez\u0151 k\u00f6r\u201d, \u00e1m a legkev\u00e9sb\u00e9 sem lehet csak \u00fagy \u201eletudni\u201d: kacif\u00e1ntos \u00e9s id\u0151ig\u00e9nyes, cser\u00e9be rendk\u00edv\u00fcl term\u00e9keny folyamat. Megesik, hogy t\u00f6bbsz\u00f6r is v\u00e9gig kell csin\u00e1lnunk. Hadh\u00e1zy Ann\u00e1nak gyerekk\u00e9nt p\u00e9ld\u00e1ul minden \u0151sszel, mintegy menetrendszer\u0171en kellett f\u00f6ltennie a \u201eki vagyok \u00e9n?\u201d k\u00e9rd\u00e9st.  Szeptemberben indult ugyanis a tan\u00e9v, \u00e9s a ny\u00edregyh\u00e1zi zenei tagozatos iskol\u00e1ba \u00e9rkez\u0151 els\u0151s\u00f6k m\u00e9g nem l\u00e1ttak rajta k\u00edv\u00fcl kisn\u00f6v\u00e9s\u0171 embert \u2013 sz\u00f3rt\u00e1k is Anna ut\u00e1n a \u201et\u00f6rpe\u201d \u00e9s m\u00e1s g\u00fanynevek kart\u00e1csait. Akkor Anna sem l\u00e1tott m\u00e9g mag\u00e1hoz hasonl\u00f3t, \u00e1ltal\u00e1nos iskol\u00e1ig nem is volt annyira m\u00e1s a testalkata a t\u00f6bbiek\u00e9hez k\u00e9pest, \u00e9s k\u00f6zvetlen k\u00f6rnyezete is mindig \u00e9pk\u00e9nt kezelte. <\/p>\n\n\n\n<blockquote class=\"wp-block-quote is-layout-flow wp-block-quote-is-layout-flow\"><p><em>\u201eNekem hagyt\u00e1k meg azt a feladatot, hogy ezzel valamit kezdjek\u201d<\/em> <\/p><\/blockquote>\n\n\n\n<p>\u2013 eml\u00e9kszik vissza Anna, akinek \u00fatmutat\u00e1s n\u00e9lk\u00fcl kellett birk\u00f3znia a cs\u00fafol\u00f3d\u00e1ssal \u00e9s a k\u00ednz\u00f3 k\u00e9rd\u00e9sekkel is. Lelk\u00e9sz \u00e9desapja, orvos \u00e9desanyja, testv\u00e9rei, illetve a reform\u00e1tus hit lelkis\u00e9ge mindenben t\u00e1mogatta Ann\u00e1t, az \u0151 bels\u0151 k\u00fczdelmei valahogy m\u00e9gis kibesz\u00e9letlen\u00fcl, valahol a megfelel\u00e9sv\u00e1gy \u00e1rny\u00e9k\u00e1ban maradtak.<\/p>\n\n\n\n<p>Anyuk\u00e1ja Anna csecsem\u0151kor\u00e1ban vette \u00e9szre, hogy a n\u00e9gy k\u00f6z\u00fcl legfiatalabb gyermeke m\u00e1sk\u00e9pp fejl\u0151dik, mint a testv\u00e9rei. Az ezt k\u00f6vet\u0151 vizsg\u00e1latok sor\u00e1n kider\u00fclt, hogy Anna az achondroplasia, vagyis a kisn\u00f6v\u00e9s jegyeit mutatja. Ez t\u00f6bbf\u00e9le v\u00e1ltozatban ismert, leg\u00e1ltal\u00e1nosabb t\u00fcnetei a v\u00e9gtagcsontok r\u00f6vids\u00e9ge \u00e9s az \u00e1tlagosn\u00e1l nagyobb fejm\u00e9ret. T\u00e9vhit, hogy a kisn\u00f6v\u00e9s \u00e9rtelmi akad\u00e1lyozotts\u00e1ggal j\u00e1r egy\u00fctt. B\u00e1r pap\u00edron mozg\u00e1ss\u00e9r\u00fcltek, a kisn\u00f6v\u00e9s\u0171 emberek \u2013 n\u00e9ha kis testreszab\u00e1ssal \u2013 szinte mindenre ugyan\u00fagy k\u00e9pesek, mint az \u00e9pek. Anna is eg\u00e9szs\u00e9ges gyerekekkel j\u00e1rt iskol\u00e1ba, de vid\u00e1mparkba is, ahol sz\u00e1mos j\u00e1t\u00e9keszk\u00f6z magass\u00e1glimitje \u00e9pp az \u0151 sz\u00e1zh\u00fasz centije. Trombit\u00e1lni \u00e9s s\u00edelni is tud, tiszta, mezzo \u00e9nekhangj\u00e1val a vil\u00e1gh\u00edr\u0171 Cantemus k\u00f3rus tagjak\u00e9nt bej\u00e1rta a vil\u00e1got, jogos\u00edtv\u00e1nyt, k\u00e9t diplom\u00e1t \u00e9s zeneterapeuta v\u00e9gzetts\u00e9get szerzett. Ha a t\u00e9v\u00e9ben kisn\u00f6v\u00e9s\u0171 szerepl\u0151t l\u00e1tott, elkapcsolt, ha gyerekek k\u00e9rdezt\u00e9k t\u0151le, mi\u00e9rt kicsi, eleresztette a f\u00fcle mellett \u2013 mik\u00f6zben tudta, hogy l\u00e9tfontoss\u00e1g\u00fa dolgot halogat.<\/p>\n\n\n\n<figure class=\"wp-block-image size-large\"><img loading=\"lazy\" decoding=\"async\" width=\"1000\" height=\"667\" src=\"http:\/\/news.access4you.io\/wp-content\/uploads\/2021\/11\/Untitled-design-29.png\" alt=\"\" class=\"wp-image-4472\" srcset=\"https:\/\/news.access4you.io\/wp-content\/uploads\/2021\/11\/Untitled-design-29.png 1000w, https:\/\/news.access4you.io\/wp-content\/uploads\/2021\/11\/Untitled-design-29-300x200.png 300w, https:\/\/news.access4you.io\/wp-content\/uploads\/2021\/11\/Untitled-design-29-768x512.png 768w\" sizes=\"auto, (max-width: 1000px) 100vw, 1000px\" \/><\/figure>\n\n\n\n<div style=\"height:35px\" aria-hidden=\"true\" class=\"wp-block-spacer\"><\/div>\n\n\n\n<h4 class=\"wp-block-heading\"><strong>Kicsinyelt \u00e9s nagyra tartott<\/strong><\/h4>\n\n\n\n<p>\u201eEgyszer egy magas, \u00f6lt\u00f6ny\u00f6s \u00far egy k\u00f6nyvbemutat\u00f3n azt mondta, ne f\u00e9ljek t\u0151le, a gyerekeket is mindig megsimogatja. M\u00e1skor pedag\u00f3gus ismer\u0151seim megfogj\u00e1k a v\u00e1llam a zebr\u00e1n, hogy vigy\u00e1zzak, vagy sz\u00f3lnak, hogy k\u00f6ssem be a cip\u0151f\u0171z\u0151m. Tudom, \u00f3vni akarnak, de az \u00f6n\u00e9rzetemnek nem tesz j\u00f3t\u201d \u2013 sorolja Anna a p\u00e9ld\u00e1kat arra, amikor nem tekintik feln\u0151ttnek. Noha harminckettes l\u00e1b\u00e1n val\u00f3ban gyerekcip\u0151t hord, nehezen viseli az infantiliz\u00e1l\u00e1st. \u00c9s b\u00e1r saj\u00e1t b\u0151r\u00e9n tapasztalta, hogy a m\u00e1ss\u00e1g elfogad\u00e1sa nem t\u00e9vesztend\u0151 \u00f6ssze annak figyelmen k\u00edv\u00fcl hagy\u00e1s\u00e1val, abban is biztos volt, hogy k\u00f6zponti k\u00e9rd\u00e9st sem akar csin\u00e1lni bel\u0151le. \u201eElindulhattam volna a mag\u00e1n\u00e9nekesi p\u00e1ly\u00e1n, de nem akartam \u00e9n lenni a &#8222;kicsi \u00e9nekes\u201d \u2013 mondja arra c\u00e9lozva, hogy a h\u00edrn\u00e9vvel j\u00e1r\u00f3 extra figyelem egy-egy von\u00e1s jelent\u0151s\u00e9g\u00e9t a sokszoros\u00e1ra duzzaszthatja.<\/p>\n\n\n\n<p>Az ut\u00f3bbi id\u0151k egyik \u201eh\u00edres kicsije\u201d az\u00e9rt az \u0151 \u00e9rdekl\u0151d\u00e9s\u00e9t is felkeltette: Peter Dinklage, a Tr\u00f3nok harca-sorozatban a Tyrion Lannistert megform\u00e1l\u00f3 kisn\u00f6v\u00e9s\u0171 sz\u00edn\u00e9sz alak\u00edt\u00e1sa kifejezetten tetszett Ann\u00e1nak. \u201eEgy kor\u00e1bbi, Az \u00e1llom\u00e1sf\u0151n\u00f6k c\u00edm\u0171 filmje a kisn\u00f6v\u00e9s\u0171 emberek mindennapjair\u00f3l sz\u00f3l. A Tr\u00f3nok harc\u00e1ban is el\u0151ker\u00fcl ez a k\u00e9rd\u00e9s, de nem olyan direkt m\u00f3don, Tyrion karakter\u00e9n\u00e9l pedig hamar \u00e1tker\u00fcl a f\u00f3kusz a kicsis\u00e9g\u00e9r\u0151l a csal\u00e1di viszonyaira, az \u00e9les esz\u00e9re \u00e9s m\u00e1s szem\u00e9lyis\u00e9gjegyeire. Ha a r\u00e9szletek szintj\u00e9n nem is azonosulok a t\u00f6rt\u00e9net\u00e9vel, enn\u00e9l a filmn\u00e9l \u00e9reztem el\u0151sz\u00f6r azt, hogy ak\u00e1r r\u00f3lam is sz\u00f3lhatna\u201d \u2013 \u00edgy Anna.<\/p>\n\n\n\n<div style=\"height:36px\" aria-hidden=\"true\" class=\"wp-block-spacer\"><\/div>\n\n\n\n<h4 class=\"wp-block-heading\"><strong>Megugorhatatlan h\u00e9tk\u00f6znapok?<\/strong><\/h4>\n\n\n\n<p>De hi\u00e1ba a Tr\u00f3nok harca-p\u00e1rhuzam, a Kisorosziban \u00e9l\u0151 zeneterapeuta n\u0151ben neh\u00e9z felfedezni egy hatalom\u00e9hes westerosi dinasztia intrikus figur\u00e1j\u00e1t. Igaz, az intellektuson k\u00edv\u00fcl m\u00e9g legal\u00e1bb egy von\u00e1s k\u00f6z\u00f6s: Anna sem tud elmenni \u00fagy az utc\u00e1n, hogy ne legyen felt\u0171n\u0151. B\u00e1r vannak m\u00e9g g\u00fanyol\u00f3d\u00f3k, \u00e9s sokan l\u00e1tv\u00e1nyosan megk\u00f6nnyebb\u00fclnek, amikor r\u00e1j\u00f6nnek, hogy Anna nem k\u00e9regetni akar, t\u00f6bbnyire a kimondatlan k\u00e9rd\u00e9sek \u00fclnek az emberek arc\u00e1n. Nem tudj\u00e1k elhelyezni a kisn\u00f6v\u00e9st a fogyat\u00e9koss\u00e1g \u00e9s eg\u00e9szs\u00e9g k\u00f6zti senkif\u00f6ldj\u00e9n, nemigen tudj\u00e1k elk\u00e9pzelni, hogyan oldja meg Anna a h\u00e9tk\u00f6znapi \u00e9let\u00e9t a vezet\u00e9st\u0151l az \u00f6lt\u00f6zk\u00f6d\u00e9sig.<\/p>\n\n\n\n<p>Pedig viszonylag g\u00f6rd\u00fcl\u00e9kenyen. Anna \u00e9letvitele nem mentes a kih\u00edv\u00e1sokt\u00f3l, de \u00e1ltal\u00e1ban l\u00e9tezik sz\u00e1m\u00e1ra hozz\u00e1f\u00e9rhet\u0151 opci\u00f3. \u201eHa meg nem, akkor van sz\u00e1m\u201d \u2013 jelzi mosolyogva, hogy nem gond seg\u00edts\u00e9get k\u00e9rnie. Erre legink\u00e1bb a csomagokkal t\u00f6rt\u00e9n\u0151 felsz\u00e1ll\u00e1shoz \u00e9s a bev\u00e1s\u00e1rl\u00e1shoz van sz\u00fcks\u00e9ge, hiszen a kiszolg\u00e1l\u00f3pultok szinte mindenhol, m\u00e9g a jegyp\u00e9nzt\u00e1rakn\u00e1l is sokszor t\u00fal magasan vannak, \u00e9s a bev\u00e1s\u00e1rl\u00f3kocsit sem \u0151r\u00e1 tervezt\u00e9k. Seg\u00edts\u00e9g n\u00e9lk\u00fcl Anna nem \u00e9ri el a gyors\u00e9ttermi k\u00e9perny\u0151s rendel\u0151fel\u00fcletek, a lesz\u00e1ll\u00e1sjelz\u0151k, kaputelefonok gombjait, a r\u00e9gebbi \u00e9p\u00fcletekben gyakran a villanykapcsol\u00f3t, a modern mosd\u00f3kban a reteszz\u00e1rat. Utaz\u00e1sok sor\u00e1n nem a poggy\u00e1sztart\u00f3ra, hanem az \u00fcl\u00e9s al\u00e1 teszi a csomagj\u00e1t, \u00e9s megesik, hogy a sz\u00e1llod\u00e1ban a t\u00fck\u00f6r f\u00f6l\u00fcl kell le\u00fcgyeskednie valahogy a szappantart\u00f3t, t\u00f6r\u00fclk\u00f6z\u0151t, tusfejet. El\u0151fordul az is, hogy egy fotocell\u00e1s ajt\u00f3 nem \u00e9szleli \u0151t. Sz\u00ednh\u00e1zban Anna mindent j\u00f3l l\u00e1t, hiszen a t\u00f6rzsmagass\u00e1ga az \u00e9p emberek\u00e9hez hasonl\u00f3 ar\u00e1ny\u00fa, de a magas\u00edtott \u00e1gyak, l\u00e9pcs\u0151fokok \u00e9s \u00fcl\u00e9sek megfelel\u0151 kapaszkod\u00f3 n\u00e9lk\u00fcl sz\u00e1m\u00e1ra nem haszn\u00e1lhat\u00f3ak. Az aut\u00f3ja kialak\u00edt\u00e1sa olyan, hogy \u0151 k\u00e9nyelmesen tudja vezetni, de egy \u00e9p ember is b\u00e1rmikor a vol\u00e1nja m\u00f6g\u00e9 \u00fclhet. B\u00fatorait, ruh\u00e1it nem kell egyedileg k\u00e9sz\u00edttetnie, a nadr\u00e1gok sz\u00e1r\u00e1t szokta csak m\u00e9retre igaz\u00edttatni.<\/p>\n\n\n\n<div style=\"height:35px\" aria-hidden=\"true\" class=\"wp-block-spacer\"><\/div>\n\n\n\n<h4 class=\"wp-block-heading\"><strong>A t\u00e9rdepl\u00e9s perspekt\u00edv\u00e1ja<\/strong><\/h4>\n\n\n\n<p>Itt van az \u0151sz, itt van \u00fajra, de Anna ma m\u00e1r nem a g\u00fany vagy a keser\u0171s\u00e9g hangj\u00e1n, hanem a megbecs\u00fcl\u00e9s szavaival k\u00e9pes besz\u00e9lni mag\u00e1r\u00f3l. A t\u00falsz\u00e9p\u00edtett lelki b\u00e9ke m\u00edtosz\u00e1t viszont rombol\u00f3nak tartja: szerinte a b\u00e9kess\u00e9g megtart\u00e1sa \u00e1lland\u00f3 kih\u00edv\u00e1s, \u00e9s az (\u00f6n)elfogad\u00e1s csak akkor hiteles, ha ezt is be tudjuk vallani.<\/p>\n\n\n\n<p>A legut\u00f3bbi id\u0151kben hite elm\u00e9ly\u00fcl\u00e9s\u00e9vel \u00e9rlel\u0151d\u00f6tt meg Ann\u00e1ban h\u00e1rom fontos felismer\u00e9s. Az els\u0151, hogy a Mi\u00e9rt pont \u00e9n? helyett a Mi a dolgom ezzel? k\u00e9rd\u00e9st tette fel. Hiszi, hogy ahogyan a tehets\u00e9gekkel, \u00fagy a hi\u00e1nyoss\u00e1gokkal is mindenkinek feladata van az \u00e9let\u00e9ben. A m\u00e1sodik, hogy az a k\u00e9retlen felt\u0171n\u00e9s, amit a testm\u00e9rete okoz, nem felt\u00e9tlen\u00fcl \u00e1tok. Mivel nagy es\u00e9llyel eml\u00e9kezni fognak r\u00e1 azok, akikkel tal\u00e1lkozik, sokkal ink\u00e1bb tud benyom\u00e1st tenni, mint egy \u00e1tlagos k\u00fclsej\u0171 szem\u00e9ly, ez\u00e9rt ami j\u00f3t adni tud egy tal\u00e1lkoz\u00e1s sor\u00e1n, az hosszabb t\u00e1von megmarad az emberekben. A harmadik pedig, hogy \u0151t olyan \u00e9lm\u00e9nyek \u00e9rik, amelyek \u00e1tlagos m\u00e9ret\u0171 embereket nem, ez\u00e9rt \u2013 fizikai \u00e9s lelki szempontb\u00f3l is \u2013 m\u00e1s perspekt\u00edv\u00e1b\u00f3l l\u00e1tja a vil\u00e1got. Ebb\u0151l is fakad, hogy szoros kapcsolatot tud kialak\u00edtani gyerekekkel, hiszen a vel\u00fck val\u00f3 viszony\u00e1b\u00f3l kimarad a \u201ef\u00f6lfel\u00e9 n\u00e9z\u00e9s\u201d k\u00e9nyszere, ami eleve bizonyos t\u00e1vols\u00e1got \u00e9kel feln\u0151tt \u00e9s gyerek k\u00f6z\u00e9.  \u201eMindenki csak egy n\u00e9z\u0151pontot ismer. Az eny\u00e9mr\u0151l \u00fagy lehet tal\u00e1n benyom\u00e1sokat szerezni, ha az ember t\u00e9rden megy v\u00e9gig mondjuk a lak\u00e1s\u00e1n, ilyen m\u00f3don n\u00e9z ott k\u00f6rbe vagy besz\u00e9lget a csal\u00e1dtagjaival\u201d \u2013 veti fel Anna, aki a t\u00e9rdepl\u00e9s eml\u00edt\u00e9s\u00e9vel akaratlanul is tov\u00e1bb t\u00e1g\u00edtja szavainak jelent\u00e9s\u00e9t. Tal\u00e1n legbel\u00fcl t\u00e9rdet hajtva mindannyian jobban \u00e9rthetj\u00fck egym\u00e1st \u2013 nem csak kisn\u00f6v\u00e9s\u0171 t\u00e1rsainkat.<\/p>\n\n\n\n<p><em>Fot\u00f3k: H\u00e1mori Zs\u00f3fia<\/em><\/p>","protected":false},"excerpt":{"rendered":"<p>Nem is gondoln\u00e1nk, mennyi mindent eltakarhat sz\u00e1zh\u00fasz centi. Hadh\u00e1zy Ann\u00e1nak b\u00e1r az egyik legszembet\u0171n\u0151bb, nem a legfontosabb tulajdons\u00e1ga, hogy kisn\u00f6v\u00e9s\u0171. Hossz\u00fa \u00fat van m\u00f6g\u00f6tte, de ma m\u00e1r el\u00e9g csup\u00e1n a k\u00f6zel\u00e9ben lenni ahhoz, hogy a kicsit t\u00f6bb\u00e9 ne gondoljuk \u00f6ntudatlanul is kev\u00e9snek. Kir\u00e1ly Eszter portr\u00e9ja Hadh\u00e1zy Ann\u00e1r\u00f3l. A kimondatlan nyilv\u00e1nval\u00f3 Saj\u00e1t mag\u00e1val megb\u00e9k\u00e9lni mindenkinek \u201ek\u00f6telez\u0151 [&hellip;]<\/p>","protected":false},"author":1,"featured_media":4471,"comment_status":"closed","ping_status":"closed","sticky":false,"template":"","format":"standard","meta":{"footnotes":""},"categories":[74,10],"tags":[],"class_list":["post-4470","post","type-post","status-publish","format-standard","has-post-thumbnail","hentry","category-szivugyunk","category-blog"],"yoast_head":"<!-- This site is optimized with the Yoast SEO plugin v23.8 - https:\/\/yoast.com\/wordpress\/plugins\/seo\/ -->\n<title>(F)el\u00e9rni \u00f6nmagunkig - Kisn\u00f6v\u00e9s\u0171k\u00e9nt az \u00e9let - Access4you H\u00edrek<\/title>\n<meta name=\"description\" content=\"Nem is gondoln\u00e1nk, mennyi mindent eltakarhat sz\u00e1zh\u00fasz centi. Hadh\u00e1zy Ann\u00e1nak b\u00e1r az egyik legszembet\u0171n\u0151bb, nem a legfontosabb tulajdons\u00e1ga, hogy kisn\u00f6v\u00e9s\u0171.\" \/>\n<meta name=\"robots\" content=\"index, follow, max-snippet:-1, max-image-preview:large, max-video-preview:-1\" \/>\n<link rel=\"canonical\" href=\"https:\/\/news.access4you.io\/en\/2021\/11\/10\/felerni-onmagunkig-kisnovesukent-az-elet\/\" \/>\n<meta property=\"og:locale\" content=\"en_US\" \/>\n<meta property=\"og:type\" content=\"article\" \/>\n<meta property=\"og:title\" content=\"(F)el\u00e9rni \u00f6nmagunkig - Kisn\u00f6v\u00e9s\u0171k\u00e9nt az \u00e9let - Access4you H\u00edrek\" \/>\n<meta property=\"og:description\" content=\"Nem is gondoln\u00e1nk, mennyi mindent eltakarhat sz\u00e1zh\u00fasz centi. Hadh\u00e1zy Ann\u00e1nak b\u00e1r az egyik legszembet\u0171n\u0151bb, nem a legfontosabb tulajdons\u00e1ga, hogy kisn\u00f6v\u00e9s\u0171.\" \/>\n<meta property=\"og:url\" content=\"https:\/\/news.access4you.io\/en\/2021\/11\/10\/felerni-onmagunkig-kisnovesukent-az-elet\/\" \/>\n<meta property=\"og:site_name\" content=\"Access4you H\u00edrek\" \/>\n<meta property=\"article:published_time\" content=\"2021-11-10T09:08:54+00:00\" \/>\n<meta property=\"article:modified_time\" content=\"2021-11-10T10:05:56+00:00\" \/>\n<meta property=\"og:image\" content=\"https:\/\/news.access4you.io\/wp-content\/uploads\/2021\/11\/Untitled-design-28.png\" \/>\n\t<meta property=\"og:image:width\" content=\"1000\" \/>\n\t<meta property=\"og:image:height\" content=\"667\" \/>\n\t<meta property=\"og:image:type\" content=\"image\/png\" \/>\n<meta name=\"author\" content=\"access4you\" \/>\n<meta name=\"twitter:card\" content=\"summary_large_image\" \/>\n<meta name=\"twitter:label1\" content=\"Written by\" \/>\n\t<meta name=\"twitter:data1\" content=\"access4you\" \/>\n\t<meta name=\"twitter:label2\" content=\"Est. reading time\" \/>\n\t<meta name=\"twitter:data2\" content=\"8 minutes\" \/>\n<script type=\"application\/ld+json\" class=\"yoast-schema-graph\">{\"@context\":\"https:\/\/schema.org\",\"@graph\":[{\"@type\":\"Article\",\"@id\":\"https:\/\/news.access4you.io\/2021\/11\/10\/felerni-onmagunkig-kisnovesukent-az-elet\/#article\",\"isPartOf\":{\"@id\":\"https:\/\/news.access4you.io\/2021\/11\/10\/felerni-onmagunkig-kisnovesukent-az-elet\/\"},\"author\":{\"name\":\"access4you\",\"@id\":\"https:\/\/news.access4you.io\/#\/schema\/person\/cb4fff088aa5f5f43a6f4ce3a1e2e084\"},\"headline\":\"(F)el\u00e9rni \u00f6nmagunkig &#8211; Kisn\u00f6v\u00e9s\u0171k\u00e9nt az \u00e9let\",\"datePublished\":\"2021-11-10T09:08:54+00:00\",\"dateModified\":\"2021-11-10T10:05:56+00:00\",\"mainEntityOfPage\":{\"@id\":\"https:\/\/news.access4you.io\/2021\/11\/10\/felerni-onmagunkig-kisnovesukent-az-elet\/\"},\"wordCount\":1671,\"publisher\":{\"@id\":\"https:\/\/news.access4you.io\/#organization\"},\"image\":{\"@id\":\"https:\/\/news.access4you.io\/2021\/11\/10\/felerni-onmagunkig-kisnovesukent-az-elet\/#primaryimage\"},\"thumbnailUrl\":\"https:\/\/news.access4you.io\/wp-content\/uploads\/2021\/11\/Untitled-design-28.png\",\"articleSection\":[\"Sz\u00edv\u00fcgy\u00fcnk\",\"Blog\"],\"inLanguage\":\"en-US\"},{\"@type\":\"WebPage\",\"@id\":\"https:\/\/news.access4you.io\/2021\/11\/10\/felerni-onmagunkig-kisnovesukent-az-elet\/\",\"url\":\"https:\/\/news.access4you.io\/2021\/11\/10\/felerni-onmagunkig-kisnovesukent-az-elet\/\",\"name\":\"(F)el\u00e9rni \u00f6nmagunkig - Kisn\u00f6v\u00e9s\u0171k\u00e9nt az \u00e9let - Access4you H\u00edrek\",\"isPartOf\":{\"@id\":\"https:\/\/news.access4you.io\/#website\"},\"primaryImageOfPage\":{\"@id\":\"https:\/\/news.access4you.io\/2021\/11\/10\/felerni-onmagunkig-kisnovesukent-az-elet\/#primaryimage\"},\"image\":{\"@id\":\"https:\/\/news.access4you.io\/2021\/11\/10\/felerni-onmagunkig-kisnovesukent-az-elet\/#primaryimage\"},\"thumbnailUrl\":\"https:\/\/news.access4you.io\/wp-content\/uploads\/2021\/11\/Untitled-design-28.png\",\"datePublished\":\"2021-11-10T09:08:54+00:00\",\"dateModified\":\"2021-11-10T10:05:56+00:00\",\"description\":\"Nem is gondoln\u00e1nk, mennyi mindent eltakarhat sz\u00e1zh\u00fasz centi. Hadh\u00e1zy Ann\u00e1nak b\u00e1r az egyik legszembet\u0171n\u0151bb, nem a legfontosabb tulajdons\u00e1ga, hogy kisn\u00f6v\u00e9s\u0171.\",\"breadcrumb\":{\"@id\":\"https:\/\/news.access4you.io\/2021\/11\/10\/felerni-onmagunkig-kisnovesukent-az-elet\/#breadcrumb\"},\"inLanguage\":\"en-US\",\"potentialAction\":[{\"@type\":\"ReadAction\",\"target\":[\"https:\/\/news.access4you.io\/2021\/11\/10\/felerni-onmagunkig-kisnovesukent-az-elet\/\"]}]},{\"@type\":\"ImageObject\",\"inLanguage\":\"en-US\",\"@id\":\"https:\/\/news.access4you.io\/2021\/11\/10\/felerni-onmagunkig-kisnovesukent-az-elet\/#primaryimage\",\"url\":\"https:\/\/news.access4you.io\/wp-content\/uploads\/2021\/11\/Untitled-design-28.png\",\"contentUrl\":\"https:\/\/news.access4you.io\/wp-content\/uploads\/2021\/11\/Untitled-design-28.png\",\"width\":1000,\"height\":667},{\"@type\":\"BreadcrumbList\",\"@id\":\"https:\/\/news.access4you.io\/2021\/11\/10\/felerni-onmagunkig-kisnovesukent-az-elet\/#breadcrumb\",\"itemListElement\":[{\"@type\":\"ListItem\",\"position\":1,\"name\":\"Kezd\u0151lap\",\"item\":\"https:\/\/news.access4you.io\/\"},{\"@type\":\"ListItem\",\"position\":2,\"name\":\"(F)el\u00e9rni \u00f6nmagunkig &#8211; Kisn\u00f6v\u00e9s\u0171k\u00e9nt az \u00e9let\"}]},{\"@type\":\"WebSite\",\"@id\":\"https:\/\/news.access4you.io\/#website\",\"url\":\"https:\/\/news.access4you.io\/\",\"name\":\"Access4you H\u00edrek\",\"description\":\"\",\"publisher\":{\"@id\":\"https:\/\/news.access4you.io\/#organization\"},\"potentialAction\":[{\"@type\":\"SearchAction\",\"target\":{\"@type\":\"EntryPoint\",\"urlTemplate\":\"https:\/\/news.access4you.io\/?s={search_term_string}\"},\"query-input\":{\"@type\":\"PropertyValueSpecification\",\"valueRequired\":true,\"valueName\":\"search_term_string\"}}],\"inLanguage\":\"en-US\"},{\"@type\":\"Organization\",\"@id\":\"https:\/\/news.access4you.io\/#organization\",\"name\":\"Access4you H\u00edrek\",\"url\":\"https:\/\/news.access4you.io\/\",\"logo\":{\"@type\":\"ImageObject\",\"inLanguage\":\"en-US\",\"@id\":\"https:\/\/news.access4you.io\/#\/schema\/logo\/image\/\",\"url\":\"https:\/\/news.access4you.io\/wp-content\/uploads\/2021\/01\/a4u-logo-black.png\",\"contentUrl\":\"https:\/\/news.access4you.io\/wp-content\/uploads\/2021\/01\/a4u-logo-black.png\",\"width\":726,\"height\":454,\"caption\":\"Access4you H\u00edrek\"},\"image\":{\"@id\":\"https:\/\/news.access4you.io\/#\/schema\/logo\/image\/\"}},{\"@type\":\"Person\",\"@id\":\"https:\/\/news.access4you.io\/#\/schema\/person\/cb4fff088aa5f5f43a6f4ce3a1e2e084\",\"name\":\"access4you\",\"image\":{\"@type\":\"ImageObject\",\"inLanguage\":\"en-US\",\"@id\":\"https:\/\/news.access4you.io\/#\/schema\/person\/image\/\",\"url\":\"https:\/\/secure.gravatar.com\/avatar\/9795a8b3afc7ed258d167a92dbb1075b37bab5bc83b1ac9182ff4f58c22040b8?s=96&d=mm&r=g\",\"contentUrl\":\"https:\/\/secure.gravatar.com\/avatar\/9795a8b3afc7ed258d167a92dbb1075b37bab5bc83b1ac9182ff4f58c22040b8?s=96&d=mm&r=g\",\"caption\":\"access4you\"},\"sameAs\":[\"http:\/\/localhost\/access4you\"],\"url\":\"https:\/\/news.access4you.io\/en\/author\/access4you\/\"}]}<\/script>\n<!-- \/ Yoast SEO plugin. -->","yoast_head_json":{"title":"(F)el\u00e9rni \u00f6nmagunkig - Kisn\u00f6v\u00e9s\u0171k\u00e9nt az \u00e9let - Access4you H\u00edrek","description":"Nem is gondoln\u00e1nk, mennyi mindent eltakarhat sz\u00e1zh\u00fasz centi. Hadh\u00e1zy Ann\u00e1nak b\u00e1r az egyik legszembet\u0171n\u0151bb, nem a legfontosabb tulajdons\u00e1ga, hogy kisn\u00f6v\u00e9s\u0171.","robots":{"index":"index","follow":"follow","max-snippet":"max-snippet:-1","max-image-preview":"max-image-preview:large","max-video-preview":"max-video-preview:-1"},"canonical":"https:\/\/news.access4you.io\/en\/2021\/11\/10\/felerni-onmagunkig-kisnovesukent-az-elet\/","og_locale":"en_US","og_type":"article","og_title":"(F)el\u00e9rni \u00f6nmagunkig - Kisn\u00f6v\u00e9s\u0171k\u00e9nt az \u00e9let - Access4you H\u00edrek","og_description":"Nem is gondoln\u00e1nk, mennyi mindent eltakarhat sz\u00e1zh\u00fasz centi. Hadh\u00e1zy Ann\u00e1nak b\u00e1r az egyik legszembet\u0171n\u0151bb, nem a legfontosabb tulajdons\u00e1ga, hogy kisn\u00f6v\u00e9s\u0171.","og_url":"https:\/\/news.access4you.io\/en\/2021\/11\/10\/felerni-onmagunkig-kisnovesukent-az-elet\/","og_site_name":"Access4you H\u00edrek","article_published_time":"2021-11-10T09:08:54+00:00","article_modified_time":"2021-11-10T10:05:56+00:00","og_image":[{"width":1000,"height":667,"url":"https:\/\/news.access4you.io\/wp-content\/uploads\/2021\/11\/Untitled-design-28.png","type":"image\/png"}],"author":"access4you","twitter_card":"summary_large_image","twitter_misc":{"Written by":"access4you","Est. reading time":"8 minutes"},"schema":{"@context":"https:\/\/schema.org","@graph":[{"@type":"Article","@id":"https:\/\/news.access4you.io\/2021\/11\/10\/felerni-onmagunkig-kisnovesukent-az-elet\/#article","isPartOf":{"@id":"https:\/\/news.access4you.io\/2021\/11\/10\/felerni-onmagunkig-kisnovesukent-az-elet\/"},"author":{"name":"access4you","@id":"https:\/\/news.access4you.io\/#\/schema\/person\/cb4fff088aa5f5f43a6f4ce3a1e2e084"},"headline":"(F)el\u00e9rni \u00f6nmagunkig &#8211; Kisn\u00f6v\u00e9s\u0171k\u00e9nt az \u00e9let","datePublished":"2021-11-10T09:08:54+00:00","dateModified":"2021-11-10T10:05:56+00:00","mainEntityOfPage":{"@id":"https:\/\/news.access4you.io\/2021\/11\/10\/felerni-onmagunkig-kisnovesukent-az-elet\/"},"wordCount":1671,"publisher":{"@id":"https:\/\/news.access4you.io\/#organization"},"image":{"@id":"https:\/\/news.access4you.io\/2021\/11\/10\/felerni-onmagunkig-kisnovesukent-az-elet\/#primaryimage"},"thumbnailUrl":"https:\/\/news.access4you.io\/wp-content\/uploads\/2021\/11\/Untitled-design-28.png","articleSection":["Sz\u00edv\u00fcgy\u00fcnk","Blog"],"inLanguage":"en-US"},{"@type":"WebPage","@id":"https:\/\/news.access4you.io\/2021\/11\/10\/felerni-onmagunkig-kisnovesukent-az-elet\/","url":"https:\/\/news.access4you.io\/2021\/11\/10\/felerni-onmagunkig-kisnovesukent-az-elet\/","name":"(F)el\u00e9rni \u00f6nmagunkig - Kisn\u00f6v\u00e9s\u0171k\u00e9nt az \u00e9let - Access4you H\u00edrek","isPartOf":{"@id":"https:\/\/news.access4you.io\/#website"},"primaryImageOfPage":{"@id":"https:\/\/news.access4you.io\/2021\/11\/10\/felerni-onmagunkig-kisnovesukent-az-elet\/#primaryimage"},"image":{"@id":"https:\/\/news.access4you.io\/2021\/11\/10\/felerni-onmagunkig-kisnovesukent-az-elet\/#primaryimage"},"thumbnailUrl":"https:\/\/news.access4you.io\/wp-content\/uploads\/2021\/11\/Untitled-design-28.png","datePublished":"2021-11-10T09:08:54+00:00","dateModified":"2021-11-10T10:05:56+00:00","description":"Nem is gondoln\u00e1nk, mennyi mindent eltakarhat sz\u00e1zh\u00fasz centi. Hadh\u00e1zy Ann\u00e1nak b\u00e1r az egyik legszembet\u0171n\u0151bb, nem a legfontosabb tulajdons\u00e1ga, hogy kisn\u00f6v\u00e9s\u0171.","breadcrumb":{"@id":"https:\/\/news.access4you.io\/2021\/11\/10\/felerni-onmagunkig-kisnovesukent-az-elet\/#breadcrumb"},"inLanguage":"en-US","potentialAction":[{"@type":"ReadAction","target":["https:\/\/news.access4you.io\/2021\/11\/10\/felerni-onmagunkig-kisnovesukent-az-elet\/"]}]},{"@type":"ImageObject","inLanguage":"en-US","@id":"https:\/\/news.access4you.io\/2021\/11\/10\/felerni-onmagunkig-kisnovesukent-az-elet\/#primaryimage","url":"https:\/\/news.access4you.io\/wp-content\/uploads\/2021\/11\/Untitled-design-28.png","contentUrl":"https:\/\/news.access4you.io\/wp-content\/uploads\/2021\/11\/Untitled-design-28.png","width":1000,"height":667},{"@type":"BreadcrumbList","@id":"https:\/\/news.access4you.io\/2021\/11\/10\/felerni-onmagunkig-kisnovesukent-az-elet\/#breadcrumb","itemListElement":[{"@type":"ListItem","position":1,"name":"Kezd\u0151lap","item":"https:\/\/news.access4you.io\/"},{"@type":"ListItem","position":2,"name":"(F)el\u00e9rni \u00f6nmagunkig &#8211; Kisn\u00f6v\u00e9s\u0171k\u00e9nt az \u00e9let"}]},{"@type":"WebSite","@id":"https:\/\/news.access4you.io\/#website","url":"https:\/\/news.access4you.io\/","name":"Access4you H\u00edrek","description":"","publisher":{"@id":"https:\/\/news.access4you.io\/#organization"},"potentialAction":[{"@type":"SearchAction","target":{"@type":"EntryPoint","urlTemplate":"https:\/\/news.access4you.io\/?s={search_term_string}"},"query-input":{"@type":"PropertyValueSpecification","valueRequired":true,"valueName":"search_term_string"}}],"inLanguage":"en-US"},{"@type":"Organization","@id":"https:\/\/news.access4you.io\/#organization","name":"Access4you H\u00edrek","url":"https:\/\/news.access4you.io\/","logo":{"@type":"ImageObject","inLanguage":"en-US","@id":"https:\/\/news.access4you.io\/#\/schema\/logo\/image\/","url":"https:\/\/news.access4you.io\/wp-content\/uploads\/2021\/01\/a4u-logo-black.png","contentUrl":"https:\/\/news.access4you.io\/wp-content\/uploads\/2021\/01\/a4u-logo-black.png","width":726,"height":454,"caption":"Access4you H\u00edrek"},"image":{"@id":"https:\/\/news.access4you.io\/#\/schema\/logo\/image\/"}},{"@type":"Person","@id":"https:\/\/news.access4you.io\/#\/schema\/person\/cb4fff088aa5f5f43a6f4ce3a1e2e084","name":"access4you","image":{"@type":"ImageObject","inLanguage":"en-US","@id":"https:\/\/news.access4you.io\/#\/schema\/person\/image\/","url":"https:\/\/secure.gravatar.com\/avatar\/9795a8b3afc7ed258d167a92dbb1075b37bab5bc83b1ac9182ff4f58c22040b8?s=96&d=mm&r=g","contentUrl":"https:\/\/secure.gravatar.com\/avatar\/9795a8b3afc7ed258d167a92dbb1075b37bab5bc83b1ac9182ff4f58c22040b8?s=96&d=mm&r=g","caption":"access4you"},"sameAs":["http:\/\/localhost\/access4you"],"url":"https:\/\/news.access4you.io\/en\/author\/access4you\/"}]}},"_links":{"self":[{"href":"https:\/\/news.access4you.io\/en\/wp-json\/wp\/v2\/posts\/4470","targetHints":{"allow":["GET"]}}],"collection":[{"href":"https:\/\/news.access4you.io\/en\/wp-json\/wp\/v2\/posts"}],"about":[{"href":"https:\/\/news.access4you.io\/en\/wp-json\/wp\/v2\/types\/post"}],"author":[{"embeddable":true,"href":"https:\/\/news.access4you.io\/en\/wp-json\/wp\/v2\/users\/1"}],"replies":[{"embeddable":true,"href":"https:\/\/news.access4you.io\/en\/wp-json\/wp\/v2\/comments?post=4470"}],"version-history":[{"count":0,"href":"https:\/\/news.access4you.io\/en\/wp-json\/wp\/v2\/posts\/4470\/revisions"}],"wp:featuredmedia":[{"embeddable":true,"href":"https:\/\/news.access4you.io\/en\/wp-json\/wp\/v2\/media\/4471"}],"wp:attachment":[{"href":"https:\/\/news.access4you.io\/en\/wp-json\/wp\/v2\/media?parent=4470"}],"wp:term":[{"taxonomy":"category","embeddable":true,"href":"https:\/\/news.access4you.io\/en\/wp-json\/wp\/v2\/categories?post=4470"},{"taxonomy":"post_tag","embeddable":true,"href":"https:\/\/news.access4you.io\/en\/wp-json\/wp\/v2\/tags?post=4470"}],"curies":[{"name":"wp","href":"https:\/\/api.w.org\/{rel}","templated":true}]}}