{"id":4482,"date":"2021-12-02T11:58:38","date_gmt":"2021-12-02T11:58:38","guid":{"rendered":"http:\/\/news.access4you.io\/?p=4482"},"modified":"2021-12-02T13:08:08","modified_gmt":"2021-12-02T13:08:08","slug":"a-park-ami-tenyleg-mindenkie","status":"publish","type":"post","link":"https:\/\/news.access4you.io\/en\/2021\/12\/02\/a-park-ami-tenyleg-mindenkie\/","title":{"rendered":"V\u00e1rosliget, akad\u00e1lymentesen: a park, ami t\u00e9nyleg mindenki\u00e9"},"content":{"rendered":"<p><strong><strong>Hogyan v\u00e1lik Budapest legr\u00e9gebbi parkja korszer\u0171v\u00e9, fenntarthat\u00f3an tartalmass\u00e1 \u00e9s a speci\u00e1lis ig\u00e9ny\u0171 emberek sz\u00e1m\u00e1ra is k\u00e9nyelmesen hozz\u00e1f\u00e9rhet\u0151v\u00e9? A Liget Projektet megval\u00f3s\u00edt\u00f3 V\u00e1rosliget Zrt. m\u0171k\u00f6d\u00e9si vez\u00e9rigazgat\u00f3-helyettes\u00e9vel, Jelinek Bal\u00e1zzsal besz\u00e9lgett\u00fcnk.&nbsp;<\/strong><\/strong><\/p>\n\n\n\n<p><strong>Kir\u00e1ly Eszter (KE): A V\u00e1rosliget igen komplex helysz\u00edn, azon bel\u00fcl t\u00f6bbf\u00e9le parkr\u00e9szt, t\u00f6bb k\u00fcl\u00f6nb\u00f6z\u0151 c\u00e9lt szolg\u00e1l\u00f3 l\u00e9tes\u00edtm\u00e9nyt is akad\u00e1lymentess\u00e9 terveztetek. Melyek voltak a k\u00f6z\u00f6s alapelvek?<\/strong><\/p>\n\n\n\n<p>Jelinek Bal\u00e1zs (JB): A Liget meg\u00faj\u00edt\u00e1sa kapcs\u00e1n 2014-ben indult el a tervez\u00e9si folyamat. Kifejezett sz\u00e1nd\u00e9kunk volt, hogy megszerezz\u00fck a BREEAM Communities <em>(Building Research Establishment&#8217;s Environmental Assessment Methodology; nemzetk\u00f6zi z\u00f6ld \u00e9rt\u00e9kel\u00e9si rendszer, fenntarthat\u00f3 \u00e9p\u00fclet- \u00e9s k\u00f6rnyezeti tan\u00fas\u00edtv\u00e1ny \u2013 a szerk.)<\/em> good vagy very good min\u0151s\u00edt\u00e9s\u00e9t. Magyarorsz\u00e1gr\u00f3l mi voltunk az els\u0151k, akik aspir\u00e1ltak erre. Ehhez elk\u00e9sz\u00edtett\u00fcnk egy \u00e1tfog\u00f3 akad\u00e1lymentess\u00e9gi koncepci\u00f3t, egy inkluz\u00edv design strat\u00e9gi\u00e1t. Ez volt az a pont, ahol a jogszab\u00e1lyi k\u00f6telezetts\u00e9geinken t\u00fal is elkezdt\u00fck vizsg\u00e1lni azt, hogy hogyan tudn\u00e1nk t\u00e9nyleg mindenki sz\u00e1m\u00e1ra hozz\u00e1f\u00e9rhet\u0151v\u00e9 tenni a V\u00e1rosligetet. A strat\u00e9gia elk\u00e9sz\u00edt\u00e9s\u00e9hez nem csak egy, hanem tizenh\u00e1rom, a k\u00fcl\u00f6nb\u00f6z\u0151 fogyat\u00e9koss\u00e1gokkal \u00e9l\u0151 embereket k\u00e9pvisel\u0151 szervezettel kezdt\u00fcnk egy\u00fcttm\u0171k\u00f6dni. Az \u0151 visszajelz\u00e9seik, szakmai \u00e9szrev\u00e9teleik alapj\u00e1n \u00e1ll\u00edtottuk \u00f6ssze az inkluz\u00edv design strat\u00e9gi\u00e1t, aminek a megval\u00f3sul\u00e1s\u00e1t ellen\u0151rizt\u00fck-ellen\u0151rizz\u00fck a tervez\u00e9si \u00e9s a megval\u00f3s\u00edt\u00e1si szakaszban is. A m\u00e1r elk\u00e9sz\u00fclt ter\u00fcletek, l\u00e9tes\u00edtm\u00e9nyek k\u00fcls\u0151 szemmel t\u00f6rt\u00e9n\u0151 \u00e9rt\u00e9kel\u00e9s\u00e9t az Access4you v\u00e9gezte el, audit\u00e1lva, \u00e9rt\u00e9kelve \u00e9s adatb\u00e1zisba foglalva a beruh\u00e1z\u00e1sunkat.<\/p>\n\n\n\n<p><strong>KE: Mi\u00e9rt \u00e9ri meg inkluz\u00edvnak lenni? Mi\u00e9rt \u201ebiznisz\u201d az akad\u00e1lymentess\u00e9g?<\/strong><\/p>\n\n\n\n<p>JB: Mi az akad\u00e1lymentess\u00e9gre nem \u201ebizniszk\u00e9nt\u201d tekint\u00fcnk. Term\u00e9szetesen lehet \u00e9s kell is besz\u00e9lni az eg\u00e9sz beruh\u00e1z\u00e1s nemzetgazdas\u00e1gi szint\u0171 megt\u00e9r\u00fcl\u00e9s\u00e9r\u0151l, az akad\u00e1lymentess\u00e9gnek pedig t\u00e9nyleg van egyfajta prom\u00f3ci\u00f3s \u00e9rt\u00e9ke, \u201ej\u00f3ki\u00e1ll\u00e1sa\u201d, de egy k\u00f6zpark fejleszt\u00e9s\u00e9n\u00e9l nem az \u00fczleti \u00e9rdek az els\u0151dleges szempont. <\/p>\n\n\n\n<blockquote class=\"wp-block-quote is-style-large is-layout-flow wp-block-quote-is-layout-flow\"><p><strong><span class=\"has-inline-color has-vivid-cyan-blue-color\">Nem azt keress\u00fck, hogy ez mi\u00e9rt \u00e9ri meg, hanem hogy hogyan tudunk minden, a k\u00f6zp\u00e9nzb\u0151l fejlesztett k\u00f6zter\u00fcletet ingyenesen ig\u00e9nybe vev\u0151 l\u00e1togat\u00f3t azonos m\u00f3don \u00e9s sz\u00ednvonalon kiszolg\u00e1lni, hogyan tudunk a lehet\u0151 legt\u00f6bb embernek a lehet\u0151 legt\u00f6bbet ny\u00fajtani. <\/span><\/strong><\/p><\/blockquote>\n\n\n\n<p>Ha csak a fel\u00faj\u00edtott r\u00e9szek l\u00e1togatotts\u00e1g\u00e1t n\u00e9zz\u00fck, azonnal l\u00e1tszik a megt\u00e9r\u00fcl\u00e9s: a nagyj\u00e1tsz\u00f3t\u00e9r p\u00e9ld\u00e1ul, ahol sz\u00e1mos integr\u00e1lt j\u00e1tsz\u00f3eszk\u00f6z is tal\u00e1lhat\u00f3, az elm\u00falt egy \u00e9vben egymilli\u00f3 l\u00e1togat\u00f3t vonzott, ami az \u00c1llatkert l\u00e1togatotts\u00e1g\u00e1val egyezik meg.<\/p>\n\n\n\n<figure class=\"wp-block-image size-large\"><img loading=\"lazy\" decoding=\"async\" width=\"1024\" height=\"684\" src=\"https:\/\/news.access4you.io\/wp-content\/uploads\/2021\/12\/DSC_3304r-1024x684.jpg\" alt=\"\" class=\"wp-image-4484\" srcset=\"https:\/\/news.access4you.io\/wp-content\/uploads\/2021\/12\/DSC_3304r-1024x684.jpg 1024w, https:\/\/news.access4you.io\/wp-content\/uploads\/2021\/12\/DSC_3304r-300x200.jpg 300w, https:\/\/news.access4you.io\/wp-content\/uploads\/2021\/12\/DSC_3304r-768x513.jpg 768w, https:\/\/news.access4you.io\/wp-content\/uploads\/2021\/12\/DSC_3304r-1536x1025.jpg 1536w, https:\/\/news.access4you.io\/wp-content\/uploads\/2021\/12\/DSC_3304r.jpg 2000w\" sizes=\"auto, (max-width: 1024px) 100vw, 1024px\" \/><figcaption>A v\u00e1rosligeti Nagyj\u00e1tsz\u00f3t\u00e9r (Fot\u00f3: H\u00e1mori Zs\u00f3fia)<\/figcaption><\/figure>\n\n\n\n<p><strong>KE: Ha mondjuk egy integr\u00e1lt, teh\u00e1t \u00e9p \u00e9s fogyat\u00e9koss\u00e1ggal \u00e9l\u0151 gyerekeket egyar\u00e1nt mag\u00e1ban foglal\u00f3 csoport oszt\u00e1lykir\u00e1ndul\u00e1sra \u00e9rkezne a Ligetbe, milyen helysz\u00edneken t\u00f6lthetn\u00e9k az id\u0151t?<\/strong><\/p>\n\n\n\n<p>JB: Arra b\u00e1tor\u00edtan\u00e9k mindenkit, hogy a V\u00e1rosliget b\u00e1rmely fejleszt\u00e9s\u00e9t, fel\u00faj\u00edtott r\u00e9sz\u00e9t l\u00e1togassa meg bizalommal, ugyanis az eg\u00e9sz beruh\u00e1z\u00e1s az eml\u00edtett inkluz\u00edv design strat\u00e9gia ment\u00e9n k\u00e9sz\u00fcl, teh\u00e1t alkalmas arra, hogy fiatal, id\u0151s, \u00e9p vagy speci\u00e1lis ig\u00e9ny\u0171 ember egyar\u00e1nt hozz\u00e1f\u00e9rjen az \u00e9lm\u00e9nyekhez. &nbsp;<strong>Ugyanakkor vannak olyan ter\u00fcleteink, amelyeket m\u00e1r harmadik f\u00e9lk\u00e9nt az <a href=\"http:\/\/www.access4you.io\" target=\"_blank\" rel=\"noreferrer noopener\">Access4you <\/a>is hiteles\u00edtett: ilyenek az <a href=\"https:\/\/access4you.io\/places?search=illemhely\" target=\"_blank\" rel=\"noreferrer noopener\">illemhelyeink<\/a>, a <a href=\"https:\/\/access4you.io\/places\/1483453\/details\" target=\"_blank\" rel=\"noreferrer noopener\">Hermina \u00fati kuty\u00e1s \u00e9lm\u00e9nypark<\/a>, az <a href=\"https:\/\/access4you.io\/places\/1483458\/details\" target=\"_blank\" rel=\"noreferrer noopener\">ifj\u00fas\u00e1gi sportp\u00e1ly\u00e1k<\/a>, a <a href=\"https:\/\/access4you.io\/places\/1483488\/details\" target=\"_blank\" rel=\"noreferrer noopener\">L\u00e9ghaj\u00f3kert<\/a>, a <a href=\"https:\/\/access4you.io\/places\/1483463\/details\" target=\"_blank\" rel=\"noreferrer noopener\">Millennium h\u00e1za el\u0151tti r\u00f3zsakert<\/a>, a <a href=\"https:\/\/access4you.io\/places\/1336151\/details\" target=\"_blank\" rel=\"noreferrer noopener\">Nagyj\u00e1tsz\u00f3t\u00e9r <\/a>\u00e9s term\u00e9szetesen a <a href=\"https:\/\/access4you.io\/places\/1389947\/details\" target=\"_blank\" rel=\"noreferrer noopener\">Vakok Kertje<\/a>. <\/strong>Ez ut\u00f3bbit a Magyar Vakok \u00e9s Gyeng\u00e9nl\u00e1t\u00f3k Orsz\u00e1gos Sz\u00f6vets\u00e9g\u00e9vel k\u00f6z\u00f6sen m\u0171k\u00f6dtetj\u00fck. Mi vagyunk a vagyonkezel\u0151, de a szakmai programfeladatai a sz\u00f6vets\u00e9ghez tartoznak, \u0151k koordin\u00e1lj\u00e1k, hogy ki milyen \u00fctemben, hogyan f\u00e9rhet hozz\u00e1 ehhez a kerthez.<\/p>\n\n\n\n<figure class=\"wp-block-gallery columns-3 is-cropped wp-block-gallery-1 is-layout-flex wp-block-gallery-is-layout-flex\"><ul class=\"blocks-gallery-grid\"><li class=\"blocks-gallery-item\"><figure><a href=\"https:\/\/news.access4you.io\/wp-content\/uploads\/2021\/12\/DSC_3274r.jpg\"><img loading=\"lazy\" decoding=\"async\" width=\"1024\" height=\"684\" src=\"https:\/\/news.access4you.io\/wp-content\/uploads\/2021\/12\/DSC_3274r-1024x684.jpg\" alt=\"\" data-id=\"4485\" data-full-url=\"https:\/\/news.access4you.io\/wp-content\/uploads\/2021\/12\/DSC_3274r.jpg\" data-link=\"https:\/\/news.access4you.io\/?attachment_id=4485\" class=\"wp-image-4485\" srcset=\"https:\/\/news.access4you.io\/wp-content\/uploads\/2021\/12\/DSC_3274r-1024x684.jpg 1024w, https:\/\/news.access4you.io\/wp-content\/uploads\/2021\/12\/DSC_3274r-300x200.jpg 300w, https:\/\/news.access4you.io\/wp-content\/uploads\/2021\/12\/DSC_3274r-768x513.jpg 768w, https:\/\/news.access4you.io\/wp-content\/uploads\/2021\/12\/DSC_3274r-1536x1025.jpg 1536w, https:\/\/news.access4you.io\/wp-content\/uploads\/2021\/12\/DSC_3274r.jpg 2000w\" sizes=\"auto, (max-width: 1024px) 100vw, 1024px\" \/><\/a><\/figure><\/li><li class=\"blocks-gallery-item\"><figure><a href=\"https:\/\/news.access4you.io\/wp-content\/uploads\/2021\/12\/DSC_3277r.jpg\"><img loading=\"lazy\" decoding=\"async\" width=\"1024\" height=\"684\" src=\"https:\/\/news.access4you.io\/wp-content\/uploads\/2021\/12\/DSC_3277r-1024x684.jpg\" alt=\"\" data-id=\"4486\" data-full-url=\"https:\/\/news.access4you.io\/wp-content\/uploads\/2021\/12\/DSC_3277r.jpg\" data-link=\"https:\/\/news.access4you.io\/?attachment_id=4486\" class=\"wp-image-4486\" srcset=\"https:\/\/news.access4you.io\/wp-content\/uploads\/2021\/12\/DSC_3277r-1024x684.jpg 1024w, https:\/\/news.access4you.io\/wp-content\/uploads\/2021\/12\/DSC_3277r-300x200.jpg 300w, https:\/\/news.access4you.io\/wp-content\/uploads\/2021\/12\/DSC_3277r-768x513.jpg 768w, https:\/\/news.access4you.io\/wp-content\/uploads\/2021\/12\/DSC_3277r-1536x1025.jpg 1536w, https:\/\/news.access4you.io\/wp-content\/uploads\/2021\/12\/DSC_3277r.jpg 2000w\" sizes=\"auto, (max-width: 1024px) 100vw, 1024px\" \/><\/a><\/figure><\/li><li class=\"blocks-gallery-item\"><figure><a href=\"https:\/\/news.access4you.io\/wp-content\/uploads\/2021\/12\/DSC_3279r-scaled.jpg\"><img loading=\"lazy\" decoding=\"async\" width=\"684\" height=\"1024\" src=\"https:\/\/news.access4you.io\/wp-content\/uploads\/2021\/12\/DSC_3279r-684x1024.jpg\" alt=\"\" data-id=\"4487\" data-full-url=\"https:\/\/news.access4you.io\/wp-content\/uploads\/2021\/12\/DSC_3279r-scaled.jpg\" data-link=\"https:\/\/news.access4you.io\/?attachment_id=4487\" class=\"wp-image-4487\" srcset=\"https:\/\/news.access4you.io\/wp-content\/uploads\/2021\/12\/DSC_3279r-684x1024.jpg 684w, https:\/\/news.access4you.io\/wp-content\/uploads\/2021\/12\/DSC_3279r-200x300.jpg 200w, https:\/\/news.access4you.io\/wp-content\/uploads\/2021\/12\/DSC_3279r-768x1150.jpg 768w, https:\/\/news.access4you.io\/wp-content\/uploads\/2021\/12\/DSC_3279r-1025x1536.jpg 1025w, https:\/\/news.access4you.io\/wp-content\/uploads\/2021\/12\/DSC_3279r-1367x2048.jpg 1367w, https:\/\/news.access4you.io\/wp-content\/uploads\/2021\/12\/DSC_3279r-scaled.jpg 1709w\" sizes=\"auto, (max-width: 684px) 100vw, 684px\" \/><\/a><\/figure><\/li><li class=\"blocks-gallery-item\"><figure><a href=\"https:\/\/news.access4you.io\/wp-content\/uploads\/2021\/12\/DSC_3285r-scaled.jpg\"><img loading=\"lazy\" decoding=\"async\" width=\"684\" height=\"1024\" src=\"https:\/\/news.access4you.io\/wp-content\/uploads\/2021\/12\/DSC_3285r-684x1024.jpg\" alt=\"\" data-id=\"4488\" data-full-url=\"https:\/\/news.access4you.io\/wp-content\/uploads\/2021\/12\/DSC_3285r-scaled.jpg\" data-link=\"https:\/\/news.access4you.io\/?attachment_id=4488\" class=\"wp-image-4488\" srcset=\"https:\/\/news.access4you.io\/wp-content\/uploads\/2021\/12\/DSC_3285r-684x1024.jpg 684w, https:\/\/news.access4you.io\/wp-content\/uploads\/2021\/12\/DSC_3285r-200x300.jpg 200w, https:\/\/news.access4you.io\/wp-content\/uploads\/2021\/12\/DSC_3285r-768x1150.jpg 768w, https:\/\/news.access4you.io\/wp-content\/uploads\/2021\/12\/DSC_3285r-1025x1536.jpg 1025w, https:\/\/news.access4you.io\/wp-content\/uploads\/2021\/12\/DSC_3285r-1367x2048.jpg 1367w, https:\/\/news.access4you.io\/wp-content\/uploads\/2021\/12\/DSC_3285r-scaled.jpg 1709w\" sizes=\"auto, (max-width: 684px) 100vw, 684px\" \/><\/a><\/figure><\/li><\/ul><figcaption class=\"blocks-gallery-caption\">A Vakok Kertje a Vakok Int\u00e9zet\u00e9nek kiemelt k\u00fclt\u00e9ri oktat\u00e1si helysz\u00edne. (Fot\u00f3: H\u00e1mori Zs\u00f3fia)<\/figcaption><\/figure>\n\n\n\n<div style=\"height:25px\" aria-hidden=\"true\" class=\"wp-block-spacer\"><\/div>\n\n\n\n<p><\/p>\n\n\n\n<p><strong>KE: A Vakok Kertje t\u00e9nyleg speci\u00e1lis, hiszen m\u00e1r 1972 \u00f3ta m\u0171k\u00f6dik, \u00e9s kifejezetten a l\u00e1t\u00e1ss\u00e9r\u00fclt embereknek hozt\u00e1k l\u00e9tre, \u00e9p emberek nem is l\u00e1togathatj\u00e1k. Elk\u00e9pzelhet\u0151, hogy k\u00e9s\u0151bb m\u00e1s fogyat\u00e9koss\u00e1ggal \u00e9l\u0151k ig\u00e9nyeire szabott, k\u00fcl\u00f6n parkr\u00e9szt alak\u00edtsatok ki?<\/strong><\/p>\n\n\n\n<p>JB: Nincs olyan terv, hogy dedik\u00e1ltan a fogyat\u00e9koss\u00e1ggal \u00e9l\u0151 emberek egy-egy csoportj\u00e1nak fejlessz\u00fcnk ter\u00fcletr\u00e9szeket \u00e9ppen az\u00e9rt, ami\u00e9rt az egyetemes tervez\u00e9s elve mell\u00e9 oda tudtunk \u00e1llni. A Vakok Kertj\u00e9nek fejleszt\u00e9s\u00e9t a hagyom\u00e1ny \u00e9s az \u00e9rt\u00e9k\u0151rz\u00e9s mellett a Vakok Int\u00e9zet\u00e9nek \u00e9s az MVGYOSZ-nek a k\u00f6zels\u00e9ge is indokolta: a kert nemcsak szabadid\u0151s z\u00f6ldter\u00fclet, hanem fontos k\u00fclt\u00e9ri oktat\u00e1si helysz\u00edn is a l\u00e1t\u00e1ss\u00e9r\u00fcltek sz\u00e1m\u00e1ra. Viszont ez egy z\u00e1rt ter\u00fclet a Ligetben, \u00e9s ha tov\u00e1bbi, elker\u00edtett \u00e9s kifejezetten egy-egy csoport, mondjuk a kerekessz\u00e9kesek sz\u00e1m\u00e1ra elk\u00fcl\u00f6n\u00edtett r\u00e9szek j\u00f6nn\u00e9nek l\u00e9tre, annak er\u0151s kirekeszt\u0151 hat\u00e1sa volna. A c\u00e9l ehelyett ink\u00e1bb az, hogy b\u00e1rmilyen fejleszt\u00e9st b\u00e1rki, \u00edgy a kerekessz\u00e9kesek is ugyan\u00fagy tudjanak haszn\u00e1lni, mint mindenki m\u00e1s. <\/p>\n\n\n\n<blockquote class=\"wp-block-quote is-style-large is-layout-flow wp-block-quote-is-layout-flow\"><p><em><strong><span class=\"has-inline-color has-vivid-cyan-blue-color\">Mivel k\u00e9sz\u00fclnek m\u00e9g \u00fajonnan fejlesztett ter\u00fcleti egys\u00e9gek \u00e9s \u00e9p\u00fcletek is, amelyeket egyetemesen hozz\u00e1f\u00e9rhet\u0151v\u00e9 tervezt\u00fcnk, azt tudom mondani, hogy igen, lesznek m\u00e9g fogyat\u00e9koss\u00e1ggal \u00e9l\u0151k sz\u00e1m\u00e1ra \u00e9lvezhet\u0151 ter\u00fcletek: ugyanazok, amelyek a speci\u00e1lis ig\u00e9nyekkel nem rendelkez\u0151 l\u00e1togat\u00f3knak is k\u00e9sz\u00fclnek.<\/span><\/strong><\/em><\/p><\/blockquote>\n\n\n\n<div style=\"height:27px\" aria-hidden=\"true\" class=\"wp-block-spacer\"><\/div>\n\n\n\n<figure class=\"wp-block-gallery columns-2 is-cropped wp-block-gallery-2 is-layout-flex wp-block-gallery-is-layout-flex\"><ul class=\"blocks-gallery-grid\"><li class=\"blocks-gallery-item\"><figure><a href=\"https:\/\/news.access4you.io\/wp-content\/uploads\/2021\/12\/DSC_3256r-1-1024x684.jpg\"><img loading=\"lazy\" decoding=\"async\" width=\"1024\" height=\"684\" src=\"https:\/\/news.access4you.io\/wp-content\/uploads\/2021\/12\/DSC_3256r-1-1024x684.jpg\" alt=\"\" data-id=\"4499\" data-link=\"https:\/\/news.access4you.io\/?attachment_id=4499\" class=\"wp-image-4499\" srcset=\"https:\/\/news.access4you.io\/wp-content\/uploads\/2021\/12\/DSC_3256r-1-1024x684.jpg 1024w, https:\/\/news.access4you.io\/wp-content\/uploads\/2021\/12\/DSC_3256r-1-300x200.jpg 300w, https:\/\/news.access4you.io\/wp-content\/uploads\/2021\/12\/DSC_3256r-1-768x513.jpg 768w, https:\/\/news.access4you.io\/wp-content\/uploads\/2021\/12\/DSC_3256r-1-1536x1025.jpg 1536w, https:\/\/news.access4you.io\/wp-content\/uploads\/2021\/12\/DSC_3256r-1.jpg 2000w\" sizes=\"auto, (max-width: 1024px) 100vw, 1024px\" \/><\/a><\/figure><\/li><li class=\"blocks-gallery-item\"><figure><a href=\"https:\/\/news.access4you.io\/wp-content\/uploads\/2021\/12\/DSC_3261r-2-scaled.jpg\"><img loading=\"lazy\" decoding=\"async\" width=\"684\" height=\"1024\" src=\"https:\/\/news.access4you.io\/wp-content\/uploads\/2021\/12\/DSC_3261r-2-684x1024.jpg\" alt=\"\" data-id=\"4501\" data-full-url=\"https:\/\/news.access4you.io\/wp-content\/uploads\/2021\/12\/DSC_3261r-2-scaled.jpg\" data-link=\"https:\/\/news.access4you.io\/?attachment_id=4501\" class=\"wp-image-4501\" srcset=\"https:\/\/news.access4you.io\/wp-content\/uploads\/2021\/12\/DSC_3261r-2-684x1024.jpg 684w, https:\/\/news.access4you.io\/wp-content\/uploads\/2021\/12\/DSC_3261r-2-200x300.jpg 200w, https:\/\/news.access4you.io\/wp-content\/uploads\/2021\/12\/DSC_3261r-2-768x1150.jpg 768w, https:\/\/news.access4you.io\/wp-content\/uploads\/2021\/12\/DSC_3261r-2-1025x1536.jpg 1025w, https:\/\/news.access4you.io\/wp-content\/uploads\/2021\/12\/DSC_3261r-2-1367x2048.jpg 1367w, https:\/\/news.access4you.io\/wp-content\/uploads\/2021\/12\/DSC_3261r-2-scaled.jpg 1709w\" sizes=\"auto, (max-width: 684px) 100vw, 684px\" \/><\/a><\/figure><\/li><\/ul><figcaption class=\"blocks-gallery-caption\">Akad\u00e1lymentes mosd\u00f3kat a V\u00e1rosliget ter\u00fclet\u00e9n 3 helyen tal\u00e1lunk: a Vakok Kertje, a Nagyj\u00e1tsz\u00f3t\u00e9r \u00e9s a V\u00e1rosligeti Sportcentrum k\u00f6zel\u00e9ben ker\u00fcltek kialak\u00edt\u00e1sra. <br>(Fot\u00f3: H\u00e1mori Zs\u00f3fia)<\/figcaption><\/figure>\n\n\n\n<div style=\"height:32px\" aria-hidden=\"true\" class=\"wp-block-spacer\"><\/div>\n\n\n\n<p><strong>KE: A Liget Projekt m\u00e1sik meghat\u00e1roz\u00f3 c\u00e9lja \u00e9s alapelve a k\u00f6rnyezetv\u00e9delem. Hogy egyeztethet\u0151k \u00f6ssze a z\u00f6ld t\u00f6rekv\u00e9sek a t\u00e1rsadalmi fenntarthat\u00f3s\u00e1ggal? Van, hogy a kett\u0151 \u00fcti egym\u00e1st?<\/strong><\/p>\n\n\n\n<p>JB: Annak, hogy egy projekt fenntarthat\u00f3, nagyon sokf\u00e9le szempontja van: a komfortk\u00f6vetelm\u00e9nyekt\u0151l az energiafelhaszn\u00e1l\u00e1son \u00e1t, a hullad\u00e9kkezel\u00e9st\u0151l a z\u00f6ldfel\u00fcletek m\u00e9rt\u00e9k\u00e9ig \u00e9s min\u0151s\u00e9g\u00e9ig. Ezek mind olyan potm\u00e9terek, amik k\u00f6z\u00fcl ha az egyiket feltolom a maximumig, akkor a t\u00f6bbi m\u00e1r nem tud bizonyos szintn\u00e9l f\u00f6ljebb \u00e9rni. P\u00e9ld\u00e1ul min\u00e9l er\u0151sebbek a komfortk\u00f6vetelm\u00e9nyek, ann\u00e1l magasabb lesz az energiafelhaszn\u00e1l\u00e1s, holott a k\u00f6rnyezettudatoss\u00e1g egyik els\u0151 l\u00e9p\u00e9se volna az energiaig\u00e9ny cs\u00f6kkent\u00e9se. Ezeket pr\u00f3b\u00e1ltuk kiegyens\u00falyozni \u00fagy, hogy optim\u00e1lis legyen. A V\u00e1rosliget az 1800-as \u00e9vek k\u00f6zepe \u00f3ta egy z\u00f6ldfel\u00fcleti \u00e9s kultur\u00e1lis szolg\u00e1ltat\u00e1si mix, mindig is az volt. Az \u00faj \u00e9p\u00fcletr\u00e9szeknek mindenk\u00e9pp alkalmasnak kell teh\u00e1t lenni\u00fck arra, hogy b\u00e1rkinek vonz\u00f3v\u00e1 tegy\u00e9k a z\u00f6ldk\u00f6rnyezetben, a term\u00e9szet k\u00f6zels\u00e9g\u00e9ben t\u00f6rt\u00e9n\u0151 kult\u00fara fogyaszt\u00e1st vagy szabadid\u0151s tev\u00e9kenys\u00e9get. A Zene H\u00e1za vagy a N\u00e9prajzi M\u00fazeum fontos oktat\u00e1si k\u00f6zpontok is, m\u00fazeumpedag\u00f3gia foglalkoz\u00e1sokkal, workshopokkal, konferenci\u00e1kkal. Az ide l\u00e1togat\u00f3k a V\u00e1rosliget hagyom\u00e1nyaihoz m\u00e9lt\u00f3 m\u00f3don a kultur\u00e1lis eduk\u00e1ci\u00f3 mellett a k\u00f6rnyezeti eduk\u00e1ci\u00f3 \u00e9s a z\u00f6ldfel\u00fclet pozit\u00edv \u00e9lettani hat\u00e1sai tekintet\u00e9ben is meghat\u00e1roz\u00f3 \u00e9lm\u00e9nyekkel gazdagodhatnak.<\/p>\n\n\n\n<p><strong>KE: \u00c9rkeznek visszajelz\u00e9sek a fel\u00faj\u00edtott parkr\u00e9szek kapcs\u00e1n, ak\u00e1r akad\u00e1lymentess\u00e9gi szempontb\u00f3l?<\/strong><\/p>\n\n\n\n<p>JB: Igen, b\u00e1r nem szervezett form\u00e1ban. Van egy \u00e1ltal\u00e1nos \u00fcgyf\u00e9lszolg\u00e1latunk, ahov\u00e1 rendszeresen kapunk \u00e9szrev\u00e9teleket a legk\u00fcl\u00f6nb\u00f6z\u0151bb t\u00e9m\u00e1kban: a \u201efelr\u00fagtuk a labd\u00e1t a v\u00e9c\u00e9 tetej\u00e9re\u201d-t\u00edpus\u00fa seg\u00edts\u00e9gk\u00e9r\u00e9st\u0151l a jav\u00edt\u00f3 sz\u00e1nd\u00e9k\u00fa, ak\u00e1r szakmai megjegyz\u00e9sekig sokf\u00e9le \u00fczenet j\u00f6n. A kutyak\u00e9rd\u00e9s k\u00fcl\u00f6n t\u00e9ma is lehetne, de itt most akad\u00e1lymentess\u00e9gi szempontb\u00f3l fontos: \u00e9pp az elm\u00falt hetekben siker\u00fclt tiszt\u00e1zni, hogy a j\u00e1tsz\u00f3t\u00e9rre milyen munka- \u00e9s seg\u00edt\u0151kuty\u00e1k l\u00e9phetnek be. Ezzel kapcsolatban oktat\u00e1st is tartottunk a biztons\u00e1gi szem\u00e9lyzet r\u00e9sz\u00e9re. Ezt p\u00e9ld\u00e1ul egy \u00e9rintett\u0151l kapott visszajelz\u00e9s nyom\u00e1n v\u00e9gezt\u00fck el: \u0151 sz\u00f3lt, mi pedig mindent megtett\u00fcnk, hogy nyitott f\u00fclekre tal\u00e1ljon.<\/p>\n\n\n\n<p><em>(Kir\u00e1ly Eszter interj\u00faja)<\/em><\/p>\n\n\n\n<p>Fot\u00f3k: H\u00e1mori Zs\u00f3fia<\/p>\n\n\n\n<p><em>Olvass m\u00e9g t\u00f6bb tartalmat sp\u00e9ci emberekr\u0151l, az akad\u00e1lymentess\u00e9gr\u0151l \u00e9s a t\u00e1rsadalmi inkl\u00fazi\u00f3r\u00f3l az&nbsp;<a href=\"http:\/\/news.access4you.io\/en\/\" target=\"_blank\" rel=\"noreferrer noopener\">Access4you h\u00edrei<\/a>&nbsp;k\u00f6z\u00f6tt. N\u00e9zz k\u00f6rbe a&nbsp;<a href=\"https:\/\/access4you.io\/places\" target=\"_blank\" rel=\"noreferrer noopener\">Tan\u00fas\u00edtott helysz\u00ednek<\/a>&nbsp;men\u00fcben, ahol r\u00e9szletes inform\u00e1ci\u00f3t adunk a felm\u00e9r\u00e9sben r\u00e9szt vev\u0151 helysz\u00ednek akad\u00e1lymentess\u00e9g\u00e9r\u0151l, mindezt 8 + 1 sp\u00e9ci csoport ig\u00e9nyei alapj\u00e1n: kerekessz\u00e9ket haszn\u00e1l\u00f3k, babakocsival k\u00f6zleked\u0151k, id\u0151sek \u00e9s mozg\u00e1sukban korl\u00e1tozottak, siketek, nagyothall\u00f3k, vakok, gyeng\u00e9nl\u00e1t\u00f3k, kognit\u00edv zavarral \u00e9l\u0151k, valamint (+1) seg\u00edt\u0151kuty\u00e1val k\u00f6zleked\u0151k sz\u00e1m\u00e1ra.<\/em><\/p>","protected":false},"excerpt":{"rendered":"<p>Hogyan v\u00e1lik Budapest legr\u00e9gebbi parkja korszer\u0171v\u00e9, fenntarthat\u00f3an tartalmass\u00e1 \u00e9s a speci\u00e1lis ig\u00e9ny\u0171 emberek sz\u00e1m\u00e1ra is k\u00e9nyelmesen hozz\u00e1f\u00e9rhet\u0151v\u00e9? A Liget Projektet megval\u00f3s\u00edt\u00f3 V\u00e1rosliget Zrt. m\u0171k\u00f6d\u00e9si vez\u00e9rigazgat\u00f3-helyettes\u00e9vel, Jelinek Bal\u00e1zzsal besz\u00e9lgett\u00fcnk.&nbsp; Kir\u00e1ly Eszter (KE): A V\u00e1rosliget igen komplex helysz\u00edn, azon bel\u00fcl t\u00f6bbf\u00e9le parkr\u00e9szt, t\u00f6bb k\u00fcl\u00f6nb\u00f6z\u0151 c\u00e9lt szolg\u00e1l\u00f3 l\u00e9tes\u00edtm\u00e9nyt is akad\u00e1lymentess\u00e9 terveztetek. Melyek voltak a k\u00f6z\u00f6s alapelvek? Jelinek Bal\u00e1zs [&hellip;]<\/p>","protected":false},"author":1,"featured_media":4483,"comment_status":"closed","ping_status":"closed","sticky":false,"template":"","format":"standard","meta":{"footnotes":""},"categories":[75,74,10,76],"tags":[],"class_list":["post-4482","post","type-post","status-publish","format-standard","has-post-thumbnail","hentry","category-uj-hely","category-szivugyunk","category-blog","category-kozlemeny"],"yoast_head":"<!-- This site is optimized with the Yoast SEO plugin v23.8 - https:\/\/yoast.com\/wordpress\/plugins\/seo\/ -->\n<title>V\u00e1rosliget, akad\u00e1lymentesen: a park, ami t\u00e9nyleg mindenki\u00e9 - Access4you H\u00edrek<\/title>\n<meta name=\"description\" content=\"A V\u00e1rosliget akad\u00e1lymentes\u00edt\u00e9si elveir\u0151l \u00e9s eredm\u00e9nyir\u0151l Jelinek Bal\u00e1zzsal besz\u00e9lgett\u00fcnk.\" \/>\n<meta name=\"robots\" content=\"index, follow, max-snippet:-1, max-image-preview:large, max-video-preview:-1\" \/>\n<link rel=\"canonical\" href=\"https:\/\/news.access4you.io\/en\/2021\/12\/02\/a-park-ami-tenyleg-mindenkie\/\" \/>\n<meta property=\"og:locale\" content=\"en_US\" \/>\n<meta property=\"og:type\" content=\"article\" \/>\n<meta property=\"og:title\" content=\"V\u00e1rosliget, akad\u00e1lymentesen: a park, ami t\u00e9nyleg mindenki\u00e9 - Access4you H\u00edrek\" \/>\n<meta property=\"og:description\" content=\"A V\u00e1rosliget akad\u00e1lymentes\u00edt\u00e9si elveir\u0151l \u00e9s eredm\u00e9nyir\u0151l Jelinek Bal\u00e1zzsal besz\u00e9lgett\u00fcnk.\" \/>\n<meta property=\"og:url\" content=\"https:\/\/news.access4you.io\/en\/2021\/12\/02\/a-park-ami-tenyleg-mindenkie\/\" \/>\n<meta property=\"og:site_name\" content=\"Access4you H\u00edrek\" \/>\n<meta property=\"article:published_time\" content=\"2021-12-02T11:58:38+00:00\" \/>\n<meta property=\"article:modified_time\" content=\"2021-12-02T13:08:08+00:00\" \/>\n<meta property=\"og:image\" content=\"https:\/\/news.access4you.io\/wp-content\/uploads\/2021\/12\/DSC_3248r.jpg\" \/>\n\t<meta property=\"og:image:width\" content=\"2000\" \/>\n\t<meta property=\"og:image:height\" content=\"1335\" \/>\n\t<meta property=\"og:image:type\" content=\"image\/jpeg\" \/>\n<meta name=\"author\" content=\"access4you\" \/>\n<meta name=\"twitter:card\" content=\"summary_large_image\" \/>\n<meta name=\"twitter:label1\" content=\"Written by\" \/>\n\t<meta name=\"twitter:data1\" content=\"access4you\" \/>\n\t<meta name=\"twitter:label2\" content=\"Est. reading time\" \/>\n\t<meta name=\"twitter:data2\" content=\"9 minutes\" \/>\n<script type=\"application\/ld+json\" class=\"yoast-schema-graph\">{\"@context\":\"https:\/\/schema.org\",\"@graph\":[{\"@type\":\"Article\",\"@id\":\"https:\/\/news.access4you.io\/2021\/12\/02\/a-park-ami-tenyleg-mindenkie\/#article\",\"isPartOf\":{\"@id\":\"https:\/\/news.access4you.io\/2021\/12\/02\/a-park-ami-tenyleg-mindenkie\/\"},\"author\":{\"name\":\"access4you\",\"@id\":\"https:\/\/news.access4you.io\/#\/schema\/person\/cb4fff088aa5f5f43a6f4ce3a1e2e084\"},\"headline\":\"V\u00e1rosliget, akad\u00e1lymentesen: a park, ami t\u00e9nyleg mindenki\u00e9\",\"datePublished\":\"2021-12-02T11:58:38+00:00\",\"dateModified\":\"2021-12-02T13:08:08+00:00\",\"mainEntityOfPage\":{\"@id\":\"https:\/\/news.access4you.io\/2021\/12\/02\/a-park-ami-tenyleg-mindenkie\/\"},\"wordCount\":1712,\"publisher\":{\"@id\":\"https:\/\/news.access4you.io\/#organization\"},\"image\":{\"@id\":\"https:\/\/news.access4you.io\/2021\/12\/02\/a-park-ami-tenyleg-mindenkie\/#primaryimage\"},\"thumbnailUrl\":\"https:\/\/news.access4you.io\/wp-content\/uploads\/2021\/12\/DSC_3248r.jpg\",\"articleSection\":[\"\u00daj hely\",\"Sz\u00edv\u00fcgy\u00fcnk\",\"Blog\",\"K\u00f6zlem\u00e9ny\"],\"inLanguage\":\"en-US\"},{\"@type\":\"WebPage\",\"@id\":\"https:\/\/news.access4you.io\/2021\/12\/02\/a-park-ami-tenyleg-mindenkie\/\",\"url\":\"https:\/\/news.access4you.io\/2021\/12\/02\/a-park-ami-tenyleg-mindenkie\/\",\"name\":\"V\u00e1rosliget, akad\u00e1lymentesen: a park, ami t\u00e9nyleg mindenki\u00e9 - Access4you H\u00edrek\",\"isPartOf\":{\"@id\":\"https:\/\/news.access4you.io\/#website\"},\"primaryImageOfPage\":{\"@id\":\"https:\/\/news.access4you.io\/2021\/12\/02\/a-park-ami-tenyleg-mindenkie\/#primaryimage\"},\"image\":{\"@id\":\"https:\/\/news.access4you.io\/2021\/12\/02\/a-park-ami-tenyleg-mindenkie\/#primaryimage\"},\"thumbnailUrl\":\"https:\/\/news.access4you.io\/wp-content\/uploads\/2021\/12\/DSC_3248r.jpg\",\"datePublished\":\"2021-12-02T11:58:38+00:00\",\"dateModified\":\"2021-12-02T13:08:08+00:00\",\"description\":\"A V\u00e1rosliget akad\u00e1lymentes\u00edt\u00e9si elveir\u0151l \u00e9s eredm\u00e9nyir\u0151l Jelinek Bal\u00e1zzsal besz\u00e9lgett\u00fcnk.\",\"breadcrumb\":{\"@id\":\"https:\/\/news.access4you.io\/2021\/12\/02\/a-park-ami-tenyleg-mindenkie\/#breadcrumb\"},\"inLanguage\":\"en-US\",\"potentialAction\":[{\"@type\":\"ReadAction\",\"target\":[\"https:\/\/news.access4you.io\/2021\/12\/02\/a-park-ami-tenyleg-mindenkie\/\"]}]},{\"@type\":\"ImageObject\",\"inLanguage\":\"en-US\",\"@id\":\"https:\/\/news.access4you.io\/2021\/12\/02\/a-park-ami-tenyleg-mindenkie\/#primaryimage\",\"url\":\"https:\/\/news.access4you.io\/wp-content\/uploads\/2021\/12\/DSC_3248r.jpg\",\"contentUrl\":\"https:\/\/news.access4you.io\/wp-content\/uploads\/2021\/12\/DSC_3248r.jpg\",\"width\":2000,\"height\":1335},{\"@type\":\"BreadcrumbList\",\"@id\":\"https:\/\/news.access4you.io\/2021\/12\/02\/a-park-ami-tenyleg-mindenkie\/#breadcrumb\",\"itemListElement\":[{\"@type\":\"ListItem\",\"position\":1,\"name\":\"Kezd\u0151lap\",\"item\":\"https:\/\/news.access4you.io\/\"},{\"@type\":\"ListItem\",\"position\":2,\"name\":\"V\u00e1rosliget, akad\u00e1lymentesen: a park, ami t\u00e9nyleg mindenki\u00e9\"}]},{\"@type\":\"WebSite\",\"@id\":\"https:\/\/news.access4you.io\/#website\",\"url\":\"https:\/\/news.access4you.io\/\",\"name\":\"Access4you H\u00edrek\",\"description\":\"\",\"publisher\":{\"@id\":\"https:\/\/news.access4you.io\/#organization\"},\"potentialAction\":[{\"@type\":\"SearchAction\",\"target\":{\"@type\":\"EntryPoint\",\"urlTemplate\":\"https:\/\/news.access4you.io\/?s={search_term_string}\"},\"query-input\":{\"@type\":\"PropertyValueSpecification\",\"valueRequired\":true,\"valueName\":\"search_term_string\"}}],\"inLanguage\":\"en-US\"},{\"@type\":\"Organization\",\"@id\":\"https:\/\/news.access4you.io\/#organization\",\"name\":\"Access4you H\u00edrek\",\"url\":\"https:\/\/news.access4you.io\/\",\"logo\":{\"@type\":\"ImageObject\",\"inLanguage\":\"en-US\",\"@id\":\"https:\/\/news.access4you.io\/#\/schema\/logo\/image\/\",\"url\":\"https:\/\/news.access4you.io\/wp-content\/uploads\/2021\/01\/a4u-logo-black.png\",\"contentUrl\":\"https:\/\/news.access4you.io\/wp-content\/uploads\/2021\/01\/a4u-logo-black.png\",\"width\":726,\"height\":454,\"caption\":\"Access4you H\u00edrek\"},\"image\":{\"@id\":\"https:\/\/news.access4you.io\/#\/schema\/logo\/image\/\"}},{\"@type\":\"Person\",\"@id\":\"https:\/\/news.access4you.io\/#\/schema\/person\/cb4fff088aa5f5f43a6f4ce3a1e2e084\",\"name\":\"access4you\",\"image\":{\"@type\":\"ImageObject\",\"inLanguage\":\"en-US\",\"@id\":\"https:\/\/news.access4you.io\/#\/schema\/person\/image\/\",\"url\":\"https:\/\/secure.gravatar.com\/avatar\/9795a8b3afc7ed258d167a92dbb1075b37bab5bc83b1ac9182ff4f58c22040b8?s=96&d=mm&r=g\",\"contentUrl\":\"https:\/\/secure.gravatar.com\/avatar\/9795a8b3afc7ed258d167a92dbb1075b37bab5bc83b1ac9182ff4f58c22040b8?s=96&d=mm&r=g\",\"caption\":\"access4you\"},\"sameAs\":[\"http:\/\/localhost\/access4you\"],\"url\":\"https:\/\/news.access4you.io\/en\/author\/access4you\/\"}]}<\/script>\n<!-- \/ Yoast SEO plugin. -->","yoast_head_json":{"title":"V\u00e1rosliget, akad\u00e1lymentesen: a park, ami t\u00e9nyleg mindenki\u00e9 - Access4you H\u00edrek","description":"A V\u00e1rosliget akad\u00e1lymentes\u00edt\u00e9si elveir\u0151l \u00e9s eredm\u00e9nyir\u0151l Jelinek Bal\u00e1zzsal besz\u00e9lgett\u00fcnk.","robots":{"index":"index","follow":"follow","max-snippet":"max-snippet:-1","max-image-preview":"max-image-preview:large","max-video-preview":"max-video-preview:-1"},"canonical":"https:\/\/news.access4you.io\/en\/2021\/12\/02\/a-park-ami-tenyleg-mindenkie\/","og_locale":"en_US","og_type":"article","og_title":"V\u00e1rosliget, akad\u00e1lymentesen: a park, ami t\u00e9nyleg mindenki\u00e9 - Access4you H\u00edrek","og_description":"A V\u00e1rosliget akad\u00e1lymentes\u00edt\u00e9si elveir\u0151l \u00e9s eredm\u00e9nyir\u0151l Jelinek Bal\u00e1zzsal besz\u00e9lgett\u00fcnk.","og_url":"https:\/\/news.access4you.io\/en\/2021\/12\/02\/a-park-ami-tenyleg-mindenkie\/","og_site_name":"Access4you H\u00edrek","article_published_time":"2021-12-02T11:58:38+00:00","article_modified_time":"2021-12-02T13:08:08+00:00","og_image":[{"width":2000,"height":1335,"url":"https:\/\/news.access4you.io\/wp-content\/uploads\/2021\/12\/DSC_3248r.jpg","type":"image\/jpeg"}],"author":"access4you","twitter_card":"summary_large_image","twitter_misc":{"Written by":"access4you","Est. reading time":"9 minutes"},"schema":{"@context":"https:\/\/schema.org","@graph":[{"@type":"Article","@id":"https:\/\/news.access4you.io\/2021\/12\/02\/a-park-ami-tenyleg-mindenkie\/#article","isPartOf":{"@id":"https:\/\/news.access4you.io\/2021\/12\/02\/a-park-ami-tenyleg-mindenkie\/"},"author":{"name":"access4you","@id":"https:\/\/news.access4you.io\/#\/schema\/person\/cb4fff088aa5f5f43a6f4ce3a1e2e084"},"headline":"V\u00e1rosliget, akad\u00e1lymentesen: a park, ami t\u00e9nyleg mindenki\u00e9","datePublished":"2021-12-02T11:58:38+00:00","dateModified":"2021-12-02T13:08:08+00:00","mainEntityOfPage":{"@id":"https:\/\/news.access4you.io\/2021\/12\/02\/a-park-ami-tenyleg-mindenkie\/"},"wordCount":1712,"publisher":{"@id":"https:\/\/news.access4you.io\/#organization"},"image":{"@id":"https:\/\/news.access4you.io\/2021\/12\/02\/a-park-ami-tenyleg-mindenkie\/#primaryimage"},"thumbnailUrl":"https:\/\/news.access4you.io\/wp-content\/uploads\/2021\/12\/DSC_3248r.jpg","articleSection":["\u00daj hely","Sz\u00edv\u00fcgy\u00fcnk","Blog","K\u00f6zlem\u00e9ny"],"inLanguage":"en-US"},{"@type":"WebPage","@id":"https:\/\/news.access4you.io\/2021\/12\/02\/a-park-ami-tenyleg-mindenkie\/","url":"https:\/\/news.access4you.io\/2021\/12\/02\/a-park-ami-tenyleg-mindenkie\/","name":"V\u00e1rosliget, akad\u00e1lymentesen: a park, ami t\u00e9nyleg mindenki\u00e9 - Access4you H\u00edrek","isPartOf":{"@id":"https:\/\/news.access4you.io\/#website"},"primaryImageOfPage":{"@id":"https:\/\/news.access4you.io\/2021\/12\/02\/a-park-ami-tenyleg-mindenkie\/#primaryimage"},"image":{"@id":"https:\/\/news.access4you.io\/2021\/12\/02\/a-park-ami-tenyleg-mindenkie\/#primaryimage"},"thumbnailUrl":"https:\/\/news.access4you.io\/wp-content\/uploads\/2021\/12\/DSC_3248r.jpg","datePublished":"2021-12-02T11:58:38+00:00","dateModified":"2021-12-02T13:08:08+00:00","description":"A V\u00e1rosliget akad\u00e1lymentes\u00edt\u00e9si elveir\u0151l \u00e9s eredm\u00e9nyir\u0151l Jelinek Bal\u00e1zzsal besz\u00e9lgett\u00fcnk.","breadcrumb":{"@id":"https:\/\/news.access4you.io\/2021\/12\/02\/a-park-ami-tenyleg-mindenkie\/#breadcrumb"},"inLanguage":"en-US","potentialAction":[{"@type":"ReadAction","target":["https:\/\/news.access4you.io\/2021\/12\/02\/a-park-ami-tenyleg-mindenkie\/"]}]},{"@type":"ImageObject","inLanguage":"en-US","@id":"https:\/\/news.access4you.io\/2021\/12\/02\/a-park-ami-tenyleg-mindenkie\/#primaryimage","url":"https:\/\/news.access4you.io\/wp-content\/uploads\/2021\/12\/DSC_3248r.jpg","contentUrl":"https:\/\/news.access4you.io\/wp-content\/uploads\/2021\/12\/DSC_3248r.jpg","width":2000,"height":1335},{"@type":"BreadcrumbList","@id":"https:\/\/news.access4you.io\/2021\/12\/02\/a-park-ami-tenyleg-mindenkie\/#breadcrumb","itemListElement":[{"@type":"ListItem","position":1,"name":"Kezd\u0151lap","item":"https:\/\/news.access4you.io\/"},{"@type":"ListItem","position":2,"name":"V\u00e1rosliget, akad\u00e1lymentesen: a park, ami t\u00e9nyleg mindenki\u00e9"}]},{"@type":"WebSite","@id":"https:\/\/news.access4you.io\/#website","url":"https:\/\/news.access4you.io\/","name":"Access4you H\u00edrek","description":"","publisher":{"@id":"https:\/\/news.access4you.io\/#organization"},"potentialAction":[{"@type":"SearchAction","target":{"@type":"EntryPoint","urlTemplate":"https:\/\/news.access4you.io\/?s={search_term_string}"},"query-input":{"@type":"PropertyValueSpecification","valueRequired":true,"valueName":"search_term_string"}}],"inLanguage":"en-US"},{"@type":"Organization","@id":"https:\/\/news.access4you.io\/#organization","name":"Access4you H\u00edrek","url":"https:\/\/news.access4you.io\/","logo":{"@type":"ImageObject","inLanguage":"en-US","@id":"https:\/\/news.access4you.io\/#\/schema\/logo\/image\/","url":"https:\/\/news.access4you.io\/wp-content\/uploads\/2021\/01\/a4u-logo-black.png","contentUrl":"https:\/\/news.access4you.io\/wp-content\/uploads\/2021\/01\/a4u-logo-black.png","width":726,"height":454,"caption":"Access4you H\u00edrek"},"image":{"@id":"https:\/\/news.access4you.io\/#\/schema\/logo\/image\/"}},{"@type":"Person","@id":"https:\/\/news.access4you.io\/#\/schema\/person\/cb4fff088aa5f5f43a6f4ce3a1e2e084","name":"access4you","image":{"@type":"ImageObject","inLanguage":"en-US","@id":"https:\/\/news.access4you.io\/#\/schema\/person\/image\/","url":"https:\/\/secure.gravatar.com\/avatar\/9795a8b3afc7ed258d167a92dbb1075b37bab5bc83b1ac9182ff4f58c22040b8?s=96&d=mm&r=g","contentUrl":"https:\/\/secure.gravatar.com\/avatar\/9795a8b3afc7ed258d167a92dbb1075b37bab5bc83b1ac9182ff4f58c22040b8?s=96&d=mm&r=g","caption":"access4you"},"sameAs":["http:\/\/localhost\/access4you"],"url":"https:\/\/news.access4you.io\/en\/author\/access4you\/"}]}},"_links":{"self":[{"href":"https:\/\/news.access4you.io\/en\/wp-json\/wp\/v2\/posts\/4482","targetHints":{"allow":["GET"]}}],"collection":[{"href":"https:\/\/news.access4you.io\/en\/wp-json\/wp\/v2\/posts"}],"about":[{"href":"https:\/\/news.access4you.io\/en\/wp-json\/wp\/v2\/types\/post"}],"author":[{"embeddable":true,"href":"https:\/\/news.access4you.io\/en\/wp-json\/wp\/v2\/users\/1"}],"replies":[{"embeddable":true,"href":"https:\/\/news.access4you.io\/en\/wp-json\/wp\/v2\/comments?post=4482"}],"version-history":[{"count":0,"href":"https:\/\/news.access4you.io\/en\/wp-json\/wp\/v2\/posts\/4482\/revisions"}],"wp:featuredmedia":[{"embeddable":true,"href":"https:\/\/news.access4you.io\/en\/wp-json\/wp\/v2\/media\/4483"}],"wp:attachment":[{"href":"https:\/\/news.access4you.io\/en\/wp-json\/wp\/v2\/media?parent=4482"}],"wp:term":[{"taxonomy":"category","embeddable":true,"href":"https:\/\/news.access4you.io\/en\/wp-json\/wp\/v2\/categories?post=4482"},{"taxonomy":"post_tag","embeddable":true,"href":"https:\/\/news.access4you.io\/en\/wp-json\/wp\/v2\/tags?post=4482"}],"curies":[{"name":"wp","href":"https:\/\/api.w.org\/{rel}","templated":true}]}}