{"id":4519,"date":"2021-12-09T10:52:46","date_gmt":"2021-12-09T10:52:46","guid":{"rendered":"http:\/\/news.access4you.io\/?p=4519"},"modified":"2021-12-11T10:37:23","modified_gmt":"2021-12-11T10:37:23","slug":"egyazon-mese-hosei-vagyunk-a-mesemuzeum-lett-az-elso-hazai-autizmusbarat-kiallitohely","status":"publish","type":"post","link":"https:\/\/news.access4you.io\/en\/2021\/12\/09\/egyazon-mese-hosei-vagyunk-a-mesemuzeum-lett-az-elso-hazai-autizmusbarat-kiallitohely\/","title":{"rendered":"Egyazon mese h\u0151sei vagyunk \u2013 A Mesem\u00fazeum lett az els\u0151 hazai autizmusbar\u00e1t ki\u00e1ll\u00edt\u00f3hely"},"content":{"rendered":"<div style=\"height:32px\" aria-hidden=\"true\" class=\"wp-block-spacer\"><\/div>\n\n\n\n<h4 class=\"wp-block-heading\"><strong>Hogyan lehet mes\u00e9be vonni azokat, akik nehezen k\u00e9pesek elvonatkoztatni? Tudunk-e egy sok meglepet\u00e9st rejt\u0151 teret az \u00e1lland\u00f3s\u00e1ghoz szokott l\u00e9leknek is biztons\u00e1goss\u00e1 var\u00e1zsolni? \u00c9rz\u00e9kelj\u00fck \u00e9s \u00e9rt\u00e9kelj\u00fck-e a k\u00e9pzel\u0151er\u0151t azokban, akik csak d\u00f6c\u00f6g\u0151sen tudj\u00e1k kifejezni azt? Magyarorsz\u00e1g els\u0151 autizmusbar\u00e1t m\u00fazeuma a budapesti Mesem\u00fazeum lett, ahol autista \u00e9s tipikusan fejl\u0151d\u0151 gyermekek egy\u00fctt \u00e1llhatnak ki mesebeli pr\u00f3b\u00e1kat \u2013 hogy k\u00e9s\u0151bb a val\u00f3 \u00e9let kih\u00edv\u00e1saira is k\u00f6z\u00f6sen feleljenek.<\/strong><\/h4>\n\n\n\n<div style=\"height:31px\" aria-hidden=\"true\" class=\"wp-block-spacer\"><\/div>\n\n\n\n<p>\u00c9rthet\u0151v\u00e9, el\u00e9rhet\u0151v\u00e9 akarjuk-e tenni a vil\u00e1got azok sz\u00e1m\u00e1ra, akik az \u00e1tlagn\u00e1l nehezebben kapcsol\u00f3dnak hozz\u00e1? Vagy m\u00e1sk\u00e9ppen: akarunk-e osztozni? Ez az akad\u00e1lymentes\u00edt\u00e9s alapk\u00e9rd\u00e9se. <\/p>\n\n\n\n<blockquote class=\"wp-block-quote is-style-large is-layout-flow wp-block-quote-is-layout-flow\"><p><strong><span class=\"has-inline-color has-vivid-cyan-blue-color\">Az autizmussal \u00e9l\u0151k eset\u00e9ben a befogad\u00e1s egyik els\u0151 l\u00e9p\u00e9se a befogadhat\u00f3v\u00e1 t\u00e9tel. <\/span><\/strong><\/p><\/blockquote>\n\n\n\n<p>A dolgok, a k\u00f6r\u00fclm\u00e9nyek, a t\u00f6rt\u00e9n\u00e9sek hozz\u00e1igaz\u00edt\u00e1sa ahhoz a k\u00fcl\u00f6nleges szem\u00fcveghez, amin \u00e1t egy autista ember szeml\u00e9li azokat. Erre a gondolatra \u00e9p\u00fclt a budapesti <strong>Mesem\u00fazeum<\/strong> \u00e9s a <strong>Nemzetk\u00f6zi Csepered\u0151 Alap\u00edtv\u00e1ny<\/strong> egy\u00fcttm\u0171k\u00f6d\u00e9se is, amely a <strong>Slachta Margit Nemzeti Szoci\u00e1lpolitikai Int\u00e9zet<\/strong> p\u00e1ly\u00e1zati t\u00e1mogat\u00e1s\u00e1val l\u00e9trehozta Magyarorsz\u00e1g els\u0151 autizmusbar\u00e1t m\u00fazeumi programj\u00e1t.<\/p>\n\n\n\n<div style=\"height:32px\" aria-hidden=\"true\" class=\"wp-block-spacer\"><\/div>\n\n\n\n<figure class=\"wp-block-image size-large\"><img loading=\"lazy\" decoding=\"async\" width=\"1000\" height=\"700\" src=\"http:\/\/news.access4you.io\/wp-content\/uploads\/2021\/12\/Mesemuzeum-2-4.png\" alt=\"\" class=\"wp-image-4537\" srcset=\"https:\/\/news.access4you.io\/wp-content\/uploads\/2021\/12\/Mesemuzeum-2-4.png 1000w, https:\/\/news.access4you.io\/wp-content\/uploads\/2021\/12\/Mesemuzeum-2-4-300x210.png 300w, https:\/\/news.access4you.io\/wp-content\/uploads\/2021\/12\/Mesemuzeum-2-4-768x538.png 768w\" sizes=\"auto, (max-width: 1000px) 100vw, 1000px\" \/><figcaption>(Nemzetk\u00f6zi Csepered\u0151 Alap\u00edtv\u00e1ny)<\/figcaption><\/figure>\n\n\n\n<div style=\"height:32px\" aria-hidden=\"true\" class=\"wp-block-spacer\"><\/div>\n\n\n\n<p>A Mesem\u00fazeum nem konkr\u00e9t mesesz\u00f6vegeket, karaktereket vagy gyermekirodalmi klasszikusokat vonultat fel, hanem arra \u00f6szt\u00f6nzi a gyerekeket, amiben \u00f6szt\u00f6n\u00f6sen j\u00f3k: <em>mes\u00e9ben lenni<\/em>. Az interakt\u00edv t\u00e1rlat a magyar n\u00e9pmes\u00e9k vil\u00e1g\u00e1t alkot\u00f3 szimb\u00f3lumok, mot\u00edvumok, nyelvi \u00e9s cselekm\u00e9nybeli fordulatok seg\u00edts\u00e9g\u00e9vel, a fiatalok fant\u00e1zi\u00e1j\u00e1ra \u00e9p\u00edtve vezeti v\u00e9gig a l\u00e1togat\u00f3kat h\u00e9t mesebeli pr\u00f3b\u00e1n. <\/p>\n\n\n\n<blockquote class=\"wp-block-quote is-style-large is-layout-flow wp-block-quote-is-layout-flow\"><p><span class=\"has-inline-color has-vivid-cyan-blue-color\"><strong>\u00cdgy aki v\u00e9gigmegy a t\u00e1rlaton, semmik\u00e9pp sem \u00fassza meg, hogy meseh\u0151ss\u00e9 v\u00e1ljon. <\/strong><\/span><\/p><\/blockquote>\n\n\n\n<p>A pr\u00f3b\u00e1k mostant\u00f3l az autizmussal \u00e9l\u0151 gyerekek sz\u00e1m\u00e1ra sem akad\u00e1lyok, ink\u00e1bb kalandos, a szok\u00e1sost\u00f3l elt\u00e9r\u0151 utakon megoldhat\u00f3, testreszabott kih\u00edv\u00e1sok.<\/p>\n\n\n\n<p>A szakmai koncepci\u00f3 kidolgoz\u00f3i <strong>Nemes &#8211; Jakab \u00c9va m\u00fazeumpedag\u00f3gus \u00e9s V\u00e1rnai Zsuzsa klinikai szakpszichol\u00f3gus<\/strong> voltak. A Csepered\u0151 Alap\u00edtv\u00e1ny egyik alap\u00edt\u00f3ja, V\u00e1rnai Zsuzsa<strong> <\/strong>szerint b\u00e1rmilyen tematik\u00e1j\u00fa t\u00e1rlat autizmusbar\u00e1tt\u00e1 alak\u00edthat\u00f3, az adapt\u00e1ci\u00f3 f\u0151bb szempontjai ugyanis a tartalmi elemekt\u0151l nagyr\u00e9szt f\u00fcggetlenek. <\/p>\n\n\n\n<div style=\"height:32px\" aria-hidden=\"true\" class=\"wp-block-spacer\"><\/div>\n\n\n\n<h4 class=\"wp-block-heading\"><strong>Az els\u0151 pill\u00e9r az el\u0151rejelz\u00e9s \u00e9s a kisz\u00e1m\u00edthat\u00f3s\u00e1g. <\/strong><\/h4>\n\n\n\n<div style=\"height:31px\" aria-hidden=\"true\" class=\"wp-block-spacer\"><\/div>\n\n\n\n<p>A Mesem\u00fazeumn\u00e1l ennek szellem\u00e9ben k\u00e9sz\u00edtettek egy kisfilmet, egy k\u00f6nnyen k\u00f6vethet\u0151 t\u00e9rk\u00e9pet \u00e9s egy szoci\u00e1lis t\u00f6rt\u00e9netet is, amelyek seg\u00edtik az autizmusban \u00e9rintett csal\u00e1dokat, iskolai-\u00f3vodai csoportokat a felk\u00e9sz\u00fcl\u00e9sben. Az az autista fiatal, akiknek fontos a kisz\u00e1m\u00edthat\u00f3s\u00e1g, \u00edgy virtu\u00e1lisan el\u0151re bej\u00e1rhatja a m\u00fazeumot: tudhatja, hov\u00e1 kell letenni majd a kab\u00e1tj\u00e1t, hol a mosd\u00f3, milyen sz\u00ednek, f\u00e9nyek, viszonyok fogadj\u00e1k majd ott.<\/p>\n\n\n\n<p>Az autizmusban \u00e9rintett gyerekeket a helysz\u00ednen egy autizmusspecifikus kalandf\u00fczet vezeti v\u00e9gig a h\u00e9t pr\u00f3b\u00e1n. <\/p>\n\n\n\n<blockquote class=\"wp-block-quote is-style-large is-layout-flow wp-block-quote-is-layout-flow\"><p><strong><span class=\"has-inline-color has-vivid-cyan-blue-color\">A pr\u00f3bat\u00e9telek sor\u00e1n kevesebb absztrakt fogalommal \u00e9s szimb\u00f3lummal, de t\u00f6bb k\u00e9ppel, konkr\u00e9t \u00e1br\u00e1zol\u00e1ssal tal\u00e1lkoznak, amelyek seg\u00edtenek r\u00e1bukkanni saj\u00e1t megold\u00e1saikra. <\/span><\/strong><\/p><\/blockquote>\n\n\n\n<p>Az aznapi benyom\u00e1saikat pedig egy hazavihet\u0151 \u00e9lm\u00e9nyf\u00fczet seg\u00edts\u00e9g\u00e9vel dolgozhatj\u00e1k fel, saj\u00e1t temp\u00f3ban. A kisfilm \u00e9s a kiadv\u00e1nyok a Mesem\u00fazeum honlapj\u00e1n ingyenesen el\u00e9rhet\u0151k, seg\u00edtve minden \u00e9rintett gyereket, hogy biztons\u00e1gban \u00e9rezhesse mag\u00e1t az \u00faj k\u00f6rnyezetben.<\/p>\n\n\n\n<p>A t\u00e9r \u00e9s az eszk\u00f6z\u00f6k autista saj\u00e1toss\u00e1gokhoz igaz\u00edt\u00e1sa szint\u00e9n fontos kit\u00e9tele annak, hogy egy m\u00fazeum autizmusbar\u00e1t. Ehhez nem felt\u00e9tlen\u00fcl sz\u00fcks\u00e9ges (bels\u0151)\u00e9p\u00edt\u00e9szetileg \u00fajragondolni a l\u00e9tes\u00edtm\u00e9nyt. A Mesem\u00fazeumban a visszafogott f\u00e9ny- \u00e9s hanghat\u00e1sok mellett az autizmussal \u00e9l\u0151ket k\u00f6nnyen \u00e9rtelmezhet\u0151 infokommunik\u00e1ci\u00f3s piktogramok seg\u00edtik, \u00e9s az elf\u00fcgg\u00f6ny\u00f6zhet\u0151 csendessarokba is elvonulhatnak, ha nyugalomra van sz\u00fcks\u00e9g\u00fck. <\/p>\n\n\n\n<div style=\"height:31px\" aria-hidden=\"true\" class=\"wp-block-spacer\"><\/div>\n\n\n\n<figure class=\"wp-block-gallery columns-2 is-cropped wp-block-gallery-1 is-layout-flex wp-block-gallery-is-layout-flex\"><ul class=\"blocks-gallery-grid\"><li class=\"blocks-gallery-item\"><figure><img loading=\"lazy\" decoding=\"async\" width=\"722\" height=\"1024\" src=\"http:\/\/news.access4you.io\/wp-content\/uploads\/2021\/12\/Untitled-design-32-722x1024.png\" alt=\"\" data-id=\"4525\" data-full-url=\"http:\/\/news.access4you.io\/wp-content\/uploads\/2021\/12\/Untitled-design-32.png\" data-link=\"http:\/\/news.access4you.io\/?attachment_id=4525\" class=\"wp-image-4525\" srcset=\"https:\/\/news.access4you.io\/wp-content\/uploads\/2021\/12\/Untitled-design-32-722x1024.png 722w, https:\/\/news.access4you.io\/wp-content\/uploads\/2021\/12\/Untitled-design-32-211x300.png 211w, https:\/\/news.access4you.io\/wp-content\/uploads\/2021\/12\/Untitled-design-32-768x1090.png 768w, https:\/\/news.access4you.io\/wp-content\/uploads\/2021\/12\/Untitled-design-32-1083x1536.png 1083w, https:\/\/news.access4you.io\/wp-content\/uploads\/2021\/12\/Untitled-design-32-1444x2048.png 1444w, https:\/\/news.access4you.io\/wp-content\/uploads\/2021\/12\/Untitled-design-32.png 1748w\" sizes=\"auto, (max-width: 722px) 100vw, 722px\" \/><\/figure><\/li><li class=\"blocks-gallery-item\"><figure><img loading=\"lazy\" decoding=\"async\" width=\"722\" height=\"1024\" src=\"http:\/\/news.access4you.io\/wp-content\/uploads\/2021\/12\/Untitled-design-31-722x1024.png\" alt=\"\" data-id=\"4526\" data-full-url=\"http:\/\/news.access4you.io\/wp-content\/uploads\/2021\/12\/Untitled-design-31.png\" data-link=\"http:\/\/news.access4you.io\/?attachment_id=4526\" class=\"wp-image-4526\" srcset=\"https:\/\/news.access4you.io\/wp-content\/uploads\/2021\/12\/Untitled-design-31-722x1024.png 722w, https:\/\/news.access4you.io\/wp-content\/uploads\/2021\/12\/Untitled-design-31-211x300.png 211w, https:\/\/news.access4you.io\/wp-content\/uploads\/2021\/12\/Untitled-design-31-768x1090.png 768w, https:\/\/news.access4you.io\/wp-content\/uploads\/2021\/12\/Untitled-design-31-1083x1536.png 1083w, https:\/\/news.access4you.io\/wp-content\/uploads\/2021\/12\/Untitled-design-31-1444x2048.png 1444w, https:\/\/news.access4you.io\/wp-content\/uploads\/2021\/12\/Untitled-design-31.png 1748w\" sizes=\"auto, (max-width: 722px) 100vw, 722px\" \/><\/figure><\/li><\/ul><figcaption class=\"blocks-gallery-caption\">(Nemzetk\u00f6zi Csepered\u0151 Alap\u00edtv\u00e1ny, grafikus: Kecsk\u00e9s Judit)<\/figcaption><\/figure>\n\n\n\n<div style=\"height:31px\" aria-hidden=\"true\" class=\"wp-block-spacer\"><\/div>\n\n\n\n<p>A M\u00fazeumba \u00e9rkez\u0151, autizmusban \u00e9rintett csal\u00e1dok a bej\u00e1ratn\u00e1l egy ind\u00edt\u00f3csomagot is kapnak, amelyben t\u00f6bbek k\u00f6z\u00f6tt fejhallgat\u00f3 is van a zajok tomp\u00edt\u00e1s\u00e1ra, illetve olyan relax\u00e1ci\u00f3s j\u00e1t\u00e9kok, melyek seg\u00edthetnek az \u00fajrat\u00f6lt\u0151d\u00e9sben (pl. &nbsp;pop-it j\u00e1t\u00e9k \u00e9s babzs\u00e1k a stressz old\u00e1s\u00e1ra). S\u0151t, az int\u00e9zm\u00e9ny a honlapj\u00e1n arr\u00f3l is t\u00e1j\u00e9koztat, hogy melyek a s\u0171r\u0171bben l\u00e1togatott, teh\u00e1t v\u00e9lhet\u0151en zajosabb id\u0151s\u00e1vok, ezzel seg\u00edtve autista vend\u00e9geiket a sz\u00e1mukra megfelel\u0151 l\u00e1togat\u00e1si id\u0151 kiv\u00e1laszt\u00e1s\u00e1ban.<\/p>\n\n\n\n<div style=\"height:31px\" aria-hidden=\"true\" class=\"wp-block-spacer\"><\/div>\n\n\n\n<blockquote class=\"wp-block-quote is-style-large is-layout-flow wp-block-quote-is-layout-flow\"><p><strong><span class=\"has-inline-color has-vivid-cyan-blue-color\"><em>\u201eAz autizmusbar\u00e1tt\u00e1 t\u00e9tel nulladik l\u00e9p\u00e9se az autizmussal kapcsolatos szakmai tud\u00e1s \u2013 mindegy, hogy m\u00fazeumr\u00f3l vagy cip\u0151boltr\u00f3l besz\u00e9l\u00fcnk. Abban, hogy a m\u0171k\u00f6d\u00e9s minden ter\u00fclet\u00e9t az autizmusbar\u00e1t szeml\u00e9letm\u00f3d hassa \u00e1t, a munkat\u00e1rsak elk\u00f6telezetts\u00e9ge \u00e9s kompetenci\u00e1ja is d\u00f6nt\u0151 fontoss\u00e1g\u00fa\u201d<\/em> <\/span><\/strong><\/p><\/blockquote>\n\n\n\n<div style=\"height:31px\" aria-hidden=\"true\" class=\"wp-block-spacer\"><\/div>\n\n\n\n<p>\u2013 emeli ki V\u00e1rnai Zsuzsa. Elmondta, hogy a Mesem\u00fazeum munkat\u00e1rsainak t\u00f6bbalkalmas k\u00e9pz\u00e9ssel seg\u00edtettek otthonosabban mozogni az autizmusban \u00e9rintettek \u00e9s a vel\u00fck kapcsolatos pedag\u00f3gia vil\u00e1g\u00e1ban. De hi\u00e1ba inkluz\u00edv a k\u00f6zeg, testreszabott a feladat \u00e9s felk\u00e9sz\u00fclt a m\u00fazeumpedag\u00f3gus, ha a t\u00f6bbi l\u00e1togat\u00f3 \u2013 inform\u00e1ci\u00f3 h\u00edj\u00e1n \u2013 olykor nem t\u00e1mogat\u00f3an viszonyul az autizmussal \u00e9l\u0151kh\u00f6z, \u00e9s megjegyz\u00e9seket tesz egy hangosabb kacaj vagy kusza mozdulatsor l\u00e1tt\u00e1n. \u00c9pp ez\u00e9rt az Alap\u00edtv\u00e1ny k\u00e9sz\u00edtett egy t\u00e1j\u00e9koztat\u00f3 anyagot a tipikusan fejl\u0151d\u0151 gyerekek \u00e9s csal\u00e1djaik sz\u00e1m\u00e1ra az autizmusr\u00f3l.<\/p>\n\n\n\n<div style=\"height:32px\" aria-hidden=\"true\" class=\"wp-block-spacer\"><\/div>\n\n\n\n<figure class=\"wp-block-gallery columns-2 is-cropped wp-block-gallery-2 is-layout-flex wp-block-gallery-is-layout-flex\"><ul class=\"blocks-gallery-grid\"><li class=\"blocks-gallery-item\"><figure><img loading=\"lazy\" decoding=\"async\" width=\"1024\" height=\"1024\" src=\"http:\/\/news.access4you.io\/wp-content\/uploads\/2021\/12\/1-1024x1024.png\" alt=\"\" data-id=\"4528\" data-full-url=\"http:\/\/news.access4you.io\/wp-content\/uploads\/2021\/12\/1.png\" data-link=\"http:\/\/news.access4you.io\/?attachment_id=4528\" class=\"wp-image-4528\" srcset=\"https:\/\/news.access4you.io\/wp-content\/uploads\/2021\/12\/1-1024x1024.png 1024w, https:\/\/news.access4you.io\/wp-content\/uploads\/2021\/12\/1-300x300.png 300w, https:\/\/news.access4you.io\/wp-content\/uploads\/2021\/12\/1-150x150.png 150w, https:\/\/news.access4you.io\/wp-content\/uploads\/2021\/12\/1-768x768.png 768w, https:\/\/news.access4you.io\/wp-content\/uploads\/2021\/12\/1.png 1080w\" sizes=\"auto, (max-width: 1024px) 100vw, 1024px\" \/><\/figure><\/li><li class=\"blocks-gallery-item\"><figure><img loading=\"lazy\" decoding=\"async\" width=\"1024\" height=\"1024\" src=\"http:\/\/news.access4you.io\/wp-content\/uploads\/2021\/12\/2-1024x1024.png\" alt=\"\" data-id=\"4529\" data-full-url=\"http:\/\/news.access4you.io\/wp-content\/uploads\/2021\/12\/2.png\" data-link=\"http:\/\/news.access4you.io\/?attachment_id=4529\" class=\"wp-image-4529\" srcset=\"https:\/\/news.access4you.io\/wp-content\/uploads\/2021\/12\/2-1024x1024.png 1024w, https:\/\/news.access4you.io\/wp-content\/uploads\/2021\/12\/2-300x300.png 300w, https:\/\/news.access4you.io\/wp-content\/uploads\/2021\/12\/2-150x150.png 150w, https:\/\/news.access4you.io\/wp-content\/uploads\/2021\/12\/2-768x768.png 768w, https:\/\/news.access4you.io\/wp-content\/uploads\/2021\/12\/2.png 1080w\" sizes=\"auto, (max-width: 1024px) 100vw, 1024px\" \/><\/figure><\/li><li class=\"blocks-gallery-item\"><figure><img loading=\"lazy\" decoding=\"async\" width=\"1024\" height=\"1024\" src=\"http:\/\/news.access4you.io\/wp-content\/uploads\/2021\/12\/3-1024x1024.png\" alt=\"\" data-id=\"4530\" data-full-url=\"http:\/\/news.access4you.io\/wp-content\/uploads\/2021\/12\/3.png\" data-link=\"http:\/\/news.access4you.io\/?attachment_id=4530\" class=\"wp-image-4530\" srcset=\"https:\/\/news.access4you.io\/wp-content\/uploads\/2021\/12\/3-1024x1024.png 1024w, https:\/\/news.access4you.io\/wp-content\/uploads\/2021\/12\/3-300x300.png 300w, https:\/\/news.access4you.io\/wp-content\/uploads\/2021\/12\/3-150x150.png 150w, https:\/\/news.access4you.io\/wp-content\/uploads\/2021\/12\/3-768x768.png 768w, https:\/\/news.access4you.io\/wp-content\/uploads\/2021\/12\/3.png 1080w\" sizes=\"auto, (max-width: 1024px) 100vw, 1024px\" \/><\/figure><\/li><li class=\"blocks-gallery-item\"><figure><img loading=\"lazy\" decoding=\"async\" width=\"1080\" height=\"1080\" src=\"http:\/\/news.access4you.io\/wp-content\/uploads\/2021\/12\/4-1024x1024.png\" alt=\"\" data-id=\"4531\" data-full-url=\"http:\/\/news.access4you.io\/wp-content\/uploads\/2021\/12\/4.png\" data-link=\"http:\/\/news.access4you.io\/?attachment_id=4531\" class=\"wp-image-4531\" srcset=\"https:\/\/news.access4you.io\/wp-content\/uploads\/2021\/12\/4-1024x1024.png 1024w, https:\/\/news.access4you.io\/wp-content\/uploads\/2021\/12\/4-300x300.png 300w, https:\/\/news.access4you.io\/wp-content\/uploads\/2021\/12\/4-150x150.png 150w, https:\/\/news.access4you.io\/wp-content\/uploads\/2021\/12\/4-768x768.png 768w, https:\/\/news.access4you.io\/wp-content\/uploads\/2021\/12\/4.png 1080w\" sizes=\"auto, (max-width: 1080px) 100vw, 1080px\" \/><\/figure><\/li><\/ul><figcaption class=\"blocks-gallery-caption\">(Nemzetk\u00f6zi Csepered\u0151 Alap\u00edtv\u00e1ny, grafikus: Kecsk\u00e9s Judit)<\/figcaption><\/figure>\n\n\n\n<div style=\"height:31px\" aria-hidden=\"true\" class=\"wp-block-spacer\"><\/div>\n\n\n\n<p>A cs\u00fct\u00f6rt\u00f6k\u00f6n \u00e9s szombaton el\u00e9rhet\u0151 \u00e1lland\u00f3 ki\u00e1ll\u00edt\u00e1s mellett el\u0151re bejelentkez\u00e9ssel el\u00e9rhet\u0151 dr\u00e1ma- \u00e9s m\u00fazeumpedag\u00f3giai m\u0171helyfoglalkoz\u00e1sok is vannak a Mesem\u00fazeumban. Ezek autizmusbar\u00e1t adapt\u00e1ci\u00f3ja azonban \u2013 legal\u00e1bbis a seg\u00e9danyagok ter\u00e9n \u2013 m\u00e9g v\u00e1rat mag\u00e1ra. \u00c1m ha a m\u00fazeumpedag\u00f3gusok naprak\u00e9sz tud\u00e1sa, kreativit\u00e1sa, rugalmass\u00e1ga \u00e9s az adott csal\u00e1d, iskolai-\u00f3vodai csoport jellege, \u00f6sszet\u00e9tele ide\u00e1lis keretet ny\u00fajtanak, ak\u00e1r inkluz\u00edv is lehet egy-egy foglalkoz\u00e1s. A Mesem\u00fazeum 4-12 \u00e9ves kor\u00fa gyerekekre szabta a programjait, \u00e1m a korhat\u00e1r kezelhet\u0151 rugalmasan. Mint arra V\u00e1rnai Zsuzsa felh\u00edvja a figyelmet,<\/p>\n\n\n\n<blockquote class=\"wp-block-quote is-style-large is-layout-flow wp-block-quote-is-layout-flow\"><p><strong><span class=\"has-inline-color has-vivid-cyan-blue-color\"> az \u201eautizmus szem\u00fcveg\u201d felv\u00e9tele egyszerre veszi figyelembe a fejl\u0151d\u00e9si, viselked\u00e9si, gondolkod\u00e1si diverzit\u00e1st, \u00edgy egyar\u00e1nt megfelelnek a tipikus \u00e9s a speci\u00e1lis ig\u00e9ny\u0171 \u00e9rdekl\u0151d\u0151knek. <\/span><\/strong><\/p><\/blockquote>\n\n\n\n<p>\u00cdgy ak\u00e1r elt\u00e9r\u0151 fejl\u0151d\u00e9s\u0171 fiatal feln\u0151ttek is elmer\u00fclhetnek a mes\u00e9k vil\u00e1g\u00e1ban, olyanok is, akik \u2013 t\u00falkoross\u00e1guk miatt \u2013 a kisgyerekeknek sz\u00f3l\u00f3 rendezv\u00e9nyekre, esem\u00e9nyekre m\u00e1r nem j\u00f3 \u00e9rz\u00e9ssel vagy egy\u00e1ltal\u00e1n nem menn\u00e9nek el.<\/p>\n\n\n\n<p>A Mesem\u00fazeum Magyarorsz\u00e1g els\u0151 autizmusbar\u00e1t m\u00fazeum a \u2013 \u00e9s nagy es\u00e9ly van r\u00e1, hogy nem az utols\u00f3. Legal\u00e1bbis ezt c\u00e9lozza az a r\u00f6videsen megjelen\u0151, nemzetk\u00f6zi mint\u00e1kon \u00e9s a Csepered\u0151 Alap\u00edtv\u00e1ny tapasztalatain alapul\u00f3 \u00fatmutat\u00f3, amelyet dr. Sim\u00f3 Judit gyermekpszichi\u00e1ter, az Alap\u00edtv\u00e1ny kurat\u00f3riumi eln\u00f6ke szerkesztett. Ez a k\u00e9pi anyagban is gazdag kiadv\u00e1ny sorvezet\u0151t ny\u00fajt a kultur\u00e1lis int\u00e9zm\u00e9nyek, ki\u00e1ll\u00edt\u00f3helyek fenntart\u00f3i sz\u00e1m\u00e1ra, hogy milyen egy autizmusbar\u00e1t int\u00e9zm\u00e9ny, \u00e9s melyek azok a pontok, amelyeket m\u00e1r a tervez\u00e9skor \u00e9rdemes sz\u00e1m\u00edt\u00e1sba venni az autizmusban \u00e9rintettek szempontj\u00e1b\u00f3l.<\/p>\n\n\n\n<p>A projektr\u0151l \u00e9s a benne k\u00f6zrem\u0171k\u00f6d\u0151 szakemberekr\u0151l b\u0151vebben itt tal\u00e1lhat\u00f3 inform\u00e1ci\u00f3 : <a href=\"https:\/\/mesemuzeum.hu\/hu\/autizmusbarat-mesemuzeum\" target=\"_blank\" rel=\"noreferrer noopener\">https:\/\/mesemuzeum.hu\/hu\/autizmusbarat-mesemuzeum<\/a><\/p>\n\n\n\n<p>Mesem\u00fazeum: 1013 Budapest, D\u00f6brentei u. 15.<br>Telefon: +36 1 202 4020<br><a href=\"https:\/\/mesemuzeum.hu\/hu\/splash\" target=\"_blank\" rel=\"noreferrer noopener\">www.mesemuzeum.hu<\/a><\/p>\n\n\n\n<p><em>Sz\u00f6veg \u00e9s interj\u00fa: Kir\u00e1ly Eszter<br>Kiemelt k\u00e9p\u00fcnk illusztr\u00e1ci\u00f3 (Canva<\/em>)<br><em>K\u00e9pek: Nemzetk\u00f6zi Csepered\u0151 Alap\u00edtv\u00e1ny<\/em><\/p>\n\n\n\n<p><em>Olvass m\u00e9g t\u00f6bb tartalmat sp\u00e9ci emberekr\u0151l, az akad\u00e1lymentess\u00e9gr\u0151l \u00e9s a t\u00e1rsadalmi inkl\u00fazi\u00f3r\u00f3l az&nbsp;<a href=\"http:\/\/news.access4you.io\/en\/\" target=\"_blank\" rel=\"noreferrer noopener\">Access4you h\u00edrei<\/a>&nbsp;k\u00f6z\u00f6tt. N\u00e9zz k\u00f6rbe a&nbsp;<a href=\"https:\/\/access4you.io\/places\" target=\"_blank\" rel=\"noreferrer noopener\">Tan\u00fas\u00edtott helysz\u00ednek<\/a>&nbsp;men\u00fcben, ahol r\u00e9szletes inform\u00e1ci\u00f3t adunk a felm\u00e9r\u00e9sben r\u00e9szt vev\u0151 helysz\u00ednek akad\u00e1lymentess\u00e9g\u00e9r\u0151l, mindezt 8 + 1 sp\u00e9ci csoport ig\u00e9nyei alapj\u00e1n: kerekessz\u00e9ket haszn\u00e1l\u00f3k, babakocsival k\u00f6zleked\u0151k, id\u0151sek \u00e9s mozg\u00e1sukban korl\u00e1tozottak, siketek, nagyothall\u00f3k, vakok, gyeng\u00e9nl\u00e1t\u00f3k, kognit\u00edv zavarral \u00e9l\u0151k, valamint (+1) seg\u00edt\u0151kuty\u00e1val k\u00f6zleked\u0151k sz\u00e1m\u00e1ra.<\/em><\/p>","protected":false},"excerpt":{"rendered":"<p>Hogyan lehet mes\u00e9be vonni azokat, akik nehezen k\u00e9pesek elvonatkoztatni? Tudunk-e egy sok meglepet\u00e9st rejt\u0151 teret az \u00e1lland\u00f3s\u00e1ghoz szokott l\u00e9leknek is biztons\u00e1goss\u00e1 var\u00e1zsolni? \u00c9rz\u00e9kelj\u00fck \u00e9s \u00e9rt\u00e9kelj\u00fck-e a k\u00e9pzel\u0151er\u0151t azokban, akik csak d\u00f6c\u00f6g\u0151sen tudj\u00e1k kifejezni azt? Magyarorsz\u00e1g els\u0151 autizmusbar\u00e1t m\u00fazeuma a budapesti Mesem\u00fazeum lett, ahol autista \u00e9s tipikusan fejl\u0151d\u0151 gyermekek egy\u00fctt \u00e1llhatnak ki mesebeli pr\u00f3b\u00e1kat \u2013 hogy [&hellip;]<\/p>","protected":false},"author":1,"featured_media":4535,"comment_status":"closed","ping_status":"closed","sticky":false,"template":"","format":"standard","meta":{"footnotes":""},"categories":[74,10,1],"tags":[],"class_list":["post-4519","post","type-post","status-publish","format-standard","has-post-thumbnail","hentry","category-szivugyunk","category-blog","category-rovat"],"yoast_head":"<!-- This site is optimized with the Yoast SEO plugin v23.8 - https:\/\/yoast.com\/wordpress\/plugins\/seo\/ -->\n<title>Egyazon mese h\u0151sei vagyunk \u2013 A Mesem\u00fazeum lett az els\u0151 hazai autizmusbar\u00e1t ki\u00e1ll\u00edt\u00f3hely - Access4you H\u00edrek<\/title>\n<meta name=\"description\" content=\"Magyarorsz\u00e1g els\u0151 autizmusbar\u00e1t m\u00fazeuma a budapesti Mesem\u00fazeum lett, ahol autista \u00e9s tipikusan fejl\u0151d\u0151 gyermekek egy\u00fctt \u00e1llhatnak ki mesebeli pr\u00f3b\u00e1kat.\" \/>\n<meta name=\"robots\" content=\"index, follow, max-snippet:-1, max-image-preview:large, max-video-preview:-1\" \/>\n<link rel=\"canonical\" href=\"https:\/\/news.access4you.io\/en\/2021\/12\/09\/egyazon-mese-hosei-vagyunk-a-mesemuzeum-lett-az-elso-hazai-autizmusbarat-kiallitohely\/\" \/>\n<meta property=\"og:locale\" content=\"en_US\" \/>\n<meta property=\"og:type\" content=\"article\" \/>\n<meta property=\"og:title\" content=\"Egyazon mese h\u0151sei vagyunk \u2013 A Mesem\u00fazeum lett az els\u0151 hazai autizmusbar\u00e1t ki\u00e1ll\u00edt\u00f3hely - Access4you H\u00edrek\" \/>\n<meta property=\"og:description\" content=\"Magyarorsz\u00e1g els\u0151 autizmusbar\u00e1t m\u00fazeuma a budapesti Mesem\u00fazeum lett, ahol autista \u00e9s tipikusan fejl\u0151d\u0151 gyermekek egy\u00fctt \u00e1llhatnak ki mesebeli pr\u00f3b\u00e1kat.\" \/>\n<meta property=\"og:url\" content=\"https:\/\/news.access4you.io\/en\/2021\/12\/09\/egyazon-mese-hosei-vagyunk-a-mesemuzeum-lett-az-elso-hazai-autizmusbarat-kiallitohely\/\" \/>\n<meta property=\"og:site_name\" content=\"Access4you H\u00edrek\" \/>\n<meta property=\"article:published_time\" content=\"2021-12-09T10:52:46+00:00\" \/>\n<meta property=\"article:modified_time\" content=\"2021-12-11T10:37:23+00:00\" \/>\n<meta property=\"og:image\" content=\"https:\/\/news.access4you.io\/wp-content\/uploads\/2021\/12\/Mesemuzeum-2-3.png\" \/>\n\t<meta property=\"og:image:width\" content=\"1000\" \/>\n\t<meta property=\"og:image:height\" content=\"700\" \/>\n\t<meta property=\"og:image:type\" content=\"image\/png\" \/>\n<meta name=\"author\" content=\"access4you\" \/>\n<meta name=\"twitter:card\" content=\"summary_large_image\" \/>\n<meta name=\"twitter:label1\" content=\"Written by\" \/>\n\t<meta name=\"twitter:data1\" content=\"access4you\" \/>\n\t<meta name=\"twitter:label2\" content=\"Est. reading time\" \/>\n\t<meta name=\"twitter:data2\" content=\"8 minutes\" \/>\n<script type=\"application\/ld+json\" class=\"yoast-schema-graph\">{\"@context\":\"https:\/\/schema.org\",\"@graph\":[{\"@type\":\"Article\",\"@id\":\"https:\/\/news.access4you.io\/2021\/12\/09\/egyazon-mese-hosei-vagyunk-a-mesemuzeum-lett-az-elso-hazai-autizmusbarat-kiallitohely\/#article\",\"isPartOf\":{\"@id\":\"https:\/\/news.access4you.io\/2021\/12\/09\/egyazon-mese-hosei-vagyunk-a-mesemuzeum-lett-az-elso-hazai-autizmusbarat-kiallitohely\/\"},\"author\":{\"name\":\"access4you\",\"@id\":\"https:\/\/news.access4you.io\/#\/schema\/person\/cb4fff088aa5f5f43a6f4ce3a1e2e084\"},\"headline\":\"Egyazon mese h\u0151sei vagyunk \u2013 A Mesem\u00fazeum lett az els\u0151 hazai autizmusbar\u00e1t ki\u00e1ll\u00edt\u00f3hely\",\"datePublished\":\"2021-12-09T10:52:46+00:00\",\"dateModified\":\"2021-12-11T10:37:23+00:00\",\"mainEntityOfPage\":{\"@id\":\"https:\/\/news.access4you.io\/2021\/12\/09\/egyazon-mese-hosei-vagyunk-a-mesemuzeum-lett-az-elso-hazai-autizmusbarat-kiallitohely\/\"},\"wordCount\":1533,\"publisher\":{\"@id\":\"https:\/\/news.access4you.io\/#organization\"},\"image\":{\"@id\":\"https:\/\/news.access4you.io\/2021\/12\/09\/egyazon-mese-hosei-vagyunk-a-mesemuzeum-lett-az-elso-hazai-autizmusbarat-kiallitohely\/#primaryimage\"},\"thumbnailUrl\":\"https:\/\/news.access4you.io\/wp-content\/uploads\/2021\/12\/Mesemuzeum-2-3.png\",\"articleSection\":[\"Sz\u00edv\u00fcgy\u00fcnk\",\"Blog\",\"Rovat\"],\"inLanguage\":\"en-US\"},{\"@type\":\"WebPage\",\"@id\":\"https:\/\/news.access4you.io\/2021\/12\/09\/egyazon-mese-hosei-vagyunk-a-mesemuzeum-lett-az-elso-hazai-autizmusbarat-kiallitohely\/\",\"url\":\"https:\/\/news.access4you.io\/2021\/12\/09\/egyazon-mese-hosei-vagyunk-a-mesemuzeum-lett-az-elso-hazai-autizmusbarat-kiallitohely\/\",\"name\":\"Egyazon mese h\u0151sei vagyunk \u2013 A Mesem\u00fazeum lett az els\u0151 hazai autizmusbar\u00e1t ki\u00e1ll\u00edt\u00f3hely - Access4you H\u00edrek\",\"isPartOf\":{\"@id\":\"https:\/\/news.access4you.io\/#website\"},\"primaryImageOfPage\":{\"@id\":\"https:\/\/news.access4you.io\/2021\/12\/09\/egyazon-mese-hosei-vagyunk-a-mesemuzeum-lett-az-elso-hazai-autizmusbarat-kiallitohely\/#primaryimage\"},\"image\":{\"@id\":\"https:\/\/news.access4you.io\/2021\/12\/09\/egyazon-mese-hosei-vagyunk-a-mesemuzeum-lett-az-elso-hazai-autizmusbarat-kiallitohely\/#primaryimage\"},\"thumbnailUrl\":\"https:\/\/news.access4you.io\/wp-content\/uploads\/2021\/12\/Mesemuzeum-2-3.png\",\"datePublished\":\"2021-12-09T10:52:46+00:00\",\"dateModified\":\"2021-12-11T10:37:23+00:00\",\"description\":\"Magyarorsz\u00e1g els\u0151 autizmusbar\u00e1t m\u00fazeuma a budapesti Mesem\u00fazeum lett, ahol autista \u00e9s tipikusan fejl\u0151d\u0151 gyermekek egy\u00fctt \u00e1llhatnak ki mesebeli pr\u00f3b\u00e1kat.\",\"breadcrumb\":{\"@id\":\"https:\/\/news.access4you.io\/2021\/12\/09\/egyazon-mese-hosei-vagyunk-a-mesemuzeum-lett-az-elso-hazai-autizmusbarat-kiallitohely\/#breadcrumb\"},\"inLanguage\":\"en-US\",\"potentialAction\":[{\"@type\":\"ReadAction\",\"target\":[\"https:\/\/news.access4you.io\/2021\/12\/09\/egyazon-mese-hosei-vagyunk-a-mesemuzeum-lett-az-elso-hazai-autizmusbarat-kiallitohely\/\"]}]},{\"@type\":\"ImageObject\",\"inLanguage\":\"en-US\",\"@id\":\"https:\/\/news.access4you.io\/2021\/12\/09\/egyazon-mese-hosei-vagyunk-a-mesemuzeum-lett-az-elso-hazai-autizmusbarat-kiallitohely\/#primaryimage\",\"url\":\"https:\/\/news.access4you.io\/wp-content\/uploads\/2021\/12\/Mesemuzeum-2-3.png\",\"contentUrl\":\"https:\/\/news.access4you.io\/wp-content\/uploads\/2021\/12\/Mesemuzeum-2-3.png\",\"width\":1000,\"height\":700},{\"@type\":\"BreadcrumbList\",\"@id\":\"https:\/\/news.access4you.io\/2021\/12\/09\/egyazon-mese-hosei-vagyunk-a-mesemuzeum-lett-az-elso-hazai-autizmusbarat-kiallitohely\/#breadcrumb\",\"itemListElement\":[{\"@type\":\"ListItem\",\"position\":1,\"name\":\"Kezd\u0151lap\",\"item\":\"https:\/\/news.access4you.io\/\"},{\"@type\":\"ListItem\",\"position\":2,\"name\":\"Egyazon mese h\u0151sei vagyunk \u2013 A Mesem\u00fazeum lett az els\u0151 hazai autizmusbar\u00e1t ki\u00e1ll\u00edt\u00f3hely\"}]},{\"@type\":\"WebSite\",\"@id\":\"https:\/\/news.access4you.io\/#website\",\"url\":\"https:\/\/news.access4you.io\/\",\"name\":\"Access4you H\u00edrek\",\"description\":\"\",\"publisher\":{\"@id\":\"https:\/\/news.access4you.io\/#organization\"},\"potentialAction\":[{\"@type\":\"SearchAction\",\"target\":{\"@type\":\"EntryPoint\",\"urlTemplate\":\"https:\/\/news.access4you.io\/?s={search_term_string}\"},\"query-input\":{\"@type\":\"PropertyValueSpecification\",\"valueRequired\":true,\"valueName\":\"search_term_string\"}}],\"inLanguage\":\"en-US\"},{\"@type\":\"Organization\",\"@id\":\"https:\/\/news.access4you.io\/#organization\",\"name\":\"Access4you H\u00edrek\",\"url\":\"https:\/\/news.access4you.io\/\",\"logo\":{\"@type\":\"ImageObject\",\"inLanguage\":\"en-US\",\"@id\":\"https:\/\/news.access4you.io\/#\/schema\/logo\/image\/\",\"url\":\"https:\/\/news.access4you.io\/wp-content\/uploads\/2021\/01\/a4u-logo-black.png\",\"contentUrl\":\"https:\/\/news.access4you.io\/wp-content\/uploads\/2021\/01\/a4u-logo-black.png\",\"width\":726,\"height\":454,\"caption\":\"Access4you H\u00edrek\"},\"image\":{\"@id\":\"https:\/\/news.access4you.io\/#\/schema\/logo\/image\/\"}},{\"@type\":\"Person\",\"@id\":\"https:\/\/news.access4you.io\/#\/schema\/person\/cb4fff088aa5f5f43a6f4ce3a1e2e084\",\"name\":\"access4you\",\"image\":{\"@type\":\"ImageObject\",\"inLanguage\":\"en-US\",\"@id\":\"https:\/\/news.access4you.io\/#\/schema\/person\/image\/\",\"url\":\"https:\/\/secure.gravatar.com\/avatar\/9795a8b3afc7ed258d167a92dbb1075b37bab5bc83b1ac9182ff4f58c22040b8?s=96&d=mm&r=g\",\"contentUrl\":\"https:\/\/secure.gravatar.com\/avatar\/9795a8b3afc7ed258d167a92dbb1075b37bab5bc83b1ac9182ff4f58c22040b8?s=96&d=mm&r=g\",\"caption\":\"access4you\"},\"sameAs\":[\"http:\/\/localhost\/access4you\"],\"url\":\"https:\/\/news.access4you.io\/en\/author\/access4you\/\"}]}<\/script>\n<!-- \/ Yoast SEO plugin. -->","yoast_head_json":{"title":"Egyazon mese h\u0151sei vagyunk \u2013 A Mesem\u00fazeum lett az els\u0151 hazai autizmusbar\u00e1t ki\u00e1ll\u00edt\u00f3hely - Access4you H\u00edrek","description":"Magyarorsz\u00e1g els\u0151 autizmusbar\u00e1t m\u00fazeuma a budapesti Mesem\u00fazeum lett, ahol autista \u00e9s tipikusan fejl\u0151d\u0151 gyermekek egy\u00fctt \u00e1llhatnak ki mesebeli pr\u00f3b\u00e1kat.","robots":{"index":"index","follow":"follow","max-snippet":"max-snippet:-1","max-image-preview":"max-image-preview:large","max-video-preview":"max-video-preview:-1"},"canonical":"https:\/\/news.access4you.io\/en\/2021\/12\/09\/egyazon-mese-hosei-vagyunk-a-mesemuzeum-lett-az-elso-hazai-autizmusbarat-kiallitohely\/","og_locale":"en_US","og_type":"article","og_title":"Egyazon mese h\u0151sei vagyunk \u2013 A Mesem\u00fazeum lett az els\u0151 hazai autizmusbar\u00e1t ki\u00e1ll\u00edt\u00f3hely - Access4you H\u00edrek","og_description":"Magyarorsz\u00e1g els\u0151 autizmusbar\u00e1t m\u00fazeuma a budapesti Mesem\u00fazeum lett, ahol autista \u00e9s tipikusan fejl\u0151d\u0151 gyermekek egy\u00fctt \u00e1llhatnak ki mesebeli pr\u00f3b\u00e1kat.","og_url":"https:\/\/news.access4you.io\/en\/2021\/12\/09\/egyazon-mese-hosei-vagyunk-a-mesemuzeum-lett-az-elso-hazai-autizmusbarat-kiallitohely\/","og_site_name":"Access4you H\u00edrek","article_published_time":"2021-12-09T10:52:46+00:00","article_modified_time":"2021-12-11T10:37:23+00:00","og_image":[{"width":1000,"height":700,"url":"https:\/\/news.access4you.io\/wp-content\/uploads\/2021\/12\/Mesemuzeum-2-3.png","type":"image\/png"}],"author":"access4you","twitter_card":"summary_large_image","twitter_misc":{"Written by":"access4you","Est. reading time":"8 minutes"},"schema":{"@context":"https:\/\/schema.org","@graph":[{"@type":"Article","@id":"https:\/\/news.access4you.io\/2021\/12\/09\/egyazon-mese-hosei-vagyunk-a-mesemuzeum-lett-az-elso-hazai-autizmusbarat-kiallitohely\/#article","isPartOf":{"@id":"https:\/\/news.access4you.io\/2021\/12\/09\/egyazon-mese-hosei-vagyunk-a-mesemuzeum-lett-az-elso-hazai-autizmusbarat-kiallitohely\/"},"author":{"name":"access4you","@id":"https:\/\/news.access4you.io\/#\/schema\/person\/cb4fff088aa5f5f43a6f4ce3a1e2e084"},"headline":"Egyazon mese h\u0151sei vagyunk \u2013 A Mesem\u00fazeum lett az els\u0151 hazai autizmusbar\u00e1t ki\u00e1ll\u00edt\u00f3hely","datePublished":"2021-12-09T10:52:46+00:00","dateModified":"2021-12-11T10:37:23+00:00","mainEntityOfPage":{"@id":"https:\/\/news.access4you.io\/2021\/12\/09\/egyazon-mese-hosei-vagyunk-a-mesemuzeum-lett-az-elso-hazai-autizmusbarat-kiallitohely\/"},"wordCount":1533,"publisher":{"@id":"https:\/\/news.access4you.io\/#organization"},"image":{"@id":"https:\/\/news.access4you.io\/2021\/12\/09\/egyazon-mese-hosei-vagyunk-a-mesemuzeum-lett-az-elso-hazai-autizmusbarat-kiallitohely\/#primaryimage"},"thumbnailUrl":"https:\/\/news.access4you.io\/wp-content\/uploads\/2021\/12\/Mesemuzeum-2-3.png","articleSection":["Sz\u00edv\u00fcgy\u00fcnk","Blog","Rovat"],"inLanguage":"en-US"},{"@type":"WebPage","@id":"https:\/\/news.access4you.io\/2021\/12\/09\/egyazon-mese-hosei-vagyunk-a-mesemuzeum-lett-az-elso-hazai-autizmusbarat-kiallitohely\/","url":"https:\/\/news.access4you.io\/2021\/12\/09\/egyazon-mese-hosei-vagyunk-a-mesemuzeum-lett-az-elso-hazai-autizmusbarat-kiallitohely\/","name":"Egyazon mese h\u0151sei vagyunk \u2013 A Mesem\u00fazeum lett az els\u0151 hazai autizmusbar\u00e1t ki\u00e1ll\u00edt\u00f3hely - Access4you H\u00edrek","isPartOf":{"@id":"https:\/\/news.access4you.io\/#website"},"primaryImageOfPage":{"@id":"https:\/\/news.access4you.io\/2021\/12\/09\/egyazon-mese-hosei-vagyunk-a-mesemuzeum-lett-az-elso-hazai-autizmusbarat-kiallitohely\/#primaryimage"},"image":{"@id":"https:\/\/news.access4you.io\/2021\/12\/09\/egyazon-mese-hosei-vagyunk-a-mesemuzeum-lett-az-elso-hazai-autizmusbarat-kiallitohely\/#primaryimage"},"thumbnailUrl":"https:\/\/news.access4you.io\/wp-content\/uploads\/2021\/12\/Mesemuzeum-2-3.png","datePublished":"2021-12-09T10:52:46+00:00","dateModified":"2021-12-11T10:37:23+00:00","description":"Magyarorsz\u00e1g els\u0151 autizmusbar\u00e1t m\u00fazeuma a budapesti Mesem\u00fazeum lett, ahol autista \u00e9s tipikusan fejl\u0151d\u0151 gyermekek egy\u00fctt \u00e1llhatnak ki mesebeli pr\u00f3b\u00e1kat.","breadcrumb":{"@id":"https:\/\/news.access4you.io\/2021\/12\/09\/egyazon-mese-hosei-vagyunk-a-mesemuzeum-lett-az-elso-hazai-autizmusbarat-kiallitohely\/#breadcrumb"},"inLanguage":"en-US","potentialAction":[{"@type":"ReadAction","target":["https:\/\/news.access4you.io\/2021\/12\/09\/egyazon-mese-hosei-vagyunk-a-mesemuzeum-lett-az-elso-hazai-autizmusbarat-kiallitohely\/"]}]},{"@type":"ImageObject","inLanguage":"en-US","@id":"https:\/\/news.access4you.io\/2021\/12\/09\/egyazon-mese-hosei-vagyunk-a-mesemuzeum-lett-az-elso-hazai-autizmusbarat-kiallitohely\/#primaryimage","url":"https:\/\/news.access4you.io\/wp-content\/uploads\/2021\/12\/Mesemuzeum-2-3.png","contentUrl":"https:\/\/news.access4you.io\/wp-content\/uploads\/2021\/12\/Mesemuzeum-2-3.png","width":1000,"height":700},{"@type":"BreadcrumbList","@id":"https:\/\/news.access4you.io\/2021\/12\/09\/egyazon-mese-hosei-vagyunk-a-mesemuzeum-lett-az-elso-hazai-autizmusbarat-kiallitohely\/#breadcrumb","itemListElement":[{"@type":"ListItem","position":1,"name":"Kezd\u0151lap","item":"https:\/\/news.access4you.io\/"},{"@type":"ListItem","position":2,"name":"Egyazon mese h\u0151sei vagyunk \u2013 A Mesem\u00fazeum lett az els\u0151 hazai autizmusbar\u00e1t ki\u00e1ll\u00edt\u00f3hely"}]},{"@type":"WebSite","@id":"https:\/\/news.access4you.io\/#website","url":"https:\/\/news.access4you.io\/","name":"Access4you H\u00edrek","description":"","publisher":{"@id":"https:\/\/news.access4you.io\/#organization"},"potentialAction":[{"@type":"SearchAction","target":{"@type":"EntryPoint","urlTemplate":"https:\/\/news.access4you.io\/?s={search_term_string}"},"query-input":{"@type":"PropertyValueSpecification","valueRequired":true,"valueName":"search_term_string"}}],"inLanguage":"en-US"},{"@type":"Organization","@id":"https:\/\/news.access4you.io\/#organization","name":"Access4you H\u00edrek","url":"https:\/\/news.access4you.io\/","logo":{"@type":"ImageObject","inLanguage":"en-US","@id":"https:\/\/news.access4you.io\/#\/schema\/logo\/image\/","url":"https:\/\/news.access4you.io\/wp-content\/uploads\/2021\/01\/a4u-logo-black.png","contentUrl":"https:\/\/news.access4you.io\/wp-content\/uploads\/2021\/01\/a4u-logo-black.png","width":726,"height":454,"caption":"Access4you H\u00edrek"},"image":{"@id":"https:\/\/news.access4you.io\/#\/schema\/logo\/image\/"}},{"@type":"Person","@id":"https:\/\/news.access4you.io\/#\/schema\/person\/cb4fff088aa5f5f43a6f4ce3a1e2e084","name":"access4you","image":{"@type":"ImageObject","inLanguage":"en-US","@id":"https:\/\/news.access4you.io\/#\/schema\/person\/image\/","url":"https:\/\/secure.gravatar.com\/avatar\/9795a8b3afc7ed258d167a92dbb1075b37bab5bc83b1ac9182ff4f58c22040b8?s=96&d=mm&r=g","contentUrl":"https:\/\/secure.gravatar.com\/avatar\/9795a8b3afc7ed258d167a92dbb1075b37bab5bc83b1ac9182ff4f58c22040b8?s=96&d=mm&r=g","caption":"access4you"},"sameAs":["http:\/\/localhost\/access4you"],"url":"https:\/\/news.access4you.io\/en\/author\/access4you\/"}]}},"_links":{"self":[{"href":"https:\/\/news.access4you.io\/en\/wp-json\/wp\/v2\/posts\/4519","targetHints":{"allow":["GET"]}}],"collection":[{"href":"https:\/\/news.access4you.io\/en\/wp-json\/wp\/v2\/posts"}],"about":[{"href":"https:\/\/news.access4you.io\/en\/wp-json\/wp\/v2\/types\/post"}],"author":[{"embeddable":true,"href":"https:\/\/news.access4you.io\/en\/wp-json\/wp\/v2\/users\/1"}],"replies":[{"embeddable":true,"href":"https:\/\/news.access4you.io\/en\/wp-json\/wp\/v2\/comments?post=4519"}],"version-history":[{"count":0,"href":"https:\/\/news.access4you.io\/en\/wp-json\/wp\/v2\/posts\/4519\/revisions"}],"wp:featuredmedia":[{"embeddable":true,"href":"https:\/\/news.access4you.io\/en\/wp-json\/wp\/v2\/media\/4535"}],"wp:attachment":[{"href":"https:\/\/news.access4you.io\/en\/wp-json\/wp\/v2\/media?parent=4519"}],"wp:term":[{"taxonomy":"category","embeddable":true,"href":"https:\/\/news.access4you.io\/en\/wp-json\/wp\/v2\/categories?post=4519"},{"taxonomy":"post_tag","embeddable":true,"href":"https:\/\/news.access4you.io\/en\/wp-json\/wp\/v2\/tags?post=4519"}],"curies":[{"name":"wp","href":"https:\/\/api.w.org\/{rel}","templated":true}]}}