{"id":4548,"date":"2022-01-19T14:35:59","date_gmt":"2022-01-19T14:35:59","guid":{"rendered":"http:\/\/news.access4you.io\/?p=4548"},"modified":"2022-01-19T14:36:01","modified_gmt":"2022-01-19T14:36:01","slug":"a-tudas-reven-leszek-kepes-lepest-tartani-a-tarsaimmal","status":"publish","type":"post","link":"https:\/\/news.access4you.io\/en\/2022\/01\/19\/a-tudas-reven-leszek-kepes-lepest-tartani-a-tarsaimmal\/","title":{"rendered":"\u201eA tud\u00e1s r\u00e9v\u00e9n leszek k\u00e9pes l\u00e9p\u00e9st tartani a t\u00e1rsaimmal\u201d"},"content":{"rendered":"<p><strong>A nyolcvanas \u00e9vek elej\u00e9n nem csak a \u201eh\u00e1zt\u00e1ji\u201d sz\u00e1m\u00edt\u00f3g\u00e9phaszn\u00e1lat j\u00e1rt gyerekcip\u0151ben Magyarorsz\u00e1gon, de Szuhaj Mih\u00e1ly is. Az akkor alig kiskamasz kondorosi fi\u00fa elvesz\u00edtette a l\u00e1t\u00e1s\u00e1t, \u00e1m az a fajta sr\u00e1c volt, aki megtal\u00e1lta a \u201econtinue\u201d gombot a \u201egame over\u201d mellett. Tal\u00e1n nem v\u00e9letlen, hogy a kez\u00e9be ker\u00fclhetett az els\u0151 magyarul besz\u00e9l\u0151 sz\u00e1m\u00edt\u00f3g\u00e9p, \u00e9s az sem, hogy csapat\u00e1val ma \u0151 seg\u00edt sorst\u00e1rsai t\u00edzezreinek hozz\u00e1f\u00e9rni a digit\u00e1lis vil\u00e1ghoz. Vagyis a j\u00f6v\u0151h\u00f6z. Az Informatika a L\u00e1t\u00e1ss\u00e9r\u00fcltek\u00e9rt Alap\u00edtv\u00e1ny (InfoAlap) kurat\u00f3riumi eln\u00f6k\u00e9vel, a 2003-ban az \u00c9v ember\u00e9nek v\u00e1lasztott Szuhaj Mih\u00e1llyal besz\u00e9lgett\u00fcnk.<\/strong> Kir\u00e1ly Eszter interj\u00faja<\/p>\n\n\n\n<p><strong><em>Kir\u00e1ly Eszter:<\/em> \u00c9pp a vil\u00e1g felfedez\u00e9se el\u0151tt \u00e1ll\u00f3, t\u00edz\u00e9ves fi\u00fak\u00e9nt vesz\u00edtetted el a l\u00e1t\u00e1sodat. Aki egy ilyen fontos megismer\u00e9si csatorn\u00e1t n\u00e9lk\u00fcl\u00f6z, hogyan k\u00e9pes meg\u0151rizni a k\u00edv\u00e1ncsis\u00e1g\u00e1t?<\/strong><\/p>\n\n\n\n<p><em>Szuhaj Mih\u00e1ly:<\/em> Van egy ikertestv\u00e9rem, akivel egy\u00fctt j\u00e1rtunk \u00e1ltal\u00e1nos iskol\u00e1ba Kondoroson. Egy\u00fctt j\u00f6tt\u00fcnk-ment\u00fcnk, egy padban is \u00fclt\u00fcnk, \u00edgy teltek az als\u00f3 tagozatos \u00e9vek. Ennek v\u00e9g\u00e9n vesz\u00edtettem el a l\u00e1t\u00e1somat egy agydaganat-oper\u00e1ci\u00f3 sor\u00e1n. Akkoriban m\u00e9g nem terjedt el a fogyat\u00e9kos gyermekek integr\u00e1lt oktat\u00e1sa, a l\u00e1t\u00e1ss\u00e9r\u00fcltek jellemz\u0151en szegreg\u00e1lt, speci\u00e1lis int\u00e9zm\u00e9nyekben tanultak. Az \u00e9n sz\u00fcleim viszont kiharcolt\u00e1k, hogy tov\u00e1bbra is a helyi iskol\u00e1ba j\u00e1rhassak. Mivel ez nagy k\u00fczdelem volt, \u00f3ri\u00e1si hajt\u00f3er\u0151v\u00e9 v\u00e1lt bennem a v\u00e1gy, hogy bizony\u00edtsam: helyt tudok \u00e1llni. Emellett egyre er\u0151sebben \u00e9reztem, hogy a tanul\u00e1sban, a tud\u00e1s r\u00e9v\u00e9n leszek k\u00e9pes l\u00e9p\u00e9st tartani a t\u00e1rsaimmal.<\/p>\n\n\n\n<p><strong>KE:<\/strong> <strong>Hogyan ker\u00fclt\u00e9l kapcsolatba a sz\u00e1m\u00edt\u00e1stechnik\u00e1val?<\/strong><\/p>\n\n\n\n<p>SZM: Tizen\u00f6t \u00e9ves voltam, amikor Magyarorsz\u00e1gon is megjelentek az els\u0151 olyan sz\u00e1m\u00edt\u00f3g\u00e9pek, amelyeket a h\u00e9tk\u00f6znapi emberek is elkezdtek otthon haszn\u00e1lni \u2013 ez volt a Commodor 64-es korszak. Ekkoriban sok helyen, \u00edgy n\u00e1lunk is ind\u00edtottak sz\u00e1m\u00edt\u00f3g\u00e9pes tanfolyamokat. A n\u0151v\u00e9remmel egy\u00fctt beiratkoztam egy ilyen kurzusra, ahol nagyon megszerettem a sz\u00e1m\u00edt\u00f3g\u00e9p-kezel\u00e9st. Jobban is ment nekem, mint a n\u0151v\u00e9remnek\u2026 Fejben m\u00e1r ekkor is \u00edrtam BASIC-programokat. A lelkesed\u00e9sem l\u00e1tt\u00e1n a sz\u00fcleim megvettek nekem egy magyarul besz\u00e9l\u0151 kis sz\u00e1m\u00edt\u00f3g\u00e9pet, a BraiLab-ot. Innen m\u00e1r egyenes \u00fat vezetett az informatikai p\u00e1ly\u00e1hoz.<\/p>\n\n\n\n<p><strong>KE: Mihez kellett sz\u00e1modra a legnagyobb b\u00e1tors\u00e1g?<\/strong><\/p>\n\n\n\n<p>SZM: Az \u00f6n\u00e1ll\u00f3sod\u00e1shoz. A v\u00e9dett k\u00f6rnyezet egyszerre biztons\u00e1g \u00e9s vesz\u00e9ly. Biztons\u00e1g, hiszen kib\u00e9lelt k\u00f6zeg, odafigyelnek az emberre, minden k\u00e9nyelmes \u2013 de vesz\u00e9ly is, hiszen a k\u00fclvil\u00e1g nem ilyen. Sok fogyat\u00e9koss\u00e1ggal \u00e9l\u0151 gyermek csal\u00e1dja esik a t\u00falf\u00e9lt\u00e9s hib\u00e1j\u00e1ba. Nem engedik a saj\u00e1t \u00fatj\u00e1ra l\u00e9pni a gyermeket, nem hagyj\u00e1k egyszer-k\u00e9tszer elbotlani, \u00edgy pedig a k\u00e9s\u0151bbi \u00f6n\u00e1ll\u00f3 \u00e9letvitelt lehetetlen\u00edtik el. Egy sz\u00fcl\u0151nek el kell tudnia engedni a gyereke kez\u00e9t m\u00e9g akkor is, ha fogyat\u00e9kos. Persze van olyan, aki nem k\u00e9pes az \u00f6n\u00e1ll\u00f3 \u00e9letvitelre, de a l\u00e1t\u00e1ss\u00e9r\u00fclt fiatalok t\u00f6bbs\u00e9ge meg tud \u00e1llni a l\u00e1b\u00e1n.<\/p>\n\n\n\n<p><strong>KE: Neked is van egy gyermeked. Mit \u201enyert\u00e9l ki\u201d a k\u00fczdelmeidb\u0151l, amit tov\u00e1bb tudt\u00e1l adni neki?<\/strong><\/p>\n\n\n\n<p>SZM: \u00c9ppen az elindul\u00e1st, a b\u00e1tors\u00e1got. Tal\u00e1n az \u00e9n gyerekkoromban megtal\u00e1lt b\u00e1tors\u00e1g kellett ahhoz, hogy vele is b\u00e1trak legy\u00fcnk, \u00e9s b\u00edzzunk benne. P\u00e9ld\u00e1ul mi kor\u00e1bban engedt\u00fck \u0151t egyed\u00fcl iskol\u00e1ba j\u00e1rni. Amikor a t\u00f6bbieket m\u00e9g aut\u00f3val vitt\u00e9k, \u0151 m\u00e1r \u00f6n\u00e1ll\u00f3an j\u00f6tt-ment, mert l\u00e1ttuk, hogy van annyira \u00e9rett, \u00e9s odafigyel\u00e9ssel k\u00f6zlekedik.<\/p>\n\n\n\n<figure class=\"wp-block-image size-large\"><img loading=\"lazy\" decoding=\"async\" width=\"1024\" height=\"683\" src=\"http:\/\/news.access4you.io\/wp-content\/uploads\/2022\/01\/DSC_6339r-1-1024x683.jpg\" alt=\"\" class=\"wp-image-4550\" srcset=\"https:\/\/news.access4you.io\/wp-content\/uploads\/2022\/01\/DSC_6339r-1-1024x683.jpg 1024w, https:\/\/news.access4you.io\/wp-content\/uploads\/2022\/01\/DSC_6339r-1-300x200.jpg 300w, https:\/\/news.access4you.io\/wp-content\/uploads\/2022\/01\/DSC_6339r-1-768x513.jpg 768w, https:\/\/news.access4you.io\/wp-content\/uploads\/2022\/01\/DSC_6339r-1.jpg 1500w\" sizes=\"auto, (max-width: 1024px) 100vw, 1024px\" \/><figcaption>Szuhaj Mih\u00e1ly csal\u00e1dj\u00e1val (Fot\u00f3: H\u00e1mori Zs\u00f3fia)<\/figcaption><\/figure>\n\n\n\n<p><strong>KE: Kor\u00e1bban azt is <a href=\"http:\/\/files.remlac.hu\/konyveim\/00_remenyiklaszlo_a7kotetszovegesvaltozata\/fejezetekrebontva_01akikasotetbenislatnak\/20_szuhaj_mihaly_28_felallasban_vilagsz%C3%ADnvonalon.htm\" target=\"_blank\" rel=\"noreferrer noopener\">elmes\u00e9lted<\/a>, hogy az egyetemen a hallgat\u00f3t\u00e1rsaid olvast\u00e1k f\u00f6l neked magn\u00f3ra a tananyagot, \u00e9s hogy a vaks\u00e1godat egy karateedz\u0151 is seg\u00edtett l\u00e9lekben feldolgozni. Teh\u00e1t a csal\u00e1dod\u00e9n t\u00fal is sok emberi seg\u00edts\u00e9get kapt\u00e1l. Ma a programoz\u00f3i, fejleszt\u0151i munk\u00e1ddal te g\u00e9pi seg\u00edts\u00e9get teszel el\u00e9rhet\u0151v\u00e9 a sorst\u00e1rsaidnak. Hogyan \u00e9rdemes a szem\u00e9lyi \u00e9s a g\u00e9pi seg\u00edts\u00e9gr\u0151l gondolkodni?<\/strong><\/p>\n\n\n\n<p>SZM: Mindkett\u0151re sz\u00fcks\u00e9g van, ezek kieg\u00e9sz\u00edtik egym\u00e1st. A g\u00e9pi seg\u00edts\u00e9g egyik el\u0151nye, hogy amennyiben megvannak a megfelel\u0151 eszk\u00f6z\u00f6k \u00e9s a haszn\u00e1lati ismeretek, a l\u00e1t\u00e1ss\u00e9r\u00fclt emberek b\u00e1rmikor ig\u00e9nybe vehetik ezt a seg\u00edts\u00e9get, m\u00edg az emberi k\u00f6zrem\u0171k\u00f6d\u00e9st szervezni kell. A g\u00e9phaszn\u00e1lat cs\u00f6kkenti a kiszolg\u00e1ltatotts\u00e1g-\u00e9rz\u00e9st, az \u00f6n\u00e1ll\u00f3an elv\u00e9gzett feladat t\u00e1pl\u00e1lja a s\u00e9r\u00fclt ember \u00f6nbizalm\u00e1t, hiszen megtapasztalja, hogy seg\u00edts\u00e9gk\u00e9r\u00e9s n\u00e9lk\u00fcl is k\u00e9pes kompenz\u00e1lni a fogyat\u00e9koss\u00e1g\u00e1t. Ugyanakkor az emberi seg\u00edts\u00e9g sem n\u00e9lk\u00fcl\u00f6zhet\u0151, hiszen k\u00f6z\u00f6ss\u00e9gben \u00e9l\u00fcnk, kapcsol\u00f3dunk egym\u00e1shoz, az emberi k\u00f6t\u0151d\u00e9st nem lehet g\u00e9pekkel p\u00f3tolni. Nem szabad kiszakadni a vil\u00e1gb\u00f3l csak az\u00e9rt, mert a g\u00e9p is alkalmas sokmindenre. A mechanikus seg\u00edts\u00e9g a l\u00e1t\u00e1ss\u00e9r\u00fclt emberek eset\u00e9ben azt jelenti, hogy a g\u00e9p felolvassa, teh\u00e1t hangz\u00f3v\u00e1 teszi, vagy Braille-kijelz\u00e9s r\u00e9v\u00e9n tapinthat\u00f3v\u00e1 alak\u00edtja az inform\u00e1ci\u00f3t. A g\u00e9pi felolvas\u00e1s hangz\u00e1sa m\u00e9g sok vak ember f\u00fcl\u00e9nek idegen, hiszen nem olyan kellemes, mint az emberi hang. Az Informatika a L\u00e1t\u00e1ss\u00e9r\u00fcltek\u00e9rt Alap\u00edtv\u00e1nnyal (<a href=\"https:\/\/infoalap.hu\/\" target=\"_blank\" rel=\"noreferrer noopener\">InfoAlap<\/a>) t\u00f6bbek k\u00f6z\u00f6tt erre az ig\u00e9nyre reag\u00e1lva ind\u00edtottuk el \u00e9s m\u0171k\u00f6dtetj\u00fck a <a href=\"http:\/\/laprolhangra.hu\/\" target=\"_blank\" rel=\"noreferrer noopener\">Lapr\u00f3l hangra<\/a> k\u00f6z\u00f6ss\u00e9gi \u00f6sszefog\u00e1s port\u00e1lj\u00e1t, amelyen cikkek, \u00fajs\u00e1gok, foly\u00f3iratok \u00f6nk\u00e9ntesek \u00e1ltal felolvasott hanganyagait tessz\u00fck el\u00e9rhet\u0151v\u00e9 l\u00e1t\u00e1ss\u00e9r\u00fclt, olvasni v\u00e1gy\u00f3 embereknek.<\/p>\n\n\n\n<p><strong>KE: Az InfoAlap szoftvereket fejleszt \u00e9s honos\u00edt, tr\u00e9ninganyagokkal, eszk\u00f6zadom\u00e1nyokkal seg\u00edti a tanul\u00e1sban a vak \u00e9s gyeng\u00e9nl\u00e1t\u00f3 embereket. Melyek azok az alapvet\u0151 szoftverek, amelyekre m\u00e1r egy \u00e1ltal\u00e1nos iskol\u00e1s l\u00e1t\u00e1ss\u00e9r\u00fclt gyereknek is sz\u00fcks\u00e9ge van?<\/strong><\/p>\n\n\n\n<p>SZM: A sz\u00e1m\u00edt\u00f3g\u00e9phaszn\u00e1lat ma m\u00e1r evidencia. Az iskol\u00e1ban nem csak az informatika\u00f3r\u00e1n, de egy\u00e9b k\u00f6zismereti tant\u00e1rgyakhoz is elengedhetetlen a digit\u00e1lis kompetencia. Ebb\u0151l a l\u00e1t\u00e1ss\u00e9r\u00fclt gyerekeknek sem szabad kimaradniuk. Azok a vak vagy gyeng\u00e9nl\u00e1t\u00f3 gyerekek, akiknek nincsenek tov\u00e1bbi fogyat\u00e9koss\u00e1gaik, m\u00e1r szinte kiv\u00e9tel n\u00e9lk\u00fcl integr\u00e1lt oktat\u00e1sban vesznek r\u00e9szt, teh\u00e1t ott kell helyt\u00e1llniuk, ahol l\u00e1t\u00f3 t\u00e1rsaiknak. Mivel egy l\u00e1t\u00e1ss\u00e9r\u00fclt gyermek teljesen egy\u00e9nre szabott figyelmet nem felt\u00e9tlen\u00fcl tud kapni az oktat\u00e1si rendszert\u0151l, neki kell felk\u00e9sz\u00fcltnek lennie, hogy l\u00e9p\u00e9st tudjon tartani. Ehhez tudnia kell haszn\u00e1lni az eszk\u00f6zeit. A sz\u00e1m\u00edt\u00f3g\u00e9pekre vak gyermek eset\u00e9ben k\u00e9perny\u0151olvas\u00f3, gyeng\u00e9nl\u00e1t\u00f3 gyermekn\u00e9l pedig k\u00e9perny\u0151nagy\u00edt\u00f3 szoftver sz\u00fcks\u00e9ges. Vannak olyan digit\u00e1lis nagy\u00edt\u00f3eszk\u00f6z\u00f6k, amelyeket kifejezetten tantermi haszn\u00e1latra aj\u00e1nl a gy\u00e1rt\u00f3: ezekkel egyszerre lehet megfelel\u0151 m\u00e9retben, kontrasztos sz\u00ednm\u00f3dban l\u00e1tni a t\u00e1bl\u00e1t \u00e9s az asztalon l\u00e9v\u0151 dokumentumot, tank\u00f6nyvet, f\u00fczetet.<\/p>\n\n\n\n<p><strong>KE: Az oktat\u00e1si infrastrukt\u00fara szempontj\u00e1b\u00f3l mi kell m\u00e9g ahhoz, hogy egy l\u00e1t\u00e1ss\u00e9r\u00fclt gyermek t\u00e9nyleg akad\u00e1lytalanul tanulhasson?<\/strong><\/p>\n\n\n\n<p>SZM: Egy vak gyermekn\u00e9l az iskola fizikai akad\u00e1lymentes\u00edt\u00e9s\u00e9nek nincs olyan nagy jelent\u0151s\u00e9ge, hiszen a l\u00e9pcs\u0151n fel tud menni, t\u00e1mpontok alapj\u00e1n k\u00e9pes t\u00e1j\u00e9koz\u00f3dni. A gyeng\u00e9nl\u00e1t\u00f3 gyerekek eset\u00e9ben fontos, hogy a sz\u00edn- \u00e9s f\u00e9nyviszonyok optim\u00e1lisak legyenek a tantermekben. Az mindk\u00e9t csoportnak l\u00e9nyeges, hogy a tananyagok felolvashat\u00f3ak, \u00e1talak\u00edthat\u00f3ak legyenek, illetve elektronikusan, akad\u00e1lymentes dokumentumk\u00e9nt is hozz\u00e1f\u00e9rhessenek. J\u00f3, ha van olyan szoftvere a s\u00e9r\u00fclt gyermeknek, aminek seg\u00edts\u00e9g\u00e9vel tud hangosk\u00f6nyvet k\u00e9sz\u00edteni mag\u00e1nak, vagy \u00e1t tud konvert\u00e1lni egy dokumentumot pont\u00edr\u00e1s\u00fa nyomtat\u00e1sra, ha \u00e9ppen arra van sz\u00fcks\u00e9ge. Ilyen dokumentum-akad\u00e1lymentes\u00edt\u0151 szoftvert az InfoAlap is fejleszt.<\/p>\n\n\n\n<p><strong>KE: Ahogy kor\u00e1bban eml\u00edtetted, a digit\u00e1lis \u00edr\u00e1stud\u00e1s ma m\u00e1r evidencia, ugyanakkor \u00e1rnyoldalai is vannak. Egyre gyakoribb az internet-, vide\u00f3j\u00e1t\u00e9k- vagy k\u00f6z\u00f6ss\u00e9gim\u00e9dia-f\u00fcgg\u0151s\u00e9g. Hogyan \u00e9rinti mindez a l\u00e1t\u00e1ss\u00e9r\u00fclt gyerekeket, akik nem ker\u00fclhetik meg a sz\u00e1m\u00edt\u00f3g\u00e9p-haszn\u00e1latot?<\/strong><\/p>\n\n\n\n<p>SZM: Szerintem egy l\u00e1t\u00e1ss\u00e9r\u00fclt fiatal tudatosabb sz\u00e1m\u00edt\u00f3g\u00e9p-felhaszn\u00e1l\u00f3, mert \u0151 tiszt\u00e1ban van vele, hogy ez egy seg\u00e9deszk\u00f6z a sz\u00e1m\u00e1ra, nem pedig j\u00e1t\u00e9kszer. Persze \u0151 is haszn\u00e1lja kapcsolattart\u00e1sra, \u0151 is jelen van a k\u00f6z\u00f6ss\u00e9gi port\u00e1lokon, de ez n\u00e1la nem olyan domin\u00e1ns, mint a l\u00e1t\u00f3 gyerekekn\u00e9l.<\/p>\n\n\n\n<p><strong>KE: Az Orsz\u00e1glicensz programotokban szoftverek licensz\u00e9t lehet ig\u00e9nyelni. Milyen lehet\u0151s\u00e9ghez juthatnak \u00edgy a vak \u00e9s gyeng\u00e9nl\u00e1t\u00f3 felhaszn\u00e1l\u00f3k?<\/strong><\/p>\n\n\n\n<p>SZM: A nemzetk\u00f6zi sz\u00ednt\u00e9ren is legelterjedtebb, pr\u00e9miumkateg\u00f3ri\u00e1s l\u00e1t\u00e1ss\u00e9r\u00fclteket szolg\u00e1l\u00f3 szoftverek az amerikai fejleszt\u00e9s\u0171 JAWS for Windows k\u00e9perny\u0151olvas\u00f3 \u00e9s ZoomText k\u00e9perny\u0151nagy\u00edt\u00f3. Ezeket piaci \u00e1ron a magyar l\u00e1t\u00e1ss\u00e9r\u00fclt felhaszn\u00e1l\u00f3k nem tudj\u00e1k megvenni, ez\u00e9rt az InfoAlap h\u00fasz \u00e9vvel ezel\u0151tt felv\u00e1llalta ezeknek a honos\u00edt\u00e1s\u00e1t, \u00e9s megkezdte az adom\u00e1nyoz\u00e1sukat. Mindig gy\u0171jt\u00f6tt\u00fck a forr\u00e1st, \u00e9s \u00e9vr\u0151l \u00e9vre meghirdett\u00fck a szoftverlicensz-p\u00e1ly\u00e1zatot. Egy id\u0151 ut\u00e1n azonban l\u00e1tszott, hogy j\u00f3val t\u00f6bb az ig\u00e9ny, mint amit mi \u00f6ner\u0151b\u0151l ki tudunk szolg\u00e1lni, ez\u00e9rt kezdem\u00e9nyezt\u00fcnk egy meg\u00e1llapod\u00e1st. Ennek keret\u00e9ben az \u00e1llam egy egy\u00f6sszeg\u0171 v\u00e1s\u00e1rl\u00e1sban megveszi ezen szoftverek adott id\u0151tartamra sz\u00f3l\u00f3 licensz\u00e9t, amelyek m\u00e1r ingyen \u00e9s korl\u00e1toz\u00e1sok n\u00e9lk\u00fcl ker\u00fclnek sz\u00e9toszt\u00e1sra az ig\u00e9nyl\u0151k k\u00f6z\u00f6tt. Az <a href=\"https:\/\/akadalymentes.magyarorszag.hu\/\">Orsz\u00e1glicensz<\/a> l\u00e9nyege teh\u00e1t, hogy korl\u00e1tlan sz\u00e1mban \u00e1llnak rendelkez\u00e9sre licenszek, nem kell azt mondanunk a p\u00e1ly\u00e1z\u00f3nak, hogy elfogyott, \u00e9s j\u00f6jj\u00f6n j\u00f6v\u0151re.<\/p>\n\n\n\n<p><em>Sz\u00f6veg \u00e9s interj\u00fa: Kir\u00e1ly Eszter<br>Fot\u00f3k: H\u00e1mori Zs\u00f3fia<\/em><\/p>\n\n\n\n<p><em>Olvass m\u00e9g t\u00f6bb tartalmat sp\u00e9ci emberekr\u0151l, az akad\u00e1lymentess\u00e9gr\u0151l \u00e9s a t\u00e1rsadalmi inkl\u00fazi\u00f3r\u00f3l az&nbsp;<a href=\"http:\/\/news.access4you.io\/en\/\" target=\"_blank\" rel=\"noreferrer noopener\">Access4you h\u00edrei<\/a>&nbsp;k\u00f6z\u00f6tt. N\u00e9zz k\u00f6rbe a&nbsp;<a href=\"https:\/\/access4you.io\/places\" target=\"_blank\" rel=\"noreferrer noopener\">Tan\u00fas\u00edtott helysz\u00ednek<\/a>&nbsp;men\u00fcben, ahol r\u00e9szletes inform\u00e1ci\u00f3t adunk a felm\u00e9r\u00e9sben r\u00e9szt vev\u0151 helysz\u00ednek akad\u00e1lymentess\u00e9g\u00e9r\u0151l, mindezt 8 + 1 sp\u00e9ci csoport ig\u00e9nyei alapj\u00e1n: kerekessz\u00e9ket haszn\u00e1l\u00f3k, babakocsival k\u00f6zleked\u0151k, id\u0151sek \u00e9s mozg\u00e1sukban korl\u00e1tozottak, siketek, nagyothall\u00f3k, vakok, gyeng\u00e9nl\u00e1t\u00f3k, kognit\u00edv zavarral \u00e9l\u0151k, valamint (+1) seg\u00edt\u0151kuty\u00e1val k\u00f6zleked\u0151k sz\u00e1m\u00e1ra.<\/em><\/p>","protected":false},"excerpt":{"rendered":"<p>A nyolcvanas \u00e9vek elej\u00e9n nem csak a \u201eh\u00e1zt\u00e1ji\u201d sz\u00e1m\u00edt\u00f3g\u00e9phaszn\u00e1lat j\u00e1rt gyerekcip\u0151ben Magyarorsz\u00e1gon, de Szuhaj Mih\u00e1ly is. Az akkor alig kiskamasz kondorosi fi\u00fa elvesz\u00edtette a l\u00e1t\u00e1s\u00e1t, \u00e1m az a fajta sr\u00e1c volt, aki megtal\u00e1lta a \u201econtinue\u201d gombot a \u201egame over\u201d mellett. Tal\u00e1n nem v\u00e9letlen, hogy a kez\u00e9be ker\u00fclhetett az els\u0151 magyarul besz\u00e9l\u0151 sz\u00e1m\u00edt\u00f3g\u00e9p, \u00e9s az sem, [&hellip;]<\/p>","protected":false},"author":1,"featured_media":4549,"comment_status":"closed","ping_status":"closed","sticky":false,"template":"","format":"standard","meta":{"footnotes":""},"categories":[74,10],"tags":[],"class_list":["post-4548","post","type-post","status-publish","format-standard","has-post-thumbnail","hentry","category-szivugyunk","category-blog"],"yoast_head":"<!-- This site is optimized with the Yoast SEO plugin v23.8 - https:\/\/yoast.com\/wordpress\/plugins\/seo\/ -->\n<title>\u201eA tud\u00e1s r\u00e9v\u00e9n leszek k\u00e9pes l\u00e9p\u00e9st tartani a t\u00e1rsaimmal\u201d - Access4you H\u00edrek<\/title>\n<meta name=\"description\" content=\"40 \u00e9ve Szuhaj Mih\u00e1ly kez\u00e9be ker\u00fclt az egyik els\u0151 magyarul besz\u00e9l\u0151 sz\u00e1m\u00edt\u00f3g\u00e9p, ma \u0151 seg\u00edt a l\u00e1t\u00e1ss\u00e9r\u00fclt sorst\u00e1rsainak hozz\u00e1f\u00e9rni a digit\u00e1lis vil\u00e1ghoz.\" \/>\n<meta name=\"robots\" content=\"index, follow, max-snippet:-1, max-image-preview:large, max-video-preview:-1\" \/>\n<link rel=\"canonical\" href=\"https:\/\/news.access4you.io\/en\/2022\/01\/19\/a-tudas-reven-leszek-kepes-lepest-tartani-a-tarsaimmal\/\" \/>\n<meta property=\"og:locale\" content=\"en_US\" \/>\n<meta property=\"og:type\" content=\"article\" \/>\n<meta property=\"og:title\" content=\"\u201eA tud\u00e1s r\u00e9v\u00e9n leszek k\u00e9pes l\u00e9p\u00e9st tartani a t\u00e1rsaimmal\u201d - Access4you H\u00edrek\" \/>\n<meta property=\"og:description\" content=\"40 \u00e9ve Szuhaj Mih\u00e1ly kez\u00e9be ker\u00fclt az egyik els\u0151 magyarul besz\u00e9l\u0151 sz\u00e1m\u00edt\u00f3g\u00e9p, ma \u0151 seg\u00edt a l\u00e1t\u00e1ss\u00e9r\u00fclt sorst\u00e1rsainak hozz\u00e1f\u00e9rni a digit\u00e1lis vil\u00e1ghoz.\" \/>\n<meta property=\"og:url\" content=\"https:\/\/news.access4you.io\/en\/2022\/01\/19\/a-tudas-reven-leszek-kepes-lepest-tartani-a-tarsaimmal\/\" \/>\n<meta property=\"og:site_name\" content=\"Access4you H\u00edrek\" \/>\n<meta property=\"article:published_time\" content=\"2022-01-19T14:35:59+00:00\" \/>\n<meta property=\"article:modified_time\" content=\"2022-01-19T14:36:01+00:00\" \/>\n<meta property=\"og:image\" content=\"https:\/\/news.access4you.io\/wp-content\/uploads\/2022\/01\/DSC_6351r-1.jpg\" \/>\n\t<meta property=\"og:image:width\" content=\"1500\" \/>\n\t<meta property=\"og:image:height\" content=\"1001\" \/>\n\t<meta property=\"og:image:type\" content=\"image\/jpeg\" \/>\n<meta name=\"author\" content=\"access4you\" \/>\n<meta name=\"twitter:card\" content=\"summary_large_image\" \/>\n<meta name=\"twitter:label1\" content=\"Written by\" \/>\n\t<meta name=\"twitter:data1\" content=\"access4you\" \/>\n\t<meta name=\"twitter:label2\" content=\"Est. reading time\" \/>\n\t<meta name=\"twitter:data2\" content=\"10 minutes\" \/>\n<script type=\"application\/ld+json\" class=\"yoast-schema-graph\">{\"@context\":\"https:\/\/schema.org\",\"@graph\":[{\"@type\":\"Article\",\"@id\":\"https:\/\/news.access4you.io\/2022\/01\/19\/a-tudas-reven-leszek-kepes-lepest-tartani-a-tarsaimmal\/#article\",\"isPartOf\":{\"@id\":\"https:\/\/news.access4you.io\/2022\/01\/19\/a-tudas-reven-leszek-kepes-lepest-tartani-a-tarsaimmal\/\"},\"author\":{\"name\":\"access4you\",\"@id\":\"https:\/\/news.access4you.io\/#\/schema\/person\/cb4fff088aa5f5f43a6f4ce3a1e2e084\"},\"headline\":\"\u201eA tud\u00e1s r\u00e9v\u00e9n leszek k\u00e9pes l\u00e9p\u00e9st tartani a t\u00e1rsaimmal\u201d\",\"datePublished\":\"2022-01-19T14:35:59+00:00\",\"dateModified\":\"2022-01-19T14:36:01+00:00\",\"mainEntityOfPage\":{\"@id\":\"https:\/\/news.access4you.io\/2022\/01\/19\/a-tudas-reven-leszek-kepes-lepest-tartani-a-tarsaimmal\/\"},\"wordCount\":2021,\"publisher\":{\"@id\":\"https:\/\/news.access4you.io\/#organization\"},\"image\":{\"@id\":\"https:\/\/news.access4you.io\/2022\/01\/19\/a-tudas-reven-leszek-kepes-lepest-tartani-a-tarsaimmal\/#primaryimage\"},\"thumbnailUrl\":\"https:\/\/news.access4you.io\/wp-content\/uploads\/2022\/01\/DSC_6351r-1.jpg\",\"articleSection\":[\"Sz\u00edv\u00fcgy\u00fcnk\",\"Blog\"],\"inLanguage\":\"en-US\"},{\"@type\":\"WebPage\",\"@id\":\"https:\/\/news.access4you.io\/2022\/01\/19\/a-tudas-reven-leszek-kepes-lepest-tartani-a-tarsaimmal\/\",\"url\":\"https:\/\/news.access4you.io\/2022\/01\/19\/a-tudas-reven-leszek-kepes-lepest-tartani-a-tarsaimmal\/\",\"name\":\"\u201eA tud\u00e1s r\u00e9v\u00e9n leszek k\u00e9pes l\u00e9p\u00e9st tartani a t\u00e1rsaimmal\u201d - Access4you H\u00edrek\",\"isPartOf\":{\"@id\":\"https:\/\/news.access4you.io\/#website\"},\"primaryImageOfPage\":{\"@id\":\"https:\/\/news.access4you.io\/2022\/01\/19\/a-tudas-reven-leszek-kepes-lepest-tartani-a-tarsaimmal\/#primaryimage\"},\"image\":{\"@id\":\"https:\/\/news.access4you.io\/2022\/01\/19\/a-tudas-reven-leszek-kepes-lepest-tartani-a-tarsaimmal\/#primaryimage\"},\"thumbnailUrl\":\"https:\/\/news.access4you.io\/wp-content\/uploads\/2022\/01\/DSC_6351r-1.jpg\",\"datePublished\":\"2022-01-19T14:35:59+00:00\",\"dateModified\":\"2022-01-19T14:36:01+00:00\",\"description\":\"40 \u00e9ve Szuhaj Mih\u00e1ly kez\u00e9be ker\u00fclt az egyik els\u0151 magyarul besz\u00e9l\u0151 sz\u00e1m\u00edt\u00f3g\u00e9p, ma \u0151 seg\u00edt a l\u00e1t\u00e1ss\u00e9r\u00fclt sorst\u00e1rsainak hozz\u00e1f\u00e9rni a digit\u00e1lis vil\u00e1ghoz.\",\"breadcrumb\":{\"@id\":\"https:\/\/news.access4you.io\/2022\/01\/19\/a-tudas-reven-leszek-kepes-lepest-tartani-a-tarsaimmal\/#breadcrumb\"},\"inLanguage\":\"en-US\",\"potentialAction\":[{\"@type\":\"ReadAction\",\"target\":[\"https:\/\/news.access4you.io\/2022\/01\/19\/a-tudas-reven-leszek-kepes-lepest-tartani-a-tarsaimmal\/\"]}]},{\"@type\":\"ImageObject\",\"inLanguage\":\"en-US\",\"@id\":\"https:\/\/news.access4you.io\/2022\/01\/19\/a-tudas-reven-leszek-kepes-lepest-tartani-a-tarsaimmal\/#primaryimage\",\"url\":\"https:\/\/news.access4you.io\/wp-content\/uploads\/2022\/01\/DSC_6351r-1.jpg\",\"contentUrl\":\"https:\/\/news.access4you.io\/wp-content\/uploads\/2022\/01\/DSC_6351r-1.jpg\",\"width\":1500,\"height\":1001},{\"@type\":\"BreadcrumbList\",\"@id\":\"https:\/\/news.access4you.io\/2022\/01\/19\/a-tudas-reven-leszek-kepes-lepest-tartani-a-tarsaimmal\/#breadcrumb\",\"itemListElement\":[{\"@type\":\"ListItem\",\"position\":1,\"name\":\"Kezd\u0151lap\",\"item\":\"https:\/\/news.access4you.io\/\"},{\"@type\":\"ListItem\",\"position\":2,\"name\":\"\u201eA tud\u00e1s r\u00e9v\u00e9n leszek k\u00e9pes l\u00e9p\u00e9st tartani a t\u00e1rsaimmal\u201d\"}]},{\"@type\":\"WebSite\",\"@id\":\"https:\/\/news.access4you.io\/#website\",\"url\":\"https:\/\/news.access4you.io\/\",\"name\":\"Access4you H\u00edrek\",\"description\":\"\",\"publisher\":{\"@id\":\"https:\/\/news.access4you.io\/#organization\"},\"potentialAction\":[{\"@type\":\"SearchAction\",\"target\":{\"@type\":\"EntryPoint\",\"urlTemplate\":\"https:\/\/news.access4you.io\/?s={search_term_string}\"},\"query-input\":{\"@type\":\"PropertyValueSpecification\",\"valueRequired\":true,\"valueName\":\"search_term_string\"}}],\"inLanguage\":\"en-US\"},{\"@type\":\"Organization\",\"@id\":\"https:\/\/news.access4you.io\/#organization\",\"name\":\"Access4you H\u00edrek\",\"url\":\"https:\/\/news.access4you.io\/\",\"logo\":{\"@type\":\"ImageObject\",\"inLanguage\":\"en-US\",\"@id\":\"https:\/\/news.access4you.io\/#\/schema\/logo\/image\/\",\"url\":\"https:\/\/news.access4you.io\/wp-content\/uploads\/2021\/01\/a4u-logo-black.png\",\"contentUrl\":\"https:\/\/news.access4you.io\/wp-content\/uploads\/2021\/01\/a4u-logo-black.png\",\"width\":726,\"height\":454,\"caption\":\"Access4you H\u00edrek\"},\"image\":{\"@id\":\"https:\/\/news.access4you.io\/#\/schema\/logo\/image\/\"}},{\"@type\":\"Person\",\"@id\":\"https:\/\/news.access4you.io\/#\/schema\/person\/cb4fff088aa5f5f43a6f4ce3a1e2e084\",\"name\":\"access4you\",\"image\":{\"@type\":\"ImageObject\",\"inLanguage\":\"en-US\",\"@id\":\"https:\/\/news.access4you.io\/#\/schema\/person\/image\/\",\"url\":\"https:\/\/secure.gravatar.com\/avatar\/9795a8b3afc7ed258d167a92dbb1075b37bab5bc83b1ac9182ff4f58c22040b8?s=96&d=mm&r=g\",\"contentUrl\":\"https:\/\/secure.gravatar.com\/avatar\/9795a8b3afc7ed258d167a92dbb1075b37bab5bc83b1ac9182ff4f58c22040b8?s=96&d=mm&r=g\",\"caption\":\"access4you\"},\"sameAs\":[\"http:\/\/localhost\/access4you\"],\"url\":\"https:\/\/news.access4you.io\/en\/author\/access4you\/\"}]}<\/script>\n<!-- \/ Yoast SEO plugin. -->","yoast_head_json":{"title":"\u201eA tud\u00e1s r\u00e9v\u00e9n leszek k\u00e9pes l\u00e9p\u00e9st tartani a t\u00e1rsaimmal\u201d - Access4you H\u00edrek","description":"40 \u00e9ve Szuhaj Mih\u00e1ly kez\u00e9be ker\u00fclt az egyik els\u0151 magyarul besz\u00e9l\u0151 sz\u00e1m\u00edt\u00f3g\u00e9p, ma \u0151 seg\u00edt a l\u00e1t\u00e1ss\u00e9r\u00fclt sorst\u00e1rsainak hozz\u00e1f\u00e9rni a digit\u00e1lis vil\u00e1ghoz.","robots":{"index":"index","follow":"follow","max-snippet":"max-snippet:-1","max-image-preview":"max-image-preview:large","max-video-preview":"max-video-preview:-1"},"canonical":"https:\/\/news.access4you.io\/en\/2022\/01\/19\/a-tudas-reven-leszek-kepes-lepest-tartani-a-tarsaimmal\/","og_locale":"en_US","og_type":"article","og_title":"\u201eA tud\u00e1s r\u00e9v\u00e9n leszek k\u00e9pes l\u00e9p\u00e9st tartani a t\u00e1rsaimmal\u201d - Access4you H\u00edrek","og_description":"40 \u00e9ve Szuhaj Mih\u00e1ly kez\u00e9be ker\u00fclt az egyik els\u0151 magyarul besz\u00e9l\u0151 sz\u00e1m\u00edt\u00f3g\u00e9p, ma \u0151 seg\u00edt a l\u00e1t\u00e1ss\u00e9r\u00fclt sorst\u00e1rsainak hozz\u00e1f\u00e9rni a digit\u00e1lis vil\u00e1ghoz.","og_url":"https:\/\/news.access4you.io\/en\/2022\/01\/19\/a-tudas-reven-leszek-kepes-lepest-tartani-a-tarsaimmal\/","og_site_name":"Access4you H\u00edrek","article_published_time":"2022-01-19T14:35:59+00:00","article_modified_time":"2022-01-19T14:36:01+00:00","og_image":[{"width":1500,"height":1001,"url":"https:\/\/news.access4you.io\/wp-content\/uploads\/2022\/01\/DSC_6351r-1.jpg","type":"image\/jpeg"}],"author":"access4you","twitter_card":"summary_large_image","twitter_misc":{"Written by":"access4you","Est. reading time":"10 minutes"},"schema":{"@context":"https:\/\/schema.org","@graph":[{"@type":"Article","@id":"https:\/\/news.access4you.io\/2022\/01\/19\/a-tudas-reven-leszek-kepes-lepest-tartani-a-tarsaimmal\/#article","isPartOf":{"@id":"https:\/\/news.access4you.io\/2022\/01\/19\/a-tudas-reven-leszek-kepes-lepest-tartani-a-tarsaimmal\/"},"author":{"name":"access4you","@id":"https:\/\/news.access4you.io\/#\/schema\/person\/cb4fff088aa5f5f43a6f4ce3a1e2e084"},"headline":"\u201eA tud\u00e1s r\u00e9v\u00e9n leszek k\u00e9pes l\u00e9p\u00e9st tartani a t\u00e1rsaimmal\u201d","datePublished":"2022-01-19T14:35:59+00:00","dateModified":"2022-01-19T14:36:01+00:00","mainEntityOfPage":{"@id":"https:\/\/news.access4you.io\/2022\/01\/19\/a-tudas-reven-leszek-kepes-lepest-tartani-a-tarsaimmal\/"},"wordCount":2021,"publisher":{"@id":"https:\/\/news.access4you.io\/#organization"},"image":{"@id":"https:\/\/news.access4you.io\/2022\/01\/19\/a-tudas-reven-leszek-kepes-lepest-tartani-a-tarsaimmal\/#primaryimage"},"thumbnailUrl":"https:\/\/news.access4you.io\/wp-content\/uploads\/2022\/01\/DSC_6351r-1.jpg","articleSection":["Sz\u00edv\u00fcgy\u00fcnk","Blog"],"inLanguage":"en-US"},{"@type":"WebPage","@id":"https:\/\/news.access4you.io\/2022\/01\/19\/a-tudas-reven-leszek-kepes-lepest-tartani-a-tarsaimmal\/","url":"https:\/\/news.access4you.io\/2022\/01\/19\/a-tudas-reven-leszek-kepes-lepest-tartani-a-tarsaimmal\/","name":"\u201eA tud\u00e1s r\u00e9v\u00e9n leszek k\u00e9pes l\u00e9p\u00e9st tartani a t\u00e1rsaimmal\u201d - Access4you H\u00edrek","isPartOf":{"@id":"https:\/\/news.access4you.io\/#website"},"primaryImageOfPage":{"@id":"https:\/\/news.access4you.io\/2022\/01\/19\/a-tudas-reven-leszek-kepes-lepest-tartani-a-tarsaimmal\/#primaryimage"},"image":{"@id":"https:\/\/news.access4you.io\/2022\/01\/19\/a-tudas-reven-leszek-kepes-lepest-tartani-a-tarsaimmal\/#primaryimage"},"thumbnailUrl":"https:\/\/news.access4you.io\/wp-content\/uploads\/2022\/01\/DSC_6351r-1.jpg","datePublished":"2022-01-19T14:35:59+00:00","dateModified":"2022-01-19T14:36:01+00:00","description":"40 \u00e9ve Szuhaj Mih\u00e1ly kez\u00e9be ker\u00fclt az egyik els\u0151 magyarul besz\u00e9l\u0151 sz\u00e1m\u00edt\u00f3g\u00e9p, ma \u0151 seg\u00edt a l\u00e1t\u00e1ss\u00e9r\u00fclt sorst\u00e1rsainak hozz\u00e1f\u00e9rni a digit\u00e1lis vil\u00e1ghoz.","breadcrumb":{"@id":"https:\/\/news.access4you.io\/2022\/01\/19\/a-tudas-reven-leszek-kepes-lepest-tartani-a-tarsaimmal\/#breadcrumb"},"inLanguage":"en-US","potentialAction":[{"@type":"ReadAction","target":["https:\/\/news.access4you.io\/2022\/01\/19\/a-tudas-reven-leszek-kepes-lepest-tartani-a-tarsaimmal\/"]}]},{"@type":"ImageObject","inLanguage":"en-US","@id":"https:\/\/news.access4you.io\/2022\/01\/19\/a-tudas-reven-leszek-kepes-lepest-tartani-a-tarsaimmal\/#primaryimage","url":"https:\/\/news.access4you.io\/wp-content\/uploads\/2022\/01\/DSC_6351r-1.jpg","contentUrl":"https:\/\/news.access4you.io\/wp-content\/uploads\/2022\/01\/DSC_6351r-1.jpg","width":1500,"height":1001},{"@type":"BreadcrumbList","@id":"https:\/\/news.access4you.io\/2022\/01\/19\/a-tudas-reven-leszek-kepes-lepest-tartani-a-tarsaimmal\/#breadcrumb","itemListElement":[{"@type":"ListItem","position":1,"name":"Kezd\u0151lap","item":"https:\/\/news.access4you.io\/"},{"@type":"ListItem","position":2,"name":"\u201eA tud\u00e1s r\u00e9v\u00e9n leszek k\u00e9pes l\u00e9p\u00e9st tartani a t\u00e1rsaimmal\u201d"}]},{"@type":"WebSite","@id":"https:\/\/news.access4you.io\/#website","url":"https:\/\/news.access4you.io\/","name":"Access4you H\u00edrek","description":"","publisher":{"@id":"https:\/\/news.access4you.io\/#organization"},"potentialAction":[{"@type":"SearchAction","target":{"@type":"EntryPoint","urlTemplate":"https:\/\/news.access4you.io\/?s={search_term_string}"},"query-input":{"@type":"PropertyValueSpecification","valueRequired":true,"valueName":"search_term_string"}}],"inLanguage":"en-US"},{"@type":"Organization","@id":"https:\/\/news.access4you.io\/#organization","name":"Access4you H\u00edrek","url":"https:\/\/news.access4you.io\/","logo":{"@type":"ImageObject","inLanguage":"en-US","@id":"https:\/\/news.access4you.io\/#\/schema\/logo\/image\/","url":"https:\/\/news.access4you.io\/wp-content\/uploads\/2021\/01\/a4u-logo-black.png","contentUrl":"https:\/\/news.access4you.io\/wp-content\/uploads\/2021\/01\/a4u-logo-black.png","width":726,"height":454,"caption":"Access4you H\u00edrek"},"image":{"@id":"https:\/\/news.access4you.io\/#\/schema\/logo\/image\/"}},{"@type":"Person","@id":"https:\/\/news.access4you.io\/#\/schema\/person\/cb4fff088aa5f5f43a6f4ce3a1e2e084","name":"access4you","image":{"@type":"ImageObject","inLanguage":"en-US","@id":"https:\/\/news.access4you.io\/#\/schema\/person\/image\/","url":"https:\/\/secure.gravatar.com\/avatar\/9795a8b3afc7ed258d167a92dbb1075b37bab5bc83b1ac9182ff4f58c22040b8?s=96&d=mm&r=g","contentUrl":"https:\/\/secure.gravatar.com\/avatar\/9795a8b3afc7ed258d167a92dbb1075b37bab5bc83b1ac9182ff4f58c22040b8?s=96&d=mm&r=g","caption":"access4you"},"sameAs":["http:\/\/localhost\/access4you"],"url":"https:\/\/news.access4you.io\/en\/author\/access4you\/"}]}},"_links":{"self":[{"href":"https:\/\/news.access4you.io\/en\/wp-json\/wp\/v2\/posts\/4548","targetHints":{"allow":["GET"]}}],"collection":[{"href":"https:\/\/news.access4you.io\/en\/wp-json\/wp\/v2\/posts"}],"about":[{"href":"https:\/\/news.access4you.io\/en\/wp-json\/wp\/v2\/types\/post"}],"author":[{"embeddable":true,"href":"https:\/\/news.access4you.io\/en\/wp-json\/wp\/v2\/users\/1"}],"replies":[{"embeddable":true,"href":"https:\/\/news.access4you.io\/en\/wp-json\/wp\/v2\/comments?post=4548"}],"version-history":[{"count":0,"href":"https:\/\/news.access4you.io\/en\/wp-json\/wp\/v2\/posts\/4548\/revisions"}],"wp:featuredmedia":[{"embeddable":true,"href":"https:\/\/news.access4you.io\/en\/wp-json\/wp\/v2\/media\/4549"}],"wp:attachment":[{"href":"https:\/\/news.access4you.io\/en\/wp-json\/wp\/v2\/media?parent=4548"}],"wp:term":[{"taxonomy":"category","embeddable":true,"href":"https:\/\/news.access4you.io\/en\/wp-json\/wp\/v2\/categories?post=4548"},{"taxonomy":"post_tag","embeddable":true,"href":"https:\/\/news.access4you.io\/en\/wp-json\/wp\/v2\/tags?post=4548"}],"curies":[{"name":"wp","href":"https:\/\/api.w.org\/{rel}","templated":true}]}}