{"id":4556,"date":"2022-02-24T12:38:54","date_gmt":"2022-02-24T12:38:54","guid":{"rendered":"http:\/\/news.access4you.io\/?p=4556"},"modified":"2022-02-24T12:38:56","modified_gmt":"2022-02-24T12:38:56","slug":"orszagszerte-127-volanbusz-allomasrol-keszult-akadalymentessegi-felmeres","status":"publish","type":"post","link":"https:\/\/news.access4you.io\/en\/2022\/02\/24\/orszagszerte-127-volanbusz-allomasrol-keszult-akadalymentessegi-felmeres\/","title":{"rendered":"Orsz\u00e1gszerte 127 Vol\u00e1nbusz-\u00e1llom\u00e1sr\u00f3l k\u00e9sz\u00fclt akad\u00e1lymentess\u00e9gi felm\u00e9r\u00e9s"},"content":{"rendered":"<p><strong>A&nbsp;Vol\u00e1nbusz&nbsp;c\u00e9lja, hogy a speci\u00e1lis ig\u00e9nnyel \u00e9l\u0151k is a lehet\u0151s\u00e9gekhez m\u00e9rten a legsz\u00e9lesebb k\u00f6rben \u00e9s felt\u00e9tekkel&nbsp;vehess\u00e9k&nbsp;ig\u00e9nybe az aut\u00f3busz-k\u00f6zleked\u00e9si k\u00f6zszolg\u00e1ltat\u00e1st. A v\u00e1llalat arra t\u00f6rekszik, hogy minden seg\u00edts\u00e9get megadjon a speci\u00e1lis ig\u00e9ny\u0171, k\u00f6z\u00f6tt\u00fck fogyat\u00e9koss\u00e1ggal \u00e9l\u0151 emberek<\/strong><strong><em>&nbsp;<\/em>utaz\u00e1s\u00e1hoz. Az&nbsp;<\/strong><a href=\"https:\/\/access4you.io\/\" target=\"_blank\" rel=\"noreferrer noopener\"><strong>Access4you<\/strong><\/a><strong>&nbsp;most az akad\u00e1lymentes hozz\u00e1f\u00e9r\u00e9s szempontj\u00e1b\u00f3l vizsg\u00e1lta \u00e9s tan\u00fas\u00edtotta a&nbsp;Vol\u00e1nbusz&nbsp;aut\u00f3busz-\u00e1llom\u00e1sait, \u00e9s tette k\u00f6zz\u00e9 honlapj\u00e1n az \u00e1llom\u00e1sok min\u0151s\u00edt\u00e9s\u00e9t, hogy megk\u00f6nny\u00edtse a fogyat\u00e9koss\u00e1ggal \u00e9l\u0151 emberek utaz\u00e1s\u00e1nak megtervez\u00e9s\u00e9t.<\/strong><\/p>\n\n\n\n<p>Az Acces4you a kerekessz\u00e9kesek, vakok \u00e9s\u00a0gyeng\u00e9nl\u00e1t\u00f3k, id\u0151sek \u00e9s mozg\u00e1sukban korl\u00e1tozottak, babakocsival k\u00f6zleked\u0151k, siketek, nagyothall\u00f3k \u00e9s kognit\u00edv zavarral \u00e9l\u0151k sz\u00e1m\u00e1ra fontos szempontokat vizsg\u00e1l a tan\u00fas\u00edt\u00e1si elj\u00e1r\u00e1sa sor\u00e1n. A szervezet a\u00a0Vol\u00e1nbusz\u00a0valamennyi utasforgalmat bonyol\u00edt\u00f3 aut\u00f3busz-\u00e1llom\u00e1s\u00e1t min\u0151s\u00edtette az elm\u00falt id\u0151szakban, vizsg\u00e1lva az \u00e1llom\u00e1sok k\u00fcls\u0151 k\u00f6rnyezet\u00e9t, megk\u00f6zel\u00edthet\u0151s\u00e9g\u00e9t, a bejut\u00e1si, bels\u0151 k\u00f6zleked\u00e9si lehet\u0151s\u00e9geket, a speci\u00e1lis kommunik\u00e1ci\u00f3, utast\u00e1j\u00e9koztat\u00e1s \u00e9s infrastrukt\u00fara el\u00e9rhet\u0151s\u00e9g\u00e9t. A tan\u00fas\u00edt\u00e1s eredm\u00e9nye a\u00a0<a href=\"https:\/\/bit.ly\/3vefvKV\" target=\"_blank\" rel=\"noreferrer noopener\"><strong>szervezet honlapj\u00e1n<\/strong><\/a>\u00a0m\u00e1r el\u00e9rhet\u0151, az \u00e9rdekl\u0151d\u0151k az akad\u00e1lymentes hozz\u00e1f\u00e9r\u00e9s lehet\u0151s\u00e9geinek szempontjai szerint lek\u00e9rhetik az \u00e9rintett \u00e1llom\u00e1sok adatait. Az elj\u00e1r\u00e1s sor\u00e1n az \u00f6sszes m\u0171k\u00f6d\u0151, beruh\u00e1z\u00e1s alatt nem \u00e1ll\u00f3 127 \u00e1llom\u00e1s kapott tan\u00fas\u00edtv\u00e1nyt, ezek k\u00f6z\u00fcl a p\u00e9csi aut\u00f3busz-\u00e1llom\u00e1s \u00e9s a budapesti N\u00e9pliget p\u00e1lyaudvar ez\u00fcst, a kalocsai \u00e1llom\u00e1s pedig bronz min\u0151s\u00edt\u00e9st szerzett.<\/p>\n\n\n\n<figure class=\"wp-block-image size-large\"><img loading=\"lazy\" decoding=\"async\" width=\"1024\" height=\"682\" src=\"http:\/\/news.access4you.io\/wp-content\/uploads\/2022\/02\/IMG_20220221_153751_ok2_kozlemenybe-1024x682.jpg\" alt=\"\" class=\"wp-image-4559\" srcset=\"https:\/\/news.access4you.io\/wp-content\/uploads\/2022\/02\/IMG_20220221_153751_ok2_kozlemenybe-1024x682.jpg 1024w, https:\/\/news.access4you.io\/wp-content\/uploads\/2022\/02\/IMG_20220221_153751_ok2_kozlemenybe-300x200.jpg 300w, https:\/\/news.access4you.io\/wp-content\/uploads\/2022\/02\/IMG_20220221_153751_ok2_kozlemenybe-768x512.jpg 768w, https:\/\/news.access4you.io\/wp-content\/uploads\/2022\/02\/IMG_20220221_153751_ok2_kozlemenybe-1536x1024.jpg 1536w, https:\/\/news.access4you.io\/wp-content\/uploads\/2022\/02\/IMG_20220221_153751_ok2_kozlemenybe.jpg 2000w\" sizes=\"auto, (max-width: 1024px) 100vw, 1024px\" \/><figcaption>K\u00e9p forr\u00e1sa: Vol\u00e1nbusz Zrt.<\/figcaption><\/figure>\n\n\n\n<p>A&nbsp;Vol\u00e1nbusz&nbsp;a mindennapokban \u00e9s fejleszt\u00e9sei sor\u00e1n is arra t\u00f6rekszik, hogy a speci\u00e1lis ig\u00e9ny\u0171 utasok is ig\u00e9nybe&nbsp;vehess\u00e9k&nbsp;szolg\u00e1ltat\u00e1sait. A helyi j\u00e1ratokban k\u00f6zleked\u0151 aut\u00f3buszok 80, m\u00edg a helyk\u00f6zi j\u00e1ratokban k\u00f6zleked\u0151 aut\u00f3buszok 43%-a alacsony padl\u00f3s vagy alacsony bel\u00e9p\u00e9s\u0171, \u00edgy a fed\u00e9lzet kialak\u00edt\u00e1s\u00e1nak \u00e9s a felsz\u00e1ll\u00e1st lehet\u0151v\u00e9 t\u00e9v\u0151 r\u00e1mp\u00e1nak k\u00f6sz\u00f6nhet\u0151en kerekessz\u00e9kkel vagy babakocsival is k\u00f6nnyen ig\u00e9nybe vehet\u0151k. A 2018 \u00f3ta tart\u00f3 j\u00e1rm\u0171-fiatal\u00edt\u00e1si program keret\u00e9ben t\u00f6rt\u00e9n\u0151 beszerz\u00e9sek sor\u00e1n is els\u0151sorban ilyen aut\u00f3buszok \u00e9rkeznek a t\u00e1rsas\u00e1ghoz. Term\u00e9szetesen norm\u00e1l padl\u00f3s j\u00e1rm\u0171vek k\u00f6zlekedtet\u00e9s\u00e9re is sz\u00fcks\u00e9g van, hiszen a hosszabb utakn\u00e1l elengedhetetlen a poggy\u00e1szt\u00e9r, \u00e9s az \u00fatviszonyok sem mindenhol teszik lehet\u0151v\u00e9 az alacsony padl\u00f3s j\u00e1rm\u0171vek k\u00f6zlekedtet\u00e9s\u00e9t. Az infrastruktur\u00e1lis fejleszt\u00e9sek, \u00e1llom\u00e1sfel\u00faj\u00edt\u00e1sok minden esetben az akad\u00e1lymentes\u00edt\u00e9s szempontjainak figyelembev\u00e9tel\u00e9vel val\u00f3sulnak meg.<\/p>\n\n\n\n<p>A&nbsp;Vol\u00e1nbusz&nbsp;akt\u00edv k\u00f6zrem\u0171k\u00f6d\u00e9ssel is t\u00e1mogatja a seg\u00edts\u00e9gre szorul\u00f3k utaz\u00e1s\u00e1t: kijel\u00f6lt aut\u00f3busz-\u00e1llom\u00e1sain szem\u00e9lyes seg\u00edts\u00e9gny\u00fajt\u00e1st biztos\u00edt a fogyat\u00e9koss\u00e1ggal \u00e9l\u0151 \u00e9s a cs\u00f6kkent mozg\u00e1sk\u00e9pess\u00e9g\u0171 emberek utaz\u00e1s\u00e1nak megszervez\u00e9s\u00e9ben \u00e9s lebonyol\u00edt\u00e1s\u00e1ban. A tervezett indul\u00e1s el\u0151tt legal\u00e1bb 36 \u00f3r\u00e1val t\u00f6rt\u00e9n\u0151 utaz\u00e1si ig\u00e9nybejelent\u00e9s eset\u00e9n a v\u00e1llalat munkat\u00e1rsai t\u00e1j\u00e9koztat\u00e1st ny\u00fajtanak az eljut\u00e1si lehet\u0151s\u00e9gekr\u0151l, \u00e9s seg\u00edtenek az aut\u00f3busz-\u00e1llom\u00e1s ter\u00fclet\u00e9n t\u00f6rt\u00e9n\u0151 k\u00f6zleked\u00e9sben, a poggy\u00e1szkezel\u00e9sben \u00e9s az utaz\u00e1sban. A lehet\u0151s\u00e9g ig\u00e9nybev\u00e9tel\u00e9nek r\u00e9szleteir\u0151l a&nbsp;<a href=\"https:\/\/www.volanbusz.hu\/hu\/kapcsolat\/segitseg\" target=\"_blank\" rel=\"noreferrer noopener\"><strong>Vol\u00e1nbusz<\/strong><strong>&nbsp;honlapj\u00e1n<\/strong><\/a>&nbsp;lehet t\u00e1j\u00e9koz\u00f3dni, itt a seg\u00edts\u00e9gny\u00fajt\u00e1ssal kapcsolatos minden&nbsp;<a href=\"https:\/\/www.volanbusz.hu\/hu\/kapcsolat\/segitseg\/segitsegnyujtas-utazasi-tajekoztato\" target=\"_blank\" rel=\"noreferrer noopener\"><strong>tov\u00e1bbi inform\u00e1ci\u00f3<\/strong><\/a>&nbsp;megtal\u00e1lhat\u00f3. Fontos tudni t\u00f6bbek k\u00f6z\u00f6tt, hogy kerekessz\u00e9kkel csak azokon az aut\u00f3buszokon lehet utazni, amelyek e c\u00e9lra kialak\u00edtott ter\u00fclettel rendelkeznek, lehet\u0151v\u00e9 t\u00e9ve a kerekessz\u00e9k r\u00f6gz\u00edt\u00e9s\u00e9t is. Elektromos mopedet az aut\u00f3buszok nem sz\u00e1ll\u00edthatnak fed\u00e9lzet\u00fck\u00f6n. Az aut\u00f3busz-menetrendben&nbsp;<img loading=\"lazy\" decoding=\"async\" width=\"22\" height=\"26\" src=\"https:\/\/mail.google.com\/mail\/u\/0?ui=2&amp;ik=f70748a1f0&amp;attid=0.0.7&amp;permmsgid=msg-f:1725097645695031783&amp;th=17f0c72b3683d9e7&amp;view=fimg&amp;fur=ip&amp;sz=s0-l75-ft&amp;attbid=ANGjdJ9gGUNg-Z-vvl2stI1TipxpsK2E0ZGy_DgJwHII9TZF2IO2Vlr-xeGXOBM2Q09_XGsljK7Q2BwU1AaaWVyuk0qxxgTF9tUuhUuaQGWMJj9wMZcUl2ZK4SZHSrk&amp;disp=emb\" alt=\"alacsonypadl\u00f3s j\u00e1rat\">&nbsp;jel l\u00e1that\u00f3, ha az adott \u00fatvonalon akad\u00e1lymentes aut\u00f3busz teljes\u00edt szolg\u00e1latot, ez szint\u00e9n megk\u00f6nny\u00edti az utaz\u00e1s tervez\u00e9s\u00e9t.<\/p>\n\n\n\n<p>T\u00e1rsas\u00e1gunk folyamatosan dolgozik azon is, hogy aut\u00f3busz-\u00e1llom\u00e1saink mellett webes tartalmaink is mindenki sz\u00e1m\u00e1ra k\u00f6nnyen&nbsp;kezelhet\u0151ek&nbsp;\u00e9s&nbsp;\u00e9rtelmezhet\u0151ek&nbsp;legyenek,&nbsp;<a href=\"https:\/\/www.volanbusz.hu\/hu\/kapcsolat\/ugyfelszolgalat\" target=\"_blank\" rel=\"noreferrer noopener\"><strong>\u00fcgyf\u00e9lszolg\u00e1latunk<\/strong><\/a>&nbsp;\u00e9s&nbsp;<a href=\"https:\/\/www.volanbusz.hu\/hu\/kapcsolat\/allomasok-es-penztarak\" target=\"_blank\" rel=\"noreferrer noopener\"><strong>\u00e1llom\u00e1saink<\/strong><\/a>&nbsp;k\u00e9szs\u00e9ggel \u00e1llnak az \u00e9rdekl\u0151d\u0151k rendelkez\u00e9s\u00e9re.<\/p>\n\n\n\n<p>A\u00a0Vol\u00e1nbusz\u00a0c\u00e9lja, hogy int\u00e9zked\u00e9seivel, fejleszt\u00e9seivel speci\u00e1lis ig\u00e9ny\u0171 utasainak is egyre sz\u00ednvonalasabb szolg\u00e1ltat\u00e1sokat ny\u00fajtson.<\/p>\n\n\n\n<p>Forr\u00e1s: Vol\u00e1nbusz Zrt.<\/p>","protected":false},"excerpt":{"rendered":"<p>A&nbsp;Vol\u00e1nbusz&nbsp;c\u00e9lja, hogy a speci\u00e1lis ig\u00e9nnyel \u00e9l\u0151k is a lehet\u0151s\u00e9gekhez m\u00e9rten a legsz\u00e9lesebb k\u00f6rben \u00e9s felt\u00e9tekkel&nbsp;vehess\u00e9k&nbsp;ig\u00e9nybe az aut\u00f3busz-k\u00f6zleked\u00e9si k\u00f6zszolg\u00e1ltat\u00e1st. A v\u00e1llalat arra t\u00f6rekszik, hogy minden seg\u00edts\u00e9get megadjon a speci\u00e1lis ig\u00e9ny\u0171, k\u00f6z\u00f6tt\u00fck fogyat\u00e9koss\u00e1ggal \u00e9l\u0151 emberek&nbsp;utaz\u00e1s\u00e1hoz. Az&nbsp;Access4you&nbsp;most az akad\u00e1lymentes hozz\u00e1f\u00e9r\u00e9s szempontj\u00e1b\u00f3l vizsg\u00e1lta \u00e9s tan\u00fas\u00edtotta a&nbsp;Vol\u00e1nbusz&nbsp;aut\u00f3busz-\u00e1llom\u00e1sait, \u00e9s tette k\u00f6zz\u00e9 honlapj\u00e1n az \u00e1llom\u00e1sok min\u0151s\u00edt\u00e9s\u00e9t, hogy megk\u00f6nny\u00edtse a fogyat\u00e9koss\u00e1ggal \u00e9l\u0151 emberek [&hellip;]<\/p>","protected":false},"author":1,"featured_media":4558,"comment_status":"closed","ping_status":"closed","sticky":false,"template":"","format":"standard","meta":{"footnotes":""},"categories":[75,76,17],"tags":[],"class_list":["post-4556","post","type-post","status-publish","format-standard","has-post-thumbnail","hentry","category-uj-hely","category-kozlemeny","category-sajtoszemle"],"yoast_head":"<!-- This site is optimized with the Yoast SEO plugin v23.8 - https:\/\/yoast.com\/wordpress\/plugins\/seo\/ -->\n<title>Orsz\u00e1gszerte 127 Vol\u00e1nbusz-\u00e1llom\u00e1sr\u00f3l k\u00e9sz\u00fclt akad\u00e1lymentess\u00e9gi felm\u00e9r\u00e9s - Access4you H\u00edrek<\/title>\n<meta name=\"description\" content=\"Az Acces4you kerekessz\u00e9kes, vak \u00e9s gyeng\u00e9nl\u00e1t\u00f3, id\u0151s \u00e9s mozg\u00e1sukban korl\u00e1tozott, babakocsival k\u00f6zleked\u0151, siket, nagyothall\u00f3 \u00e9s kognit\u00edv zavarral \u00e9l\u0151 utaz\u00f3k szempontjait vizsg\u00e1lta.\" \/>\n<meta name=\"robots\" content=\"index, follow, max-snippet:-1, max-image-preview:large, max-video-preview:-1\" \/>\n<link rel=\"canonical\" href=\"https:\/\/news.access4you.io\/en\/2022\/02\/24\/orszagszerte-127-volanbusz-allomasrol-keszult-akadalymentessegi-felmeres\/\" \/>\n<meta property=\"og:locale\" content=\"en_US\" \/>\n<meta property=\"og:type\" content=\"article\" \/>\n<meta property=\"og:title\" content=\"Orsz\u00e1gszerte 127 Vol\u00e1nbusz-\u00e1llom\u00e1sr\u00f3l k\u00e9sz\u00fclt akad\u00e1lymentess\u00e9gi felm\u00e9r\u00e9s - Access4you H\u00edrek\" \/>\n<meta property=\"og:description\" content=\"Az Acces4you kerekessz\u00e9kes, vak \u00e9s gyeng\u00e9nl\u00e1t\u00f3, id\u0151s \u00e9s mozg\u00e1sukban korl\u00e1tozott, babakocsival k\u00f6zleked\u0151, siket, nagyothall\u00f3 \u00e9s kognit\u00edv zavarral \u00e9l\u0151 utaz\u00f3k szempontjait vizsg\u00e1lta.\" \/>\n<meta property=\"og:url\" content=\"https:\/\/news.access4you.io\/en\/2022\/02\/24\/orszagszerte-127-volanbusz-allomasrol-keszult-akadalymentessegi-felmeres\/\" \/>\n<meta property=\"og:site_name\" content=\"Access4you H\u00edrek\" \/>\n<meta property=\"article:published_time\" content=\"2022-02-24T12:38:54+00:00\" \/>\n<meta property=\"article:modified_time\" content=\"2022-02-24T12:38:56+00:00\" \/>\n<meta property=\"og:image\" content=\"https:\/\/news.access4you.io\/wp-content\/uploads\/2022\/02\/IMG_20220221_153731_ok2_kozlemenybe.jpg\" \/>\n\t<meta property=\"og:image:width\" content=\"2000\" \/>\n\t<meta property=\"og:image:height\" content=\"1333\" \/>\n\t<meta property=\"og:image:type\" content=\"image\/jpeg\" \/>\n<meta name=\"author\" content=\"access4you\" \/>\n<meta name=\"twitter:card\" content=\"summary_large_image\" \/>\n<meta name=\"twitter:label1\" content=\"Written by\" \/>\n\t<meta name=\"twitter:data1\" content=\"access4you\" \/>\n\t<meta name=\"twitter:label2\" content=\"Est. reading time\" \/>\n\t<meta name=\"twitter:data2\" content=\"4 minutes\" \/>\n<script type=\"application\/ld+json\" class=\"yoast-schema-graph\">{\"@context\":\"https:\/\/schema.org\",\"@graph\":[{\"@type\":\"Article\",\"@id\":\"https:\/\/news.access4you.io\/2022\/02\/24\/orszagszerte-127-volanbusz-allomasrol-keszult-akadalymentessegi-felmeres\/#article\",\"isPartOf\":{\"@id\":\"https:\/\/news.access4you.io\/2022\/02\/24\/orszagszerte-127-volanbusz-allomasrol-keszult-akadalymentessegi-felmeres\/\"},\"author\":{\"name\":\"access4you\",\"@id\":\"https:\/\/news.access4you.io\/#\/schema\/person\/cb4fff088aa5f5f43a6f4ce3a1e2e084\"},\"headline\":\"Orsz\u00e1gszerte 127 Vol\u00e1nbusz-\u00e1llom\u00e1sr\u00f3l k\u00e9sz\u00fclt akad\u00e1lymentess\u00e9gi felm\u00e9r\u00e9s\",\"datePublished\":\"2022-02-24T12:38:54+00:00\",\"dateModified\":\"2022-02-24T12:38:56+00:00\",\"mainEntityOfPage\":{\"@id\":\"https:\/\/news.access4you.io\/2022\/02\/24\/orszagszerte-127-volanbusz-allomasrol-keszult-akadalymentessegi-felmeres\/\"},\"wordCount\":897,\"publisher\":{\"@id\":\"https:\/\/news.access4you.io\/#organization\"},\"image\":{\"@id\":\"https:\/\/news.access4you.io\/2022\/02\/24\/orszagszerte-127-volanbusz-allomasrol-keszult-akadalymentessegi-felmeres\/#primaryimage\"},\"thumbnailUrl\":\"https:\/\/news.access4you.io\/wp-content\/uploads\/2022\/02\/IMG_20220221_153731_ok2_kozlemenybe.jpg\",\"articleSection\":[\"\u00daj hely\",\"K\u00f6zlem\u00e9ny\",\"Sajt\u00f3szemle\"],\"inLanguage\":\"en-US\"},{\"@type\":\"WebPage\",\"@id\":\"https:\/\/news.access4you.io\/2022\/02\/24\/orszagszerte-127-volanbusz-allomasrol-keszult-akadalymentessegi-felmeres\/\",\"url\":\"https:\/\/news.access4you.io\/2022\/02\/24\/orszagszerte-127-volanbusz-allomasrol-keszult-akadalymentessegi-felmeres\/\",\"name\":\"Orsz\u00e1gszerte 127 Vol\u00e1nbusz-\u00e1llom\u00e1sr\u00f3l k\u00e9sz\u00fclt akad\u00e1lymentess\u00e9gi felm\u00e9r\u00e9s - Access4you H\u00edrek\",\"isPartOf\":{\"@id\":\"https:\/\/news.access4you.io\/#website\"},\"primaryImageOfPage\":{\"@id\":\"https:\/\/news.access4you.io\/2022\/02\/24\/orszagszerte-127-volanbusz-allomasrol-keszult-akadalymentessegi-felmeres\/#primaryimage\"},\"image\":{\"@id\":\"https:\/\/news.access4you.io\/2022\/02\/24\/orszagszerte-127-volanbusz-allomasrol-keszult-akadalymentessegi-felmeres\/#primaryimage\"},\"thumbnailUrl\":\"https:\/\/news.access4you.io\/wp-content\/uploads\/2022\/02\/IMG_20220221_153731_ok2_kozlemenybe.jpg\",\"datePublished\":\"2022-02-24T12:38:54+00:00\",\"dateModified\":\"2022-02-24T12:38:56+00:00\",\"description\":\"Az Acces4you kerekessz\u00e9kes, vak \u00e9s gyeng\u00e9nl\u00e1t\u00f3, id\u0151s \u00e9s mozg\u00e1sukban korl\u00e1tozott, babakocsival k\u00f6zleked\u0151, siket, nagyothall\u00f3 \u00e9s kognit\u00edv zavarral \u00e9l\u0151 utaz\u00f3k szempontjait vizsg\u00e1lta.\",\"breadcrumb\":{\"@id\":\"https:\/\/news.access4you.io\/2022\/02\/24\/orszagszerte-127-volanbusz-allomasrol-keszult-akadalymentessegi-felmeres\/#breadcrumb\"},\"inLanguage\":\"en-US\",\"potentialAction\":[{\"@type\":\"ReadAction\",\"target\":[\"https:\/\/news.access4you.io\/2022\/02\/24\/orszagszerte-127-volanbusz-allomasrol-keszult-akadalymentessegi-felmeres\/\"]}]},{\"@type\":\"ImageObject\",\"inLanguage\":\"en-US\",\"@id\":\"https:\/\/news.access4you.io\/2022\/02\/24\/orszagszerte-127-volanbusz-allomasrol-keszult-akadalymentessegi-felmeres\/#primaryimage\",\"url\":\"https:\/\/news.access4you.io\/wp-content\/uploads\/2022\/02\/IMG_20220221_153731_ok2_kozlemenybe.jpg\",\"contentUrl\":\"https:\/\/news.access4you.io\/wp-content\/uploads\/2022\/02\/IMG_20220221_153731_ok2_kozlemenybe.jpg\",\"width\":2000,\"height\":1333},{\"@type\":\"BreadcrumbList\",\"@id\":\"https:\/\/news.access4you.io\/2022\/02\/24\/orszagszerte-127-volanbusz-allomasrol-keszult-akadalymentessegi-felmeres\/#breadcrumb\",\"itemListElement\":[{\"@type\":\"ListItem\",\"position\":1,\"name\":\"Kezd\u0151lap\",\"item\":\"https:\/\/news.access4you.io\/\"},{\"@type\":\"ListItem\",\"position\":2,\"name\":\"Orsz\u00e1gszerte 127 Vol\u00e1nbusz-\u00e1llom\u00e1sr\u00f3l k\u00e9sz\u00fclt akad\u00e1lymentess\u00e9gi felm\u00e9r\u00e9s\"}]},{\"@type\":\"WebSite\",\"@id\":\"https:\/\/news.access4you.io\/#website\",\"url\":\"https:\/\/news.access4you.io\/\",\"name\":\"Access4you H\u00edrek\",\"description\":\"\",\"publisher\":{\"@id\":\"https:\/\/news.access4you.io\/#organization\"},\"potentialAction\":[{\"@type\":\"SearchAction\",\"target\":{\"@type\":\"EntryPoint\",\"urlTemplate\":\"https:\/\/news.access4you.io\/?s={search_term_string}\"},\"query-input\":{\"@type\":\"PropertyValueSpecification\",\"valueRequired\":true,\"valueName\":\"search_term_string\"}}],\"inLanguage\":\"en-US\"},{\"@type\":\"Organization\",\"@id\":\"https:\/\/news.access4you.io\/#organization\",\"name\":\"Access4you H\u00edrek\",\"url\":\"https:\/\/news.access4you.io\/\",\"logo\":{\"@type\":\"ImageObject\",\"inLanguage\":\"en-US\",\"@id\":\"https:\/\/news.access4you.io\/#\/schema\/logo\/image\/\",\"url\":\"https:\/\/news.access4you.io\/wp-content\/uploads\/2021\/01\/a4u-logo-black.png\",\"contentUrl\":\"https:\/\/news.access4you.io\/wp-content\/uploads\/2021\/01\/a4u-logo-black.png\",\"width\":726,\"height\":454,\"caption\":\"Access4you H\u00edrek\"},\"image\":{\"@id\":\"https:\/\/news.access4you.io\/#\/schema\/logo\/image\/\"}},{\"@type\":\"Person\",\"@id\":\"https:\/\/news.access4you.io\/#\/schema\/person\/cb4fff088aa5f5f43a6f4ce3a1e2e084\",\"name\":\"access4you\",\"image\":{\"@type\":\"ImageObject\",\"inLanguage\":\"en-US\",\"@id\":\"https:\/\/news.access4you.io\/#\/schema\/person\/image\/\",\"url\":\"https:\/\/secure.gravatar.com\/avatar\/9795a8b3afc7ed258d167a92dbb1075b37bab5bc83b1ac9182ff4f58c22040b8?s=96&d=mm&r=g\",\"contentUrl\":\"https:\/\/secure.gravatar.com\/avatar\/9795a8b3afc7ed258d167a92dbb1075b37bab5bc83b1ac9182ff4f58c22040b8?s=96&d=mm&r=g\",\"caption\":\"access4you\"},\"sameAs\":[\"http:\/\/localhost\/access4you\"],\"url\":\"https:\/\/news.access4you.io\/en\/author\/access4you\/\"}]}<\/script>\n<!-- \/ Yoast SEO plugin. -->","yoast_head_json":{"title":"Orsz\u00e1gszerte 127 Vol\u00e1nbusz-\u00e1llom\u00e1sr\u00f3l k\u00e9sz\u00fclt akad\u00e1lymentess\u00e9gi felm\u00e9r\u00e9s - Access4you H\u00edrek","description":"Az Acces4you kerekessz\u00e9kes, vak \u00e9s gyeng\u00e9nl\u00e1t\u00f3, id\u0151s \u00e9s mozg\u00e1sukban korl\u00e1tozott, babakocsival k\u00f6zleked\u0151, siket, nagyothall\u00f3 \u00e9s kognit\u00edv zavarral \u00e9l\u0151 utaz\u00f3k szempontjait vizsg\u00e1lta.","robots":{"index":"index","follow":"follow","max-snippet":"max-snippet:-1","max-image-preview":"max-image-preview:large","max-video-preview":"max-video-preview:-1"},"canonical":"https:\/\/news.access4you.io\/en\/2022\/02\/24\/orszagszerte-127-volanbusz-allomasrol-keszult-akadalymentessegi-felmeres\/","og_locale":"en_US","og_type":"article","og_title":"Orsz\u00e1gszerte 127 Vol\u00e1nbusz-\u00e1llom\u00e1sr\u00f3l k\u00e9sz\u00fclt akad\u00e1lymentess\u00e9gi felm\u00e9r\u00e9s - Access4you H\u00edrek","og_description":"Az Acces4you kerekessz\u00e9kes, vak \u00e9s gyeng\u00e9nl\u00e1t\u00f3, id\u0151s \u00e9s mozg\u00e1sukban korl\u00e1tozott, babakocsival k\u00f6zleked\u0151, siket, nagyothall\u00f3 \u00e9s kognit\u00edv zavarral \u00e9l\u0151 utaz\u00f3k szempontjait vizsg\u00e1lta.","og_url":"https:\/\/news.access4you.io\/en\/2022\/02\/24\/orszagszerte-127-volanbusz-allomasrol-keszult-akadalymentessegi-felmeres\/","og_site_name":"Access4you H\u00edrek","article_published_time":"2022-02-24T12:38:54+00:00","article_modified_time":"2022-02-24T12:38:56+00:00","og_image":[{"width":2000,"height":1333,"url":"https:\/\/news.access4you.io\/wp-content\/uploads\/2022\/02\/IMG_20220221_153731_ok2_kozlemenybe.jpg","type":"image\/jpeg"}],"author":"access4you","twitter_card":"summary_large_image","twitter_misc":{"Written by":"access4you","Est. reading time":"4 minutes"},"schema":{"@context":"https:\/\/schema.org","@graph":[{"@type":"Article","@id":"https:\/\/news.access4you.io\/2022\/02\/24\/orszagszerte-127-volanbusz-allomasrol-keszult-akadalymentessegi-felmeres\/#article","isPartOf":{"@id":"https:\/\/news.access4you.io\/2022\/02\/24\/orszagszerte-127-volanbusz-allomasrol-keszult-akadalymentessegi-felmeres\/"},"author":{"name":"access4you","@id":"https:\/\/news.access4you.io\/#\/schema\/person\/cb4fff088aa5f5f43a6f4ce3a1e2e084"},"headline":"Orsz\u00e1gszerte 127 Vol\u00e1nbusz-\u00e1llom\u00e1sr\u00f3l k\u00e9sz\u00fclt akad\u00e1lymentess\u00e9gi felm\u00e9r\u00e9s","datePublished":"2022-02-24T12:38:54+00:00","dateModified":"2022-02-24T12:38:56+00:00","mainEntityOfPage":{"@id":"https:\/\/news.access4you.io\/2022\/02\/24\/orszagszerte-127-volanbusz-allomasrol-keszult-akadalymentessegi-felmeres\/"},"wordCount":897,"publisher":{"@id":"https:\/\/news.access4you.io\/#organization"},"image":{"@id":"https:\/\/news.access4you.io\/2022\/02\/24\/orszagszerte-127-volanbusz-allomasrol-keszult-akadalymentessegi-felmeres\/#primaryimage"},"thumbnailUrl":"https:\/\/news.access4you.io\/wp-content\/uploads\/2022\/02\/IMG_20220221_153731_ok2_kozlemenybe.jpg","articleSection":["\u00daj hely","K\u00f6zlem\u00e9ny","Sajt\u00f3szemle"],"inLanguage":"en-US"},{"@type":"WebPage","@id":"https:\/\/news.access4you.io\/2022\/02\/24\/orszagszerte-127-volanbusz-allomasrol-keszult-akadalymentessegi-felmeres\/","url":"https:\/\/news.access4you.io\/2022\/02\/24\/orszagszerte-127-volanbusz-allomasrol-keszult-akadalymentessegi-felmeres\/","name":"Orsz\u00e1gszerte 127 Vol\u00e1nbusz-\u00e1llom\u00e1sr\u00f3l k\u00e9sz\u00fclt akad\u00e1lymentess\u00e9gi felm\u00e9r\u00e9s - Access4you H\u00edrek","isPartOf":{"@id":"https:\/\/news.access4you.io\/#website"},"primaryImageOfPage":{"@id":"https:\/\/news.access4you.io\/2022\/02\/24\/orszagszerte-127-volanbusz-allomasrol-keszult-akadalymentessegi-felmeres\/#primaryimage"},"image":{"@id":"https:\/\/news.access4you.io\/2022\/02\/24\/orszagszerte-127-volanbusz-allomasrol-keszult-akadalymentessegi-felmeres\/#primaryimage"},"thumbnailUrl":"https:\/\/news.access4you.io\/wp-content\/uploads\/2022\/02\/IMG_20220221_153731_ok2_kozlemenybe.jpg","datePublished":"2022-02-24T12:38:54+00:00","dateModified":"2022-02-24T12:38:56+00:00","description":"Az Acces4you kerekessz\u00e9kes, vak \u00e9s gyeng\u00e9nl\u00e1t\u00f3, id\u0151s \u00e9s mozg\u00e1sukban korl\u00e1tozott, babakocsival k\u00f6zleked\u0151, siket, nagyothall\u00f3 \u00e9s kognit\u00edv zavarral \u00e9l\u0151 utaz\u00f3k szempontjait vizsg\u00e1lta.","breadcrumb":{"@id":"https:\/\/news.access4you.io\/2022\/02\/24\/orszagszerte-127-volanbusz-allomasrol-keszult-akadalymentessegi-felmeres\/#breadcrumb"},"inLanguage":"en-US","potentialAction":[{"@type":"ReadAction","target":["https:\/\/news.access4you.io\/2022\/02\/24\/orszagszerte-127-volanbusz-allomasrol-keszult-akadalymentessegi-felmeres\/"]}]},{"@type":"ImageObject","inLanguage":"en-US","@id":"https:\/\/news.access4you.io\/2022\/02\/24\/orszagszerte-127-volanbusz-allomasrol-keszult-akadalymentessegi-felmeres\/#primaryimage","url":"https:\/\/news.access4you.io\/wp-content\/uploads\/2022\/02\/IMG_20220221_153731_ok2_kozlemenybe.jpg","contentUrl":"https:\/\/news.access4you.io\/wp-content\/uploads\/2022\/02\/IMG_20220221_153731_ok2_kozlemenybe.jpg","width":2000,"height":1333},{"@type":"BreadcrumbList","@id":"https:\/\/news.access4you.io\/2022\/02\/24\/orszagszerte-127-volanbusz-allomasrol-keszult-akadalymentessegi-felmeres\/#breadcrumb","itemListElement":[{"@type":"ListItem","position":1,"name":"Kezd\u0151lap","item":"https:\/\/news.access4you.io\/"},{"@type":"ListItem","position":2,"name":"Orsz\u00e1gszerte 127 Vol\u00e1nbusz-\u00e1llom\u00e1sr\u00f3l k\u00e9sz\u00fclt akad\u00e1lymentess\u00e9gi felm\u00e9r\u00e9s"}]},{"@type":"WebSite","@id":"https:\/\/news.access4you.io\/#website","url":"https:\/\/news.access4you.io\/","name":"Access4you H\u00edrek","description":"","publisher":{"@id":"https:\/\/news.access4you.io\/#organization"},"potentialAction":[{"@type":"SearchAction","target":{"@type":"EntryPoint","urlTemplate":"https:\/\/news.access4you.io\/?s={search_term_string}"},"query-input":{"@type":"PropertyValueSpecification","valueRequired":true,"valueName":"search_term_string"}}],"inLanguage":"en-US"},{"@type":"Organization","@id":"https:\/\/news.access4you.io\/#organization","name":"Access4you H\u00edrek","url":"https:\/\/news.access4you.io\/","logo":{"@type":"ImageObject","inLanguage":"en-US","@id":"https:\/\/news.access4you.io\/#\/schema\/logo\/image\/","url":"https:\/\/news.access4you.io\/wp-content\/uploads\/2021\/01\/a4u-logo-black.png","contentUrl":"https:\/\/news.access4you.io\/wp-content\/uploads\/2021\/01\/a4u-logo-black.png","width":726,"height":454,"caption":"Access4you H\u00edrek"},"image":{"@id":"https:\/\/news.access4you.io\/#\/schema\/logo\/image\/"}},{"@type":"Person","@id":"https:\/\/news.access4you.io\/#\/schema\/person\/cb4fff088aa5f5f43a6f4ce3a1e2e084","name":"access4you","image":{"@type":"ImageObject","inLanguage":"en-US","@id":"https:\/\/news.access4you.io\/#\/schema\/person\/image\/","url":"https:\/\/secure.gravatar.com\/avatar\/9795a8b3afc7ed258d167a92dbb1075b37bab5bc83b1ac9182ff4f58c22040b8?s=96&d=mm&r=g","contentUrl":"https:\/\/secure.gravatar.com\/avatar\/9795a8b3afc7ed258d167a92dbb1075b37bab5bc83b1ac9182ff4f58c22040b8?s=96&d=mm&r=g","caption":"access4you"},"sameAs":["http:\/\/localhost\/access4you"],"url":"https:\/\/news.access4you.io\/en\/author\/access4you\/"}]}},"_links":{"self":[{"href":"https:\/\/news.access4you.io\/en\/wp-json\/wp\/v2\/posts\/4556","targetHints":{"allow":["GET"]}}],"collection":[{"href":"https:\/\/news.access4you.io\/en\/wp-json\/wp\/v2\/posts"}],"about":[{"href":"https:\/\/news.access4you.io\/en\/wp-json\/wp\/v2\/types\/post"}],"author":[{"embeddable":true,"href":"https:\/\/news.access4you.io\/en\/wp-json\/wp\/v2\/users\/1"}],"replies":[{"embeddable":true,"href":"https:\/\/news.access4you.io\/en\/wp-json\/wp\/v2\/comments?post=4556"}],"version-history":[{"count":0,"href":"https:\/\/news.access4you.io\/en\/wp-json\/wp\/v2\/posts\/4556\/revisions"}],"wp:featuredmedia":[{"embeddable":true,"href":"https:\/\/news.access4you.io\/en\/wp-json\/wp\/v2\/media\/4558"}],"wp:attachment":[{"href":"https:\/\/news.access4you.io\/en\/wp-json\/wp\/v2\/media?parent=4556"}],"wp:term":[{"taxonomy":"category","embeddable":true,"href":"https:\/\/news.access4you.io\/en\/wp-json\/wp\/v2\/categories?post=4556"},{"taxonomy":"post_tag","embeddable":true,"href":"https:\/\/news.access4you.io\/en\/wp-json\/wp\/v2\/tags?post=4556"}],"curies":[{"name":"wp","href":"https:\/\/api.w.org\/{rel}","templated":true}]}}