{"id":4562,"date":"2022-03-10T08:56:29","date_gmt":"2022-03-10T08:56:29","guid":{"rendered":"http:\/\/news.access4you.io\/?p=4562"},"modified":"2022-03-10T08:59:22","modified_gmt":"2022-03-10T08:59:22","slug":"a-44-utazas-kiallitas-fokuszaban-az-akadallyal-elok-a-turizmusban","status":"publish","type":"post","link":"https:\/\/news.access4you.io\/en\/2022\/03\/10\/a-44-utazas-kiallitas-fokuszaban-az-akadallyal-elok-a-turizmusban\/","title":{"rendered":"A 44. Utaz\u00e1s Ki\u00e1ll\u00edt\u00e1s f\u00f3kusz\u00e1ban: az akad\u00e1llyal \u00e9l\u0151k a turizmusban"},"content":{"rendered":"<p><strong>2022. m\u00e1rcius 4-\u00e9n, p\u00e9nteken kezd\u0151d\u00f6tt a 44. Utaz\u00e1s Ki\u00e1ll\u00edt\u00e1s, melynek k\u00f6zponti t\u00e9m\u00e1ja a biztons\u00e1gos utaz\u00e1s volt. Ehhez kapcsol\u00f3d\u00f3an az els\u0151 napon ker\u00fclt megrendez\u00e9sre Dr. Szegedi Andrea, eg\u00e9szs\u00e9gturisztikai szak\u00e9rt\u0151, a Semmelweis Egyetem adjunktus\u00e1nak szervez\u00e9s\u00e9ben \u00e9s vezet\u00e9s\u00e9ben az Eg\u00e9szs\u00e9gturizmus szakmai konferencia. A konferencia els\u0151 fel\u00e9ben az akad\u00e1lymentes turizmus \u00e9s a fogyat\u00e9koss\u00e1ggal \u00e9l\u0151 emberek munkaer\u0151piaci helyzete volt a f\u0151 t\u00e9ma. A rendezv\u00e9ny tov\u00e1bbi szervez\u0151i k\u00f6z\u00f6tt szerepel a Nem adom fel Alap\u00edtv\u00e1ny, a Smartfluencer \u2013 Open Communications, \u00e9s az Access4you.<\/strong><\/p>\n\n\n\n<p>A rendezv\u00e9ny els\u0151 blokkj\u00e1nak (<em>Biztons\u00e1gos utaz\u00e1s &#8211; Akad\u00e1llyal \u00e9l\u0151 utaz\u00f3k a turizmusban)<\/em> egyik kiemelt c\u00e9lja volt, hogy felh\u00edvja a turisztikai szakma figyelm\u00e9t arra, az akad\u00e1llyal \u00e9l\u0151 emberek egy jelent\u0151s c\u00e9lk\u00f6z\u00f6ns\u00e9get k\u00e9pviselnek sz\u00e1mukra. A fogyat\u00e9kkal \u00e9l\u0151knek utaz\u00e1saik sor\u00e1n val\u00f3ban vannak speci\u00e1lis elv\u00e1r\u00e1saik, de rengeteg sztereot\u00edpia \u00e9l vel\u00fck kapcsolatban, ami \u0151ket az utaz\u00e1st\u00f3l, a szolg\u00e1ltat\u00f3kat pedig ett\u0151l a szegmenst\u0151l riasztja el.<\/p>\n\n\n\n<p>Az els\u0151 el\u0151ad\u00e1st a Nem adom fel Alap\u00edtv\u00e1ny sz\u00f3viv\u0151je,<strong> Papp Szabolcs<\/strong> tartotta, aki az alap\u00edtv\u00e1ny munk\u00e1j\u00e1r\u00f3l besz\u00e9lve sz\u00f3ba hozta saj\u00e1t gyermekkori eml\u00e9k\u00e9t, ami az eg\u00e9sz konferencia egyik legfontosabb \u00fczenet\u00e9t is mag\u00e1ban hordozza: a fogyat\u00e9koss\u00e1ggal \u00e9l\u0151 emberek sz\u00e1m\u00e1ra az \u00f6n\u00e1ll\u00f3s\u00e1g ig\u00e9nye alapvet\u0151 &#8211; nem seg\u00edts\u00e9get, vagy kedvezm\u00e9nyeket szeretn\u00e9nek, hanem olyan lehet\u0151s\u00e9gekre v\u00e1gynak a mindennapokban, \u00edgy az utaz\u00e1sban is, amelyek egy\u00e9bk\u00e9nt mindenki sz\u00e1m\u00e1ra mag\u00e1t\u00f3l \u00e9rtet\u0151d\u0151ek. Megtudtuk, hogy jelenleg a fogyat\u00e9koss\u00e1ggal \u00e9l\u0151 emberek sz\u00e1m\u00e1ra a magasabb szint\u0171 infrastrukt\u00fara ig\u00e9nyek miatt dr\u00e1g\u00e1bb az utaz\u00e1s, m\u00e1sr\u00e9szt nagyon alapos felk\u00e9sz\u00fcl\u00e9st ig\u00e9nyel, amihez gyakran neh\u00e9z, s\u0151t lehetetlen hiteles inform\u00e1ci\u00f3t tal\u00e1lni az akad\u00e1lymentess\u00e9gr\u0151l. Az inform\u00e1ci\u00f3hi\u00e1ny a fesztiv\u00e1lok, bornapok \u00e9s ezekhez hasonl\u00f3 rendezv\u00e9nyek, a sz\u00e1ll\u00e1shelyek, k\u00f6zleked\u00e9si eszk\u00f6z\u00f6k ter\u00fclet\u00e9n mindenhol jelen van.<\/p>\n\n\n\n<figure class=\"wp-block-image size-large\"><img loading=\"lazy\" decoding=\"async\" width=\"1024\" height=\"683\" src=\"http:\/\/news.access4you.io\/wp-content\/uploads\/2022\/03\/Untitled-design-16-1024x683.png\" alt=\"\" class=\"wp-image-4569\" srcset=\"https:\/\/news.access4you.io\/wp-content\/uploads\/2022\/03\/Untitled-design-16-1024x683.png 1024w, https:\/\/news.access4you.io\/wp-content\/uploads\/2022\/03\/Untitled-design-16-300x200.png 300w, https:\/\/news.access4you.io\/wp-content\/uploads\/2022\/03\/Untitled-design-16-768x512.png 768w, https:\/\/news.access4you.io\/wp-content\/uploads\/2022\/03\/Untitled-design-16-1536x1024.png 1536w, https:\/\/news.access4you.io\/wp-content\/uploads\/2022\/03\/Untitled-design-16.png 2048w\" sizes=\"auto, (max-width: 1024px) 100vw, 1024px\" \/><figcaption>Papp Szabolcs (Nem adom fel Alap\u00edtv\u00e1ny) (fot\u00f3: Hunka Erika)<\/figcaption><\/figure>\n\n\n\n<p><strong>Bovier Gy\u00f6rgy<\/strong>, motiv\u00e1ci\u00f3s el\u0151ad\u00f3, integr\u00e1ci\u00f3s \u00e9s marketingszak\u00e9rt\u0151 (Smartfluencer, Open Communications), akit<strong> Sz\u0151ke \u00c1gnes<\/strong> k\u00e9rdezett, hozott mind pozit\u00edv, mind negat\u00edv utaz\u00e1si tapasztalatokat arr\u00f3l, hogy milyen kerekessz\u00e9ket haszn\u00e1lva utazni. Kider\u00fclt, hogy sokszor a sz\u00e1ll\u00e1shelyek sz\u00e1m\u00e1ra az akad\u00e1lymentess\u00e9g alapvet\u0151 felt\u00e9telei sem ismertek. Gyakori probl\u00e9ma az egys\u00e9ges nyelv hi\u00e1nya az akad\u00e1lymentess\u00e9g ter\u00e9n, ami ahhoz vezet, hogy a helysz\u00edn j\u00f3hiszem\u0171en akad\u00e1lymentesnek t\u00fcnteti fel mag\u00e1t, mik\u00f6zben nem az. Bovier Gy\u00f6rgy j\u00f3 p\u00e9ldak\u00e9nt Toki\u00f3t eml\u00edtette, ahol az akad\u00e1lymentess\u00e9g gyakorlatilag az egyetlen \u00e1llapot: kerekessz\u00e9kesk\u00e9nt, el\u0151zetes felk\u00e9sz\u00fcl\u00e9s n\u00e9lk\u00fcl \u00e9pp \u00fagy fedezte fel a v\u00e1rost, mint b\u00e1rki m\u00e1s.<\/p>\n\n\n\n<figure class=\"wp-block-image size-large\"><img loading=\"lazy\" decoding=\"async\" width=\"1024\" height=\"683\" src=\"http:\/\/news.access4you.io\/wp-content\/uploads\/2022\/03\/Untitled-design-14-1024x683.png\" alt=\"\" class=\"wp-image-4567\" srcset=\"https:\/\/news.access4you.io\/wp-content\/uploads\/2022\/03\/Untitled-design-14-1024x683.png 1024w, https:\/\/news.access4you.io\/wp-content\/uploads\/2022\/03\/Untitled-design-14-300x200.png 300w, https:\/\/news.access4you.io\/wp-content\/uploads\/2022\/03\/Untitled-design-14-768x512.png 768w, https:\/\/news.access4you.io\/wp-content\/uploads\/2022\/03\/Untitled-design-14-1536x1024.png 1536w, https:\/\/news.access4you.io\/wp-content\/uploads\/2022\/03\/Untitled-design-14.png 2048w\" sizes=\"auto, (max-width: 1024px) 100vw, 1024px\" \/><figcaption>Sz\u0151ke \u00c1gnes \u00e9s Bovier Gy\u00f6rgy (Open Communications &#8211; Smartfluencer)  (fot\u00f3: Hunka Erika)<\/figcaption><\/figure>\n\n\n\n<p>A konferenci\u00e1n el\u0151ad\u00e1st tartott <strong>Gyulai Zsuzsanna<\/strong> (Nem adom fel K\u00e1v\u00e9z\u00f3), aki arr\u00f3l besz\u00e9lt, hogy hogyan foglalkoztatj\u00e1k a megv\u00e1ltozott munkak\u00e9pess\u00e9g\u0171 szem\u00e9lyeket a Nem adom fel K\u00e1v\u00e9z\u00f3 \u00e9s \u00c9tteremben, \u00e9s milyen el\u0151ny\u00f6kkel j\u00e1r egy v\u00e1llalatnak a fogyat\u00e9koss\u00e1ggal \u00e9l\u0151 emberek alkalmaz\u00e1sa.<\/p>\n\n\n\n<p>A <strong>Heged\u0171s Attila <\/strong>(turisztikai szak\u00e9rt\u0151, Dentons) \u00e1ltal vezetett kerekasztal besz\u00e9lget\u00e9sen egy m\u00e1sik j\u00f3 p\u00e9ld\u00e1t ismert\u00fcnk meg, eg\u00e9szen k\u00f6zelr\u0151l. <strong>K\u0151r\u00f6si G\u00e1bor, <\/strong>a V\u00e1rkapit\u00e1nys\u00e1g Zrt. kommunik\u00e1ci\u00f3s \u00e9s marketing igazgat\u00f3ja elmondta, hogy a Budai v\u00e1r fel\u00faj\u00edt\u00e1sa sor\u00e1n az \u00e1tadott \u00f6sszes \u00e9p\u00fcletr\u00e9szt az Access4you m\u00e9rte fel \u00e9s tan\u00fas\u00edtotta akad\u00e1lymentess\u00e9g szempontj\u00e1b\u00f3l. A felmer\u00fcl\u0151 akad\u00e1lymentess\u00e9gi probl\u00e9m\u00e1kat az c\u00e9g aj\u00e1nl\u00e1sai szerint igyekeznek orvosolni, a projekt v\u00e9gezt\u00e9vel az egy\u00fcttm\u0171k\u00f6d\u00e9snek k\u00f6sz\u00f6nhet\u0151en a V\u00e1r ter\u00fclet\u00e9r\u0151l hiteles akad\u00e1lymentess\u00e9gi inform\u00e1ci\u00f3 lesz el\u00e9rhet\u0151. <strong>Daniss-Bod\u00f3 Eszter<\/strong>, sp\u00e9cisz\u00fcl\u0151 \u00e9s az Egyes\u00fclet az Inkl\u00fazi\u00f3\u00e9rt munkat\u00e1rsa al\u00e1t\u00e1masztotta, hogy az inform\u00e1ci\u00f3 alapvet\u0151 fontoss\u00e1g\u00fa, de kiemelte, hogy nagyon sokat sz\u00e1m\u00edt a seg\u00edt\u0151, empatikus \u00e9s felk\u00e9sz\u00fclt szem\u00e9lyzet is. Ezen k\u00edv\u00fcl a besz\u00e9lget\u00e9sen sz\u00f3 volt arr\u00f3l, hogy a t\u00e1rsadalmi eduk\u00e1ci\u00f3 \u00e9s a befogad\u00f3 kult\u00fara milyen m\u00e9rt\u00e9kben j\u00e1rulhat hozz\u00e1 az akad\u00e1lyok \u00e9s el\u0151\u00edt\u00e9letek lebont\u00e1s\u00e1hoz.<\/p>\n\n\n\n<figure class=\"wp-block-image size-large\"><img loading=\"lazy\" decoding=\"async\" width=\"1024\" height=\"683\" src=\"http:\/\/news.access4you.io\/wp-content\/uploads\/2022\/03\/1X7A9918-1024x683.jpg\" alt=\"\" class=\"wp-image-4563\" srcset=\"https:\/\/news.access4you.io\/wp-content\/uploads\/2022\/03\/1X7A9918-1024x683.jpg 1024w, https:\/\/news.access4you.io\/wp-content\/uploads\/2022\/03\/1X7A9918-300x200.jpg 300w, https:\/\/news.access4you.io\/wp-content\/uploads\/2022\/03\/1X7A9918-768x512.jpg 768w, https:\/\/news.access4you.io\/wp-content\/uploads\/2022\/03\/1X7A9918-1536x1024.jpg 1536w, https:\/\/news.access4you.io\/wp-content\/uploads\/2022\/03\/1X7A9918-2048x1365.jpg 2048w\" sizes=\"auto, (max-width: 1024px) 100vw, 1024px\" \/><figcaption>Heged\u0171s Attila (Dentons), Ceiszing Mikl\u00f3s (N\u00e9met Turisztikai Sz\u00f6vets\u00e9g), K\u0151r\u00f6si G\u00e1bor (V\u00e1rkapit\u00e1nys\u00e1g Zrt) \u00e9s Daniss-Bod\u00f3 Eszter (Egy sima egy ford\u00edtott &#8211; Egyes\u00fclet az Inkl\u00fazi\u00f3\u00e9rt) (fot\u00f3: Hunka Erika)<\/figcaption><\/figure>\n\n\n\n<p><strong>Berecz Bal\u00e1zs, <\/strong>az Access4you alap\u00edt\u00f3ja \u00e9s \u00fcgyvezet\u0151je moder\u00e1lta az utols\u00f3 kerekasztal besz\u00e9lget\u00e9st, melyb\u0151l kider\u00fclt, hogy a Budapest Airport \u00e9s a Dr\u00e1va hotel is igyekszik magas szint\u0171 akad\u00e1lymentes szolg\u00e1ltat\u00e1st biztos\u00edtani, illetve a speci\u00e1lis k\u00e9r\u00e9seket teljes\u00edteni. A budapesti rep\u00fcl\u0151t\u00e9ren megfordul\u00f3 utasok 0,5%-a speci\u00e1lis ig\u00e9ny\u0171 utaz\u00f3, 2019-ben ez 70 ezer embert jelentett \u2013 tudtuk meg <strong>Heged\u0171s P\u00e1lt\u00f3l, <\/strong>Budapest Airport Zrt. termin\u00e1l szolg\u00e1ltat\u00e1sok vezet\u0151j\u00e9t\u0151l. A Dr\u00e1va Hotel Thermal Resort**** vezet\u0151je,<strong> Puch Eszter<\/strong> arra mutat r\u00e1, hogy az akad\u00e1lymentess\u00e9g a t\u00e1rsadalmi szerepv\u00e1llal\u00e1suk fontos r\u00e9sz\u00e9t k\u00e9pezi, ugyanakkor \u00fczleti szempontb\u00f3l is jelent\u0151s\u00e9ge van.<\/p>\n\n\n\n<figure class=\"wp-block-image size-large\"><img loading=\"lazy\" decoding=\"async\" width=\"1024\" height=\"683\" src=\"http:\/\/news.access4you.io\/wp-content\/uploads\/2022\/03\/Untitled-design-15-1024x683.png\" alt=\"\" class=\"wp-image-4568\" srcset=\"https:\/\/news.access4you.io\/wp-content\/uploads\/2022\/03\/Untitled-design-15-1024x683.png 1024w, https:\/\/news.access4you.io\/wp-content\/uploads\/2022\/03\/Untitled-design-15-300x200.png 300w, https:\/\/news.access4you.io\/wp-content\/uploads\/2022\/03\/Untitled-design-15-768x512.png 768w, https:\/\/news.access4you.io\/wp-content\/uploads\/2022\/03\/Untitled-design-15-1536x1024.png 1536w, https:\/\/news.access4you.io\/wp-content\/uploads\/2022\/03\/Untitled-design-15.png 2048w\" sizes=\"auto, (max-width: 1024px) 100vw, 1024px\" \/><figcaption>Berecz Bal\u00e1zs \u00e9s Dr. Farkas J\u00e1cint (fot\u00f3: Hunka Erika)<\/figcaption><\/figure>\n\n\n\n<p><strong>Dr. Farkas J\u00e1cint<\/strong>, a Corvinus Egyetem tudom\u00e1nyos munkat\u00e1rsa kiemelte az utols\u00f3 besz\u00e9lget\u00e9sben, hogy az akad\u00e1lymentess\u00e9gr\u0151l nem el\u00e9g besz\u00e9lgetn\u00fcnk, hanem gener\u00e1ci\u00f3s szeml\u00e9letv\u00e1lt\u00e1sra, egy paradigmav\u00e1lt\u00e1sra van sz\u00fcks\u00e9g\u00fcnk.<\/p>\n\n\n\n<p>&nbsp;Az esem\u00e9nyt megel\u0151z\u0151 r\u00e1di\u00f3s besz\u00e9lget\u00e9s<a href=\"https:\/\/www.youtube.com\/watch?v=NpVCcyYrXu8\" target=\"_blank\" rel=\"noreferrer noopener\"> itt <\/a>el\u00e9rhet\u0151.<\/p>","protected":false},"excerpt":{"rendered":"<p>2022. m\u00e1rcius 4-\u00e9n, p\u00e9nteken kezd\u0151d\u00f6tt a 44. Utaz\u00e1s Ki\u00e1ll\u00edt\u00e1s, melynek k\u00f6zponti t\u00e9m\u00e1ja a biztons\u00e1gos utaz\u00e1s volt. Ehhez kapcsol\u00f3d\u00f3an az els\u0151 napon ker\u00fclt megrendez\u00e9sre Dr. Szegedi Andrea, eg\u00e9szs\u00e9gturisztikai szak\u00e9rt\u0151, a Semmelweis Egyetem adjunktus\u00e1nak szervez\u00e9s\u00e9ben \u00e9s vezet\u00e9s\u00e9ben az Eg\u00e9szs\u00e9gturizmus szakmai konferencia. A konferencia els\u0151 fel\u00e9ben az akad\u00e1lymentes turizmus \u00e9s a fogyat\u00e9koss\u00e1ggal \u00e9l\u0151 emberek munkaer\u0151piaci helyzete volt a [&hellip;]<\/p>","protected":false},"author":1,"featured_media":4563,"comment_status":"closed","ping_status":"closed","sticky":false,"template":"","format":"standard","meta":{"footnotes":""},"categories":[10,76,1],"tags":[],"class_list":["post-4562","post","type-post","status-publish","format-standard","has-post-thumbnail","hentry","category-blog","category-kozlemeny","category-rovat"],"yoast_head":"<!-- This site is optimized with the Yoast SEO plugin v23.8 - https:\/\/yoast.com\/wordpress\/plugins\/seo\/ -->\n<title>A 44. Utaz\u00e1s Ki\u00e1ll\u00edt\u00e1s f\u00f3kusz\u00e1ban: az akad\u00e1llyal \u00e9l\u0151k a turizmusban - Access4you H\u00edrek<\/title>\n<meta name=\"description\" content=\"Milyen kih\u00edv\u00e1sokkal n\u00e9z szembe egy speci\u00e1lisig\u00e9ny\u0171 utaz\u00f3? Hogyan tekints\u00fcnk az akad\u00e1lymentess\u00e9gre: j\u00f3t\u00e9konys\u00e1g vagy \u00fczleti \u00e9rdek? A 44. Utaz\u00e1s Ki\u00e1ll\u00edt\u00e1s konferenci\u00e1j\u00e1nak besz\u00e1mol\u00f3j\u00e1b\u00f3l kider\u00fcl.\" \/>\n<meta name=\"robots\" content=\"index, follow, max-snippet:-1, max-image-preview:large, max-video-preview:-1\" \/>\n<link rel=\"canonical\" href=\"https:\/\/news.access4you.io\/en\/2022\/03\/10\/a-44-utazas-kiallitas-fokuszaban-az-akadallyal-elok-a-turizmusban\/\" \/>\n<meta property=\"og:locale\" content=\"en_US\" \/>\n<meta property=\"og:type\" content=\"article\" \/>\n<meta property=\"og:title\" content=\"A 44. Utaz\u00e1s Ki\u00e1ll\u00edt\u00e1s f\u00f3kusz\u00e1ban: az akad\u00e1llyal \u00e9l\u0151k a turizmusban - Access4you H\u00edrek\" \/>\n<meta property=\"og:description\" content=\"Milyen kih\u00edv\u00e1sokkal n\u00e9z szembe egy speci\u00e1lisig\u00e9ny\u0171 utaz\u00f3? Hogyan tekints\u00fcnk az akad\u00e1lymentess\u00e9gre: j\u00f3t\u00e9konys\u00e1g vagy \u00fczleti \u00e9rdek? A 44. Utaz\u00e1s Ki\u00e1ll\u00edt\u00e1s konferenci\u00e1j\u00e1nak besz\u00e1mol\u00f3j\u00e1b\u00f3l kider\u00fcl.\" \/>\n<meta property=\"og:url\" content=\"https:\/\/news.access4you.io\/en\/2022\/03\/10\/a-44-utazas-kiallitas-fokuszaban-az-akadallyal-elok-a-turizmusban\/\" \/>\n<meta property=\"og:site_name\" content=\"Access4you H\u00edrek\" \/>\n<meta property=\"article:published_time\" content=\"2022-03-10T08:56:29+00:00\" \/>\n<meta property=\"article:modified_time\" content=\"2022-03-10T08:59:22+00:00\" \/>\n<meta property=\"og:image\" content=\"https:\/\/news.access4you.io\/wp-content\/uploads\/2022\/03\/1X7A9918-scaled.jpg\" \/>\n\t<meta property=\"og:image:width\" content=\"2560\" \/>\n\t<meta property=\"og:image:height\" content=\"1707\" \/>\n\t<meta property=\"og:image:type\" content=\"image\/jpeg\" \/>\n<meta name=\"author\" content=\"access4you\" \/>\n<meta name=\"twitter:card\" content=\"summary_large_image\" \/>\n<meta name=\"twitter:label1\" content=\"Written by\" \/>\n\t<meta name=\"twitter:data1\" content=\"access4you\" \/>\n\t<meta name=\"twitter:label2\" content=\"Est. reading time\" \/>\n\t<meta name=\"twitter:data2\" content=\"5 minutes\" \/>\n<script type=\"application\/ld+json\" class=\"yoast-schema-graph\">{\"@context\":\"https:\/\/schema.org\",\"@graph\":[{\"@type\":\"Article\",\"@id\":\"https:\/\/news.access4you.io\/2022\/03\/10\/a-44-utazas-kiallitas-fokuszaban-az-akadallyal-elok-a-turizmusban\/#article\",\"isPartOf\":{\"@id\":\"https:\/\/news.access4you.io\/2022\/03\/10\/a-44-utazas-kiallitas-fokuszaban-az-akadallyal-elok-a-turizmusban\/\"},\"author\":{\"name\":\"access4you\",\"@id\":\"https:\/\/news.access4you.io\/#\/schema\/person\/cb4fff088aa5f5f43a6f4ce3a1e2e084\"},\"headline\":\"A 44. Utaz\u00e1s Ki\u00e1ll\u00edt\u00e1s f\u00f3kusz\u00e1ban: az akad\u00e1llyal \u00e9l\u0151k a turizmusban\",\"datePublished\":\"2022-03-10T08:56:29+00:00\",\"dateModified\":\"2022-03-10T08:59:22+00:00\",\"mainEntityOfPage\":{\"@id\":\"https:\/\/news.access4you.io\/2022\/03\/10\/a-44-utazas-kiallitas-fokuszaban-az-akadallyal-elok-a-turizmusban\/\"},\"wordCount\":1098,\"publisher\":{\"@id\":\"https:\/\/news.access4you.io\/#organization\"},\"image\":{\"@id\":\"https:\/\/news.access4you.io\/2022\/03\/10\/a-44-utazas-kiallitas-fokuszaban-az-akadallyal-elok-a-turizmusban\/#primaryimage\"},\"thumbnailUrl\":\"https:\/\/news.access4you.io\/wp-content\/uploads\/2022\/03\/1X7A9918-scaled.jpg\",\"articleSection\":[\"Blog\",\"K\u00f6zlem\u00e9ny\",\"Rovat\"],\"inLanguage\":\"en-US\"},{\"@type\":\"WebPage\",\"@id\":\"https:\/\/news.access4you.io\/2022\/03\/10\/a-44-utazas-kiallitas-fokuszaban-az-akadallyal-elok-a-turizmusban\/\",\"url\":\"https:\/\/news.access4you.io\/2022\/03\/10\/a-44-utazas-kiallitas-fokuszaban-az-akadallyal-elok-a-turizmusban\/\",\"name\":\"A 44. Utaz\u00e1s Ki\u00e1ll\u00edt\u00e1s f\u00f3kusz\u00e1ban: az akad\u00e1llyal \u00e9l\u0151k a turizmusban - Access4you H\u00edrek\",\"isPartOf\":{\"@id\":\"https:\/\/news.access4you.io\/#website\"},\"primaryImageOfPage\":{\"@id\":\"https:\/\/news.access4you.io\/2022\/03\/10\/a-44-utazas-kiallitas-fokuszaban-az-akadallyal-elok-a-turizmusban\/#primaryimage\"},\"image\":{\"@id\":\"https:\/\/news.access4you.io\/2022\/03\/10\/a-44-utazas-kiallitas-fokuszaban-az-akadallyal-elok-a-turizmusban\/#primaryimage\"},\"thumbnailUrl\":\"https:\/\/news.access4you.io\/wp-content\/uploads\/2022\/03\/1X7A9918-scaled.jpg\",\"datePublished\":\"2022-03-10T08:56:29+00:00\",\"dateModified\":\"2022-03-10T08:59:22+00:00\",\"description\":\"Milyen kih\u00edv\u00e1sokkal n\u00e9z szembe egy speci\u00e1lisig\u00e9ny\u0171 utaz\u00f3? Hogyan tekints\u00fcnk az akad\u00e1lymentess\u00e9gre: j\u00f3t\u00e9konys\u00e1g vagy \u00fczleti \u00e9rdek? A 44. Utaz\u00e1s Ki\u00e1ll\u00edt\u00e1s konferenci\u00e1j\u00e1nak besz\u00e1mol\u00f3j\u00e1b\u00f3l kider\u00fcl.\",\"breadcrumb\":{\"@id\":\"https:\/\/news.access4you.io\/2022\/03\/10\/a-44-utazas-kiallitas-fokuszaban-az-akadallyal-elok-a-turizmusban\/#breadcrumb\"},\"inLanguage\":\"en-US\",\"potentialAction\":[{\"@type\":\"ReadAction\",\"target\":[\"https:\/\/news.access4you.io\/2022\/03\/10\/a-44-utazas-kiallitas-fokuszaban-az-akadallyal-elok-a-turizmusban\/\"]}]},{\"@type\":\"ImageObject\",\"inLanguage\":\"en-US\",\"@id\":\"https:\/\/news.access4you.io\/2022\/03\/10\/a-44-utazas-kiallitas-fokuszaban-az-akadallyal-elok-a-turizmusban\/#primaryimage\",\"url\":\"https:\/\/news.access4you.io\/wp-content\/uploads\/2022\/03\/1X7A9918-scaled.jpg\",\"contentUrl\":\"https:\/\/news.access4you.io\/wp-content\/uploads\/2022\/03\/1X7A9918-scaled.jpg\",\"width\":2560,\"height\":1707},{\"@type\":\"BreadcrumbList\",\"@id\":\"https:\/\/news.access4you.io\/2022\/03\/10\/a-44-utazas-kiallitas-fokuszaban-az-akadallyal-elok-a-turizmusban\/#breadcrumb\",\"itemListElement\":[{\"@type\":\"ListItem\",\"position\":1,\"name\":\"Kezd\u0151lap\",\"item\":\"https:\/\/news.access4you.io\/\"},{\"@type\":\"ListItem\",\"position\":2,\"name\":\"A 44. Utaz\u00e1s Ki\u00e1ll\u00edt\u00e1s f\u00f3kusz\u00e1ban: az akad\u00e1llyal \u00e9l\u0151k a turizmusban\"}]},{\"@type\":\"WebSite\",\"@id\":\"https:\/\/news.access4you.io\/#website\",\"url\":\"https:\/\/news.access4you.io\/\",\"name\":\"Access4you H\u00edrek\",\"description\":\"\",\"publisher\":{\"@id\":\"https:\/\/news.access4you.io\/#organization\"},\"potentialAction\":[{\"@type\":\"SearchAction\",\"target\":{\"@type\":\"EntryPoint\",\"urlTemplate\":\"https:\/\/news.access4you.io\/?s={search_term_string}\"},\"query-input\":{\"@type\":\"PropertyValueSpecification\",\"valueRequired\":true,\"valueName\":\"search_term_string\"}}],\"inLanguage\":\"en-US\"},{\"@type\":\"Organization\",\"@id\":\"https:\/\/news.access4you.io\/#organization\",\"name\":\"Access4you H\u00edrek\",\"url\":\"https:\/\/news.access4you.io\/\",\"logo\":{\"@type\":\"ImageObject\",\"inLanguage\":\"en-US\",\"@id\":\"https:\/\/news.access4you.io\/#\/schema\/logo\/image\/\",\"url\":\"https:\/\/news.access4you.io\/wp-content\/uploads\/2021\/01\/a4u-logo-black.png\",\"contentUrl\":\"https:\/\/news.access4you.io\/wp-content\/uploads\/2021\/01\/a4u-logo-black.png\",\"width\":726,\"height\":454,\"caption\":\"Access4you H\u00edrek\"},\"image\":{\"@id\":\"https:\/\/news.access4you.io\/#\/schema\/logo\/image\/\"}},{\"@type\":\"Person\",\"@id\":\"https:\/\/news.access4you.io\/#\/schema\/person\/cb4fff088aa5f5f43a6f4ce3a1e2e084\",\"name\":\"access4you\",\"image\":{\"@type\":\"ImageObject\",\"inLanguage\":\"en-US\",\"@id\":\"https:\/\/news.access4you.io\/#\/schema\/person\/image\/\",\"url\":\"https:\/\/secure.gravatar.com\/avatar\/9795a8b3afc7ed258d167a92dbb1075b37bab5bc83b1ac9182ff4f58c22040b8?s=96&d=mm&r=g\",\"contentUrl\":\"https:\/\/secure.gravatar.com\/avatar\/9795a8b3afc7ed258d167a92dbb1075b37bab5bc83b1ac9182ff4f58c22040b8?s=96&d=mm&r=g\",\"caption\":\"access4you\"},\"sameAs\":[\"http:\/\/localhost\/access4you\"],\"url\":\"https:\/\/news.access4you.io\/en\/author\/access4you\/\"}]}<\/script>\n<!-- \/ Yoast SEO plugin. -->","yoast_head_json":{"title":"A 44. Utaz\u00e1s Ki\u00e1ll\u00edt\u00e1s f\u00f3kusz\u00e1ban: az akad\u00e1llyal \u00e9l\u0151k a turizmusban - Access4you H\u00edrek","description":"Milyen kih\u00edv\u00e1sokkal n\u00e9z szembe egy speci\u00e1lisig\u00e9ny\u0171 utaz\u00f3? Hogyan tekints\u00fcnk az akad\u00e1lymentess\u00e9gre: j\u00f3t\u00e9konys\u00e1g vagy \u00fczleti \u00e9rdek? A 44. Utaz\u00e1s Ki\u00e1ll\u00edt\u00e1s konferenci\u00e1j\u00e1nak besz\u00e1mol\u00f3j\u00e1b\u00f3l kider\u00fcl.","robots":{"index":"index","follow":"follow","max-snippet":"max-snippet:-1","max-image-preview":"max-image-preview:large","max-video-preview":"max-video-preview:-1"},"canonical":"https:\/\/news.access4you.io\/en\/2022\/03\/10\/a-44-utazas-kiallitas-fokuszaban-az-akadallyal-elok-a-turizmusban\/","og_locale":"en_US","og_type":"article","og_title":"A 44. Utaz\u00e1s Ki\u00e1ll\u00edt\u00e1s f\u00f3kusz\u00e1ban: az akad\u00e1llyal \u00e9l\u0151k a turizmusban - Access4you H\u00edrek","og_description":"Milyen kih\u00edv\u00e1sokkal n\u00e9z szembe egy speci\u00e1lisig\u00e9ny\u0171 utaz\u00f3? Hogyan tekints\u00fcnk az akad\u00e1lymentess\u00e9gre: j\u00f3t\u00e9konys\u00e1g vagy \u00fczleti \u00e9rdek? A 44. Utaz\u00e1s Ki\u00e1ll\u00edt\u00e1s konferenci\u00e1j\u00e1nak besz\u00e1mol\u00f3j\u00e1b\u00f3l kider\u00fcl.","og_url":"https:\/\/news.access4you.io\/en\/2022\/03\/10\/a-44-utazas-kiallitas-fokuszaban-az-akadallyal-elok-a-turizmusban\/","og_site_name":"Access4you H\u00edrek","article_published_time":"2022-03-10T08:56:29+00:00","article_modified_time":"2022-03-10T08:59:22+00:00","og_image":[{"width":2560,"height":1707,"url":"https:\/\/news.access4you.io\/wp-content\/uploads\/2022\/03\/1X7A9918-scaled.jpg","type":"image\/jpeg"}],"author":"access4you","twitter_card":"summary_large_image","twitter_misc":{"Written by":"access4you","Est. reading time":"5 minutes"},"schema":{"@context":"https:\/\/schema.org","@graph":[{"@type":"Article","@id":"https:\/\/news.access4you.io\/2022\/03\/10\/a-44-utazas-kiallitas-fokuszaban-az-akadallyal-elok-a-turizmusban\/#article","isPartOf":{"@id":"https:\/\/news.access4you.io\/2022\/03\/10\/a-44-utazas-kiallitas-fokuszaban-az-akadallyal-elok-a-turizmusban\/"},"author":{"name":"access4you","@id":"https:\/\/news.access4you.io\/#\/schema\/person\/cb4fff088aa5f5f43a6f4ce3a1e2e084"},"headline":"A 44. Utaz\u00e1s Ki\u00e1ll\u00edt\u00e1s f\u00f3kusz\u00e1ban: az akad\u00e1llyal \u00e9l\u0151k a turizmusban","datePublished":"2022-03-10T08:56:29+00:00","dateModified":"2022-03-10T08:59:22+00:00","mainEntityOfPage":{"@id":"https:\/\/news.access4you.io\/2022\/03\/10\/a-44-utazas-kiallitas-fokuszaban-az-akadallyal-elok-a-turizmusban\/"},"wordCount":1098,"publisher":{"@id":"https:\/\/news.access4you.io\/#organization"},"image":{"@id":"https:\/\/news.access4you.io\/2022\/03\/10\/a-44-utazas-kiallitas-fokuszaban-az-akadallyal-elok-a-turizmusban\/#primaryimage"},"thumbnailUrl":"https:\/\/news.access4you.io\/wp-content\/uploads\/2022\/03\/1X7A9918-scaled.jpg","articleSection":["Blog","K\u00f6zlem\u00e9ny","Rovat"],"inLanguage":"en-US"},{"@type":"WebPage","@id":"https:\/\/news.access4you.io\/2022\/03\/10\/a-44-utazas-kiallitas-fokuszaban-az-akadallyal-elok-a-turizmusban\/","url":"https:\/\/news.access4you.io\/2022\/03\/10\/a-44-utazas-kiallitas-fokuszaban-az-akadallyal-elok-a-turizmusban\/","name":"A 44. Utaz\u00e1s Ki\u00e1ll\u00edt\u00e1s f\u00f3kusz\u00e1ban: az akad\u00e1llyal \u00e9l\u0151k a turizmusban - Access4you H\u00edrek","isPartOf":{"@id":"https:\/\/news.access4you.io\/#website"},"primaryImageOfPage":{"@id":"https:\/\/news.access4you.io\/2022\/03\/10\/a-44-utazas-kiallitas-fokuszaban-az-akadallyal-elok-a-turizmusban\/#primaryimage"},"image":{"@id":"https:\/\/news.access4you.io\/2022\/03\/10\/a-44-utazas-kiallitas-fokuszaban-az-akadallyal-elok-a-turizmusban\/#primaryimage"},"thumbnailUrl":"https:\/\/news.access4you.io\/wp-content\/uploads\/2022\/03\/1X7A9918-scaled.jpg","datePublished":"2022-03-10T08:56:29+00:00","dateModified":"2022-03-10T08:59:22+00:00","description":"Milyen kih\u00edv\u00e1sokkal n\u00e9z szembe egy speci\u00e1lisig\u00e9ny\u0171 utaz\u00f3? Hogyan tekints\u00fcnk az akad\u00e1lymentess\u00e9gre: j\u00f3t\u00e9konys\u00e1g vagy \u00fczleti \u00e9rdek? A 44. Utaz\u00e1s Ki\u00e1ll\u00edt\u00e1s konferenci\u00e1j\u00e1nak besz\u00e1mol\u00f3j\u00e1b\u00f3l kider\u00fcl.","breadcrumb":{"@id":"https:\/\/news.access4you.io\/2022\/03\/10\/a-44-utazas-kiallitas-fokuszaban-az-akadallyal-elok-a-turizmusban\/#breadcrumb"},"inLanguage":"en-US","potentialAction":[{"@type":"ReadAction","target":["https:\/\/news.access4you.io\/2022\/03\/10\/a-44-utazas-kiallitas-fokuszaban-az-akadallyal-elok-a-turizmusban\/"]}]},{"@type":"ImageObject","inLanguage":"en-US","@id":"https:\/\/news.access4you.io\/2022\/03\/10\/a-44-utazas-kiallitas-fokuszaban-az-akadallyal-elok-a-turizmusban\/#primaryimage","url":"https:\/\/news.access4you.io\/wp-content\/uploads\/2022\/03\/1X7A9918-scaled.jpg","contentUrl":"https:\/\/news.access4you.io\/wp-content\/uploads\/2022\/03\/1X7A9918-scaled.jpg","width":2560,"height":1707},{"@type":"BreadcrumbList","@id":"https:\/\/news.access4you.io\/2022\/03\/10\/a-44-utazas-kiallitas-fokuszaban-az-akadallyal-elok-a-turizmusban\/#breadcrumb","itemListElement":[{"@type":"ListItem","position":1,"name":"Kezd\u0151lap","item":"https:\/\/news.access4you.io\/"},{"@type":"ListItem","position":2,"name":"A 44. Utaz\u00e1s Ki\u00e1ll\u00edt\u00e1s f\u00f3kusz\u00e1ban: az akad\u00e1llyal \u00e9l\u0151k a turizmusban"}]},{"@type":"WebSite","@id":"https:\/\/news.access4you.io\/#website","url":"https:\/\/news.access4you.io\/","name":"Access4you H\u00edrek","description":"","publisher":{"@id":"https:\/\/news.access4you.io\/#organization"},"potentialAction":[{"@type":"SearchAction","target":{"@type":"EntryPoint","urlTemplate":"https:\/\/news.access4you.io\/?s={search_term_string}"},"query-input":{"@type":"PropertyValueSpecification","valueRequired":true,"valueName":"search_term_string"}}],"inLanguage":"en-US"},{"@type":"Organization","@id":"https:\/\/news.access4you.io\/#organization","name":"Access4you H\u00edrek","url":"https:\/\/news.access4you.io\/","logo":{"@type":"ImageObject","inLanguage":"en-US","@id":"https:\/\/news.access4you.io\/#\/schema\/logo\/image\/","url":"https:\/\/news.access4you.io\/wp-content\/uploads\/2021\/01\/a4u-logo-black.png","contentUrl":"https:\/\/news.access4you.io\/wp-content\/uploads\/2021\/01\/a4u-logo-black.png","width":726,"height":454,"caption":"Access4you H\u00edrek"},"image":{"@id":"https:\/\/news.access4you.io\/#\/schema\/logo\/image\/"}},{"@type":"Person","@id":"https:\/\/news.access4you.io\/#\/schema\/person\/cb4fff088aa5f5f43a6f4ce3a1e2e084","name":"access4you","image":{"@type":"ImageObject","inLanguage":"en-US","@id":"https:\/\/news.access4you.io\/#\/schema\/person\/image\/","url":"https:\/\/secure.gravatar.com\/avatar\/9795a8b3afc7ed258d167a92dbb1075b37bab5bc83b1ac9182ff4f58c22040b8?s=96&d=mm&r=g","contentUrl":"https:\/\/secure.gravatar.com\/avatar\/9795a8b3afc7ed258d167a92dbb1075b37bab5bc83b1ac9182ff4f58c22040b8?s=96&d=mm&r=g","caption":"access4you"},"sameAs":["http:\/\/localhost\/access4you"],"url":"https:\/\/news.access4you.io\/en\/author\/access4you\/"}]}},"_links":{"self":[{"href":"https:\/\/news.access4you.io\/en\/wp-json\/wp\/v2\/posts\/4562","targetHints":{"allow":["GET"]}}],"collection":[{"href":"https:\/\/news.access4you.io\/en\/wp-json\/wp\/v2\/posts"}],"about":[{"href":"https:\/\/news.access4you.io\/en\/wp-json\/wp\/v2\/types\/post"}],"author":[{"embeddable":true,"href":"https:\/\/news.access4you.io\/en\/wp-json\/wp\/v2\/users\/1"}],"replies":[{"embeddable":true,"href":"https:\/\/news.access4you.io\/en\/wp-json\/wp\/v2\/comments?post=4562"}],"version-history":[{"count":0,"href":"https:\/\/news.access4you.io\/en\/wp-json\/wp\/v2\/posts\/4562\/revisions"}],"wp:featuredmedia":[{"embeddable":true,"href":"https:\/\/news.access4you.io\/en\/wp-json\/wp\/v2\/media\/4563"}],"wp:attachment":[{"href":"https:\/\/news.access4you.io\/en\/wp-json\/wp\/v2\/media?parent=4562"}],"wp:term":[{"taxonomy":"category","embeddable":true,"href":"https:\/\/news.access4you.io\/en\/wp-json\/wp\/v2\/categories?post=4562"},{"taxonomy":"post_tag","embeddable":true,"href":"https:\/\/news.access4you.io\/en\/wp-json\/wp\/v2\/tags?post=4562"}],"curies":[{"name":"wp","href":"https:\/\/api.w.org\/{rel}","templated":true}]}}