{"id":4580,"date":"2022-04-07T08:07:00","date_gmt":"2022-04-07T08:07:00","guid":{"rendered":"http:\/\/news.access4you.io\/?p=4580"},"modified":"2022-04-29T08:19:48","modified_gmt":"2022-04-29T08:19:48","slug":"akadalymentessegi-tanusitvanyt-kapott-a-corvin-plaza-es-a-kaposvar-plaza","status":"publish","type":"post","link":"https:\/\/news.access4you.io\/en\/2022\/04\/07\/akadalymentessegi-tanusitvanyt-kapott-a-corvin-plaza-es-a-kaposvar-plaza\/","title":{"rendered":"<strong>Akad\u00e1lymentess\u00e9gi tan\u00fas\u00edtv\u00e1nyt kapott a Corvin Plaza \u00e9s a Kaposv\u00e1r Plaza<\/strong>"},"content":{"rendered":"<p><strong><em>Budapest, 2022. \u00e1prilis 7.<\/em> \u2013 Akad\u00e1lymentess\u00e9gi tan\u00fas\u00edtv\u00e1nyt kapott az Indotek Group Retail portf\u00f3li\u00f3j\u00e1ba tartoz\u00f3 Corvin \u00e9s Kaposv\u00e1r Plaza is. A Budapest VIII. ker\u00fclet\u00e9ben \u00e9s a Kaposv\u00e1ron tal\u00e1lhat\u00f3 bev\u00e1s\u00e1rl\u00f3k\u00f6zpontok az \u00e9p\u00edtett k\u00f6rnyezet akad\u00e1lymentess\u00e9g\u00e9t vizsg\u00e1l\u00f3 Access4you szempontrendszere szerint t\u00f6bb speci\u00e1lis ig\u00e9ny\u0171 \u00e9rintetti csoport sz\u00e1m\u00e1ra biztos\u00edtanak hozz\u00e1f\u00e9rhet\u0151 k\u00f6rnyezetet. A tan\u00fas\u00edt\u00e1s eredm\u00e9nyek\u00e9nt mindk\u00e9t pl\u00e1z\u00e1r\u00f3l megb\u00edzhat\u00f3 akad\u00e1lymentess\u00e9gi inform\u00e1ci\u00f3 \u00e9rhet\u0151 el, \u00edgy a speci\u00e1lis ig\u00e9ny\u0171, k\u00f6z\u00f6tt\u00fck fogyat\u00e9koss\u00e1ggal \u00e9l\u0151 l\u00e1togat\u00f3k el\u0151re tudnak t\u00e1j\u00e9koz\u00f3dni a pl\u00e1z\u00e1k akad\u00e1lymentess\u00e9g\u00e9r\u0151l. Felel\u0151s nagyv\u00e1llalatk\u00e9nt, valamint haz\u00e1nk legnagyobb pl\u00e1zaportf\u00f3li\u00f3j\u00e1val rendelkez\u0151 t\u00e1rsas\u00e1gak\u00e9nt az Indotek Group c\u00e9lja, hogy a j\u00f6v\u0151ben tov\u00e1bbi, a portf\u00f3li\u00f3j\u00e1ba tartoz\u00f3 pl\u00e1z\u00e1t<\/strong> <strong>is bevonjon a tan\u00fas\u00edt\u00e1sba, t\u00f6rekedve a mindenki sz\u00e1m\u00e1ra akad\u00e1lymentes k\u00f6rnyezet kialak\u00edt\u00e1s\u00e1ra \u00e9s az inform\u00e1ci\u00f3 el\u00e9rhet\u0151s\u00e9g\u00e9re.<\/strong><\/p>\n\n\n\n<p>Az Access4you akad\u00e1lymentess\u00e9gi auditorai 2021. szeptember\u00e9ben v\u00e9gezt\u00e9k el a felm\u00e9r\u00e9st a Corvin Pl\u00e1z\u00e1ban, a tavaly \u0151sszel fel\u00faj\u00edtott Kaposv\u00e1r Pl\u00e1z\u00e1ban pedig id\u00e9n febru\u00e1rban v\u00e9geztek akad\u00e1lymentess\u00e9gi vizsg\u00e1latot. Mindk\u00e9t pl\u00e1za akad\u00e1lymentesnek bizonyult kerekessz\u00e9kes \u00e9s mozg\u00e1ss\u00e9r\u00fclt, id\u0151s \u00e9s mozg\u00e1sukban korl\u00e1tozott, babakocsival k\u00f6zleked\u0151, \u00e9s kognit\u00edv zavarral \u00e9l\u0151 l\u00e1togat\u00f3k sz\u00e1m\u00e1ra. Az \u00f6sszegy\u0171jt\u00f6tt inform\u00e1ci\u00f3k egy mindenki sz\u00e1m\u00e1ra el\u00e9rhet\u0151 adatb\u00e1zisban, az <a href=\"http:\/\/www.access4you.io\">Access4you weboldal\u00e1n<\/a> \u00e9s applik\u00e1ci\u00f3ban \u00e9rhet\u0151k el.<\/p>\n\n\n\n<p>Az Access4you min\u0151s\u00edt\u00e9si rendszere azokat a helysz\u00edneket tekinti akad\u00e1lymentesnek, ahol az adott speci\u00e1lis ig\u00e9ny\u0171 \u00e9rintetti csoport sz\u00e1m\u00e1ra szabad a bejut\u00e1s, a bels\u0151 k\u00f6zleked\u00e9s, valamint a helysz\u00edn \u00e1ltal ny\u00fajtott szolg\u00e1ltat\u00e1sok akad\u00e1lymentesen el\u00e9rhet\u0151k \u00e9s ig\u00e9nybe vehet\u0151k. Az Access4you \u00e1ltal vizsg\u00e1lt ter\u00fcletek k\u00f6z\u00f6tt szerepel a megk\u00f6zel\u00edthet\u0151s\u00e9g, a bej\u00e1rat, a k\u00fcls\u0151 \u00e9s bels\u0151 k\u00f6rnyezet, az ajt\u00f3k, liftek \u00e9s l\u00e9pcs\u0151k, illetve a r\u00e1mp\u00e1k param\u00e9terei, a berendez\u00e9sek saj\u00e1toss\u00e1gai, valamint az akad\u00e1lymentes haszn\u00e1latot t\u00e1mogat\u00f3 eszk\u00f6z\u00f6k \u00e9s szolg\u00e1ltat\u00e1sok megl\u00e9te.&nbsp;<\/p>\n\n\n\n<p><em>\u201eMagyarorsz\u00e1gon ma 1,5 milli\u00f3 speci\u00e1lis ig\u00e9ny\u0171 ember \u00e9l, \u00edgy felel\u0151s nagyv\u00e1llalatk\u00e9nt a k\u00fcl\u00f6nb\u00f6z\u0151 ingatlanok, k\u00f6zt\u00fck a bev\u00e1s\u00e1rl\u00f3k\u00f6zpontok akad\u00e1lymentess\u00e9ge alapvet\u0151 c\u00e9lkit\u0171z\u00e9s az Indotek Group sz\u00e1m\u00e1ra is. Az Access4you abban seg\u00edt nek\u00fcnk, hogy hozz\u00e1j\u00e1ruljunk a t\u00e1rsadalmi egyenl\u0151s\u00e9ghez, a szolg\u00e1ltat\u00e1sok egyenl\u0151 es\u00e9ly\u0171 el\u00e9rhet\u0151s\u00e9g\u00e9hez, valamint az akad\u00e1lyok n\u00e9lk\u00fcli \u00e9lethez \u00e9s \u00e9lm\u00e9nyekhez. <\/em>\u2013 mondta el az Access4you min\u0151s\u00edt\u00e9s kapcs\u00e1n Pinty\u0151ke Marcell, az Indotek Group marketingvezet\u0151je.<\/p>\n\n\n\n<p>Az itthon \u00e9s k\u00fclf\u00f6ld\u00f6n \u00f6sszesen 38 bev\u00e1s\u00e1rl\u00f3k\u00f6zpontot m\u0171k\u00f6dtet\u0151 Indotek Group c\u00e9lja, hogy a j\u00f6v\u0151ben tov\u00e1bbi plaz\u00e1kat vonjanak be az Access4you tan\u00fas\u00edt\u00e1sba, ezzel is hozz\u00e1j\u00e1rulva a befogad\u00f3 k\u00f6rnyezet kialak\u00edt\u00e1shoz \u00e9s fejleszt\u00e9s\u00e9hez.<\/p>\n\n\n\n<p><\/p>\n\n\n\n<p>Forr\u00e1s: Indotek Group<\/p>","protected":false},"excerpt":{"rendered":"<p>Budapest, 2022. \u00e1prilis 7. \u2013 Akad\u00e1lymentess\u00e9gi tan\u00fas\u00edtv\u00e1nyt kapott az Indotek Group Retail portf\u00f3li\u00f3j\u00e1ba tartoz\u00f3 Corvin \u00e9s Kaposv\u00e1r Plaza is. A Budapest VIII. ker\u00fclet\u00e9ben \u00e9s a Kaposv\u00e1ron tal\u00e1lhat\u00f3 bev\u00e1s\u00e1rl\u00f3k\u00f6zpontok az \u00e9p\u00edtett k\u00f6rnyezet akad\u00e1lymentess\u00e9g\u00e9t vizsg\u00e1l\u00f3 Access4you szempontrendszere szerint t\u00f6bb speci\u00e1lis ig\u00e9ny\u0171 \u00e9rintetti csoport sz\u00e1m\u00e1ra biztos\u00edtanak hozz\u00e1f\u00e9rhet\u0151 k\u00f6rnyezetet. A tan\u00fas\u00edt\u00e1s eredm\u00e9nyek\u00e9nt mindk\u00e9t pl\u00e1z\u00e1r\u00f3l megb\u00edzhat\u00f3 akad\u00e1lymentess\u00e9gi inform\u00e1ci\u00f3 \u00e9rhet\u0151 el, [&hellip;]<\/p>","protected":false},"author":1,"featured_media":4582,"comment_status":"closed","ping_status":"closed","sticky":false,"template":"","format":"standard","meta":{"footnotes":""},"categories":[75,76],"tags":[],"class_list":["post-4580","post","type-post","status-publish","format-standard","has-post-thumbnail","hentry","category-uj-hely","category-kozlemeny"],"yoast_head":"<!-- This site is optimized with the Yoast SEO plugin v23.8 - https:\/\/yoast.com\/wordpress\/plugins\/seo\/ -->\n<title>Akad\u00e1lymentess\u00e9gi tan\u00fas\u00edtv\u00e1nyt kapott a Corvin Plaza \u00e9s a Kaposv\u00e1r Plaza - Access4you H\u00edrek<\/title>\n<meta name=\"description\" content=\"Akad\u00e1lymentess\u00e9gi tan\u00fas\u00edtv\u00e1nyt kapott a Corvin \u00e9s Kaposv\u00e1r Plaza, \u00edgy a tan\u00fas\u00edt\u00e1s eredm\u00e9nyek\u00e9nt mindk\u00e9t pl\u00e1z\u00e1r\u00f3l megb\u00edzhat\u00f3 akad\u00e1lymentess\u00e9gi inform\u00e1ci\u00f3 \u00e9rhet\u0151 el.\" \/>\n<meta name=\"robots\" content=\"index, follow, max-snippet:-1, max-image-preview:large, max-video-preview:-1\" \/>\n<link rel=\"canonical\" href=\"https:\/\/news.access4you.io\/en\/2022\/04\/07\/akadalymentessegi-tanusitvanyt-kapott-a-corvin-plaza-es-a-kaposvar-plaza\/\" \/>\n<meta property=\"og:locale\" content=\"en_US\" \/>\n<meta property=\"og:type\" content=\"article\" \/>\n<meta property=\"og:title\" content=\"Akad\u00e1lymentess\u00e9gi tan\u00fas\u00edtv\u00e1nyt kapott a Corvin Plaza \u00e9s a Kaposv\u00e1r Plaza - Access4you H\u00edrek\" \/>\n<meta property=\"og:description\" content=\"Akad\u00e1lymentess\u00e9gi tan\u00fas\u00edtv\u00e1nyt kapott a Corvin \u00e9s Kaposv\u00e1r Plaza, \u00edgy a tan\u00fas\u00edt\u00e1s eredm\u00e9nyek\u00e9nt mindk\u00e9t pl\u00e1z\u00e1r\u00f3l megb\u00edzhat\u00f3 akad\u00e1lymentess\u00e9gi inform\u00e1ci\u00f3 \u00e9rhet\u0151 el.\" \/>\n<meta property=\"og:url\" content=\"https:\/\/news.access4you.io\/en\/2022\/04\/07\/akadalymentessegi-tanusitvanyt-kapott-a-corvin-plaza-es-a-kaposvar-plaza\/\" \/>\n<meta property=\"og:site_name\" content=\"Access4you H\u00edrek\" \/>\n<meta property=\"article:published_time\" content=\"2022-04-07T08:07:00+00:00\" \/>\n<meta property=\"article:modified_time\" content=\"2022-04-29T08:19:48+00:00\" \/>\n<meta property=\"og:image\" content=\"https:\/\/news.access4you.io\/wp-content\/uploads\/2022\/04\/Corvin-plaza-1.png\" \/>\n\t<meta property=\"og:image:width\" content=\"1920\" \/>\n\t<meta property=\"og:image:height\" content=\"1280\" \/>\n\t<meta property=\"og:image:type\" content=\"image\/png\" \/>\n<meta name=\"author\" content=\"access4you\" \/>\n<meta name=\"twitter:card\" content=\"summary_large_image\" \/>\n<meta name=\"twitter:label1\" content=\"Written by\" \/>\n\t<meta name=\"twitter:data1\" content=\"access4you\" \/>\n\t<meta name=\"twitter:label2\" content=\"Est. reading time\" \/>\n\t<meta name=\"twitter:data2\" content=\"2 minutes\" \/>\n<script type=\"application\/ld+json\" class=\"yoast-schema-graph\">{\"@context\":\"https:\/\/schema.org\",\"@graph\":[{\"@type\":\"Article\",\"@id\":\"https:\/\/news.access4you.io\/2022\/04\/07\/akadalymentessegi-tanusitvanyt-kapott-a-corvin-plaza-es-a-kaposvar-plaza\/#article\",\"isPartOf\":{\"@id\":\"https:\/\/news.access4you.io\/2022\/04\/07\/akadalymentessegi-tanusitvanyt-kapott-a-corvin-plaza-es-a-kaposvar-plaza\/\"},\"author\":{\"name\":\"access4you\",\"@id\":\"https:\/\/news.access4you.io\/#\/schema\/person\/cb4fff088aa5f5f43a6f4ce3a1e2e084\"},\"headline\":\"Akad\u00e1lymentess\u00e9gi tan\u00fas\u00edtv\u00e1nyt kapott a Corvin Plaza \u00e9s a Kaposv\u00e1r Plaza\",\"datePublished\":\"2022-04-07T08:07:00+00:00\",\"dateModified\":\"2022-04-29T08:19:48+00:00\",\"mainEntityOfPage\":{\"@id\":\"https:\/\/news.access4you.io\/2022\/04\/07\/akadalymentessegi-tanusitvanyt-kapott-a-corvin-plaza-es-a-kaposvar-plaza\/\"},\"wordCount\":613,\"publisher\":{\"@id\":\"https:\/\/news.access4you.io\/#organization\"},\"image\":{\"@id\":\"https:\/\/news.access4you.io\/2022\/04\/07\/akadalymentessegi-tanusitvanyt-kapott-a-corvin-plaza-es-a-kaposvar-plaza\/#primaryimage\"},\"thumbnailUrl\":\"https:\/\/news.access4you.io\/wp-content\/uploads\/2022\/04\/Corvin-plaza-1.png\",\"articleSection\":[\"\u00daj hely\",\"K\u00f6zlem\u00e9ny\"],\"inLanguage\":\"en-US\"},{\"@type\":\"WebPage\",\"@id\":\"https:\/\/news.access4you.io\/2022\/04\/07\/akadalymentessegi-tanusitvanyt-kapott-a-corvin-plaza-es-a-kaposvar-plaza\/\",\"url\":\"https:\/\/news.access4you.io\/2022\/04\/07\/akadalymentessegi-tanusitvanyt-kapott-a-corvin-plaza-es-a-kaposvar-plaza\/\",\"name\":\"Akad\u00e1lymentess\u00e9gi tan\u00fas\u00edtv\u00e1nyt kapott a Corvin Plaza \u00e9s a Kaposv\u00e1r Plaza - Access4you H\u00edrek\",\"isPartOf\":{\"@id\":\"https:\/\/news.access4you.io\/#website\"},\"primaryImageOfPage\":{\"@id\":\"https:\/\/news.access4you.io\/2022\/04\/07\/akadalymentessegi-tanusitvanyt-kapott-a-corvin-plaza-es-a-kaposvar-plaza\/#primaryimage\"},\"image\":{\"@id\":\"https:\/\/news.access4you.io\/2022\/04\/07\/akadalymentessegi-tanusitvanyt-kapott-a-corvin-plaza-es-a-kaposvar-plaza\/#primaryimage\"},\"thumbnailUrl\":\"https:\/\/news.access4you.io\/wp-content\/uploads\/2022\/04\/Corvin-plaza-1.png\",\"datePublished\":\"2022-04-07T08:07:00+00:00\",\"dateModified\":\"2022-04-29T08:19:48+00:00\",\"description\":\"Akad\u00e1lymentess\u00e9gi tan\u00fas\u00edtv\u00e1nyt kapott a Corvin \u00e9s Kaposv\u00e1r Plaza, \u00edgy a tan\u00fas\u00edt\u00e1s eredm\u00e9nyek\u00e9nt mindk\u00e9t pl\u00e1z\u00e1r\u00f3l megb\u00edzhat\u00f3 akad\u00e1lymentess\u00e9gi inform\u00e1ci\u00f3 \u00e9rhet\u0151 el.\",\"breadcrumb\":{\"@id\":\"https:\/\/news.access4you.io\/2022\/04\/07\/akadalymentessegi-tanusitvanyt-kapott-a-corvin-plaza-es-a-kaposvar-plaza\/#breadcrumb\"},\"inLanguage\":\"en-US\",\"potentialAction\":[{\"@type\":\"ReadAction\",\"target\":[\"https:\/\/news.access4you.io\/2022\/04\/07\/akadalymentessegi-tanusitvanyt-kapott-a-corvin-plaza-es-a-kaposvar-plaza\/\"]}]},{\"@type\":\"ImageObject\",\"inLanguage\":\"en-US\",\"@id\":\"https:\/\/news.access4you.io\/2022\/04\/07\/akadalymentessegi-tanusitvanyt-kapott-a-corvin-plaza-es-a-kaposvar-plaza\/#primaryimage\",\"url\":\"https:\/\/news.access4you.io\/wp-content\/uploads\/2022\/04\/Corvin-plaza-1.png\",\"contentUrl\":\"https:\/\/news.access4you.io\/wp-content\/uploads\/2022\/04\/Corvin-plaza-1.png\",\"width\":1920,\"height\":1280,\"caption\":\"Corvin pl\u00e1za \u00e9p\u00fclete k\u00edv\u00fclr\u0151l, egy Access4you matric\u00e1val.\"},{\"@type\":\"BreadcrumbList\",\"@id\":\"https:\/\/news.access4you.io\/2022\/04\/07\/akadalymentessegi-tanusitvanyt-kapott-a-corvin-plaza-es-a-kaposvar-plaza\/#breadcrumb\",\"itemListElement\":[{\"@type\":\"ListItem\",\"position\":1,\"name\":\"Kezd\u0151lap\",\"item\":\"https:\/\/news.access4you.io\/\"},{\"@type\":\"ListItem\",\"position\":2,\"name\":\"Akad\u00e1lymentess\u00e9gi tan\u00fas\u00edtv\u00e1nyt kapott a Corvin Plaza \u00e9s a Kaposv\u00e1r Plaza\"}]},{\"@type\":\"WebSite\",\"@id\":\"https:\/\/news.access4you.io\/#website\",\"url\":\"https:\/\/news.access4you.io\/\",\"name\":\"Access4you H\u00edrek\",\"description\":\"\",\"publisher\":{\"@id\":\"https:\/\/news.access4you.io\/#organization\"},\"potentialAction\":[{\"@type\":\"SearchAction\",\"target\":{\"@type\":\"EntryPoint\",\"urlTemplate\":\"https:\/\/news.access4you.io\/?s={search_term_string}\"},\"query-input\":{\"@type\":\"PropertyValueSpecification\",\"valueRequired\":true,\"valueName\":\"search_term_string\"}}],\"inLanguage\":\"en-US\"},{\"@type\":\"Organization\",\"@id\":\"https:\/\/news.access4you.io\/#organization\",\"name\":\"Access4you H\u00edrek\",\"url\":\"https:\/\/news.access4you.io\/\",\"logo\":{\"@type\":\"ImageObject\",\"inLanguage\":\"en-US\",\"@id\":\"https:\/\/news.access4you.io\/#\/schema\/logo\/image\/\",\"url\":\"https:\/\/news.access4you.io\/wp-content\/uploads\/2021\/01\/a4u-logo-black.png\",\"contentUrl\":\"https:\/\/news.access4you.io\/wp-content\/uploads\/2021\/01\/a4u-logo-black.png\",\"width\":726,\"height\":454,\"caption\":\"Access4you H\u00edrek\"},\"image\":{\"@id\":\"https:\/\/news.access4you.io\/#\/schema\/logo\/image\/\"}},{\"@type\":\"Person\",\"@id\":\"https:\/\/news.access4you.io\/#\/schema\/person\/cb4fff088aa5f5f43a6f4ce3a1e2e084\",\"name\":\"access4you\",\"image\":{\"@type\":\"ImageObject\",\"inLanguage\":\"en-US\",\"@id\":\"https:\/\/news.access4you.io\/#\/schema\/person\/image\/\",\"url\":\"https:\/\/secure.gravatar.com\/avatar\/9795a8b3afc7ed258d167a92dbb1075b37bab5bc83b1ac9182ff4f58c22040b8?s=96&d=mm&r=g\",\"contentUrl\":\"https:\/\/secure.gravatar.com\/avatar\/9795a8b3afc7ed258d167a92dbb1075b37bab5bc83b1ac9182ff4f58c22040b8?s=96&d=mm&r=g\",\"caption\":\"access4you\"},\"sameAs\":[\"http:\/\/localhost\/access4you\"],\"url\":\"https:\/\/news.access4you.io\/en\/author\/access4you\/\"}]}<\/script>\n<!-- \/ Yoast SEO plugin. -->","yoast_head_json":{"title":"Akad\u00e1lymentess\u00e9gi tan\u00fas\u00edtv\u00e1nyt kapott a Corvin Plaza \u00e9s a Kaposv\u00e1r Plaza - Access4you H\u00edrek","description":"Akad\u00e1lymentess\u00e9gi tan\u00fas\u00edtv\u00e1nyt kapott a Corvin \u00e9s Kaposv\u00e1r Plaza, \u00edgy a tan\u00fas\u00edt\u00e1s eredm\u00e9nyek\u00e9nt mindk\u00e9t pl\u00e1z\u00e1r\u00f3l megb\u00edzhat\u00f3 akad\u00e1lymentess\u00e9gi inform\u00e1ci\u00f3 \u00e9rhet\u0151 el.","robots":{"index":"index","follow":"follow","max-snippet":"max-snippet:-1","max-image-preview":"max-image-preview:large","max-video-preview":"max-video-preview:-1"},"canonical":"https:\/\/news.access4you.io\/en\/2022\/04\/07\/akadalymentessegi-tanusitvanyt-kapott-a-corvin-plaza-es-a-kaposvar-plaza\/","og_locale":"en_US","og_type":"article","og_title":"Akad\u00e1lymentess\u00e9gi tan\u00fas\u00edtv\u00e1nyt kapott a Corvin Plaza \u00e9s a Kaposv\u00e1r Plaza - Access4you H\u00edrek","og_description":"Akad\u00e1lymentess\u00e9gi tan\u00fas\u00edtv\u00e1nyt kapott a Corvin \u00e9s Kaposv\u00e1r Plaza, \u00edgy a tan\u00fas\u00edt\u00e1s eredm\u00e9nyek\u00e9nt mindk\u00e9t pl\u00e1z\u00e1r\u00f3l megb\u00edzhat\u00f3 akad\u00e1lymentess\u00e9gi inform\u00e1ci\u00f3 \u00e9rhet\u0151 el.","og_url":"https:\/\/news.access4you.io\/en\/2022\/04\/07\/akadalymentessegi-tanusitvanyt-kapott-a-corvin-plaza-es-a-kaposvar-plaza\/","og_site_name":"Access4you H\u00edrek","article_published_time":"2022-04-07T08:07:00+00:00","article_modified_time":"2022-04-29T08:19:48+00:00","og_image":[{"width":1920,"height":1280,"url":"https:\/\/news.access4you.io\/wp-content\/uploads\/2022\/04\/Corvin-plaza-1.png","type":"image\/png"}],"author":"access4you","twitter_card":"summary_large_image","twitter_misc":{"Written by":"access4you","Est. reading time":"2 minutes"},"schema":{"@context":"https:\/\/schema.org","@graph":[{"@type":"Article","@id":"https:\/\/news.access4you.io\/2022\/04\/07\/akadalymentessegi-tanusitvanyt-kapott-a-corvin-plaza-es-a-kaposvar-plaza\/#article","isPartOf":{"@id":"https:\/\/news.access4you.io\/2022\/04\/07\/akadalymentessegi-tanusitvanyt-kapott-a-corvin-plaza-es-a-kaposvar-plaza\/"},"author":{"name":"access4you","@id":"https:\/\/news.access4you.io\/#\/schema\/person\/cb4fff088aa5f5f43a6f4ce3a1e2e084"},"headline":"Akad\u00e1lymentess\u00e9gi tan\u00fas\u00edtv\u00e1nyt kapott a Corvin Plaza \u00e9s a Kaposv\u00e1r Plaza","datePublished":"2022-04-07T08:07:00+00:00","dateModified":"2022-04-29T08:19:48+00:00","mainEntityOfPage":{"@id":"https:\/\/news.access4you.io\/2022\/04\/07\/akadalymentessegi-tanusitvanyt-kapott-a-corvin-plaza-es-a-kaposvar-plaza\/"},"wordCount":613,"publisher":{"@id":"https:\/\/news.access4you.io\/#organization"},"image":{"@id":"https:\/\/news.access4you.io\/2022\/04\/07\/akadalymentessegi-tanusitvanyt-kapott-a-corvin-plaza-es-a-kaposvar-plaza\/#primaryimage"},"thumbnailUrl":"https:\/\/news.access4you.io\/wp-content\/uploads\/2022\/04\/Corvin-plaza-1.png","articleSection":["\u00daj hely","K\u00f6zlem\u00e9ny"],"inLanguage":"en-US"},{"@type":"WebPage","@id":"https:\/\/news.access4you.io\/2022\/04\/07\/akadalymentessegi-tanusitvanyt-kapott-a-corvin-plaza-es-a-kaposvar-plaza\/","url":"https:\/\/news.access4you.io\/2022\/04\/07\/akadalymentessegi-tanusitvanyt-kapott-a-corvin-plaza-es-a-kaposvar-plaza\/","name":"Akad\u00e1lymentess\u00e9gi tan\u00fas\u00edtv\u00e1nyt kapott a Corvin Plaza \u00e9s a Kaposv\u00e1r Plaza - Access4you H\u00edrek","isPartOf":{"@id":"https:\/\/news.access4you.io\/#website"},"primaryImageOfPage":{"@id":"https:\/\/news.access4you.io\/2022\/04\/07\/akadalymentessegi-tanusitvanyt-kapott-a-corvin-plaza-es-a-kaposvar-plaza\/#primaryimage"},"image":{"@id":"https:\/\/news.access4you.io\/2022\/04\/07\/akadalymentessegi-tanusitvanyt-kapott-a-corvin-plaza-es-a-kaposvar-plaza\/#primaryimage"},"thumbnailUrl":"https:\/\/news.access4you.io\/wp-content\/uploads\/2022\/04\/Corvin-plaza-1.png","datePublished":"2022-04-07T08:07:00+00:00","dateModified":"2022-04-29T08:19:48+00:00","description":"Akad\u00e1lymentess\u00e9gi tan\u00fas\u00edtv\u00e1nyt kapott a Corvin \u00e9s Kaposv\u00e1r Plaza, \u00edgy a tan\u00fas\u00edt\u00e1s eredm\u00e9nyek\u00e9nt mindk\u00e9t pl\u00e1z\u00e1r\u00f3l megb\u00edzhat\u00f3 akad\u00e1lymentess\u00e9gi inform\u00e1ci\u00f3 \u00e9rhet\u0151 el.","breadcrumb":{"@id":"https:\/\/news.access4you.io\/2022\/04\/07\/akadalymentessegi-tanusitvanyt-kapott-a-corvin-plaza-es-a-kaposvar-plaza\/#breadcrumb"},"inLanguage":"en-US","potentialAction":[{"@type":"ReadAction","target":["https:\/\/news.access4you.io\/2022\/04\/07\/akadalymentessegi-tanusitvanyt-kapott-a-corvin-plaza-es-a-kaposvar-plaza\/"]}]},{"@type":"ImageObject","inLanguage":"en-US","@id":"https:\/\/news.access4you.io\/2022\/04\/07\/akadalymentessegi-tanusitvanyt-kapott-a-corvin-plaza-es-a-kaposvar-plaza\/#primaryimage","url":"https:\/\/news.access4you.io\/wp-content\/uploads\/2022\/04\/Corvin-plaza-1.png","contentUrl":"https:\/\/news.access4you.io\/wp-content\/uploads\/2022\/04\/Corvin-plaza-1.png","width":1920,"height":1280,"caption":"Corvin pl\u00e1za \u00e9p\u00fclete k\u00edv\u00fclr\u0151l, egy Access4you matric\u00e1val."},{"@type":"BreadcrumbList","@id":"https:\/\/news.access4you.io\/2022\/04\/07\/akadalymentessegi-tanusitvanyt-kapott-a-corvin-plaza-es-a-kaposvar-plaza\/#breadcrumb","itemListElement":[{"@type":"ListItem","position":1,"name":"Kezd\u0151lap","item":"https:\/\/news.access4you.io\/"},{"@type":"ListItem","position":2,"name":"Akad\u00e1lymentess\u00e9gi tan\u00fas\u00edtv\u00e1nyt kapott a Corvin Plaza \u00e9s a Kaposv\u00e1r Plaza"}]},{"@type":"WebSite","@id":"https:\/\/news.access4you.io\/#website","url":"https:\/\/news.access4you.io\/","name":"Access4you H\u00edrek","description":"","publisher":{"@id":"https:\/\/news.access4you.io\/#organization"},"potentialAction":[{"@type":"SearchAction","target":{"@type":"EntryPoint","urlTemplate":"https:\/\/news.access4you.io\/?s={search_term_string}"},"query-input":{"@type":"PropertyValueSpecification","valueRequired":true,"valueName":"search_term_string"}}],"inLanguage":"en-US"},{"@type":"Organization","@id":"https:\/\/news.access4you.io\/#organization","name":"Access4you H\u00edrek","url":"https:\/\/news.access4you.io\/","logo":{"@type":"ImageObject","inLanguage":"en-US","@id":"https:\/\/news.access4you.io\/#\/schema\/logo\/image\/","url":"https:\/\/news.access4you.io\/wp-content\/uploads\/2021\/01\/a4u-logo-black.png","contentUrl":"https:\/\/news.access4you.io\/wp-content\/uploads\/2021\/01\/a4u-logo-black.png","width":726,"height":454,"caption":"Access4you H\u00edrek"},"image":{"@id":"https:\/\/news.access4you.io\/#\/schema\/logo\/image\/"}},{"@type":"Person","@id":"https:\/\/news.access4you.io\/#\/schema\/person\/cb4fff088aa5f5f43a6f4ce3a1e2e084","name":"access4you","image":{"@type":"ImageObject","inLanguage":"en-US","@id":"https:\/\/news.access4you.io\/#\/schema\/person\/image\/","url":"https:\/\/secure.gravatar.com\/avatar\/9795a8b3afc7ed258d167a92dbb1075b37bab5bc83b1ac9182ff4f58c22040b8?s=96&d=mm&r=g","contentUrl":"https:\/\/secure.gravatar.com\/avatar\/9795a8b3afc7ed258d167a92dbb1075b37bab5bc83b1ac9182ff4f58c22040b8?s=96&d=mm&r=g","caption":"access4you"},"sameAs":["http:\/\/localhost\/access4you"],"url":"https:\/\/news.access4you.io\/en\/author\/access4you\/"}]}},"_links":{"self":[{"href":"https:\/\/news.access4you.io\/en\/wp-json\/wp\/v2\/posts\/4580","targetHints":{"allow":["GET"]}}],"collection":[{"href":"https:\/\/news.access4you.io\/en\/wp-json\/wp\/v2\/posts"}],"about":[{"href":"https:\/\/news.access4you.io\/en\/wp-json\/wp\/v2\/types\/post"}],"author":[{"embeddable":true,"href":"https:\/\/news.access4you.io\/en\/wp-json\/wp\/v2\/users\/1"}],"replies":[{"embeddable":true,"href":"https:\/\/news.access4you.io\/en\/wp-json\/wp\/v2\/comments?post=4580"}],"version-history":[{"count":0,"href":"https:\/\/news.access4you.io\/en\/wp-json\/wp\/v2\/posts\/4580\/revisions"}],"wp:featuredmedia":[{"embeddable":true,"href":"https:\/\/news.access4you.io\/en\/wp-json\/wp\/v2\/media\/4582"}],"wp:attachment":[{"href":"https:\/\/news.access4you.io\/en\/wp-json\/wp\/v2\/media?parent=4580"}],"wp:term":[{"taxonomy":"category","embeddable":true,"href":"https:\/\/news.access4you.io\/en\/wp-json\/wp\/v2\/categories?post=4580"},{"taxonomy":"post_tag","embeddable":true,"href":"https:\/\/news.access4you.io\/en\/wp-json\/wp\/v2\/tags?post=4580"}],"curies":[{"name":"wp","href":"https:\/\/api.w.org\/{rel}","templated":true}]}}