{"id":4590,"date":"2022-05-19T09:59:36","date_gmt":"2022-05-19T09:59:36","guid":{"rendered":"http:\/\/news.access4you.io\/?p=4590"},"modified":"2022-05-19T09:59:37","modified_gmt":"2022-05-19T09:59:37","slug":"a-fogyatekos-nem-egy-csunya-szonina-tame-velemenycikke","status":"publish","type":"post","link":"https:\/\/news.access4you.io\/en\/2022\/05\/19\/a-fogyatekos-nem-egy-csunya-szonina-tame-velemenycikke\/","title":{"rendered":"<strong>A <\/strong><strong><em>fogyat\u00e9kos <\/em><\/strong><strong>nem egy cs\u00fanya sz\u00f3<\/strong><strong><br><\/strong><strong>(Nina Tame v\u00e9lem\u00e9nycikke)&nbsp;<\/strong>"},"content":{"rendered":"<p><em>Nina Tame \u00edr\u00f3, tartalomk\u00e9sz\u00edt\u0151, mentor \u00e9s inkl\u00fazi\u00f3s aktivista. Az Instagram fi\u00f3kj\u00e1n szenved\u00e9lyesen, szellemesen \u00e9s sz\u00e1mtalan kerekessz\u00e9kes szelfivel k\u00fczd az ableizmus ellen, de nem mindig volt ez \u00edgy. Hogyan bar\u00e1tkozott meg Nina a spina bifidaval? Hogyan v\u00e1lt a fogyat\u00e9koss\u00e1ggal \u00e9l\u0151k online k\u00f6z\u00f6ss\u00e9g\u00e9nek oszlopos tagj\u00e1v\u00e1 \u00e9s mi a v\u00e9lem\u00e9nye a fogyat\u00e9kos sz\u00f3r\u00f3l \u00e9s a k\u00fcl\u00f6nb\u00f6z\u0151 terminol\u00f3gi\u00e1kr\u00f3l? Most minderr\u0151l Nina a Valuable 500-nak \u00edrt v\u00e9lem\u00e9nycikk\u00e9ben sz\u00e1molt be.<\/em><\/p>\n\n\n\n<p>41 \u00e9ves fogyat\u00e9koss\u00e1ggal \u00e9l\u0151 n\u0151 vagyok. M\u00e1ra m\u00e1r nem, hogy csak az \u00f6nazonoss\u00e1gom r\u00e9sze, hanem b\u00fcszkes\u00e9ggel is t\u00f6lt el, hogy fogyat\u00e9kos vagyok. Azonban nem mindig volt ez \u00edgy. 1980-ban sz\u00fclettem <em>spina bifidaval<\/em>, azaz nyitott gerinccel. A t\u00f6bbi kisgyermekhez hasonl\u00f3 \u00fctemben fejl\u0151dtem, csak valamivel k\u00e9s\u0151bb \u00e9rtem el bizonyos m\u00e9rf\u00f6ldk\u00f6veket, p\u00e9ld\u00e1ul k\u00e9s\u0151bb kezdtem k\u00faszni \u00e9s j\u00e1rni. Ha nem l\u00e1tta valaki a nagy csom\u00f3t a h\u00e1tam als\u00f3 r\u00e9sz\u00e9n m\u00e9g csak \u00e9szre se vehette volna fogyat\u00e9koss\u00e1gomat. N\u00e9gy \u00e9ves voltam, amikor egy m\u00e1sik gyermek megl\u00e1tta a csom\u00f3t, \u00e9s hangosan felki\u00e1ltott: &#8222;Fuuuj mi az?&#8221; Arra alig eml\u00e9kszem, hogy mit vacsor\u00e1ztam tegnap, de az eml\u00e9ke, hogy valaki r\u00e1vil\u00e1g\u00edtott arra, hogy egy r\u00e9szem valahogy \u201erossz\u201d volt, \u00f6r\u00f6kk\u00e9 megragadt bennem.&nbsp;<\/p>\n\n\n\n<p>Tizen\u00e9ves koromban a nyitott gerinc \u00faj, kor\u00e1bban nem tapasztalt k\u00f6vetkezm\u00e9nyeit kezdtem el tapasztalni. A spina bifida miatt a gerinc idegei n\u00e9ha kiss\u00e9 \u00f6sszegabalyodnak. A tin\u00e9dzser \u00e9vek jelent\u0151s n\u00f6veked\u00e9si peri\u00f3dusaikkal gyakran s\u00falyosb\u00edtott\u00e1k ezt. Emiatt a \u00e1llapotom rosszabbodott, fek\u00e9lyek alakultak ki a l\u00e1bamon, amelyek nem akartak begy\u00f3gyulni, s\u0151t, sok piszk\u00e1l\u00e1s \u00e9s b\u00f6kd\u00f6s\u00e9s ut\u00e1n r\u00e1j\u00f6tt\u00fcnk, hogy csak minim\u00e1lisan \u00e9rzek a l\u00e1bamban. Gyakran k\u00f6t\u00f6ttem ki a k\u00f3rh\u00e1zban fert\u0151z\u00e9sek miatt \u2013 mank\u00f3val \u00e9s kerekessz\u00e9kkel, valamint ortop\u00e9d cip\u0151kkel felszerelve.<\/p>\n\n\n\n<p>Hogy gy\u0171l\u00f6ltem azt a cip\u0151t! 14 \u00e9vesen csak arra v\u00e1gyik az ember, hogy beilleszkedjen \u00e9s men\u0151 lehessen. Nekem pedig az hatalmas, sz\u00e9les \u00e9s massz\u00edv csizma jutott, amit egy id\u0151ben hordanom kellett. Ma m\u00e1r egy percig sem zavarna, de tin\u00e9dzser koromban, amikor am\u00fagy sem volt a legnagyobb bar\u00e1ti k\u00f6r\u00f6m, nem akartam senkinek sem okot adni, hogy kinevethessen. Ezt \u00fagy pr\u00f3b\u00e1ltam megel\u0151zni, hogy leny\u0171g\u00f6ztem az embereket a tr\u00fckkjemmel \u2013 olyan er\u0151sen r\u00fagtam a falat, ahogy csak tudtam,&nbsp; mert nem \u00e9reztem. Mi lett ennek a v\u00e9ge? Elt\u00f6rtem a l\u00e1bamat.&nbsp;<\/p>\n\n\n\n<p>Ahogy id\u0151sebb lettem, befejeztem az iskol\u00e1t, kik\u00f6lt\u00f6ztem a sz\u00fcl\u0151i h\u00e1zb\u00f3l, \u00e9s egyre \u00f6n\u00e1ll\u00f3bb\u00e1 v\u00e1ltam. De tov\u00e1bbra is elutas\u00edtottam azt a gondolatot, hogy fogyat\u00e9kos vagyok, az eg\u00e9szs\u00e9gem rov\u00e1s\u00e1ra. Nyughatatlan voltam; amint kiengedtek a k\u00f3rh\u00e1zb\u00f3l egyb\u0151l a kocsm\u00e1ba mentem. S\u0151t, egyszer m\u00e9g a haveromat is megk\u00e9rtem egy m\u00e1sik l\u00e1bt\u00f6r\u00e9sem alkalm\u00e1val, hogy seg\u00edtsen lev\u00e1gni a gipszet a l\u00e1bamr\u00f3l, hogy el tudjak menni t\u00e1ncolni.&nbsp;<\/p>\n\n\n\n<p>Ig\u00e9nyeltem a rokkants\u00e1gi ell\u00e1t\u00e1st, megvolt a mozg\u00e1ss\u00e9r\u00fclt parkol\u00f3k\u00e1rty\u00e1m, id\u0151szakosan mozg\u00e1st seg\u00edt\u0151 eszk\u00f6z\u00f6ket haszn\u00e1ltam, de m\u00e9gsem tudtam azonosulni azzal, hogy fogyat\u00e9koss\u00e1ggal \u00e9l\u0151 vagyok. <\/p>\n\n\n\n<figure class=\"wp-block-pullquote\" style=\"border-radius:0px\"><blockquote><p><em><strong>&#8222;Tudtam, hogyan tekintenek az emberek a fogyat\u00e9koss\u00e1gra: sz\u00e1nalommal, k\u00ednosan, g\u00fannyal. Nem akartam, hogy velem is \u00edgy viselkedjenek.<\/strong><\/em>&#8222;<\/p><\/blockquote><\/figure>\n\n\n\n<p>Nem akartam, hogy az emberek megtudj\u00e1k, hogy nyitott gerinccel sz\u00fclettem. Sz\u00f3val, amennyire csak lehetett, elrejtettem, am\u00edg a mozg\u00e1st seg\u00edt\u0151 eszk\u00f6z \u00e1lland\u00f3 eleme nem lett az \u00e9letemnek. A <em>saj\u00e1t ableizmusom<\/em> m\u00e9g mindig azt dikt\u00e1lta, hogy fogyat\u00e9kosnak lenni \u201erossz dolog\u201d, ez\u00e9rt \u201em\u00e1s k\u00e9pess\u00e9g\u0171nek\u201d (differently-abled &#8211; <em>a szerk.<\/em>) neveztem magam, amit\u0151l most visszatekintve h\u00e1nynom kell.<\/p>\n\n\n\n<p>K\u00e9t nagy dolog v\u00e1ltoztatott meg bennem mindent. Mindkett\u0151 nagyj\u00e1b\u00f3l ugyanabban az id\u0151ben t\u00f6rt\u00e9nt, amit a vilg\u00e1egyetem egy csod\u00e1latos aj\u00e1nd\u00e9k\u00e1nak tartok. Az els\u0151 a fogyat\u00e9koss\u00e1ggal \u00e9l\u0151k k\u00f6z\u00f6ss\u00e9g\u00e9nek felfedez\u00e9se volt az Instagramon. Emberek, akik b\u00fcszk\u00e9n nevezik magukat <em>fogyat\u00e9koss\u00e1ggal \u00e9l\u0151knek<\/em>, emberek, akik magabiztosan \u00e9s mes\u00e9sen n\u00e9znek ki a mozg\u00e1st seg\u00edt\u0151 eszk\u00f6zeikkel \u2013 amiket \u00e9n mindig is elrejtettem a k\u00e9peken. Emberek, akik megosztj\u00e1k a t\u00f6rt\u00e9neteiket, emberek, akik az inkl\u00fazi\u00f3 hi\u00e1ny\u00e1ra h\u00edvj\u00e1k fel a figyelmet, akik \u00f6nmaguk \u00e9s a k\u00f6z\u00f6ss\u00e9g sz\u00f3sz\u00f3l\u00f3i. Gy\u00f6ny\u00f6r\u0171 m\u0171veket alkot\u00f3 emberek, akik t\u00e1mogatj\u00e1k \u00e9s elismerik egym\u00e1st. <\/p>\n\n\n\n<figure class=\"wp-block-pullquote\"><blockquote><p>&#8222;<em><strong>Megtal\u00e1ltam a k\u00f6z\u00f6ss\u00e9gemet, \u00e9s ez\u00e1ltal fel tudtam v\u00e1llalni egy olyan r\u00e9szemet, amelyet mindig is rossznak hittem.<\/strong><\/em>&#8222;<\/p><\/blockquote><\/figure>\n\n\n\n<p>A m\u00e1sodik esem\u00e9ny, amely mindent megv\u00e1ltoztatott, a <em>Fogyat\u00e9koss\u00e1g T\u00e1rsadalmi Modellj\u00e9nek<\/em> megtal\u00e1l\u00e1sa volt. Ez lehet\u0151v\u00e9 tette sz\u00e1momra, hogy megszabaduljak att\u00f3l az ableizmust\u00f3l, ami felgy\u00fclemlett bennem az \u00e9vek alatt. Olyan volt, mint egy sz\u00f6rny\u0171 szak\u00edt\u00e1s ut\u00e1ni pillanat, amikor r\u00e1j\u00f6ssz, hogy mindv\u00e9gig ebb\u0151l eredtek a probl\u00e9m\u00e1k. Mindig is \u00fagy \u00e9reztem, hogy a nyitott gerincem <em>rossz<\/em>, hogy fogyat\u00e9kosnak lenni <em>rossz<\/em>, hogy az \u00e9n hib\u00e1m, hogy fogyat\u00e9koss\u00e1ggal \u00e9l\u0151 vagyok, vagy hogy kellemetlens\u00e9g \u00e9s teher vagyok. A t\u00e1rsadalmi modell r\u00e1vil\u00e1g\u00edtott arra, hogy ez nem \u00edgy van.<\/p>\n\n\n\n<p>Az <em>orvosi modellel<\/em> ellent\u00e9tben a <em>t\u00e1rsadalmi modell<\/em> azt \u00e1ll\u00edtja, hogy igen, betegs\u00e9gem van, de vil\u00e1g az, ami ellehetetlen\u00edt. Ez persze nem azt jelenti, hogy a nyitott gerincem nem j\u00e1r f\u00e1jdalommal \u00e9s kih\u00edv\u00e1sokkal. Azonban a t\u00e1rsadalmi kih\u00edv\u00e1sok, amelyekkel szembes\u00fcl\u00f6k, gyakran nehezebb helyzetbe hoznak, mint a t\u00e9nyleges fogyat\u00e9koss\u00e1gom.<\/p>\n\n\n\n<p>Egy akad\u00e1lymentes\u00edtett bev\u00e1s\u00e1rl\u00f3k\u00f6zpontban, ahol a kerekessz\u00e9kemmel j\u00f3l tudok k\u00f6zlekedni, kev\u00e9sb\u00e9 fogom magam fogyat\u00e9koss\u00e1ggal \u00e9l\u0151nek \u00e9rezni, mint amikor fizikailag nem tudok bejutni valahova, mert nincs r\u00e1mpa, vagy van, de olyan meredek, hogy seg\u00edts\u00e9gre van sz\u00fcks\u00e9gem a haszn\u00e1lat\u00e1hoz. <\/p>\n\n\n\n<figure class=\"wp-block-pullquote\"><blockquote><p>&#8222;<em><strong>Nem tudok j\u00e1rni, de a kerekessz\u00e9kem \u00e1thidalja ezt a probl\u00e9m\u00e1t. Az akad\u00e1lymentess\u00e9g hi\u00e1nya az, ami visszafog.<\/strong>&#8221; <\/em><\/p><\/blockquote><\/figure>\n\n\n\n<p>Ez a probl\u00e9ma nemcsak a kerekessz\u00e9keseket \u00e9rinti. A fogyat\u00e9koss\u00e1ggal \u00e9l\u0151k gyakran nem f\u00e9rnek hozz\u00e1 a megfelel\u0151 eg\u00e9szs\u00e9g\u00fcgyi ell\u00e1t\u00e1shoz, vagy kommunik\u00e1ci\u00f3hoz, p\u00e9ld\u00e1ul Braille-\u00edr\u00e1shoz \u00e9s feliratokhoz, csak hogy n\u00e9h\u00e1ny p\u00e9ld\u00e1t eml\u00edtsek. Sz\u00e1mos forgalmas k\u00f6zter\u00fcleten hi\u00e1nyoznak a csendes helyek, a csendes id\u0151szakok vagy a megfelel\u0151 \u00fcl\u0151helyek. Gondoljunk csak bele, annak ellen\u00e9re, hogy mennyire v\u00e1ltozatosak a fogyat\u00e9koss\u00e1gaink, val\u00f3sz\u00edn\u0171leg mostanra a fogyat\u00e9koss\u00e1ggal \u00e9l\u0151k mind tal\u00e1lkoztak az emberek furcsa \u2013 legrosszabb esetben gy\u0171l\u00f6lk\u00f6d\u0151 \u2013 hozz\u00e1\u00e1ll\u00e1s\u00e1val. Ezek a dolgok sokkal t\u00f6bb f\u00e1jdalmat, k\u00e9nyelmetlens\u00e9get \u00e9s frusztr\u00e1ci\u00f3t okoznak nekem, mint a j\u00e1r\u00e1s hi\u00e1nya valaha tette.&nbsp;<\/p>\n\n\n\n<p>Vajon akkor is l\u00e9tezne a fogyat\u00e9kos sz\u00f3, ha kor\u00e1bban ugyanolyan lehet\u0151s\u00e9geink lettek volna a munkaer\u0151piacon, mint a nem fogyat\u00e9kos t\u00e1rsainknak? Ha mi is ugyan\u00fagy tudtunk volna oktat\u00e1shoz jutni \u00e9s t\u00e1rsadalmi \u00e9letet \u00e9lni? Vagy ha mi is ugyanolyan fizet\u00e9sben r\u00e9szes\u00fclt\u00fcnk volna, ha nem b\u00fcntett\u00e9k volna a h\u00e1zass\u00e1gunkat, ha nem est\u00fcnk volna gy\u0171l\u00f6let motiv\u00e1lta b\u00fcncselekm\u00e9nyek \u00e1ldozataiul, ha tisztess\u00e9gessen reprezent\u00e1ltak volna minket a t\u00e9v\u00e9ben \u00e9s a m\u00e9di\u00e1ban? Esetleg, ha k\u00f6nnyed\u00e9n hozz\u00e1f\u00e9rhett\u00fcnk volna m\u00e9lt\u00e1nyos eg\u00e9szs\u00e9g\u00fcgyi ell\u00e1t\u00e1shoz, re\u00e1lis \u00e1r\u00fa menetd\u00edjakhoz \u00e9s el\u00e9rhet\u0151 \u00e1r\u00fa t\u00e1rsadalombiztos\u00edt\u00e1shoz? Ez mindennek az alapja. Innen ered a fogyat\u00e9koss\u00e1ggal \u00e9l\u0151k k\u00f6z\u00f6ss\u00e9ge, innen ered a k\u00f6z\u00f6s \u00e9lm\u00e9nye. Az \u00e1llapotaink mer\u0151ben elt\u00e9rhetnek egym\u00e1st\u00f3l, de mind \u00e9rtj\u00fck, mi az az ableizmus, \u00e9s az ezzel j\u00e1r\u00f3 akad\u00e1lyok.&nbsp;<\/p>\n\n\n\n<p>Azzal, hogy megtagadjuk a fogyat\u00e9koss\u00e1gunkat, vagy megpr\u00f3b\u00e1ljuk valahogy tomp\u00edtani az \u00e1llapotunkat az eufemiz\u00e1lt kifejez\u00e9sek haszn\u00e1lat\u00e1val, a fogyat\u00e9koss\u00e1ggal \u00e9l\u0151k el\u0151tt \u00e1ll\u00f3 t\u00e1rsadalmi akad\u00e1lyokat ignor\u00e1ljuk. Elt\u00f6rl\u00fcnk egy identit\u00e1st, figyelmen k\u00edv\u00fcl hagyjuk ezt a soksz\u00edn\u0171 emberek k\u00f6z\u00f6ss\u00e9g\u00e9t. Eml\u00e9kszem egyszer, amikor feltett\u00e9k nekem a szok\u00e1sos \u201eMi a bajod?\u201d k\u00e9rd\u00e9st, azt v\u00e1laszoltam, hogy \u201esemmi, fogyat\u00e9koss\u00e1ggal \u00e9lek\u201d. A reakci\u00f3 egy j\u00f3 sz\u00e1nd\u00e9k\u00fa, de v\u00e9g\u00fcl s\u00e9rt\u0151 v\u00e1lasz volt: \u201eTe hat\u00e1rozottan jobb k\u00e9pess\u00e9g\u0171 vagy, mint egy fogyat\u00e9kos\u201d. K\u00f6sz\u00f6n\u00f6m az \u00e9szrev\u00e9telt, de figyelembe v\u00e9ve, hogy nem tudok bejutni a helyi \u00fczletek fel\u00e9be, azt mondan\u00e1m, hogy ez hat\u00e1rozottan nem igaz.&nbsp;<\/p>\n\n\n\n<p>Azt tapasztaltam, hogy gyakran a nem fogyat\u00e9koss\u00e1ggal \u00e9l\u0151 emberek k\u00e9nyelmetlen\u00fcl \u00e9rzik magukat a \u201efogyat\u00e9kos\u201d sz\u00f3 hallat\u00e1n. Figyelembe v\u00e9ve, hogy a sz\u00f3 milyen gyakran fordul el\u0151 ableista kontextusban, nem vagyok meglepve. Ezenk\u00edv\u00fcl, ha figyelembe vessz\u00fck azt, hogy amikor a fogyat\u00e9koss\u00e1gr\u00f3l van sz\u00f3 a mainstream m\u00e9di\u00e1ban, gyakran nem a fogyat\u00e9koss\u00e1ggal \u00e9l\u0151k sz\u00f3lalnak meg; \u00e1ltal\u00e1ban olyan szem\u00e9ly sz\u00f3lal meg, aki fogyat\u00e9koss\u00e1ggal \u00e9l\u0151k k\u00f6zel\u00e9ben \u00e9l \u2013 p\u00e9ld\u00e1ul orvosok vagy gondoz\u00f3k. Ezek alapj\u00e1n nem csod\u00e1lkozom azon sem, hogy sok nem fogyat\u00e9kos ember nincs tiszt\u00e1ban azzal, vagy el se tudja k\u00e9pzelni, hogy a fogyat\u00e9kos emberek \u00f6nazonoss\u00e1g\u00e1nak r\u00e9sze, hogy fogyat\u00e9koss\u00e1ggal \u00e9lnek, \u00e9s hogy egy\u00e1ltal\u00e1n l\u00e9tezik vir\u00e1gz\u00f3, soksz\u00edn\u0171 fogyat\u00e9kos k\u00f6z\u00f6ss\u00e9g.<\/p>\n\n\n\n<p>Term\u00e9szetesen a fogyat\u00e9koss\u00e1ggal \u00e9l\u0151 k\u00f6z\u00f6ss\u00e9g nem homog\u00e9n. Fogyat\u00e9koss\u00e1ggal \u00e9l\u0151 t\u00e1rsaim t\u00f6bbs\u00e9ge azt r\u00e9szes\u00edti el\u0151nyben, ha a diagn\u00f3zisukat helyezik a szem\u00e9ly\u00fck el\u00e9. (<em>Szerk.: Az angol nyelvben k\u00e9tf\u00e9le k\u00e9ppen lehet hivatkozni a fogyat\u00e9koss\u00e1ggal \u00e9l\u0151 emberekre. Az els\u0151 m\u00f3d az identity-first language, azaz a diagn\u00f3zist helyezz\u00fck a szem\u00e9ly el\u00e9, p\u00e9ld\u00e1ul \u00fagy fogalmazzunk, hogy fogyat\u00e9kos ember, azaz <\/em>disabled person<em>. A m\u00e1sik a person-first language, azaz az embert \u00e1ll\u00edtjuk a diagn\u00f3zis el\u00e9, p\u00e9ld\u00e1ul azt mondjuk, hogy szem\u00e9ly, aki fogyat\u00e9koss\u00e1ggal \u00e9l, azaz <\/em>person with a disability<em>.) <\/em>Amikor \u00e9vekbe telik lek\u00fczdeni a bels\u0151 ableizmusodat, amely azt mondta, hogy a fogyat\u00e9koss\u00e1g \u201erossz dolog\u201d, akkor nem akarod, hogy az emberek ezt semmibe vegy\u00e9k. De term\u00e9szetesen ezt nem mindenki \u00e9rzi \u00edgy. A k\u00fcl\u00f6nb\u00f6z\u0151 fogyat\u00e9koss\u00e1gok, nyelvek \u00e9s kult\u00far\u00e1k egyar\u00e1nt hat\u00e1ssal lehetnek arra, hogyan szeretn\u00e9nk, hogy hivatkozzanak r\u00e1nk. Vannak, akik ebb\u0151l ad\u00f3d\u00f3an azt szeretik, ha a szem\u00e9ly\u00fck megel\u0151zi az identit\u00e1sukat, amikor r\u00e1juk hivatkoznak. Ez mindig egy\u00e9ni d\u00f6nt\u00e9s marad.<\/p>\n\n\n\n<p>A szem\u00e9lyt el\u0151l eml\u00edt\u0151 nyelvhaszn\u00e1lat <em>(person-first language)<\/em> m\u00f6g\u00f6tt megh\u00faz\u00f3d\u00f3 gondolat az volt, hogy megl\u00e1ssuk az embert a fogyat\u00e9koss\u00e1g m\u00f6g\u00f6tt, vagy a szem\u00e9lyt a fogyat\u00e9koss\u00e1g el\u0151tt. Viszont azzal vitatkozn\u00e9k, hogy a fogyat\u00e9koss\u00e1gom \u00e9s a szem\u00e9lyem k\u00e9t k\u00fcl\u00f6n\u00e1ll\u00f3 dolog. Azt \u00e1ll\u00edtom, hogy a fogyat\u00e9koss\u00e1gom a teljes l\u00e9nyemen, \u00e9letem minden ter\u00fclet\u00e9n \u00e1thatol, hol pozit\u00edvan, hol nagyobb kih\u00edv\u00e1st jelent\u0151 m\u00f3don. Nem akarok elszakadni a fogyat\u00e9koss\u00e1gomt\u00f3l, mert a fogyat\u00e9koss\u00e1gom semleges dolog. A fogyat\u00e9koss\u00e1ggal \u00e9l\u0151k k\u00f6z\u00f6ss\u00e9ge azonban nem egy semleges dolog, hanem elmondhatatlanul nagyszer\u0171.&nbsp;<\/p>\n\n\n\n<p>Teh\u00e1t tegy\u00fck fel, hogy arra a k\u00e9rd\u00e9sre keress\u00fck a v\u00e1laszt, hogy melyik terminol\u00f3gia a helyes vagy helytelen. Ebben az esetben a v\u00e1lasz az, hogy nincs j\u00f3 vagy rossz v\u00e1lasz. A kiv\u00e9tel az, amikor a nem fogyat\u00e9koss\u00e1ggal \u00e9l\u0151k \u00fagy d\u00f6ntenek, hogy a \u201efogyat\u00e9kos\u201d rossz sz\u00f3 a k\u00f6z\u00f6ss\u00e9g nev\u00e9ben. Ezt gyakran tapasztaltam; a befogad\u00e1s \u00e9rdek\u00e9ben a \u201efogyat\u00e9kos\u201d kifejez\u00e9st egy kis neg\u00e9des, sz\u00e9p\u00edt\u0151 kifejez\u00e9s v\u00e1ltja fel, \u00e9s a fogyat\u00e9kos embereket, akik ennek az elker\u00fcl\u00e9s\u00e9re pr\u00f3b\u00e1lj\u00e1k felh\u00edvni a figyelmet semmibe veszik. Ennek nem lenne szabad megt\u00f6rt\u00e9nnie.&nbsp;<\/p>\n\n\n\n<p>A fogyat\u00e9koss\u00e1ggal \u00e9l\u0151 t\u00e1rsaim t\u00f6bbs\u00e9ge nem \u00e9rzi k\u00e9nyelmetlen\u00fcl mag\u00e1t a fogyat\u00e9kos sz\u00f3 hallat\u00e1n. Ha ennek ellen\u00e9re pr\u00f3b\u00e1ljuk elker\u00fclni a haszn\u00e1lat\u00e1t, illetve l\u00e1that\u00f3an zavarban vagyunk miatta, vagy megpr\u00f3b\u00e1ljuk valahogy cukorm\u00e1zzal bor\u00edtani a sz\u00f3t akkor el kell gondolkoznunk a k\u00f6vetkez\u0151n: <\/p>\n\n\n\n<figure class=\"wp-block-pullquote\"><blockquote><p>&#8222;<strong><em>val\u00f3ban csak a sz\u00f3 kellemetlen sz\u00e1munkra, vagy igaz\u00e1b\u00f3l maguk a fogyat\u00e9koss\u00e1ggal \u00e9l\u0151k hoznak minket zavarba?<\/em><\/strong>&#8222;<\/p><\/blockquote><\/figure>\n\n\n\n<p>A tartalom eredeti nyelven ezen a linken tal\u00e1lhat\u00f3: <a href=\"https:\/\/www.thevaluable500.com\/spotlight\/opinion-disabled-is-not-a-bad-word\" target=\"_blank\" rel=\"noreferrer noopener\">https:\/\/www.thevaluable500.com\/spotlight\/opinion-disabled-is-not-a-bad-word<\/a><\/p>\n\n\n\n<p>A k\u00e9p a szerz\u0151, Nina Tame tulajdona.<\/p>","protected":false},"excerpt":{"rendered":"<p>Nina Tame \u00edr\u00f3, tartalomk\u00e9sz\u00edt\u0151, mentor \u00e9s inkl\u00fazi\u00f3s aktivista. Az Instagram fi\u00f3kj\u00e1n szenved\u00e9lyesen, szellemesen \u00e9s sz\u00e1mtalan kerekessz\u00e9kes szelfivel k\u00fczd az ableizmus ellen, de nem mindig volt ez \u00edgy. Hogyan bar\u00e1tkozott meg Nina a spina bifidaval? Hogyan v\u00e1lt a fogyat\u00e9koss\u00e1ggal \u00e9l\u0151k online k\u00f6z\u00f6ss\u00e9g\u00e9nek oszlopos tagj\u00e1v\u00e1 \u00e9s mi a v\u00e9lem\u00e9nye a fogyat\u00e9kos sz\u00f3r\u00f3l \u00e9s a k\u00fcl\u00f6nb\u00f6z\u0151 terminol\u00f3gi\u00e1kr\u00f3l? Most [&hellip;]<\/p>","protected":false},"author":1,"featured_media":4594,"comment_status":"closed","ping_status":"closed","sticky":false,"template":"","format":"standard","meta":{"footnotes":""},"categories":[74,10],"tags":[],"class_list":["post-4590","post","type-post","status-publish","format-standard","has-post-thumbnail","hentry","category-szivugyunk","category-blog"],"yoast_head":"<!-- This site is optimized with the Yoast SEO plugin v23.8 - https:\/\/yoast.com\/wordpress\/plugins\/seo\/ -->\n<title>A fogyat\u00e9kos nem egy cs\u00fanya sz\u00f3(Nina Tame v\u00e9lem\u00e9nycikke)&nbsp; - Access4you H\u00edrek<\/title>\n<meta name=\"description\" content=\"Nina Tame \u00edr\u00f3, tartalomk\u00e9sz\u00edt\u0151, mentor \u00e9s inkl\u00fazi\u00f3s aktivista. K\u00fczd az ableizmus ellen, de de neki is el kellett fogadnia fogyat\u00e9koss\u00e1g\u00e1t.\" \/>\n<meta name=\"robots\" content=\"index, follow, max-snippet:-1, max-image-preview:large, max-video-preview:-1\" \/>\n<link rel=\"canonical\" href=\"https:\/\/news.access4you.io\/en\/2022\/05\/19\/a-fogyatekos-nem-egy-csunya-szonina-tame-velemenycikke\/\" \/>\n<meta property=\"og:locale\" content=\"en_US\" \/>\n<meta property=\"og:type\" content=\"article\" \/>\n<meta property=\"og:title\" content=\"A fogyat\u00e9kos nem egy cs\u00fanya sz\u00f3(Nina Tame v\u00e9lem\u00e9nycikke)&nbsp; - Access4you H\u00edrek\" \/>\n<meta property=\"og:description\" content=\"Nina Tame \u00edr\u00f3, tartalomk\u00e9sz\u00edt\u0151, mentor \u00e9s inkl\u00fazi\u00f3s aktivista. K\u00fczd az ableizmus ellen, de de neki is el kellett fogadnia fogyat\u00e9koss\u00e1g\u00e1t.\" \/>\n<meta property=\"og:url\" content=\"https:\/\/news.access4you.io\/en\/2022\/05\/19\/a-fogyatekos-nem-egy-csunya-szonina-tame-velemenycikke\/\" \/>\n<meta property=\"og:site_name\" content=\"Access4you H\u00edrek\" \/>\n<meta property=\"article:published_time\" content=\"2022-05-19T09:59:36+00:00\" \/>\n<meta property=\"article:modified_time\" content=\"2022-05-19T09:59:37+00:00\" \/>\n<meta property=\"og:image\" content=\"https:\/\/news.access4you.io\/wp-content\/uploads\/2022\/05\/Worpress-kepek.png\" \/>\n\t<meta property=\"og:image:width\" content=\"2048\" \/>\n\t<meta property=\"og:image:height\" content=\"1365\" \/>\n\t<meta property=\"og:image:type\" content=\"image\/png\" \/>\n<meta name=\"author\" content=\"access4you\" \/>\n<meta name=\"twitter:card\" content=\"summary_large_image\" \/>\n<meta name=\"twitter:label1\" content=\"Written by\" \/>\n\t<meta name=\"twitter:data1\" content=\"access4you\" \/>\n\t<meta name=\"twitter:label2\" content=\"Est. reading time\" \/>\n\t<meta name=\"twitter:data2\" content=\"9 minutes\" \/>\n<script type=\"application\/ld+json\" class=\"yoast-schema-graph\">{\"@context\":\"https:\/\/schema.org\",\"@graph\":[{\"@type\":\"Article\",\"@id\":\"https:\/\/news.access4you.io\/2022\/05\/19\/a-fogyatekos-nem-egy-csunya-szonina-tame-velemenycikke\/#article\",\"isPartOf\":{\"@id\":\"https:\/\/news.access4you.io\/2022\/05\/19\/a-fogyatekos-nem-egy-csunya-szonina-tame-velemenycikke\/\"},\"author\":{\"name\":\"access4you\",\"@id\":\"https:\/\/news.access4you.io\/#\/schema\/person\/cb4fff088aa5f5f43a6f4ce3a1e2e084\"},\"headline\":\"A fogyat\u00e9kos nem egy cs\u00fanya sz\u00f3 (Nina Tame v\u00e9lem\u00e9nycikke)&nbsp;\",\"datePublished\":\"2022-05-19T09:59:36+00:00\",\"dateModified\":\"2022-05-19T09:59:37+00:00\",\"mainEntityOfPage\":{\"@id\":\"https:\/\/news.access4you.io\/2022\/05\/19\/a-fogyatekos-nem-egy-csunya-szonina-tame-velemenycikke\/\"},\"wordCount\":2309,\"publisher\":{\"@id\":\"https:\/\/news.access4you.io\/#organization\"},\"image\":{\"@id\":\"https:\/\/news.access4you.io\/2022\/05\/19\/a-fogyatekos-nem-egy-csunya-szonina-tame-velemenycikke\/#primaryimage\"},\"thumbnailUrl\":\"https:\/\/news.access4you.io\/wp-content\/uploads\/2022\/05\/Worpress-kepek.png\",\"articleSection\":[\"Sz\u00edv\u00fcgy\u00fcnk\",\"Blog\"],\"inLanguage\":\"en-US\"},{\"@type\":\"WebPage\",\"@id\":\"https:\/\/news.access4you.io\/2022\/05\/19\/a-fogyatekos-nem-egy-csunya-szonina-tame-velemenycikke\/\",\"url\":\"https:\/\/news.access4you.io\/2022\/05\/19\/a-fogyatekos-nem-egy-csunya-szonina-tame-velemenycikke\/\",\"name\":\"A fogyat\u00e9kos nem egy cs\u00fanya sz\u00f3 (Nina Tame v\u00e9lem\u00e9nycikke)&nbsp; - Access4you H\u00edrek\",\"isPartOf\":{\"@id\":\"https:\/\/news.access4you.io\/#website\"},\"primaryImageOfPage\":{\"@id\":\"https:\/\/news.access4you.io\/2022\/05\/19\/a-fogyatekos-nem-egy-csunya-szonina-tame-velemenycikke\/#primaryimage\"},\"image\":{\"@id\":\"https:\/\/news.access4you.io\/2022\/05\/19\/a-fogyatekos-nem-egy-csunya-szonina-tame-velemenycikke\/#primaryimage\"},\"thumbnailUrl\":\"https:\/\/news.access4you.io\/wp-content\/uploads\/2022\/05\/Worpress-kepek.png\",\"datePublished\":\"2022-05-19T09:59:36+00:00\",\"dateModified\":\"2022-05-19T09:59:37+00:00\",\"description\":\"Nina Tame \u00edr\u00f3, tartalomk\u00e9sz\u00edt\u0151, mentor \u00e9s inkl\u00fazi\u00f3s aktivista. K\u00fczd az ableizmus ellen, de de neki is el kellett fogadnia fogyat\u00e9koss\u00e1g\u00e1t.\",\"breadcrumb\":{\"@id\":\"https:\/\/news.access4you.io\/2022\/05\/19\/a-fogyatekos-nem-egy-csunya-szonina-tame-velemenycikke\/#breadcrumb\"},\"inLanguage\":\"en-US\",\"potentialAction\":[{\"@type\":\"ReadAction\",\"target\":[\"https:\/\/news.access4you.io\/2022\/05\/19\/a-fogyatekos-nem-egy-csunya-szonina-tame-velemenycikke\/\"]}]},{\"@type\":\"ImageObject\",\"inLanguage\":\"en-US\",\"@id\":\"https:\/\/news.access4you.io\/2022\/05\/19\/a-fogyatekos-nem-egy-csunya-szonina-tame-velemenycikke\/#primaryimage\",\"url\":\"https:\/\/news.access4you.io\/wp-content\/uploads\/2022\/05\/Worpress-kepek.png\",\"contentUrl\":\"https:\/\/news.access4you.io\/wp-content\/uploads\/2022\/05\/Worpress-kepek.png\",\"width\":2048,\"height\":1365,\"caption\":\"A szerz\u0151, Nina egy fekete feh\u00e9r p\u00f6tty\u00f6s ruh\u00e1ban, mosolyogva \u00fcl egy kerekessz\u00e9kben. H\u00e1tt\u00e9rben az otthona, mely sz\u00ednes, vid\u00e1m hangulat\u00fa.\"},{\"@type\":\"BreadcrumbList\",\"@id\":\"https:\/\/news.access4you.io\/2022\/05\/19\/a-fogyatekos-nem-egy-csunya-szonina-tame-velemenycikke\/#breadcrumb\",\"itemListElement\":[{\"@type\":\"ListItem\",\"position\":1,\"name\":\"Kezd\u0151lap\",\"item\":\"https:\/\/news.access4you.io\/\"},{\"@type\":\"ListItem\",\"position\":2,\"name\":\"A fogyat\u00e9kos nem egy cs\u00fanya sz\u00f3(Nina Tame v\u00e9lem\u00e9nycikke)&nbsp;\"}]},{\"@type\":\"WebSite\",\"@id\":\"https:\/\/news.access4you.io\/#website\",\"url\":\"https:\/\/news.access4you.io\/\",\"name\":\"Access4you H\u00edrek\",\"description\":\"\",\"publisher\":{\"@id\":\"https:\/\/news.access4you.io\/#organization\"},\"potentialAction\":[{\"@type\":\"SearchAction\",\"target\":{\"@type\":\"EntryPoint\",\"urlTemplate\":\"https:\/\/news.access4you.io\/?s={search_term_string}\"},\"query-input\":{\"@type\":\"PropertyValueSpecification\",\"valueRequired\":true,\"valueName\":\"search_term_string\"}}],\"inLanguage\":\"en-US\"},{\"@type\":\"Organization\",\"@id\":\"https:\/\/news.access4you.io\/#organization\",\"name\":\"Access4you H\u00edrek\",\"url\":\"https:\/\/news.access4you.io\/\",\"logo\":{\"@type\":\"ImageObject\",\"inLanguage\":\"en-US\",\"@id\":\"https:\/\/news.access4you.io\/#\/schema\/logo\/image\/\",\"url\":\"https:\/\/news.access4you.io\/wp-content\/uploads\/2021\/01\/a4u-logo-black.png\",\"contentUrl\":\"https:\/\/news.access4you.io\/wp-content\/uploads\/2021\/01\/a4u-logo-black.png\",\"width\":726,\"height\":454,\"caption\":\"Access4you H\u00edrek\"},\"image\":{\"@id\":\"https:\/\/news.access4you.io\/#\/schema\/logo\/image\/\"}},{\"@type\":\"Person\",\"@id\":\"https:\/\/news.access4you.io\/#\/schema\/person\/cb4fff088aa5f5f43a6f4ce3a1e2e084\",\"name\":\"access4you\",\"image\":{\"@type\":\"ImageObject\",\"inLanguage\":\"en-US\",\"@id\":\"https:\/\/news.access4you.io\/#\/schema\/person\/image\/\",\"url\":\"https:\/\/secure.gravatar.com\/avatar\/9795a8b3afc7ed258d167a92dbb1075b37bab5bc83b1ac9182ff4f58c22040b8?s=96&d=mm&r=g\",\"contentUrl\":\"https:\/\/secure.gravatar.com\/avatar\/9795a8b3afc7ed258d167a92dbb1075b37bab5bc83b1ac9182ff4f58c22040b8?s=96&d=mm&r=g\",\"caption\":\"access4you\"},\"sameAs\":[\"http:\/\/localhost\/access4you\"],\"url\":\"https:\/\/news.access4you.io\/en\/author\/access4you\/\"}]}<\/script>\n<!-- \/ Yoast SEO plugin. -->","yoast_head_json":{"title":"A fogyat\u00e9kos nem egy cs\u00fanya sz\u00f3(Nina Tame v\u00e9lem\u00e9nycikke)&nbsp; - Access4you H\u00edrek","description":"Nina Tame \u00edr\u00f3, tartalomk\u00e9sz\u00edt\u0151, mentor \u00e9s inkl\u00fazi\u00f3s aktivista. K\u00fczd az ableizmus ellen, de de neki is el kellett fogadnia fogyat\u00e9koss\u00e1g\u00e1t.","robots":{"index":"index","follow":"follow","max-snippet":"max-snippet:-1","max-image-preview":"max-image-preview:large","max-video-preview":"max-video-preview:-1"},"canonical":"https:\/\/news.access4you.io\/en\/2022\/05\/19\/a-fogyatekos-nem-egy-csunya-szonina-tame-velemenycikke\/","og_locale":"en_US","og_type":"article","og_title":"A fogyat\u00e9kos nem egy cs\u00fanya sz\u00f3(Nina Tame v\u00e9lem\u00e9nycikke)&nbsp; - Access4you H\u00edrek","og_description":"Nina Tame \u00edr\u00f3, tartalomk\u00e9sz\u00edt\u0151, mentor \u00e9s inkl\u00fazi\u00f3s aktivista. K\u00fczd az ableizmus ellen, de de neki is el kellett fogadnia fogyat\u00e9koss\u00e1g\u00e1t.","og_url":"https:\/\/news.access4you.io\/en\/2022\/05\/19\/a-fogyatekos-nem-egy-csunya-szonina-tame-velemenycikke\/","og_site_name":"Access4you H\u00edrek","article_published_time":"2022-05-19T09:59:36+00:00","article_modified_time":"2022-05-19T09:59:37+00:00","og_image":[{"width":2048,"height":1365,"url":"https:\/\/news.access4you.io\/wp-content\/uploads\/2022\/05\/Worpress-kepek.png","type":"image\/png"}],"author":"access4you","twitter_card":"summary_large_image","twitter_misc":{"Written by":"access4you","Est. reading time":"9 minutes"},"schema":{"@context":"https:\/\/schema.org","@graph":[{"@type":"Article","@id":"https:\/\/news.access4you.io\/2022\/05\/19\/a-fogyatekos-nem-egy-csunya-szonina-tame-velemenycikke\/#article","isPartOf":{"@id":"https:\/\/news.access4you.io\/2022\/05\/19\/a-fogyatekos-nem-egy-csunya-szonina-tame-velemenycikke\/"},"author":{"name":"access4you","@id":"https:\/\/news.access4you.io\/#\/schema\/person\/cb4fff088aa5f5f43a6f4ce3a1e2e084"},"headline":"A fogyat\u00e9kos nem egy cs\u00fanya sz\u00f3 (Nina Tame v\u00e9lem\u00e9nycikke)&nbsp;","datePublished":"2022-05-19T09:59:36+00:00","dateModified":"2022-05-19T09:59:37+00:00","mainEntityOfPage":{"@id":"https:\/\/news.access4you.io\/2022\/05\/19\/a-fogyatekos-nem-egy-csunya-szonina-tame-velemenycikke\/"},"wordCount":2309,"publisher":{"@id":"https:\/\/news.access4you.io\/#organization"},"image":{"@id":"https:\/\/news.access4you.io\/2022\/05\/19\/a-fogyatekos-nem-egy-csunya-szonina-tame-velemenycikke\/#primaryimage"},"thumbnailUrl":"https:\/\/news.access4you.io\/wp-content\/uploads\/2022\/05\/Worpress-kepek.png","articleSection":["Sz\u00edv\u00fcgy\u00fcnk","Blog"],"inLanguage":"en-US"},{"@type":"WebPage","@id":"https:\/\/news.access4you.io\/2022\/05\/19\/a-fogyatekos-nem-egy-csunya-szonina-tame-velemenycikke\/","url":"https:\/\/news.access4you.io\/2022\/05\/19\/a-fogyatekos-nem-egy-csunya-szonina-tame-velemenycikke\/","name":"A fogyat\u00e9kos nem egy cs\u00fanya sz\u00f3 (Nina Tame v\u00e9lem\u00e9nycikke)&nbsp; - Access4you H\u00edrek","isPartOf":{"@id":"https:\/\/news.access4you.io\/#website"},"primaryImageOfPage":{"@id":"https:\/\/news.access4you.io\/2022\/05\/19\/a-fogyatekos-nem-egy-csunya-szonina-tame-velemenycikke\/#primaryimage"},"image":{"@id":"https:\/\/news.access4you.io\/2022\/05\/19\/a-fogyatekos-nem-egy-csunya-szonina-tame-velemenycikke\/#primaryimage"},"thumbnailUrl":"https:\/\/news.access4you.io\/wp-content\/uploads\/2022\/05\/Worpress-kepek.png","datePublished":"2022-05-19T09:59:36+00:00","dateModified":"2022-05-19T09:59:37+00:00","description":"Nina Tame \u00edr\u00f3, tartalomk\u00e9sz\u00edt\u0151, mentor \u00e9s inkl\u00fazi\u00f3s aktivista. K\u00fczd az ableizmus ellen, de de neki is el kellett fogadnia fogyat\u00e9koss\u00e1g\u00e1t.","breadcrumb":{"@id":"https:\/\/news.access4you.io\/2022\/05\/19\/a-fogyatekos-nem-egy-csunya-szonina-tame-velemenycikke\/#breadcrumb"},"inLanguage":"en-US","potentialAction":[{"@type":"ReadAction","target":["https:\/\/news.access4you.io\/2022\/05\/19\/a-fogyatekos-nem-egy-csunya-szonina-tame-velemenycikke\/"]}]},{"@type":"ImageObject","inLanguage":"en-US","@id":"https:\/\/news.access4you.io\/2022\/05\/19\/a-fogyatekos-nem-egy-csunya-szonina-tame-velemenycikke\/#primaryimage","url":"https:\/\/news.access4you.io\/wp-content\/uploads\/2022\/05\/Worpress-kepek.png","contentUrl":"https:\/\/news.access4you.io\/wp-content\/uploads\/2022\/05\/Worpress-kepek.png","width":2048,"height":1365,"caption":"A szerz\u0151, Nina egy fekete feh\u00e9r p\u00f6tty\u00f6s ruh\u00e1ban, mosolyogva \u00fcl egy kerekessz\u00e9kben. H\u00e1tt\u00e9rben az otthona, mely sz\u00ednes, vid\u00e1m hangulat\u00fa."},{"@type":"BreadcrumbList","@id":"https:\/\/news.access4you.io\/2022\/05\/19\/a-fogyatekos-nem-egy-csunya-szonina-tame-velemenycikke\/#breadcrumb","itemListElement":[{"@type":"ListItem","position":1,"name":"Kezd\u0151lap","item":"https:\/\/news.access4you.io\/"},{"@type":"ListItem","position":2,"name":"A fogyat\u00e9kos nem egy cs\u00fanya sz\u00f3(Nina Tame v\u00e9lem\u00e9nycikke)&nbsp;"}]},{"@type":"WebSite","@id":"https:\/\/news.access4you.io\/#website","url":"https:\/\/news.access4you.io\/","name":"Access4you H\u00edrek","description":"","publisher":{"@id":"https:\/\/news.access4you.io\/#organization"},"potentialAction":[{"@type":"SearchAction","target":{"@type":"EntryPoint","urlTemplate":"https:\/\/news.access4you.io\/?s={search_term_string}"},"query-input":{"@type":"PropertyValueSpecification","valueRequired":true,"valueName":"search_term_string"}}],"inLanguage":"en-US"},{"@type":"Organization","@id":"https:\/\/news.access4you.io\/#organization","name":"Access4you H\u00edrek","url":"https:\/\/news.access4you.io\/","logo":{"@type":"ImageObject","inLanguage":"en-US","@id":"https:\/\/news.access4you.io\/#\/schema\/logo\/image\/","url":"https:\/\/news.access4you.io\/wp-content\/uploads\/2021\/01\/a4u-logo-black.png","contentUrl":"https:\/\/news.access4you.io\/wp-content\/uploads\/2021\/01\/a4u-logo-black.png","width":726,"height":454,"caption":"Access4you H\u00edrek"},"image":{"@id":"https:\/\/news.access4you.io\/#\/schema\/logo\/image\/"}},{"@type":"Person","@id":"https:\/\/news.access4you.io\/#\/schema\/person\/cb4fff088aa5f5f43a6f4ce3a1e2e084","name":"access4you","image":{"@type":"ImageObject","inLanguage":"en-US","@id":"https:\/\/news.access4you.io\/#\/schema\/person\/image\/","url":"https:\/\/secure.gravatar.com\/avatar\/9795a8b3afc7ed258d167a92dbb1075b37bab5bc83b1ac9182ff4f58c22040b8?s=96&d=mm&r=g","contentUrl":"https:\/\/secure.gravatar.com\/avatar\/9795a8b3afc7ed258d167a92dbb1075b37bab5bc83b1ac9182ff4f58c22040b8?s=96&d=mm&r=g","caption":"access4you"},"sameAs":["http:\/\/localhost\/access4you"],"url":"https:\/\/news.access4you.io\/en\/author\/access4you\/"}]}},"_links":{"self":[{"href":"https:\/\/news.access4you.io\/en\/wp-json\/wp\/v2\/posts\/4590","targetHints":{"allow":["GET"]}}],"collection":[{"href":"https:\/\/news.access4you.io\/en\/wp-json\/wp\/v2\/posts"}],"about":[{"href":"https:\/\/news.access4you.io\/en\/wp-json\/wp\/v2\/types\/post"}],"author":[{"embeddable":true,"href":"https:\/\/news.access4you.io\/en\/wp-json\/wp\/v2\/users\/1"}],"replies":[{"embeddable":true,"href":"https:\/\/news.access4you.io\/en\/wp-json\/wp\/v2\/comments?post=4590"}],"version-history":[{"count":0,"href":"https:\/\/news.access4you.io\/en\/wp-json\/wp\/v2\/posts\/4590\/revisions"}],"wp:featuredmedia":[{"embeddable":true,"href":"https:\/\/news.access4you.io\/en\/wp-json\/wp\/v2\/media\/4594"}],"wp:attachment":[{"href":"https:\/\/news.access4you.io\/en\/wp-json\/wp\/v2\/media?parent=4590"}],"wp:term":[{"taxonomy":"category","embeddable":true,"href":"https:\/\/news.access4you.io\/en\/wp-json\/wp\/v2\/categories?post=4590"},{"taxonomy":"post_tag","embeddable":true,"href":"https:\/\/news.access4you.io\/en\/wp-json\/wp\/v2\/tags?post=4590"}],"curies":[{"name":"wp","href":"https:\/\/api.w.org\/{rel}","templated":true}]}}