{"id":4608,"date":"2022-05-31T08:35:13","date_gmt":"2022-05-31T08:35:13","guid":{"rendered":"http:\/\/news.access4you.io\/?p=4608"},"modified":"2022-05-31T08:36:35","modified_gmt":"2022-05-31T08:36:35","slug":"az-fmcg-aruhazlancok-kozul-elsokent-kapott-akadalymentessegi-tanusitvanyt-az-auchan","status":"publish","type":"post","link":"https:\/\/news.access4you.io\/en\/2022\/05\/31\/az-fmcg-aruhazlancok-kozul-elsokent-kapott-akadalymentessegi-tanusitvanyt-az-auchan\/","title":{"rendered":"Az FMCG \u00e1ruh\u00e1zl\u00e1ncok k\u00f6z\u00fcl els\u0151k\u00e9nt kapott akad\u00e1lymentess\u00e9gi tan\u00fas\u00edtv\u00e1nyt\u00a0az Auchan"},"content":{"rendered":"<p><strong> Az Auchan Magyarorsz\u00e1g c\u00e9gkult\u00far\u00e1j\u00e1ban a t\u00e1rsadalmi felel\u0151ss\u00e9gv\u00e1llal\u00e1s, a szolidarit\u00e1s \u00e9s az \u00f6sszefog\u00e1s kiemelt helyen szerepel. A megv\u00e1ltozott munkak\u00e9pess\u00e9g\u0171 emberek (MMK) foglalkoztat\u00e1sa a v\u00e1llalat HR \u00e9s CSR politik\u00e1j\u00e1nak egyik alappill\u00e9re, jelenleg is t\u00f6bbsz\u00e1zan dolgoznak az \u00e1ruh\u00e1zl\u00e1ncn\u00e1l. Az Auchan munkat\u00e1rsai mellett vev\u0151k\u00f6r\u00e9nek is akad\u00e1lymentes k\u00f6r\u00fclm\u00e9nyeket k\u00edv\u00e1n biztos\u00edtani a v\u00e1s\u00e1rl\u00e1shoz, ez\u00e9rt \u2013 a nagy boltl\u00e1ncok k\u00f6z\u00fcl els\u0151k\u00e9nt \u2013 m\u00e9rette fel helysz\u00edneinek akad\u00e1lymentess\u00e9g\u00e9t az Access4you-val, \u00e9s az audit alapj\u00e1n megval\u00f3s\u00edtott fejleszt\u00e9sekkel bronzfokozat\u00fa tan\u00fas\u00edtv\u00e1nyra lesz jogosult.<\/strong><\/p>\n\n\n\n<p>\u00dajabb \u00e1llom\u00e1s\u00e1hoz \u00e9rt az Auchan es\u00e9lyegyenl\u0151s\u00e9gre \u00e9s az integr\u00e1ci\u00f3ra val\u00f3 t\u00f6rekv\u00e9se, ugyanis a v\u00e1llalat az Access4you-val \u00e1tvil\u00e1g\u00edttatta hazai \u00e1ruh\u00e1zainak akad\u00e1lymentess\u00e9g\u00e9t. Az auditorok mind a 24 Auchan \u00e1ruh\u00e1zat, a k\u00f6zponti irodah\u00e1zat \u00e9s az Auchan Korz\u00f3 ter\u00fclet\u00e9t szem\u00e9lyesen j\u00e1rt\u00e1k be \u00e9s m\u00e9rt\u00e9k fel egy t\u00f6bb mint 1000 elemes szempontrendszer alapj\u00e1n, amelyet rehabilit\u00e1ci\u00f3s szakm\u00e9rn\u00f6k\u00f6kkel \u00e9s \u00e9rintettekkel egy\u00fcttm\u0171k\u00f6dve dolgoztak ki. A felm\u00e9r\u00e9sben 9 \u00e9rintetti csoport sz\u00e1m\u00e1ra vizsg\u00e1lt\u00e1k meg a k\u00f6rnyezetet: kerekessz\u00e9kes \u00e9s mozg\u00e1ss\u00e9r\u00fclt, id\u0151s \u00e9s mozg\u00e1s\u00e1ban korl\u00e1tozott, babakocsival k\u00f6zleked\u0151, siket, nagyothall\u00f3, vak, gyeng\u00e9nl\u00e1t\u00f3, kognit\u00edv zavarral \u00e9l\u0151, valamint seg\u00edt\u0151kuty\u00e1val k\u00f6zleked\u0151 emberek ig\u00e9nyei alapj\u00e1n.<\/p>\n\n\n\n<p>Az Access4you min\u0151s\u00edt\u00e9si rendszere azokat a helysz\u00edneket tekinti akad\u00e1lymentesnek, ahol az adott speci\u00e1lis ig\u00e9ny\u0171 csoport sz\u00e1m\u00e1ra szabad a bejut\u00e1s, a bels\u0151 k\u00f6zleked\u00e9s, valamint a helysz\u00edn \u00e1ltal ny\u00fajtott szolg\u00e1ltat\u00e1sok akad\u00e1lymentesen el\u00e9rhet\u0151k \u00e9s ig\u00e9nybe vehet\u0151k. A felm\u00e9r\u00e9s sor\u00e1n vizsg\u00e1lt ter\u00fcletek k\u00f6z\u00f6tt szerepel a megk\u00f6zel\u00edthet\u0151s\u00e9g, a bej\u00e1rat, a k\u00fcls\u0151 \u00e9s bels\u0151 k\u00f6rnyezet, az ajt\u00f3k, a liftek \u00e9s a l\u00e9pcs\u0151k, illetve a r\u00e1mp\u00e1k param\u00e9terei, a berendez\u00e9sek saj\u00e1toss\u00e1gai, valamint az akad\u00e1lymentes haszn\u00e1latot t\u00e1mogat\u00f3 eszk\u00f6z\u00f6k \u00e9s szolg\u00e1ltat\u00e1sok megl\u00e9te. Az \u00f6sszegy\u0171jt\u00f6tt, megb\u00edzhat\u00f3 inform\u00e1ci\u00f3k egy mindenki sz\u00e1m\u00e1ra el\u00e9rhet\u0151 adatb\u00e1zisban, az <a href=\"http:\/\/www.access4you.io\" target=\"_blank\" rel=\"noreferrer noopener\">Access4you weboldal\u00e1n<\/a> \u00e9s applik\u00e1ci\u00f3j\u00e1ban \u00e9rhet\u0151k el.<\/p>\n\n\n\n<p>Min\u00e9l t\u00f6bb speci\u00e1lis ig\u00e9ny\u0171, vagy fogyat\u00e9koss\u00e1ggal \u00e9l\u0151 csoport hozz\u00e1f\u00e9r egy helyhez \u00e9s a szolg\u00e1ltat\u00e1sokhoz, ann\u00e1l magasabb szintet lehet el\u00e9rni a tan\u00fas\u00edt\u00f3 c\u00e9g min\u0151s\u00edt\u00e9si rendszere alapj\u00e1n. Az Auchan Magyarorsz\u00e1g az audit alapj\u00e1n az el\u0151kel\u0151 bronz fokozatot kaphatja meg az elv\u00e9gzend\u0151 fejleszt\u00e9seket k\u00f6vet\u0151en.<\/p>\n\n\n\n<p>A v\u00e1llalat \u00e9vek \u00f3ta foglalkoztat megv\u00e1ltozott munkak\u00e9pess\u00e9g\u0171 munkat\u00e1rsakat, e t\u00f6rekv\u00e9s\u00e9t sz\u00e1mos d\u00edjjal jutalmazt\u00e1k m\u00e1r, t\u00f6bbek k\u00f6z\u00f6tt az \u00c9rt\u00e9k Vagy! d\u00edjjal az \u00c9v Befogad\u00f3 Munk\u00e1ltat\u00f3ja kateg\u00f3ri\u00e1ban, CSR Hungary D\u00edjjal, \u201eFogyat\u00e9koss\u00e1g-bar\u00e1t Munkahely\u201d c\u00edmmel, illetve a Fogyat\u00e9koss\u00e1g-bar\u00e1t Munkahely D\u00edj t\u00edz \u00e9ves fenn\u00e1ll\u00e1sa alkalm\u00e1b\u00f3l kiadott Champion-d\u00edjjal. Ez a mostani audit is meger\u0151s\u00edti, hogy az Auchan j\u00f3 \u00faton j\u00e1r, amikor nagy hangs\u00falyt helyez a speci\u00e1lis ig\u00e9ny\u0171 munkat\u00e1rsak \u00e9s v\u00e1s\u00e1rl\u00f3k sz\u00e1m\u00e1ra kialak\u00edtott k\u00f6rnyezetre.<\/p>\n\n\n\n<p>\u201e<em>B\u00fcszk\u00e9k vagyunk r\u00e1, hogy az akad\u00e1lymentess\u00e9gi audit eredm\u00e9nyek\u00e9pp az Access4you bronz fokozat\u00fa min\u0151s\u00edt\u00e9s\u00e9re lesz\u00fcnk jogosultak. Fontos sz\u00e1munkra, hogy mind MMK munkat\u00e1rsaink, mind pedig a fogyat\u00e9kkal \u00e9l\u0151 v\u00e1s\u00e1rl\u00f3ink sz\u00e1m\u00e1ra akad\u00e1lymentesen el\u00e9rhet\u0151ek legyenek a helysz\u00edneink \u00e9s a szolg\u00e1ltat\u00e1saink. Az audit eredm\u00e9nyek\u00e9pp k\u00e9t tov\u00e1bbi fejleszt\u00e9st val\u00f3s\u00edtunk meg: bevezetj\u00fck a SINOSZ \u00e1ltal kifejlesztett KONTAKT jelnyelvi tolm\u00e1csszolg\u00e1ltat\u00e1si rendszert minden telephely\u00fcnk\u00f6n, amely jelent\u0151sen megk\u00f6nny\u00edti a siketek kommunik\u00e1ci\u00f3j\u00e1t, a gyeng\u00e9nl\u00e1t\u00f3k sz\u00e1m\u00e1ra pedig az \u00fcvegfel\u00fcletek matric\u00e1z\u00e1s\u00e1val tessz\u00fck biztons\u00e1gosabb\u00e1 a k\u00f6zleked\u00e9st \u00e1ruh\u00e1zainkban \u00e9s a k\u00f6zponti irodah\u00e1zunkban\u201d<\/em> \u2013 mondta el Varga-Fut\u00f3 Ildik\u00f3, kommunik\u00e1ci\u00f3s \u00e9s CSR igazgat\u00f3.<\/p>\n\n\n\n<p><em>\u201cAz akad\u00e1lymentess\u00e9g teszi lehet\u0151v\u00e9, hogy mindenki egyenl\u0151 es\u00e9llyel jusson hozz\u00e1 a szolg\u00e1ltat\u00e1sokhoz, az oktat\u00e1shoz, a munk\u00e1hoz, a k\u00f6z\u00f6ss\u00e9gi \u00e9lm\u00e9nyekhez, a k\u00fcl\u00f6nf\u00e9le term\u00e9kekhez vagy ak\u00e1r az utaz\u00e1shoz. Ma a vil\u00e1gon a t\u00e1rsadalom 15%-a \u00e9rintett ebben a k\u00e9rd\u00e9sben, ez Magyarorsz\u00e1gon m\u00e1sf\u00e9l milli\u00f3 t\u00e1rsunkat, Eur\u00f3p\u00e1ban 120 milli\u00f3t, az eg\u00e9sz vil\u00e1gon pedig m\u00e1sf\u00e9l milli\u00e1rd embert jelent. Gazdas\u00e1gi szerep\u00fcket, v\u00e1s\u00e1rl\u00f3erej\u00fcket sem a napi fogyaszt\u00e1si cikkek, sem a szolg\u00e1ltat\u00e1sok, utaz\u00e1sok kapcs\u00e1n nem szabad figyelmen k\u00edv\u00fcl hagyni. Az akad\u00e1lymentess\u00e9g fejleszt\u00e9se gazdas\u00e1gilag \u00e9s t\u00e1rsadalmilag is megt\u00e9r\u00fcl\u201d- <\/em>tette hozz\u00e1 Berecz Bal\u00e1zs, az Access4you International alap\u00edt\u00f3ja \u00e9s \u00fcgyvezet\u0151je.<\/p>\n\n\n\n<p><\/p>\n\n\n\n<p>Forr\u00e1s: Auchan Magyarorsz\u00e1g<\/p>","protected":false},"excerpt":{"rendered":"<p>Az Auchan Magyarorsz\u00e1g c\u00e9gkult\u00far\u00e1j\u00e1ban a t\u00e1rsadalmi felel\u0151ss\u00e9gv\u00e1llal\u00e1s, a szolidarit\u00e1s \u00e9s az \u00f6sszefog\u00e1s kiemelt helyen szerepel. A megv\u00e1ltozott munkak\u00e9pess\u00e9g\u0171 emberek (MMK) foglalkoztat\u00e1sa a v\u00e1llalat HR \u00e9s CSR politik\u00e1j\u00e1nak egyik alappill\u00e9re, jelenleg is t\u00f6bbsz\u00e1zan dolgoznak az \u00e1ruh\u00e1zl\u00e1ncn\u00e1l. Az Auchan munkat\u00e1rsai mellett vev\u0151k\u00f6r\u00e9nek is akad\u00e1lymentes k\u00f6r\u00fclm\u00e9nyeket k\u00edv\u00e1n biztos\u00edtani a v\u00e1s\u00e1rl\u00e1shoz, ez\u00e9rt \u2013 a nagy boltl\u00e1ncok k\u00f6z\u00fcl els\u0151k\u00e9nt \u2013 [&hellip;]<\/p>","protected":false},"author":1,"featured_media":4609,"comment_status":"closed","ping_status":"closed","sticky":false,"template":"","format":"standard","meta":{"footnotes":""},"categories":[75,10,76,17],"tags":[],"class_list":["post-4608","post","type-post","status-publish","format-standard","has-post-thumbnail","hentry","category-uj-hely","category-blog","category-kozlemeny","category-sajtoszemle"],"yoast_head":"<!-- This site is optimized with the Yoast SEO plugin v23.8 - https:\/\/yoast.com\/wordpress\/plugins\/seo\/ -->\n<title>Az FMCG \u00e1ruh\u00e1zl\u00e1ncok k\u00f6z\u00fcl els\u0151k\u00e9nt kapott akad\u00e1lymentess\u00e9gi tan\u00fas\u00edtv\u00e1nyt\u00a0az Auchan - Access4you H\u00edrek<\/title>\n<meta name=\"description\" content=\"Az FMCG \u00e1ruh\u00e1zl\u00e1ncok k\u00f6z\u00fcl els\u0151k\u00e9nt kapott akad\u00e1lymentess\u00e9gi tan\u00fas\u00edtv\u00e1nyt az Auchan\" \/>\n<meta name=\"robots\" content=\"index, follow, max-snippet:-1, max-image-preview:large, max-video-preview:-1\" \/>\n<link rel=\"canonical\" href=\"https:\/\/news.access4you.io\/en\/2022\/05\/31\/az-fmcg-aruhazlancok-kozul-elsokent-kapott-akadalymentessegi-tanusitvanyt-az-auchan\/\" \/>\n<meta property=\"og:locale\" content=\"en_US\" \/>\n<meta property=\"og:type\" content=\"article\" \/>\n<meta property=\"og:title\" content=\"Az FMCG \u00e1ruh\u00e1zl\u00e1ncok k\u00f6z\u00fcl els\u0151k\u00e9nt kapott akad\u00e1lymentess\u00e9gi tan\u00fas\u00edtv\u00e1nyt\u00a0az Auchan - Access4you H\u00edrek\" \/>\n<meta property=\"og:description\" content=\"Az FMCG \u00e1ruh\u00e1zl\u00e1ncok k\u00f6z\u00fcl els\u0151k\u00e9nt kapott akad\u00e1lymentess\u00e9gi tan\u00fas\u00edtv\u00e1nyt az Auchan\" \/>\n<meta property=\"og:url\" content=\"https:\/\/news.access4you.io\/en\/2022\/05\/31\/az-fmcg-aruhazlancok-kozul-elsokent-kapott-akadalymentessegi-tanusitvanyt-az-auchan\/\" \/>\n<meta property=\"og:site_name\" content=\"Access4you H\u00edrek\" \/>\n<meta property=\"article:published_time\" content=\"2022-05-31T08:35:13+00:00\" \/>\n<meta property=\"article:modified_time\" content=\"2022-05-31T08:36:35+00:00\" \/>\n<meta property=\"og:image\" content=\"https:\/\/news.access4you.io\/wp-content\/uploads\/2022\/05\/access4you_auchan_01.png\" \/>\n\t<meta property=\"og:image:width\" content=\"512\" \/>\n\t<meta property=\"og:image:height\" content=\"361\" \/>\n\t<meta property=\"og:image:type\" content=\"image\/png\" \/>\n<meta name=\"author\" content=\"access4you\" \/>\n<meta name=\"twitter:card\" content=\"summary_large_image\" \/>\n<meta name=\"twitter:label1\" content=\"Written by\" \/>\n\t<meta name=\"twitter:data1\" content=\"access4you\" \/>\n\t<meta name=\"twitter:label2\" content=\"Est. reading time\" \/>\n\t<meta name=\"twitter:data2\" content=\"3 minutes\" \/>\n<script type=\"application\/ld+json\" class=\"yoast-schema-graph\">{\"@context\":\"https:\/\/schema.org\",\"@graph\":[{\"@type\":\"Article\",\"@id\":\"https:\/\/news.access4you.io\/2022\/05\/31\/az-fmcg-aruhazlancok-kozul-elsokent-kapott-akadalymentessegi-tanusitvanyt-az-auchan\/#article\",\"isPartOf\":{\"@id\":\"https:\/\/news.access4you.io\/2022\/05\/31\/az-fmcg-aruhazlancok-kozul-elsokent-kapott-akadalymentessegi-tanusitvanyt-az-auchan\/\"},\"author\":{\"name\":\"access4you\",\"@id\":\"https:\/\/news.access4you.io\/#\/schema\/person\/cb4fff088aa5f5f43a6f4ce3a1e2e084\"},\"headline\":\"Az FMCG \u00e1ruh\u00e1zl\u00e1ncok k\u00f6z\u00fcl els\u0151k\u00e9nt kapott akad\u00e1lymentess\u00e9gi tan\u00fas\u00edtv\u00e1nyt\u00a0az Auchan\",\"datePublished\":\"2022-05-31T08:35:13+00:00\",\"dateModified\":\"2022-05-31T08:36:35+00:00\",\"mainEntityOfPage\":{\"@id\":\"https:\/\/news.access4you.io\/2022\/05\/31\/az-fmcg-aruhazlancok-kozul-elsokent-kapott-akadalymentessegi-tanusitvanyt-az-auchan\/\"},\"wordCount\":935,\"publisher\":{\"@id\":\"https:\/\/news.access4you.io\/#organization\"},\"image\":{\"@id\":\"https:\/\/news.access4you.io\/2022\/05\/31\/az-fmcg-aruhazlancok-kozul-elsokent-kapott-akadalymentessegi-tanusitvanyt-az-auchan\/#primaryimage\"},\"thumbnailUrl\":\"https:\/\/news.access4you.io\/wp-content\/uploads\/2022\/05\/access4you_auchan_01.png\",\"articleSection\":[\"\u00daj hely\",\"Blog\",\"K\u00f6zlem\u00e9ny\",\"Sajt\u00f3szemle\"],\"inLanguage\":\"en-US\"},{\"@type\":\"WebPage\",\"@id\":\"https:\/\/news.access4you.io\/2022\/05\/31\/az-fmcg-aruhazlancok-kozul-elsokent-kapott-akadalymentessegi-tanusitvanyt-az-auchan\/\",\"url\":\"https:\/\/news.access4you.io\/2022\/05\/31\/az-fmcg-aruhazlancok-kozul-elsokent-kapott-akadalymentessegi-tanusitvanyt-az-auchan\/\",\"name\":\"Az FMCG \u00e1ruh\u00e1zl\u00e1ncok k\u00f6z\u00fcl els\u0151k\u00e9nt kapott akad\u00e1lymentess\u00e9gi tan\u00fas\u00edtv\u00e1nyt\u00a0az Auchan - Access4you H\u00edrek\",\"isPartOf\":{\"@id\":\"https:\/\/news.access4you.io\/#website\"},\"primaryImageOfPage\":{\"@id\":\"https:\/\/news.access4you.io\/2022\/05\/31\/az-fmcg-aruhazlancok-kozul-elsokent-kapott-akadalymentessegi-tanusitvanyt-az-auchan\/#primaryimage\"},\"image\":{\"@id\":\"https:\/\/news.access4you.io\/2022\/05\/31\/az-fmcg-aruhazlancok-kozul-elsokent-kapott-akadalymentessegi-tanusitvanyt-az-auchan\/#primaryimage\"},\"thumbnailUrl\":\"https:\/\/news.access4you.io\/wp-content\/uploads\/2022\/05\/access4you_auchan_01.png\",\"datePublished\":\"2022-05-31T08:35:13+00:00\",\"dateModified\":\"2022-05-31T08:36:35+00:00\",\"description\":\"Az FMCG \u00e1ruh\u00e1zl\u00e1ncok k\u00f6z\u00fcl els\u0151k\u00e9nt kapott akad\u00e1lymentess\u00e9gi tan\u00fas\u00edtv\u00e1nyt az Auchan\",\"breadcrumb\":{\"@id\":\"https:\/\/news.access4you.io\/2022\/05\/31\/az-fmcg-aruhazlancok-kozul-elsokent-kapott-akadalymentessegi-tanusitvanyt-az-auchan\/#breadcrumb\"},\"inLanguage\":\"en-US\",\"potentialAction\":[{\"@type\":\"ReadAction\",\"target\":[\"https:\/\/news.access4you.io\/2022\/05\/31\/az-fmcg-aruhazlancok-kozul-elsokent-kapott-akadalymentessegi-tanusitvanyt-az-auchan\/\"]}]},{\"@type\":\"ImageObject\",\"inLanguage\":\"en-US\",\"@id\":\"https:\/\/news.access4you.io\/2022\/05\/31\/az-fmcg-aruhazlancok-kozul-elsokent-kapott-akadalymentessegi-tanusitvanyt-az-auchan\/#primaryimage\",\"url\":\"https:\/\/news.access4you.io\/wp-content\/uploads\/2022\/05\/access4you_auchan_01.png\",\"contentUrl\":\"https:\/\/news.access4you.io\/wp-content\/uploads\/2022\/05\/access4you_auchan_01.png\",\"width\":512,\"height\":361},{\"@type\":\"BreadcrumbList\",\"@id\":\"https:\/\/news.access4you.io\/2022\/05\/31\/az-fmcg-aruhazlancok-kozul-elsokent-kapott-akadalymentessegi-tanusitvanyt-az-auchan\/#breadcrumb\",\"itemListElement\":[{\"@type\":\"ListItem\",\"position\":1,\"name\":\"Kezd\u0151lap\",\"item\":\"https:\/\/news.access4you.io\/\"},{\"@type\":\"ListItem\",\"position\":2,\"name\":\"Az FMCG \u00e1ruh\u00e1zl\u00e1ncok k\u00f6z\u00fcl els\u0151k\u00e9nt kapott akad\u00e1lymentess\u00e9gi tan\u00fas\u00edtv\u00e1nyt\u00a0az Auchan\"}]},{\"@type\":\"WebSite\",\"@id\":\"https:\/\/news.access4you.io\/#website\",\"url\":\"https:\/\/news.access4you.io\/\",\"name\":\"Access4you H\u00edrek\",\"description\":\"\",\"publisher\":{\"@id\":\"https:\/\/news.access4you.io\/#organization\"},\"potentialAction\":[{\"@type\":\"SearchAction\",\"target\":{\"@type\":\"EntryPoint\",\"urlTemplate\":\"https:\/\/news.access4you.io\/?s={search_term_string}\"},\"query-input\":{\"@type\":\"PropertyValueSpecification\",\"valueRequired\":true,\"valueName\":\"search_term_string\"}}],\"inLanguage\":\"en-US\"},{\"@type\":\"Organization\",\"@id\":\"https:\/\/news.access4you.io\/#organization\",\"name\":\"Access4you H\u00edrek\",\"url\":\"https:\/\/news.access4you.io\/\",\"logo\":{\"@type\":\"ImageObject\",\"inLanguage\":\"en-US\",\"@id\":\"https:\/\/news.access4you.io\/#\/schema\/logo\/image\/\",\"url\":\"https:\/\/news.access4you.io\/wp-content\/uploads\/2021\/01\/a4u-logo-black.png\",\"contentUrl\":\"https:\/\/news.access4you.io\/wp-content\/uploads\/2021\/01\/a4u-logo-black.png\",\"width\":726,\"height\":454,\"caption\":\"Access4you H\u00edrek\"},\"image\":{\"@id\":\"https:\/\/news.access4you.io\/#\/schema\/logo\/image\/\"}},{\"@type\":\"Person\",\"@id\":\"https:\/\/news.access4you.io\/#\/schema\/person\/cb4fff088aa5f5f43a6f4ce3a1e2e084\",\"name\":\"access4you\",\"image\":{\"@type\":\"ImageObject\",\"inLanguage\":\"en-US\",\"@id\":\"https:\/\/news.access4you.io\/#\/schema\/person\/image\/\",\"url\":\"https:\/\/secure.gravatar.com\/avatar\/9795a8b3afc7ed258d167a92dbb1075b37bab5bc83b1ac9182ff4f58c22040b8?s=96&d=mm&r=g\",\"contentUrl\":\"https:\/\/secure.gravatar.com\/avatar\/9795a8b3afc7ed258d167a92dbb1075b37bab5bc83b1ac9182ff4f58c22040b8?s=96&d=mm&r=g\",\"caption\":\"access4you\"},\"sameAs\":[\"http:\/\/localhost\/access4you\"],\"url\":\"https:\/\/news.access4you.io\/en\/author\/access4you\/\"}]}<\/script>\n<!-- \/ Yoast SEO plugin. -->","yoast_head_json":{"title":"Az FMCG \u00e1ruh\u00e1zl\u00e1ncok k\u00f6z\u00fcl els\u0151k\u00e9nt kapott akad\u00e1lymentess\u00e9gi tan\u00fas\u00edtv\u00e1nyt\u00a0az Auchan - Access4you H\u00edrek","description":"Az FMCG \u00e1ruh\u00e1zl\u00e1ncok k\u00f6z\u00fcl els\u0151k\u00e9nt kapott akad\u00e1lymentess\u00e9gi tan\u00fas\u00edtv\u00e1nyt az Auchan","robots":{"index":"index","follow":"follow","max-snippet":"max-snippet:-1","max-image-preview":"max-image-preview:large","max-video-preview":"max-video-preview:-1"},"canonical":"https:\/\/news.access4you.io\/en\/2022\/05\/31\/az-fmcg-aruhazlancok-kozul-elsokent-kapott-akadalymentessegi-tanusitvanyt-az-auchan\/","og_locale":"en_US","og_type":"article","og_title":"Az FMCG \u00e1ruh\u00e1zl\u00e1ncok k\u00f6z\u00fcl els\u0151k\u00e9nt kapott akad\u00e1lymentess\u00e9gi tan\u00fas\u00edtv\u00e1nyt\u00a0az Auchan - Access4you H\u00edrek","og_description":"Az FMCG \u00e1ruh\u00e1zl\u00e1ncok k\u00f6z\u00fcl els\u0151k\u00e9nt kapott akad\u00e1lymentess\u00e9gi tan\u00fas\u00edtv\u00e1nyt az Auchan","og_url":"https:\/\/news.access4you.io\/en\/2022\/05\/31\/az-fmcg-aruhazlancok-kozul-elsokent-kapott-akadalymentessegi-tanusitvanyt-az-auchan\/","og_site_name":"Access4you H\u00edrek","article_published_time":"2022-05-31T08:35:13+00:00","article_modified_time":"2022-05-31T08:36:35+00:00","og_image":[{"width":512,"height":361,"url":"https:\/\/news.access4you.io\/wp-content\/uploads\/2022\/05\/access4you_auchan_01.png","type":"image\/png"}],"author":"access4you","twitter_card":"summary_large_image","twitter_misc":{"Written by":"access4you","Est. reading time":"3 minutes"},"schema":{"@context":"https:\/\/schema.org","@graph":[{"@type":"Article","@id":"https:\/\/news.access4you.io\/2022\/05\/31\/az-fmcg-aruhazlancok-kozul-elsokent-kapott-akadalymentessegi-tanusitvanyt-az-auchan\/#article","isPartOf":{"@id":"https:\/\/news.access4you.io\/2022\/05\/31\/az-fmcg-aruhazlancok-kozul-elsokent-kapott-akadalymentessegi-tanusitvanyt-az-auchan\/"},"author":{"name":"access4you","@id":"https:\/\/news.access4you.io\/#\/schema\/person\/cb4fff088aa5f5f43a6f4ce3a1e2e084"},"headline":"Az FMCG \u00e1ruh\u00e1zl\u00e1ncok k\u00f6z\u00fcl els\u0151k\u00e9nt kapott akad\u00e1lymentess\u00e9gi tan\u00fas\u00edtv\u00e1nyt\u00a0az Auchan","datePublished":"2022-05-31T08:35:13+00:00","dateModified":"2022-05-31T08:36:35+00:00","mainEntityOfPage":{"@id":"https:\/\/news.access4you.io\/2022\/05\/31\/az-fmcg-aruhazlancok-kozul-elsokent-kapott-akadalymentessegi-tanusitvanyt-az-auchan\/"},"wordCount":935,"publisher":{"@id":"https:\/\/news.access4you.io\/#organization"},"image":{"@id":"https:\/\/news.access4you.io\/2022\/05\/31\/az-fmcg-aruhazlancok-kozul-elsokent-kapott-akadalymentessegi-tanusitvanyt-az-auchan\/#primaryimage"},"thumbnailUrl":"https:\/\/news.access4you.io\/wp-content\/uploads\/2022\/05\/access4you_auchan_01.png","articleSection":["\u00daj hely","Blog","K\u00f6zlem\u00e9ny","Sajt\u00f3szemle"],"inLanguage":"en-US"},{"@type":"WebPage","@id":"https:\/\/news.access4you.io\/2022\/05\/31\/az-fmcg-aruhazlancok-kozul-elsokent-kapott-akadalymentessegi-tanusitvanyt-az-auchan\/","url":"https:\/\/news.access4you.io\/2022\/05\/31\/az-fmcg-aruhazlancok-kozul-elsokent-kapott-akadalymentessegi-tanusitvanyt-az-auchan\/","name":"Az FMCG \u00e1ruh\u00e1zl\u00e1ncok k\u00f6z\u00fcl els\u0151k\u00e9nt kapott akad\u00e1lymentess\u00e9gi tan\u00fas\u00edtv\u00e1nyt\u00a0az Auchan - Access4you H\u00edrek","isPartOf":{"@id":"https:\/\/news.access4you.io\/#website"},"primaryImageOfPage":{"@id":"https:\/\/news.access4you.io\/2022\/05\/31\/az-fmcg-aruhazlancok-kozul-elsokent-kapott-akadalymentessegi-tanusitvanyt-az-auchan\/#primaryimage"},"image":{"@id":"https:\/\/news.access4you.io\/2022\/05\/31\/az-fmcg-aruhazlancok-kozul-elsokent-kapott-akadalymentessegi-tanusitvanyt-az-auchan\/#primaryimage"},"thumbnailUrl":"https:\/\/news.access4you.io\/wp-content\/uploads\/2022\/05\/access4you_auchan_01.png","datePublished":"2022-05-31T08:35:13+00:00","dateModified":"2022-05-31T08:36:35+00:00","description":"Az FMCG \u00e1ruh\u00e1zl\u00e1ncok k\u00f6z\u00fcl els\u0151k\u00e9nt kapott akad\u00e1lymentess\u00e9gi tan\u00fas\u00edtv\u00e1nyt az Auchan","breadcrumb":{"@id":"https:\/\/news.access4you.io\/2022\/05\/31\/az-fmcg-aruhazlancok-kozul-elsokent-kapott-akadalymentessegi-tanusitvanyt-az-auchan\/#breadcrumb"},"inLanguage":"en-US","potentialAction":[{"@type":"ReadAction","target":["https:\/\/news.access4you.io\/2022\/05\/31\/az-fmcg-aruhazlancok-kozul-elsokent-kapott-akadalymentessegi-tanusitvanyt-az-auchan\/"]}]},{"@type":"ImageObject","inLanguage":"en-US","@id":"https:\/\/news.access4you.io\/2022\/05\/31\/az-fmcg-aruhazlancok-kozul-elsokent-kapott-akadalymentessegi-tanusitvanyt-az-auchan\/#primaryimage","url":"https:\/\/news.access4you.io\/wp-content\/uploads\/2022\/05\/access4you_auchan_01.png","contentUrl":"https:\/\/news.access4you.io\/wp-content\/uploads\/2022\/05\/access4you_auchan_01.png","width":512,"height":361},{"@type":"BreadcrumbList","@id":"https:\/\/news.access4you.io\/2022\/05\/31\/az-fmcg-aruhazlancok-kozul-elsokent-kapott-akadalymentessegi-tanusitvanyt-az-auchan\/#breadcrumb","itemListElement":[{"@type":"ListItem","position":1,"name":"Kezd\u0151lap","item":"https:\/\/news.access4you.io\/"},{"@type":"ListItem","position":2,"name":"Az FMCG \u00e1ruh\u00e1zl\u00e1ncok k\u00f6z\u00fcl els\u0151k\u00e9nt kapott akad\u00e1lymentess\u00e9gi tan\u00fas\u00edtv\u00e1nyt\u00a0az Auchan"}]},{"@type":"WebSite","@id":"https:\/\/news.access4you.io\/#website","url":"https:\/\/news.access4you.io\/","name":"Access4you H\u00edrek","description":"","publisher":{"@id":"https:\/\/news.access4you.io\/#organization"},"potentialAction":[{"@type":"SearchAction","target":{"@type":"EntryPoint","urlTemplate":"https:\/\/news.access4you.io\/?s={search_term_string}"},"query-input":{"@type":"PropertyValueSpecification","valueRequired":true,"valueName":"search_term_string"}}],"inLanguage":"en-US"},{"@type":"Organization","@id":"https:\/\/news.access4you.io\/#organization","name":"Access4you H\u00edrek","url":"https:\/\/news.access4you.io\/","logo":{"@type":"ImageObject","inLanguage":"en-US","@id":"https:\/\/news.access4you.io\/#\/schema\/logo\/image\/","url":"https:\/\/news.access4you.io\/wp-content\/uploads\/2021\/01\/a4u-logo-black.png","contentUrl":"https:\/\/news.access4you.io\/wp-content\/uploads\/2021\/01\/a4u-logo-black.png","width":726,"height":454,"caption":"Access4you H\u00edrek"},"image":{"@id":"https:\/\/news.access4you.io\/#\/schema\/logo\/image\/"}},{"@type":"Person","@id":"https:\/\/news.access4you.io\/#\/schema\/person\/cb4fff088aa5f5f43a6f4ce3a1e2e084","name":"access4you","image":{"@type":"ImageObject","inLanguage":"en-US","@id":"https:\/\/news.access4you.io\/#\/schema\/person\/image\/","url":"https:\/\/secure.gravatar.com\/avatar\/9795a8b3afc7ed258d167a92dbb1075b37bab5bc83b1ac9182ff4f58c22040b8?s=96&d=mm&r=g","contentUrl":"https:\/\/secure.gravatar.com\/avatar\/9795a8b3afc7ed258d167a92dbb1075b37bab5bc83b1ac9182ff4f58c22040b8?s=96&d=mm&r=g","caption":"access4you"},"sameAs":["http:\/\/localhost\/access4you"],"url":"https:\/\/news.access4you.io\/en\/author\/access4you\/"}]}},"_links":{"self":[{"href":"https:\/\/news.access4you.io\/en\/wp-json\/wp\/v2\/posts\/4608","targetHints":{"allow":["GET"]}}],"collection":[{"href":"https:\/\/news.access4you.io\/en\/wp-json\/wp\/v2\/posts"}],"about":[{"href":"https:\/\/news.access4you.io\/en\/wp-json\/wp\/v2\/types\/post"}],"author":[{"embeddable":true,"href":"https:\/\/news.access4you.io\/en\/wp-json\/wp\/v2\/users\/1"}],"replies":[{"embeddable":true,"href":"https:\/\/news.access4you.io\/en\/wp-json\/wp\/v2\/comments?post=4608"}],"version-history":[{"count":0,"href":"https:\/\/news.access4you.io\/en\/wp-json\/wp\/v2\/posts\/4608\/revisions"}],"wp:featuredmedia":[{"embeddable":true,"href":"https:\/\/news.access4you.io\/en\/wp-json\/wp\/v2\/media\/4609"}],"wp:attachment":[{"href":"https:\/\/news.access4you.io\/en\/wp-json\/wp\/v2\/media?parent=4608"}],"wp:term":[{"taxonomy":"category","embeddable":true,"href":"https:\/\/news.access4you.io\/en\/wp-json\/wp\/v2\/categories?post=4608"},{"taxonomy":"post_tag","embeddable":true,"href":"https:\/\/news.access4you.io\/en\/wp-json\/wp\/v2\/tags?post=4608"}],"curies":[{"name":"wp","href":"https:\/\/api.w.org\/{rel}","templated":true}]}}