{"id":4614,"date":"2022-06-03T14:06:38","date_gmt":"2022-06-03T14:06:38","guid":{"rendered":"http:\/\/news.access4you.io\/?p=4614"},"modified":"2022-06-03T14:07:36","modified_gmt":"2022-06-03T14:07:36","slug":"ingyenes-gryllus-vilmos-barabas-lorinc-hoppal-mihaly-koncert-es-szines-programok-varjak-a-csaladokat-a-ligetben","status":"publish","type":"post","link":"https:\/\/news.access4you.io\/en\/2022\/06\/03\/ingyenes-gryllus-vilmos-barabas-lorinc-hoppal-mihaly-koncert-es-szines-programok-varjak-a-csaladokat-a-ligetben\/","title":{"rendered":"<strong>Ingyenes Gryllus Vilmos, Barab\u00e1s L\u0151rinc, Hopp\u00e1l Mih\u00e1ly koncert \u00e9s sz\u00ednes programok v\u00e1rj\u00e1k a csal\u00e1dokat a Ligetben<\/strong>"},"content":{"rendered":"<p><strong>\u201eT\u00e9gy egy l\u00e9p\u00e9st!\u201d Es\u00e9lyegyenl\u0151s\u00e9gi napok a v\u00e1rosligeti Millennium H\u00e1z\u00e1ban j\u00fanius 10-\u00e9n \u00e9s 11-\u00e9n<\/strong><\/p>\n\n\n\n<p><strong>Ingyenes Gryllus Vilmos, Barab\u00e1s L\u0151rinc, Hopp\u00e1l Mih\u00e1ly koncert, a Kl\u00e1risok mesezenekar \u00e9s a Julianna Gyermekk\u00f3rus \u00e9s neves paralimpiai bajnokaink is v\u00e1rj\u00e1k a csal\u00e1dokat j\u00fanius 11-\u00e9n, szombaton a T\u00e9gy egy l\u00e9p\u00e9st!\u201d Es\u00e9lyegyenl\u0151s\u00e9gi napok alkalm\u00e1b\u00f3l a v\u00e1rosligeti Millennium H\u00e1z\u00e1ban. A k\u00e9tnapos rendezv\u00e9nysorozat els\u0151 napj\u00e1n, j\u00fanius 10-\u00e9n, p\u00e9nteken az \u00d6sszefog\u00e1s a saj\u00e1tos nevel\u00e9si ig\u00e9ny\u0171 \u00e9s a tart\u00f3san beteg gyermekek\u00e9rt c\u00edm\u0171 tematikus napon a f\u0151v\u00e1rosi \u00e9s a vid\u00e9ki iskol\u00e1soknak szerveznek \u00e9rz\u00e9keny\u00edt\u0151 \u00e9s edukat\u00edv programokat.&nbsp; A T\u00e9gy egy l\u00e9p\u00e9st! \u2013 Es\u00e9lyegyenl\u0151s\u00e9gi napok a Liget Budapest Projekt keret\u00e9ben meg\u00fajult Millennium H\u00e1za \u00e9s a Bethesda Gyermekk\u00f3rh\u00e1z kezdem\u00e9nyez\u00e9s\u00e9re j\u00f6tt l\u00e9tre, a Mozg\u00e1sjav\u00edt\u00f3 EGYMI, a Vakok Iskol\u00e1ja, a<\/strong> <strong>Siketek \u00e9s Nagyothall\u00f3k Orsz\u00e1gos Sz\u00f6vets\u00e9ge \u00e9s a K\u00f3rh\u00e1zSuli egy\u00fcttm\u0171k\u00f6d\u00e9s\u00e9vel val\u00f3sul meg. Az esem\u00e9nysorozat f\u0151v\u00e9dn\u00f6ke F\u00fcl\u00f6p Attila, a Bel\u00fcgyminiszt\u00e9rium szoci\u00e1lis \u00fcgyek\u00e9rt felel\u0151s \u00e1llamtitk\u00e1ra.<\/strong><\/p>\n\n\n\n<p><strong>A \u201eT\u00e9gy egy l\u00e9p\u00e9st!\u201d Es\u00e9lyegyenl\u0151s\u00e9gi napok a v\u00e1rosligeti Millennium H\u00e1z\u00e1ban 2022. j\u00fanius 10-11-\u00e9n<\/strong> imm\u00e1r m\u00e1sodik alkalommal hozza \u00f6ssze a szakm\u00e1ban dolgoz\u00f3kat \u00e9s a csal\u00e1dokat: a saj\u00e1tos nevel\u00e9si ig\u00e9ny\u0171 gyermekekkel, tanul\u00f3kkal, valamint a beteg gyerekekkel foglalkoz\u00f3 int\u00e9zm\u00e9nyek megnyitj\u00e1k kapuikat \u00e9s v\u00e1ltozatos szeml\u00e9letform\u00e1l\u00f3 foglalkoz\u00e1sok keret\u00e9ben engednek bepillant\u00e1st a l\u00e1t\u00e1ss\u00e9r\u00fclt, a mozg\u00e1skorl\u00e1tozott, vagy \u00e9ppen beteg iskol\u00e1sok mindennapjaiba. A rendezv\u00e9nysorozat c\u00e9lja k\u00f6zelebb hozni egym\u00e1shoz az elt\u00e9r\u0151 helyzetben \u00e9l\u0151 gyermekeket: k\u00fcl\u00f6nb\u00f6z\u0151 tev\u00e9kenys\u00e9geken kereszt\u00fcl bepillant\u00e1st adni a saj\u00e1tos nevel\u00e9si ig\u00e9ny\u0171 \u00e9s tart\u00f3san beteg gyermekek mindennapjaiba. A kezdem\u00e9nyez\u0151 int\u00e9zm\u00e9nyek \u00edgy szeretn\u00e9k a t\u00f6bbs\u00e9gi t\u00e1rsadalom sz\u00e1m\u00e1ra is l\u00e1that\u00f3v\u00e1, megismerhet\u0151v\u00e9 tenni az \u00e9rintettek \u00e9let\u00e9t.<\/p>\n\n\n\n<p><strong>J\u00fanius 10-\u00e9n, p\u00e9nteken az esem\u00e9nyt szervez\u0151 int\u00e9zm\u00e9nyekbe \u2013 a Bethesda Gyermekk\u00f3rh\u00e1zba, Vakok Iskol\u00e1j\u00e1ba, a Mozg\u00e1sjav\u00edt\u00f3 EGYMI-be \u00e9s a K\u00f3rh\u00e1zSuliba &#8211; l\u00e1togatnak el f\u0151v\u00e1rosi \u00e9s vid\u00e9ki iskolai oszt\u00e1lyok<\/strong>, ahol a gyerekek megismerkedhetnek a Braille \u00edr\u00e1s alapjaival, megtudhatj\u00e1k milyen mozg\u00e1skorl\u00e1tozott iskol\u00e1snak lenni, vagy egy betegs\u00e9g k\u00f6vetkezm\u00e9nyeivel egy\u00fctt \u00e9lni. A Millennium H\u00e1z\u00e1ban pedig a Gyeng\u00e9nl\u00e1t\u00f3k M\u00f3dszertani Int\u00e9zm\u00e9nye \u00e9s a Hall\u00e1ss\u00e9r\u00fcltek M\u00f3dszertani Int\u00e9zm\u00e9nye tart szeml\u00e9letform\u00e1l\u00f3 foglalkoz\u00e1sokat.<\/p>\n\n\n\n<p><strong>J\u00fanius 11-\u00e9n, szombaton a csal\u00e1dokat v\u00e1rj\u00e1k a Millennium H\u00e1z\u00e1ban \u00e9s a parkban<\/strong>. Az ingyenes programok imm\u00e1r egy helysz\u00ednen, az esem\u00e9nynek otthont ad\u00f3, v\u00e1rosligeti Millennium H\u00e1z\u00e1ban \u00e9s k\u00f6r\u00e9 kitelep\u00fcl\u0151 int\u00e9zm\u00e9nyi pavilonokban zajlanak majd. A szervez\u0151 int\u00e9zm\u00e9nyek c\u00e9lkit\u0171z\u00e9s\u00e9t tov\u00e1bbi szakmai szervezetek t\u00e1mogatj\u00e1k, akik szint\u00e9n megtal\u00e1lhat\u00f3ak lesznek a helysz\u00ednen: a Fogyat\u00e9kosok Orsz\u00e1gos Di\u00e1k-, Verseny- \u00e9s Szabadid\u0151sport Sz\u00f6vets\u00e9ge (FODISZ), Vakok \u00e9s Gyeng\u00e9nl\u00e1t\u00f3k K\u00f6z\u00e9p-Magyarorsz\u00e1gi Region\u00e1lis Egyes\u00fclete (VGYKE), a Magyar Vakok \u00e9s Gyeng\u00e9nl\u00e1t\u00f3k Orsz\u00e1gos Sz\u00f6vets\u00e9ge (MVGYOSZ), a Siketek \u00e9s Nagyothall\u00f3k Orsz\u00e1gos Sz\u00f6vets\u00e9ge (SINOSZ), valamint betegjogi k\u00e9pvisel\u0151k. A szeml\u00e9letform\u00e1l\u00f3 programok mellett lesznek koncertek, meseel\u0151ad\u00e1sok, az alkot\u00f3 kedv\u0171eket pedig m\u0171v\u00e9szeti workshopok is v\u00e1rj\u00e1k.<\/p>\n\n\n\n<p><strong>A Millennium H\u00e1za parkj\u00e1ban a Nagysz\u00ednpadon j\u00fanius 11-\u00e9n, szombaton <\/strong>10 \u00f3rakor a<strong> Julianna Gyermekk\u00f3rus <\/strong>nyitja meg az es\u00e9lyegyenl\u0151s\u00e9gi csal\u00e1di napot, majd 11 \u00f3r\u00e1t\u00f3l<strong> Gryllus Vilmos nagykoncertj\u00e9n <\/strong>vehetnek r\u00e9szt a gyerekek. D\u00e9lt\u0151l <strong>Hajm\u00e1si \u00c9vi, Kiss P\u00e9ter P\u00e1l, B\u00e9lafi Szil\u00e1rd, Vincze G\u00e1bor paralimpikonokkal tal\u00e1lkozhatnak az \u00e9rdekl\u0151d\u0151k<\/strong>. Sportol\u00f3 b\u00fcszkes\u00e9geink kerekasztal-besz\u00e9lget\u00e9sen vesznek r\u00e9szt Urr Anita, a Magyar Paralimpiai Bizotts\u00e1g f\u0151titk\u00e1ra vezet\u00e9s\u00e9vel.&nbsp; A d\u00e9lut\u00e1ni programot 14 \u00f3r\u00e1t\u00f3l a <strong>Kl\u00e1risok mesezenekar<\/strong> koncertje nyitja meg, majd 15:30-t\u00f3l a <strong>Hopp\u00e1l Mih\u00e1ly Band<\/strong> koncertezik. 18 \u00f3r\u00e1t\u00f3l <strong>Barab\u00e1s L\u0151rinc jazztrombit\u00e1s gyermekkoncertje<\/strong> z\u00e1rja a napot a Nagysz\u00ednpadon.<\/p>\n\n\n\n<p>A <strong>Millennium H\u00e1z\u00e1ban \u00d6sv\u00e9nyeinken: Veled c\u00edmmel szeml\u00e9letform\u00e1l\u00f3 t\u00e1rlatvezet\u00e9s<\/strong> v\u00e1rja az \u00e9rdekl\u0151d\u0151ket. A ki\u00e1ll\u00edt\u00e1s egy f\u00e9l\u00e9ves munka eredm\u00e9nye, amely a Millennium H\u00e1za, a Moholy-Nagy M\u0171v\u00e9szeti Egyetem \u00e9s a Mozg\u00e1sjav\u00edt\u00f3 EGYMI \u00f6sszefog\u00e1s\u00e1val \u00e9s egy\u00fcttm\u0171k\u00f6d\u00e9s\u00e9ben, valamint a Magyar Paralimpia Bizotts\u00e1g t\u00e1mogat\u00e1s\u00e1val val\u00f3sulhatott meg. A ki\u00e1ll\u00edt\u00e1s c\u00e9lja, hogy a partnerint\u00e9zm\u00e9nyek t\u00e1rsadalmi felel\u0151ss\u00e9gv\u00e1llal\u00e1s\u00e1nak szellemis\u00e9g\u00e9ben sz\u00fcletett (\u00e1llom\u00e1sokon) ki\u00e1ll\u00edt\u00e1sokon kereszt\u00fcl bemutassa a mozg\u00e1skorl\u00e1tozott gyermekek mindennapjait, \u00e9s v\u00e9gig vezesse a l\u00e1togat\u00f3kat a gyerekek \u00e9letbe t\u00f6rt\u00e9n\u0151 kil\u00e9p\u00e9s\u00e9ig, \u00f6n\u00e1ll\u00f3s\u00e1guk megtal\u00e1l\u00e1s\u00e1ig.<\/p>\n\n\n\n<p>A <strong>Millennium H\u00e1za m\u0171v\u00e9szeti workshopjai <\/strong>keret\u00e9ben reptethet\u0151 pap\u00edrmad\u00e1r k\u00e9sz\u00edt\u00e9ssel \u00e9s szabadt\u00e9ri fest\u00e9ssel v\u00e1rj\u00e1k az \u00e9rdekl\u0151d\u0151ket: a szabadt\u00e9ri k\u00f6z\u00f6ss\u00e9gi \u00e9lm\u00e9ny sor\u00e1n egy nagy v\u00e1sznon k\u00f6z\u00f6s, l\u00e1tv\u00e1nyos alkot\u00e1s k\u00e9sz\u00fcl.<\/p>\n\n\n\n<p><strong>A Nagysz\u00ednpad mellett az int\u00e9zm\u00e9nyi s\u00e1trakban 10 \u00e9s 18 \u00f3ra k\u00f6z\u00f6tt sz\u00e1mos izgalmas \u00e9rz\u00e9keny\u00edt\u0151 foglalkoz\u00e1ssal k\u00e9sz\u00fclnek.<\/strong> A <strong>Bethesda Gyermekk\u00f3rh\u00e1z s\u00e1tr\u00e1ban<\/strong> a gyermekpszichi\u00e1tria keret\u00e9ben k\u00e9zm\u0171ves foglalkoz\u00e1sok v\u00e1rj\u00e1k a kicsiket, \u00e9rz\u00e9keny\u00edt\u0151 feladatok a nagyobbakat, \u00e9s lehet\u0151s\u00e9g ny\u00edlik arra, hogy a k\u00e9rdezzenek a szakemberekt\u0151l. A zeneter\u00e1pi\u00e1s hangf\u00fcrd\u0151 is lesz a r\u00e9sztvev\u0151knek, akik a zene erej\u00e9vel val\u00f3 gy\u00f3gyul\u00e1st tapasztalhatj\u00e1k. Az eg\u00e9szs\u00e9ges \u00e9letm\u00f3d keret\u00e9ben a helyes t\u00e1pl\u00e1lkoz\u00e1ssal kapcsolatban lehet majd t\u00e1j\u00e9koz\u00f3dni. A programon a betegjogi k\u00e9pviselet fontoss\u00e1g\u00e1r\u00f3l is k\u00e9pet kapnak a csal\u00e1dok, besz\u00e9lget\u00e9sen \u00e9s tan\u00e1csad\u00e1son vehetnek r\u00e9szt az Integr\u00e1lt Jogv\u00e9delmi Szolg\u00e1lat k\u00e9pvisel\u0151ivel betegjogr\u00f3l, ell\u00e1tott jogr\u00f3l, gyerekjogr\u00f3l.<\/p>\n\n\n\n<p>A <strong>Mozg\u00e1sjav\u00edt\u00f3 EGYMI \u00e9s FODISZ s\u00e1tr\u00e1ban<\/strong> kipr\u00f3b\u00e1lhatj\u00e1k, vajon milyen lehet kerekessz\u00e9kben legy\u0151zni az akad\u00e1lyokat, hogy \u00e1t\u00e9lhess\u00e9k, mi\u00e9rt is fontos az akad\u00e1lymentes k\u00f6rnyezet. V\u00e1rj\u00e1k az \u00e9rdekl\u0151d\u0151ket kooperat\u00edv \u00e9p\u00edt\u0151 j\u00e1t\u00e9kok is, amikor mindenkire sz\u00e1m\u00edtanak az \u00e9p\u00edtkez\u00e9s sor\u00e1n. Megismerhetik a boccia-t, a k\u00fcl\u00f6nleges paralimpiai sportot, ahol rendk\u00edv\u00fcl fontos a strat\u00e9giai gondolkod\u00e1s \u00e9s a kitart\u00f3 figyelem.<\/p>\n\n\n\n<p>A <strong>K\u00f3rh\u00e1zSuli Alap\u00edtv\u00e1ny s\u00e1tr\u00e1ban<\/strong> kreat\u00edv \u00f6nismereti j\u00e1t\u00e9kokkal k\u00e9sz\u00fclnek a kisebbeknek \u00e9s nagyobbaknak. <strong>Vakok Iskol\u00e1ja, a MVGYOSZ \u00e9s az VGYKE s\u00e1tr\u00e1ban<\/strong> a Braille-\u00edr\u00e1s alapjaival ismertetik meg a r\u00e9sztvev\u0151ket, akik kipr\u00f3b\u00e1lhatj\u00e1tok a Braille-\u00edr\u00f3g\u00e9pet. Lesz besz\u00e9l\u0151 seg\u00e9deszk\u00f6z bemutat\u00f3 \u00e9s k\u00f6zleked\u00e9s feh\u00e9rbottal: lefedett szemmel, illetve szimul\u00e1ci\u00f3s szem\u00fcvegekkel is kipr\u00f3b\u00e1lhatj\u00e1k az \u00e9rdekl\u0151d\u0151k a vakoknak k\u00e9sz\u00fclt t\u00e1rsasj\u00e1t\u00e9kokat \u00e9s a seg\u00e9deszk\u00f6z\u00f6ket. Megismerkedhetnek a csal\u00e1dok egy vakvezet\u0151kutya-gazda p\u00e1rossal, a l\u00e1t\u00e1ss\u00e9r\u00fclt gazda mes\u00e9lni fog arr\u00f3l, hogy a kutyussal egy\u00fctt hogyan is k\u00f6zlekednek, illetve milyenek a mindennapjaik. Lesz kirakod\u00f3v\u00e1s\u00e1r is, ahol a l\u00e1t\u00e1ss\u00e9r\u00fcltek \u00e1ltal k\u00e9sz\u00edtett k\u00e9zm\u0171ves term\u00e9keket lehet megvenni, hazavinni, elaj\u00e1nd\u00e9kozni.<\/p>\n\n\n\n<p>A <strong>Siketek \u00e9s Nagyothall\u00f3k Orsz\u00e1gos Sz\u00f6vets\u00e9ge s\u00e1tr\u00e1ban<\/strong> anim\u00e1torok k\u00f6zrem\u0171k\u00f6d\u00e9s\u00e9vel a legkisebb koroszt\u00e1lyt\u00f3l kezdve a kamaszokig j\u00e1t\u00e9kos form\u00e1ban tanulhatnak jelnyelvet a gyerekek. Megmutatj\u00e1k j\u00e1t\u00e9kos jelnyelvhaszn\u00e1latot, az \u00e1llatok jeleit, a j\u00e1rm\u0171vek jelei, \u00e9s jelel\u0151 szlenggy\u0171jtem\u00e9ny kamaszoknak. Megismerkedhetnek a r\u00e9szvev\u0151k a L\u00f3ci \u00e9s Bibe jelel c\u00edm\u0171 gyerekeknek sz\u00f3l\u00f3 jelnyelvi applik\u00e1ci\u00f3val. Siket gyermekek is seg\u00edtenek a jelnyelvtanul\u00e1sban az 5-10 \u00e9ves koroszt\u00e1lynak.<\/p>\n\n\n\n<p>Forr\u00e1s: Liget Budapest<\/p>","protected":false},"excerpt":{"rendered":"<p>\u201eT\u00e9gy egy l\u00e9p\u00e9st!\u201d Es\u00e9lyegyenl\u0151s\u00e9gi napok a v\u00e1rosligeti Millennium H\u00e1z\u00e1ban j\u00fanius 10-\u00e9n \u00e9s 11-\u00e9n Ingyenes Gryllus Vilmos, Barab\u00e1s L\u0151rinc, Hopp\u00e1l Mih\u00e1ly koncert, a Kl\u00e1risok mesezenekar \u00e9s a Julianna Gyermekk\u00f3rus \u00e9s neves paralimpiai bajnokaink is v\u00e1rj\u00e1k a csal\u00e1dokat j\u00fanius 11-\u00e9n, szombaton a T\u00e9gy egy l\u00e9p\u00e9st!\u201d Es\u00e9lyegyenl\u0151s\u00e9gi napok alkalm\u00e1b\u00f3l a v\u00e1rosligeti Millennium H\u00e1z\u00e1ban. A k\u00e9tnapos rendezv\u00e9nysorozat els\u0151 napj\u00e1n, [&hellip;]<\/p>","protected":false},"author":1,"featured_media":4615,"comment_status":"closed","ping_status":"closed","sticky":false,"template":"","format":"standard","meta":{"footnotes":""},"categories":[74,10],"tags":[],"class_list":["post-4614","post","type-post","status-publish","format-standard","has-post-thumbnail","hentry","category-szivugyunk","category-blog"],"yoast_head":"<!-- This site is optimized with the Yoast SEO plugin v23.8 - https:\/\/yoast.com\/wordpress\/plugins\/seo\/ -->\n<title>Ingyenes Gryllus Vilmos, Barab\u00e1s L\u0151rinc, Hopp\u00e1l Mih\u00e1ly koncert \u00e9s sz\u00ednes programok v\u00e1rj\u00e1k a csal\u00e1dokat a Ligetben - Access4you H\u00edrek<\/title>\n<meta name=\"description\" content=\"\u201eT\u00e9gy egy l\u00e9p\u00e9st!\u201d Es\u00e9lyegyenl\u0151s\u00e9gi napok a v\u00e1rosligeti Millennium H\u00e1z\u00e1ban j\u00fanius 10-\u00e9n \u00e9s 11-\u00e9n\" \/>\n<meta name=\"robots\" content=\"index, follow, max-snippet:-1, max-image-preview:large, max-video-preview:-1\" \/>\n<link rel=\"canonical\" href=\"https:\/\/news.access4you.io\/en\/2022\/06\/03\/ingyenes-gryllus-vilmos-barabas-lorinc-hoppal-mihaly-koncert-es-szines-programok-varjak-a-csaladokat-a-ligetben\/\" \/>\n<meta property=\"og:locale\" content=\"en_US\" \/>\n<meta property=\"og:type\" content=\"article\" \/>\n<meta property=\"og:title\" content=\"Ingyenes Gryllus Vilmos, Barab\u00e1s L\u0151rinc, Hopp\u00e1l Mih\u00e1ly koncert \u00e9s sz\u00ednes programok v\u00e1rj\u00e1k a csal\u00e1dokat a Ligetben - Access4you H\u00edrek\" \/>\n<meta property=\"og:description\" content=\"\u201eT\u00e9gy egy l\u00e9p\u00e9st!\u201d Es\u00e9lyegyenl\u0151s\u00e9gi napok a v\u00e1rosligeti Millennium H\u00e1z\u00e1ban j\u00fanius 10-\u00e9n \u00e9s 11-\u00e9n\" \/>\n<meta property=\"og:url\" content=\"https:\/\/news.access4you.io\/en\/2022\/06\/03\/ingyenes-gryllus-vilmos-barabas-lorinc-hoppal-mihaly-koncert-es-szines-programok-varjak-a-csaladokat-a-ligetben\/\" \/>\n<meta property=\"og:site_name\" content=\"Access4you H\u00edrek\" \/>\n<meta property=\"article:published_time\" content=\"2022-06-03T14:06:38+00:00\" \/>\n<meta property=\"article:modified_time\" content=\"2022-06-03T14:07:36+00:00\" \/>\n<meta property=\"og:image\" content=\"https:\/\/news.access4you.io\/wp-content\/uploads\/2022\/06\/esely.jpg\" \/>\n\t<meta property=\"og:image:width\" content=\"2048\" \/>\n\t<meta property=\"og:image:height\" content=\"1363\" \/>\n\t<meta property=\"og:image:type\" content=\"image\/jpeg\" \/>\n<meta name=\"author\" content=\"access4you\" \/>\n<meta name=\"twitter:card\" content=\"summary_large_image\" \/>\n<meta name=\"twitter:label1\" content=\"Written by\" \/>\n\t<meta name=\"twitter:data1\" content=\"access4you\" \/>\n\t<meta name=\"twitter:label2\" content=\"Est. reading time\" \/>\n\t<meta name=\"twitter:data2\" content=\"5 minutes\" \/>\n<script type=\"application\/ld+json\" class=\"yoast-schema-graph\">{\"@context\":\"https:\/\/schema.org\",\"@graph\":[{\"@type\":\"Article\",\"@id\":\"https:\/\/news.access4you.io\/2022\/06\/03\/ingyenes-gryllus-vilmos-barabas-lorinc-hoppal-mihaly-koncert-es-szines-programok-varjak-a-csaladokat-a-ligetben\/#article\",\"isPartOf\":{\"@id\":\"https:\/\/news.access4you.io\/2022\/06\/03\/ingyenes-gryllus-vilmos-barabas-lorinc-hoppal-mihaly-koncert-es-szines-programok-varjak-a-csaladokat-a-ligetben\/\"},\"author\":{\"name\":\"access4you\",\"@id\":\"https:\/\/news.access4you.io\/#\/schema\/person\/cb4fff088aa5f5f43a6f4ce3a1e2e084\"},\"headline\":\"Ingyenes Gryllus Vilmos, Barab\u00e1s L\u0151rinc, Hopp\u00e1l Mih\u00e1ly koncert \u00e9s sz\u00ednes programok v\u00e1rj\u00e1k a csal\u00e1dokat a Ligetben\",\"datePublished\":\"2022-06-03T14:06:38+00:00\",\"dateModified\":\"2022-06-03T14:07:36+00:00\",\"mainEntityOfPage\":{\"@id\":\"https:\/\/news.access4you.io\/2022\/06\/03\/ingyenes-gryllus-vilmos-barabas-lorinc-hoppal-mihaly-koncert-es-szines-programok-varjak-a-csaladokat-a-ligetben\/\"},\"wordCount\":1512,\"publisher\":{\"@id\":\"https:\/\/news.access4you.io\/#organization\"},\"image\":{\"@id\":\"https:\/\/news.access4you.io\/2022\/06\/03\/ingyenes-gryllus-vilmos-barabas-lorinc-hoppal-mihaly-koncert-es-szines-programok-varjak-a-csaladokat-a-ligetben\/#primaryimage\"},\"thumbnailUrl\":\"https:\/\/news.access4you.io\/wp-content\/uploads\/2022\/06\/esely.jpg\",\"articleSection\":[\"Sz\u00edv\u00fcgy\u00fcnk\",\"Blog\"],\"inLanguage\":\"en-US\"},{\"@type\":\"WebPage\",\"@id\":\"https:\/\/news.access4you.io\/2022\/06\/03\/ingyenes-gryllus-vilmos-barabas-lorinc-hoppal-mihaly-koncert-es-szines-programok-varjak-a-csaladokat-a-ligetben\/\",\"url\":\"https:\/\/news.access4you.io\/2022\/06\/03\/ingyenes-gryllus-vilmos-barabas-lorinc-hoppal-mihaly-koncert-es-szines-programok-varjak-a-csaladokat-a-ligetben\/\",\"name\":\"Ingyenes Gryllus Vilmos, Barab\u00e1s L\u0151rinc, Hopp\u00e1l Mih\u00e1ly koncert \u00e9s sz\u00ednes programok v\u00e1rj\u00e1k a csal\u00e1dokat a Ligetben - Access4you H\u00edrek\",\"isPartOf\":{\"@id\":\"https:\/\/news.access4you.io\/#website\"},\"primaryImageOfPage\":{\"@id\":\"https:\/\/news.access4you.io\/2022\/06\/03\/ingyenes-gryllus-vilmos-barabas-lorinc-hoppal-mihaly-koncert-es-szines-programok-varjak-a-csaladokat-a-ligetben\/#primaryimage\"},\"image\":{\"@id\":\"https:\/\/news.access4you.io\/2022\/06\/03\/ingyenes-gryllus-vilmos-barabas-lorinc-hoppal-mihaly-koncert-es-szines-programok-varjak-a-csaladokat-a-ligetben\/#primaryimage\"},\"thumbnailUrl\":\"https:\/\/news.access4you.io\/wp-content\/uploads\/2022\/06\/esely.jpg\",\"datePublished\":\"2022-06-03T14:06:38+00:00\",\"dateModified\":\"2022-06-03T14:07:36+00:00\",\"description\":\"\u201eT\u00e9gy egy l\u00e9p\u00e9st!\u201d Es\u00e9lyegyenl\u0151s\u00e9gi napok a v\u00e1rosligeti Millennium H\u00e1z\u00e1ban j\u00fanius 10-\u00e9n \u00e9s 11-\u00e9n\",\"breadcrumb\":{\"@id\":\"https:\/\/news.access4you.io\/2022\/06\/03\/ingyenes-gryllus-vilmos-barabas-lorinc-hoppal-mihaly-koncert-es-szines-programok-varjak-a-csaladokat-a-ligetben\/#breadcrumb\"},\"inLanguage\":\"en-US\",\"potentialAction\":[{\"@type\":\"ReadAction\",\"target\":[\"https:\/\/news.access4you.io\/2022\/06\/03\/ingyenes-gryllus-vilmos-barabas-lorinc-hoppal-mihaly-koncert-es-szines-programok-varjak-a-csaladokat-a-ligetben\/\"]}]},{\"@type\":\"ImageObject\",\"inLanguage\":\"en-US\",\"@id\":\"https:\/\/news.access4you.io\/2022\/06\/03\/ingyenes-gryllus-vilmos-barabas-lorinc-hoppal-mihaly-koncert-es-szines-programok-varjak-a-csaladokat-a-ligetben\/#primaryimage\",\"url\":\"https:\/\/news.access4you.io\/wp-content\/uploads\/2022\/06\/esely.jpg\",\"contentUrl\":\"https:\/\/news.access4you.io\/wp-content\/uploads\/2022\/06\/esely.jpg\",\"width\":2048,\"height\":1363},{\"@type\":\"BreadcrumbList\",\"@id\":\"https:\/\/news.access4you.io\/2022\/06\/03\/ingyenes-gryllus-vilmos-barabas-lorinc-hoppal-mihaly-koncert-es-szines-programok-varjak-a-csaladokat-a-ligetben\/#breadcrumb\",\"itemListElement\":[{\"@type\":\"ListItem\",\"position\":1,\"name\":\"Kezd\u0151lap\",\"item\":\"https:\/\/news.access4you.io\/\"},{\"@type\":\"ListItem\",\"position\":2,\"name\":\"Ingyenes Gryllus Vilmos, Barab\u00e1s L\u0151rinc, Hopp\u00e1l Mih\u00e1ly koncert \u00e9s sz\u00ednes programok v\u00e1rj\u00e1k a csal\u00e1dokat a Ligetben\"}]},{\"@type\":\"WebSite\",\"@id\":\"https:\/\/news.access4you.io\/#website\",\"url\":\"https:\/\/news.access4you.io\/\",\"name\":\"Access4you H\u00edrek\",\"description\":\"\",\"publisher\":{\"@id\":\"https:\/\/news.access4you.io\/#organization\"},\"potentialAction\":[{\"@type\":\"SearchAction\",\"target\":{\"@type\":\"EntryPoint\",\"urlTemplate\":\"https:\/\/news.access4you.io\/?s={search_term_string}\"},\"query-input\":{\"@type\":\"PropertyValueSpecification\",\"valueRequired\":true,\"valueName\":\"search_term_string\"}}],\"inLanguage\":\"en-US\"},{\"@type\":\"Organization\",\"@id\":\"https:\/\/news.access4you.io\/#organization\",\"name\":\"Access4you H\u00edrek\",\"url\":\"https:\/\/news.access4you.io\/\",\"logo\":{\"@type\":\"ImageObject\",\"inLanguage\":\"en-US\",\"@id\":\"https:\/\/news.access4you.io\/#\/schema\/logo\/image\/\",\"url\":\"https:\/\/news.access4you.io\/wp-content\/uploads\/2021\/01\/a4u-logo-black.png\",\"contentUrl\":\"https:\/\/news.access4you.io\/wp-content\/uploads\/2021\/01\/a4u-logo-black.png\",\"width\":726,\"height\":454,\"caption\":\"Access4you H\u00edrek\"},\"image\":{\"@id\":\"https:\/\/news.access4you.io\/#\/schema\/logo\/image\/\"}},{\"@type\":\"Person\",\"@id\":\"https:\/\/news.access4you.io\/#\/schema\/person\/cb4fff088aa5f5f43a6f4ce3a1e2e084\",\"name\":\"access4you\",\"image\":{\"@type\":\"ImageObject\",\"inLanguage\":\"en-US\",\"@id\":\"https:\/\/news.access4you.io\/#\/schema\/person\/image\/\",\"url\":\"https:\/\/secure.gravatar.com\/avatar\/9795a8b3afc7ed258d167a92dbb1075b37bab5bc83b1ac9182ff4f58c22040b8?s=96&d=mm&r=g\",\"contentUrl\":\"https:\/\/secure.gravatar.com\/avatar\/9795a8b3afc7ed258d167a92dbb1075b37bab5bc83b1ac9182ff4f58c22040b8?s=96&d=mm&r=g\",\"caption\":\"access4you\"},\"sameAs\":[\"http:\/\/localhost\/access4you\"],\"url\":\"https:\/\/news.access4you.io\/en\/author\/access4you\/\"}]}<\/script>\n<!-- \/ Yoast SEO plugin. -->","yoast_head_json":{"title":"Ingyenes Gryllus Vilmos, Barab\u00e1s L\u0151rinc, Hopp\u00e1l Mih\u00e1ly koncert \u00e9s sz\u00ednes programok v\u00e1rj\u00e1k a csal\u00e1dokat a Ligetben - Access4you H\u00edrek","description":"\u201eT\u00e9gy egy l\u00e9p\u00e9st!\u201d Es\u00e9lyegyenl\u0151s\u00e9gi napok a v\u00e1rosligeti Millennium H\u00e1z\u00e1ban j\u00fanius 10-\u00e9n \u00e9s 11-\u00e9n","robots":{"index":"index","follow":"follow","max-snippet":"max-snippet:-1","max-image-preview":"max-image-preview:large","max-video-preview":"max-video-preview:-1"},"canonical":"https:\/\/news.access4you.io\/en\/2022\/06\/03\/ingyenes-gryllus-vilmos-barabas-lorinc-hoppal-mihaly-koncert-es-szines-programok-varjak-a-csaladokat-a-ligetben\/","og_locale":"en_US","og_type":"article","og_title":"Ingyenes Gryllus Vilmos, Barab\u00e1s L\u0151rinc, Hopp\u00e1l Mih\u00e1ly koncert \u00e9s sz\u00ednes programok v\u00e1rj\u00e1k a csal\u00e1dokat a Ligetben - Access4you H\u00edrek","og_description":"\u201eT\u00e9gy egy l\u00e9p\u00e9st!\u201d Es\u00e9lyegyenl\u0151s\u00e9gi napok a v\u00e1rosligeti Millennium H\u00e1z\u00e1ban j\u00fanius 10-\u00e9n \u00e9s 11-\u00e9n","og_url":"https:\/\/news.access4you.io\/en\/2022\/06\/03\/ingyenes-gryllus-vilmos-barabas-lorinc-hoppal-mihaly-koncert-es-szines-programok-varjak-a-csaladokat-a-ligetben\/","og_site_name":"Access4you H\u00edrek","article_published_time":"2022-06-03T14:06:38+00:00","article_modified_time":"2022-06-03T14:07:36+00:00","og_image":[{"width":2048,"height":1363,"url":"https:\/\/news.access4you.io\/wp-content\/uploads\/2022\/06\/esely.jpg","type":"image\/jpeg"}],"author":"access4you","twitter_card":"summary_large_image","twitter_misc":{"Written by":"access4you","Est. reading time":"5 minutes"},"schema":{"@context":"https:\/\/schema.org","@graph":[{"@type":"Article","@id":"https:\/\/news.access4you.io\/2022\/06\/03\/ingyenes-gryllus-vilmos-barabas-lorinc-hoppal-mihaly-koncert-es-szines-programok-varjak-a-csaladokat-a-ligetben\/#article","isPartOf":{"@id":"https:\/\/news.access4you.io\/2022\/06\/03\/ingyenes-gryllus-vilmos-barabas-lorinc-hoppal-mihaly-koncert-es-szines-programok-varjak-a-csaladokat-a-ligetben\/"},"author":{"name":"access4you","@id":"https:\/\/news.access4you.io\/#\/schema\/person\/cb4fff088aa5f5f43a6f4ce3a1e2e084"},"headline":"Ingyenes Gryllus Vilmos, Barab\u00e1s L\u0151rinc, Hopp\u00e1l Mih\u00e1ly koncert \u00e9s sz\u00ednes programok v\u00e1rj\u00e1k a csal\u00e1dokat a Ligetben","datePublished":"2022-06-03T14:06:38+00:00","dateModified":"2022-06-03T14:07:36+00:00","mainEntityOfPage":{"@id":"https:\/\/news.access4you.io\/2022\/06\/03\/ingyenes-gryllus-vilmos-barabas-lorinc-hoppal-mihaly-koncert-es-szines-programok-varjak-a-csaladokat-a-ligetben\/"},"wordCount":1512,"publisher":{"@id":"https:\/\/news.access4you.io\/#organization"},"image":{"@id":"https:\/\/news.access4you.io\/2022\/06\/03\/ingyenes-gryllus-vilmos-barabas-lorinc-hoppal-mihaly-koncert-es-szines-programok-varjak-a-csaladokat-a-ligetben\/#primaryimage"},"thumbnailUrl":"https:\/\/news.access4you.io\/wp-content\/uploads\/2022\/06\/esely.jpg","articleSection":["Sz\u00edv\u00fcgy\u00fcnk","Blog"],"inLanguage":"en-US"},{"@type":"WebPage","@id":"https:\/\/news.access4you.io\/2022\/06\/03\/ingyenes-gryllus-vilmos-barabas-lorinc-hoppal-mihaly-koncert-es-szines-programok-varjak-a-csaladokat-a-ligetben\/","url":"https:\/\/news.access4you.io\/2022\/06\/03\/ingyenes-gryllus-vilmos-barabas-lorinc-hoppal-mihaly-koncert-es-szines-programok-varjak-a-csaladokat-a-ligetben\/","name":"Ingyenes Gryllus Vilmos, Barab\u00e1s L\u0151rinc, Hopp\u00e1l Mih\u00e1ly koncert \u00e9s sz\u00ednes programok v\u00e1rj\u00e1k a csal\u00e1dokat a Ligetben - Access4you H\u00edrek","isPartOf":{"@id":"https:\/\/news.access4you.io\/#website"},"primaryImageOfPage":{"@id":"https:\/\/news.access4you.io\/2022\/06\/03\/ingyenes-gryllus-vilmos-barabas-lorinc-hoppal-mihaly-koncert-es-szines-programok-varjak-a-csaladokat-a-ligetben\/#primaryimage"},"image":{"@id":"https:\/\/news.access4you.io\/2022\/06\/03\/ingyenes-gryllus-vilmos-barabas-lorinc-hoppal-mihaly-koncert-es-szines-programok-varjak-a-csaladokat-a-ligetben\/#primaryimage"},"thumbnailUrl":"https:\/\/news.access4you.io\/wp-content\/uploads\/2022\/06\/esely.jpg","datePublished":"2022-06-03T14:06:38+00:00","dateModified":"2022-06-03T14:07:36+00:00","description":"\u201eT\u00e9gy egy l\u00e9p\u00e9st!\u201d Es\u00e9lyegyenl\u0151s\u00e9gi napok a v\u00e1rosligeti Millennium H\u00e1z\u00e1ban j\u00fanius 10-\u00e9n \u00e9s 11-\u00e9n","breadcrumb":{"@id":"https:\/\/news.access4you.io\/2022\/06\/03\/ingyenes-gryllus-vilmos-barabas-lorinc-hoppal-mihaly-koncert-es-szines-programok-varjak-a-csaladokat-a-ligetben\/#breadcrumb"},"inLanguage":"en-US","potentialAction":[{"@type":"ReadAction","target":["https:\/\/news.access4you.io\/2022\/06\/03\/ingyenes-gryllus-vilmos-barabas-lorinc-hoppal-mihaly-koncert-es-szines-programok-varjak-a-csaladokat-a-ligetben\/"]}]},{"@type":"ImageObject","inLanguage":"en-US","@id":"https:\/\/news.access4you.io\/2022\/06\/03\/ingyenes-gryllus-vilmos-barabas-lorinc-hoppal-mihaly-koncert-es-szines-programok-varjak-a-csaladokat-a-ligetben\/#primaryimage","url":"https:\/\/news.access4you.io\/wp-content\/uploads\/2022\/06\/esely.jpg","contentUrl":"https:\/\/news.access4you.io\/wp-content\/uploads\/2022\/06\/esely.jpg","width":2048,"height":1363},{"@type":"BreadcrumbList","@id":"https:\/\/news.access4you.io\/2022\/06\/03\/ingyenes-gryllus-vilmos-barabas-lorinc-hoppal-mihaly-koncert-es-szines-programok-varjak-a-csaladokat-a-ligetben\/#breadcrumb","itemListElement":[{"@type":"ListItem","position":1,"name":"Kezd\u0151lap","item":"https:\/\/news.access4you.io\/"},{"@type":"ListItem","position":2,"name":"Ingyenes Gryllus Vilmos, Barab\u00e1s L\u0151rinc, Hopp\u00e1l Mih\u00e1ly koncert \u00e9s sz\u00ednes programok v\u00e1rj\u00e1k a csal\u00e1dokat a Ligetben"}]},{"@type":"WebSite","@id":"https:\/\/news.access4you.io\/#website","url":"https:\/\/news.access4you.io\/","name":"Access4you H\u00edrek","description":"","publisher":{"@id":"https:\/\/news.access4you.io\/#organization"},"potentialAction":[{"@type":"SearchAction","target":{"@type":"EntryPoint","urlTemplate":"https:\/\/news.access4you.io\/?s={search_term_string}"},"query-input":{"@type":"PropertyValueSpecification","valueRequired":true,"valueName":"search_term_string"}}],"inLanguage":"en-US"},{"@type":"Organization","@id":"https:\/\/news.access4you.io\/#organization","name":"Access4you H\u00edrek","url":"https:\/\/news.access4you.io\/","logo":{"@type":"ImageObject","inLanguage":"en-US","@id":"https:\/\/news.access4you.io\/#\/schema\/logo\/image\/","url":"https:\/\/news.access4you.io\/wp-content\/uploads\/2021\/01\/a4u-logo-black.png","contentUrl":"https:\/\/news.access4you.io\/wp-content\/uploads\/2021\/01\/a4u-logo-black.png","width":726,"height":454,"caption":"Access4you H\u00edrek"},"image":{"@id":"https:\/\/news.access4you.io\/#\/schema\/logo\/image\/"}},{"@type":"Person","@id":"https:\/\/news.access4you.io\/#\/schema\/person\/cb4fff088aa5f5f43a6f4ce3a1e2e084","name":"access4you","image":{"@type":"ImageObject","inLanguage":"en-US","@id":"https:\/\/news.access4you.io\/#\/schema\/person\/image\/","url":"https:\/\/secure.gravatar.com\/avatar\/9795a8b3afc7ed258d167a92dbb1075b37bab5bc83b1ac9182ff4f58c22040b8?s=96&d=mm&r=g","contentUrl":"https:\/\/secure.gravatar.com\/avatar\/9795a8b3afc7ed258d167a92dbb1075b37bab5bc83b1ac9182ff4f58c22040b8?s=96&d=mm&r=g","caption":"access4you"},"sameAs":["http:\/\/localhost\/access4you"],"url":"https:\/\/news.access4you.io\/en\/author\/access4you\/"}]}},"_links":{"self":[{"href":"https:\/\/news.access4you.io\/en\/wp-json\/wp\/v2\/posts\/4614","targetHints":{"allow":["GET"]}}],"collection":[{"href":"https:\/\/news.access4you.io\/en\/wp-json\/wp\/v2\/posts"}],"about":[{"href":"https:\/\/news.access4you.io\/en\/wp-json\/wp\/v2\/types\/post"}],"author":[{"embeddable":true,"href":"https:\/\/news.access4you.io\/en\/wp-json\/wp\/v2\/users\/1"}],"replies":[{"embeddable":true,"href":"https:\/\/news.access4you.io\/en\/wp-json\/wp\/v2\/comments?post=4614"}],"version-history":[{"count":0,"href":"https:\/\/news.access4you.io\/en\/wp-json\/wp\/v2\/posts\/4614\/revisions"}],"wp:featuredmedia":[{"embeddable":true,"href":"https:\/\/news.access4you.io\/en\/wp-json\/wp\/v2\/media\/4615"}],"wp:attachment":[{"href":"https:\/\/news.access4you.io\/en\/wp-json\/wp\/v2\/media?parent=4614"}],"wp:term":[{"taxonomy":"category","embeddable":true,"href":"https:\/\/news.access4you.io\/en\/wp-json\/wp\/v2\/categories?post=4614"},{"taxonomy":"post_tag","embeddable":true,"href":"https:\/\/news.access4you.io\/en\/wp-json\/wp\/v2\/tags?post=4614"}],"curies":[{"name":"wp","href":"https:\/\/api.w.org\/{rel}","templated":true}]}}