{"id":4634,"date":"2022-07-28T13:30:15","date_gmt":"2022-07-28T13:30:15","guid":{"rendered":"http:\/\/news.access4you.io\/?p=4634"},"modified":"2022-07-28T14:05:50","modified_gmt":"2022-07-28T14:05:50","slug":"az-esg-minositesekrol-erthetoen-az-akadalymentes-kornyezet-is-szempont","status":"publish","type":"post","link":"https:\/\/news.access4you.io\/en\/2022\/07\/28\/az-esg-minositesekrol-erthetoen-az-akadalymentes-kornyezet-is-szempont\/","title":{"rendered":"Az ESG min\u0151s\u00edt\u00e9sekr\u0151l \u00e9rthet\u0151en. Az akad\u00e1lymentes k\u00f6rnyezet is szempont."},"content":{"rendered":"<p style=\"font-size:25px\"><strong>Hogyan k\u00e9sz\u00fcl el egy v\u00e1llalat ESG besorol\u00e1sa? Ki sz\u00e1m\u00edt \u00e9lenj\u00e1r\u00f3nak vagy lemarad\u00f3nak? Hogyan jav\u00edtja az eredm\u00e9nyt az akad\u00e1lymentes k\u00f6rnyezet?<\/strong><\/p>\n\n\n\n<p>Vannak a p\u00e9nz\u00fcgyi m\u00e9r\u0151sz\u00e1mokon is t\u00falmutat\u00f3 param\u00e9terei egy v\u00e1llalat siker\u00e9nek \u00e9s fenntarthat\u00f3s\u00e1g\u00e1nak. A befektet\u0151k egyre jobban figyelik az ESG-besorol\u00e1sokat, mik\u00f6zben az is igaz, hogy ma m\u00e9g el\u00e9gg\u00e9 sokf\u00e9le mutat\u00f3sz\u00e1m l\u00e9tezik, \u00e9s vannak m\u00e9g az \u00f6kosziszt\u00e9m\u00e1nak gyermekbetegs\u00e9gei is.<\/p>\n\n\n\n<p>Az ESG (environmental, social, governance) angol r\u00f6vid\u00edt\u00e9st \u00e9s annak jelent\u00e9s\u00e9t \u201ealapfokon\u201d a gazdas\u00e1gi szakemberek t\u00f6bbs\u00e9ge m\u00e1r val\u00f3sz\u00edn\u0171leg ismeri. Egyre elterjedtebb azonban a k\u00f6znyelvben is, hiszen alapvet\u0151 emberi \u00e9rt\u00e9kek vannak a bet\u0171k m\u00f6g\u00f6tt: Vigy\u00e1zzunk a k\u00f6rnyezet\u00fcnkre (E), legy\u00fcnk \u00e9rz\u00e9kenyek azok kih\u00edv\u00e1saira, akiknek nehezebb a meg\u00e9lhet\u00e9s, a mozg\u00e1s, a t\u00e1j\u00e9koz\u00f3d\u00e1s (S), illetve harcoljunk a korrupci\u00f3, illetve az igazs\u00e1gtalans\u00e1g ellen (G).<\/p>\n\n\n\n<p class=\"has-medium-font-size\"><strong>Mind t\u00f6bben v\u00e1rj\u00e1k el<\/strong><\/p>\n\n\n\n<p>A bet\u0171kben megjelen\u0151 fenntarthat\u00f3s\u00e1g \u00e9s normalit\u00e1st elkezdt\u00e9k a befektet\u0151k is komolyan venni. Olyan t\u00e9nyez\u0151k kapnak egyre nagyobb hangs\u00falyt egy-egy v\u00e1llalat meg\u00edt\u00e9l\u00e9s\u00e9ben, amelyek m\u00e1r nem olvashat\u00f3k ki a p\u00e9nz\u00fcgyi riportokb\u00f3l, a m\u00e9rlegekb\u0151l \u00e9s az eredm\u00e9ny-kimutat\u00e1sokb\u00f3l, ugyanakkor az invesztorok m\u00e9gis k\u00e9pet szeretn\u00e9nek kapni a v\u00e1llalatokr\u00f3l. Hiszen tudj\u00e1k, hogy a gyeng\u00e9bb ESG-mutat\u00f3val rendelkez\u0151 c\u00e9g nagyobb kock\u00e1zatot jelent, amely c\u00e9gnek viszont j\u00f3 a mutat\u00f3ja, annak kedvez\u0151bb a j\u00f6v\u0151k\u00e9pess\u00e9ge.<\/p>\n\n\n\n<p>Nem t\u00falz\u00e1s \u00fagy fogalmazni, hogy ezek a meghat\u00e1roz\u00e1sok \u00e9vente ak\u00e1r t\u00f6bb milli\u00e1rd doll\u00e1rnyi befektet\u00e9s sors\u00e1t hat\u00e1rozhatj\u00e1k meg, de a min\u0151s\u00edt\u00e9seket az \u00e1ll\u00e1skeres\u0151k, az \u00fczleti partnerek, vagy az \u00fcgyfelek is haszn\u00e1lhatj\u00e1k, s\u0151t, ak\u00e1r maguk a min\u0151s\u00edtett v\u00e1llalatok is tanulhatnak bel\u0151l\u00fck, hiszen az objekt\u00edv visszajelz\u00e9s seg\u00edt meg\u00e9rteni a c\u00e9g er\u0151ss\u00e9geit, gyenges\u00e9geit, ahogy kock\u00e1zatokat \u00e9s lehet\u0151s\u00e9geket is azonos\u00edt.<\/p>\n\n\n\n<p class=\"has-medium-font-size\"><strong>Berobbant a d\u00f6nt\u00e9sel\u0151k\u00e9sz\u00edt\u00e9sbe<\/strong><\/p>\n\n\n\n<p>A kifejezetten befektet\u00e9sekre szakosod\u00f3 int\u00e9zm\u00e9nyek, az alapkezel\u0151k, a nyugd\u00edjp\u00e9nzt\u00e1rak, a biztos\u00edt\u00f3i tartal\u00e9kok befektet\u0151i ma m\u00e1r nem is hozhatn\u00e1nak felel\u0151s d\u00f6nt\u00e9st, ha nem t\u00e1maszkodn\u00e1nak ESG-pontsz\u00e1mokra is.<\/p>\n\n\n\n<p>Igen \u00e1m, de ha ez ilyen fontos, akkor nyilv\u00e1n az is l\u00e9nyeges, hogy mely mutat\u00f3k fejezik ki megfelel\u0151en a helyzetet? Hiszen amikor adott orsz\u00e1g sz\u00e1mviteli rendszer\u00e9ben l\u00e1tjuk, hogy mekkora a c\u00e9g elad\u00f3sodotts\u00e1ga, j\u00f6vedelmez\u0151s\u00e9ge, mekkora a forgalma, EBITDA-ja, ad\u00f3zott nyeres\u00e9ge, vagy osztal\u00e9ka, akkor nagyj\u00e1b\u00f3l ugyanarra gondolhatunk. De melyik a j\u00f3 \u00e9s objekt\u00edv ESG-pontsz\u00e1m, \u00e9s egy\u00e1ltal\u00e1n mi a c\u00e9lja egy ilyen sz\u00e1mnak?<\/p>\n\n\n\n<p>Az ESG-pontsz\u00e1m azt szeretn\u00e9 megm\u00e9rni, hogy az adott v\u00e1llalat milyen hossz\u00fa t\u00e1v\u00fa kock\u00e1zatoknak van kit\u00e9ve a k\u00f6rnyezetv\u00e9delmi, a t\u00e1rsadalmi \u00e9s a v\u00e1llalatir\u00e1ny\u00edt\u00e1si feladatai ment\u00e9n, mennyire felk\u00e9sz\u00fclten tud megfelelni a t\u00e1rsas\u00e1g a szab\u00e1lyoz\u00f3k \u00e9s a t\u00e1rsadalom jelenlegi \u00e9s j\u00f6v\u0151beli elv\u00e1r\u00e1sainak.<\/p>\n\n\n\n<p>Aligha meglep\u0151, hogy a magas pontsz\u00e1m, vagyis az er\u0151s ESG-besorol\u00e1s azt jelzi, hogy a v\u00e1llalat j\u00f3l kezeli ezeket a kock\u00e1zatokat a mez\u0151nyh\u00f6z k\u00e9pest (hiszen nagyon fontos, hogy ez egy relat\u00edv pontsz\u00e1m, m\u00e1s c\u00e9geknek is van pontsz\u00e1ma), m\u00edg az alacsony besorol\u00e1s azt mutatja, hogy a v\u00e1llalat m\u00e9g lemarad\u00f3 az \u00e1gazati \u00e1tlaghoz k\u00e9pest, sok a m\u00e9g nem megfelel\u0151en kezelt kock\u00e1zata.<\/p>\n\n\n\n<p class=\"has-medium-font-size\"><strong>Mutat\u00f3k k\u00edn\u00e1lata<\/strong><\/p>\n\n\n\n<p>ESG-pontsz\u00e1mokat jelenleg t\u00f6bb tucat min\u0151s\u00edt\u0151 sz\u00e1mol, a legnagyobbak ma m\u00e1r t\u00f6bb ezer, ak\u00e1r t\u00f6bb t\u00edzezer v\u00e1llalatot is \u00e9rt\u00e9kelnek. A teljess\u00e9g ig\u00e9nye n\u00e9lk\u00fcl ilyen a glob\u00e1lis mez\u0151nyben a Bloomberg ESG Data Services, a Dow Jones Sustainability Index, az MSCI ESG Research, a Sustainalytics, a Thomson Reuters ESG Research Data, az S&amp;P Global, a Fitch Ratings \u00e9s Moody&#8217;s Investors Service.<\/p>\n\n\n\n<p>Csupa ismert m\u00e1rkan\u00e9v, amely m\u00e1s ter\u00fcleten m\u00e1r ak\u00e1r \u00e9vsz\u00e1zados megb\u00edzhat\u00f3s\u00e1ggal alapozta meg h\u00edrnev\u00e9t.<\/p>\n\n\n\n<p>Az nem is lehet k\u00e9rd\u00e9s, hogy az ESG-ben ma m\u00e9g nagy a kevered\u00e9s, nem alakultak ki azok a megk\u00e9rd\u0151jelezhetetlen szakmai kiv\u00e1l\u00f3s\u00e1gok, evidens benchmarkok, mint p\u00e9ld\u00e1ul a hitelmin\u0151s\u00edt\u00e9sekn\u00e9l, ahol mindenki tudja, hogy melyik 3, legfeljebb 4 ratingc\u00e9gre \u00e9rdemes figyelni.<\/p>\n\n\n\n<p>Az egyes min\u0151s\u00edt\u0151k param\u00e9terrendszerei mindenesetre egy\u00e9ni krit\u00e9riumokat tartalmazhatnak, egyszerre haszn\u00e1lhatnak k\u00fcls\u0151, objekt\u00edv m\u00e9r\u0151sz\u00e1mokat, de k\u00e9rhetnek \u00f6nbevall\u00e1sos alapon is v\u00e1laszokat. Ahhoz is valamilyen egyedi sziszt\u00e9ma sz\u00fcks\u00e9ges, hogy az elt\u00e9r\u0151 jellemz\u0151ket mik\u00e9nt tudja az adott min\u0151s\u00edt\u0151 egy egys\u00e9ges pontsz\u00e1mban kifejezni, mik\u00e9ppen sz\u00e1mszer\u0171s\u00edthet\u0151 egyetlen pontsz\u00e1mban p\u00e9ld\u00e1ul a v\u00e1llalat sz\u00e9n-dioxid-kibocs\u00e1t\u00e1sa, a n\u0151i \u00e9s f\u00e9rfi vezet\u0151k k\u00f6z\u00f6tti j\u00f6vedelmek ar\u00e1nya \u00e9s az, hogy mennyire akad\u00e1lymentesek a c\u00e9g irod\u00e1i.<\/p>\n\n\n\n<p class=\"has-medium-font-size\"><strong>A relat\u00edv siker<\/strong><\/p>\n\n\n\n<p>Ezek r\u00e9szleteiben most nem mer\u00fcl\u00fcnk el, hiszen t\u00e9nyleg ah\u00e1ny h\u00e1z, annyi szok\u00e1s, de sok \u00e9rdekes \u00e9s publikus technol\u00f3gia van. A l\u00e9nyeg mindig a s\u00falyoz\u00e1s, mert a fontosabb k\u00e9rd\u00e9sek nagyobb s\u00falyt kell kapniuk, ahogyan azoknak is, amelyek a jelenlegi helyzetet \u00edrj\u00e1k le, a kisebb horderej\u0171 zavarok \u00e9s a r\u00e9gebben t\u00f6rt\u00e9nt k\u00e1rokoz\u00e1sok, mulaszt\u00e1sok pedig kisebb s\u00fallyal esnek latba.<\/p>\n\n\n\n<p>M\u00e1r eml\u00edtett\u00fck, hogy az ESG-kock\u00e1zatok sz\u00e1zal\u00e9kos s\u00falyoz\u00e1sa ut\u00e1n kiemelten fontos a relat\u00edv \u00e9rt\u00e9kel\u00e9s, vagyis a v\u00e1llalatokat \u00f6sszehasonl\u00edtj\u00e1k t\u00e1rsaikkal, ebb\u0151l fakad\u00f3an egy olajv\u00e1llalatnak is lehet j\u00f3 ESG-besorol\u00e1sa, ha \u00e9lenj\u00e1r\u00f3 az ipar\u00e1gi sztenderdekhez k\u00e9pest, de ak\u00e1r egy meg\u00fajul\u00f3 energi\u00e1val foglalkoz\u00f3 c\u00e9g is szerepelhet rosszul, ha munkav\u00e1llal\u00f3ival rosszul b\u00e1nik, vagy ha a kibocs\u00e1t\u00e1smentes energia megtermel\u00e9se el\u0151tt komoly k\u00f6rnyezeti puszt\u00edt\u00e1st v\u00e9gzett.<\/p>\n\n\n\n<p class=\"has-medium-font-size\"><strong>Az Amazon esete<\/strong><\/p>\n\n\n\n<p>P\u00e9ldak\u00e9nt \u00e1lljon itt egy mindenki \u00e1ltal ismert c\u00e9g, az Amazon esete! A vil\u00e1g egyik leg\u00e9rt\u00e9kesebb c\u00e9ge ESG-szempontb\u00f3l csak amolyan \u201ek\u00f6zepes\u201d. M\u00edg a v\u00e1llalatir\u00e1ny\u00edt\u00e1si elvekben, a mag\u00e1n\u00e9let tisztelet\u00e9ben \u00e9s az adatbiztons\u00e1g ter\u00e9n kiemelked\u0151, az e-kereskedelmi sztenderdekhez k\u00e9pest az \u00f6kol\u00f3giai l\u00e1bnyoma csak \u00e1tlagos, \u00e9s gyeng\u00e9n teljes\u00edt a munkaer\u0151 megbecs\u00fcl\u00e9se ter\u00e9n.<\/p>\n\n\n\n<p>A fenti vegyes-felv\u00e1gottb\u00f3l az Amazonnak egy \u201e\u00e1tlagos\u201d min\u0151s\u00edt\u00e9sre tellett, mert a c\u00e9gek k\u00fcl\u00f6nb\u00f6z\u0151 kohorszokba ker\u00fclnek, vannak \u00e9lenj\u00e1r\u00f3k, de \u00e1tlagos, vagy lemarad\u00f3 c\u00e9gek is.<\/p>\n\n\n\n<p class=\"has-medium-font-size\"><strong>Jelz\u0151k \u00e9s bet\u0171k<\/strong><\/p>\n\n\n\n<p>A min\u0151s\u00edt\u0151 kifejez\u00e9sek mellett, ahogyan a hitelmin\u0151s\u00edt\u0151kn\u00e9l, \u00fagy az ESG-besorol\u00e1sok k\u00f6z\u00f6tt is ismert a bet\u0171k haszn\u00e1lata is. Az AAA a legjobbaknak, a k\u00fcl\u00f6nb\u00f6z\u0151 sz\u00e1m\u00fa \u201eB\u201d bet\u0171t tartalmaz\u00f3 besorol\u00e1sok a k\u00f6zepeseknek \u00e9s a C-ket tartalmaz\u00f3 min\u0151s\u00edt\u00e9sek a lemarad\u00f3knak jutnak.<\/p>\n\n\n\n<p>Az \u00e9rt\u00e9kel\u00e9sek t\u00e9nyleg sokf\u00e9lek\u00e9ppen n\u00e9zhetnek ki, de az biztos, hogy egy 100-as sk\u00e1l\u00e1n az 50-es pontsz\u00e1m, vagyis az \u00e1tlag alatti min\u0151s\u00edt\u00e9s semmik\u00e9ppen sem j\u00f3, de az, hogy az adott min\u0151s\u00edt\u0151 c\u00e9g h\u00e1nyf\u00e9le elnevez\u00e9st, vagy gr\u00e1dicsot alkalmaz, m\u00e1r er\u0151sen elt\u00e9r\u0151 lehet.<\/p>\n\n\n\n<p class=\"has-medium-font-size\"><strong>Milyen t\u00e9nyez\u0151k sz\u00e1m\u00edtanak?<\/strong><\/p>\n\n\n\n<p>Egy \u00f6sszetett param\u00e9terrendszert neh\u00e9z lenne minden elem\u00e9ben ismertetni, de t\u00e9nyleg csak \u00edzel\u00edt\u0151\u00fcl \u00e1lljon itt p\u00e1r olyan fontos szempont, ami visszat\u00e9r\u0151en megjelenik a min\u0151s\u00edt\u0151kn\u00e9l:<\/p>\n\n\n\n<ul class=\"wp-block-list\"><li>E, vagyis a k\u00f6rnyezeti probl\u00e9m\u00e1k k\u00f6z\u00f6tt fontos a sz\u00e9ndioxid-kibocs\u00e1t\u00e1s, az \u00e9ghajlatv\u00e1ltoz\u00e1s el\u0151seg\u00edt\u00e9se, vagy h\u00e1tr\u00e1ltat\u00e1sa, a v\u00edzhaszn\u00e1lat, a toxikus anyagok kibocs\u00e1t\u00e1sa \u00e9s \u00e1ltal\u00e1ban a hullad\u00e9kkezel\u00e9s, a csomagol\u00e1sok, az \u00e9p\u00fcletek energiahat\u00e9konys\u00e1ga, a meg\u00fajul\u00f3 energia haszn\u00e1lata.<\/li><li>S, vagyis a k\u00f6z\u00f6ss\u00e9gi pontsz\u00e1mok reflekt\u00e1lnak a munkaer\u0151 kezel\u00e9s\u00e9re, a c\u00e9ges, de ak\u00e1r az eg\u00e9sz ell\u00e1t\u00e1si l\u00e1ncban jelentkez\u0151 munkak\u00f6r\u00fclm\u00e9nyekre, eg\u00e9szs\u00e9g\u00fcgyi, biztons\u00e1gi \u00e9s oktat\u00e1si param\u00e9terekre, a term\u00e9kbiztons\u00e1gra \u00e9s min\u0151s\u00e9gre, a fogyaszt\u00f3i panaszkezel\u00e9sre \u00e9s az akad\u00e1lymentess\u00e9gre vagy a befogad\u00f3 k\u00f6rnyezetre is.<\/li><li>G, vagyis az ir\u00e1ny\u00edt\u00e1si probl\u00e9m\u00e1k kit\u00e9rhetnek a munkahelyi el\u0151remenetel igazs\u00e1goss\u00e1g\u00e1ra, a j\u00f6vedelem-k\u00fcl\u00f6nbs\u00e9gekre, \u00fczleti etik\u00e1ra, az ad\u00f3z\u00e1s transzparenci\u00e1j\u00e1ra.<\/li><\/ul>\n\n\n\n<p class=\"has-medium-font-size\"><strong>Akad\u00e1lymentess\u00e9g \u00e9s az ESG<\/strong><\/p>\n\n\n\n<p>A k\u00fcl\u00f6nb\u00f6z\u0151 ESG-min\u0151s\u00edt\u0151 t\u00e1rsas\u00e1gok gyakorlat\u00e1ban fontos elemk\u00e9nt jelenik meg az akad\u00e1lymentess\u00e9g is. Ennek a ter\u00fcletnek is megvannak a maga KPI (Key Performance Indicator) mutat\u00f3i, vagyis a legfontosabb teljes\u00edtm\u00e9nym\u00e9r\u0151 indik\u00e1torai. Ezek ugyanolyan jellemz\u0151k, amelyeknek lehetnek m\u00e9rhet\u0151 \u00e9s \u00f6nbevall\u00e1son alapul\u00f3 elemei.<\/p>\n\n\n\n<p>P\u00e9ld\u00e1ul ilyen lehet az, hogy a b\u00e9relt, vagy birtokolt ter\u00fclet h\u00e1ny sz\u00e1zal\u00e9ka akad\u00e1lymentes, milyen fejleszt\u00e9sek seg\u00edtenek a k\u00fcl\u00f6nb\u00f6z\u0151 speci\u00e1lis ig\u00e9ny\u0171 csoportnak, milyen ar\u00e1nyban dolgoznak a c\u00e9gn\u00e9l megv\u00e1ltozott munkak\u00e9pess\u00e9g\u0171 munkav\u00e1llal\u00f3k.<\/p>\n\n\n\n<p>Az, aki akad\u00e1lymentes k\u00f6rnyezetet alak\u00edt ki, nem z\u00e1rja ki a t\u00e1rsadalom 15 sz\u00e1zal\u00e9k\u00e1t (Magyarorsz\u00e1gon 1,5 milli\u00f3 embert) a munkav\u00e1llal\u00f3i, a partnerei, az \u00fcgyfelei k\u00f6r\u00e9b\u0151l.<\/p>\n\n\n\n<p class=\"has-medium-font-size\"><strong>Mi\u00e9rt sz\u00e1m\u00edtanak az ESG pontsz\u00e1mok?<\/strong><\/p>\n\n\n\n<p>A pontsz\u00e1mok \u00e9rt\u00e9kel\u00e9se ak\u00e1r teljesen egyedi lehet, vannak olyan nagy befektet\u00e9si h\u00e1zak, amelyek ezt nem is b\u00edzz\u00e1k k\u00fcls\u0151s\u00f6kre, hanem egyedi sziszt\u00e9m\u00e1t fejlesztettek ki \u00e9s csak arra hagyatkoznak.<\/p>\n\n\n\n<p>B\u00e1rmilyen is a rendszer, a befektet\u0151k term\u00e9szetesen el\u0151nyben r\u00e9szes\u00edtik a jobb ESG-pontsz\u00e1mmal rendelkez\u0151 v\u00e1llalatokat, mert joggal felt\u00e9telezik, hogy a j\u00f6v\u0151ben kevesebb k\u00f6telezetts\u00e9g\u00fck t\u00e1mad, nem fogj\u00e1k \u0151ket a hat\u00f3s\u00e1gok b\u00fcntetni, szankcion\u00e1lni, kitiltani, jobb lesz a m\u00e1rka megbecs\u00fclts\u00e9ge, h\u00edrneve, fennmaradhat a c\u00e9g tev\u00e9kenys\u00e9ge, j\u00f6vedelmez\u0151s\u00e9ge.<\/p>\n\n\n\n<p class=\"has-medium-font-size\"><strong>A probl\u00e9m\u00e1k<\/strong><\/p>\n\n\n\n<p>Mindezek mellett k\u00e1r lenne tagadni, hogy az ESG-m\u00e9r\u0151sz\u00e1mokkal ma m\u00e9g j\u00f3csk\u00e1n vannak k\u00e9rd\u00e9sek is. Fiatal ipar\u00e1gr\u00f3l van sz\u00f3, a befektet\u0151k nem hagyatkozhatnak vakon csak egy-egy ilyen mutat\u00f3ra.<\/p>\n\n\n\n<p>Az ESG besorol\u00e1s \u00f6nmag\u00e1ban nem lehet egyed\u00fcl megb\u00edzhat\u00f3 el\u0151rejelz\u0151je a piaci sikernek, az oszt\u00e1lyoz\u00e1si krit\u00e9riumok, a s\u00falyoz\u00e1sok vitathat\u00f3k, megk\u00e9rd\u0151jelezhet\u0151k.<\/p>\n\n\n\n<p>Felmer\u00fclhet k\u00e9rd\u00e9sk\u00e9nt, hogy a v\u00e1llalati \u00f6nbevall\u00e1son alapul\u00f3 adatok mennyire tekinthet\u0151k hitelesnek, mennyire \u00e1tl\u00e1that\u00f3k a m\u00f3dszertanok, nem l\u00e9pnek-e fel \u00f6sszef\u00e9rhetetlens\u00e9gi helyzetek, p\u00e9ld\u00e1ul az\u00e9rt, mert egy adott min\u0151s\u00edt\u0151 maga amolyan ESG-tan\u00e1csad\u00f3k\u00e9nt p\u00e9nz\u00fcgyi kapcsolatban is \u00e1ll az adott t\u00e1rsas\u00e1ggal.<\/p>\n\n\n\n<p>Mindenesetre m\u00e1r vannak egys\u00e9ges\u00edt\u00e9si t\u00f6rekv\u00e9sek, az ESG-min\u0151s\u00edt\u0151ket is lehet szab\u00e1lyozni, \u00e9s ami a legfontosabb: a szellemet aligha lehet visszaszor\u00edtani a palackba, az ESG-besorol\u00e1s m\u00e1r r\u00e9szese marad a befektet\u00e9si d\u00f6nt\u00e9seknek.<\/p>\n\n\n\n<p><em>Az Access4you egy t\u00e1rsadalmi c\u00e9l\u00fa startup: \u00e9p\u00fcletek tan\u00fas\u00edt\u00e1s\u00e1val \u00e9s min\u0151s\u00edt\u00e9s\u00e9vel foglalkozunk ez\u00e1ltal speci\u00e1lis ig\u00e9ny\u0171 emberek sz\u00e1m\u00e1ra ny\u00fajtunk megb\u00edzhat\u00f3, r\u00e9szletes inform\u00e1ci\u00f3t az \u00e9p\u00edtett k\u00f6rnyezet hozz\u00e1f\u00e9rhet\u0151s\u00e9g\u00e9r\u0151l. Ennek eszk\u00f6ze az Access4you\u00ae Eur\u00f3pai Uni\u00f3s Tan\u00fas\u00edt\u00f3 V\u00e9djegy \u00e9s az <a href=\"https:\/\/access4you.io\/places\">access4you.io<\/a> adatb\u00e1zis (\u00e9s hozz\u00e1 tartoz\u00f3 mobil applik\u00e1ci\u00f3), ahol a felm\u00e9rt helysz\u00ednek adatai<\/em> nyilv\u00e1nosan el\u00e9rhet\u0151k. <br><em>Ha szeretn\u00e9l t\u00f6bbet tudni az ESG-r\u0151l, az akad\u00e1lymentess\u00e9gr\u0151l, \u00e9s a fogyat\u00e9koss\u00e1ggal \u00e9l\u0151 emberek t\u00e1rsadalmi inkl\u00fazi\u00f3j\u00e1r\u00f3l, k\u00f6vesd blogunkat \u00e9s<a href=\"https:\/\/access4you.io\/\" target=\"_blank\" rel=\"noreferrer noopener\">&nbsp;iratkozz fel h\u00edrlevel\u00fcnkre<\/a>!<\/em><\/p>\n\n\n\n<p><\/p>","protected":false},"excerpt":{"rendered":"<p>Hogyan k\u00e9sz\u00fcl el egy v\u00e1llalat ESG besorol\u00e1sa? Ki sz\u00e1m\u00edt \u00e9lenj\u00e1r\u00f3nak vagy lemarad\u00f3nak? Hogyan jav\u00edtja az eredm\u00e9nyt az akad\u00e1lymentes k\u00f6rnyezet? Vannak a p\u00e9nz\u00fcgyi m\u00e9r\u0151sz\u00e1mokon is t\u00falmutat\u00f3 param\u00e9terei egy v\u00e1llalat siker\u00e9nek \u00e9s fenntarthat\u00f3s\u00e1g\u00e1nak. A befektet\u0151k egyre jobban figyelik az ESG-besorol\u00e1sokat, mik\u00f6zben az is igaz, hogy ma m\u00e9g el\u00e9gg\u00e9 sokf\u00e9le mutat\u00f3sz\u00e1m l\u00e9tezik, \u00e9s vannak m\u00e9g az \u00f6kosziszt\u00e9m\u00e1nak gyermekbetegs\u00e9gei [&hellip;]<\/p>","protected":false},"author":1,"featured_media":4636,"comment_status":"closed","ping_status":"closed","sticky":false,"template":"","format":"standard","meta":{"footnotes":""},"categories":[1],"tags":[],"class_list":["post-4634","post","type-post","status-publish","format-standard","has-post-thumbnail","hentry","category-rovat"],"yoast_head":"<!-- This site is optimized with the Yoast SEO plugin v23.8 - https:\/\/yoast.com\/wordpress\/plugins\/seo\/ -->\n<title>ESG min\u0151s\u00edt\u00e9s | Akad\u00e1lymentess\u00e9g \u00e9s ESG<\/title>\n<meta name=\"description\" content=\"Hogyan k\u00e9sz\u00fcl el egy v\u00e1llalat ESG besorol\u00e1sa? Ki sz\u00e1m\u00edt \u00e9lenj\u00e1r\u00f3nak vagy lemarad\u00f3nak? Hogyan jav\u00edtja az eredm\u00e9nyt az akad\u00e1lymentes k\u00f6rnyezet?\" \/>\n<meta name=\"robots\" content=\"index, follow, max-snippet:-1, max-image-preview:large, max-video-preview:-1\" \/>\n<link rel=\"canonical\" href=\"https:\/\/news.access4you.io\/en\/2022\/07\/28\/az-esg-minositesekrol-erthetoen-az-akadalymentes-kornyezet-is-szempont\/\" \/>\n<meta property=\"og:locale\" content=\"en_US\" \/>\n<meta property=\"og:type\" content=\"article\" \/>\n<meta property=\"og:title\" content=\"ESG min\u0151s\u00edt\u00e9s | Akad\u00e1lymentess\u00e9g \u00e9s ESG\" \/>\n<meta property=\"og:description\" content=\"Hogyan k\u00e9sz\u00fcl el egy v\u00e1llalat ESG besorol\u00e1sa? Ki sz\u00e1m\u00edt \u00e9lenj\u00e1r\u00f3nak vagy lemarad\u00f3nak? Hogyan jav\u00edtja az eredm\u00e9nyt az akad\u00e1lymentes k\u00f6rnyezet?\" \/>\n<meta property=\"og:url\" content=\"https:\/\/news.access4you.io\/en\/2022\/07\/28\/az-esg-minositesekrol-erthetoen-az-akadalymentes-kornyezet-is-szempont\/\" \/>\n<meta property=\"og:site_name\" content=\"Access4you H\u00edrek\" \/>\n<meta property=\"article:published_time\" content=\"2022-07-28T13:30:15+00:00\" \/>\n<meta property=\"article:modified_time\" content=\"2022-07-28T14:05:50+00:00\" \/>\n<meta property=\"og:image\" content=\"https:\/\/news.access4you.io\/wp-content\/uploads\/2022\/07\/Untitled-design-1024x576.png\" \/>\n\t<meta property=\"og:image:width\" content=\"1024\" \/>\n\t<meta property=\"og:image:height\" content=\"576\" \/>\n\t<meta property=\"og:image:type\" content=\"image\/png\" \/>\n<meta name=\"author\" content=\"access4you\" \/>\n<meta name=\"twitter:card\" content=\"summary_large_image\" \/>\n<meta name=\"twitter:label1\" content=\"Written by\" \/>\n\t<meta name=\"twitter:data1\" content=\"access4you\" \/>\n\t<meta name=\"twitter:label2\" content=\"Est. reading time\" \/>\n\t<meta name=\"twitter:data2\" content=\"8 minutes\" \/>\n<script type=\"application\/ld+json\" class=\"yoast-schema-graph\">{\"@context\":\"https:\/\/schema.org\",\"@graph\":[{\"@type\":\"Article\",\"@id\":\"https:\/\/news.access4you.io\/2022\/07\/28\/az-esg-minositesekrol-erthetoen-az-akadalymentes-kornyezet-is-szempont\/#article\",\"isPartOf\":{\"@id\":\"https:\/\/news.access4you.io\/2022\/07\/28\/az-esg-minositesekrol-erthetoen-az-akadalymentes-kornyezet-is-szempont\/\"},\"author\":{\"name\":\"access4you\",\"@id\":\"https:\/\/news.access4you.io\/#\/schema\/person\/cb4fff088aa5f5f43a6f4ce3a1e2e084\"},\"headline\":\"Az ESG min\u0151s\u00edt\u00e9sekr\u0151l \u00e9rthet\u0151en. Az akad\u00e1lymentes k\u00f6rnyezet is szempont.\",\"datePublished\":\"2022-07-28T13:30:15+00:00\",\"dateModified\":\"2022-07-28T14:05:50+00:00\",\"mainEntityOfPage\":{\"@id\":\"https:\/\/news.access4you.io\/2022\/07\/28\/az-esg-minositesekrol-erthetoen-az-akadalymentes-kornyezet-is-szempont\/\"},\"wordCount\":2179,\"publisher\":{\"@id\":\"https:\/\/news.access4you.io\/#organization\"},\"image\":{\"@id\":\"https:\/\/news.access4you.io\/2022\/07\/28\/az-esg-minositesekrol-erthetoen-az-akadalymentes-kornyezet-is-szempont\/#primaryimage\"},\"thumbnailUrl\":\"https:\/\/news.access4you.io\/wp-content\/uploads\/2022\/07\/Untitled-design.png\",\"articleSection\":[\"Rovat\"],\"inLanguage\":\"en-US\"},{\"@type\":\"WebPage\",\"@id\":\"https:\/\/news.access4you.io\/2022\/07\/28\/az-esg-minositesekrol-erthetoen-az-akadalymentes-kornyezet-is-szempont\/\",\"url\":\"https:\/\/news.access4you.io\/2022\/07\/28\/az-esg-minositesekrol-erthetoen-az-akadalymentes-kornyezet-is-szempont\/\",\"name\":\"ESG min\u0151s\u00edt\u00e9s | Akad\u00e1lymentess\u00e9g \u00e9s ESG\",\"isPartOf\":{\"@id\":\"https:\/\/news.access4you.io\/#website\"},\"primaryImageOfPage\":{\"@id\":\"https:\/\/news.access4you.io\/2022\/07\/28\/az-esg-minositesekrol-erthetoen-az-akadalymentes-kornyezet-is-szempont\/#primaryimage\"},\"image\":{\"@id\":\"https:\/\/news.access4you.io\/2022\/07\/28\/az-esg-minositesekrol-erthetoen-az-akadalymentes-kornyezet-is-szempont\/#primaryimage\"},\"thumbnailUrl\":\"https:\/\/news.access4you.io\/wp-content\/uploads\/2022\/07\/Untitled-design.png\",\"datePublished\":\"2022-07-28T13:30:15+00:00\",\"dateModified\":\"2022-07-28T14:05:50+00:00\",\"description\":\"Hogyan k\u00e9sz\u00fcl el egy v\u00e1llalat ESG besorol\u00e1sa? Ki sz\u00e1m\u00edt \u00e9lenj\u00e1r\u00f3nak vagy lemarad\u00f3nak? Hogyan jav\u00edtja az eredm\u00e9nyt az akad\u00e1lymentes k\u00f6rnyezet?\",\"breadcrumb\":{\"@id\":\"https:\/\/news.access4you.io\/2022\/07\/28\/az-esg-minositesekrol-erthetoen-az-akadalymentes-kornyezet-is-szempont\/#breadcrumb\"},\"inLanguage\":\"en-US\",\"potentialAction\":[{\"@type\":\"ReadAction\",\"target\":[\"https:\/\/news.access4you.io\/2022\/07\/28\/az-esg-minositesekrol-erthetoen-az-akadalymentes-kornyezet-is-szempont\/\"]}]},{\"@type\":\"ImageObject\",\"inLanguage\":\"en-US\",\"@id\":\"https:\/\/news.access4you.io\/2022\/07\/28\/az-esg-minositesekrol-erthetoen-az-akadalymentes-kornyezet-is-szempont\/#primaryimage\",\"url\":\"https:\/\/news.access4you.io\/wp-content\/uploads\/2022\/07\/Untitled-design.png\",\"contentUrl\":\"https:\/\/news.access4you.io\/wp-content\/uploads\/2022\/07\/Untitled-design.png\",\"width\":5760,\"height\":3240},{\"@type\":\"BreadcrumbList\",\"@id\":\"https:\/\/news.access4you.io\/2022\/07\/28\/az-esg-minositesekrol-erthetoen-az-akadalymentes-kornyezet-is-szempont\/#breadcrumb\",\"itemListElement\":[{\"@type\":\"ListItem\",\"position\":1,\"name\":\"Kezd\u0151lap\",\"item\":\"https:\/\/news.access4you.io\/\"},{\"@type\":\"ListItem\",\"position\":2,\"name\":\"Az ESG min\u0151s\u00edt\u00e9sekr\u0151l \u00e9rthet\u0151en. Az akad\u00e1lymentes k\u00f6rnyezet is szempont.\"}]},{\"@type\":\"WebSite\",\"@id\":\"https:\/\/news.access4you.io\/#website\",\"url\":\"https:\/\/news.access4you.io\/\",\"name\":\"Access4you H\u00edrek\",\"description\":\"\",\"publisher\":{\"@id\":\"https:\/\/news.access4you.io\/#organization\"},\"potentialAction\":[{\"@type\":\"SearchAction\",\"target\":{\"@type\":\"EntryPoint\",\"urlTemplate\":\"https:\/\/news.access4you.io\/?s={search_term_string}\"},\"query-input\":{\"@type\":\"PropertyValueSpecification\",\"valueRequired\":true,\"valueName\":\"search_term_string\"}}],\"inLanguage\":\"en-US\"},{\"@type\":\"Organization\",\"@id\":\"https:\/\/news.access4you.io\/#organization\",\"name\":\"Access4you H\u00edrek\",\"url\":\"https:\/\/news.access4you.io\/\",\"logo\":{\"@type\":\"ImageObject\",\"inLanguage\":\"en-US\",\"@id\":\"https:\/\/news.access4you.io\/#\/schema\/logo\/image\/\",\"url\":\"https:\/\/news.access4you.io\/wp-content\/uploads\/2021\/01\/a4u-logo-black.png\",\"contentUrl\":\"https:\/\/news.access4you.io\/wp-content\/uploads\/2021\/01\/a4u-logo-black.png\",\"width\":726,\"height\":454,\"caption\":\"Access4you H\u00edrek\"},\"image\":{\"@id\":\"https:\/\/news.access4you.io\/#\/schema\/logo\/image\/\"}},{\"@type\":\"Person\",\"@id\":\"https:\/\/news.access4you.io\/#\/schema\/person\/cb4fff088aa5f5f43a6f4ce3a1e2e084\",\"name\":\"access4you\",\"image\":{\"@type\":\"ImageObject\",\"inLanguage\":\"en-US\",\"@id\":\"https:\/\/news.access4you.io\/#\/schema\/person\/image\/\",\"url\":\"https:\/\/secure.gravatar.com\/avatar\/9795a8b3afc7ed258d167a92dbb1075b37bab5bc83b1ac9182ff4f58c22040b8?s=96&d=mm&r=g\",\"contentUrl\":\"https:\/\/secure.gravatar.com\/avatar\/9795a8b3afc7ed258d167a92dbb1075b37bab5bc83b1ac9182ff4f58c22040b8?s=96&d=mm&r=g\",\"caption\":\"access4you\"},\"sameAs\":[\"http:\/\/localhost\/access4you\"],\"url\":\"https:\/\/news.access4you.io\/en\/author\/access4you\/\"}]}<\/script>\n<!-- \/ Yoast SEO plugin. -->","yoast_head_json":{"title":"ESG min\u0151s\u00edt\u00e9s | Akad\u00e1lymentess\u00e9g \u00e9s ESG","description":"Hogyan k\u00e9sz\u00fcl el egy v\u00e1llalat ESG besorol\u00e1sa? Ki sz\u00e1m\u00edt \u00e9lenj\u00e1r\u00f3nak vagy lemarad\u00f3nak? Hogyan jav\u00edtja az eredm\u00e9nyt az akad\u00e1lymentes k\u00f6rnyezet?","robots":{"index":"index","follow":"follow","max-snippet":"max-snippet:-1","max-image-preview":"max-image-preview:large","max-video-preview":"max-video-preview:-1"},"canonical":"https:\/\/news.access4you.io\/en\/2022\/07\/28\/az-esg-minositesekrol-erthetoen-az-akadalymentes-kornyezet-is-szempont\/","og_locale":"en_US","og_type":"article","og_title":"ESG min\u0151s\u00edt\u00e9s | Akad\u00e1lymentess\u00e9g \u00e9s ESG","og_description":"Hogyan k\u00e9sz\u00fcl el egy v\u00e1llalat ESG besorol\u00e1sa? Ki sz\u00e1m\u00edt \u00e9lenj\u00e1r\u00f3nak vagy lemarad\u00f3nak? Hogyan jav\u00edtja az eredm\u00e9nyt az akad\u00e1lymentes k\u00f6rnyezet?","og_url":"https:\/\/news.access4you.io\/en\/2022\/07\/28\/az-esg-minositesekrol-erthetoen-az-akadalymentes-kornyezet-is-szempont\/","og_site_name":"Access4you H\u00edrek","article_published_time":"2022-07-28T13:30:15+00:00","article_modified_time":"2022-07-28T14:05:50+00:00","og_image":[{"width":1024,"height":576,"url":"https:\/\/news.access4you.io\/wp-content\/uploads\/2022\/07\/Untitled-design-1024x576.png","type":"image\/png"}],"author":"access4you","twitter_card":"summary_large_image","twitter_misc":{"Written by":"access4you","Est. reading time":"8 minutes"},"schema":{"@context":"https:\/\/schema.org","@graph":[{"@type":"Article","@id":"https:\/\/news.access4you.io\/2022\/07\/28\/az-esg-minositesekrol-erthetoen-az-akadalymentes-kornyezet-is-szempont\/#article","isPartOf":{"@id":"https:\/\/news.access4you.io\/2022\/07\/28\/az-esg-minositesekrol-erthetoen-az-akadalymentes-kornyezet-is-szempont\/"},"author":{"name":"access4you","@id":"https:\/\/news.access4you.io\/#\/schema\/person\/cb4fff088aa5f5f43a6f4ce3a1e2e084"},"headline":"Az ESG min\u0151s\u00edt\u00e9sekr\u0151l \u00e9rthet\u0151en. Az akad\u00e1lymentes k\u00f6rnyezet is szempont.","datePublished":"2022-07-28T13:30:15+00:00","dateModified":"2022-07-28T14:05:50+00:00","mainEntityOfPage":{"@id":"https:\/\/news.access4you.io\/2022\/07\/28\/az-esg-minositesekrol-erthetoen-az-akadalymentes-kornyezet-is-szempont\/"},"wordCount":2179,"publisher":{"@id":"https:\/\/news.access4you.io\/#organization"},"image":{"@id":"https:\/\/news.access4you.io\/2022\/07\/28\/az-esg-minositesekrol-erthetoen-az-akadalymentes-kornyezet-is-szempont\/#primaryimage"},"thumbnailUrl":"https:\/\/news.access4you.io\/wp-content\/uploads\/2022\/07\/Untitled-design.png","articleSection":["Rovat"],"inLanguage":"en-US"},{"@type":"WebPage","@id":"https:\/\/news.access4you.io\/2022\/07\/28\/az-esg-minositesekrol-erthetoen-az-akadalymentes-kornyezet-is-szempont\/","url":"https:\/\/news.access4you.io\/2022\/07\/28\/az-esg-minositesekrol-erthetoen-az-akadalymentes-kornyezet-is-szempont\/","name":"ESG min\u0151s\u00edt\u00e9s | Akad\u00e1lymentess\u00e9g \u00e9s ESG","isPartOf":{"@id":"https:\/\/news.access4you.io\/#website"},"primaryImageOfPage":{"@id":"https:\/\/news.access4you.io\/2022\/07\/28\/az-esg-minositesekrol-erthetoen-az-akadalymentes-kornyezet-is-szempont\/#primaryimage"},"image":{"@id":"https:\/\/news.access4you.io\/2022\/07\/28\/az-esg-minositesekrol-erthetoen-az-akadalymentes-kornyezet-is-szempont\/#primaryimage"},"thumbnailUrl":"https:\/\/news.access4you.io\/wp-content\/uploads\/2022\/07\/Untitled-design.png","datePublished":"2022-07-28T13:30:15+00:00","dateModified":"2022-07-28T14:05:50+00:00","description":"Hogyan k\u00e9sz\u00fcl el egy v\u00e1llalat ESG besorol\u00e1sa? Ki sz\u00e1m\u00edt \u00e9lenj\u00e1r\u00f3nak vagy lemarad\u00f3nak? Hogyan jav\u00edtja az eredm\u00e9nyt az akad\u00e1lymentes k\u00f6rnyezet?","breadcrumb":{"@id":"https:\/\/news.access4you.io\/2022\/07\/28\/az-esg-minositesekrol-erthetoen-az-akadalymentes-kornyezet-is-szempont\/#breadcrumb"},"inLanguage":"en-US","potentialAction":[{"@type":"ReadAction","target":["https:\/\/news.access4you.io\/2022\/07\/28\/az-esg-minositesekrol-erthetoen-az-akadalymentes-kornyezet-is-szempont\/"]}]},{"@type":"ImageObject","inLanguage":"en-US","@id":"https:\/\/news.access4you.io\/2022\/07\/28\/az-esg-minositesekrol-erthetoen-az-akadalymentes-kornyezet-is-szempont\/#primaryimage","url":"https:\/\/news.access4you.io\/wp-content\/uploads\/2022\/07\/Untitled-design.png","contentUrl":"https:\/\/news.access4you.io\/wp-content\/uploads\/2022\/07\/Untitled-design.png","width":5760,"height":3240},{"@type":"BreadcrumbList","@id":"https:\/\/news.access4you.io\/2022\/07\/28\/az-esg-minositesekrol-erthetoen-az-akadalymentes-kornyezet-is-szempont\/#breadcrumb","itemListElement":[{"@type":"ListItem","position":1,"name":"Kezd\u0151lap","item":"https:\/\/news.access4you.io\/"},{"@type":"ListItem","position":2,"name":"Az ESG min\u0151s\u00edt\u00e9sekr\u0151l \u00e9rthet\u0151en. Az akad\u00e1lymentes k\u00f6rnyezet is szempont."}]},{"@type":"WebSite","@id":"https:\/\/news.access4you.io\/#website","url":"https:\/\/news.access4you.io\/","name":"Access4you H\u00edrek","description":"","publisher":{"@id":"https:\/\/news.access4you.io\/#organization"},"potentialAction":[{"@type":"SearchAction","target":{"@type":"EntryPoint","urlTemplate":"https:\/\/news.access4you.io\/?s={search_term_string}"},"query-input":{"@type":"PropertyValueSpecification","valueRequired":true,"valueName":"search_term_string"}}],"inLanguage":"en-US"},{"@type":"Organization","@id":"https:\/\/news.access4you.io\/#organization","name":"Access4you H\u00edrek","url":"https:\/\/news.access4you.io\/","logo":{"@type":"ImageObject","inLanguage":"en-US","@id":"https:\/\/news.access4you.io\/#\/schema\/logo\/image\/","url":"https:\/\/news.access4you.io\/wp-content\/uploads\/2021\/01\/a4u-logo-black.png","contentUrl":"https:\/\/news.access4you.io\/wp-content\/uploads\/2021\/01\/a4u-logo-black.png","width":726,"height":454,"caption":"Access4you H\u00edrek"},"image":{"@id":"https:\/\/news.access4you.io\/#\/schema\/logo\/image\/"}},{"@type":"Person","@id":"https:\/\/news.access4you.io\/#\/schema\/person\/cb4fff088aa5f5f43a6f4ce3a1e2e084","name":"access4you","image":{"@type":"ImageObject","inLanguage":"en-US","@id":"https:\/\/news.access4you.io\/#\/schema\/person\/image\/","url":"https:\/\/secure.gravatar.com\/avatar\/9795a8b3afc7ed258d167a92dbb1075b37bab5bc83b1ac9182ff4f58c22040b8?s=96&d=mm&r=g","contentUrl":"https:\/\/secure.gravatar.com\/avatar\/9795a8b3afc7ed258d167a92dbb1075b37bab5bc83b1ac9182ff4f58c22040b8?s=96&d=mm&r=g","caption":"access4you"},"sameAs":["http:\/\/localhost\/access4you"],"url":"https:\/\/news.access4you.io\/en\/author\/access4you\/"}]}},"_links":{"self":[{"href":"https:\/\/news.access4you.io\/en\/wp-json\/wp\/v2\/posts\/4634","targetHints":{"allow":["GET"]}}],"collection":[{"href":"https:\/\/news.access4you.io\/en\/wp-json\/wp\/v2\/posts"}],"about":[{"href":"https:\/\/news.access4you.io\/en\/wp-json\/wp\/v2\/types\/post"}],"author":[{"embeddable":true,"href":"https:\/\/news.access4you.io\/en\/wp-json\/wp\/v2\/users\/1"}],"replies":[{"embeddable":true,"href":"https:\/\/news.access4you.io\/en\/wp-json\/wp\/v2\/comments?post=4634"}],"version-history":[{"count":0,"href":"https:\/\/news.access4you.io\/en\/wp-json\/wp\/v2\/posts\/4634\/revisions"}],"wp:featuredmedia":[{"embeddable":true,"href":"https:\/\/news.access4you.io\/en\/wp-json\/wp\/v2\/media\/4636"}],"wp:attachment":[{"href":"https:\/\/news.access4you.io\/en\/wp-json\/wp\/v2\/media?parent=4634"}],"wp:term":[{"taxonomy":"category","embeddable":true,"href":"https:\/\/news.access4you.io\/en\/wp-json\/wp\/v2\/categories?post=4634"},{"taxonomy":"post_tag","embeddable":true,"href":"https:\/\/news.access4you.io\/en\/wp-json\/wp\/v2\/tags?post=4634"}],"curies":[{"name":"wp","href":"https:\/\/api.w.org\/{rel}","templated":true}]}}