{"id":4689,"date":"2022-10-28T07:24:06","date_gmt":"2022-10-28T07:24:06","guid":{"rendered":"http:\/\/news.access4you.io\/?p=4689"},"modified":"2022-10-28T07:24:07","modified_gmt":"2022-10-28T07:24:07","slug":"sokan-irjak-hogy-ez-volt-eletuk-legjobb-befektetese-interju-toth-krisztinaval-zente-anyukajaval","status":"publish","type":"post","link":"https:\/\/news.access4you.io\/en\/2022\/10\/28\/sokan-irjak-hogy-ez-volt-eletuk-legjobb-befektetese-interju-toth-krisztinaval-zente-anyukajaval\/","title":{"rendered":"Sokan \u00edrj\u00e1k, hogy ez volt \u00e9let\u00fck legjobb befektet\u00e9se \u2013 interj\u00fa T\u00f3th Krisztin\u00e1val, Zente anyuk\u00e1j\u00e1val"},"content":{"rendered":"<p><em>H\u00e1rom \u00e9ve egy orsz\u00e1g tanulta meg a ritka genetikai betegs\u00e9g, az SMA nev\u00e9t \u00e9s fogott \u00f6ssze az\u00e9rt, hogy Zente (akkor baba, most m\u00e1r n\u00e9gy \u00e9s f\u00e9l \u00e9ves nagyfi\u00fa!) megkaphassa a vil\u00e1g legdr\u00e1g\u00e1bb gy\u00f3gykezel\u00e9s\u00e9t. \u00c9desanyj\u00e1val most Zente fejl\u0151d\u00e9s\u00e9r\u0151l, anyas\u00e1gr\u00f3l, felel\u0151ss\u00e9gr\u0151l \u00e9s a nem \u00e1tlagos mindennapokr\u00f3l besz\u00e9lgett\u00fcnk.<\/em><\/p>\n\n\n\n<p><strong><em>Azt hiszem az eg\u00e9sz orsz\u00e1got \u00e9rdekli, hogy hogy vagytok most?<\/em><\/strong><\/p>\n\n\n\n<p>Pont most, okt\u00f3ber 29-\u00e9n lesz a harmadik \u00e9vfordul\u00f3ja, hogy Zente megkapta ezt a horribilis \u00e1r\u00fa, de fantasztikus kezel\u00e9st, ami maxim\u00e1lisan bev\u00e1ltotta a hozz\u00e1 f\u0171z\u00f6tt rem\u00e9nyeket. \u00d3ri\u00e1si a fejl\u0151d\u00e9s \u00e9s m\u00e9g mindig tart. Sokat dolgozik ezen, sokat dolgozunk vele mi is. Nyilv\u00e1n nem olyanok a mindennapjai, mint egy m\u00e1sik n\u00e9gy \u00e9s f\u00e9l \u00e9vesnek, de ez sz\u00e1m\u00e1ra m\u00e1r alapvet\u0151en term\u00e9szetess\u00e9 v\u00e1lt. \u00c9s h\u00e1t nagyon szeretne, \u00e9s nagyon akarja, ami megl\u00e1tszik a mozg\u00e1sfejl\u0151d\u00e9s\u00e9n. \u00dagyhogy j\u00f3l vagyunk.<\/p>\n\n\n\n<p><strong><em>\u00c9s te, hogy vagy? Hogy \u00e9lted, \u00e9led meg ezt a folyamatot anyak\u00e9nt?<\/em><\/strong><\/p>\n\n\n\n<p>H\u00fa, h\u00e1t ez egy neh\u00e9z k\u00e9rd\u00e9s. Amikor gyermeked sz\u00fcletik, van egy elk\u00e9pzel\u00e9sed, vannak v\u00e1gyaid \u00e9s amikor kider\u00fcl, hogy ez van a gyermekeddel, minden sz\u00fcl\u0151 elkeseredik. A mai napig l\u00e1tom a hatalmas k\u00fcl\u00f6nbs\u00e9get a t\u00f6bbi gyerekhez k\u00e9pest. Vannak olyan szitu\u00e1ci\u00f3k, amik sz\u00e1momra nem komfortosak, de Zent\u00e9nek abszol\u00fat azok. Ezt folyamatosan tanulnom kell; vannak napok, amikor f\u00e9lig tele a poh\u00e1r, \u00e9s van, amikor f\u00e9lig \u00fcres. Amikor p\u00e9ld\u00e1ul k\u00f3rh\u00e1zi k\u00f6rnyezetben vagyunk, ahol m\u00e1s betegs\u00e9ggel k\u00fczd\u0151, ak\u00e1r s\u00falyos \u00e1llapot\u00fa gyermekeket l\u00e1tok, \u00fagy \u00e9rzem, szerencs\u00e9sek vagyunk az SMA-val, hiszen m\u00e1r kezelhet\u0151, r\u00e1ad\u00e1sul Zente okos \u00e9s f\u00e1jdalmai sincsenek. Azt\u00e1n elmegy\u00fcnk egy j\u00e1tsz\u00f3t\u00e9rre, ahol mindenki szuper\u00fcl mozog \u00e9s az egy picit rossz \u00e9rz\u00e9s. Nyilv\u00e1n ezt Zente fel\u00e9 nem mutatom ki, \u00e9s \u00e9n sem szoktam ezen t\u00fals\u00e1gosan szorongani. Nekem t\u00e9nyleg nem kell sok a boldogs\u00e1ghoz; ahogyan l\u00e1tom, hogy mondjuk k\u00e9pes felm\u00e1szni a l\u00e9tr\u00e1ra, \u00e9s azon meg\u00e1ll, \u00e9s ott elv\u00e9gzi a dolg\u00e1t, amit kit\u0171z\u00f6tt mag\u00e1nak, akkor \u00fagy gondolom, hogy elt\u00f6rp\u00fclnek a probl\u00e9m\u00e1k. \u00dagy vagyok vele, hogy dolgozunk rajta \u00e9s rendben lesz\u00fcnk. Rendben lesz \u0151 is.<\/p>\n\n\n\n<p><strong><em>A Facebook oldalatokon meg is osztott\u00e1l egy vide\u00f3t arr\u00f3l, ahogy Zente seg\u00edt a kertben \u00e9s gy\u00fcm\u00f6lcs\u00f6t szed a l\u00e9tr\u00e1n. 169 ezren k\u00f6vetnek benneteket, ami \u00f3ri\u00e1si sz\u00e1m!<\/em><\/strong><\/p>\n\n\n\n<p>Eleinte csak a csal\u00e1dnak, bar\u00e1toknak \u00edrtam ezt a kis oldalt, illetve mivel \u00e9n sem tal\u00e1ltam inform\u00e1ci\u00f3t err\u0151l a betegs\u00e9gr\u0151l, azt gondoltam, hogy \u00edgy r\u00e1nk bukkanhat, akinek sz\u00fcks\u00e9ge van r\u00e1. Akkor m\u00e9g teljesen m\u00e1s hangv\u00e9tel\u0171 posztokat \u00edrtam, sokkal jobban ki mertem mondani a v\u00e9lem\u00e9nyemet bizonyos dolgokkal kapcsolatban, most t\u00edzszer is meggondolom. Ha egyetlen k\u00e9pet vagy k\u00e9t mondatot kiteszek, f\u00e9l \u00f3ra alatt \u00e9rkezik r\u00e1 30 ezer reakci\u00f3. De ennek van negat\u00edvuma is. Zente els\u0151, egyetlen gyerek, \u00e9s nem el\u00e9g azt megtanulni, hogy eleve egy gyereket hogyan nevelj, hogy eg\u00e9szs\u00e9ges \u00e9rt\u00e9krenddel rendelkezzen, k\u00f6zben lett egy mozg\u00e1skorl\u00e1tozotts\u00e1ga, amit szint\u00e9n be kell emelni az \u00e9let\u00e9be. \u00c9s akkor itt a harmadik t\u00e9nyez\u0151, hogy nagyon n\u00e9pszer\u0171. \u0150 ezt igaz\u00e1n m\u00e9g nem tudja \u00e1t\u00e9rezni, de felismerik az utc\u00e1n, \u00e9s ezt meg kell tan\u00edtani j\u00f3l kezelni, holott m\u00e9g nek\u00fcnk sz\u00fcl\u0151knek sem egyszer\u0171.<\/p>\n\n\n\n<p><strong><em>Tulajdonk\u00e9ppen nektek k\u00f6sz\u00f6nhet\u0151, hogy ez a betegs\u00e9g ekkora figyelmet kapott \u00e9s \u00e1llamilag t\u00e1mogatott lett.<\/em><\/strong><\/p>\n\n\n\n<p>Amikor 3 \u00e9ve ezt elkezdt\u00fck, m\u00e9g maga az orvosi k\u00f6z\u00f6ss\u00e9g sem igaz\u00e1n hallott err\u0151l a kezel\u00e9sr\u0151l, \u00e9s most m\u00e1r h\u00e1l istennek t\u00f6bb gyermek is megkapta, \u00e1llamilag finansz\u00edrozottan. Nyilv\u00e1n m\u00e9g vannak agg\u00e1lyok, meg k\u00e9rd\u00e9sek \u00e9s mindig vannak, akik k\u00edv\u00fcl esnek ezen a k\u00f6r\u00f6n sajnos. \u0150k gy\u0171jtenek tov\u00e1bbra is.&nbsp; Ez az embert\u00f6meg, aki k\u00f6veti az oldalunkat, nagyon sokszor seg\u00edtett m\u00e1r m\u00e1soknak is.<\/p>\n\n\n\n<p>Most egy\u00e9bk\u00e9nt elindul ennek a betegs\u00e9gnek az \u00fajsz\u00fcl\u00f6tt-sz\u0171r\u00e9se, \u00e9s Zente ennek a kamp\u00e1ny\u00e1ban is benne lesz, \u00edgy mi is nagyon sok emberhez el tudjuk juttatni ezt az \u00fczenetet is. Sajnos ezt a betegs\u00e9get nem lehet teljesen elt\u00f6r\u00f6lni \u00e9s \u00e9vente minimum 15 \u00faj gyerek van, ez\u00e9rt j\u00f3, hogyha tudnak err\u0151l a leend\u0151 sz\u00fcl\u0151k.<\/p>\n\n\n\n<figure class=\"wp-block-image size-large\"><img loading=\"lazy\" decoding=\"async\" width=\"1024\" height=\"681\" src=\"http:\/\/news.access4you.io\/wp-content\/uploads\/2022\/10\/k34-1024x681.jpg\" alt=\"\" class=\"wp-image-4699\" srcset=\"https:\/\/news.access4you.io\/wp-content\/uploads\/2022\/10\/k34-1024x681.jpg 1024w, https:\/\/news.access4you.io\/wp-content\/uploads\/2022\/10\/k34-300x200.jpg 300w, https:\/\/news.access4you.io\/wp-content\/uploads\/2022\/10\/k34-768x511.jpg 768w, https:\/\/news.access4you.io\/wp-content\/uploads\/2022\/10\/k34-1536x1022.jpg 1536w, https:\/\/news.access4you.io\/wp-content\/uploads\/2022\/10\/k34-2048x1363.jpg 2048w, https:\/\/news.access4you.io\/wp-content\/uploads\/2022\/10\/k34-18x12.jpg 18w\" sizes=\"auto, (max-width: 1024px) 100vw, 1024px\" \/><\/figure>\n\n\n\n<p><strong><em>Az az \u00e9rz\u00e9sem, hogy az embereknek valahogy visszaadta az emberis\u00e9gbe vetett hit\u00e9t a t\u00f6rt\u00e9netetek.<\/em><\/strong><\/p>\n\n\n\n<p>Igen, ez ilyen hidegr\u00e1z\u00f3s; sokan akkor j\u00f6nnek Zente oldal\u00e1ra, amikor nagyon rossz napjuk van. Lehet, hogy ez\u00e9rt is lett most megint 8 ezerrel t\u00f6bb k\u00f6vet\u0151 az oldalon, mert annyira elkeseredettek az emberek a mindennapokban, hogy kell nekik valami, amib\u0151l er\u0151t lehet mer\u00edteni. Sokan \u00edrj\u00e1k, hogy ez volt \u00e9let\u00fck legjobb befektet\u00e9se. H\u00e1rom \u00e9ve 700 Ft-ot r\u00e1sz\u00e1ntak erre, \u00e9s ez saj\u00e1t maguknak is egy v\u00e1llvereget\u00e9s, hogy j\u00f3l d\u00f6nt\u00f6ttem. Ez egy nagy k\u00f6z\u00f6s projekt volt, \u00e9s k\u00edv\u00e1ncsiak.<\/p>\n\n\n\n<p><strong><em>\u00c9s \u00edgy figyelemmel is k\u00eds\u00e9rheti mindenki, hogy Zente napr\u00f3l napra egyre jobban, \u00fcgyesebben mozog. M\u00e1r nem is haszn\u00e1ltok kerekessz\u00e9ket?<\/em><\/strong><\/p>\n\n\n\n<p>A saj\u00e1t otthonunkban ink\u00e1bb j\u00e1r\u00f3kerettel k\u00f6zlekedik vagy n\u00e9gyk\u00e9zl\u00e1b, n\u00e9ha popsin cs\u00faszva. Az \u00f3vod\u00e1ban a helyi adotts\u00e1gok nem teszik lehet\u0151v\u00e9, mert nem egy akad\u00e1lymentes \u00f3voda, ott vagy seg\u00edtenek neki, vagy kismotorral j\u00f6n megy. Alapvet\u0151en keveset \u00fcl kerekessz\u00e9kben, p\u00e9ld\u00e1ul, ha nagyobb \u00fatra vagy v\u00e1rosi s\u00e9t\u00e1ra indulunk. Mindenkinek egyszer\u0171bb \u00e9s megmarad a mozg\u00e1s szabads\u00e1ga, hiszen oda gurul, ahova akar, illetve ahova engedj\u00fck. Sokan nem szeretik a gyerek\u00fcket kerekessz\u00e9kbe tenni, de nekem sz\u00e9p l\u00e1tv\u00e1ny; 10 h\u00f3naposan kapta, r\u00f6gt\u00f6n el is tudta ind\u00edtani \u00e9s annyira boldog volt!<\/p>\n\n\n\n<p>\u0150 mag\u00e1t nem sorolja a kerekessz\u00e9kesek k\u00f6z\u00e9. Azt mondja, hogy \u201eAnya, \u00e9n tudok j\u00e1rni\u201d \u00e9s gyakorlatilag igaza van, mert val\u00f3ban tud j\u00e1rni, csak nem eg\u00e9sz nap. H\u00e1l istennek benne m\u00e9g nem alakult ki a betegs\u00e9gszeml\u00e9let. Vannak, akik ink\u00e1bb elkezdik tagadni a saj\u00e1t betegs\u00e9g\u00fcket, mert azt gondolj\u00e1k, hogy \u00edgy uralj\u00e1k ment\u00e1lisan, de \u00e9n ezzel nem \u00e9rtek egyet. Nem fogom azt mondani, hogy \u201eKisfiam, neked semmi bajod nincsen\u201d, mert szerintem tudnia kell ezt valamilyen szinten, de \u00f6r\u00fcl\u00f6k, hogy nincs belekeseredve ebbe a helyzetbe.<\/p>\n\n\n\n<p><strong><em>Mik a tapasztalataid az akad\u00e1lymentess\u00e9ggel kapcsolatban?<\/em><\/strong><\/p>\n\n\n\n<p>Magyarorsz\u00e1gon babakocsival sem jutsz el a vil\u00e1gon sehova, nem is kell, hogy betegs\u00e9ged legyen.<\/p>\n\n\n\n<p>P\u00e9cs mellett \u00e9l\u00fcnk, \u00e9s gyakran j\u00e1runk Budapestre k\u00f3rh\u00e1zba. Amikor ki tudjuk harcolni, hogy ne kelljen bent aludni, akkor sz\u00e1ll\u00e1s kell. Katasztr\u00f3fa, hogy gyakran, ami akad\u00e1lymentesk\u00e9nt van jel\u00f6lve, az a val\u00f3s\u00e1gban egy marhas\u00e1g, teh\u00e1t semmilyen szempontb\u00f3l sem akad\u00e1lymentes. Nem att\u00f3l lesz egy lak\u00e1s akad\u00e1lymentes, hogy fel tudsz menni lifttel, mert azon, hogy a liftig, hogy m\u00e9sz fel, m\u00e1r nem gondolkoznak. Vagy ott vannak a lak\u00e1son bel\u00fcli szintk\u00fcl\u00f6nbs\u00e9gek, a hatalmas padk\u00e1k, a nagy peremes zuhanyt\u00e1lc\u00e1k. Ezerf\u00e9le buktat\u00f3 van. A kerekessz\u00e9kes szem\u00e9lyeknek maxim\u00e1lis kreativit\u00e1sa van sz\u00fcks\u00e9g\u00fck. Mi is m\u00e1r nem egyszer, nem k\u00e9tszer csin\u00e1ltunk p\u00e9ld\u00e1ul faanyagb\u00f3l r\u00e1mp\u00e1t. Most ny\u00e1ron is, amikor meg\u00e9rkezt\u00fcnk Olaszorsz\u00e1gba, r\u00f6gt\u00f6n l\u00e1ttuk, hogy f\u00farni, faragni kell, k\u00fcl\u00f6nben nem fogunk tudni bejutni a lak\u00e1sba.<\/p>\n\n\n\n<p><strong><em>Az Access4you \u00f6tlete is egy ilyen t\u00f6rt\u00e9netnek k\u00f6sz\u00f6nhet\u0151. Az alap\u00edt\u00f3nk, Berecz Bal\u00e1zs egy lisszaboni akad\u00e1lymentes sz\u00e1ll\u00e1s l\u00e9pcs\u0151je(!) el\u0151tt fogalmazta meg, hogy sz\u00fcks\u00e9g van egy k\u00f6z\u00f6s nyelvre az akad\u00e1lymentess\u00e9gr\u0151l.<\/em><\/strong><\/p>\n\n\n\n<p>Nagyon klassz dolog, amit kital\u00e1ltatok. \u00c9n \u00fagy \u00e9rzem, m\u00e9g nem vagyok c\u00e9lk\u00f6z\u00f6ns\u00e9g, mert m\u00e9g csak 13 kil\u00f3 a gyerekem \u00e9s b\u00e1rmikor felkapom, de amikor Zente keresztanyuk\u00e1j\u00e1val megy\u00fcnk valahova, aki szint\u00e9n SMA-s, az k\u00fczdelmes. Egy 100 kil\u00f3s elektromos kerekessz\u00e9ket \u00e9s egy feln\u0151tt n\u0151t felemelni m\u00e1r kor\u00e1ntsem olyan egyszer\u0171, \u00e9s m\u00e9gis nagyon sokszor van r\u00e1 sz\u00fcks\u00e9g sajnos.<\/p>\n\n\n\n<p><em>Sz\u00f6veg \u00e9s interj\u00fa: Szil\u00e1gyi Andrea<br>Fot\u00f3k forr\u00e1sa: T\u00f3th Krisztina<\/em><\/p>\n\n\n\n<p><em>Olvass m\u00e9g t\u00f6bb tartalmat sp\u00e9ci emberekr\u0151l, az akad\u00e1lymentess\u00e9gr\u0151l \u00e9s a t\u00e1rsadalmi inkl\u00fazi\u00f3r\u00f3l az\u00a0<a href=\"http:\/\/news.access4you.io\/en\/\" target=\"_blank\" rel=\"noreferrer noopener\">Access4you h\u00edrei<\/a>\u00a0k\u00f6z\u00f6tt. N\u00e9zz k\u00f6rbe a\u00a0<a href=\"https:\/\/access4you.io\/places\" target=\"_blank\" rel=\"noreferrer noopener\">Tan\u00fas\u00edtott helysz\u00ednek<\/a>\u00a0men\u00fcben, ahol r\u00e9szletes inform\u00e1ci\u00f3t adunk a felm\u00e9r\u00e9sben r\u00e9sztvev\u0151 helysz\u00ednek akad\u00e1lymentess\u00e9g\u00e9r\u0151l, mindezt 8 + 1 sp\u00e9ci csoport ig\u00e9nyei alapj\u00e1n: kerekessz\u00e9ket haszn\u00e1l\u00f3k, babakocsival k\u00f6zleked\u0151k, id\u0151sek \u00e9s mozg\u00e1sukban korl\u00e1tozottak, siketek, nagyothall\u00f3k, vakok, gyeng\u00e9nl\u00e1t\u00f3k, kognit\u00edv zavarral \u00e9l\u0151k, valamint (+1) seg\u00edt\u0151kuty\u00e1val k\u00f6zleked\u0151k sz\u00e1m\u00e1ra.<\/em><\/p>","protected":false},"excerpt":{"rendered":"<p>H\u00e1rom \u00e9ve egy orsz\u00e1g tanulta meg a ritka genetikai betegs\u00e9g, az SMA nev\u00e9t \u00e9s fogott \u00f6ssze az\u00e9rt, hogy Zente (akkor baba, most m\u00e1r n\u00e9gy \u00e9s f\u00e9l \u00e9ves nagyfi\u00fa!) megkaphassa a vil\u00e1g legdr\u00e1g\u00e1bb gy\u00f3gykezel\u00e9s\u00e9t. \u00c9desanyj\u00e1val most Zente fejl\u0151d\u00e9s\u00e9r\u0151l, anyas\u00e1gr\u00f3l, felel\u0151ss\u00e9gr\u0151l \u00e9s a nem \u00e1tlagos mindennapokr\u00f3l besz\u00e9lgett\u00fcnk. Azt hiszem az eg\u00e9sz orsz\u00e1got \u00e9rdekli, hogy hogy vagytok most? [&hellip;]<\/p>","protected":false},"author":1,"featured_media":4698,"comment_status":"closed","ping_status":"closed","sticky":false,"template":"","format":"standard","meta":{"footnotes":""},"categories":[1],"tags":[],"class_list":["post-4689","post","type-post","status-publish","format-standard","has-post-thumbnail","hentry","category-rovat"],"yoast_head":"<!-- This site is optimized with the Yoast SEO plugin v23.8 - https:\/\/yoast.com\/wordpress\/plugins\/seo\/ -->\n<title>Sokan \u00edrj\u00e1k, hogy ez volt \u00e9let\u00fck legjobb befektet\u00e9se \u2013 interj\u00fa T\u00f3th Krisztin\u00e1val, Zente anyuk\u00e1j\u00e1val - Access4you H\u00edrek<\/title>\n<meta name=\"description\" content=\"H\u00e1rom \u00e9ve egy orsz\u00e1g tanulta meg a ritka genetikai betegs\u00e9g, az SMA nev\u00e9t \u00e9s fogott \u00f6ssze az\u00e9rt, hogy Zente (akkor baba, most m\u00e1r n\u00e9gy \u00e9s f\u00e9l \u00e9ves nagyfi\u00fa!) megkaphassa a vil\u00e1g legdr\u00e1g\u00e1bb gy\u00f3gykezel\u00e9s\u00e9t. \u00c9desanyj\u00e1val most Zente fejl\u0151d\u00e9s\u00e9r\u0151l, anyas\u00e1gr\u00f3l, felel\u0151ss\u00e9gr\u0151l \u00e9s a nem \u00e1tlagos mindennapokr\u00f3l besz\u00e9lgett\u00fcnk.\" \/>\n<meta name=\"robots\" content=\"index, follow, max-snippet:-1, max-image-preview:large, max-video-preview:-1\" \/>\n<link rel=\"canonical\" href=\"https:\/\/news.access4you.io\/en\/2022\/10\/28\/sokan-irjak-hogy-ez-volt-eletuk-legjobb-befektetese-interju-toth-krisztinaval-zente-anyukajaval\/\" \/>\n<meta property=\"og:locale\" content=\"en_US\" \/>\n<meta property=\"og:type\" content=\"article\" \/>\n<meta property=\"og:title\" content=\"Sokan \u00edrj\u00e1k, hogy ez volt \u00e9let\u00fck legjobb befektet\u00e9se \u2013 interj\u00fa T\u00f3th Krisztin\u00e1val, Zente anyuk\u00e1j\u00e1val - Access4you H\u00edrek\" \/>\n<meta property=\"og:description\" content=\"H\u00e1rom \u00e9ve egy orsz\u00e1g tanulta meg a ritka genetikai betegs\u00e9g, az SMA nev\u00e9t \u00e9s fogott \u00f6ssze az\u00e9rt, hogy Zente (akkor baba, most m\u00e1r n\u00e9gy \u00e9s f\u00e9l \u00e9ves nagyfi\u00fa!) megkaphassa a vil\u00e1g legdr\u00e1g\u00e1bb gy\u00f3gykezel\u00e9s\u00e9t. \u00c9desanyj\u00e1val most Zente fejl\u0151d\u00e9s\u00e9r\u0151l, anyas\u00e1gr\u00f3l, felel\u0151ss\u00e9gr\u0151l \u00e9s a nem \u00e1tlagos mindennapokr\u00f3l besz\u00e9lgett\u00fcnk.\" \/>\n<meta property=\"og:url\" content=\"https:\/\/news.access4you.io\/en\/2022\/10\/28\/sokan-irjak-hogy-ez-volt-eletuk-legjobb-befektetese-interju-toth-krisztinaval-zente-anyukajaval\/\" \/>\n<meta property=\"og:site_name\" content=\"Access4you H\u00edrek\" \/>\n<meta property=\"article:published_time\" content=\"2022-10-28T07:24:06+00:00\" \/>\n<meta property=\"article:modified_time\" content=\"2022-10-28T07:24:07+00:00\" \/>\n<meta property=\"og:image\" content=\"https:\/\/news.access4you.io\/wp-content\/uploads\/2022\/10\/IMG_20210218_110103-2-1-scaled.jpg\" \/>\n\t<meta property=\"og:image:width\" content=\"2560\" \/>\n\t<meta property=\"og:image:height\" content=\"2192\" \/>\n\t<meta property=\"og:image:type\" content=\"image\/jpeg\" \/>\n<meta name=\"author\" content=\"access4you\" \/>\n<meta name=\"twitter:card\" content=\"summary_large_image\" \/>\n<meta name=\"twitter:label1\" content=\"Written by\" \/>\n\t<meta name=\"twitter:data1\" content=\"access4you\" \/>\n\t<meta name=\"twitter:label2\" content=\"Est. reading time\" \/>\n\t<meta name=\"twitter:data2\" content=\"7 minutes\" \/>\n<script type=\"application\/ld+json\" class=\"yoast-schema-graph\">{\"@context\":\"https:\/\/schema.org\",\"@graph\":[{\"@type\":\"Article\",\"@id\":\"https:\/\/news.access4you.io\/2022\/10\/28\/sokan-irjak-hogy-ez-volt-eletuk-legjobb-befektetese-interju-toth-krisztinaval-zente-anyukajaval\/#article\",\"isPartOf\":{\"@id\":\"https:\/\/news.access4you.io\/2022\/10\/28\/sokan-irjak-hogy-ez-volt-eletuk-legjobb-befektetese-interju-toth-krisztinaval-zente-anyukajaval\/\"},\"author\":{\"name\":\"access4you\",\"@id\":\"https:\/\/news.access4you.io\/#\/schema\/person\/cb4fff088aa5f5f43a6f4ce3a1e2e084\"},\"headline\":\"Sokan \u00edrj\u00e1k, hogy ez volt \u00e9let\u00fck legjobb befektet\u00e9se \u2013 interj\u00fa T\u00f3th Krisztin\u00e1val, Zente anyuk\u00e1j\u00e1val\",\"datePublished\":\"2022-10-28T07:24:06+00:00\",\"dateModified\":\"2022-10-28T07:24:07+00:00\",\"mainEntityOfPage\":{\"@id\":\"https:\/\/news.access4you.io\/2022\/10\/28\/sokan-irjak-hogy-ez-volt-eletuk-legjobb-befektetese-interju-toth-krisztinaval-zente-anyukajaval\/\"},\"wordCount\":1641,\"publisher\":{\"@id\":\"https:\/\/news.access4you.io\/#organization\"},\"image\":{\"@id\":\"https:\/\/news.access4you.io\/2022\/10\/28\/sokan-irjak-hogy-ez-volt-eletuk-legjobb-befektetese-interju-toth-krisztinaval-zente-anyukajaval\/#primaryimage\"},\"thumbnailUrl\":\"https:\/\/news.access4you.io\/wp-content\/uploads\/2022\/10\/IMG_20210218_110103-2-1-scaled.jpg\",\"articleSection\":[\"Rovat\"],\"inLanguage\":\"en-US\"},{\"@type\":\"WebPage\",\"@id\":\"https:\/\/news.access4you.io\/2022\/10\/28\/sokan-irjak-hogy-ez-volt-eletuk-legjobb-befektetese-interju-toth-krisztinaval-zente-anyukajaval\/\",\"url\":\"https:\/\/news.access4you.io\/2022\/10\/28\/sokan-irjak-hogy-ez-volt-eletuk-legjobb-befektetese-interju-toth-krisztinaval-zente-anyukajaval\/\",\"name\":\"Sokan \u00edrj\u00e1k, hogy ez volt \u00e9let\u00fck legjobb befektet\u00e9se \u2013 interj\u00fa T\u00f3th Krisztin\u00e1val, Zente anyuk\u00e1j\u00e1val - Access4you H\u00edrek\",\"isPartOf\":{\"@id\":\"https:\/\/news.access4you.io\/#website\"},\"primaryImageOfPage\":{\"@id\":\"https:\/\/news.access4you.io\/2022\/10\/28\/sokan-irjak-hogy-ez-volt-eletuk-legjobb-befektetese-interju-toth-krisztinaval-zente-anyukajaval\/#primaryimage\"},\"image\":{\"@id\":\"https:\/\/news.access4you.io\/2022\/10\/28\/sokan-irjak-hogy-ez-volt-eletuk-legjobb-befektetese-interju-toth-krisztinaval-zente-anyukajaval\/#primaryimage\"},\"thumbnailUrl\":\"https:\/\/news.access4you.io\/wp-content\/uploads\/2022\/10\/IMG_20210218_110103-2-1-scaled.jpg\",\"datePublished\":\"2022-10-28T07:24:06+00:00\",\"dateModified\":\"2022-10-28T07:24:07+00:00\",\"description\":\"H\u00e1rom \u00e9ve egy orsz\u00e1g tanulta meg a ritka genetikai betegs\u00e9g, az SMA nev\u00e9t \u00e9s fogott \u00f6ssze az\u00e9rt, hogy Zente (akkor baba, most m\u00e1r n\u00e9gy \u00e9s f\u00e9l \u00e9ves nagyfi\u00fa!) megkaphassa a vil\u00e1g legdr\u00e1g\u00e1bb gy\u00f3gykezel\u00e9s\u00e9t. \u00c9desanyj\u00e1val most Zente fejl\u0151d\u00e9s\u00e9r\u0151l, anyas\u00e1gr\u00f3l, felel\u0151ss\u00e9gr\u0151l \u00e9s a nem \u00e1tlagos mindennapokr\u00f3l besz\u00e9lgett\u00fcnk.\",\"breadcrumb\":{\"@id\":\"https:\/\/news.access4you.io\/2022\/10\/28\/sokan-irjak-hogy-ez-volt-eletuk-legjobb-befektetese-interju-toth-krisztinaval-zente-anyukajaval\/#breadcrumb\"},\"inLanguage\":\"en-US\",\"potentialAction\":[{\"@type\":\"ReadAction\",\"target\":[\"https:\/\/news.access4you.io\/2022\/10\/28\/sokan-irjak-hogy-ez-volt-eletuk-legjobb-befektetese-interju-toth-krisztinaval-zente-anyukajaval\/\"]}]},{\"@type\":\"ImageObject\",\"inLanguage\":\"en-US\",\"@id\":\"https:\/\/news.access4you.io\/2022\/10\/28\/sokan-irjak-hogy-ez-volt-eletuk-legjobb-befektetese-interju-toth-krisztinaval-zente-anyukajaval\/#primaryimage\",\"url\":\"https:\/\/news.access4you.io\/wp-content\/uploads\/2022\/10\/IMG_20210218_110103-2-1-scaled.jpg\",\"contentUrl\":\"https:\/\/news.access4you.io\/wp-content\/uploads\/2022\/10\/IMG_20210218_110103-2-1-scaled.jpg\",\"width\":2560,\"height\":2192,\"caption\":\"rpt\"},{\"@type\":\"BreadcrumbList\",\"@id\":\"https:\/\/news.access4you.io\/2022\/10\/28\/sokan-irjak-hogy-ez-volt-eletuk-legjobb-befektetese-interju-toth-krisztinaval-zente-anyukajaval\/#breadcrumb\",\"itemListElement\":[{\"@type\":\"ListItem\",\"position\":1,\"name\":\"Kezd\u0151lap\",\"item\":\"https:\/\/news.access4you.io\/\"},{\"@type\":\"ListItem\",\"position\":2,\"name\":\"Sokan \u00edrj\u00e1k, hogy ez volt \u00e9let\u00fck legjobb befektet\u00e9se \u2013 interj\u00fa T\u00f3th Krisztin\u00e1val, Zente anyuk\u00e1j\u00e1val\"}]},{\"@type\":\"WebSite\",\"@id\":\"https:\/\/news.access4you.io\/#website\",\"url\":\"https:\/\/news.access4you.io\/\",\"name\":\"Access4you H\u00edrek\",\"description\":\"\",\"publisher\":{\"@id\":\"https:\/\/news.access4you.io\/#organization\"},\"potentialAction\":[{\"@type\":\"SearchAction\",\"target\":{\"@type\":\"EntryPoint\",\"urlTemplate\":\"https:\/\/news.access4you.io\/?s={search_term_string}\"},\"query-input\":{\"@type\":\"PropertyValueSpecification\",\"valueRequired\":true,\"valueName\":\"search_term_string\"}}],\"inLanguage\":\"en-US\"},{\"@type\":\"Organization\",\"@id\":\"https:\/\/news.access4you.io\/#organization\",\"name\":\"Access4you H\u00edrek\",\"url\":\"https:\/\/news.access4you.io\/\",\"logo\":{\"@type\":\"ImageObject\",\"inLanguage\":\"en-US\",\"@id\":\"https:\/\/news.access4you.io\/#\/schema\/logo\/image\/\",\"url\":\"https:\/\/news.access4you.io\/wp-content\/uploads\/2021\/01\/a4u-logo-black.png\",\"contentUrl\":\"https:\/\/news.access4you.io\/wp-content\/uploads\/2021\/01\/a4u-logo-black.png\",\"width\":726,\"height\":454,\"caption\":\"Access4you H\u00edrek\"},\"image\":{\"@id\":\"https:\/\/news.access4you.io\/#\/schema\/logo\/image\/\"}},{\"@type\":\"Person\",\"@id\":\"https:\/\/news.access4you.io\/#\/schema\/person\/cb4fff088aa5f5f43a6f4ce3a1e2e084\",\"name\":\"access4you\",\"image\":{\"@type\":\"ImageObject\",\"inLanguage\":\"en-US\",\"@id\":\"https:\/\/news.access4you.io\/#\/schema\/person\/image\/\",\"url\":\"https:\/\/secure.gravatar.com\/avatar\/9795a8b3afc7ed258d167a92dbb1075b37bab5bc83b1ac9182ff4f58c22040b8?s=96&d=mm&r=g\",\"contentUrl\":\"https:\/\/secure.gravatar.com\/avatar\/9795a8b3afc7ed258d167a92dbb1075b37bab5bc83b1ac9182ff4f58c22040b8?s=96&d=mm&r=g\",\"caption\":\"access4you\"},\"sameAs\":[\"http:\/\/localhost\/access4you\"],\"url\":\"https:\/\/news.access4you.io\/en\/author\/access4you\/\"}]}<\/script>\n<!-- \/ Yoast SEO plugin. -->","yoast_head_json":{"title":"Sokan \u00edrj\u00e1k, hogy ez volt \u00e9let\u00fck legjobb befektet\u00e9se \u2013 interj\u00fa T\u00f3th Krisztin\u00e1val, Zente anyuk\u00e1j\u00e1val - Access4you H\u00edrek","description":"H\u00e1rom \u00e9ve egy orsz\u00e1g tanulta meg a ritka genetikai betegs\u00e9g, az SMA nev\u00e9t \u00e9s fogott \u00f6ssze az\u00e9rt, hogy Zente (akkor baba, most m\u00e1r n\u00e9gy \u00e9s f\u00e9l \u00e9ves nagyfi\u00fa!) megkaphassa a vil\u00e1g legdr\u00e1g\u00e1bb gy\u00f3gykezel\u00e9s\u00e9t. \u00c9desanyj\u00e1val most Zente fejl\u0151d\u00e9s\u00e9r\u0151l, anyas\u00e1gr\u00f3l, felel\u0151ss\u00e9gr\u0151l \u00e9s a nem \u00e1tlagos mindennapokr\u00f3l besz\u00e9lgett\u00fcnk.","robots":{"index":"index","follow":"follow","max-snippet":"max-snippet:-1","max-image-preview":"max-image-preview:large","max-video-preview":"max-video-preview:-1"},"canonical":"https:\/\/news.access4you.io\/en\/2022\/10\/28\/sokan-irjak-hogy-ez-volt-eletuk-legjobb-befektetese-interju-toth-krisztinaval-zente-anyukajaval\/","og_locale":"en_US","og_type":"article","og_title":"Sokan \u00edrj\u00e1k, hogy ez volt \u00e9let\u00fck legjobb befektet\u00e9se \u2013 interj\u00fa T\u00f3th Krisztin\u00e1val, Zente anyuk\u00e1j\u00e1val - Access4you H\u00edrek","og_description":"H\u00e1rom \u00e9ve egy orsz\u00e1g tanulta meg a ritka genetikai betegs\u00e9g, az SMA nev\u00e9t \u00e9s fogott \u00f6ssze az\u00e9rt, hogy Zente (akkor baba, most m\u00e1r n\u00e9gy \u00e9s f\u00e9l \u00e9ves nagyfi\u00fa!) megkaphassa a vil\u00e1g legdr\u00e1g\u00e1bb gy\u00f3gykezel\u00e9s\u00e9t. \u00c9desanyj\u00e1val most Zente fejl\u0151d\u00e9s\u00e9r\u0151l, anyas\u00e1gr\u00f3l, felel\u0151ss\u00e9gr\u0151l \u00e9s a nem \u00e1tlagos mindennapokr\u00f3l besz\u00e9lgett\u00fcnk.","og_url":"https:\/\/news.access4you.io\/en\/2022\/10\/28\/sokan-irjak-hogy-ez-volt-eletuk-legjobb-befektetese-interju-toth-krisztinaval-zente-anyukajaval\/","og_site_name":"Access4you H\u00edrek","article_published_time":"2022-10-28T07:24:06+00:00","article_modified_time":"2022-10-28T07:24:07+00:00","og_image":[{"width":2560,"height":2192,"url":"https:\/\/news.access4you.io\/wp-content\/uploads\/2022\/10\/IMG_20210218_110103-2-1-scaled.jpg","type":"image\/jpeg"}],"author":"access4you","twitter_card":"summary_large_image","twitter_misc":{"Written by":"access4you","Est. reading time":"7 minutes"},"schema":{"@context":"https:\/\/schema.org","@graph":[{"@type":"Article","@id":"https:\/\/news.access4you.io\/2022\/10\/28\/sokan-irjak-hogy-ez-volt-eletuk-legjobb-befektetese-interju-toth-krisztinaval-zente-anyukajaval\/#article","isPartOf":{"@id":"https:\/\/news.access4you.io\/2022\/10\/28\/sokan-irjak-hogy-ez-volt-eletuk-legjobb-befektetese-interju-toth-krisztinaval-zente-anyukajaval\/"},"author":{"name":"access4you","@id":"https:\/\/news.access4you.io\/#\/schema\/person\/cb4fff088aa5f5f43a6f4ce3a1e2e084"},"headline":"Sokan \u00edrj\u00e1k, hogy ez volt \u00e9let\u00fck legjobb befektet\u00e9se \u2013 interj\u00fa T\u00f3th Krisztin\u00e1val, Zente anyuk\u00e1j\u00e1val","datePublished":"2022-10-28T07:24:06+00:00","dateModified":"2022-10-28T07:24:07+00:00","mainEntityOfPage":{"@id":"https:\/\/news.access4you.io\/2022\/10\/28\/sokan-irjak-hogy-ez-volt-eletuk-legjobb-befektetese-interju-toth-krisztinaval-zente-anyukajaval\/"},"wordCount":1641,"publisher":{"@id":"https:\/\/news.access4you.io\/#organization"},"image":{"@id":"https:\/\/news.access4you.io\/2022\/10\/28\/sokan-irjak-hogy-ez-volt-eletuk-legjobb-befektetese-interju-toth-krisztinaval-zente-anyukajaval\/#primaryimage"},"thumbnailUrl":"https:\/\/news.access4you.io\/wp-content\/uploads\/2022\/10\/IMG_20210218_110103-2-1-scaled.jpg","articleSection":["Rovat"],"inLanguage":"en-US"},{"@type":"WebPage","@id":"https:\/\/news.access4you.io\/2022\/10\/28\/sokan-irjak-hogy-ez-volt-eletuk-legjobb-befektetese-interju-toth-krisztinaval-zente-anyukajaval\/","url":"https:\/\/news.access4you.io\/2022\/10\/28\/sokan-irjak-hogy-ez-volt-eletuk-legjobb-befektetese-interju-toth-krisztinaval-zente-anyukajaval\/","name":"Sokan \u00edrj\u00e1k, hogy ez volt \u00e9let\u00fck legjobb befektet\u00e9se \u2013 interj\u00fa T\u00f3th Krisztin\u00e1val, Zente anyuk\u00e1j\u00e1val - Access4you H\u00edrek","isPartOf":{"@id":"https:\/\/news.access4you.io\/#website"},"primaryImageOfPage":{"@id":"https:\/\/news.access4you.io\/2022\/10\/28\/sokan-irjak-hogy-ez-volt-eletuk-legjobb-befektetese-interju-toth-krisztinaval-zente-anyukajaval\/#primaryimage"},"image":{"@id":"https:\/\/news.access4you.io\/2022\/10\/28\/sokan-irjak-hogy-ez-volt-eletuk-legjobb-befektetese-interju-toth-krisztinaval-zente-anyukajaval\/#primaryimage"},"thumbnailUrl":"https:\/\/news.access4you.io\/wp-content\/uploads\/2022\/10\/IMG_20210218_110103-2-1-scaled.jpg","datePublished":"2022-10-28T07:24:06+00:00","dateModified":"2022-10-28T07:24:07+00:00","description":"H\u00e1rom \u00e9ve egy orsz\u00e1g tanulta meg a ritka genetikai betegs\u00e9g, az SMA nev\u00e9t \u00e9s fogott \u00f6ssze az\u00e9rt, hogy Zente (akkor baba, most m\u00e1r n\u00e9gy \u00e9s f\u00e9l \u00e9ves nagyfi\u00fa!) megkaphassa a vil\u00e1g legdr\u00e1g\u00e1bb gy\u00f3gykezel\u00e9s\u00e9t. \u00c9desanyj\u00e1val most Zente fejl\u0151d\u00e9s\u00e9r\u0151l, anyas\u00e1gr\u00f3l, felel\u0151ss\u00e9gr\u0151l \u00e9s a nem \u00e1tlagos mindennapokr\u00f3l besz\u00e9lgett\u00fcnk.","breadcrumb":{"@id":"https:\/\/news.access4you.io\/2022\/10\/28\/sokan-irjak-hogy-ez-volt-eletuk-legjobb-befektetese-interju-toth-krisztinaval-zente-anyukajaval\/#breadcrumb"},"inLanguage":"en-US","potentialAction":[{"@type":"ReadAction","target":["https:\/\/news.access4you.io\/2022\/10\/28\/sokan-irjak-hogy-ez-volt-eletuk-legjobb-befektetese-interju-toth-krisztinaval-zente-anyukajaval\/"]}]},{"@type":"ImageObject","inLanguage":"en-US","@id":"https:\/\/news.access4you.io\/2022\/10\/28\/sokan-irjak-hogy-ez-volt-eletuk-legjobb-befektetese-interju-toth-krisztinaval-zente-anyukajaval\/#primaryimage","url":"https:\/\/news.access4you.io\/wp-content\/uploads\/2022\/10\/IMG_20210218_110103-2-1-scaled.jpg","contentUrl":"https:\/\/news.access4you.io\/wp-content\/uploads\/2022\/10\/IMG_20210218_110103-2-1-scaled.jpg","width":2560,"height":2192,"caption":"rpt"},{"@type":"BreadcrumbList","@id":"https:\/\/news.access4you.io\/2022\/10\/28\/sokan-irjak-hogy-ez-volt-eletuk-legjobb-befektetese-interju-toth-krisztinaval-zente-anyukajaval\/#breadcrumb","itemListElement":[{"@type":"ListItem","position":1,"name":"Kezd\u0151lap","item":"https:\/\/news.access4you.io\/"},{"@type":"ListItem","position":2,"name":"Sokan \u00edrj\u00e1k, hogy ez volt \u00e9let\u00fck legjobb befektet\u00e9se \u2013 interj\u00fa T\u00f3th Krisztin\u00e1val, Zente anyuk\u00e1j\u00e1val"}]},{"@type":"WebSite","@id":"https:\/\/news.access4you.io\/#website","url":"https:\/\/news.access4you.io\/","name":"Access4you H\u00edrek","description":"","publisher":{"@id":"https:\/\/news.access4you.io\/#organization"},"potentialAction":[{"@type":"SearchAction","target":{"@type":"EntryPoint","urlTemplate":"https:\/\/news.access4you.io\/?s={search_term_string}"},"query-input":{"@type":"PropertyValueSpecification","valueRequired":true,"valueName":"search_term_string"}}],"inLanguage":"en-US"},{"@type":"Organization","@id":"https:\/\/news.access4you.io\/#organization","name":"Access4you H\u00edrek","url":"https:\/\/news.access4you.io\/","logo":{"@type":"ImageObject","inLanguage":"en-US","@id":"https:\/\/news.access4you.io\/#\/schema\/logo\/image\/","url":"https:\/\/news.access4you.io\/wp-content\/uploads\/2021\/01\/a4u-logo-black.png","contentUrl":"https:\/\/news.access4you.io\/wp-content\/uploads\/2021\/01\/a4u-logo-black.png","width":726,"height":454,"caption":"Access4you H\u00edrek"},"image":{"@id":"https:\/\/news.access4you.io\/#\/schema\/logo\/image\/"}},{"@type":"Person","@id":"https:\/\/news.access4you.io\/#\/schema\/person\/cb4fff088aa5f5f43a6f4ce3a1e2e084","name":"access4you","image":{"@type":"ImageObject","inLanguage":"en-US","@id":"https:\/\/news.access4you.io\/#\/schema\/person\/image\/","url":"https:\/\/secure.gravatar.com\/avatar\/9795a8b3afc7ed258d167a92dbb1075b37bab5bc83b1ac9182ff4f58c22040b8?s=96&d=mm&r=g","contentUrl":"https:\/\/secure.gravatar.com\/avatar\/9795a8b3afc7ed258d167a92dbb1075b37bab5bc83b1ac9182ff4f58c22040b8?s=96&d=mm&r=g","caption":"access4you"},"sameAs":["http:\/\/localhost\/access4you"],"url":"https:\/\/news.access4you.io\/en\/author\/access4you\/"}]}},"_links":{"self":[{"href":"https:\/\/news.access4you.io\/en\/wp-json\/wp\/v2\/posts\/4689","targetHints":{"allow":["GET"]}}],"collection":[{"href":"https:\/\/news.access4you.io\/en\/wp-json\/wp\/v2\/posts"}],"about":[{"href":"https:\/\/news.access4you.io\/en\/wp-json\/wp\/v2\/types\/post"}],"author":[{"embeddable":true,"href":"https:\/\/news.access4you.io\/en\/wp-json\/wp\/v2\/users\/1"}],"replies":[{"embeddable":true,"href":"https:\/\/news.access4you.io\/en\/wp-json\/wp\/v2\/comments?post=4689"}],"version-history":[{"count":0,"href":"https:\/\/news.access4you.io\/en\/wp-json\/wp\/v2\/posts\/4689\/revisions"}],"wp:featuredmedia":[{"embeddable":true,"href":"https:\/\/news.access4you.io\/en\/wp-json\/wp\/v2\/media\/4698"}],"wp:attachment":[{"href":"https:\/\/news.access4you.io\/en\/wp-json\/wp\/v2\/media?parent=4689"}],"wp:term":[{"taxonomy":"category","embeddable":true,"href":"https:\/\/news.access4you.io\/en\/wp-json\/wp\/v2\/categories?post=4689"},{"taxonomy":"post_tag","embeddable":true,"href":"https:\/\/news.access4you.io\/en\/wp-json\/wp\/v2\/tags?post=4689"}],"curies":[{"name":"wp","href":"https:\/\/api.w.org\/{rel}","templated":true}]}}