{"id":4724,"date":"2023-01-04T12:02:12","date_gmt":"2023-01-04T12:02:12","guid":{"rendered":"http:\/\/news.access4you.io\/?p=4724"},"modified":"2023-01-04T12:07:37","modified_gmt":"2023-01-04T12:07:37","slug":"a-lepcsokarok-kontrasztos-jelolese-mindenki-szamara-jo","status":"publish","type":"post","link":"https:\/\/news.access4you.io\/en\/2023\/01\/04\/a-lepcsokarok-kontrasztos-jelolese-mindenki-szamara-jo\/","title":{"rendered":"A l\u00e9pcs\u0151karok kontrasztos jel\u00f6l\u00e9se mindenki sz\u00e1m\u00e1ra j\u00f3"},"content":{"rendered":"<p><\/p>\n\n\n\n<p>Gyeng\u00e9nl\u00e1t\u00f3 emberek gyakran panaszkodnak arra, hogy a kontrasztos jel\u00f6l\u00e9s n\u00e9lk\u00fcli l\u00e9pcs\u0151k r\u00e1mp\u00e1nak t\u0171nnek, emiatt bizonytalanul k\u00f6zel\u00edtik meg, nem tudj\u00e1k meg\u00e1llap\u00edtani, hogy pontosan hol kezd\u0151dik \u00e9s v\u00e9gz\u0151dik a l\u00e9pcs\u0151sor, valamint mekkor\u00e1k a l\u00e9pcs\u0151fokok. Szeml\u00e9ltet\u00e9sk\u00e9pp n\u00e9zz\u00fck meg az al\u00e1bbi k\u00e9t f\u00e9nyk\u00e9pet. \u00c9les l\u00e1t\u00e1ssal rendelkez\u0151 emberek sz\u00e1m\u00e1ra is a l\u00e9pcs\u0151karok fokai egybe mos\u00f3dnak, nehezen \u00e9szrevehet\u0151 a l\u00e9pcs\u0151k \u00e9le. Gyeng\u00e9nl\u00e1t\u00f3 emberek sz\u00e1m\u00e1ra pedig k\u00f6zel egybef\u00fcgg\u0151 vonalnak, cs\u00faszda szer\u0171nek t\u0171nhet a k\u00e9t l\u00e9pcs\u0151kar.<\/p>\n\n\n\n<figure class=\"wp-block-gallery has-nested-images columns-default is-cropped wp-block-gallery-1 is-layout-flex wp-block-gallery-is-layout-flex\">\n<figure class=\"wp-block-image size-large is-style-default\"><img loading=\"lazy\" decoding=\"async\" width=\"682\" height=\"1024\" data-id=\"4727\" src=\"http:\/\/news.access4you.io\/wp-content\/uploads\/2023\/01\/unnamed-10-1-682x1024.jpg\" alt=\"\" class=\"wp-image-4727\" srcset=\"https:\/\/news.access4you.io\/wp-content\/uploads\/2023\/01\/unnamed-10-1-682x1024.jpg 682w, https:\/\/news.access4you.io\/wp-content\/uploads\/2023\/01\/unnamed-10-1-200x300.jpg 200w, https:\/\/news.access4you.io\/wp-content\/uploads\/2023\/01\/unnamed-10-1-768x1153.jpg 768w, https:\/\/news.access4you.io\/wp-content\/uploads\/2023\/01\/unnamed-10-1-1023x1536.jpg 1023w, https:\/\/news.access4you.io\/wp-content\/uploads\/2023\/01\/unnamed-10-1-8x12.jpg 8w, https:\/\/news.access4you.io\/wp-content\/uploads\/2023\/01\/unnamed-10-1.jpg 1066w\" sizes=\"auto, (max-width: 682px) 100vw, 682px\" \/><figcaption>\u00c1bra 1.<\/figcaption><\/figure>\n\n\n\n<figure class=\"wp-block-image size-large is-style-default\"><img loading=\"lazy\" decoding=\"async\" width=\"682\" height=\"1024\" data-id=\"4726\" src=\"http:\/\/news.access4you.io\/wp-content\/uploads\/2023\/01\/unnamed-1-682x1024.jpg\" alt=\"\" class=\"wp-image-4726\" srcset=\"https:\/\/news.access4you.io\/wp-content\/uploads\/2023\/01\/unnamed-1-682x1024.jpg 682w, https:\/\/news.access4you.io\/wp-content\/uploads\/2023\/01\/unnamed-1-200x300.jpg 200w, https:\/\/news.access4you.io\/wp-content\/uploads\/2023\/01\/unnamed-1-768x1153.jpg 768w, https:\/\/news.access4you.io\/wp-content\/uploads\/2023\/01\/unnamed-1-1023x1536.jpg 1023w, https:\/\/news.access4you.io\/wp-content\/uploads\/2023\/01\/unnamed-1-8x12.jpg 8w, https:\/\/news.access4you.io\/wp-content\/uploads\/2023\/01\/unnamed-1.jpg 1066w\" sizes=\"auto, (max-width: 682px) 100vw, 682px\" \/><figcaption>\u00c1bra 2.<\/figcaption><\/figure>\n<\/figure>\n\n\n\n<p>Ha l\u00e9pt\u00e9l m\u00e1r rosszul l\u00e9pcs\u0151re, akkor eml\u00e9kszel az \u00e9rz\u00e9sre, ahogy hirtelen elfogy al\u00f3lad a talaj, szinte a gyomrodban \u00e9rzed a talpra \u00e9rkez\u00e9st &#8211; jobb esetben, rossz esetben pedig nem talpra \u00e9rkezel a v\u00e9g\u00e9n. Ett\u0151l a kellemetlen \u00e9s vesz\u00e9lyes \u00e9lm\u00e9nyt\u0151l tudjuk megk\u00edm\u00e9lni magunkat, \u00e9s gyeng\u00e9nl\u00e1t\u00f3 embereket egyar\u00e1nt, ha kontrasztosan jel\u00f6lj\u00fck a l\u00e9pcs\u0151karokat.<\/p>\n\n\n\n<p>Milyen lehet\u0151s\u00e9gek vannak a l\u00e9pcs\u0151karok kontrasztos jel\u00f6l\u00e9s\u00e9re? Kivitelez\u0151k, \u00e9p\u00fclet \u00fczemeltet\u0151k sz\u00e1m\u00e1ra a leggyakrabban felmer\u00fcl\u0151 k\u00e9rd\u00e9sek a kontrasztos jel\u00f6l\u00e9s kapcs\u00e1n:<\/p>\n\n\n\n<ul class=\"wp-block-list\"><li>Minden l\u00e9pcs\u0151fokot kell jel\u00f6lni?<\/li><li>Milyen sz\u00edn\u0171 lehet a jel\u00f6l\u00e9s?<\/li><li>A l\u00e9pcs\u0151 melyik r\u00e9sz\u00e9re kell kihelyezni a jel\u00f6l\u00e9st?<\/li><li>Milyen sz\u00e9les legyen a jel\u00f6l\u00e9s?<\/li><li>Milyen anyagb\u00f3l k\u00e9sz\u00fclj\u00f6n a jel\u00f6l\u00e9s?<\/li><li>Mett\u0151l meddig tartson a jel\u00f6l\u00e9s?<\/li><\/ul>\n\n\n\n<p>Fontos kiemelni, hogy ezek a k\u00e9rd\u00e9sek a szabv\u00e1nyoss\u00e1g, vagy valamilyen t\u00f6rv\u00e9nynek val\u00f3 megfelel\u00e9s szempontj\u00e1b\u00f3l k\u00f6zel\u00edtik meg a k\u00e9rd\u00e9st, nem a haszn\u00e1lhat\u00f3s\u00e1g \u00e9s hasznoss\u00e1g szempontj\u00e1b\u00f3l. \u00cdr\u00e1sunkban mindegyikre v\u00e1laszt adunk, azonban t\u00f6reksz\u00fcnk r\u00e1, hogy els\u0151sorban hasznoss\u00e1g szempontj\u00e1b\u00f3l k\u00f6zel\u00edts\u00fck meg a k\u00e9rd\u00e9seket.<\/p>\n\n\n\n<p>Kezdj\u00fck n\u00e9h\u00e1ny lehets\u00e9ges megold\u00e1ssal. A k\u00f6vetkez\u0151 \u00e1br\u00e1k mindegyik\u00e9n a val\u00f3s haszn\u00e1lhat\u00f3s\u00e1gnak megfelel\u0151, j\u00f3 p\u00e9ld\u00e1kat mutatunk.<\/p>\n\n\n\n<p>Az els\u0151 p\u00e9ld\u00e1n (\u00e1bra 3.) egy olyan l\u00e9pcs\u0151kart l\u00e1tunk, amelynek az els\u0151 \u00e9s utols\u00f3 foka, a l\u00e9pcs\u0151 teljes sz\u00e9less\u00e9g\u00e9ben s\u00e1rga jel\u00f6l\u0151 cs\u00edkkal sz\u00ednezett. A l\u00e9pcs\u0151 el\u0151tt pedig egy taktilis jel\u00f6l\u0151s\u00e1v is van, amely gyeng\u00e9nl\u00e1t\u00f3 emberek sz\u00e1m\u00e1ra is hasznos, de vak emberek, feh\u00e9rbottal k\u00f6zleked\u0151k is \u00e9szlelik.&nbsp;<\/p>\n\n\n\n<div class=\"wp-block-image\"><figure class=\"aligncenter is-resized\"><img loading=\"lazy\" decoding=\"async\" src=\"https:\/\/lh4.googleusercontent.com\/JEY2UKcUH8x19h0XW5PMC-7O_pCxBTviB1G4PXIpkeG2bS0qySC34G-LlI2NaotXrmCZFGzM14u06GAloIyB5Jz-X3ZVaJcpa3VAG4UuYYc3Mj1r3lpEMUIl8zD8KwIPqBFg8JVJlEXeNdr2JKQnfA0b98iD72xhJPqNMBhRX2v2oArB_T_3yPBM3-oJ\" alt=\"\" width=\"469\" height=\"312\"\/><figcaption>_\u00c1bra 3. K\u00e9p forr\u00e1sa <a href=\"https:\/\/hu.depositphotos.com\/stock-photos\/tiles-for-the-visually-impaired.html\">DepositPhotos<\/a><\/figcaption><\/figure><\/div>\n\n\n\n<p>A k\u00f6vetkez\u0151 fot\u00f3n szint\u00e9n van taktilis jelz\u00e9s, ez azonban nem sz\u00ednes, hanem ragasztott, f\u00e9m jel\u00f6l\u00e9s. A taktilis jelz\u00e9s mellett a l\u00e9pcs\u0151kar minden foka kontrasztos, \u00e9szlelhet\u0151. (Vil\u00e1gos l\u00e9pcs\u0151n fekete \u00e9lv\u00e9d\u0151).<\/p>\n\n\n\n<div class=\"wp-block-image\"><figure class=\"aligncenter is-resized\"><img loading=\"lazy\" decoding=\"async\" src=\"https:\/\/lh4.googleusercontent.com\/VZ84nmgc2sSTYtkzPsvETSi1xahTsOb6VTEqYWzV8qeUorbe-7c3Ck_NmHLiT5x6pAWmcI_KTlEBlyZQKsUpUWE2COuppIcsaGsR5qi8_Da15aiofF-jrHhPfwoctq8b4YI8NWEtM17RkfbE1OVoSHfA9AN0Fczhs5Iw11k5s4buHDkWA-rVOTFubhr4\" alt=\"\" width=\"413\" height=\"275\"\/><figcaption>\u00c1bra 4. K\u00e9p forr\u00e1sa: Design for Dignity Australia<\/figcaption><\/figure><\/div>\n\n\n\n<p>A k\u00f6vetkez\u0151 k\u00e9pen (\u00e1bra 5.) t\u00f6rt\u00e9nelmi k\u00f6rnyezetben megval\u00f3s\u00edtott l\u00e9pcs\u0151\u00e9l jel\u00f6l\u00e9st l\u00e1thatunk. Olyan \u00e9p\u00fcletekben, ahol a l\u00e9pcs\u0151\u00e9lek nem m\u00f3dos\u00edthat\u00f3k &#8211; p\u00e9ld\u00e1ul \u00f6r\u00f6ks\u00e9gv\u00e9delmi szempontok miatt, ott egy cs\u00fasz\u00e1smentes \u00e9s kontrasztos cs\u00edk elhelyez\u00e9se javasolt minden l\u00e9pcs\u0151fokon. A f\u00e9nyk\u00e9p fekete feh\u00e9r, de az er\u0151s kontraszt miatt j\u00f3l l\u00e1tszik a jel\u00f6l\u00e9s. Vil\u00e1gos l\u00e9pcs\u0151n s\u00f6t\u00e9t sz\u00edn\u0171 cs\u00edk (vagy \u00e9rtelemszer\u0171en s\u00f6t\u00e9t sz\u00edn\u0171n \u00e9l\u00e9nk sz\u00edn\u0171 cs\u00edk elhelyez\u00e9se sz\u00fcks\u00e9ges a kontrasztos hat\u00e1s el\u00e9r\u00e9s\u00e9hez.)<\/p>\n\n\n\n<div class=\"wp-block-image\"><figure class=\"aligncenter is-resized\"><img loading=\"lazy\" decoding=\"async\" src=\"https:\/\/lh3.googleusercontent.com\/OW-DD4mUKuhp78Ztg7a2d4oAUVzNHVOKqY1fGK3ZPw8urGgOC84AfS5y-5TIhE4gbNVfh1vWPHoetj8kh2wI0pPlKD4acz6Z1B_U3JOFxCXZo0mXKd8OY80OVeBARZlvxAdwdwamXGuCXTqyU8S5OoCly7k2_TMAq0YU91_M7uBKGlSe6_80d_XdTi_O\" alt=\"\" width=\"267\" height=\"400\"\/><figcaption>\u00c1bra 5. K\u00e9p forr\u00e1sa Pexel.<\/figcaption><\/figure><\/div>\n\n\n\n<p>Fekete, cs\u00fasz\u00e1smentes l\u00e9pcs\u0151jel\u00f6l\u00e9st alkalmaznak a Versailles-i kast\u00e9ly l\u00e1togat\u00f3i \u00fatvonalain is. (\u00c1bra 6. \u00e9s 7.)<\/p>\n\n\n\n<div class=\"wp-block-image\"><figure class=\"aligncenter is-resized\"><img loading=\"lazy\" decoding=\"async\" src=\"https:\/\/lh6.googleusercontent.com\/Kxpm4l7o3e7f_o5XCT2jjVeL7AD2-j8jiH5cuvZHKcLrcRkqg3CrbpHm8z7u-S1yP877PV0qz3WysU5iuVdO3Ylua0uya7H_3n86l-LtTYfYWD9n6zFIOtcdjCuFHy3q4iSakxud8PZdcGR53QhmiQudzTD7QL5pxJpVZMLjfBJ66mi5gN3I1y0lijE6\" alt=\"\" width=\"480\" height=\"336\"\/><figcaption>\u00c1bra 6. A Versailles-i kast\u00e9ly l\u00e9pcs\u0151h\u00e1za. A k\u00e9p forr\u00e1sa: <a href=\"https:\/\/c8.alamy.com\/zooms\/9\/7f69eb2619c5465d9e565ebb1b1d4bde\/2cd9933.jpg\">Alamy Stock photo<\/a><\/figcaption><\/figure><\/div>\n\n\n\n<div class=\"wp-block-image\"><figure class=\"aligncenter is-resized\"><img loading=\"lazy\" decoding=\"async\" src=\"https:\/\/lh6.googleusercontent.com\/zImOwjo2NNw4Sslw7rCO-U14-4EA5xQoVz-uCIIaXrg3EBbCgvE-kxx5ldfqWxPUHvdwGBpUJa3eLEJYVPF0Ij3O7zlcA_Ybcn4t0knmzEbbwNCz6hRiYhrpSoRCgPGPdP2AZmAQS_lUum-FQbL4HzjbElnxwditgD6PKFEH3tfMQfLPkXqvvEukKvdD\" alt=\"\" width=\"400\" height=\"300\"\/><figcaption>\u00c1bra 7. A Versailles-i kast\u00e9ly l\u00e9pcs\u0151ir\u0151l k\u00e9sz\u00fclt k\u00f6zeli felv\u00e9tel. A k\u00e9p forr\u00e1sa: <a href=\"https:\/\/www.reddit.com\/r\/Wellworn\/comments\/jq34tw\/how_worn_down_these_stairs_are_from_people_going\/\">Reddit<\/a><\/figcaption><\/figure><\/div>\n\n\n\n<p>A bemutatott p\u00e9ld\u00e1k ut\u00e1n k\u00f6vetkezzenek a v\u00e1laszok a gyakori k\u00e9rd\u00e9sekre.<\/p>\n\n\n\n<ul class=\"wp-block-list\"><li><strong>Minden l\u00e9pcs\u0151fokot kell jel\u00f6lni?<\/strong><\/li><\/ul>\n\n\n\n<p>Legal\u00e1bb a l\u00e9pcs\u0151kar els\u0151 \u00e9s utols\u00f3 fok\u00e1nak kontrasztos jel\u00f6l\u00e9se sz\u00fcks\u00e9ges. Ha csak ezeket jel\u00f6lj\u00fck, akkor a jel\u00f6l\u0151cs\u00edk sz\u00e9less\u00e9ge 5-10 cm k\u00f6z\u00f6tt legyen. (Fontos, hogy ezt a jel\u00f6l\u00e9st ne keverj\u00fck \u00f6ssze vak emberek sz\u00e1m\u00e1ra kihelyezend\u0151, taktilis jelz\u00e9sekkel. A taktilis jelz\u00e9sre m\u00e1s szab\u00e1lyok vonatkoznak.) Gondoljunk vissza azonban a kiindul\u00f3 probl\u00e9m\u00e1ra: gyeng\u00e9nl\u00e1t\u00f3 emberek sz\u00e1m\u00e1ra neh\u00e9z meg\u00e1llap\u00edtani a l\u00e9pcs\u0151 elej\u00e9t-v\u00e9g\u00e9t \u00e9s a l\u00e9pcs\u0151fokok magass\u00e1g\u00e1t. \u00c9rdemes minden l\u00e9pcs\u0151fok \u00e9l\u00e9t cs\u00fasz\u00e1smentes, kontrasztos jel\u00f6l\u00e9ssel ell\u00e1tni.&nbsp;<\/p>\n\n\n\n<ul class=\"wp-block-list\"><li><strong>Milyen sz\u00edn\u0171 lehet a jel\u00f6l\u00e9s?<\/strong><\/li><\/ul>\n\n\n\n<p>A kontraszt fontos, nincsenek nem elfogadott sz\u00ednek. S\u00f6t\u00e9t l\u00e9pcs\u0151kre vil\u00e1gos, vil\u00e1gos l\u00e9pcs\u0151kre s\u00f6t\u00e9t jel\u00f6l\u00e9s sz\u00fcks\u00e9ges. A kor\u00e1bbi p\u00e9ld\u00e1kon l\u00e1thattuk k\u00fcl\u00f6nb\u00f6z\u0151 megold\u00e1sokat. A s\u00e1rga-fekete sz\u00ednkombin\u00e1ci\u00f3 az\u00e9rt elterjedt, mert ak\u00e1r mint\u00e1s h\u00e1tt\u00e9ren \u00e9s rossz vil\u00e1g\u00edt\u00e1s mellett is \u00e9szlelhet\u0151.&nbsp;<\/p>\n\n\n\n<ul class=\"wp-block-list\"><li><strong>A l\u00e9pcs\u0151 melyik r\u00e9sz\u00e9re kell kihelyezni a jel\u00f6l\u00e9st?<\/strong><\/li><\/ul>\n\n\n\n<p>Lehet az \u00e9lv\u00e9d\u0151 kontrasztos sz\u00edn\u0171, vagy jel\u00f6l\u0151cs\u00edk eset\u00e9n az \u00e9lt\u0151l legfeljebb 1-1,5 cm t\u00e1vols\u00e1gban elhelyezve jel\u00f6l\u00e9s. A jel\u00f6l\u00e9s homloklapra is r\u00e1ny\u00falhat a l\u00e9pcs\u0151 fels\u0151 r\u00e9sz\u00e9t\u0151l 1 cm-re. (8. \u00e1bra)<\/p>\n\n\n\n<ul class=\"wp-block-list\"><li><strong>Milyen sz\u00e9les legyen a jel\u00f6l\u00e9s?<\/strong><\/li><\/ul>\n\n\n\n<p>A c\u00e9l, hogy j\u00f3l l\u00e1that\u00f3 legyen, de az egyes fokokra kihelyezett jelz\u0151-cs\u00edk aj\u00e1nlott sz\u00e9less\u00e9ge 4-5 cm. (8. \u00e1bra) (Amennyiben csak az els\u0151 \u00e9s utols\u00f3 l\u00e9pcs\u0151fokra helyezz\u00fck ki, \u00fagy 5-10 cm k\u00f6z\u00f6tti sz\u00e9less\u00e9g\u0171 legyen a kontrasztos jel\u00f6l\u0151cs\u00edk.)<\/p>\n\n\n\n<div class=\"wp-block-image\"><figure class=\"aligncenter is-resized\"><img loading=\"lazy\" decoding=\"async\" src=\"https:\/\/lh4.googleusercontent.com\/9VTGJd5lCjb2c5lwwmXqqfihPhbCz1UtA-C4ODOaWE0pD8hquxGsG8si4jNfkGB2Krldf30h6aFTC1PiwBY7Bs8iYX1_PtQCbUHaQ73DUPYDurK9c6h0BbacG9voHMHX9qBTbuA-mvghyPOzJNhaHuRaFaEnZ8gFQ3hsmKKXHUS2CC0qHLDuaK9BxtDI\" alt=\"\" width=\"578\" height=\"258\"\/><figcaption>\u00c1bra 8. K\u00e9p forr\u00e1sa: ISO 21542:2021(E)<\/figcaption><\/figure><\/div>\n\n\n\n<p><\/p>\n\n\n\n<ul class=\"wp-block-list\"><li><strong>Milyen anyagb\u00f3l k\u00e9sz\u00fclj\u00f6n a jel\u00f6l\u00e9s?<\/strong><\/li><\/ul>\n\n\n\n<p>Lehet \u00e9p\u00edtett, ragasztott vagy ak\u00e1r festett is. K\u00fclt\u00e9ren kiemelten fontos, hogy cs\u00fasz\u00e1smentes maradjon. Ameddig el\u00e9ri a c\u00e9lj\u00e1t, azaz kontraszt miatt \u00e9szlelhet\u0151v\u00e9 teszi gyeng\u00e9nl\u00e1t\u00f3 emberek sz\u00e1m\u00e1ra a l\u00e9pcs\u0151kart, addig megfelel\u0151. A bal oldali k\u00e9pen (\u00e1bra 9.) ragasztott, a jobb oldalon (\u00e1bra 10.) \u00e9p\u00edtett \u00e9l-jel\u00f6l\u00e9st l\u00e1tunk.<\/p>\n\n\n\n<figure class=\"wp-block-gallery has-nested-images columns-default is-cropped wp-block-gallery-2 is-layout-flex wp-block-gallery-is-layout-flex\">\n<figure class=\"wp-block-image size-large is-style-default\"><img loading=\"lazy\" decoding=\"async\" width=\"330\" height=\"330\" data-id=\"4728\" src=\"http:\/\/news.access4you.io\/wp-content\/uploads\/2023\/01\/unnamed-11.jpg\" alt=\"\" class=\"wp-image-4728\" srcset=\"https:\/\/news.access4you.io\/wp-content\/uploads\/2023\/01\/unnamed-11.jpg 330w, https:\/\/news.access4you.io\/wp-content\/uploads\/2023\/01\/unnamed-11-300x300.jpg 300w, https:\/\/news.access4you.io\/wp-content\/uploads\/2023\/01\/unnamed-11-150x150.jpg 150w, https:\/\/news.access4you.io\/wp-content\/uploads\/2023\/01\/unnamed-11-12x12.jpg 12w\" sizes=\"auto, (max-width: 330px) 100vw, 330px\" \/><figcaption>\u00c1bra 9.<\/figcaption><\/figure>\n\n\n\n<figure class=\"wp-block-image size-large is-style-default\"><img loading=\"lazy\" decoding=\"async\" width=\"330\" height=\"330\" data-id=\"4729\" src=\"http:\/\/news.access4you.io\/wp-content\/uploads\/2023\/01\/unnamed-4.jpg\" alt=\"\" class=\"wp-image-4729\" srcset=\"https:\/\/news.access4you.io\/wp-content\/uploads\/2023\/01\/unnamed-4.jpg 330w, https:\/\/news.access4you.io\/wp-content\/uploads\/2023\/01\/unnamed-4-300x300.jpg 300w, https:\/\/news.access4you.io\/wp-content\/uploads\/2023\/01\/unnamed-4-150x150.jpg 150w, https:\/\/news.access4you.io\/wp-content\/uploads\/2023\/01\/unnamed-4-12x12.jpg 12w\" sizes=\"auto, (max-width: 330px) 100vw, 330px\" \/><figcaption>\u00c1bra 10. A k\u00e9pek forr\u00e1sa: <a href=\"https:\/\/www.safetread.co.uk\/\">SafeTread<\/a><\/figcaption><\/figure>\n<\/figure>\n\n\n\n<ul class=\"wp-block-list\"><li><strong>Mett\u0151l meddig tartson a jel\u00f6l\u00e9s?<\/strong><\/li><\/ul>\n\n\n\n<p>A l\u00e9pcs\u0151 teljes sz\u00e9less\u00e9g\u00e9ben kell v\u00e9gigvezetni a jel\u00f6l\u00e9st. Az al\u00e1bbi fot\u00f3n rossz p\u00e9ldak\u00e9nt (\u00e1bra 11.) egy olyan l\u00e9pcs\u0151kart l\u00e1tunk, ahol a l\u00e9pcs\u0151fokokat bal oldalr\u00f3l ind\u00edtva, de nem a l\u00e9pcs\u0151 teljes hossz\u00e1ban jel\u00f6lt\u00e9k. Gondoljunk vissza a kiindul\u00f3 probl\u00e9m\u00e1ra, hogy a nem jel\u00f6lt r\u00e9szek gyeng\u00e9nl\u00e1t\u00f3 emberek sz\u00e1m\u00e1ra egybe mos\u00f3dnak. A jel\u00f6letlen r\u00e9szeket gyeng\u00e9nl\u00e1t\u00f3 ember \u00e9szlelheti r\u00e1mpak\u00e9nt, rossz l\u00e9p\u00e9s okozhat balesetet.<\/p>\n\n\n\n<div class=\"wp-block-image\"><figure class=\"aligncenter is-resized\"><img loading=\"lazy\" decoding=\"async\" src=\"https:\/\/lh4.googleusercontent.com\/P08Ghzq71wpmdyRUeJ133YHPkUD7JbvvTmCNqqyC1VxilddnCuV9nORjNVQnHi_ckb6edR-_HANvD8_83gU_D83lkkddxHK48lkmJbDkRy375SdiG4zgOGV2mdhqvhO2bFpdFNTdhJCMik-cSMHKdRGAMniFk5aVmglyetc61RSHEgYETQNFEVcR1i2u\" alt=\"\" width=\"400\" height=\"267\"\/><figcaption>\u00c1bra 11. A k\u00e9p forr\u00e1sa Pexel<\/figcaption><\/figure><\/div>\n\n\n\n<p>Az akad\u00e1lymentes k\u00f6rnyezet mindenki sz\u00e1m\u00e1ra j\u00f3. A l\u00e9pcs\u0151karok kontrasztos jelz\u00e9se \u00e9p \u00e9s l\u00e1t\u00e1ss\u00e9r\u00fclt emberek sz\u00e1m\u00e1ra egyar\u00e1nt biztons\u00e1gosabb\u00e1 teszik a l\u00e9pcs\u0151z\u00e9st. A kontrasztos jel\u00f6l\u00e9sek kialak\u00edt\u00e1sa nem dr\u00e1ga, gyorsan kivitelezhet\u0151 \u00e9s b\u00e1rmilyen k\u00f6rnyezetbe lehet sz\u00e9pen illeszked\u0151, eszt\u00e9tikus megold\u00e1sokat tal\u00e1lni.<\/p>\n\n\n\n<p><em>Sz\u00f6veg: Kepes Anna<\/em><\/p>\n\n\n\n<p><em>Olvass m\u00e9g t\u00f6bb tartalmat sp\u00e9ci emberekr\u0151l, az akad\u00e1lymentess\u00e9gr\u0151l \u00e9s a t\u00e1rsadalmi inkl\u00fazi\u00f3r\u00f3l az&nbsp;<a href=\"http:\/\/news.access4you.io\/en\/\" target=\"_blank\" rel=\"noreferrer noopener\">Access4you h\u00edrei<\/a>&nbsp;k\u00f6z\u00f6tt. N\u00e9zz k\u00f6rbe a&nbsp;<a href=\"https:\/\/access4you.io\/places\" target=\"_blank\" rel=\"noreferrer noopener\">Tan\u00fas\u00edtott helysz\u00ednek<\/a>&nbsp;men\u00fcben, ahol r\u00e9szletes inform\u00e1ci\u00f3t adunk a felm\u00e9r\u00e9sben r\u00e9sztvev\u0151 helysz\u00ednek akad\u00e1lymentess\u00e9g\u00e9r\u0151l, mindezt 8 + 1 sp\u00e9ci csoport ig\u00e9nyei alapj\u00e1n: kerekessz\u00e9ket haszn\u00e1l\u00f3k, babakocsival k\u00f6zleked\u0151k, id\u0151sek \u00e9s mozg\u00e1sukban korl\u00e1tozottak, siketek, nagyothall\u00f3k, vakok, gyeng\u00e9nl\u00e1t\u00f3k, kognit\u00edv zavarral \u00e9l\u0151k, valamint (+1) seg\u00edt\u0151kuty\u00e1val k\u00f6zleked\u0151k sz\u00e1m\u00e1ra.<\/em><\/p>","protected":false},"excerpt":{"rendered":"<p>Gyeng\u00e9nl\u00e1t\u00f3 emberek gyakran panaszkodnak arra, hogy a kontrasztos jel\u00f6l\u00e9s n\u00e9lk\u00fcli l\u00e9pcs\u0151k r\u00e1mp\u00e1nak t\u0171nnek, emiatt bizonytalanul k\u00f6zel\u00edtik meg, nem tudj\u00e1k meg\u00e1llap\u00edtani, hogy pontosan hol kezd\u0151dik \u00e9s v\u00e9gz\u0151dik a l\u00e9pcs\u0151sor, valamint mekkor\u00e1k a l\u00e9pcs\u0151fokok. Szeml\u00e9ltet\u00e9sk\u00e9pp n\u00e9zz\u00fck meg az al\u00e1bbi k\u00e9t f\u00e9nyk\u00e9pet. \u00c9les l\u00e1t\u00e1ssal rendelkez\u0151 emberek sz\u00e1m\u00e1ra is a l\u00e9pcs\u0151karok fokai egybe mos\u00f3dnak, nehezen \u00e9szrevehet\u0151 a l\u00e9pcs\u0151k \u00e9le. [&hellip;]<\/p>","protected":false},"author":1,"featured_media":4736,"comment_status":"closed","ping_status":"closed","sticky":false,"template":"","format":"standard","meta":{"footnotes":""},"categories":[1],"tags":[],"class_list":["post-4724","post","type-post","status-publish","format-standard","has-post-thumbnail","hentry","category-rovat"],"yoast_head":"<!-- This site is optimized with the Yoast SEO plugin v23.8 - https:\/\/yoast.com\/wordpress\/plugins\/seo\/ -->\n<title>A l\u00e9pcs\u0151karok kontrasztos jel\u00f6l\u00e9se mindenki sz\u00e1m\u00e1ra j\u00f3 - Access4you H\u00edrek<\/title>\n<meta name=\"robots\" content=\"index, follow, max-snippet:-1, max-image-preview:large, max-video-preview:-1\" \/>\n<link rel=\"canonical\" href=\"https:\/\/news.access4you.io\/en\/2023\/01\/04\/a-lepcsokarok-kontrasztos-jelolese-mindenki-szamara-jo\/\" \/>\n<meta property=\"og:locale\" content=\"en_US\" \/>\n<meta property=\"og:type\" content=\"article\" \/>\n<meta property=\"og:title\" content=\"A l\u00e9pcs\u0151karok kontrasztos jel\u00f6l\u00e9se mindenki sz\u00e1m\u00e1ra j\u00f3 - Access4you H\u00edrek\" \/>\n<meta property=\"og:description\" content=\"Gyeng\u00e9nl\u00e1t\u00f3 emberek gyakran panaszkodnak arra, hogy a kontrasztos jel\u00f6l\u00e9s n\u00e9lk\u00fcli l\u00e9pcs\u0151k r\u00e1mp\u00e1nak t\u0171nnek, emiatt bizonytalanul k\u00f6zel\u00edtik meg, nem tudj\u00e1k meg\u00e1llap\u00edtani, hogy pontosan hol kezd\u0151dik \u00e9s v\u00e9gz\u0151dik a l\u00e9pcs\u0151sor, valamint mekkor\u00e1k a l\u00e9pcs\u0151fokok. Szeml\u00e9ltet\u00e9sk\u00e9pp n\u00e9zz\u00fck meg az al\u00e1bbi k\u00e9t f\u00e9nyk\u00e9pet. \u00c9les l\u00e1t\u00e1ssal rendelkez\u0151 emberek sz\u00e1m\u00e1ra is a l\u00e9pcs\u0151karok fokai egybe mos\u00f3dnak, nehezen \u00e9szrevehet\u0151 a l\u00e9pcs\u0151k \u00e9le. [&hellip;]\" \/>\n<meta property=\"og:url\" content=\"https:\/\/news.access4you.io\/en\/2023\/01\/04\/a-lepcsokarok-kontrasztos-jelolese-mindenki-szamara-jo\/\" \/>\n<meta property=\"og:site_name\" content=\"Access4you H\u00edrek\" \/>\n<meta property=\"article:published_time\" content=\"2023-01-04T12:02:12+00:00\" \/>\n<meta property=\"article:modified_time\" content=\"2023-01-04T12:07:37+00:00\" \/>\n<meta property=\"og:image\" content=\"https:\/\/news.access4you.io\/wp-content\/uploads\/2023\/01\/Untitled-design-6.png\" \/>\n\t<meta property=\"og:image:width\" content=\"1280\" \/>\n\t<meta property=\"og:image:height\" content=\"720\" \/>\n\t<meta property=\"og:image:type\" content=\"image\/png\" \/>\n<meta name=\"author\" content=\"access4you\" \/>\n<meta name=\"twitter:card\" content=\"summary_large_image\" \/>\n<meta name=\"twitter:label1\" content=\"Written by\" \/>\n\t<meta name=\"twitter:data1\" content=\"access4you\" \/>\n\t<meta name=\"twitter:label2\" content=\"Est. reading time\" \/>\n\t<meta name=\"twitter:data2\" content=\"7 minutes\" \/>\n<script type=\"application\/ld+json\" class=\"yoast-schema-graph\">{\"@context\":\"https:\/\/schema.org\",\"@graph\":[{\"@type\":\"Article\",\"@id\":\"https:\/\/news.access4you.io\/2023\/01\/04\/a-lepcsokarok-kontrasztos-jelolese-mindenki-szamara-jo\/#article\",\"isPartOf\":{\"@id\":\"https:\/\/news.access4you.io\/2023\/01\/04\/a-lepcsokarok-kontrasztos-jelolese-mindenki-szamara-jo\/\"},\"author\":{\"name\":\"access4you\",\"@id\":\"https:\/\/news.access4you.io\/#\/schema\/person\/cb4fff088aa5f5f43a6f4ce3a1e2e084\"},\"headline\":\"A l\u00e9pcs\u0151karok kontrasztos jel\u00f6l\u00e9se mindenki sz\u00e1m\u00e1ra j\u00f3\",\"datePublished\":\"2023-01-04T12:02:12+00:00\",\"dateModified\":\"2023-01-04T12:07:37+00:00\",\"mainEntityOfPage\":{\"@id\":\"https:\/\/news.access4you.io\/2023\/01\/04\/a-lepcsokarok-kontrasztos-jelolese-mindenki-szamara-jo\/\"},\"wordCount\":1449,\"publisher\":{\"@id\":\"https:\/\/news.access4you.io\/#organization\"},\"image\":{\"@id\":\"https:\/\/news.access4you.io\/2023\/01\/04\/a-lepcsokarok-kontrasztos-jelolese-mindenki-szamara-jo\/#primaryimage\"},\"thumbnailUrl\":\"https:\/\/news.access4you.io\/wp-content\/uploads\/2023\/01\/Untitled-design-6.png\",\"articleSection\":[\"Rovat\"],\"inLanguage\":\"en-US\"},{\"@type\":\"WebPage\",\"@id\":\"https:\/\/news.access4you.io\/2023\/01\/04\/a-lepcsokarok-kontrasztos-jelolese-mindenki-szamara-jo\/\",\"url\":\"https:\/\/news.access4you.io\/2023\/01\/04\/a-lepcsokarok-kontrasztos-jelolese-mindenki-szamara-jo\/\",\"name\":\"A l\u00e9pcs\u0151karok kontrasztos jel\u00f6l\u00e9se mindenki sz\u00e1m\u00e1ra j\u00f3 - Access4you H\u00edrek\",\"isPartOf\":{\"@id\":\"https:\/\/news.access4you.io\/#website\"},\"primaryImageOfPage\":{\"@id\":\"https:\/\/news.access4you.io\/2023\/01\/04\/a-lepcsokarok-kontrasztos-jelolese-mindenki-szamara-jo\/#primaryimage\"},\"image\":{\"@id\":\"https:\/\/news.access4you.io\/2023\/01\/04\/a-lepcsokarok-kontrasztos-jelolese-mindenki-szamara-jo\/#primaryimage\"},\"thumbnailUrl\":\"https:\/\/news.access4you.io\/wp-content\/uploads\/2023\/01\/Untitled-design-6.png\",\"datePublished\":\"2023-01-04T12:02:12+00:00\",\"dateModified\":\"2023-01-04T12:07:37+00:00\",\"breadcrumb\":{\"@id\":\"https:\/\/news.access4you.io\/2023\/01\/04\/a-lepcsokarok-kontrasztos-jelolese-mindenki-szamara-jo\/#breadcrumb\"},\"inLanguage\":\"en-US\",\"potentialAction\":[{\"@type\":\"ReadAction\",\"target\":[\"https:\/\/news.access4you.io\/2023\/01\/04\/a-lepcsokarok-kontrasztos-jelolese-mindenki-szamara-jo\/\"]}]},{\"@type\":\"ImageObject\",\"inLanguage\":\"en-US\",\"@id\":\"https:\/\/news.access4you.io\/2023\/01\/04\/a-lepcsokarok-kontrasztos-jelolese-mindenki-szamara-jo\/#primaryimage\",\"url\":\"https:\/\/news.access4you.io\/wp-content\/uploads\/2023\/01\/Untitled-design-6.png\",\"contentUrl\":\"https:\/\/news.access4you.io\/wp-content\/uploads\/2023\/01\/Untitled-design-6.png\",\"width\":1280,\"height\":720},{\"@type\":\"BreadcrumbList\",\"@id\":\"https:\/\/news.access4you.io\/2023\/01\/04\/a-lepcsokarok-kontrasztos-jelolese-mindenki-szamara-jo\/#breadcrumb\",\"itemListElement\":[{\"@type\":\"ListItem\",\"position\":1,\"name\":\"Kezd\u0151lap\",\"item\":\"https:\/\/news.access4you.io\/\"},{\"@type\":\"ListItem\",\"position\":2,\"name\":\"A l\u00e9pcs\u0151karok kontrasztos jel\u00f6l\u00e9se mindenki sz\u00e1m\u00e1ra j\u00f3\"}]},{\"@type\":\"WebSite\",\"@id\":\"https:\/\/news.access4you.io\/#website\",\"url\":\"https:\/\/news.access4you.io\/\",\"name\":\"Access4you H\u00edrek\",\"description\":\"\",\"publisher\":{\"@id\":\"https:\/\/news.access4you.io\/#organization\"},\"potentialAction\":[{\"@type\":\"SearchAction\",\"target\":{\"@type\":\"EntryPoint\",\"urlTemplate\":\"https:\/\/news.access4you.io\/?s={search_term_string}\"},\"query-input\":{\"@type\":\"PropertyValueSpecification\",\"valueRequired\":true,\"valueName\":\"search_term_string\"}}],\"inLanguage\":\"en-US\"},{\"@type\":\"Organization\",\"@id\":\"https:\/\/news.access4you.io\/#organization\",\"name\":\"Access4you H\u00edrek\",\"url\":\"https:\/\/news.access4you.io\/\",\"logo\":{\"@type\":\"ImageObject\",\"inLanguage\":\"en-US\",\"@id\":\"https:\/\/news.access4you.io\/#\/schema\/logo\/image\/\",\"url\":\"https:\/\/news.access4you.io\/wp-content\/uploads\/2021\/01\/a4u-logo-black.png\",\"contentUrl\":\"https:\/\/news.access4you.io\/wp-content\/uploads\/2021\/01\/a4u-logo-black.png\",\"width\":726,\"height\":454,\"caption\":\"Access4you H\u00edrek\"},\"image\":{\"@id\":\"https:\/\/news.access4you.io\/#\/schema\/logo\/image\/\"}},{\"@type\":\"Person\",\"@id\":\"https:\/\/news.access4you.io\/#\/schema\/person\/cb4fff088aa5f5f43a6f4ce3a1e2e084\",\"name\":\"access4you\",\"image\":{\"@type\":\"ImageObject\",\"inLanguage\":\"en-US\",\"@id\":\"https:\/\/news.access4you.io\/#\/schema\/person\/image\/\",\"url\":\"https:\/\/secure.gravatar.com\/avatar\/9795a8b3afc7ed258d167a92dbb1075b37bab5bc83b1ac9182ff4f58c22040b8?s=96&d=mm&r=g\",\"contentUrl\":\"https:\/\/secure.gravatar.com\/avatar\/9795a8b3afc7ed258d167a92dbb1075b37bab5bc83b1ac9182ff4f58c22040b8?s=96&d=mm&r=g\",\"caption\":\"access4you\"},\"sameAs\":[\"http:\/\/localhost\/access4you\"],\"url\":\"https:\/\/news.access4you.io\/en\/author\/access4you\/\"}]}<\/script>\n<!-- \/ Yoast SEO plugin. -->","yoast_head_json":{"title":"A l\u00e9pcs\u0151karok kontrasztos jel\u00f6l\u00e9se mindenki sz\u00e1m\u00e1ra j\u00f3 - Access4you H\u00edrek","robots":{"index":"index","follow":"follow","max-snippet":"max-snippet:-1","max-image-preview":"max-image-preview:large","max-video-preview":"max-video-preview:-1"},"canonical":"https:\/\/news.access4you.io\/en\/2023\/01\/04\/a-lepcsokarok-kontrasztos-jelolese-mindenki-szamara-jo\/","og_locale":"en_US","og_type":"article","og_title":"A l\u00e9pcs\u0151karok kontrasztos jel\u00f6l\u00e9se mindenki sz\u00e1m\u00e1ra j\u00f3 - Access4you H\u00edrek","og_description":"Gyeng\u00e9nl\u00e1t\u00f3 emberek gyakran panaszkodnak arra, hogy a kontrasztos jel\u00f6l\u00e9s n\u00e9lk\u00fcli l\u00e9pcs\u0151k r\u00e1mp\u00e1nak t\u0171nnek, emiatt bizonytalanul k\u00f6zel\u00edtik meg, nem tudj\u00e1k meg\u00e1llap\u00edtani, hogy pontosan hol kezd\u0151dik \u00e9s v\u00e9gz\u0151dik a l\u00e9pcs\u0151sor, valamint mekkor\u00e1k a l\u00e9pcs\u0151fokok. Szeml\u00e9ltet\u00e9sk\u00e9pp n\u00e9zz\u00fck meg az al\u00e1bbi k\u00e9t f\u00e9nyk\u00e9pet. \u00c9les l\u00e1t\u00e1ssal rendelkez\u0151 emberek sz\u00e1m\u00e1ra is a l\u00e9pcs\u0151karok fokai egybe mos\u00f3dnak, nehezen \u00e9szrevehet\u0151 a l\u00e9pcs\u0151k \u00e9le. [&hellip;]","og_url":"https:\/\/news.access4you.io\/en\/2023\/01\/04\/a-lepcsokarok-kontrasztos-jelolese-mindenki-szamara-jo\/","og_site_name":"Access4you H\u00edrek","article_published_time":"2023-01-04T12:02:12+00:00","article_modified_time":"2023-01-04T12:07:37+00:00","og_image":[{"width":1280,"height":720,"url":"https:\/\/news.access4you.io\/wp-content\/uploads\/2023\/01\/Untitled-design-6.png","type":"image\/png"}],"author":"access4you","twitter_card":"summary_large_image","twitter_misc":{"Written by":"access4you","Est. reading time":"7 minutes"},"schema":{"@context":"https:\/\/schema.org","@graph":[{"@type":"Article","@id":"https:\/\/news.access4you.io\/2023\/01\/04\/a-lepcsokarok-kontrasztos-jelolese-mindenki-szamara-jo\/#article","isPartOf":{"@id":"https:\/\/news.access4you.io\/2023\/01\/04\/a-lepcsokarok-kontrasztos-jelolese-mindenki-szamara-jo\/"},"author":{"name":"access4you","@id":"https:\/\/news.access4you.io\/#\/schema\/person\/cb4fff088aa5f5f43a6f4ce3a1e2e084"},"headline":"A l\u00e9pcs\u0151karok kontrasztos jel\u00f6l\u00e9se mindenki sz\u00e1m\u00e1ra j\u00f3","datePublished":"2023-01-04T12:02:12+00:00","dateModified":"2023-01-04T12:07:37+00:00","mainEntityOfPage":{"@id":"https:\/\/news.access4you.io\/2023\/01\/04\/a-lepcsokarok-kontrasztos-jelolese-mindenki-szamara-jo\/"},"wordCount":1449,"publisher":{"@id":"https:\/\/news.access4you.io\/#organization"},"image":{"@id":"https:\/\/news.access4you.io\/2023\/01\/04\/a-lepcsokarok-kontrasztos-jelolese-mindenki-szamara-jo\/#primaryimage"},"thumbnailUrl":"https:\/\/news.access4you.io\/wp-content\/uploads\/2023\/01\/Untitled-design-6.png","articleSection":["Rovat"],"inLanguage":"en-US"},{"@type":"WebPage","@id":"https:\/\/news.access4you.io\/2023\/01\/04\/a-lepcsokarok-kontrasztos-jelolese-mindenki-szamara-jo\/","url":"https:\/\/news.access4you.io\/2023\/01\/04\/a-lepcsokarok-kontrasztos-jelolese-mindenki-szamara-jo\/","name":"A l\u00e9pcs\u0151karok kontrasztos jel\u00f6l\u00e9se mindenki sz\u00e1m\u00e1ra j\u00f3 - Access4you H\u00edrek","isPartOf":{"@id":"https:\/\/news.access4you.io\/#website"},"primaryImageOfPage":{"@id":"https:\/\/news.access4you.io\/2023\/01\/04\/a-lepcsokarok-kontrasztos-jelolese-mindenki-szamara-jo\/#primaryimage"},"image":{"@id":"https:\/\/news.access4you.io\/2023\/01\/04\/a-lepcsokarok-kontrasztos-jelolese-mindenki-szamara-jo\/#primaryimage"},"thumbnailUrl":"https:\/\/news.access4you.io\/wp-content\/uploads\/2023\/01\/Untitled-design-6.png","datePublished":"2023-01-04T12:02:12+00:00","dateModified":"2023-01-04T12:07:37+00:00","breadcrumb":{"@id":"https:\/\/news.access4you.io\/2023\/01\/04\/a-lepcsokarok-kontrasztos-jelolese-mindenki-szamara-jo\/#breadcrumb"},"inLanguage":"en-US","potentialAction":[{"@type":"ReadAction","target":["https:\/\/news.access4you.io\/2023\/01\/04\/a-lepcsokarok-kontrasztos-jelolese-mindenki-szamara-jo\/"]}]},{"@type":"ImageObject","inLanguage":"en-US","@id":"https:\/\/news.access4you.io\/2023\/01\/04\/a-lepcsokarok-kontrasztos-jelolese-mindenki-szamara-jo\/#primaryimage","url":"https:\/\/news.access4you.io\/wp-content\/uploads\/2023\/01\/Untitled-design-6.png","contentUrl":"https:\/\/news.access4you.io\/wp-content\/uploads\/2023\/01\/Untitled-design-6.png","width":1280,"height":720},{"@type":"BreadcrumbList","@id":"https:\/\/news.access4you.io\/2023\/01\/04\/a-lepcsokarok-kontrasztos-jelolese-mindenki-szamara-jo\/#breadcrumb","itemListElement":[{"@type":"ListItem","position":1,"name":"Kezd\u0151lap","item":"https:\/\/news.access4you.io\/"},{"@type":"ListItem","position":2,"name":"A l\u00e9pcs\u0151karok kontrasztos jel\u00f6l\u00e9se mindenki sz\u00e1m\u00e1ra j\u00f3"}]},{"@type":"WebSite","@id":"https:\/\/news.access4you.io\/#website","url":"https:\/\/news.access4you.io\/","name":"Access4you H\u00edrek","description":"","publisher":{"@id":"https:\/\/news.access4you.io\/#organization"},"potentialAction":[{"@type":"SearchAction","target":{"@type":"EntryPoint","urlTemplate":"https:\/\/news.access4you.io\/?s={search_term_string}"},"query-input":{"@type":"PropertyValueSpecification","valueRequired":true,"valueName":"search_term_string"}}],"inLanguage":"en-US"},{"@type":"Organization","@id":"https:\/\/news.access4you.io\/#organization","name":"Access4you H\u00edrek","url":"https:\/\/news.access4you.io\/","logo":{"@type":"ImageObject","inLanguage":"en-US","@id":"https:\/\/news.access4you.io\/#\/schema\/logo\/image\/","url":"https:\/\/news.access4you.io\/wp-content\/uploads\/2021\/01\/a4u-logo-black.png","contentUrl":"https:\/\/news.access4you.io\/wp-content\/uploads\/2021\/01\/a4u-logo-black.png","width":726,"height":454,"caption":"Access4you H\u00edrek"},"image":{"@id":"https:\/\/news.access4you.io\/#\/schema\/logo\/image\/"}},{"@type":"Person","@id":"https:\/\/news.access4you.io\/#\/schema\/person\/cb4fff088aa5f5f43a6f4ce3a1e2e084","name":"access4you","image":{"@type":"ImageObject","inLanguage":"en-US","@id":"https:\/\/news.access4you.io\/#\/schema\/person\/image\/","url":"https:\/\/secure.gravatar.com\/avatar\/9795a8b3afc7ed258d167a92dbb1075b37bab5bc83b1ac9182ff4f58c22040b8?s=96&d=mm&r=g","contentUrl":"https:\/\/secure.gravatar.com\/avatar\/9795a8b3afc7ed258d167a92dbb1075b37bab5bc83b1ac9182ff4f58c22040b8?s=96&d=mm&r=g","caption":"access4you"},"sameAs":["http:\/\/localhost\/access4you"],"url":"https:\/\/news.access4you.io\/en\/author\/access4you\/"}]}},"_links":{"self":[{"href":"https:\/\/news.access4you.io\/en\/wp-json\/wp\/v2\/posts\/4724","targetHints":{"allow":["GET"]}}],"collection":[{"href":"https:\/\/news.access4you.io\/en\/wp-json\/wp\/v2\/posts"}],"about":[{"href":"https:\/\/news.access4you.io\/en\/wp-json\/wp\/v2\/types\/post"}],"author":[{"embeddable":true,"href":"https:\/\/news.access4you.io\/en\/wp-json\/wp\/v2\/users\/1"}],"replies":[{"embeddable":true,"href":"https:\/\/news.access4you.io\/en\/wp-json\/wp\/v2\/comments?post=4724"}],"version-history":[{"count":0,"href":"https:\/\/news.access4you.io\/en\/wp-json\/wp\/v2\/posts\/4724\/revisions"}],"wp:featuredmedia":[{"embeddable":true,"href":"https:\/\/news.access4you.io\/en\/wp-json\/wp\/v2\/media\/4736"}],"wp:attachment":[{"href":"https:\/\/news.access4you.io\/en\/wp-json\/wp\/v2\/media?parent=4724"}],"wp:term":[{"taxonomy":"category","embeddable":true,"href":"https:\/\/news.access4you.io\/en\/wp-json\/wp\/v2\/categories?post=4724"},{"taxonomy":"post_tag","embeddable":true,"href":"https:\/\/news.access4you.io\/en\/wp-json\/wp\/v2\/tags?post=4724"}],"curies":[{"name":"wp","href":"https:\/\/api.w.org\/{rel}","templated":true}]}}