{"id":4749,"date":"2023-03-17T14:38:01","date_gmt":"2023-03-17T14:38:01","guid":{"rendered":"http:\/\/news.access4you.io\/?p=4749"},"modified":"2023-03-17T14:38:35","modified_gmt":"2023-03-17T14:38:35","slug":"akadalymentessegi-informaciok-a-radnoti-szinhaztol%ef%bf%bc","status":"publish","type":"post","link":"https:\/\/news.access4you.io\/en\/2023\/03\/17\/akadalymentessegi-informaciok-a-radnoti-szinhaztol%ef%bf%bc\/","title":{"rendered":"Akad\u00e1lymentess\u00e9gi inform\u00e1ci\u00f3k a Radn\u00f3ti Sz\u00ednh\u00e1zt\u00f3l"},"content":{"rendered":"<p><strong>A Radn\u00f3ti Sz\u00ednh\u00e1z elk\u00f6telezett az akad\u00e1lymentess\u00e9g \u00fcgye mellett. 14 t\u00e1rsadalmi k\u00f6z\u00fcgyeinek is egyike az akad\u00e1lymentess\u00e9g, de a kommunik\u00e1ci\u00f3s kamp\u00e1nya mellett a sz\u00ednh\u00e1z 2023 \u00e9v elej\u00e9n megszerezte az Access4you tan\u00fas\u00edtott helysz\u00edn min\u0151s\u00edt\u00e9st is, \u00e9s r\u00e9szletes akad\u00e1lymentess\u00e9gi inform\u00e1ci\u00f3t biztos\u00edt a k\u00f6z\u00f6ns\u00e9g sz\u00e1m\u00e1ra.<\/strong><\/p>\n\n\n\n<p>A F\u00f6ld n\u00e9pess\u00e9g\u00e9nek 16%-a, azaz nagyj\u00e1b\u00f3l minden negyedik feln\u0151tt valamilyen fogyat\u00e9koss\u00e1ggal \u00e9l. Ezt a magas ar\u00e1nyt azonban k\u00e9t okb\u00f3l nem \u00e9rz\u00e9kelj\u00fck a mindennapokban: egyr\u00e9szt bizonyos fogyat\u00e9koss\u00e1gok nem felt\u0171n\u0151ek, l\u00e1thatatlanok, m\u00e1sr\u00e9szt&nbsp; az akad\u00e1lymentess\u00e9g, \u00e9s az arra vonatkoz\u00f3 megb\u00edzhat\u00f3 inform\u00e1ci\u00f3 hi\u00e1nya miatt az \u00e9rintettek nem vagy csak r\u00e9szben tudnak jelen lenni a mindennapokban.<\/p>\n\n\n\n<p>A megb\u00edzhat\u00f3 inform\u00e1ci\u00f3 abban seg\u00edt a speci\u00e1lis ig\u00e9nnyel \u00e9l\u0151knek \u00e9s hozz\u00e1tartoz\u00f3iknak, hogy meg tudj\u00e1k tervezni egy sz\u00e1mukra ismeretlen helysz\u00ednre val\u00f3 eljut\u00e1st \u00e9s meg tudj\u00e1k \u00edt\u00e9lni, hogy az ott felmer\u00fcl\u0151 akad\u00e1lyok lek\u00fczdhet\u0151k-e sz\u00e1mukra. De nem kell atipikusnak lenni ahhoz, hogy az akad\u00e1lymentess\u00e9gre sz\u00fcks\u00e9g legyen. Az \u00e9lete sor\u00e1n val\u00f3sz\u00edn\u0171leg mindenki megtapasztal valamilyen szint\u0171 \u00e1tmeneti vagy tart\u00f3s fogyat\u00e9koss\u00e1got, vagy \u00e9letmin\u0151s\u00e9g-v\u00e1ltoz\u00e1st, (ami lehet v\u00e1rand\u00f3ss\u00e1g, babakocsival k\u00f6zleked\u00e9s, baleset miatti hossz\u00fa l\u00e1badoz\u00e1s vagy egyszer\u0171en az id\u0151s\u00f6d\u00e9ssel j\u00e1r\u00f3 fizikai \u00e9s ment\u00e1lis le\u00e9p\u00fcl\u00e9s) \u00edgy az akad\u00e1lymentess\u00e9g val\u00f3j\u00e1ban mindannyiunknak \u00fcgye.&nbsp;<\/p>\n\n\n\n<figure class=\"wp-block-image size-large is-style-default\"><img loading=\"lazy\" decoding=\"async\" width=\"1024\" height=\"512\" src=\"http:\/\/news.access4you.io\/wp-content\/uploads\/2023\/03\/Kovats-Adel_Access4you_Csoszo-Gabriella-1024x512.jpg\" alt=\"\" class=\"wp-image-4750\" srcset=\"https:\/\/news.access4you.io\/wp-content\/uploads\/2023\/03\/Kovats-Adel_Access4you_Csoszo-Gabriella-1024x512.jpg 1024w, https:\/\/news.access4you.io\/wp-content\/uploads\/2023\/03\/Kovats-Adel_Access4you_Csoszo-Gabriella-300x150.jpg 300w, https:\/\/news.access4you.io\/wp-content\/uploads\/2023\/03\/Kovats-Adel_Access4you_Csoszo-Gabriella-768x384.jpg 768w, https:\/\/news.access4you.io\/wp-content\/uploads\/2023\/03\/Kovats-Adel_Access4you_Csoszo-Gabriella-18x9.jpg 18w, https:\/\/news.access4you.io\/wp-content\/uploads\/2023\/03\/Kovats-Adel_Access4you_Csoszo-Gabriella.jpg 1200w\" sizes=\"auto, (max-width: 1024px) 100vw, 1024px\" \/><figcaption>fot\u00f3: Csosz\u00f3 Gabriella<\/figcaption><\/figure>\n\n\n\n<p>\u201eHossz\u00fat\u00e1von akkor tudunk val\u00f3ban seg\u00edteni, ha az akad\u00e1lymentes\u00edt\u00e9s a fejekben is megt\u00f6rt\u00e9nik, a gondolkod\u00e1sunkon kell v\u00e1ltoztatnunk. Az \u00e9rintett embereknek k\u00fcls\u0151 seg\u00edts\u00e9gre van sz\u00fcks\u00e9g\u00fck, \u00e9s ez a k\u00fcls\u0151 seg\u00edts\u00e9g akkor j\u00f6n, ha az agyunkban k\u00f3doljuk, hogy erre sz\u00fcks\u00e9g\u00fck van. Ugyanabban a vil\u00e1gban \u00e9l\u00fcnk, egy\u00fcv\u00e9 tartozunk, m\u00e9g akkor is, ha az \u00e9rintett embereket kev\u00e9sb\u00e9 l\u00e1tjuk, mert nincs akkora \u00e9s annyi es\u00e9ly\u00fck, hogy jobban l\u00e1ttass\u00e1k, jobban \u00e9rezz\u00e9k magukat k\u00f6z\u00f6s vil\u00e1gunkban\u201d \u2013 fogalmaz Kov\u00e1ts Ad\u00e9l, a Radn\u00f3ti Sz\u00ednh\u00e1z igazgat\u00f3ja, aki a sz\u00ednh\u00e1z okt\u00f3berben ind\u00edtott \u00e9rz\u00e9keny\u00edt\u0151 kamp\u00e1ny\u00e1n bel\u00fcl az akad\u00e1lymentess\u00e9g \u00fcgy\u00e9t k\u00e9pviseli.&nbsp;<\/p>\n\n\n\n<p>A sz\u00ednh\u00e1z 8 \u00e9rintetti csoport (kerekessz\u00e9kes; id\u0151s, mozg\u00e1s\u00e1ban korl\u00e1tozott; vak; gyeng\u00e9nl\u00e1t\u00f3; siket; nagyothall\u00f3; kognit\u00edv zavarral \u00e9l\u0151 \u00e9s babakocsival k\u00f6zleked\u0151 emberek, illetve a seg\u00edt\u0151 kuty\u00e1val k\u00f6zleked\u0151k) szempontjai alapj\u00e1n \u00f6ssze\u00e1ll\u00edtott r\u00e9szletes akad\u00e1lymentess\u00e9gi inform\u00e1ci\u00f3kat k\u00f6z\u00f6l a <a href=\"http:\/\/radnotiszinhaz.hu\/akadalymentesseg\/\">weboldal\u00e1n<\/a>; az Access4you adatb\u00e1zis\u00e1ban pedig a weboldalukon \u00e9s mobilapplik\u00e1ci\u00f3jukban fot\u00f3kat \u00e9s m\u00e9reteket is tartalmaz\u00f3 <a href=\"https:\/\/access4you.io\/places\/radnoti-theatre-6725175\/details\">adatlapj\u00e1n<\/a> \u00e9rhet\u0151 el.<\/p>\n\n\n\n<p>Az Access4you EU tan\u00fas\u00edt\u00f3 v\u00e9djegy az \u00e9p\u00edtett k\u00f6rnyezet akad\u00e1lymentess\u00e9g\u00e9r\u0151l ad megb\u00edzhat\u00f3 inform\u00e1ci\u00f3t a speci\u00e1lis ig\u00e9ny\u0171 embereknek egy saj\u00e1t fejleszt\u00e9s\u0171, 8 \u00e9rintetti csoport szempontjai alapj\u00e1n kialak\u00edtott 1000 krit\u00e9riumon alapul\u00f3 rendszer seg\u00edts\u00e9g\u00e9vel. A c\u00e9g tev\u00e9kenys\u00e9ge ir\u00e1nti ig\u00e9nyt bizony\u00edtja, hogy tavaly k\u00f6z\u00f6ns\u00e9gszavazattal elnyerte a Best Impact Startup of the Year 2022 d\u00edjat. Az akad\u00e1lymentess\u00e9g \u00e9s az err\u0151l sz\u00f3l\u00f3 inform\u00e1ci\u00f3 hi\u00e1nya glob\u00e1lis probl\u00e9ma, Access4you tan\u00fas\u00edtott helysz\u00ednek m\u00e1r a vil\u00e1g 23 orsz\u00e1g\u00e1ban tal\u00e1lhat\u00f3k \u00e9s Magyarorsz\u00e1g mellett Csehorsz\u00e1gban \u00e9s Rom\u00e1ni\u00e1ban m\u00e1r akkredit\u00e1lt partnerh\u00e1l\u00f3zat seg\u00edts\u00e9g\u00e9vel dolgoznak. A c\u00e9g alap\u00edt\u00f3ja, Berecz Bal\u00e1zs maga is 15 \u00e9ve kerekessz\u00e9kkel k\u00f6zlekedik.<\/p>\n\n\n\n<figure class=\"wp-block-image size-large is-style-default\"><img loading=\"lazy\" decoding=\"async\" width=\"1024\" height=\"536\" src=\"http:\/\/news.access4you.io\/wp-content\/uploads\/2023\/03\/httpnews.access4you.io20190925ha-csak-a-fogyatekossagat-latjuk-valoban-fogyatekossa-tesszuk-serult-es-ep-emberek-egymas-szemeben-Facebook-Ad-1024x536.png\" alt=\"\" class=\"wp-image-4751\" srcset=\"https:\/\/news.access4you.io\/wp-content\/uploads\/2023\/03\/httpnews.access4you.io20190925ha-csak-a-fogyatekossagat-latjuk-valoban-fogyatekossa-tesszuk-serult-es-ep-emberek-egymas-szemeben-Facebook-Ad-1024x536.png 1024w, https:\/\/news.access4you.io\/wp-content\/uploads\/2023\/03\/httpnews.access4you.io20190925ha-csak-a-fogyatekossagat-latjuk-valoban-fogyatekossa-tesszuk-serult-es-ep-emberek-egymas-szemeben-Facebook-Ad-300x157.png 300w, https:\/\/news.access4you.io\/wp-content\/uploads\/2023\/03\/httpnews.access4you.io20190925ha-csak-a-fogyatekossagat-latjuk-valoban-fogyatekossa-tesszuk-serult-es-ep-emberek-egymas-szemeben-Facebook-Ad-768x402.png 768w, https:\/\/news.access4you.io\/wp-content\/uploads\/2023\/03\/httpnews.access4you.io20190925ha-csak-a-fogyatekossagat-latjuk-valoban-fogyatekossa-tesszuk-serult-es-ep-emberek-egymas-szemeben-Facebook-Ad-18x9.png 18w, https:\/\/news.access4you.io\/wp-content\/uploads\/2023\/03\/httpnews.access4you.io20190925ha-csak-a-fogyatekossagat-latjuk-valoban-fogyatekossa-tesszuk-serult-es-ep-emberek-egymas-szemeben-Facebook-Ad.png 1200w\" sizes=\"auto, (max-width: 1024px) 100vw, 1024px\" \/><\/figure>","protected":false},"excerpt":{"rendered":"<p>A Radn\u00f3ti Sz\u00ednh\u00e1z elk\u00f6telezett az akad\u00e1lymentess\u00e9g \u00fcgye mellett. 14 t\u00e1rsadalmi k\u00f6z\u00fcgyeinek is egyike az akad\u00e1lymentess\u00e9g, de a kommunik\u00e1ci\u00f3s kamp\u00e1nya mellett a sz\u00ednh\u00e1z 2023 \u00e9v elej\u00e9n megszerezte az Access4you tan\u00fas\u00edtott helysz\u00edn min\u0151s\u00edt\u00e9st is, \u00e9s r\u00e9szletes akad\u00e1lymentess\u00e9gi inform\u00e1ci\u00f3t biztos\u00edt a k\u00f6z\u00f6ns\u00e9g sz\u00e1m\u00e1ra. A F\u00f6ld n\u00e9pess\u00e9g\u00e9nek 16%-a, azaz nagyj\u00e1b\u00f3l minden negyedik feln\u0151tt valamilyen fogyat\u00e9koss\u00e1ggal \u00e9l. Ezt a magas [&hellip;]<\/p>","protected":false},"author":1,"featured_media":4753,"comment_status":"closed","ping_status":"closed","sticky":false,"template":"","format":"standard","meta":{"footnotes":""},"categories":[76],"tags":[],"class_list":["post-4749","post","type-post","status-publish","format-standard","has-post-thumbnail","hentry","category-kozlemeny"],"yoast_head":"<!-- This site is optimized with the Yoast SEO plugin v23.8 - https:\/\/yoast.com\/wordpress\/plugins\/seo\/ -->\n<title>Akad\u00e1lymentess\u00e9gi inform\u00e1ci\u00f3k a Radn\u00f3ti Sz\u00ednh\u00e1zt\u00f3l - Access4you H\u00edrek<\/title>\n<meta name=\"robots\" content=\"index, follow, max-snippet:-1, max-image-preview:large, max-video-preview:-1\" \/>\n<link rel=\"canonical\" href=\"https:\/\/news.access4you.io\/en\/2023\/03\/17\/akadalymentessegi-informaciok-a-radnoti-szinhaztol\ufffc\/\" \/>\n<meta property=\"og:locale\" content=\"en_US\" \/>\n<meta property=\"og:type\" content=\"article\" \/>\n<meta property=\"og:title\" content=\"Akad\u00e1lymentess\u00e9gi inform\u00e1ci\u00f3k a Radn\u00f3ti Sz\u00ednh\u00e1zt\u00f3l - Access4you H\u00edrek\" \/>\n<meta property=\"og:description\" content=\"A Radn\u00f3ti Sz\u00ednh\u00e1z elk\u00f6telezett az akad\u00e1lymentess\u00e9g \u00fcgye mellett. 14 t\u00e1rsadalmi k\u00f6z\u00fcgyeinek is egyike az akad\u00e1lymentess\u00e9g, de a kommunik\u00e1ci\u00f3s kamp\u00e1nya mellett a sz\u00ednh\u00e1z 2023 \u00e9v elej\u00e9n megszerezte az Access4you tan\u00fas\u00edtott helysz\u00edn min\u0151s\u00edt\u00e9st is, \u00e9s r\u00e9szletes akad\u00e1lymentess\u00e9gi inform\u00e1ci\u00f3t biztos\u00edt a k\u00f6z\u00f6ns\u00e9g sz\u00e1m\u00e1ra. A F\u00f6ld n\u00e9pess\u00e9g\u00e9nek 16%-a, azaz nagyj\u00e1b\u00f3l minden negyedik feln\u0151tt valamilyen fogyat\u00e9koss\u00e1ggal \u00e9l. Ezt a magas [&hellip;]\" \/>\n<meta property=\"og:url\" content=\"https:\/\/news.access4you.io\/en\/2023\/03\/17\/akadalymentessegi-informaciok-a-radnoti-szinhaztol\ufffc\/\" \/>\n<meta property=\"og:site_name\" content=\"Access4you H\u00edrek\" \/>\n<meta property=\"article:published_time\" content=\"2023-03-17T14:38:01+00:00\" \/>\n<meta property=\"article:modified_time\" content=\"2023-03-17T14:38:35+00:00\" \/>\n<meta property=\"og:image\" content=\"https:\/\/news.access4you.io\/wp-content\/uploads\/2023\/03\/httpnews.access4you.io20190925ha-csak-a-fogyatekossagat-latjuk-valoban-fogyatekossa-tesszuk-serult-es-ep-emberek-egymas-szemeben-Facebook-Ad-1.png\" \/>\n\t<meta property=\"og:image:width\" content=\"1200\" \/>\n\t<meta property=\"og:image:height\" content=\"628\" \/>\n\t<meta property=\"og:image:type\" content=\"image\/png\" \/>\n<meta name=\"author\" content=\"access4you\" \/>\n<meta name=\"twitter:card\" content=\"summary_large_image\" \/>\n<meta name=\"twitter:label1\" content=\"Written by\" \/>\n\t<meta name=\"twitter:data1\" content=\"access4you\" \/>\n\t<meta name=\"twitter:label2\" content=\"Est. reading time\" \/>\n\t<meta name=\"twitter:data2\" content=\"3 minutes\" \/>\n<script type=\"application\/ld+json\" class=\"yoast-schema-graph\">{\"@context\":\"https:\/\/schema.org\",\"@graph\":[{\"@type\":\"Article\",\"@id\":\"https:\/\/news.access4you.io\/2023\/03\/17\/akadalymentessegi-informaciok-a-radnoti-szinhaztol%ef%bf%bc\/#article\",\"isPartOf\":{\"@id\":\"https:\/\/news.access4you.io\/2023\/03\/17\/akadalymentessegi-informaciok-a-radnoti-szinhaztol%ef%bf%bc\/\"},\"author\":{\"name\":\"access4you\",\"@id\":\"https:\/\/news.access4you.io\/#\/schema\/person\/cb4fff088aa5f5f43a6f4ce3a1e2e084\"},\"headline\":\"Akad\u00e1lymentess\u00e9gi inform\u00e1ci\u00f3k a Radn\u00f3ti Sz\u00ednh\u00e1zt\u00f3l\",\"datePublished\":\"2023-03-17T14:38:01+00:00\",\"dateModified\":\"2023-03-17T14:38:35+00:00\",\"mainEntityOfPage\":{\"@id\":\"https:\/\/news.access4you.io\/2023\/03\/17\/akadalymentessegi-informaciok-a-radnoti-szinhaztol%ef%bf%bc\/\"},\"wordCount\":686,\"publisher\":{\"@id\":\"https:\/\/news.access4you.io\/#organization\"},\"image\":{\"@id\":\"https:\/\/news.access4you.io\/2023\/03\/17\/akadalymentessegi-informaciok-a-radnoti-szinhaztol%ef%bf%bc\/#primaryimage\"},\"thumbnailUrl\":\"https:\/\/news.access4you.io\/wp-content\/uploads\/2023\/03\/httpnews.access4you.io20190925ha-csak-a-fogyatekossagat-latjuk-valoban-fogyatekossa-tesszuk-serult-es-ep-emberek-egymas-szemeben-Facebook-Ad-1.png\",\"articleSection\":[\"K\u00f6zlem\u00e9ny\"],\"inLanguage\":\"en-US\"},{\"@type\":\"WebPage\",\"@id\":\"https:\/\/news.access4you.io\/2023\/03\/17\/akadalymentessegi-informaciok-a-radnoti-szinhaztol%ef%bf%bc\/\",\"url\":\"https:\/\/news.access4you.io\/2023\/03\/17\/akadalymentessegi-informaciok-a-radnoti-szinhaztol%ef%bf%bc\/\",\"name\":\"Akad\u00e1lymentess\u00e9gi inform\u00e1ci\u00f3k a Radn\u00f3ti Sz\u00ednh\u00e1zt\u00f3l - Access4you H\u00edrek\",\"isPartOf\":{\"@id\":\"https:\/\/news.access4you.io\/#website\"},\"primaryImageOfPage\":{\"@id\":\"https:\/\/news.access4you.io\/2023\/03\/17\/akadalymentessegi-informaciok-a-radnoti-szinhaztol%ef%bf%bc\/#primaryimage\"},\"image\":{\"@id\":\"https:\/\/news.access4you.io\/2023\/03\/17\/akadalymentessegi-informaciok-a-radnoti-szinhaztol%ef%bf%bc\/#primaryimage\"},\"thumbnailUrl\":\"https:\/\/news.access4you.io\/wp-content\/uploads\/2023\/03\/httpnews.access4you.io20190925ha-csak-a-fogyatekossagat-latjuk-valoban-fogyatekossa-tesszuk-serult-es-ep-emberek-egymas-szemeben-Facebook-Ad-1.png\",\"datePublished\":\"2023-03-17T14:38:01+00:00\",\"dateModified\":\"2023-03-17T14:38:35+00:00\",\"breadcrumb\":{\"@id\":\"https:\/\/news.access4you.io\/2023\/03\/17\/akadalymentessegi-informaciok-a-radnoti-szinhaztol%ef%bf%bc\/#breadcrumb\"},\"inLanguage\":\"en-US\",\"potentialAction\":[{\"@type\":\"ReadAction\",\"target\":[\"https:\/\/news.access4you.io\/2023\/03\/17\/akadalymentessegi-informaciok-a-radnoti-szinhaztol%ef%bf%bc\/\"]}]},{\"@type\":\"ImageObject\",\"inLanguage\":\"en-US\",\"@id\":\"https:\/\/news.access4you.io\/2023\/03\/17\/akadalymentessegi-informaciok-a-radnoti-szinhaztol%ef%bf%bc\/#primaryimage\",\"url\":\"https:\/\/news.access4you.io\/wp-content\/uploads\/2023\/03\/httpnews.access4you.io20190925ha-csak-a-fogyatekossagat-latjuk-valoban-fogyatekossa-tesszuk-serult-es-ep-emberek-egymas-szemeben-Facebook-Ad-1.png\",\"contentUrl\":\"https:\/\/news.access4you.io\/wp-content\/uploads\/2023\/03\/httpnews.access4you.io20190925ha-csak-a-fogyatekossagat-latjuk-valoban-fogyatekossa-tesszuk-serult-es-ep-emberek-egymas-szemeben-Facebook-Ad-1.png\",\"width\":1200,\"height\":628},{\"@type\":\"BreadcrumbList\",\"@id\":\"https:\/\/news.access4you.io\/2023\/03\/17\/akadalymentessegi-informaciok-a-radnoti-szinhaztol%ef%bf%bc\/#breadcrumb\",\"itemListElement\":[{\"@type\":\"ListItem\",\"position\":1,\"name\":\"Kezd\u0151lap\",\"item\":\"https:\/\/news.access4you.io\/\"},{\"@type\":\"ListItem\",\"position\":2,\"name\":\"Akad\u00e1lymentess\u00e9gi inform\u00e1ci\u00f3k a Radn\u00f3ti Sz\u00ednh\u00e1zt\u00f3l\"}]},{\"@type\":\"WebSite\",\"@id\":\"https:\/\/news.access4you.io\/#website\",\"url\":\"https:\/\/news.access4you.io\/\",\"name\":\"Access4you H\u00edrek\",\"description\":\"\",\"publisher\":{\"@id\":\"https:\/\/news.access4you.io\/#organization\"},\"potentialAction\":[{\"@type\":\"SearchAction\",\"target\":{\"@type\":\"EntryPoint\",\"urlTemplate\":\"https:\/\/news.access4you.io\/?s={search_term_string}\"},\"query-input\":{\"@type\":\"PropertyValueSpecification\",\"valueRequired\":true,\"valueName\":\"search_term_string\"}}],\"inLanguage\":\"en-US\"},{\"@type\":\"Organization\",\"@id\":\"https:\/\/news.access4you.io\/#organization\",\"name\":\"Access4you H\u00edrek\",\"url\":\"https:\/\/news.access4you.io\/\",\"logo\":{\"@type\":\"ImageObject\",\"inLanguage\":\"en-US\",\"@id\":\"https:\/\/news.access4you.io\/#\/schema\/logo\/image\/\",\"url\":\"https:\/\/news.access4you.io\/wp-content\/uploads\/2021\/01\/a4u-logo-black.png\",\"contentUrl\":\"https:\/\/news.access4you.io\/wp-content\/uploads\/2021\/01\/a4u-logo-black.png\",\"width\":726,\"height\":454,\"caption\":\"Access4you H\u00edrek\"},\"image\":{\"@id\":\"https:\/\/news.access4you.io\/#\/schema\/logo\/image\/\"}},{\"@type\":\"Person\",\"@id\":\"https:\/\/news.access4you.io\/#\/schema\/person\/cb4fff088aa5f5f43a6f4ce3a1e2e084\",\"name\":\"access4you\",\"image\":{\"@type\":\"ImageObject\",\"inLanguage\":\"en-US\",\"@id\":\"https:\/\/news.access4you.io\/#\/schema\/person\/image\/\",\"url\":\"https:\/\/secure.gravatar.com\/avatar\/9795a8b3afc7ed258d167a92dbb1075b37bab5bc83b1ac9182ff4f58c22040b8?s=96&d=mm&r=g\",\"contentUrl\":\"https:\/\/secure.gravatar.com\/avatar\/9795a8b3afc7ed258d167a92dbb1075b37bab5bc83b1ac9182ff4f58c22040b8?s=96&d=mm&r=g\",\"caption\":\"access4you\"},\"sameAs\":[\"http:\/\/localhost\/access4you\"],\"url\":\"https:\/\/news.access4you.io\/en\/author\/access4you\/\"}]}<\/script>\n<!-- \/ Yoast SEO plugin. -->","yoast_head_json":{"title":"Akad\u00e1lymentess\u00e9gi inform\u00e1ci\u00f3k a Radn\u00f3ti Sz\u00ednh\u00e1zt\u00f3l - Access4you H\u00edrek","robots":{"index":"index","follow":"follow","max-snippet":"max-snippet:-1","max-image-preview":"max-image-preview:large","max-video-preview":"max-video-preview:-1"},"canonical":"https:\/\/news.access4you.io\/en\/2023\/03\/17\/akadalymentessegi-informaciok-a-radnoti-szinhaztol\ufffc\/","og_locale":"en_US","og_type":"article","og_title":"Akad\u00e1lymentess\u00e9gi inform\u00e1ci\u00f3k a Radn\u00f3ti Sz\u00ednh\u00e1zt\u00f3l - Access4you H\u00edrek","og_description":"A Radn\u00f3ti Sz\u00ednh\u00e1z elk\u00f6telezett az akad\u00e1lymentess\u00e9g \u00fcgye mellett. 14 t\u00e1rsadalmi k\u00f6z\u00fcgyeinek is egyike az akad\u00e1lymentess\u00e9g, de a kommunik\u00e1ci\u00f3s kamp\u00e1nya mellett a sz\u00ednh\u00e1z 2023 \u00e9v elej\u00e9n megszerezte az Access4you tan\u00fas\u00edtott helysz\u00edn min\u0151s\u00edt\u00e9st is, \u00e9s r\u00e9szletes akad\u00e1lymentess\u00e9gi inform\u00e1ci\u00f3t biztos\u00edt a k\u00f6z\u00f6ns\u00e9g sz\u00e1m\u00e1ra. A F\u00f6ld n\u00e9pess\u00e9g\u00e9nek 16%-a, azaz nagyj\u00e1b\u00f3l minden negyedik feln\u0151tt valamilyen fogyat\u00e9koss\u00e1ggal \u00e9l. Ezt a magas [&hellip;]","og_url":"https:\/\/news.access4you.io\/en\/2023\/03\/17\/akadalymentessegi-informaciok-a-radnoti-szinhaztol\ufffc\/","og_site_name":"Access4you H\u00edrek","article_published_time":"2023-03-17T14:38:01+00:00","article_modified_time":"2023-03-17T14:38:35+00:00","og_image":[{"width":1200,"height":628,"url":"https:\/\/news.access4you.io\/wp-content\/uploads\/2023\/03\/httpnews.access4you.io20190925ha-csak-a-fogyatekossagat-latjuk-valoban-fogyatekossa-tesszuk-serult-es-ep-emberek-egymas-szemeben-Facebook-Ad-1.png","type":"image\/png"}],"author":"access4you","twitter_card":"summary_large_image","twitter_misc":{"Written by":"access4you","Est. reading time":"3 minutes"},"schema":{"@context":"https:\/\/schema.org","@graph":[{"@type":"Article","@id":"https:\/\/news.access4you.io\/2023\/03\/17\/akadalymentessegi-informaciok-a-radnoti-szinhaztol%ef%bf%bc\/#article","isPartOf":{"@id":"https:\/\/news.access4you.io\/2023\/03\/17\/akadalymentessegi-informaciok-a-radnoti-szinhaztol%ef%bf%bc\/"},"author":{"name":"access4you","@id":"https:\/\/news.access4you.io\/#\/schema\/person\/cb4fff088aa5f5f43a6f4ce3a1e2e084"},"headline":"Akad\u00e1lymentess\u00e9gi inform\u00e1ci\u00f3k a Radn\u00f3ti Sz\u00ednh\u00e1zt\u00f3l","datePublished":"2023-03-17T14:38:01+00:00","dateModified":"2023-03-17T14:38:35+00:00","mainEntityOfPage":{"@id":"https:\/\/news.access4you.io\/2023\/03\/17\/akadalymentessegi-informaciok-a-radnoti-szinhaztol%ef%bf%bc\/"},"wordCount":686,"publisher":{"@id":"https:\/\/news.access4you.io\/#organization"},"image":{"@id":"https:\/\/news.access4you.io\/2023\/03\/17\/akadalymentessegi-informaciok-a-radnoti-szinhaztol%ef%bf%bc\/#primaryimage"},"thumbnailUrl":"https:\/\/news.access4you.io\/wp-content\/uploads\/2023\/03\/httpnews.access4you.io20190925ha-csak-a-fogyatekossagat-latjuk-valoban-fogyatekossa-tesszuk-serult-es-ep-emberek-egymas-szemeben-Facebook-Ad-1.png","articleSection":["K\u00f6zlem\u00e9ny"],"inLanguage":"en-US"},{"@type":"WebPage","@id":"https:\/\/news.access4you.io\/2023\/03\/17\/akadalymentessegi-informaciok-a-radnoti-szinhaztol%ef%bf%bc\/","url":"https:\/\/news.access4you.io\/2023\/03\/17\/akadalymentessegi-informaciok-a-radnoti-szinhaztol%ef%bf%bc\/","name":"Akad\u00e1lymentess\u00e9gi inform\u00e1ci\u00f3k a Radn\u00f3ti Sz\u00ednh\u00e1zt\u00f3l - Access4you H\u00edrek","isPartOf":{"@id":"https:\/\/news.access4you.io\/#website"},"primaryImageOfPage":{"@id":"https:\/\/news.access4you.io\/2023\/03\/17\/akadalymentessegi-informaciok-a-radnoti-szinhaztol%ef%bf%bc\/#primaryimage"},"image":{"@id":"https:\/\/news.access4you.io\/2023\/03\/17\/akadalymentessegi-informaciok-a-radnoti-szinhaztol%ef%bf%bc\/#primaryimage"},"thumbnailUrl":"https:\/\/news.access4you.io\/wp-content\/uploads\/2023\/03\/httpnews.access4you.io20190925ha-csak-a-fogyatekossagat-latjuk-valoban-fogyatekossa-tesszuk-serult-es-ep-emberek-egymas-szemeben-Facebook-Ad-1.png","datePublished":"2023-03-17T14:38:01+00:00","dateModified":"2023-03-17T14:38:35+00:00","breadcrumb":{"@id":"https:\/\/news.access4you.io\/2023\/03\/17\/akadalymentessegi-informaciok-a-radnoti-szinhaztol%ef%bf%bc\/#breadcrumb"},"inLanguage":"en-US","potentialAction":[{"@type":"ReadAction","target":["https:\/\/news.access4you.io\/2023\/03\/17\/akadalymentessegi-informaciok-a-radnoti-szinhaztol%ef%bf%bc\/"]}]},{"@type":"ImageObject","inLanguage":"en-US","@id":"https:\/\/news.access4you.io\/2023\/03\/17\/akadalymentessegi-informaciok-a-radnoti-szinhaztol%ef%bf%bc\/#primaryimage","url":"https:\/\/news.access4you.io\/wp-content\/uploads\/2023\/03\/httpnews.access4you.io20190925ha-csak-a-fogyatekossagat-latjuk-valoban-fogyatekossa-tesszuk-serult-es-ep-emberek-egymas-szemeben-Facebook-Ad-1.png","contentUrl":"https:\/\/news.access4you.io\/wp-content\/uploads\/2023\/03\/httpnews.access4you.io20190925ha-csak-a-fogyatekossagat-latjuk-valoban-fogyatekossa-tesszuk-serult-es-ep-emberek-egymas-szemeben-Facebook-Ad-1.png","width":1200,"height":628},{"@type":"BreadcrumbList","@id":"https:\/\/news.access4you.io\/2023\/03\/17\/akadalymentessegi-informaciok-a-radnoti-szinhaztol%ef%bf%bc\/#breadcrumb","itemListElement":[{"@type":"ListItem","position":1,"name":"Kezd\u0151lap","item":"https:\/\/news.access4you.io\/"},{"@type":"ListItem","position":2,"name":"Akad\u00e1lymentess\u00e9gi inform\u00e1ci\u00f3k a Radn\u00f3ti Sz\u00ednh\u00e1zt\u00f3l"}]},{"@type":"WebSite","@id":"https:\/\/news.access4you.io\/#website","url":"https:\/\/news.access4you.io\/","name":"Access4you H\u00edrek","description":"","publisher":{"@id":"https:\/\/news.access4you.io\/#organization"},"potentialAction":[{"@type":"SearchAction","target":{"@type":"EntryPoint","urlTemplate":"https:\/\/news.access4you.io\/?s={search_term_string}"},"query-input":{"@type":"PropertyValueSpecification","valueRequired":true,"valueName":"search_term_string"}}],"inLanguage":"en-US"},{"@type":"Organization","@id":"https:\/\/news.access4you.io\/#organization","name":"Access4you H\u00edrek","url":"https:\/\/news.access4you.io\/","logo":{"@type":"ImageObject","inLanguage":"en-US","@id":"https:\/\/news.access4you.io\/#\/schema\/logo\/image\/","url":"https:\/\/news.access4you.io\/wp-content\/uploads\/2021\/01\/a4u-logo-black.png","contentUrl":"https:\/\/news.access4you.io\/wp-content\/uploads\/2021\/01\/a4u-logo-black.png","width":726,"height":454,"caption":"Access4you H\u00edrek"},"image":{"@id":"https:\/\/news.access4you.io\/#\/schema\/logo\/image\/"}},{"@type":"Person","@id":"https:\/\/news.access4you.io\/#\/schema\/person\/cb4fff088aa5f5f43a6f4ce3a1e2e084","name":"access4you","image":{"@type":"ImageObject","inLanguage":"en-US","@id":"https:\/\/news.access4you.io\/#\/schema\/person\/image\/","url":"https:\/\/secure.gravatar.com\/avatar\/9795a8b3afc7ed258d167a92dbb1075b37bab5bc83b1ac9182ff4f58c22040b8?s=96&d=mm&r=g","contentUrl":"https:\/\/secure.gravatar.com\/avatar\/9795a8b3afc7ed258d167a92dbb1075b37bab5bc83b1ac9182ff4f58c22040b8?s=96&d=mm&r=g","caption":"access4you"},"sameAs":["http:\/\/localhost\/access4you"],"url":"https:\/\/news.access4you.io\/en\/author\/access4you\/"}]}},"_links":{"self":[{"href":"https:\/\/news.access4you.io\/en\/wp-json\/wp\/v2\/posts\/4749","targetHints":{"allow":["GET"]}}],"collection":[{"href":"https:\/\/news.access4you.io\/en\/wp-json\/wp\/v2\/posts"}],"about":[{"href":"https:\/\/news.access4you.io\/en\/wp-json\/wp\/v2\/types\/post"}],"author":[{"embeddable":true,"href":"https:\/\/news.access4you.io\/en\/wp-json\/wp\/v2\/users\/1"}],"replies":[{"embeddable":true,"href":"https:\/\/news.access4you.io\/en\/wp-json\/wp\/v2\/comments?post=4749"}],"version-history":[{"count":0,"href":"https:\/\/news.access4you.io\/en\/wp-json\/wp\/v2\/posts\/4749\/revisions"}],"wp:featuredmedia":[{"embeddable":true,"href":"https:\/\/news.access4you.io\/en\/wp-json\/wp\/v2\/media\/4753"}],"wp:attachment":[{"href":"https:\/\/news.access4you.io\/en\/wp-json\/wp\/v2\/media?parent=4749"}],"wp:term":[{"taxonomy":"category","embeddable":true,"href":"https:\/\/news.access4you.io\/en\/wp-json\/wp\/v2\/categories?post=4749"},{"taxonomy":"post_tag","embeddable":true,"href":"https:\/\/news.access4you.io\/en\/wp-json\/wp\/v2\/tags?post=4749"}],"curies":[{"name":"wp","href":"https:\/\/api.w.org\/{rel}","templated":true}]}}