{"id":4762,"date":"2023-03-22T13:12:20","date_gmt":"2023-03-22T13:12:20","guid":{"rendered":"http:\/\/news.access4you.io\/?p=4762"},"modified":"2023-03-22T13:13:35","modified_gmt":"2023-03-22T13:13:35","slug":"harmadik-eve-akadalymentesek-a-portfolio-konferenciak","status":"publish","type":"post","link":"https:\/\/news.access4you.io\/en\/2023\/03\/22\/harmadik-eve-akadalymentesek-a-portfolio-konferenciak\/","title":{"rendered":"Harmadik \u00e9ve akad\u00e1lymentesek a Portfolio konferenci\u00e1k"},"content":{"rendered":"<p>A hozz\u00e1f\u00e9rhet\u0151s\u00e9g el\u0151seg\u00edt\u00e9se nem csak t\u00e1rsadalmi, hanem \u00fczleti szempontb\u00f3l is fontos. Egy akad\u00e1lymentes rendezv\u00e9ny sz\u00e9lesebb k\u00f6r sz\u00e1m\u00e1ra el\u00e9rhet\u0151 \u00e9s az inkluzi\u00f3 el\u0151seg\u00edt\u00e9se \u00e1ltal a r\u00e9sztvev\u0151k el\u00e9gedetts\u00e9ge \u00e9s a szervez\u0151k pozit\u00edv meg\u00edt\u00e9l\u00e9se is n\u0151. A speci\u00e1lis ig\u00e9nnyel \u00e9l\u0151 szem\u00e9lyek sz\u00e1m\u00e1ra el\u00e9rhet\u0151 helysz\u00ednek \u00e9s er\u0151forr\u00e1sok biztos\u00edt\u00e1s\u00e1ra ir\u00e1nyul\u00f3 t\u00f6rekv\u00e9sek mindemellett eduk\u00e1lnak is; felh\u00edvj\u00e1k a figyelmet az akad\u00e1lymentess\u00e9g \u00fcgy\u00e9nek, a fogyat\u00e9koss\u00e1ggal \u00e9l\u0151 szem\u00e9lyek bevon\u00e1s\u00e1nak fontoss\u00e1g\u00e1ra.\u00a0<\/p>\n\n\n\n<p>Portfolio \u00e9s az Access4you imm\u00e1r harmadik \u00e9ve tart\u00f3 egy\u00fcttm\u0171k\u00f6d\u00e9se kiv\u00e1l\u00f3 p\u00e9lda erre. A CE r\u00e9gi\u00f3ban vezet\u0151 ipar\u00e1gi f\u00f3rumokat szervez\u0151 c\u00e9g kiemelt hangs\u00falyt fektet arra, hogy rendezv\u00e9nyeiken akad\u00e1lymentes k\u00f6rnyezetet \u00e9s \u00e9lm\u00e9nyeket teremtsen minden \u00e9rdekl\u0151d\u0151 sz\u00e1m\u00e1ra. A 2023-ban tartott konferenci\u00e1k helysz\u00edneit az Access4you tan\u00fas\u00edtotta \u00e9s min\u0151s\u00edtette, \u00e9s ezekr\u0151l r\u00e9szletes \u00e9s megb\u00edzhat\u00f3 akad\u00e1lymentess\u00e9gi inform\u00e1ci\u00f3kat biztos\u00edt honlapj\u00e1n \u00e9s applik\u00e1ci\u00f3j\u00e1ban.<\/p>\n\n\n\n<p>2023 tavaszi id\u0151szak konferenci\u00e1i:<\/p>\n\n\n\n<p><a href=\"https:\/\/www.portfolio.hu\/rendezvenyek\/konferencia-penzugy\/biztositas-2023\/1468\">Biztos\u00edt\u00e1s\u2002- 2023. m\u00e1rcius 08., szerda &#8211; Radisson Blu B\u00e9ke<\/a><\/p>\n\n\n\n<p><a href=\"https:\/\/www.portfolio.hu\/rendezvenyek\/konferencia-agrar\/agrarium-2023\/1455\">Agr\u00e1rium &#8211; 2023. m\u00e1rcius 21., kedd &#8211; Four Points by Sheraton<\/a><\/p>\n\n\n\n<p><a href=\"https:\/\/www.portfolio.hu\/rendezvenyek\/konferencia-ingatlan\/epitoipar-2023\/1482\">\u00c9p\u00edt\u0151ipar &#8211; 2023. m\u00e1rcius 30., cs\u00fct\u00f6rt\u00f6k &#8211; Marriott<\/a><\/p>\n\n\n\n<p><a href=\"https:\/\/www.portfolio.hu\/rendezvenyek\/konferencia-energia\/vallalati-energiabeszerzes-2023\/1522\">Portfolio V\u00e1llalati Energiabeszerz\u00e9s &#8211; 2023. \u00e1prilis 18. &#8211; Radisson Blu B\u00e9ke<\/a><\/p>\n\n\n\n<p><a href=\"https:\/\/portfoliolakas.hu\/\">Lak\u00e1s Ki\u00e1ll\u00edt\u00e1s 2023 &#8211; 2023. \u00e1prilis 21-23. p\u00e9ntek-vas\u00e1rnap &#8211; Mom Sport<\/a><\/p>\n\n\n\n<p><a href=\"https:\/\/www.portfolio.hu\/rendezvenyek\/konferencia-gazdasag\/sustainable-tech-2023\/1460\">Sustainable Tech &#8211; 2023. \u00e1prilis 25., kedd &#8211; Marriott<\/a><\/p>\n\n\n\n<p><a href=\"https:\/\/www.portfolio.hu\/rendezvenyek\/konferencia-it\/digital-transformation-2023\/1458\">Digital Transformation &#8211; 2023. m\u00e1jus 3., szerda &#8211; Marriott<\/a><\/p>\n\n\n\n<p><a href=\"https:\/\/www.portfolio.hu\/rendezvenyek\/konferencia-penzugy\/hitelezes-2023\/1470\">Hitelez\u00e9s &#8211; 2023. m\u00e1jus 4., cs\u00fct\u00f6rt\u00f6k &#8211; Marriott<\/a><\/p>\n\n\n\n<p><a href=\"https:\/\/www.portfolio.hu\/rendezvenyek\/konferencia-penzugy\/gen-z-fest-2023\/1520\">GenZ Fest &#8211; 2023. m\u00e1jus 10. &#8211; Aquarium<\/a><\/p>\n\n\n\n<p><a href=\"https:\/\/www.portfolio.hu\/rendezvenyek\/konferencia-gazdasag\/portfolio-mage-jarmuipar-2023\/1435\">J\u00e1rm\u0171ipar &#8211; 2023. m\u00e1jus 17., szerda &#8211; Hungexpo<\/a><\/p>\n\n\n\n<p><a href=\"https:\/\/www.portfolio.hu\/rendezvenyek\/konferencia-it\/financial-it-2023\/1486\">Financial IT &#8211; 2023. j\u00fanius 1., cs\u00fct\u00f6rt\u00f6k &#8211; Marriott<\/a><\/p>\n\n\n\n<p><a href=\"https:\/\/www.portfolio.hu\/rendezvenyek\/konferencia-ingatlan\/portfolio-property-x-2023\/1437\">Property X &#8211; 2023. j\u00fanius ?, szerda-cs\u00fct\u00f6rt\u00f6k &#8211; Anna Grand Hotel<\/a><\/p>","protected":false},"excerpt":{"rendered":"<p>A hozz\u00e1f\u00e9rhet\u0151s\u00e9g el\u0151seg\u00edt\u00e9se nem csak t\u00e1rsadalmi, hanem \u00fczleti szempontb\u00f3l is fontos. Egy akad\u00e1lymentes rendezv\u00e9ny sz\u00e9lesebb k\u00f6r sz\u00e1m\u00e1ra el\u00e9rhet\u0151 \u00e9s az inkluzi\u00f3 el\u0151seg\u00edt\u00e9se \u00e1ltal a r\u00e9sztvev\u0151k el\u00e9gedetts\u00e9ge \u00e9s a szervez\u0151k pozit\u00edv meg\u00edt\u00e9l\u00e9se is n\u0151. A speci\u00e1lis ig\u00e9nnyel \u00e9l\u0151 szem\u00e9lyek sz\u00e1m\u00e1ra el\u00e9rhet\u0151 helysz\u00ednek \u00e9s er\u0151forr\u00e1sok biztos\u00edt\u00e1s\u00e1ra ir\u00e1nyul\u00f3 t\u00f6rekv\u00e9sek mindemellett eduk\u00e1lnak is; felh\u00edvj\u00e1k a figyelmet az akad\u00e1lymentess\u00e9g \u00fcgy\u00e9nek, [&hellip;]<\/p>","protected":false},"author":1,"featured_media":4763,"comment_status":"closed","ping_status":"closed","sticky":false,"template":"","format":"standard","meta":{"footnotes":""},"categories":[1],"tags":[99],"class_list":["post-4762","post","type-post","status-publish","format-standard","has-post-thumbnail","hentry","category-rovat","tag-access4you-event"],"yoast_head":"<!-- This site is optimized with the Yoast SEO plugin v23.8 - https:\/\/yoast.com\/wordpress\/plugins\/seo\/ -->\n<title>Harmadik \u00e9ve akad\u00e1lymentesek a Portfolio konferenci\u00e1k - Access4you H\u00edrek<\/title>\n<meta name=\"description\" content=\"A CE r\u00e9gi\u00f3ban vezet\u0151 ipar\u00e1gi f\u00f3rumokat szervez\u0151 c\u00e9g kiemelt hangs\u00falyt fektet arra, hogy rendezv\u00e9nyeiken akad\u00e1lymentes k\u00f6rnyezetet \u00e9s \u00e9lm\u00e9nyeket teremtsen minden \u00e9rdekl\u0151d\u0151 sz\u00e1m\u00e1ra. A 2023-ban tartott konferenci\u00e1k helysz\u00edneit az Access4you tan\u00fas\u00edtotta \u00e9s min\u0151s\u00edtette, \u00e9s ezekr\u0151l r\u00e9szletes \u00e9s megb\u00edzhat\u00f3 akad\u00e1lymentess\u00e9gi inform\u00e1ci\u00f3kat biztos\u00edt honlapj\u00e1n \u00e9s applik\u00e1ci\u00f3j\u00e1ban.\" \/>\n<meta name=\"robots\" content=\"index, follow, max-snippet:-1, max-image-preview:large, max-video-preview:-1\" \/>\n<link rel=\"canonical\" href=\"https:\/\/news.access4you.io\/en\/2023\/03\/22\/harmadik-eve-akadalymentesek-a-portfolio-konferenciak\/\" \/>\n<meta property=\"og:locale\" content=\"en_US\" \/>\n<meta property=\"og:type\" content=\"article\" \/>\n<meta property=\"og:title\" content=\"Harmadik \u00e9ve akad\u00e1lymentesek a Portfolio konferenci\u00e1k - Access4you H\u00edrek\" \/>\n<meta property=\"og:description\" content=\"A CE r\u00e9gi\u00f3ban vezet\u0151 ipar\u00e1gi f\u00f3rumokat szervez\u0151 c\u00e9g kiemelt hangs\u00falyt fektet arra, hogy rendezv\u00e9nyeiken akad\u00e1lymentes k\u00f6rnyezetet \u00e9s \u00e9lm\u00e9nyeket teremtsen minden \u00e9rdekl\u0151d\u0151 sz\u00e1m\u00e1ra. A 2023-ban tartott konferenci\u00e1k helysz\u00edneit az Access4you tan\u00fas\u00edtotta \u00e9s min\u0151s\u00edtette, \u00e9s ezekr\u0151l r\u00e9szletes \u00e9s megb\u00edzhat\u00f3 akad\u00e1lymentess\u00e9gi inform\u00e1ci\u00f3kat biztos\u00edt honlapj\u00e1n \u00e9s applik\u00e1ci\u00f3j\u00e1ban.\" \/>\n<meta property=\"og:url\" content=\"https:\/\/news.access4you.io\/en\/2023\/03\/22\/harmadik-eve-akadalymentesek-a-portfolio-konferenciak\/\" \/>\n<meta property=\"og:site_name\" content=\"Access4you H\u00edrek\" \/>\n<meta property=\"article:published_time\" content=\"2023-03-22T13:12:20+00:00\" \/>\n<meta property=\"article:modified_time\" content=\"2023-03-22T13:13:35+00:00\" \/>\n<meta property=\"og:image\" content=\"https:\/\/news.access4you.io\/wp-content\/uploads\/2023\/03\/httpnews.access4you.io20190925ha-csak-a-fogyatekossagat-latjuk-valoban-fogyatekossa-tesszuk-serult-es-ep-emberek-egymas-szemeben-Facebook-Ad.jpg\" \/>\n\t<meta property=\"og:image:width\" content=\"1200\" \/>\n\t<meta property=\"og:image:height\" content=\"628\" \/>\n\t<meta property=\"og:image:type\" content=\"image\/jpeg\" \/>\n<meta name=\"author\" content=\"access4you\" \/>\n<meta name=\"twitter:card\" content=\"summary_large_image\" \/>\n<meta name=\"twitter:label1\" content=\"Written by\" \/>\n\t<meta name=\"twitter:data1\" content=\"access4you\" \/>\n\t<meta name=\"twitter:label2\" content=\"Est. reading time\" \/>\n\t<meta name=\"twitter:data2\" content=\"2 minutes\" \/>\n<script type=\"application\/ld+json\" class=\"yoast-schema-graph\">{\"@context\":\"https:\/\/schema.org\",\"@graph\":[{\"@type\":\"Article\",\"@id\":\"https:\/\/news.access4you.io\/2023\/03\/22\/harmadik-eve-akadalymentesek-a-portfolio-konferenciak\/#article\",\"isPartOf\":{\"@id\":\"https:\/\/news.access4you.io\/2023\/03\/22\/harmadik-eve-akadalymentesek-a-portfolio-konferenciak\/\"},\"author\":{\"name\":\"access4you\",\"@id\":\"https:\/\/news.access4you.io\/#\/schema\/person\/cb4fff088aa5f5f43a6f4ce3a1e2e084\"},\"headline\":\"Harmadik \u00e9ve akad\u00e1lymentesek a Portfolio konferenci\u00e1k\",\"datePublished\":\"2023-03-22T13:12:20+00:00\",\"dateModified\":\"2023-03-22T13:13:35+00:00\",\"mainEntityOfPage\":{\"@id\":\"https:\/\/news.access4you.io\/2023\/03\/22\/harmadik-eve-akadalymentesek-a-portfolio-konferenciak\/\"},\"wordCount\":353,\"publisher\":{\"@id\":\"https:\/\/news.access4you.io\/#organization\"},\"image\":{\"@id\":\"https:\/\/news.access4you.io\/2023\/03\/22\/harmadik-eve-akadalymentesek-a-portfolio-konferenciak\/#primaryimage\"},\"thumbnailUrl\":\"https:\/\/news.access4you.io\/wp-content\/uploads\/2023\/03\/httpnews.access4you.io20190925ha-csak-a-fogyatekossagat-latjuk-valoban-fogyatekossa-tesszuk-serult-es-ep-emberek-egymas-szemeben-Facebook-Ad.jpg\",\"keywords\":[\"Access4you event\"],\"articleSection\":[\"Rovat\"],\"inLanguage\":\"en-US\"},{\"@type\":\"WebPage\",\"@id\":\"https:\/\/news.access4you.io\/2023\/03\/22\/harmadik-eve-akadalymentesek-a-portfolio-konferenciak\/\",\"url\":\"https:\/\/news.access4you.io\/2023\/03\/22\/harmadik-eve-akadalymentesek-a-portfolio-konferenciak\/\",\"name\":\"Harmadik \u00e9ve akad\u00e1lymentesek a Portfolio konferenci\u00e1k - Access4you H\u00edrek\",\"isPartOf\":{\"@id\":\"https:\/\/news.access4you.io\/#website\"},\"primaryImageOfPage\":{\"@id\":\"https:\/\/news.access4you.io\/2023\/03\/22\/harmadik-eve-akadalymentesek-a-portfolio-konferenciak\/#primaryimage\"},\"image\":{\"@id\":\"https:\/\/news.access4you.io\/2023\/03\/22\/harmadik-eve-akadalymentesek-a-portfolio-konferenciak\/#primaryimage\"},\"thumbnailUrl\":\"https:\/\/news.access4you.io\/wp-content\/uploads\/2023\/03\/httpnews.access4you.io20190925ha-csak-a-fogyatekossagat-latjuk-valoban-fogyatekossa-tesszuk-serult-es-ep-emberek-egymas-szemeben-Facebook-Ad.jpg\",\"datePublished\":\"2023-03-22T13:12:20+00:00\",\"dateModified\":\"2023-03-22T13:13:35+00:00\",\"description\":\"A CE r\u00e9gi\u00f3ban vezet\u0151 ipar\u00e1gi f\u00f3rumokat szervez\u0151 c\u00e9g kiemelt hangs\u00falyt fektet arra, hogy rendezv\u00e9nyeiken akad\u00e1lymentes k\u00f6rnyezetet \u00e9s \u00e9lm\u00e9nyeket teremtsen minden \u00e9rdekl\u0151d\u0151 sz\u00e1m\u00e1ra. A 2023-ban tartott konferenci\u00e1k helysz\u00edneit az Access4you tan\u00fas\u00edtotta \u00e9s min\u0151s\u00edtette, \u00e9s ezekr\u0151l r\u00e9szletes \u00e9s megb\u00edzhat\u00f3 akad\u00e1lymentess\u00e9gi inform\u00e1ci\u00f3kat biztos\u00edt honlapj\u00e1n \u00e9s applik\u00e1ci\u00f3j\u00e1ban.\",\"breadcrumb\":{\"@id\":\"https:\/\/news.access4you.io\/2023\/03\/22\/harmadik-eve-akadalymentesek-a-portfolio-konferenciak\/#breadcrumb\"},\"inLanguage\":\"en-US\",\"potentialAction\":[{\"@type\":\"ReadAction\",\"target\":[\"https:\/\/news.access4you.io\/2023\/03\/22\/harmadik-eve-akadalymentesek-a-portfolio-konferenciak\/\"]}]},{\"@type\":\"ImageObject\",\"inLanguage\":\"en-US\",\"@id\":\"https:\/\/news.access4you.io\/2023\/03\/22\/harmadik-eve-akadalymentesek-a-portfolio-konferenciak\/#primaryimage\",\"url\":\"https:\/\/news.access4you.io\/wp-content\/uploads\/2023\/03\/httpnews.access4you.io20190925ha-csak-a-fogyatekossagat-latjuk-valoban-fogyatekossa-tesszuk-serult-es-ep-emberek-egymas-szemeben-Facebook-Ad.jpg\",\"contentUrl\":\"https:\/\/news.access4you.io\/wp-content\/uploads\/2023\/03\/httpnews.access4you.io20190925ha-csak-a-fogyatekossagat-latjuk-valoban-fogyatekossa-tesszuk-serult-es-ep-emberek-egymas-szemeben-Facebook-Ad.jpg\",\"width\":1200,\"height\":628},{\"@type\":\"BreadcrumbList\",\"@id\":\"https:\/\/news.access4you.io\/2023\/03\/22\/harmadik-eve-akadalymentesek-a-portfolio-konferenciak\/#breadcrumb\",\"itemListElement\":[{\"@type\":\"ListItem\",\"position\":1,\"name\":\"Kezd\u0151lap\",\"item\":\"https:\/\/news.access4you.io\/\"},{\"@type\":\"ListItem\",\"position\":2,\"name\":\"Harmadik \u00e9ve akad\u00e1lymentesek a Portfolio konferenci\u00e1k\"}]},{\"@type\":\"WebSite\",\"@id\":\"https:\/\/news.access4you.io\/#website\",\"url\":\"https:\/\/news.access4you.io\/\",\"name\":\"Access4you H\u00edrek\",\"description\":\"\",\"publisher\":{\"@id\":\"https:\/\/news.access4you.io\/#organization\"},\"potentialAction\":[{\"@type\":\"SearchAction\",\"target\":{\"@type\":\"EntryPoint\",\"urlTemplate\":\"https:\/\/news.access4you.io\/?s={search_term_string}\"},\"query-input\":{\"@type\":\"PropertyValueSpecification\",\"valueRequired\":true,\"valueName\":\"search_term_string\"}}],\"inLanguage\":\"en-US\"},{\"@type\":\"Organization\",\"@id\":\"https:\/\/news.access4you.io\/#organization\",\"name\":\"Access4you H\u00edrek\",\"url\":\"https:\/\/news.access4you.io\/\",\"logo\":{\"@type\":\"ImageObject\",\"inLanguage\":\"en-US\",\"@id\":\"https:\/\/news.access4you.io\/#\/schema\/logo\/image\/\",\"url\":\"https:\/\/news.access4you.io\/wp-content\/uploads\/2021\/01\/a4u-logo-black.png\",\"contentUrl\":\"https:\/\/news.access4you.io\/wp-content\/uploads\/2021\/01\/a4u-logo-black.png\",\"width\":726,\"height\":454,\"caption\":\"Access4you H\u00edrek\"},\"image\":{\"@id\":\"https:\/\/news.access4you.io\/#\/schema\/logo\/image\/\"}},{\"@type\":\"Person\",\"@id\":\"https:\/\/news.access4you.io\/#\/schema\/person\/cb4fff088aa5f5f43a6f4ce3a1e2e084\",\"name\":\"access4you\",\"image\":{\"@type\":\"ImageObject\",\"inLanguage\":\"en-US\",\"@id\":\"https:\/\/news.access4you.io\/#\/schema\/person\/image\/\",\"url\":\"https:\/\/secure.gravatar.com\/avatar\/9795a8b3afc7ed258d167a92dbb1075b37bab5bc83b1ac9182ff4f58c22040b8?s=96&d=mm&r=g\",\"contentUrl\":\"https:\/\/secure.gravatar.com\/avatar\/9795a8b3afc7ed258d167a92dbb1075b37bab5bc83b1ac9182ff4f58c22040b8?s=96&d=mm&r=g\",\"caption\":\"access4you\"},\"sameAs\":[\"http:\/\/localhost\/access4you\"],\"url\":\"https:\/\/news.access4you.io\/en\/author\/access4you\/\"}]}<\/script>\n<!-- \/ Yoast SEO plugin. -->","yoast_head_json":{"title":"Harmadik \u00e9ve akad\u00e1lymentesek a Portfolio konferenci\u00e1k - Access4you H\u00edrek","description":"A CE r\u00e9gi\u00f3ban vezet\u0151 ipar\u00e1gi f\u00f3rumokat szervez\u0151 c\u00e9g kiemelt hangs\u00falyt fektet arra, hogy rendezv\u00e9nyeiken akad\u00e1lymentes k\u00f6rnyezetet \u00e9s \u00e9lm\u00e9nyeket teremtsen minden \u00e9rdekl\u0151d\u0151 sz\u00e1m\u00e1ra. A 2023-ban tartott konferenci\u00e1k helysz\u00edneit az Access4you tan\u00fas\u00edtotta \u00e9s min\u0151s\u00edtette, \u00e9s ezekr\u0151l r\u00e9szletes \u00e9s megb\u00edzhat\u00f3 akad\u00e1lymentess\u00e9gi inform\u00e1ci\u00f3kat biztos\u00edt honlapj\u00e1n \u00e9s applik\u00e1ci\u00f3j\u00e1ban.","robots":{"index":"index","follow":"follow","max-snippet":"max-snippet:-1","max-image-preview":"max-image-preview:large","max-video-preview":"max-video-preview:-1"},"canonical":"https:\/\/news.access4you.io\/en\/2023\/03\/22\/harmadik-eve-akadalymentesek-a-portfolio-konferenciak\/","og_locale":"en_US","og_type":"article","og_title":"Harmadik \u00e9ve akad\u00e1lymentesek a Portfolio konferenci\u00e1k - Access4you H\u00edrek","og_description":"A CE r\u00e9gi\u00f3ban vezet\u0151 ipar\u00e1gi f\u00f3rumokat szervez\u0151 c\u00e9g kiemelt hangs\u00falyt fektet arra, hogy rendezv\u00e9nyeiken akad\u00e1lymentes k\u00f6rnyezetet \u00e9s \u00e9lm\u00e9nyeket teremtsen minden \u00e9rdekl\u0151d\u0151 sz\u00e1m\u00e1ra. A 2023-ban tartott konferenci\u00e1k helysz\u00edneit az Access4you tan\u00fas\u00edtotta \u00e9s min\u0151s\u00edtette, \u00e9s ezekr\u0151l r\u00e9szletes \u00e9s megb\u00edzhat\u00f3 akad\u00e1lymentess\u00e9gi inform\u00e1ci\u00f3kat biztos\u00edt honlapj\u00e1n \u00e9s applik\u00e1ci\u00f3j\u00e1ban.","og_url":"https:\/\/news.access4you.io\/en\/2023\/03\/22\/harmadik-eve-akadalymentesek-a-portfolio-konferenciak\/","og_site_name":"Access4you H\u00edrek","article_published_time":"2023-03-22T13:12:20+00:00","article_modified_time":"2023-03-22T13:13:35+00:00","og_image":[{"width":1200,"height":628,"url":"https:\/\/news.access4you.io\/wp-content\/uploads\/2023\/03\/httpnews.access4you.io20190925ha-csak-a-fogyatekossagat-latjuk-valoban-fogyatekossa-tesszuk-serult-es-ep-emberek-egymas-szemeben-Facebook-Ad.jpg","type":"image\/jpeg"}],"author":"access4you","twitter_card":"summary_large_image","twitter_misc":{"Written by":"access4you","Est. reading time":"2 minutes"},"schema":{"@context":"https:\/\/schema.org","@graph":[{"@type":"Article","@id":"https:\/\/news.access4you.io\/2023\/03\/22\/harmadik-eve-akadalymentesek-a-portfolio-konferenciak\/#article","isPartOf":{"@id":"https:\/\/news.access4you.io\/2023\/03\/22\/harmadik-eve-akadalymentesek-a-portfolio-konferenciak\/"},"author":{"name":"access4you","@id":"https:\/\/news.access4you.io\/#\/schema\/person\/cb4fff088aa5f5f43a6f4ce3a1e2e084"},"headline":"Harmadik \u00e9ve akad\u00e1lymentesek a Portfolio konferenci\u00e1k","datePublished":"2023-03-22T13:12:20+00:00","dateModified":"2023-03-22T13:13:35+00:00","mainEntityOfPage":{"@id":"https:\/\/news.access4you.io\/2023\/03\/22\/harmadik-eve-akadalymentesek-a-portfolio-konferenciak\/"},"wordCount":353,"publisher":{"@id":"https:\/\/news.access4you.io\/#organization"},"image":{"@id":"https:\/\/news.access4you.io\/2023\/03\/22\/harmadik-eve-akadalymentesek-a-portfolio-konferenciak\/#primaryimage"},"thumbnailUrl":"https:\/\/news.access4you.io\/wp-content\/uploads\/2023\/03\/httpnews.access4you.io20190925ha-csak-a-fogyatekossagat-latjuk-valoban-fogyatekossa-tesszuk-serult-es-ep-emberek-egymas-szemeben-Facebook-Ad.jpg","keywords":["Access4you event"],"articleSection":["Rovat"],"inLanguage":"en-US"},{"@type":"WebPage","@id":"https:\/\/news.access4you.io\/2023\/03\/22\/harmadik-eve-akadalymentesek-a-portfolio-konferenciak\/","url":"https:\/\/news.access4you.io\/2023\/03\/22\/harmadik-eve-akadalymentesek-a-portfolio-konferenciak\/","name":"Harmadik \u00e9ve akad\u00e1lymentesek a Portfolio konferenci\u00e1k - Access4you H\u00edrek","isPartOf":{"@id":"https:\/\/news.access4you.io\/#website"},"primaryImageOfPage":{"@id":"https:\/\/news.access4you.io\/2023\/03\/22\/harmadik-eve-akadalymentesek-a-portfolio-konferenciak\/#primaryimage"},"image":{"@id":"https:\/\/news.access4you.io\/2023\/03\/22\/harmadik-eve-akadalymentesek-a-portfolio-konferenciak\/#primaryimage"},"thumbnailUrl":"https:\/\/news.access4you.io\/wp-content\/uploads\/2023\/03\/httpnews.access4you.io20190925ha-csak-a-fogyatekossagat-latjuk-valoban-fogyatekossa-tesszuk-serult-es-ep-emberek-egymas-szemeben-Facebook-Ad.jpg","datePublished":"2023-03-22T13:12:20+00:00","dateModified":"2023-03-22T13:13:35+00:00","description":"A CE r\u00e9gi\u00f3ban vezet\u0151 ipar\u00e1gi f\u00f3rumokat szervez\u0151 c\u00e9g kiemelt hangs\u00falyt fektet arra, hogy rendezv\u00e9nyeiken akad\u00e1lymentes k\u00f6rnyezetet \u00e9s \u00e9lm\u00e9nyeket teremtsen minden \u00e9rdekl\u0151d\u0151 sz\u00e1m\u00e1ra. A 2023-ban tartott konferenci\u00e1k helysz\u00edneit az Access4you tan\u00fas\u00edtotta \u00e9s min\u0151s\u00edtette, \u00e9s ezekr\u0151l r\u00e9szletes \u00e9s megb\u00edzhat\u00f3 akad\u00e1lymentess\u00e9gi inform\u00e1ci\u00f3kat biztos\u00edt honlapj\u00e1n \u00e9s applik\u00e1ci\u00f3j\u00e1ban.","breadcrumb":{"@id":"https:\/\/news.access4you.io\/2023\/03\/22\/harmadik-eve-akadalymentesek-a-portfolio-konferenciak\/#breadcrumb"},"inLanguage":"en-US","potentialAction":[{"@type":"ReadAction","target":["https:\/\/news.access4you.io\/2023\/03\/22\/harmadik-eve-akadalymentesek-a-portfolio-konferenciak\/"]}]},{"@type":"ImageObject","inLanguage":"en-US","@id":"https:\/\/news.access4you.io\/2023\/03\/22\/harmadik-eve-akadalymentesek-a-portfolio-konferenciak\/#primaryimage","url":"https:\/\/news.access4you.io\/wp-content\/uploads\/2023\/03\/httpnews.access4you.io20190925ha-csak-a-fogyatekossagat-latjuk-valoban-fogyatekossa-tesszuk-serult-es-ep-emberek-egymas-szemeben-Facebook-Ad.jpg","contentUrl":"https:\/\/news.access4you.io\/wp-content\/uploads\/2023\/03\/httpnews.access4you.io20190925ha-csak-a-fogyatekossagat-latjuk-valoban-fogyatekossa-tesszuk-serult-es-ep-emberek-egymas-szemeben-Facebook-Ad.jpg","width":1200,"height":628},{"@type":"BreadcrumbList","@id":"https:\/\/news.access4you.io\/2023\/03\/22\/harmadik-eve-akadalymentesek-a-portfolio-konferenciak\/#breadcrumb","itemListElement":[{"@type":"ListItem","position":1,"name":"Kezd\u0151lap","item":"https:\/\/news.access4you.io\/"},{"@type":"ListItem","position":2,"name":"Harmadik \u00e9ve akad\u00e1lymentesek a Portfolio konferenci\u00e1k"}]},{"@type":"WebSite","@id":"https:\/\/news.access4you.io\/#website","url":"https:\/\/news.access4you.io\/","name":"Access4you H\u00edrek","description":"","publisher":{"@id":"https:\/\/news.access4you.io\/#organization"},"potentialAction":[{"@type":"SearchAction","target":{"@type":"EntryPoint","urlTemplate":"https:\/\/news.access4you.io\/?s={search_term_string}"},"query-input":{"@type":"PropertyValueSpecification","valueRequired":true,"valueName":"search_term_string"}}],"inLanguage":"en-US"},{"@type":"Organization","@id":"https:\/\/news.access4you.io\/#organization","name":"Access4you H\u00edrek","url":"https:\/\/news.access4you.io\/","logo":{"@type":"ImageObject","inLanguage":"en-US","@id":"https:\/\/news.access4you.io\/#\/schema\/logo\/image\/","url":"https:\/\/news.access4you.io\/wp-content\/uploads\/2021\/01\/a4u-logo-black.png","contentUrl":"https:\/\/news.access4you.io\/wp-content\/uploads\/2021\/01\/a4u-logo-black.png","width":726,"height":454,"caption":"Access4you H\u00edrek"},"image":{"@id":"https:\/\/news.access4you.io\/#\/schema\/logo\/image\/"}},{"@type":"Person","@id":"https:\/\/news.access4you.io\/#\/schema\/person\/cb4fff088aa5f5f43a6f4ce3a1e2e084","name":"access4you","image":{"@type":"ImageObject","inLanguage":"en-US","@id":"https:\/\/news.access4you.io\/#\/schema\/person\/image\/","url":"https:\/\/secure.gravatar.com\/avatar\/9795a8b3afc7ed258d167a92dbb1075b37bab5bc83b1ac9182ff4f58c22040b8?s=96&d=mm&r=g","contentUrl":"https:\/\/secure.gravatar.com\/avatar\/9795a8b3afc7ed258d167a92dbb1075b37bab5bc83b1ac9182ff4f58c22040b8?s=96&d=mm&r=g","caption":"access4you"},"sameAs":["http:\/\/localhost\/access4you"],"url":"https:\/\/news.access4you.io\/en\/author\/access4you\/"}]}},"_links":{"self":[{"href":"https:\/\/news.access4you.io\/en\/wp-json\/wp\/v2\/posts\/4762","targetHints":{"allow":["GET"]}}],"collection":[{"href":"https:\/\/news.access4you.io\/en\/wp-json\/wp\/v2\/posts"}],"about":[{"href":"https:\/\/news.access4you.io\/en\/wp-json\/wp\/v2\/types\/post"}],"author":[{"embeddable":true,"href":"https:\/\/news.access4you.io\/en\/wp-json\/wp\/v2\/users\/1"}],"replies":[{"embeddable":true,"href":"https:\/\/news.access4you.io\/en\/wp-json\/wp\/v2\/comments?post=4762"}],"version-history":[{"count":0,"href":"https:\/\/news.access4you.io\/en\/wp-json\/wp\/v2\/posts\/4762\/revisions"}],"wp:featuredmedia":[{"embeddable":true,"href":"https:\/\/news.access4you.io\/en\/wp-json\/wp\/v2\/media\/4763"}],"wp:attachment":[{"href":"https:\/\/news.access4you.io\/en\/wp-json\/wp\/v2\/media?parent=4762"}],"wp:term":[{"taxonomy":"category","embeddable":true,"href":"https:\/\/news.access4you.io\/en\/wp-json\/wp\/v2\/categories?post=4762"},{"taxonomy":"post_tag","embeddable":true,"href":"https:\/\/news.access4you.io\/en\/wp-json\/wp\/v2\/tags?post=4762"}],"curies":[{"name":"wp","href":"https:\/\/api.w.org\/{rel}","templated":true}]}}