{"id":4769,"date":"2023-04-04T11:14:25","date_gmt":"2023-04-04T11:14:25","guid":{"rendered":"http:\/\/news.access4you.io\/?p=4769"},"modified":"2023-04-04T11:19:39","modified_gmt":"2023-04-04T11:19:39","slug":"nalunk-mar-magatol-ertetodo-hogy-az-access4you-val-dolgozunk-az-epuleteinken","status":"publish","type":"post","link":"https:\/\/news.access4you.io\/en\/2023\/04\/04\/nalunk-mar-magatol-ertetodo-hogy-az-access4you-val-dolgozunk-az-epuleteinken\/","title":{"rendered":"&#8222;N\u00e1lunk m\u00e1r mag\u00e1t\u00f3l \u00e9rtet\u0151d\u0151, hogy az Access4you-val dolgozunk az \u00e9p\u00fcleteinken&#8221;"},"content":{"rendered":"<h4 class=\"wp-block-heading\"><strong>A CPI Hungary sz\u00e1m\u00e1ra mindig is kiemelt szempont volt a fenntarthat\u00f3s\u00e1g. A c\u00e9g h\u00e1rom \u00e9ve, a magyar ingatlanpiacon els\u0151k\u00e9nt tan\u00fas\u00edttatta \u00e9s min\u0151s\u00edttette a portf\u00f3li\u00f3j\u00e1t, ekkor a v\u00e1llalat irodah\u00e1zainak nagy r\u00e9sze, illetve a Campona \u00e9s P\u00f3lus Bev\u00e1s\u00e1rl\u00f3k\u00f6zpontok is megszerezt\u00e9k az Access4you v\u00e9djegyet. Interj\u00fankban most Gergely Ferencet, a CPI Senior Projekt Menedzser\u00e9t k\u00e9rdezt\u00fck a k\u00e9t c\u00e9g egy\u00fcttm\u0171k\u00f6d\u00e9s\u00e9r\u0151l.<\/strong><\/h4>\n\n\n\n<p><strong>Hogyan eml\u00e9kszel vissza, mi volt az els\u0151 benyom\u00e1sod az Access4you-val kapcsolatban?<\/strong><\/p>\n\n\n\n<p>Az els\u0151, egyben legmeglep\u0151bb \u00e9s legpozit\u00edvabb tapasztalatom az volt, hogy m\u00edg az \u00e1ltal\u00e1nos szakmai megk\u00f6zel\u00edt\u00e9s az akad\u00e1lymentess\u00e9gr\u0151l csak a kerekessz\u00e9kes vagy mozg\u00e1sukban korl\u00e1tozott emberekr\u0151l besz\u00e9l, addig az Access4you ezt a k\u00f6rt teljes sz\u00e9less\u00e9gben kiterjesztette mindenkire, aki b\u00e1rmilyen k\u00e9pess\u00e9g\u00e9ben korl\u00e1tozott.&nbsp;<\/p>\n\n\n\n<p><strong>Hogyan hatott a gondolkod\u00e1sotokra az egy\u00fcttm\u0171k\u00f6d\u00e9s?<\/strong><\/p>\n\n\n\n<p>Nagy hat\u00e1ssal volt a szeml\u00e9letm\u00f3dunkra, fontosnak tartjuk, hogy az \u00e9p\u00fclet mindenki sz\u00e1m\u00e1ra el\u00e9rhet\u0151 legyen, olyan megold\u00e1sokban gondolkodjunk, amelyek mindenki sz\u00e1m\u00e1ra biztos\u00edtj\u00e1k a hozz\u00e1f\u00e9rhet\u0151s\u00e9get. N\u00e1lunk m\u00e1r mag\u00e1t\u00f3l \u00e9rtet\u0151d\u0151, hogy az Access4you-val dolgozunk az \u00e9p\u00fcleteinken; nemcsak a megl\u00e9v\u0151 \u00e9p\u00fcletek eset\u00e9n, hanem m\u00e1r a terveket is a k\u00f6zrem\u0171k\u00f6d\u00e9setekkel k\u00e9sz\u00edtj\u00fck. Amiket javasoltok, azok teljesen term\u00e9szetes m\u00f3don integr\u00e1lhat\u00f3k az \u00e9p\u00fcletbe, \u00e9s az \u00e9p\u00fclet maga l\u00e9nyegesen jobb lesz ez\u00e1ltal. Az \u00fcvegekre ragasztott apr\u00f3 kis inform\u00e1ci\u00f3s jelekt\u0151l kezdve a Braille \u00edr\u00e1ssal k\u00e9sz\u00edtett kis t\u00e9rk\u00e9pig, a huroker\u0151s\u00edt\u0151s mikrofon a recepci\u00f3n, nagyon sok ilyen apr\u00f3s\u00e1got fel lehetne m\u00e9g sorolni \u00e9s egy ilyen \u00e9p\u00fclet szintj\u00e9n ezek nem is jelentenek sz\u00e1mottev\u0151 k\u00f6lts\u00e9get \u00e9s t\u00f6bbletenergi\u00e1t.&nbsp;<\/p>\n\n\n\n<p>A szem\u00e9lyes v\u00e9lem\u00e9nyem szerint, amit ezen a ter\u00fcleten az Access4you k\u00e9pvisel, az olyan hozz\u00e1adott \u00e9rt\u00e9ket ad az \u00e9p\u00fcleteinknek , amelyek \u00e1ltal azok a rendeltet\u00e9si c\u00e9ljaiknak sokkal kifinomultabban tudnak megfelelni.<\/p>\n\n\n\n<p><strong>Milyen \u00fczleti el\u0151nyt jelent sz\u00e1motokra az Access4you v\u00e9djegy?<\/strong><\/p>\n\n\n\n<p>Ingatlanfejleszt\u0151k\u00e9nt, innovat\u00edv fejjel gondolkodva nagyon \u00f6r\u00fcl\u00fcnk, hogy ennek k\u00f6sz\u00f6nhet\u0151en van m\u00e9g egy ter\u00fclet, ahol sokkal jobbak lehet\u00fcnk, illetve a term\u00e9keink sokkal jobbak lehetnek. A b\u00e9rl\u0151inknek jelenleg az egyik legnagyobb probl\u00e9m\u00e1ja a munkaer\u0151 el\u00e9rhet\u0151s\u00e9ge, nem csak a munkaer\u0151 felv\u00e9tele, hanem nagyon nagy energi\u00e1t fektetnek ezek a c\u00e9gek abba is, hogy visszahozz\u00e1k az alkalmazottaikat az irodah\u00e1zakban \u00e9s ez is egy nagyon fontos r\u00e9sze ennek a t\u00f6rekv\u00e9snek.<\/p>\n\n\n\n<p><strong>Mi\u00e9rt fontos sz\u00e1modra az akad\u00e1lymentess\u00e9g \u00fcgye?<\/strong><\/p>\n\n\n\n<p>Azt gondolom, hogy valahol minden ember korl\u00e1tozott valamilyen k\u00e9pess\u00e9g\u00e9ben; nem mondhatjuk azt, hogy vannak a t\u00f6k\u00e9letes emberek \u00e9s vannak a korl\u00e1tozott emberek, Mindenki korl\u00e1tozott &#8211; ki kev\u00e9sb\u00e9, ki jobban. Ha erre elkezd\u00fcnk odafigyelni, akkor ez mindenki sz\u00e1m\u00e1ra el\u0151ny\u00f6sebb, komfortosabb, jobb (munka)k\u00f6rnyezetet tud teremteni.<\/p>\n\n\n\n<p><em>Sz\u00f6veg \u00e9s interj\u00fa: Szil\u00e1gyi Andrea<\/em><\/p>\n\n\n\n<p><em>Olvass m\u00e9g t\u00f6bb tartalmat sp\u00e9ci emberekr\u0151l, az akad\u00e1lymentess\u00e9gr\u0151l \u00e9s a t\u00e1rsadalmi inkl\u00fazi\u00f3r\u00f3l az&nbsp;<a href=\"http:\/\/news.access4you.io\/en\/\" target=\"_blank\" rel=\"noreferrer noopener\">Access4you h\u00edrei<\/a>&nbsp;k\u00f6z\u00f6tt. N\u00e9zz k\u00f6rbe a&nbsp;<a href=\"https:\/\/access4you.io\/places\" target=\"_blank\" rel=\"noreferrer noopener\">Tan\u00fas\u00edtott helysz\u00ednek<\/a>&nbsp;men\u00fcben, ahol r\u00e9szletes inform\u00e1ci\u00f3t adunk a felm\u00e9r\u00e9sben r\u00e9sztvev\u0151 helysz\u00ednek akad\u00e1lymentess\u00e9g\u00e9r\u0151l, mindezt 8 + 1 sp\u00e9ci csoport ig\u00e9nyei alapj\u00e1n: kerekessz\u00e9ket haszn\u00e1l\u00f3k, babakocsival k\u00f6zleked\u0151k, id\u0151sek \u00e9s mozg\u00e1sukban korl\u00e1tozottak, siketek, nagyothall\u00f3k, vakok, gyeng\u00e9nl\u00e1t\u00f3k, kognit\u00edv zavarral \u00e9l\u0151k, valamint (+1) seg\u00edt\u0151kuty\u00e1val k\u00f6zleked\u0151k sz\u00e1m\u00e1ra.<\/em><\/p>","protected":false},"excerpt":{"rendered":"<p>A CPI Hungary sz\u00e1m\u00e1ra mindig is kiemelt szempont volt a fenntarthat\u00f3s\u00e1g. A c\u00e9g h\u00e1rom \u00e9ve, a magyar ingatlanpiacon els\u0151k\u00e9nt tan\u00fas\u00edttatta \u00e9s min\u0151s\u00edttette a portf\u00f3li\u00f3j\u00e1t, ekkor a v\u00e1llalat irodah\u00e1zainak nagy r\u00e9sze, illetve a Campona \u00e9s P\u00f3lus Bev\u00e1s\u00e1rl\u00f3k\u00f6zpontok is megszerezt\u00e9k az Access4you v\u00e9djegyet. Interj\u00fankban most Gergely Ferencet, a CPI Senior Projekt Menedzser\u00e9t k\u00e9rdezt\u00fck a k\u00e9t c\u00e9g egy\u00fcttm\u0171k\u00f6d\u00e9s\u00e9r\u0151l. [&hellip;]<\/p>","protected":false},"author":1,"featured_media":4773,"comment_status":"closed","ping_status":"closed","sticky":false,"template":"","format":"standard","meta":{"footnotes":""},"categories":[1],"tags":[],"class_list":["post-4769","post","type-post","status-publish","format-standard","has-post-thumbnail","hentry","category-rovat"],"yoast_head":"<!-- This site is optimized with the Yoast SEO plugin v23.8 - https:\/\/yoast.com\/wordpress\/plugins\/seo\/ -->\n<title>&quot;N\u00e1lunk m\u00e1r mag\u00e1t\u00f3l \u00e9rtet\u0151d\u0151, hogy az Access4you-val dolgozunk az \u00e9p\u00fcleteinken&quot; - Access4you H\u00edrek<\/title>\n<meta name=\"description\" content=\"A CPI Hungary sz\u00e1m\u00e1ra mindig is kiemelt szempont volt a fenntarthat\u00f3s\u00e1g. A c\u00e9g h\u00e1rom \u00e9ve, a magyar ingatlanpiacon els\u0151k\u00e9nt tan\u00fas\u00edttatta \u00e9s min\u0151s\u00edttette a portf\u00f3li\u00f3j\u00e1t, ekkor a v\u00e1llalat irodah\u00e1zainak nagy r\u00e9sze, illetve a Campona \u00e9s P\u00f3lus Bev\u00e1s\u00e1rl\u00f3k\u00f6zpontok is megszerezt\u00e9k az Access4you v\u00e9djegyet. Interj\u00fankban most Gergely Ferencet, a CPI Senior Projekt Menedzser\u00e9t k\u00e9rdezt\u00fck a k\u00e9t c\u00e9g egy\u00fcttm\u0171k\u00f6d\u00e9s\u00e9r\u0151l.\" \/>\n<meta name=\"robots\" content=\"index, follow, max-snippet:-1, max-image-preview:large, max-video-preview:-1\" \/>\n<link rel=\"canonical\" href=\"https:\/\/news.access4you.io\/en\/2023\/04\/04\/nalunk-mar-magatol-ertetodo-hogy-az-access4you-val-dolgozunk-az-epuleteinken\/\" \/>\n<meta property=\"og:locale\" content=\"en_US\" \/>\n<meta property=\"og:type\" content=\"article\" \/>\n<meta property=\"og:title\" content=\"&quot;N\u00e1lunk m\u00e1r mag\u00e1t\u00f3l \u00e9rtet\u0151d\u0151, hogy az Access4you-val dolgozunk az \u00e9p\u00fcleteinken&quot; - Access4you H\u00edrek\" \/>\n<meta property=\"og:description\" content=\"A CPI Hungary sz\u00e1m\u00e1ra mindig is kiemelt szempont volt a fenntarthat\u00f3s\u00e1g. A c\u00e9g h\u00e1rom \u00e9ve, a magyar ingatlanpiacon els\u0151k\u00e9nt tan\u00fas\u00edttatta \u00e9s min\u0151s\u00edttette a portf\u00f3li\u00f3j\u00e1t, ekkor a v\u00e1llalat irodah\u00e1zainak nagy r\u00e9sze, illetve a Campona \u00e9s P\u00f3lus Bev\u00e1s\u00e1rl\u00f3k\u00f6zpontok is megszerezt\u00e9k az Access4you v\u00e9djegyet. Interj\u00fankban most Gergely Ferencet, a CPI Senior Projekt Menedzser\u00e9t k\u00e9rdezt\u00fck a k\u00e9t c\u00e9g egy\u00fcttm\u0171k\u00f6d\u00e9s\u00e9r\u0151l.\" \/>\n<meta property=\"og:url\" content=\"https:\/\/news.access4you.io\/en\/2023\/04\/04\/nalunk-mar-magatol-ertetodo-hogy-az-access4you-val-dolgozunk-az-epuleteinken\/\" \/>\n<meta property=\"og:site_name\" content=\"Access4you H\u00edrek\" \/>\n<meta property=\"article:published_time\" content=\"2023-04-04T11:14:25+00:00\" \/>\n<meta property=\"article:modified_time\" content=\"2023-04-04T11:19:39+00:00\" \/>\n<meta property=\"og:image\" content=\"https:\/\/news.access4you.io\/wp-content\/uploads\/2023\/04\/GF-1-scaled.jpg\" \/>\n\t<meta property=\"og:image:width\" content=\"2560\" \/>\n\t<meta property=\"og:image:height\" content=\"2007\" \/>\n\t<meta property=\"og:image:type\" content=\"image\/jpeg\" \/>\n<meta name=\"author\" content=\"access4you\" \/>\n<meta name=\"twitter:card\" content=\"summary_large_image\" \/>\n<meta name=\"twitter:label1\" content=\"Written by\" \/>\n\t<meta name=\"twitter:data1\" content=\"access4you\" \/>\n\t<meta name=\"twitter:label2\" content=\"Est. reading time\" \/>\n\t<meta name=\"twitter:data2\" content=\"3 minutes\" \/>\n<script type=\"application\/ld+json\" class=\"yoast-schema-graph\">{\"@context\":\"https:\/\/schema.org\",\"@graph\":[{\"@type\":\"Article\",\"@id\":\"https:\/\/news.access4you.io\/2023\/04\/04\/nalunk-mar-magatol-ertetodo-hogy-az-access4you-val-dolgozunk-az-epuleteinken\/#article\",\"isPartOf\":{\"@id\":\"https:\/\/news.access4you.io\/2023\/04\/04\/nalunk-mar-magatol-ertetodo-hogy-az-access4you-val-dolgozunk-az-epuleteinken\/\"},\"author\":{\"name\":\"access4you\",\"@id\":\"https:\/\/news.access4you.io\/#\/schema\/person\/cb4fff088aa5f5f43a6f4ce3a1e2e084\"},\"headline\":\"&#8222;N\u00e1lunk m\u00e1r mag\u00e1t\u00f3l \u00e9rtet\u0151d\u0151, hogy az Access4you-val dolgozunk az \u00e9p\u00fcleteinken&#8221;\",\"datePublished\":\"2023-04-04T11:14:25+00:00\",\"dateModified\":\"2023-04-04T11:19:39+00:00\",\"mainEntityOfPage\":{\"@id\":\"https:\/\/news.access4you.io\/2023\/04\/04\/nalunk-mar-magatol-ertetodo-hogy-az-access4you-val-dolgozunk-az-epuleteinken\/\"},\"wordCount\":700,\"publisher\":{\"@id\":\"https:\/\/news.access4you.io\/#organization\"},\"image\":{\"@id\":\"https:\/\/news.access4you.io\/2023\/04\/04\/nalunk-mar-magatol-ertetodo-hogy-az-access4you-val-dolgozunk-az-epuleteinken\/#primaryimage\"},\"thumbnailUrl\":\"https:\/\/news.access4you.io\/wp-content\/uploads\/2023\/04\/GF-1-scaled.jpg\",\"articleSection\":[\"Rovat\"],\"inLanguage\":\"en-US\"},{\"@type\":\"WebPage\",\"@id\":\"https:\/\/news.access4you.io\/2023\/04\/04\/nalunk-mar-magatol-ertetodo-hogy-az-access4you-val-dolgozunk-az-epuleteinken\/\",\"url\":\"https:\/\/news.access4you.io\/2023\/04\/04\/nalunk-mar-magatol-ertetodo-hogy-az-access4you-val-dolgozunk-az-epuleteinken\/\",\"name\":\"\\\"N\u00e1lunk m\u00e1r mag\u00e1t\u00f3l \u00e9rtet\u0151d\u0151, hogy az Access4you-val dolgozunk az \u00e9p\u00fcleteinken\\\" - Access4you H\u00edrek\",\"isPartOf\":{\"@id\":\"https:\/\/news.access4you.io\/#website\"},\"primaryImageOfPage\":{\"@id\":\"https:\/\/news.access4you.io\/2023\/04\/04\/nalunk-mar-magatol-ertetodo-hogy-az-access4you-val-dolgozunk-az-epuleteinken\/#primaryimage\"},\"image\":{\"@id\":\"https:\/\/news.access4you.io\/2023\/04\/04\/nalunk-mar-magatol-ertetodo-hogy-az-access4you-val-dolgozunk-az-epuleteinken\/#primaryimage\"},\"thumbnailUrl\":\"https:\/\/news.access4you.io\/wp-content\/uploads\/2023\/04\/GF-1-scaled.jpg\",\"datePublished\":\"2023-04-04T11:14:25+00:00\",\"dateModified\":\"2023-04-04T11:19:39+00:00\",\"description\":\"A CPI Hungary sz\u00e1m\u00e1ra mindig is kiemelt szempont volt a fenntarthat\u00f3s\u00e1g. A c\u00e9g h\u00e1rom \u00e9ve, a magyar ingatlanpiacon els\u0151k\u00e9nt tan\u00fas\u00edttatta \u00e9s min\u0151s\u00edttette a portf\u00f3li\u00f3j\u00e1t, ekkor a v\u00e1llalat irodah\u00e1zainak nagy r\u00e9sze, illetve a Campona \u00e9s P\u00f3lus Bev\u00e1s\u00e1rl\u00f3k\u00f6zpontok is megszerezt\u00e9k az Access4you v\u00e9djegyet. Interj\u00fankban most Gergely Ferencet, a CPI Senior Projekt Menedzser\u00e9t k\u00e9rdezt\u00fck a k\u00e9t c\u00e9g egy\u00fcttm\u0171k\u00f6d\u00e9s\u00e9r\u0151l.\",\"breadcrumb\":{\"@id\":\"https:\/\/news.access4you.io\/2023\/04\/04\/nalunk-mar-magatol-ertetodo-hogy-az-access4you-val-dolgozunk-az-epuleteinken\/#breadcrumb\"},\"inLanguage\":\"en-US\",\"potentialAction\":[{\"@type\":\"ReadAction\",\"target\":[\"https:\/\/news.access4you.io\/2023\/04\/04\/nalunk-mar-magatol-ertetodo-hogy-az-access4you-val-dolgozunk-az-epuleteinken\/\"]}]},{\"@type\":\"ImageObject\",\"inLanguage\":\"en-US\",\"@id\":\"https:\/\/news.access4you.io\/2023\/04\/04\/nalunk-mar-magatol-ertetodo-hogy-az-access4you-val-dolgozunk-az-epuleteinken\/#primaryimage\",\"url\":\"https:\/\/news.access4you.io\/wp-content\/uploads\/2023\/04\/GF-1-scaled.jpg\",\"contentUrl\":\"https:\/\/news.access4you.io\/wp-content\/uploads\/2023\/04\/GF-1-scaled.jpg\",\"width\":2560,\"height\":2007},{\"@type\":\"BreadcrumbList\",\"@id\":\"https:\/\/news.access4you.io\/2023\/04\/04\/nalunk-mar-magatol-ertetodo-hogy-az-access4you-val-dolgozunk-az-epuleteinken\/#breadcrumb\",\"itemListElement\":[{\"@type\":\"ListItem\",\"position\":1,\"name\":\"Kezd\u0151lap\",\"item\":\"https:\/\/news.access4you.io\/\"},{\"@type\":\"ListItem\",\"position\":2,\"name\":\"&#8222;N\u00e1lunk m\u00e1r mag\u00e1t\u00f3l \u00e9rtet\u0151d\u0151, hogy az Access4you-val dolgozunk az \u00e9p\u00fcleteinken&#8221;\"}]},{\"@type\":\"WebSite\",\"@id\":\"https:\/\/news.access4you.io\/#website\",\"url\":\"https:\/\/news.access4you.io\/\",\"name\":\"Access4you H\u00edrek\",\"description\":\"\",\"publisher\":{\"@id\":\"https:\/\/news.access4you.io\/#organization\"},\"potentialAction\":[{\"@type\":\"SearchAction\",\"target\":{\"@type\":\"EntryPoint\",\"urlTemplate\":\"https:\/\/news.access4you.io\/?s={search_term_string}\"},\"query-input\":{\"@type\":\"PropertyValueSpecification\",\"valueRequired\":true,\"valueName\":\"search_term_string\"}}],\"inLanguage\":\"en-US\"},{\"@type\":\"Organization\",\"@id\":\"https:\/\/news.access4you.io\/#organization\",\"name\":\"Access4you H\u00edrek\",\"url\":\"https:\/\/news.access4you.io\/\",\"logo\":{\"@type\":\"ImageObject\",\"inLanguage\":\"en-US\",\"@id\":\"https:\/\/news.access4you.io\/#\/schema\/logo\/image\/\",\"url\":\"https:\/\/news.access4you.io\/wp-content\/uploads\/2021\/01\/a4u-logo-black.png\",\"contentUrl\":\"https:\/\/news.access4you.io\/wp-content\/uploads\/2021\/01\/a4u-logo-black.png\",\"width\":726,\"height\":454,\"caption\":\"Access4you H\u00edrek\"},\"image\":{\"@id\":\"https:\/\/news.access4you.io\/#\/schema\/logo\/image\/\"}},{\"@type\":\"Person\",\"@id\":\"https:\/\/news.access4you.io\/#\/schema\/person\/cb4fff088aa5f5f43a6f4ce3a1e2e084\",\"name\":\"access4you\",\"image\":{\"@type\":\"ImageObject\",\"inLanguage\":\"en-US\",\"@id\":\"https:\/\/news.access4you.io\/#\/schema\/person\/image\/\",\"url\":\"https:\/\/secure.gravatar.com\/avatar\/9795a8b3afc7ed258d167a92dbb1075b37bab5bc83b1ac9182ff4f58c22040b8?s=96&d=mm&r=g\",\"contentUrl\":\"https:\/\/secure.gravatar.com\/avatar\/9795a8b3afc7ed258d167a92dbb1075b37bab5bc83b1ac9182ff4f58c22040b8?s=96&d=mm&r=g\",\"caption\":\"access4you\"},\"sameAs\":[\"http:\/\/localhost\/access4you\"],\"url\":\"https:\/\/news.access4you.io\/en\/author\/access4you\/\"}]}<\/script>\n<!-- \/ Yoast SEO plugin. -->","yoast_head_json":{"title":"\"N\u00e1lunk m\u00e1r mag\u00e1t\u00f3l \u00e9rtet\u0151d\u0151, hogy az Access4you-val dolgozunk az \u00e9p\u00fcleteinken\" - Access4you H\u00edrek","description":"A CPI Hungary sz\u00e1m\u00e1ra mindig is kiemelt szempont volt a fenntarthat\u00f3s\u00e1g. A c\u00e9g h\u00e1rom \u00e9ve, a magyar ingatlanpiacon els\u0151k\u00e9nt tan\u00fas\u00edttatta \u00e9s min\u0151s\u00edttette a portf\u00f3li\u00f3j\u00e1t, ekkor a v\u00e1llalat irodah\u00e1zainak nagy r\u00e9sze, illetve a Campona \u00e9s P\u00f3lus Bev\u00e1s\u00e1rl\u00f3k\u00f6zpontok is megszerezt\u00e9k az Access4you v\u00e9djegyet. Interj\u00fankban most Gergely Ferencet, a CPI Senior Projekt Menedzser\u00e9t k\u00e9rdezt\u00fck a k\u00e9t c\u00e9g egy\u00fcttm\u0171k\u00f6d\u00e9s\u00e9r\u0151l.","robots":{"index":"index","follow":"follow","max-snippet":"max-snippet:-1","max-image-preview":"max-image-preview:large","max-video-preview":"max-video-preview:-1"},"canonical":"https:\/\/news.access4you.io\/en\/2023\/04\/04\/nalunk-mar-magatol-ertetodo-hogy-az-access4you-val-dolgozunk-az-epuleteinken\/","og_locale":"en_US","og_type":"article","og_title":"\"N\u00e1lunk m\u00e1r mag\u00e1t\u00f3l \u00e9rtet\u0151d\u0151, hogy az Access4you-val dolgozunk az \u00e9p\u00fcleteinken\" - Access4you H\u00edrek","og_description":"A CPI Hungary sz\u00e1m\u00e1ra mindig is kiemelt szempont volt a fenntarthat\u00f3s\u00e1g. A c\u00e9g h\u00e1rom \u00e9ve, a magyar ingatlanpiacon els\u0151k\u00e9nt tan\u00fas\u00edttatta \u00e9s min\u0151s\u00edttette a portf\u00f3li\u00f3j\u00e1t, ekkor a v\u00e1llalat irodah\u00e1zainak nagy r\u00e9sze, illetve a Campona \u00e9s P\u00f3lus Bev\u00e1s\u00e1rl\u00f3k\u00f6zpontok is megszerezt\u00e9k az Access4you v\u00e9djegyet. Interj\u00fankban most Gergely Ferencet, a CPI Senior Projekt Menedzser\u00e9t k\u00e9rdezt\u00fck a k\u00e9t c\u00e9g egy\u00fcttm\u0171k\u00f6d\u00e9s\u00e9r\u0151l.","og_url":"https:\/\/news.access4you.io\/en\/2023\/04\/04\/nalunk-mar-magatol-ertetodo-hogy-az-access4you-val-dolgozunk-az-epuleteinken\/","og_site_name":"Access4you H\u00edrek","article_published_time":"2023-04-04T11:14:25+00:00","article_modified_time":"2023-04-04T11:19:39+00:00","og_image":[{"width":2560,"height":2007,"url":"https:\/\/news.access4you.io\/wp-content\/uploads\/2023\/04\/GF-1-scaled.jpg","type":"image\/jpeg"}],"author":"access4you","twitter_card":"summary_large_image","twitter_misc":{"Written by":"access4you","Est. reading time":"3 minutes"},"schema":{"@context":"https:\/\/schema.org","@graph":[{"@type":"Article","@id":"https:\/\/news.access4you.io\/2023\/04\/04\/nalunk-mar-magatol-ertetodo-hogy-az-access4you-val-dolgozunk-az-epuleteinken\/#article","isPartOf":{"@id":"https:\/\/news.access4you.io\/2023\/04\/04\/nalunk-mar-magatol-ertetodo-hogy-az-access4you-val-dolgozunk-az-epuleteinken\/"},"author":{"name":"access4you","@id":"https:\/\/news.access4you.io\/#\/schema\/person\/cb4fff088aa5f5f43a6f4ce3a1e2e084"},"headline":"&#8222;N\u00e1lunk m\u00e1r mag\u00e1t\u00f3l \u00e9rtet\u0151d\u0151, hogy az Access4you-val dolgozunk az \u00e9p\u00fcleteinken&#8221;","datePublished":"2023-04-04T11:14:25+00:00","dateModified":"2023-04-04T11:19:39+00:00","mainEntityOfPage":{"@id":"https:\/\/news.access4you.io\/2023\/04\/04\/nalunk-mar-magatol-ertetodo-hogy-az-access4you-val-dolgozunk-az-epuleteinken\/"},"wordCount":700,"publisher":{"@id":"https:\/\/news.access4you.io\/#organization"},"image":{"@id":"https:\/\/news.access4you.io\/2023\/04\/04\/nalunk-mar-magatol-ertetodo-hogy-az-access4you-val-dolgozunk-az-epuleteinken\/#primaryimage"},"thumbnailUrl":"https:\/\/news.access4you.io\/wp-content\/uploads\/2023\/04\/GF-1-scaled.jpg","articleSection":["Rovat"],"inLanguage":"en-US"},{"@type":"WebPage","@id":"https:\/\/news.access4you.io\/2023\/04\/04\/nalunk-mar-magatol-ertetodo-hogy-az-access4you-val-dolgozunk-az-epuleteinken\/","url":"https:\/\/news.access4you.io\/2023\/04\/04\/nalunk-mar-magatol-ertetodo-hogy-az-access4you-val-dolgozunk-az-epuleteinken\/","name":"\"N\u00e1lunk m\u00e1r mag\u00e1t\u00f3l \u00e9rtet\u0151d\u0151, hogy az Access4you-val dolgozunk az \u00e9p\u00fcleteinken\" - Access4you H\u00edrek","isPartOf":{"@id":"https:\/\/news.access4you.io\/#website"},"primaryImageOfPage":{"@id":"https:\/\/news.access4you.io\/2023\/04\/04\/nalunk-mar-magatol-ertetodo-hogy-az-access4you-val-dolgozunk-az-epuleteinken\/#primaryimage"},"image":{"@id":"https:\/\/news.access4you.io\/2023\/04\/04\/nalunk-mar-magatol-ertetodo-hogy-az-access4you-val-dolgozunk-az-epuleteinken\/#primaryimage"},"thumbnailUrl":"https:\/\/news.access4you.io\/wp-content\/uploads\/2023\/04\/GF-1-scaled.jpg","datePublished":"2023-04-04T11:14:25+00:00","dateModified":"2023-04-04T11:19:39+00:00","description":"A CPI Hungary sz\u00e1m\u00e1ra mindig is kiemelt szempont volt a fenntarthat\u00f3s\u00e1g. A c\u00e9g h\u00e1rom \u00e9ve, a magyar ingatlanpiacon els\u0151k\u00e9nt tan\u00fas\u00edttatta \u00e9s min\u0151s\u00edttette a portf\u00f3li\u00f3j\u00e1t, ekkor a v\u00e1llalat irodah\u00e1zainak nagy r\u00e9sze, illetve a Campona \u00e9s P\u00f3lus Bev\u00e1s\u00e1rl\u00f3k\u00f6zpontok is megszerezt\u00e9k az Access4you v\u00e9djegyet. Interj\u00fankban most Gergely Ferencet, a CPI Senior Projekt Menedzser\u00e9t k\u00e9rdezt\u00fck a k\u00e9t c\u00e9g egy\u00fcttm\u0171k\u00f6d\u00e9s\u00e9r\u0151l.","breadcrumb":{"@id":"https:\/\/news.access4you.io\/2023\/04\/04\/nalunk-mar-magatol-ertetodo-hogy-az-access4you-val-dolgozunk-az-epuleteinken\/#breadcrumb"},"inLanguage":"en-US","potentialAction":[{"@type":"ReadAction","target":["https:\/\/news.access4you.io\/2023\/04\/04\/nalunk-mar-magatol-ertetodo-hogy-az-access4you-val-dolgozunk-az-epuleteinken\/"]}]},{"@type":"ImageObject","inLanguage":"en-US","@id":"https:\/\/news.access4you.io\/2023\/04\/04\/nalunk-mar-magatol-ertetodo-hogy-az-access4you-val-dolgozunk-az-epuleteinken\/#primaryimage","url":"https:\/\/news.access4you.io\/wp-content\/uploads\/2023\/04\/GF-1-scaled.jpg","contentUrl":"https:\/\/news.access4you.io\/wp-content\/uploads\/2023\/04\/GF-1-scaled.jpg","width":2560,"height":2007},{"@type":"BreadcrumbList","@id":"https:\/\/news.access4you.io\/2023\/04\/04\/nalunk-mar-magatol-ertetodo-hogy-az-access4you-val-dolgozunk-az-epuleteinken\/#breadcrumb","itemListElement":[{"@type":"ListItem","position":1,"name":"Kezd\u0151lap","item":"https:\/\/news.access4you.io\/"},{"@type":"ListItem","position":2,"name":"&#8222;N\u00e1lunk m\u00e1r mag\u00e1t\u00f3l \u00e9rtet\u0151d\u0151, hogy az Access4you-val dolgozunk az \u00e9p\u00fcleteinken&#8221;"}]},{"@type":"WebSite","@id":"https:\/\/news.access4you.io\/#website","url":"https:\/\/news.access4you.io\/","name":"Access4you H\u00edrek","description":"","publisher":{"@id":"https:\/\/news.access4you.io\/#organization"},"potentialAction":[{"@type":"SearchAction","target":{"@type":"EntryPoint","urlTemplate":"https:\/\/news.access4you.io\/?s={search_term_string}"},"query-input":{"@type":"PropertyValueSpecification","valueRequired":true,"valueName":"search_term_string"}}],"inLanguage":"en-US"},{"@type":"Organization","@id":"https:\/\/news.access4you.io\/#organization","name":"Access4you H\u00edrek","url":"https:\/\/news.access4you.io\/","logo":{"@type":"ImageObject","inLanguage":"en-US","@id":"https:\/\/news.access4you.io\/#\/schema\/logo\/image\/","url":"https:\/\/news.access4you.io\/wp-content\/uploads\/2021\/01\/a4u-logo-black.png","contentUrl":"https:\/\/news.access4you.io\/wp-content\/uploads\/2021\/01\/a4u-logo-black.png","width":726,"height":454,"caption":"Access4you H\u00edrek"},"image":{"@id":"https:\/\/news.access4you.io\/#\/schema\/logo\/image\/"}},{"@type":"Person","@id":"https:\/\/news.access4you.io\/#\/schema\/person\/cb4fff088aa5f5f43a6f4ce3a1e2e084","name":"access4you","image":{"@type":"ImageObject","inLanguage":"en-US","@id":"https:\/\/news.access4you.io\/#\/schema\/person\/image\/","url":"https:\/\/secure.gravatar.com\/avatar\/9795a8b3afc7ed258d167a92dbb1075b37bab5bc83b1ac9182ff4f58c22040b8?s=96&d=mm&r=g","contentUrl":"https:\/\/secure.gravatar.com\/avatar\/9795a8b3afc7ed258d167a92dbb1075b37bab5bc83b1ac9182ff4f58c22040b8?s=96&d=mm&r=g","caption":"access4you"},"sameAs":["http:\/\/localhost\/access4you"],"url":"https:\/\/news.access4you.io\/en\/author\/access4you\/"}]}},"_links":{"self":[{"href":"https:\/\/news.access4you.io\/en\/wp-json\/wp\/v2\/posts\/4769","targetHints":{"allow":["GET"]}}],"collection":[{"href":"https:\/\/news.access4you.io\/en\/wp-json\/wp\/v2\/posts"}],"about":[{"href":"https:\/\/news.access4you.io\/en\/wp-json\/wp\/v2\/types\/post"}],"author":[{"embeddable":true,"href":"https:\/\/news.access4you.io\/en\/wp-json\/wp\/v2\/users\/1"}],"replies":[{"embeddable":true,"href":"https:\/\/news.access4you.io\/en\/wp-json\/wp\/v2\/comments?post=4769"}],"version-history":[{"count":0,"href":"https:\/\/news.access4you.io\/en\/wp-json\/wp\/v2\/posts\/4769\/revisions"}],"wp:featuredmedia":[{"embeddable":true,"href":"https:\/\/news.access4you.io\/en\/wp-json\/wp\/v2\/media\/4773"}],"wp:attachment":[{"href":"https:\/\/news.access4you.io\/en\/wp-json\/wp\/v2\/media?parent=4769"}],"wp:term":[{"taxonomy":"category","embeddable":true,"href":"https:\/\/news.access4you.io\/en\/wp-json\/wp\/v2\/categories?post=4769"},{"taxonomy":"post_tag","embeddable":true,"href":"https:\/\/news.access4you.io\/en\/wp-json\/wp\/v2\/tags?post=4769"}],"curies":[{"name":"wp","href":"https:\/\/api.w.org\/{rel}","templated":true}]}}