{"id":4822,"date":"2023-11-08T12:27:34","date_gmt":"2023-11-08T12:27:34","guid":{"rendered":"http:\/\/news.access4you.io\/?p=4822"},"modified":"2023-11-08T12:27:35","modified_gmt":"2023-11-08T12:27:35","slug":"rangos-nemzetkozi-dijat-nyert-az-access4you","status":"publish","type":"post","link":"https:\/\/news.access4you.io\/en\/2023\/11\/08\/rangos-nemzetkozi-dijat-nyert-az-access4you\/","title":{"rendered":"Rangos nemzetk\u00f6zi d\u00edjat nyert az Access4you"},"content":{"rendered":"<p><strong>Az Access4you lett a neves eur\u00f3pai szervezet, az EASPD T\u00e1rsadalmi Innov\u00e1ci\u00f3s d\u00edj\u00e1nak egyik idei nyertese. A beny\u00fajtott nevez\u00e9seket azok \u00fajszer\u0171s\u00e9ge \u00e9s a Fogyat\u00e9koss\u00e1ggal \u00e9l\u0151 szem\u00e9lyek jogair\u00f3l sz\u00f3l\u00f3 ENSZ-egyezm\u00e9nynek (CPRD) v\u00e9grehajt\u00e1s\u00e1nak szintje alapj\u00e1n b\u00edr\u00e1lta el a zs\u0171ri. Ez a d\u00edj fontos nemzetk\u00f6zi visszaigazol\u00e1sa annak, hogy az Access4you \u00e1ltal biztos\u00edtott megb\u00edzhat\u00f3 \u00e9s r\u00e9szletes akad\u00e1lymentess\u00e9gi inform\u00e1ci\u00f3k mind a speci\u00e1lis ig\u00e9nnyel \u00e9l\u0151 emberek, mind a c\u00e9gek sz\u00e1m\u00e1ra val\u00f3s el\u0151nyt jelentenek.<\/strong><\/p>\n\n\n\n<p>A Fogyat\u00e9kos Embereknek Szolg\u00e1ltat\u00f3k Eur\u00f3pai Sz\u00f6vets\u00e9ge (EASPD) 2023-ban harmadszor is meghirdette Innov\u00e1ci\u00f3s D\u00edj\u00e1t, ez\u00fattal a t\u00e1rsadalmi \u00faj\u00edt\u00e1sokra helyezve a hangs\u00falyt. A beny\u00fajtott nevez\u00e9seket nemzetk\u00f6zi szak\u00e9rt\u0151kb\u0151l \u00e1ll\u00f3 zs\u0171ri b\u00edr\u00e1lta el az alapj\u00e1n, hogy az adott gyakorlat mennyire el\u0151remutat\u00f3, illetve milyen m\u00e9rt\u00e9kben t\u00e1mogatja a Fogyat\u00e9koss\u00e1ggal \u00e9l\u0151 szem\u00e9lyek jogair\u00f3l sz\u00f3l\u00f3 ENSZ-egyezm\u00e9ny (CPRD) v\u00e9grehajt\u00e1s\u00e1t.<\/p>\n\n\n\n<p>&#8222;K\u00fcldet\u00e9s\u00fcnk \u00e9s munk\u00e1nk fontos nemzetk\u00f6zi elismer\u00e9se ez a d\u00edj, amelyet egy tekint\u00e9lyes eur\u00f3pai szervezet \u00edt\u00e9lt oda nek\u00fcnk. Szil\u00e1rd meggy\u0151z\u0151d\u00e9sem, hogy a fogyat\u00e9koss\u00e1ggal \u00e9l\u0151k (re)integr\u00e1ci\u00f3j\u00e1nak \u00e9s a k\u00f6z\u00f6ss\u00e9gben val\u00f3 r\u00e9szv\u00e9tel\u00e9nek els\u0151 l\u00e9p\u00e9se az akad\u00e1lymentess\u00e9g \u00e9s az err\u0151l sz\u00f3l\u00f3 megb\u00edzhat\u00f3, r\u00e9szletes inform\u00e1ci\u00f3. Ezek n\u00e9lk\u00fcl egyik inkl\u00fazi\u00f3t t\u00e1mogat\u00f3 er\u0151fesz\u00edt\u00e9s sem tud megval\u00f3sulni, ez\u00e9rt ez mind a gazdas\u00e1gi szerepl\u0151k, mind a t\u00e1rsadalom sz\u00e1m\u00e1ra hasznot hoz&#8221; &#8211; mondta Berecz Bal\u00e1zs, az Access4you \u00fcgyvezet\u0151je \u00e9s alap\u00edt\u00f3ja, aki maga is 15 \u00e9ve kerekessz\u00e9kes.<\/p>\n\n\n\n<p>A megb\u00edzhat\u00f3 \u00e9s r\u00e9szletes akad\u00e1lymentess\u00e9gi inform\u00e1ci\u00f3 a mozg\u00e1s-, l\u00e1t\u00e1s-, hall\u00e1s- \u00e9s kognit\u00edv speci\u00e1lis ig\u00e9nnyel \u00e9l\u0151 embereknek \u00e9s csal\u00e1dtagjaiknak seg\u00edt abban, hogy meg tudj\u00e1k tervezni egy sz\u00e1mukra ismeretlen \u00e9p\u00fcletbe val\u00f3 bejut\u00e1st, \u00e9s meg tudj\u00e1k \u00edt\u00e9lni, hogy az ott felmer\u00fcl\u0151 akad\u00e1lyok lek\u00fczdhet\u0151k-e sz\u00e1mukra. A v\u00e1llalkoz\u00e1sok pedig k\u00e9pet kapnak arr\u00f3l, hogy mennyire inkl\u00faz\u00edvak a helysz\u00edneik \u00e9s hogyan fejleszthetik azok akad\u00e1lymentess\u00e9g\u00e9t. Az Access4you adatb\u00e1zis\u00e1ban tal\u00e1lhat\u00f3 akad\u00e1lymentess\u00e9gi inform\u00e1ci\u00f3k azonban nem csak a fogyat\u00e9koss\u00e1ggal \u00e9l\u0151k szem\u00e9lyeknek, hanem mindenkinek el\u0151ny\u00f6sek: a babakocsival k\u00f6zleked\u0151knek, az id\u0151s, mozg\u00e1sukban korl\u00e1tozott emberek \u00e9s a baleset vagy eg\u00e9szs\u00e9g\u00fcgyi okok miatt \u00e1tmenetileg s\u00e9r\u00fclt embereknek, de ak\u00e1r a neh\u00e9z poggy\u00e1szt cipel\u0151knek is.<\/p>\n\n\n\n<p>Az access4you\u00ae nemzetk\u00f6zi tan\u00fas\u00edt\u00f3 v\u00e9djegy biztos\u00edtja, hogy ezeket az inform\u00e1ci\u00f3kat f\u00fcggetlen szak\u00e9rt\u0151k tan\u00fas\u00edtott\u00e1k. Ezek a gyorsan el\u00e9rhet\u0151, harmadik f\u00e9l \u00e1ltal biztos\u00edtott adatok egyszer\u0171en be\u00e9p\u00edthet\u0151k az ESG-jelent\u00e9sekbe is, emellett n\u00f6velheti a v\u00e1llalat ingatlanainak \u00e9rt\u00e9k\u00e9t, \u00e9s val\u00f3di t\u00e1rsadalmi hat\u00e1ssal er\u0151s\u00edtheti a m\u00e1rk\u00e1j\u00e1t.<\/p>\n\n\n\n<p>Renaud Scheuer, az EASPD tud\u00e1s\u00e9rt \u00e9s innov\u00e1ci\u00f3\u00e9rt felel\u0151s vezet\u0151je \u00edgy nyilatkozott: \u201cHa gyorsan akarsz menni, menj egyed\u00fcl. Ha messzire akarsz jutni, menj egy\u00fctt m\u00e1sokkal. Az EASPD ez ut\u00f3bbira t\u00f6rekszik, ez\u00e9rt nagyra \u00e9rt\u00e9kelj\u00fck az egy\u00fcttm\u0171k\u00f6d\u00e9st \u00e9s az egym\u00e1st\u00f3l val\u00f3 tanul\u00e1s lehet\u0151s\u00e9g\u00e9t. Az Access4you munk\u00e1ja t\u00f6k\u00e9letes p\u00e9ld\u00e1ja egy olyan projektnek, amely inspir\u00e1ci\u00f3ul szolg\u00e1l m\u00e1soknak is.&#8221;<\/p>\n\n\n\n<p>Az Access4you 2023-ban lett az EASPD tagja, miut\u00e1n 2022-ben megkezdte nemzetk\u00f6zi terjeszked\u00e9s\u00e9t. Magyarorsz\u00e1g mellett Csehorsz\u00e1gban, Rom\u00e1ni\u00e1ban, Lengyelorsz\u00e1gban \u00e9s Indi\u00e1ban is jelen van akkredit\u00e1lt partnerh\u00e1l\u00f3zata r\u00e9v\u00e9n, emellett m\u00e1r 23 orsz\u00e1gban tal\u00e1lhat\u00f3k Access4you \u00e1ltal felm\u00e9rt helysz\u00ednek.&nbsp;<\/p>\n\n\n\n<p>Az Access4you b\u00fcszke arra, hogy olyan kiemelked\u0151 projektek mellett lehet az EASPD T\u00e1rsadalmi Innov\u00e1ci\u00f3s d\u00edj\u00e1nak egyik nyertese, mint a sk\u00f3ciai Enable, a sv\u00e9d SV &#8211; Studief\u00f6rbundet Vuxenskolan, a g\u00f6r\u00f6g e-Nable, az izraeli Shekulo Tov Group \u00e9s a belga Hubbie.<\/p>\n\n\n\n<p>&#8222;Gratul\u00e1lunk minden nyertesnek \u00e9s minden szervezetnek, amely p\u00e1ly\u00e1zott a d\u00edjra. \u00dagy gondolom, hogy a val\u00f3di nyertesek nem mi vagyunk, hanem a t\u00e1rsadalom&#8221; &#8211; mondta Berecz Bal\u00e1zs. A Fogyat\u00e9kos Embereknek Szolg\u00e1ltat\u00f3k Eur\u00f3pai Sz\u00f6vets\u00e9ge (EASPD), a t\u00f6bb mint 20 000 fogyat\u00e9koss\u00e1ggal \u00e9l\u0151 szem\u00e9lyt t\u00e1mogat\u00f3 szolg\u00e1ltat\u00e1st k\u00e9pvisel Eur\u00f3pa-szerte. Hat\u00e9kony \u00e9s magas sz\u00ednvonal\u00fa szolg\u00e1ltat\u00e1sokkal seg\u00edtik a fogyat\u00e9kos emberek t\u00e1rsadalmi r\u00e9szv\u00e9tel\u00e9nek \u00e9s befogad\u00e1s\u00e1nak megval\u00f3sul\u00e1s\u00e1t. Jelenleg ez az egyik legjelent\u0151sebb nemzetk\u00f6zi szervezet ezen a ter\u00fcleten, tagjaik az Eur\u00f3pa 47 orsz\u00e1g\u00e1t k\u00e9pviselik.<\/p>","protected":false},"excerpt":{"rendered":"<p>Az Access4you lett a neves eur\u00f3pai szervezet, az EASPD T\u00e1rsadalmi Innov\u00e1ci\u00f3s d\u00edj\u00e1nak egyik idei nyertese. A beny\u00fajtott nevez\u00e9seket azok \u00fajszer\u0171s\u00e9ge \u00e9s a Fogyat\u00e9koss\u00e1ggal \u00e9l\u0151 szem\u00e9lyek jogair\u00f3l sz\u00f3l\u00f3 ENSZ-egyezm\u00e9nynek (CPRD) v\u00e9grehajt\u00e1s\u00e1nak szintje alapj\u00e1n b\u00edr\u00e1lta el a zs\u0171ri. Ez a d\u00edj fontos nemzetk\u00f6zi visszaigazol\u00e1sa annak, hogy az Access4you \u00e1ltal biztos\u00edtott megb\u00edzhat\u00f3 \u00e9s r\u00e9szletes akad\u00e1lymentess\u00e9gi inform\u00e1ci\u00f3k mind a [&hellip;]<\/p>","protected":false},"author":1,"featured_media":4820,"comment_status":"closed","ping_status":"closed","sticky":false,"template":"","format":"standard","meta":{"footnotes":""},"categories":[76],"tags":[],"class_list":["post-4822","post","type-post","status-publish","format-standard","has-post-thumbnail","hentry","category-kozlemeny"],"yoast_head":"<!-- This site is optimized with the Yoast SEO plugin v23.8 - https:\/\/yoast.com\/wordpress\/plugins\/seo\/ -->\n<title>Rangos nemzetk\u00f6zi d\u00edjat nyert az Access4you - Access4you H\u00edrek<\/title>\n<meta name=\"description\" content=\"Az Access4you lett a neves eur\u00f3pai szervezet, az EASPD T\u00e1rsadalmi Innov\u00e1ci\u00f3s d\u00edj\u00e1nak egyik idei nyertese. A beny\u00fajtott nevez\u00e9seket azok \u00fajszer\u0171s\u00e9ge \u00e9s a Fogyat\u00e9koss\u00e1ggal \u00e9l\u0151 szem\u00e9lyek jogair\u00f3l sz\u00f3l\u00f3 ENSZ-egyezm\u00e9nynek (CPRD) v\u00e9grehajt\u00e1s\u00e1nak szintje alapj\u00e1n b\u00edr\u00e1lta el a zs\u0171ri. Ez a d\u00edj fontos nemzetk\u00f6zi visszaigazol\u00e1sa annak, hogy az Access4you \u00e1ltal biztos\u00edtott megb\u00edzhat\u00f3 \u00e9s r\u00e9szletes akad\u00e1lymentess\u00e9gi inform\u00e1ci\u00f3k mind a speci\u00e1lis ig\u00e9nnyel \u00e9l\u0151 emberek, mind a c\u00e9gek sz\u00e1m\u00e1ra val\u00f3s el\u0151nyt jelentenek.\" \/>\n<meta name=\"robots\" content=\"index, follow, max-snippet:-1, max-image-preview:large, max-video-preview:-1\" \/>\n<link rel=\"canonical\" href=\"https:\/\/news.access4you.io\/en\/2023\/11\/08\/rangos-nemzetkozi-dijat-nyert-az-access4you\/\" \/>\n<meta property=\"og:locale\" content=\"en_US\" \/>\n<meta property=\"og:type\" content=\"article\" \/>\n<meta property=\"og:title\" content=\"Rangos nemzetk\u00f6zi d\u00edjat nyert az Access4you - Access4you H\u00edrek\" \/>\n<meta property=\"og:description\" content=\"Az Access4you lett a neves eur\u00f3pai szervezet, az EASPD T\u00e1rsadalmi Innov\u00e1ci\u00f3s d\u00edj\u00e1nak egyik idei nyertese. A beny\u00fajtott nevez\u00e9seket azok \u00fajszer\u0171s\u00e9ge \u00e9s a Fogyat\u00e9koss\u00e1ggal \u00e9l\u0151 szem\u00e9lyek jogair\u00f3l sz\u00f3l\u00f3 ENSZ-egyezm\u00e9nynek (CPRD) v\u00e9grehajt\u00e1s\u00e1nak szintje alapj\u00e1n b\u00edr\u00e1lta el a zs\u0171ri. Ez a d\u00edj fontos nemzetk\u00f6zi visszaigazol\u00e1sa annak, hogy az Access4you \u00e1ltal biztos\u00edtott megb\u00edzhat\u00f3 \u00e9s r\u00e9szletes akad\u00e1lymentess\u00e9gi inform\u00e1ci\u00f3k mind a speci\u00e1lis ig\u00e9nnyel \u00e9l\u0151 emberek, mind a c\u00e9gek sz\u00e1m\u00e1ra val\u00f3s el\u0151nyt jelentenek.\" \/>\n<meta property=\"og:url\" content=\"https:\/\/news.access4you.io\/en\/2023\/11\/08\/rangos-nemzetkozi-dijat-nyert-az-access4you\/\" \/>\n<meta property=\"og:site_name\" content=\"Access4you H\u00edrek\" \/>\n<meta property=\"article:published_time\" content=\"2023-11-08T12:27:34+00:00\" \/>\n<meta property=\"article:modified_time\" content=\"2023-11-08T12:27:35+00:00\" \/>\n<meta property=\"og:image\" content=\"https:\/\/news.access4you.io\/wp-content\/uploads\/2023\/11\/easpd1-scaled.jpg\" \/>\n\t<meta property=\"og:image:width\" content=\"2560\" \/>\n\t<meta property=\"og:image:height\" content=\"1920\" \/>\n\t<meta property=\"og:image:type\" content=\"image\/jpeg\" \/>\n<meta name=\"author\" content=\"access4you\" \/>\n<meta name=\"twitter:card\" content=\"summary_large_image\" \/>\n<meta name=\"twitter:label1\" content=\"Written by\" \/>\n\t<meta name=\"twitter:data1\" content=\"access4you\" \/>\n\t<meta name=\"twitter:label2\" content=\"Est. reading time\" \/>\n\t<meta name=\"twitter:data2\" content=\"3 minutes\" \/>\n<script type=\"application\/ld+json\" class=\"yoast-schema-graph\">{\"@context\":\"https:\/\/schema.org\",\"@graph\":[{\"@type\":\"Article\",\"@id\":\"https:\/\/news.access4you.io\/2023\/11\/08\/rangos-nemzetkozi-dijat-nyert-az-access4you\/#article\",\"isPartOf\":{\"@id\":\"https:\/\/news.access4you.io\/2023\/11\/08\/rangos-nemzetkozi-dijat-nyert-az-access4you\/\"},\"author\":{\"name\":\"access4you\",\"@id\":\"https:\/\/news.access4you.io\/#\/schema\/person\/cb4fff088aa5f5f43a6f4ce3a1e2e084\"},\"headline\":\"Rangos nemzetk\u00f6zi d\u00edjat nyert az Access4you\",\"datePublished\":\"2023-11-08T12:27:34+00:00\",\"dateModified\":\"2023-11-08T12:27:35+00:00\",\"mainEntityOfPage\":{\"@id\":\"https:\/\/news.access4you.io\/2023\/11\/08\/rangos-nemzetkozi-dijat-nyert-az-access4you\/\"},\"wordCount\":884,\"publisher\":{\"@id\":\"https:\/\/news.access4you.io\/#organization\"},\"image\":{\"@id\":\"https:\/\/news.access4you.io\/2023\/11\/08\/rangos-nemzetkozi-dijat-nyert-az-access4you\/#primaryimage\"},\"thumbnailUrl\":\"https:\/\/news.access4you.io\/wp-content\/uploads\/2023\/11\/easpd1-scaled.jpg\",\"articleSection\":[\"K\u00f6zlem\u00e9ny\"],\"inLanguage\":\"en-US\"},{\"@type\":\"WebPage\",\"@id\":\"https:\/\/news.access4you.io\/2023\/11\/08\/rangos-nemzetkozi-dijat-nyert-az-access4you\/\",\"url\":\"https:\/\/news.access4you.io\/2023\/11\/08\/rangos-nemzetkozi-dijat-nyert-az-access4you\/\",\"name\":\"Rangos nemzetk\u00f6zi d\u00edjat nyert az Access4you - Access4you H\u00edrek\",\"isPartOf\":{\"@id\":\"https:\/\/news.access4you.io\/#website\"},\"primaryImageOfPage\":{\"@id\":\"https:\/\/news.access4you.io\/2023\/11\/08\/rangos-nemzetkozi-dijat-nyert-az-access4you\/#primaryimage\"},\"image\":{\"@id\":\"https:\/\/news.access4you.io\/2023\/11\/08\/rangos-nemzetkozi-dijat-nyert-az-access4you\/#primaryimage\"},\"thumbnailUrl\":\"https:\/\/news.access4you.io\/wp-content\/uploads\/2023\/11\/easpd1-scaled.jpg\",\"datePublished\":\"2023-11-08T12:27:34+00:00\",\"dateModified\":\"2023-11-08T12:27:35+00:00\",\"description\":\"Az Access4you lett a neves eur\u00f3pai szervezet, az EASPD T\u00e1rsadalmi Innov\u00e1ci\u00f3s d\u00edj\u00e1nak egyik idei nyertese. A beny\u00fajtott nevez\u00e9seket azok \u00fajszer\u0171s\u00e9ge \u00e9s a Fogyat\u00e9koss\u00e1ggal \u00e9l\u0151 szem\u00e9lyek jogair\u00f3l sz\u00f3l\u00f3 ENSZ-egyezm\u00e9nynek (CPRD) v\u00e9grehajt\u00e1s\u00e1nak szintje alapj\u00e1n b\u00edr\u00e1lta el a zs\u0171ri. Ez a d\u00edj fontos nemzetk\u00f6zi visszaigazol\u00e1sa annak, hogy az Access4you \u00e1ltal biztos\u00edtott megb\u00edzhat\u00f3 \u00e9s r\u00e9szletes akad\u00e1lymentess\u00e9gi inform\u00e1ci\u00f3k mind a speci\u00e1lis ig\u00e9nnyel \u00e9l\u0151 emberek, mind a c\u00e9gek sz\u00e1m\u00e1ra val\u00f3s el\u0151nyt jelentenek.\",\"breadcrumb\":{\"@id\":\"https:\/\/news.access4you.io\/2023\/11\/08\/rangos-nemzetkozi-dijat-nyert-az-access4you\/#breadcrumb\"},\"inLanguage\":\"en-US\",\"potentialAction\":[{\"@type\":\"ReadAction\",\"target\":[\"https:\/\/news.access4you.io\/2023\/11\/08\/rangos-nemzetkozi-dijat-nyert-az-access4you\/\"]}]},{\"@type\":\"ImageObject\",\"inLanguage\":\"en-US\",\"@id\":\"https:\/\/news.access4you.io\/2023\/11\/08\/rangos-nemzetkozi-dijat-nyert-az-access4you\/#primaryimage\",\"url\":\"https:\/\/news.access4you.io\/wp-content\/uploads\/2023\/11\/easpd1-scaled.jpg\",\"contentUrl\":\"https:\/\/news.access4you.io\/wp-content\/uploads\/2023\/11\/easpd1-scaled.jpg\",\"width\":2560,\"height\":1920,\"caption\":\"Access4you's team holding the award at EASPD conference\"},{\"@type\":\"BreadcrumbList\",\"@id\":\"https:\/\/news.access4you.io\/2023\/11\/08\/rangos-nemzetkozi-dijat-nyert-az-access4you\/#breadcrumb\",\"itemListElement\":[{\"@type\":\"ListItem\",\"position\":1,\"name\":\"Kezd\u0151lap\",\"item\":\"https:\/\/news.access4you.io\/\"},{\"@type\":\"ListItem\",\"position\":2,\"name\":\"Rangos nemzetk\u00f6zi d\u00edjat nyert az Access4you\"}]},{\"@type\":\"WebSite\",\"@id\":\"https:\/\/news.access4you.io\/#website\",\"url\":\"https:\/\/news.access4you.io\/\",\"name\":\"Access4you H\u00edrek\",\"description\":\"\",\"publisher\":{\"@id\":\"https:\/\/news.access4you.io\/#organization\"},\"potentialAction\":[{\"@type\":\"SearchAction\",\"target\":{\"@type\":\"EntryPoint\",\"urlTemplate\":\"https:\/\/news.access4you.io\/?s={search_term_string}\"},\"query-input\":{\"@type\":\"PropertyValueSpecification\",\"valueRequired\":true,\"valueName\":\"search_term_string\"}}],\"inLanguage\":\"en-US\"},{\"@type\":\"Organization\",\"@id\":\"https:\/\/news.access4you.io\/#organization\",\"name\":\"Access4you H\u00edrek\",\"url\":\"https:\/\/news.access4you.io\/\",\"logo\":{\"@type\":\"ImageObject\",\"inLanguage\":\"en-US\",\"@id\":\"https:\/\/news.access4you.io\/#\/schema\/logo\/image\/\",\"url\":\"https:\/\/news.access4you.io\/wp-content\/uploads\/2021\/01\/a4u-logo-black.png\",\"contentUrl\":\"https:\/\/news.access4you.io\/wp-content\/uploads\/2021\/01\/a4u-logo-black.png\",\"width\":726,\"height\":454,\"caption\":\"Access4you H\u00edrek\"},\"image\":{\"@id\":\"https:\/\/news.access4you.io\/#\/schema\/logo\/image\/\"}},{\"@type\":\"Person\",\"@id\":\"https:\/\/news.access4you.io\/#\/schema\/person\/cb4fff088aa5f5f43a6f4ce3a1e2e084\",\"name\":\"access4you\",\"image\":{\"@type\":\"ImageObject\",\"inLanguage\":\"en-US\",\"@id\":\"https:\/\/news.access4you.io\/#\/schema\/person\/image\/\",\"url\":\"https:\/\/secure.gravatar.com\/avatar\/9795a8b3afc7ed258d167a92dbb1075b37bab5bc83b1ac9182ff4f58c22040b8?s=96&d=mm&r=g\",\"contentUrl\":\"https:\/\/secure.gravatar.com\/avatar\/9795a8b3afc7ed258d167a92dbb1075b37bab5bc83b1ac9182ff4f58c22040b8?s=96&d=mm&r=g\",\"caption\":\"access4you\"},\"sameAs\":[\"http:\/\/localhost\/access4you\"],\"url\":\"https:\/\/news.access4you.io\/en\/author\/access4you\/\"}]}<\/script>\n<!-- \/ Yoast SEO plugin. -->","yoast_head_json":{"title":"Rangos nemzetk\u00f6zi d\u00edjat nyert az Access4you - Access4you H\u00edrek","description":"Az Access4you lett a neves eur\u00f3pai szervezet, az EASPD T\u00e1rsadalmi Innov\u00e1ci\u00f3s d\u00edj\u00e1nak egyik idei nyertese. A beny\u00fajtott nevez\u00e9seket azok \u00fajszer\u0171s\u00e9ge \u00e9s a Fogyat\u00e9koss\u00e1ggal \u00e9l\u0151 szem\u00e9lyek jogair\u00f3l sz\u00f3l\u00f3 ENSZ-egyezm\u00e9nynek (CPRD) v\u00e9grehajt\u00e1s\u00e1nak szintje alapj\u00e1n b\u00edr\u00e1lta el a zs\u0171ri. Ez a d\u00edj fontos nemzetk\u00f6zi visszaigazol\u00e1sa annak, hogy az Access4you \u00e1ltal biztos\u00edtott megb\u00edzhat\u00f3 \u00e9s r\u00e9szletes akad\u00e1lymentess\u00e9gi inform\u00e1ci\u00f3k mind a speci\u00e1lis ig\u00e9nnyel \u00e9l\u0151 emberek, mind a c\u00e9gek sz\u00e1m\u00e1ra val\u00f3s el\u0151nyt jelentenek.","robots":{"index":"index","follow":"follow","max-snippet":"max-snippet:-1","max-image-preview":"max-image-preview:large","max-video-preview":"max-video-preview:-1"},"canonical":"https:\/\/news.access4you.io\/en\/2023\/11\/08\/rangos-nemzetkozi-dijat-nyert-az-access4you\/","og_locale":"en_US","og_type":"article","og_title":"Rangos nemzetk\u00f6zi d\u00edjat nyert az Access4you - Access4you H\u00edrek","og_description":"Az Access4you lett a neves eur\u00f3pai szervezet, az EASPD T\u00e1rsadalmi Innov\u00e1ci\u00f3s d\u00edj\u00e1nak egyik idei nyertese. A beny\u00fajtott nevez\u00e9seket azok \u00fajszer\u0171s\u00e9ge \u00e9s a Fogyat\u00e9koss\u00e1ggal \u00e9l\u0151 szem\u00e9lyek jogair\u00f3l sz\u00f3l\u00f3 ENSZ-egyezm\u00e9nynek (CPRD) v\u00e9grehajt\u00e1s\u00e1nak szintje alapj\u00e1n b\u00edr\u00e1lta el a zs\u0171ri. Ez a d\u00edj fontos nemzetk\u00f6zi visszaigazol\u00e1sa annak, hogy az Access4you \u00e1ltal biztos\u00edtott megb\u00edzhat\u00f3 \u00e9s r\u00e9szletes akad\u00e1lymentess\u00e9gi inform\u00e1ci\u00f3k mind a speci\u00e1lis ig\u00e9nnyel \u00e9l\u0151 emberek, mind a c\u00e9gek sz\u00e1m\u00e1ra val\u00f3s el\u0151nyt jelentenek.","og_url":"https:\/\/news.access4you.io\/en\/2023\/11\/08\/rangos-nemzetkozi-dijat-nyert-az-access4you\/","og_site_name":"Access4you H\u00edrek","article_published_time":"2023-11-08T12:27:34+00:00","article_modified_time":"2023-11-08T12:27:35+00:00","og_image":[{"width":2560,"height":1920,"url":"https:\/\/news.access4you.io\/wp-content\/uploads\/2023\/11\/easpd1-scaled.jpg","type":"image\/jpeg"}],"author":"access4you","twitter_card":"summary_large_image","twitter_misc":{"Written by":"access4you","Est. reading time":"3 minutes"},"schema":{"@context":"https:\/\/schema.org","@graph":[{"@type":"Article","@id":"https:\/\/news.access4you.io\/2023\/11\/08\/rangos-nemzetkozi-dijat-nyert-az-access4you\/#article","isPartOf":{"@id":"https:\/\/news.access4you.io\/2023\/11\/08\/rangos-nemzetkozi-dijat-nyert-az-access4you\/"},"author":{"name":"access4you","@id":"https:\/\/news.access4you.io\/#\/schema\/person\/cb4fff088aa5f5f43a6f4ce3a1e2e084"},"headline":"Rangos nemzetk\u00f6zi d\u00edjat nyert az Access4you","datePublished":"2023-11-08T12:27:34+00:00","dateModified":"2023-11-08T12:27:35+00:00","mainEntityOfPage":{"@id":"https:\/\/news.access4you.io\/2023\/11\/08\/rangos-nemzetkozi-dijat-nyert-az-access4you\/"},"wordCount":884,"publisher":{"@id":"https:\/\/news.access4you.io\/#organization"},"image":{"@id":"https:\/\/news.access4you.io\/2023\/11\/08\/rangos-nemzetkozi-dijat-nyert-az-access4you\/#primaryimage"},"thumbnailUrl":"https:\/\/news.access4you.io\/wp-content\/uploads\/2023\/11\/easpd1-scaled.jpg","articleSection":["K\u00f6zlem\u00e9ny"],"inLanguage":"en-US"},{"@type":"WebPage","@id":"https:\/\/news.access4you.io\/2023\/11\/08\/rangos-nemzetkozi-dijat-nyert-az-access4you\/","url":"https:\/\/news.access4you.io\/2023\/11\/08\/rangos-nemzetkozi-dijat-nyert-az-access4you\/","name":"Rangos nemzetk\u00f6zi d\u00edjat nyert az Access4you - Access4you H\u00edrek","isPartOf":{"@id":"https:\/\/news.access4you.io\/#website"},"primaryImageOfPage":{"@id":"https:\/\/news.access4you.io\/2023\/11\/08\/rangos-nemzetkozi-dijat-nyert-az-access4you\/#primaryimage"},"image":{"@id":"https:\/\/news.access4you.io\/2023\/11\/08\/rangos-nemzetkozi-dijat-nyert-az-access4you\/#primaryimage"},"thumbnailUrl":"https:\/\/news.access4you.io\/wp-content\/uploads\/2023\/11\/easpd1-scaled.jpg","datePublished":"2023-11-08T12:27:34+00:00","dateModified":"2023-11-08T12:27:35+00:00","description":"Az Access4you lett a neves eur\u00f3pai szervezet, az EASPD T\u00e1rsadalmi Innov\u00e1ci\u00f3s d\u00edj\u00e1nak egyik idei nyertese. A beny\u00fajtott nevez\u00e9seket azok \u00fajszer\u0171s\u00e9ge \u00e9s a Fogyat\u00e9koss\u00e1ggal \u00e9l\u0151 szem\u00e9lyek jogair\u00f3l sz\u00f3l\u00f3 ENSZ-egyezm\u00e9nynek (CPRD) v\u00e9grehajt\u00e1s\u00e1nak szintje alapj\u00e1n b\u00edr\u00e1lta el a zs\u0171ri. Ez a d\u00edj fontos nemzetk\u00f6zi visszaigazol\u00e1sa annak, hogy az Access4you \u00e1ltal biztos\u00edtott megb\u00edzhat\u00f3 \u00e9s r\u00e9szletes akad\u00e1lymentess\u00e9gi inform\u00e1ci\u00f3k mind a speci\u00e1lis ig\u00e9nnyel \u00e9l\u0151 emberek, mind a c\u00e9gek sz\u00e1m\u00e1ra val\u00f3s el\u0151nyt jelentenek.","breadcrumb":{"@id":"https:\/\/news.access4you.io\/2023\/11\/08\/rangos-nemzetkozi-dijat-nyert-az-access4you\/#breadcrumb"},"inLanguage":"en-US","potentialAction":[{"@type":"ReadAction","target":["https:\/\/news.access4you.io\/2023\/11\/08\/rangos-nemzetkozi-dijat-nyert-az-access4you\/"]}]},{"@type":"ImageObject","inLanguage":"en-US","@id":"https:\/\/news.access4you.io\/2023\/11\/08\/rangos-nemzetkozi-dijat-nyert-az-access4you\/#primaryimage","url":"https:\/\/news.access4you.io\/wp-content\/uploads\/2023\/11\/easpd1-scaled.jpg","contentUrl":"https:\/\/news.access4you.io\/wp-content\/uploads\/2023\/11\/easpd1-scaled.jpg","width":2560,"height":1920,"caption":"Access4you's team holding the award at EASPD conference"},{"@type":"BreadcrumbList","@id":"https:\/\/news.access4you.io\/2023\/11\/08\/rangos-nemzetkozi-dijat-nyert-az-access4you\/#breadcrumb","itemListElement":[{"@type":"ListItem","position":1,"name":"Kezd\u0151lap","item":"https:\/\/news.access4you.io\/"},{"@type":"ListItem","position":2,"name":"Rangos nemzetk\u00f6zi d\u00edjat nyert az Access4you"}]},{"@type":"WebSite","@id":"https:\/\/news.access4you.io\/#website","url":"https:\/\/news.access4you.io\/","name":"Access4you H\u00edrek","description":"","publisher":{"@id":"https:\/\/news.access4you.io\/#organization"},"potentialAction":[{"@type":"SearchAction","target":{"@type":"EntryPoint","urlTemplate":"https:\/\/news.access4you.io\/?s={search_term_string}"},"query-input":{"@type":"PropertyValueSpecification","valueRequired":true,"valueName":"search_term_string"}}],"inLanguage":"en-US"},{"@type":"Organization","@id":"https:\/\/news.access4you.io\/#organization","name":"Access4you H\u00edrek","url":"https:\/\/news.access4you.io\/","logo":{"@type":"ImageObject","inLanguage":"en-US","@id":"https:\/\/news.access4you.io\/#\/schema\/logo\/image\/","url":"https:\/\/news.access4you.io\/wp-content\/uploads\/2021\/01\/a4u-logo-black.png","contentUrl":"https:\/\/news.access4you.io\/wp-content\/uploads\/2021\/01\/a4u-logo-black.png","width":726,"height":454,"caption":"Access4you H\u00edrek"},"image":{"@id":"https:\/\/news.access4you.io\/#\/schema\/logo\/image\/"}},{"@type":"Person","@id":"https:\/\/news.access4you.io\/#\/schema\/person\/cb4fff088aa5f5f43a6f4ce3a1e2e084","name":"access4you","image":{"@type":"ImageObject","inLanguage":"en-US","@id":"https:\/\/news.access4you.io\/#\/schema\/person\/image\/","url":"https:\/\/secure.gravatar.com\/avatar\/9795a8b3afc7ed258d167a92dbb1075b37bab5bc83b1ac9182ff4f58c22040b8?s=96&d=mm&r=g","contentUrl":"https:\/\/secure.gravatar.com\/avatar\/9795a8b3afc7ed258d167a92dbb1075b37bab5bc83b1ac9182ff4f58c22040b8?s=96&d=mm&r=g","caption":"access4you"},"sameAs":["http:\/\/localhost\/access4you"],"url":"https:\/\/news.access4you.io\/en\/author\/access4you\/"}]}},"_links":{"self":[{"href":"https:\/\/news.access4you.io\/en\/wp-json\/wp\/v2\/posts\/4822","targetHints":{"allow":["GET"]}}],"collection":[{"href":"https:\/\/news.access4you.io\/en\/wp-json\/wp\/v2\/posts"}],"about":[{"href":"https:\/\/news.access4you.io\/en\/wp-json\/wp\/v2\/types\/post"}],"author":[{"embeddable":true,"href":"https:\/\/news.access4you.io\/en\/wp-json\/wp\/v2\/users\/1"}],"replies":[{"embeddable":true,"href":"https:\/\/news.access4you.io\/en\/wp-json\/wp\/v2\/comments?post=4822"}],"version-history":[{"count":0,"href":"https:\/\/news.access4you.io\/en\/wp-json\/wp\/v2\/posts\/4822\/revisions"}],"wp:featuredmedia":[{"embeddable":true,"href":"https:\/\/news.access4you.io\/en\/wp-json\/wp\/v2\/media\/4820"}],"wp:attachment":[{"href":"https:\/\/news.access4you.io\/en\/wp-json\/wp\/v2\/media?parent=4822"}],"wp:term":[{"taxonomy":"category","embeddable":true,"href":"https:\/\/news.access4you.io\/en\/wp-json\/wp\/v2\/categories?post=4822"},{"taxonomy":"post_tag","embeddable":true,"href":"https:\/\/news.access4you.io\/en\/wp-json\/wp\/v2\/tags?post=4822"}],"curies":[{"name":"wp","href":"https:\/\/api.w.org\/{rel}","templated":true}]}}